{"id":89885,"date":"2025-07-01T11:01:09","date_gmt":"2025-07-01T09:01:09","guid":{"rendered":"https:\/\/conversesacatalunya.cat\/?p=89885"},"modified":"2025-07-01T12:42:56","modified_gmt":"2025-07-01T10:42:56","slug":"la-grave-crisis-institucional-espanola-las-elecciones-no-bastan","status":"publish","type":"post","link":"https:\/\/conversesacatalunya.cat\/es\/la-grave-crisis-institucional-espanola-las-elecciones-no-bastan\/","title":{"rendered":"La grave crisis institucional espa\u00f1ola. Las elecciones no bastan"},"content":{"rendered":"<p>Por su inter\u00e9s en cuanto al razonamiento que utilizan, reproducimos la declaraci\u00f3n de la Corriente Social Cristiana sobre la actual crisis pol\u00edticas.<\/p>\n<p>Coinciden en la necesidad de convocar ahora unas elecciones, y fundamentan el hecho en la p\u00e9rdida\u00a0 de legitimidad del Gobierno S\u00e1nchez para seguir gobernado sin un refrendo de los votos. Al mismo tiempo, se\u00f1alan que ni tan solo esto basta para un proceso real de regeneraci\u00f3n pol\u00edtica, sino que proclama la necesidad de una presencia organizada de la sociedad civil m\u00e1s all\u00e1 del juego de partidos.<\/p>\n<p>En este enfoque, las elecciones son la condici\u00f3n necesaria y el inicio de algo, pero solo se alcanzar\u00eda la suficiencia si los ciudadanos se organizaran c\u00edvicamente y al margen de los partidos para impulsar medidas de regeneraci\u00f3n.<\/p>\n<h4><strong>Corriente Social Cristiana. Declaraci\u00f3n<\/strong><\/h4>\n<h5><strong>Ante la crisis institucional: elecciones y regeneraci\u00f3n pol\u00edtica ya.<\/strong><\/h5>\n<ol>\n<li>Espa\u00f1a atraviesa una crisis institucional sin precedentes, profunda y sist\u00e9mica. No es una crisis m\u00e1s, sino una acumulaci\u00f3n de ellas, que afecta a las instituciones fundamentales del sistema democr\u00e1tico, incluidos el Parlamento, el Gobierno y los partidos pol\u00edticos.<\/li>\n<li>El PSOE, junto a los partidos que apoyaron la investidura del presidente S\u00e1nchez, se encuentra inmerso en una p\u00e9rdida de legitimidad que bloquea la alternancia democr\u00e1tica. Se ha impuesto la l\u00f3gica del poder a toda costa: se niega el derecho a que la oposici\u00f3n pueda sea alternativa de gobierno. Esta negaci\u00f3n erosiona el fundamento mismo del parlamentarismo y convierte a la pol\u00edtica que se practica y a la partitocracia en un problema grave, como vienen se\u00f1alando las encuestas desde hace a\u00f1os.<\/li>\n<li>La corrupci\u00f3n ha penetrado en las instituciones del Estado: ministerios, empresas p\u00fablicas y otras entidades clave est\u00e1n bajo sospecha. Las responsabilidades pol\u00edticas, aunque diversas, son generalizadas. El <strong>Gobierno, en su conjunto, ha fracasado en preservar la integridad del sistema<\/strong>.<\/li>\n<li>Este deterioro tambi\u00e9n revela las <strong>deficiencias espec\u00edficas del sistema constitucional espa\u00f1ol<\/strong>. La moci\u00f3n de censura es, en la pr\u00e1ctica, una investidura alternativa y no una herramienta efectiva de control del poder. La moci\u00f3n de confianza depende del propio presidente. Y el jefe del Estado carece de funciones moderadoras eficaces. Este dise\u00f1o institucional, aceptable durante la Transici\u00f3n, hoy representa una concentraci\u00f3n <strong>excesiva de poder en el Ejecutivo<\/strong>, con ciudadanos desprotegidos ante su incompetencia o la ineficacia del Gobierno.<\/li>\n<li><strong>Exigir elecciones<\/strong> no implica acusar personalmente al presidente S\u00e1nchez de corrupci\u00f3n, sino subrayar <strong>su incapacidad para ejercer su deber de vigilancia<\/strong>. No haber sabido, durante a\u00f1os, lo que suced\u00eda en su partido y su gobierno, revelando una ceguera pol\u00edtica incompatible con el cargo. Gobernar exige saber, prever, <strong>vigilar<\/strong> y actuar.<\/li>\n<li>La reiterada defensa victimista del presidente \u2014como expres\u00f3 en su intervenci\u00f3n del 17 de junio\u2014 refleja una <strong>lectura distorsionada de la realidad<\/strong>. Pretender exculparse a s\u00ed mismo, como si bastara con no haber sabido nada, <strong>es inadmisible<\/strong> en cualquier profesional y a\u00fan menos en quien ostenta la jefatura del Gobierno. Adem\u00e1s, su tendencia a interpretar las informaciones sobre presuntas corrupciones como ataques personales muestra un sesgo preocupante: una distorsi\u00f3n de la realidad que <strong>le impide diferenciar entre hechos solventes y conspiraciones imaginadas<\/strong>. Esta actitud, m\u00e1s que protegerlo, debilita su capacidad para ejercer el poder con lucidez y responsabilidad.<\/li>\n<li>Por todo ello, el presidente debe <strong>someterse al juicio de las urnas. No puede seguir gobernando sin legitimidad renovada<\/strong>. Convocar elecciones no es un gesto de debilidad, sino una obligaci\u00f3n democr\u00e1tica ineludible.<\/li>\n<li><strong>Esta crisis tambi\u00e9n afecta gravemente a Catalu\u00f1a<\/strong>. Su autogobierno ha quedado subordinado a la direcci\u00f3n del PSOE y a la figura del presidente del Gobierno, algo sin precedentes. Incluso los anteriores presidentes socialistas de la Generalitat mantuvieron su independencia institucional. Hoy, el <strong>Parlament y el Govern sufren la misma par\u00e1lisis y deslegitimaci\u00f3n<\/strong>.<\/li>\n<li>Necesitamos <strong>una regeneraci\u00f3n moral<\/strong> y pol\u00edtica profunda. Y esta comienza \u2014ni mucho menos termina\u2014 con unas elecciones. Pero sobre todo se inicia en una respuesta c\u00edvica organizada, <strong>un estallido c\u00edvic<\/strong>o, para poner fin a la corrupci\u00f3n y a la partitocracia, que son dos caras de una misma moneda, que tiene derecho a acudir si es necesario <strong>a la insumisi\u00f3n civil<\/strong>.<\/li>\n<li>Los <strong>cristianos<\/strong>, tanto de fe como de cultura, tenemos una responsabilidad especial. La Doctrina Social de la Iglesia afirma que la corrupci\u00f3n es \u201cuno de los signos m\u00e1s graves de la decadencia moral\u201d (n.\u00ba 411), y el Catecismo condena claramente el fraude, los sobornos y el enriquecimiento il\u00edcito, que violan el s\u00e9ptimo mandamiento. Adem\u00e1s, se\u00f1ala que la autoridad solo es leg\u00edtima si se orienta al bien com\u00fan (n.\u00ba 1903). La corrupci\u00f3n no solo destruye la justicia: <strong>disuelve la legitimidad misma del poder<\/strong>.<\/li>\n<\/ol>\n<ol start=\"11\">\n<li>Por estas razones, <strong>llamamos a todos los cristianos y a todas las personas de buena voluntad a organizarse<\/strong>. Es hora de exigir elecciones inmediatas, una verdadera regeneraci\u00f3n institucional y la reforma de un sistema pol\u00edtico que ha dejado de servir a la ciudadan\u00eda.<\/li>\n<\/ol>\n<p><em>Si quieres aunar esfuerzos y contribuir a un estallido ciudadano por la regeneraci\u00f3n pol\u00edtica<\/em><\/p>\n<p><em>Difunde este mensaje<\/em><\/p>\n<p><em>Organiza un grupo en tu entorno<\/em><\/p>\n<p><em>Conecta con nosotros. <a href=\"mailto:info@elcorrent.org\" target=\"_blank\" rel=\"noopener\">info@elcorrent.org<\/a>\u00a0<\/em><\/p>\n<p><strong><a href=\"https:\/\/elcorrent.org\/es\/declaracion-de-la-corriente-social-cristiana-ante-la-crisis-institucional-elecciones-y-regeneracion-politica-ya\/\" target=\"_blank\" rel=\"noopener\">https:\/\/elcorrent.org\/es\/declaracion-de-la-corriente-social-cristiana-ante-la-crisis-institucional-elecciones-y-regeneracion-politica-ya\/<\/a><\/strong><\/p>\n<span class='bctt-click-to-tweet'><span class='bctt-ctt-text'><a href='https:\/\/twitter.com\/intent\/tweet?url=https%3A%2F%2Fconversesacatalunya.cat%2Fes%2Fla-grave-crisis-institucional-espanola-las-elecciones-no-bastan%2F&#038;text=Las%20elecciones%20son%20la%20condici%C3%B3n%20necesaria%20y%20el%20inicio%20de%20algo%2C%20pero%20solo%20se%20alcanzar%C3%ADa%20la%20suficiencia%20si%20los%20ciudadanos%20se%20organizaran%20c%C3%ADvicamente%20y%20al%20margen%20de%20los%20partidos%20para%20impulsar%20medidas%20de%20regeneraci%C3%B3n&#038;via=conversesacat&#038;related=conversesacat' target='_blank'rel=\"noopener noreferrer\">Las elecciones son la condici\u00f3n necesaria y el inicio de algo, pero solo se alcanzar\u00eda la suficiencia si los ciudadanos se organizaran c\u00edvicamente y al margen de los partidos para impulsar medidas de regeneraci\u00f3n <\/a><\/span><a href='https:\/\/twitter.com\/intent\/tweet?url=https%3A%2F%2Fconversesacatalunya.cat%2Fes%2Fla-grave-crisis-institucional-espanola-las-elecciones-no-bastan%2F&#038;text=Las%20elecciones%20son%20la%20condici%C3%B3n%20necesaria%20y%20el%20inicio%20de%20algo%2C%20pero%20solo%20se%20alcanzar%C3%ADa%20la%20suficiencia%20si%20los%20ciudadanos%20se%20organizaran%20c%C3%ADvicamente%20y%20al%20margen%20de%20los%20partidos%20para%20impulsar%20medidas%20de%20regeneraci%C3%B3n&#038;via=conversesacat&#038;related=conversesacat' target='_blank' class='bctt-ctt-btn'rel=\"noopener noreferrer\">Compartir en X<\/a><\/span>\n<div id=\"polls-290\" class=\"wp-polls\">\n\t<form id=\"polls_form_290\" class=\"wp-polls-form\" action=\"\/index.php\" method=\"post\">\n\t\t<p style=\"display: none;\"><input type=\"hidden\" id=\"poll_290_nonce\" name=\"wp-polls-nonce\" value=\"714ecb122c\" \/><\/p>\n\t\t<p style=\"display: none;\"><input type=\"hidden\" name=\"poll_id\" value=\"290\" \/><\/p>\n\t\t<p style=\"text-align: center\"><strong>Creus que l'entrada a pres\u00f3 provisional de Santos Cerd\u00e1n tindr\u00e0 conseq\u00fc\u00e8ncies dins del PSOE?<\/strong><\/p><div id=\"polls-290-ans\" class=\"wp-polls-ans\"><ul class=\"wp-polls-ul\">\n\t\t<li><input type=\"radio\" id=\"poll-answer-827\" name=\"poll_290\" value=\"827\" \/> <label for=\"poll-answer-827\">S\u00ed<\/label><\/li>\n\t\t<li><input type=\"radio\" id=\"poll-answer-828\" name=\"poll_290\" value=\"828\" \/> <label for=\"poll-answer-828\">No<\/label><\/li>\n\t\t<li><input type=\"radio\" id=\"poll-answer-829\" name=\"poll_290\" value=\"829\" \/> <label for=\"poll-answer-829\">No ho s\u00e9<\/label><\/li>\n\t\t<\/ul><p style=\"text-align: center\"><input type=\"button\" name=\"vote\" value=\"   Vota   \" class=\"Buttons\" onclick=\"poll_vote(290);\" \/><\/p><p style=\"text-align: center\"><a href=\"#ViewPollResults\" onclick=\"poll_result(290); return false;\" title=\"View Results Of This Poll\">Mira els resultats<\/a><\/p><\/div>\n\t<\/form>\n<\/div>\n<div id=\"polls-290-loading\" class=\"wp-polls-loading\"><img decoding=\"async\" data-src=\"https:\/\/conversesacatalunya.cat\/wp-content\/plugins\/wp-polls\/images\/loading.gif\" width=\"16\" height=\"16\" alt=\"Cargando ...\" title=\"Cargando ...\" class=\"wp-polls-image lazyload\" src=\"data:image\/svg+xml;base64,PHN2ZyB3aWR0aD0iMSIgaGVpZ2h0PSIxIiB4bWxucz0iaHR0cDovL3d3dy53My5vcmcvMjAwMC9zdmciPjwvc3ZnPg==\" style=\"--smush-placeholder-width: 16px; --smush-placeholder-aspect-ratio: 16\/16;\" \/>&nbsp;Cargando ...<\/div>\n\n","protected":false},"excerpt":{"rendered":"<p>Por su inter\u00e9s en cuanto al razonamiento que utilizan, reproducimos la declaraci\u00f3n de la Corriente Social Cristiana sobre la actual crisis pol\u00edticas. Coinciden en la necesidad de convocar ahora unas elecciones, y fundamentan el hecho en la p\u00e9rdida\u00a0 de legitimidad del Gobierno S\u00e1nchez para seguir gobernado sin un refrendo de los votos. Al mismo tiempo, se\u00f1alan que ni tan solo esto basta para un proceso real de regeneraci\u00f3n pol\u00edtica, sino que proclama la necesidad de una presencia organizada de la sociedad civil m\u00e1s all\u00e1 del juego de partidos. En este enfoque, las elecciones son la condici\u00f3n necesaria y el inicio de algo, pero solo se alcanzar\u00eda la suficiencia si los ciudadanos se organizaran c\u00edvicamente y al margen de los partidos para impulsar medidas de regeneraci\u00f3n. Corriente Social Cristiana. Declaraci\u00f3n Ante la crisis institucional: elecciones y regeneraci\u00f3n pol\u00edtica ya. Espa\u00f1a atraviesa una crisis institucional sin precedentes, profunda y sist\u00e9mica. No es una crisis m\u00e1s, sino una acumulaci\u00f3n de ellas, que afecta a las instituciones fundamentales del sistema democr\u00e1tico, incluidos el Parlamento, el Gobierno y los partidos pol\u00edticos. El PSOE, junto a los partidos que apoyaron la investidura del presidente S\u00e1nchez, se encuentra inmerso en una p\u00e9rdida de legitimidad que bloquea la alternancia democr\u00e1tica. Se ha impuesto la l\u00f3gica del poder a toda costa: se niega el derecho a que la oposici\u00f3n pueda sea alternativa de gobierno. Esta negaci\u00f3n erosiona el fundamento mismo del parlamentarismo y convierte a la pol\u00edtica que se practica y a la partitocracia en un problema grave, como vienen se\u00f1alando las encuestas desde hace a\u00f1os. La corrupci\u00f3n ha penetrado en las instituciones del Estado: ministerios, empresas p\u00fablicas y otras entidades clave est\u00e1n bajo sospecha. Las responsabilidades pol\u00edticas, aunque diversas, son generalizadas. El Gobierno, en su conjunto, ha fracasado en preservar la integridad del sistema. Este deterioro tambi\u00e9n revela las deficiencias espec\u00edficas del sistema constitucional espa\u00f1ol. La moci\u00f3n de censura es, en la pr\u00e1ctica, una investidura alternativa y no una herramienta efectiva de control del poder. La moci\u00f3n de confianza depende del propio presidente. Y el jefe del Estado carece de funciones moderadoras eficaces. Este dise\u00f1o institucional, aceptable durante la Transici\u00f3n, hoy representa una concentraci\u00f3n excesiva de poder en el Ejecutivo, con ciudadanos desprotegidos ante su incompetencia o la ineficacia del Gobierno. Exigir elecciones no implica acusar personalmente al presidente S\u00e1nchez de corrupci\u00f3n, sino subrayar su incapacidad para ejercer su deber de vigilancia. No haber sabido, durante a\u00f1os, lo que suced\u00eda en su partido y su gobierno, revelando una ceguera pol\u00edtica incompatible con el cargo. Gobernar exige saber, prever, vigilar y actuar. La reiterada defensa victimista del presidente \u2014como expres\u00f3 en su intervenci\u00f3n del 17 de junio\u2014 refleja una lectura distorsionada de la realidad. Pretender exculparse a s\u00ed mismo, como si bastara con no haber sabido nada, es inadmisible en cualquier profesional y a\u00fan menos en quien ostenta la jefatura del Gobierno. Adem\u00e1s, su tendencia a interpretar las informaciones sobre presuntas corrupciones como ataques personales muestra un sesgo preocupante: una distorsi\u00f3n de la realidad que le impide diferenciar entre hechos solventes y conspiraciones imaginadas. Esta actitud, m\u00e1s que protegerlo, debilita su capacidad para ejercer el poder con lucidez y responsabilidad. Por todo ello, el presidente debe someterse al juicio de las urnas. No puede seguir gobernando sin legitimidad renovada. Convocar elecciones no es un gesto de debilidad, sino una obligaci\u00f3n democr\u00e1tica ineludible. Esta crisis tambi\u00e9n afecta gravemente a Catalu\u00f1a. Su autogobierno ha quedado subordinado a la direcci\u00f3n del PSOE y a la figura del presidente del Gobierno, algo sin precedentes. Incluso los anteriores presidentes socialistas de la Generalitat mantuvieron su independencia institucional. Hoy, el Parlament y el Govern sufren la misma par\u00e1lisis y deslegitimaci\u00f3n. Necesitamos una regeneraci\u00f3n moral y pol\u00edtica profunda. Y esta comienza \u2014ni mucho menos termina\u2014 con unas elecciones. Pero sobre todo se inicia en una respuesta c\u00edvica organizada, un estallido c\u00edvico, para poner fin a la corrupci\u00f3n y a la partitocracia, que son dos caras de una misma moneda, que tiene derecho a acudir si es necesario a la insumisi\u00f3n civil. Los cristianos, tanto de fe como de cultura, tenemos una responsabilidad especial. La Doctrina Social de la Iglesia afirma que la corrupci\u00f3n es \u201cuno de los signos m\u00e1s graves de la decadencia moral\u201d (n.\u00ba 411), y el Catecismo condena claramente el fraude, los sobornos y el enriquecimiento il\u00edcito, que violan el s\u00e9ptimo mandamiento. Adem\u00e1s, se\u00f1ala que la autoridad solo es leg\u00edtima si se orienta al bien com\u00fan (n.\u00ba 1903). La corrupci\u00f3n no solo destruye la justicia: disuelve la legitimidad misma del poder. Por estas razones, llamamos a todos los cristianos y a todas las personas de buena voluntad a organizarse. Es hora de exigir elecciones inmediatas, una verdadera regeneraci\u00f3n institucional y la reforma de un sistema pol\u00edtico que ha dejado de servir a la ciudadan\u00eda. Si quieres aunar esfuerzos y contribuir a un estallido ciudadano por la regeneraci\u00f3n pol\u00edtica Difunde este mensaje Organiza un grupo en tu entorno Conecta con nosotros. info@elcorrent.org\u00a0 https:\/\/elcorrent.org\/es\/declaracion-de-la-corriente-social-cristiana-ante-la-crisis-institucional-elecciones-y-regeneracion-politica-ya\/<\/p>\n","protected":false},"author":3,"featured_media":89890,"comment_status":"open","ping_status":"open","sticky":false,"template":"","format":"standard","meta":{"_FSMCFIC_featured_image_caption":"","_FSMCFIC_featured_image_nocaption":"","_FSMCFIC_featured_image_hide":"","footnotes":""},"categories":[806],"tags":[1375],"class_list":["post-89885","post","type-post","status-publish","format-standard","has-post-thumbnail","hentry","category-punts-claus-del-dia-es","tag-gobierno-sanchez"],"yoast_head":"<!-- This site is optimized with the Yoast SEO plugin v26.8 - https:\/\/yoast.com\/product\/yoast-seo-wordpress\/ -->\n<title>Crisis institucional espa\u00f1ola: elecciones urgentes y regeneraci\u00f3n<\/title>\n<meta name=\"description\" content=\"La Corriente Social Cristiana reclama elecciones ya y un despertar c\u00edvico frente a la corrupci\u00f3n y la crisis institucional espa\u00f1ola\" \/>\n<meta name=\"robots\" content=\"index, follow, max-snippet:-1, max-image-preview:large, max-video-preview:-1\" \/>\n<link rel=\"canonical\" href=\"https:\/\/conversesacatalunya.cat\/es\/la-grave-crisis-institucional-espanola-las-elecciones-no-bastan\/\" \/>\n<meta property=\"og:locale\" content=\"es_ES\" \/>\n<meta property=\"og:type\" content=\"article\" \/>\n<meta property=\"og:title\" content=\"Crisis institucional espa\u00f1ola: elecciones urgentes y regeneraci\u00f3n\" \/>\n<meta property=\"og:description\" content=\"La Corriente Social Cristiana reclama elecciones ya y un despertar c\u00edvico frente a la corrupci\u00f3n y la crisis institucional espa\u00f1ola\" \/>\n<meta property=\"og:url\" content=\"https:\/\/conversesacatalunya.cat\/es\/la-grave-crisis-institucional-espanola-las-elecciones-no-bastan\/\" \/>\n<meta property=\"og:site_name\" content=\"Converses a Catalunya\" \/>\n<meta property=\"article:published_time\" content=\"2025-07-01T09:01:09+00:00\" \/>\n<meta property=\"article:modified_time\" content=\"2025-07-01T10:42:56+00:00\" \/>\n<meta property=\"og:image\" content=\"https:\/\/conversesacatalunya.cat\/wp-content\/uploads\/2025\/07\/Captura.jpg\" \/>\n\t<meta property=\"og:image:width\" content=\"557\" \/>\n\t<meta property=\"og:image:height\" content=\"391\" \/>\n\t<meta property=\"og:image:type\" content=\"image\/jpeg\" \/>\n<meta name=\"author\" content=\"conversesacatalunya\" \/>\n<meta name=\"twitter:card\" content=\"summary_large_image\" \/>\n<meta name=\"twitter:label1\" content=\"Escrito por\" \/>\n\t<meta name=\"twitter:data1\" content=\"conversesacatalunya\" \/>\n\t<meta name=\"twitter:label2\" content=\"Tiempo de lectura\" \/>\n\t<meta name=\"twitter:data2\" content=\"5 minutos\" \/>\n<script type=\"application\/ld+json\" class=\"yoast-schema-graph\">{\"@context\":\"https:\/\/schema.org\",\"@graph\":[{\"@type\":\"Article\",\"@id\":\"https:\/\/conversesacatalunya.cat\/es\/la-grave-crisis-institucional-espanola-las-elecciones-no-bastan\/#article\",\"isPartOf\":{\"@id\":\"https:\/\/conversesacatalunya.cat\/es\/la-grave-crisis-institucional-espanola-las-elecciones-no-bastan\/\"},\"author\":{\"name\":\"conversesacatalunya\",\"@id\":\"https:\/\/conversesacatalunya.cat\/#\/schema\/person\/982274792508d804a0821b413c9ac076\"},\"headline\":\"La grave crisis institucional espa\u00f1ola. Las elecciones no bastan\",\"datePublished\":\"2025-07-01T09:01:09+00:00\",\"dateModified\":\"2025-07-01T10:42:56+00:00\",\"mainEntityOfPage\":{\"@id\":\"https:\/\/conversesacatalunya.cat\/es\/la-grave-crisis-institucional-espanola-las-elecciones-no-bastan\/\"},\"wordCount\":956,\"commentCount\":0,\"image\":{\"@id\":\"https:\/\/conversesacatalunya.cat\/es\/la-grave-crisis-institucional-espanola-las-elecciones-no-bastan\/#primaryimage\"},\"thumbnailUrl\":\"https:\/\/conversesacatalunya.cat\/wp-content\/uploads\/2025\/07\/Captura.jpg\",\"keywords\":[\"Gobierno S\u00e1nchez\"],\"articleSection\":[\"Punts clau del dia (ES)\"],\"inLanguage\":\"es\",\"potentialAction\":[{\"@type\":\"CommentAction\",\"name\":\"Comment\",\"target\":[\"https:\/\/conversesacatalunya.cat\/es\/la-grave-crisis-institucional-espanola-las-elecciones-no-bastan\/#respond\"]}]},{\"@type\":\"WebPage\",\"@id\":\"https:\/\/conversesacatalunya.cat\/es\/la-grave-crisis-institucional-espanola-las-elecciones-no-bastan\/\",\"url\":\"https:\/\/conversesacatalunya.cat\/es\/la-grave-crisis-institucional-espanola-las-elecciones-no-bastan\/\",\"name\":\"Crisis institucional espa\u00f1ola: elecciones urgentes y regeneraci\u00f3n\",\"isPartOf\":{\"@id\":\"https:\/\/conversesacatalunya.cat\/#website\"},\"primaryImageOfPage\":{\"@id\":\"https:\/\/conversesacatalunya.cat\/es\/la-grave-crisis-institucional-espanola-las-elecciones-no-bastan\/#primaryimage\"},\"image\":{\"@id\":\"https:\/\/conversesacatalunya.cat\/es\/la-grave-crisis-institucional-espanola-las-elecciones-no-bastan\/#primaryimage\"},\"thumbnailUrl\":\"https:\/\/conversesacatalunya.cat\/wp-content\/uploads\/2025\/07\/Captura.jpg\",\"datePublished\":\"2025-07-01T09:01:09+00:00\",\"dateModified\":\"2025-07-01T10:42:56+00:00\",\"author\":{\"@id\":\"https:\/\/conversesacatalunya.cat\/#\/schema\/person\/982274792508d804a0821b413c9ac076\"},\"description\":\"La Corriente Social Cristiana reclama elecciones ya y un despertar c\u00edvico frente a la corrupci\u00f3n y la crisis institucional espa\u00f1ola\",\"breadcrumb\":{\"@id\":\"https:\/\/conversesacatalunya.cat\/es\/la-grave-crisis-institucional-espanola-las-elecciones-no-bastan\/#breadcrumb\"},\"inLanguage\":\"es\",\"potentialAction\":[{\"@type\":\"ReadAction\",\"target\":[\"https:\/\/conversesacatalunya.cat\/es\/la-grave-crisis-institucional-espanola-las-elecciones-no-bastan\/\"]}]},{\"@type\":\"ImageObject\",\"inLanguage\":\"es\",\"@id\":\"https:\/\/conversesacatalunya.cat\/es\/la-grave-crisis-institucional-espanola-las-elecciones-no-bastan\/#primaryimage\",\"url\":\"https:\/\/conversesacatalunya.cat\/wp-content\/uploads\/2025\/07\/Captura.jpg\",\"contentUrl\":\"https:\/\/conversesacatalunya.cat\/wp-content\/uploads\/2025\/07\/Captura.jpg\",\"width\":557,\"height\":391,\"caption\":\"crisis institucional espa\u00f1ola\"},{\"@type\":\"BreadcrumbList\",\"@id\":\"https:\/\/conversesacatalunya.cat\/es\/la-grave-crisis-institucional-espanola-las-elecciones-no-bastan\/#breadcrumb\",\"itemListElement\":[{\"@type\":\"ListItem\",\"position\":1,\"name\":\"Inici\",\"item\":\"https:\/\/conversesacatalunya.cat\/es\/\"},{\"@type\":\"ListItem\",\"position\":2,\"name\":\"La grave crisis institucional espa\u00f1ola. Las elecciones no bastan\"}]},{\"@type\":\"WebSite\",\"@id\":\"https:\/\/conversesacatalunya.cat\/#website\",\"url\":\"https:\/\/conversesacatalunya.cat\/\",\"name\":\"Converses a Catalunya\",\"description\":\"\",\"potentialAction\":[{\"@type\":\"SearchAction\",\"target\":{\"@type\":\"EntryPoint\",\"urlTemplate\":\"https:\/\/conversesacatalunya.cat\/?s={search_term_string}\"},\"query-input\":{\"@type\":\"PropertyValueSpecification\",\"valueRequired\":true,\"valueName\":\"search_term_string\"}}],\"inLanguage\":\"es\"},{\"@type\":\"Person\",\"@id\":\"https:\/\/conversesacatalunya.cat\/#\/schema\/person\/982274792508d804a0821b413c9ac076\",\"name\":\"conversesacatalunya\",\"image\":{\"@type\":\"ImageObject\",\"inLanguage\":\"es\",\"@id\":\"https:\/\/conversesacatalunya.cat\/#\/schema\/person\/image\/\",\"url\":\"https:\/\/conversesacatalunya.cat\/wp-content\/litespeed\/avatar\/f04b47eeffd9637c7cf7869e217fb9ec.jpg?ver=1777370077\",\"contentUrl\":\"https:\/\/conversesacatalunya.cat\/wp-content\/litespeed\/avatar\/f04b47eeffd9637c7cf7869e217fb9ec.jpg?ver=1777370077\",\"caption\":\"conversesacatalunya\"},\"url\":\"https:\/\/conversesacatalunya.cat\/es\/author\/muntsa_escola\/\"}]}<\/script>\n<!-- \/ Yoast SEO plugin. -->","yoast_head_json":{"title":"Crisis institucional espa\u00f1ola: elecciones urgentes y regeneraci\u00f3n","description":"La Corriente Social Cristiana reclama elecciones ya y un despertar c\u00edvico frente a la corrupci\u00f3n y la crisis institucional espa\u00f1ola","robots":{"index":"index","follow":"follow","max-snippet":"max-snippet:-1","max-image-preview":"max-image-preview:large","max-video-preview":"max-video-preview:-1"},"canonical":"https:\/\/conversesacatalunya.cat\/es\/la-grave-crisis-institucional-espanola-las-elecciones-no-bastan\/","og_locale":"es_ES","og_type":"article","og_title":"Crisis institucional espa\u00f1ola: elecciones urgentes y regeneraci\u00f3n","og_description":"La Corriente Social Cristiana reclama elecciones ya y un despertar c\u00edvico frente a la corrupci\u00f3n y la crisis institucional espa\u00f1ola","og_url":"https:\/\/conversesacatalunya.cat\/es\/la-grave-crisis-institucional-espanola-las-elecciones-no-bastan\/","og_site_name":"Converses a Catalunya","article_published_time":"2025-07-01T09:01:09+00:00","article_modified_time":"2025-07-01T10:42:56+00:00","og_image":[{"width":557,"height":391,"url":"https:\/\/conversesacatalunya.cat\/wp-content\/uploads\/2025\/07\/Captura.jpg","type":"image\/jpeg"}],"author":"conversesacatalunya","twitter_card":"summary_large_image","twitter_misc":{"Escrito por":"conversesacatalunya","Tiempo de lectura":"5 minutos"},"schema":{"@context":"https:\/\/schema.org","@graph":[{"@type":"Article","@id":"https:\/\/conversesacatalunya.cat\/es\/la-grave-crisis-institucional-espanola-las-elecciones-no-bastan\/#article","isPartOf":{"@id":"https:\/\/conversesacatalunya.cat\/es\/la-grave-crisis-institucional-espanola-las-elecciones-no-bastan\/"},"author":{"name":"conversesacatalunya","@id":"https:\/\/conversesacatalunya.cat\/#\/schema\/person\/982274792508d804a0821b413c9ac076"},"headline":"La grave crisis institucional espa\u00f1ola. Las elecciones no bastan","datePublished":"2025-07-01T09:01:09+00:00","dateModified":"2025-07-01T10:42:56+00:00","mainEntityOfPage":{"@id":"https:\/\/conversesacatalunya.cat\/es\/la-grave-crisis-institucional-espanola-las-elecciones-no-bastan\/"},"wordCount":956,"commentCount":0,"image":{"@id":"https:\/\/conversesacatalunya.cat\/es\/la-grave-crisis-institucional-espanola-las-elecciones-no-bastan\/#primaryimage"},"thumbnailUrl":"https:\/\/conversesacatalunya.cat\/wp-content\/uploads\/2025\/07\/Captura.jpg","keywords":["Gobierno S\u00e1nchez"],"articleSection":["Punts clau del dia (ES)"],"inLanguage":"es","potentialAction":[{"@type":"CommentAction","name":"Comment","target":["https:\/\/conversesacatalunya.cat\/es\/la-grave-crisis-institucional-espanola-las-elecciones-no-bastan\/#respond"]}]},{"@type":"WebPage","@id":"https:\/\/conversesacatalunya.cat\/es\/la-grave-crisis-institucional-espanola-las-elecciones-no-bastan\/","url":"https:\/\/conversesacatalunya.cat\/es\/la-grave-crisis-institucional-espanola-las-elecciones-no-bastan\/","name":"Crisis institucional espa\u00f1ola: elecciones urgentes y regeneraci\u00f3n","isPartOf":{"@id":"https:\/\/conversesacatalunya.cat\/#website"},"primaryImageOfPage":{"@id":"https:\/\/conversesacatalunya.cat\/es\/la-grave-crisis-institucional-espanola-las-elecciones-no-bastan\/#primaryimage"},"image":{"@id":"https:\/\/conversesacatalunya.cat\/es\/la-grave-crisis-institucional-espanola-las-elecciones-no-bastan\/#primaryimage"},"thumbnailUrl":"https:\/\/conversesacatalunya.cat\/wp-content\/uploads\/2025\/07\/Captura.jpg","datePublished":"2025-07-01T09:01:09+00:00","dateModified":"2025-07-01T10:42:56+00:00","author":{"@id":"https:\/\/conversesacatalunya.cat\/#\/schema\/person\/982274792508d804a0821b413c9ac076"},"description":"La Corriente Social Cristiana reclama elecciones ya y un despertar c\u00edvico frente a la corrupci\u00f3n y la crisis institucional espa\u00f1ola","breadcrumb":{"@id":"https:\/\/conversesacatalunya.cat\/es\/la-grave-crisis-institucional-espanola-las-elecciones-no-bastan\/#breadcrumb"},"inLanguage":"es","potentialAction":[{"@type":"ReadAction","target":["https:\/\/conversesacatalunya.cat\/es\/la-grave-crisis-institucional-espanola-las-elecciones-no-bastan\/"]}]},{"@type":"ImageObject","inLanguage":"es","@id":"https:\/\/conversesacatalunya.cat\/es\/la-grave-crisis-institucional-espanola-las-elecciones-no-bastan\/#primaryimage","url":"https:\/\/conversesacatalunya.cat\/wp-content\/uploads\/2025\/07\/Captura.jpg","contentUrl":"https:\/\/conversesacatalunya.cat\/wp-content\/uploads\/2025\/07\/Captura.jpg","width":557,"height":391,"caption":"crisis institucional espa\u00f1ola"},{"@type":"BreadcrumbList","@id":"https:\/\/conversesacatalunya.cat\/es\/la-grave-crisis-institucional-espanola-las-elecciones-no-bastan\/#breadcrumb","itemListElement":[{"@type":"ListItem","position":1,"name":"Inici","item":"https:\/\/conversesacatalunya.cat\/es\/"},{"@type":"ListItem","position":2,"name":"La grave crisis institucional espa\u00f1ola. Las elecciones no bastan"}]},{"@type":"WebSite","@id":"https:\/\/conversesacatalunya.cat\/#website","url":"https:\/\/conversesacatalunya.cat\/","name":"Converses a Catalunya","description":"","potentialAction":[{"@type":"SearchAction","target":{"@type":"EntryPoint","urlTemplate":"https:\/\/conversesacatalunya.cat\/?s={search_term_string}"},"query-input":{"@type":"PropertyValueSpecification","valueRequired":true,"valueName":"search_term_string"}}],"inLanguage":"es"},{"@type":"Person","@id":"https:\/\/conversesacatalunya.cat\/#\/schema\/person\/982274792508d804a0821b413c9ac076","name":"conversesacatalunya","image":{"@type":"ImageObject","inLanguage":"es","@id":"https:\/\/conversesacatalunya.cat\/#\/schema\/person\/image\/","url":"https:\/\/conversesacatalunya.cat\/wp-content\/litespeed\/avatar\/f04b47eeffd9637c7cf7869e217fb9ec.jpg?ver=1777370077","contentUrl":"https:\/\/conversesacatalunya.cat\/wp-content\/litespeed\/avatar\/f04b47eeffd9637c7cf7869e217fb9ec.jpg?ver=1777370077","caption":"conversesacatalunya"},"url":"https:\/\/conversesacatalunya.cat\/es\/author\/muntsa_escola\/"}]}},"wps_subtitle":"Las elecciones son la condici\u00f3n necesaria y el inicio de algo, pero solo se alcanzar\u00eda la suficiencia si los ciudadanos se organizaran c\u00edvicamente y al margen de los partidos para impulsar medidas de regeneraci\u00f3n.","_links":{"self":[{"href":"https:\/\/conversesacatalunya.cat\/es\/wp-json\/wp\/v2\/posts\/89885","targetHints":{"allow":["GET"]}}],"collection":[{"href":"https:\/\/conversesacatalunya.cat\/es\/wp-json\/wp\/v2\/posts"}],"about":[{"href":"https:\/\/conversesacatalunya.cat\/es\/wp-json\/wp\/v2\/types\/post"}],"author":[{"embeddable":true,"href":"https:\/\/conversesacatalunya.cat\/es\/wp-json\/wp\/v2\/users\/3"}],"replies":[{"embeddable":true,"href":"https:\/\/conversesacatalunya.cat\/es\/wp-json\/wp\/v2\/comments?post=89885"}],"version-history":[{"count":7,"href":"https:\/\/conversesacatalunya.cat\/es\/wp-json\/wp\/v2\/posts\/89885\/revisions"}],"predecessor-version":[{"id":89924,"href":"https:\/\/conversesacatalunya.cat\/es\/wp-json\/wp\/v2\/posts\/89885\/revisions\/89924"}],"wp:featuredmedia":[{"embeddable":true,"href":"https:\/\/conversesacatalunya.cat\/es\/wp-json\/wp\/v2\/media\/89890"}],"wp:attachment":[{"href":"https:\/\/conversesacatalunya.cat\/es\/wp-json\/wp\/v2\/media?parent=89885"}],"wp:term":[{"taxonomy":"category","embeddable":true,"href":"https:\/\/conversesacatalunya.cat\/es\/wp-json\/wp\/v2\/categories?post=89885"},{"taxonomy":"post_tag","embeddable":true,"href":"https:\/\/conversesacatalunya.cat\/es\/wp-json\/wp\/v2\/tags?post=89885"}],"curies":[{"name":"wp","href":"https:\/\/api.w.org\/{rel}","templated":true}]}}