{"id":89759,"date":"2025-06-26T11:41:53","date_gmt":"2025-06-26T09:41:53","guid":{"rendered":"https:\/\/conversesacatalunya.cat\/?p=89759"},"modified":"2025-06-26T12:10:20","modified_gmt":"2025-06-26T10:10:20","slug":"modelo-de-poder-en-torno-al-gobierno-sanchez-2018-2025","status":"publish","type":"post","link":"https:\/\/conversesacatalunya.cat\/es\/modelo-de-poder-en-torno-al-gobierno-sanchez-2018-2025\/","title":{"rendered":"Hip\u00f3tesis. Un modelo de poder en torno al Gobierno de S\u00e1nchez (2018\u20132025)"},"content":{"rendered":"<p>Si las imputaciones que existen resultaran ciertas, lo que est\u00e1 por confirmar, estar\u00edamos, no ante tres improbables \u201csolitarios aprovechados\u201d, sino en un\u00a0 <strong>entramado de poder<\/strong> que tiene como eje a Pedro S\u00e1nchez, Presidente del Gobierno desde 2018 y l\u00edder del PSOE, que involucrar\u00eda a colaboradores cercanos, familiares y redes de influencia.<\/p>\n<h3><strong>\u00c1balos y Cerd\u00e1n<\/strong><\/h3>\n<p>Entre sus aliados destacan<strong> Jos\u00e9 Luis \u00c1balos<\/strong> (Ministro de Transportes 2018\u20132021 y secretario de Organizaci\u00f3n del PSOE hasta 2021) y <strong>Santos Cerd\u00e1n<\/strong> (secretario de Organizaci\u00f3n 2021\u20132025). \u00c1balos fue clave en los primeros a\u00f1os, mientras que Cerd\u00e1n, hombre de m\u00e1xima confianza de S\u00e1nchez, asumi\u00f3 el control del partido tras la salida de \u00c1balos. Ambos est\u00e1n investigados por corrupci\u00f3n, lo que hace plausible la implicaci\u00f3n de la c\u00fapula del PSOE en estas tramas.<\/p>\n<h3><strong>Koldo Garc\u00eda<\/strong><\/h3>\n<p><strong>Koldo Garc\u00eda Izaguirre<\/strong>, conocido como \u201cKoldo\u201d, ex escolta y asesor de \u00c1balos, es un operador central en una red de presuntas comisiones ilegales vinculadas a contratos p\u00fablicos durante la pandemia. Aprovech\u00f3 sus conexiones con altos cargos del Gobierno y el PSOE para obtener adjudicaciones a empresas afines a cambio de pagos en efectivo. Koldo multiplic\u00f3 su patrimonio, adquiriendo tres pisos en Benidorm (2020\u20132022) y ocultando bienes a trav\u00e9s de terceros.<\/p>\n<h3><strong>V\u00edctor de Aldama<\/strong><\/h3>\n<p><strong>V\u00edctor de Aldama,<\/strong> empresario y expresidente del Zamora CF, est\u00e1 vinculado a la trama de Koldo y \u00c1balos. Investigado como comisionista en contratos de mascarillas por 54 millones de euros, la Guardia Civil lo se\u00f1ala como parte de una \u201corganizaci\u00f3n criminal\u201d. Tambi\u00e9n actu\u00f3 como intermediario con el r\u00e9gimen venezolano, conectando los \u00e1mbitos econ\u00f3mico e internacional. Su detenci\u00f3n y prisi\u00f3n preventiva han revelado flujos de dinero il\u00edcito. El hecho de que la justicia avalara su libertad provisional substituyendo la prisi\u00f3n preventiva a cambio de informaciones sobre presuntos delitos, situa la importancia de su testimonio.<\/p>\n<h3><strong>Bego\u00f1a G\u00f3mez<\/strong><\/h3>\n<p><a href=\"https:\/\/conversesacatalunya.cat\/es\/begona-y-el-efecto-mariposa-o-el-watergate-de-sanchez\/\" target=\"_blank\" rel=\"noopener\"><strong>Bego\u00f1a G\u00f3mez<\/strong>,<\/a> esposa de S\u00e1nchez, enfrenta investigaciones por presunto tr\u00e1fico de influencias y corrupci\u00f3n. Habr\u00eda facilitado contratos a empresarios cercanos, como Juan Carlos Barrab\u00e9s, cuya c\u00e1tedra en la Universidad Complutense y empresas obtuvieron numerosos contratos p\u00fablicos de ministerios como Econom\u00eda o Transportes. La investigaci\u00f3n sigue activa, con intervenci\u00f3n de la Fiscal\u00eda Europea por fondos Next Generation. Barrab\u00e9s est\u00e1 imputado por posibles irregularidades en concursos.<\/p>\n<h3><strong>Jos\u00e9 Luis Rodr\u00edguez Zapatero<\/strong><\/h3>\n<p><strong>Jos\u00e9 Luis Rodr\u00edguez Zapatero<\/strong>, expresidente, ejerce influencia como consejero informal y emisario internacional, especialmente con Venezuela. Cercano a S\u00e1nchez, ha mediado con figuras como Delcy Rodr\u00edguez y legitima decisiones del Gobierno, conectando la pol\u00edtica interna con redes internacionales.<\/p>\n<h5><strong>Estas figuras \u2014S\u00e1nchez, \u00c1balos, Cerd\u00e1n, Koldo, Aldama, G\u00f3mez y Zapatero\u2014 formar\u00edan el n\u00facleo del modelo de poder en el pasado, articulando pol\u00edtica, negocios y familia. <\/strong><\/h5>\n<p>Del sistema salt\u00f3 Aldama al beneficiarse de su colaboraci\u00f3n con la justicia, y est\u00e1 por ver que sucede con las declaraciones de Koldo y \u00c1balos. El caso de Cerd\u00e1n parece distinto porque el abogado defensor que ha escogido, <strong>Benet Salellas<\/strong>, es m\u00e1s propicio a una l\u00ednea de defensa de ruptura y cuestionamiento.<\/p>\n<h2><strong>Redes empresariales y contratos p\u00fablicos<\/strong><\/h2>\n<p>El entramado se caracterizar\u00eda por <strong>redes clientelares que se benefician de contratos p\u00fablicos mediante tr\u00e1fico de influencias<\/strong>.<\/p>\n<p>El caso Koldo (Operaci\u00f3n Delorme) es emblem\u00e1tico: Soluciones de Gesti\u00f3n y Apoyo a Empresas S.L. (SGAE, S.L.) obtuvo ocho contratos de mascarillas por 54 millones de euros durante la pandemia, con 17 millones en beneficios. Los contratos, adjudicados sin licitaci\u00f3n por Interior, Sanidad, Transportes, Canarias y Baleares, <strong>fueron gestionados por una empresa sin experiencia sanitaria<\/strong>. Los fondos se movieron a sociedades opacas en Luxemburgo y Brasil. Koldo y Aldama, seg\u00fan la UCO, facilitaron estas adjudicaciones a cambio de comisiones.<\/p>\n<p><strong>La trama se extendi\u00f3 a contratos de obra p\u00fablica, con \u201cmordidas\u201d en adjudicaciones ama\u00f1adas.<\/strong><\/p>\n<p>Un informe de la UCO de junio de 2025 implica a Cerd\u00e1n en la gesti\u00f3n de 620.000 euros en pagos il\u00edcitos. La magnitud de los contratos (cientos de millones) frente a las comisiones (menos de 1,5 millones) sugiere un esquema de financiaci\u00f3n partidaria tipo \u201c3%\u201d, <strong>con Cerd\u00e1n, Koldo y Aldama como intermediarios<\/strong>, cobrando una peque\u00f1a parte, la que ahora va apareciendo de la \u201cmordida\u201d total. La participaci\u00f3n de Cerd\u00e1n en una<strong> empresa navarra<\/strong> mediante un documento de venta privado, que ha gozado de contratos desproporcionados a su dimensi\u00f3n refuerza esta hip\u00f3tesis, aunque sigue siendo especulativa.<\/p>\n<p><strong>Bego\u00f1a G\u00f3mez y Juan Carlos Barrab\u00e9s forman otra red. <\/strong><\/p>\n<p>Barrab\u00e9s, emprendedor digital, multiplic\u00f3 contratos p\u00fablicos tras colaborar con G\u00f3mez. Entre 2015 y 2024, sus empresas (Innova Next, The Valley) acumularon 99 contratos por 2,5 millones de euros, el 90% tras 2018, muchos avalados por recomendaciones de G\u00f3mez. La Fiscal\u00eda Europea investiga manipulaci\u00f3n en estos concursos, imputando a Barrab\u00e9s.<\/p>\n<p><strong>Operaciones de rescate financiero tambi\u00e9n levantan sospechas.<\/strong> El rescate de Plus Ultra (53 millones en 2021) benefici\u00f3 a una aerol\u00ednea con accionistas venezolanos cercanos al chavismo, representando solo el 1% del tr\u00e1fico a\u00e9reo espa\u00f1ol. Duro Felguera, con deudas de un contrato venezolano, recibi\u00f3 120 millones de SEPI. Estas decisiones sugieren motivaciones geopol\u00edticas vinculadas a Venezuela, integrando empresarios afines al poder pol\u00edtico y tienen, siempre como teor\u00eda, el trasfondo de la persona de Rodr\u00edguez Zapatero.<\/p>\n<h2><strong>Articulaci\u00f3n pol\u00edtica, medios e instituciones<\/strong><\/h2>\n<p><strong>El sistema de poder se sostiene en la estructura del PSOE, instituciones p\u00fablicas y medios.<\/strong> La secretar\u00eda de Organizaci\u00f3n (\u00c1balos, luego Cerd\u00e1n) distribuy\u00f3 cuotas de poder y recursos, colocando afines en puestos clave y canalizando comisiones. Cerd\u00e1n, antes de dimitir en 2025, era la \u201cmano derecha\u201d de S\u00e1nchez y aparece en la Operaci\u00f3n Delorme, sugiriendo que el PSOE fue instrumentalizado para sostener la red.<\/p>\n<p>En instituciones, el nombramiento de <strong>Dolores Delgado como Fiscal General en 2020<\/strong> gener\u00f3 cr\u00edticas por posible conflicto de inter\u00e9s. La Fiscal\u00eda, bajo su direcci\u00f3n, intent\u00f3 archivar la denuncia contra Bego\u00f1a G\u00f3mez y se opuso a investigar a \u00c1balos en el Delcygate. Aunque los tribunales archivaron este caso, la percepci\u00f3n de protecci\u00f3n institucional persiste y se acent\u00faa con el actual y procesado Fiscal General del Estado encumbrado por Dolores Delgado.<\/p>\n<p><strong>Los medios afines han minimizado los esc\u00e1ndalos.<\/strong> La presencia de Aldama en el Delcygate, revelada por la ONIF en 2024, no fue cubierta inicialmente por la prensa. Cambios en RTVE y relaciones con cadenas privadas han alineado la narrativa medi\u00e1tica con el Gobierno. Medios independientes como <strong>El Confidencial<\/strong> han destapado tramas, pero el relato dominante en televisiones y medios afines presenta los casos como aislados.<\/p>\n<p><strong>Zapatero refuerza el modelo como validador pol\u00edtico.<\/strong> Defiende a S\u00e1nchez, participa en congresos del PSOE y conecta generaciones del partido, neutralizando disidencias. Su respaldo a iniciativas internacionales, como <strong>di\u00e1logos con Venezuela<\/strong>, encuentra eco en el Gobierno, consolidando una red de poder con pocos contrapesos entre 2018 y 2025, que se extiende posiblemente a las relaciones con China.<\/p>\n<h5><strong>Un cap\u00edtulo espec\u00edfico es el de la intervenci\u00f3n de los medios de comunicaci\u00f3n, que por su importancia merece tratamiento a aparte.<\/strong><\/h5>\n<span class='bctt-click-to-tweet'><span class='bctt-ctt-text'><a href='https:\/\/twitter.com\/intent\/tweet?url=https%3A%2F%2Fconversesacatalunya.cat%2Fes%2Fmodelo-de-poder-en-torno-al-gobierno-sanchez-2018-2025%2F&#038;text=Una%20estructura%20entre%20pol%C3%ADtica%2C%20negocios%20y%20medios%3A%20%C2%BFC%C3%B3mo%20se%20sostuvo%20el%20poder%20entre%202018%20y%202025%3F%20%23S%C3%A1nchez%20%23PSOE%20%23Corrupci%C3%B3nPol%C3%ADtica&#038;via=conversesacat&#038;related=conversesacat' target='_blank'rel=\"noopener noreferrer\">Una estructura entre pol\u00edtica, negocios y medios: \u00bfC\u00f3mo se sostuvo el poder entre 2018 y 2025? #S\u00e1nchez #PSOE #Corrupci\u00f3nPol\u00edtica <\/a><\/span><a href='https:\/\/twitter.com\/intent\/tweet?url=https%3A%2F%2Fconversesacatalunya.cat%2Fes%2Fmodelo-de-poder-en-torno-al-gobierno-sanchez-2018-2025%2F&#038;text=Una%20estructura%20entre%20pol%C3%ADtica%2C%20negocios%20y%20medios%3A%20%C2%BFC%C3%B3mo%20se%20sostuvo%20el%20poder%20entre%202018%20y%202025%3F%20%23S%C3%A1nchez%20%23PSOE%20%23Corrupci%C3%B3nPol%C3%ADtica&#038;via=conversesacat&#038;related=conversesacat' target='_blank' class='bctt-ctt-btn'rel=\"noopener noreferrer\">Compartir en X<\/a><\/span>\n<div id=\"polls-289\" class=\"wp-polls\">\n\t<form id=\"polls_form_289\" class=\"wp-polls-form\" action=\"\/index.php\" method=\"post\">\n\t\t<p style=\"display: none;\"><input type=\"hidden\" id=\"poll_289_nonce\" name=\"wp-polls-nonce\" value=\"09c1415896\" \/><\/p>\n\t\t<p style=\"display: none;\"><input type=\"hidden\" name=\"poll_id\" value=\"289\" \/><\/p>\n\t\t<p style=\"text-align: center\"><strong>Creus que \u00e9s democr\u00e0tic i leg\u00edtim aprovar nova despesa militar sense passar pel Congr\u00e9s?<\/strong><\/p><div id=\"polls-289-ans\" class=\"wp-polls-ans\"><ul class=\"wp-polls-ul\">\n\t\t<li><input type=\"radio\" id=\"poll-answer-824\" name=\"poll_289\" value=\"824\" \/> <label for=\"poll-answer-824\">S\u00ed<\/label><\/li>\n\t\t<li><input type=\"radio\" id=\"poll-answer-825\" name=\"poll_289\" value=\"825\" \/> <label for=\"poll-answer-825\">No<\/label><\/li>\n\t\t<li><input type=\"radio\" id=\"poll-answer-826\" name=\"poll_289\" value=\"826\" \/> <label for=\"poll-answer-826\">No ho s\u00e9<\/label><\/li>\n\t\t<\/ul><p style=\"text-align: center\"><input type=\"button\" name=\"vote\" value=\"   Vota   \" class=\"Buttons\" onclick=\"poll_vote(289);\" \/><\/p><p style=\"text-align: center\"><a href=\"#ViewPollResults\" onclick=\"poll_result(289); return false;\" title=\"View Results Of This Poll\">Mira els resultats<\/a><\/p><\/div>\n\t<\/form>\n<\/div>\n<div id=\"polls-289-loading\" class=\"wp-polls-loading\"><img decoding=\"async\" data-src=\"https:\/\/conversesacatalunya.cat\/wp-content\/plugins\/wp-polls\/images\/loading.gif\" width=\"16\" height=\"16\" alt=\"Cargando ...\" title=\"Cargando ...\" class=\"wp-polls-image lazyload\" src=\"data:image\/svg+xml;base64,PHN2ZyB3aWR0aD0iMSIgaGVpZ2h0PSIxIiB4bWxucz0iaHR0cDovL3d3dy53My5vcmcvMjAwMC9zdmciPjwvc3ZnPg==\" style=\"--smush-placeholder-width: 16px; --smush-placeholder-aspect-ratio: 16\/16;\" \/>&nbsp;Cargando ...<\/div>\n\n","protected":false},"excerpt":{"rendered":"<p>Si las imputaciones que existen resultaran ciertas, lo que est\u00e1 por confirmar, estar\u00edamos, no ante tres improbables \u201csolitarios aprovechados\u201d, sino en un\u00a0 entramado de poder que tiene como eje a Pedro S\u00e1nchez, Presidente del Gobierno desde 2018 y l\u00edder del PSOE, que involucrar\u00eda a colaboradores cercanos, familiares y redes de influencia. \u00c1balos y Cerd\u00e1n Entre sus aliados destacan Jos\u00e9 Luis \u00c1balos (Ministro de Transportes 2018\u20132021 y secretario de Organizaci\u00f3n del PSOE hasta 2021) y Santos Cerd\u00e1n (secretario de Organizaci\u00f3n 2021\u20132025). \u00c1balos fue clave en los primeros a\u00f1os, mientras que Cerd\u00e1n, hombre de m\u00e1xima confianza de S\u00e1nchez, asumi\u00f3 el control del partido tras la salida de \u00c1balos. Ambos est\u00e1n investigados por corrupci\u00f3n, lo que hace plausible la implicaci\u00f3n de la c\u00fapula del PSOE en estas tramas. Koldo Garc\u00eda Koldo Garc\u00eda Izaguirre, conocido como \u201cKoldo\u201d, ex escolta y asesor de \u00c1balos, es un operador central en una red de presuntas comisiones ilegales vinculadas a contratos p\u00fablicos durante la pandemia. Aprovech\u00f3 sus conexiones con altos cargos del Gobierno y el PSOE para obtener adjudicaciones a empresas afines a cambio de pagos en efectivo. Koldo multiplic\u00f3 su patrimonio, adquiriendo tres pisos en Benidorm (2020\u20132022) y ocultando bienes a trav\u00e9s de terceros. V\u00edctor de Aldama V\u00edctor de Aldama, empresario y expresidente del Zamora CF, est\u00e1 vinculado a la trama de Koldo y \u00c1balos. Investigado como comisionista en contratos de mascarillas por 54 millones de euros, la Guardia Civil lo se\u00f1ala como parte de una \u201corganizaci\u00f3n criminal\u201d. Tambi\u00e9n actu\u00f3 como intermediario con el r\u00e9gimen venezolano, conectando los \u00e1mbitos econ\u00f3mico e internacional. Su detenci\u00f3n y prisi\u00f3n preventiva han revelado flujos de dinero il\u00edcito. El hecho de que la justicia avalara su libertad provisional substituyendo la prisi\u00f3n preventiva a cambio de informaciones sobre presuntos delitos, situa la importancia de su testimonio. Bego\u00f1a G\u00f3mez Bego\u00f1a G\u00f3mez, esposa de S\u00e1nchez, enfrenta investigaciones por presunto tr\u00e1fico de influencias y corrupci\u00f3n. Habr\u00eda facilitado contratos a empresarios cercanos, como Juan Carlos Barrab\u00e9s, cuya c\u00e1tedra en la Universidad Complutense y empresas obtuvieron numerosos contratos p\u00fablicos de ministerios como Econom\u00eda o Transportes. La investigaci\u00f3n sigue activa, con intervenci\u00f3n de la Fiscal\u00eda Europea por fondos Next Generation. Barrab\u00e9s est\u00e1 imputado por posibles irregularidades en concursos. Jos\u00e9 Luis Rodr\u00edguez Zapatero Jos\u00e9 Luis Rodr\u00edguez Zapatero, expresidente, ejerce influencia como consejero informal y emisario internacional, especialmente con Venezuela. Cercano a S\u00e1nchez, ha mediado con figuras como Delcy Rodr\u00edguez y legitima decisiones del Gobierno, conectando la pol\u00edtica interna con redes internacionales. Estas figuras \u2014S\u00e1nchez, \u00c1balos, Cerd\u00e1n, Koldo, Aldama, G\u00f3mez y Zapatero\u2014 formar\u00edan el n\u00facleo del modelo de poder en el pasado, articulando pol\u00edtica, negocios y familia. Del sistema salt\u00f3 Aldama al beneficiarse de su colaboraci\u00f3n con la justicia, y est\u00e1 por ver que sucede con las declaraciones de Koldo y \u00c1balos. El caso de Cerd\u00e1n parece distinto porque el abogado defensor que ha escogido, Benet Salellas, es m\u00e1s propicio a una l\u00ednea de defensa de ruptura y cuestionamiento. Redes empresariales y contratos p\u00fablicos El entramado se caracterizar\u00eda por redes clientelares que se benefician de contratos p\u00fablicos mediante tr\u00e1fico de influencias. El caso Koldo (Operaci\u00f3n Delorme) es emblem\u00e1tico: Soluciones de Gesti\u00f3n y Apoyo a Empresas S.L. (SGAE, S.L.) obtuvo ocho contratos de mascarillas por 54 millones de euros durante la pandemia, con 17 millones en beneficios. Los contratos, adjudicados sin licitaci\u00f3n por Interior, Sanidad, Transportes, Canarias y Baleares, fueron gestionados por una empresa sin experiencia sanitaria. Los fondos se movieron a sociedades opacas en Luxemburgo y Brasil. Koldo y Aldama, seg\u00fan la UCO, facilitaron estas adjudicaciones a cambio de comisiones. La trama se extendi\u00f3 a contratos de obra p\u00fablica, con \u201cmordidas\u201d en adjudicaciones ama\u00f1adas. Un informe de la UCO de junio de 2025 implica a Cerd\u00e1n en la gesti\u00f3n de 620.000 euros en pagos il\u00edcitos. La magnitud de los contratos (cientos de millones) frente a las comisiones (menos de 1,5 millones) sugiere un esquema de financiaci\u00f3n partidaria tipo \u201c3%\u201d, con Cerd\u00e1n, Koldo y Aldama como intermediarios, cobrando una peque\u00f1a parte, la que ahora va apareciendo de la \u201cmordida\u201d total. La participaci\u00f3n de Cerd\u00e1n en una empresa navarra mediante un documento de venta privado, que ha gozado de contratos desproporcionados a su dimensi\u00f3n refuerza esta hip\u00f3tesis, aunque sigue siendo especulativa. Bego\u00f1a G\u00f3mez y Juan Carlos Barrab\u00e9s forman otra red. Barrab\u00e9s, emprendedor digital, multiplic\u00f3 contratos p\u00fablicos tras colaborar con G\u00f3mez. Entre 2015 y 2024, sus empresas (Innova Next, The Valley) acumularon 99 contratos por 2,5 millones de euros, el 90% tras 2018, muchos avalados por recomendaciones de G\u00f3mez. La Fiscal\u00eda Europea investiga manipulaci\u00f3n en estos concursos, imputando a Barrab\u00e9s. Operaciones de rescate financiero tambi\u00e9n levantan sospechas. El rescate de Plus Ultra (53 millones en 2021) benefici\u00f3 a una aerol\u00ednea con accionistas venezolanos cercanos al chavismo, representando solo el 1% del tr\u00e1fico a\u00e9reo espa\u00f1ol. Duro Felguera, con deudas de un contrato venezolano, recibi\u00f3 120 millones de SEPI. Estas decisiones sugieren motivaciones geopol\u00edticas vinculadas a Venezuela, integrando empresarios afines al poder pol\u00edtico y tienen, siempre como teor\u00eda, el trasfondo de la persona de Rodr\u00edguez Zapatero. Articulaci\u00f3n pol\u00edtica, medios e instituciones El sistema de poder se sostiene en la estructura del PSOE, instituciones p\u00fablicas y medios. La secretar\u00eda de Organizaci\u00f3n (\u00c1balos, luego Cerd\u00e1n) distribuy\u00f3 cuotas de poder y recursos, colocando afines en puestos clave y canalizando comisiones. Cerd\u00e1n, antes de dimitir en 2025, era la \u201cmano derecha\u201d de S\u00e1nchez y aparece en la Operaci\u00f3n Delorme, sugiriendo que el PSOE fue instrumentalizado para sostener la red. En instituciones, el nombramiento de Dolores Delgado como Fiscal General en 2020 gener\u00f3 cr\u00edticas por posible conflicto de inter\u00e9s. La Fiscal\u00eda, bajo su direcci\u00f3n, intent\u00f3 archivar la denuncia contra Bego\u00f1a G\u00f3mez y se opuso a investigar a \u00c1balos en el Delcygate. Aunque los tribunales archivaron este caso, la percepci\u00f3n de protecci\u00f3n institucional persiste y se acent\u00faa con el actual y procesado Fiscal General del Estado encumbrado por Dolores Delgado. Los medios afines han minimizado los esc\u00e1ndalos. La presencia de Aldama en el Delcygate, revelada por la ONIF en 2024, no fue cubierta inicialmente por la prensa. Cambios en RTVE y relaciones con cadenas privadas han alineado la narrativa medi\u00e1tica con&#8230;<\/p>\n","protected":false},"author":77,"featured_media":89763,"comment_status":"open","ping_status":"open","sticky":false,"template":"","format":"standard","meta":{"_FSMCFIC_featured_image_caption":"","_FSMCFIC_featured_image_nocaption":"","_FSMCFIC_featured_image_hide":"","footnotes":""},"categories":[806],"tags":[1279],"class_list":["post-89759","post","type-post","status-publish","format-standard","has-post-thumbnail","hentry","category-punts-claus-del-dia-es","tag-corrupcion"],"yoast_head":"<!-- This site is optimized with the Yoast SEO plugin v26.8 - https:\/\/yoast.com\/product\/yoast-seo-wordpress\/ -->\n<title>Pedro S\u00e1nchez y el modelo de poder 2018\u20132025<\/title>\n<meta name=\"description\" content=\"Hip\u00f3tesis de un modelo de poder articulado en torno a S\u00e1nchez, con implicaciones para el PSOE, redes empresariales, medios de comunicaci\u00f3n.\" \/>\n<meta name=\"robots\" content=\"index, follow, max-snippet:-1, max-image-preview:large, max-video-preview:-1\" \/>\n<link rel=\"canonical\" href=\"https:\/\/conversesacatalunya.cat\/es\/modelo-de-poder-en-torno-al-gobierno-sanchez-2018-2025\/\" \/>\n<meta property=\"og:locale\" content=\"es_ES\" \/>\n<meta property=\"og:type\" content=\"article\" \/>\n<meta property=\"og:title\" content=\"Pedro S\u00e1nchez y el modelo de poder 2018\u20132025\" \/>\n<meta property=\"og:description\" content=\"Hip\u00f3tesis de un modelo de poder articulado en torno a S\u00e1nchez, con implicaciones para el PSOE, redes empresariales, medios de comunicaci\u00f3n.\" \/>\n<meta property=\"og:url\" content=\"https:\/\/conversesacatalunya.cat\/es\/modelo-de-poder-en-torno-al-gobierno-sanchez-2018-2025\/\" \/>\n<meta property=\"og:site_name\" content=\"Converses a Catalunya\" \/>\n<meta property=\"article:published_time\" content=\"2025-06-26T09:41:53+00:00\" \/>\n<meta property=\"article:modified_time\" content=\"2025-06-26T10:10:20+00:00\" \/>\n<meta property=\"og:image\" content=\"https:\/\/conversesacatalunya.cat\/wp-content\/uploads\/2025\/06\/kermit-198605_640.jpg\" \/>\n\t<meta property=\"og:image:width\" content=\"640\" \/>\n\t<meta property=\"og:image:height\" content=\"480\" \/>\n\t<meta property=\"og:image:type\" content=\"image\/jpeg\" \/>\n<meta name=\"author\" content=\"Enric Casanovas\" \/>\n<meta name=\"twitter:card\" content=\"summary_large_image\" \/>\n<meta name=\"twitter:label1\" content=\"Escrito por\" \/>\n\t<meta name=\"twitter:data1\" content=\"Enric Casanovas\" \/>\n\t<meta name=\"twitter:label2\" content=\"Tiempo de lectura\" \/>\n\t<meta name=\"twitter:data2\" content=\"6 minutos\" \/>\n<script type=\"application\/ld+json\" class=\"yoast-schema-graph\">{\"@context\":\"https:\/\/schema.org\",\"@graph\":[{\"@type\":\"Article\",\"@id\":\"https:\/\/conversesacatalunya.cat\/es\/modelo-de-poder-en-torno-al-gobierno-sanchez-2018-2025\/#article\",\"isPartOf\":{\"@id\":\"https:\/\/conversesacatalunya.cat\/es\/modelo-de-poder-en-torno-al-gobierno-sanchez-2018-2025\/\"},\"author\":{\"name\":\"Enric Casanovas\",\"@id\":\"https:\/\/conversesacatalunya.cat\/#\/schema\/person\/79bd0577b2f3afc8d6519d207c6e8609\"},\"headline\":\"Hip\u00f3tesis. Un modelo de poder en torno al Gobierno de S\u00e1nchez (2018\u20132025)\",\"datePublished\":\"2025-06-26T09:41:53+00:00\",\"dateModified\":\"2025-06-26T10:10:20+00:00\",\"mainEntityOfPage\":{\"@id\":\"https:\/\/conversesacatalunya.cat\/es\/modelo-de-poder-en-torno-al-gobierno-sanchez-2018-2025\/\"},\"wordCount\":1246,\"commentCount\":0,\"image\":{\"@id\":\"https:\/\/conversesacatalunya.cat\/es\/modelo-de-poder-en-torno-al-gobierno-sanchez-2018-2025\/#primaryimage\"},\"thumbnailUrl\":\"https:\/\/conversesacatalunya.cat\/wp-content\/uploads\/2025\/06\/kermit-198605_640.jpg\",\"keywords\":[\"corrupci\u00f3n\"],\"articleSection\":[\"Punts clau del dia (ES)\"],\"inLanguage\":\"es\",\"potentialAction\":[{\"@type\":\"CommentAction\",\"name\":\"Comment\",\"target\":[\"https:\/\/conversesacatalunya.cat\/es\/modelo-de-poder-en-torno-al-gobierno-sanchez-2018-2025\/#respond\"]}]},{\"@type\":\"WebPage\",\"@id\":\"https:\/\/conversesacatalunya.cat\/es\/modelo-de-poder-en-torno-al-gobierno-sanchez-2018-2025\/\",\"url\":\"https:\/\/conversesacatalunya.cat\/es\/modelo-de-poder-en-torno-al-gobierno-sanchez-2018-2025\/\",\"name\":\"Pedro S\u00e1nchez y el modelo de poder 2018\u20132025\",\"isPartOf\":{\"@id\":\"https:\/\/conversesacatalunya.cat\/#website\"},\"primaryImageOfPage\":{\"@id\":\"https:\/\/conversesacatalunya.cat\/es\/modelo-de-poder-en-torno-al-gobierno-sanchez-2018-2025\/#primaryimage\"},\"image\":{\"@id\":\"https:\/\/conversesacatalunya.cat\/es\/modelo-de-poder-en-torno-al-gobierno-sanchez-2018-2025\/#primaryimage\"},\"thumbnailUrl\":\"https:\/\/conversesacatalunya.cat\/wp-content\/uploads\/2025\/06\/kermit-198605_640.jpg\",\"datePublished\":\"2025-06-26T09:41:53+00:00\",\"dateModified\":\"2025-06-26T10:10:20+00:00\",\"author\":{\"@id\":\"https:\/\/conversesacatalunya.cat\/#\/schema\/person\/79bd0577b2f3afc8d6519d207c6e8609\"},\"description\":\"Hip\u00f3tesis de un modelo de poder articulado en torno a S\u00e1nchez, con implicaciones para el PSOE, redes empresariales, medios de comunicaci\u00f3n.\",\"breadcrumb\":{\"@id\":\"https:\/\/conversesacatalunya.cat\/es\/modelo-de-poder-en-torno-al-gobierno-sanchez-2018-2025\/#breadcrumb\"},\"inLanguage\":\"es\",\"potentialAction\":[{\"@type\":\"ReadAction\",\"target\":[\"https:\/\/conversesacatalunya.cat\/es\/modelo-de-poder-en-torno-al-gobierno-sanchez-2018-2025\/\"]}]},{\"@type\":\"ImageObject\",\"inLanguage\":\"es\",\"@id\":\"https:\/\/conversesacatalunya.cat\/es\/modelo-de-poder-en-torno-al-gobierno-sanchez-2018-2025\/#primaryimage\",\"url\":\"https:\/\/conversesacatalunya.cat\/wp-content\/uploads\/2025\/06\/kermit-198605_640.jpg\",\"contentUrl\":\"https:\/\/conversesacatalunya.cat\/wp-content\/uploads\/2025\/06\/kermit-198605_640.jpg\",\"width\":640,\"height\":480,\"caption\":\"modelo de poder S\u00e1nchez\"},{\"@type\":\"BreadcrumbList\",\"@id\":\"https:\/\/conversesacatalunya.cat\/es\/modelo-de-poder-en-torno-al-gobierno-sanchez-2018-2025\/#breadcrumb\",\"itemListElement\":[{\"@type\":\"ListItem\",\"position\":1,\"name\":\"Inici\",\"item\":\"https:\/\/conversesacatalunya.cat\/es\/\"},{\"@type\":\"ListItem\",\"position\":2,\"name\":\"Hip\u00f3tesis. Un modelo de poder en torno al Gobierno de S\u00e1nchez (2018\u20132025)\"}]},{\"@type\":\"WebSite\",\"@id\":\"https:\/\/conversesacatalunya.cat\/#website\",\"url\":\"https:\/\/conversesacatalunya.cat\/\",\"name\":\"Converses a Catalunya\",\"description\":\"\",\"potentialAction\":[{\"@type\":\"SearchAction\",\"target\":{\"@type\":\"EntryPoint\",\"urlTemplate\":\"https:\/\/conversesacatalunya.cat\/?s={search_term_string}\"},\"query-input\":{\"@type\":\"PropertyValueSpecification\",\"valueRequired\":true,\"valueName\":\"search_term_string\"}}],\"inLanguage\":\"es\"},{\"@type\":\"Person\",\"@id\":\"https:\/\/conversesacatalunya.cat\/#\/schema\/person\/79bd0577b2f3afc8d6519d207c6e8609\",\"name\":\"Enric Casanovas\",\"image\":{\"@type\":\"ImageObject\",\"inLanguage\":\"es\",\"@id\":\"https:\/\/conversesacatalunya.cat\/#\/schema\/person\/image\/\",\"url\":\"https:\/\/conversesacatalunya.cat\/wp-content\/litespeed\/avatar\/7ae4379ad4421ec77820e92afd36dd78.jpg?ver=1777373933\",\"contentUrl\":\"https:\/\/conversesacatalunya.cat\/wp-content\/litespeed\/avatar\/7ae4379ad4421ec77820e92afd36dd78.jpg?ver=1777373933\",\"caption\":\"Enric Casanovas\"},\"url\":\"https:\/\/conversesacatalunya.cat\/es\/author\/enric-casanovas\/\"}]}<\/script>\n<!-- \/ Yoast SEO plugin. -->","yoast_head_json":{"title":"Pedro S\u00e1nchez y el modelo de poder 2018\u20132025","description":"Hip\u00f3tesis de un modelo de poder articulado en torno a S\u00e1nchez, con implicaciones para el PSOE, redes empresariales, medios de comunicaci\u00f3n.","robots":{"index":"index","follow":"follow","max-snippet":"max-snippet:-1","max-image-preview":"max-image-preview:large","max-video-preview":"max-video-preview:-1"},"canonical":"https:\/\/conversesacatalunya.cat\/es\/modelo-de-poder-en-torno-al-gobierno-sanchez-2018-2025\/","og_locale":"es_ES","og_type":"article","og_title":"Pedro S\u00e1nchez y el modelo de poder 2018\u20132025","og_description":"Hip\u00f3tesis de un modelo de poder articulado en torno a S\u00e1nchez, con implicaciones para el PSOE, redes empresariales, medios de comunicaci\u00f3n.","og_url":"https:\/\/conversesacatalunya.cat\/es\/modelo-de-poder-en-torno-al-gobierno-sanchez-2018-2025\/","og_site_name":"Converses a Catalunya","article_published_time":"2025-06-26T09:41:53+00:00","article_modified_time":"2025-06-26T10:10:20+00:00","og_image":[{"width":640,"height":480,"url":"https:\/\/conversesacatalunya.cat\/wp-content\/uploads\/2025\/06\/kermit-198605_640.jpg","type":"image\/jpeg"}],"author":"Enric Casanovas","twitter_card":"summary_large_image","twitter_misc":{"Escrito por":"Enric Casanovas","Tiempo de lectura":"6 minutos"},"schema":{"@context":"https:\/\/schema.org","@graph":[{"@type":"Article","@id":"https:\/\/conversesacatalunya.cat\/es\/modelo-de-poder-en-torno-al-gobierno-sanchez-2018-2025\/#article","isPartOf":{"@id":"https:\/\/conversesacatalunya.cat\/es\/modelo-de-poder-en-torno-al-gobierno-sanchez-2018-2025\/"},"author":{"name":"Enric Casanovas","@id":"https:\/\/conversesacatalunya.cat\/#\/schema\/person\/79bd0577b2f3afc8d6519d207c6e8609"},"headline":"Hip\u00f3tesis. Un modelo de poder en torno al Gobierno de S\u00e1nchez (2018\u20132025)","datePublished":"2025-06-26T09:41:53+00:00","dateModified":"2025-06-26T10:10:20+00:00","mainEntityOfPage":{"@id":"https:\/\/conversesacatalunya.cat\/es\/modelo-de-poder-en-torno-al-gobierno-sanchez-2018-2025\/"},"wordCount":1246,"commentCount":0,"image":{"@id":"https:\/\/conversesacatalunya.cat\/es\/modelo-de-poder-en-torno-al-gobierno-sanchez-2018-2025\/#primaryimage"},"thumbnailUrl":"https:\/\/conversesacatalunya.cat\/wp-content\/uploads\/2025\/06\/kermit-198605_640.jpg","keywords":["corrupci\u00f3n"],"articleSection":["Punts clau del dia (ES)"],"inLanguage":"es","potentialAction":[{"@type":"CommentAction","name":"Comment","target":["https:\/\/conversesacatalunya.cat\/es\/modelo-de-poder-en-torno-al-gobierno-sanchez-2018-2025\/#respond"]}]},{"@type":"WebPage","@id":"https:\/\/conversesacatalunya.cat\/es\/modelo-de-poder-en-torno-al-gobierno-sanchez-2018-2025\/","url":"https:\/\/conversesacatalunya.cat\/es\/modelo-de-poder-en-torno-al-gobierno-sanchez-2018-2025\/","name":"Pedro S\u00e1nchez y el modelo de poder 2018\u20132025","isPartOf":{"@id":"https:\/\/conversesacatalunya.cat\/#website"},"primaryImageOfPage":{"@id":"https:\/\/conversesacatalunya.cat\/es\/modelo-de-poder-en-torno-al-gobierno-sanchez-2018-2025\/#primaryimage"},"image":{"@id":"https:\/\/conversesacatalunya.cat\/es\/modelo-de-poder-en-torno-al-gobierno-sanchez-2018-2025\/#primaryimage"},"thumbnailUrl":"https:\/\/conversesacatalunya.cat\/wp-content\/uploads\/2025\/06\/kermit-198605_640.jpg","datePublished":"2025-06-26T09:41:53+00:00","dateModified":"2025-06-26T10:10:20+00:00","author":{"@id":"https:\/\/conversesacatalunya.cat\/#\/schema\/person\/79bd0577b2f3afc8d6519d207c6e8609"},"description":"Hip\u00f3tesis de un modelo de poder articulado en torno a S\u00e1nchez, con implicaciones para el PSOE, redes empresariales, medios de comunicaci\u00f3n.","breadcrumb":{"@id":"https:\/\/conversesacatalunya.cat\/es\/modelo-de-poder-en-torno-al-gobierno-sanchez-2018-2025\/#breadcrumb"},"inLanguage":"es","potentialAction":[{"@type":"ReadAction","target":["https:\/\/conversesacatalunya.cat\/es\/modelo-de-poder-en-torno-al-gobierno-sanchez-2018-2025\/"]}]},{"@type":"ImageObject","inLanguage":"es","@id":"https:\/\/conversesacatalunya.cat\/es\/modelo-de-poder-en-torno-al-gobierno-sanchez-2018-2025\/#primaryimage","url":"https:\/\/conversesacatalunya.cat\/wp-content\/uploads\/2025\/06\/kermit-198605_640.jpg","contentUrl":"https:\/\/conversesacatalunya.cat\/wp-content\/uploads\/2025\/06\/kermit-198605_640.jpg","width":640,"height":480,"caption":"modelo de poder S\u00e1nchez"},{"@type":"BreadcrumbList","@id":"https:\/\/conversesacatalunya.cat\/es\/modelo-de-poder-en-torno-al-gobierno-sanchez-2018-2025\/#breadcrumb","itemListElement":[{"@type":"ListItem","position":1,"name":"Inici","item":"https:\/\/conversesacatalunya.cat\/es\/"},{"@type":"ListItem","position":2,"name":"Hip\u00f3tesis. Un modelo de poder en torno al Gobierno de S\u00e1nchez (2018\u20132025)"}]},{"@type":"WebSite","@id":"https:\/\/conversesacatalunya.cat\/#website","url":"https:\/\/conversesacatalunya.cat\/","name":"Converses a Catalunya","description":"","potentialAction":[{"@type":"SearchAction","target":{"@type":"EntryPoint","urlTemplate":"https:\/\/conversesacatalunya.cat\/?s={search_term_string}"},"query-input":{"@type":"PropertyValueSpecification","valueRequired":true,"valueName":"search_term_string"}}],"inLanguage":"es"},{"@type":"Person","@id":"https:\/\/conversesacatalunya.cat\/#\/schema\/person\/79bd0577b2f3afc8d6519d207c6e8609","name":"Enric Casanovas","image":{"@type":"ImageObject","inLanguage":"es","@id":"https:\/\/conversesacatalunya.cat\/#\/schema\/person\/image\/","url":"https:\/\/conversesacatalunya.cat\/wp-content\/litespeed\/avatar\/7ae4379ad4421ec77820e92afd36dd78.jpg?ver=1777373933","contentUrl":"https:\/\/conversesacatalunya.cat\/wp-content\/litespeed\/avatar\/7ae4379ad4421ec77820e92afd36dd78.jpg?ver=1777373933","caption":"Enric Casanovas"},"url":"https:\/\/conversesacatalunya.cat\/es\/author\/enric-casanovas\/"}]}},"wps_subtitle":"Si las imputaciones que existen resultaran ciertas, lo que est\u00e1 por confirmar, estar\u00edamos, no ante tres improbables \u201csolitarios aprovechados\u201d, sino en un\u00a0 entramado de poder que tiene como eje a Pedro S\u00e1nchez","_links":{"self":[{"href":"https:\/\/conversesacatalunya.cat\/es\/wp-json\/wp\/v2\/posts\/89759","targetHints":{"allow":["GET"]}}],"collection":[{"href":"https:\/\/conversesacatalunya.cat\/es\/wp-json\/wp\/v2\/posts"}],"about":[{"href":"https:\/\/conversesacatalunya.cat\/es\/wp-json\/wp\/v2\/types\/post"}],"author":[{"embeddable":true,"href":"https:\/\/conversesacatalunya.cat\/es\/wp-json\/wp\/v2\/users\/77"}],"replies":[{"embeddable":true,"href":"https:\/\/conversesacatalunya.cat\/es\/wp-json\/wp\/v2\/comments?post=89759"}],"version-history":[{"count":6,"href":"https:\/\/conversesacatalunya.cat\/es\/wp-json\/wp\/v2\/posts\/89759\/revisions"}],"predecessor-version":[{"id":89773,"href":"https:\/\/conversesacatalunya.cat\/es\/wp-json\/wp\/v2\/posts\/89759\/revisions\/89773"}],"wp:featuredmedia":[{"embeddable":true,"href":"https:\/\/conversesacatalunya.cat\/es\/wp-json\/wp\/v2\/media\/89763"}],"wp:attachment":[{"href":"https:\/\/conversesacatalunya.cat\/es\/wp-json\/wp\/v2\/media?parent=89759"}],"wp:term":[{"taxonomy":"category","embeddable":true,"href":"https:\/\/conversesacatalunya.cat\/es\/wp-json\/wp\/v2\/categories?post=89759"},{"taxonomy":"post_tag","embeddable":true,"href":"https:\/\/conversesacatalunya.cat\/es\/wp-json\/wp\/v2\/tags?post=89759"}],"curies":[{"name":"wp","href":"https:\/\/api.w.org\/{rel}","templated":true}]}}