{"id":89728,"date":"2025-06-26T12:21:32","date_gmt":"2025-06-26T10:21:32","guid":{"rendered":"https:\/\/conversesacatalunya.cat\/?p=89728"},"modified":"2025-06-26T12:46:31","modified_gmt":"2025-06-26T10:46:31","slug":"la-voz-de-los-obispos-arguello-y-el-eco-editorial-de-la-vanguardia","status":"publish","type":"post","link":"https:\/\/conversesacatalunya.cat\/es\/la-voz-de-los-obispos-arguello-y-el-eco-editorial-de-la-vanguardia\/","title":{"rendered":"La voz de los obispos, la corrupci\u00f3n del poder y el eco editorial de La Vanguardia"},"content":{"rendered":"<p>Cuando monse\u00f1or Luis Arg\u00fcello, presidente de la Conferencia Episcopal Espa\u00f1ola (CEE), alz\u00f3 la voz para pedir elecciones anticipadas ante <a href=\"https:\/\/conversesacatalunya.cat\/es\/corrupcion-sistemica-en-el-psoe-de-sanchez-un-analisis-exhaustivo\/\" target=\"_blank\" rel=\"noopener\">la creciente ola de corrupci\u00f3n vinculada al PSOE<\/a>, no habl\u00f3 en nombre de una ideolog\u00eda, sino desde una convicci\u00f3n:<strong> la necesidad de devolver la palabra al pueblo en medio de un bloqueo institucional profundo<\/strong>.<\/p>\n<p>Su llamado no fue aislado ni improvisado. Lo respald\u00f3, con firmeza, el secretario general de la CEE, Francisco C\u00e9sar Garc\u00eda Mag\u00e1n, quien denunci\u00f3 que \u201cla corrupci\u00f3n es uno de los c\u00e1nceres de la democracia\u201d y que \u201cel principal elemento en una democracia es que hablen los ciudadanos\u201d.<\/p>\n<h5><strong>Pero estas declaraciones, lejos de ser recogidas como una leg\u00edtima preocupaci\u00f3n social y moral, desataron una oleada de cr\u00edticas por parte del Gobierno. <\/strong><\/h5>\n<p>El ministro <strong>F\u00e9lix Bola\u00f1os<\/strong> reaccion\u00f3 acusando a los obispos de romper la neutralidad institucional y de estar en <strong>\u201ccomuni\u00f3n espiritual y pol\u00edtica con la derecha y la ultraderecha\u201d<\/strong>. Bajo ese prisma, incluso un simple llamado a elecciones pod\u00eda ser interpretado como un gesto reaccionario. M\u00e1s a\u00fan, se intent\u00f3 deslegitimar su postura atribuy\u00e9ndola al supuesto malestar de la Iglesia por las investigaciones de abusos o su rechazo a las terapias de conversi\u00f3n. <strong>Todo, menos asumir que hay un problema de fondo que afecta gravemente a la salud democr\u00e1tica del pa\u00eds.<\/strong><\/p>\n<h4><strong>En este marco, <em>La Vanguardia<\/em> jug\u00f3 un papel central.<\/strong><\/h4>\n<p>No se limit\u00f3 a informar, sino que intervino activamente en el relato. El peri\u00f3dico catal\u00e1n, alineado de manera habitual con las tesis del Gobierno, <strong>public\u00f3 una pieza de alto contenido pol\u00edtico en la que el arzobispo de Tarragona, Joan Planellas, desautorizaba p\u00fablicamente a la c\u00fapula de la CEE<\/strong>. A trav\u00e9s de una entrevista gestionada por Enric Juliana \u2014referente del relato sanchista en la prensa\u2014, Planellas afirm\u00f3 que \u201cla Iglesia no debe entrar en pol\u00edtica\u201d y que las declaraciones de Arg\u00fcello se hab\u00edan hecho a t\u00edtulo personal, sin representar al conjunto de los obispos.<\/p>\n<h5>La maniobra fue clara: desactivar el impacto institucional de las palabras de Arg\u00fcello <strong>presentando una supuesta divisi\u00f3n interna<\/strong>.<\/h5>\n<p><em>La Vanguardia<\/em> titul\u00f3 la pieza como<strong> \u201cObispos catalanes se desmarcan de la incursi\u00f3n pol\u00edtica ideada por Arg\u00fcello\u201d<\/strong>, pese a que ning\u00fan otro obispo catal\u00e1n suscribi\u00f3 la declaraci\u00f3n de Planellas. La desproporci\u00f3n entre el hecho y el titular revela una intencionalidad narrativa: diluir el contenido del mensaje episcopal bajo la apariencia de fragmentaci\u00f3n y falta de legitimidad.<\/p>\n<p><span>De hecho, esta tesis del arzobispo de Tarragona, solo fue compartida\u00a0<\/span><span>en\u00a0declaraciones a p\u00e1gina entera\u00a0en La Vanguardia por el l\u00edder del peque\u00f1o partido\u00a0<b>Units per avan\u00e7ar, <\/b>que constituye un ap\u00e9ndice\u00a0del PSC. <strong>Ramon\u00a0Espadaler,<\/strong> su l\u00edder y\u00a0consejero de Justicia\u00a0del Gobierno de\u00a0Illa,\u00a0tambi\u00e9n consideraba que\u00a0la\u00a0pol\u00edtica no deb\u00eda dictar a la iglesia lo que deber\u00eda de hacer, cuando en realidad de lo que se trata en este caso es de qu\u00e9 personas destacadas de la Iglesia dicen en qu\u00e9 ha de consistir la pol\u00edtica entendida de acuerdo con la doctrina social. Todo esto es en realidad un juego de espejos en que una misma imagen se refleja m\u00e1s o menos deformada en otra para expresar siempre el mismo resultado en este caso: <strong>hoy de elecciones ni hablar, esto es hacer pol\u00edtica.<\/strong><\/span><\/p>\n<p>Lo parad\u00f3jico es que, en su af\u00e1n por separar a la Iglesia de la pol\u00edtica, Planellas incurri\u00f3 en un error doctrinal de peso. La Doctrina Social de la Iglesia \u2014una de sus ense\u00f1anzas m\u00e1s desarrolladas y reiteradas por los \u00faltimos papas\u2014 afirma que la acci\u00f3n pol\u00edtica es una forma elevada de caridad cristiana. <strong>Relegar a la Iglesia al margen de los debates p\u00fablicos, sobre todo cuando se trata del bien com\u00fan, es un acto de omisi\u00f3n grave.<\/strong> Confundir pol\u00edtica con partidismo, o equidad moral con neutralidad pasiva, no solo empobrece el papel de los creyentes en la vida p\u00fablica, sino que traiciona el sentido cristiano de la ciudadan\u00eda.<\/p>\n<p>El silencio que sigui\u00f3 a las palabras de Planellas por parte del resto de la Conferencia Episcopal Catalana fue, en s\u00ed mismo, revelador. Mientras unos callaban, otros, como los obispos Ignacio Munilla o Jes\u00fas Sanz, respaldaban sin ambages la posici\u00f3n de Arg\u00fcello. <strong>La prensa generalista, sin embargo, se centr\u00f3 en amplificar la \u201crectificaci\u00f3n\u201d catalana, usando <em>La Vanguardia<\/em> como altavoz privilegiado de la estrategia comunicativa del Gobierno.<\/strong><\/p>\n<p>En este contexto,<a href=\"https:\/\/elcorrent.org\/es\/declaracion-de-la-corriente-social-cristiana-ante-la-crisis-institucional-elecciones-y-regeneracion-politica-ya\/\" target=\"_blank\" rel=\"noopener\"> la declaraci\u00f3n de la Corriente Social Cristiana (CSC)<\/a> cobr\u00f3 especial relevancia. Con un t\u00edtulo elocuente \u2014<strong>\u201cAnte la crisis institucional: elecciones y regeneraci\u00f3n pol\u00edtica ya\u201d<\/strong>\u2014 el documento trazaba una radiograf\u00eda del momento pol\u00edtico espa\u00f1ol: un sistema bloqueado, una partitocracia disfuncional, y un Ejecutivo cada vez m\u00e1s alejado de los principios de responsabilidad y transparencia.<\/p>\n<p>Sin acusar directamente al presidente S\u00e1nchez de corrupci\u00f3n, el texto s\u00ed le reprocha una <strong>\u201cceguera pol\u00edtica\u201d<\/strong> que compromete su capacidad de gobierno. Le recuerda que <strong>\u201cgobernar exige saber, prever, vigilar y actuar\u201d<\/strong> y que escudarse en el victimismo no es una respuesta v\u00e1lida frente a los esc\u00e1ndalos que socavan la legitimidad democr\u00e1tica.<\/p>\n<p><strong>La CSC va m\u00e1s all\u00e1 de lo electoral.<\/strong> Llama a una regeneraci\u00f3n moral y pol\u00edtica, basada en el compromiso c\u00edvico, y <strong>respalda incluso formas de desobediencia civil si fuese necesario.<\/strong> Reivindica, desde la Doctrina Social, que \u201cla autoridad solo es leg\u00edtima si se orienta al bien com\u00fan\u201d y que la corrupci\u00f3n es \u201cuna de las se\u00f1ales m\u00e1s graves de la decadencia moral\u201d (Compendio n.\u00ba 411). El <em>Catecismo<\/em> no deja lugar a dudas: soborno, fraude y enriquecimiento il\u00edcito violan el s\u00e9ptimo mandamiento.<\/p>\n<h5><strong>En esta l\u00ednea, lo que <em>La Vanguardia<\/em> retrat\u00f3 como una \u201cincursi\u00f3n pol\u00edtica\u201d fue, en realidad, un ejercicio leg\u00edtimo de responsabilidad eclesial. <\/strong><\/h5>\n<p>La postura de Arg\u00fcello no representa una ruptura con la neutralidad, sino un compromiso con el bien com\u00fan, en coherencia con la tradici\u00f3n de la Iglesia. Como han hecho otras conferencias episcopales en Europa \u2014en Italia frente a la corrupci\u00f3n o en Polonia frente al deterioro del sistema judicial\u2014,<strong> la voz de los obispos puede y debe se\u00f1alar los desv\u00edos \u00e9ticos del poder.<\/strong><\/p>\n<p>Porque cuando la corrupci\u00f3n institucional alcanza niveles estructurales,<strong> callar no es neutralidad: es complicidad<\/strong>. Y lo que algunos medios, como <em>La Vanguardia<\/em>, intentan presentar como prudencia, puede no ser otra cosa que servidumbre disfrazada de moderaci\u00f3n.<\/p>\n<span class='bctt-click-to-tweet'><span class='bctt-ctt-text'><a href='https:\/\/twitter.com\/intent\/tweet?url=https%3A%2F%2Fconversesacatalunya.cat%2Fes%2Fla-voz-de-los-obispos-arguello-y-el-eco-editorial-de-la-vanguardia%2F&#038;text=%E2%80%9CCuando%20los%20obispos%20piden%20elecciones%2C%20La%20Vanguardia%20responde%20como%20un%20actor%20pol%C3%ADtico%20m%C3%A1s.%E2%80%9D%20%23LaVanguardia%20%23CEE%20%23Corrupci%C3%B3nPol%C3%ADtica%20%23Espa%C3%B1a%20%23EleccionesYa%20&#038;via=conversesacat&#038;related=conversesacat' target='_blank'rel=\"noopener noreferrer\">\u201cCuando los obispos piden elecciones, La Vanguardia responde como un actor pol\u00edtico m\u00e1s.\u201d #LaVanguardia #CEE #Corrupci\u00f3nPol\u00edtica #Espa\u00f1a #EleccionesYa  <\/a><\/span><a href='https:\/\/twitter.com\/intent\/tweet?url=https%3A%2F%2Fconversesacatalunya.cat%2Fes%2Fla-voz-de-los-obispos-arguello-y-el-eco-editorial-de-la-vanguardia%2F&#038;text=%E2%80%9CCuando%20los%20obispos%20piden%20elecciones%2C%20La%20Vanguardia%20responde%20como%20un%20actor%20pol%C3%ADtico%20m%C3%A1s.%E2%80%9D%20%23LaVanguardia%20%23CEE%20%23Corrupci%C3%B3nPol%C3%ADtica%20%23Espa%C3%B1a%20%23EleccionesYa%20&#038;via=conversesacat&#038;related=conversesacat' target='_blank' class='bctt-ctt-btn'rel=\"noopener noreferrer\">Compartir en X<\/a><\/span>\n<div id=\"polls-289\" class=\"wp-polls\">\n\t<form id=\"polls_form_289\" class=\"wp-polls-form\" action=\"\/index.php\" method=\"post\">\n\t\t<p style=\"display: none;\"><input type=\"hidden\" id=\"poll_289_nonce\" name=\"wp-polls-nonce\" value=\"40ba37c5f8\" \/><\/p>\n\t\t<p style=\"display: none;\"><input type=\"hidden\" name=\"poll_id\" value=\"289\" \/><\/p>\n\t\t<p style=\"text-align: center\"><strong>Creus que \u00e9s democr\u00e0tic i leg\u00edtim aprovar nova despesa militar sense passar pel Congr\u00e9s?<\/strong><\/p><div id=\"polls-289-ans\" class=\"wp-polls-ans\"><ul class=\"wp-polls-ul\">\n\t\t<li><input type=\"radio\" id=\"poll-answer-824\" name=\"poll_289\" value=\"824\" \/> <label for=\"poll-answer-824\">S\u00ed<\/label><\/li>\n\t\t<li><input type=\"radio\" id=\"poll-answer-825\" name=\"poll_289\" value=\"825\" \/> <label for=\"poll-answer-825\">No<\/label><\/li>\n\t\t<li><input type=\"radio\" id=\"poll-answer-826\" name=\"poll_289\" value=\"826\" \/> <label for=\"poll-answer-826\">No ho s\u00e9<\/label><\/li>\n\t\t<\/ul><p style=\"text-align: center\"><input type=\"button\" name=\"vote\" value=\"   Vota   \" class=\"Buttons\" onclick=\"poll_vote(289);\" \/><\/p><p style=\"text-align: center\"><a href=\"#ViewPollResults\" onclick=\"poll_result(289); return false;\" title=\"View Results Of This Poll\">Mira els resultats<\/a><\/p><\/div>\n\t<\/form>\n<\/div>\n<div id=\"polls-289-loading\" class=\"wp-polls-loading\"><img decoding=\"async\" data-src=\"https:\/\/conversesacatalunya.cat\/wp-content\/plugins\/wp-polls\/images\/loading.gif\" width=\"16\" height=\"16\" alt=\"Cargando ...\" title=\"Cargando ...\" class=\"wp-polls-image lazyload\" src=\"data:image\/svg+xml;base64,PHN2ZyB3aWR0aD0iMSIgaGVpZ2h0PSIxIiB4bWxucz0iaHR0cDovL3d3dy53My5vcmcvMjAwMC9zdmciPjwvc3ZnPg==\" style=\"--smush-placeholder-width: 16px; --smush-placeholder-aspect-ratio: 16\/16;\" \/>&nbsp;Cargando ...<\/div>\n\n","protected":false},"excerpt":{"rendered":"<p>Cuando monse\u00f1or Luis Arg\u00fcello, presidente de la Conferencia Episcopal Espa\u00f1ola (CEE), alz\u00f3 la voz para pedir elecciones anticipadas ante la creciente ola de corrupci\u00f3n vinculada al PSOE, no habl\u00f3 en nombre de una ideolog\u00eda, sino desde una convicci\u00f3n: la necesidad de devolver la palabra al pueblo en medio de un bloqueo institucional profundo. Su llamado no fue aislado ni improvisado. Lo respald\u00f3, con firmeza, el secretario general de la CEE, Francisco C\u00e9sar Garc\u00eda Mag\u00e1n, quien denunci\u00f3 que \u201cla corrupci\u00f3n es uno de los c\u00e1nceres de la democracia\u201d y que \u201cel principal elemento en una democracia es que hablen los ciudadanos\u201d. Pero estas declaraciones, lejos de ser recogidas como una leg\u00edtima preocupaci\u00f3n social y moral, desataron una oleada de cr\u00edticas por parte del Gobierno. El ministro F\u00e9lix Bola\u00f1os reaccion\u00f3 acusando a los obispos de romper la neutralidad institucional y de estar en \u201ccomuni\u00f3n espiritual y pol\u00edtica con la derecha y la ultraderecha\u201d. Bajo ese prisma, incluso un simple llamado a elecciones pod\u00eda ser interpretado como un gesto reaccionario. M\u00e1s a\u00fan, se intent\u00f3 deslegitimar su postura atribuy\u00e9ndola al supuesto malestar de la Iglesia por las investigaciones de abusos o su rechazo a las terapias de conversi\u00f3n. Todo, menos asumir que hay un problema de fondo que afecta gravemente a la salud democr\u00e1tica del pa\u00eds. En este marco, La Vanguardia jug\u00f3 un papel central. No se limit\u00f3 a informar, sino que intervino activamente en el relato. El peri\u00f3dico catal\u00e1n, alineado de manera habitual con las tesis del Gobierno, public\u00f3 una pieza de alto contenido pol\u00edtico en la que el arzobispo de Tarragona, Joan Planellas, desautorizaba p\u00fablicamente a la c\u00fapula de la CEE. A trav\u00e9s de una entrevista gestionada por Enric Juliana \u2014referente del relato sanchista en la prensa\u2014, Planellas afirm\u00f3 que \u201cla Iglesia no debe entrar en pol\u00edtica\u201d y que las declaraciones de Arg\u00fcello se hab\u00edan hecho a t\u00edtulo personal, sin representar al conjunto de los obispos. La maniobra fue clara: desactivar el impacto institucional de las palabras de Arg\u00fcello presentando una supuesta divisi\u00f3n interna. La Vanguardia titul\u00f3 la pieza como \u201cObispos catalanes se desmarcan de la incursi\u00f3n pol\u00edtica ideada por Arg\u00fcello\u201d, pese a que ning\u00fan otro obispo catal\u00e1n suscribi\u00f3 la declaraci\u00f3n de Planellas. La desproporci\u00f3n entre el hecho y el titular revela una intencionalidad narrativa: diluir el contenido del mensaje episcopal bajo la apariencia de fragmentaci\u00f3n y falta de legitimidad. De hecho, esta tesis del arzobispo de Tarragona, solo fue compartida\u00a0en\u00a0declaraciones a p\u00e1gina entera\u00a0en La Vanguardia por el l\u00edder del peque\u00f1o partido\u00a0Units per avan\u00e7ar, que constituye un ap\u00e9ndice\u00a0del PSC. Ramon\u00a0Espadaler, su l\u00edder y\u00a0consejero de Justicia\u00a0del Gobierno de\u00a0Illa,\u00a0tambi\u00e9n consideraba que\u00a0la\u00a0pol\u00edtica no deb\u00eda dictar a la iglesia lo que deber\u00eda de hacer, cuando en realidad de lo que se trata en este caso es de qu\u00e9 personas destacadas de la Iglesia dicen en qu\u00e9 ha de consistir la pol\u00edtica entendida de acuerdo con la doctrina social. Todo esto es en realidad un juego de espejos en que una misma imagen se refleja m\u00e1s o menos deformada en otra para expresar siempre el mismo resultado en este caso: hoy de elecciones ni hablar, esto es hacer pol\u00edtica. Lo parad\u00f3jico es que, en su af\u00e1n por separar a la Iglesia de la pol\u00edtica, Planellas incurri\u00f3 en un error doctrinal de peso. La Doctrina Social de la Iglesia \u2014una de sus ense\u00f1anzas m\u00e1s desarrolladas y reiteradas por los \u00faltimos papas\u2014 afirma que la acci\u00f3n pol\u00edtica es una forma elevada de caridad cristiana. Relegar a la Iglesia al margen de los debates p\u00fablicos, sobre todo cuando se trata del bien com\u00fan, es un acto de omisi\u00f3n grave. Confundir pol\u00edtica con partidismo, o equidad moral con neutralidad pasiva, no solo empobrece el papel de los creyentes en la vida p\u00fablica, sino que traiciona el sentido cristiano de la ciudadan\u00eda. El silencio que sigui\u00f3 a las palabras de Planellas por parte del resto de la Conferencia Episcopal Catalana fue, en s\u00ed mismo, revelador. Mientras unos callaban, otros, como los obispos Ignacio Munilla o Jes\u00fas Sanz, respaldaban sin ambages la posici\u00f3n de Arg\u00fcello. La prensa generalista, sin embargo, se centr\u00f3 en amplificar la \u201crectificaci\u00f3n\u201d catalana, usando La Vanguardia como altavoz privilegiado de la estrategia comunicativa del Gobierno. En este contexto, la declaraci\u00f3n de la Corriente Social Cristiana (CSC) cobr\u00f3 especial relevancia. Con un t\u00edtulo elocuente \u2014\u201cAnte la crisis institucional: elecciones y regeneraci\u00f3n pol\u00edtica ya\u201d\u2014 el documento trazaba una radiograf\u00eda del momento pol\u00edtico espa\u00f1ol: un sistema bloqueado, una partitocracia disfuncional, y un Ejecutivo cada vez m\u00e1s alejado de los principios de responsabilidad y transparencia. Sin acusar directamente al presidente S\u00e1nchez de corrupci\u00f3n, el texto s\u00ed le reprocha una \u201cceguera pol\u00edtica\u201d que compromete su capacidad de gobierno. Le recuerda que \u201cgobernar exige saber, prever, vigilar y actuar\u201d y que escudarse en el victimismo no es una respuesta v\u00e1lida frente a los esc\u00e1ndalos que socavan la legitimidad democr\u00e1tica. La CSC va m\u00e1s all\u00e1 de lo electoral. Llama a una regeneraci\u00f3n moral y pol\u00edtica, basada en el compromiso c\u00edvico, y respalda incluso formas de desobediencia civil si fuese necesario. Reivindica, desde la Doctrina Social, que \u201cla autoridad solo es leg\u00edtima si se orienta al bien com\u00fan\u201d y que la corrupci\u00f3n es \u201cuna de las se\u00f1ales m\u00e1s graves de la decadencia moral\u201d (Compendio n.\u00ba 411). El Catecismo no deja lugar a dudas: soborno, fraude y enriquecimiento il\u00edcito violan el s\u00e9ptimo mandamiento. En esta l\u00ednea, lo que La Vanguardia retrat\u00f3 como una \u201cincursi\u00f3n pol\u00edtica\u201d fue, en realidad, un ejercicio leg\u00edtimo de responsabilidad eclesial. La postura de Arg\u00fcello no representa una ruptura con la neutralidad, sino un compromiso con el bien com\u00fan, en coherencia con la tradici\u00f3n de la Iglesia. Como han hecho otras conferencias episcopales en Europa \u2014en Italia frente a la corrupci\u00f3n o en Polonia frente al deterioro del sistema judicial\u2014, la voz de los obispos puede y debe se\u00f1alar los desv\u00edos \u00e9ticos del poder. Porque cuando la corrupci\u00f3n institucional alcanza niveles estructurales, callar no es neutralidad: es complicidad. Y lo que algunos medios, como La Vanguardia, intentan presentar como prudencia, puede no ser otra cosa que servidumbre disfrazada de moderaci\u00f3n.<\/p>\n","protected":false},"author":78,"featured_media":89757,"comment_status":"open","ping_status":"open","sticky":false,"template":"","format":"standard","meta":{"_FSMCFIC_featured_image_caption":"","_FSMCFIC_featured_image_nocaption":"","_FSMCFIC_featured_image_hide":"","footnotes":""},"categories":[806],"tags":[1279],"class_list":["post-89728","post","type-post","status-publish","format-standard","has-post-thumbnail","hentry","category-punts-claus-del-dia-es","tag-corrupcion"],"yoast_head":"<!-- This site is optimized with the Yoast SEO plugin v26.8 - https:\/\/yoast.com\/product\/yoast-seo-wordpress\/ -->\n<title>El caso Arg\u00fcello y el papel de La Vanguardia<\/title>\n<meta name=\"description\" content=\"Lo que La Vanguardia retrat\u00f3 como una \u201cincursi\u00f3n pol\u00edtica\u201d fue, en realidad, un ejercicio leg\u00edtimo de responsabilidad eclesial de Arg\u00fcello\" \/>\n<meta name=\"robots\" content=\"index, follow, max-snippet:-1, max-image-preview:large, max-video-preview:-1\" \/>\n<link rel=\"canonical\" href=\"https:\/\/conversesacatalunya.cat\/es\/la-voz-de-los-obispos-arguello-y-el-eco-editorial-de-la-vanguardia\/\" \/>\n<meta property=\"og:locale\" content=\"es_ES\" \/>\n<meta property=\"og:type\" content=\"article\" \/>\n<meta property=\"og:title\" content=\"El caso Arg\u00fcello y el papel de La Vanguardia\" \/>\n<meta property=\"og:description\" content=\"Lo que La Vanguardia retrat\u00f3 como una \u201cincursi\u00f3n pol\u00edtica\u201d fue, en realidad, un ejercicio leg\u00edtimo de responsabilidad eclesial de Arg\u00fcello\" \/>\n<meta property=\"og:url\" content=\"https:\/\/conversesacatalunya.cat\/es\/la-voz-de-los-obispos-arguello-y-el-eco-editorial-de-la-vanguardia\/\" \/>\n<meta property=\"og:site_name\" content=\"Converses a Catalunya\" \/>\n<meta property=\"article:published_time\" content=\"2025-06-26T10:21:32+00:00\" \/>\n<meta property=\"article:modified_time\" content=\"2025-06-26T10:46:31+00:00\" \/>\n<meta property=\"og:image\" content=\"https:\/\/conversesacatalunya.cat\/wp-content\/uploads\/2025\/06\/Mons.-Arguello-702x526-1.jpg\" \/>\n\t<meta property=\"og:image:width\" content=\"702\" \/>\n\t<meta property=\"og:image:height\" content=\"526\" \/>\n\t<meta property=\"og:image:type\" content=\"image\/jpeg\" \/>\n<meta name=\"author\" content=\"Joan Masip\" \/>\n<meta name=\"twitter:card\" content=\"summary_large_image\" \/>\n<meta name=\"twitter:label1\" content=\"Escrito por\" \/>\n\t<meta name=\"twitter:data1\" content=\"Joan Masip\" \/>\n\t<meta name=\"twitter:label2\" content=\"Tiempo de lectura\" \/>\n\t<meta name=\"twitter:data2\" content=\"6 minutos\" \/>\n<script type=\"application\/ld+json\" class=\"yoast-schema-graph\">{\"@context\":\"https:\/\/schema.org\",\"@graph\":[{\"@type\":\"Article\",\"@id\":\"https:\/\/conversesacatalunya.cat\/es\/la-voz-de-los-obispos-arguello-y-el-eco-editorial-de-la-vanguardia\/#article\",\"isPartOf\":{\"@id\":\"https:\/\/conversesacatalunya.cat\/es\/la-voz-de-los-obispos-arguello-y-el-eco-editorial-de-la-vanguardia\/\"},\"author\":{\"name\":\"Joan Masip\",\"@id\":\"https:\/\/conversesacatalunya.cat\/#\/schema\/person\/311d0bf53def217d5124c78a7bc42275\"},\"headline\":\"La voz de los obispos, la corrupci\u00f3n del poder y el eco editorial de La Vanguardia\",\"datePublished\":\"2025-06-26T10:21:32+00:00\",\"dateModified\":\"2025-06-26T10:46:31+00:00\",\"mainEntityOfPage\":{\"@id\":\"https:\/\/conversesacatalunya.cat\/es\/la-voz-de-los-obispos-arguello-y-el-eco-editorial-de-la-vanguardia\/\"},\"wordCount\":1164,\"commentCount\":0,\"image\":{\"@id\":\"https:\/\/conversesacatalunya.cat\/es\/la-voz-de-los-obispos-arguello-y-el-eco-editorial-de-la-vanguardia\/#primaryimage\"},\"thumbnailUrl\":\"https:\/\/conversesacatalunya.cat\/wp-content\/uploads\/2025\/06\/Mons.-Arguello-702x526-1.jpg\",\"keywords\":[\"corrupci\u00f3n\"],\"articleSection\":[\"Punts clau del dia (ES)\"],\"inLanguage\":\"es\",\"potentialAction\":[{\"@type\":\"CommentAction\",\"name\":\"Comment\",\"target\":[\"https:\/\/conversesacatalunya.cat\/es\/la-voz-de-los-obispos-arguello-y-el-eco-editorial-de-la-vanguardia\/#respond\"]}]},{\"@type\":\"WebPage\",\"@id\":\"https:\/\/conversesacatalunya.cat\/es\/la-voz-de-los-obispos-arguello-y-el-eco-editorial-de-la-vanguardia\/\",\"url\":\"https:\/\/conversesacatalunya.cat\/es\/la-voz-de-los-obispos-arguello-y-el-eco-editorial-de-la-vanguardia\/\",\"name\":\"El caso Arg\u00fcello y el papel de La Vanguardia\",\"isPartOf\":{\"@id\":\"https:\/\/conversesacatalunya.cat\/#website\"},\"primaryImageOfPage\":{\"@id\":\"https:\/\/conversesacatalunya.cat\/es\/la-voz-de-los-obispos-arguello-y-el-eco-editorial-de-la-vanguardia\/#primaryimage\"},\"image\":{\"@id\":\"https:\/\/conversesacatalunya.cat\/es\/la-voz-de-los-obispos-arguello-y-el-eco-editorial-de-la-vanguardia\/#primaryimage\"},\"thumbnailUrl\":\"https:\/\/conversesacatalunya.cat\/wp-content\/uploads\/2025\/06\/Mons.-Arguello-702x526-1.jpg\",\"datePublished\":\"2025-06-26T10:21:32+00:00\",\"dateModified\":\"2025-06-26T10:46:31+00:00\",\"author\":{\"@id\":\"https:\/\/conversesacatalunya.cat\/#\/schema\/person\/311d0bf53def217d5124c78a7bc42275\"},\"description\":\"Lo que La Vanguardia retrat\u00f3 como una \u201cincursi\u00f3n pol\u00edtica\u201d fue, en realidad, un ejercicio leg\u00edtimo de responsabilidad eclesial de Arg\u00fcello\",\"breadcrumb\":{\"@id\":\"https:\/\/conversesacatalunya.cat\/es\/la-voz-de-los-obispos-arguello-y-el-eco-editorial-de-la-vanguardia\/#breadcrumb\"},\"inLanguage\":\"es\",\"potentialAction\":[{\"@type\":\"ReadAction\",\"target\":[\"https:\/\/conversesacatalunya.cat\/es\/la-voz-de-los-obispos-arguello-y-el-eco-editorial-de-la-vanguardia\/\"]}]},{\"@type\":\"ImageObject\",\"inLanguage\":\"es\",\"@id\":\"https:\/\/conversesacatalunya.cat\/es\/la-voz-de-los-obispos-arguello-y-el-eco-editorial-de-la-vanguardia\/#primaryimage\",\"url\":\"https:\/\/conversesacatalunya.cat\/wp-content\/uploads\/2025\/06\/Mons.-Arguello-702x526-1.jpg\",\"contentUrl\":\"https:\/\/conversesacatalunya.cat\/wp-content\/uploads\/2025\/06\/Mons.-Arguello-702x526-1.jpg\",\"width\":702,\"height\":526,\"caption\":\"Arg\u00fcello La vanguardia\"},{\"@type\":\"BreadcrumbList\",\"@id\":\"https:\/\/conversesacatalunya.cat\/es\/la-voz-de-los-obispos-arguello-y-el-eco-editorial-de-la-vanguardia\/#breadcrumb\",\"itemListElement\":[{\"@type\":\"ListItem\",\"position\":1,\"name\":\"Inici\",\"item\":\"https:\/\/conversesacatalunya.cat\/es\/\"},{\"@type\":\"ListItem\",\"position\":2,\"name\":\"La voz de los obispos, la corrupci\u00f3n del poder y el eco editorial de La Vanguardia\"}]},{\"@type\":\"WebSite\",\"@id\":\"https:\/\/conversesacatalunya.cat\/#website\",\"url\":\"https:\/\/conversesacatalunya.cat\/\",\"name\":\"Converses a Catalunya\",\"description\":\"\",\"potentialAction\":[{\"@type\":\"SearchAction\",\"target\":{\"@type\":\"EntryPoint\",\"urlTemplate\":\"https:\/\/conversesacatalunya.cat\/?s={search_term_string}\"},\"query-input\":{\"@type\":\"PropertyValueSpecification\",\"valueRequired\":true,\"valueName\":\"search_term_string\"}}],\"inLanguage\":\"es\"},{\"@type\":\"Person\",\"@id\":\"https:\/\/conversesacatalunya.cat\/#\/schema\/person\/311d0bf53def217d5124c78a7bc42275\",\"name\":\"Joan Masip\",\"image\":{\"@type\":\"ImageObject\",\"inLanguage\":\"es\",\"@id\":\"https:\/\/conversesacatalunya.cat\/#\/schema\/person\/image\/\",\"url\":\"https:\/\/conversesacatalunya.cat\/wp-content\/litespeed\/avatar\/fa67b994763cff7d443f54b63ec96481.jpg?ver=1776767678\",\"contentUrl\":\"https:\/\/conversesacatalunya.cat\/wp-content\/litespeed\/avatar\/fa67b994763cff7d443f54b63ec96481.jpg?ver=1776767678\",\"caption\":\"Joan Masip\"},\"url\":\"https:\/\/conversesacatalunya.cat\/es\/author\/joan-masip\/\"}]}<\/script>\n<!-- \/ Yoast SEO plugin. -->","yoast_head_json":{"title":"El caso Arg\u00fcello y el papel de La Vanguardia","description":"Lo que La Vanguardia retrat\u00f3 como una \u201cincursi\u00f3n pol\u00edtica\u201d fue, en realidad, un ejercicio leg\u00edtimo de responsabilidad eclesial de Arg\u00fcello","robots":{"index":"index","follow":"follow","max-snippet":"max-snippet:-1","max-image-preview":"max-image-preview:large","max-video-preview":"max-video-preview:-1"},"canonical":"https:\/\/conversesacatalunya.cat\/es\/la-voz-de-los-obispos-arguello-y-el-eco-editorial-de-la-vanguardia\/","og_locale":"es_ES","og_type":"article","og_title":"El caso Arg\u00fcello y el papel de La Vanguardia","og_description":"Lo que La Vanguardia retrat\u00f3 como una \u201cincursi\u00f3n pol\u00edtica\u201d fue, en realidad, un ejercicio leg\u00edtimo de responsabilidad eclesial de Arg\u00fcello","og_url":"https:\/\/conversesacatalunya.cat\/es\/la-voz-de-los-obispos-arguello-y-el-eco-editorial-de-la-vanguardia\/","og_site_name":"Converses a Catalunya","article_published_time":"2025-06-26T10:21:32+00:00","article_modified_time":"2025-06-26T10:46:31+00:00","og_image":[{"width":702,"height":526,"url":"https:\/\/conversesacatalunya.cat\/wp-content\/uploads\/2025\/06\/Mons.-Arguello-702x526-1.jpg","type":"image\/jpeg"}],"author":"Joan Masip","twitter_card":"summary_large_image","twitter_misc":{"Escrito por":"Joan Masip","Tiempo de lectura":"6 minutos"},"schema":{"@context":"https:\/\/schema.org","@graph":[{"@type":"Article","@id":"https:\/\/conversesacatalunya.cat\/es\/la-voz-de-los-obispos-arguello-y-el-eco-editorial-de-la-vanguardia\/#article","isPartOf":{"@id":"https:\/\/conversesacatalunya.cat\/es\/la-voz-de-los-obispos-arguello-y-el-eco-editorial-de-la-vanguardia\/"},"author":{"name":"Joan Masip","@id":"https:\/\/conversesacatalunya.cat\/#\/schema\/person\/311d0bf53def217d5124c78a7bc42275"},"headline":"La voz de los obispos, la corrupci\u00f3n del poder y el eco editorial de La Vanguardia","datePublished":"2025-06-26T10:21:32+00:00","dateModified":"2025-06-26T10:46:31+00:00","mainEntityOfPage":{"@id":"https:\/\/conversesacatalunya.cat\/es\/la-voz-de-los-obispos-arguello-y-el-eco-editorial-de-la-vanguardia\/"},"wordCount":1164,"commentCount":0,"image":{"@id":"https:\/\/conversesacatalunya.cat\/es\/la-voz-de-los-obispos-arguello-y-el-eco-editorial-de-la-vanguardia\/#primaryimage"},"thumbnailUrl":"https:\/\/conversesacatalunya.cat\/wp-content\/uploads\/2025\/06\/Mons.-Arguello-702x526-1.jpg","keywords":["corrupci\u00f3n"],"articleSection":["Punts clau del dia (ES)"],"inLanguage":"es","potentialAction":[{"@type":"CommentAction","name":"Comment","target":["https:\/\/conversesacatalunya.cat\/es\/la-voz-de-los-obispos-arguello-y-el-eco-editorial-de-la-vanguardia\/#respond"]}]},{"@type":"WebPage","@id":"https:\/\/conversesacatalunya.cat\/es\/la-voz-de-los-obispos-arguello-y-el-eco-editorial-de-la-vanguardia\/","url":"https:\/\/conversesacatalunya.cat\/es\/la-voz-de-los-obispos-arguello-y-el-eco-editorial-de-la-vanguardia\/","name":"El caso Arg\u00fcello y el papel de La Vanguardia","isPartOf":{"@id":"https:\/\/conversesacatalunya.cat\/#website"},"primaryImageOfPage":{"@id":"https:\/\/conversesacatalunya.cat\/es\/la-voz-de-los-obispos-arguello-y-el-eco-editorial-de-la-vanguardia\/#primaryimage"},"image":{"@id":"https:\/\/conversesacatalunya.cat\/es\/la-voz-de-los-obispos-arguello-y-el-eco-editorial-de-la-vanguardia\/#primaryimage"},"thumbnailUrl":"https:\/\/conversesacatalunya.cat\/wp-content\/uploads\/2025\/06\/Mons.-Arguello-702x526-1.jpg","datePublished":"2025-06-26T10:21:32+00:00","dateModified":"2025-06-26T10:46:31+00:00","author":{"@id":"https:\/\/conversesacatalunya.cat\/#\/schema\/person\/311d0bf53def217d5124c78a7bc42275"},"description":"Lo que La Vanguardia retrat\u00f3 como una \u201cincursi\u00f3n pol\u00edtica\u201d fue, en realidad, un ejercicio leg\u00edtimo de responsabilidad eclesial de Arg\u00fcello","breadcrumb":{"@id":"https:\/\/conversesacatalunya.cat\/es\/la-voz-de-los-obispos-arguello-y-el-eco-editorial-de-la-vanguardia\/#breadcrumb"},"inLanguage":"es","potentialAction":[{"@type":"ReadAction","target":["https:\/\/conversesacatalunya.cat\/es\/la-voz-de-los-obispos-arguello-y-el-eco-editorial-de-la-vanguardia\/"]}]},{"@type":"ImageObject","inLanguage":"es","@id":"https:\/\/conversesacatalunya.cat\/es\/la-voz-de-los-obispos-arguello-y-el-eco-editorial-de-la-vanguardia\/#primaryimage","url":"https:\/\/conversesacatalunya.cat\/wp-content\/uploads\/2025\/06\/Mons.-Arguello-702x526-1.jpg","contentUrl":"https:\/\/conversesacatalunya.cat\/wp-content\/uploads\/2025\/06\/Mons.-Arguello-702x526-1.jpg","width":702,"height":526,"caption":"Arg\u00fcello La vanguardia"},{"@type":"BreadcrumbList","@id":"https:\/\/conversesacatalunya.cat\/es\/la-voz-de-los-obispos-arguello-y-el-eco-editorial-de-la-vanguardia\/#breadcrumb","itemListElement":[{"@type":"ListItem","position":1,"name":"Inici","item":"https:\/\/conversesacatalunya.cat\/es\/"},{"@type":"ListItem","position":2,"name":"La voz de los obispos, la corrupci\u00f3n del poder y el eco editorial de La Vanguardia"}]},{"@type":"WebSite","@id":"https:\/\/conversesacatalunya.cat\/#website","url":"https:\/\/conversesacatalunya.cat\/","name":"Converses a Catalunya","description":"","potentialAction":[{"@type":"SearchAction","target":{"@type":"EntryPoint","urlTemplate":"https:\/\/conversesacatalunya.cat\/?s={search_term_string}"},"query-input":{"@type":"PropertyValueSpecification","valueRequired":true,"valueName":"search_term_string"}}],"inLanguage":"es"},{"@type":"Person","@id":"https:\/\/conversesacatalunya.cat\/#\/schema\/person\/311d0bf53def217d5124c78a7bc42275","name":"Joan Masip","image":{"@type":"ImageObject","inLanguage":"es","@id":"https:\/\/conversesacatalunya.cat\/#\/schema\/person\/image\/","url":"https:\/\/conversesacatalunya.cat\/wp-content\/litespeed\/avatar\/fa67b994763cff7d443f54b63ec96481.jpg?ver=1776767678","contentUrl":"https:\/\/conversesacatalunya.cat\/wp-content\/litespeed\/avatar\/fa67b994763cff7d443f54b63ec96481.jpg?ver=1776767678","caption":"Joan Masip"},"url":"https:\/\/conversesacatalunya.cat\/es\/author\/joan-masip\/"}]}},"wps_subtitle":"Relegar a la Iglesia al margen de los debates p\u00fablicos, sobre todo cuando se trata del bien com\u00fan, es un acto de omisi\u00f3n grave.","_links":{"self":[{"href":"https:\/\/conversesacatalunya.cat\/es\/wp-json\/wp\/v2\/posts\/89728","targetHints":{"allow":["GET"]}}],"collection":[{"href":"https:\/\/conversesacatalunya.cat\/es\/wp-json\/wp\/v2\/posts"}],"about":[{"href":"https:\/\/conversesacatalunya.cat\/es\/wp-json\/wp\/v2\/types\/post"}],"author":[{"embeddable":true,"href":"https:\/\/conversesacatalunya.cat\/es\/wp-json\/wp\/v2\/users\/78"}],"replies":[{"embeddable":true,"href":"https:\/\/conversesacatalunya.cat\/es\/wp-json\/wp\/v2\/comments?post=89728"}],"version-history":[{"count":10,"href":"https:\/\/conversesacatalunya.cat\/es\/wp-json\/wp\/v2\/posts\/89728\/revisions"}],"predecessor-version":[{"id":89775,"href":"https:\/\/conversesacatalunya.cat\/es\/wp-json\/wp\/v2\/posts\/89728\/revisions\/89775"}],"wp:featuredmedia":[{"embeddable":true,"href":"https:\/\/conversesacatalunya.cat\/es\/wp-json\/wp\/v2\/media\/89757"}],"wp:attachment":[{"href":"https:\/\/conversesacatalunya.cat\/es\/wp-json\/wp\/v2\/media?parent=89728"}],"wp:term":[{"taxonomy":"category","embeddable":true,"href":"https:\/\/conversesacatalunya.cat\/es\/wp-json\/wp\/v2\/categories?post=89728"},{"taxonomy":"post_tag","embeddable":true,"href":"https:\/\/conversesacatalunya.cat\/es\/wp-json\/wp\/v2\/tags?post=89728"}],"curies":[{"name":"wp","href":"https:\/\/api.w.org\/{rel}","templated":true}]}}