{"id":89696,"date":"2025-06-23T08:54:33","date_gmt":"2025-06-23T06:54:33","guid":{"rendered":"https:\/\/conversesacatalunya.cat\/?p=89696"},"modified":"2025-06-23T09:09:53","modified_gmt":"2025-06-23T07:09:53","slug":"ataque-eeuu-iran-aliados-trump","status":"publish","type":"post","link":"https:\/\/conversesacatalunya.cat\/es\/ataque-eeuu-iran-aliados-trump\/","title":{"rendered":"\u00bfPor qu\u00e9 el ataque estadounidense a Ir\u00e1n divide a las bases de Donald Trump?"},"content":{"rendered":"<p><span>Ya antes de que los bombarderos furtivos B-2 de Estados Unidos martillaran las bases del programa nuclear iran\u00ed en Fordo, Natanz e Isfah\u00e1n, la posible implicaci\u00f3n del presidente Donald Trump hab\u00eda sido objeto de violentas intervenciones y vivos debates en el seno de su movimiento pol\u00edtico. El propio Trump parec\u00eda indeciso y hab\u00eda declarado p\u00fablicamente que \u201cquiz\u00e1s\u201d intervendr\u00eda, o \u201cquiz\u00e1s no\u201d.<\/span><\/p>\n<p><span>Y es que dentro del \u201cMAGA\u201d (por el acr\u00f3nimo ingl\u00e9s de Hacer Am\u00e9rica Grande de Nuevo), hay un campo de \u201chalcones\u201d y otro de \u201cpalomas\u201d por lo que respecta a la pol\u00edtica internacional.<\/span><\/p>\n<p><span>Entre los primeros, en los \u00faltimos d\u00edas han destacado las intervenciones a favor de atacar a Ir\u00e1n del senador\u00a0<\/span><strong><span>Lindsey Graham<\/span><\/strong><span>\u00a0y del locutor de radio\u00a0<\/span><strong><span>Mark Levin<\/span><\/strong><span>.\u00a0Entre los segundos, el estratega de la victoria de 2016\u00a0<\/span><strong><span>Steve Bannon<\/span><\/strong><span>\u00a0y el periodista\u00a0<\/span><strong><span>Tucker Carlson<\/span><\/strong><span>,\u00a0conocido en el \u00e1mbito internacional entre otros por su<a href=\"https:\/\/tuckercarlson.com\/the-vladimir-putin-interview\" target=\"_blank\" rel=\"noopener\">\u00a0<\/a><\/span><span>entrevista<\/span><span>\u00a0del pasado a\u00f1o a Vladimir Putin.<\/span><\/p>\n<p><span><span class=\"VIpgJd-yAWNEb-VIpgJd-fmcmS-sn54Q\">El posicionamiento de Donald Trump entre estos dos campos es complicado, ya que una de sus marcas de f\u00e1brica electoral ha sido\u00a0<\/span><\/span><strong><span><span class=\"VIpgJd-yAWNEb-VIpgJd-fmcmS-sn54Q\">detener las guerras ultramarinas de sus predecesores<\/span><\/span><\/strong><span><span class=\"VIpgJd-yAWNEb-VIpgJd-fmcmS-sn54Q\">,\u00a0tanto dem\u00f3cratas como republicanos. La mayor parte de analistas consideran a Trump un \u201caislacionista\u201d. Pero, por otra parte, su imagen tambi\u00e9n se ha basado reiteradamente en un \u201cque nadie se atreva a meterse con Am\u00e9rica\u201d, como ha quedado de manifiesto reiteradamente con su \u201cguerra comercial\u201d.<\/span><\/span><\/p>\n<p><span>De hecho, uno de los puntos que Carlson reprochaba al presidente era que al unirse a Israel en sus ataques contra Ir\u00e1n,\u00a0<\/span><strong><span>traicionaba su promesa de poner punto y final a las \u201cguerras eternas\u201d<\/span><\/strong><span>\u00a0de Estados Unidos, un pilar clave de la agenda \u201cAm\u00e9rica Primero\u201d<\/span><\/p>\n<p><span>M\u00e1s all\u00e1 de una corriente intervencionista contra otra aislacionista, los aspectos que dividen los apoyos de Trump en el caso particular de Ir\u00e1n son dos:\u00a0<\/span><strong><a href=\"https:\/\/conversesacatalunya.cat\/es\/israel-decidido-atacar-iran-ahora\/\" target=\"_blank\" rel=\"noopener\"><span>el papel de Israel<\/span><\/a><span>\u00a0y el mal recuerdo de las intervenciones militares de los 2000 en la misma regi\u00f3n de Oriente Medio<\/span><\/strong><span>.<\/span><\/p>\n<p><span>Curiosamente,\u00a0<\/span><strong><span>Bannon apuntaba en direcci\u00f3n a Israel<\/span><\/strong><span>\u00a0al afirmar que no hab\u00eda \u00abninguna pieza de inteligencia cre\u00edble\u00bb que sugiriera que Ir\u00e1n estaba \u00abacerc\u00e1ndose\u00bb a construir una bomba nuclear.<\/span><\/p>\n<p><span><span class=\"VIpgJd-yAWNEb-VIpgJd-fmcmS-sn54Q\">Esta corriente tambi\u00e9n critica que\u00a0<\/span><\/span><strong><span><span class=\"VIpgJd-yAWNEb-VIpgJd-fmcmS-sn54Q\">Trump se ha dejado arrastrar a la guerra por el primer ministro Benjamin Netanyahu<\/span><\/span><\/strong><span><span class=\"VIpgJd-yAWNEb-VIpgJd-fmcmS-sn54Q\">\u00a0despu\u00e9s de haber declarado p\u00fablicamente estar trabajando en una v\u00eda diplom\u00e1tica para clausurar el programa nuclear iran\u00ed.<\/span><\/span><\/p>\n<p><span><span class=\"VIpgJd-yAWNEb-VIpgJd-fmcmS-sn54Q\">De hecho, en Estados Unidos existe una\u00a0<\/span><\/span><strong><span><span class=\"VIpgJd-yAWNEb-VIpgJd-fmcmS-sn54Q\">influyente corriente conservadora en las redes sociales que critica ferozmente a Israel<\/span><\/span><\/strong><span><span class=\"VIpgJd-yAWNEb-VIpgJd-fmcmS-sn54Q\">,\u00a0hasta el punto de personalidades cercanas al movimiento MAGA que han\u00a0<\/span><\/span><a href=\"https:\/\/www.ft.com\/content\/4fc32349-b944-4df2-bec0-ff8875afd91a\" target=\"_blank\" rel=\"noopener\"><span><span class=\"VIpgJd-yAWNEb-VIpgJd-fmcmS-sn54Q\">acusado<\/span><\/span><\/a><span><span class=\"VIpgJd-yAWNEb-VIpgJd-fmcmS-sn54Q\">\u00a0a Trump de haber iniciado una \u201cguerra ilegal de agresi\u00f3n contra Ir\u00e1n\u201d y de \u201cel trabajo sucio en Israel\u201d.<\/span><\/span><\/p>\n<p><span><span class=\"VIpgJd-yAWNEb-VIpgJd-fmcmS-sn54Q\">El criticismo con Israel puede provenir de la idea, fuertemente arraigada entre los\u00a0<\/span><\/span><em><span><span class=\"VIpgJd-yAWNEb-VIpgJd-fmcmS-sn54Q\">outsiders<\/span><\/span><\/em><span><span class=\"VIpgJd-yAWNEb-VIpgJd-fmcmS-sn54Q\">\u00a0pol\u00edticos estadounidenses de izquierdas y derechas, de\u00a0<\/span><\/span><strong><span><span class=\"VIpgJd-yAWNEb-VIpgJd-fmcmS-sn54Q\">la existencia de un\u00a0<\/span><\/span><em><span><span class=\"VIpgJd-yAWNEb-VIpgJd-fmcmS-sn54Q\">lobby <\/span><\/span><\/em><span><span class=\"VIpgJd-yAWNEb-VIpgJd-fmcmS-sn54Q\">jud\u00edo en Washington<\/span><\/span><\/strong><span><span class=\"VIpgJd-yAWNEb-VIpgJd-fmcmS-sn54Q\">\u00a0extremadamente influyente tanto entre los representantes republicanos como entre los dem\u00f3cratas.<\/span><\/span><\/p>\n<p><span>Donald Trump, que ha llegado al poder desde posiciones de un\u00a0<\/span><em><span>outsider<\/span><\/em><span>\u00a0pol\u00edtico, pero que cuenta tambi\u00e9n con apoyos entre las personalidades conservadoras del establishment de Washington, se encuentra ahora en una delicada situaci\u00f3n entre sus bases y estos \u00faltimos. Como un periodista del movimiento MAGA expon\u00eda,\u00a0<\/span><strong><span>Trump les debe una muy buena explicaci\u00f3n<\/span><\/strong><span>.<\/span><\/p>\n<span class='bctt-click-to-tweet'><span class='bctt-ctt-text'><a href='https:\/\/twitter.com\/intent\/tweet?url=https%3A%2F%2Fconversesacatalunya.cat%2Fes%2Fataque-eeuu-iran-aliados-trump%2F&#038;text=Existencia%20de%20un%20lobby%20jud%C3%ADo%20en%20Washington%20extremadamente%20influyente%20tanto%20entre%20los%20representantes%20republicanos%20como%20entre%20los%20dem%C3%B3cratas&#038;via=conversesacat&#038;related=conversesacat' target='_blank'rel=\"noopener noreferrer\">Existencia de un lobby jud\u00edo en Washington extremadamente influyente tanto entre los representantes republicanos como entre los dem\u00f3cratas <\/a><\/span><a href='https:\/\/twitter.com\/intent\/tweet?url=https%3A%2F%2Fconversesacatalunya.cat%2Fes%2Fataque-eeuu-iran-aliados-trump%2F&#038;text=Existencia%20de%20un%20lobby%20jud%C3%ADo%20en%20Washington%20extremadamente%20influyente%20tanto%20entre%20los%20representantes%20republicanos%20como%20entre%20los%20dem%C3%B3cratas&#038;via=conversesacat&#038;related=conversesacat' target='_blank' class='bctt-ctt-btn'rel=\"noopener noreferrer\">Compartir en X<\/a><\/span>\n<p>&nbsp;<\/p>\n","protected":false},"excerpt":{"rendered":"<p>Ya antes de que los bombarderos furtivos B-2 de Estados Unidos martillaran las bases del programa nuclear iran\u00ed en Fordo, Natanz e Isfah\u00e1n, la posible implicaci\u00f3n del presidente Donald Trump hab\u00eda sido objeto de violentas intervenciones y vivos debates en el seno de su movimiento pol\u00edtico. El propio Trump parec\u00eda indeciso y hab\u00eda declarado p\u00fablicamente que \u201cquiz\u00e1s\u201d intervendr\u00eda, o \u201cquiz\u00e1s no\u201d. Y es que dentro del \u201cMAGA\u201d (por el acr\u00f3nimo ingl\u00e9s de Hacer Am\u00e9rica Grande de Nuevo), hay un campo de \u201chalcones\u201d y otro de \u201cpalomas\u201d por lo que respecta a la pol\u00edtica internacional. Entre los primeros, en los \u00faltimos d\u00edas han destacado las intervenciones a favor de atacar a Ir\u00e1n del senador\u00a0Lindsey Graham\u00a0y del locutor de radio\u00a0Mark Levin.\u00a0Entre los segundos, el estratega de la victoria de 2016\u00a0Steve Bannon\u00a0y el periodista\u00a0Tucker Carlson,\u00a0conocido en el \u00e1mbito internacional entre otros por su\u00a0entrevista\u00a0del pasado a\u00f1o a Vladimir Putin. El posicionamiento de Donald Trump entre estos dos campos es complicado, ya que una de sus marcas de f\u00e1brica electoral ha sido\u00a0detener las guerras ultramarinas de sus predecesores,\u00a0tanto dem\u00f3cratas como republicanos. La mayor parte de analistas consideran a Trump un \u201caislacionista\u201d. Pero, por otra parte, su imagen tambi\u00e9n se ha basado reiteradamente en un \u201cque nadie se atreva a meterse con Am\u00e9rica\u201d, como ha quedado de manifiesto reiteradamente con su \u201cguerra comercial\u201d. De hecho, uno de los puntos que Carlson reprochaba al presidente era que al unirse a Israel en sus ataques contra Ir\u00e1n,\u00a0traicionaba su promesa de poner punto y final a las \u201cguerras eternas\u201d\u00a0de Estados Unidos, un pilar clave de la agenda \u201cAm\u00e9rica Primero\u201d M\u00e1s all\u00e1 de una corriente intervencionista contra otra aislacionista, los aspectos que dividen los apoyos de Trump en el caso particular de Ir\u00e1n son dos:\u00a0el papel de Israel\u00a0y el mal recuerdo de las intervenciones militares de los 2000 en la misma regi\u00f3n de Oriente Medio. Curiosamente,\u00a0Bannon apuntaba en direcci\u00f3n a Israel\u00a0al afirmar que no hab\u00eda \u00abninguna pieza de inteligencia cre\u00edble\u00bb que sugiriera que Ir\u00e1n estaba \u00abacerc\u00e1ndose\u00bb a construir una bomba nuclear. Esta corriente tambi\u00e9n critica que\u00a0Trump se ha dejado arrastrar a la guerra por el primer ministro Benjamin Netanyahu\u00a0despu\u00e9s de haber declarado p\u00fablicamente estar trabajando en una v\u00eda diplom\u00e1tica para clausurar el programa nuclear iran\u00ed. De hecho, en Estados Unidos existe una\u00a0influyente corriente conservadora en las redes sociales que critica ferozmente a Israel,\u00a0hasta el punto de personalidades cercanas al movimiento MAGA que han\u00a0acusado\u00a0a Trump de haber iniciado una \u201cguerra ilegal de agresi\u00f3n contra Ir\u00e1n\u201d y de \u201cel trabajo sucio en Israel\u201d. El criticismo con Israel puede provenir de la idea, fuertemente arraigada entre los\u00a0outsiders\u00a0pol\u00edticos estadounidenses de izquierdas y derechas, de\u00a0la existencia de un\u00a0lobby jud\u00edo en Washington\u00a0extremadamente influyente tanto entre los representantes republicanos como entre los dem\u00f3cratas. Donald Trump, que ha llegado al poder desde posiciones de un\u00a0outsider\u00a0pol\u00edtico, pero que cuenta tambi\u00e9n con apoyos entre las personalidades conservadoras del establishment de Washington, se encuentra ahora en una delicada situaci\u00f3n entre sus bases y estos \u00faltimos. Como un periodista del movimiento MAGA expon\u00eda,\u00a0Trump les debe una muy buena explicaci\u00f3n. &nbsp;<\/p>\n","protected":false},"author":75,"featured_media":89689,"comment_status":"open","ping_status":"open","sticky":false,"template":"","format":"standard","meta":{"_FSMCFIC_featured_image_caption":"","_FSMCFIC_featured_image_nocaption":"","_FSMCFIC_featured_image_hide":"","footnotes":""},"categories":[806],"tags":[1366],"class_list":["post-89696","post","type-post","status-publish","format-standard","has-post-thumbnail","hentry","category-punts-claus-del-dia-es","tag-iran-es"],"yoast_head":"<!-- This site is optimized with the Yoast SEO plugin v26.8 - https:\/\/yoast.com\/product\/yoast-seo-wordpress\/ -->\n<title>\u00bfPor qu\u00e9 el ataque estadounidense a Ir\u00e1n divide a las bases de Donald Trump? - Converses a Catalunya<\/title>\n<meta name=\"description\" content=\"Trump se ha dejado arrastrar a Benjamin Netanyahu despu\u00e9s de haber declarado una v\u00eda diplom\u00e1tica para clausurar el programa nuclear iran\u00ed.\" \/>\n<meta name=\"robots\" content=\"index, follow, max-snippet:-1, max-image-preview:large, max-video-preview:-1\" \/>\n<link rel=\"canonical\" href=\"https:\/\/conversesacatalunya.cat\/es\/ataque-eeuu-iran-aliados-trump\/\" \/>\n<meta property=\"og:locale\" content=\"es_ES\" \/>\n<meta property=\"og:type\" content=\"article\" \/>\n<meta property=\"og:title\" content=\"\u00bfPor qu\u00e9 el ataque estadounidense a Ir\u00e1n divide a las bases de Donald Trump? - Converses a Catalunya\" \/>\n<meta property=\"og:description\" content=\"Trump se ha dejado arrastrar a Benjamin Netanyahu despu\u00e9s de haber declarado una v\u00eda diplom\u00e1tica para clausurar el programa nuclear iran\u00ed.\" \/>\n<meta property=\"og:url\" content=\"https:\/\/conversesacatalunya.cat\/es\/ataque-eeuu-iran-aliados-trump\/\" \/>\n<meta property=\"og:site_name\" content=\"Converses a Catalunya\" \/>\n<meta property=\"article:published_time\" content=\"2025-06-23T06:54:33+00:00\" \/>\n<meta property=\"article:modified_time\" content=\"2025-06-23T07:09:53+00:00\" \/>\n<meta property=\"og:image\" content=\"https:\/\/conversesacatalunya.cat\/wp-content\/uploads\/2025\/06\/trump.jpg\" \/>\n\t<meta property=\"og:image:width\" content=\"1280\" \/>\n\t<meta property=\"og:image:height\" content=\"720\" \/>\n\t<meta property=\"og:image:type\" content=\"image\/jpeg\" \/>\n<meta name=\"author\" content=\"Carles L\u00f3pez\" \/>\n<meta name=\"twitter:card\" content=\"summary_large_image\" \/>\n<meta name=\"twitter:label1\" content=\"Escrito por\" \/>\n\t<meta name=\"twitter:data1\" content=\"Carles L\u00f3pez\" \/>\n\t<meta name=\"twitter:label2\" content=\"Tiempo de lectura\" \/>\n\t<meta name=\"twitter:data2\" content=\"3 minutos\" \/>\n<script type=\"application\/ld+json\" class=\"yoast-schema-graph\">{\"@context\":\"https:\/\/schema.org\",\"@graph\":[{\"@type\":\"Article\",\"@id\":\"https:\/\/conversesacatalunya.cat\/es\/ataque-eeuu-iran-aliados-trump\/#article\",\"isPartOf\":{\"@id\":\"https:\/\/conversesacatalunya.cat\/es\/ataque-eeuu-iran-aliados-trump\/\"},\"author\":{\"name\":\"Carles L\u00f3pez\",\"@id\":\"https:\/\/conversesacatalunya.cat\/#\/schema\/person\/3ce2ab16c0a3803086d80722c7cad56a\"},\"headline\":\"\u00bfPor qu\u00e9 el ataque estadounidense a Ir\u00e1n divide a las bases de Donald Trump?\",\"datePublished\":\"2025-06-23T06:54:33+00:00\",\"dateModified\":\"2025-06-23T07:09:53+00:00\",\"mainEntityOfPage\":{\"@id\":\"https:\/\/conversesacatalunya.cat\/es\/ataque-eeuu-iran-aliados-trump\/\"},\"wordCount\":613,\"commentCount\":0,\"image\":{\"@id\":\"https:\/\/conversesacatalunya.cat\/es\/ataque-eeuu-iran-aliados-trump\/#primaryimage\"},\"thumbnailUrl\":\"https:\/\/conversesacatalunya.cat\/wp-content\/uploads\/2025\/06\/trump.jpg\",\"keywords\":[\"Iran\"],\"articleSection\":[\"Punts clau del dia (ES)\"],\"inLanguage\":\"es\",\"potentialAction\":[{\"@type\":\"CommentAction\",\"name\":\"Comment\",\"target\":[\"https:\/\/conversesacatalunya.cat\/es\/ataque-eeuu-iran-aliados-trump\/#respond\"]}]},{\"@type\":\"WebPage\",\"@id\":\"https:\/\/conversesacatalunya.cat\/es\/ataque-eeuu-iran-aliados-trump\/\",\"url\":\"https:\/\/conversesacatalunya.cat\/es\/ataque-eeuu-iran-aliados-trump\/\",\"name\":\"\u00bfPor qu\u00e9 el ataque estadounidense a Ir\u00e1n divide a las bases de Donald Trump? - Converses a Catalunya\",\"isPartOf\":{\"@id\":\"https:\/\/conversesacatalunya.cat\/#website\"},\"primaryImageOfPage\":{\"@id\":\"https:\/\/conversesacatalunya.cat\/es\/ataque-eeuu-iran-aliados-trump\/#primaryimage\"},\"image\":{\"@id\":\"https:\/\/conversesacatalunya.cat\/es\/ataque-eeuu-iran-aliados-trump\/#primaryimage\"},\"thumbnailUrl\":\"https:\/\/conversesacatalunya.cat\/wp-content\/uploads\/2025\/06\/trump.jpg\",\"datePublished\":\"2025-06-23T06:54:33+00:00\",\"dateModified\":\"2025-06-23T07:09:53+00:00\",\"author\":{\"@id\":\"https:\/\/conversesacatalunya.cat\/#\/schema\/person\/3ce2ab16c0a3803086d80722c7cad56a\"},\"description\":\"Trump se ha dejado arrastrar a Benjamin Netanyahu despu\u00e9s de haber declarado una v\u00eda diplom\u00e1tica para clausurar el programa nuclear iran\u00ed.\",\"breadcrumb\":{\"@id\":\"https:\/\/conversesacatalunya.cat\/es\/ataque-eeuu-iran-aliados-trump\/#breadcrumb\"},\"inLanguage\":\"es\",\"potentialAction\":[{\"@type\":\"ReadAction\",\"target\":[\"https:\/\/conversesacatalunya.cat\/es\/ataque-eeuu-iran-aliados-trump\/\"]}]},{\"@type\":\"ImageObject\",\"inLanguage\":\"es\",\"@id\":\"https:\/\/conversesacatalunya.cat\/es\/ataque-eeuu-iran-aliados-trump\/#primaryimage\",\"url\":\"https:\/\/conversesacatalunya.cat\/wp-content\/uploads\/2025\/06\/trump.jpg\",\"contentUrl\":\"https:\/\/conversesacatalunya.cat\/wp-content\/uploads\/2025\/06\/trump.jpg\",\"width\":1280,\"height\":720,\"caption\":\"Programa nuclear iran\u00ed Trump\"},{\"@type\":\"BreadcrumbList\",\"@id\":\"https:\/\/conversesacatalunya.cat\/es\/ataque-eeuu-iran-aliados-trump\/#breadcrumb\",\"itemListElement\":[{\"@type\":\"ListItem\",\"position\":1,\"name\":\"Inici\",\"item\":\"https:\/\/conversesacatalunya.cat\/es\/\"},{\"@type\":\"ListItem\",\"position\":2,\"name\":\"\u00bfPor qu\u00e9 el ataque estadounidense a Ir\u00e1n divide a las bases de Donald Trump?\"}]},{\"@type\":\"WebSite\",\"@id\":\"https:\/\/conversesacatalunya.cat\/#website\",\"url\":\"https:\/\/conversesacatalunya.cat\/\",\"name\":\"Converses a Catalunya\",\"description\":\"\",\"potentialAction\":[{\"@type\":\"SearchAction\",\"target\":{\"@type\":\"EntryPoint\",\"urlTemplate\":\"https:\/\/conversesacatalunya.cat\/?s={search_term_string}\"},\"query-input\":{\"@type\":\"PropertyValueSpecification\",\"valueRequired\":true,\"valueName\":\"search_term_string\"}}],\"inLanguage\":\"es\"},{\"@type\":\"Person\",\"@id\":\"https:\/\/conversesacatalunya.cat\/#\/schema\/person\/3ce2ab16c0a3803086d80722c7cad56a\",\"name\":\"Carles L\u00f3pez\",\"image\":{\"@type\":\"ImageObject\",\"inLanguage\":\"es\",\"@id\":\"https:\/\/conversesacatalunya.cat\/#\/schema\/person\/image\/\",\"url\":\"https:\/\/conversesacatalunya.cat\/wp-content\/litespeed\/avatar\/4891585caf2896e97846ab77f06edcf2.jpg?ver=1777091173\",\"contentUrl\":\"https:\/\/conversesacatalunya.cat\/wp-content\/litespeed\/avatar\/4891585caf2896e97846ab77f06edcf2.jpg?ver=1777091173\",\"caption\":\"Carles L\u00f3pez\"},\"url\":\"https:\/\/conversesacatalunya.cat\/es\/author\/carles-lopez\/\"}]}<\/script>\n<!-- \/ Yoast SEO plugin. -->","yoast_head_json":{"title":"\u00bfPor qu\u00e9 el ataque estadounidense a Ir\u00e1n divide a las bases de Donald Trump? - Converses a Catalunya","description":"Trump se ha dejado arrastrar a Benjamin Netanyahu despu\u00e9s de haber declarado una v\u00eda diplom\u00e1tica para clausurar el programa nuclear iran\u00ed.","robots":{"index":"index","follow":"follow","max-snippet":"max-snippet:-1","max-image-preview":"max-image-preview:large","max-video-preview":"max-video-preview:-1"},"canonical":"https:\/\/conversesacatalunya.cat\/es\/ataque-eeuu-iran-aliados-trump\/","og_locale":"es_ES","og_type":"article","og_title":"\u00bfPor qu\u00e9 el ataque estadounidense a Ir\u00e1n divide a las bases de Donald Trump? - Converses a Catalunya","og_description":"Trump se ha dejado arrastrar a Benjamin Netanyahu despu\u00e9s de haber declarado una v\u00eda diplom\u00e1tica para clausurar el programa nuclear iran\u00ed.","og_url":"https:\/\/conversesacatalunya.cat\/es\/ataque-eeuu-iran-aliados-trump\/","og_site_name":"Converses a Catalunya","article_published_time":"2025-06-23T06:54:33+00:00","article_modified_time":"2025-06-23T07:09:53+00:00","og_image":[{"width":1280,"height":720,"url":"https:\/\/conversesacatalunya.cat\/wp-content\/uploads\/2025\/06\/trump.jpg","type":"image\/jpeg"}],"author":"Carles L\u00f3pez","twitter_card":"summary_large_image","twitter_misc":{"Escrito por":"Carles L\u00f3pez","Tiempo de lectura":"3 minutos"},"schema":{"@context":"https:\/\/schema.org","@graph":[{"@type":"Article","@id":"https:\/\/conversesacatalunya.cat\/es\/ataque-eeuu-iran-aliados-trump\/#article","isPartOf":{"@id":"https:\/\/conversesacatalunya.cat\/es\/ataque-eeuu-iran-aliados-trump\/"},"author":{"name":"Carles L\u00f3pez","@id":"https:\/\/conversesacatalunya.cat\/#\/schema\/person\/3ce2ab16c0a3803086d80722c7cad56a"},"headline":"\u00bfPor qu\u00e9 el ataque estadounidense a Ir\u00e1n divide a las bases de Donald Trump?","datePublished":"2025-06-23T06:54:33+00:00","dateModified":"2025-06-23T07:09:53+00:00","mainEntityOfPage":{"@id":"https:\/\/conversesacatalunya.cat\/es\/ataque-eeuu-iran-aliados-trump\/"},"wordCount":613,"commentCount":0,"image":{"@id":"https:\/\/conversesacatalunya.cat\/es\/ataque-eeuu-iran-aliados-trump\/#primaryimage"},"thumbnailUrl":"https:\/\/conversesacatalunya.cat\/wp-content\/uploads\/2025\/06\/trump.jpg","keywords":["Iran"],"articleSection":["Punts clau del dia (ES)"],"inLanguage":"es","potentialAction":[{"@type":"CommentAction","name":"Comment","target":["https:\/\/conversesacatalunya.cat\/es\/ataque-eeuu-iran-aliados-trump\/#respond"]}]},{"@type":"WebPage","@id":"https:\/\/conversesacatalunya.cat\/es\/ataque-eeuu-iran-aliados-trump\/","url":"https:\/\/conversesacatalunya.cat\/es\/ataque-eeuu-iran-aliados-trump\/","name":"\u00bfPor qu\u00e9 el ataque estadounidense a Ir\u00e1n divide a las bases de Donald Trump? - Converses a Catalunya","isPartOf":{"@id":"https:\/\/conversesacatalunya.cat\/#website"},"primaryImageOfPage":{"@id":"https:\/\/conversesacatalunya.cat\/es\/ataque-eeuu-iran-aliados-trump\/#primaryimage"},"image":{"@id":"https:\/\/conversesacatalunya.cat\/es\/ataque-eeuu-iran-aliados-trump\/#primaryimage"},"thumbnailUrl":"https:\/\/conversesacatalunya.cat\/wp-content\/uploads\/2025\/06\/trump.jpg","datePublished":"2025-06-23T06:54:33+00:00","dateModified":"2025-06-23T07:09:53+00:00","author":{"@id":"https:\/\/conversesacatalunya.cat\/#\/schema\/person\/3ce2ab16c0a3803086d80722c7cad56a"},"description":"Trump se ha dejado arrastrar a Benjamin Netanyahu despu\u00e9s de haber declarado una v\u00eda diplom\u00e1tica para clausurar el programa nuclear iran\u00ed.","breadcrumb":{"@id":"https:\/\/conversesacatalunya.cat\/es\/ataque-eeuu-iran-aliados-trump\/#breadcrumb"},"inLanguage":"es","potentialAction":[{"@type":"ReadAction","target":["https:\/\/conversesacatalunya.cat\/es\/ataque-eeuu-iran-aliados-trump\/"]}]},{"@type":"ImageObject","inLanguage":"es","@id":"https:\/\/conversesacatalunya.cat\/es\/ataque-eeuu-iran-aliados-trump\/#primaryimage","url":"https:\/\/conversesacatalunya.cat\/wp-content\/uploads\/2025\/06\/trump.jpg","contentUrl":"https:\/\/conversesacatalunya.cat\/wp-content\/uploads\/2025\/06\/trump.jpg","width":1280,"height":720,"caption":"Programa nuclear iran\u00ed Trump"},{"@type":"BreadcrumbList","@id":"https:\/\/conversesacatalunya.cat\/es\/ataque-eeuu-iran-aliados-trump\/#breadcrumb","itemListElement":[{"@type":"ListItem","position":1,"name":"Inici","item":"https:\/\/conversesacatalunya.cat\/es\/"},{"@type":"ListItem","position":2,"name":"\u00bfPor qu\u00e9 el ataque estadounidense a Ir\u00e1n divide a las bases de Donald Trump?"}]},{"@type":"WebSite","@id":"https:\/\/conversesacatalunya.cat\/#website","url":"https:\/\/conversesacatalunya.cat\/","name":"Converses a Catalunya","description":"","potentialAction":[{"@type":"SearchAction","target":{"@type":"EntryPoint","urlTemplate":"https:\/\/conversesacatalunya.cat\/?s={search_term_string}"},"query-input":{"@type":"PropertyValueSpecification","valueRequired":true,"valueName":"search_term_string"}}],"inLanguage":"es"},{"@type":"Person","@id":"https:\/\/conversesacatalunya.cat\/#\/schema\/person\/3ce2ab16c0a3803086d80722c7cad56a","name":"Carles L\u00f3pez","image":{"@type":"ImageObject","inLanguage":"es","@id":"https:\/\/conversesacatalunya.cat\/#\/schema\/person\/image\/","url":"https:\/\/conversesacatalunya.cat\/wp-content\/litespeed\/avatar\/4891585caf2896e97846ab77f06edcf2.jpg?ver=1777091173","contentUrl":"https:\/\/conversesacatalunya.cat\/wp-content\/litespeed\/avatar\/4891585caf2896e97846ab77f06edcf2.jpg?ver=1777091173","caption":"Carles L\u00f3pez"},"url":"https:\/\/conversesacatalunya.cat\/es\/author\/carles-lopez\/"}]}},"wps_subtitle":"Dentro del \u201cMAGA\u201d (por el acr\u00f3nimo ingl\u00e9s de Hacer Am\u00e9rica Grande de Nuevo), hay un campo de \u201chalcones\u201d y otro de \u201cpalomas\u201d por lo que respecta a la pol\u00edtica internacional.","_links":{"self":[{"href":"https:\/\/conversesacatalunya.cat\/es\/wp-json\/wp\/v2\/posts\/89696","targetHints":{"allow":["GET"]}}],"collection":[{"href":"https:\/\/conversesacatalunya.cat\/es\/wp-json\/wp\/v2\/posts"}],"about":[{"href":"https:\/\/conversesacatalunya.cat\/es\/wp-json\/wp\/v2\/types\/post"}],"author":[{"embeddable":true,"href":"https:\/\/conversesacatalunya.cat\/es\/wp-json\/wp\/v2\/users\/75"}],"replies":[{"embeddable":true,"href":"https:\/\/conversesacatalunya.cat\/es\/wp-json\/wp\/v2\/comments?post=89696"}],"version-history":[{"count":3,"href":"https:\/\/conversesacatalunya.cat\/es\/wp-json\/wp\/v2\/posts\/89696\/revisions"}],"predecessor-version":[{"id":89697,"href":"https:\/\/conversesacatalunya.cat\/es\/wp-json\/wp\/v2\/posts\/89696\/revisions\/89697"}],"wp:featuredmedia":[{"embeddable":true,"href":"https:\/\/conversesacatalunya.cat\/es\/wp-json\/wp\/v2\/media\/89689"}],"wp:attachment":[{"href":"https:\/\/conversesacatalunya.cat\/es\/wp-json\/wp\/v2\/media?parent=89696"}],"wp:term":[{"taxonomy":"category","embeddable":true,"href":"https:\/\/conversesacatalunya.cat\/es\/wp-json\/wp\/v2\/categories?post=89696"},{"taxonomy":"post_tag","embeddable":true,"href":"https:\/\/conversesacatalunya.cat\/es\/wp-json\/wp\/v2\/tags?post=89696"}],"curies":[{"name":"wp","href":"https:\/\/api.w.org\/{rel}","templated":true}]}}