{"id":89562,"date":"2025-06-18T10:59:28","date_gmt":"2025-06-18T08:59:28","guid":{"rendered":"https:\/\/conversesacatalunya.cat\/?p=89562"},"modified":"2025-06-18T11:33:37","modified_gmt":"2025-06-18T09:33:37","slug":"sanchez-logica-paranoica-poder","status":"publish","type":"post","link":"https:\/\/conversesacatalunya.cat\/es\/sanchez-logica-paranoica-poder\/","title":{"rendered":"S\u00e1nchez y los rasgos paranoicos de su liderazgo"},"content":{"rendered":"<p>Vayamos por partes y centremos los conceptos, que algunos los carga el Diablo.<\/p>\n<p>Los <strong>rasgos paranoicos<\/strong> son caracter\u00edsticas o patrones de comportamiento que reflejan una tendencia a la paranoia, pero no necesariamente alcanzan el nivel de un trastorno cl\u00ednico.<\/p>\n<h4><strong>S\u00e1nchez presenta de manera reiterada y abundante estos rasgos que incluyen seg\u00fan el manual:<\/strong><\/h4>\n<ol>\n<li><strong>Desconfianza persistente<\/strong>: Creer que los dem\u00e1s mienten, enga\u00f1an o tienen motivos ocultos, incluso sin pruebas.<\/li>\n<li><strong>Hipersensibilidad a las cr\u00edticas<\/strong>: Interpretar comentarios neutros o constructivos como ataques personales.<\/li>\n<li><strong>Suspicacia excesiva<\/strong>: Dudar constantemente de la lealtad o intenciones de amigos, familiares o colegas.<\/li>\n<li><strong>Rencor prolongado<\/strong>: Guardar resentimientos o rencores por percibir ofensas que otros podr\u00edan considerar menores.<\/li>\n<li><strong>Interpretaci\u00f3n err\u00f3nea de eventos<\/strong>: Ver significados amenazantes en situaciones cotidianas o neutrales (por ejemplo, asumir que una mirada casual es una se\u00f1al de hostilidad).<\/li>\n<li><strong>Aislamiento social<\/strong>: Evitar relaciones cercanas por miedo a ser traicionado o herido.<\/li>\n<li><strong>Hipervigilancia<\/strong>: Estar constantemente alerta ante posibles amenazas o enga\u00f1os.<\/li>\n<\/ol>\n<p>Estos rasgos pueden variar en intensidad y no siempre indican un trastorno mental, pero si son persistentes o interfieren significativamente en la vida diaria,<strong> podr\u00edan requerir evaluaci\u00f3n profesional<\/strong>. En contextos cl\u00ednicos, los rasgos paranoicos suelen evaluarse mediante entrevistas y cuestionarios psicol\u00f3gicos para determinar si cumplen criterios diagn\u00f3sticos, como los establecidos en el DSM-5 o CIE-11.<\/p>\n<p>Se caracteriza por una interpretaci\u00f3n constante y distorsionada de la realidad, en la que todo lo negativo que le ocurre confirma<strong> su creencia de que est\u00e1 siendo perseguido.<\/strong> Este patr\u00f3n es t\u00edpico de la paranoia persecutoria, un subtipo de trastorno paranoide de la personalidad o, en casos m\u00e1s graves, un rasgo dentro de una psicosis paranoide.<\/p>\n<h4><strong>Hay cinco rasgos que definen bien a un personaje dominado por una estructura paranoide:<\/strong><\/h4>\n<ol>\n<li>Interpreta todo lo negativo que le ocurre como se\u00f1al de una persecuci\u00f3n organizada.<\/li>\n<li>Vive en estado de alerta constante, sospechando de todos menos de los m\u00e1s incondicionales.<\/li>\n<li>Sit\u00faa su propia figura en el centro de toda narrativa, incluso cuando las se\u00f1ales externas nada tienen que ver con \u00e9l.<\/li>\n<li>Reacciona a cualquier cr\u00edtica, reforzando a\u00fan m\u00e1s su interpretaci\u00f3n del mundo hostil, encerr\u00e1ndose en un c\u00edrculo de retroalimentaci\u00f3n.<\/li>\n<li>Transforma su incapacidad para discriminar lo cierto de lo falso en una certeza defensiva: la certeza de que todo est\u00e1 manipulado, salvo su propia versi\u00f3n de los hechos.<\/li>\n<\/ol>\n<p><strong>Estos cinco rasgos describen con inquietante precisi\u00f3n el modo en que Pedro S\u00e1nchez <a href=\"https:\/\/conversesacatalunya.cat\/es\/sanchez-dinamita-el-sistema-de-partidos-y-precipita-a-espana-en-una-crisis-institucional-de-consecuencias-impredecibles\/\" target=\"_blank\" rel=\"noopener\">est\u00e1 afrontando<\/a> el actual colapso moral y pol\u00edtico de su entorno m\u00e1s \u00edntimo.<\/strong><\/p>\n<p>En lugar de asumir responsabilidades, pedir explicaciones o al menos suspender temporalmente a quienes est\u00e1n bajo investigaci\u00f3n por corrupci\u00f3n o tr\u00e1fico de influencias,<strong> el presidente responde con un relato de acoso generalizado<\/strong>.<\/p>\n<p>No pudo ver lo que hac\u00edan sus colaboradores \u2014\u00c1balos ayer, Santos Cerd\u00e1n hoy\u2014 porque viv\u00eda, seg\u00fan \u00e9l mismo ha dicho, bajo una campa\u00f1a sistem\u00e1tica de fango y desinformaci\u00f3n que<strong> le imped\u00eda distinguir los rumores fundados de las intoxicaciones interesadas<\/strong>. Esto lo declar\u00f3 en la rueda de prensa del pasado martes y a pesar de <strong>la importancia de esta confesi\u00f3n<\/strong> como respuesta a una period\u00edstica, ha sido pasada por alto.<\/p>\n<p>Pero esta explicaci\u00f3n, lejos de justificarse como una estrategia de prudencia ante el ruido, revela algo m\u00e1s profundo: un <strong>modo patol\u00f3gico de entender el poder<\/strong>. Una l\u00f3gica paranoica. Y cuando esta l\u00f3gica se instala en la c\u00faspide del Estado, <strong>la democracia deja de ser un sistema de equilibrios y controles para convertirse en un r\u00e9gimen de adhesi\u00f3n emocional al l\u00edder<\/strong>.<\/p>\n<h4><strong>Primero<\/strong><\/h4>\n<p>Pedro S\u00e1nchez interpreta cada acontecimiento adverso \u2014una portada inc\u00f3moda, una investigaci\u00f3n judicial, una denuncia de la oposici\u00f3n, una voz cr\u00edtica dentro del PSOE\u2014 no como parte del pluralismo democr\u00e1tico, sino como <strong>piezas de una campa\u00f1a orquestada para destruirle<\/strong>. Esta lectura convierte cualquier oposici\u00f3n en sospechosa, y todo fallo interno en fruto de una guerra externa. La cr\u00edtica deja de ser leg\u00edtima: es \u00ablawfare\u00bb, es \u00abfango\u00bb, es \u00abodio\u00bb.<\/p>\n<h4><strong>Segundo<\/strong><\/h4>\n<p>Esta percepci\u00f3n de cerco constante genera una <strong>desconfianza extrema hacia los elementos intermedios<\/strong>: los jueces est\u00e1n politizados, los periodistas son manipuladores, los fiscales est\u00e1n infiltrados. En este clima, <strong>la \u00fanica fuente fiable es el propio presidente y su c\u00edrculo estrecho.<\/strong> Los dem\u00e1s, incluso los militantes del partido que se\u00f1alan irregularidades, son peones involuntarios del enemigo. La desconfianza se vuelve estructural.<\/p>\n<h4><strong>Tercero<\/strong><\/h4>\n<p>El tercer rasgo es el <strong>egocentrismo simb\u00f3lico del relato<\/strong>: todo gira en torno a \u00e9l. La pol\u00edtica no se ordena en funci\u00f3n de principios, instituciones o programas, sino de estados de \u00e1nimo del l\u00edder. Si est\u00e1 dolido, se paraliza la agenda. Si se siente vindicado, se reactiva. Si su esposa es investigada, se convoca una rueda de prensa emocional. La figura presidencial se convierte as\u00ed en el n\u00facleo emocional del sistema, lo cual es incompatible con cualquier concepci\u00f3n republicana del poder.<\/p>\n<h4><strong>Cuarto<\/strong><\/h4>\n<p>La l\u00f3gica paranoide es <strong>autoconfirmatoria<\/strong>: cada nuevo indicio de corrupci\u00f3n es interpretado como prueba de que el sistema entero le quiere destruir. La cr\u00edtica valida la persecuci\u00f3n. Y la persecuci\u00f3n justifica no corregir errores, sino blindarse<strong>. Ahora el \u00faltimo culpable son los Guardias Civiles que filtraron el informe, no lo que el informe constata<\/strong>. El presidente no investiga a los suyos, no limpia su entorno, no rinde cuentas: <strong>se protege, se reafirma, se victimiza<\/strong>. Esta espiral es devastadora para la salud institucional.<\/p>\n<h4><strong>Quinto<\/strong><\/h4>\n<p>Esta paranoia se presenta como lucidez. S\u00e1nchez afirma que <strong>nadie m\u00e1s que \u00e9l ve con claridad las verdaderas intenciones de sus adversarios<\/strong>. El problema no es que se le enga\u00f1ara: es que el ruido se dise\u00f1\u00f3 para impedirle ver. Esta excusa traslada la responsabilidad desde los hechos a los marcos. Ya no importan las pruebas, sino el relato. As\u00ed, se consuma la ruptura con la realidad: la pol\u00edtica ya no trata de gobernar, sino de narrarse a s\u00ed misma como resistencia.<\/p>\n<p>Este s\u00edndrome de \u201cpoder sitiado\u201d no es nuevo. L\u00edderes de distintas \u00e9pocas y colores han ca\u00eddo en esta trampa. Lo novedoso en S\u00e1nchez es que ha convertido esa l\u00f3gica paranoica en <strong>una t\u00e9cnica permanente de gobierno<\/strong>. No se trata de un desliz ocasional ni de una reacci\u00f3n desbordada: es su forma de habitar el poder. No corrige: acusa. No escucha: desconf\u00eda. No distingue entre error y ataque: lo mezcla todo en una niebla t\u00f3xica que solo \u00e9l parece saber interpretar.<\/p>\n<p>Cuando el jefe del Ejecutivo deja de discernir entre el inter\u00e9s general y su supervivencia personal, el sistema democr\u00e1tico entra en zona de peligro. <strong>La corrupci\u00f3n ya no es solo un problema \u00e9tico: es un s\u00edntoma de ceguera institucional<\/strong>. Si el l\u00edder no puede ver lo que hacen sus hombres de confianza, o si se niega a verlo, ya no es cuesti\u00f3n de fango. Es cuesti\u00f3n de integridad. Y si su \u00fanica defensa es que todo el mundo est\u00e1 en su contra, entonces el problema no es el mundo: es \u00e9l. Y debe de dejar de serlo por el bien de todos; debe irse a casa a descansar.<\/p>\n<span class='bctt-click-to-tweet'><span class='bctt-ctt-text'><a href='https:\/\/twitter.com\/intent\/tweet?url=https%3A%2F%2Fconversesacatalunya.cat%2Fes%2Fsanchez-logica-paranoica-poder%2F&#038;text=S%C3%A1nchez%20afirma%20que%20nadie%20m%C3%A1s%20que%20%C3%A9l%20ve%20con%20claridad%20las%20verdaderas%20intenciones%20de%20sus%20adversarios.%20El%20problema%20no%20es%20que%20se%20le%20enga%C3%B1ara%3A%20es%20que%20el%20ruido%20se%20dise%C3%B1%C3%B3%20para%20impedirle%20ver&#038;via=conversesacat&#038;related=conversesacat' target='_blank'rel=\"noopener noreferrer\">S\u00e1nchez afirma que nadie m\u00e1s que \u00e9l ve con claridad las verdaderas intenciones de sus adversarios. El problema no es que se le enga\u00f1ara: es que el ruido se dise\u00f1\u00f3 para impedirle ver <\/a><\/span><a href='https:\/\/twitter.com\/intent\/tweet?url=https%3A%2F%2Fconversesacatalunya.cat%2Fes%2Fsanchez-logica-paranoica-poder%2F&#038;text=S%C3%A1nchez%20afirma%20que%20nadie%20m%C3%A1s%20que%20%C3%A9l%20ve%20con%20claridad%20las%20verdaderas%20intenciones%20de%20sus%20adversarios.%20El%20problema%20no%20es%20que%20se%20le%20enga%C3%B1ara%3A%20es%20que%20el%20ruido%20se%20dise%C3%B1%C3%B3%20para%20impedirle%20ver&#038;via=conversesacat&#038;related=conversesacat' target='_blank' class='bctt-ctt-btn'rel=\"noopener noreferrer\">Compartir en X<\/a><\/span>\n<div id=\"polls-288\" class=\"wp-polls\">\n\t<form id=\"polls_form_288\" class=\"wp-polls-form\" action=\"\/index.php\" method=\"post\">\n\t\t<p style=\"display: none;\"><input type=\"hidden\" id=\"poll_288_nonce\" name=\"wp-polls-nonce\" value=\"19fd500a02\" \/><\/p>\n\t\t<p style=\"display: none;\"><input type=\"hidden\" name=\"poll_id\" value=\"288\" \/><\/p>\n\t\t<p style=\"text-align: center\"><strong>Consideres que S\u00e1nchez \u00e9s responsable de la corrupci\u00f3 sist\u00e8mica del PSOE i del Ministeri de Foment?<\/strong><\/p><div id=\"polls-288-ans\" class=\"wp-polls-ans\"><ul class=\"wp-polls-ul\">\n\t\t<li><input type=\"radio\" id=\"poll-answer-821\" name=\"poll_288\" value=\"821\" \/> <label for=\"poll-answer-821\">S\u00ed<\/label><\/li>\n\t\t<li><input type=\"radio\" id=\"poll-answer-822\" name=\"poll_288\" value=\"822\" \/> <label for=\"poll-answer-822\">No<\/label><\/li>\n\t\t<li><input type=\"radio\" id=\"poll-answer-823\" name=\"poll_288\" value=\"823\" \/> <label for=\"poll-answer-823\">No ho s\u00e9<\/label><\/li>\n\t\t<\/ul><p style=\"text-align: center\"><input type=\"button\" name=\"vote\" value=\"   Vota   \" class=\"Buttons\" onclick=\"poll_vote(288);\" \/><\/p><p style=\"text-align: center\"><a href=\"#ViewPollResults\" onclick=\"poll_result(288); return false;\" title=\"View Results Of This Poll\">Mira els resultats<\/a><\/p><\/div>\n\t<\/form>\n<\/div>\n<div id=\"polls-288-loading\" class=\"wp-polls-loading\"><img decoding=\"async\" data-src=\"https:\/\/conversesacatalunya.cat\/wp-content\/plugins\/wp-polls\/images\/loading.gif\" width=\"16\" height=\"16\" alt=\"Cargando ...\" title=\"Cargando ...\" class=\"wp-polls-image lazyload\" src=\"data:image\/svg+xml;base64,PHN2ZyB3aWR0aD0iMSIgaGVpZ2h0PSIxIiB4bWxucz0iaHR0cDovL3d3dy53My5vcmcvMjAwMC9zdmciPjwvc3ZnPg==\" style=\"--smush-placeholder-width: 16px; --smush-placeholder-aspect-ratio: 16\/16;\" \/>&nbsp;Cargando ...<\/div>\n\n","protected":false},"excerpt":{"rendered":"<p>Vayamos por partes y centremos los conceptos, que algunos los carga el Diablo. Los rasgos paranoicos son caracter\u00edsticas o patrones de comportamiento que reflejan una tendencia a la paranoia, pero no necesariamente alcanzan el nivel de un trastorno cl\u00ednico. S\u00e1nchez presenta de manera reiterada y abundante estos rasgos que incluyen seg\u00fan el manual: Desconfianza persistente: Creer que los dem\u00e1s mienten, enga\u00f1an o tienen motivos ocultos, incluso sin pruebas. Hipersensibilidad a las cr\u00edticas: Interpretar comentarios neutros o constructivos como ataques personales. Suspicacia excesiva: Dudar constantemente de la lealtad o intenciones de amigos, familiares o colegas. Rencor prolongado: Guardar resentimientos o rencores por percibir ofensas que otros podr\u00edan considerar menores. Interpretaci\u00f3n err\u00f3nea de eventos: Ver significados amenazantes en situaciones cotidianas o neutrales (por ejemplo, asumir que una mirada casual es una se\u00f1al de hostilidad). Aislamiento social: Evitar relaciones cercanas por miedo a ser traicionado o herido. Hipervigilancia: Estar constantemente alerta ante posibles amenazas o enga\u00f1os. Estos rasgos pueden variar en intensidad y no siempre indican un trastorno mental, pero si son persistentes o interfieren significativamente en la vida diaria, podr\u00edan requerir evaluaci\u00f3n profesional. En contextos cl\u00ednicos, los rasgos paranoicos suelen evaluarse mediante entrevistas y cuestionarios psicol\u00f3gicos para determinar si cumplen criterios diagn\u00f3sticos, como los establecidos en el DSM-5 o CIE-11. Se caracteriza por una interpretaci\u00f3n constante y distorsionada de la realidad, en la que todo lo negativo que le ocurre confirma su creencia de que est\u00e1 siendo perseguido. Este patr\u00f3n es t\u00edpico de la paranoia persecutoria, un subtipo de trastorno paranoide de la personalidad o, en casos m\u00e1s graves, un rasgo dentro de una psicosis paranoide. Hay cinco rasgos que definen bien a un personaje dominado por una estructura paranoide: Interpreta todo lo negativo que le ocurre como se\u00f1al de una persecuci\u00f3n organizada. Vive en estado de alerta constante, sospechando de todos menos de los m\u00e1s incondicionales. Sit\u00faa su propia figura en el centro de toda narrativa, incluso cuando las se\u00f1ales externas nada tienen que ver con \u00e9l. Reacciona a cualquier cr\u00edtica, reforzando a\u00fan m\u00e1s su interpretaci\u00f3n del mundo hostil, encerr\u00e1ndose en un c\u00edrculo de retroalimentaci\u00f3n. Transforma su incapacidad para discriminar lo cierto de lo falso en una certeza defensiva: la certeza de que todo est\u00e1 manipulado, salvo su propia versi\u00f3n de los hechos. Estos cinco rasgos describen con inquietante precisi\u00f3n el modo en que Pedro S\u00e1nchez est\u00e1 afrontando el actual colapso moral y pol\u00edtico de su entorno m\u00e1s \u00edntimo. En lugar de asumir responsabilidades, pedir explicaciones o al menos suspender temporalmente a quienes est\u00e1n bajo investigaci\u00f3n por corrupci\u00f3n o tr\u00e1fico de influencias, el presidente responde con un relato de acoso generalizado. No pudo ver lo que hac\u00edan sus colaboradores \u2014\u00c1balos ayer, Santos Cerd\u00e1n hoy\u2014 porque viv\u00eda, seg\u00fan \u00e9l mismo ha dicho, bajo una campa\u00f1a sistem\u00e1tica de fango y desinformaci\u00f3n que le imped\u00eda distinguir los rumores fundados de las intoxicaciones interesadas. Esto lo declar\u00f3 en la rueda de prensa del pasado martes y a pesar de la importancia de esta confesi\u00f3n como respuesta a una period\u00edstica, ha sido pasada por alto. Pero esta explicaci\u00f3n, lejos de justificarse como una estrategia de prudencia ante el ruido, revela algo m\u00e1s profundo: un modo patol\u00f3gico de entender el poder. Una l\u00f3gica paranoica. Y cuando esta l\u00f3gica se instala en la c\u00faspide del Estado, la democracia deja de ser un sistema de equilibrios y controles para convertirse en un r\u00e9gimen de adhesi\u00f3n emocional al l\u00edder. Primero Pedro S\u00e1nchez interpreta cada acontecimiento adverso \u2014una portada inc\u00f3moda, una investigaci\u00f3n judicial, una denuncia de la oposici\u00f3n, una voz cr\u00edtica dentro del PSOE\u2014 no como parte del pluralismo democr\u00e1tico, sino como piezas de una campa\u00f1a orquestada para destruirle. Esta lectura convierte cualquier oposici\u00f3n en sospechosa, y todo fallo interno en fruto de una guerra externa. La cr\u00edtica deja de ser leg\u00edtima: es \u00ablawfare\u00bb, es \u00abfango\u00bb, es \u00abodio\u00bb. Segundo Esta percepci\u00f3n de cerco constante genera una desconfianza extrema hacia los elementos intermedios: los jueces est\u00e1n politizados, los periodistas son manipuladores, los fiscales est\u00e1n infiltrados. En este clima, la \u00fanica fuente fiable es el propio presidente y su c\u00edrculo estrecho. Los dem\u00e1s, incluso los militantes del partido que se\u00f1alan irregularidades, son peones involuntarios del enemigo. La desconfianza se vuelve estructural. Tercero El tercer rasgo es el egocentrismo simb\u00f3lico del relato: todo gira en torno a \u00e9l. La pol\u00edtica no se ordena en funci\u00f3n de principios, instituciones o programas, sino de estados de \u00e1nimo del l\u00edder. Si est\u00e1 dolido, se paraliza la agenda. Si se siente vindicado, se reactiva. Si su esposa es investigada, se convoca una rueda de prensa emocional. La figura presidencial se convierte as\u00ed en el n\u00facleo emocional del sistema, lo cual es incompatible con cualquier concepci\u00f3n republicana del poder. Cuarto La l\u00f3gica paranoide es autoconfirmatoria: cada nuevo indicio de corrupci\u00f3n es interpretado como prueba de que el sistema entero le quiere destruir. La cr\u00edtica valida la persecuci\u00f3n. Y la persecuci\u00f3n justifica no corregir errores, sino blindarse. Ahora el \u00faltimo culpable son los Guardias Civiles que filtraron el informe, no lo que el informe constata. El presidente no investiga a los suyos, no limpia su entorno, no rinde cuentas: se protege, se reafirma, se victimiza. Esta espiral es devastadora para la salud institucional. Quinto Esta paranoia se presenta como lucidez. S\u00e1nchez afirma que nadie m\u00e1s que \u00e9l ve con claridad las verdaderas intenciones de sus adversarios. El problema no es que se le enga\u00f1ara: es que el ruido se dise\u00f1\u00f3 para impedirle ver. Esta excusa traslada la responsabilidad desde los hechos a los marcos. Ya no importan las pruebas, sino el relato. As\u00ed, se consuma la ruptura con la realidad: la pol\u00edtica ya no trata de gobernar, sino de narrarse a s\u00ed misma como resistencia. Este s\u00edndrome de \u201cpoder sitiado\u201d no es nuevo. L\u00edderes de distintas \u00e9pocas y colores han ca\u00eddo en esta trampa. Lo novedoso en S\u00e1nchez es que ha convertido esa l\u00f3gica paranoica en una t\u00e9cnica permanente de gobierno. No se trata de un desliz ocasional ni de una reacci\u00f3n desbordada: es su forma de habitar el poder. No corrige: acusa. No escucha: desconf\u00eda. No distingue entre&#8230;<\/p>\n","protected":false},"author":77,"featured_media":89565,"comment_status":"open","ping_status":"open","sticky":false,"template":"","format":"standard","meta":{"_FSMCFIC_featured_image_caption":"","_FSMCFIC_featured_image_nocaption":"","_FSMCFIC_featured_image_hide":"","footnotes":""},"categories":[806],"tags":[1279],"class_list":["post-89562","post","type-post","status-publish","format-standard","has-post-thumbnail","hentry","category-punts-claus-del-dia-es","tag-corrupcion"],"yoast_head":"<!-- This site is optimized with the Yoast SEO plugin v26.8 - https:\/\/yoast.com\/product\/yoast-seo-wordpress\/ -->\n<title>Pedro S\u00e1nchez y la l\u00f3gica paranoica del poder<\/title>\n<meta name=\"description\" content=\"S\u00e1nchez ha convertido esa l\u00f3gica paranoica en una t\u00e9cnica permanente de gobierno. No se trata de un desliz ocasional ni de una reacci\u00f3n\" \/>\n<meta name=\"robots\" content=\"index, follow, max-snippet:-1, max-image-preview:large, max-video-preview:-1\" \/>\n<link rel=\"canonical\" href=\"https:\/\/conversesacatalunya.cat\/es\/sanchez-logica-paranoica-poder\/\" \/>\n<meta property=\"og:locale\" content=\"es_ES\" \/>\n<meta property=\"og:type\" content=\"article\" \/>\n<meta property=\"og:title\" content=\"Pedro S\u00e1nchez y la l\u00f3gica paranoica del poder\" \/>\n<meta property=\"og:description\" content=\"S\u00e1nchez ha convertido esa l\u00f3gica paranoica en una t\u00e9cnica permanente de gobierno. No se trata de un desliz ocasional ni de una reacci\u00f3n\" \/>\n<meta property=\"og:url\" content=\"https:\/\/conversesacatalunya.cat\/es\/sanchez-logica-paranoica-poder\/\" \/>\n<meta property=\"og:site_name\" content=\"Converses a Catalunya\" \/>\n<meta property=\"article:published_time\" content=\"2025-06-18T08:59:28+00:00\" \/>\n<meta property=\"article:modified_time\" content=\"2025-06-18T09:33:37+00:00\" \/>\n<meta property=\"og:image\" content=\"https:\/\/conversesacatalunya.cat\/wp-content\/uploads\/2025\/06\/Imagen1-2.jpg\" \/>\n\t<meta property=\"og:image:width\" content=\"567\" \/>\n\t<meta property=\"og:image:height\" content=\"378\" \/>\n\t<meta property=\"og:image:type\" content=\"image\/jpeg\" \/>\n<meta name=\"author\" content=\"Enric Casanovas\" \/>\n<meta name=\"twitter:card\" content=\"summary_large_image\" \/>\n<meta name=\"twitter:label1\" content=\"Escrito por\" \/>\n\t<meta name=\"twitter:data1\" content=\"Enric Casanovas\" \/>\n\t<meta name=\"twitter:label2\" content=\"Tiempo de lectura\" \/>\n\t<meta name=\"twitter:data2\" content=\"6 minutos\" \/>\n<script type=\"application\/ld+json\" class=\"yoast-schema-graph\">{\"@context\":\"https:\/\/schema.org\",\"@graph\":[{\"@type\":\"Article\",\"@id\":\"https:\/\/conversesacatalunya.cat\/es\/sanchez-logica-paranoica-poder\/#article\",\"isPartOf\":{\"@id\":\"https:\/\/conversesacatalunya.cat\/es\/sanchez-logica-paranoica-poder\/\"},\"author\":{\"name\":\"Enric Casanovas\",\"@id\":\"https:\/\/conversesacatalunya.cat\/#\/schema\/person\/79bd0577b2f3afc8d6519d207c6e8609\"},\"headline\":\"S\u00e1nchez y los rasgos paranoicos de su liderazgo\",\"datePublished\":\"2025-06-18T08:59:28+00:00\",\"dateModified\":\"2025-06-18T09:33:37+00:00\",\"mainEntityOfPage\":{\"@id\":\"https:\/\/conversesacatalunya.cat\/es\/sanchez-logica-paranoica-poder\/\"},\"wordCount\":1282,\"commentCount\":0,\"image\":{\"@id\":\"https:\/\/conversesacatalunya.cat\/es\/sanchez-logica-paranoica-poder\/#primaryimage\"},\"thumbnailUrl\":\"https:\/\/conversesacatalunya.cat\/wp-content\/uploads\/2025\/06\/Imagen1-2.jpg\",\"keywords\":[\"corrupci\u00f3n\"],\"articleSection\":[\"Punts clau del dia (ES)\"],\"inLanguage\":\"es\",\"potentialAction\":[{\"@type\":\"CommentAction\",\"name\":\"Comment\",\"target\":[\"https:\/\/conversesacatalunya.cat\/es\/sanchez-logica-paranoica-poder\/#respond\"]}]},{\"@type\":\"WebPage\",\"@id\":\"https:\/\/conversesacatalunya.cat\/es\/sanchez-logica-paranoica-poder\/\",\"url\":\"https:\/\/conversesacatalunya.cat\/es\/sanchez-logica-paranoica-poder\/\",\"name\":\"Pedro S\u00e1nchez y la l\u00f3gica paranoica del poder\",\"isPartOf\":{\"@id\":\"https:\/\/conversesacatalunya.cat\/#website\"},\"primaryImageOfPage\":{\"@id\":\"https:\/\/conversesacatalunya.cat\/es\/sanchez-logica-paranoica-poder\/#primaryimage\"},\"image\":{\"@id\":\"https:\/\/conversesacatalunya.cat\/es\/sanchez-logica-paranoica-poder\/#primaryimage\"},\"thumbnailUrl\":\"https:\/\/conversesacatalunya.cat\/wp-content\/uploads\/2025\/06\/Imagen1-2.jpg\",\"datePublished\":\"2025-06-18T08:59:28+00:00\",\"dateModified\":\"2025-06-18T09:33:37+00:00\",\"author\":{\"@id\":\"https:\/\/conversesacatalunya.cat\/#\/schema\/person\/79bd0577b2f3afc8d6519d207c6e8609\"},\"description\":\"S\u00e1nchez ha convertido esa l\u00f3gica paranoica en una t\u00e9cnica permanente de gobierno. No se trata de un desliz ocasional ni de una reacci\u00f3n\",\"breadcrumb\":{\"@id\":\"https:\/\/conversesacatalunya.cat\/es\/sanchez-logica-paranoica-poder\/#breadcrumb\"},\"inLanguage\":\"es\",\"potentialAction\":[{\"@type\":\"ReadAction\",\"target\":[\"https:\/\/conversesacatalunya.cat\/es\/sanchez-logica-paranoica-poder\/\"]}]},{\"@type\":\"ImageObject\",\"inLanguage\":\"es\",\"@id\":\"https:\/\/conversesacatalunya.cat\/es\/sanchez-logica-paranoica-poder\/#primaryimage\",\"url\":\"https:\/\/conversesacatalunya.cat\/wp-content\/uploads\/2025\/06\/Imagen1-2.jpg\",\"contentUrl\":\"https:\/\/conversesacatalunya.cat\/wp-content\/uploads\/2025\/06\/Imagen1-2.jpg\",\"width\":567,\"height\":378,\"caption\":\"S\u00e1nchez l\u00f3gica paranoica\"},{\"@type\":\"BreadcrumbList\",\"@id\":\"https:\/\/conversesacatalunya.cat\/es\/sanchez-logica-paranoica-poder\/#breadcrumb\",\"itemListElement\":[{\"@type\":\"ListItem\",\"position\":1,\"name\":\"Inici\",\"item\":\"https:\/\/conversesacatalunya.cat\/es\/\"},{\"@type\":\"ListItem\",\"position\":2,\"name\":\"S\u00e1nchez y los rasgos paranoicos de su liderazgo\"}]},{\"@type\":\"WebSite\",\"@id\":\"https:\/\/conversesacatalunya.cat\/#website\",\"url\":\"https:\/\/conversesacatalunya.cat\/\",\"name\":\"Converses a Catalunya\",\"description\":\"\",\"potentialAction\":[{\"@type\":\"SearchAction\",\"target\":{\"@type\":\"EntryPoint\",\"urlTemplate\":\"https:\/\/conversesacatalunya.cat\/?s={search_term_string}\"},\"query-input\":{\"@type\":\"PropertyValueSpecification\",\"valueRequired\":true,\"valueName\":\"search_term_string\"}}],\"inLanguage\":\"es\"},{\"@type\":\"Person\",\"@id\":\"https:\/\/conversesacatalunya.cat\/#\/schema\/person\/79bd0577b2f3afc8d6519d207c6e8609\",\"name\":\"Enric Casanovas\",\"image\":{\"@type\":\"ImageObject\",\"inLanguage\":\"es\",\"@id\":\"https:\/\/conversesacatalunya.cat\/#\/schema\/person\/image\/\",\"url\":\"https:\/\/conversesacatalunya.cat\/wp-content\/litespeed\/avatar\/7ae4379ad4421ec77820e92afd36dd78.jpg?ver=1777373933\",\"contentUrl\":\"https:\/\/conversesacatalunya.cat\/wp-content\/litespeed\/avatar\/7ae4379ad4421ec77820e92afd36dd78.jpg?ver=1777373933\",\"caption\":\"Enric Casanovas\"},\"url\":\"https:\/\/conversesacatalunya.cat\/es\/author\/enric-casanovas\/\"}]}<\/script>\n<!-- \/ Yoast SEO plugin. -->","yoast_head_json":{"title":"Pedro S\u00e1nchez y la l\u00f3gica paranoica del poder","description":"S\u00e1nchez ha convertido esa l\u00f3gica paranoica en una t\u00e9cnica permanente de gobierno. No se trata de un desliz ocasional ni de una reacci\u00f3n","robots":{"index":"index","follow":"follow","max-snippet":"max-snippet:-1","max-image-preview":"max-image-preview:large","max-video-preview":"max-video-preview:-1"},"canonical":"https:\/\/conversesacatalunya.cat\/es\/sanchez-logica-paranoica-poder\/","og_locale":"es_ES","og_type":"article","og_title":"Pedro S\u00e1nchez y la l\u00f3gica paranoica del poder","og_description":"S\u00e1nchez ha convertido esa l\u00f3gica paranoica en una t\u00e9cnica permanente de gobierno. No se trata de un desliz ocasional ni de una reacci\u00f3n","og_url":"https:\/\/conversesacatalunya.cat\/es\/sanchez-logica-paranoica-poder\/","og_site_name":"Converses a Catalunya","article_published_time":"2025-06-18T08:59:28+00:00","article_modified_time":"2025-06-18T09:33:37+00:00","og_image":[{"width":567,"height":378,"url":"https:\/\/conversesacatalunya.cat\/wp-content\/uploads\/2025\/06\/Imagen1-2.jpg","type":"image\/jpeg"}],"author":"Enric Casanovas","twitter_card":"summary_large_image","twitter_misc":{"Escrito por":"Enric Casanovas","Tiempo de lectura":"6 minutos"},"schema":{"@context":"https:\/\/schema.org","@graph":[{"@type":"Article","@id":"https:\/\/conversesacatalunya.cat\/es\/sanchez-logica-paranoica-poder\/#article","isPartOf":{"@id":"https:\/\/conversesacatalunya.cat\/es\/sanchez-logica-paranoica-poder\/"},"author":{"name":"Enric Casanovas","@id":"https:\/\/conversesacatalunya.cat\/#\/schema\/person\/79bd0577b2f3afc8d6519d207c6e8609"},"headline":"S\u00e1nchez y los rasgos paranoicos de su liderazgo","datePublished":"2025-06-18T08:59:28+00:00","dateModified":"2025-06-18T09:33:37+00:00","mainEntityOfPage":{"@id":"https:\/\/conversesacatalunya.cat\/es\/sanchez-logica-paranoica-poder\/"},"wordCount":1282,"commentCount":0,"image":{"@id":"https:\/\/conversesacatalunya.cat\/es\/sanchez-logica-paranoica-poder\/#primaryimage"},"thumbnailUrl":"https:\/\/conversesacatalunya.cat\/wp-content\/uploads\/2025\/06\/Imagen1-2.jpg","keywords":["corrupci\u00f3n"],"articleSection":["Punts clau del dia (ES)"],"inLanguage":"es","potentialAction":[{"@type":"CommentAction","name":"Comment","target":["https:\/\/conversesacatalunya.cat\/es\/sanchez-logica-paranoica-poder\/#respond"]}]},{"@type":"WebPage","@id":"https:\/\/conversesacatalunya.cat\/es\/sanchez-logica-paranoica-poder\/","url":"https:\/\/conversesacatalunya.cat\/es\/sanchez-logica-paranoica-poder\/","name":"Pedro S\u00e1nchez y la l\u00f3gica paranoica del poder","isPartOf":{"@id":"https:\/\/conversesacatalunya.cat\/#website"},"primaryImageOfPage":{"@id":"https:\/\/conversesacatalunya.cat\/es\/sanchez-logica-paranoica-poder\/#primaryimage"},"image":{"@id":"https:\/\/conversesacatalunya.cat\/es\/sanchez-logica-paranoica-poder\/#primaryimage"},"thumbnailUrl":"https:\/\/conversesacatalunya.cat\/wp-content\/uploads\/2025\/06\/Imagen1-2.jpg","datePublished":"2025-06-18T08:59:28+00:00","dateModified":"2025-06-18T09:33:37+00:00","author":{"@id":"https:\/\/conversesacatalunya.cat\/#\/schema\/person\/79bd0577b2f3afc8d6519d207c6e8609"},"description":"S\u00e1nchez ha convertido esa l\u00f3gica paranoica en una t\u00e9cnica permanente de gobierno. No se trata de un desliz ocasional ni de una reacci\u00f3n","breadcrumb":{"@id":"https:\/\/conversesacatalunya.cat\/es\/sanchez-logica-paranoica-poder\/#breadcrumb"},"inLanguage":"es","potentialAction":[{"@type":"ReadAction","target":["https:\/\/conversesacatalunya.cat\/es\/sanchez-logica-paranoica-poder\/"]}]},{"@type":"ImageObject","inLanguage":"es","@id":"https:\/\/conversesacatalunya.cat\/es\/sanchez-logica-paranoica-poder\/#primaryimage","url":"https:\/\/conversesacatalunya.cat\/wp-content\/uploads\/2025\/06\/Imagen1-2.jpg","contentUrl":"https:\/\/conversesacatalunya.cat\/wp-content\/uploads\/2025\/06\/Imagen1-2.jpg","width":567,"height":378,"caption":"S\u00e1nchez l\u00f3gica paranoica"},{"@type":"BreadcrumbList","@id":"https:\/\/conversesacatalunya.cat\/es\/sanchez-logica-paranoica-poder\/#breadcrumb","itemListElement":[{"@type":"ListItem","position":1,"name":"Inici","item":"https:\/\/conversesacatalunya.cat\/es\/"},{"@type":"ListItem","position":2,"name":"S\u00e1nchez y los rasgos paranoicos de su liderazgo"}]},{"@type":"WebSite","@id":"https:\/\/conversesacatalunya.cat\/#website","url":"https:\/\/conversesacatalunya.cat\/","name":"Converses a Catalunya","description":"","potentialAction":[{"@type":"SearchAction","target":{"@type":"EntryPoint","urlTemplate":"https:\/\/conversesacatalunya.cat\/?s={search_term_string}"},"query-input":{"@type":"PropertyValueSpecification","valueRequired":true,"valueName":"search_term_string"}}],"inLanguage":"es"},{"@type":"Person","@id":"https:\/\/conversesacatalunya.cat\/#\/schema\/person\/79bd0577b2f3afc8d6519d207c6e8609","name":"Enric Casanovas","image":{"@type":"ImageObject","inLanguage":"es","@id":"https:\/\/conversesacatalunya.cat\/#\/schema\/person\/image\/","url":"https:\/\/conversesacatalunya.cat\/wp-content\/litespeed\/avatar\/7ae4379ad4421ec77820e92afd36dd78.jpg?ver=1777373933","contentUrl":"https:\/\/conversesacatalunya.cat\/wp-content\/litespeed\/avatar\/7ae4379ad4421ec77820e92afd36dd78.jpg?ver=1777373933","caption":"Enric Casanovas"},"url":"https:\/\/conversesacatalunya.cat\/es\/author\/enric-casanovas\/"}]}},"wps_subtitle":"Si el l\u00edder no puede ver lo que hacen sus hombres de confianza, o si se niega a verlo, ya no es cuesti\u00f3n de fango. Es cuesti\u00f3n de integridad. Y si su \u00fanica defensa es que todo el mundo est\u00e1 en su contra, entonces el problema no es el mundo: es \u00e9l. Y debe de dejar de serlo por el bien de todos; debe irse a casa a descansar.","_links":{"self":[{"href":"https:\/\/conversesacatalunya.cat\/es\/wp-json\/wp\/v2\/posts\/89562","targetHints":{"allow":["GET"]}}],"collection":[{"href":"https:\/\/conversesacatalunya.cat\/es\/wp-json\/wp\/v2\/posts"}],"about":[{"href":"https:\/\/conversesacatalunya.cat\/es\/wp-json\/wp\/v2\/types\/post"}],"author":[{"embeddable":true,"href":"https:\/\/conversesacatalunya.cat\/es\/wp-json\/wp\/v2\/users\/77"}],"replies":[{"embeddable":true,"href":"https:\/\/conversesacatalunya.cat\/es\/wp-json\/wp\/v2\/comments?post=89562"}],"version-history":[{"count":6,"href":"https:\/\/conversesacatalunya.cat\/es\/wp-json\/wp\/v2\/posts\/89562\/revisions"}],"predecessor-version":[{"id":89567,"href":"https:\/\/conversesacatalunya.cat\/es\/wp-json\/wp\/v2\/posts\/89562\/revisions\/89567"}],"wp:featuredmedia":[{"embeddable":true,"href":"https:\/\/conversesacatalunya.cat\/es\/wp-json\/wp\/v2\/media\/89565"}],"wp:attachment":[{"href":"https:\/\/conversesacatalunya.cat\/es\/wp-json\/wp\/v2\/media?parent=89562"}],"wp:term":[{"taxonomy":"category","embeddable":true,"href":"https:\/\/conversesacatalunya.cat\/es\/wp-json\/wp\/v2\/categories?post=89562"},{"taxonomy":"post_tag","embeddable":true,"href":"https:\/\/conversesacatalunya.cat\/es\/wp-json\/wp\/v2\/tags?post=89562"}],"curies":[{"name":"wp","href":"https:\/\/api.w.org\/{rel}","templated":true}]}}