{"id":89487,"date":"2025-06-16T12:24:56","date_gmt":"2025-06-16T10:24:56","guid":{"rendered":"https:\/\/conversesacatalunya.cat\/?p=89487"},"modified":"2025-07-15T13:33:08","modified_gmt":"2025-07-15T11:33:08","slug":"lo-que-va-a-hacer-sanchez-estrategia","status":"publish","type":"post","link":"https:\/\/conversesacatalunya.cat\/es\/lo-que-va-a-hacer-sanchez-estrategia\/","title":{"rendered":"Lo que va a hacer Pedro S\u00e1nchez"},"content":{"rendered":"<p><strong>Que nadie d\u00e9 por acabado a Pedro S\u00e1nchez.<\/strong> Cuando se escriba esta etapa de la historia pol\u00edtica espa\u00f1ola, habr\u00e1 que evitar el error del observador ingenuo: creer que los golpes de desgaste, los esc\u00e1ndalos o incluso el desprestigio internacional bastan para tumbar al pol\u00edtico m\u00e1s determinado que ha conocido el pa\u00eds en democracia. Porque lo que mueve a S\u00e1nchez no es solo ideolog\u00eda ni siquiera ambici\u00f3n: es una psicolog\u00eda, un instinto casi entomol\u00f3gico de supervivencia en el poder.<\/p>\n<p>Pedro S\u00e1nchez no es simplemente un presidente del Gobierno. Es un fen\u00f3meno pol\u00edtico an\u00f3malo, tallado en la resistencia numantina, perfeccionado en la traici\u00f3n calculada y blindado en el relativismo moral de quien cree que la historia le absolver\u00e1&#8230; o la escribir\u00e1 \u00e9l mismo. Es el pol\u00edtico que cay\u00f3, resucit\u00f3, y convirti\u00f3 la humillaci\u00f3n interna en trampol\u00edn para la revancha total.<\/p>\n<h5><strong>Desde entonces, todo ha sido un pulso: con su partido, con sus socios, con las instituciones, con los jueces, con los medios.<\/strong><\/h5>\n<p><strong>La clave del personaje est\u00e1 en su cosmovisi\u00f3n:<\/strong> Pedro S\u00e1nchez no cree en poderes externos a s\u00ed mismo. No hay Dios, ni patria, ni justicia, que se sit\u00fae por encima de su voluntad de poder. Lo confes\u00f3 literalmente: <strong>ateo sin matices<\/strong>. El resto del andamiaje simb\u00f3lico \u2014la Constituci\u00f3n, la monarqu\u00eda, los contrapesos institucionales\u2014 le resulta irrelevante si se interponen entre \u00e9l y la permanencia en el poder. <strong>El cargo no lo ocupa; lo encarna<\/strong>.<\/p>\n<p>Lo que viene no es improvisaci\u00f3n. S\u00e1nchez juega con un cronograma mental muy claro: hay que aguantar hasta la <strong>primavera de 2026<\/strong>. Todo lo dem\u00e1s \u2014mociones de confianza, remodelaciones internas, auditor\u00edas cosm\u00e9ticas\u2014 es ruido t\u00e1ctico. En el tablero pol\u00edtico que imagina, <strong>resistir es gobernar, y gobernar es borrar el pasado<\/strong>.<\/p>\n<p><a href=\"https:\/\/conversesacatalunya.cat\/es\/no-es-el-caso-cerdan-es-un-sistema-corrupto-con-sanchez-como-maxima-autoridad\/\" target=\"_blank\" rel=\"noopener\"><strong>Su primer movimiento ha sido de manual<\/strong><\/a>: desviar el foco. Remodela la ejecutiva del PSOE con nombres de confianza, cierra filas y lanza una auditor\u00eda externa de las finanzas del partido, lo justo para parecer reactivo sin tocar el fondo del problema.<\/p>\n<p>Mientras tanto, la maquinaria medi\u00e1tica se activa como un resorte: tertulianos, encuestas, titulares a la carta. El mensaje es claro: quien critique a este Gobierno alimenta a la ultraderecha. Se demoniza a la oposici\u00f3n para relativizar los propios pecados. <strong>\u00bfCorrupci\u00f3n? S\u00ed, pero la del otro fue peor. \u00bfAutoritarismo? S\u00ed, pero Vox, es m\u00e1s. Y es la amenaza que viene<\/strong>, la ultraderecha que crece; \u00a1si hasta los j\u00f3venes la votan! Comeremos esto todos los d\u00edas. El miedo.<\/p>\n<p><strong>En el Congreso<\/strong>, la estrategia es m\u00e1s de carpinter\u00eda fina: sacar adelante unos <strong>Presupuestos para 2026<\/strong> y exhibir estabilidad institucional. Para ello pactar\u00e1 lo que convenga. Una moci\u00f3n de confianza ser\u00eda necesaria, pero est\u00e1 en el aire, pero no se activar\u00e1 sin amarrar cada voto, especialmente el de <strong>Podemos<\/strong>. Si Sumar es el ap\u00e9ndice del Sanchismo, Podemos es el rival moral. Y S\u00e1nchez lo sabe.<\/p>\n<p><strong>Junts, por su parte, es reh\u00e9n de la amnist\u00eda<\/strong>. El PNV, del mapa vasco. Bildu, de su blanqueo. Cada socio tiene un precio, y el presidente lo pagar\u00e1 gustoso si eso le garantiza el calendario que desea.<\/p>\n<p>El objetivo: proyectar que hay Gobierno para rato. Aunque no tenga intenci\u00f3n de acabar la legislatura, necesita parecerlo. La <strong>pol\u00edtica, al fin y al cabo, no es lo que se hace, sino lo que parece que se hace.<\/strong><\/p>\n<p><strong>La verdadera batalla es dominar a los jueces.<\/strong> Pero el movimiento m\u00e1s peligroso \u2014y al mismo tiempo m\u00e1s ambicioso\u2014 no est\u00e1 en los titulares, sino en el BOE. La ofensiva sobre la justicia est\u00e1 en marcha. Es la reforma del acceso a la carrera judicial: un intento de desactivar el \u00faltimo contrapeso institucional real que queda. Adi\u00f3s a las oposiciones. Bienvenida una formaci\u00f3n controlada por el Gobierno. En paralelo, se otorga al fiscal general del Estado \u2014nombrado por el Ejecutivo\u2014 el poder de instruir los casos.<\/p>\n<p>La independencia de la UCO, una de las pesadillas actuales de Moncloa, se diluye en un modelo donde <strong>pasar\u00eda a depender de la Fiscal\u00eda<\/strong>, que \u00a0manda y los fiscales obedecen jer\u00e1rquicamente. Es decir: el Gobierno instruye, investiga y acusa. El juez se convierte en mero notario de la voluntad pol\u00edtica.<\/p>\n<p>Imaginemos retroactivamente: \u00bfqu\u00e9 hubiera sido del caso \u00c1balos? \u00bfY del caso Koldo? \u00bfY del propio Cerd\u00e1n? Bajo esta nueva arquitectura judicial, probablemente nada.<\/p>\n<p>Y por si falla, cambiar las reglas del juego<\/p>\n<p>Por si todo lo anterior fuera poco, S\u00e1nchez prepara una posible <strong>reforma electoral<\/strong>. El objetivo: beneficiar a los peque\u00f1os partidos a su izquierda, para asegurarse que ning\u00fan bloque alternativo pueda sumar sin el PSOE. Lo que no controle por persuasi\u00f3n lo blindar\u00e1 por dise\u00f1o. Porque si las mayor\u00edas no garantizan continuidad, entonces habr\u00e1 que redibujarlas.<\/p>\n<p>S\u00e1nchez es un pol\u00edtico para quien la verdad, la realidad y los hechos no importan. <strong>Es un ilusionista del poder<\/strong>: construye realidades paralelas, produce espect\u00e1culo, cambia las reglas a mitad de partida. Y sobre todo, juega con una ventaja que muy pocos adversarios tienen: <strong>la ausencia total de escr\u00fapulos, <\/strong>si todo se juega en esta vida y no hay otra, ni juez, ni premio o castigo, aprovech\u00e9moslo todo a tope como recurso estrat\u00e9gico. Mientras sus rivales calculan el coste reputacional de cada movimiento, y poco o mucho aletea una conciencia de \u201calgo m\u00e1s\u201d \u00e9l solo eval\u00faa su utilidad.<\/p>\n<p><strong>\u00bfCinismo? Tal vez. \u00bfGenialidad t\u00e1ctica? Tambi\u00e9n<\/strong>. Pero hay algo m\u00e1s inquietante: una pulsi\u00f3n cesarista disfrazada de progresismo. Una certeza personal de que solo \u00e9l puede evitar el colapso de Espa\u00f1a, aunque para ello tenga que reinventar la democracia sobre su propia imagen.<\/p>\n<p><strong>Pedro S\u00e1nchez no se va<\/strong>. No porque no haya razones, sino porque su permanencia es ya una doctrina. A estas alturas, todo lo que no sea mantenerse es caer, y todo lo que no sea ganar es desaparecer. Por eso su lucha no es solo pol\u00edtica, sino existencial.<\/p>\n<p>Y ah\u00ed est\u00e1 el verdadero peligro: cuando el poder deja de ser un instrumento y se convierte en un fin en s\u00ed mismo, las instituciones no se reforman, se devoran.<\/p>\n<p><strong><a href=\"https:\/\/twitter.com\/jmiroardevol\" target=\"_blank\" rel=\"noopener\">Twitter: @jmiroardevol<\/a><\/strong><\/p>\n<p><strong><a href=\"https:\/\/www.facebook.com\/josepmiroiardevol\" target=\"_blank\" rel=\"noopener\">Facebook: josepmiroardevol<\/a><\/strong><\/p>\n<span class='bctt-click-to-tweet'><span class='bctt-ctt-text'><a href='https:\/\/twitter.com\/intent\/tweet?url=https%3A%2F%2Fconversesacatalunya.cat%2Fes%2Flo-que-va-a-hacer-sanchez-estrategia%2F&#038;text=Pedro%20S%C3%A1nchez%20no%20se%20va.%20No%20porque%20no%20haya%20razones%2C%20sino%20porque%20su%20permanencia%20es%20ya%20una%20doctrina.%20A%20estas%20alturas%2C%20todo%20lo%20que%20no%20sea%20mantenerse%20es%20caer%2C%20y%20todo%20lo%20que%20no%20sea%20ganar%20es%20desaparecer&#038;via=conversesacat&#038;related=conversesacat' target='_blank'rel=\"noopener noreferrer\">Pedro S\u00e1nchez no se va. No porque no haya razones, sino porque su permanencia es ya una doctrina. A estas alturas, todo lo que no sea mantenerse es caer, y todo lo que no sea ganar es desaparecer <\/a><\/span><a href='https:\/\/twitter.com\/intent\/tweet?url=https%3A%2F%2Fconversesacatalunya.cat%2Fes%2Flo-que-va-a-hacer-sanchez-estrategia%2F&#038;text=Pedro%20S%C3%A1nchez%20no%20se%20va.%20No%20porque%20no%20haya%20razones%2C%20sino%20porque%20su%20permanencia%20es%20ya%20una%20doctrina.%20A%20estas%20alturas%2C%20todo%20lo%20que%20no%20sea%20mantenerse%20es%20caer%2C%20y%20todo%20lo%20que%20no%20sea%20ganar%20es%20desaparecer&#038;via=conversesacat&#038;related=conversesacat' target='_blank' class='bctt-ctt-btn'rel=\"noopener noreferrer\">Compartir en X<\/a><\/span>\n<div id=\"polls-288\" class=\"wp-polls\">\n\t<form id=\"polls_form_288\" class=\"wp-polls-form\" action=\"\/index.php\" method=\"post\">\n\t\t<p style=\"display: none;\"><input type=\"hidden\" id=\"poll_288_nonce\" name=\"wp-polls-nonce\" value=\"4b4574583e\" \/><\/p>\n\t\t<p style=\"display: none;\"><input type=\"hidden\" name=\"poll_id\" value=\"288\" \/><\/p>\n\t\t<p style=\"text-align: center\"><strong>Consideres que S\u00e1nchez \u00e9s responsable de la corrupci\u00f3 sist\u00e8mica del PSOE i del Ministeri de Foment?<\/strong><\/p><div id=\"polls-288-ans\" class=\"wp-polls-ans\"><ul class=\"wp-polls-ul\">\n\t\t<li><input type=\"radio\" id=\"poll-answer-821\" name=\"poll_288\" value=\"821\" \/> <label for=\"poll-answer-821\">S\u00ed<\/label><\/li>\n\t\t<li><input type=\"radio\" id=\"poll-answer-822\" name=\"poll_288\" value=\"822\" \/> <label for=\"poll-answer-822\">No<\/label><\/li>\n\t\t<li><input type=\"radio\" id=\"poll-answer-823\" name=\"poll_288\" value=\"823\" \/> <label for=\"poll-answer-823\">No ho s\u00e9<\/label><\/li>\n\t\t<\/ul><p style=\"text-align: center\"><input type=\"button\" name=\"vote\" value=\"   Vota   \" class=\"Buttons\" onclick=\"poll_vote(288);\" \/><\/p><p style=\"text-align: center\"><a href=\"#ViewPollResults\" onclick=\"poll_result(288); return false;\" title=\"View Results Of This Poll\">Mira els resultats<\/a><\/p><\/div>\n\t<\/form>\n<\/div>\n<div id=\"polls-288-loading\" class=\"wp-polls-loading\"><img decoding=\"async\" data-src=\"https:\/\/conversesacatalunya.cat\/wp-content\/plugins\/wp-polls\/images\/loading.gif\" width=\"16\" height=\"16\" alt=\"Cargando ...\" title=\"Cargando ...\" class=\"wp-polls-image lazyload\" src=\"data:image\/svg+xml;base64,PHN2ZyB3aWR0aD0iMSIgaGVpZ2h0PSIxIiB4bWxucz0iaHR0cDovL3d3dy53My5vcmcvMjAwMC9zdmciPjwvc3ZnPg==\" style=\"--smush-placeholder-width: 16px; --smush-placeholder-aspect-ratio: 16\/16;\" \/>&nbsp;Cargando ...<\/div>\n\n<p>&nbsp;<\/p>\n","protected":false},"excerpt":{"rendered":"<p>Que nadie d\u00e9 por acabado a Pedro S\u00e1nchez. Cuando se escriba esta etapa de la historia pol\u00edtica espa\u00f1ola, habr\u00e1 que evitar el error del observador ingenuo: creer que los golpes de desgaste, los esc\u00e1ndalos o incluso el desprestigio internacional bastan para tumbar al pol\u00edtico m\u00e1s determinado que ha conocido el pa\u00eds en democracia. Porque lo que mueve a S\u00e1nchez no es solo ideolog\u00eda ni siquiera ambici\u00f3n: es una psicolog\u00eda, un instinto casi entomol\u00f3gico de supervivencia en el poder. Pedro S\u00e1nchez no es simplemente un presidente del Gobierno. Es un fen\u00f3meno pol\u00edtico an\u00f3malo, tallado en la resistencia numantina, perfeccionado en la traici\u00f3n calculada y blindado en el relativismo moral de quien cree que la historia le absolver\u00e1&#8230; o la escribir\u00e1 \u00e9l mismo. Es el pol\u00edtico que cay\u00f3, resucit\u00f3, y convirti\u00f3 la humillaci\u00f3n interna en trampol\u00edn para la revancha total. Desde entonces, todo ha sido un pulso: con su partido, con sus socios, con las instituciones, con los jueces, con los medios. La clave del personaje est\u00e1 en su cosmovisi\u00f3n: Pedro S\u00e1nchez no cree en poderes externos a s\u00ed mismo. No hay Dios, ni patria, ni justicia, que se sit\u00fae por encima de su voluntad de poder. Lo confes\u00f3 literalmente: ateo sin matices. El resto del andamiaje simb\u00f3lico \u2014la Constituci\u00f3n, la monarqu\u00eda, los contrapesos institucionales\u2014 le resulta irrelevante si se interponen entre \u00e9l y la permanencia en el poder. El cargo no lo ocupa; lo encarna. Lo que viene no es improvisaci\u00f3n. S\u00e1nchez juega con un cronograma mental muy claro: hay que aguantar hasta la primavera de 2026. Todo lo dem\u00e1s \u2014mociones de confianza, remodelaciones internas, auditor\u00edas cosm\u00e9ticas\u2014 es ruido t\u00e1ctico. En el tablero pol\u00edtico que imagina, resistir es gobernar, y gobernar es borrar el pasado. Su primer movimiento ha sido de manual: desviar el foco. Remodela la ejecutiva del PSOE con nombres de confianza, cierra filas y lanza una auditor\u00eda externa de las finanzas del partido, lo justo para parecer reactivo sin tocar el fondo del problema. Mientras tanto, la maquinaria medi\u00e1tica se activa como un resorte: tertulianos, encuestas, titulares a la carta. El mensaje es claro: quien critique a este Gobierno alimenta a la ultraderecha. Se demoniza a la oposici\u00f3n para relativizar los propios pecados. \u00bfCorrupci\u00f3n? S\u00ed, pero la del otro fue peor. \u00bfAutoritarismo? S\u00ed, pero Vox, es m\u00e1s. Y es la amenaza que viene, la ultraderecha que crece; \u00a1si hasta los j\u00f3venes la votan! Comeremos esto todos los d\u00edas. El miedo. En el Congreso, la estrategia es m\u00e1s de carpinter\u00eda fina: sacar adelante unos Presupuestos para 2026 y exhibir estabilidad institucional. Para ello pactar\u00e1 lo que convenga. Una moci\u00f3n de confianza ser\u00eda necesaria, pero est\u00e1 en el aire, pero no se activar\u00e1 sin amarrar cada voto, especialmente el de Podemos. Si Sumar es el ap\u00e9ndice del Sanchismo, Podemos es el rival moral. Y S\u00e1nchez lo sabe. Junts, por su parte, es reh\u00e9n de la amnist\u00eda. El PNV, del mapa vasco. Bildu, de su blanqueo. Cada socio tiene un precio, y el presidente lo pagar\u00e1 gustoso si eso le garantiza el calendario que desea. El objetivo: proyectar que hay Gobierno para rato. Aunque no tenga intenci\u00f3n de acabar la legislatura, necesita parecerlo. La pol\u00edtica, al fin y al cabo, no es lo que se hace, sino lo que parece que se hace. La verdadera batalla es dominar a los jueces. Pero el movimiento m\u00e1s peligroso \u2014y al mismo tiempo m\u00e1s ambicioso\u2014 no est\u00e1 en los titulares, sino en el BOE. La ofensiva sobre la justicia est\u00e1 en marcha. Es la reforma del acceso a la carrera judicial: un intento de desactivar el \u00faltimo contrapeso institucional real que queda. Adi\u00f3s a las oposiciones. Bienvenida una formaci\u00f3n controlada por el Gobierno. En paralelo, se otorga al fiscal general del Estado \u2014nombrado por el Ejecutivo\u2014 el poder de instruir los casos. La independencia de la UCO, una de las pesadillas actuales de Moncloa, se diluye en un modelo donde pasar\u00eda a depender de la Fiscal\u00eda, que \u00a0manda y los fiscales obedecen jer\u00e1rquicamente. Es decir: el Gobierno instruye, investiga y acusa. El juez se convierte en mero notario de la voluntad pol\u00edtica. Imaginemos retroactivamente: \u00bfqu\u00e9 hubiera sido del caso \u00c1balos? \u00bfY del caso Koldo? \u00bfY del propio Cerd\u00e1n? Bajo esta nueva arquitectura judicial, probablemente nada. Y por si falla, cambiar las reglas del juego Por si todo lo anterior fuera poco, S\u00e1nchez prepara una posible reforma electoral. El objetivo: beneficiar a los peque\u00f1os partidos a su izquierda, para asegurarse que ning\u00fan bloque alternativo pueda sumar sin el PSOE. Lo que no controle por persuasi\u00f3n lo blindar\u00e1 por dise\u00f1o. Porque si las mayor\u00edas no garantizan continuidad, entonces habr\u00e1 que redibujarlas. S\u00e1nchez es un pol\u00edtico para quien la verdad, la realidad y los hechos no importan. Es un ilusionista del poder: construye realidades paralelas, produce espect\u00e1culo, cambia las reglas a mitad de partida. Y sobre todo, juega con una ventaja que muy pocos adversarios tienen: la ausencia total de escr\u00fapulos, si todo se juega en esta vida y no hay otra, ni juez, ni premio o castigo, aprovech\u00e9moslo todo a tope como recurso estrat\u00e9gico. Mientras sus rivales calculan el coste reputacional de cada movimiento, y poco o mucho aletea una conciencia de \u201calgo m\u00e1s\u201d \u00e9l solo eval\u00faa su utilidad. \u00bfCinismo? Tal vez. \u00bfGenialidad t\u00e1ctica? Tambi\u00e9n. Pero hay algo m\u00e1s inquietante: una pulsi\u00f3n cesarista disfrazada de progresismo. Una certeza personal de que solo \u00e9l puede evitar el colapso de Espa\u00f1a, aunque para ello tenga que reinventar la democracia sobre su propia imagen. Pedro S\u00e1nchez no se va. No porque no haya razones, sino porque su permanencia es ya una doctrina. A estas alturas, todo lo que no sea mantenerse es caer, y todo lo que no sea ganar es desaparecer. Por eso su lucha no es solo pol\u00edtica, sino existencial. Y ah\u00ed est\u00e1 el verdadero peligro: cuando el poder deja de ser un instrumento y se convierte en un fin en s\u00ed mismo, las instituciones no se reforman, se devoran. Twitter: @jmiroardevol Facebook: josepmiroardevol &nbsp;<\/p>\n","protected":false},"author":19,"featured_media":89490,"comment_status":"open","ping_status":"open","sticky":false,"template":"","format":"standard","meta":{"_FSMCFIC_featured_image_caption":"","_FSMCFIC_featured_image_nocaption":"","_FSMCFIC_featured_image_hide":"","footnotes":""},"categories":[806],"tags":[1279],"class_list":["post-89487","post","type-post","status-publish","format-standard","has-post-thumbnail","hentry","category-punts-claus-del-dia-es","tag-corrupcion"],"yoast_head":"<!-- This site is optimized with the Yoast SEO plugin v26.8 - https:\/\/yoast.com\/product\/yoast-seo-wordpress\/ -->\n<title>La estrategia secreta de S\u00e1nchez para resistir en la Moncloa<\/title>\n<meta name=\"description\" content=\"Estrategia de S\u00e1nchez: proyectar que hay Gobierno para rato. Aunque no tenga intenci\u00f3n de acabar la legislatura, necesita parecerlo\" \/>\n<meta name=\"robots\" content=\"index, follow, max-snippet:-1, max-image-preview:large, max-video-preview:-1\" \/>\n<link rel=\"canonical\" href=\"https:\/\/conversesacatalunya.cat\/es\/lo-que-va-a-hacer-sanchez-estrategia\/\" \/>\n<meta property=\"og:locale\" content=\"es_ES\" \/>\n<meta property=\"og:type\" content=\"article\" \/>\n<meta property=\"og:title\" content=\"La estrategia secreta de S\u00e1nchez para resistir en la Moncloa\" \/>\n<meta property=\"og:description\" content=\"Estrategia de S\u00e1nchez: proyectar que hay Gobierno para rato. Aunque no tenga intenci\u00f3n de acabar la legislatura, necesita parecerlo\" \/>\n<meta property=\"og:url\" content=\"https:\/\/conversesacatalunya.cat\/es\/lo-que-va-a-hacer-sanchez-estrategia\/\" \/>\n<meta property=\"og:site_name\" content=\"Converses a Catalunya\" \/>\n<meta property=\"article:published_time\" content=\"2025-06-16T10:24:56+00:00\" \/>\n<meta property=\"article:modified_time\" content=\"2025-07-15T11:33:08+00:00\" \/>\n<meta property=\"og:image\" content=\"https:\/\/conversesacatalunya.cat\/wp-content\/uploads\/2025\/06\/Captura-2.jpg\" \/>\n\t<meta property=\"og:image:width\" content=\"464\" \/>\n\t<meta property=\"og:image:height\" content=\"454\" \/>\n\t<meta property=\"og:image:type\" content=\"image\/jpeg\" \/>\n<meta name=\"author\" content=\"Josep Mir\u00f3 i Ard\u00e8vol\" \/>\n<meta name=\"twitter:card\" content=\"summary_large_image\" \/>\n<meta name=\"twitter:label1\" content=\"Escrito por\" \/>\n\t<meta name=\"twitter:data1\" content=\"Josep Mir\u00f3 i Ard\u00e8vol\" \/>\n\t<meta name=\"twitter:label2\" content=\"Tiempo de lectura\" \/>\n\t<meta name=\"twitter:data2\" content=\"6 minutos\" \/>\n<script type=\"application\/ld+json\" class=\"yoast-schema-graph\">{\"@context\":\"https:\/\/schema.org\",\"@graph\":[{\"@type\":\"Article\",\"@id\":\"https:\/\/conversesacatalunya.cat\/es\/lo-que-va-a-hacer-sanchez-estrategia\/#article\",\"isPartOf\":{\"@id\":\"https:\/\/conversesacatalunya.cat\/es\/lo-que-va-a-hacer-sanchez-estrategia\/\"},\"author\":{\"name\":\"Josep Mir\u00f3 i Ard\u00e8vol\",\"@id\":\"https:\/\/conversesacatalunya.cat\/#\/schema\/person\/a9598a6786ba7d3d1c5e0de477b79370\"},\"headline\":\"Lo que va a hacer Pedro S\u00e1nchez\",\"datePublished\":\"2025-06-16T10:24:56+00:00\",\"dateModified\":\"2025-07-15T11:33:08+00:00\",\"mainEntityOfPage\":{\"@id\":\"https:\/\/conversesacatalunya.cat\/es\/lo-que-va-a-hacer-sanchez-estrategia\/\"},\"wordCount\":1119,\"commentCount\":0,\"image\":{\"@id\":\"https:\/\/conversesacatalunya.cat\/es\/lo-que-va-a-hacer-sanchez-estrategia\/#primaryimage\"},\"thumbnailUrl\":\"https:\/\/conversesacatalunya.cat\/wp-content\/uploads\/2025\/06\/Captura-2.jpg\",\"keywords\":[\"corrupci\u00f3n\"],\"articleSection\":[\"Punts clau del dia (ES)\"],\"inLanguage\":\"es\",\"potentialAction\":[{\"@type\":\"CommentAction\",\"name\":\"Comment\",\"target\":[\"https:\/\/conversesacatalunya.cat\/es\/lo-que-va-a-hacer-sanchez-estrategia\/#respond\"]}]},{\"@type\":\"WebPage\",\"@id\":\"https:\/\/conversesacatalunya.cat\/es\/lo-que-va-a-hacer-sanchez-estrategia\/\",\"url\":\"https:\/\/conversesacatalunya.cat\/es\/lo-que-va-a-hacer-sanchez-estrategia\/\",\"name\":\"La estrategia secreta de S\u00e1nchez para resistir en la Moncloa\",\"isPartOf\":{\"@id\":\"https:\/\/conversesacatalunya.cat\/#website\"},\"primaryImageOfPage\":{\"@id\":\"https:\/\/conversesacatalunya.cat\/es\/lo-que-va-a-hacer-sanchez-estrategia\/#primaryimage\"},\"image\":{\"@id\":\"https:\/\/conversesacatalunya.cat\/es\/lo-que-va-a-hacer-sanchez-estrategia\/#primaryimage\"},\"thumbnailUrl\":\"https:\/\/conversesacatalunya.cat\/wp-content\/uploads\/2025\/06\/Captura-2.jpg\",\"datePublished\":\"2025-06-16T10:24:56+00:00\",\"dateModified\":\"2025-07-15T11:33:08+00:00\",\"author\":{\"@id\":\"https:\/\/conversesacatalunya.cat\/#\/schema\/person\/a9598a6786ba7d3d1c5e0de477b79370\"},\"description\":\"Estrategia de S\u00e1nchez: proyectar que hay Gobierno para rato. Aunque no tenga intenci\u00f3n de acabar la legislatura, necesita parecerlo\",\"breadcrumb\":{\"@id\":\"https:\/\/conversesacatalunya.cat\/es\/lo-que-va-a-hacer-sanchez-estrategia\/#breadcrumb\"},\"inLanguage\":\"es\",\"potentialAction\":[{\"@type\":\"ReadAction\",\"target\":[\"https:\/\/conversesacatalunya.cat\/es\/lo-que-va-a-hacer-sanchez-estrategia\/\"]}]},{\"@type\":\"ImageObject\",\"inLanguage\":\"es\",\"@id\":\"https:\/\/conversesacatalunya.cat\/es\/lo-que-va-a-hacer-sanchez-estrategia\/#primaryimage\",\"url\":\"https:\/\/conversesacatalunya.cat\/wp-content\/uploads\/2025\/06\/Captura-2.jpg\",\"contentUrl\":\"https:\/\/conversesacatalunya.cat\/wp-content\/uploads\/2025\/06\/Captura-2.jpg\",\"width\":464,\"height\":454,\"caption\":\"Estrategia S\u00e1nchez\"},{\"@type\":\"BreadcrumbList\",\"@id\":\"https:\/\/conversesacatalunya.cat\/es\/lo-que-va-a-hacer-sanchez-estrategia\/#breadcrumb\",\"itemListElement\":[{\"@type\":\"ListItem\",\"position\":1,\"name\":\"Inici\",\"item\":\"https:\/\/conversesacatalunya.cat\/es\/\"},{\"@type\":\"ListItem\",\"position\":2,\"name\":\"Lo que va a hacer Pedro S\u00e1nchez\"}]},{\"@type\":\"WebSite\",\"@id\":\"https:\/\/conversesacatalunya.cat\/#website\",\"url\":\"https:\/\/conversesacatalunya.cat\/\",\"name\":\"Converses a Catalunya\",\"description\":\"\",\"potentialAction\":[{\"@type\":\"SearchAction\",\"target\":{\"@type\":\"EntryPoint\",\"urlTemplate\":\"https:\/\/conversesacatalunya.cat\/?s={search_term_string}\"},\"query-input\":{\"@type\":\"PropertyValueSpecification\",\"valueRequired\":true,\"valueName\":\"search_term_string\"}}],\"inLanguage\":\"es\"},{\"@type\":\"Person\",\"@id\":\"https:\/\/conversesacatalunya.cat\/#\/schema\/person\/a9598a6786ba7d3d1c5e0de477b79370\",\"name\":\"Josep Mir\u00f3 i Ard\u00e8vol\",\"image\":{\"@type\":\"ImageObject\",\"inLanguage\":\"es\",\"@id\":\"https:\/\/conversesacatalunya.cat\/#\/schema\/person\/image\/\",\"url\":\"https:\/\/conversesacatalunya.cat\/wp-content\/litespeed\/avatar\/c37e3dc881857483d6694cdf98fdedea.jpg?ver=1777270381\",\"contentUrl\":\"https:\/\/conversesacatalunya.cat\/wp-content\/litespeed\/avatar\/c37e3dc881857483d6694cdf98fdedea.jpg?ver=1777270381\",\"caption\":\"Josep Mir\u00f3 i Ard\u00e8vol\"},\"url\":\"https:\/\/conversesacatalunya.cat\/es\/author\/josep-miro-i-ardevol\/\"}]}<\/script>\n<!-- \/ Yoast SEO plugin. -->","yoast_head_json":{"title":"La estrategia secreta de S\u00e1nchez para resistir en la Moncloa","description":"Estrategia de S\u00e1nchez: proyectar que hay Gobierno para rato. Aunque no tenga intenci\u00f3n de acabar la legislatura, necesita parecerlo","robots":{"index":"index","follow":"follow","max-snippet":"max-snippet:-1","max-image-preview":"max-image-preview:large","max-video-preview":"max-video-preview:-1"},"canonical":"https:\/\/conversesacatalunya.cat\/es\/lo-que-va-a-hacer-sanchez-estrategia\/","og_locale":"es_ES","og_type":"article","og_title":"La estrategia secreta de S\u00e1nchez para resistir en la Moncloa","og_description":"Estrategia de S\u00e1nchez: proyectar que hay Gobierno para rato. Aunque no tenga intenci\u00f3n de acabar la legislatura, necesita parecerlo","og_url":"https:\/\/conversesacatalunya.cat\/es\/lo-que-va-a-hacer-sanchez-estrategia\/","og_site_name":"Converses a Catalunya","article_published_time":"2025-06-16T10:24:56+00:00","article_modified_time":"2025-07-15T11:33:08+00:00","og_image":[{"width":464,"height":454,"url":"https:\/\/conversesacatalunya.cat\/wp-content\/uploads\/2025\/06\/Captura-2.jpg","type":"image\/jpeg"}],"author":"Josep Mir\u00f3 i Ard\u00e8vol","twitter_card":"summary_large_image","twitter_misc":{"Escrito por":"Josep Mir\u00f3 i Ard\u00e8vol","Tiempo de lectura":"6 minutos"},"schema":{"@context":"https:\/\/schema.org","@graph":[{"@type":"Article","@id":"https:\/\/conversesacatalunya.cat\/es\/lo-que-va-a-hacer-sanchez-estrategia\/#article","isPartOf":{"@id":"https:\/\/conversesacatalunya.cat\/es\/lo-que-va-a-hacer-sanchez-estrategia\/"},"author":{"name":"Josep Mir\u00f3 i Ard\u00e8vol","@id":"https:\/\/conversesacatalunya.cat\/#\/schema\/person\/a9598a6786ba7d3d1c5e0de477b79370"},"headline":"Lo que va a hacer Pedro S\u00e1nchez","datePublished":"2025-06-16T10:24:56+00:00","dateModified":"2025-07-15T11:33:08+00:00","mainEntityOfPage":{"@id":"https:\/\/conversesacatalunya.cat\/es\/lo-que-va-a-hacer-sanchez-estrategia\/"},"wordCount":1119,"commentCount":0,"image":{"@id":"https:\/\/conversesacatalunya.cat\/es\/lo-que-va-a-hacer-sanchez-estrategia\/#primaryimage"},"thumbnailUrl":"https:\/\/conversesacatalunya.cat\/wp-content\/uploads\/2025\/06\/Captura-2.jpg","keywords":["corrupci\u00f3n"],"articleSection":["Punts clau del dia (ES)"],"inLanguage":"es","potentialAction":[{"@type":"CommentAction","name":"Comment","target":["https:\/\/conversesacatalunya.cat\/es\/lo-que-va-a-hacer-sanchez-estrategia\/#respond"]}]},{"@type":"WebPage","@id":"https:\/\/conversesacatalunya.cat\/es\/lo-que-va-a-hacer-sanchez-estrategia\/","url":"https:\/\/conversesacatalunya.cat\/es\/lo-que-va-a-hacer-sanchez-estrategia\/","name":"La estrategia secreta de S\u00e1nchez para resistir en la Moncloa","isPartOf":{"@id":"https:\/\/conversesacatalunya.cat\/#website"},"primaryImageOfPage":{"@id":"https:\/\/conversesacatalunya.cat\/es\/lo-que-va-a-hacer-sanchez-estrategia\/#primaryimage"},"image":{"@id":"https:\/\/conversesacatalunya.cat\/es\/lo-que-va-a-hacer-sanchez-estrategia\/#primaryimage"},"thumbnailUrl":"https:\/\/conversesacatalunya.cat\/wp-content\/uploads\/2025\/06\/Captura-2.jpg","datePublished":"2025-06-16T10:24:56+00:00","dateModified":"2025-07-15T11:33:08+00:00","author":{"@id":"https:\/\/conversesacatalunya.cat\/#\/schema\/person\/a9598a6786ba7d3d1c5e0de477b79370"},"description":"Estrategia de S\u00e1nchez: proyectar que hay Gobierno para rato. Aunque no tenga intenci\u00f3n de acabar la legislatura, necesita parecerlo","breadcrumb":{"@id":"https:\/\/conversesacatalunya.cat\/es\/lo-que-va-a-hacer-sanchez-estrategia\/#breadcrumb"},"inLanguage":"es","potentialAction":[{"@type":"ReadAction","target":["https:\/\/conversesacatalunya.cat\/es\/lo-que-va-a-hacer-sanchez-estrategia\/"]}]},{"@type":"ImageObject","inLanguage":"es","@id":"https:\/\/conversesacatalunya.cat\/es\/lo-que-va-a-hacer-sanchez-estrategia\/#primaryimage","url":"https:\/\/conversesacatalunya.cat\/wp-content\/uploads\/2025\/06\/Captura-2.jpg","contentUrl":"https:\/\/conversesacatalunya.cat\/wp-content\/uploads\/2025\/06\/Captura-2.jpg","width":464,"height":454,"caption":"Estrategia S\u00e1nchez"},{"@type":"BreadcrumbList","@id":"https:\/\/conversesacatalunya.cat\/es\/lo-que-va-a-hacer-sanchez-estrategia\/#breadcrumb","itemListElement":[{"@type":"ListItem","position":1,"name":"Inici","item":"https:\/\/conversesacatalunya.cat\/es\/"},{"@type":"ListItem","position":2,"name":"Lo que va a hacer Pedro S\u00e1nchez"}]},{"@type":"WebSite","@id":"https:\/\/conversesacatalunya.cat\/#website","url":"https:\/\/conversesacatalunya.cat\/","name":"Converses a Catalunya","description":"","potentialAction":[{"@type":"SearchAction","target":{"@type":"EntryPoint","urlTemplate":"https:\/\/conversesacatalunya.cat\/?s={search_term_string}"},"query-input":{"@type":"PropertyValueSpecification","valueRequired":true,"valueName":"search_term_string"}}],"inLanguage":"es"},{"@type":"Person","@id":"https:\/\/conversesacatalunya.cat\/#\/schema\/person\/a9598a6786ba7d3d1c5e0de477b79370","name":"Josep Mir\u00f3 i Ard\u00e8vol","image":{"@type":"ImageObject","inLanguage":"es","@id":"https:\/\/conversesacatalunya.cat\/#\/schema\/person\/image\/","url":"https:\/\/conversesacatalunya.cat\/wp-content\/litespeed\/avatar\/c37e3dc881857483d6694cdf98fdedea.jpg?ver=1777270381","contentUrl":"https:\/\/conversesacatalunya.cat\/wp-content\/litespeed\/avatar\/c37e3dc881857483d6694cdf98fdedea.jpg?ver=1777270381","caption":"Josep Mir\u00f3 i Ard\u00e8vol"},"url":"https:\/\/conversesacatalunya.cat\/es\/author\/josep-miro-i-ardevol\/"}]}},"wps_subtitle":"Pedro S\u00e1nchez no se va. No porque no haya razones, sino porque su permanencia es ya una doctrina. A estas alturas, todo lo que no sea mantenerse es caer, y todo lo que no sea ganar es desaparecer. Por eso su lucha no es solo pol\u00edtica, sino existencial.","_links":{"self":[{"href":"https:\/\/conversesacatalunya.cat\/es\/wp-json\/wp\/v2\/posts\/89487","targetHints":{"allow":["GET"]}}],"collection":[{"href":"https:\/\/conversesacatalunya.cat\/es\/wp-json\/wp\/v2\/posts"}],"about":[{"href":"https:\/\/conversesacatalunya.cat\/es\/wp-json\/wp\/v2\/types\/post"}],"author":[{"embeddable":true,"href":"https:\/\/conversesacatalunya.cat\/es\/wp-json\/wp\/v2\/users\/19"}],"replies":[{"embeddable":true,"href":"https:\/\/conversesacatalunya.cat\/es\/wp-json\/wp\/v2\/comments?post=89487"}],"version-history":[{"count":10,"href":"https:\/\/conversesacatalunya.cat\/es\/wp-json\/wp\/v2\/posts\/89487\/revisions"}],"predecessor-version":[{"id":90423,"href":"https:\/\/conversesacatalunya.cat\/es\/wp-json\/wp\/v2\/posts\/89487\/revisions\/90423"}],"wp:featuredmedia":[{"embeddable":true,"href":"https:\/\/conversesacatalunya.cat\/es\/wp-json\/wp\/v2\/media\/89490"}],"wp:attachment":[{"href":"https:\/\/conversesacatalunya.cat\/es\/wp-json\/wp\/v2\/media?parent=89487"}],"wp:term":[{"taxonomy":"category","embeddable":true,"href":"https:\/\/conversesacatalunya.cat\/es\/wp-json\/wp\/v2\/categories?post=89487"},{"taxonomy":"post_tag","embeddable":true,"href":"https:\/\/conversesacatalunya.cat\/es\/wp-json\/wp\/v2\/tags?post=89487"}],"curies":[{"name":"wp","href":"https:\/\/api.w.org\/{rel}","templated":true}]}}