{"id":89444,"date":"2025-06-15T06:06:11","date_gmt":"2025-06-15T04:06:11","guid":{"rendered":"https:\/\/conversesacatalunya.cat\/?p=89444"},"modified":"2025-06-15T06:50:05","modified_gmt":"2025-06-15T04:50:05","slug":"cada-persona-un-voto","status":"publish","type":"post","link":"https:\/\/conversesacatalunya.cat\/es\/cada-persona-un-voto\/","title":{"rendered":"Cada persona un voto"},"content":{"rendered":"<p><strong><span>En 1979 entramos en el Ayuntamiento en las primeras elecciones democr\u00e1ticas a los entes locales<\/span><\/strong><span>.\u00a0Detest\u00e1bamos la dictadura franquista y sus ejecutores, pero no ten\u00edamos ni idea de lo que representaba estar en el puente de mando. Fueron cuatro a\u00f1os de aprendizaje y de hacer cuatro cosas para dibujar los cimientos de un pa\u00eds nuevo. Al terminar la legislatura sent\u00eda m\u00e1s ganas de encerrarme en casa y concentrarme en la vida profesional, que seguir al pie del ca\u00f1\u00f3n. De ning\u00fan ca\u00f1\u00f3n.<\/span><\/p>\n<p>Entonces ten\u00edamos s\u00f3lo una hija que iba a preescolar a la escuela del pueblo y mi sentido de la responsabilidad <strong>no me permit\u00eda no asistir a las asambleas de padre<\/strong>s. Pero esta vez, y en contra de un principio sagrado que es no llegar tarde a las citas o convocatorias, hice de modo que cuando llegara, la asamblea ya hubiera terminado.<\/p>\n<p><span>La experiencia me hac\u00eda ser temeroso porque demasiadas veces me hab\u00eda tocado, sin propon\u00e9rmelo estar en primera fila. Llegu\u00e9 discretamente procurando entrar en las \u00faltimas filas, pero no lo logr\u00e9. \u201dJosep Maria pasa hacia aqu\u00ed, eres el nuevo presidente de la APA (Asociaci\u00f3n de Padres de Alumnos)\u201d.<\/span><\/p>\n<p><span>A pesar de haber pecado por ausencia, me tocaba estar al frente de una entidad que desconoc\u00eda, en un momento que no ten\u00eda ganas y no pude decir \u00a1no! \u00a1No sab\u00eda decir NO! Mi primera reacci\u00f3n fue \u00edntima, muy \u00edntima y muy inadecuada para reproducirla en ese escrito.<\/span><\/p>\n<p><span>Ped\u00ed a algunas de las personas que continuaban, que pensaban de lo que hac\u00eda la APA en la escuela y si cambiar\u00edan algo. Esta ronda de conversaciones me sirvi\u00f3 para ponerme al corriente y adquirir un conocimiento que no ten\u00eda.<\/span><\/p>\n<p><span><span class=\"VIpgJd-yAWNEb-VIpgJd-fmcmS-sn54Q\">Pero la conversaci\u00f3n que quiero destacar aqu\u00ed, es la que tuve con el presidente saliente, que dada su brevedad y concreci\u00f3n puedo trasladar en su literalidad. \u201cJosep Maria no sufras, no tienes que preocuparte de nada, tranquilo, todo lo hace\u00a0<\/span><\/span><strong><span><span class=\"VIpgJd-yAWNEb-VIpgJd-fmcmS-sn54Q\">Pepi\u00bb<\/span><\/span><\/strong><span><span class=\"VIpgJd-yAWNEb-VIpgJd-fmcmS-sn54Q\"> (una se\u00f1ora anticatalanes y que le gustaba mandar mucho. Pero \u00e9l, de bandera y damasco el d\u00eda de Sant Jordi y el 11 de septiembre).<\/span><\/span><\/p>\n<p><span><span class=\"VIpgJd-yAWNEb-VIpgJd-fmcmS-sn54Q\">En la primera reuni\u00f3n de la APA,\u00a0<\/span><\/span><strong><span><span class=\"VIpgJd-yAWNEb-VIpgJd-fmcmS-sn54Q\">el vicepresidente no apareci\u00f3,<\/span><\/span><\/strong><span><span class=\"VIpgJd-yAWNEb-VIpgJd-fmcmS-sn54Q\">\u00a0el d\u00eda de la asamblea tampoco. Alguien dijo que nunca ven\u00eda a las reuniones, ni de la APA ni de la asociaci\u00f3n de vecinos, ni del club de f\u00fatbol, \u200b\u200bde las que tambi\u00e9n era el vicepresidente. Dur\u00f3 poco a pesar de la defensa que hizo la\u00a0<\/span><\/span><strong><span><span class=\"VIpgJd-yAWNEb-VIpgJd-fmcmS-sn54Q\">compa\u00f1era Mari:<\/span><\/span><\/strong><span><span class=\"VIpgJd-yAWNEb-VIpgJd-fmcmS-sn54Q\"> \u201cA este hombre no me lo toque, eh, el pobrecito est\u00e1 en todas partes\u201d.<\/span><\/span><\/p>\n<h5><strong><span><span class=\"VIpgJd-yAWNEb-VIpgJd-fmcmS-sn54Q\">Tres personas que creen de buena fe que algo deben hacer para servir a la comunidad.<\/span><\/span><\/strong><\/h5>\n<p><span>El \u00faltimo caso es el siguiente. Egipto hizo un encargo de\u00a0<\/span><strong><span>camiones Pegaso<\/span><\/strong><span>\u00a0para dotar a su ej\u00e9rcito y luego esa operaci\u00f3n no lleg\u00f3 a buen t\u00e9rmino y los camiones se quedaron aparcados sin destino. Alguien tuvo una brillante idea de cederlos a Diputaciones, Ayuntamientos, Protecci\u00f3n Civil, etc. a condici\u00f3n de que\u00a0<\/span><strong><span>fueran reconvertidos en veh\u00edculos de servicios, prevenci\u00f3n y extinci\u00f3n de incendios forestales y tareas similares.<\/span><\/strong><\/p>\n<p><span><span class=\"VIpgJd-yAWNEb-VIpgJd-fmcmS-sn54Q\">Nosotros logramos uno y\u00a0<\/span><\/span><strong><span><span class=\"VIpgJd-yAWNEb-VIpgJd-fmcmS-sn54Q\">creamos un cuerpo de bomberos voluntarios<\/span><\/span><\/strong><span><span class=\"VIpgJd-yAWNEb-VIpgJd-fmcmS-sn54Q\">.\u00a0La presentaci\u00f3n de este veh\u00edculo fue objeto de fiesta grande con remoj\u00f3n para disfrute de peque\u00f1os y mayores (no todos).\u00a0<\/span><\/span><strong><span><span class=\"VIpgJd-yAWNEb-VIpgJd-fmcmS-sn54Q\">Este cami\u00f3n signific\u00f3 una inyecci\u00f3n de empoderamiento para la gente de Santa Coloma de Cervell\u00f3.<\/span><\/span><\/strong><\/p>\n<p><span><span class=\"VIpgJd-yAWNEb-VIpgJd-fmcmS-sn54Q\">Atendiendo a la demanda de los j\u00f3venes hicimos\u00a0<\/span><\/span><strong><span><span class=\"VIpgJd-yAWNEb-VIpgJd-fmcmS-sn54Q\">los primeros gigantes de Santa Coloma, Roc y Coloma.<\/span><\/span><\/strong><span><span class=\"VIpgJd-yAWNEb-VIpgJd-fmcmS-sn54Q\">\u00a0Su presentaci\u00f3n fue otra fiesta. El concejal de cultura y yo mismo los llevamos desde la parroquia donde fueron \u201cbautizados\u201d hasta el Ayuntamiento de aquella \u00e9poca, a unos escasos ciento cincuenta metros. Los gigantes fueron entregados a la tierna pandilla de gigantes de Santa Coloma de Cervell\u00f3 que los llevaron y siguen llevando como los dignos embajadores de nuestro pueblo, a todas partes.<\/span><\/span><\/p>\n<p><span>Uno de esos chicos que entr\u00f3 en el pueblo a caballo del flamante cami\u00f3n de bomberos y que era de los j\u00f3venes felices que llevaban los gigantes arriba y abajo, cre\u00f3, junto a otro compa\u00f1ero y sus esposas, una empresa que mientras ellas llevaban la florister\u00eda, ellos hac\u00edan y manten\u00edan jardines. La empresa dur\u00f3 cuatro d\u00edas de los que varios trabajaron en nuestra casa intentando convertir aquello en un jard\u00edn y me parece recordar que aquella fue su primera factura.<\/span><\/p>\n<p><span><span class=\"VIpgJd-yAWNEb-VIpgJd-fmcmS-sn54Q\">El ambiente de cordialidad y complicidad con gran parte del pueblo era muy satisfactoria. Pero\u00a0<\/span><\/span><strong><span><span class=\"VIpgJd-yAWNEb-VIpgJd-fmcmS-sn54Q\">en las elecciones de 1991<\/span><\/span><\/strong><span><span class=\"VIpgJd-yAWNEb-VIpgJd-fmcmS-sn54Q\">\u00a0<strong>perdimos\u00a0<\/strong><\/span><\/span><strong><span><span class=\"VIpgJd-yAWNEb-VIpgJd-fmcmS-sn54Q\">y<\/span><\/span><\/strong><span><span class=\"VIpgJd-yAWNEb-VIpgJd-fmcmS-sn54Q\">\u00a0este chico, que entr\u00f3 plet\u00f3rico para presentar el cami\u00f3n de bomberos, que pudo ser gigante de los gigantes de su pueblo y que tuvo el primer trabajo de su empresa en mi casa, al saberse los resultados del escrutinio fue a la sede de la candidatura ganadora gesticulando con el brazo y gritando, \u00abhemos ganado\u00bb. Un concejal de mi equipo que pasaba muchos ratos con esta juventud le protest\u00f3 la actitud y la respuesta fue, <strong>\u00abnosotros debemos estar con los ganadores\u00bb y \u00abeso es la pol\u00edtica\u00bb.<\/strong><\/span><\/span><\/p>\n<p><span>Las tres primeras personas descritas son de las que est\u00e1n comprometidas con su sociedad y entienden que cuando les toca, deben servir. (?)<\/span><\/p>\n<p><span>Esta cuarta, \u00bfdemuestra una falta de principios propios?, \u00bfuna amoralidad? Y esa capacidad que tiene tanta gente de definir la pol\u00edtica como les conviene y nunca la entender\u00e1n como un acto de servicio con el pa\u00eds y su gente.<\/span><\/p>\n<p><span>Cada persona un voto y todos los votos tienen el mismo valor. Esto no es verdad, es falso.<\/span><\/p>\n<p><span>Con el pa\u00eds que tenemos ahora y con la gente que ocupa los puestos de responsabilidad y la gente que dedica toda su energ\u00eda a sacar de sus sillas a los que est\u00e1n ah\u00ed para ponerse ellos en su sitio, \u00bfqu\u00e9 posibilidades tiene de cambiar?<\/span><\/p>\n<p><span>\u00bfQui\u00e9n est\u00e1 dispuesto a cambiar las reglas del juego para que este pa\u00eds se convierta, esta vez s\u00ed, en un pa\u00eds cre\u00edble, donde pueda creerse en la justicia y el respeto a la diversidad, en la eficiencia y la honorabilidad de sus gestores y representantes?<\/span><\/p>\n<p><strong><span><span class=\"VIpgJd-yAWNEb-VIpgJd-fmcmS-sn54Q\">\u00bfDe d\u00f3nde viene esta mediocridad tan escandalosa que se ha instalado en el poder, en todos los rincones del pa\u00eds?<\/span><\/span><\/strong><span><span class=\"VIpgJd-yAWNEb-VIpgJd-fmcmS-sn54Q\">\u00a0\u00bfSer\u00e1 que el sistema procura que su gente no tenga el menor sentido cr\u00edtico e ignore lo que implica ser responsable de lo que ocurre en su casa?<\/span><\/span><\/p>\n<p><span>Como dec\u00eda aquella mujer, \u00ab<\/span><em><span>los ni\u00f1os espa\u00f1oles solo tienen que saber que Espa\u00f1a existe desde hace 3.000 a\u00f1os y nada m\u00e1s\u00bb<\/span><\/em><\/p>\n<p><span>Gracias por leerme.<\/span><\/p>\n<span class='bctt-click-to-tweet'><span class='bctt-ctt-text'><a href='https:\/\/twitter.com\/intent\/tweet?url=https%3A%2F%2Fconversesacatalunya.cat%2Fes%2Fcada-persona-un-voto%2F&#038;text=%C2%BFDe%20d%C3%B3nde%20viene%20esta%20mediocridad%20tan%20escandalosa%20que%20se%20ha%20instalado%20en%20el%20poder%2C%20en%20todos%20los%20rincones%20del%20pa%C3%ADs%3F&#038;via=conversesacat&#038;related=conversesacat' target='_blank'rel=\"noopener noreferrer\">\u00bfDe d\u00f3nde viene esta mediocridad tan escandalosa que se ha instalado en el poder, en todos los rincones del pa\u00eds? <\/a><\/span><a href='https:\/\/twitter.com\/intent\/tweet?url=https%3A%2F%2Fconversesacatalunya.cat%2Fes%2Fcada-persona-un-voto%2F&#038;text=%C2%BFDe%20d%C3%B3nde%20viene%20esta%20mediocridad%20tan%20escandalosa%20que%20se%20ha%20instalado%20en%20el%20poder%2C%20en%20todos%20los%20rincones%20del%20pa%C3%ADs%3F&#038;via=conversesacat&#038;related=conversesacat' target='_blank' class='bctt-ctt-btn'rel=\"noopener noreferrer\">Compartir en X<\/a><\/span>\n<p>&nbsp;<\/p>\n","protected":false},"excerpt":{"rendered":"<p>En 1979 entramos en el Ayuntamiento en las primeras elecciones democr\u00e1ticas a los entes locales.\u00a0Detest\u00e1bamos la dictadura franquista y sus ejecutores, pero no ten\u00edamos ni idea de lo que representaba estar en el puente de mando. Fueron cuatro a\u00f1os de aprendizaje y de hacer cuatro cosas para dibujar los cimientos de un pa\u00eds nuevo. Al terminar la legislatura sent\u00eda m\u00e1s ganas de encerrarme en casa y concentrarme en la vida profesional, que seguir al pie del ca\u00f1\u00f3n. De ning\u00fan ca\u00f1\u00f3n. Entonces ten\u00edamos s\u00f3lo una hija que iba a preescolar a la escuela del pueblo y mi sentido de la responsabilidad no me permit\u00eda no asistir a las asambleas de padres. Pero esta vez, y en contra de un principio sagrado que es no llegar tarde a las citas o convocatorias, hice de modo que cuando llegara, la asamblea ya hubiera terminado. La experiencia me hac\u00eda ser temeroso porque demasiadas veces me hab\u00eda tocado, sin propon\u00e9rmelo estar en primera fila. Llegu\u00e9 discretamente procurando entrar en las \u00faltimas filas, pero no lo logr\u00e9. \u201dJosep Maria pasa hacia aqu\u00ed, eres el nuevo presidente de la APA (Asociaci\u00f3n de Padres de Alumnos)\u201d. A pesar de haber pecado por ausencia, me tocaba estar al frente de una entidad que desconoc\u00eda, en un momento que no ten\u00eda ganas y no pude decir \u00a1no! \u00a1No sab\u00eda decir NO! Mi primera reacci\u00f3n fue \u00edntima, muy \u00edntima y muy inadecuada para reproducirla en ese escrito. Ped\u00ed a algunas de las personas que continuaban, que pensaban de lo que hac\u00eda la APA en la escuela y si cambiar\u00edan algo. Esta ronda de conversaciones me sirvi\u00f3 para ponerme al corriente y adquirir un conocimiento que no ten\u00eda. Pero la conversaci\u00f3n que quiero destacar aqu\u00ed, es la que tuve con el presidente saliente, que dada su brevedad y concreci\u00f3n puedo trasladar en su literalidad. \u201cJosep Maria no sufras, no tienes que preocuparte de nada, tranquilo, todo lo hace\u00a0Pepi\u00bb (una se\u00f1ora anticatalanes y que le gustaba mandar mucho. Pero \u00e9l, de bandera y damasco el d\u00eda de Sant Jordi y el 11 de septiembre). En la primera reuni\u00f3n de la APA,\u00a0el vicepresidente no apareci\u00f3,\u00a0el d\u00eda de la asamblea tampoco. Alguien dijo que nunca ven\u00eda a las reuniones, ni de la APA ni de la asociaci\u00f3n de vecinos, ni del club de f\u00fatbol, \u200b\u200bde las que tambi\u00e9n era el vicepresidente. Dur\u00f3 poco a pesar de la defensa que hizo la\u00a0compa\u00f1era Mari: \u201cA este hombre no me lo toque, eh, el pobrecito est\u00e1 en todas partes\u201d. Tres personas que creen de buena fe que algo deben hacer para servir a la comunidad. El \u00faltimo caso es el siguiente. Egipto hizo un encargo de\u00a0camiones Pegaso\u00a0para dotar a su ej\u00e9rcito y luego esa operaci\u00f3n no lleg\u00f3 a buen t\u00e9rmino y los camiones se quedaron aparcados sin destino. Alguien tuvo una brillante idea de cederlos a Diputaciones, Ayuntamientos, Protecci\u00f3n Civil, etc. a condici\u00f3n de que\u00a0fueran reconvertidos en veh\u00edculos de servicios, prevenci\u00f3n y extinci\u00f3n de incendios forestales y tareas similares. Nosotros logramos uno y\u00a0creamos un cuerpo de bomberos voluntarios.\u00a0La presentaci\u00f3n de este veh\u00edculo fue objeto de fiesta grande con remoj\u00f3n para disfrute de peque\u00f1os y mayores (no todos).\u00a0Este cami\u00f3n signific\u00f3 una inyecci\u00f3n de empoderamiento para la gente de Santa Coloma de Cervell\u00f3. Atendiendo a la demanda de los j\u00f3venes hicimos\u00a0los primeros gigantes de Santa Coloma, Roc y Coloma.\u00a0Su presentaci\u00f3n fue otra fiesta. El concejal de cultura y yo mismo los llevamos desde la parroquia donde fueron \u201cbautizados\u201d hasta el Ayuntamiento de aquella \u00e9poca, a unos escasos ciento cincuenta metros. Los gigantes fueron entregados a la tierna pandilla de gigantes de Santa Coloma de Cervell\u00f3 que los llevaron y siguen llevando como los dignos embajadores de nuestro pueblo, a todas partes. Uno de esos chicos que entr\u00f3 en el pueblo a caballo del flamante cami\u00f3n de bomberos y que era de los j\u00f3venes felices que llevaban los gigantes arriba y abajo, cre\u00f3, junto a otro compa\u00f1ero y sus esposas, una empresa que mientras ellas llevaban la florister\u00eda, ellos hac\u00edan y manten\u00edan jardines. La empresa dur\u00f3 cuatro d\u00edas de los que varios trabajaron en nuestra casa intentando convertir aquello en un jard\u00edn y me parece recordar que aquella fue su primera factura. El ambiente de cordialidad y complicidad con gran parte del pueblo era muy satisfactoria. Pero\u00a0en las elecciones de 1991\u00a0perdimos\u00a0y\u00a0este chico, que entr\u00f3 plet\u00f3rico para presentar el cami\u00f3n de bomberos, que pudo ser gigante de los gigantes de su pueblo y que tuvo el primer trabajo de su empresa en mi casa, al saberse los resultados del escrutinio fue a la sede de la candidatura ganadora gesticulando con el brazo y gritando, \u00abhemos ganado\u00bb. Un concejal de mi equipo que pasaba muchos ratos con esta juventud le protest\u00f3 la actitud y la respuesta fue, \u00abnosotros debemos estar con los ganadores\u00bb y \u00abeso es la pol\u00edtica\u00bb. Las tres primeras personas descritas son de las que est\u00e1n comprometidas con su sociedad y entienden que cuando les toca, deben servir. (?) Esta cuarta, \u00bfdemuestra una falta de principios propios?, \u00bfuna amoralidad? Y esa capacidad que tiene tanta gente de definir la pol\u00edtica como les conviene y nunca la entender\u00e1n como un acto de servicio con el pa\u00eds y su gente. Cada persona un voto y todos los votos tienen el mismo valor. Esto no es verdad, es falso. Con el pa\u00eds que tenemos ahora y con la gente que ocupa los puestos de responsabilidad y la gente que dedica toda su energ\u00eda a sacar de sus sillas a los que est\u00e1n ah\u00ed para ponerse ellos en su sitio, \u00bfqu\u00e9 posibilidades tiene de cambiar? \u00bfQui\u00e9n est\u00e1 dispuesto a cambiar las reglas del juego para que este pa\u00eds se convierta, esta vez s\u00ed, en un pa\u00eds cre\u00edble, donde pueda creerse en la justicia y el respeto a la diversidad, en la eficiencia y la honorabilidad de sus gestores y representantes? \u00bfDe d\u00f3nde viene esta mediocridad tan escandalosa que se ha instalado en el poder, en todos los rincones del pa\u00eds?\u00a0\u00bfSer\u00e1 que el sistema procura que su gente no tenga el menor sentido cr\u00edtico e&#8230;<\/p>\n","protected":false},"author":92,"featured_media":89437,"comment_status":"open","ping_status":"open","sticky":false,"template":"","format":"standard","meta":{"_FSMCFIC_featured_image_caption":"","_FSMCFIC_featured_image_nocaption":"","_FSMCFIC_featured_image_hide":"","footnotes":""},"categories":[804],"tags":[],"class_list":["post-89444","post","type-post","status-publish","format-standard","has-post-thumbnail","hentry","category-opinem-es"],"yoast_head":"<!-- This site is optimized with the Yoast SEO plugin v26.8 - https:\/\/yoast.com\/product\/yoast-seo-wordpress\/ -->\n<title>Cada persona un voto - Converses a Catalunya<\/title>\n<meta name=\"description\" content=\"Los gigantes fueron entregados al grupo de gigantes de Santa Coloma de Cervell\u00f3 que los llevaron y llevando como embajadores del pueblo\" \/>\n<meta name=\"robots\" content=\"index, follow, max-snippet:-1, max-image-preview:large, max-video-preview:-1\" \/>\n<link rel=\"canonical\" href=\"https:\/\/conversesacatalunya.cat\/es\/cada-persona-un-voto\/\" \/>\n<meta property=\"og:locale\" content=\"es_ES\" \/>\n<meta property=\"og:type\" content=\"article\" \/>\n<meta property=\"og:title\" content=\"Cada persona un voto - Converses a Catalunya\" \/>\n<meta property=\"og:description\" content=\"Los gigantes fueron entregados al grupo de gigantes de Santa Coloma de Cervell\u00f3 que los llevaron y llevando como embajadores del pueblo\" \/>\n<meta property=\"og:url\" content=\"https:\/\/conversesacatalunya.cat\/es\/cada-persona-un-voto\/\" \/>\n<meta property=\"og:site_name\" content=\"Converses a Catalunya\" \/>\n<meta property=\"article:published_time\" content=\"2025-06-15T04:06:11+00:00\" \/>\n<meta property=\"article:modified_time\" content=\"2025-06-15T04:50:05+00:00\" \/>\n<meta property=\"og:image\" content=\"https:\/\/conversesacatalunya.cat\/wp-content\/uploads\/2025\/06\/santa-coloma-cervello.jpg\" \/>\n\t<meta property=\"og:image:width\" content=\"800\" \/>\n\t<meta property=\"og:image:height\" content=\"533\" \/>\n\t<meta property=\"og:image:type\" content=\"image\/jpeg\" \/>\n<meta name=\"author\" content=\"Josep Maria Garriga\" \/>\n<meta name=\"twitter:card\" content=\"summary_large_image\" \/>\n<meta name=\"twitter:label1\" content=\"Escrito por\" \/>\n\t<meta name=\"twitter:data1\" content=\"Josep Maria Garriga\" \/>\n\t<meta name=\"twitter:label2\" content=\"Tiempo de lectura\" \/>\n\t<meta name=\"twitter:data2\" content=\"6 minutos\" \/>\n<script type=\"application\/ld+json\" class=\"yoast-schema-graph\">{\"@context\":\"https:\/\/schema.org\",\"@graph\":[{\"@type\":\"Article\",\"@id\":\"https:\/\/conversesacatalunya.cat\/es\/cada-persona-un-voto\/#article\",\"isPartOf\":{\"@id\":\"https:\/\/conversesacatalunya.cat\/es\/cada-persona-un-voto\/\"},\"author\":{\"name\":\"Josep Maria Garriga\",\"@id\":\"https:\/\/conversesacatalunya.cat\/#\/schema\/person\/acdd0f5e4504e90dca5ebcd03cfe2d12\"},\"headline\":\"Cada persona un voto\",\"datePublished\":\"2025-06-15T04:06:11+00:00\",\"dateModified\":\"2025-06-15T04:50:05+00:00\",\"mainEntityOfPage\":{\"@id\":\"https:\/\/conversesacatalunya.cat\/es\/cada-persona-un-voto\/\"},\"wordCount\":1162,\"commentCount\":0,\"image\":{\"@id\":\"https:\/\/conversesacatalunya.cat\/es\/cada-persona-un-voto\/#primaryimage\"},\"thumbnailUrl\":\"https:\/\/conversesacatalunya.cat\/wp-content\/uploads\/2025\/06\/santa-coloma-cervello.jpg\",\"articleSection\":[\"Opinem (ES)\"],\"inLanguage\":\"es\",\"potentialAction\":[{\"@type\":\"CommentAction\",\"name\":\"Comment\",\"target\":[\"https:\/\/conversesacatalunya.cat\/es\/cada-persona-un-voto\/#respond\"]}]},{\"@type\":\"WebPage\",\"@id\":\"https:\/\/conversesacatalunya.cat\/es\/cada-persona-un-voto\/\",\"url\":\"https:\/\/conversesacatalunya.cat\/es\/cada-persona-un-voto\/\",\"name\":\"Cada persona un voto - Converses a Catalunya\",\"isPartOf\":{\"@id\":\"https:\/\/conversesacatalunya.cat\/#website\"},\"primaryImageOfPage\":{\"@id\":\"https:\/\/conversesacatalunya.cat\/es\/cada-persona-un-voto\/#primaryimage\"},\"image\":{\"@id\":\"https:\/\/conversesacatalunya.cat\/es\/cada-persona-un-voto\/#primaryimage\"},\"thumbnailUrl\":\"https:\/\/conversesacatalunya.cat\/wp-content\/uploads\/2025\/06\/santa-coloma-cervello.jpg\",\"datePublished\":\"2025-06-15T04:06:11+00:00\",\"dateModified\":\"2025-06-15T04:50:05+00:00\",\"author\":{\"@id\":\"https:\/\/conversesacatalunya.cat\/#\/schema\/person\/acdd0f5e4504e90dca5ebcd03cfe2d12\"},\"description\":\"Los gigantes fueron entregados al grupo de gigantes de Santa Coloma de Cervell\u00f3 que los llevaron y llevando como embajadores del pueblo\",\"breadcrumb\":{\"@id\":\"https:\/\/conversesacatalunya.cat\/es\/cada-persona-un-voto\/#breadcrumb\"},\"inLanguage\":\"es\",\"potentialAction\":[{\"@type\":\"ReadAction\",\"target\":[\"https:\/\/conversesacatalunya.cat\/es\/cada-persona-un-voto\/\"]}]},{\"@type\":\"ImageObject\",\"inLanguage\":\"es\",\"@id\":\"https:\/\/conversesacatalunya.cat\/es\/cada-persona-un-voto\/#primaryimage\",\"url\":\"https:\/\/conversesacatalunya.cat\/wp-content\/uploads\/2025\/06\/santa-coloma-cervello.jpg\",\"contentUrl\":\"https:\/\/conversesacatalunya.cat\/wp-content\/uploads\/2025\/06\/santa-coloma-cervello.jpg\",\"width\":800,\"height\":533,\"caption\":\"Castell Santa Coloma de Cervell\u00f3\"},{\"@type\":\"BreadcrumbList\",\"@id\":\"https:\/\/conversesacatalunya.cat\/es\/cada-persona-un-voto\/#breadcrumb\",\"itemListElement\":[{\"@type\":\"ListItem\",\"position\":1,\"name\":\"Inici\",\"item\":\"https:\/\/conversesacatalunya.cat\/es\/\"},{\"@type\":\"ListItem\",\"position\":2,\"name\":\"Cada persona un voto\"}]},{\"@type\":\"WebSite\",\"@id\":\"https:\/\/conversesacatalunya.cat\/#website\",\"url\":\"https:\/\/conversesacatalunya.cat\/\",\"name\":\"Converses a Catalunya\",\"description\":\"\",\"potentialAction\":[{\"@type\":\"SearchAction\",\"target\":{\"@type\":\"EntryPoint\",\"urlTemplate\":\"https:\/\/conversesacatalunya.cat\/?s={search_term_string}\"},\"query-input\":{\"@type\":\"PropertyValueSpecification\",\"valueRequired\":true,\"valueName\":\"search_term_string\"}}],\"inLanguage\":\"es\"},{\"@type\":\"Person\",\"@id\":\"https:\/\/conversesacatalunya.cat\/#\/schema\/person\/acdd0f5e4504e90dca5ebcd03cfe2d12\",\"name\":\"Josep Maria Garriga\",\"image\":{\"@type\":\"ImageObject\",\"inLanguage\":\"es\",\"@id\":\"https:\/\/conversesacatalunya.cat\/#\/schema\/person\/image\/\",\"url\":\"https:\/\/conversesacatalunya.cat\/wp-content\/litespeed\/avatar\/8ef4ff550587b642ab6aa8702fa24fce.jpg?ver=1777102146\",\"contentUrl\":\"https:\/\/conversesacatalunya.cat\/wp-content\/litespeed\/avatar\/8ef4ff550587b642ab6aa8702fa24fce.jpg?ver=1777102146\",\"caption\":\"Josep Maria Garriga\"},\"url\":\"https:\/\/conversesacatalunya.cat\/es\/author\/josep-maria-garriga\/\"}]}<\/script>\n<!-- \/ Yoast SEO plugin. -->","yoast_head_json":{"title":"Cada persona un voto - Converses a Catalunya","description":"Los gigantes fueron entregados al grupo de gigantes de Santa Coloma de Cervell\u00f3 que los llevaron y llevando como embajadores del pueblo","robots":{"index":"index","follow":"follow","max-snippet":"max-snippet:-1","max-image-preview":"max-image-preview:large","max-video-preview":"max-video-preview:-1"},"canonical":"https:\/\/conversesacatalunya.cat\/es\/cada-persona-un-voto\/","og_locale":"es_ES","og_type":"article","og_title":"Cada persona un voto - Converses a Catalunya","og_description":"Los gigantes fueron entregados al grupo de gigantes de Santa Coloma de Cervell\u00f3 que los llevaron y llevando como embajadores del pueblo","og_url":"https:\/\/conversesacatalunya.cat\/es\/cada-persona-un-voto\/","og_site_name":"Converses a Catalunya","article_published_time":"2025-06-15T04:06:11+00:00","article_modified_time":"2025-06-15T04:50:05+00:00","og_image":[{"width":800,"height":533,"url":"https:\/\/conversesacatalunya.cat\/wp-content\/uploads\/2025\/06\/santa-coloma-cervello.jpg","type":"image\/jpeg"}],"author":"Josep Maria Garriga","twitter_card":"summary_large_image","twitter_misc":{"Escrito por":"Josep Maria Garriga","Tiempo de lectura":"6 minutos"},"schema":{"@context":"https:\/\/schema.org","@graph":[{"@type":"Article","@id":"https:\/\/conversesacatalunya.cat\/es\/cada-persona-un-voto\/#article","isPartOf":{"@id":"https:\/\/conversesacatalunya.cat\/es\/cada-persona-un-voto\/"},"author":{"name":"Josep Maria Garriga","@id":"https:\/\/conversesacatalunya.cat\/#\/schema\/person\/acdd0f5e4504e90dca5ebcd03cfe2d12"},"headline":"Cada persona un voto","datePublished":"2025-06-15T04:06:11+00:00","dateModified":"2025-06-15T04:50:05+00:00","mainEntityOfPage":{"@id":"https:\/\/conversesacatalunya.cat\/es\/cada-persona-un-voto\/"},"wordCount":1162,"commentCount":0,"image":{"@id":"https:\/\/conversesacatalunya.cat\/es\/cada-persona-un-voto\/#primaryimage"},"thumbnailUrl":"https:\/\/conversesacatalunya.cat\/wp-content\/uploads\/2025\/06\/santa-coloma-cervello.jpg","articleSection":["Opinem (ES)"],"inLanguage":"es","potentialAction":[{"@type":"CommentAction","name":"Comment","target":["https:\/\/conversesacatalunya.cat\/es\/cada-persona-un-voto\/#respond"]}]},{"@type":"WebPage","@id":"https:\/\/conversesacatalunya.cat\/es\/cada-persona-un-voto\/","url":"https:\/\/conversesacatalunya.cat\/es\/cada-persona-un-voto\/","name":"Cada persona un voto - Converses a Catalunya","isPartOf":{"@id":"https:\/\/conversesacatalunya.cat\/#website"},"primaryImageOfPage":{"@id":"https:\/\/conversesacatalunya.cat\/es\/cada-persona-un-voto\/#primaryimage"},"image":{"@id":"https:\/\/conversesacatalunya.cat\/es\/cada-persona-un-voto\/#primaryimage"},"thumbnailUrl":"https:\/\/conversesacatalunya.cat\/wp-content\/uploads\/2025\/06\/santa-coloma-cervello.jpg","datePublished":"2025-06-15T04:06:11+00:00","dateModified":"2025-06-15T04:50:05+00:00","author":{"@id":"https:\/\/conversesacatalunya.cat\/#\/schema\/person\/acdd0f5e4504e90dca5ebcd03cfe2d12"},"description":"Los gigantes fueron entregados al grupo de gigantes de Santa Coloma de Cervell\u00f3 que los llevaron y llevando como embajadores del pueblo","breadcrumb":{"@id":"https:\/\/conversesacatalunya.cat\/es\/cada-persona-un-voto\/#breadcrumb"},"inLanguage":"es","potentialAction":[{"@type":"ReadAction","target":["https:\/\/conversesacatalunya.cat\/es\/cada-persona-un-voto\/"]}]},{"@type":"ImageObject","inLanguage":"es","@id":"https:\/\/conversesacatalunya.cat\/es\/cada-persona-un-voto\/#primaryimage","url":"https:\/\/conversesacatalunya.cat\/wp-content\/uploads\/2025\/06\/santa-coloma-cervello.jpg","contentUrl":"https:\/\/conversesacatalunya.cat\/wp-content\/uploads\/2025\/06\/santa-coloma-cervello.jpg","width":800,"height":533,"caption":"Castell Santa Coloma de Cervell\u00f3"},{"@type":"BreadcrumbList","@id":"https:\/\/conversesacatalunya.cat\/es\/cada-persona-un-voto\/#breadcrumb","itemListElement":[{"@type":"ListItem","position":1,"name":"Inici","item":"https:\/\/conversesacatalunya.cat\/es\/"},{"@type":"ListItem","position":2,"name":"Cada persona un voto"}]},{"@type":"WebSite","@id":"https:\/\/conversesacatalunya.cat\/#website","url":"https:\/\/conversesacatalunya.cat\/","name":"Converses a Catalunya","description":"","potentialAction":[{"@type":"SearchAction","target":{"@type":"EntryPoint","urlTemplate":"https:\/\/conversesacatalunya.cat\/?s={search_term_string}"},"query-input":{"@type":"PropertyValueSpecification","valueRequired":true,"valueName":"search_term_string"}}],"inLanguage":"es"},{"@type":"Person","@id":"https:\/\/conversesacatalunya.cat\/#\/schema\/person\/acdd0f5e4504e90dca5ebcd03cfe2d12","name":"Josep Maria Garriga","image":{"@type":"ImageObject","inLanguage":"es","@id":"https:\/\/conversesacatalunya.cat\/#\/schema\/person\/image\/","url":"https:\/\/conversesacatalunya.cat\/wp-content\/litespeed\/avatar\/8ef4ff550587b642ab6aa8702fa24fce.jpg?ver=1777102146","contentUrl":"https:\/\/conversesacatalunya.cat\/wp-content\/litespeed\/avatar\/8ef4ff550587b642ab6aa8702fa24fce.jpg?ver=1777102146","caption":"Josep Maria Garriga"},"url":"https:\/\/conversesacatalunya.cat\/es\/author\/josep-maria-garriga\/"}]}},"wps_subtitle":"\u00bfDe d\u00f3nde viene esta mediocridad tan escandalosa que se ha instalado en el poder, en todos los rincones del pa\u00eds? \u00bfSer\u00e1 que el sistema procura que su gente no tenga el menor sentido cr\u00edtico?","_links":{"self":[{"href":"https:\/\/conversesacatalunya.cat\/es\/wp-json\/wp\/v2\/posts\/89444","targetHints":{"allow":["GET"]}}],"collection":[{"href":"https:\/\/conversesacatalunya.cat\/es\/wp-json\/wp\/v2\/posts"}],"about":[{"href":"https:\/\/conversesacatalunya.cat\/es\/wp-json\/wp\/v2\/types\/post"}],"author":[{"embeddable":true,"href":"https:\/\/conversesacatalunya.cat\/es\/wp-json\/wp\/v2\/users\/92"}],"replies":[{"embeddable":true,"href":"https:\/\/conversesacatalunya.cat\/es\/wp-json\/wp\/v2\/comments?post=89444"}],"version-history":[{"count":11,"href":"https:\/\/conversesacatalunya.cat\/es\/wp-json\/wp\/v2\/posts\/89444\/revisions"}],"predecessor-version":[{"id":89445,"href":"https:\/\/conversesacatalunya.cat\/es\/wp-json\/wp\/v2\/posts\/89444\/revisions\/89445"}],"wp:featuredmedia":[{"embeddable":true,"href":"https:\/\/conversesacatalunya.cat\/es\/wp-json\/wp\/v2\/media\/89437"}],"wp:attachment":[{"href":"https:\/\/conversesacatalunya.cat\/es\/wp-json\/wp\/v2\/media?parent=89444"}],"wp:term":[{"taxonomy":"category","embeddable":true,"href":"https:\/\/conversesacatalunya.cat\/es\/wp-json\/wp\/v2\/categories?post=89444"},{"taxonomy":"post_tag","embeddable":true,"href":"https:\/\/conversesacatalunya.cat\/es\/wp-json\/wp\/v2\/tags?post=89444"}],"curies":[{"name":"wp","href":"https:\/\/api.w.org\/{rel}","templated":true}]}}