{"id":89363,"date":"2025-06-12T14:55:57","date_gmt":"2025-06-12T12:55:57","guid":{"rendered":"https:\/\/conversesacatalunya.cat\/?p=89363"},"modified":"2025-07-15T13:34:47","modified_gmt":"2025-07-15T11:34:47","slug":"decadencia-economica-barcelona-empobrece-por-dentro","status":"publish","type":"post","link":"https:\/\/conversesacatalunya.cat\/es\/decadencia-economica-barcelona-empobrece-por-dentro\/","title":{"rendered":"Barcelona no va como una moto: La decadencia econ\u00f3mica que nadie te explica. Radiograf\u00eda de una ciudad que empobrece por dentro"},"content":{"rendered":"<p><strong><em>La renta per c\u00e1pita cae un 8% en 15 a\u00f1os, mientras el modelo econ\u00f3mico gira en torno a la apariencia de \u00e9xito. Los datos del Ayuntamiento muestran un deterioro que nadie quiere contar.<\/em><\/strong><\/p>\n<p>En el relato oficial, Barcelona va como una moto. La ciudad vibra con festivales internacionales, aeropuertos a rebosar, hoteles llenos y calles saturadas de visitantes. Pero detr\u00e1s del ruido del Primavera Sound y el Sonar, detr\u00e1s de las luces del Mobile World Congress y las campa\u00f1as tur\u00edsticas, <strong>hay una ciudad que se empobrece. Y no lo dicen los cr\u00edticos ni los opinadores: lo dicen los datos del propio Ayuntamiento.<\/strong><\/p>\n<p>Entre 2010 y 2022, <span><a href=\"https:\/\/bcnroc.ajuntament.barcelona.cat\/jspui\/bitstream\/11703\/141049\/1\/LA%20RENDA%20DE%20LES%20LLARS_2022.pdf\" target=\"_blank\" rel=\"noopener\">la <strong>renta disponible real per c\u00e1pita<\/strong><\/a><\/span> de los barceloneses cay\u00f3 casi un <strong>8%<\/strong>, pasando de <strong>21.000 euros<\/strong> a <strong>19.237, <\/strong>una p\u00e9rdida acumulada que sit\u00faa a la ciudadan\u00eda en peor posici\u00f3n que hace tres lustros, incluso despu\u00e9s de haber superado una de las mayores crisis econ\u00f3micas globales. Y lo m\u00e1s alarmante: ese declive sucede en pleno auge tur\u00edstico, con cifras r\u00e9cord de visitantes y una imagen p\u00fablica de crecimiento constante.<\/p>\n<p><strong>El gr\u00e1fico esquem\u00e1tico, donde solo figura la cifra real de inicio y la del final y no la de los a\u00f1os intermedios, presenta una imagen muy clara de la evoluci\u00f3n de Barcelona.<\/strong><\/p>\n<p><img fetchpriority=\"high\" decoding=\"async\" class=\"alignnone wp-image-89364 size-full\" src=\"https:\/\/conversesacatalunya.cat\/wp-content\/uploads\/2025\/06\/grafic.png\" alt=\"\" width=\"417\" height=\"244\" srcset=\"https:\/\/conversesacatalunya.cat\/wp-content\/uploads\/2025\/06\/grafic.png 417w, https:\/\/conversesacatalunya.cat\/wp-content\/uploads\/2025\/06\/grafic-300x176.png 300w\" sizes=\"(max-width: 417px) 100vw, 417px\" \/><\/p>\n<h4><strong>El espejismo de la prosperidad<\/strong><\/h4>\n<p>Desde el gobierno municipal, en manos de formaciones progresistas, se repite sin descanso que Barcelona es una ciudad en plena forma. La realidad, sin embargo, es que el auge del turismo y la inversi\u00f3n extranjera <strong>no se traduce en prosperidad para quienes la habitan.<\/strong> M\u00e1s bien al contrario.<\/p>\n<p>Los datos revelan una tendencia inquietante: mientras la econom\u00eda vinculada al turismo crece, la <strong>productividad y las rentas<\/strong> de quienes viven y trabajan en la ciudad disminuyen. El turismo masivo \u2014intensivo en servicios de bajo valor a\u00f1adido y empleo precario\u2014 est\u00e1 detr\u00e1s de buena parte del estancamiento econ\u00f3mico de la ciudadan\u00eda. Barcelona se est\u00e1 convirtiendo en un <strong>parque tem\u00e1tico urbano<\/strong>: rentable para inversores, devastador para su tejido social.<\/p>\n<h4><strong>Un modelo que expulsa<\/strong><\/h4>\n<p>A este fen\u00f3meno se suma un <strong>fracaso estructural en vivienda e infraestructuras<\/strong>. La escasez y el encarecimiento de la vivienda expulsan cada a\u00f1o a poblaci\u00f3n local con rentas medias y bajas, que son sustituidas por nuevos hogares en condiciones m\u00e1s precarias. La ciudad pierde no solo riqueza, sino diversidad y estabilidad.<\/p>\n<p>Adem\u00e1s, el envejecimiento demogr\u00e1fico agrava la situaci\u00f3n: los barrios m\u00e1s vulnerables \u2014como <strong>Ciutat Meridiana<\/strong>, <strong>Can Peguera<\/strong> o <strong>Bar\u00f3 de Viver<\/strong>\u2014 tienen niveles de dependencia econ\u00f3mica alt\u00edsimos. En algunos casos, <strong>hasta el 31% de los ingresos<\/strong> provienen de <strong>transferencias p\u00fablicas<\/strong>, en lugar de salarios o actividad econ\u00f3mica.<\/p>\n<p>El desequilibrio es tan evidente como silenciado. La renta mixta (procedente de salarios y rentas del capital), que refleja los niveles m\u00e1s altos de ingreso, <strong>ha descendido del 28% al 25%<\/strong> en los \u00faltimos cinco a\u00f1os. Mientras tanto, el reparto territorial de los ingresos muestra una clara din\u00e1mica de redistribuci\u00f3n pasiva: <strong>Sarri\u00e0-Sant Gervasi<\/strong> equilibra a base de impuestos lo que barrios como <strong>Nou Barris<\/strong>, <strong>Sant Mart\u00ed<\/strong> o <strong>Sants-Montju\u00efc<\/strong> pierden en dinamismo econ\u00f3mico.<\/p>\n<p>Por otro lado, la <strong>gentrificaci\u00f3n de Ciutat Vella<\/strong>, visible en el cambio de perfil econ\u00f3mico y social, muestra una subida de renta del <strong>23% entre 2015 y 2022, <\/strong>pero sin descontar la inflaci\u00f3n. Este aparente crecimiento esconde una sustituci\u00f3n poblacional, no un progreso real de los residentes originales. Es un desplazamiento social maquillado de \u00e9xito.<\/p>\n<p>Que estos datos no sean parte central del debate p\u00fablico revela una complicidad preocupante. Los grandes medios, lejos de ejercer una labor cr\u00edtica, act\u00faan muchas veces como <strong>correas de transmisi\u00f3n del mensaje institucional<\/strong>. Notas de prensa copiadas y pegadas. Reportajes de \u00e9xito sin contrastes. La propaganda sustituye al an\u00e1lisis.<\/p>\n<p>Ni el gobierno municipal ni la oposici\u00f3n parecen dispuestos a afrontar una <strong>realidad inc\u00f3moda<\/strong>: Barcelona no est\u00e1 funcionando como ciudad para su gente. Ha logrado proyectar una imagen global de \u00e9xito, pero ese \u00e9xito no se traduce en bienestar. El modelo econ\u00f3mico dominante no genera riqueza sostenible para la poblaci\u00f3n residente.<\/p>\n<p><strong>Barcelona se enfrenta a un dilema profundo:<\/strong> seguir priorizando el relato de marca o reconstruir un modelo urbano que recupere el centro del proyecto urbano, la vida de sus habitantes. Para eso se necesita mirar de frente a los datos, no esconderlos bajo capas de eventos, turistas y esl\u00f3ganes.<\/p>\n<p>Es hora de afrontar \u00a0lo que est\u00e1 pasando. Porque mientras en el ayuntamiento \u00a0se celebra, la \u00a0gente no prospera.<\/p>\n<p><strong><a href=\"https:\/\/twitter.com\/jmiroardevol\" target=\"_blank\" rel=\"noopener\">Twitter: @jmiroardevol<\/a><\/strong><\/p>\n<p><strong><a href=\"https:\/\/www.facebook.com\/josepmiroiardevol\" target=\"_blank\" rel=\"noopener\">Facebook: josepmiroardevol<\/a><\/strong><\/p>\n<span class='bctt-click-to-tweet'><span class='bctt-ctt-text'><a href='https:\/\/twitter.com\/intent\/tweet?url=https%3A%2F%2Fconversesacatalunya.cat%2Fes%2Fdecadencia-economica-barcelona-empobrece-por-dentro%2F&#038;text=Barcelona%20se%20enfrenta%20a%20un%20dilema%20profundo%3A%20seguir%20priorizando%20el%20relato%20de%20marca%20o%20reconstruir%20un%20modelo%20urbano%20que%20recupere%20el%20centro%20del%20proyecto%20urbano%2C%20la%20vida%20de%20sus%20habitantes&#038;via=conversesacat&#038;related=conversesacat' target='_blank'rel=\"noopener noreferrer\">Barcelona se enfrenta a un dilema profundo: seguir priorizando el relato de marca o reconstruir un modelo urbano que recupere el centro del proyecto urbano, la vida de sus habitantes <\/a><\/span><a href='https:\/\/twitter.com\/intent\/tweet?url=https%3A%2F%2Fconversesacatalunya.cat%2Fes%2Fdecadencia-economica-barcelona-empobrece-por-dentro%2F&#038;text=Barcelona%20se%20enfrenta%20a%20un%20dilema%20profundo%3A%20seguir%20priorizando%20el%20relato%20de%20marca%20o%20reconstruir%20un%20modelo%20urbano%20que%20recupere%20el%20centro%20del%20proyecto%20urbano%2C%20la%20vida%20de%20sus%20habitantes&#038;via=conversesacat&#038;related=conversesacat' target='_blank' class='bctt-ctt-btn'rel=\"noopener noreferrer\">Compartir en X<\/a><\/span>\n<div id=\"polls-287\" class=\"wp-polls\">\n\t<form id=\"polls_form_287\" class=\"wp-polls-form\" action=\"\/index.php\" method=\"post\">\n\t\t<p style=\"display: none;\"><input type=\"hidden\" id=\"poll_287_nonce\" name=\"wp-polls-nonce\" value=\"7bb6a596bf\" \/><\/p>\n\t\t<p style=\"display: none;\"><input type=\"hidden\" name=\"poll_id\" value=\"287\" \/><\/p>\n\t\t<p style=\"text-align: center\"><strong>Creus que la forma de fer pol\u00edtica de S\u00e1nchez est\u00e0 deteriorant les institucions de l'Estat i el funcionament de la democr\u00e0cia?<\/strong><\/p><div id=\"polls-287-ans\" class=\"wp-polls-ans\"><ul class=\"wp-polls-ul\">\n\t\t<li><input type=\"radio\" id=\"poll-answer-818\" name=\"poll_287\" value=\"818\" \/> <label for=\"poll-answer-818\">S\u00ed<\/label><\/li>\n\t\t<li><input type=\"radio\" id=\"poll-answer-819\" name=\"poll_287\" value=\"819\" \/> <label for=\"poll-answer-819\">No<\/label><\/li>\n\t\t<li><input type=\"radio\" id=\"poll-answer-820\" name=\"poll_287\" value=\"820\" \/> <label for=\"poll-answer-820\">No ho s\u00e9<\/label><\/li>\n\t\t<\/ul><p style=\"text-align: center\"><input type=\"button\" name=\"vote\" value=\"   Vota   \" class=\"Buttons\" onclick=\"poll_vote(287);\" \/><\/p><p style=\"text-align: center\"><a href=\"#ViewPollResults\" onclick=\"poll_result(287); return false;\" title=\"View Results Of This Poll\">Mira els resultats<\/a><\/p><\/div>\n\t<\/form>\n<\/div>\n<div id=\"polls-287-loading\" class=\"wp-polls-loading\"><img decoding=\"async\" data-src=\"https:\/\/conversesacatalunya.cat\/wp-content\/plugins\/wp-polls\/images\/loading.gif\" width=\"16\" height=\"16\" alt=\"Cargando ...\" title=\"Cargando ...\" class=\"wp-polls-image lazyload\" src=\"data:image\/svg+xml;base64,PHN2ZyB3aWR0aD0iMSIgaGVpZ2h0PSIxIiB4bWxucz0iaHR0cDovL3d3dy53My5vcmcvMjAwMC9zdmciPjwvc3ZnPg==\" style=\"--smush-placeholder-width: 16px; --smush-placeholder-aspect-ratio: 16\/16;\" \/>&nbsp;Cargando ...<\/div>\n\n<p>&nbsp;<\/p>\n","protected":false},"excerpt":{"rendered":"<p>La renta per c\u00e1pita cae un 8% en 15 a\u00f1os, mientras el modelo econ\u00f3mico gira en torno a la apariencia de \u00e9xito. Los datos del Ayuntamiento muestran un deterioro que nadie quiere contar. En el relato oficial, Barcelona va como una moto. La ciudad vibra con festivales internacionales, aeropuertos a rebosar, hoteles llenos y calles saturadas de visitantes. Pero detr\u00e1s del ruido del Primavera Sound y el Sonar, detr\u00e1s de las luces del Mobile World Congress y las campa\u00f1as tur\u00edsticas, hay una ciudad que se empobrece. Y no lo dicen los cr\u00edticos ni los opinadores: lo dicen los datos del propio Ayuntamiento. Entre 2010 y 2022, la renta disponible real per c\u00e1pita de los barceloneses cay\u00f3 casi un 8%, pasando de 21.000 euros a 19.237, una p\u00e9rdida acumulada que sit\u00faa a la ciudadan\u00eda en peor posici\u00f3n que hace tres lustros, incluso despu\u00e9s de haber superado una de las mayores crisis econ\u00f3micas globales. Y lo m\u00e1s alarmante: ese declive sucede en pleno auge tur\u00edstico, con cifras r\u00e9cord de visitantes y una imagen p\u00fablica de crecimiento constante. El gr\u00e1fico esquem\u00e1tico, donde solo figura la cifra real de inicio y la del final y no la de los a\u00f1os intermedios, presenta una imagen muy clara de la evoluci\u00f3n de Barcelona. El espejismo de la prosperidad Desde el gobierno municipal, en manos de formaciones progresistas, se repite sin descanso que Barcelona es una ciudad en plena forma. La realidad, sin embargo, es que el auge del turismo y la inversi\u00f3n extranjera no se traduce en prosperidad para quienes la habitan. M\u00e1s bien al contrario. Los datos revelan una tendencia inquietante: mientras la econom\u00eda vinculada al turismo crece, la productividad y las rentas de quienes viven y trabajan en la ciudad disminuyen. El turismo masivo \u2014intensivo en servicios de bajo valor a\u00f1adido y empleo precario\u2014 est\u00e1 detr\u00e1s de buena parte del estancamiento econ\u00f3mico de la ciudadan\u00eda. Barcelona se est\u00e1 convirtiendo en un parque tem\u00e1tico urbano: rentable para inversores, devastador para su tejido social. Un modelo que expulsa A este fen\u00f3meno se suma un fracaso estructural en vivienda e infraestructuras. La escasez y el encarecimiento de la vivienda expulsan cada a\u00f1o a poblaci\u00f3n local con rentas medias y bajas, que son sustituidas por nuevos hogares en condiciones m\u00e1s precarias. La ciudad pierde no solo riqueza, sino diversidad y estabilidad. Adem\u00e1s, el envejecimiento demogr\u00e1fico agrava la situaci\u00f3n: los barrios m\u00e1s vulnerables \u2014como Ciutat Meridiana, Can Peguera o Bar\u00f3 de Viver\u2014 tienen niveles de dependencia econ\u00f3mica alt\u00edsimos. En algunos casos, hasta el 31% de los ingresos provienen de transferencias p\u00fablicas, en lugar de salarios o actividad econ\u00f3mica. El desequilibrio es tan evidente como silenciado. La renta mixta (procedente de salarios y rentas del capital), que refleja los niveles m\u00e1s altos de ingreso, ha descendido del 28% al 25% en los \u00faltimos cinco a\u00f1os. Mientras tanto, el reparto territorial de los ingresos muestra una clara din\u00e1mica de redistribuci\u00f3n pasiva: Sarri\u00e0-Sant Gervasi equilibra a base de impuestos lo que barrios como Nou Barris, Sant Mart\u00ed o Sants-Montju\u00efc pierden en dinamismo econ\u00f3mico. Por otro lado, la gentrificaci\u00f3n de Ciutat Vella, visible en el cambio de perfil econ\u00f3mico y social, muestra una subida de renta del 23% entre 2015 y 2022, pero sin descontar la inflaci\u00f3n. Este aparente crecimiento esconde una sustituci\u00f3n poblacional, no un progreso real de los residentes originales. Es un desplazamiento social maquillado de \u00e9xito. Que estos datos no sean parte central del debate p\u00fablico revela una complicidad preocupante. Los grandes medios, lejos de ejercer una labor cr\u00edtica, act\u00faan muchas veces como correas de transmisi\u00f3n del mensaje institucional. Notas de prensa copiadas y pegadas. Reportajes de \u00e9xito sin contrastes. La propaganda sustituye al an\u00e1lisis. Ni el gobierno municipal ni la oposici\u00f3n parecen dispuestos a afrontar una realidad inc\u00f3moda: Barcelona no est\u00e1 funcionando como ciudad para su gente. Ha logrado proyectar una imagen global de \u00e9xito, pero ese \u00e9xito no se traduce en bienestar. El modelo econ\u00f3mico dominante no genera riqueza sostenible para la poblaci\u00f3n residente. Barcelona se enfrenta a un dilema profundo: seguir priorizando el relato de marca o reconstruir un modelo urbano que recupere el centro del proyecto urbano, la vida de sus habitantes. Para eso se necesita mirar de frente a los datos, no esconderlos bajo capas de eventos, turistas y esl\u00f3ganes. Es hora de afrontar \u00a0lo que est\u00e1 pasando. Porque mientras en el ayuntamiento \u00a0se celebra, la \u00a0gente no prospera. Twitter: @jmiroardevol Facebook: josepmiroardevol &nbsp;<\/p>\n","protected":false},"author":19,"featured_media":89372,"comment_status":"open","ping_status":"open","sticky":false,"template":"","format":"standard","meta":{"_FSMCFIC_featured_image_caption":"","_FSMCFIC_featured_image_nocaption":"","_FSMCFIC_featured_image_hide":"","footnotes":""},"categories":[806],"tags":[948,5038],"class_list":["post-89363","post","type-post","status-publish","format-standard","has-post-thumbnail","hentry","category-punts-claus-del-dia-es","tag-ajuntament-de-barcelona-es","tag-barcelona-economia"],"yoast_head":"<!-- This site is optimized with the Yoast SEO plugin v26.8 - https:\/\/yoast.com\/product\/yoast-seo-wordpress\/ -->\n<title>La cruda realidad: decadencia econ\u00f3mica de Barcelona<\/title>\n<meta name=\"description\" content=\"Radiograf\u00eda de una decadencia econ\u00f3mica de Barcelona que ha visto caer casi un 8\u202f% su renta disponible real per c\u00e1pita en 15\u202fa\u00f1os\" \/>\n<meta name=\"robots\" content=\"index, follow, max-snippet:-1, max-image-preview:large, max-video-preview:-1\" \/>\n<link rel=\"canonical\" href=\"https:\/\/conversesacatalunya.cat\/es\/decadencia-economica-barcelona-empobrece-por-dentro\/\" \/>\n<meta property=\"og:locale\" content=\"es_ES\" \/>\n<meta property=\"og:type\" content=\"article\" \/>\n<meta property=\"og:title\" content=\"La cruda realidad: decadencia econ\u00f3mica de Barcelona\" \/>\n<meta property=\"og:description\" content=\"Radiograf\u00eda de una decadencia econ\u00f3mica de Barcelona que ha visto caer casi un 8\u202f% su renta disponible real per c\u00e1pita en 15\u202fa\u00f1os\" \/>\n<meta property=\"og:url\" content=\"https:\/\/conversesacatalunya.cat\/es\/decadencia-economica-barcelona-empobrece-por-dentro\/\" \/>\n<meta property=\"og:site_name\" content=\"Converses a Catalunya\" \/>\n<meta property=\"article:published_time\" content=\"2025-06-12T12:55:57+00:00\" \/>\n<meta property=\"article:modified_time\" content=\"2025-07-15T11:34:47+00:00\" \/>\n<meta property=\"og:image\" content=\"https:\/\/conversesacatalunya.cat\/wp-content\/uploads\/2025\/06\/barcelona-6969567_640.jpg\" \/>\n\t<meta property=\"og:image:width\" content=\"640\" \/>\n\t<meta property=\"og:image:height\" content=\"427\" \/>\n\t<meta property=\"og:image:type\" content=\"image\/jpeg\" \/>\n<meta name=\"author\" content=\"Josep Mir\u00f3 i Ard\u00e8vol\" \/>\n<meta name=\"twitter:card\" content=\"summary_large_image\" \/>\n<meta name=\"twitter:label1\" content=\"Escrito por\" \/>\n\t<meta name=\"twitter:data1\" content=\"Josep Mir\u00f3 i Ard\u00e8vol\" \/>\n\t<meta name=\"twitter:label2\" content=\"Tiempo de lectura\" \/>\n\t<meta name=\"twitter:data2\" content=\"4 minutos\" \/>\n<script type=\"application\/ld+json\" class=\"yoast-schema-graph\">{\"@context\":\"https:\/\/schema.org\",\"@graph\":[{\"@type\":\"Article\",\"@id\":\"https:\/\/conversesacatalunya.cat\/es\/decadencia-economica-barcelona-empobrece-por-dentro\/#article\",\"isPartOf\":{\"@id\":\"https:\/\/conversesacatalunya.cat\/es\/decadencia-economica-barcelona-empobrece-por-dentro\/\"},\"author\":{\"name\":\"Josep Mir\u00f3 i Ard\u00e8vol\",\"@id\":\"https:\/\/conversesacatalunya.cat\/#\/schema\/person\/a9598a6786ba7d3d1c5e0de477b79370\"},\"headline\":\"Barcelona no va como una moto: La decadencia econ\u00f3mica que nadie te explica. Radiograf\u00eda de una ciudad que empobrece por dentro\",\"datePublished\":\"2025-06-12T12:55:57+00:00\",\"dateModified\":\"2025-07-15T11:34:47+00:00\",\"mainEntityOfPage\":{\"@id\":\"https:\/\/conversesacatalunya.cat\/es\/decadencia-economica-barcelona-empobrece-por-dentro\/\"},\"wordCount\":839,\"commentCount\":0,\"image\":{\"@id\":\"https:\/\/conversesacatalunya.cat\/es\/decadencia-economica-barcelona-empobrece-por-dentro\/#primaryimage\"},\"thumbnailUrl\":\"https:\/\/conversesacatalunya.cat\/wp-content\/uploads\/2025\/06\/barcelona-6969567_640.jpg\",\"keywords\":[\"Ajuntament de Barcelona\",\"Barcelona econom\u00eda\"],\"articleSection\":[\"Punts clau del dia (ES)\"],\"inLanguage\":\"es\",\"potentialAction\":[{\"@type\":\"CommentAction\",\"name\":\"Comment\",\"target\":[\"https:\/\/conversesacatalunya.cat\/es\/decadencia-economica-barcelona-empobrece-por-dentro\/#respond\"]}]},{\"@type\":\"WebPage\",\"@id\":\"https:\/\/conversesacatalunya.cat\/es\/decadencia-economica-barcelona-empobrece-por-dentro\/\",\"url\":\"https:\/\/conversesacatalunya.cat\/es\/decadencia-economica-barcelona-empobrece-por-dentro\/\",\"name\":\"La cruda realidad: decadencia econ\u00f3mica de Barcelona\",\"isPartOf\":{\"@id\":\"https:\/\/conversesacatalunya.cat\/#website\"},\"primaryImageOfPage\":{\"@id\":\"https:\/\/conversesacatalunya.cat\/es\/decadencia-economica-barcelona-empobrece-por-dentro\/#primaryimage\"},\"image\":{\"@id\":\"https:\/\/conversesacatalunya.cat\/es\/decadencia-economica-barcelona-empobrece-por-dentro\/#primaryimage\"},\"thumbnailUrl\":\"https:\/\/conversesacatalunya.cat\/wp-content\/uploads\/2025\/06\/barcelona-6969567_640.jpg\",\"datePublished\":\"2025-06-12T12:55:57+00:00\",\"dateModified\":\"2025-07-15T11:34:47+00:00\",\"author\":{\"@id\":\"https:\/\/conversesacatalunya.cat\/#\/schema\/person\/a9598a6786ba7d3d1c5e0de477b79370\"},\"description\":\"Radiograf\u00eda de una decadencia econ\u00f3mica de Barcelona que ha visto caer casi un 8\u202f% su renta disponible real per c\u00e1pita en 15\u202fa\u00f1os\",\"breadcrumb\":{\"@id\":\"https:\/\/conversesacatalunya.cat\/es\/decadencia-economica-barcelona-empobrece-por-dentro\/#breadcrumb\"},\"inLanguage\":\"es\",\"potentialAction\":[{\"@type\":\"ReadAction\",\"target\":[\"https:\/\/conversesacatalunya.cat\/es\/decadencia-economica-barcelona-empobrece-por-dentro\/\"]}]},{\"@type\":\"ImageObject\",\"inLanguage\":\"es\",\"@id\":\"https:\/\/conversesacatalunya.cat\/es\/decadencia-economica-barcelona-empobrece-por-dentro\/#primaryimage\",\"url\":\"https:\/\/conversesacatalunya.cat\/wp-content\/uploads\/2025\/06\/barcelona-6969567_640.jpg\",\"contentUrl\":\"https:\/\/conversesacatalunya.cat\/wp-content\/uploads\/2025\/06\/barcelona-6969567_640.jpg\",\"width\":640,\"height\":427,\"caption\":\"Decadencia econ\u00f3mica de Barcelona\"},{\"@type\":\"BreadcrumbList\",\"@id\":\"https:\/\/conversesacatalunya.cat\/es\/decadencia-economica-barcelona-empobrece-por-dentro\/#breadcrumb\",\"itemListElement\":[{\"@type\":\"ListItem\",\"position\":1,\"name\":\"Inici\",\"item\":\"https:\/\/conversesacatalunya.cat\/es\/\"},{\"@type\":\"ListItem\",\"position\":2,\"name\":\"Barcelona no va como una moto: La decadencia econ\u00f3mica que nadie te explica. Radiograf\u00eda de una ciudad que empobrece por dentro\"}]},{\"@type\":\"WebSite\",\"@id\":\"https:\/\/conversesacatalunya.cat\/#website\",\"url\":\"https:\/\/conversesacatalunya.cat\/\",\"name\":\"Converses a Catalunya\",\"description\":\"\",\"potentialAction\":[{\"@type\":\"SearchAction\",\"target\":{\"@type\":\"EntryPoint\",\"urlTemplate\":\"https:\/\/conversesacatalunya.cat\/?s={search_term_string}\"},\"query-input\":{\"@type\":\"PropertyValueSpecification\",\"valueRequired\":true,\"valueName\":\"search_term_string\"}}],\"inLanguage\":\"es\"},{\"@type\":\"Person\",\"@id\":\"https:\/\/conversesacatalunya.cat\/#\/schema\/person\/a9598a6786ba7d3d1c5e0de477b79370\",\"name\":\"Josep Mir\u00f3 i Ard\u00e8vol\",\"image\":{\"@type\":\"ImageObject\",\"inLanguage\":\"es\",\"@id\":\"https:\/\/conversesacatalunya.cat\/#\/schema\/person\/image\/\",\"url\":\"https:\/\/conversesacatalunya.cat\/wp-content\/litespeed\/avatar\/c37e3dc881857483d6694cdf98fdedea.jpg?ver=1777270381\",\"contentUrl\":\"https:\/\/conversesacatalunya.cat\/wp-content\/litespeed\/avatar\/c37e3dc881857483d6694cdf98fdedea.jpg?ver=1777270381\",\"caption\":\"Josep Mir\u00f3 i Ard\u00e8vol\"},\"url\":\"https:\/\/conversesacatalunya.cat\/es\/author\/josep-miro-i-ardevol\/\"}]}<\/script>\n<!-- \/ Yoast SEO plugin. -->","yoast_head_json":{"title":"La cruda realidad: decadencia econ\u00f3mica de Barcelona","description":"Radiograf\u00eda de una decadencia econ\u00f3mica de Barcelona que ha visto caer casi un 8\u202f% su renta disponible real per c\u00e1pita en 15\u202fa\u00f1os","robots":{"index":"index","follow":"follow","max-snippet":"max-snippet:-1","max-image-preview":"max-image-preview:large","max-video-preview":"max-video-preview:-1"},"canonical":"https:\/\/conversesacatalunya.cat\/es\/decadencia-economica-barcelona-empobrece-por-dentro\/","og_locale":"es_ES","og_type":"article","og_title":"La cruda realidad: decadencia econ\u00f3mica de Barcelona","og_description":"Radiograf\u00eda de una decadencia econ\u00f3mica de Barcelona que ha visto caer casi un 8\u202f% su renta disponible real per c\u00e1pita en 15\u202fa\u00f1os","og_url":"https:\/\/conversesacatalunya.cat\/es\/decadencia-economica-barcelona-empobrece-por-dentro\/","og_site_name":"Converses a Catalunya","article_published_time":"2025-06-12T12:55:57+00:00","article_modified_time":"2025-07-15T11:34:47+00:00","og_image":[{"width":640,"height":427,"url":"https:\/\/conversesacatalunya.cat\/wp-content\/uploads\/2025\/06\/barcelona-6969567_640.jpg","type":"image\/jpeg"}],"author":"Josep Mir\u00f3 i Ard\u00e8vol","twitter_card":"summary_large_image","twitter_misc":{"Escrito por":"Josep Mir\u00f3 i Ard\u00e8vol","Tiempo de lectura":"4 minutos"},"schema":{"@context":"https:\/\/schema.org","@graph":[{"@type":"Article","@id":"https:\/\/conversesacatalunya.cat\/es\/decadencia-economica-barcelona-empobrece-por-dentro\/#article","isPartOf":{"@id":"https:\/\/conversesacatalunya.cat\/es\/decadencia-economica-barcelona-empobrece-por-dentro\/"},"author":{"name":"Josep Mir\u00f3 i Ard\u00e8vol","@id":"https:\/\/conversesacatalunya.cat\/#\/schema\/person\/a9598a6786ba7d3d1c5e0de477b79370"},"headline":"Barcelona no va como una moto: La decadencia econ\u00f3mica que nadie te explica. Radiograf\u00eda de una ciudad que empobrece por dentro","datePublished":"2025-06-12T12:55:57+00:00","dateModified":"2025-07-15T11:34:47+00:00","mainEntityOfPage":{"@id":"https:\/\/conversesacatalunya.cat\/es\/decadencia-economica-barcelona-empobrece-por-dentro\/"},"wordCount":839,"commentCount":0,"image":{"@id":"https:\/\/conversesacatalunya.cat\/es\/decadencia-economica-barcelona-empobrece-por-dentro\/#primaryimage"},"thumbnailUrl":"https:\/\/conversesacatalunya.cat\/wp-content\/uploads\/2025\/06\/barcelona-6969567_640.jpg","keywords":["Ajuntament de Barcelona","Barcelona econom\u00eda"],"articleSection":["Punts clau del dia (ES)"],"inLanguage":"es","potentialAction":[{"@type":"CommentAction","name":"Comment","target":["https:\/\/conversesacatalunya.cat\/es\/decadencia-economica-barcelona-empobrece-por-dentro\/#respond"]}]},{"@type":"WebPage","@id":"https:\/\/conversesacatalunya.cat\/es\/decadencia-economica-barcelona-empobrece-por-dentro\/","url":"https:\/\/conversesacatalunya.cat\/es\/decadencia-economica-barcelona-empobrece-por-dentro\/","name":"La cruda realidad: decadencia econ\u00f3mica de Barcelona","isPartOf":{"@id":"https:\/\/conversesacatalunya.cat\/#website"},"primaryImageOfPage":{"@id":"https:\/\/conversesacatalunya.cat\/es\/decadencia-economica-barcelona-empobrece-por-dentro\/#primaryimage"},"image":{"@id":"https:\/\/conversesacatalunya.cat\/es\/decadencia-economica-barcelona-empobrece-por-dentro\/#primaryimage"},"thumbnailUrl":"https:\/\/conversesacatalunya.cat\/wp-content\/uploads\/2025\/06\/barcelona-6969567_640.jpg","datePublished":"2025-06-12T12:55:57+00:00","dateModified":"2025-07-15T11:34:47+00:00","author":{"@id":"https:\/\/conversesacatalunya.cat\/#\/schema\/person\/a9598a6786ba7d3d1c5e0de477b79370"},"description":"Radiograf\u00eda de una decadencia econ\u00f3mica de Barcelona que ha visto caer casi un 8\u202f% su renta disponible real per c\u00e1pita en 15\u202fa\u00f1os","breadcrumb":{"@id":"https:\/\/conversesacatalunya.cat\/es\/decadencia-economica-barcelona-empobrece-por-dentro\/#breadcrumb"},"inLanguage":"es","potentialAction":[{"@type":"ReadAction","target":["https:\/\/conversesacatalunya.cat\/es\/decadencia-economica-barcelona-empobrece-por-dentro\/"]}]},{"@type":"ImageObject","inLanguage":"es","@id":"https:\/\/conversesacatalunya.cat\/es\/decadencia-economica-barcelona-empobrece-por-dentro\/#primaryimage","url":"https:\/\/conversesacatalunya.cat\/wp-content\/uploads\/2025\/06\/barcelona-6969567_640.jpg","contentUrl":"https:\/\/conversesacatalunya.cat\/wp-content\/uploads\/2025\/06\/barcelona-6969567_640.jpg","width":640,"height":427,"caption":"Decadencia econ\u00f3mica de Barcelona"},{"@type":"BreadcrumbList","@id":"https:\/\/conversesacatalunya.cat\/es\/decadencia-economica-barcelona-empobrece-por-dentro\/#breadcrumb","itemListElement":[{"@type":"ListItem","position":1,"name":"Inici","item":"https:\/\/conversesacatalunya.cat\/es\/"},{"@type":"ListItem","position":2,"name":"Barcelona no va como una moto: La decadencia econ\u00f3mica que nadie te explica. Radiograf\u00eda de una ciudad que empobrece por dentro"}]},{"@type":"WebSite","@id":"https:\/\/conversesacatalunya.cat\/#website","url":"https:\/\/conversesacatalunya.cat\/","name":"Converses a Catalunya","description":"","potentialAction":[{"@type":"SearchAction","target":{"@type":"EntryPoint","urlTemplate":"https:\/\/conversesacatalunya.cat\/?s={search_term_string}"},"query-input":{"@type":"PropertyValueSpecification","valueRequired":true,"valueName":"search_term_string"}}],"inLanguage":"es"},{"@type":"Person","@id":"https:\/\/conversesacatalunya.cat\/#\/schema\/person\/a9598a6786ba7d3d1c5e0de477b79370","name":"Josep Mir\u00f3 i Ard\u00e8vol","image":{"@type":"ImageObject","inLanguage":"es","@id":"https:\/\/conversesacatalunya.cat\/#\/schema\/person\/image\/","url":"https:\/\/conversesacatalunya.cat\/wp-content\/litespeed\/avatar\/c37e3dc881857483d6694cdf98fdedea.jpg?ver=1777270381","contentUrl":"https:\/\/conversesacatalunya.cat\/wp-content\/litespeed\/avatar\/c37e3dc881857483d6694cdf98fdedea.jpg?ver=1777270381","caption":"Josep Mir\u00f3 i Ard\u00e8vol"},"url":"https:\/\/conversesacatalunya.cat\/es\/author\/josep-miro-i-ardevol\/"}]}},"wps_subtitle":"Barcelona se est\u00e1 convirtiendo en un parque tem\u00e1tico urbano: rentable para inversores, devastador para su tejido social.","_links":{"self":[{"href":"https:\/\/conversesacatalunya.cat\/es\/wp-json\/wp\/v2\/posts\/89363","targetHints":{"allow":["GET"]}}],"collection":[{"href":"https:\/\/conversesacatalunya.cat\/es\/wp-json\/wp\/v2\/posts"}],"about":[{"href":"https:\/\/conversesacatalunya.cat\/es\/wp-json\/wp\/v2\/types\/post"}],"author":[{"embeddable":true,"href":"https:\/\/conversesacatalunya.cat\/es\/wp-json\/wp\/v2\/users\/19"}],"replies":[{"embeddable":true,"href":"https:\/\/conversesacatalunya.cat\/es\/wp-json\/wp\/v2\/comments?post=89363"}],"version-history":[{"count":5,"href":"https:\/\/conversesacatalunya.cat\/es\/wp-json\/wp\/v2\/posts\/89363\/revisions"}],"predecessor-version":[{"id":90426,"href":"https:\/\/conversesacatalunya.cat\/es\/wp-json\/wp\/v2\/posts\/89363\/revisions\/90426"}],"wp:featuredmedia":[{"embeddable":true,"href":"https:\/\/conversesacatalunya.cat\/es\/wp-json\/wp\/v2\/media\/89372"}],"wp:attachment":[{"href":"https:\/\/conversesacatalunya.cat\/es\/wp-json\/wp\/v2\/media?parent=89363"}],"wp:term":[{"taxonomy":"category","embeddable":true,"href":"https:\/\/conversesacatalunya.cat\/es\/wp-json\/wp\/v2\/categories?post=89363"},{"taxonomy":"post_tag","embeddable":true,"href":"https:\/\/conversesacatalunya.cat\/es\/wp-json\/wp\/v2\/tags?post=89363"}],"curies":[{"name":"wp","href":"https:\/\/api.w.org\/{rel}","templated":true}]}}