{"id":89317,"date":"2025-06-11T12:49:47","date_gmt":"2025-06-11T10:49:47","guid":{"rendered":"https:\/\/conversesacatalunya.cat\/?p=89317"},"modified":"2025-06-11T13:06:47","modified_gmt":"2025-06-11T11:06:47","slug":"entre-europa-y-la-moncloa-bruselas-cuestiona-la-amnistia-espanola","status":"publish","type":"post","link":"https:\/\/conversesacatalunya.cat\/es\/entre-europa-y-la-moncloa-bruselas-cuestiona-la-amnistia-espanola\/","title":{"rendered":"Entre Europa y la Moncloa: Bruselas cuestiona la amnist\u00eda espa\u00f1ola"},"content":{"rendered":"<p>La Ley de Amnist\u00eda, eje central del actual equilibrio parlamentario en Espa\u00f1a, ha sido se\u00f1alada por la ciudadan\u00eda como el acontecimiento negativo m\u00e1s relevante de la historia reciente, incluida la COVID-19, seg\u00fan los \u00faltimos datos del ElectoPanel.<\/p>\n<p>En paralelo a esta percepci\u00f3n social, el debate sobre la amnist\u00eda ha adquirido una dimensi\u00f3n jur\u00eddica internacional con <strong>la publicaci\u00f3n no oficial de un informe cr\u00edtico de la Comisi\u00f3n Europea.<\/strong> Este informe, dirigido al Tribunal de Justicia de la Uni\u00f3n Europea (TJUE) y no al p\u00fablico general ni al Gobierno espa\u00f1ol, se enmarca en la cuesti\u00f3n prejudicial<strong> planteada por el Tribunal de Cuentas<\/strong> sobre la legalidad de la ley frente al derecho comunitario.<\/p>\n<h4><strong>Un informe cr\u00edtico que tensiona el tablero institucional<\/strong><\/h4>\n<p>La Comisi\u00f3n Europea sostiene que la ley \u201c<strong>parece ser una autoamnist\u00eda\u201d,<\/strong> al haber sido negociada y aprobada con la participaci\u00f3n directa de quienes se beneficiar\u00edan de ella. A juicio de Bruselas, la norma <strong>no responde a un \u201cobjetivo de inter\u00e9s general reconocido\u201d <\/strong>por la Uni\u00f3n Europea, desmontando as\u00ed el argumento principal del Ejecutivo espa\u00f1ol, que la defend\u00eda como una v\u00eda para la distensi\u00f3n social y pol\u00edtica en Catalu\u00f1a.<\/p>\n<p>M\u00e1s a\u00fan, el informe lanza una acusaci\u00f3n de mayor gravedad: que <strong>la ley vulnera el principio del Estado de derecho<\/strong>, al permitir que el poder pol\u00edtico garantice la impunidad de sus socios parlamentarios<strong> a cambio de apoyo para la investidura<\/strong>. Esta afirmaci\u00f3n representa un duro golpe para el relato gubernamental y refuerza las posiciones cr\u00edticas tanto en el \u00e1mbito judicial como pol\u00edtico.<\/p>\n<h4><strong>Una excepci\u00f3n favorable: sin impacto en fondos europeos<\/strong><\/h4>\n<p>No obstante, la Comisi\u00f3n Europea aclara que la ley <strong>no afecta los intereses econ\u00f3micos de la Uni\u00f3n,<\/strong> al no encontrarse un v\u00ednculo directo entre las acciones del &#8216;proc\u00e9s&#8217; y el uso de fondos europeos. Este <strong>\u00fanico punto coincide con la narrativa oficial defendida por el Gobierno<\/strong> y la ministra portavoz Pilar Alegr\u00eda, quien subraya este aspecto favorable en su comunicaci\u00f3n p\u00fablica.<\/p>\n<h4><strong>Medios polarizados y versiones opuestas<\/strong><\/h4>\n<p>La cobertura medi\u00e1tica del informe refleja, una vez m\u00e1s, la polarizaci\u00f3n del debate nacional. Mientras medios afines al Gobierno, <strong>como <em>La Vanguardia<\/em> y <em>El Pa\u00eds<\/em><\/strong>, priorizan la ausencia de impacto econ\u00f3mico y restan peso a las cr\u00edticas jur\u00eddicas, otros diarios como <em>El Mundo<\/em>, <em>ABC<\/em>, <em>La Raz\u00f3n<\/em> o <em>El Confidencial<\/em> destacan las advertencias m\u00e1s severas de Bruselas.<\/p>\n<p><em>El Espa\u00f1ol<\/em>, por su parte, ha publicado que la Comisi\u00f3n Europea \u201cdefender\u00e1 ante el TJUE su informe contrario a la ley de amnist\u00eda de S\u00e1nchez\u201d, mientras que <em>Cadena SER<\/em> reconoce tanto la ausencia de perjuicio econ\u00f3mico como las objeciones al \u201cinter\u00e9s general\u201d esgrimido por el Gobierno.<\/p>\n<h4><strong>Tiempos judiciales y silencios inc\u00f3modos<\/strong><\/h4>\n<p>El dictamen filtrado de la Comisi\u00f3n llega antes de que el <a href=\"https:\/\/conversesacatalunya.cat\/tribunal-constitucional-i-amnistia-conveniencia-politica\/\" target=\"_blank\" rel=\"noopener\">Tribunal Constitucional<\/a> espa\u00f1ol, presidido por <strong>C\u00e1ndido Conde-Pumpido<\/strong>, emita su sentencia definitiva. La falta de recusaci\u00f3n del presidente, a pesar de su vinculaci\u00f3n pol\u00edtica previa, ha generado tensiones sobre la neutralidad de la Corte. A esto se suma la controversia por el borrador previo de sentencia, que mostraba reparos \u00fanicamente marginales hacia la ley.<\/p>\n<p>Este cruce de tiempos entre Europa y Espa\u00f1a pone al alto tribunal en una <strong>situaci\u00f3n comprometida<\/strong>: \u00bfc\u00f3mo armonizar un posible respaldo constitucional con una cr\u00edtica expl\u00edcita de Bruselas?<\/p>\n<h4><strong>Una anomal\u00eda democr\u00e1tica bajo escrutinio europeo<\/strong><\/h4>\n<p>Para muchos observadores, si esta situaci\u00f3n se produjera en pa\u00edses como Hungr\u00eda o Polonia, ya habr\u00eda motivado expedientes sancionadores por parte de la UE. La diferencia, apuntan algunos analistas, es que en esta ocasi\u00f3n las objeciones al Estado de derecho<strong> no provienen de gobiernos de extrema derecha, sino de una administraci\u00f3n socialdem\u00f3crata<\/strong>, lo que expone una aparente doble vara de medir dentro del bloque comunitario.<\/p>\n<p>A la espera de la vista del TJUE prevista para el 15 de julio, la Ley de Amnist\u00eda contin\u00faa siendo m\u00e1s que un instrumento legal: es <strong>un s\u00edmbolo de la actual lucha por el poder en Espa\u00f1a<\/strong>, de la fragilidad institucional en tiempos de alta polarizaci\u00f3n y del complejo equilibrio entre soberan\u00eda nacional y normas europeas.<\/p>\n<span class='bctt-click-to-tweet'><span class='bctt-ctt-text'><a href='https:\/\/twitter.com\/intent\/tweet?url=https%3A%2F%2Fconversesacatalunya.cat%2Fes%2Fentre-europa-y-la-moncloa-bruselas-cuestiona-la-amnistia-espanola%2F&#038;text=La%20Ley%20de%20Amnist%C3%ADa%20contin%C3%BAa%20siendo%20m%C3%A1s%20que%20un%20instrumento%20legal%3A%20es%20un%20s%C3%ADmbolo%20de%20la%20actual%20lucha%20por%20el%20poder%20en%20Espa%C3%B1a%2C%20de%20la%20fragilidad%20institucional%20en%20tiempos%20de%20alta%20polarizaci%C3%B3n%20y%20del%20complejo%20equilibrio%20entre%20soberan%C3%ADa%E2%80%A6&#038;via=conversesacat&#038;related=conversesacat' target='_blank'rel=\"noopener noreferrer\">La Ley de Amnist\u00eda contin\u00faa siendo m\u00e1s que un instrumento legal: es un s\u00edmbolo de la actual lucha por el poder en Espa\u00f1a, de la fragilidad institucional en tiempos de alta polarizaci\u00f3n y del complejo equilibrio entre soberan\u00eda\u2026 <\/a><\/span><a href='https:\/\/twitter.com\/intent\/tweet?url=https%3A%2F%2Fconversesacatalunya.cat%2Fes%2Fentre-europa-y-la-moncloa-bruselas-cuestiona-la-amnistia-espanola%2F&#038;text=La%20Ley%20de%20Amnist%C3%ADa%20contin%C3%BAa%20siendo%20m%C3%A1s%20que%20un%20instrumento%20legal%3A%20es%20un%20s%C3%ADmbolo%20de%20la%20actual%20lucha%20por%20el%20poder%20en%20Espa%C3%B1a%2C%20de%20la%20fragilidad%20institucional%20en%20tiempos%20de%20alta%20polarizaci%C3%B3n%20y%20del%20complejo%20equilibrio%20entre%20soberan%C3%ADa%E2%80%A6&#038;via=conversesacat&#038;related=conversesacat' target='_blank' class='bctt-ctt-btn'rel=\"noopener noreferrer\">Compartir en X<\/a><\/span>\n<div id=\"polls-287\" class=\"wp-polls\">\n\t<form id=\"polls_form_287\" class=\"wp-polls-form\" action=\"\/index.php\" method=\"post\">\n\t\t<p style=\"display: none;\"><input type=\"hidden\" id=\"poll_287_nonce\" name=\"wp-polls-nonce\" value=\"659e61136d\" \/><\/p>\n\t\t<p style=\"display: none;\"><input type=\"hidden\" name=\"poll_id\" value=\"287\" \/><\/p>\n\t\t<p style=\"text-align: center\"><strong>Creus que la forma de fer pol\u00edtica de S\u00e1nchez est\u00e0 deteriorant les institucions de l'Estat i el funcionament de la democr\u00e0cia?<\/strong><\/p><div id=\"polls-287-ans\" class=\"wp-polls-ans\"><ul class=\"wp-polls-ul\">\n\t\t<li><input type=\"radio\" id=\"poll-answer-818\" name=\"poll_287\" value=\"818\" \/> <label for=\"poll-answer-818\">S\u00ed<\/label><\/li>\n\t\t<li><input type=\"radio\" id=\"poll-answer-819\" name=\"poll_287\" value=\"819\" \/> <label for=\"poll-answer-819\">No<\/label><\/li>\n\t\t<li><input type=\"radio\" id=\"poll-answer-820\" name=\"poll_287\" value=\"820\" \/> <label for=\"poll-answer-820\">No ho s\u00e9<\/label><\/li>\n\t\t<\/ul><p style=\"text-align: center\"><input type=\"button\" name=\"vote\" value=\"   Vota   \" class=\"Buttons\" onclick=\"poll_vote(287);\" \/><\/p><p style=\"text-align: center\"><a href=\"#ViewPollResults\" onclick=\"poll_result(287); return false;\" title=\"View Results Of This Poll\">Mira els resultats<\/a><\/p><\/div>\n\t<\/form>\n<\/div>\n<div id=\"polls-287-loading\" class=\"wp-polls-loading\"><img decoding=\"async\" data-src=\"https:\/\/conversesacatalunya.cat\/wp-content\/plugins\/wp-polls\/images\/loading.gif\" width=\"16\" height=\"16\" alt=\"Cargando ...\" title=\"Cargando ...\" class=\"wp-polls-image lazyload\" src=\"data:image\/svg+xml;base64,PHN2ZyB3aWR0aD0iMSIgaGVpZ2h0PSIxIiB4bWxucz0iaHR0cDovL3d3dy53My5vcmcvMjAwMC9zdmciPjwvc3ZnPg==\" style=\"--smush-placeholder-width: 16px; --smush-placeholder-aspect-ratio: 16\/16;\" \/>&nbsp;Cargando ...<\/div>\n\n","protected":false},"excerpt":{"rendered":"<p>La Ley de Amnist\u00eda, eje central del actual equilibrio parlamentario en Espa\u00f1a, ha sido se\u00f1alada por la ciudadan\u00eda como el acontecimiento negativo m\u00e1s relevante de la historia reciente, incluida la COVID-19, seg\u00fan los \u00faltimos datos del ElectoPanel. En paralelo a esta percepci\u00f3n social, el debate sobre la amnist\u00eda ha adquirido una dimensi\u00f3n jur\u00eddica internacional con la publicaci\u00f3n no oficial de un informe cr\u00edtico de la Comisi\u00f3n Europea. Este informe, dirigido al Tribunal de Justicia de la Uni\u00f3n Europea (TJUE) y no al p\u00fablico general ni al Gobierno espa\u00f1ol, se enmarca en la cuesti\u00f3n prejudicial planteada por el Tribunal de Cuentas sobre la legalidad de la ley frente al derecho comunitario. Un informe cr\u00edtico que tensiona el tablero institucional La Comisi\u00f3n Europea sostiene que la ley \u201cparece ser una autoamnist\u00eda\u201d, al haber sido negociada y aprobada con la participaci\u00f3n directa de quienes se beneficiar\u00edan de ella. A juicio de Bruselas, la norma no responde a un \u201cobjetivo de inter\u00e9s general reconocido\u201d por la Uni\u00f3n Europea, desmontando as\u00ed el argumento principal del Ejecutivo espa\u00f1ol, que la defend\u00eda como una v\u00eda para la distensi\u00f3n social y pol\u00edtica en Catalu\u00f1a. M\u00e1s a\u00fan, el informe lanza una acusaci\u00f3n de mayor gravedad: que la ley vulnera el principio del Estado de derecho, al permitir que el poder pol\u00edtico garantice la impunidad de sus socios parlamentarios a cambio de apoyo para la investidura. Esta afirmaci\u00f3n representa un duro golpe para el relato gubernamental y refuerza las posiciones cr\u00edticas tanto en el \u00e1mbito judicial como pol\u00edtico. Una excepci\u00f3n favorable: sin impacto en fondos europeos No obstante, la Comisi\u00f3n Europea aclara que la ley no afecta los intereses econ\u00f3micos de la Uni\u00f3n, al no encontrarse un v\u00ednculo directo entre las acciones del &#8216;proc\u00e9s&#8217; y el uso de fondos europeos. Este \u00fanico punto coincide con la narrativa oficial defendida por el Gobierno y la ministra portavoz Pilar Alegr\u00eda, quien subraya este aspecto favorable en su comunicaci\u00f3n p\u00fablica. Medios polarizados y versiones opuestas La cobertura medi\u00e1tica del informe refleja, una vez m\u00e1s, la polarizaci\u00f3n del debate nacional. Mientras medios afines al Gobierno, como La Vanguardia y El Pa\u00eds, priorizan la ausencia de impacto econ\u00f3mico y restan peso a las cr\u00edticas jur\u00eddicas, otros diarios como El Mundo, ABC, La Raz\u00f3n o El Confidencial destacan las advertencias m\u00e1s severas de Bruselas. El Espa\u00f1ol, por su parte, ha publicado que la Comisi\u00f3n Europea \u201cdefender\u00e1 ante el TJUE su informe contrario a la ley de amnist\u00eda de S\u00e1nchez\u201d, mientras que Cadena SER reconoce tanto la ausencia de perjuicio econ\u00f3mico como las objeciones al \u201cinter\u00e9s general\u201d esgrimido por el Gobierno. Tiempos judiciales y silencios inc\u00f3modos El dictamen filtrado de la Comisi\u00f3n llega antes de que el Tribunal Constitucional espa\u00f1ol, presidido por C\u00e1ndido Conde-Pumpido, emita su sentencia definitiva. La falta de recusaci\u00f3n del presidente, a pesar de su vinculaci\u00f3n pol\u00edtica previa, ha generado tensiones sobre la neutralidad de la Corte. A esto se suma la controversia por el borrador previo de sentencia, que mostraba reparos \u00fanicamente marginales hacia la ley. Este cruce de tiempos entre Europa y Espa\u00f1a pone al alto tribunal en una situaci\u00f3n comprometida: \u00bfc\u00f3mo armonizar un posible respaldo constitucional con una cr\u00edtica expl\u00edcita de Bruselas? Una anomal\u00eda democr\u00e1tica bajo escrutinio europeo Para muchos observadores, si esta situaci\u00f3n se produjera en pa\u00edses como Hungr\u00eda o Polonia, ya habr\u00eda motivado expedientes sancionadores por parte de la UE. La diferencia, apuntan algunos analistas, es que en esta ocasi\u00f3n las objeciones al Estado de derecho no provienen de gobiernos de extrema derecha, sino de una administraci\u00f3n socialdem\u00f3crata, lo que expone una aparente doble vara de medir dentro del bloque comunitario. A la espera de la vista del TJUE prevista para el 15 de julio, la Ley de Amnist\u00eda contin\u00faa siendo m\u00e1s que un instrumento legal: es un s\u00edmbolo de la actual lucha por el poder en Espa\u00f1a, de la fragilidad institucional en tiempos de alta polarizaci\u00f3n y del complejo equilibrio entre soberan\u00eda nacional y normas europeas.<\/p>\n","protected":false},"author":77,"featured_media":89319,"comment_status":"open","ping_status":"open","sticky":false,"template":"","format":"standard","meta":{"_FSMCFIC_featured_image_caption":"","_FSMCFIC_featured_image_nocaption":"","_FSMCFIC_featured_image_hide":"","footnotes":""},"categories":[806],"tags":[5055],"class_list":["post-89317","post","type-post","status-publish","format-standard","has-post-thumbnail","hentry","category-punts-claus-del-dia-es","tag-amnistia-es"],"yoast_head":"<!-- This site is optimized with the Yoast SEO plugin v26.8 - https:\/\/yoast.com\/product\/yoast-seo-wordpress\/ -->\n<title>Ley de Amnist\u00eda espa\u00f1ola: las cr\u00edticas de la Comisi\u00f3n Europea<\/title>\n<meta name=\"description\" content=\"La Comisi\u00f3n Europea cuestiona la Ley de Amnist\u00eda espa\u00f1ola por falta de inter\u00e9s general y posible vulneraci\u00f3n del Estado de derecho.\" \/>\n<meta name=\"robots\" content=\"index, follow, max-snippet:-1, max-image-preview:large, max-video-preview:-1\" \/>\n<link rel=\"canonical\" href=\"https:\/\/conversesacatalunya.cat\/es\/entre-europa-y-la-moncloa-bruselas-cuestiona-la-amnistia-espanola\/\" \/>\n<meta property=\"og:locale\" content=\"es_ES\" \/>\n<meta property=\"og:type\" content=\"article\" \/>\n<meta property=\"og:title\" content=\"Ley de Amnist\u00eda espa\u00f1ola: las cr\u00edticas de la Comisi\u00f3n Europea\" \/>\n<meta property=\"og:description\" content=\"La Comisi\u00f3n Europea cuestiona la Ley de Amnist\u00eda espa\u00f1ola por falta de inter\u00e9s general y posible vulneraci\u00f3n del Estado de derecho.\" \/>\n<meta property=\"og:url\" content=\"https:\/\/conversesacatalunya.cat\/es\/entre-europa-y-la-moncloa-bruselas-cuestiona-la-amnistia-espanola\/\" \/>\n<meta property=\"og:site_name\" content=\"Converses a Catalunya\" \/>\n<meta property=\"article:published_time\" content=\"2025-06-11T10:49:47+00:00\" \/>\n<meta property=\"article:modified_time\" content=\"2025-06-11T11:06:47+00:00\" \/>\n<meta property=\"og:image\" content=\"https:\/\/conversesacatalunya.cat\/wp-content\/uploads\/2025\/06\/Imagen1-1.jpg\" \/>\n\t<meta property=\"og:image:width\" content=\"266\" \/>\n\t<meta property=\"og:image:height\" content=\"266\" \/>\n\t<meta property=\"og:image:type\" content=\"image\/jpeg\" \/>\n<meta name=\"author\" content=\"Enric Casanovas\" \/>\n<meta name=\"twitter:card\" content=\"summary_large_image\" \/>\n<meta name=\"twitter:label1\" content=\"Escrito por\" \/>\n\t<meta name=\"twitter:data1\" content=\"Enric Casanovas\" \/>\n\t<meta name=\"twitter:label2\" content=\"Tiempo de lectura\" \/>\n\t<meta name=\"twitter:data2\" content=\"4 minutos\" \/>\n<script type=\"application\/ld+json\" class=\"yoast-schema-graph\">{\"@context\":\"https:\/\/schema.org\",\"@graph\":[{\"@type\":\"Article\",\"@id\":\"https:\/\/conversesacatalunya.cat\/es\/entre-europa-y-la-moncloa-bruselas-cuestiona-la-amnistia-espanola\/#article\",\"isPartOf\":{\"@id\":\"https:\/\/conversesacatalunya.cat\/es\/entre-europa-y-la-moncloa-bruselas-cuestiona-la-amnistia-espanola\/\"},\"author\":{\"name\":\"Enric Casanovas\",\"@id\":\"https:\/\/conversesacatalunya.cat\/#\/schema\/person\/79bd0577b2f3afc8d6519d207c6e8609\"},\"headline\":\"Entre Europa y la Moncloa: Bruselas cuestiona la amnist\u00eda espa\u00f1ola\",\"datePublished\":\"2025-06-11T10:49:47+00:00\",\"dateModified\":\"2025-06-11T11:06:47+00:00\",\"mainEntityOfPage\":{\"@id\":\"https:\/\/conversesacatalunya.cat\/es\/entre-europa-y-la-moncloa-bruselas-cuestiona-la-amnistia-espanola\/\"},\"wordCount\":803,\"commentCount\":0,\"image\":{\"@id\":\"https:\/\/conversesacatalunya.cat\/es\/entre-europa-y-la-moncloa-bruselas-cuestiona-la-amnistia-espanola\/#primaryimage\"},\"thumbnailUrl\":\"https:\/\/conversesacatalunya.cat\/wp-content\/uploads\/2025\/06\/Imagen1-1.jpg\",\"keywords\":[\"amnistia\"],\"articleSection\":[\"Punts clau del dia (ES)\"],\"inLanguage\":\"es\",\"potentialAction\":[{\"@type\":\"CommentAction\",\"name\":\"Comment\",\"target\":[\"https:\/\/conversesacatalunya.cat\/es\/entre-europa-y-la-moncloa-bruselas-cuestiona-la-amnistia-espanola\/#respond\"]}]},{\"@type\":\"WebPage\",\"@id\":\"https:\/\/conversesacatalunya.cat\/es\/entre-europa-y-la-moncloa-bruselas-cuestiona-la-amnistia-espanola\/\",\"url\":\"https:\/\/conversesacatalunya.cat\/es\/entre-europa-y-la-moncloa-bruselas-cuestiona-la-amnistia-espanola\/\",\"name\":\"Ley de Amnist\u00eda espa\u00f1ola: las cr\u00edticas de la Comisi\u00f3n Europea\",\"isPartOf\":{\"@id\":\"https:\/\/conversesacatalunya.cat\/#website\"},\"primaryImageOfPage\":{\"@id\":\"https:\/\/conversesacatalunya.cat\/es\/entre-europa-y-la-moncloa-bruselas-cuestiona-la-amnistia-espanola\/#primaryimage\"},\"image\":{\"@id\":\"https:\/\/conversesacatalunya.cat\/es\/entre-europa-y-la-moncloa-bruselas-cuestiona-la-amnistia-espanola\/#primaryimage\"},\"thumbnailUrl\":\"https:\/\/conversesacatalunya.cat\/wp-content\/uploads\/2025\/06\/Imagen1-1.jpg\",\"datePublished\":\"2025-06-11T10:49:47+00:00\",\"dateModified\":\"2025-06-11T11:06:47+00:00\",\"author\":{\"@id\":\"https:\/\/conversesacatalunya.cat\/#\/schema\/person\/79bd0577b2f3afc8d6519d207c6e8609\"},\"description\":\"La Comisi\u00f3n Europea cuestiona la Ley de Amnist\u00eda espa\u00f1ola por falta de inter\u00e9s general y posible vulneraci\u00f3n del Estado de derecho.\",\"breadcrumb\":{\"@id\":\"https:\/\/conversesacatalunya.cat\/es\/entre-europa-y-la-moncloa-bruselas-cuestiona-la-amnistia-espanola\/#breadcrumb\"},\"inLanguage\":\"es\",\"potentialAction\":[{\"@type\":\"ReadAction\",\"target\":[\"https:\/\/conversesacatalunya.cat\/es\/entre-europa-y-la-moncloa-bruselas-cuestiona-la-amnistia-espanola\/\"]}]},{\"@type\":\"ImageObject\",\"inLanguage\":\"es\",\"@id\":\"https:\/\/conversesacatalunya.cat\/es\/entre-europa-y-la-moncloa-bruselas-cuestiona-la-amnistia-espanola\/#primaryimage\",\"url\":\"https:\/\/conversesacatalunya.cat\/wp-content\/uploads\/2025\/06\/Imagen1-1.jpg\",\"contentUrl\":\"https:\/\/conversesacatalunya.cat\/wp-content\/uploads\/2025\/06\/Imagen1-1.jpg\",\"width\":266,\"height\":266,\"caption\":\"amnist\u00eda espa\u00f1ola comisi\u00f3n Europea\"},{\"@type\":\"BreadcrumbList\",\"@id\":\"https:\/\/conversesacatalunya.cat\/es\/entre-europa-y-la-moncloa-bruselas-cuestiona-la-amnistia-espanola\/#breadcrumb\",\"itemListElement\":[{\"@type\":\"ListItem\",\"position\":1,\"name\":\"Inici\",\"item\":\"https:\/\/conversesacatalunya.cat\/es\/\"},{\"@type\":\"ListItem\",\"position\":2,\"name\":\"Entre Europa y la Moncloa: Bruselas cuestiona la amnist\u00eda espa\u00f1ola\"}]},{\"@type\":\"WebSite\",\"@id\":\"https:\/\/conversesacatalunya.cat\/#website\",\"url\":\"https:\/\/conversesacatalunya.cat\/\",\"name\":\"Converses a Catalunya\",\"description\":\"\",\"potentialAction\":[{\"@type\":\"SearchAction\",\"target\":{\"@type\":\"EntryPoint\",\"urlTemplate\":\"https:\/\/conversesacatalunya.cat\/?s={search_term_string}\"},\"query-input\":{\"@type\":\"PropertyValueSpecification\",\"valueRequired\":true,\"valueName\":\"search_term_string\"}}],\"inLanguage\":\"es\"},{\"@type\":\"Person\",\"@id\":\"https:\/\/conversesacatalunya.cat\/#\/schema\/person\/79bd0577b2f3afc8d6519d207c6e8609\",\"name\":\"Enric Casanovas\",\"image\":{\"@type\":\"ImageObject\",\"inLanguage\":\"es\",\"@id\":\"https:\/\/conversesacatalunya.cat\/#\/schema\/person\/image\/\",\"url\":\"https:\/\/conversesacatalunya.cat\/wp-content\/litespeed\/avatar\/7ae4379ad4421ec77820e92afd36dd78.jpg?ver=1777373933\",\"contentUrl\":\"https:\/\/conversesacatalunya.cat\/wp-content\/litespeed\/avatar\/7ae4379ad4421ec77820e92afd36dd78.jpg?ver=1777373933\",\"caption\":\"Enric Casanovas\"},\"url\":\"https:\/\/conversesacatalunya.cat\/es\/author\/enric-casanovas\/\"}]}<\/script>\n<!-- \/ Yoast SEO plugin. -->","yoast_head_json":{"title":"Ley de Amnist\u00eda espa\u00f1ola: las cr\u00edticas de la Comisi\u00f3n Europea","description":"La Comisi\u00f3n Europea cuestiona la Ley de Amnist\u00eda espa\u00f1ola por falta de inter\u00e9s general y posible vulneraci\u00f3n del Estado de derecho.","robots":{"index":"index","follow":"follow","max-snippet":"max-snippet:-1","max-image-preview":"max-image-preview:large","max-video-preview":"max-video-preview:-1"},"canonical":"https:\/\/conversesacatalunya.cat\/es\/entre-europa-y-la-moncloa-bruselas-cuestiona-la-amnistia-espanola\/","og_locale":"es_ES","og_type":"article","og_title":"Ley de Amnist\u00eda espa\u00f1ola: las cr\u00edticas de la Comisi\u00f3n Europea","og_description":"La Comisi\u00f3n Europea cuestiona la Ley de Amnist\u00eda espa\u00f1ola por falta de inter\u00e9s general y posible vulneraci\u00f3n del Estado de derecho.","og_url":"https:\/\/conversesacatalunya.cat\/es\/entre-europa-y-la-moncloa-bruselas-cuestiona-la-amnistia-espanola\/","og_site_name":"Converses a Catalunya","article_published_time":"2025-06-11T10:49:47+00:00","article_modified_time":"2025-06-11T11:06:47+00:00","og_image":[{"width":266,"height":266,"url":"https:\/\/conversesacatalunya.cat\/wp-content\/uploads\/2025\/06\/Imagen1-1.jpg","type":"image\/jpeg"}],"author":"Enric Casanovas","twitter_card":"summary_large_image","twitter_misc":{"Escrito por":"Enric Casanovas","Tiempo de lectura":"4 minutos"},"schema":{"@context":"https:\/\/schema.org","@graph":[{"@type":"Article","@id":"https:\/\/conversesacatalunya.cat\/es\/entre-europa-y-la-moncloa-bruselas-cuestiona-la-amnistia-espanola\/#article","isPartOf":{"@id":"https:\/\/conversesacatalunya.cat\/es\/entre-europa-y-la-moncloa-bruselas-cuestiona-la-amnistia-espanola\/"},"author":{"name":"Enric Casanovas","@id":"https:\/\/conversesacatalunya.cat\/#\/schema\/person\/79bd0577b2f3afc8d6519d207c6e8609"},"headline":"Entre Europa y la Moncloa: Bruselas cuestiona la amnist\u00eda espa\u00f1ola","datePublished":"2025-06-11T10:49:47+00:00","dateModified":"2025-06-11T11:06:47+00:00","mainEntityOfPage":{"@id":"https:\/\/conversesacatalunya.cat\/es\/entre-europa-y-la-moncloa-bruselas-cuestiona-la-amnistia-espanola\/"},"wordCount":803,"commentCount":0,"image":{"@id":"https:\/\/conversesacatalunya.cat\/es\/entre-europa-y-la-moncloa-bruselas-cuestiona-la-amnistia-espanola\/#primaryimage"},"thumbnailUrl":"https:\/\/conversesacatalunya.cat\/wp-content\/uploads\/2025\/06\/Imagen1-1.jpg","keywords":["amnistia"],"articleSection":["Punts clau del dia (ES)"],"inLanguage":"es","potentialAction":[{"@type":"CommentAction","name":"Comment","target":["https:\/\/conversesacatalunya.cat\/es\/entre-europa-y-la-moncloa-bruselas-cuestiona-la-amnistia-espanola\/#respond"]}]},{"@type":"WebPage","@id":"https:\/\/conversesacatalunya.cat\/es\/entre-europa-y-la-moncloa-bruselas-cuestiona-la-amnistia-espanola\/","url":"https:\/\/conversesacatalunya.cat\/es\/entre-europa-y-la-moncloa-bruselas-cuestiona-la-amnistia-espanola\/","name":"Ley de Amnist\u00eda espa\u00f1ola: las cr\u00edticas de la Comisi\u00f3n Europea","isPartOf":{"@id":"https:\/\/conversesacatalunya.cat\/#website"},"primaryImageOfPage":{"@id":"https:\/\/conversesacatalunya.cat\/es\/entre-europa-y-la-moncloa-bruselas-cuestiona-la-amnistia-espanola\/#primaryimage"},"image":{"@id":"https:\/\/conversesacatalunya.cat\/es\/entre-europa-y-la-moncloa-bruselas-cuestiona-la-amnistia-espanola\/#primaryimage"},"thumbnailUrl":"https:\/\/conversesacatalunya.cat\/wp-content\/uploads\/2025\/06\/Imagen1-1.jpg","datePublished":"2025-06-11T10:49:47+00:00","dateModified":"2025-06-11T11:06:47+00:00","author":{"@id":"https:\/\/conversesacatalunya.cat\/#\/schema\/person\/79bd0577b2f3afc8d6519d207c6e8609"},"description":"La Comisi\u00f3n Europea cuestiona la Ley de Amnist\u00eda espa\u00f1ola por falta de inter\u00e9s general y posible vulneraci\u00f3n del Estado de derecho.","breadcrumb":{"@id":"https:\/\/conversesacatalunya.cat\/es\/entre-europa-y-la-moncloa-bruselas-cuestiona-la-amnistia-espanola\/#breadcrumb"},"inLanguage":"es","potentialAction":[{"@type":"ReadAction","target":["https:\/\/conversesacatalunya.cat\/es\/entre-europa-y-la-moncloa-bruselas-cuestiona-la-amnistia-espanola\/"]}]},{"@type":"ImageObject","inLanguage":"es","@id":"https:\/\/conversesacatalunya.cat\/es\/entre-europa-y-la-moncloa-bruselas-cuestiona-la-amnistia-espanola\/#primaryimage","url":"https:\/\/conversesacatalunya.cat\/wp-content\/uploads\/2025\/06\/Imagen1-1.jpg","contentUrl":"https:\/\/conversesacatalunya.cat\/wp-content\/uploads\/2025\/06\/Imagen1-1.jpg","width":266,"height":266,"caption":"amnist\u00eda espa\u00f1ola comisi\u00f3n Europea"},{"@type":"BreadcrumbList","@id":"https:\/\/conversesacatalunya.cat\/es\/entre-europa-y-la-moncloa-bruselas-cuestiona-la-amnistia-espanola\/#breadcrumb","itemListElement":[{"@type":"ListItem","position":1,"name":"Inici","item":"https:\/\/conversesacatalunya.cat\/es\/"},{"@type":"ListItem","position":2,"name":"Entre Europa y la Moncloa: Bruselas cuestiona la amnist\u00eda espa\u00f1ola"}]},{"@type":"WebSite","@id":"https:\/\/conversesacatalunya.cat\/#website","url":"https:\/\/conversesacatalunya.cat\/","name":"Converses a Catalunya","description":"","potentialAction":[{"@type":"SearchAction","target":{"@type":"EntryPoint","urlTemplate":"https:\/\/conversesacatalunya.cat\/?s={search_term_string}"},"query-input":{"@type":"PropertyValueSpecification","valueRequired":true,"valueName":"search_term_string"}}],"inLanguage":"es"},{"@type":"Person","@id":"https:\/\/conversesacatalunya.cat\/#\/schema\/person\/79bd0577b2f3afc8d6519d207c6e8609","name":"Enric Casanovas","image":{"@type":"ImageObject","inLanguage":"es","@id":"https:\/\/conversesacatalunya.cat\/#\/schema\/person\/image\/","url":"https:\/\/conversesacatalunya.cat\/wp-content\/litespeed\/avatar\/7ae4379ad4421ec77820e92afd36dd78.jpg?ver=1777373933","contentUrl":"https:\/\/conversesacatalunya.cat\/wp-content\/litespeed\/avatar\/7ae4379ad4421ec77820e92afd36dd78.jpg?ver=1777373933","caption":"Enric Casanovas"},"url":"https:\/\/conversesacatalunya.cat\/es\/author\/enric-casanovas\/"}]}},"wps_subtitle":"","_links":{"self":[{"href":"https:\/\/conversesacatalunya.cat\/es\/wp-json\/wp\/v2\/posts\/89317","targetHints":{"allow":["GET"]}}],"collection":[{"href":"https:\/\/conversesacatalunya.cat\/es\/wp-json\/wp\/v2\/posts"}],"about":[{"href":"https:\/\/conversesacatalunya.cat\/es\/wp-json\/wp\/v2\/types\/post"}],"author":[{"embeddable":true,"href":"https:\/\/conversesacatalunya.cat\/es\/wp-json\/wp\/v2\/users\/77"}],"replies":[{"embeddable":true,"href":"https:\/\/conversesacatalunya.cat\/es\/wp-json\/wp\/v2\/comments?post=89317"}],"version-history":[{"count":5,"href":"https:\/\/conversesacatalunya.cat\/es\/wp-json\/wp\/v2\/posts\/89317\/revisions"}],"predecessor-version":[{"id":89342,"href":"https:\/\/conversesacatalunya.cat\/es\/wp-json\/wp\/v2\/posts\/89317\/revisions\/89342"}],"wp:featuredmedia":[{"embeddable":true,"href":"https:\/\/conversesacatalunya.cat\/es\/wp-json\/wp\/v2\/media\/89319"}],"wp:attachment":[{"href":"https:\/\/conversesacatalunya.cat\/es\/wp-json\/wp\/v2\/media?parent=89317"}],"wp:term":[{"taxonomy":"category","embeddable":true,"href":"https:\/\/conversesacatalunya.cat\/es\/wp-json\/wp\/v2\/categories?post=89317"},{"taxonomy":"post_tag","embeddable":true,"href":"https:\/\/conversesacatalunya.cat\/es\/wp-json\/wp\/v2\/tags?post=89317"}],"curies":[{"name":"wp","href":"https:\/\/api.w.org\/{rel}","templated":true}]}}