{"id":89254,"date":"2025-06-10T10:46:53","date_gmt":"2025-06-10T08:46:53","guid":{"rendered":"https:\/\/conversesacatalunya.cat\/?p=89254"},"modified":"2025-06-10T13:11:42","modified_gmt":"2025-06-10T11:11:42","slug":"trump-vs-musk-derecha-antiwoke","status":"publish","type":"post","link":"https:\/\/conversesacatalunya.cat\/es\/trump-vs-musk-derecha-antiwoke\/","title":{"rendered":"Trump vs. Musk: dos visiones distintas de la derecha antiwoke"},"content":{"rendered":"<p><span>La exuberante disputa entre el presidente de Estados Unidos Donald Trump y su exconsejero y socio Elon Musk tiene un fondo que resulta mucho m\u00e1s interesante y revelador que las desgraciadas formas.<\/span><\/p>\n<p><span><span class=\"VIpgJd-yAWNEb-VIpgJd-fmcmS-sn54Q\">Muchos analistas ya hab\u00edan comentado que la alianza entre Trump y Musk era, como tantas veces sucede en la pol\u00edtica, un\u00a0<\/span><\/span><strong><span><span class=\"VIpgJd-yAWNEb-VIpgJd-fmcmS-sn54Q\">matrimonio de conveniencia<\/span><\/span><\/strong><span><span class=\"VIpgJd-yAWNEb-VIpgJd-fmcmS-sn54Q\">.<\/span><\/span><\/p>\n<p><span>Pero hay que a\u00f1adir que tanto Trump como Musk s\u00ed comparten en parte una ideolog\u00eda: ambos se han caracterizado por una cr\u00edtica feroz al progresismo de la discriminaci\u00f3n positiva, convertido en el\u00a0<\/span><strong><span>movimiento\u00a0<\/span><em><span>woke<\/span><\/em><\/strong><span>.<\/span><\/p>\n<p><span>Ambos\u00a0<\/span><strong><span>rechazan tambi\u00e9n la primac\u00eda del estado sobre la sociedad civil<\/span><\/strong><span>,\u00a0y anteponen a los actores privados, como familias y evidentemente, empresas. Al menos en este sentido, podr\u00eda considerarse que Trump y Musk defienden una base com\u00fan.<\/span><\/p>\n<p><span>Sin embargo, y pese a su propia experiencia vital,\u00a0<\/span><strong><span>Trump favorece los v\u00ednculos sociales tradicionales<\/span><\/strong><span>,\u00a0como la familia, la comunidad religiosa, la naci\u00f3n, etc. como fundamento de la sociedad (v\u00e9ase el\u00a0<\/span><a href=\"https:\/\/conversesacatalunya.cat\/es\/jd-vance-conservadores-estados-unidos-2\/\" target=\"_blank\" rel=\"noopener\"><strong>libro<\/strong><\/a><span><strong>\u00a0<\/strong>que propuls\u00f3 a la vicepresidencia JD Vance,\u00a0<\/span><em><span>Hillbilly, una eleg\u00eda rural<\/span><\/em><span>).\u00a0<\/span><strong><span>Trump es conservador<\/span><\/strong><span>.<\/span><\/p>\n<p><span>En cambio, Elon Musk est\u00e1 impregnado de un individualismo t\u00edpico de los magnates de Silicon Valley y que tiende a analizarlo todo en funci\u00f3n de costes y beneficios individuales. En este sentido,\u00a0<\/span><strong><span>Musk es progresista<\/span><\/strong><span>\u00a0como \u00e9l mismo reconoc\u00eda en uno de sus\u00a0<\/span><strong><a href=\"https:\/\/x.com\/elonmusk\/status\/1519735033950470144\" target=\"_blank\" rel=\"noopener\">tuits<\/a><\/strong><span>\u00a0m\u00e1s conocidos.<\/span><\/p>\n<p><span>Lo que ha sucedido, exactamente como su tuit explicaba gr\u00e1ficamente, es que\u00a0<\/span><strong><span>en el mundo\u00a0<\/span><em><span>woke<\/span><\/em><span>,\u00a0su utilitarismo descarnado ha acabado pasando por carca.<\/span><\/strong><\/p>\n<p><span>Por ejemplo, Musk ha insistido repetidamente en el\u00a0<\/span><strong><span>fomento de la natalidad<\/span><\/strong><span>.\u00a0Pero contrariamente a los conservadores, su defensa nada tiene que ver con el valor de la familia tradicional, sino con el imperativo de disponer de m\u00e1s y mejor capital humano para seguir innovando.<\/span><\/p>\n<p><span>En un contexto norteamericano donde en 2021-2022 las principales instituciones de poder, tanto p\u00fablicas como privadas, estaban corrompidas por el movimiento\u00a0<\/span><em><span>woke<\/span><\/em><span>,\u00a0ten\u00eda mucho sentido que los dos hombres se aliaran. Pero una vez conseguida la victoria, y en el momento de hacer pol\u00edtica de verdad, los desacuerdos se han convertido enseguida demasiado grandes.<\/span><\/p>\n<p><span><span class=\"VIpgJd-yAWNEb-VIpgJd-fmcmS-sn54Q\">Por ejemplo, Trump se centra en proteger el acceso al mercado de trabajo a los ciudadanos estadounidenses.\u00a0<\/span><\/span><strong><span><span class=\"VIpgJd-yAWNEb-VIpgJd-fmcmS-sn54Q\">Restringir la inmigraci\u00f3n<\/span><\/span><\/strong><span><span class=\"VIpgJd-yAWNEb-VIpgJd-fmcmS-sn54Q\">\u00a0es una herramienta de cohesi\u00f3n social y una forma de incrementar los salarios, como ya<strong>\u00a0<\/strong><\/span><\/span><a href=\"https:\/\/conversesacatalunya.cat\/es\/los-primeros-dias-de-biden-demuestran-que-el-partido-democrata-ya-no-es-el-de-los-trabajadores\/\" target=\"_blank\" rel=\"noopener\"><strong><span class=\"VIpgJd-yAWNEb-VIpgJd-fmcmS-sn54Q\">logr\u00f3<\/span><\/strong><\/a><span><span class=\"VIpgJd-yAWNEb-VIpgJd-fmcmS-sn54Q\"><strong>\u00a0<\/strong>de hecho durante su primer mandato.<\/span><\/span><\/p>\n<p><span>En cambio, Musk, \u00e9l mismo venido de \u00c1frica del Sur, entiende la\u00a0<\/span><strong><span>inmigraci\u00f3n como una herramienta para atraer<\/span><\/strong><span>\u00a0escaso talento al pa\u00eds. Pero que los progresistas no se exciten, la posici\u00f3n de Musk hacia la inmigraci\u00f3n masiva y escasamente cualificada es mucho menos favorable, como ha demostrado repetidamente apoyando a los candidatos m\u00e1s antiinmigraci\u00f3n en Europa.<\/span><\/p>\n<p><span><span class=\"VIpgJd-yAWNEb-VIpgJd-fmcmS-sn54Q\">La chispa que ha hecho estallar la relaci\u00f3n entre los dos hombres ha sido otro \u00e1mbito en el que sus visiones resultan dif\u00edcilmente reconciliables. Para Trump, la\u00a0<\/span><\/span><strong><span><span class=\"VIpgJd-yAWNEb-VIpgJd-fmcmS-sn54Q\">monumental deuda p\u00fablica de Estados Unidos<\/span><\/span><\/strong><span><span class=\"VIpgJd-yAWNEb-VIpgJd-fmcmS-sn54Q\">\u00a0no es un problema de por s\u00ed siempre que un crecimiento econ\u00f3mico din\u00e1mico pueda seguir financi\u00e1ndola. Reducirlo por la v\u00eda del hacha no es una opci\u00f3n debido a los costes electorales que implica (de hecho, Trump increment\u00f3 notablemente el gasto durante su primer mandato).<\/span><\/span><\/p>\n<p><span><span class=\"VIpgJd-yAWNEb-VIpgJd-fmcmS-sn54Q\">Para Musk, en cambio,\u00a0<\/span><\/span><strong><span><span class=\"VIpgJd-yAWNEb-VIpgJd-fmcmS-sn54Q\">acumular un mont\u00f3n de deuda que no para de crecer es inconcebible. <\/span><\/span><\/strong><span><span class=\"VIpgJd-yAWNEb-VIpgJd-fmcmS-sn54Q\">La ley fiscal que Trump busca aprobar y que tendr\u00e1 un impacto negativo en la recaudaci\u00f3n resulta incomprensible, hasta el punto de haber desatado los adjetivos m\u00e1s duros en los tuits de ataque de Musk.<\/span><\/span><\/p>\n<span class='bctt-click-to-tweet'><span class='bctt-ctt-text'><a href='https:\/\/twitter.com\/intent\/tweet?url=https%3A%2F%2Fconversesacatalunya.cat%2Fes%2Ftrump-vs-musk-derecha-antiwoke%2F&#038;text=Tanto%20Trump%20como%20Musk%20comparten%20una%20cr%C3%ADtica%20feroz%20al%20progresismo%20de%20la%20discriminaci%C3%B3n%20positiva%2C%20convertido%20en%20el%20movimiento%20woke.&#038;via=conversesacat&#038;related=conversesacat' target='_blank'rel=\"noopener noreferrer\">Tanto Trump como Musk comparten una cr\u00edtica feroz al progresismo de la discriminaci\u00f3n positiva, convertido en el movimiento woke. <\/a><\/span><a href='https:\/\/twitter.com\/intent\/tweet?url=https%3A%2F%2Fconversesacatalunya.cat%2Fes%2Ftrump-vs-musk-derecha-antiwoke%2F&#038;text=Tanto%20Trump%20como%20Musk%20comparten%20una%20cr%C3%ADtica%20feroz%20al%20progresismo%20de%20la%20discriminaci%C3%B3n%20positiva%2C%20convertido%20en%20el%20movimiento%20woke.&#038;via=conversesacat&#038;related=conversesacat' target='_blank' class='bctt-ctt-btn'rel=\"noopener noreferrer\">Compartir en X<\/a><\/span>\n<div id=\"polls-287\" class=\"wp-polls\">\n\t<form id=\"polls_form_287\" class=\"wp-polls-form\" action=\"\/index.php\" method=\"post\">\n\t\t<p style=\"display: none;\"><input type=\"hidden\" id=\"poll_287_nonce\" name=\"wp-polls-nonce\" value=\"657c54c23d\" \/><\/p>\n\t\t<p style=\"display: none;\"><input type=\"hidden\" name=\"poll_id\" value=\"287\" \/><\/p>\n\t\t<p style=\"text-align: center\"><strong>Creus que la forma de fer pol\u00edtica de S\u00e1nchez est\u00e0 deteriorant les institucions de l'Estat i el funcionament de la democr\u00e0cia?<\/strong><\/p><div id=\"polls-287-ans\" class=\"wp-polls-ans\"><ul class=\"wp-polls-ul\">\n\t\t<li><input type=\"radio\" id=\"poll-answer-818\" name=\"poll_287\" value=\"818\" \/> <label for=\"poll-answer-818\">S\u00ed<\/label><\/li>\n\t\t<li><input type=\"radio\" id=\"poll-answer-819\" name=\"poll_287\" value=\"819\" \/> <label for=\"poll-answer-819\">No<\/label><\/li>\n\t\t<li><input type=\"radio\" id=\"poll-answer-820\" name=\"poll_287\" value=\"820\" \/> <label for=\"poll-answer-820\">No ho s\u00e9<\/label><\/li>\n\t\t<\/ul><p style=\"text-align: center\"><input type=\"button\" name=\"vote\" value=\"   Vota   \" class=\"Buttons\" onclick=\"poll_vote(287);\" \/><\/p><p style=\"text-align: center\"><a href=\"#ViewPollResults\" onclick=\"poll_result(287); return false;\" title=\"View Results Of This Poll\">Mira els resultats<\/a><\/p><\/div>\n\t<\/form>\n<\/div>\n<div id=\"polls-287-loading\" class=\"wp-polls-loading\"><img decoding=\"async\" data-src=\"https:\/\/conversesacatalunya.cat\/wp-content\/plugins\/wp-polls\/images\/loading.gif\" width=\"16\" height=\"16\" alt=\"Cargando ...\" title=\"Cargando ...\" class=\"wp-polls-image lazyload\" src=\"data:image\/svg+xml;base64,PHN2ZyB3aWR0aD0iMSIgaGVpZ2h0PSIxIiB4bWxucz0iaHR0cDovL3d3dy53My5vcmcvMjAwMC9zdmciPjwvc3ZnPg==\" style=\"--smush-placeholder-width: 16px; --smush-placeholder-aspect-ratio: 16\/16;\" \/>&nbsp;Cargando ...<\/div>\n\n","protected":false},"excerpt":{"rendered":"<p>La exuberante disputa entre el presidente de Estados Unidos Donald Trump y su exconsejero y socio Elon Musk tiene un fondo que resulta mucho m\u00e1s interesante y revelador que las desgraciadas formas. Muchos analistas ya hab\u00edan comentado que la alianza entre Trump y Musk era, como tantas veces sucede en la pol\u00edtica, un\u00a0matrimonio de conveniencia. Pero hay que a\u00f1adir que tanto Trump como Musk s\u00ed comparten en parte una ideolog\u00eda: ambos se han caracterizado por una cr\u00edtica feroz al progresismo de la discriminaci\u00f3n positiva, convertido en el\u00a0movimiento\u00a0woke. Ambos\u00a0rechazan tambi\u00e9n la primac\u00eda del estado sobre la sociedad civil,\u00a0y anteponen a los actores privados, como familias y evidentemente, empresas. Al menos en este sentido, podr\u00eda considerarse que Trump y Musk defienden una base com\u00fan. Sin embargo, y pese a su propia experiencia vital,\u00a0Trump favorece los v\u00ednculos sociales tradicionales,\u00a0como la familia, la comunidad religiosa, la naci\u00f3n, etc. como fundamento de la sociedad (v\u00e9ase el\u00a0libro\u00a0que propuls\u00f3 a la vicepresidencia JD Vance,\u00a0Hillbilly, una eleg\u00eda rural).\u00a0Trump es conservador. En cambio, Elon Musk est\u00e1 impregnado de un individualismo t\u00edpico de los magnates de Silicon Valley y que tiende a analizarlo todo en funci\u00f3n de costes y beneficios individuales. En este sentido,\u00a0Musk es progresista\u00a0como \u00e9l mismo reconoc\u00eda en uno de sus\u00a0tuits\u00a0m\u00e1s conocidos. Lo que ha sucedido, exactamente como su tuit explicaba gr\u00e1ficamente, es que\u00a0en el mundo\u00a0woke,\u00a0su utilitarismo descarnado ha acabado pasando por carca. Por ejemplo, Musk ha insistido repetidamente en el\u00a0fomento de la natalidad.\u00a0Pero contrariamente a los conservadores, su defensa nada tiene que ver con el valor de la familia tradicional, sino con el imperativo de disponer de m\u00e1s y mejor capital humano para seguir innovando. En un contexto norteamericano donde en 2021-2022 las principales instituciones de poder, tanto p\u00fablicas como privadas, estaban corrompidas por el movimiento\u00a0woke,\u00a0ten\u00eda mucho sentido que los dos hombres se aliaran. Pero una vez conseguida la victoria, y en el momento de hacer pol\u00edtica de verdad, los desacuerdos se han convertido enseguida demasiado grandes. Por ejemplo, Trump se centra en proteger el acceso al mercado de trabajo a los ciudadanos estadounidenses.\u00a0Restringir la inmigraci\u00f3n\u00a0es una herramienta de cohesi\u00f3n social y una forma de incrementar los salarios, como ya\u00a0logr\u00f3\u00a0de hecho durante su primer mandato. En cambio, Musk, \u00e9l mismo venido de \u00c1frica del Sur, entiende la\u00a0inmigraci\u00f3n como una herramienta para atraer\u00a0escaso talento al pa\u00eds. Pero que los progresistas no se exciten, la posici\u00f3n de Musk hacia la inmigraci\u00f3n masiva y escasamente cualificada es mucho menos favorable, como ha demostrado repetidamente apoyando a los candidatos m\u00e1s antiinmigraci\u00f3n en Europa. La chispa que ha hecho estallar la relaci\u00f3n entre los dos hombres ha sido otro \u00e1mbito en el que sus visiones resultan dif\u00edcilmente reconciliables. Para Trump, la\u00a0monumental deuda p\u00fablica de Estados Unidos\u00a0no es un problema de por s\u00ed siempre que un crecimiento econ\u00f3mico din\u00e1mico pueda seguir financi\u00e1ndola. Reducirlo por la v\u00eda del hacha no es una opci\u00f3n debido a los costes electorales que implica (de hecho, Trump increment\u00f3 notablemente el gasto durante su primer mandato). Para Musk, en cambio,\u00a0acumular un mont\u00f3n de deuda que no para de crecer es inconcebible. La ley fiscal que Trump busca aprobar y que tendr\u00e1 un impacto negativo en la recaudaci\u00f3n resulta incomprensible, hasta el punto de haber desatado los adjetivos m\u00e1s duros en los tuits de ataque de Musk.<\/p>\n","protected":false},"author":75,"featured_media":89247,"comment_status":"open","ping_status":"open","sticky":false,"template":"","format":"standard","meta":{"_FSMCFIC_featured_image_caption":"","_FSMCFIC_featured_image_nocaption":"","_FSMCFIC_featured_image_hide":"","footnotes":""},"categories":[806],"tags":[963,2749,964,4256],"class_list":["post-89254","post","type-post","status-publish","format-standard","has-post-thumbnail","hentry","category-punts-claus-del-dia-es","tag-donald-trump-es","tag-elon-musk-es","tag-estats-units-es","tag-woke-es"],"yoast_head":"<!-- This site is optimized with the Yoast SEO plugin v26.8 - https:\/\/yoast.com\/product\/yoast-seo-wordpress\/ -->\n<title>Trump vs. Musk: dos visiones distintas de la derecha antiwoke - Converses a Catalunya<\/title>\n<meta name=\"description\" content=\"Tanto Trump como Musk comparten una cr\u00edtica feroz al progresismo de la discriminaci\u00f3n positiva, convertido en el movimiento woke.\" \/>\n<meta name=\"robots\" content=\"index, follow, max-snippet:-1, max-image-preview:large, max-video-preview:-1\" \/>\n<link rel=\"canonical\" href=\"https:\/\/conversesacatalunya.cat\/es\/trump-vs-musk-derecha-antiwoke\/\" \/>\n<meta property=\"og:locale\" content=\"es_ES\" \/>\n<meta property=\"og:type\" content=\"article\" \/>\n<meta property=\"og:title\" content=\"Trump vs. Musk: dos visiones distintas de la derecha antiwoke - Converses a Catalunya\" \/>\n<meta property=\"og:description\" content=\"Tanto Trump como Musk comparten una cr\u00edtica feroz al progresismo de la discriminaci\u00f3n positiva, convertido en el movimiento woke.\" \/>\n<meta property=\"og:url\" content=\"https:\/\/conversesacatalunya.cat\/es\/trump-vs-musk-derecha-antiwoke\/\" \/>\n<meta property=\"og:site_name\" content=\"Converses a Catalunya\" \/>\n<meta property=\"article:published_time\" content=\"2025-06-10T08:46:53+00:00\" \/>\n<meta property=\"article:modified_time\" content=\"2025-06-10T11:11:42+00:00\" \/>\n<meta property=\"og:image\" content=\"https:\/\/conversesacatalunya.cat\/wp-content\/uploads\/2025\/06\/skiprd8k_trump-musk_625x300_07_June_25.jpeg.webp\" \/>\n\t<meta property=\"og:image:width\" content=\"545\" \/>\n\t<meta property=\"og:image:height\" content=\"307\" \/>\n\t<meta property=\"og:image:type\" content=\"image\/webp\" \/>\n<meta name=\"author\" content=\"Carles L\u00f3pez\" \/>\n<meta name=\"twitter:card\" content=\"summary_large_image\" \/>\n<meta name=\"twitter:label1\" content=\"Escrito por\" \/>\n\t<meta name=\"twitter:data1\" content=\"Carles L\u00f3pez\" \/>\n\t<meta name=\"twitter:label2\" content=\"Tiempo de lectura\" \/>\n\t<meta name=\"twitter:data2\" content=\"3 minutos\" \/>\n<script type=\"application\/ld+json\" class=\"yoast-schema-graph\">{\"@context\":\"https:\/\/schema.org\",\"@graph\":[{\"@type\":\"Article\",\"@id\":\"https:\/\/conversesacatalunya.cat\/es\/trump-vs-musk-derecha-antiwoke\/#article\",\"isPartOf\":{\"@id\":\"https:\/\/conversesacatalunya.cat\/es\/trump-vs-musk-derecha-antiwoke\/\"},\"author\":{\"name\":\"Carles L\u00f3pez\",\"@id\":\"https:\/\/conversesacatalunya.cat\/#\/schema\/person\/3ce2ab16c0a3803086d80722c7cad56a\"},\"headline\":\"Trump vs. Musk: dos visiones distintas de la derecha antiwoke\",\"datePublished\":\"2025-06-10T08:46:53+00:00\",\"dateModified\":\"2025-06-10T11:11:42+00:00\",\"mainEntityOfPage\":{\"@id\":\"https:\/\/conversesacatalunya.cat\/es\/trump-vs-musk-derecha-antiwoke\/\"},\"wordCount\":648,\"commentCount\":0,\"image\":{\"@id\":\"https:\/\/conversesacatalunya.cat\/es\/trump-vs-musk-derecha-antiwoke\/#primaryimage\"},\"thumbnailUrl\":\"https:\/\/conversesacatalunya.cat\/wp-content\/uploads\/2025\/06\/skiprd8k_trump-musk_625x300_07_June_25.jpeg.webp\",\"keywords\":[\"Donald Trump\",\"Elon Musk\",\"Estats Units\",\"woke\"],\"articleSection\":[\"Punts clau del dia (ES)\"],\"inLanguage\":\"es\",\"potentialAction\":[{\"@type\":\"CommentAction\",\"name\":\"Comment\",\"target\":[\"https:\/\/conversesacatalunya.cat\/es\/trump-vs-musk-derecha-antiwoke\/#respond\"]}]},{\"@type\":\"WebPage\",\"@id\":\"https:\/\/conversesacatalunya.cat\/es\/trump-vs-musk-derecha-antiwoke\/\",\"url\":\"https:\/\/conversesacatalunya.cat\/es\/trump-vs-musk-derecha-antiwoke\/\",\"name\":\"Trump vs. Musk: dos visiones distintas de la derecha antiwoke - Converses a Catalunya\",\"isPartOf\":{\"@id\":\"https:\/\/conversesacatalunya.cat\/#website\"},\"primaryImageOfPage\":{\"@id\":\"https:\/\/conversesacatalunya.cat\/es\/trump-vs-musk-derecha-antiwoke\/#primaryimage\"},\"image\":{\"@id\":\"https:\/\/conversesacatalunya.cat\/es\/trump-vs-musk-derecha-antiwoke\/#primaryimage\"},\"thumbnailUrl\":\"https:\/\/conversesacatalunya.cat\/wp-content\/uploads\/2025\/06\/skiprd8k_trump-musk_625x300_07_June_25.jpeg.webp\",\"datePublished\":\"2025-06-10T08:46:53+00:00\",\"dateModified\":\"2025-06-10T11:11:42+00:00\",\"author\":{\"@id\":\"https:\/\/conversesacatalunya.cat\/#\/schema\/person\/3ce2ab16c0a3803086d80722c7cad56a\"},\"description\":\"Tanto Trump como Musk comparten una cr\u00edtica feroz al progresismo de la discriminaci\u00f3n positiva, convertido en el movimiento woke.\",\"breadcrumb\":{\"@id\":\"https:\/\/conversesacatalunya.cat\/es\/trump-vs-musk-derecha-antiwoke\/#breadcrumb\"},\"inLanguage\":\"es\",\"potentialAction\":[{\"@type\":\"ReadAction\",\"target\":[\"https:\/\/conversesacatalunya.cat\/es\/trump-vs-musk-derecha-antiwoke\/\"]}]},{\"@type\":\"ImageObject\",\"inLanguage\":\"es\",\"@id\":\"https:\/\/conversesacatalunya.cat\/es\/trump-vs-musk-derecha-antiwoke\/#primaryimage\",\"url\":\"https:\/\/conversesacatalunya.cat\/wp-content\/uploads\/2025\/06\/skiprd8k_trump-musk_625x300_07_June_25.jpeg.webp\",\"contentUrl\":\"https:\/\/conversesacatalunya.cat\/wp-content\/uploads\/2025\/06\/skiprd8k_trump-musk_625x300_07_June_25.jpeg.webp\",\"width\":545,\"height\":307,\"caption\":\"Trump Musk woke\"},{\"@type\":\"BreadcrumbList\",\"@id\":\"https:\/\/conversesacatalunya.cat\/es\/trump-vs-musk-derecha-antiwoke\/#breadcrumb\",\"itemListElement\":[{\"@type\":\"ListItem\",\"position\":1,\"name\":\"Inici\",\"item\":\"https:\/\/conversesacatalunya.cat\/es\/\"},{\"@type\":\"ListItem\",\"position\":2,\"name\":\"Trump vs. Musk: dos visiones distintas de la derecha antiwoke\"}]},{\"@type\":\"WebSite\",\"@id\":\"https:\/\/conversesacatalunya.cat\/#website\",\"url\":\"https:\/\/conversesacatalunya.cat\/\",\"name\":\"Converses a Catalunya\",\"description\":\"\",\"potentialAction\":[{\"@type\":\"SearchAction\",\"target\":{\"@type\":\"EntryPoint\",\"urlTemplate\":\"https:\/\/conversesacatalunya.cat\/?s={search_term_string}\"},\"query-input\":{\"@type\":\"PropertyValueSpecification\",\"valueRequired\":true,\"valueName\":\"search_term_string\"}}],\"inLanguage\":\"es\"},{\"@type\":\"Person\",\"@id\":\"https:\/\/conversesacatalunya.cat\/#\/schema\/person\/3ce2ab16c0a3803086d80722c7cad56a\",\"name\":\"Carles L\u00f3pez\",\"image\":{\"@type\":\"ImageObject\",\"inLanguage\":\"es\",\"@id\":\"https:\/\/conversesacatalunya.cat\/#\/schema\/person\/image\/\",\"url\":\"https:\/\/conversesacatalunya.cat\/wp-content\/litespeed\/avatar\/4891585caf2896e97846ab77f06edcf2.jpg?ver=1777091173\",\"contentUrl\":\"https:\/\/conversesacatalunya.cat\/wp-content\/litespeed\/avatar\/4891585caf2896e97846ab77f06edcf2.jpg?ver=1777091173\",\"caption\":\"Carles L\u00f3pez\"},\"url\":\"https:\/\/conversesacatalunya.cat\/es\/author\/carles-lopez\/\"}]}<\/script>\n<!-- \/ Yoast SEO plugin. -->","yoast_head_json":{"title":"Trump vs. Musk: dos visiones distintas de la derecha antiwoke - Converses a Catalunya","description":"Tanto Trump como Musk comparten una cr\u00edtica feroz al progresismo de la discriminaci\u00f3n positiva, convertido en el movimiento woke.","robots":{"index":"index","follow":"follow","max-snippet":"max-snippet:-1","max-image-preview":"max-image-preview:large","max-video-preview":"max-video-preview:-1"},"canonical":"https:\/\/conversesacatalunya.cat\/es\/trump-vs-musk-derecha-antiwoke\/","og_locale":"es_ES","og_type":"article","og_title":"Trump vs. Musk: dos visiones distintas de la derecha antiwoke - Converses a Catalunya","og_description":"Tanto Trump como Musk comparten una cr\u00edtica feroz al progresismo de la discriminaci\u00f3n positiva, convertido en el movimiento woke.","og_url":"https:\/\/conversesacatalunya.cat\/es\/trump-vs-musk-derecha-antiwoke\/","og_site_name":"Converses a Catalunya","article_published_time":"2025-06-10T08:46:53+00:00","article_modified_time":"2025-06-10T11:11:42+00:00","og_image":[{"width":545,"height":307,"url":"https:\/\/conversesacatalunya.cat\/wp-content\/uploads\/2025\/06\/skiprd8k_trump-musk_625x300_07_June_25.jpeg.webp","type":"image\/webp"}],"author":"Carles L\u00f3pez","twitter_card":"summary_large_image","twitter_misc":{"Escrito por":"Carles L\u00f3pez","Tiempo de lectura":"3 minutos"},"schema":{"@context":"https:\/\/schema.org","@graph":[{"@type":"Article","@id":"https:\/\/conversesacatalunya.cat\/es\/trump-vs-musk-derecha-antiwoke\/#article","isPartOf":{"@id":"https:\/\/conversesacatalunya.cat\/es\/trump-vs-musk-derecha-antiwoke\/"},"author":{"name":"Carles L\u00f3pez","@id":"https:\/\/conversesacatalunya.cat\/#\/schema\/person\/3ce2ab16c0a3803086d80722c7cad56a"},"headline":"Trump vs. Musk: dos visiones distintas de la derecha antiwoke","datePublished":"2025-06-10T08:46:53+00:00","dateModified":"2025-06-10T11:11:42+00:00","mainEntityOfPage":{"@id":"https:\/\/conversesacatalunya.cat\/es\/trump-vs-musk-derecha-antiwoke\/"},"wordCount":648,"commentCount":0,"image":{"@id":"https:\/\/conversesacatalunya.cat\/es\/trump-vs-musk-derecha-antiwoke\/#primaryimage"},"thumbnailUrl":"https:\/\/conversesacatalunya.cat\/wp-content\/uploads\/2025\/06\/skiprd8k_trump-musk_625x300_07_June_25.jpeg.webp","keywords":["Donald Trump","Elon Musk","Estats Units","woke"],"articleSection":["Punts clau del dia (ES)"],"inLanguage":"es","potentialAction":[{"@type":"CommentAction","name":"Comment","target":["https:\/\/conversesacatalunya.cat\/es\/trump-vs-musk-derecha-antiwoke\/#respond"]}]},{"@type":"WebPage","@id":"https:\/\/conversesacatalunya.cat\/es\/trump-vs-musk-derecha-antiwoke\/","url":"https:\/\/conversesacatalunya.cat\/es\/trump-vs-musk-derecha-antiwoke\/","name":"Trump vs. Musk: dos visiones distintas de la derecha antiwoke - Converses a Catalunya","isPartOf":{"@id":"https:\/\/conversesacatalunya.cat\/#website"},"primaryImageOfPage":{"@id":"https:\/\/conversesacatalunya.cat\/es\/trump-vs-musk-derecha-antiwoke\/#primaryimage"},"image":{"@id":"https:\/\/conversesacatalunya.cat\/es\/trump-vs-musk-derecha-antiwoke\/#primaryimage"},"thumbnailUrl":"https:\/\/conversesacatalunya.cat\/wp-content\/uploads\/2025\/06\/skiprd8k_trump-musk_625x300_07_June_25.jpeg.webp","datePublished":"2025-06-10T08:46:53+00:00","dateModified":"2025-06-10T11:11:42+00:00","author":{"@id":"https:\/\/conversesacatalunya.cat\/#\/schema\/person\/3ce2ab16c0a3803086d80722c7cad56a"},"description":"Tanto Trump como Musk comparten una cr\u00edtica feroz al progresismo de la discriminaci\u00f3n positiva, convertido en el movimiento woke.","breadcrumb":{"@id":"https:\/\/conversesacatalunya.cat\/es\/trump-vs-musk-derecha-antiwoke\/#breadcrumb"},"inLanguage":"es","potentialAction":[{"@type":"ReadAction","target":["https:\/\/conversesacatalunya.cat\/es\/trump-vs-musk-derecha-antiwoke\/"]}]},{"@type":"ImageObject","inLanguage":"es","@id":"https:\/\/conversesacatalunya.cat\/es\/trump-vs-musk-derecha-antiwoke\/#primaryimage","url":"https:\/\/conversesacatalunya.cat\/wp-content\/uploads\/2025\/06\/skiprd8k_trump-musk_625x300_07_June_25.jpeg.webp","contentUrl":"https:\/\/conversesacatalunya.cat\/wp-content\/uploads\/2025\/06\/skiprd8k_trump-musk_625x300_07_June_25.jpeg.webp","width":545,"height":307,"caption":"Trump Musk woke"},{"@type":"BreadcrumbList","@id":"https:\/\/conversesacatalunya.cat\/es\/trump-vs-musk-derecha-antiwoke\/#breadcrumb","itemListElement":[{"@type":"ListItem","position":1,"name":"Inici","item":"https:\/\/conversesacatalunya.cat\/es\/"},{"@type":"ListItem","position":2,"name":"Trump vs. Musk: dos visiones distintas de la derecha antiwoke"}]},{"@type":"WebSite","@id":"https:\/\/conversesacatalunya.cat\/#website","url":"https:\/\/conversesacatalunya.cat\/","name":"Converses a Catalunya","description":"","potentialAction":[{"@type":"SearchAction","target":{"@type":"EntryPoint","urlTemplate":"https:\/\/conversesacatalunya.cat\/?s={search_term_string}"},"query-input":{"@type":"PropertyValueSpecification","valueRequired":true,"valueName":"search_term_string"}}],"inLanguage":"es"},{"@type":"Person","@id":"https:\/\/conversesacatalunya.cat\/#\/schema\/person\/3ce2ab16c0a3803086d80722c7cad56a","name":"Carles L\u00f3pez","image":{"@type":"ImageObject","inLanguage":"es","@id":"https:\/\/conversesacatalunya.cat\/#\/schema\/person\/image\/","url":"https:\/\/conversesacatalunya.cat\/wp-content\/litespeed\/avatar\/4891585caf2896e97846ab77f06edcf2.jpg?ver=1777091173","contentUrl":"https:\/\/conversesacatalunya.cat\/wp-content\/litespeed\/avatar\/4891585caf2896e97846ab77f06edcf2.jpg?ver=1777091173","caption":"Carles L\u00f3pez"},"url":"https:\/\/conversesacatalunya.cat\/es\/author\/carles-lopez\/"}]}},"wps_subtitle":"Mientras Trump gobierna desde postulados conservadores, Musk es mucho m\u00e1s individualista y en ese sentido, progresista","_links":{"self":[{"href":"https:\/\/conversesacatalunya.cat\/es\/wp-json\/wp\/v2\/posts\/89254","targetHints":{"allow":["GET"]}}],"collection":[{"href":"https:\/\/conversesacatalunya.cat\/es\/wp-json\/wp\/v2\/posts"}],"about":[{"href":"https:\/\/conversesacatalunya.cat\/es\/wp-json\/wp\/v2\/types\/post"}],"author":[{"embeddable":true,"href":"https:\/\/conversesacatalunya.cat\/es\/wp-json\/wp\/v2\/users\/75"}],"replies":[{"embeddable":true,"href":"https:\/\/conversesacatalunya.cat\/es\/wp-json\/wp\/v2\/comments?post=89254"}],"version-history":[{"count":5,"href":"https:\/\/conversesacatalunya.cat\/es\/wp-json\/wp\/v2\/posts\/89254\/revisions"}],"predecessor-version":[{"id":89301,"href":"https:\/\/conversesacatalunya.cat\/es\/wp-json\/wp\/v2\/posts\/89254\/revisions\/89301"}],"wp:featuredmedia":[{"embeddable":true,"href":"https:\/\/conversesacatalunya.cat\/es\/wp-json\/wp\/v2\/media\/89247"}],"wp:attachment":[{"href":"https:\/\/conversesacatalunya.cat\/es\/wp-json\/wp\/v2\/media?parent=89254"}],"wp:term":[{"taxonomy":"category","embeddable":true,"href":"https:\/\/conversesacatalunya.cat\/es\/wp-json\/wp\/v2\/categories?post=89254"},{"taxonomy":"post_tag","embeddable":true,"href":"https:\/\/conversesacatalunya.cat\/es\/wp-json\/wp\/v2\/tags?post=89254"}],"curies":[{"name":"wp","href":"https:\/\/api.w.org\/{rel}","templated":true}]}}