{"id":89168,"date":"2025-06-05T11:57:18","date_gmt":"2025-06-05T09:57:18","guid":{"rendered":"https:\/\/conversesacatalunya.cat\/?p=89168"},"modified":"2025-06-05T12:26:54","modified_gmt":"2025-06-05T10:26:54","slug":"el-fin-del-bastion-sanchista-la-caida-de-pepa-bueno-en-el-pais-solo-queda-el-enclave-de-la-vanguardia","status":"publish","type":"post","link":"https:\/\/conversesacatalunya.cat\/es\/el-fin-del-bastion-sanchista-la-caida-de-pepa-bueno-en-el-pais-solo-queda-el-enclave-de-la-vanguardia\/","title":{"rendered":"El fin del basti\u00f3n sanchista: la ca\u00edda de Pepa Bueno en El Pa\u00eds. Solo queda el enclave de La Vanguardia"},"content":{"rendered":"<p>El 4 de junio de 2025, la<strong> destituci\u00f3n de Pepa Bueno como directora de <em>El Pa\u00eds<\/em> <\/strong>no fue solo un cambio en la cabecera del diario m\u00e1s influyente de la izquierda espa\u00f1ola: fue la consumaci\u00f3n de un terremoto empresarial y pol\u00edtico que<strong> deja a Pedro S\u00e1nchez sin su altavoz m\u00e1s potente en un momento decisivo<\/strong>. Y lo que queda, a nivel de gran prensa, es poco m\u00e1s que un eco: <strong><em>La Vanguardia<\/em> de Barcelona, peri\u00f3dico de hist\u00f3rico perfil acomodaticio, hoy con una l\u00ednea editorial pr\u00e1cticamente institucionalizada en su apoyo al Gobierno.<\/strong><\/p>\n<p>En <em>La Vanguardia<\/em>, como apunt\u00f3 en 2023 el periodista<strong> Francesc-Marc \u00c1lvaro<\/strong>, \u00abla relaci\u00f3n con el poder es parte de su gen\u00e9tica\u00bb. Hoy, esa gen\u00e9tica parece haber mutado en genoma de subsistencia: mantenerse pr\u00f3ximo al Gobierno como estrategia de influencia y de negocios. Con la salida de Bueno, <strong><em>El Pa\u00eds<\/em> ya no est\u00e1 en ese juego.<\/strong><\/p>\n<h4><strong>El asalto silencioso<\/strong><\/h4>\n<p>La secuencia que ha llevado a la ca\u00edda de Pepa Bueno es todo menos casual. Desde febrero,<strong> el presidente de PRISA,<a href=\"https:\/\/es.wikipedia.org\/wiki\/Joseph_Oughourlian\" target=\"_blank\" rel=\"noopener\"> Joseph Oughourlian<\/a>,<\/strong> ha ejecutado una limpieza quir\u00fargica del aparato medi\u00e1tico af\u00edn a la Moncloa. Primero cay\u00f3 Jos\u00e9 Miguel Contreras, cerebro del proyecto audiovisual que pretend\u00eda crear una TDT \u201csanchista\u201d con el respaldo del grupo. Luego, el CEO Carlos N\u00fa\u00f1ez. Por \u00faltimo, Pepa Bueno, s\u00edmbolo del intento de simbiosis entre periodismo de Estado y rentabilidad privada.<\/p>\n<blockquote><p><strong>Pero la pol\u00edtica, cuando se mezcla con el negocio, no entiende de m\u00e9tricas: entiende de lealtades.<\/strong><\/p><\/blockquote>\n<p><strong>En t\u00e9rminos de cifras, la gesti\u00f3n de Bueno fue solvente:<\/strong> m\u00e1s de 400.000 suscriptores digitales, expansi\u00f3n panamericana con seis ediciones regionales y un peso creciente en Latinoam\u00e9rica, y es el hasta ahora responsable de esta \u00e1rea <strong>el nuevo director, Jan Mart\u00ednez Ahrens<\/strong>. Pero la pol\u00edtica, cuando se mezcla con el negocio, no entiende de m\u00e9tricas: entiende de lealtades. Y su valedor, Contreras, ya hab\u00eda sido purgado. Su ca\u00edda era cuesti\u00f3n de calendario.<\/p>\n<h4><strong>La nueva frontera de la pol\u00edtica: los consejos de administraci\u00f3n<\/strong><\/h4>\n<p>El conflicto no es ideol\u00f3gico, sino de poder. <strong>S\u00e1nchez quiso convertir a PRISA en una extensi\u00f3n de la Moncloa<\/strong>. Oughourlian, financiero curtido, ha respondido como tal: reforzando su control con el respaldo del gigante franc\u00e9s Vivendi (11,9 %), que junto a Amber Capital (29,9 %) le ha asegurado un 46 % de blindaje frente al 15 % de accionistas afines al Ejecutivo. Resultado: <strong>la pol\u00edtica ha perdido una batalla empresarial y, con ella, la maquinaria editorial que la arropaba.<\/strong><\/p>\n<p>La elecci\u00f3n de <strong>Jan Mart\u00ednez Ahren<\/strong>s como nuevo director, periodista veterano y de <strong>perfil m\u00e1s t\u00e9cnico que ideol\u00f3gico<\/strong>, cierra el c\u00edrculo. Oughourlian no busca una l\u00ednea editorial rebelde, sino <strong>un peri\u00f3dico menos intervenido,<\/strong> m\u00e1s internacional y orientado al negocio digital. Que eso suponga dejar a S\u00e1nchez sin refugio editorial no parece preocuparle.<\/p>\n<h4><strong>Moncloa en retirada: solo queda <em>La Vanguardia<\/em><\/strong><\/h4>\n<p>Tras este movimiento, al Gobierno solo le queda <em>La Vanguardia<\/em>. Un diario que, desde Barcelona, mantiene una relaci\u00f3n simbi\u00f3tica con el poder central y auton\u00f3mico. Su l\u00ednea editorial es calculadamente institucional, evitando fricciones con el PSOE y sus socios parlamentarios. <strong>Como escribi\u00f3 <em>El Confidencial<\/em> en abril, \u201cLa Vanguardia es hoy el diario m\u00e1s pr\u00f3ximo al Ejecutivo, casi m\u00e1s que la propia RTVE en t\u00e9rminos de complacencia editorial\u201d.<\/strong><\/p>\n<p>Pero incluso esa proximidad tiene un precio: la p\u00e9rdida de influencia narrativa nacional. <strong><em>La Vanguardia<\/em> es fuerte en Catalu\u00f1a, pero no tiene el eco transversal de <em>El Pa\u00eds<\/em>.<\/strong> El altavoz de S\u00e1nchez se ha reducido de una emisora nacional a una emisora comarcal, aunque bien afinada.<\/p>\n<h4><strong>\u00bfY ahora qu\u00e9?<\/strong><\/h4>\n<p>Con la salida de Bueno, S\u00e1nchez pierde algo m\u00e1s que una directora af\u00edn. Pierde capacidad para marcar agenda, modular titulares y blindar esc\u00e1ndalos. En plena negociaci\u00f3n presupuestaria y habiendo perdido el control de la agenda, <strong>el Ejecutivo se encuentra con una prensa m\u00e1s impredecible y menos gobernable<\/strong>. Y lo que queda favorable, como <strong><em>La Vanguardia<\/em>, no es \u00a0suficiente, excepto para asegurar su gran y \u00faltima plaza fuerte: Catalu\u00f1a.<\/strong><\/p>\n<h5><strong>El episodio confirma un giro de \u00e9poca: la influencia pol\u00edtica sobre los grandes medios est\u00e1 en retirada.<\/strong><\/h5>\n<p>Por ahora, S\u00e1nchez ya no manda en <em>El Pa\u00eds<\/em>. Y <em>El Pa\u00eds<\/em>, por primera vez en d\u00e9cadas, parece querer decir algo sin pedir permiso, y si a eso se le unen<strong> las operaciones frustradas en TVE<\/strong> de La Revuelta, que ha ido perdiendo fuelle, y los ex \u201cS\u00e1lvame\u201d trasplantados a la televisi\u00f3n p\u00fablica, hundidos en audiencia, todo se\u00f1ala que el nombre de S\u00e1nchez ya es un cenizo para los medios que apuestan por \u00e9l.<\/p>\n<span class='bctt-click-to-tweet'><span class='bctt-ctt-text'><a href='https:\/\/twitter.com\/intent\/tweet?url=https%3A%2F%2Fconversesacatalunya.cat%2Fes%2Fel-fin-del-bastion-sanchista-la-caida-de-pepa-bueno-en-el-pais-solo-queda-el-enclave-de-la-vanguardia%2F&#038;text=Tras%20este%20movimiento%2C%20al%20Gobierno%20solo%20le%20queda%20La%20Vanguardia.%20Un%20diario%20que%2C%20desde%20Barcelona%2C%20mantiene%20una%20relaci%C3%B3n%20simbi%C3%B3tica%20con%20el%20poder%20central%20y%20auton%C3%B3mico&#038;via=conversesacat&#038;related=conversesacat' target='_blank'rel=\"noopener noreferrer\">Tras este movimiento, al Gobierno solo le queda La Vanguardia. Un diario que, desde Barcelona, mantiene una relaci\u00f3n simbi\u00f3tica con el poder central y auton\u00f3mico <\/a><\/span><a href='https:\/\/twitter.com\/intent\/tweet?url=https%3A%2F%2Fconversesacatalunya.cat%2Fes%2Fel-fin-del-bastion-sanchista-la-caida-de-pepa-bueno-en-el-pais-solo-queda-el-enclave-de-la-vanguardia%2F&#038;text=Tras%20este%20movimiento%2C%20al%20Gobierno%20solo%20le%20queda%20La%20Vanguardia.%20Un%20diario%20que%2C%20desde%20Barcelona%2C%20mantiene%20una%20relaci%C3%B3n%20simbi%C3%B3tica%20con%20el%20poder%20central%20y%20auton%C3%B3mico&#038;via=conversesacat&#038;related=conversesacat' target='_blank' class='bctt-ctt-btn'rel=\"noopener noreferrer\">Compartir en X<\/a><\/span>\n","protected":false},"excerpt":{"rendered":"<p>El 4 de junio de 2025, la destituci\u00f3n de Pepa Bueno como directora de El Pa\u00eds no fue solo un cambio en la cabecera del diario m\u00e1s influyente de la izquierda espa\u00f1ola: fue la consumaci\u00f3n de un terremoto empresarial y pol\u00edtico que deja a Pedro S\u00e1nchez sin su altavoz m\u00e1s potente en un momento decisivo. Y lo que queda, a nivel de gran prensa, es poco m\u00e1s que un eco: La Vanguardia de Barcelona, peri\u00f3dico de hist\u00f3rico perfil acomodaticio, hoy con una l\u00ednea editorial pr\u00e1cticamente institucionalizada en su apoyo al Gobierno. En La Vanguardia, como apunt\u00f3 en 2023 el periodista Francesc-Marc \u00c1lvaro, \u00abla relaci\u00f3n con el poder es parte de su gen\u00e9tica\u00bb. Hoy, esa gen\u00e9tica parece haber mutado en genoma de subsistencia: mantenerse pr\u00f3ximo al Gobierno como estrategia de influencia y de negocios. Con la salida de Bueno, El Pa\u00eds ya no est\u00e1 en ese juego. El asalto silencioso La secuencia que ha llevado a la ca\u00edda de Pepa Bueno es todo menos casual. Desde febrero, el presidente de PRISA, Joseph Oughourlian, ha ejecutado una limpieza quir\u00fargica del aparato medi\u00e1tico af\u00edn a la Moncloa. Primero cay\u00f3 Jos\u00e9 Miguel Contreras, cerebro del proyecto audiovisual que pretend\u00eda crear una TDT \u201csanchista\u201d con el respaldo del grupo. Luego, el CEO Carlos N\u00fa\u00f1ez. Por \u00faltimo, Pepa Bueno, s\u00edmbolo del intento de simbiosis entre periodismo de Estado y rentabilidad privada. Pero la pol\u00edtica, cuando se mezcla con el negocio, no entiende de m\u00e9tricas: entiende de lealtades. En t\u00e9rminos de cifras, la gesti\u00f3n de Bueno fue solvente: m\u00e1s de 400.000 suscriptores digitales, expansi\u00f3n panamericana con seis ediciones regionales y un peso creciente en Latinoam\u00e9rica, y es el hasta ahora responsable de esta \u00e1rea el nuevo director, Jan Mart\u00ednez Ahrens. Pero la pol\u00edtica, cuando se mezcla con el negocio, no entiende de m\u00e9tricas: entiende de lealtades. Y su valedor, Contreras, ya hab\u00eda sido purgado. Su ca\u00edda era cuesti\u00f3n de calendario. La nueva frontera de la pol\u00edtica: los consejos de administraci\u00f3n El conflicto no es ideol\u00f3gico, sino de poder. S\u00e1nchez quiso convertir a PRISA en una extensi\u00f3n de la Moncloa. Oughourlian, financiero curtido, ha respondido como tal: reforzando su control con el respaldo del gigante franc\u00e9s Vivendi (11,9 %), que junto a Amber Capital (29,9 %) le ha asegurado un 46 % de blindaje frente al 15 % de accionistas afines al Ejecutivo. Resultado: la pol\u00edtica ha perdido una batalla empresarial y, con ella, la maquinaria editorial que la arropaba. La elecci\u00f3n de Jan Mart\u00ednez Ahrens como nuevo director, periodista veterano y de perfil m\u00e1s t\u00e9cnico que ideol\u00f3gico, cierra el c\u00edrculo. Oughourlian no busca una l\u00ednea editorial rebelde, sino un peri\u00f3dico menos intervenido, m\u00e1s internacional y orientado al negocio digital. Que eso suponga dejar a S\u00e1nchez sin refugio editorial no parece preocuparle. Moncloa en retirada: solo queda La Vanguardia Tras este movimiento, al Gobierno solo le queda La Vanguardia. Un diario que, desde Barcelona, mantiene una relaci\u00f3n simbi\u00f3tica con el poder central y auton\u00f3mico. Su l\u00ednea editorial es calculadamente institucional, evitando fricciones con el PSOE y sus socios parlamentarios. Como escribi\u00f3 El Confidencial en abril, \u201cLa Vanguardia es hoy el diario m\u00e1s pr\u00f3ximo al Ejecutivo, casi m\u00e1s que la propia RTVE en t\u00e9rminos de complacencia editorial\u201d. Pero incluso esa proximidad tiene un precio: la p\u00e9rdida de influencia narrativa nacional. La Vanguardia es fuerte en Catalu\u00f1a, pero no tiene el eco transversal de El Pa\u00eds. El altavoz de S\u00e1nchez se ha reducido de una emisora nacional a una emisora comarcal, aunque bien afinada. \u00bfY ahora qu\u00e9? Con la salida de Bueno, S\u00e1nchez pierde algo m\u00e1s que una directora af\u00edn. Pierde capacidad para marcar agenda, modular titulares y blindar esc\u00e1ndalos. En plena negociaci\u00f3n presupuestaria y habiendo perdido el control de la agenda, el Ejecutivo se encuentra con una prensa m\u00e1s impredecible y menos gobernable. Y lo que queda favorable, como La Vanguardia, no es \u00a0suficiente, excepto para asegurar su gran y \u00faltima plaza fuerte: Catalu\u00f1a. El episodio confirma un giro de \u00e9poca: la influencia pol\u00edtica sobre los grandes medios est\u00e1 en retirada. Por ahora, S\u00e1nchez ya no manda en El Pa\u00eds. Y El Pa\u00eds, por primera vez en d\u00e9cadas, parece querer decir algo sin pedir permiso, y si a eso se le unen las operaciones frustradas en TVE de La Revuelta, que ha ido perdiendo fuelle, y los ex \u201cS\u00e1lvame\u201d trasplantados a la televisi\u00f3n p\u00fablica, hundidos en audiencia, todo se\u00f1ala que el nombre de S\u00e1nchez ya es un cenizo para los medios que apuestan por \u00e9l.<\/p>\n","protected":false},"author":77,"featured_media":89175,"comment_status":"open","ping_status":"open","sticky":false,"template":"","format":"standard","meta":{"_FSMCFIC_featured_image_caption":"","_FSMCFIC_featured_image_nocaption":"","_FSMCFIC_featured_image_hide":"","footnotes":""},"categories":[806],"tags":[4415,2580],"class_list":["post-89168","post","type-post","status-publish","format-standard","has-post-thumbnail","hentry","category-punts-claus-del-dia-es","tag-medios-de-comunicacion","tag-periodismo"],"yoast_head":"<!-- This site is optimized with the Yoast SEO plugin v26.8 - https:\/\/yoast.com\/product\/yoast-seo-wordpress\/ -->\n<title>La ca\u00edda de Pepa Bueno: S\u00e1nchez pierde el control de El Pa\u00eds<\/title>\n<meta name=\"description\" content=\"Por ahora, S\u00e1nchez ya no manda en El Pa\u00eds. Y El Pa\u00eds, por primera vez en d\u00e9cadas, parece querer decir algo sin pedir permiso\" \/>\n<meta name=\"robots\" content=\"index, follow, max-snippet:-1, max-image-preview:large, max-video-preview:-1\" \/>\n<link rel=\"canonical\" href=\"https:\/\/conversesacatalunya.cat\/es\/el-fin-del-bastion-sanchista-la-caida-de-pepa-bueno-en-el-pais-solo-queda-el-enclave-de-la-vanguardia\/\" \/>\n<meta property=\"og:locale\" content=\"es_ES\" \/>\n<meta property=\"og:type\" content=\"article\" \/>\n<meta property=\"og:title\" content=\"La ca\u00edda de Pepa Bueno: S\u00e1nchez pierde el control de El Pa\u00eds\" \/>\n<meta property=\"og:description\" content=\"Por ahora, S\u00e1nchez ya no manda en El Pa\u00eds. Y El Pa\u00eds, por primera vez en d\u00e9cadas, parece querer decir algo sin pedir permiso\" \/>\n<meta property=\"og:url\" content=\"https:\/\/conversesacatalunya.cat\/es\/el-fin-del-bastion-sanchista-la-caida-de-pepa-bueno-en-el-pais-solo-queda-el-enclave-de-la-vanguardia\/\" \/>\n<meta property=\"og:site_name\" content=\"Converses a Catalunya\" \/>\n<meta property=\"article:published_time\" content=\"2025-06-05T09:57:18+00:00\" \/>\n<meta property=\"article:modified_time\" content=\"2025-06-05T10:26:54+00:00\" \/>\n<meta property=\"og:image\" content=\"https:\/\/conversesacatalunya.cat\/wp-content\/uploads\/2025\/06\/Captura.jpg\" \/>\n\t<meta property=\"og:image:width\" content=\"742\" \/>\n\t<meta property=\"og:image:height\" content=\"419\" \/>\n\t<meta property=\"og:image:type\" content=\"image\/jpeg\" \/>\n<meta name=\"author\" content=\"Enric Casanovas\" \/>\n<meta name=\"twitter:card\" content=\"summary_large_image\" \/>\n<meta name=\"twitter:label1\" content=\"Escrito por\" \/>\n\t<meta name=\"twitter:data1\" content=\"Enric Casanovas\" \/>\n\t<meta name=\"twitter:label2\" content=\"Tiempo de lectura\" \/>\n\t<meta name=\"twitter:data2\" content=\"4 minutos\" \/>\n<script type=\"application\/ld+json\" class=\"yoast-schema-graph\">{\"@context\":\"https:\/\/schema.org\",\"@graph\":[{\"@type\":\"Article\",\"@id\":\"https:\/\/conversesacatalunya.cat\/es\/el-fin-del-bastion-sanchista-la-caida-de-pepa-bueno-en-el-pais-solo-queda-el-enclave-de-la-vanguardia\/#article\",\"isPartOf\":{\"@id\":\"https:\/\/conversesacatalunya.cat\/es\/el-fin-del-bastion-sanchista-la-caida-de-pepa-bueno-en-el-pais-solo-queda-el-enclave-de-la-vanguardia\/\"},\"author\":{\"name\":\"Enric Casanovas\",\"@id\":\"https:\/\/conversesacatalunya.cat\/#\/schema\/person\/79bd0577b2f3afc8d6519d207c6e8609\"},\"headline\":\"El fin del basti\u00f3n sanchista: la ca\u00edda de Pepa Bueno en El Pa\u00eds. Solo queda el enclave de La Vanguardia\",\"datePublished\":\"2025-06-05T09:57:18+00:00\",\"dateModified\":\"2025-06-05T10:26:54+00:00\",\"mainEntityOfPage\":{\"@id\":\"https:\/\/conversesacatalunya.cat\/es\/el-fin-del-bastion-sanchista-la-caida-de-pepa-bueno-en-el-pais-solo-queda-el-enclave-de-la-vanguardia\/\"},\"wordCount\":863,\"commentCount\":1,\"image\":{\"@id\":\"https:\/\/conversesacatalunya.cat\/es\/el-fin-del-bastion-sanchista-la-caida-de-pepa-bueno-en-el-pais-solo-queda-el-enclave-de-la-vanguardia\/#primaryimage\"},\"thumbnailUrl\":\"https:\/\/conversesacatalunya.cat\/wp-content\/uploads\/2025\/06\/Captura.jpg\",\"keywords\":[\"Medios de comunicaci\u00f3n\",\"periodismo\"],\"articleSection\":[\"Punts clau del dia (ES)\"],\"inLanguage\":\"es\",\"potentialAction\":[{\"@type\":\"CommentAction\",\"name\":\"Comment\",\"target\":[\"https:\/\/conversesacatalunya.cat\/es\/el-fin-del-bastion-sanchista-la-caida-de-pepa-bueno-en-el-pais-solo-queda-el-enclave-de-la-vanguardia\/#respond\"]}]},{\"@type\":\"WebPage\",\"@id\":\"https:\/\/conversesacatalunya.cat\/es\/el-fin-del-bastion-sanchista-la-caida-de-pepa-bueno-en-el-pais-solo-queda-el-enclave-de-la-vanguardia\/\",\"url\":\"https:\/\/conversesacatalunya.cat\/es\/el-fin-del-bastion-sanchista-la-caida-de-pepa-bueno-en-el-pais-solo-queda-el-enclave-de-la-vanguardia\/\",\"name\":\"La ca\u00edda de Pepa Bueno: S\u00e1nchez pierde el control de El Pa\u00eds\",\"isPartOf\":{\"@id\":\"https:\/\/conversesacatalunya.cat\/#website\"},\"primaryImageOfPage\":{\"@id\":\"https:\/\/conversesacatalunya.cat\/es\/el-fin-del-bastion-sanchista-la-caida-de-pepa-bueno-en-el-pais-solo-queda-el-enclave-de-la-vanguardia\/#primaryimage\"},\"image\":{\"@id\":\"https:\/\/conversesacatalunya.cat\/es\/el-fin-del-bastion-sanchista-la-caida-de-pepa-bueno-en-el-pais-solo-queda-el-enclave-de-la-vanguardia\/#primaryimage\"},\"thumbnailUrl\":\"https:\/\/conversesacatalunya.cat\/wp-content\/uploads\/2025\/06\/Captura.jpg\",\"datePublished\":\"2025-06-05T09:57:18+00:00\",\"dateModified\":\"2025-06-05T10:26:54+00:00\",\"author\":{\"@id\":\"https:\/\/conversesacatalunya.cat\/#\/schema\/person\/79bd0577b2f3afc8d6519d207c6e8609\"},\"description\":\"Por ahora, S\u00e1nchez ya no manda en El Pa\u00eds. Y El Pa\u00eds, por primera vez en d\u00e9cadas, parece querer decir algo sin pedir permiso\",\"breadcrumb\":{\"@id\":\"https:\/\/conversesacatalunya.cat\/es\/el-fin-del-bastion-sanchista-la-caida-de-pepa-bueno-en-el-pais-solo-queda-el-enclave-de-la-vanguardia\/#breadcrumb\"},\"inLanguage\":\"es\",\"potentialAction\":[{\"@type\":\"ReadAction\",\"target\":[\"https:\/\/conversesacatalunya.cat\/es\/el-fin-del-bastion-sanchista-la-caida-de-pepa-bueno-en-el-pais-solo-queda-el-enclave-de-la-vanguardia\/\"]}]},{\"@type\":\"ImageObject\",\"inLanguage\":\"es\",\"@id\":\"https:\/\/conversesacatalunya.cat\/es\/el-fin-del-bastion-sanchista-la-caida-de-pepa-bueno-en-el-pais-solo-queda-el-enclave-de-la-vanguardia\/#primaryimage\",\"url\":\"https:\/\/conversesacatalunya.cat\/wp-content\/uploads\/2025\/06\/Captura.jpg\",\"contentUrl\":\"https:\/\/conversesacatalunya.cat\/wp-content\/uploads\/2025\/06\/Captura.jpg\",\"width\":742,\"height\":419,\"caption\":\"S\u00e1nchez El Pa\u00eds\"},{\"@type\":\"BreadcrumbList\",\"@id\":\"https:\/\/conversesacatalunya.cat\/es\/el-fin-del-bastion-sanchista-la-caida-de-pepa-bueno-en-el-pais-solo-queda-el-enclave-de-la-vanguardia\/#breadcrumb\",\"itemListElement\":[{\"@type\":\"ListItem\",\"position\":1,\"name\":\"Inici\",\"item\":\"https:\/\/conversesacatalunya.cat\/es\/\"},{\"@type\":\"ListItem\",\"position\":2,\"name\":\"El fin del basti\u00f3n sanchista: la ca\u00edda de Pepa Bueno en El Pa\u00eds. Solo queda el enclave de La Vanguardia\"}]},{\"@type\":\"WebSite\",\"@id\":\"https:\/\/conversesacatalunya.cat\/#website\",\"url\":\"https:\/\/conversesacatalunya.cat\/\",\"name\":\"Converses a Catalunya\",\"description\":\"\",\"potentialAction\":[{\"@type\":\"SearchAction\",\"target\":{\"@type\":\"EntryPoint\",\"urlTemplate\":\"https:\/\/conversesacatalunya.cat\/?s={search_term_string}\"},\"query-input\":{\"@type\":\"PropertyValueSpecification\",\"valueRequired\":true,\"valueName\":\"search_term_string\"}}],\"inLanguage\":\"es\"},{\"@type\":\"Person\",\"@id\":\"https:\/\/conversesacatalunya.cat\/#\/schema\/person\/79bd0577b2f3afc8d6519d207c6e8609\",\"name\":\"Enric Casanovas\",\"image\":{\"@type\":\"ImageObject\",\"inLanguage\":\"es\",\"@id\":\"https:\/\/conversesacatalunya.cat\/#\/schema\/person\/image\/\",\"url\":\"https:\/\/conversesacatalunya.cat\/wp-content\/litespeed\/avatar\/7ae4379ad4421ec77820e92afd36dd78.jpg?ver=1777373933\",\"contentUrl\":\"https:\/\/conversesacatalunya.cat\/wp-content\/litespeed\/avatar\/7ae4379ad4421ec77820e92afd36dd78.jpg?ver=1777373933\",\"caption\":\"Enric Casanovas\"},\"url\":\"https:\/\/conversesacatalunya.cat\/es\/author\/enric-casanovas\/\"}]}<\/script>\n<!-- \/ Yoast SEO plugin. -->","yoast_head_json":{"title":"La ca\u00edda de Pepa Bueno: S\u00e1nchez pierde el control de El Pa\u00eds","description":"Por ahora, S\u00e1nchez ya no manda en El Pa\u00eds. Y El Pa\u00eds, por primera vez en d\u00e9cadas, parece querer decir algo sin pedir permiso","robots":{"index":"index","follow":"follow","max-snippet":"max-snippet:-1","max-image-preview":"max-image-preview:large","max-video-preview":"max-video-preview:-1"},"canonical":"https:\/\/conversesacatalunya.cat\/es\/el-fin-del-bastion-sanchista-la-caida-de-pepa-bueno-en-el-pais-solo-queda-el-enclave-de-la-vanguardia\/","og_locale":"es_ES","og_type":"article","og_title":"La ca\u00edda de Pepa Bueno: S\u00e1nchez pierde el control de El Pa\u00eds","og_description":"Por ahora, S\u00e1nchez ya no manda en El Pa\u00eds. Y El Pa\u00eds, por primera vez en d\u00e9cadas, parece querer decir algo sin pedir permiso","og_url":"https:\/\/conversesacatalunya.cat\/es\/el-fin-del-bastion-sanchista-la-caida-de-pepa-bueno-en-el-pais-solo-queda-el-enclave-de-la-vanguardia\/","og_site_name":"Converses a Catalunya","article_published_time":"2025-06-05T09:57:18+00:00","article_modified_time":"2025-06-05T10:26:54+00:00","og_image":[{"width":742,"height":419,"url":"https:\/\/conversesacatalunya.cat\/wp-content\/uploads\/2025\/06\/Captura.jpg","type":"image\/jpeg"}],"author":"Enric Casanovas","twitter_card":"summary_large_image","twitter_misc":{"Escrito por":"Enric Casanovas","Tiempo de lectura":"4 minutos"},"schema":{"@context":"https:\/\/schema.org","@graph":[{"@type":"Article","@id":"https:\/\/conversesacatalunya.cat\/es\/el-fin-del-bastion-sanchista-la-caida-de-pepa-bueno-en-el-pais-solo-queda-el-enclave-de-la-vanguardia\/#article","isPartOf":{"@id":"https:\/\/conversesacatalunya.cat\/es\/el-fin-del-bastion-sanchista-la-caida-de-pepa-bueno-en-el-pais-solo-queda-el-enclave-de-la-vanguardia\/"},"author":{"name":"Enric Casanovas","@id":"https:\/\/conversesacatalunya.cat\/#\/schema\/person\/79bd0577b2f3afc8d6519d207c6e8609"},"headline":"El fin del basti\u00f3n sanchista: la ca\u00edda de Pepa Bueno en El Pa\u00eds. Solo queda el enclave de La Vanguardia","datePublished":"2025-06-05T09:57:18+00:00","dateModified":"2025-06-05T10:26:54+00:00","mainEntityOfPage":{"@id":"https:\/\/conversesacatalunya.cat\/es\/el-fin-del-bastion-sanchista-la-caida-de-pepa-bueno-en-el-pais-solo-queda-el-enclave-de-la-vanguardia\/"},"wordCount":863,"commentCount":1,"image":{"@id":"https:\/\/conversesacatalunya.cat\/es\/el-fin-del-bastion-sanchista-la-caida-de-pepa-bueno-en-el-pais-solo-queda-el-enclave-de-la-vanguardia\/#primaryimage"},"thumbnailUrl":"https:\/\/conversesacatalunya.cat\/wp-content\/uploads\/2025\/06\/Captura.jpg","keywords":["Medios de comunicaci\u00f3n","periodismo"],"articleSection":["Punts clau del dia (ES)"],"inLanguage":"es","potentialAction":[{"@type":"CommentAction","name":"Comment","target":["https:\/\/conversesacatalunya.cat\/es\/el-fin-del-bastion-sanchista-la-caida-de-pepa-bueno-en-el-pais-solo-queda-el-enclave-de-la-vanguardia\/#respond"]}]},{"@type":"WebPage","@id":"https:\/\/conversesacatalunya.cat\/es\/el-fin-del-bastion-sanchista-la-caida-de-pepa-bueno-en-el-pais-solo-queda-el-enclave-de-la-vanguardia\/","url":"https:\/\/conversesacatalunya.cat\/es\/el-fin-del-bastion-sanchista-la-caida-de-pepa-bueno-en-el-pais-solo-queda-el-enclave-de-la-vanguardia\/","name":"La ca\u00edda de Pepa Bueno: S\u00e1nchez pierde el control de El Pa\u00eds","isPartOf":{"@id":"https:\/\/conversesacatalunya.cat\/#website"},"primaryImageOfPage":{"@id":"https:\/\/conversesacatalunya.cat\/es\/el-fin-del-bastion-sanchista-la-caida-de-pepa-bueno-en-el-pais-solo-queda-el-enclave-de-la-vanguardia\/#primaryimage"},"image":{"@id":"https:\/\/conversesacatalunya.cat\/es\/el-fin-del-bastion-sanchista-la-caida-de-pepa-bueno-en-el-pais-solo-queda-el-enclave-de-la-vanguardia\/#primaryimage"},"thumbnailUrl":"https:\/\/conversesacatalunya.cat\/wp-content\/uploads\/2025\/06\/Captura.jpg","datePublished":"2025-06-05T09:57:18+00:00","dateModified":"2025-06-05T10:26:54+00:00","author":{"@id":"https:\/\/conversesacatalunya.cat\/#\/schema\/person\/79bd0577b2f3afc8d6519d207c6e8609"},"description":"Por ahora, S\u00e1nchez ya no manda en El Pa\u00eds. Y El Pa\u00eds, por primera vez en d\u00e9cadas, parece querer decir algo sin pedir permiso","breadcrumb":{"@id":"https:\/\/conversesacatalunya.cat\/es\/el-fin-del-bastion-sanchista-la-caida-de-pepa-bueno-en-el-pais-solo-queda-el-enclave-de-la-vanguardia\/#breadcrumb"},"inLanguage":"es","potentialAction":[{"@type":"ReadAction","target":["https:\/\/conversesacatalunya.cat\/es\/el-fin-del-bastion-sanchista-la-caida-de-pepa-bueno-en-el-pais-solo-queda-el-enclave-de-la-vanguardia\/"]}]},{"@type":"ImageObject","inLanguage":"es","@id":"https:\/\/conversesacatalunya.cat\/es\/el-fin-del-bastion-sanchista-la-caida-de-pepa-bueno-en-el-pais-solo-queda-el-enclave-de-la-vanguardia\/#primaryimage","url":"https:\/\/conversesacatalunya.cat\/wp-content\/uploads\/2025\/06\/Captura.jpg","contentUrl":"https:\/\/conversesacatalunya.cat\/wp-content\/uploads\/2025\/06\/Captura.jpg","width":742,"height":419,"caption":"S\u00e1nchez El Pa\u00eds"},{"@type":"BreadcrumbList","@id":"https:\/\/conversesacatalunya.cat\/es\/el-fin-del-bastion-sanchista-la-caida-de-pepa-bueno-en-el-pais-solo-queda-el-enclave-de-la-vanguardia\/#breadcrumb","itemListElement":[{"@type":"ListItem","position":1,"name":"Inici","item":"https:\/\/conversesacatalunya.cat\/es\/"},{"@type":"ListItem","position":2,"name":"El fin del basti\u00f3n sanchista: la ca\u00edda de Pepa Bueno en El Pa\u00eds. Solo queda el enclave de La Vanguardia"}]},{"@type":"WebSite","@id":"https:\/\/conversesacatalunya.cat\/#website","url":"https:\/\/conversesacatalunya.cat\/","name":"Converses a Catalunya","description":"","potentialAction":[{"@type":"SearchAction","target":{"@type":"EntryPoint","urlTemplate":"https:\/\/conversesacatalunya.cat\/?s={search_term_string}"},"query-input":{"@type":"PropertyValueSpecification","valueRequired":true,"valueName":"search_term_string"}}],"inLanguage":"es"},{"@type":"Person","@id":"https:\/\/conversesacatalunya.cat\/#\/schema\/person\/79bd0577b2f3afc8d6519d207c6e8609","name":"Enric Casanovas","image":{"@type":"ImageObject","inLanguage":"es","@id":"https:\/\/conversesacatalunya.cat\/#\/schema\/person\/image\/","url":"https:\/\/conversesacatalunya.cat\/wp-content\/litespeed\/avatar\/7ae4379ad4421ec77820e92afd36dd78.jpg?ver=1777373933","contentUrl":"https:\/\/conversesacatalunya.cat\/wp-content\/litespeed\/avatar\/7ae4379ad4421ec77820e92afd36dd78.jpg?ver=1777373933","caption":"Enric Casanovas"},"url":"https:\/\/conversesacatalunya.cat\/es\/author\/enric-casanovas\/"}]}},"wps_subtitle":"La destituci\u00f3n de Pepa Bueno como directora de El Pa\u00eds no fue solo un cambio en la cabecera del diario m\u00e1s influyente de la izquierda espa\u00f1ola: fue la consumaci\u00f3n de un terremoto empresarial y pol\u00edtico que deja a Pedro S\u00e1nchez sin su altavoz m\u00e1s potente en un momento decisivo.","_links":{"self":[{"href":"https:\/\/conversesacatalunya.cat\/es\/wp-json\/wp\/v2\/posts\/89168","targetHints":{"allow":["GET"]}}],"collection":[{"href":"https:\/\/conversesacatalunya.cat\/es\/wp-json\/wp\/v2\/posts"}],"about":[{"href":"https:\/\/conversesacatalunya.cat\/es\/wp-json\/wp\/v2\/types\/post"}],"author":[{"embeddable":true,"href":"https:\/\/conversesacatalunya.cat\/es\/wp-json\/wp\/v2\/users\/77"}],"replies":[{"embeddable":true,"href":"https:\/\/conversesacatalunya.cat\/es\/wp-json\/wp\/v2\/comments?post=89168"}],"version-history":[{"count":8,"href":"https:\/\/conversesacatalunya.cat\/es\/wp-json\/wp\/v2\/posts\/89168\/revisions"}],"predecessor-version":[{"id":89181,"href":"https:\/\/conversesacatalunya.cat\/es\/wp-json\/wp\/v2\/posts\/89168\/revisions\/89181"}],"wp:featuredmedia":[{"embeddable":true,"href":"https:\/\/conversesacatalunya.cat\/es\/wp-json\/wp\/v2\/media\/89175"}],"wp:attachment":[{"href":"https:\/\/conversesacatalunya.cat\/es\/wp-json\/wp\/v2\/media?parent=89168"}],"wp:term":[{"taxonomy":"category","embeddable":true,"href":"https:\/\/conversesacatalunya.cat\/es\/wp-json\/wp\/v2\/categories?post=89168"},{"taxonomy":"post_tag","embeddable":true,"href":"https:\/\/conversesacatalunya.cat\/es\/wp-json\/wp\/v2\/tags?post=89168"}],"curies":[{"name":"wp","href":"https:\/\/api.w.org\/{rel}","templated":true}]}}