{"id":89160,"date":"2025-06-05T07:00:31","date_gmt":"2025-06-05T05:00:31","guid":{"rendered":"https:\/\/conversesacatalunya.cat\/?p=89160"},"modified":"2025-06-05T07:11:21","modified_gmt":"2025-06-05T05:11:21","slug":"una-gestion-sostenible-del-agua-para-la-reduccion-de-plasticos","status":"publish","type":"post","link":"https:\/\/conversesacatalunya.cat\/es\/una-gestion-sostenible-del-agua-para-la-reduccion-de-plasticos\/","title":{"rendered":"Una gesti\u00f3n sostenible del agua para la reducci\u00f3n de pl\u00e1sticos"},"content":{"rendered":"<p><span><span class=\"VIpgJd-yAWNEb-VIpgJd-fmcmS-sn54Q\">En el\u00a0<\/span><\/span><strong><span><span class=\"VIpgJd-yAWNEb-VIpgJd-fmcmS-sn54Q\">D\u00eda Mundial del Medio Ambiente de 2025<\/span><\/span><\/strong><span><span class=\"VIpgJd-yAWNEb-VIpgJd-fmcmS-sn54Q\">,\u00a0la Organizaci\u00f3n de Naciones Unidas pone el foco en un desaf\u00edo global, la contaminaci\u00f3n por pl\u00e1sticos.<\/span><\/span><\/p>\n<p><span><span class=\"VIpgJd-yAWNEb-VIpgJd-fmcmS-sn54Q\">La ra\u00edz del problema es muy simple y se encuentra, por una parte, en\u00a0<\/span><\/span><strong><span><span class=\"VIpgJd-yAWNEb-VIpgJd-fmcmS-sn54Q\">el uso masivo de los pl\u00e1sticos en las cadenas industriales<\/span><\/span><\/strong><span><span class=\"VIpgJd-yAWNEb-VIpgJd-fmcmS-sn54Q\">\u00a0(m\u00e1s de 400 millones de toneladas anuales) y, por otra, en la\u00a0<\/span><\/span><strong><span><span class=\"VIpgJd-yAWNEb-VIpgJd-fmcmS-sn54Q\">lenta degradaci\u00f3n de la composici\u00f3n qu\u00edmica de los materiales con los que se fabrican. <\/span><\/span><\/strong><span><span class=\"VIpgJd-yAWNEb-VIpgJd-fmcmS-sn54Q\"> As\u00ed, por ejemplo, una bolsa de pl\u00e1stico de las que utilizamos en el supermercado puede tardar 150 a\u00f1os en degradarse y una simple botella de agua, m\u00e1s de 1.000 a\u00f1os.<\/span><\/span><\/p>\n<p><span>Este reto planetario tiene un v\u00ednculo estrecho con el delicado equilibrio del ciclo del agua, ya que se estima que\u00a0<\/span><strong><span>una media de 11 millones de toneladas de pl\u00e1stico son vertidas a\u00f1o tras a\u00f1o a los oc\u00e9anos;<\/span><\/strong><span> el equivalente a verter un cami\u00f3n de basura lleno de pl\u00e1sticos cada minuto, al peso de hasta 1.089 veces la Torre Eiffel o a 46 veces el espacio que ocupa la isla de Manhattan.<\/span><\/p>\n<p><span><span class=\"VIpgJd-yAWNEb-VIpgJd-fmcmS-sn54Q\">Adem\u00e1s, los estudios afirman que\u00a0<\/span><\/span><strong><span><span class=\"VIpgJd-yAWNEb-VIpgJd-fmcmS-sn54Q\">el mar Mediterr\u00e1neo representa la sexta zona de mayor acumulaci\u00f3n de residuos pl\u00e1sticos del mundo,<\/span><\/span><\/strong><span><span class=\"VIpgJd-yAWNEb-VIpgJd-fmcmS-sn54Q\">\u00a0con una concentraci\u00f3n de hasta el 7% de los micropl\u00e1sticos (part\u00edculas con menos de 5 mil\u00edmetros de di\u00e1metro) del planeta. Y el panorama se agrava a\u00fan m\u00e1s si tenemos en cuenta que alrededor de un tercio del conjunto de desechos pl\u00e1sticos terminar\u00e1 en suelos o masas de agua dulce.<\/span><\/span><\/p>\n<p><span>Es evidente que la contaminaci\u00f3n de los pl\u00e1sticos se extiende por todos los rincones del planeta y se ha convertido en uno de los retos medioambientales m\u00e1s urgentes de nuestro tiempo.<\/span><\/p>\n<h4><strong><a href=\"https:\/\/www.aiguesdebarcelona.cat\/es\/web\/ab-corporativa\/\" target=\"_blank\" rel=\"noopener\"><span><span class=\"VIpgJd-yAWNEb-VIpgJd-fmcmS-sn54Q\">Aig\u00fces de Barcelona<\/span><\/span><\/a><span><span class=\"VIpgJd-yAWNEb-VIpgJd-fmcmS-sn54Q\">,\u00a0\u200b\u200bcomprometida con la sostenibilidad y el medio ambiente<\/span><\/span><\/strong><\/h4>\n<p><span>En el D\u00eda Mundial del Medio Ambiente de este a\u00f1o, Naciones Unidas nos invita a\u00a0<\/span><strong><span>transformar nuestra relaci\u00f3n con el pl\u00e1stico:<\/span><\/strong><span>\u00a0a rechazarlo, reducirlo, reutilizarlo, reciclarlo y, sobre todo, a reflexionar sobre \u00e9l y actuar para construir un futuro m\u00e1s limpio y sostenible.<\/span><\/p>\n<p><strong><a href=\"https:\/\/www.aiguesdebarcelona.cat\/es\/web\/ab-corporativa\/\" target=\"_blank\" rel=\"noopener\"><span><span class=\"VIpgJd-yAWNEb-VIpgJd-fmcmS-sn54Q\">Aig\u00fces de Barcelona<\/span><\/span><\/a><span><span class=\"VIpgJd-yAWNEb-VIpgJd-fmcmS-sn54Q\">,\u00a0<\/span><\/span><\/strong><span><\/span><strong><span><span class=\"VIpgJd-yAWNEb-VIpgJd-fmcmS-sn54Q\">\u200b\u200breferente en la gesti\u00f3n del agua desde hace cerca de 158 a\u00f1os<\/span><\/span><\/strong><span><span class=\"VIpgJd-yAWNEb-VIpgJd-fmcmS-sn54Q\">\u00a0y compa\u00f1\u00eda comprometida con la preservaci\u00f3n de la salud del medio y de las personas, lleva tiempo trabajando para contribuir a la sostenibilidad del territorio metropolitano mediante la colaboraci\u00f3n en grandes eventos deportivos, culturales o tecnol\u00f3gicos para reducir su impacto ambiental mientras se fomenta la hidrataci\u00f3n sostenible.<\/span><\/span><\/p>\n<p><span><span class=\"VIpgJd-yAWNEb-VIpgJd-fmcmS-sn54Q\">Por medio de la instalaci\u00f3n de fuentes de agua potable en grandes eventos y el c\u00e1lculo de la huella h\u00eddrica y de carbono, la compa\u00f1\u00eda ha contribuido a la descarbonizaci\u00f3n del ecosistema metropolitano. De este modo,\u00a0<\/span><\/span><strong><span><span class=\"VIpgJd-yAWNEb-VIpgJd-fmcmS-sn54Q\">el a\u00f1o pasado Aig\u00fces de Barcelona instal\u00f3 91 puntos de agua del grifo en 13 eventos<\/span><\/span><\/strong><span><span class=\"VIpgJd-yAWNEb-VIpgJd-fmcmS-sn54Q\">\u00a0que, en el caso de las dos citas de mayor impacto (Copa Am\u00e9rica de vela y Trofeo Conde de God\u00f3 de tenis) consiguieron evitar la generaci\u00f3n de m\u00e1s de 30.000 kg de CO\u00a0<\/span><\/span><sub><span><span class=\"VIpgJd-yAWNEb-VIpgJd-fmcmS-sn54Q\">2<\/span><\/span><\/sub><span><span class=\"VIpgJd-yAWNEb-VIpgJd-fmcmS-sn54Q\">, m\u00e1s de 3.000 kg de pl\u00e1stico y m\u00e1s de 475.000 litros de huella h\u00eddrica.<\/span><\/span><\/p>\n<figure id=\"attachment_88906\" aria-describedby=\"caption-attachment-88906\" style=\"width: 854px\" class=\"wp-caption alignnone\"><img fetchpriority=\"high\" decoding=\"async\" class=\"wp-image-88906 size-full\" src=\"https:\/\/conversesacatalunya.cat\/wp-content\/uploads\/2025\/05\/Captura-2-1.jpg\" alt=\"\" width=\"854\" height=\"556\" srcset=\"https:\/\/conversesacatalunya.cat\/wp-content\/uploads\/2025\/05\/Captura-2-1.jpg 854w, https:\/\/conversesacatalunya.cat\/wp-content\/uploads\/2025\/05\/Captura-2-1-300x195.jpg 300w\" sizes=\"(max-width: 854px) 100vw, 854px\" \/><figcaption id=\"caption-attachment-88906\" class=\"wp-caption-text\">La compa\u00f1\u00eda colabora en distintas carreras populares para reducir el impacto ambiental y fomentar la hidrataci\u00f3n sostenible. Foto: Aig\u00fces de Barcelona<\/figcaption><\/figure>\n<p><span><span class=\"VIpgJd-yAWNEb-VIpgJd-fmcmS-sn54Q\">Adem\u00e1s del acompa\u00f1amiento en la instalaci\u00f3n de fuentes, la monitorizaci\u00f3n de la huella de carbono y el asesoramiento para la reducci\u00f3n de la huella h\u00eddrica en el\u00a0<\/span><strong><span class=\"VIpgJd-yAWNEb-VIpgJd-fmcmS-sn54Q\">Trofeo\u00a0<\/span><\/strong><\/span><strong><span><span class=\"VIpgJd-yAWNEb-VIpgJd-fmcmS-sn54Q\">Conde de God\u00f3 y la Copa Am\u00e9rica<\/span><\/span><\/strong><span><span class=\"VIpgJd-yAWNEb-VIpgJd-fmcmS-sn54Q\">,\u00a0Aig\u00fces de Barcelona ha colaborado activamente en otros grandes eventos metropolitanos como el\u00a0<\/span><\/span><strong><span><span class=\"VIpgJd-yAWNEb-VIpgJd-fmcmS-sn54Q\">Mobile World Congress<\/span><\/span><\/strong><span><span class=\"VIpgJd-yAWNEb-VIpgJd-fmcmS-sn54Q\"><strong> 2025<\/strong>, la cita tecnol\u00f3gica m\u00e1s importante del mundo, donde fue partner de sostenibilidad y foment\u00f3 el residuo cero.<\/span><\/span><\/p>\n<p><span><span class=\"VIpgJd-yAWNEb-VIpgJd-fmcmS-sn54Q\">La compa\u00f1\u00eda tambi\u00e9n ha instalado los\u00a0<\/span><\/span><strong><span><span class=\"VIpgJd-yAWNEb-VIpgJd-fmcmS-sn54Q\">puntos de avituallamiento de las grandes carreras populares de Barcelona<\/span><\/span><\/strong><span><span class=\"VIpgJd-yAWNEb-VIpgJd-fmcmS-sn54Q\">\u00a0para evitar el desperdicio de agua y los pl\u00e1sticos desechables, como la Media Marat\u00f3n de Barcelona, \u200b\u200bla Jean Bouin, la Carrera El Corte Ingl\u00e9s, la Carrera de Bomberos de Barcelona, \u200b\u200bCros Challenge del Consejo Escolar de Barcelona o el CEM de la Mar Bella.<\/span><\/span><\/p>\n<p><span><span class=\"VIpgJd-yAWNEb-VIpgJd-fmcmS-sn54Q\">De esta forma,\u00a0<\/span><\/span><strong><span><span class=\"VIpgJd-yAWNEb-VIpgJd-fmcmS-sn54Q\">estas fuentes de agua potable instaladas en todo tipo de eventos evitan la generaci\u00f3n de residuos pl\u00e1sticos en las ciudades<\/span><\/span><\/strong><span><span class=\"VIpgJd-yAWNEb-VIpgJd-fmcmS-sn54Q\">\u00a0y garantizan una hidrataci\u00f3n saludable entre el p\u00fablico asistente.<\/span><\/span><\/p>\n<h4><strong><span><span class=\"VIpgJd-yAWNEb-VIpgJd-fmcmS-sn54Q\">Por un ciclo integral del agua sostenible<\/span><\/span><\/strong><\/h4>\n<p><span>Como empresa responsable de la gesti\u00f3n del ciclo integral del agua en el \u00e1rea metropolitana de Barcelona y compa\u00f1\u00eda comprometida con el prop\u00f3sito de cambiar el futuro a trav\u00e9s del impulso del agua,\u00a0<\/span><strong><span>Aig\u00fces de Barcelona<\/span><\/strong><span>\u00a0sigue trabajando en favor de ciudades m\u00e1s resilientes, sostenibles e inteligentes, donde se cuide la salud de las personas y del medio.<\/span><\/p>\n<p><span><span class=\"VIpgJd-yAWNEb-VIpgJd-fmcmS-sn54Q\">Una apuesta por la sostenibilidad que le ha llevado a desplegar ambiciosas iniciativas e inversiones para adaptarse al reto del cambio clim\u00e1tico, adem\u00e1s de mitigarlo y liderarlo. Esto le ha valido el reconocimiento de la International Water Association (IWA) como \u00abClimate Smart Utility\u00bb en 2022.\u00a0<\/span><\/span><strong><span><span class=\"VIpgJd-yAWNEb-VIpgJd-fmcmS-sn54Q\">Se trata del primer reconocimiento que recibe una compa\u00f1\u00eda de gesti\u00f3n del ciclo integral del agua en Catalu\u00f1a<\/span><\/span><\/strong><span><span class=\"VIpgJd-yAWNEb-VIpgJd-fmcmS-sn54Q\">, que, adem\u00e1s de avalar e impulsar la acci\u00f3n clim\u00e1tica de Aig\u00fces de Barcelona, \u200b\u200bpermite crear una red de pr\u00e1cticas ambientales de referencia con otros agentes del<\/span><\/span> sector.<\/p>\n<p><span><span class=\"VIpgJd-yAWNEb-VIpgJd-fmcmS-sn54Q\">Adem\u00e1s,\u00a0<\/span><\/span><a href=\"https:\/\/conversesacatalunya.cat\/es\/agua-regenerada-la-clave-sostenible-para-vencer-la-sequia\/\" target=\"_blank\" rel=\"noopener\"><strong><span><span class=\"VIpgJd-yAWNEb-VIpgJd-fmcmS-sn54Q\">en junio del a\u00f1o pasado<\/span><\/span><\/strong><\/a><span><span class=\"VIpgJd-yAWNEb-VIpgJd-fmcmS-sn54Q\">,\u00a0Aig\u00fces de Barcelona recibi\u00f3 la aprobaci\u00f3n de los objetivos de reducci\u00f3n de emisi\u00f3n de gases de efecto invernadero a corto plazo (Near-Term) y de cero emisiones netas (Net-Cero) por parte de la iniciativa Science Based Targets (SBTi). De este modo,\u00a0<\/span><\/span><strong><span><span class=\"VIpgJd-yAWNEb-VIpgJd-fmcmS-sn54Q\">Aig\u00fces de Barcelona fue la primera empresa en el mundo del sector del agua con los objetivos Net-Zero aprobados<\/span><\/span><\/strong><span><span class=\"VIpgJd-yAWNEb-VIpgJd-fmcmS-sn54Q\">,\u00a0la designaci\u00f3n m\u00e1s ambiciosa disponible a trav\u00e9s del proceso SBTi.<\/span><\/span><\/p>\n<span class='bctt-click-to-tweet'><span class='bctt-ctt-text'><a href='https:\/\/twitter.com\/intent\/tweet?url=https%3A%2F%2Fconversesacatalunya.cat%2Fes%2Funa-gestion-sostenible-del-agua-para-la-reduccion-de-plasticos%2F&#038;text=Una%20bolsa%20de%20pl%C3%A1stico%20de%20las%20que%20utilizamos%20en%20el%20supermercado%20puede%20tardar%20150%20a%C3%B1os%20en%20degradarse%20y%20una%20simple%20botella%20de%20agua%2C%20m%C3%A1s%20de%201.000%20a%C3%B1os&#038;via=conversesacat&#038;related=conversesacat' target='_blank'rel=\"noopener noreferrer\">Una bolsa de pl\u00e1stico de las que utilizamos en el supermercado puede tardar 150 a\u00f1os en degradarse y una simple botella de agua, m\u00e1s de 1.000 a\u00f1os <\/a><\/span><a href='https:\/\/twitter.com\/intent\/tweet?url=https%3A%2F%2Fconversesacatalunya.cat%2Fes%2Funa-gestion-sostenible-del-agua-para-la-reduccion-de-plasticos%2F&#038;text=Una%20bolsa%20de%20pl%C3%A1stico%20de%20las%20que%20utilizamos%20en%20el%20supermercado%20puede%20tardar%20150%20a%C3%B1os%20en%20degradarse%20y%20una%20simple%20botella%20de%20agua%2C%20m%C3%A1s%20de%201.000%20a%C3%B1os&#038;via=conversesacat&#038;related=conversesacat' target='_blank' class='bctt-ctt-btn'rel=\"noopener noreferrer\">Compartir en X<\/a><\/span>\n<p>&nbsp;<\/p>\n","protected":false},"excerpt":{"rendered":"<p>En el\u00a0D\u00eda Mundial del Medio Ambiente de 2025,\u00a0la Organizaci\u00f3n de Naciones Unidas pone el foco en un desaf\u00edo global, la contaminaci\u00f3n por pl\u00e1sticos. La ra\u00edz del problema es muy simple y se encuentra, por una parte, en\u00a0el uso masivo de los pl\u00e1sticos en las cadenas industriales\u00a0(m\u00e1s de 400 millones de toneladas anuales) y, por otra, en la\u00a0lenta degradaci\u00f3n de la composici\u00f3n qu\u00edmica de los materiales con los que se fabrican. As\u00ed, por ejemplo, una bolsa de pl\u00e1stico de las que utilizamos en el supermercado puede tardar 150 a\u00f1os en degradarse y una simple botella de agua, m\u00e1s de 1.000 a\u00f1os. Este reto planetario tiene un v\u00ednculo estrecho con el delicado equilibrio del ciclo del agua, ya que se estima que\u00a0una media de 11 millones de toneladas de pl\u00e1stico son vertidas a\u00f1o tras a\u00f1o a los oc\u00e9anos; el equivalente a verter un cami\u00f3n de basura lleno de pl\u00e1sticos cada minuto, al peso de hasta 1.089 veces la Torre Eiffel o a 46 veces el espacio que ocupa la isla de Manhattan. Adem\u00e1s, los estudios afirman que\u00a0el mar Mediterr\u00e1neo representa la sexta zona de mayor acumulaci\u00f3n de residuos pl\u00e1sticos del mundo,\u00a0con una concentraci\u00f3n de hasta el 7% de los micropl\u00e1sticos (part\u00edculas con menos de 5 mil\u00edmetros de di\u00e1metro) del planeta. Y el panorama se agrava a\u00fan m\u00e1s si tenemos en cuenta que alrededor de un tercio del conjunto de desechos pl\u00e1sticos terminar\u00e1 en suelos o masas de agua dulce. Es evidente que la contaminaci\u00f3n de los pl\u00e1sticos se extiende por todos los rincones del planeta y se ha convertido en uno de los retos medioambientales m\u00e1s urgentes de nuestro tiempo. Aig\u00fces de Barcelona,\u00a0\u200b\u200bcomprometida con la sostenibilidad y el medio ambiente En el D\u00eda Mundial del Medio Ambiente de este a\u00f1o, Naciones Unidas nos invita a\u00a0transformar nuestra relaci\u00f3n con el pl\u00e1stico:\u00a0a rechazarlo, reducirlo, reutilizarlo, reciclarlo y, sobre todo, a reflexionar sobre \u00e9l y actuar para construir un futuro m\u00e1s limpio y sostenible. Aig\u00fces de Barcelona,\u00a0\u200b\u200breferente en la gesti\u00f3n del agua desde hace cerca de 158 a\u00f1os\u00a0y compa\u00f1\u00eda comprometida con la preservaci\u00f3n de la salud del medio y de las personas, lleva tiempo trabajando para contribuir a la sostenibilidad del territorio metropolitano mediante la colaboraci\u00f3n en grandes eventos deportivos, culturales o tecnol\u00f3gicos para reducir su impacto ambiental mientras se fomenta la hidrataci\u00f3n sostenible. Por medio de la instalaci\u00f3n de fuentes de agua potable en grandes eventos y el c\u00e1lculo de la huella h\u00eddrica y de carbono, la compa\u00f1\u00eda ha contribuido a la descarbonizaci\u00f3n del ecosistema metropolitano. De este modo,\u00a0el a\u00f1o pasado Aig\u00fces de Barcelona instal\u00f3 91 puntos de agua del grifo en 13 eventos\u00a0que, en el caso de las dos citas de mayor impacto (Copa Am\u00e9rica de vela y Trofeo Conde de God\u00f3 de tenis) consiguieron evitar la generaci\u00f3n de m\u00e1s de 30.000 kg de CO\u00a02, m\u00e1s de 3.000 kg de pl\u00e1stico y m\u00e1s de 475.000 litros de huella h\u00eddrica. Adem\u00e1s del acompa\u00f1amiento en la instalaci\u00f3n de fuentes, la monitorizaci\u00f3n de la huella de carbono y el asesoramiento para la reducci\u00f3n de la huella h\u00eddrica en el\u00a0Trofeo\u00a0Conde de God\u00f3 y la Copa Am\u00e9rica,\u00a0Aig\u00fces de Barcelona ha colaborado activamente en otros grandes eventos metropolitanos como el\u00a0Mobile World Congress 2025, la cita tecnol\u00f3gica m\u00e1s importante del mundo, donde fue partner de sostenibilidad y foment\u00f3 el residuo cero. La compa\u00f1\u00eda tambi\u00e9n ha instalado los\u00a0puntos de avituallamiento de las grandes carreras populares de Barcelona\u00a0para evitar el desperdicio de agua y los pl\u00e1sticos desechables, como la Media Marat\u00f3n de Barcelona, \u200b\u200bla Jean Bouin, la Carrera El Corte Ingl\u00e9s, la Carrera de Bomberos de Barcelona, \u200b\u200bCros Challenge del Consejo Escolar de Barcelona o el CEM de la Mar Bella. De esta forma,\u00a0estas fuentes de agua potable instaladas en todo tipo de eventos evitan la generaci\u00f3n de residuos pl\u00e1sticos en las ciudades\u00a0y garantizan una hidrataci\u00f3n saludable entre el p\u00fablico asistente. Por un ciclo integral del agua sostenible Como empresa responsable de la gesti\u00f3n del ciclo integral del agua en el \u00e1rea metropolitana de Barcelona y compa\u00f1\u00eda comprometida con el prop\u00f3sito de cambiar el futuro a trav\u00e9s del impulso del agua,\u00a0Aig\u00fces de Barcelona\u00a0sigue trabajando en favor de ciudades m\u00e1s resilientes, sostenibles e inteligentes, donde se cuide la salud de las personas y del medio. Una apuesta por la sostenibilidad que le ha llevado a desplegar ambiciosas iniciativas e inversiones para adaptarse al reto del cambio clim\u00e1tico, adem\u00e1s de mitigarlo y liderarlo. Esto le ha valido el reconocimiento de la International Water Association (IWA) como \u00abClimate Smart Utility\u00bb en 2022.\u00a0Se trata del primer reconocimiento que recibe una compa\u00f1\u00eda de gesti\u00f3n del ciclo integral del agua en Catalu\u00f1a, que, adem\u00e1s de avalar e impulsar la acci\u00f3n clim\u00e1tica de Aig\u00fces de Barcelona, \u200b\u200bpermite crear una red de pr\u00e1cticas ambientales de referencia con otros agentes del sector. Adem\u00e1s,\u00a0en junio del a\u00f1o pasado,\u00a0Aig\u00fces de Barcelona recibi\u00f3 la aprobaci\u00f3n de los objetivos de reducci\u00f3n de emisi\u00f3n de gases de efecto invernadero a corto plazo (Near-Term) y de cero emisiones netas (Net-Cero) por parte de la iniciativa Science Based Targets (SBTi). De este modo,\u00a0Aig\u00fces de Barcelona fue la primera empresa en el mundo del sector del agua con los objetivos Net-Zero aprobados,\u00a0la designaci\u00f3n m\u00e1s ambiciosa disponible a trav\u00e9s del proceso SBTi. &nbsp;<\/p>\n","protected":false},"author":3,"featured_media":88903,"comment_status":"open","ping_status":"open","sticky":false,"template":"","format":"standard","meta":{"_FSMCFIC_featured_image_caption":"Aig\u00fces de Barcelona instal\u00f3 fuentes de agua en la \u00faltima edici\u00f3n de la Copa Am\u00e9rica de vela para reducir los residuos pl\u00e1sticos. Foto: Aig\u00fces de Barcelona","_FSMCFIC_featured_image_nocaption":"","_FSMCFIC_featured_image_hide":"","footnotes":""},"categories":[806],"tags":[2498],"class_list":["post-89160","post","type-post","status-publish","format-standard","has-post-thumbnail","hentry","category-punts-claus-del-dia-es","tag-dia-mundial-del-medi-ambient-es"],"yoast_head":"<!-- This site is optimized with the Yoast SEO plugin v26.8 - https:\/\/yoast.com\/product\/yoast-seo-wordpress\/ -->\n<title>Una gesti\u00f3n sostenible del agua para la reducci\u00f3n de pl\u00e1sticos - Converses a Catalunya<\/title>\n<meta name=\"description\" content=\"Una bolsa de pl\u00e1stico del supermercado puede tardar 150 a\u00f1os en degradarse y una simple botella de agua, m\u00e1s de 1.000 a\u00f1os\" \/>\n<meta name=\"robots\" content=\"noindex, nofollow\" \/>\n<meta property=\"og:locale\" content=\"es_ES\" \/>\n<meta property=\"og:type\" content=\"article\" \/>\n<meta property=\"og:title\" content=\"Una gesti\u00f3n sostenible del agua para la reducci\u00f3n de pl\u00e1sticos - Converses a Catalunya\" \/>\n<meta property=\"og:description\" content=\"Una bolsa de pl\u00e1stico del supermercado puede tardar 150 a\u00f1os en degradarse y una simple botella de agua, m\u00e1s de 1.000 a\u00f1os\" \/>\n<meta property=\"og:url\" content=\"https:\/\/conversesacatalunya.cat\/es\/una-gestion-sostenible-del-agua-para-la-reduccion-de-plasticos\/\" \/>\n<meta property=\"og:site_name\" content=\"Converses a Catalunya\" \/>\n<meta property=\"article:published_time\" content=\"2025-06-05T05:00:31+00:00\" \/>\n<meta property=\"article:modified_time\" content=\"2025-06-05T05:11:21+00:00\" \/>\n<meta property=\"og:image\" content=\"https:\/\/conversesacatalunya.cat\/wp-content\/uploads\/2025\/05\/Captura-6.jpg\" \/>\n\t<meta property=\"og:image:width\" content=\"859\" \/>\n\t<meta property=\"og:image:height\" content=\"595\" \/>\n\t<meta property=\"og:image:type\" content=\"image\/jpeg\" \/>\n<meta name=\"author\" content=\"conversesacatalunya\" \/>\n<meta name=\"twitter:card\" content=\"summary_large_image\" \/>\n<meta name=\"twitter:label1\" content=\"Escrito por\" \/>\n\t<meta name=\"twitter:data1\" content=\"conversesacatalunya\" \/>\n\t<meta name=\"twitter:label2\" content=\"Tiempo de lectura\" \/>\n\t<meta name=\"twitter:data2\" content=\"5 minutos\" \/>\n<script type=\"application\/ld+json\" class=\"yoast-schema-graph\">{\"@context\":\"https:\/\/schema.org\",\"@graph\":[{\"@type\":\"Article\",\"@id\":\"https:\/\/conversesacatalunya.cat\/es\/una-gestion-sostenible-del-agua-para-la-reduccion-de-plasticos\/#article\",\"isPartOf\":{\"@id\":\"https:\/\/conversesacatalunya.cat\/es\/una-gestion-sostenible-del-agua-para-la-reduccion-de-plasticos\/\"},\"author\":{\"name\":\"conversesacatalunya\",\"@id\":\"https:\/\/conversesacatalunya.cat\/#\/schema\/person\/982274792508d804a0821b413c9ac076\"},\"headline\":\"Una gesti\u00f3n sostenible del agua para la reducci\u00f3n de pl\u00e1sticos\",\"datePublished\":\"2025-06-05T05:00:31+00:00\",\"dateModified\":\"2025-06-05T05:11:21+00:00\",\"mainEntityOfPage\":{\"@id\":\"https:\/\/conversesacatalunya.cat\/es\/una-gestion-sostenible-del-agua-para-la-reduccion-de-plasticos\/\"},\"wordCount\":1053,\"commentCount\":0,\"image\":{\"@id\":\"https:\/\/conversesacatalunya.cat\/es\/una-gestion-sostenible-del-agua-para-la-reduccion-de-plasticos\/#primaryimage\"},\"thumbnailUrl\":\"https:\/\/conversesacatalunya.cat\/wp-content\/uploads\/2025\/05\/Captura-6.jpg\",\"keywords\":[\"Dia Mundial del Medi Ambient\"],\"articleSection\":[\"Punts clau del dia (ES)\"],\"inLanguage\":\"es\",\"potentialAction\":[{\"@type\":\"CommentAction\",\"name\":\"Comment\",\"target\":[\"https:\/\/conversesacatalunya.cat\/es\/una-gestion-sostenible-del-agua-para-la-reduccion-de-plasticos\/#respond\"]}]},{\"@type\":\"WebPage\",\"@id\":\"https:\/\/conversesacatalunya.cat\/es\/una-gestion-sostenible-del-agua-para-la-reduccion-de-plasticos\/\",\"url\":\"https:\/\/conversesacatalunya.cat\/es\/una-gestion-sostenible-del-agua-para-la-reduccion-de-plasticos\/\",\"name\":\"Una gesti\u00f3n sostenible del agua para la reducci\u00f3n de pl\u00e1sticos - Converses a Catalunya\",\"isPartOf\":{\"@id\":\"https:\/\/conversesacatalunya.cat\/#website\"},\"primaryImageOfPage\":{\"@id\":\"https:\/\/conversesacatalunya.cat\/es\/una-gestion-sostenible-del-agua-para-la-reduccion-de-plasticos\/#primaryimage\"},\"image\":{\"@id\":\"https:\/\/conversesacatalunya.cat\/es\/una-gestion-sostenible-del-agua-para-la-reduccion-de-plasticos\/#primaryimage\"},\"thumbnailUrl\":\"https:\/\/conversesacatalunya.cat\/wp-content\/uploads\/2025\/05\/Captura-6.jpg\",\"datePublished\":\"2025-06-05T05:00:31+00:00\",\"dateModified\":\"2025-06-05T05:11:21+00:00\",\"author\":{\"@id\":\"https:\/\/conversesacatalunya.cat\/#\/schema\/person\/982274792508d804a0821b413c9ac076\"},\"description\":\"Una bolsa de pl\u00e1stico del supermercado puede tardar 150 a\u00f1os en degradarse y una simple botella de agua, m\u00e1s de 1.000 a\u00f1os\",\"breadcrumb\":{\"@id\":\"https:\/\/conversesacatalunya.cat\/es\/una-gestion-sostenible-del-agua-para-la-reduccion-de-plasticos\/#breadcrumb\"},\"inLanguage\":\"es\",\"potentialAction\":[{\"@type\":\"ReadAction\",\"target\":[\"https:\/\/conversesacatalunya.cat\/es\/una-gestion-sostenible-del-agua-para-la-reduccion-de-plasticos\/\"]}]},{\"@type\":\"ImageObject\",\"inLanguage\":\"es\",\"@id\":\"https:\/\/conversesacatalunya.cat\/es\/una-gestion-sostenible-del-agua-para-la-reduccion-de-plasticos\/#primaryimage\",\"url\":\"https:\/\/conversesacatalunya.cat\/wp-content\/uploads\/2025\/05\/Captura-6.jpg\",\"contentUrl\":\"https:\/\/conversesacatalunya.cat\/wp-content\/uploads\/2025\/05\/Captura-6.jpg\",\"width\":859,\"height\":595},{\"@type\":\"BreadcrumbList\",\"@id\":\"https:\/\/conversesacatalunya.cat\/es\/una-gestion-sostenible-del-agua-para-la-reduccion-de-plasticos\/#breadcrumb\",\"itemListElement\":[{\"@type\":\"ListItem\",\"position\":1,\"name\":\"Inici\",\"item\":\"https:\/\/conversesacatalunya.cat\/es\/\"},{\"@type\":\"ListItem\",\"position\":2,\"name\":\"Una gesti\u00f3n sostenible del agua para la reducci\u00f3n de pl\u00e1sticos\"}]},{\"@type\":\"WebSite\",\"@id\":\"https:\/\/conversesacatalunya.cat\/#website\",\"url\":\"https:\/\/conversesacatalunya.cat\/\",\"name\":\"Converses a Catalunya\",\"description\":\"\",\"potentialAction\":[{\"@type\":\"SearchAction\",\"target\":{\"@type\":\"EntryPoint\",\"urlTemplate\":\"https:\/\/conversesacatalunya.cat\/?s={search_term_string}\"},\"query-input\":{\"@type\":\"PropertyValueSpecification\",\"valueRequired\":true,\"valueName\":\"search_term_string\"}}],\"inLanguage\":\"es\"},{\"@type\":\"Person\",\"@id\":\"https:\/\/conversesacatalunya.cat\/#\/schema\/person\/982274792508d804a0821b413c9ac076\",\"name\":\"conversesacatalunya\",\"image\":{\"@type\":\"ImageObject\",\"inLanguage\":\"es\",\"@id\":\"https:\/\/conversesacatalunya.cat\/#\/schema\/person\/image\/\",\"url\":\"https:\/\/conversesacatalunya.cat\/wp-content\/litespeed\/avatar\/f04b47eeffd9637c7cf7869e217fb9ec.jpg?ver=1777370077\",\"contentUrl\":\"https:\/\/conversesacatalunya.cat\/wp-content\/litespeed\/avatar\/f04b47eeffd9637c7cf7869e217fb9ec.jpg?ver=1777370077\",\"caption\":\"conversesacatalunya\"},\"url\":\"https:\/\/conversesacatalunya.cat\/es\/author\/muntsa_escola\/\"}]}<\/script>\n<!-- \/ Yoast SEO plugin. -->","yoast_head_json":{"title":"Una gesti\u00f3n sostenible del agua para la reducci\u00f3n de pl\u00e1sticos - Converses a Catalunya","description":"Una bolsa de pl\u00e1stico del supermercado puede tardar 150 a\u00f1os en degradarse y una simple botella de agua, m\u00e1s de 1.000 a\u00f1os","robots":{"index":"noindex","follow":"nofollow"},"og_locale":"es_ES","og_type":"article","og_title":"Una gesti\u00f3n sostenible del agua para la reducci\u00f3n de pl\u00e1sticos - Converses a Catalunya","og_description":"Una bolsa de pl\u00e1stico del supermercado puede tardar 150 a\u00f1os en degradarse y una simple botella de agua, m\u00e1s de 1.000 a\u00f1os","og_url":"https:\/\/conversesacatalunya.cat\/es\/una-gestion-sostenible-del-agua-para-la-reduccion-de-plasticos\/","og_site_name":"Converses a Catalunya","article_published_time":"2025-06-05T05:00:31+00:00","article_modified_time":"2025-06-05T05:11:21+00:00","og_image":[{"width":859,"height":595,"url":"https:\/\/conversesacatalunya.cat\/wp-content\/uploads\/2025\/05\/Captura-6.jpg","type":"image\/jpeg"}],"author":"conversesacatalunya","twitter_card":"summary_large_image","twitter_misc":{"Escrito por":"conversesacatalunya","Tiempo de lectura":"5 minutos"},"schema":{"@context":"https:\/\/schema.org","@graph":[{"@type":"Article","@id":"https:\/\/conversesacatalunya.cat\/es\/una-gestion-sostenible-del-agua-para-la-reduccion-de-plasticos\/#article","isPartOf":{"@id":"https:\/\/conversesacatalunya.cat\/es\/una-gestion-sostenible-del-agua-para-la-reduccion-de-plasticos\/"},"author":{"name":"conversesacatalunya","@id":"https:\/\/conversesacatalunya.cat\/#\/schema\/person\/982274792508d804a0821b413c9ac076"},"headline":"Una gesti\u00f3n sostenible del agua para la reducci\u00f3n de pl\u00e1sticos","datePublished":"2025-06-05T05:00:31+00:00","dateModified":"2025-06-05T05:11:21+00:00","mainEntityOfPage":{"@id":"https:\/\/conversesacatalunya.cat\/es\/una-gestion-sostenible-del-agua-para-la-reduccion-de-plasticos\/"},"wordCount":1053,"commentCount":0,"image":{"@id":"https:\/\/conversesacatalunya.cat\/es\/una-gestion-sostenible-del-agua-para-la-reduccion-de-plasticos\/#primaryimage"},"thumbnailUrl":"https:\/\/conversesacatalunya.cat\/wp-content\/uploads\/2025\/05\/Captura-6.jpg","keywords":["Dia Mundial del Medi Ambient"],"articleSection":["Punts clau del dia (ES)"],"inLanguage":"es","potentialAction":[{"@type":"CommentAction","name":"Comment","target":["https:\/\/conversesacatalunya.cat\/es\/una-gestion-sostenible-del-agua-para-la-reduccion-de-plasticos\/#respond"]}]},{"@type":"WebPage","@id":"https:\/\/conversesacatalunya.cat\/es\/una-gestion-sostenible-del-agua-para-la-reduccion-de-plasticos\/","url":"https:\/\/conversesacatalunya.cat\/es\/una-gestion-sostenible-del-agua-para-la-reduccion-de-plasticos\/","name":"Una gesti\u00f3n sostenible del agua para la reducci\u00f3n de pl\u00e1sticos - Converses a Catalunya","isPartOf":{"@id":"https:\/\/conversesacatalunya.cat\/#website"},"primaryImageOfPage":{"@id":"https:\/\/conversesacatalunya.cat\/es\/una-gestion-sostenible-del-agua-para-la-reduccion-de-plasticos\/#primaryimage"},"image":{"@id":"https:\/\/conversesacatalunya.cat\/es\/una-gestion-sostenible-del-agua-para-la-reduccion-de-plasticos\/#primaryimage"},"thumbnailUrl":"https:\/\/conversesacatalunya.cat\/wp-content\/uploads\/2025\/05\/Captura-6.jpg","datePublished":"2025-06-05T05:00:31+00:00","dateModified":"2025-06-05T05:11:21+00:00","author":{"@id":"https:\/\/conversesacatalunya.cat\/#\/schema\/person\/982274792508d804a0821b413c9ac076"},"description":"Una bolsa de pl\u00e1stico del supermercado puede tardar 150 a\u00f1os en degradarse y una simple botella de agua, m\u00e1s de 1.000 a\u00f1os","breadcrumb":{"@id":"https:\/\/conversesacatalunya.cat\/es\/una-gestion-sostenible-del-agua-para-la-reduccion-de-plasticos\/#breadcrumb"},"inLanguage":"es","potentialAction":[{"@type":"ReadAction","target":["https:\/\/conversesacatalunya.cat\/es\/una-gestion-sostenible-del-agua-para-la-reduccion-de-plasticos\/"]}]},{"@type":"ImageObject","inLanguage":"es","@id":"https:\/\/conversesacatalunya.cat\/es\/una-gestion-sostenible-del-agua-para-la-reduccion-de-plasticos\/#primaryimage","url":"https:\/\/conversesacatalunya.cat\/wp-content\/uploads\/2025\/05\/Captura-6.jpg","contentUrl":"https:\/\/conversesacatalunya.cat\/wp-content\/uploads\/2025\/05\/Captura-6.jpg","width":859,"height":595},{"@type":"BreadcrumbList","@id":"https:\/\/conversesacatalunya.cat\/es\/una-gestion-sostenible-del-agua-para-la-reduccion-de-plasticos\/#breadcrumb","itemListElement":[{"@type":"ListItem","position":1,"name":"Inici","item":"https:\/\/conversesacatalunya.cat\/es\/"},{"@type":"ListItem","position":2,"name":"Una gesti\u00f3n sostenible del agua para la reducci\u00f3n de pl\u00e1sticos"}]},{"@type":"WebSite","@id":"https:\/\/conversesacatalunya.cat\/#website","url":"https:\/\/conversesacatalunya.cat\/","name":"Converses a Catalunya","description":"","potentialAction":[{"@type":"SearchAction","target":{"@type":"EntryPoint","urlTemplate":"https:\/\/conversesacatalunya.cat\/?s={search_term_string}"},"query-input":{"@type":"PropertyValueSpecification","valueRequired":true,"valueName":"search_term_string"}}],"inLanguage":"es"},{"@type":"Person","@id":"https:\/\/conversesacatalunya.cat\/#\/schema\/person\/982274792508d804a0821b413c9ac076","name":"conversesacatalunya","image":{"@type":"ImageObject","inLanguage":"es","@id":"https:\/\/conversesacatalunya.cat\/#\/schema\/person\/image\/","url":"https:\/\/conversesacatalunya.cat\/wp-content\/litespeed\/avatar\/f04b47eeffd9637c7cf7869e217fb9ec.jpg?ver=1777370077","contentUrl":"https:\/\/conversesacatalunya.cat\/wp-content\/litespeed\/avatar\/f04b47eeffd9637c7cf7869e217fb9ec.jpg?ver=1777370077","caption":"conversesacatalunya"},"url":"https:\/\/conversesacatalunya.cat\/es\/author\/muntsa_escola\/"}]}},"wps_subtitle":"Aig\u00fces de Barcelona trabaja en la reducci\u00f3n de residuos pl\u00e1sticos mediante la colaboraci\u00f3n con grandes eventos metropolitanos para reducir su impacto ambiental fomentando la hidrataci\u00f3n sostenible.","_links":{"self":[{"href":"https:\/\/conversesacatalunya.cat\/es\/wp-json\/wp\/v2\/posts\/89160","targetHints":{"allow":["GET"]}}],"collection":[{"href":"https:\/\/conversesacatalunya.cat\/es\/wp-json\/wp\/v2\/posts"}],"about":[{"href":"https:\/\/conversesacatalunya.cat\/es\/wp-json\/wp\/v2\/types\/post"}],"author":[{"embeddable":true,"href":"https:\/\/conversesacatalunya.cat\/es\/wp-json\/wp\/v2\/users\/3"}],"replies":[{"embeddable":true,"href":"https:\/\/conversesacatalunya.cat\/es\/wp-json\/wp\/v2\/comments?post=89160"}],"version-history":[{"count":4,"href":"https:\/\/conversesacatalunya.cat\/es\/wp-json\/wp\/v2\/posts\/89160\/revisions"}],"predecessor-version":[{"id":89164,"href":"https:\/\/conversesacatalunya.cat\/es\/wp-json\/wp\/v2\/posts\/89160\/revisions\/89164"}],"wp:featuredmedia":[{"embeddable":true,"href":"https:\/\/conversesacatalunya.cat\/es\/wp-json\/wp\/v2\/media\/88903"}],"wp:attachment":[{"href":"https:\/\/conversesacatalunya.cat\/es\/wp-json\/wp\/v2\/media?parent=89160"}],"wp:term":[{"taxonomy":"category","embeddable":true,"href":"https:\/\/conversesacatalunya.cat\/es\/wp-json\/wp\/v2\/categories?post=89160"},{"taxonomy":"post_tag","embeddable":true,"href":"https:\/\/conversesacatalunya.cat\/es\/wp-json\/wp\/v2\/tags?post=89160"}],"curies":[{"name":"wp","href":"https:\/\/api.w.org\/{rel}","templated":true}]}}