{"id":89107,"date":"2025-06-03T12:57:19","date_gmt":"2025-06-03T10:57:19","guid":{"rendered":"https:\/\/conversesacatalunya.cat\/?p=89107"},"modified":"2025-06-03T13:18:38","modified_gmt":"2025-06-03T11:18:38","slug":"el-tribunal-constitucional-y-la-amnistia-cuando-el-derecho-se-pliega-a-la-conveniencia-politica","status":"publish","type":"post","link":"https:\/\/conversesacatalunya.cat\/es\/el-tribunal-constitucional-y-la-amnistia-cuando-el-derecho-se-pliega-a-la-conveniencia-politica\/","title":{"rendered":"El Tribunal Constitucional y la amnist\u00eda: cuando el derecho se pliega a la conveniencia pol\u00edtica"},"content":{"rendered":"<p>La publicaci\u00f3n \u00a0del borrador de sentencia del Tribunal Constitucional (TC) sobre la Ley de Amnist\u00eda ha confirmado lo que muchos ya intu\u00edan:<strong> el fallo definitivo ser\u00e1 una formalidad.<\/strong><\/p>\n<p>El texto, elaborado por la vicepresidenta del TC, <strong>Inmaculada Montalb\u00e1n<\/strong>, da su bendici\u00f3n \u2014con apenas matices\u2014 a la controvertida <strong>Ley Org\u00e1nica para la \u00abnormalizaci\u00f3n institucional, pol\u00edtica y social en Catalu\u00f1a\u00bb.<\/strong> Y lo hace con una mayor\u00eda gubernamental que asegura que poco m\u00e1s que una coma se cambiar\u00e1 cuando el texto vea la luz oficialmente.<\/p>\n<h4><strong>Este respaldo a la amnist\u00eda parte de una interpretaci\u00f3n expansiva de la Constituci\u00f3n<\/strong><\/h4>\n<p><strong>El legislador puede legislar en todo aquello que no est\u00e9 expresamente prohibido<\/strong>. Sin embargo, esa visi\u00f3n choca con una lectura m\u00e1s garantista y tradicional del orden constitucional, que entiende que el Estado \u2014a diferencia del ciudadano\u2014 solo puede actuar dentro del marco delimitado por la propia Carta Magna. Esta diferencia no es menor. Es, en realidad, el n\u00facleo del debate sobre los l\u00edmites del poder legislativo y el papel del Tribunal Constitucional como garante \u00faltimo del orden jur\u00eddico.<\/p>\n<p>El borrador sostiene que la ley no vulnera derechos fundamentales ni invade la funci\u00f3n judicial, al considerar que no sustituye sentencias, sino que elimina consecuencias punitivas <strong>en aras de un inter\u00e9s superior:<\/strong> <strong>la convivencia<\/strong>. Seg\u00fan el TC, esta norma responde a la necesidad de \u201csuperar las tensiones sociales y pol\u00edticas\u201d derivadas del proceso independentista, un fen\u00f3meno que califica como \u201cuna de las mayores crisis de la democracia espa\u00f1ola\u201d. Y en este punto se dispara la paradoja:<strong> el tribunal asegura no valorar fines pol\u00edticos, pero legitima la norma en funci\u00f3n de ellos<\/strong>.<\/p>\n<p>M\u00e1s all\u00e1 de esta contradicci\u00f3n estructural, <strong>el borrador s\u00ed se\u00f1ala algunos elementos de inconstitucionalidad<\/strong> \u2014aunque menores\u2014 como la exclusi\u00f3n discriminatoria de manifestantes contrarios al \u2018proc\u00e9s\u2019 de los beneficios de la ley, el intento de ampliar el l\u00edmite temporal de la amnist\u00eda sin justificaci\u00f3n suficiente, y la falta de audiencia previa a las acusaciones populares en los procedimientos del Tribunal de Cuentas. No obstante, <strong>no entra a valorar uno de los aspectos m\u00e1s sensibles del caso: la malversaci\u00f3n<\/strong>. El Partido Popular no impugn\u00f3 este punto, lo que permite al TC evitar pronunciarse sobre la posible amnist\u00eda a l\u00edderes como Carles Puigdemont, a\u00fan en el limbo jur\u00eddico.<\/p>\n<h4><strong>El contenido jur\u00eddico no puede ocultar la deriva pol\u00edtica<\/strong><\/h4>\n<p>El TC ha asumido, con este borrador, una funci\u00f3n casi constituyente. Se arroga el <strong>derecho de reinterpretar el texto constitucional<\/strong>, dotando al Congreso de una facultad que no tiene: modificar, de facto, el alcance de la Constituci\u00f3n sin seguir los procedimientos de reforma previstos en la misma. Se consagra as\u00ed una <strong>\u201cConstituci\u00f3n abierta\u201d,<\/strong> no por consenso ni necesidad hist\u00f3rica, sino por una mayor\u00eda coyuntural en el Parlamento y en el propio Tribunal.<\/p>\n<p>El verdadero problema no reside tanto en la amnist\u00eda como en lo que esta implica para el futuro del Estado de derecho. <strong>Si el TC justifica la norma por su contribuci\u00f3n a la \u00abpaz social\u00bb, \u00bfcu\u00e1l ser\u00e1 el l\u00edmite para futuras leyes que invoquen ese mismo argumento?<\/strong> \u00bfQu\u00e9 queda del principio de legalidad si el legislador puede amnistiar delitos en funci\u00f3n de su utilidad pol\u00edtica? \u00bfNo es eso, precisamente, lo que el art\u00edculo 9.3 de la Constituci\u00f3n proh\u00edbe: la arbitrariedad del poder?<\/p>\n<p>La sentencia, que ser\u00e1 debatida a partir del 10 de junio y votada el 24, marcar\u00e1 jurisprudencia para los 23 recursos a\u00fan pendientes sobre la amnist\u00eda. Y lo har\u00e1 en un contexto en el que <strong><a href=\"https:\/\/conversesacatalunya.cat\/es\/significa-la-amnistia-una-crisis-institucional\/\" target=\"_blank\" rel=\"noopener\">las instituciones del Estado<\/a> se ven cada vez m\u00e1s condicionadas por las necesidades pol\u00edticas del momento<\/strong>.<\/p>\n<p>El presidente Pedro <strong>S\u00e1nchez neg\u00f3 hasta la saciedad la constitucionalidad de la amnist\u00eda<\/strong> antes de las elecciones. Solo tras necesitar los votos de Junts para su investidura, cambi\u00f3 su discurso. Esa <strong>metamorfosis<\/strong> \u2014leg\u00edtima en pol\u00edtica, pero t\u00f3xica en derecho\u2014 es lo que ahora intenta revestirse de legalidad desde el propio Constitucional.<\/p>\n<h4><strong>El Tribunal Supremo ya ha planteado su discrepancia<\/strong><\/h4>\n<p>Advierte de una <strong>vulneraci\u00f3n del principio de igualdad<\/strong> (art. 14 CE) <strong>y de la seguridad jur\u00eddica<\/strong>. A su juicio, no se puede amnistiar selectivamente a los delitos del \u2018proc\u00e9s\u2019 sin hacerlo con conductas an\u00e1logas fuera de ese marco pol\u00edtico. Adem\u00e1s, el Supremo rechaza la amnist\u00eda por malversaci\u00f3n, al considerar que los delitos cometidos por Puigdemont y otros dirigentes afectaron intereses financieros de la UE y se realizaron con \u00e1nimo de lucro. La falta de pronunciamiento del TC sobre esta cuesti\u00f3n solo aumenta la incertidumbre.<\/p>\n<p>En \u00faltimo t\u00e9rmino, lo que est\u00e1 en juego no es solo una ley, sino la propia arquitectura del sistema constitucional. <strong>No\u00a0es la primera vez que el Tribunal Constitucional asume un papel que desborda sus competencias tradicionales.<\/strong> Lo hizo tambi\u00e9n con su sentencia sobre el aborto, en la que reinterpret\u00f3 el derecho a la vida hasta desdibujarlo, y lo ha vuelto a hacer ahora al amparar un acto de car\u00e1cter netamente pol\u00edtico bajo la apariencia de una norma general.<\/p>\n<p>Estamos ante una sentencia con impacto estructural. No solo avala una amnist\u00eda. Avala un m\u00e9todo. Y ese m\u00e9todo puede ser replicado por cualquier mayor\u00eda que, en el futuro, quiera moldear la Constituci\u00f3n sin reformarla. <strong>El da\u00f1o no est\u00e1 en la medida, sino en el precedente.<\/strong> La grieta abierta hoy podr\u00eda convertirse ma\u00f1ana en una v\u00eda de escape del constitucionalismo. Y entonces, ya no habr\u00e1 tribunal que pueda cerrarla.<\/p>\n<span class='bctt-click-to-tweet'><span class='bctt-ctt-text'><a href='https:\/\/twitter.com\/intent\/tweet?url=https%3A%2F%2Fconversesacatalunya.cat%2Fes%2Fel-tribunal-constitucional-y-la-amnistia-cuando-el-derecho-se-pliega-a-la-conveniencia-politica%2F&#038;text=Estamos%20ante%20una%20sentencia%20con%20impacto%20estructural.%20No%20solo%20avala%20una%20amnist%C3%ADa.%20Avala%20un%20m%C3%A9todo.%20Y%20ese%20m%C3%A9todo%20puede%20ser%20replicado%20por%20cualquier%20mayor%C3%ADa%20que%2C%20en%20el%20futuro%2C%20quiera%20moldear%20la%20Constituci%C3%B3n%20sin%20reformarla&#038;via=conversesacat&#038;related=conversesacat' target='_blank'rel=\"noopener noreferrer\">Estamos ante una sentencia con impacto estructural. No solo avala una amnist\u00eda. Avala un m\u00e9todo. Y ese m\u00e9todo puede ser replicado por cualquier mayor\u00eda que, en el futuro, quiera moldear la Constituci\u00f3n sin reformarla <\/a><\/span><a href='https:\/\/twitter.com\/intent\/tweet?url=https%3A%2F%2Fconversesacatalunya.cat%2Fes%2Fel-tribunal-constitucional-y-la-amnistia-cuando-el-derecho-se-pliega-a-la-conveniencia-politica%2F&#038;text=Estamos%20ante%20una%20sentencia%20con%20impacto%20estructural.%20No%20solo%20avala%20una%20amnist%C3%ADa.%20Avala%20un%20m%C3%A9todo.%20Y%20ese%20m%C3%A9todo%20puede%20ser%20replicado%20por%20cualquier%20mayor%C3%ADa%20que%2C%20en%20el%20futuro%2C%20quiera%20moldear%20la%20Constituci%C3%B3n%20sin%20reformarla&#038;via=conversesacat&#038;related=conversesacat' target='_blank' class='bctt-ctt-btn'rel=\"noopener noreferrer\">Compartir en X<\/a><\/span>\n","protected":false},"excerpt":{"rendered":"<p>La publicaci\u00f3n \u00a0del borrador de sentencia del Tribunal Constitucional (TC) sobre la Ley de Amnist\u00eda ha confirmado lo que muchos ya intu\u00edan: el fallo definitivo ser\u00e1 una formalidad. El texto, elaborado por la vicepresidenta del TC, Inmaculada Montalb\u00e1n, da su bendici\u00f3n \u2014con apenas matices\u2014 a la controvertida Ley Org\u00e1nica para la \u00abnormalizaci\u00f3n institucional, pol\u00edtica y social en Catalu\u00f1a\u00bb. Y lo hace con una mayor\u00eda gubernamental que asegura que poco m\u00e1s que una coma se cambiar\u00e1 cuando el texto vea la luz oficialmente. Este respaldo a la amnist\u00eda parte de una interpretaci\u00f3n expansiva de la Constituci\u00f3n El legislador puede legislar en todo aquello que no est\u00e9 expresamente prohibido. Sin embargo, esa visi\u00f3n choca con una lectura m\u00e1s garantista y tradicional del orden constitucional, que entiende que el Estado \u2014a diferencia del ciudadano\u2014 solo puede actuar dentro del marco delimitado por la propia Carta Magna. Esta diferencia no es menor. Es, en realidad, el n\u00facleo del debate sobre los l\u00edmites del poder legislativo y el papel del Tribunal Constitucional como garante \u00faltimo del orden jur\u00eddico. El borrador sostiene que la ley no vulnera derechos fundamentales ni invade la funci\u00f3n judicial, al considerar que no sustituye sentencias, sino que elimina consecuencias punitivas en aras de un inter\u00e9s superior: la convivencia. Seg\u00fan el TC, esta norma responde a la necesidad de \u201csuperar las tensiones sociales y pol\u00edticas\u201d derivadas del proceso independentista, un fen\u00f3meno que califica como \u201cuna de las mayores crisis de la democracia espa\u00f1ola\u201d. Y en este punto se dispara la paradoja: el tribunal asegura no valorar fines pol\u00edticos, pero legitima la norma en funci\u00f3n de ellos. M\u00e1s all\u00e1 de esta contradicci\u00f3n estructural, el borrador s\u00ed se\u00f1ala algunos elementos de inconstitucionalidad \u2014aunque menores\u2014 como la exclusi\u00f3n discriminatoria de manifestantes contrarios al \u2018proc\u00e9s\u2019 de los beneficios de la ley, el intento de ampliar el l\u00edmite temporal de la amnist\u00eda sin justificaci\u00f3n suficiente, y la falta de audiencia previa a las acusaciones populares en los procedimientos del Tribunal de Cuentas. No obstante, no entra a valorar uno de los aspectos m\u00e1s sensibles del caso: la malversaci\u00f3n. El Partido Popular no impugn\u00f3 este punto, lo que permite al TC evitar pronunciarse sobre la posible amnist\u00eda a l\u00edderes como Carles Puigdemont, a\u00fan en el limbo jur\u00eddico. El contenido jur\u00eddico no puede ocultar la deriva pol\u00edtica El TC ha asumido, con este borrador, una funci\u00f3n casi constituyente. Se arroga el derecho de reinterpretar el texto constitucional, dotando al Congreso de una facultad que no tiene: modificar, de facto, el alcance de la Constituci\u00f3n sin seguir los procedimientos de reforma previstos en la misma. Se consagra as\u00ed una \u201cConstituci\u00f3n abierta\u201d, no por consenso ni necesidad hist\u00f3rica, sino por una mayor\u00eda coyuntural en el Parlamento y en el propio Tribunal. El verdadero problema no reside tanto en la amnist\u00eda como en lo que esta implica para el futuro del Estado de derecho. Si el TC justifica la norma por su contribuci\u00f3n a la \u00abpaz social\u00bb, \u00bfcu\u00e1l ser\u00e1 el l\u00edmite para futuras leyes que invoquen ese mismo argumento? \u00bfQu\u00e9 queda del principio de legalidad si el legislador puede amnistiar delitos en funci\u00f3n de su utilidad pol\u00edtica? \u00bfNo es eso, precisamente, lo que el art\u00edculo 9.3 de la Constituci\u00f3n proh\u00edbe: la arbitrariedad del poder? La sentencia, que ser\u00e1 debatida a partir del 10 de junio y votada el 24, marcar\u00e1 jurisprudencia para los 23 recursos a\u00fan pendientes sobre la amnist\u00eda. Y lo har\u00e1 en un contexto en el que las instituciones del Estado se ven cada vez m\u00e1s condicionadas por las necesidades pol\u00edticas del momento. El presidente Pedro S\u00e1nchez neg\u00f3 hasta la saciedad la constitucionalidad de la amnist\u00eda antes de las elecciones. Solo tras necesitar los votos de Junts para su investidura, cambi\u00f3 su discurso. Esa metamorfosis \u2014leg\u00edtima en pol\u00edtica, pero t\u00f3xica en derecho\u2014 es lo que ahora intenta revestirse de legalidad desde el propio Constitucional. El Tribunal Supremo ya ha planteado su discrepancia Advierte de una vulneraci\u00f3n del principio de igualdad (art. 14 CE) y de la seguridad jur\u00eddica. A su juicio, no se puede amnistiar selectivamente a los delitos del \u2018proc\u00e9s\u2019 sin hacerlo con conductas an\u00e1logas fuera de ese marco pol\u00edtico. Adem\u00e1s, el Supremo rechaza la amnist\u00eda por malversaci\u00f3n, al considerar que los delitos cometidos por Puigdemont y otros dirigentes afectaron intereses financieros de la UE y se realizaron con \u00e1nimo de lucro. La falta de pronunciamiento del TC sobre esta cuesti\u00f3n solo aumenta la incertidumbre. En \u00faltimo t\u00e9rmino, lo que est\u00e1 en juego no es solo una ley, sino la propia arquitectura del sistema constitucional. No\u00a0es la primera vez que el Tribunal Constitucional asume un papel que desborda sus competencias tradicionales. Lo hizo tambi\u00e9n con su sentencia sobre el aborto, en la que reinterpret\u00f3 el derecho a la vida hasta desdibujarlo, y lo ha vuelto a hacer ahora al amparar un acto de car\u00e1cter netamente pol\u00edtico bajo la apariencia de una norma general. Estamos ante una sentencia con impacto estructural. No solo avala una amnist\u00eda. Avala un m\u00e9todo. Y ese m\u00e9todo puede ser replicado por cualquier mayor\u00eda que, en el futuro, quiera moldear la Constituci\u00f3n sin reformarla. El da\u00f1o no est\u00e1 en la medida, sino en el precedente. La grieta abierta hoy podr\u00eda convertirse ma\u00f1ana en una v\u00eda de escape del constitucionalismo. Y entonces, ya no habr\u00e1 tribunal que pueda cerrarla.<\/p>\n","protected":false},"author":77,"featured_media":89122,"comment_status":"open","ping_status":"open","sticky":false,"template":"","format":"standard","meta":{"_FSMCFIC_featured_image_caption":"","_FSMCFIC_featured_image_nocaption":"","_FSMCFIC_featured_image_hide":"","footnotes":""},"categories":[806],"tags":[5055],"class_list":["post-89107","post","type-post","status-publish","format-standard","has-post-thumbnail","hentry","category-punts-claus-del-dia-es","tag-amnistia-es"],"yoast_head":"<!-- This site is optimized with the Yoast SEO plugin v26.8 - https:\/\/yoast.com\/product\/yoast-seo-wordpress\/ -->\n<title>Amnist\u00eda Tribunal Constitucional: \u00bfpacificaci\u00f3n o quiebra?<\/title>\n<meta name=\"description\" content=\"El Tribunal Constitucional avala la ley de amnist\u00eda con argumentos pol\u00edticos. Act\u00faa dentro del marco constitucional o legitima un precedente?\" \/>\n<meta name=\"robots\" content=\"index, follow, max-snippet:-1, max-image-preview:large, max-video-preview:-1\" \/>\n<link rel=\"canonical\" href=\"https:\/\/conversesacatalunya.cat\/es\/el-tribunal-constitucional-y-la-amnistia-cuando-el-derecho-se-pliega-a-la-conveniencia-politica\/\" \/>\n<meta property=\"og:locale\" content=\"es_ES\" \/>\n<meta property=\"og:type\" content=\"article\" \/>\n<meta property=\"og:title\" content=\"Amnist\u00eda Tribunal Constitucional: \u00bfpacificaci\u00f3n o quiebra?\" \/>\n<meta property=\"og:description\" content=\"El Tribunal Constitucional avala la ley de amnist\u00eda con argumentos pol\u00edticos. Act\u00faa dentro del marco constitucional o legitima un precedente?\" \/>\n<meta property=\"og:url\" content=\"https:\/\/conversesacatalunya.cat\/es\/el-tribunal-constitucional-y-la-amnistia-cuando-el-derecho-se-pliega-a-la-conveniencia-politica\/\" \/>\n<meta property=\"og:site_name\" content=\"Converses a Catalunya\" \/>\n<meta property=\"article:published_time\" content=\"2025-06-03T10:57:19+00:00\" \/>\n<meta property=\"article:modified_time\" content=\"2025-06-03T11:18:38+00:00\" \/>\n<meta property=\"og:image\" content=\"https:\/\/conversesacatalunya.cat\/wp-content\/uploads\/2025\/06\/legal-5338513_640.jpg\" \/>\n\t<meta property=\"og:image:width\" content=\"640\" \/>\n\t<meta property=\"og:image:height\" content=\"427\" \/>\n\t<meta property=\"og:image:type\" content=\"image\/jpeg\" \/>\n<meta name=\"author\" content=\"Enric Casanovas\" \/>\n<meta name=\"twitter:card\" content=\"summary_large_image\" \/>\n<meta name=\"twitter:label1\" content=\"Escrito por\" \/>\n\t<meta name=\"twitter:data1\" content=\"Enric Casanovas\" \/>\n\t<meta name=\"twitter:label2\" content=\"Tiempo de lectura\" \/>\n\t<meta name=\"twitter:data2\" content=\"5 minutos\" \/>\n<script type=\"application\/ld+json\" class=\"yoast-schema-graph\">{\"@context\":\"https:\/\/schema.org\",\"@graph\":[{\"@type\":\"Article\",\"@id\":\"https:\/\/conversesacatalunya.cat\/es\/el-tribunal-constitucional-y-la-amnistia-cuando-el-derecho-se-pliega-a-la-conveniencia-politica\/#article\",\"isPartOf\":{\"@id\":\"https:\/\/conversesacatalunya.cat\/es\/el-tribunal-constitucional-y-la-amnistia-cuando-el-derecho-se-pliega-a-la-conveniencia-politica\/\"},\"author\":{\"name\":\"Enric Casanovas\",\"@id\":\"https:\/\/conversesacatalunya.cat\/#\/schema\/person\/79bd0577b2f3afc8d6519d207c6e8609\"},\"headline\":\"El Tribunal Constitucional y la amnist\u00eda: cuando el derecho se pliega a la conveniencia pol\u00edtica\",\"datePublished\":\"2025-06-03T10:57:19+00:00\",\"dateModified\":\"2025-06-03T11:18:38+00:00\",\"mainEntityOfPage\":{\"@id\":\"https:\/\/conversesacatalunya.cat\/es\/el-tribunal-constitucional-y-la-amnistia-cuando-el-derecho-se-pliega-a-la-conveniencia-politica\/\"},\"wordCount\":1016,\"commentCount\":0,\"image\":{\"@id\":\"https:\/\/conversesacatalunya.cat\/es\/el-tribunal-constitucional-y-la-amnistia-cuando-el-derecho-se-pliega-a-la-conveniencia-politica\/#primaryimage\"},\"thumbnailUrl\":\"https:\/\/conversesacatalunya.cat\/wp-content\/uploads\/2025\/06\/legal-5338513_640.jpg\",\"keywords\":[\"amnistia\"],\"articleSection\":[\"Punts clau del dia (ES)\"],\"inLanguage\":\"es\",\"potentialAction\":[{\"@type\":\"CommentAction\",\"name\":\"Comment\",\"target\":[\"https:\/\/conversesacatalunya.cat\/es\/el-tribunal-constitucional-y-la-amnistia-cuando-el-derecho-se-pliega-a-la-conveniencia-politica\/#respond\"]}]},{\"@type\":\"WebPage\",\"@id\":\"https:\/\/conversesacatalunya.cat\/es\/el-tribunal-constitucional-y-la-amnistia-cuando-el-derecho-se-pliega-a-la-conveniencia-politica\/\",\"url\":\"https:\/\/conversesacatalunya.cat\/es\/el-tribunal-constitucional-y-la-amnistia-cuando-el-derecho-se-pliega-a-la-conveniencia-politica\/\",\"name\":\"Amnist\u00eda Tribunal Constitucional: \u00bfpacificaci\u00f3n o quiebra?\",\"isPartOf\":{\"@id\":\"https:\/\/conversesacatalunya.cat\/#website\"},\"primaryImageOfPage\":{\"@id\":\"https:\/\/conversesacatalunya.cat\/es\/el-tribunal-constitucional-y-la-amnistia-cuando-el-derecho-se-pliega-a-la-conveniencia-politica\/#primaryimage\"},\"image\":{\"@id\":\"https:\/\/conversesacatalunya.cat\/es\/el-tribunal-constitucional-y-la-amnistia-cuando-el-derecho-se-pliega-a-la-conveniencia-politica\/#primaryimage\"},\"thumbnailUrl\":\"https:\/\/conversesacatalunya.cat\/wp-content\/uploads\/2025\/06\/legal-5338513_640.jpg\",\"datePublished\":\"2025-06-03T10:57:19+00:00\",\"dateModified\":\"2025-06-03T11:18:38+00:00\",\"author\":{\"@id\":\"https:\/\/conversesacatalunya.cat\/#\/schema\/person\/79bd0577b2f3afc8d6519d207c6e8609\"},\"description\":\"El Tribunal Constitucional avala la ley de amnist\u00eda con argumentos pol\u00edticos. Act\u00faa dentro del marco constitucional o legitima un precedente?\",\"breadcrumb\":{\"@id\":\"https:\/\/conversesacatalunya.cat\/es\/el-tribunal-constitucional-y-la-amnistia-cuando-el-derecho-se-pliega-a-la-conveniencia-politica\/#breadcrumb\"},\"inLanguage\":\"es\",\"potentialAction\":[{\"@type\":\"ReadAction\",\"target\":[\"https:\/\/conversesacatalunya.cat\/es\/el-tribunal-constitucional-y-la-amnistia-cuando-el-derecho-se-pliega-a-la-conveniencia-politica\/\"]}]},{\"@type\":\"ImageObject\",\"inLanguage\":\"es\",\"@id\":\"https:\/\/conversesacatalunya.cat\/es\/el-tribunal-constitucional-y-la-amnistia-cuando-el-derecho-se-pliega-a-la-conveniencia-politica\/#primaryimage\",\"url\":\"https:\/\/conversesacatalunya.cat\/wp-content\/uploads\/2025\/06\/legal-5338513_640.jpg\",\"contentUrl\":\"https:\/\/conversesacatalunya.cat\/wp-content\/uploads\/2025\/06\/legal-5338513_640.jpg\",\"width\":640,\"height\":427,\"caption\":\"Amnist\u00eda Tribunal Constitucional\"},{\"@type\":\"BreadcrumbList\",\"@id\":\"https:\/\/conversesacatalunya.cat\/es\/el-tribunal-constitucional-y-la-amnistia-cuando-el-derecho-se-pliega-a-la-conveniencia-politica\/#breadcrumb\",\"itemListElement\":[{\"@type\":\"ListItem\",\"position\":1,\"name\":\"Inici\",\"item\":\"https:\/\/conversesacatalunya.cat\/es\/\"},{\"@type\":\"ListItem\",\"position\":2,\"name\":\"El Tribunal Constitucional y la amnist\u00eda: cuando el derecho se pliega a la conveniencia pol\u00edtica\"}]},{\"@type\":\"WebSite\",\"@id\":\"https:\/\/conversesacatalunya.cat\/#website\",\"url\":\"https:\/\/conversesacatalunya.cat\/\",\"name\":\"Converses a Catalunya\",\"description\":\"\",\"potentialAction\":[{\"@type\":\"SearchAction\",\"target\":{\"@type\":\"EntryPoint\",\"urlTemplate\":\"https:\/\/conversesacatalunya.cat\/?s={search_term_string}\"},\"query-input\":{\"@type\":\"PropertyValueSpecification\",\"valueRequired\":true,\"valueName\":\"search_term_string\"}}],\"inLanguage\":\"es\"},{\"@type\":\"Person\",\"@id\":\"https:\/\/conversesacatalunya.cat\/#\/schema\/person\/79bd0577b2f3afc8d6519d207c6e8609\",\"name\":\"Enric Casanovas\",\"image\":{\"@type\":\"ImageObject\",\"inLanguage\":\"es\",\"@id\":\"https:\/\/conversesacatalunya.cat\/#\/schema\/person\/image\/\",\"url\":\"https:\/\/conversesacatalunya.cat\/wp-content\/litespeed\/avatar\/7ae4379ad4421ec77820e92afd36dd78.jpg?ver=1777373933\",\"contentUrl\":\"https:\/\/conversesacatalunya.cat\/wp-content\/litespeed\/avatar\/7ae4379ad4421ec77820e92afd36dd78.jpg?ver=1777373933\",\"caption\":\"Enric Casanovas\"},\"url\":\"https:\/\/conversesacatalunya.cat\/es\/author\/enric-casanovas\/\"}]}<\/script>\n<!-- \/ Yoast SEO plugin. -->","yoast_head_json":{"title":"Amnist\u00eda Tribunal Constitucional: \u00bfpacificaci\u00f3n o quiebra?","description":"El Tribunal Constitucional avala la ley de amnist\u00eda con argumentos pol\u00edticos. Act\u00faa dentro del marco constitucional o legitima un precedente?","robots":{"index":"index","follow":"follow","max-snippet":"max-snippet:-1","max-image-preview":"max-image-preview:large","max-video-preview":"max-video-preview:-1"},"canonical":"https:\/\/conversesacatalunya.cat\/es\/el-tribunal-constitucional-y-la-amnistia-cuando-el-derecho-se-pliega-a-la-conveniencia-politica\/","og_locale":"es_ES","og_type":"article","og_title":"Amnist\u00eda Tribunal Constitucional: \u00bfpacificaci\u00f3n o quiebra?","og_description":"El Tribunal Constitucional avala la ley de amnist\u00eda con argumentos pol\u00edticos. Act\u00faa dentro del marco constitucional o legitima un precedente?","og_url":"https:\/\/conversesacatalunya.cat\/es\/el-tribunal-constitucional-y-la-amnistia-cuando-el-derecho-se-pliega-a-la-conveniencia-politica\/","og_site_name":"Converses a Catalunya","article_published_time":"2025-06-03T10:57:19+00:00","article_modified_time":"2025-06-03T11:18:38+00:00","og_image":[{"width":640,"height":427,"url":"https:\/\/conversesacatalunya.cat\/wp-content\/uploads\/2025\/06\/legal-5338513_640.jpg","type":"image\/jpeg"}],"author":"Enric Casanovas","twitter_card":"summary_large_image","twitter_misc":{"Escrito por":"Enric Casanovas","Tiempo de lectura":"5 minutos"},"schema":{"@context":"https:\/\/schema.org","@graph":[{"@type":"Article","@id":"https:\/\/conversesacatalunya.cat\/es\/el-tribunal-constitucional-y-la-amnistia-cuando-el-derecho-se-pliega-a-la-conveniencia-politica\/#article","isPartOf":{"@id":"https:\/\/conversesacatalunya.cat\/es\/el-tribunal-constitucional-y-la-amnistia-cuando-el-derecho-se-pliega-a-la-conveniencia-politica\/"},"author":{"name":"Enric Casanovas","@id":"https:\/\/conversesacatalunya.cat\/#\/schema\/person\/79bd0577b2f3afc8d6519d207c6e8609"},"headline":"El Tribunal Constitucional y la amnist\u00eda: cuando el derecho se pliega a la conveniencia pol\u00edtica","datePublished":"2025-06-03T10:57:19+00:00","dateModified":"2025-06-03T11:18:38+00:00","mainEntityOfPage":{"@id":"https:\/\/conversesacatalunya.cat\/es\/el-tribunal-constitucional-y-la-amnistia-cuando-el-derecho-se-pliega-a-la-conveniencia-politica\/"},"wordCount":1016,"commentCount":0,"image":{"@id":"https:\/\/conversesacatalunya.cat\/es\/el-tribunal-constitucional-y-la-amnistia-cuando-el-derecho-se-pliega-a-la-conveniencia-politica\/#primaryimage"},"thumbnailUrl":"https:\/\/conversesacatalunya.cat\/wp-content\/uploads\/2025\/06\/legal-5338513_640.jpg","keywords":["amnistia"],"articleSection":["Punts clau del dia (ES)"],"inLanguage":"es","potentialAction":[{"@type":"CommentAction","name":"Comment","target":["https:\/\/conversesacatalunya.cat\/es\/el-tribunal-constitucional-y-la-amnistia-cuando-el-derecho-se-pliega-a-la-conveniencia-politica\/#respond"]}]},{"@type":"WebPage","@id":"https:\/\/conversesacatalunya.cat\/es\/el-tribunal-constitucional-y-la-amnistia-cuando-el-derecho-se-pliega-a-la-conveniencia-politica\/","url":"https:\/\/conversesacatalunya.cat\/es\/el-tribunal-constitucional-y-la-amnistia-cuando-el-derecho-se-pliega-a-la-conveniencia-politica\/","name":"Amnist\u00eda Tribunal Constitucional: \u00bfpacificaci\u00f3n o quiebra?","isPartOf":{"@id":"https:\/\/conversesacatalunya.cat\/#website"},"primaryImageOfPage":{"@id":"https:\/\/conversesacatalunya.cat\/es\/el-tribunal-constitucional-y-la-amnistia-cuando-el-derecho-se-pliega-a-la-conveniencia-politica\/#primaryimage"},"image":{"@id":"https:\/\/conversesacatalunya.cat\/es\/el-tribunal-constitucional-y-la-amnistia-cuando-el-derecho-se-pliega-a-la-conveniencia-politica\/#primaryimage"},"thumbnailUrl":"https:\/\/conversesacatalunya.cat\/wp-content\/uploads\/2025\/06\/legal-5338513_640.jpg","datePublished":"2025-06-03T10:57:19+00:00","dateModified":"2025-06-03T11:18:38+00:00","author":{"@id":"https:\/\/conversesacatalunya.cat\/#\/schema\/person\/79bd0577b2f3afc8d6519d207c6e8609"},"description":"El Tribunal Constitucional avala la ley de amnist\u00eda con argumentos pol\u00edticos. Act\u00faa dentro del marco constitucional o legitima un precedente?","breadcrumb":{"@id":"https:\/\/conversesacatalunya.cat\/es\/el-tribunal-constitucional-y-la-amnistia-cuando-el-derecho-se-pliega-a-la-conveniencia-politica\/#breadcrumb"},"inLanguage":"es","potentialAction":[{"@type":"ReadAction","target":["https:\/\/conversesacatalunya.cat\/es\/el-tribunal-constitucional-y-la-amnistia-cuando-el-derecho-se-pliega-a-la-conveniencia-politica\/"]}]},{"@type":"ImageObject","inLanguage":"es","@id":"https:\/\/conversesacatalunya.cat\/es\/el-tribunal-constitucional-y-la-amnistia-cuando-el-derecho-se-pliega-a-la-conveniencia-politica\/#primaryimage","url":"https:\/\/conversesacatalunya.cat\/wp-content\/uploads\/2025\/06\/legal-5338513_640.jpg","contentUrl":"https:\/\/conversesacatalunya.cat\/wp-content\/uploads\/2025\/06\/legal-5338513_640.jpg","width":640,"height":427,"caption":"Amnist\u00eda Tribunal Constitucional"},{"@type":"BreadcrumbList","@id":"https:\/\/conversesacatalunya.cat\/es\/el-tribunal-constitucional-y-la-amnistia-cuando-el-derecho-se-pliega-a-la-conveniencia-politica\/#breadcrumb","itemListElement":[{"@type":"ListItem","position":1,"name":"Inici","item":"https:\/\/conversesacatalunya.cat\/es\/"},{"@type":"ListItem","position":2,"name":"El Tribunal Constitucional y la amnist\u00eda: cuando el derecho se pliega a la conveniencia pol\u00edtica"}]},{"@type":"WebSite","@id":"https:\/\/conversesacatalunya.cat\/#website","url":"https:\/\/conversesacatalunya.cat\/","name":"Converses a Catalunya","description":"","potentialAction":[{"@type":"SearchAction","target":{"@type":"EntryPoint","urlTemplate":"https:\/\/conversesacatalunya.cat\/?s={search_term_string}"},"query-input":{"@type":"PropertyValueSpecification","valueRequired":true,"valueName":"search_term_string"}}],"inLanguage":"es"},{"@type":"Person","@id":"https:\/\/conversesacatalunya.cat\/#\/schema\/person\/79bd0577b2f3afc8d6519d207c6e8609","name":"Enric Casanovas","image":{"@type":"ImageObject","inLanguage":"es","@id":"https:\/\/conversesacatalunya.cat\/#\/schema\/person\/image\/","url":"https:\/\/conversesacatalunya.cat\/wp-content\/litespeed\/avatar\/7ae4379ad4421ec77820e92afd36dd78.jpg?ver=1777373933","contentUrl":"https:\/\/conversesacatalunya.cat\/wp-content\/litespeed\/avatar\/7ae4379ad4421ec77820e92afd36dd78.jpg?ver=1777373933","caption":"Enric Casanovas"},"url":"https:\/\/conversesacatalunya.cat\/es\/author\/enric-casanovas\/"}]}},"wps_subtitle":"Si el TC justifica la norma por su contribuci\u00f3n a la \"paz social\", \u00bfcu\u00e1l ser\u00e1 el l\u00edmite para futuras leyes que invoquen ese mismo argumento?","_links":{"self":[{"href":"https:\/\/conversesacatalunya.cat\/es\/wp-json\/wp\/v2\/posts\/89107","targetHints":{"allow":["GET"]}}],"collection":[{"href":"https:\/\/conversesacatalunya.cat\/es\/wp-json\/wp\/v2\/posts"}],"about":[{"href":"https:\/\/conversesacatalunya.cat\/es\/wp-json\/wp\/v2\/types\/post"}],"author":[{"embeddable":true,"href":"https:\/\/conversesacatalunya.cat\/es\/wp-json\/wp\/v2\/users\/77"}],"replies":[{"embeddable":true,"href":"https:\/\/conversesacatalunya.cat\/es\/wp-json\/wp\/v2\/comments?post=89107"}],"version-history":[{"count":7,"href":"https:\/\/conversesacatalunya.cat\/es\/wp-json\/wp\/v2\/posts\/89107\/revisions"}],"predecessor-version":[{"id":89112,"href":"https:\/\/conversesacatalunya.cat\/es\/wp-json\/wp\/v2\/posts\/89107\/revisions\/89112"}],"wp:featuredmedia":[{"embeddable":true,"href":"https:\/\/conversesacatalunya.cat\/es\/wp-json\/wp\/v2\/media\/89122"}],"wp:attachment":[{"href":"https:\/\/conversesacatalunya.cat\/es\/wp-json\/wp\/v2\/media?parent=89107"}],"wp:term":[{"taxonomy":"category","embeddable":true,"href":"https:\/\/conversesacatalunya.cat\/es\/wp-json\/wp\/v2\/categories?post=89107"},{"taxonomy":"post_tag","embeddable":true,"href":"https:\/\/conversesacatalunya.cat\/es\/wp-json\/wp\/v2\/tags?post=89107"}],"curies":[{"name":"wp","href":"https:\/\/api.w.org\/{rel}","templated":true}]}}