{"id":89101,"date":"2025-06-03T08:22:13","date_gmt":"2025-06-03T06:22:13","guid":{"rendered":"https:\/\/conversesacatalunya.cat\/?p=89101"},"modified":"2025-06-03T08:37:20","modified_gmt":"2025-06-03T06:37:20","slug":"francia-legaliza-suicidio-asistido-eutanasia","status":"publish","type":"post","link":"https:\/\/conversesacatalunya.cat\/es\/francia-legaliza-suicidio-asistido-eutanasia\/","title":{"rendered":"Francia inicia la legalizaci\u00f3n del suicidio asistido y la eutanasia"},"content":{"rendered":"<p><span><span class=\"VIpgJd-yAWNEb-VIpgJd-fmcmS-sn54Q\">El pasado 27 de mayo los diputados de la c\u00e1mara baja del poder legislativo franc\u00e9s, la Asamblea Nacional,\u00a0<\/span><\/span><a href=\"https:\/\/www.vie-publique.fr\/loi\/298544-fin-de-vie-droit-laide-mourir-proposition-de-loi-falorni\" target=\"_blank\" rel=\"noopener\"><span><span class=\"VIpgJd-yAWNEb-VIpgJd-fmcmS-sn54Q\">votaron<\/span><\/span><\/a><span><span class=\"VIpgJd-yAWNEb-VIpgJd-fmcmS-sn54Q\">\u00a0en primera lectura a favor de la proposici\u00f3n de ley \u00abrelativa al derecho a la ayuda a morir\u00bb por 305 votos a favor, 199 en contra y 57 abstenciones.<\/span><\/span><\/p>\n<p><span>Se trata de una iniciativa gubernamental del presidente Emmanuel Macron presentada el pasado a\u00f1o y\u00a0<\/span><a href=\"https:\/\/conversesacatalunya.cat\/es\/aborto-eutanasia-emmanuel-macron\/\" target=\"_blank\" rel=\"noopener\"><span>criticada<\/span><\/a><span>\u00a0por ser un medio de apuntarse una\u00a0<\/span><strong><span>victoria f\u00e1cil<\/span><\/strong><span>\u00a0en un contexto que le es cada vez m\u00e1s hostil, as\u00ed como para reivindicar su \u201cprogresismo\u201d.<\/span><\/p>\n<p><span><span class=\"VIpgJd-yAWNEb-VIpgJd-fmcmS-sn54Q\">Macron inici\u00f3 los trabajos preparativos en 2022 con la instauraci\u00f3n de un \u201cComit\u00e9 consultivo nacional de \u00e9tica\u201d que se manifest\u00f3 favorable a la instauraci\u00f3n de una \u201cayuda activa a morir\u201d con la condici\u00f3n de regularla de forma estricta y que se\u00a0<\/span><\/span><strong><span><span class=\"VIpgJd-yAWNEb-VIpgJd-fmcmS-sn54Q\">reforzaran en paralelo los cuidados paliativos<\/span><\/span><\/strong><span><span class=\"VIpgJd-yAWNEb-VIpgJd-fmcmS-sn54Q\">. Una condici\u00f3n, esta \u00faltima que tambi\u00e9n se aprob\u00f3 el mismo d\u00eda a trav\u00e9s de una proposici\u00f3n de ley paralela.<\/span><\/span><\/p>\n<p><span>La proposici\u00f3n de ley votada por los diputados prev\u00e9 la instauraci\u00f3n de un \u201cderecho a la ayuda a morir\u201d, sin utilizar el t\u00e9rmino \u201csuicidio asistido\u201d, por los enfermos mayores de edad afectados por una enfermedad grave y que hayan expresado su demanda.<\/span><\/p>\n<p><span>Las pr\u00f3ximas etapas de la proposici\u00f3n de ley consisten en un examen por la C\u00e1mara Alta, el Senado, y un posterior retorno del texto, eventualmente modificado o rechazado, a la Asamblea Nacional.<\/span><\/p>\n<p><span><span class=\"VIpgJd-yAWNEb-VIpgJd-fmcmS-sn54Q\">El texto aprobado en primera lectura ha suscitado la viva reacci\u00f3n de varios actores de la sociedad civil francesa, entre ellos la Conferencia Episcopal del pa\u00eds y la\u00a0<\/span><\/span><strong><span><span class=\"VIpgJd-yAWNEb-VIpgJd-fmcmS-sn54Q\">Conferencia de los Responsables del Culto en Francia (CRCF),<\/span><\/span><\/strong><span><span class=\"VIpgJd-yAWNEb-VIpgJd-fmcmS-sn54Q\">\u00a0que re\u00fane a los m\u00e1s altos representantes cat\u00f3licos, protestantes, ortodoxos, jud\u00edos, musulmanes y budistas.<\/span><\/span><\/p>\n<p class=\"fr-text--lead vp-page-chapo\"><span><span class=\"VIpgJd-yAWNEb-VIpgJd-fmcmS-sn54Q\">Esta \u00faltima ha\u00a0<\/span><\/span><a href=\"https:\/\/eglise.catholique.fr\/espace-presse\/communiques-de-presse\/563926-fin-de-vie-crcf-dangers-rupture-anthropologique\/\" target=\"_blank\" rel=\"noopener\"><span><span class=\"VIpgJd-yAWNEb-VIpgJd-fmcmS-sn54Q\">denunciado<\/span><\/span><\/a><span><span class=\"VIpgJd-yAWNEb-VIpgJd-fmcmS-sn54Q\">\u00a0que tras una\u00a0<\/span><\/span><strong><span><span class=\"VIpgJd-yAWNEb-VIpgJd-fmcmS-sn54Q\">apariencia de voluntad de compadecer y regular estrictamente el acceso al acto letal<\/span><\/span><\/strong><span><span class=\"VIpgJd-yAWNEb-VIpgJd-fmcmS-sn54Q\">, el texto supone un cambio radical, ya que autoriza legalmente la posibilidad de administrar la muerte, ya sea por la v\u00eda del suicidio asistido (administraci\u00f3n de la sustancia letal por el mismo paciente con ayuda externa) as\u00ed como de la eutanasia (administraci\u00f3n por un tercero), dando la vuelta as\u00ed a los fundamentos de la \u00e9tica m\u00e9dica y social.<\/span><\/span><\/p>\n<p class=\"fr-text--lead vp-page-chapo\"><span>Adem\u00e1s, la CRCF ha apuntado que las garant\u00edas de una \u00abregulaci\u00f3n estricta\u00bb promesas no se corresponden con el contenido real del texto. Por ejemplo, la decisi\u00f3n de autorizar el acto la puede tomar un m\u00e9dico de forma individual, sin procedimiento colegial ni evaluaci\u00f3n psiqui\u00e1trica. Adem\u00e1s, el texto prev\u00e9 un per\u00edodo de reflexi\u00f3n de <strong>tan solo 48 horas<\/strong> despu\u00e9s de una instrucci\u00f3n de 15 d\u00edas.<\/span><\/p>\n<p><span><span class=\"VIpgJd-yAWNEb-VIpgJd-fmcmS-sn54Q\">La CRCF ha criticado igualmente la\u00a0<\/span><\/span><strong><span><span class=\"VIpgJd-yAWNEb-VIpgJd-fmcmS-sn54Q\">sobreexposici\u00f3n que sufrir\u00e1n las personas m\u00e1s vulnerables y socialmente aisladas<\/span><\/span><\/strong><span><span class=\"VIpgJd-yAWNEb-VIpgJd-fmcmS-sn54Q\">\u00a0frente a las presiones externas, induciendo un sentimiento de culpabilidad, de ser \u00abuna carga\u00bb para los dem\u00e1s.<\/span><\/span><\/p>\n<p><span><span class=\"VIpgJd-yAWNEb-VIpgJd-fmcmS-sn54Q\">En una sociedad donde los\u00a0<\/span><\/span><strong><span><span class=\"VIpgJd-yAWNEb-VIpgJd-fmcmS-sn54Q\">v\u00ednculos familiares y sociales van progresivamente debilit\u00e1ndose<\/span><\/span><\/strong><span><span class=\"VIpgJd-yAWNEb-VIpgJd-fmcmS-sn54Q\">,\u00a0la proposici\u00f3n de ley establece la autodeterminaci\u00f3n individual como principio absoluto, obviando la dimensi\u00f3n social intr\u00ednseca del ser humano. El principio mismo establecido por la ley de un \u201cacompa\u00f1amiento digno\u201d se convierte en una grotesca hipocres\u00eda al consistir en presentar la opci\u00f3n de la muerte como una soluci\u00f3n.<\/span><\/span><\/p>\n<p><span><span class=\"VIpgJd-yAWNEb-VIpgJd-fmcmS-sn54Q\">Los cr\u00edticos apuntan finalmente que en los pa\u00edses donde se ha legalizado la eutanasia, las solicitudes para acceder no han parado de crecer, mientras que se ha observado una\u00a0<\/span><\/span><strong><span><span class=\"VIpgJd-yAWNEb-VIpgJd-fmcmS-sn54Q\">ca\u00edda en las inversiones en cuidados paliativos<\/span><\/span><\/strong><span><span class=\"VIpgJd-yAWNEb-VIpgJd-fmcmS-sn54Q\">.<\/span><\/span><\/p>\n<span class='bctt-click-to-tweet'><span class='bctt-ctt-text'><a href='https:\/\/twitter.com\/intent\/tweet?url=https%3A%2F%2Fconversesacatalunya.cat%2Fes%2Ffrancia-legaliza-suicidio-asistido-eutanasia%2F&#038;text=Los%20cr%C3%ADticos%20apuntan%20finalmente%20que%20en%20los%20pa%C3%ADses%20donde%20se%20ha%20legalizado%20la%20eutanasia%2C%20las%20solicitudes%20para%20acceder%20no%20han%20parado%20de%20crecer%2C%20mientras%20que%20se%20ha%20observado%20una%20ca%C3%ADda%20en%20las%20inversiones%20en%20cuidados%20paliativos&#038;via=conversesacat&#038;related=conversesacat' target='_blank'rel=\"noopener noreferrer\">Los cr\u00edticos apuntan finalmente que en los pa\u00edses donde se ha legalizado la eutanasia, las solicitudes para acceder no han parado de crecer, mientras que se ha observado una ca\u00edda en las inversiones en cuidados paliativos <\/a><\/span><a href='https:\/\/twitter.com\/intent\/tweet?url=https%3A%2F%2Fconversesacatalunya.cat%2Fes%2Ffrancia-legaliza-suicidio-asistido-eutanasia%2F&#038;text=Los%20cr%C3%ADticos%20apuntan%20finalmente%20que%20en%20los%20pa%C3%ADses%20donde%20se%20ha%20legalizado%20la%20eutanasia%2C%20las%20solicitudes%20para%20acceder%20no%20han%20parado%20de%20crecer%2C%20mientras%20que%20se%20ha%20observado%20una%20ca%C3%ADda%20en%20las%20inversiones%20en%20cuidados%20paliativos&#038;via=conversesacat&#038;related=conversesacat' target='_blank' class='bctt-ctt-btn'rel=\"noopener noreferrer\">Compartir en X<\/a><\/span>\n<p>&nbsp;<\/p>\n","protected":false},"excerpt":{"rendered":"<p>El pasado 27 de mayo los diputados de la c\u00e1mara baja del poder legislativo franc\u00e9s, la Asamblea Nacional,\u00a0votaron\u00a0en primera lectura a favor de la proposici\u00f3n de ley \u00abrelativa al derecho a la ayuda a morir\u00bb por 305 votos a favor, 199 en contra y 57 abstenciones. Se trata de una iniciativa gubernamental del presidente Emmanuel Macron presentada el pasado a\u00f1o y\u00a0criticada\u00a0por ser un medio de apuntarse una\u00a0victoria f\u00e1cil\u00a0en un contexto que le es cada vez m\u00e1s hostil, as\u00ed como para reivindicar su \u201cprogresismo\u201d. Macron inici\u00f3 los trabajos preparativos en 2022 con la instauraci\u00f3n de un \u201cComit\u00e9 consultivo nacional de \u00e9tica\u201d que se manifest\u00f3 favorable a la instauraci\u00f3n de una \u201cayuda activa a morir\u201d con la condici\u00f3n de regularla de forma estricta y que se\u00a0reforzaran en paralelo los cuidados paliativos. Una condici\u00f3n, esta \u00faltima que tambi\u00e9n se aprob\u00f3 el mismo d\u00eda a trav\u00e9s de una proposici\u00f3n de ley paralela. La proposici\u00f3n de ley votada por los diputados prev\u00e9 la instauraci\u00f3n de un \u201cderecho a la ayuda a morir\u201d, sin utilizar el t\u00e9rmino \u201csuicidio asistido\u201d, por los enfermos mayores de edad afectados por una enfermedad grave y que hayan expresado su demanda. Las pr\u00f3ximas etapas de la proposici\u00f3n de ley consisten en un examen por la C\u00e1mara Alta, el Senado, y un posterior retorno del texto, eventualmente modificado o rechazado, a la Asamblea Nacional. El texto aprobado en primera lectura ha suscitado la viva reacci\u00f3n de varios actores de la sociedad civil francesa, entre ellos la Conferencia Episcopal del pa\u00eds y la\u00a0Conferencia de los Responsables del Culto en Francia (CRCF),\u00a0que re\u00fane a los m\u00e1s altos representantes cat\u00f3licos, protestantes, ortodoxos, jud\u00edos, musulmanes y budistas. Esta \u00faltima ha\u00a0denunciado\u00a0que tras una\u00a0apariencia de voluntad de compadecer y regular estrictamente el acceso al acto letal, el texto supone un cambio radical, ya que autoriza legalmente la posibilidad de administrar la muerte, ya sea por la v\u00eda del suicidio asistido (administraci\u00f3n de la sustancia letal por el mismo paciente con ayuda externa) as\u00ed como de la eutanasia (administraci\u00f3n por un tercero), dando la vuelta as\u00ed a los fundamentos de la \u00e9tica m\u00e9dica y social. Adem\u00e1s, la CRCF ha apuntado que las garant\u00edas de una \u00abregulaci\u00f3n estricta\u00bb promesas no se corresponden con el contenido real del texto. Por ejemplo, la decisi\u00f3n de autorizar el acto la puede tomar un m\u00e9dico de forma individual, sin procedimiento colegial ni evaluaci\u00f3n psiqui\u00e1trica. Adem\u00e1s, el texto prev\u00e9 un per\u00edodo de reflexi\u00f3n de tan solo 48 horas despu\u00e9s de una instrucci\u00f3n de 15 d\u00edas. La CRCF ha criticado igualmente la\u00a0sobreexposici\u00f3n que sufrir\u00e1n las personas m\u00e1s vulnerables y socialmente aisladas\u00a0frente a las presiones externas, induciendo un sentimiento de culpabilidad, de ser \u00abuna carga\u00bb para los dem\u00e1s. En una sociedad donde los\u00a0v\u00ednculos familiares y sociales van progresivamente debilit\u00e1ndose,\u00a0la proposici\u00f3n de ley establece la autodeterminaci\u00f3n individual como principio absoluto, obviando la dimensi\u00f3n social intr\u00ednseca del ser humano. El principio mismo establecido por la ley de un \u201cacompa\u00f1amiento digno\u201d se convierte en una grotesca hipocres\u00eda al consistir en presentar la opci\u00f3n de la muerte como una soluci\u00f3n. Los cr\u00edticos apuntan finalmente que en los pa\u00edses donde se ha legalizado la eutanasia, las solicitudes para acceder no han parado de crecer, mientras que se ha observado una\u00a0ca\u00edda en las inversiones en cuidados paliativos. &nbsp;<\/p>\n","protected":false},"author":75,"featured_media":32090,"comment_status":"open","ping_status":"open","sticky":false,"template":"","format":"standard","meta":{"_FSMCFIC_featured_image_caption":"","_FSMCFIC_featured_image_nocaption":"","_FSMCFIC_featured_image_hide":"","footnotes":""},"categories":[806],"tags":[3510,1581,1090,1263],"class_list":["post-89101","post","type-post","status-publish","format-standard","has-post-thumbnail","hentry","category-punts-claus-del-dia-es","tag-emmanuel-macron-es","tag-eutanasia-es","tag-franca-es","tag-francia"],"yoast_head":"<!-- This site is optimized with the Yoast SEO plugin v26.8 - https:\/\/yoast.com\/product\/yoast-seo-wordpress\/ -->\n<title>Francia inicia la legalizaci\u00f3n del suicidio asistido y la eutanasia - Converses a Catalunya<\/title>\n<meta name=\"description\" content=\"La proposici\u00f3n de ley votada prev\u00e9 la instauraci\u00f3n de un derecho a la ayuda a morir sin utilizar el t\u00e9rmino suicidio asistido\" \/>\n<meta name=\"robots\" content=\"index, follow, max-snippet:-1, max-image-preview:large, max-video-preview:-1\" \/>\n<link rel=\"canonical\" href=\"https:\/\/conversesacatalunya.cat\/es\/francia-legaliza-suicidio-asistido-eutanasia\/\" \/>\n<meta property=\"og:locale\" content=\"es_ES\" \/>\n<meta property=\"og:type\" content=\"article\" \/>\n<meta property=\"og:title\" content=\"Francia inicia la legalizaci\u00f3n del suicidio asistido y la eutanasia - Converses a Catalunya\" \/>\n<meta property=\"og:description\" content=\"La proposici\u00f3n de ley votada prev\u00e9 la instauraci\u00f3n de un derecho a la ayuda a morir sin utilizar el t\u00e9rmino suicidio asistido\" \/>\n<meta property=\"og:url\" content=\"https:\/\/conversesacatalunya.cat\/es\/francia-legaliza-suicidio-asistido-eutanasia\/\" \/>\n<meta property=\"og:site_name\" content=\"Converses a Catalunya\" \/>\n<meta property=\"article:published_time\" content=\"2025-06-03T06:22:13+00:00\" \/>\n<meta property=\"article:modified_time\" content=\"2025-06-03T06:37:20+00:00\" \/>\n<meta property=\"og:image\" content=\"https:\/\/conversesacatalunya.cat\/wp-content\/uploads\/2020\/02\/pildora-eutanasia.jpg\" \/>\n\t<meta property=\"og:image:width\" content=\"1200\" \/>\n\t<meta property=\"og:image:height\" content=\"675\" \/>\n\t<meta property=\"og:image:type\" content=\"image\/jpeg\" \/>\n<meta name=\"author\" content=\"Carles L\u00f3pez\" \/>\n<meta name=\"twitter:card\" content=\"summary_large_image\" \/>\n<meta name=\"twitter:label1\" content=\"Escrito por\" \/>\n\t<meta name=\"twitter:data1\" content=\"Carles L\u00f3pez\" \/>\n\t<meta name=\"twitter:label2\" content=\"Tiempo de lectura\" \/>\n\t<meta name=\"twitter:data2\" content=\"3 minutos\" \/>\n<script type=\"application\/ld+json\" class=\"yoast-schema-graph\">{\"@context\":\"https:\/\/schema.org\",\"@graph\":[{\"@type\":\"Article\",\"@id\":\"https:\/\/conversesacatalunya.cat\/es\/francia-legaliza-suicidio-asistido-eutanasia\/#article\",\"isPartOf\":{\"@id\":\"https:\/\/conversesacatalunya.cat\/es\/francia-legaliza-suicidio-asistido-eutanasia\/\"},\"author\":{\"name\":\"Carles L\u00f3pez\",\"@id\":\"https:\/\/conversesacatalunya.cat\/#\/schema\/person\/3ce2ab16c0a3803086d80722c7cad56a\"},\"headline\":\"Francia inicia la legalizaci\u00f3n del suicidio asistido y la eutanasia\",\"datePublished\":\"2025-06-03T06:22:13+00:00\",\"dateModified\":\"2025-06-03T06:37:20+00:00\",\"mainEntityOfPage\":{\"@id\":\"https:\/\/conversesacatalunya.cat\/es\/francia-legaliza-suicidio-asistido-eutanasia\/\"},\"wordCount\":659,\"commentCount\":0,\"image\":{\"@id\":\"https:\/\/conversesacatalunya.cat\/es\/francia-legaliza-suicidio-asistido-eutanasia\/#primaryimage\"},\"thumbnailUrl\":\"https:\/\/conversesacatalunya.cat\/wp-content\/uploads\/2020\/02\/pildora-eutanasia.jpg\",\"keywords\":[\"Emmanuel Macron\",\"Eutan\u00e0sia\",\"Fran\u00e7a\",\"Francia\"],\"articleSection\":[\"Punts clau del dia (ES)\"],\"inLanguage\":\"es\",\"potentialAction\":[{\"@type\":\"CommentAction\",\"name\":\"Comment\",\"target\":[\"https:\/\/conversesacatalunya.cat\/es\/francia-legaliza-suicidio-asistido-eutanasia\/#respond\"]}]},{\"@type\":\"WebPage\",\"@id\":\"https:\/\/conversesacatalunya.cat\/es\/francia-legaliza-suicidio-asistido-eutanasia\/\",\"url\":\"https:\/\/conversesacatalunya.cat\/es\/francia-legaliza-suicidio-asistido-eutanasia\/\",\"name\":\"Francia inicia la legalizaci\u00f3n del suicidio asistido y la eutanasia - Converses a Catalunya\",\"isPartOf\":{\"@id\":\"https:\/\/conversesacatalunya.cat\/#website\"},\"primaryImageOfPage\":{\"@id\":\"https:\/\/conversesacatalunya.cat\/es\/francia-legaliza-suicidio-asistido-eutanasia\/#primaryimage\"},\"image\":{\"@id\":\"https:\/\/conversesacatalunya.cat\/es\/francia-legaliza-suicidio-asistido-eutanasia\/#primaryimage\"},\"thumbnailUrl\":\"https:\/\/conversesacatalunya.cat\/wp-content\/uploads\/2020\/02\/pildora-eutanasia.jpg\",\"datePublished\":\"2025-06-03T06:22:13+00:00\",\"dateModified\":\"2025-06-03T06:37:20+00:00\",\"author\":{\"@id\":\"https:\/\/conversesacatalunya.cat\/#\/schema\/person\/3ce2ab16c0a3803086d80722c7cad56a\"},\"description\":\"La proposici\u00f3n de ley votada prev\u00e9 la instauraci\u00f3n de un derecho a la ayuda a morir sin utilizar el t\u00e9rmino suicidio asistido\",\"breadcrumb\":{\"@id\":\"https:\/\/conversesacatalunya.cat\/es\/francia-legaliza-suicidio-asistido-eutanasia\/#breadcrumb\"},\"inLanguage\":\"es\",\"potentialAction\":[{\"@type\":\"ReadAction\",\"target\":[\"https:\/\/conversesacatalunya.cat\/es\/francia-legaliza-suicidio-asistido-eutanasia\/\"]}]},{\"@type\":\"ImageObject\",\"inLanguage\":\"es\",\"@id\":\"https:\/\/conversesacatalunya.cat\/es\/francia-legaliza-suicidio-asistido-eutanasia\/#primaryimage\",\"url\":\"https:\/\/conversesacatalunya.cat\/wp-content\/uploads\/2020\/02\/pildora-eutanasia.jpg\",\"contentUrl\":\"https:\/\/conversesacatalunya.cat\/wp-content\/uploads\/2020\/02\/pildora-eutanasia.jpg\",\"width\":1200,\"height\":675,\"caption\":\"eutan\u00e0sia\"},{\"@type\":\"BreadcrumbList\",\"@id\":\"https:\/\/conversesacatalunya.cat\/es\/francia-legaliza-suicidio-asistido-eutanasia\/#breadcrumb\",\"itemListElement\":[{\"@type\":\"ListItem\",\"position\":1,\"name\":\"Inici\",\"item\":\"https:\/\/conversesacatalunya.cat\/es\/\"},{\"@type\":\"ListItem\",\"position\":2,\"name\":\"Francia inicia la legalizaci\u00f3n del suicidio asistido y la eutanasia\"}]},{\"@type\":\"WebSite\",\"@id\":\"https:\/\/conversesacatalunya.cat\/#website\",\"url\":\"https:\/\/conversesacatalunya.cat\/\",\"name\":\"Converses a Catalunya\",\"description\":\"\",\"potentialAction\":[{\"@type\":\"SearchAction\",\"target\":{\"@type\":\"EntryPoint\",\"urlTemplate\":\"https:\/\/conversesacatalunya.cat\/?s={search_term_string}\"},\"query-input\":{\"@type\":\"PropertyValueSpecification\",\"valueRequired\":true,\"valueName\":\"search_term_string\"}}],\"inLanguage\":\"es\"},{\"@type\":\"Person\",\"@id\":\"https:\/\/conversesacatalunya.cat\/#\/schema\/person\/3ce2ab16c0a3803086d80722c7cad56a\",\"name\":\"Carles L\u00f3pez\",\"image\":{\"@type\":\"ImageObject\",\"inLanguage\":\"es\",\"@id\":\"https:\/\/conversesacatalunya.cat\/#\/schema\/person\/image\/\",\"url\":\"https:\/\/conversesacatalunya.cat\/wp-content\/litespeed\/avatar\/4891585caf2896e97846ab77f06edcf2.jpg?ver=1777091173\",\"contentUrl\":\"https:\/\/conversesacatalunya.cat\/wp-content\/litespeed\/avatar\/4891585caf2896e97846ab77f06edcf2.jpg?ver=1777091173\",\"caption\":\"Carles L\u00f3pez\"},\"url\":\"https:\/\/conversesacatalunya.cat\/es\/author\/carles-lopez\/\"}]}<\/script>\n<!-- \/ Yoast SEO plugin. -->","yoast_head_json":{"title":"Francia inicia la legalizaci\u00f3n del suicidio asistido y la eutanasia - Converses a Catalunya","description":"La proposici\u00f3n de ley votada prev\u00e9 la instauraci\u00f3n de un derecho a la ayuda a morir sin utilizar el t\u00e9rmino suicidio asistido","robots":{"index":"index","follow":"follow","max-snippet":"max-snippet:-1","max-image-preview":"max-image-preview:large","max-video-preview":"max-video-preview:-1"},"canonical":"https:\/\/conversesacatalunya.cat\/es\/francia-legaliza-suicidio-asistido-eutanasia\/","og_locale":"es_ES","og_type":"article","og_title":"Francia inicia la legalizaci\u00f3n del suicidio asistido y la eutanasia - Converses a Catalunya","og_description":"La proposici\u00f3n de ley votada prev\u00e9 la instauraci\u00f3n de un derecho a la ayuda a morir sin utilizar el t\u00e9rmino suicidio asistido","og_url":"https:\/\/conversesacatalunya.cat\/es\/francia-legaliza-suicidio-asistido-eutanasia\/","og_site_name":"Converses a Catalunya","article_published_time":"2025-06-03T06:22:13+00:00","article_modified_time":"2025-06-03T06:37:20+00:00","og_image":[{"width":1200,"height":675,"url":"https:\/\/conversesacatalunya.cat\/wp-content\/uploads\/2020\/02\/pildora-eutanasia.jpg","type":"image\/jpeg"}],"author":"Carles L\u00f3pez","twitter_card":"summary_large_image","twitter_misc":{"Escrito por":"Carles L\u00f3pez","Tiempo de lectura":"3 minutos"},"schema":{"@context":"https:\/\/schema.org","@graph":[{"@type":"Article","@id":"https:\/\/conversesacatalunya.cat\/es\/francia-legaliza-suicidio-asistido-eutanasia\/#article","isPartOf":{"@id":"https:\/\/conversesacatalunya.cat\/es\/francia-legaliza-suicidio-asistido-eutanasia\/"},"author":{"name":"Carles L\u00f3pez","@id":"https:\/\/conversesacatalunya.cat\/#\/schema\/person\/3ce2ab16c0a3803086d80722c7cad56a"},"headline":"Francia inicia la legalizaci\u00f3n del suicidio asistido y la eutanasia","datePublished":"2025-06-03T06:22:13+00:00","dateModified":"2025-06-03T06:37:20+00:00","mainEntityOfPage":{"@id":"https:\/\/conversesacatalunya.cat\/es\/francia-legaliza-suicidio-asistido-eutanasia\/"},"wordCount":659,"commentCount":0,"image":{"@id":"https:\/\/conversesacatalunya.cat\/es\/francia-legaliza-suicidio-asistido-eutanasia\/#primaryimage"},"thumbnailUrl":"https:\/\/conversesacatalunya.cat\/wp-content\/uploads\/2020\/02\/pildora-eutanasia.jpg","keywords":["Emmanuel Macron","Eutan\u00e0sia","Fran\u00e7a","Francia"],"articleSection":["Punts clau del dia (ES)"],"inLanguage":"es","potentialAction":[{"@type":"CommentAction","name":"Comment","target":["https:\/\/conversesacatalunya.cat\/es\/francia-legaliza-suicidio-asistido-eutanasia\/#respond"]}]},{"@type":"WebPage","@id":"https:\/\/conversesacatalunya.cat\/es\/francia-legaliza-suicidio-asistido-eutanasia\/","url":"https:\/\/conversesacatalunya.cat\/es\/francia-legaliza-suicidio-asistido-eutanasia\/","name":"Francia inicia la legalizaci\u00f3n del suicidio asistido y la eutanasia - Converses a Catalunya","isPartOf":{"@id":"https:\/\/conversesacatalunya.cat\/#website"},"primaryImageOfPage":{"@id":"https:\/\/conversesacatalunya.cat\/es\/francia-legaliza-suicidio-asistido-eutanasia\/#primaryimage"},"image":{"@id":"https:\/\/conversesacatalunya.cat\/es\/francia-legaliza-suicidio-asistido-eutanasia\/#primaryimage"},"thumbnailUrl":"https:\/\/conversesacatalunya.cat\/wp-content\/uploads\/2020\/02\/pildora-eutanasia.jpg","datePublished":"2025-06-03T06:22:13+00:00","dateModified":"2025-06-03T06:37:20+00:00","author":{"@id":"https:\/\/conversesacatalunya.cat\/#\/schema\/person\/3ce2ab16c0a3803086d80722c7cad56a"},"description":"La proposici\u00f3n de ley votada prev\u00e9 la instauraci\u00f3n de un derecho a la ayuda a morir sin utilizar el t\u00e9rmino suicidio asistido","breadcrumb":{"@id":"https:\/\/conversesacatalunya.cat\/es\/francia-legaliza-suicidio-asistido-eutanasia\/#breadcrumb"},"inLanguage":"es","potentialAction":[{"@type":"ReadAction","target":["https:\/\/conversesacatalunya.cat\/es\/francia-legaliza-suicidio-asistido-eutanasia\/"]}]},{"@type":"ImageObject","inLanguage":"es","@id":"https:\/\/conversesacatalunya.cat\/es\/francia-legaliza-suicidio-asistido-eutanasia\/#primaryimage","url":"https:\/\/conversesacatalunya.cat\/wp-content\/uploads\/2020\/02\/pildora-eutanasia.jpg","contentUrl":"https:\/\/conversesacatalunya.cat\/wp-content\/uploads\/2020\/02\/pildora-eutanasia.jpg","width":1200,"height":675,"caption":"eutan\u00e0sia"},{"@type":"BreadcrumbList","@id":"https:\/\/conversesacatalunya.cat\/es\/francia-legaliza-suicidio-asistido-eutanasia\/#breadcrumb","itemListElement":[{"@type":"ListItem","position":1,"name":"Inici","item":"https:\/\/conversesacatalunya.cat\/es\/"},{"@type":"ListItem","position":2,"name":"Francia inicia la legalizaci\u00f3n del suicidio asistido y la eutanasia"}]},{"@type":"WebSite","@id":"https:\/\/conversesacatalunya.cat\/#website","url":"https:\/\/conversesacatalunya.cat\/","name":"Converses a Catalunya","description":"","potentialAction":[{"@type":"SearchAction","target":{"@type":"EntryPoint","urlTemplate":"https:\/\/conversesacatalunya.cat\/?s={search_term_string}"},"query-input":{"@type":"PropertyValueSpecification","valueRequired":true,"valueName":"search_term_string"}}],"inLanguage":"es"},{"@type":"Person","@id":"https:\/\/conversesacatalunya.cat\/#\/schema\/person\/3ce2ab16c0a3803086d80722c7cad56a","name":"Carles L\u00f3pez","image":{"@type":"ImageObject","inLanguage":"es","@id":"https:\/\/conversesacatalunya.cat\/#\/schema\/person\/image\/","url":"https:\/\/conversesacatalunya.cat\/wp-content\/litespeed\/avatar\/4891585caf2896e97846ab77f06edcf2.jpg?ver=1777091173","contentUrl":"https:\/\/conversesacatalunya.cat\/wp-content\/litespeed\/avatar\/4891585caf2896e97846ab77f06edcf2.jpg?ver=1777091173","caption":"Carles L\u00f3pez"},"url":"https:\/\/conversesacatalunya.cat\/es\/author\/carles-lopez\/"}]}},"wps_subtitle":"Se trata de una iniciativa gubernamental del presidente Emmanuel Macron presentada el pasado a\u00f1o y criticada por ser un medio de apuntarse una victoria f\u00e1cil en un contexto que le es cada vez m\u00e1s hostil.","_links":{"self":[{"href":"https:\/\/conversesacatalunya.cat\/es\/wp-json\/wp\/v2\/posts\/89101","targetHints":{"allow":["GET"]}}],"collection":[{"href":"https:\/\/conversesacatalunya.cat\/es\/wp-json\/wp\/v2\/posts"}],"about":[{"href":"https:\/\/conversesacatalunya.cat\/es\/wp-json\/wp\/v2\/types\/post"}],"author":[{"embeddable":true,"href":"https:\/\/conversesacatalunya.cat\/es\/wp-json\/wp\/v2\/users\/75"}],"replies":[{"embeddable":true,"href":"https:\/\/conversesacatalunya.cat\/es\/wp-json\/wp\/v2\/comments?post=89101"}],"version-history":[{"count":3,"href":"https:\/\/conversesacatalunya.cat\/es\/wp-json\/wp\/v2\/posts\/89101\/revisions"}],"predecessor-version":[{"id":89102,"href":"https:\/\/conversesacatalunya.cat\/es\/wp-json\/wp\/v2\/posts\/89101\/revisions\/89102"}],"wp:featuredmedia":[{"embeddable":true,"href":"https:\/\/conversesacatalunya.cat\/es\/wp-json\/wp\/v2\/media\/32090"}],"wp:attachment":[{"href":"https:\/\/conversesacatalunya.cat\/es\/wp-json\/wp\/v2\/media?parent=89101"}],"wp:term":[{"taxonomy":"category","embeddable":true,"href":"https:\/\/conversesacatalunya.cat\/es\/wp-json\/wp\/v2\/categories?post=89101"},{"taxonomy":"post_tag","embeddable":true,"href":"https:\/\/conversesacatalunya.cat\/es\/wp-json\/wp\/v2\/tags?post=89101"}],"curies":[{"name":"wp","href":"https:\/\/api.w.org\/{rel}","templated":true}]}}