{"id":89035,"date":"2025-06-02T09:00:03","date_gmt":"2025-06-02T07:00:03","guid":{"rendered":"https:\/\/conversesacatalunya.cat\/?p=89035"},"modified":"2025-06-02T09:01:07","modified_gmt":"2025-06-02T07:01:07","slug":"el-escandalo-de-los-audios-donde-esta-sanchez-y-que-esta-haciendo-el-resto","status":"publish","type":"post","link":"https:\/\/conversesacatalunya.cat\/es\/el-escandalo-de-los-audios-donde-esta-sanchez-y-que-esta-haciendo-el-resto\/","title":{"rendered":"El esc\u00e1ndalo de los audios: \u00bfD\u00f3nde est\u00e1 S\u00e1nchez y qu\u00e9 est\u00e1 haciendo el resto?"},"content":{"rendered":"<p>El \u00faltimo esc\u00e1ndalo que atenaza al Gobierno y <a href=\"https:\/\/conversesacatalunya.cat\/es\/el-psoe-parte-del-problema-no-de-la-solucion\/\" target=\"_blank\" rel=\"noopener\">al PSOE<\/a> tiene una dimensi\u00f3n hist\u00f3rica si se confirma como cierto: <strong>una \u201cfontanera\u201d del partido maniobrando, presuntamente en nombre de sus superiores<\/strong>, para desacreditar a un fiscal anticorrupci\u00f3n y al jefe de la Unidad Central Operativa (UCO) de la Guardia Civil.<\/p>\n<p>Este episodio se suma a una larga lista de irregularidades, casos judiciales y conflictos \u00e9ticos que afectan al partido del Gobierno y que podr\u00edan tener consecuencias devastadoras si no se explican y resuelven de forma clara y urgente.<\/p>\n<p>Todo comienza con la <strong>filtraci\u00f3n de unos audios<\/strong> en los que<a href=\"https:\/\/es.wikipedia.org\/wiki\/Leire_D%C3%ADez\" target=\"_blank\" rel=\"noopener\"> <strong>Leire D\u00edez,<\/strong><\/a> militante socialista y exdirectiva en diversas empresas p\u00fablicas, mantiene una videoconferencia con varios abogados y con los empresarios <strong>Javier P\u00e9rez Dolset<\/strong> (procesado por fraude) y <strong>Alejandro Hamlyn<\/strong> (imputado en la trama de hidrocarburos).<\/p>\n<p>Durante la conversaci\u00f3n, D\u00edez se interesa abiertamente por <strong>conseguir informaci\u00f3n comprometedora contra el teniente coronel Antonio Balas, jefe de la UCO<\/strong> y responsable de investigaciones que afectan a familiares del presidente Pedro S\u00e1nchez y al conocido caso Koldo. En estos mismos audios, <strong>D\u00edez llega a ofrecer a Hamlyn posibles favores por parte de la Fiscal\u00eda<\/strong> si le entrega material incriminatorio contra miembros de la Guardia Civil, llegando a calificar a este cuerpo como \u00abla Camorra\u00bb.<\/p>\n<h5><strong>Ante la gravedad del contenido, la reacci\u00f3n del PSOE ha sido sorprendentemente tibia. <\/strong><\/h5>\n<p>Se ha limitado a abrir un <strong>expediente informativo<\/strong> \u2014ni siquiera disciplinario\u2014 contra Leire D\u00edez, redactado en un lenguaje excesivamente prudente, donde se subraya que no tiene v\u00ednculos profesionales ni org\u00e1nicos con el partido, pese a la abundante documentaci\u00f3n gr\u00e1fica en la que aparece junto a dirigentes de alto nivel, incluido el propio Pedro S\u00e1nchez. Adem\u00e1s, sus cargos en empresas p\u00fablicas como Correos no eran de bajo perfil, lo que <strong>contradice la narrativa de que se trata de una simple afiliada sin peso pol\u00edtico.<\/strong><\/p>\n<p>Pero el asunto no termina ah\u00ed. <strong>V\u00edctor de Aldama<\/strong>, imputado y pieza clave en el caso hidrocarburos y tambi\u00e9n en la trama Koldo, fue puesto en libertad provisional en noviembre de 2024 tras llegar a un acuerdo de colaboraci\u00f3n con la Fiscal\u00eda Anticorrupci\u00f3n. Durante su declaraci\u00f3n voluntaria, Aldama aport\u00f3 datos relevantes para esclarecer adjudicaciones p\u00fablicas sospechosas en el Ministerio de Transportes y<strong> mencion\u00f3 expresamente a Leire D\u00edez como intermediaria en operaciones opacas.<\/strong><\/p>\n<p>Adem\u00e1s, han salido a la luz nuevas conversaciones en las que el empresario Javier P\u00e9rez Dolset \u2014tambi\u00e9n implicado en la trama de hidrocarburos\u2014 <strong>afirma que tanto Pedro S\u00e1nchez como Santos Cerd\u00e1n,<\/strong> secretario de Organizaci\u00f3n del PSOE, estar\u00edan detr\u00e1s de una operaci\u00f3n para obtener informaci\u00f3n comprometedora sobre la UCO y sobre figuras clave en investigaciones judiciales sensibles. En estos audios <strong>se menciona directamente al presidente del Gobierno<\/strong> en el contexto de una estrategia para desacreditar a los cuerpos que investigan la corrupci\u00f3n.<\/p>\n<h5><strong>La presi\u00f3n pol\u00edtica y medi\u00e1tica ha crecido en intensidad, pero el silencio desde Moncloa persiste.<\/strong><\/h5>\n<h4><strong>Ante semejante panorama, las preguntas son inevitable: <\/strong><\/h4>\n<p>\u00bfD\u00f3nde est\u00e1 Pedro S\u00e1nchez? \u00bfPor qu\u00e9 guarda silencio? \u00bfPor qu\u00e9 no permiti\u00f3 preguntas durante su reciente rueda de prensa con el primer ministro esloveno, Robert Golob?<\/p>\n<p>\u00bfPor qu\u00e9 la directora de la Guardia Civil no ha salido p\u00fablicamente en defensa de la UCO y de su independencia?<\/p>\n<p>\u00bfPor qu\u00e9 no se ha presentado una denuncia contra Leire D\u00edez por implicar a la Fiscal\u00eda en posibles tratos de favor?<\/p>\n<p>\u00bfPor qu\u00e9 ni S\u00e1nchez ni Cerd\u00e1n han interpuesto una querella contra P\u00e9rez Dolset si sus afirmaciones son falsas?<\/p>\n<p>Tambi\u00e9n cabe preguntarse<strong> cu\u00e1l es la postura oficial de Sumar ante este esc\u00e1ndalo,<\/strong> que \u2014de confirmarse\u2014 revela una amenaza estructural al Estado de derecho. <strong>\u00bfPor qu\u00e9 callan partidos como ERC, PNV y Junts,<\/strong> que tumbaron gobiernos anteriores por causas de corrupci\u00f3n bastante menos complejas?<strong> \u00bfY Pablo Iglesias?<\/strong> \u00bfD\u00f3nde est\u00e1 su vehemencia de anta\u00f1o?<\/p>\n<p>La ciudadan\u00eda, desgastada y cada vez m\u00e1s alejada de la pol\u00edtica, parece resignada. Pero esta sucesi\u00f3n de esc\u00e1ndalos, unidos a la <strong>ausencia cr\u00f3nica de explicaciones y a la negativa del Gobierno a someterse al control parlamentario<\/strong>, no es solo una crisis del PSOE o de Pedro S\u00e1nchez.<\/p>\n<p>Si no se esclarece pronto,<strong> puede convertirse en una crisis del sistema y del propio r\u00e9gimen constitucional.<\/strong> Las alarmas est\u00e1n encendidas. Lo que est\u00e1 en juego ya no es un Gobierno, sino la confianza p\u00fablica en las instituciones democr\u00e1ticas.<\/p>\n<span class='bctt-click-to-tweet'><span class='bctt-ctt-text'><a href='https:\/\/twitter.com\/intent\/tweet?url=https%3A%2F%2Fconversesacatalunya.cat%2Fes%2Fel-escandalo-de-los-audios-donde-esta-sanchez-y-que-esta-haciendo-el-resto%2F&#038;text=La%20ciudadan%C3%ADa%2C%20desgastada%20y%20cada%20vez%20m%C3%A1s%20alejada%20de%20la%20pol%C3%ADtica%2C%20parece%20resignada&#038;via=conversesacat&#038;related=conversesacat' target='_blank'rel=\"noopener noreferrer\">La ciudadan\u00eda, desgastada y cada vez m\u00e1s alejada de la pol\u00edtica, parece resignada <\/a><\/span><a href='https:\/\/twitter.com\/intent\/tweet?url=https%3A%2F%2Fconversesacatalunya.cat%2Fes%2Fel-escandalo-de-los-audios-donde-esta-sanchez-y-que-esta-haciendo-el-resto%2F&#038;text=La%20ciudadan%C3%ADa%2C%20desgastada%20y%20cada%20vez%20m%C3%A1s%20alejada%20de%20la%20pol%C3%ADtica%2C%20parece%20resignada&#038;via=conversesacat&#038;related=conversesacat' target='_blank' class='bctt-ctt-btn'rel=\"noopener noreferrer\">Compartir en X<\/a><\/span>\n","protected":false},"excerpt":{"rendered":"<p>El \u00faltimo esc\u00e1ndalo que atenaza al Gobierno y al PSOE tiene una dimensi\u00f3n hist\u00f3rica si se confirma como cierto: una \u201cfontanera\u201d del partido maniobrando, presuntamente en nombre de sus superiores, para desacreditar a un fiscal anticorrupci\u00f3n y al jefe de la Unidad Central Operativa (UCO) de la Guardia Civil. Este episodio se suma a una larga lista de irregularidades, casos judiciales y conflictos \u00e9ticos que afectan al partido del Gobierno y que podr\u00edan tener consecuencias devastadoras si no se explican y resuelven de forma clara y urgente. Todo comienza con la filtraci\u00f3n de unos audios en los que Leire D\u00edez, militante socialista y exdirectiva en diversas empresas p\u00fablicas, mantiene una videoconferencia con varios abogados y con los empresarios Javier P\u00e9rez Dolset (procesado por fraude) y Alejandro Hamlyn (imputado en la trama de hidrocarburos). Durante la conversaci\u00f3n, D\u00edez se interesa abiertamente por conseguir informaci\u00f3n comprometedora contra el teniente coronel Antonio Balas, jefe de la UCO y responsable de investigaciones que afectan a familiares del presidente Pedro S\u00e1nchez y al conocido caso Koldo. En estos mismos audios, D\u00edez llega a ofrecer a Hamlyn posibles favores por parte de la Fiscal\u00eda si le entrega material incriminatorio contra miembros de la Guardia Civil, llegando a calificar a este cuerpo como \u00abla Camorra\u00bb. Ante la gravedad del contenido, la reacci\u00f3n del PSOE ha sido sorprendentemente tibia. Se ha limitado a abrir un expediente informativo \u2014ni siquiera disciplinario\u2014 contra Leire D\u00edez, redactado en un lenguaje excesivamente prudente, donde se subraya que no tiene v\u00ednculos profesionales ni org\u00e1nicos con el partido, pese a la abundante documentaci\u00f3n gr\u00e1fica en la que aparece junto a dirigentes de alto nivel, incluido el propio Pedro S\u00e1nchez. Adem\u00e1s, sus cargos en empresas p\u00fablicas como Correos no eran de bajo perfil, lo que contradice la narrativa de que se trata de una simple afiliada sin peso pol\u00edtico. Pero el asunto no termina ah\u00ed. V\u00edctor de Aldama, imputado y pieza clave en el caso hidrocarburos y tambi\u00e9n en la trama Koldo, fue puesto en libertad provisional en noviembre de 2024 tras llegar a un acuerdo de colaboraci\u00f3n con la Fiscal\u00eda Anticorrupci\u00f3n. Durante su declaraci\u00f3n voluntaria, Aldama aport\u00f3 datos relevantes para esclarecer adjudicaciones p\u00fablicas sospechosas en el Ministerio de Transportes y mencion\u00f3 expresamente a Leire D\u00edez como intermediaria en operaciones opacas. Adem\u00e1s, han salido a la luz nuevas conversaciones en las que el empresario Javier P\u00e9rez Dolset \u2014tambi\u00e9n implicado en la trama de hidrocarburos\u2014 afirma que tanto Pedro S\u00e1nchez como Santos Cerd\u00e1n, secretario de Organizaci\u00f3n del PSOE, estar\u00edan detr\u00e1s de una operaci\u00f3n para obtener informaci\u00f3n comprometedora sobre la UCO y sobre figuras clave en investigaciones judiciales sensibles. En estos audios se menciona directamente al presidente del Gobierno en el contexto de una estrategia para desacreditar a los cuerpos que investigan la corrupci\u00f3n. La presi\u00f3n pol\u00edtica y medi\u00e1tica ha crecido en intensidad, pero el silencio desde Moncloa persiste. Ante semejante panorama, las preguntas son inevitable: \u00bfD\u00f3nde est\u00e1 Pedro S\u00e1nchez? \u00bfPor qu\u00e9 guarda silencio? \u00bfPor qu\u00e9 no permiti\u00f3 preguntas durante su reciente rueda de prensa con el primer ministro esloveno, Robert Golob? \u00bfPor qu\u00e9 la directora de la Guardia Civil no ha salido p\u00fablicamente en defensa de la UCO y de su independencia? \u00bfPor qu\u00e9 no se ha presentado una denuncia contra Leire D\u00edez por implicar a la Fiscal\u00eda en posibles tratos de favor? \u00bfPor qu\u00e9 ni S\u00e1nchez ni Cerd\u00e1n han interpuesto una querella contra P\u00e9rez Dolset si sus afirmaciones son falsas? Tambi\u00e9n cabe preguntarse cu\u00e1l es la postura oficial de Sumar ante este esc\u00e1ndalo, que \u2014de confirmarse\u2014 revela una amenaza estructural al Estado de derecho. \u00bfPor qu\u00e9 callan partidos como ERC, PNV y Junts, que tumbaron gobiernos anteriores por causas de corrupci\u00f3n bastante menos complejas? \u00bfY Pablo Iglesias? \u00bfD\u00f3nde est\u00e1 su vehemencia de anta\u00f1o? La ciudadan\u00eda, desgastada y cada vez m\u00e1s alejada de la pol\u00edtica, parece resignada. Pero esta sucesi\u00f3n de esc\u00e1ndalos, unidos a la ausencia cr\u00f3nica de explicaciones y a la negativa del Gobierno a someterse al control parlamentario, no es solo una crisis del PSOE o de Pedro S\u00e1nchez. Si no se esclarece pronto, puede convertirse en una crisis del sistema y del propio r\u00e9gimen constitucional. Las alarmas est\u00e1n encendidas. Lo que est\u00e1 en juego ya no es un Gobierno, sino la confianza p\u00fablica en las instituciones democr\u00e1ticas.<\/p>\n","protected":false},"author":81,"featured_media":89040,"comment_status":"open","ping_status":"open","sticky":false,"template":"","format":"standard","meta":{"_FSMCFIC_featured_image_caption":"","_FSMCFIC_featured_image_nocaption":"","_FSMCFIC_featured_image_hide":"","footnotes":""},"categories":[806],"tags":[1279,1375],"class_list":["post-89035","post","type-post","status-publish","format-standard","has-post-thumbnail","hentry","category-punts-claus-del-dia-es","tag-corrupcion","tag-gobierno-sanchez"],"yoast_head":"<!-- This site is optimized with the Yoast SEO plugin v26.8 - https:\/\/yoast.com\/product\/yoast-seo-wordpress\/ -->\n<title>El esc\u00e1ndalo de los audios: \u00bfD\u00f3nde est\u00e1 S\u00e1nchez y qu\u00e9 est\u00e1 haciendo el resto? - Converses a Catalunya<\/title>\n<meta name=\"description\" content=\"\u00bfD\u00f3nde est\u00e1 Pedro S\u00e1nchez? \u00bfPor qu\u00e9 guarda silencio? \u00bfPor qu\u00e9 no permiti\u00f3 preguntas durante su reciente rueda de prensa?\" \/>\n<meta name=\"robots\" content=\"index, follow, max-snippet:-1, max-image-preview:large, max-video-preview:-1\" \/>\n<link rel=\"canonical\" href=\"https:\/\/conversesacatalunya.cat\/es\/el-escandalo-de-los-audios-donde-esta-sanchez-y-que-esta-haciendo-el-resto\/\" \/>\n<meta property=\"og:locale\" content=\"es_ES\" \/>\n<meta property=\"og:type\" content=\"article\" \/>\n<meta property=\"og:title\" content=\"El esc\u00e1ndalo de los audios: \u00bfD\u00f3nde est\u00e1 S\u00e1nchez y qu\u00e9 est\u00e1 haciendo el resto? - Converses a Catalunya\" \/>\n<meta property=\"og:description\" content=\"\u00bfD\u00f3nde est\u00e1 Pedro S\u00e1nchez? \u00bfPor qu\u00e9 guarda silencio? \u00bfPor qu\u00e9 no permiti\u00f3 preguntas durante su reciente rueda de prensa?\" \/>\n<meta property=\"og:url\" content=\"https:\/\/conversesacatalunya.cat\/es\/el-escandalo-de-los-audios-donde-esta-sanchez-y-que-esta-haciendo-el-resto\/\" \/>\n<meta property=\"og:site_name\" content=\"Converses a Catalunya\" \/>\n<meta property=\"article:published_time\" content=\"2025-06-02T07:00:03+00:00\" \/>\n<meta property=\"article:modified_time\" content=\"2025-06-02T07:01:07+00:00\" \/>\n<meta property=\"og:image\" content=\"https:\/\/conversesacatalunya.cat\/wp-content\/uploads\/2025\/06\/questions-6370836_640.jpg\" \/>\n\t<meta property=\"og:image:width\" content=\"640\" \/>\n\t<meta property=\"og:image:height\" content=\"640\" \/>\n\t<meta property=\"og:image:type\" content=\"image\/jpeg\" \/>\n<meta name=\"author\" content=\"Emili Clos\" \/>\n<meta name=\"twitter:card\" content=\"summary_large_image\" \/>\n<meta name=\"twitter:label1\" content=\"Escrito por\" \/>\n\t<meta name=\"twitter:data1\" content=\"Emili Clos\" \/>\n\t<meta name=\"twitter:label2\" content=\"Tiempo de lectura\" \/>\n\t<meta name=\"twitter:data2\" content=\"4 minutos\" \/>\n<script type=\"application\/ld+json\" class=\"yoast-schema-graph\">{\"@context\":\"https:\/\/schema.org\",\"@graph\":[{\"@type\":\"Article\",\"@id\":\"https:\/\/conversesacatalunya.cat\/es\/el-escandalo-de-los-audios-donde-esta-sanchez-y-que-esta-haciendo-el-resto\/#article\",\"isPartOf\":{\"@id\":\"https:\/\/conversesacatalunya.cat\/es\/el-escandalo-de-los-audios-donde-esta-sanchez-y-que-esta-haciendo-el-resto\/\"},\"author\":{\"name\":\"Emili Clos\",\"@id\":\"https:\/\/conversesacatalunya.cat\/#\/schema\/person\/46306de4129bccb959ed5e1720c4e3e7\"},\"headline\":\"El esc\u00e1ndalo de los audios: \u00bfD\u00f3nde est\u00e1 S\u00e1nchez y qu\u00e9 est\u00e1 haciendo el resto?\",\"datePublished\":\"2025-06-02T07:00:03+00:00\",\"dateModified\":\"2025-06-02T07:01:07+00:00\",\"mainEntityOfPage\":{\"@id\":\"https:\/\/conversesacatalunya.cat\/es\/el-escandalo-de-los-audios-donde-esta-sanchez-y-que-esta-haciendo-el-resto\/\"},\"wordCount\":812,\"commentCount\":0,\"image\":{\"@id\":\"https:\/\/conversesacatalunya.cat\/es\/el-escandalo-de-los-audios-donde-esta-sanchez-y-que-esta-haciendo-el-resto\/#primaryimage\"},\"thumbnailUrl\":\"https:\/\/conversesacatalunya.cat\/wp-content\/uploads\/2025\/06\/questions-6370836_640.jpg\",\"keywords\":[\"corrupci\u00f3n\",\"Gobierno S\u00e1nchez\"],\"articleSection\":[\"Punts clau del dia (ES)\"],\"inLanguage\":\"es\",\"potentialAction\":[{\"@type\":\"CommentAction\",\"name\":\"Comment\",\"target\":[\"https:\/\/conversesacatalunya.cat\/es\/el-escandalo-de-los-audios-donde-esta-sanchez-y-que-esta-haciendo-el-resto\/#respond\"]}]},{\"@type\":\"WebPage\",\"@id\":\"https:\/\/conversesacatalunya.cat\/es\/el-escandalo-de-los-audios-donde-esta-sanchez-y-que-esta-haciendo-el-resto\/\",\"url\":\"https:\/\/conversesacatalunya.cat\/es\/el-escandalo-de-los-audios-donde-esta-sanchez-y-que-esta-haciendo-el-resto\/\",\"name\":\"El esc\u00e1ndalo de los audios: \u00bfD\u00f3nde est\u00e1 S\u00e1nchez y qu\u00e9 est\u00e1 haciendo el resto? - Converses a Catalunya\",\"isPartOf\":{\"@id\":\"https:\/\/conversesacatalunya.cat\/#website\"},\"primaryImageOfPage\":{\"@id\":\"https:\/\/conversesacatalunya.cat\/es\/el-escandalo-de-los-audios-donde-esta-sanchez-y-que-esta-haciendo-el-resto\/#primaryimage\"},\"image\":{\"@id\":\"https:\/\/conversesacatalunya.cat\/es\/el-escandalo-de-los-audios-donde-esta-sanchez-y-que-esta-haciendo-el-resto\/#primaryimage\"},\"thumbnailUrl\":\"https:\/\/conversesacatalunya.cat\/wp-content\/uploads\/2025\/06\/questions-6370836_640.jpg\",\"datePublished\":\"2025-06-02T07:00:03+00:00\",\"dateModified\":\"2025-06-02T07:01:07+00:00\",\"author\":{\"@id\":\"https:\/\/conversesacatalunya.cat\/#\/schema\/person\/46306de4129bccb959ed5e1720c4e3e7\"},\"description\":\"\u00bfD\u00f3nde est\u00e1 Pedro S\u00e1nchez? \u00bfPor qu\u00e9 guarda silencio? \u00bfPor qu\u00e9 no permiti\u00f3 preguntas durante su reciente rueda de prensa?\",\"breadcrumb\":{\"@id\":\"https:\/\/conversesacatalunya.cat\/es\/el-escandalo-de-los-audios-donde-esta-sanchez-y-que-esta-haciendo-el-resto\/#breadcrumb\"},\"inLanguage\":\"es\",\"potentialAction\":[{\"@type\":\"ReadAction\",\"target\":[\"https:\/\/conversesacatalunya.cat\/es\/el-escandalo-de-los-audios-donde-esta-sanchez-y-que-esta-haciendo-el-resto\/\"]}]},{\"@type\":\"ImageObject\",\"inLanguage\":\"es\",\"@id\":\"https:\/\/conversesacatalunya.cat\/es\/el-escandalo-de-los-audios-donde-esta-sanchez-y-que-esta-haciendo-el-resto\/#primaryimage\",\"url\":\"https:\/\/conversesacatalunya.cat\/wp-content\/uploads\/2025\/06\/questions-6370836_640.jpg\",\"contentUrl\":\"https:\/\/conversesacatalunya.cat\/wp-content\/uploads\/2025\/06\/questions-6370836_640.jpg\",\"width\":640,\"height\":640,\"caption\":\"D\u00f3nde est\u00e1 S\u00e1nchez\"},{\"@type\":\"BreadcrumbList\",\"@id\":\"https:\/\/conversesacatalunya.cat\/es\/el-escandalo-de-los-audios-donde-esta-sanchez-y-que-esta-haciendo-el-resto\/#breadcrumb\",\"itemListElement\":[{\"@type\":\"ListItem\",\"position\":1,\"name\":\"Inici\",\"item\":\"https:\/\/conversesacatalunya.cat\/es\/\"},{\"@type\":\"ListItem\",\"position\":2,\"name\":\"El esc\u00e1ndalo de los audios: \u00bfD\u00f3nde est\u00e1 S\u00e1nchez y qu\u00e9 est\u00e1 haciendo el resto?\"}]},{\"@type\":\"WebSite\",\"@id\":\"https:\/\/conversesacatalunya.cat\/#website\",\"url\":\"https:\/\/conversesacatalunya.cat\/\",\"name\":\"Converses a Catalunya\",\"description\":\"\",\"potentialAction\":[{\"@type\":\"SearchAction\",\"target\":{\"@type\":\"EntryPoint\",\"urlTemplate\":\"https:\/\/conversesacatalunya.cat\/?s={search_term_string}\"},\"query-input\":{\"@type\":\"PropertyValueSpecification\",\"valueRequired\":true,\"valueName\":\"search_term_string\"}}],\"inLanguage\":\"es\"},{\"@type\":\"Person\",\"@id\":\"https:\/\/conversesacatalunya.cat\/#\/schema\/person\/46306de4129bccb959ed5e1720c4e3e7\",\"name\":\"Emili Clos\",\"image\":{\"@type\":\"ImageObject\",\"inLanguage\":\"es\",\"@id\":\"https:\/\/conversesacatalunya.cat\/#\/schema\/person\/image\/\",\"url\":\"https:\/\/conversesacatalunya.cat\/wp-content\/litespeed\/avatar\/a9a662bd802eed79498de818aef91cc9.jpg?ver=1777096184\",\"contentUrl\":\"https:\/\/conversesacatalunya.cat\/wp-content\/litespeed\/avatar\/a9a662bd802eed79498de818aef91cc9.jpg?ver=1777096184\",\"caption\":\"Emili Clos\"},\"url\":\"https:\/\/conversesacatalunya.cat\/es\/author\/emili_clos\/\"}]}<\/script>\n<!-- \/ Yoast SEO plugin. -->","yoast_head_json":{"title":"El esc\u00e1ndalo de los audios: \u00bfD\u00f3nde est\u00e1 S\u00e1nchez y qu\u00e9 est\u00e1 haciendo el resto? - Converses a Catalunya","description":"\u00bfD\u00f3nde est\u00e1 Pedro S\u00e1nchez? \u00bfPor qu\u00e9 guarda silencio? \u00bfPor qu\u00e9 no permiti\u00f3 preguntas durante su reciente rueda de prensa?","robots":{"index":"index","follow":"follow","max-snippet":"max-snippet:-1","max-image-preview":"max-image-preview:large","max-video-preview":"max-video-preview:-1"},"canonical":"https:\/\/conversesacatalunya.cat\/es\/el-escandalo-de-los-audios-donde-esta-sanchez-y-que-esta-haciendo-el-resto\/","og_locale":"es_ES","og_type":"article","og_title":"El esc\u00e1ndalo de los audios: \u00bfD\u00f3nde est\u00e1 S\u00e1nchez y qu\u00e9 est\u00e1 haciendo el resto? - Converses a Catalunya","og_description":"\u00bfD\u00f3nde est\u00e1 Pedro S\u00e1nchez? \u00bfPor qu\u00e9 guarda silencio? \u00bfPor qu\u00e9 no permiti\u00f3 preguntas durante su reciente rueda de prensa?","og_url":"https:\/\/conversesacatalunya.cat\/es\/el-escandalo-de-los-audios-donde-esta-sanchez-y-que-esta-haciendo-el-resto\/","og_site_name":"Converses a Catalunya","article_published_time":"2025-06-02T07:00:03+00:00","article_modified_time":"2025-06-02T07:01:07+00:00","og_image":[{"width":640,"height":640,"url":"https:\/\/conversesacatalunya.cat\/wp-content\/uploads\/2025\/06\/questions-6370836_640.jpg","type":"image\/jpeg"}],"author":"Emili Clos","twitter_card":"summary_large_image","twitter_misc":{"Escrito por":"Emili Clos","Tiempo de lectura":"4 minutos"},"schema":{"@context":"https:\/\/schema.org","@graph":[{"@type":"Article","@id":"https:\/\/conversesacatalunya.cat\/es\/el-escandalo-de-los-audios-donde-esta-sanchez-y-que-esta-haciendo-el-resto\/#article","isPartOf":{"@id":"https:\/\/conversesacatalunya.cat\/es\/el-escandalo-de-los-audios-donde-esta-sanchez-y-que-esta-haciendo-el-resto\/"},"author":{"name":"Emili Clos","@id":"https:\/\/conversesacatalunya.cat\/#\/schema\/person\/46306de4129bccb959ed5e1720c4e3e7"},"headline":"El esc\u00e1ndalo de los audios: \u00bfD\u00f3nde est\u00e1 S\u00e1nchez y qu\u00e9 est\u00e1 haciendo el resto?","datePublished":"2025-06-02T07:00:03+00:00","dateModified":"2025-06-02T07:01:07+00:00","mainEntityOfPage":{"@id":"https:\/\/conversesacatalunya.cat\/es\/el-escandalo-de-los-audios-donde-esta-sanchez-y-que-esta-haciendo-el-resto\/"},"wordCount":812,"commentCount":0,"image":{"@id":"https:\/\/conversesacatalunya.cat\/es\/el-escandalo-de-los-audios-donde-esta-sanchez-y-que-esta-haciendo-el-resto\/#primaryimage"},"thumbnailUrl":"https:\/\/conversesacatalunya.cat\/wp-content\/uploads\/2025\/06\/questions-6370836_640.jpg","keywords":["corrupci\u00f3n","Gobierno S\u00e1nchez"],"articleSection":["Punts clau del dia (ES)"],"inLanguage":"es","potentialAction":[{"@type":"CommentAction","name":"Comment","target":["https:\/\/conversesacatalunya.cat\/es\/el-escandalo-de-los-audios-donde-esta-sanchez-y-que-esta-haciendo-el-resto\/#respond"]}]},{"@type":"WebPage","@id":"https:\/\/conversesacatalunya.cat\/es\/el-escandalo-de-los-audios-donde-esta-sanchez-y-que-esta-haciendo-el-resto\/","url":"https:\/\/conversesacatalunya.cat\/es\/el-escandalo-de-los-audios-donde-esta-sanchez-y-que-esta-haciendo-el-resto\/","name":"El esc\u00e1ndalo de los audios: \u00bfD\u00f3nde est\u00e1 S\u00e1nchez y qu\u00e9 est\u00e1 haciendo el resto? - Converses a Catalunya","isPartOf":{"@id":"https:\/\/conversesacatalunya.cat\/#website"},"primaryImageOfPage":{"@id":"https:\/\/conversesacatalunya.cat\/es\/el-escandalo-de-los-audios-donde-esta-sanchez-y-que-esta-haciendo-el-resto\/#primaryimage"},"image":{"@id":"https:\/\/conversesacatalunya.cat\/es\/el-escandalo-de-los-audios-donde-esta-sanchez-y-que-esta-haciendo-el-resto\/#primaryimage"},"thumbnailUrl":"https:\/\/conversesacatalunya.cat\/wp-content\/uploads\/2025\/06\/questions-6370836_640.jpg","datePublished":"2025-06-02T07:00:03+00:00","dateModified":"2025-06-02T07:01:07+00:00","author":{"@id":"https:\/\/conversesacatalunya.cat\/#\/schema\/person\/46306de4129bccb959ed5e1720c4e3e7"},"description":"\u00bfD\u00f3nde est\u00e1 Pedro S\u00e1nchez? \u00bfPor qu\u00e9 guarda silencio? \u00bfPor qu\u00e9 no permiti\u00f3 preguntas durante su reciente rueda de prensa?","breadcrumb":{"@id":"https:\/\/conversesacatalunya.cat\/es\/el-escandalo-de-los-audios-donde-esta-sanchez-y-que-esta-haciendo-el-resto\/#breadcrumb"},"inLanguage":"es","potentialAction":[{"@type":"ReadAction","target":["https:\/\/conversesacatalunya.cat\/es\/el-escandalo-de-los-audios-donde-esta-sanchez-y-que-esta-haciendo-el-resto\/"]}]},{"@type":"ImageObject","inLanguage":"es","@id":"https:\/\/conversesacatalunya.cat\/es\/el-escandalo-de-los-audios-donde-esta-sanchez-y-que-esta-haciendo-el-resto\/#primaryimage","url":"https:\/\/conversesacatalunya.cat\/wp-content\/uploads\/2025\/06\/questions-6370836_640.jpg","contentUrl":"https:\/\/conversesacatalunya.cat\/wp-content\/uploads\/2025\/06\/questions-6370836_640.jpg","width":640,"height":640,"caption":"D\u00f3nde est\u00e1 S\u00e1nchez"},{"@type":"BreadcrumbList","@id":"https:\/\/conversesacatalunya.cat\/es\/el-escandalo-de-los-audios-donde-esta-sanchez-y-que-esta-haciendo-el-resto\/#breadcrumb","itemListElement":[{"@type":"ListItem","position":1,"name":"Inici","item":"https:\/\/conversesacatalunya.cat\/es\/"},{"@type":"ListItem","position":2,"name":"El esc\u00e1ndalo de los audios: \u00bfD\u00f3nde est\u00e1 S\u00e1nchez y qu\u00e9 est\u00e1 haciendo el resto?"}]},{"@type":"WebSite","@id":"https:\/\/conversesacatalunya.cat\/#website","url":"https:\/\/conversesacatalunya.cat\/","name":"Converses a Catalunya","description":"","potentialAction":[{"@type":"SearchAction","target":{"@type":"EntryPoint","urlTemplate":"https:\/\/conversesacatalunya.cat\/?s={search_term_string}"},"query-input":{"@type":"PropertyValueSpecification","valueRequired":true,"valueName":"search_term_string"}}],"inLanguage":"es"},{"@type":"Person","@id":"https:\/\/conversesacatalunya.cat\/#\/schema\/person\/46306de4129bccb959ed5e1720c4e3e7","name":"Emili Clos","image":{"@type":"ImageObject","inLanguage":"es","@id":"https:\/\/conversesacatalunya.cat\/#\/schema\/person\/image\/","url":"https:\/\/conversesacatalunya.cat\/wp-content\/litespeed\/avatar\/a9a662bd802eed79498de818aef91cc9.jpg?ver=1777096184","contentUrl":"https:\/\/conversesacatalunya.cat\/wp-content\/litespeed\/avatar\/a9a662bd802eed79498de818aef91cc9.jpg?ver=1777096184","caption":"Emili Clos"},"url":"https:\/\/conversesacatalunya.cat\/es\/author\/emili_clos\/"}]}},"wps_subtitle":"Las alarmas est\u00e1n encendidas. Lo que est\u00e1 en juego ya no es un Gobierno, sino la confianza p\u00fablica en las instituciones democr\u00e1ticas.","_links":{"self":[{"href":"https:\/\/conversesacatalunya.cat\/es\/wp-json\/wp\/v2\/posts\/89035","targetHints":{"allow":["GET"]}}],"collection":[{"href":"https:\/\/conversesacatalunya.cat\/es\/wp-json\/wp\/v2\/posts"}],"about":[{"href":"https:\/\/conversesacatalunya.cat\/es\/wp-json\/wp\/v2\/types\/post"}],"author":[{"embeddable":true,"href":"https:\/\/conversesacatalunya.cat\/es\/wp-json\/wp\/v2\/users\/81"}],"replies":[{"embeddable":true,"href":"https:\/\/conversesacatalunya.cat\/es\/wp-json\/wp\/v2\/comments?post=89035"}],"version-history":[{"count":8,"href":"https:\/\/conversesacatalunya.cat\/es\/wp-json\/wp\/v2\/posts\/89035\/revisions"}],"predecessor-version":[{"id":89042,"href":"https:\/\/conversesacatalunya.cat\/es\/wp-json\/wp\/v2\/posts\/89035\/revisions\/89042"}],"wp:featuredmedia":[{"embeddable":true,"href":"https:\/\/conversesacatalunya.cat\/es\/wp-json\/wp\/v2\/media\/89040"}],"wp:attachment":[{"href":"https:\/\/conversesacatalunya.cat\/es\/wp-json\/wp\/v2\/media?parent=89035"}],"wp:term":[{"taxonomy":"category","embeddable":true,"href":"https:\/\/conversesacatalunya.cat\/es\/wp-json\/wp\/v2\/categories?post=89035"},{"taxonomy":"post_tag","embeddable":true,"href":"https:\/\/conversesacatalunya.cat\/es\/wp-json\/wp\/v2\/tags?post=89035"}],"curies":[{"name":"wp","href":"https:\/\/api.w.org\/{rel}","templated":true}]}}