{"id":89029,"date":"2025-06-11T08:17:36","date_gmt":"2025-06-11T06:17:36","guid":{"rendered":"https:\/\/conversesacatalunya.cat\/?p=89029"},"modified":"2025-06-11T08:37:15","modified_gmt":"2025-06-11T06:37:15","slug":"espana-equilibrio-de-poderes-y-libertades","status":"publish","type":"post","link":"https:\/\/conversesacatalunya.cat\/es\/espana-equilibrio-de-poderes-y-libertades\/","title":{"rendered":"\u00bfVivimos mejor con S\u00e1nchez? Un an\u00e1lisis a fondo del resultado de sus gobiernos 2018-2025. (V) Equilibrio de poderes y libertades"},"content":{"rendered":"<h4><strong>Equilibrio de poderes y calidad legislativa<\/strong><\/h4>\n<p>En la \u00faltima legislatura (2019-2023) el Ejecutivo ha legislado frecuentemente mediante <a href=\"https:\/\/conversesacatalunya.cat\/es\/el-abuso-de-los-decretos-ley-y-el-nuevo-gran-fracaso-parlamentario-de-sanchez\/\" target=\"_blank\" rel=\"noopener\"><strong>decretos-ley<\/strong><\/a> y con tr\u00e1mites de urgencia, reduciendo el debate parlamentario. Esto ha sido criticado por la oposici\u00f3n como \u201cgobernar por decreto\u201d, aunque es cierto que en 2017-2018 tambi\u00e9n se abus\u00f3 de esta figura (por ejemplo, para aplicar el art\u00edculo 155 en Catalu\u00f1a o para aprobar presupuestos prorrogados).<\/p>\n<p><strong>El Parlamento<\/strong> ha estado muy fragmentado, requiriendo pactos m\u00faltiples; esto a veces se tradujo en <strong>transacciones opacas<\/strong> en las leyes (introducir enmiendas de \u00faltimo minuto para contentar a socios). Pese a ello, Espa\u00f1a contin\u00faa teniendo un parlamento activo y una prensa libre que fiscaliza.<\/p>\n<p>La <strong>libertad de prensa<\/strong> se mantiene en buen nivel (Espa\u00f1a suele estar en el puesto 32 del World Press Freedom Index, similar a 2017). No obstante, sigue vigente la pol\u00e9mica <em>Ley Mordaza<\/em> de 2015 que organizaciones civiles piden derogar por coartar libertades (manifestaci\u00f3n, expresi\u00f3n); los intentos de reforma fracasaron en 2023, as\u00ed que en eso <strong>no ha habido mejora respecto a 2017<\/strong>.<\/p>\n<h4><strong>Libertades democr\u00e1ticas<\/strong><\/h4>\n<p>Los derechos fundamentales no han sufrido regresiones formales: Espa\u00f1a sigue siendo catalogada como \u201cLibre\u201d en Freedom House con puntajes altos (94\/100). Se garantizaron elecciones libres en 2019 y 2023 con alternancia local\/regional.<\/p>\n<p>No obstante, han ocurrido <strong>episodios preocupantes<\/strong>: por ejemplo, el espionaje con el software Pegasus a l\u00edderes independentistas (y posiblemente al presidente S\u00e1nchez) gener\u00f3 dudas sobre controles a los servicios de inteligencia. Tambi\u00e9n, la polarizaci\u00f3n pol\u00edtica ha tra\u00eddo crispaci\u00f3n en la sociedad, con manifestaciones tensas y aumento del discurso de odio en redes, aunque sin mermar libertades formales.<\/p>\n<p>El <strong>conflicto catal\u00e1n<\/strong> es un indicador de las tensiones: en 2017 hubo l\u00edderes independentistas encarcelados por sedici\u00f3n, lo que medio mundo observ\u00f3 con recelo; en 2021 fueron indultados, y en 2025 se plantea amnistiarlos. <strong>Este vaiv\u00e9n refleja c\u00f3mo la pol\u00edtica incide en la esfera de la justicia y las libertades:<\/strong> la mitad del pa\u00eds cree que se socava el principio de legalidad al eximir a esos pol\u00edticos, la otra mitad cree que se avanza en reconciliaci\u00f3n democr\u00e1tica.<\/p>\n<p>Podemos decir que <strong>Espa\u00f1a en 2025 sigue siendo una democracia, <\/strong>pero\u00a0con ciertas erosiones en la calidad institucional respecto a 2017 y con pr\u00e1cticas que se asemejan al de una concepci\u00f3n dictatorial en la medida que <strong>no reconoce a la oposici\u00f3n como alternativa de gobierno<\/strong>, lo cual es un sinsentido.<\/p>\n<p>Hay un consenso amplio en que <strong>es necesario despolitizar la Justicia<\/strong>, asegurar la neutralidad de instituciones (Banco de Espa\u00f1a, Defensor del Pueblo, medios p\u00fablicos), y <strong>rebajar la confrontaci\u00f3n partidista, para reforzar los contrapesos democr\u00e1ticos<\/strong>, pero la din\u00e1mica es exactamente en sentido opuesto. Aunque la vida cotidiana de los espa\u00f1oles sigue siendo libre, el sistema puede ir perdiendo la confianza ciudadana.<\/p>\n<p>En 2017 ya hab\u00eda signos de desgaste (corrupci\u00f3n pol\u00edtica en el gobierno de entonces, conflicto territorial); en 2025 estos problemas no solo persisten, sino que se han multiplicado hasta cercar al propio S\u00e1nchez.\u00a0La diferencia es que ahora <strong>el escenario pol\u00edtico est\u00e1 mucho m\u00e1s fragmentado y polarizado<\/strong>, lo cual dificulta reformas pactadas (por ejemplo, de la Constituci\u00f3n para mejorar los pesos y contrapesos, o de la ley electoral).<\/p>\n<p>En s\u00edntesis, <strong>la calidad democr\u00e1tica ha empeorado sensiblemente<\/strong> con relaci\u00f3n a 2017; y se identifican <strong>mayores amenazas<\/strong> (politizaci\u00f3n, polarizaci\u00f3n, reflejos antidemocr\u00e1ticos del gobierno).<\/p>\n<p><strong><a href=\"https:\/\/conversesacatalunya.cat\/es\/vivimos-mejor-con-sanchez-un-analisis-indicadores-sociales\/\" target=\"_blank\" rel=\"noopener\">\u00bfVivimos mejor con S\u00e1nchez? Un an\u00e1lisis a fondo del resultado de sus gobiernos 2018-2025. (IV) Indicadores sociales<\/a><\/strong><\/p>\n<div id=\"polls-287\" class=\"wp-polls\">\n\t<form id=\"polls_form_287\" class=\"wp-polls-form\" action=\"\/index.php\" method=\"post\">\n\t\t<p style=\"display: none;\"><input type=\"hidden\" id=\"poll_287_nonce\" name=\"wp-polls-nonce\" value=\"46ee7a8526\" \/><\/p>\n\t\t<p style=\"display: none;\"><input type=\"hidden\" name=\"poll_id\" value=\"287\" \/><\/p>\n\t\t<p style=\"text-align: center\"><strong>Creus que la forma de fer pol\u00edtica de S\u00e1nchez est\u00e0 deteriorant les institucions de l'Estat i el funcionament de la democr\u00e0cia?<\/strong><\/p><div id=\"polls-287-ans\" class=\"wp-polls-ans\"><ul class=\"wp-polls-ul\">\n\t\t<li><input type=\"radio\" id=\"poll-answer-818\" name=\"poll_287\" value=\"818\" \/> <label for=\"poll-answer-818\">S\u00ed<\/label><\/li>\n\t\t<li><input type=\"radio\" id=\"poll-answer-819\" name=\"poll_287\" value=\"819\" \/> <label for=\"poll-answer-819\">No<\/label><\/li>\n\t\t<li><input type=\"radio\" id=\"poll-answer-820\" name=\"poll_287\" value=\"820\" \/> <label for=\"poll-answer-820\">No ho s\u00e9<\/label><\/li>\n\t\t<\/ul><p style=\"text-align: center\"><input type=\"button\" name=\"vote\" value=\"   Vota   \" class=\"Buttons\" onclick=\"poll_vote(287);\" \/><\/p><p style=\"text-align: center\"><a href=\"#ViewPollResults\" onclick=\"poll_result(287); return false;\" title=\"View Results Of This Poll\">Mira els resultats<\/a><\/p><\/div>\n\t<\/form>\n<\/div>\n<div id=\"polls-287-loading\" class=\"wp-polls-loading\"><img decoding=\"async\" data-src=\"https:\/\/conversesacatalunya.cat\/wp-content\/plugins\/wp-polls\/images\/loading.gif\" width=\"16\" height=\"16\" alt=\"Cargando ...\" title=\"Cargando ...\" class=\"wp-polls-image lazyload\" src=\"data:image\/svg+xml;base64,PHN2ZyB3aWR0aD0iMSIgaGVpZ2h0PSIxIiB4bWxucz0iaHR0cDovL3d3dy53My5vcmcvMjAwMC9zdmciPjwvc3ZnPg==\" style=\"--smush-placeholder-width: 16px; --smush-placeholder-aspect-ratio: 16\/16;\" \/>&nbsp;Cargando ...<\/div>\n\n","protected":false},"excerpt":{"rendered":"<p>Equilibrio de poderes y calidad legislativa En la \u00faltima legislatura (2019-2023) el Ejecutivo ha legislado frecuentemente mediante decretos-ley y con tr\u00e1mites de urgencia, reduciendo el debate parlamentario. Esto ha sido criticado por la oposici\u00f3n como \u201cgobernar por decreto\u201d, aunque es cierto que en 2017-2018 tambi\u00e9n se abus\u00f3 de esta figura (por ejemplo, para aplicar el art\u00edculo 155 en Catalu\u00f1a o para aprobar presupuestos prorrogados). El Parlamento ha estado muy fragmentado, requiriendo pactos m\u00faltiples; esto a veces se tradujo en transacciones opacas en las leyes (introducir enmiendas de \u00faltimo minuto para contentar a socios). Pese a ello, Espa\u00f1a contin\u00faa teniendo un parlamento activo y una prensa libre que fiscaliza. La libertad de prensa se mantiene en buen nivel (Espa\u00f1a suele estar en el puesto 32 del World Press Freedom Index, similar a 2017). No obstante, sigue vigente la pol\u00e9mica Ley Mordaza de 2015 que organizaciones civiles piden derogar por coartar libertades (manifestaci\u00f3n, expresi\u00f3n); los intentos de reforma fracasaron en 2023, as\u00ed que en eso no ha habido mejora respecto a 2017. Libertades democr\u00e1ticas Los derechos fundamentales no han sufrido regresiones formales: Espa\u00f1a sigue siendo catalogada como \u201cLibre\u201d en Freedom House con puntajes altos (94\/100). Se garantizaron elecciones libres en 2019 y 2023 con alternancia local\/regional. No obstante, han ocurrido episodios preocupantes: por ejemplo, el espionaje con el software Pegasus a l\u00edderes independentistas (y posiblemente al presidente S\u00e1nchez) gener\u00f3 dudas sobre controles a los servicios de inteligencia. Tambi\u00e9n, la polarizaci\u00f3n pol\u00edtica ha tra\u00eddo crispaci\u00f3n en la sociedad, con manifestaciones tensas y aumento del discurso de odio en redes, aunque sin mermar libertades formales. El conflicto catal\u00e1n es un indicador de las tensiones: en 2017 hubo l\u00edderes independentistas encarcelados por sedici\u00f3n, lo que medio mundo observ\u00f3 con recelo; en 2021 fueron indultados, y en 2025 se plantea amnistiarlos. Este vaiv\u00e9n refleja c\u00f3mo la pol\u00edtica incide en la esfera de la justicia y las libertades: la mitad del pa\u00eds cree que se socava el principio de legalidad al eximir a esos pol\u00edticos, la otra mitad cree que se avanza en reconciliaci\u00f3n democr\u00e1tica. Podemos decir que Espa\u00f1a en 2025 sigue siendo una democracia, pero\u00a0con ciertas erosiones en la calidad institucional respecto a 2017 y con pr\u00e1cticas que se asemejan al de una concepci\u00f3n dictatorial en la medida que no reconoce a la oposici\u00f3n como alternativa de gobierno, lo cual es un sinsentido. Hay un consenso amplio en que es necesario despolitizar la Justicia, asegurar la neutralidad de instituciones (Banco de Espa\u00f1a, Defensor del Pueblo, medios p\u00fablicos), y rebajar la confrontaci\u00f3n partidista, para reforzar los contrapesos democr\u00e1ticos, pero la din\u00e1mica es exactamente en sentido opuesto. Aunque la vida cotidiana de los espa\u00f1oles sigue siendo libre, el sistema puede ir perdiendo la confianza ciudadana. En 2017 ya hab\u00eda signos de desgaste (corrupci\u00f3n pol\u00edtica en el gobierno de entonces, conflicto territorial); en 2025 estos problemas no solo persisten, sino que se han multiplicado hasta cercar al propio S\u00e1nchez.\u00a0La diferencia es que ahora el escenario pol\u00edtico est\u00e1 mucho m\u00e1s fragmentado y polarizado, lo cual dificulta reformas pactadas (por ejemplo, de la Constituci\u00f3n para mejorar los pesos y contrapesos, o de la ley electoral). En s\u00edntesis, la calidad democr\u00e1tica ha empeorado sensiblemente con relaci\u00f3n a 2017; y se identifican mayores amenazas (politizaci\u00f3n, polarizaci\u00f3n, reflejos antidemocr\u00e1ticos del gobierno). \u00bfVivimos mejor con S\u00e1nchez? Un an\u00e1lisis a fondo del resultado de sus gobiernos 2018-2025. (IV) Indicadores sociales<\/p>\n","protected":false},"author":3,"featured_media":89305,"comment_status":"open","ping_status":"open","sticky":false,"template":"","format":"standard","meta":{"_FSMCFIC_featured_image_caption":"","_FSMCFIC_featured_image_nocaption":"","_FSMCFIC_featured_image_hide":"","footnotes":""},"categories":[806],"tags":[898],"class_list":["post-89029","post","type-post","status-publish","format-standard","has-post-thumbnail","hentry","category-punts-claus-del-dia-es","tag-democracia-es"],"yoast_head":"<!-- This site is optimized with the Yoast SEO plugin v26.8 - https:\/\/yoast.com\/product\/yoast-seo-wordpress\/ -->\n<title>\u00bfVivimos mejor con S\u00e1nchez? Un an\u00e1lisis a fondo del resultado de sus gobiernos 2018-2025. (V) Equilibrio de poderes y libertades - Converses a Catalunya<\/title>\n<meta name=\"description\" content=\"Equilibrio de poderes Espa\u00f1a: El Parlamento ha estado muy fragmentado, esto a veces se tradujo en transacciones opacas en las leyes\" \/>\n<meta name=\"robots\" content=\"index, follow, max-snippet:-1, max-image-preview:large, max-video-preview:-1\" \/>\n<link rel=\"canonical\" href=\"https:\/\/conversesacatalunya.cat\/es\/espana-equilibrio-de-poderes-y-libertades\/\" \/>\n<meta property=\"og:locale\" content=\"es_ES\" \/>\n<meta property=\"og:type\" content=\"article\" \/>\n<meta property=\"og:title\" content=\"\u00bfVivimos mejor con S\u00e1nchez? Un an\u00e1lisis a fondo del resultado de sus gobiernos 2018-2025. (V) Equilibrio de poderes y libertades - Converses a Catalunya\" \/>\n<meta property=\"og:description\" content=\"Equilibrio de poderes Espa\u00f1a: El Parlamento ha estado muy fragmentado, esto a veces se tradujo en transacciones opacas en las leyes\" \/>\n<meta property=\"og:url\" content=\"https:\/\/conversesacatalunya.cat\/es\/espana-equilibrio-de-poderes-y-libertades\/\" \/>\n<meta property=\"og:site_name\" content=\"Converses a Catalunya\" \/>\n<meta property=\"article:published_time\" content=\"2025-06-11T06:17:36+00:00\" \/>\n<meta property=\"article:modified_time\" content=\"2025-06-11T06:37:15+00:00\" \/>\n<meta property=\"og:image\" content=\"https:\/\/conversesacatalunya.cat\/wp-content\/uploads\/2025\/06\/justice-2755765_640.jpg\" \/>\n\t<meta property=\"og:image:width\" content=\"640\" \/>\n\t<meta property=\"og:image:height\" content=\"450\" \/>\n\t<meta property=\"og:image:type\" content=\"image\/jpeg\" \/>\n<meta name=\"author\" content=\"conversesacatalunya\" \/>\n<meta name=\"twitter:card\" content=\"summary_large_image\" \/>\n<meta name=\"twitter:label1\" content=\"Escrito por\" \/>\n\t<meta name=\"twitter:data1\" content=\"conversesacatalunya\" \/>\n\t<meta name=\"twitter:label2\" content=\"Tiempo de lectura\" \/>\n\t<meta name=\"twitter:data2\" content=\"3 minutos\" \/>\n<script type=\"application\/ld+json\" class=\"yoast-schema-graph\">{\"@context\":\"https:\/\/schema.org\",\"@graph\":[{\"@type\":\"Article\",\"@id\":\"https:\/\/conversesacatalunya.cat\/es\/espana-equilibrio-de-poderes-y-libertades\/#article\",\"isPartOf\":{\"@id\":\"https:\/\/conversesacatalunya.cat\/es\/espana-equilibrio-de-poderes-y-libertades\/\"},\"author\":{\"name\":\"conversesacatalunya\",\"@id\":\"https:\/\/conversesacatalunya.cat\/#\/schema\/person\/982274792508d804a0821b413c9ac076\"},\"headline\":\"\u00bfVivimos mejor con S\u00e1nchez? Un an\u00e1lisis a fondo del resultado de sus gobiernos 2018-2025. (V) Equilibrio de poderes y libertades\",\"datePublished\":\"2025-06-11T06:17:36+00:00\",\"dateModified\":\"2025-06-11T06:37:15+00:00\",\"mainEntityOfPage\":{\"@id\":\"https:\/\/conversesacatalunya.cat\/es\/espana-equilibrio-de-poderes-y-libertades\/\"},\"wordCount\":620,\"commentCount\":0,\"image\":{\"@id\":\"https:\/\/conversesacatalunya.cat\/es\/espana-equilibrio-de-poderes-y-libertades\/#primaryimage\"},\"thumbnailUrl\":\"https:\/\/conversesacatalunya.cat\/wp-content\/uploads\/2025\/06\/justice-2755765_640.jpg\",\"keywords\":[\"Democracia\"],\"articleSection\":[\"Punts clau del dia (ES)\"],\"inLanguage\":\"es\",\"potentialAction\":[{\"@type\":\"CommentAction\",\"name\":\"Comment\",\"target\":[\"https:\/\/conversesacatalunya.cat\/es\/espana-equilibrio-de-poderes-y-libertades\/#respond\"]}]},{\"@type\":\"WebPage\",\"@id\":\"https:\/\/conversesacatalunya.cat\/es\/espana-equilibrio-de-poderes-y-libertades\/\",\"url\":\"https:\/\/conversesacatalunya.cat\/es\/espana-equilibrio-de-poderes-y-libertades\/\",\"name\":\"\u00bfVivimos mejor con S\u00e1nchez? Un an\u00e1lisis a fondo del resultado de sus gobiernos 2018-2025. (V) Equilibrio de poderes y libertades - Converses a Catalunya\",\"isPartOf\":{\"@id\":\"https:\/\/conversesacatalunya.cat\/#website\"},\"primaryImageOfPage\":{\"@id\":\"https:\/\/conversesacatalunya.cat\/es\/espana-equilibrio-de-poderes-y-libertades\/#primaryimage\"},\"image\":{\"@id\":\"https:\/\/conversesacatalunya.cat\/es\/espana-equilibrio-de-poderes-y-libertades\/#primaryimage\"},\"thumbnailUrl\":\"https:\/\/conversesacatalunya.cat\/wp-content\/uploads\/2025\/06\/justice-2755765_640.jpg\",\"datePublished\":\"2025-06-11T06:17:36+00:00\",\"dateModified\":\"2025-06-11T06:37:15+00:00\",\"author\":{\"@id\":\"https:\/\/conversesacatalunya.cat\/#\/schema\/person\/982274792508d804a0821b413c9ac076\"},\"description\":\"Equilibrio de poderes Espa\u00f1a: El Parlamento ha estado muy fragmentado, esto a veces se tradujo en transacciones opacas en las leyes\",\"breadcrumb\":{\"@id\":\"https:\/\/conversesacatalunya.cat\/es\/espana-equilibrio-de-poderes-y-libertades\/#breadcrumb\"},\"inLanguage\":\"es\",\"potentialAction\":[{\"@type\":\"ReadAction\",\"target\":[\"https:\/\/conversesacatalunya.cat\/es\/espana-equilibrio-de-poderes-y-libertades\/\"]}]},{\"@type\":\"ImageObject\",\"inLanguage\":\"es\",\"@id\":\"https:\/\/conversesacatalunya.cat\/es\/espana-equilibrio-de-poderes-y-libertades\/#primaryimage\",\"url\":\"https:\/\/conversesacatalunya.cat\/wp-content\/uploads\/2025\/06\/justice-2755765_640.jpg\",\"contentUrl\":\"https:\/\/conversesacatalunya.cat\/wp-content\/uploads\/2025\/06\/justice-2755765_640.jpg\",\"width\":640,\"height\":450,\"caption\":\"equilibrio de poderes Espa\u00f1a\"},{\"@type\":\"BreadcrumbList\",\"@id\":\"https:\/\/conversesacatalunya.cat\/es\/espana-equilibrio-de-poderes-y-libertades\/#breadcrumb\",\"itemListElement\":[{\"@type\":\"ListItem\",\"position\":1,\"name\":\"Inici\",\"item\":\"https:\/\/conversesacatalunya.cat\/es\/\"},{\"@type\":\"ListItem\",\"position\":2,\"name\":\"\u00bfVivimos mejor con S\u00e1nchez? Un an\u00e1lisis a fondo del resultado de sus gobiernos 2018-2025. (V) Equilibrio de poderes y libertades\"}]},{\"@type\":\"WebSite\",\"@id\":\"https:\/\/conversesacatalunya.cat\/#website\",\"url\":\"https:\/\/conversesacatalunya.cat\/\",\"name\":\"Converses a Catalunya\",\"description\":\"\",\"potentialAction\":[{\"@type\":\"SearchAction\",\"target\":{\"@type\":\"EntryPoint\",\"urlTemplate\":\"https:\/\/conversesacatalunya.cat\/?s={search_term_string}\"},\"query-input\":{\"@type\":\"PropertyValueSpecification\",\"valueRequired\":true,\"valueName\":\"search_term_string\"}}],\"inLanguage\":\"es\"},{\"@type\":\"Person\",\"@id\":\"https:\/\/conversesacatalunya.cat\/#\/schema\/person\/982274792508d804a0821b413c9ac076\",\"name\":\"conversesacatalunya\",\"image\":{\"@type\":\"ImageObject\",\"inLanguage\":\"es\",\"@id\":\"https:\/\/conversesacatalunya.cat\/#\/schema\/person\/image\/\",\"url\":\"https:\/\/conversesacatalunya.cat\/wp-content\/litespeed\/avatar\/f04b47eeffd9637c7cf7869e217fb9ec.jpg?ver=1777370077\",\"contentUrl\":\"https:\/\/conversesacatalunya.cat\/wp-content\/litespeed\/avatar\/f04b47eeffd9637c7cf7869e217fb9ec.jpg?ver=1777370077\",\"caption\":\"conversesacatalunya\"},\"url\":\"https:\/\/conversesacatalunya.cat\/es\/author\/muntsa_escola\/\"}]}<\/script>\n<!-- \/ Yoast SEO plugin. -->","yoast_head_json":{"title":"\u00bfVivimos mejor con S\u00e1nchez? Un an\u00e1lisis a fondo del resultado de sus gobiernos 2018-2025. (V) Equilibrio de poderes y libertades - Converses a Catalunya","description":"Equilibrio de poderes Espa\u00f1a: El Parlamento ha estado muy fragmentado, esto a veces se tradujo en transacciones opacas en las leyes","robots":{"index":"index","follow":"follow","max-snippet":"max-snippet:-1","max-image-preview":"max-image-preview:large","max-video-preview":"max-video-preview:-1"},"canonical":"https:\/\/conversesacatalunya.cat\/es\/espana-equilibrio-de-poderes-y-libertades\/","og_locale":"es_ES","og_type":"article","og_title":"\u00bfVivimos mejor con S\u00e1nchez? Un an\u00e1lisis a fondo del resultado de sus gobiernos 2018-2025. (V) Equilibrio de poderes y libertades - Converses a Catalunya","og_description":"Equilibrio de poderes Espa\u00f1a: El Parlamento ha estado muy fragmentado, esto a veces se tradujo en transacciones opacas en las leyes","og_url":"https:\/\/conversesacatalunya.cat\/es\/espana-equilibrio-de-poderes-y-libertades\/","og_site_name":"Converses a Catalunya","article_published_time":"2025-06-11T06:17:36+00:00","article_modified_time":"2025-06-11T06:37:15+00:00","og_image":[{"width":640,"height":450,"url":"https:\/\/conversesacatalunya.cat\/wp-content\/uploads\/2025\/06\/justice-2755765_640.jpg","type":"image\/jpeg"}],"author":"conversesacatalunya","twitter_card":"summary_large_image","twitter_misc":{"Escrito por":"conversesacatalunya","Tiempo de lectura":"3 minutos"},"schema":{"@context":"https:\/\/schema.org","@graph":[{"@type":"Article","@id":"https:\/\/conversesacatalunya.cat\/es\/espana-equilibrio-de-poderes-y-libertades\/#article","isPartOf":{"@id":"https:\/\/conversesacatalunya.cat\/es\/espana-equilibrio-de-poderes-y-libertades\/"},"author":{"name":"conversesacatalunya","@id":"https:\/\/conversesacatalunya.cat\/#\/schema\/person\/982274792508d804a0821b413c9ac076"},"headline":"\u00bfVivimos mejor con S\u00e1nchez? Un an\u00e1lisis a fondo del resultado de sus gobiernos 2018-2025. (V) Equilibrio de poderes y libertades","datePublished":"2025-06-11T06:17:36+00:00","dateModified":"2025-06-11T06:37:15+00:00","mainEntityOfPage":{"@id":"https:\/\/conversesacatalunya.cat\/es\/espana-equilibrio-de-poderes-y-libertades\/"},"wordCount":620,"commentCount":0,"image":{"@id":"https:\/\/conversesacatalunya.cat\/es\/espana-equilibrio-de-poderes-y-libertades\/#primaryimage"},"thumbnailUrl":"https:\/\/conversesacatalunya.cat\/wp-content\/uploads\/2025\/06\/justice-2755765_640.jpg","keywords":["Democracia"],"articleSection":["Punts clau del dia (ES)"],"inLanguage":"es","potentialAction":[{"@type":"CommentAction","name":"Comment","target":["https:\/\/conversesacatalunya.cat\/es\/espana-equilibrio-de-poderes-y-libertades\/#respond"]}]},{"@type":"WebPage","@id":"https:\/\/conversesacatalunya.cat\/es\/espana-equilibrio-de-poderes-y-libertades\/","url":"https:\/\/conversesacatalunya.cat\/es\/espana-equilibrio-de-poderes-y-libertades\/","name":"\u00bfVivimos mejor con S\u00e1nchez? Un an\u00e1lisis a fondo del resultado de sus gobiernos 2018-2025. (V) Equilibrio de poderes y libertades - Converses a Catalunya","isPartOf":{"@id":"https:\/\/conversesacatalunya.cat\/#website"},"primaryImageOfPage":{"@id":"https:\/\/conversesacatalunya.cat\/es\/espana-equilibrio-de-poderes-y-libertades\/#primaryimage"},"image":{"@id":"https:\/\/conversesacatalunya.cat\/es\/espana-equilibrio-de-poderes-y-libertades\/#primaryimage"},"thumbnailUrl":"https:\/\/conversesacatalunya.cat\/wp-content\/uploads\/2025\/06\/justice-2755765_640.jpg","datePublished":"2025-06-11T06:17:36+00:00","dateModified":"2025-06-11T06:37:15+00:00","author":{"@id":"https:\/\/conversesacatalunya.cat\/#\/schema\/person\/982274792508d804a0821b413c9ac076"},"description":"Equilibrio de poderes Espa\u00f1a: El Parlamento ha estado muy fragmentado, esto a veces se tradujo en transacciones opacas en las leyes","breadcrumb":{"@id":"https:\/\/conversesacatalunya.cat\/es\/espana-equilibrio-de-poderes-y-libertades\/#breadcrumb"},"inLanguage":"es","potentialAction":[{"@type":"ReadAction","target":["https:\/\/conversesacatalunya.cat\/es\/espana-equilibrio-de-poderes-y-libertades\/"]}]},{"@type":"ImageObject","inLanguage":"es","@id":"https:\/\/conversesacatalunya.cat\/es\/espana-equilibrio-de-poderes-y-libertades\/#primaryimage","url":"https:\/\/conversesacatalunya.cat\/wp-content\/uploads\/2025\/06\/justice-2755765_640.jpg","contentUrl":"https:\/\/conversesacatalunya.cat\/wp-content\/uploads\/2025\/06\/justice-2755765_640.jpg","width":640,"height":450,"caption":"equilibrio de poderes Espa\u00f1a"},{"@type":"BreadcrumbList","@id":"https:\/\/conversesacatalunya.cat\/es\/espana-equilibrio-de-poderes-y-libertades\/#breadcrumb","itemListElement":[{"@type":"ListItem","position":1,"name":"Inici","item":"https:\/\/conversesacatalunya.cat\/es\/"},{"@type":"ListItem","position":2,"name":"\u00bfVivimos mejor con S\u00e1nchez? Un an\u00e1lisis a fondo del resultado de sus gobiernos 2018-2025. (V) Equilibrio de poderes y libertades"}]},{"@type":"WebSite","@id":"https:\/\/conversesacatalunya.cat\/#website","url":"https:\/\/conversesacatalunya.cat\/","name":"Converses a Catalunya","description":"","potentialAction":[{"@type":"SearchAction","target":{"@type":"EntryPoint","urlTemplate":"https:\/\/conversesacatalunya.cat\/?s={search_term_string}"},"query-input":{"@type":"PropertyValueSpecification","valueRequired":true,"valueName":"search_term_string"}}],"inLanguage":"es"},{"@type":"Person","@id":"https:\/\/conversesacatalunya.cat\/#\/schema\/person\/982274792508d804a0821b413c9ac076","name":"conversesacatalunya","image":{"@type":"ImageObject","inLanguage":"es","@id":"https:\/\/conversesacatalunya.cat\/#\/schema\/person\/image\/","url":"https:\/\/conversesacatalunya.cat\/wp-content\/litespeed\/avatar\/f04b47eeffd9637c7cf7869e217fb9ec.jpg?ver=1777370077","contentUrl":"https:\/\/conversesacatalunya.cat\/wp-content\/litespeed\/avatar\/f04b47eeffd9637c7cf7869e217fb9ec.jpg?ver=1777370077","caption":"conversesacatalunya"},"url":"https:\/\/conversesacatalunya.cat\/es\/author\/muntsa_escola\/"}]}},"wps_subtitle":"","_links":{"self":[{"href":"https:\/\/conversesacatalunya.cat\/es\/wp-json\/wp\/v2\/posts\/89029","targetHints":{"allow":["GET"]}}],"collection":[{"href":"https:\/\/conversesacatalunya.cat\/es\/wp-json\/wp\/v2\/posts"}],"about":[{"href":"https:\/\/conversesacatalunya.cat\/es\/wp-json\/wp\/v2\/types\/post"}],"author":[{"embeddable":true,"href":"https:\/\/conversesacatalunya.cat\/es\/wp-json\/wp\/v2\/users\/3"}],"replies":[{"embeddable":true,"href":"https:\/\/conversesacatalunya.cat\/es\/wp-json\/wp\/v2\/comments?post=89029"}],"version-history":[{"count":9,"href":"https:\/\/conversesacatalunya.cat\/es\/wp-json\/wp\/v2\/posts\/89029\/revisions"}],"predecessor-version":[{"id":89311,"href":"https:\/\/conversesacatalunya.cat\/es\/wp-json\/wp\/v2\/posts\/89029\/revisions\/89311"}],"wp:featuredmedia":[{"embeddable":true,"href":"https:\/\/conversesacatalunya.cat\/es\/wp-json\/wp\/v2\/media\/89305"}],"wp:attachment":[{"href":"https:\/\/conversesacatalunya.cat\/es\/wp-json\/wp\/v2\/media?parent=89029"}],"wp:term":[{"taxonomy":"category","embeddable":true,"href":"https:\/\/conversesacatalunya.cat\/es\/wp-json\/wp\/v2\/categories?post=89029"},{"taxonomy":"post_tag","embeddable":true,"href":"https:\/\/conversesacatalunya.cat\/es\/wp-json\/wp\/v2\/tags?post=89029"}],"curies":[{"name":"wp","href":"https:\/\/api.w.org\/{rel}","templated":true}]}}