{"id":88987,"date":"2025-05-30T10:22:46","date_gmt":"2025-05-30T08:22:46","guid":{"rendered":"https:\/\/conversesacatalunya.cat\/?p=88987"},"modified":"2025-05-30T11:02:37","modified_gmt":"2025-05-30T09:02:37","slug":"volvamos-a-la-ley-maura","status":"publish","type":"post","link":"https:\/\/conversesacatalunya.cat\/es\/volvamos-a-la-ley-maura\/","title":{"rendered":"Volvamos a la Ley Maura"},"content":{"rendered":"<div>\n<div class=\"ssba-modern-2 ssba ssbp-wrap aligncenter ssbp--theme-1\">\n<div>\n<p><span><span class=\"\">Recientemente, el presidente de la Generalitat, Salvador Illa, nada m\u00e1s llegar a formar su Gobierno present\u00f3 ante la ciudadan\u00eda\u00a0<\/span><\/span><strong><span><span class=\"\">el final de las \u201ccitas previas\u201d y del \u201cteletrabajo\u201d en la administraci\u00f3n de la Generalitat<\/span><\/span><\/strong><span><span class=\"\">.\u00a0Lo hizo con la vocaci\u00f3n de mejorar los servicios p\u00fablicos en un nuevo contexto de normalidad pospandemia.<\/span><\/span><\/p>\n<p><span>Pues bien, de inmediato aparecieron un grupo de servidores p\u00fablicos, contradiciendo a su m\u00e1s alto mando, el presidente, y sosteniendo que <strong>una prestaci\u00f3n del servicio p\u00fablico telem\u00e1tica era lo m\u00e1s moderno que hab\u00eda<\/strong>. Como tildando de obsoleto el modelo del presidente.<\/span><\/p>\n<\/div>\n<\/div>\n<\/div>\n<p><span>Si se mira este hecho desde los ojos de quien paga la factura,\u00a0<\/span><strong><span>m\u00e1s bien deber\u00eda llamarse \u201cautoservicio\u201d que servicio p\u00fablico.<\/span><\/strong><span>\u00a0No es que sea solo un desprop\u00f3sito consistente en pagar la improductividad, es tambi\u00e9n un incentivo a la ruptura y\u00a0<\/span><strong><span>la eliminaci\u00f3n de la relaci\u00f3n administraci\u00f3n-administrado<\/span><\/strong><span>.\u00a0Como si las relaciones humanas o la alteridad les molestaran.<\/span><\/p>\n<p><span>En la Generalitat se prestan servicios por parte de maestros, enfermeras, m\u00e9dicos, polic\u00edas, bomberos y otros, que ni se plantean una forma teletransmutada de servicio a los ciudadanos, pues, es la presencialidad y no la ficci\u00f3n la que hace transparente el suministro de alg\u00fan medicamento, la seguridad del tr\u00e1fico o la extinci\u00f3n de un incendio\u2026<\/span><\/p>\n<p><strong><span><span class=\"VIpgJd-yAWNEb-VIpgJd-fmcmS-sn54Q\">Entonces, \u00bfpor qu\u00e9 hacer diferencias entre los propios servidores p\u00fablicos?<\/span><\/span><\/strong><\/p>\n<p><span><span class=\"VIpgJd-yAWNEb-VIpgJd-fmcmS-sn54Q\">La sospecha est\u00e1 servida: quiz\u00e1s el resto de personal llamado \u201cde administraci\u00f3n general\u201d no tiene vocaci\u00f3n de servicio y se quiere perpetuar en esta forma abusiva de autoservicio obviando las necesidades m\u00e1s b\u00e1sicas y fundamentales de los ciudadanos, o quiz\u00e1s hay\u00a0<\/span><\/span><strong><span><span class=\"VIpgJd-yAWNEb-VIpgJd-fmcmS-sn54Q\">muchos puestos de trabajo del sector p\u00fablico que no est\u00e1n justificados<\/span><\/span><\/strong><span><span class=\"VIpgJd-yAWNEb-VIpgJd-fmcmS-sn54Q\">, no prestan ning\u00fan servicio y no pueden auditarse con par\u00e1metros de eficacia, eficiencia y valor que pueden aportar al conjunto de la sociedad.<\/span><\/span><\/p>\n<p><span>El sufrido ciudadano ni est\u00e1 en la ecuaci\u00f3n. Debe sufrir dilaciones prohibidas, mediocridad t\u00e9cnica, presunciones de culpabilidad y otras muchas persecuciones, <\/span><strong><span>incluso a las 3 de la madrugada de un domingo, cuando el servidor telem\u00e1tico se pone en marcha para practicar notificaciones.<\/span><\/strong><\/p>\n<p><span>Conozco a muchos profesionales, de la abogac\u00eda, de la arquitectura, de la ingenier\u00eda y de la consultor\u00eda empresarial, que constantemente\u00a0<\/span><strong><span>sufren graves problemas de dilaciones indebidas y excesivas<\/span><\/strong><span>\u00a0(dir\u00eda una palabra m\u00e1s gorda) de los procedimientos administrativos sometidos al r\u00e9gimen de licencia.<\/span><\/p>\n<p><span><span class=\"VIpgJd-yAWNEb-VIpgJd-fmcmS-sn54Q\">El coste de todas estas dilaciones administrativas en la resoluci\u00f3n de los expedientes ser\u00e1 incuantificable socialmente. Si un profesional, que act\u00faa generalmente en nombre de alg\u00fan ciudadano o empresa,\u00a0<\/span><\/span><strong><span><span class=\"VIpgJd-yAWNEb-VIpgJd-fmcmS-sn54Q\">no obtiene resoluci\u00f3n en tiempo y forma no puede facturar<\/span><\/span><\/strong><span><span class=\"VIpgJd-yAWNEb-VIpgJd-fmcmS-sn54Q\">\u00a0y, por tanto, nace una forma de empobrecimiento provocada por los mismos servidores p\u00fablicos que se esconden tras el teletrabajo al que despu\u00e9s nadie har\u00e1 responsables.<\/span><\/span><\/p>\n<p><span><strong>Una \u00e9tica para los funcionarios p\u00fablicos<\/strong> donde aparte de sus derechos se repensaran muy bien sus deberes es hoy inexistente. Es decir, frente a la inexistencia de l\u00edmites en la actividad de los servidores p\u00fablicos, el abuso o la mala praxis puede ser la t\u00f3nica general.<\/span><\/p>\n<p>A menudo, el principal objetivo del servidor p\u00fablico es jugar al despiste. Se esconde detr\u00e1s de la cita previa para dilatar la toma de decisiones o se esconde detr\u00e1s del teletrabajo por no tener que servir a quien le paga.<\/p>\n<p><strong><span><span class=\"VIpgJd-yAWNEb-VIpgJd-fmcmS-sn54Q\">Y finalmente, no hay l\u00edmites a esta inadecuada y chapucera falta de respeto al administrado.<\/span><\/span><\/strong><\/p>\n<p><span><span class=\"VIpgJd-yAWNEb-VIpgJd-fmcmS-sn54Q\">No importa si la cosa va de millones de euros. Como no pagan ellos, se lo pueden estar mirando y remirando a conveniencia el tiempo que haga falta y sin responsabilidad. Y he aqu\u00ed la cuesti\u00f3n. \u00bfPor qu\u00e9 un abogado, un m\u00e9dico, un ingeniero, un arquitecto deben tener p\u00f3liza de responsabilidad civil obligatoria para ejercer sus profesiones de riesgo y los funcionarios p\u00fablicos que se encuentran al otro lado de la relaci\u00f3n de riesgo no deben tenerla? Muy f\u00e1cil, porque\u00a0<\/span><\/span><u><span><span class=\"VIpgJd-yAWNEb-VIpgJd-fmcmS-sn54Q\">les hemos consentido que sean irresponsables<\/span><\/span><\/u><span><span class=\"VIpgJd-yAWNEb-VIpgJd-fmcmS-sn54Q\"> y \u00e9sta es la principal puerta de entrada al abuso y la corrupci\u00f3n administrativa.<\/span><\/span><\/p>\n<p><span><span class=\"VIpgJd-yAWNEb-VIpgJd-fmcmS-sn54Q\">Un brillante abogado amigo me hizo pensar que existi\u00f3 en el pasado la\u00a0<\/span><\/span><strong><span><span class=\"VIpgJd-yAWNEb-VIpgJd-fmcmS-sn54Q\">Ley Maura<\/span><\/span><\/strong><span><span class=\"VIpgJd-yAWNEb-VIpgJd-fmcmS-sn54Q\">,\u00a0conocida formalmente como la\u00a0<\/span><\/span><strong><span><span class=\"VIpgJd-yAWNEb-VIpgJd-fmcmS-sn54Q\">Ley de Responsabilidad de los Funcionarios P\u00fablicos<\/span><\/span><\/strong><span><span class=\"VIpgJd-yAWNEb-VIpgJd-fmcmS-sn54Q\">,\u00a0impulsada por el pol\u00edtico conservador\u00a0<\/span><\/span><strong><span><span class=\"VIpgJd-yAWNEb-VIpgJd-fmcmS-sn54Q\">Antonio Maura<\/span><\/span><\/strong><span><span class=\"VIpgJd-yAWNEb-VIpgJd-fmcmS-sn54Q\">\u00a0y promulgada en\u00a0<\/span><\/span><strong><span><span class=\"VIpgJd-yAWNEb-VIpgJd-fmcmS-sn54Q\">Espa\u00f1a en 1904.<\/span><\/span><\/strong><\/p>\n<p><span><span class=\"VIpgJd-yAWNEb-VIpgJd-fmcmS-sn54Q\">Maura, quer\u00eda\u00a0<\/span><\/span><strong><span><span class=\"VIpgJd-yAWNEb-VIpgJd-fmcmS-sn54Q\">dignificar la funci\u00f3n p\u00fablica<\/span><\/span><\/strong><span><span class=\"VIpgJd-yAWNEb-VIpgJd-fmcmS-sn54Q\">\u00a0y\u00a0<\/span><\/span><strong><span><span class=\"VIpgJd-yAWNEb-VIpgJd-fmcmS-sn54Q\">restablecer la confianza ciudadana en el Estado<\/span><\/span><\/strong><span><span class=\"VIpgJd-yAWNEb-VIpgJd-fmcmS-sn54Q\">.\u00a0Y, haciendo responsables a los servidores p\u00fablicos sobre las decisiones que toman (todas con impacto en la vida econ\u00f3mica, pol\u00edtica, social y ambiental del pa\u00eds) ciertamente consegu\u00eda el doble objetivo de la\u00a0<\/span><\/span><strong><span><span class=\"VIpgJd-yAWNEb-VIpgJd-fmcmS-sn54Q\">confianza leg\u00edtima<\/span><\/span><\/strong><span><span class=\"VIpgJd-yAWNEb-VIpgJd-fmcmS-sn54Q\">\u00a0en el sistema institucional del pa\u00eds y la\u00a0<\/span><\/span><strong><span><span class=\"VIpgJd-yAWNEb-VIpgJd-fmcmS-sn54Q\">mejora cualitativa de la gesti\u00f3n<\/span><\/span><\/strong><span><span class=\"VIpgJd-yAWNEb-VIpgJd-fmcmS-sn54Q\">\u00a0de los servicios p\u00fablicos.<\/span><\/span><\/p>\n<h4><strong><span><span class=\"VIpgJd-yAWNEb-VIpgJd-fmcmS-sn54Q\">Esta ley ten\u00eda un contenido muy avanzado por la \u00e9poca y pretend\u00eda combatir la corrupci\u00f3n y los abusos administrativos. Sus puntos clave eran:<\/span><\/span><\/strong><\/h4>\n<ol>\n<li><strong><span><span class=\"VIpgJd-yAWNEb-VIpgJd-fmcmS-sn54Q\">Responsabilidad civil directa de los funcionarios p\u00fablicos<\/span><\/span><\/strong><span><span class=\"VIpgJd-yAWNEb-VIpgJd-fmcmS-sn54Q\">\u00a0por actos indebidos o irregularidades cometidas en el ejercicio de sus funciones.<\/span><\/span><\/li>\n<li><span>Posibilidad de reclamar\u00a0<\/span><strong><span>da\u00f1os y perjuicios<\/span><\/strong><span>\u00a0causados \u200b\u200bpor actos de mala gesti\u00f3n o mala fe directamente al funcionario.<\/span><\/li>\n<li><span>El Estado pod\u00eda\u00a0<\/span><strong><span>reclamar a los funcionarios<\/span><\/strong><span>\u00a0las cantidades que hubiera tenido que indemnizar a terceros, si se demostraba negligencia o dolo.<\/span><\/li>\n<li><span>En caso de sentencia condenatoria, el funcionario pod\u00eda ser\u00a0<\/span><strong><span>inhabilitado<\/span><\/strong><span>,\u00a0adem\u00e1s de responder patrimonialmente.<\/span><\/li>\n<\/ol>\n<p><span><span class=\"VIpgJd-yAWNEb-VIpgJd-fmcmS-sn54Q\">No deja de ser curioso que la\u00a0<\/span><\/span><strong><span><span class=\"VIpgJd-yAWNEb-VIpgJd-fmcmS-sn54Q\">derogaci\u00f3n de la Ley Maura<\/span><\/span><\/strong><span><span class=\"VIpgJd-yAWNEb-VIpgJd-fmcmS-sn54Q\">\u00a0(<\/span><\/span><strong><span><span class=\"VIpgJd-yAWNEb-VIpgJd-fmcmS-sn54Q\">vigente hasta la Segunda Rep\u00fablica)<\/span><\/span><\/strong><span><span class=\"VIpgJd-yAWNEb-VIpgJd-fmcmS-sn54Q\">\u00a0se produjera con car\u00e1cter definitivo\u00a0<\/span><\/span><strong><span><span class=\"VIpgJd-yAWNEb-VIpgJd-fmcmS-sn54Q\">durante la dictadura franquista<\/span><\/span><\/strong><span><span class=\"VIpgJd-yAWNEb-VIpgJd-fmcmS-sn54Q\">.<\/span><\/span><\/p>\n<p><strong><span>Hoy<\/span><\/strong><span>,\u00a0el art\u00edculo 121 de la Constituci\u00f3n de 1978 y la Ley 40\/2015, de 1 de octubre, regulan la responsabilidad patrimonial de\u00a0<\/span><strong><span>la<\/span><\/strong><span>\u00a0Administraci\u00f3n. Aunque en ciertos casos se pueda instar la acci\u00f3n de repetici\u00f3n contra el funcionario, esta responsabilidad ya no es ni directa, ni autom\u00e1tica, como preve\u00eda la Ley Maura.<\/span><\/p>\n<h5><strong><span><span class=\"VIpgJd-yAWNEb-VIpgJd-fmcmS-sn54Q\">Hay varias razones pol\u00edticas y estructurales que aconsejar\u00edan un retorno a la Ley Maura:<\/span><\/span><\/strong><\/h5>\n<ul>\n<li><span>En primer lugar, una norma de este signo contradir\u00eda el inter\u00e9s de la Administraci\u00f3n de proteger a los funcionarios fieles y adeptos al r\u00e9gimen.<\/span><\/li>\n<li><span>La exigencia de obediencia ciega en la administraci\u00f3n dar\u00eda paso a una mirada cr\u00edtica de la funci\u00f3n p\u00fablica sobre las \u00f3rdenes recibidas y solo eso presumir\u00eda equilibrar los abusos del poder.<\/span><\/li>\n<li><span>Se acabar\u00eda tambi\u00e9n con el corporativismo y la protecci\u00f3n de un inter\u00e9s corporativo de los servidores p\u00fablicos por encima de los intereses generales, pues los cuerpos de funcionarios presionaron (como han seguido haciendo durante la democracia) para limitar este tipo de responsabilidades personales. Haciendo de la impunidad la regla general.<\/span><\/li>\n<\/ul>\n<p><span><span class=\"VIpgJd-yAWNEb-VIpgJd-fmcmS-sn54Q\">La derogaci\u00f3n franquista de la Ley Maura no solo fue una decisi\u00f3n t\u00e9cnica o jur\u00eddica, sino tambi\u00e9n\u00a0<\/span><\/span><strong><span><span class=\"VIpgJd-yAWNEb-VIpgJd-fmcmS-sn54Q\">una maniobra de consolidaci\u00f3n del poder dentro de un sistema autoritario<\/span><\/span><\/strong><span><span class=\"VIpgJd-yAWNEb-VIpgJd-fmcmS-sn54Q\">.\u00a0Proteger al r\u00e9gimen mediante la impunidad de sus agentes, asegurar una administraci\u00f3n fiel y acr\u00edtica y evitar juicios o responsabilidades derivadas de actos administrativos, estaban entre los fines.<\/span><\/span><\/p>\n<p><span><span class=\"VIpgJd-yAWNEb-VIpgJd-fmcmS-sn54Q\">La Ley Maura represent\u00f3 un\u00a0<\/span><\/span><strong><span><span class=\"VIpgJd-yAWNEb-VIpgJd-fmcmS-sn54Q\">precedente muy potente de responsabilidad p\u00fablica<\/span><\/span><\/strong><span><span class=\"VIpgJd-yAWNEb-VIpgJd-fmcmS-sn54Q\">. Su derogaci\u00f3n muestra c\u00f3mo los reg\u00edmenes autoritarios tienden a eliminar mecanismos de control y transparencia. Con su vigencia se pudo establecer una cultura pol\u00edtica m\u00e1s exigente con los servidores p\u00fablicos, con la confianza leg\u00edtima de la ciudadan\u00eda en el centro del mostrador y con la vinculaci\u00f3n de que toda actividad humana (administrativa tambi\u00e9n) solo puede evaluarse con el est\u00e1ndar de la diligencia debida. Lo dem\u00e1s es como ocurre ahora, una puerta abierta al todo vale y a que el papel lo aguante todo.<\/span><\/span><\/p>\n<span class='bctt-click-to-tweet'><span class='bctt-ctt-text'><a href='https:\/\/twitter.com\/intent\/tweet?url=https%3A%2F%2Fconversesacatalunya.cat%2Fes%2Fvolvamos-a-la-ley-maura%2F&#038;text=La%20Ley%20Maura%20represent%C3%B3%20un%20precedente%20muy%20potente%20de%20responsabilidad%20p%C3%BAblica.%20Su%20derogaci%C3%B3n%20muestra%20c%C3%B3mo%20los%20reg%C3%ADmenes%20autoritarios%20tienden%20a%20eliminar%20mecanismos%20de%20control%20y%20transparencia&#038;via=conversesacat&#038;related=conversesacat' target='_blank'rel=\"noopener noreferrer\">La Ley Maura represent\u00f3 un precedente muy potente de responsabilidad p\u00fablica. Su derogaci\u00f3n muestra c\u00f3mo los reg\u00edmenes autoritarios tienden a eliminar mecanismos de control y transparencia <\/a><\/span><a href='https:\/\/twitter.com\/intent\/tweet?url=https%3A%2F%2Fconversesacatalunya.cat%2Fes%2Fvolvamos-a-la-ley-maura%2F&#038;text=La%20Ley%20Maura%20represent%C3%B3%20un%20precedente%20muy%20potente%20de%20responsabilidad%20p%C3%BAblica.%20Su%20derogaci%C3%B3n%20muestra%20c%C3%B3mo%20los%20reg%C3%ADmenes%20autoritarios%20tienden%20a%20eliminar%20mecanismos%20de%20control%20y%20transparencia&#038;via=conversesacat&#038;related=conversesacat' target='_blank' class='bctt-ctt-btn'rel=\"noopener noreferrer\">Compartir en X<\/a><\/span>\n<p>&nbsp;<\/p>\n","protected":false},"excerpt":{"rendered":"<p>Recientemente, el presidente de la Generalitat, Salvador Illa, nada m\u00e1s llegar a formar su Gobierno present\u00f3 ante la ciudadan\u00eda\u00a0el final de las \u201ccitas previas\u201d y del \u201cteletrabajo\u201d en la administraci\u00f3n de la Generalitat.\u00a0Lo hizo con la vocaci\u00f3n de mejorar los servicios p\u00fablicos en un nuevo contexto de normalidad pospandemia. Pues bien, de inmediato aparecieron un grupo de servidores p\u00fablicos, contradiciendo a su m\u00e1s alto mando, el presidente, y sosteniendo que una prestaci\u00f3n del servicio p\u00fablico telem\u00e1tica era lo m\u00e1s moderno que hab\u00eda. Como tildando de obsoleto el modelo del presidente. Si se mira este hecho desde los ojos de quien paga la factura,\u00a0m\u00e1s bien deber\u00eda llamarse \u201cautoservicio\u201d que servicio p\u00fablico.\u00a0No es que sea solo un desprop\u00f3sito consistente en pagar la improductividad, es tambi\u00e9n un incentivo a la ruptura y\u00a0la eliminaci\u00f3n de la relaci\u00f3n administraci\u00f3n-administrado.\u00a0Como si las relaciones humanas o la alteridad les molestaran. En la Generalitat se prestan servicios por parte de maestros, enfermeras, m\u00e9dicos, polic\u00edas, bomberos y otros, que ni se plantean una forma teletransmutada de servicio a los ciudadanos, pues, es la presencialidad y no la ficci\u00f3n la que hace transparente el suministro de alg\u00fan medicamento, la seguridad del tr\u00e1fico o la extinci\u00f3n de un incendio\u2026 Entonces, \u00bfpor qu\u00e9 hacer diferencias entre los propios servidores p\u00fablicos? La sospecha est\u00e1 servida: quiz\u00e1s el resto de personal llamado \u201cde administraci\u00f3n general\u201d no tiene vocaci\u00f3n de servicio y se quiere perpetuar en esta forma abusiva de autoservicio obviando las necesidades m\u00e1s b\u00e1sicas y fundamentales de los ciudadanos, o quiz\u00e1s hay\u00a0muchos puestos de trabajo del sector p\u00fablico que no est\u00e1n justificados, no prestan ning\u00fan servicio y no pueden auditarse con par\u00e1metros de eficacia, eficiencia y valor que pueden aportar al conjunto de la sociedad. El sufrido ciudadano ni est\u00e1 en la ecuaci\u00f3n. Debe sufrir dilaciones prohibidas, mediocridad t\u00e9cnica, presunciones de culpabilidad y otras muchas persecuciones, incluso a las 3 de la madrugada de un domingo, cuando el servidor telem\u00e1tico se pone en marcha para practicar notificaciones. Conozco a muchos profesionales, de la abogac\u00eda, de la arquitectura, de la ingenier\u00eda y de la consultor\u00eda empresarial, que constantemente\u00a0sufren graves problemas de dilaciones indebidas y excesivas\u00a0(dir\u00eda una palabra m\u00e1s gorda) de los procedimientos administrativos sometidos al r\u00e9gimen de licencia. El coste de todas estas dilaciones administrativas en la resoluci\u00f3n de los expedientes ser\u00e1 incuantificable socialmente. Si un profesional, que act\u00faa generalmente en nombre de alg\u00fan ciudadano o empresa,\u00a0no obtiene resoluci\u00f3n en tiempo y forma no puede facturar\u00a0y, por tanto, nace una forma de empobrecimiento provocada por los mismos servidores p\u00fablicos que se esconden tras el teletrabajo al que despu\u00e9s nadie har\u00e1 responsables. Una \u00e9tica para los funcionarios p\u00fablicos donde aparte de sus derechos se repensaran muy bien sus deberes es hoy inexistente. Es decir, frente a la inexistencia de l\u00edmites en la actividad de los servidores p\u00fablicos, el abuso o la mala praxis puede ser la t\u00f3nica general. A menudo, el principal objetivo del servidor p\u00fablico es jugar al despiste. Se esconde detr\u00e1s de la cita previa para dilatar la toma de decisiones o se esconde detr\u00e1s del teletrabajo por no tener que servir a quien le paga. Y finalmente, no hay l\u00edmites a esta inadecuada y chapucera falta de respeto al administrado. No importa si la cosa va de millones de euros. Como no pagan ellos, se lo pueden estar mirando y remirando a conveniencia el tiempo que haga falta y sin responsabilidad. Y he aqu\u00ed la cuesti\u00f3n. \u00bfPor qu\u00e9 un abogado, un m\u00e9dico, un ingeniero, un arquitecto deben tener p\u00f3liza de responsabilidad civil obligatoria para ejercer sus profesiones de riesgo y los funcionarios p\u00fablicos que se encuentran al otro lado de la relaci\u00f3n de riesgo no deben tenerla? Muy f\u00e1cil, porque\u00a0les hemos consentido que sean irresponsables y \u00e9sta es la principal puerta de entrada al abuso y la corrupci\u00f3n administrativa. Un brillante abogado amigo me hizo pensar que existi\u00f3 en el pasado la\u00a0Ley Maura,\u00a0conocida formalmente como la\u00a0Ley de Responsabilidad de los Funcionarios P\u00fablicos,\u00a0impulsada por el pol\u00edtico conservador\u00a0Antonio Maura\u00a0y promulgada en\u00a0Espa\u00f1a en 1904. Maura, quer\u00eda\u00a0dignificar la funci\u00f3n p\u00fablica\u00a0y\u00a0restablecer la confianza ciudadana en el Estado.\u00a0Y, haciendo responsables a los servidores p\u00fablicos sobre las decisiones que toman (todas con impacto en la vida econ\u00f3mica, pol\u00edtica, social y ambiental del pa\u00eds) ciertamente consegu\u00eda el doble objetivo de la\u00a0confianza leg\u00edtima\u00a0en el sistema institucional del pa\u00eds y la\u00a0mejora cualitativa de la gesti\u00f3n\u00a0de los servicios p\u00fablicos. Esta ley ten\u00eda un contenido muy avanzado por la \u00e9poca y pretend\u00eda combatir la corrupci\u00f3n y los abusos administrativos. Sus puntos clave eran: Responsabilidad civil directa de los funcionarios p\u00fablicos\u00a0por actos indebidos o irregularidades cometidas en el ejercicio de sus funciones. Posibilidad de reclamar\u00a0da\u00f1os y perjuicios\u00a0causados \u200b\u200bpor actos de mala gesti\u00f3n o mala fe directamente al funcionario. El Estado pod\u00eda\u00a0reclamar a los funcionarios\u00a0las cantidades que hubiera tenido que indemnizar a terceros, si se demostraba negligencia o dolo. En caso de sentencia condenatoria, el funcionario pod\u00eda ser\u00a0inhabilitado,\u00a0adem\u00e1s de responder patrimonialmente. No deja de ser curioso que la\u00a0derogaci\u00f3n de la Ley Maura\u00a0(vigente hasta la Segunda Rep\u00fablica)\u00a0se produjera con car\u00e1cter definitivo\u00a0durante la dictadura franquista. Hoy,\u00a0el art\u00edculo 121 de la Constituci\u00f3n de 1978 y la Ley 40\/2015, de 1 de octubre, regulan la responsabilidad patrimonial de\u00a0la\u00a0Administraci\u00f3n. Aunque en ciertos casos se pueda instar la acci\u00f3n de repetici\u00f3n contra el funcionario, esta responsabilidad ya no es ni directa, ni autom\u00e1tica, como preve\u00eda la Ley Maura. Hay varias razones pol\u00edticas y estructurales que aconsejar\u00edan un retorno a la Ley Maura: En primer lugar, una norma de este signo contradir\u00eda el inter\u00e9s de la Administraci\u00f3n de proteger a los funcionarios fieles y adeptos al r\u00e9gimen. La exigencia de obediencia ciega en la administraci\u00f3n dar\u00eda paso a una mirada cr\u00edtica de la funci\u00f3n p\u00fablica sobre las \u00f3rdenes recibidas y solo eso presumir\u00eda equilibrar los abusos del poder. Se acabar\u00eda tambi\u00e9n con el corporativismo y la protecci\u00f3n de un inter\u00e9s corporativo de los servidores p\u00fablicos por encima de los intereses generales, pues los cuerpos de funcionarios presionaron (como han seguido haciendo durante la democracia) para limitar este tipo de responsabilidades personales. Haciendo de la impunidad la regla general. La derogaci\u00f3n franquista de&#8230;<\/p>\n","protected":false},"author":91,"featured_media":88985,"comment_status":"open","ping_status":"open","sticky":false,"template":"","format":"standard","meta":{"_FSMCFIC_featured_image_caption":"","_FSMCFIC_featured_image_nocaption":"","_FSMCFIC_featured_image_hide":"","footnotes":""},"categories":[804],"tags":[2634,2358],"class_list":["post-88987","post","type-post","status-publish","format-standard","has-post-thumbnail","hentry","category-opinem-es","tag-teletrabajo","tag-teletreball-es"],"yoast_head":"<!-- This site is optimized with the Yoast SEO plugin v26.8 - https:\/\/yoast.com\/product\/yoast-seo-wordpress\/ -->\n<title>Volvamos a la Ley Maura - Converses a Catalunya<\/title>\n<meta name=\"description\" content=\"No deja de ser curioso que la derogaci\u00f3n de la Ley Maura se produjera con car\u00e1cter definitivo durante la dictadura franquista.\" \/>\n<meta name=\"robots\" content=\"index, follow, max-snippet:-1, max-image-preview:large, max-video-preview:-1\" \/>\n<link rel=\"canonical\" href=\"https:\/\/conversesacatalunya.cat\/es\/volvamos-a-la-ley-maura\/\" \/>\n<meta property=\"og:locale\" content=\"es_ES\" \/>\n<meta property=\"og:type\" content=\"article\" \/>\n<meta property=\"og:title\" content=\"Volvamos a la Ley Maura - Converses a Catalunya\" \/>\n<meta property=\"og:description\" content=\"No deja de ser curioso que la derogaci\u00f3n de la Ley Maura se produjera con car\u00e1cter definitivo durante la dictadura franquista.\" \/>\n<meta property=\"og:url\" content=\"https:\/\/conversesacatalunya.cat\/es\/volvamos-a-la-ley-maura\/\" \/>\n<meta property=\"og:site_name\" content=\"Converses a Catalunya\" \/>\n<meta property=\"article:published_time\" content=\"2025-05-30T08:22:46+00:00\" \/>\n<meta property=\"article:modified_time\" content=\"2025-05-30T09:02:37+00:00\" \/>\n<meta property=\"og:image\" content=\"https:\/\/conversesacatalunya.cat\/wp-content\/uploads\/2025\/05\/teletrabajo.jpg\" \/>\n\t<meta property=\"og:image:width\" content=\"1280\" \/>\n\t<meta property=\"og:image:height\" content=\"731\" \/>\n\t<meta property=\"og:image:type\" content=\"image\/jpeg\" \/>\n<meta name=\"author\" content=\"S\u00edlvia Requena\" \/>\n<meta name=\"twitter:card\" content=\"summary_large_image\" \/>\n<meta name=\"twitter:label1\" content=\"Escrito por\" \/>\n\t<meta name=\"twitter:data1\" content=\"S\u00edlvia Requena\" \/>\n\t<meta name=\"twitter:label2\" content=\"Tiempo de lectura\" \/>\n\t<meta name=\"twitter:data2\" content=\"7 minutos\" \/>\n<script type=\"application\/ld+json\" class=\"yoast-schema-graph\">{\"@context\":\"https:\/\/schema.org\",\"@graph\":[{\"@type\":\"Article\",\"@id\":\"https:\/\/conversesacatalunya.cat\/es\/volvamos-a-la-ley-maura\/#article\",\"isPartOf\":{\"@id\":\"https:\/\/conversesacatalunya.cat\/es\/volvamos-a-la-ley-maura\/\"},\"author\":{\"name\":\"S\u00edlvia Requena\",\"@id\":\"https:\/\/conversesacatalunya.cat\/#\/schema\/person\/e7d6b5b8693686a0dec1c84260daaefa\"},\"headline\":\"Volvamos a la Ley Maura\",\"datePublished\":\"2025-05-30T08:22:46+00:00\",\"dateModified\":\"2025-05-30T09:02:37+00:00\",\"mainEntityOfPage\":{\"@id\":\"https:\/\/conversesacatalunya.cat\/es\/volvamos-a-la-ley-maura\/\"},\"wordCount\":1360,\"commentCount\":0,\"image\":{\"@id\":\"https:\/\/conversesacatalunya.cat\/es\/volvamos-a-la-ley-maura\/#primaryimage\"},\"thumbnailUrl\":\"https:\/\/conversesacatalunya.cat\/wp-content\/uploads\/2025\/05\/teletrabajo.jpg\",\"keywords\":[\"teletrabajo\",\"Teletreball\"],\"articleSection\":[\"Opinem (ES)\"],\"inLanguage\":\"es\",\"potentialAction\":[{\"@type\":\"CommentAction\",\"name\":\"Comment\",\"target\":[\"https:\/\/conversesacatalunya.cat\/es\/volvamos-a-la-ley-maura\/#respond\"]}]},{\"@type\":\"WebPage\",\"@id\":\"https:\/\/conversesacatalunya.cat\/es\/volvamos-a-la-ley-maura\/\",\"url\":\"https:\/\/conversesacatalunya.cat\/es\/volvamos-a-la-ley-maura\/\",\"name\":\"Volvamos a la Ley Maura - Converses a Catalunya\",\"isPartOf\":{\"@id\":\"https:\/\/conversesacatalunya.cat\/#website\"},\"primaryImageOfPage\":{\"@id\":\"https:\/\/conversesacatalunya.cat\/es\/volvamos-a-la-ley-maura\/#primaryimage\"},\"image\":{\"@id\":\"https:\/\/conversesacatalunya.cat\/es\/volvamos-a-la-ley-maura\/#primaryimage\"},\"thumbnailUrl\":\"https:\/\/conversesacatalunya.cat\/wp-content\/uploads\/2025\/05\/teletrabajo.jpg\",\"datePublished\":\"2025-05-30T08:22:46+00:00\",\"dateModified\":\"2025-05-30T09:02:37+00:00\",\"author\":{\"@id\":\"https:\/\/conversesacatalunya.cat\/#\/schema\/person\/e7d6b5b8693686a0dec1c84260daaefa\"},\"description\":\"No deja de ser curioso que la derogaci\u00f3n de la Ley Maura se produjera con car\u00e1cter definitivo durante la dictadura franquista.\",\"breadcrumb\":{\"@id\":\"https:\/\/conversesacatalunya.cat\/es\/volvamos-a-la-ley-maura\/#breadcrumb\"},\"inLanguage\":\"es\",\"potentialAction\":[{\"@type\":\"ReadAction\",\"target\":[\"https:\/\/conversesacatalunya.cat\/es\/volvamos-a-la-ley-maura\/\"]}]},{\"@type\":\"ImageObject\",\"inLanguage\":\"es\",\"@id\":\"https:\/\/conversesacatalunya.cat\/es\/volvamos-a-la-ley-maura\/#primaryimage\",\"url\":\"https:\/\/conversesacatalunya.cat\/wp-content\/uploads\/2025\/05\/teletrabajo.jpg\",\"contentUrl\":\"https:\/\/conversesacatalunya.cat\/wp-content\/uploads\/2025\/05\/teletrabajo.jpg\",\"width\":1280,\"height\":731,\"caption\":\"Ley Maura\"},{\"@type\":\"BreadcrumbList\",\"@id\":\"https:\/\/conversesacatalunya.cat\/es\/volvamos-a-la-ley-maura\/#breadcrumb\",\"itemListElement\":[{\"@type\":\"ListItem\",\"position\":1,\"name\":\"Inici\",\"item\":\"https:\/\/conversesacatalunya.cat\/es\/\"},{\"@type\":\"ListItem\",\"position\":2,\"name\":\"Volvamos a la Ley Maura\"}]},{\"@type\":\"WebSite\",\"@id\":\"https:\/\/conversesacatalunya.cat\/#website\",\"url\":\"https:\/\/conversesacatalunya.cat\/\",\"name\":\"Converses a Catalunya\",\"description\":\"\",\"potentialAction\":[{\"@type\":\"SearchAction\",\"target\":{\"@type\":\"EntryPoint\",\"urlTemplate\":\"https:\/\/conversesacatalunya.cat\/?s={search_term_string}\"},\"query-input\":{\"@type\":\"PropertyValueSpecification\",\"valueRequired\":true,\"valueName\":\"search_term_string\"}}],\"inLanguage\":\"es\"},{\"@type\":\"Person\",\"@id\":\"https:\/\/conversesacatalunya.cat\/#\/schema\/person\/e7d6b5b8693686a0dec1c84260daaefa\",\"name\":\"S\u00edlvia Requena\",\"image\":{\"@type\":\"ImageObject\",\"inLanguage\":\"es\",\"@id\":\"https:\/\/conversesacatalunya.cat\/#\/schema\/person\/image\/\",\"url\":\"https:\/\/conversesacatalunya.cat\/wp-content\/litespeed\/avatar\/7ac74fc0949f32880215bb800b9a64e8.jpg?ver=1777027210\",\"contentUrl\":\"https:\/\/conversesacatalunya.cat\/wp-content\/litespeed\/avatar\/7ac74fc0949f32880215bb800b9a64e8.jpg?ver=1777027210\",\"caption\":\"S\u00edlvia Requena\"},\"url\":\"https:\/\/conversesacatalunya.cat\/es\/author\/silvia-requena\/\"}]}<\/script>\n<!-- \/ Yoast SEO plugin. -->","yoast_head_json":{"title":"Volvamos a la Ley Maura - Converses a Catalunya","description":"No deja de ser curioso que la derogaci\u00f3n de la Ley Maura se produjera con car\u00e1cter definitivo durante la dictadura franquista.","robots":{"index":"index","follow":"follow","max-snippet":"max-snippet:-1","max-image-preview":"max-image-preview:large","max-video-preview":"max-video-preview:-1"},"canonical":"https:\/\/conversesacatalunya.cat\/es\/volvamos-a-la-ley-maura\/","og_locale":"es_ES","og_type":"article","og_title":"Volvamos a la Ley Maura - Converses a Catalunya","og_description":"No deja de ser curioso que la derogaci\u00f3n de la Ley Maura se produjera con car\u00e1cter definitivo durante la dictadura franquista.","og_url":"https:\/\/conversesacatalunya.cat\/es\/volvamos-a-la-ley-maura\/","og_site_name":"Converses a Catalunya","article_published_time":"2025-05-30T08:22:46+00:00","article_modified_time":"2025-05-30T09:02:37+00:00","og_image":[{"width":1280,"height":731,"url":"https:\/\/conversesacatalunya.cat\/wp-content\/uploads\/2025\/05\/teletrabajo.jpg","type":"image\/jpeg"}],"author":"S\u00edlvia Requena","twitter_card":"summary_large_image","twitter_misc":{"Escrito por":"S\u00edlvia Requena","Tiempo de lectura":"7 minutos"},"schema":{"@context":"https:\/\/schema.org","@graph":[{"@type":"Article","@id":"https:\/\/conversesacatalunya.cat\/es\/volvamos-a-la-ley-maura\/#article","isPartOf":{"@id":"https:\/\/conversesacatalunya.cat\/es\/volvamos-a-la-ley-maura\/"},"author":{"name":"S\u00edlvia Requena","@id":"https:\/\/conversesacatalunya.cat\/#\/schema\/person\/e7d6b5b8693686a0dec1c84260daaefa"},"headline":"Volvamos a la Ley Maura","datePublished":"2025-05-30T08:22:46+00:00","dateModified":"2025-05-30T09:02:37+00:00","mainEntityOfPage":{"@id":"https:\/\/conversesacatalunya.cat\/es\/volvamos-a-la-ley-maura\/"},"wordCount":1360,"commentCount":0,"image":{"@id":"https:\/\/conversesacatalunya.cat\/es\/volvamos-a-la-ley-maura\/#primaryimage"},"thumbnailUrl":"https:\/\/conversesacatalunya.cat\/wp-content\/uploads\/2025\/05\/teletrabajo.jpg","keywords":["teletrabajo","Teletreball"],"articleSection":["Opinem (ES)"],"inLanguage":"es","potentialAction":[{"@type":"CommentAction","name":"Comment","target":["https:\/\/conversesacatalunya.cat\/es\/volvamos-a-la-ley-maura\/#respond"]}]},{"@type":"WebPage","@id":"https:\/\/conversesacatalunya.cat\/es\/volvamos-a-la-ley-maura\/","url":"https:\/\/conversesacatalunya.cat\/es\/volvamos-a-la-ley-maura\/","name":"Volvamos a la Ley Maura - Converses a Catalunya","isPartOf":{"@id":"https:\/\/conversesacatalunya.cat\/#website"},"primaryImageOfPage":{"@id":"https:\/\/conversesacatalunya.cat\/es\/volvamos-a-la-ley-maura\/#primaryimage"},"image":{"@id":"https:\/\/conversesacatalunya.cat\/es\/volvamos-a-la-ley-maura\/#primaryimage"},"thumbnailUrl":"https:\/\/conversesacatalunya.cat\/wp-content\/uploads\/2025\/05\/teletrabajo.jpg","datePublished":"2025-05-30T08:22:46+00:00","dateModified":"2025-05-30T09:02:37+00:00","author":{"@id":"https:\/\/conversesacatalunya.cat\/#\/schema\/person\/e7d6b5b8693686a0dec1c84260daaefa"},"description":"No deja de ser curioso que la derogaci\u00f3n de la Ley Maura se produjera con car\u00e1cter definitivo durante la dictadura franquista.","breadcrumb":{"@id":"https:\/\/conversesacatalunya.cat\/es\/volvamos-a-la-ley-maura\/#breadcrumb"},"inLanguage":"es","potentialAction":[{"@type":"ReadAction","target":["https:\/\/conversesacatalunya.cat\/es\/volvamos-a-la-ley-maura\/"]}]},{"@type":"ImageObject","inLanguage":"es","@id":"https:\/\/conversesacatalunya.cat\/es\/volvamos-a-la-ley-maura\/#primaryimage","url":"https:\/\/conversesacatalunya.cat\/wp-content\/uploads\/2025\/05\/teletrabajo.jpg","contentUrl":"https:\/\/conversesacatalunya.cat\/wp-content\/uploads\/2025\/05\/teletrabajo.jpg","width":1280,"height":731,"caption":"Ley Maura"},{"@type":"BreadcrumbList","@id":"https:\/\/conversesacatalunya.cat\/es\/volvamos-a-la-ley-maura\/#breadcrumb","itemListElement":[{"@type":"ListItem","position":1,"name":"Inici","item":"https:\/\/conversesacatalunya.cat\/es\/"},{"@type":"ListItem","position":2,"name":"Volvamos a la Ley Maura"}]},{"@type":"WebSite","@id":"https:\/\/conversesacatalunya.cat\/#website","url":"https:\/\/conversesacatalunya.cat\/","name":"Converses a Catalunya","description":"","potentialAction":[{"@type":"SearchAction","target":{"@type":"EntryPoint","urlTemplate":"https:\/\/conversesacatalunya.cat\/?s={search_term_string}"},"query-input":{"@type":"PropertyValueSpecification","valueRequired":true,"valueName":"search_term_string"}}],"inLanguage":"es"},{"@type":"Person","@id":"https:\/\/conversesacatalunya.cat\/#\/schema\/person\/e7d6b5b8693686a0dec1c84260daaefa","name":"S\u00edlvia Requena","image":{"@type":"ImageObject","inLanguage":"es","@id":"https:\/\/conversesacatalunya.cat\/#\/schema\/person\/image\/","url":"https:\/\/conversesacatalunya.cat\/wp-content\/litespeed\/avatar\/7ac74fc0949f32880215bb800b9a64e8.jpg?ver=1777027210","contentUrl":"https:\/\/conversesacatalunya.cat\/wp-content\/litespeed\/avatar\/7ac74fc0949f32880215bb800b9a64e8.jpg?ver=1777027210","caption":"S\u00edlvia Requena"},"url":"https:\/\/conversesacatalunya.cat\/es\/author\/silvia-requena\/"}]}},"wps_subtitle":"En el camino del combate contra el abuso administrativo, la arbitrariedad y el todo vale, es donde toda sociedad deber\u00eda focalizarse.","_links":{"self":[{"href":"https:\/\/conversesacatalunya.cat\/es\/wp-json\/wp\/v2\/posts\/88987","targetHints":{"allow":["GET"]}}],"collection":[{"href":"https:\/\/conversesacatalunya.cat\/es\/wp-json\/wp\/v2\/posts"}],"about":[{"href":"https:\/\/conversesacatalunya.cat\/es\/wp-json\/wp\/v2\/types\/post"}],"author":[{"embeddable":true,"href":"https:\/\/conversesacatalunya.cat\/es\/wp-json\/wp\/v2\/users\/91"}],"replies":[{"embeddable":true,"href":"https:\/\/conversesacatalunya.cat\/es\/wp-json\/wp\/v2\/comments?post=88987"}],"version-history":[{"count":8,"href":"https:\/\/conversesacatalunya.cat\/es\/wp-json\/wp\/v2\/posts\/88987\/revisions"}],"predecessor-version":[{"id":88995,"href":"https:\/\/conversesacatalunya.cat\/es\/wp-json\/wp\/v2\/posts\/88987\/revisions\/88995"}],"wp:featuredmedia":[{"embeddable":true,"href":"https:\/\/conversesacatalunya.cat\/es\/wp-json\/wp\/v2\/media\/88985"}],"wp:attachment":[{"href":"https:\/\/conversesacatalunya.cat\/es\/wp-json\/wp\/v2\/media?parent=88987"}],"wp:term":[{"taxonomy":"category","embeddable":true,"href":"https:\/\/conversesacatalunya.cat\/es\/wp-json\/wp\/v2\/categories?post=88987"},{"taxonomy":"post_tag","embeddable":true,"href":"https:\/\/conversesacatalunya.cat\/es\/wp-json\/wp\/v2\/tags?post=88987"}],"curies":[{"name":"wp","href":"https:\/\/api.w.org\/{rel}","templated":true}]}}