{"id":88918,"date":"2025-05-29T11:05:16","date_gmt":"2025-05-29T09:05:16","guid":{"rendered":"https:\/\/conversesacatalunya.cat\/?p=88918"},"modified":"2025-06-02T12:40:30","modified_gmt":"2025-06-02T10:40:30","slug":"tranvia-a-francesc-macia-consulta-ciudadana","status":"publish","type":"post","link":"https:\/\/conversesacatalunya.cat\/es\/tranvia-a-francesc-macia-consulta-ciudadana\/","title":{"rendered":"\u00a1El tranv\u00eda hasta Francesc Maci\u00e0! Exigimos una consulta ciudadana"},"content":{"rendered":"<p><span><span class=\"VIpgJd-yAWNEb-VIpgJd-fmcmS-sn54Q\">Collboni, el alcalde que gobierna Barcelona con una \u00ednfima mayor\u00eda, pero\u00a0<\/span><\/span><strong><span><span class=\"VIpgJd-yAWNEb-VIpgJd-fmcmS-sn54Q\">act\u00faa como si dispusiera de una mayor\u00eda absoluta,<\/span><\/span><\/strong><span><span class=\"VIpgJd-yAWNEb-VIpgJd-fmcmS-sn54Q\">\u00a0aprovecha la benevolencia o complicidad del resto de partidos del consistorio. Es un\u00a0<\/span><\/span><strong><span><span class=\"VIpgJd-yAWNEb-VIpgJd-fmcmS-sn54Q\">fiel disc\u00edpulo de Ada Colau<\/span><\/span><\/strong><span><span class=\"VIpgJd-yAWNEb-VIpgJd-fmcmS-sn54Q\">\u00a0\u2014no en vano fue su primer teniente de alcalde durante a\u00f1os\u2014, pero con el m\u00e9todo PSC:\u00a0<\/span><\/span><strong><span><span class=\"VIpgJd-yAWNEb-VIpgJd-fmcmS-sn54Q\">hacer entrar las cosas con vaselina y quedar bien con todo el mundo mientras hace la suya<\/span><\/span><\/strong><span><span class=\"VIpgJd-yAWNEb-VIpgJd-fmcmS-sn54Q\">.\u00a0Todo un arte, que siempre acaba perjudicando al ciudadano corriente: nosotros.<\/span><\/span><\/p>\n<h5><strong><span>El juego democr\u00e1tico entre \u00e9lites apegadas al poder y partidos d\u00f3ciles queda reducido a la m\u00ednima expresi\u00f3n.<\/span><\/strong><\/h5>\n<p><span>Esta denuncia viene a cuento por la decisi\u00f3n, ahora ya definitiva, de\u00a0<\/span><strong><a href=\"https:\/\/conversesacatalunya.cat\/es\/el-tranvia-por-la-diagonal-es-un-grave-error-y-no-puede-continuar\/\" target=\"_blank\" rel=\"noopener\"><span>prolongar el tranv\u00eda<\/span><\/a><span>\u00a0por la Diagonal hasta Francesc Maci\u00e0, destruyendo la reforma de Xavier Trias<\/span><\/strong><span>,\u00a0derrochando dinero p\u00fablico y desfigurando una realidad que funciona para mucha gente: el tramo entre paseo de Gr\u00e0cia y Francesc Maci\u00e0.<\/span><\/p>\n<p><span>El tranv\u00eda es un desastre para el funcionamiento de la ciudad: perjudica el transporte p\u00fablico existente, agrava la movilidad \u2014ya de por s\u00ed deficiente\u2014 de la capital catalana, y\u00a0<\/span><strong><span>representa un gasto monumental y nada transparente que ning\u00fan partido parece querer esclarecer.<\/span><\/strong><\/p>\n<h5><strong><span><span class=\"VIpgJd-yAWNEb-VIpgJd-fmcmS-sn54Q\">Hay al menos diez grandes cuestiones que el Ayuntamiento deber\u00eda responder y que deber\u00edan debatirse en plenario si queremos evitar que el tranv\u00eda por la Diagonal se convierta en un aut\u00e9ntico desaguisado hist\u00f3rico:<\/span><\/span><\/strong><\/h5>\n<ol>\n<li><strong><span>\u00bfQu\u00e9 sentido tiene realizar una inversi\u00f3n tan costosa, r\u00edgida e irreversible (m\u00e1s de 500 millones de euros con el rescate incluido), en plena revoluci\u00f3n tecnol\u00f3gica del transporte p\u00fablico?<\/span><\/strong><\/li>\n<li><strong><span><span class=\"VIpgJd-yAWNEb-VIpgJd-fmcmS-sn54Q\">\u00bfCu\u00e1l ser\u00e1 el regreso para el dinero p\u00fablico?<\/span><\/span><\/strong><span><span class=\"VIpgJd-yAWNEb-VIpgJd-fmcmS-sn54Q\">\u00a0Si no se rescata la concesi\u00f3n privada actual, se realizar\u00e1 una inversi\u00f3n p\u00fablica para generar negocio privado, agujereando los ingresos de TMB.<\/span><\/span><\/li>\n<li><strong><span>\u00bfCu\u00e1les ser\u00e1n los impactos reales en una ciudad tan densa como Barcelona (35.000 ha\/km\u00b2 en el \u00e1rea afectada)?<\/span><\/strong><span>\u00a0No existe ning\u00fan modelo de movilidad que permita evaluar estos efectos.<\/span><\/li>\n<li><strong><span>\u00bfC\u00f3mo afectar\u00e1 a la movilidad metropolitana?<\/span><\/strong><span>\u00a0Esta obra puede perjudicar gravemente a los municipios colindantes y repetir el error del Consell de Cent, ya condenado por los tribunales.<\/span><\/li>\n<li><strong><span>\u00bfD\u00f3nde queda la combinaci\u00f3n de sistemas de transporte?<\/span><\/strong><span>\u00a0El tranv\u00eda aislado es una visi\u00f3n reduccionista: faltan park-and-rides, capilaridad e intermodalidad.<\/span><\/li>\n<li><strong><span>\u00bfSe han valorado las externalidades negativas?<\/span><\/strong><span>\u00a0Congesti\u00f3n, contaminaci\u00f3n, desplazamiento del tr\u00e1fico y barreras a la movilidad vertical en el Eixample, entre otros.<\/span><\/li>\n<li><strong><span>\u00bfEs realista la previsi\u00f3n de viajeros?<\/span><\/strong><span>\u00a0El servicio actual no est\u00e1 colapsado. Un sistema de buses el\u00e9ctricos bien gestionado ser\u00eda m\u00e1s eficiente y menos costoso.<\/span><\/li>\n<li><strong><span>\u00bfQu\u00e9 ocurrir\u00e1 cuando haya una incidencia o accidente?<\/span><\/strong><span>\u00a0El tranv\u00eda colapsar\u00eda toda la Diagonal. Con el bus esto no ocurre.<\/span><\/li>\n<li><strong><span>\u00bfSe ha tenido en cuenta la contaminaci\u00f3n global del proyecto?<\/span><\/strong><span>\u00a0No se calcula el impacto por congesti\u00f3n a\u00f1adida. Con menos dinero podr\u00edamos electrificar toda la flota de buses.<\/span><\/li>\n<li><strong><span>\u00bfEs esta la prioridad real?<\/span><\/strong><span>\u00a0Solo el 5% de las propuestas recibidas en la consulta ciudadana ped\u00edan el tranv\u00eda. El doble reclamaba cubrir la Ronda de Dalt.<\/span><\/li>\n<\/ol>\n<p><span><span class=\"VIpgJd-yAWNEb-VIpgJd-fmcmS-sn54Q\">En definitiva, este tranv\u00eda no es un proyecto de mejora de la movilidad, sino un arma ideol\u00f3gica contra el uso del veh\u00edculo privado por la v\u00eda del colapso. El Ayuntamiento tiene un deber moral y pol\u00edtico:\u00a0<\/span><\/span><strong><span><span class=\"VIpgJd-yAWNEb-VIpgJd-fmcmS-sn54Q\">hacer una consulta ciudadana<\/span><\/span><\/strong><span><span class=\"VIpgJd-yAWNEb-VIpgJd-fmcmS-sn54Q\">.\u00a0No hacerlo ser\u00eda un fraude democr\u00e1tico de gran magnitud.<\/span><\/span><\/p>\n<span class='bctt-click-to-tweet'><span class='bctt-ctt-text'><a href='https:\/\/twitter.com\/intent\/tweet?url=https%3A%2F%2Fconversesacatalunya.cat%2Fes%2Ftranvia-a-francesc-macia-consulta-ciudadana%2F&#038;text=Esta%20denuncia%20viene%20a%20cuento%20por%20la%20decisi%C3%B3n%2C%20ahora%20ya%20definitiva%2C%20de%20prolongar%20el%20tranv%C3%ADa%20por%20la%20Diagonal%20hasta%20Francesc%20Maci%C3%A0%2C%20destruyendo%20la%20reforma%20de%20Xavier%20Trias&#038;via=conversesacat&#038;related=conversesacat' target='_blank'rel=\"noopener noreferrer\">Esta denuncia viene a cuento por la decisi\u00f3n, ahora ya definitiva, de prolongar el tranv\u00eda por la Diagonal hasta Francesc Maci\u00e0, destruyendo la reforma de Xavier Trias <\/a><\/span><a href='https:\/\/twitter.com\/intent\/tweet?url=https%3A%2F%2Fconversesacatalunya.cat%2Fes%2Ftranvia-a-francesc-macia-consulta-ciudadana%2F&#038;text=Esta%20denuncia%20viene%20a%20cuento%20por%20la%20decisi%C3%B3n%2C%20ahora%20ya%20definitiva%2C%20de%20prolongar%20el%20tranv%C3%ADa%20por%20la%20Diagonal%20hasta%20Francesc%20Maci%C3%A0%2C%20destruyendo%20la%20reforma%20de%20Xavier%20Trias&#038;via=conversesacat&#038;related=conversesacat' target='_blank' class='bctt-ctt-btn'rel=\"noopener noreferrer\">Compartir en X<\/a><\/span>\n<div id=\"polls-285\" class=\"wp-polls\">\n\t<form id=\"polls_form_285\" class=\"wp-polls-form\" action=\"\/index.php\" method=\"post\">\n\t\t<p style=\"display: none;\"><input type=\"hidden\" id=\"poll_285_nonce\" name=\"wp-polls-nonce\" value=\"d6d9060c14\" \/><\/p>\n\t\t<p style=\"display: none;\"><input type=\"hidden\" name=\"poll_id\" value=\"285\" \/><\/p>\n\t\t<p style=\"text-align: center\"><strong>Creus que avui vius millor que abans que govern\u00e9s S\u00e1nchez?<\/strong><\/p><div id=\"polls-285-ans\" class=\"wp-polls-ans\"><ul class=\"wp-polls-ul\">\n\t\t<li><input type=\"radio\" id=\"poll-answer-812\" name=\"poll_285\" value=\"812\" \/> <label for=\"poll-answer-812\">S\u00ed<\/label><\/li>\n\t\t<li><input type=\"radio\" id=\"poll-answer-813\" name=\"poll_285\" value=\"813\" \/> <label for=\"poll-answer-813\">No<\/label><\/li>\n\t\t<li><input type=\"radio\" id=\"poll-answer-814\" name=\"poll_285\" value=\"814\" \/> <label for=\"poll-answer-814\">No ho s\u00e9<\/label><\/li>\n\t\t<\/ul><p style=\"text-align: center\"><input type=\"button\" name=\"vote\" value=\"   Vota   \" class=\"Buttons\" onclick=\"poll_vote(285);\" \/><\/p><p style=\"text-align: center\"><a href=\"#ViewPollResults\" onclick=\"poll_result(285); return false;\" title=\"View Results Of This Poll\">Mira els resultats<\/a><\/p><\/div>\n\t<\/form>\n<\/div>\n<div id=\"polls-285-loading\" class=\"wp-polls-loading\"><img decoding=\"async\" data-src=\"https:\/\/conversesacatalunya.cat\/wp-content\/plugins\/wp-polls\/images\/loading.gif\" width=\"16\" height=\"16\" alt=\"Cargando ...\" title=\"Cargando ...\" class=\"wp-polls-image lazyload\" src=\"data:image\/svg+xml;base64,PHN2ZyB3aWR0aD0iMSIgaGVpZ2h0PSIxIiB4bWxucz0iaHR0cDovL3d3dy53My5vcmcvMjAwMC9zdmciPjwvc3ZnPg==\" style=\"--smush-placeholder-width: 16px; --smush-placeholder-aspect-ratio: 16\/16;\" \/>&nbsp;Cargando ...<\/div>\n\n","protected":false},"excerpt":{"rendered":"<p>Collboni, el alcalde que gobierna Barcelona con una \u00ednfima mayor\u00eda, pero\u00a0act\u00faa como si dispusiera de una mayor\u00eda absoluta,\u00a0aprovecha la benevolencia o complicidad del resto de partidos del consistorio. Es un\u00a0fiel disc\u00edpulo de Ada Colau\u00a0\u2014no en vano fue su primer teniente de alcalde durante a\u00f1os\u2014, pero con el m\u00e9todo PSC:\u00a0hacer entrar las cosas con vaselina y quedar bien con todo el mundo mientras hace la suya.\u00a0Todo un arte, que siempre acaba perjudicando al ciudadano corriente: nosotros. El juego democr\u00e1tico entre \u00e9lites apegadas al poder y partidos d\u00f3ciles queda reducido a la m\u00ednima expresi\u00f3n. Esta denuncia viene a cuento por la decisi\u00f3n, ahora ya definitiva, de\u00a0prolongar el tranv\u00eda\u00a0por la Diagonal hasta Francesc Maci\u00e0, destruyendo la reforma de Xavier Trias,\u00a0derrochando dinero p\u00fablico y desfigurando una realidad que funciona para mucha gente: el tramo entre paseo de Gr\u00e0cia y Francesc Maci\u00e0. El tranv\u00eda es un desastre para el funcionamiento de la ciudad: perjudica el transporte p\u00fablico existente, agrava la movilidad \u2014ya de por s\u00ed deficiente\u2014 de la capital catalana, y\u00a0representa un gasto monumental y nada transparente que ning\u00fan partido parece querer esclarecer. Hay al menos diez grandes cuestiones que el Ayuntamiento deber\u00eda responder y que deber\u00edan debatirse en plenario si queremos evitar que el tranv\u00eda por la Diagonal se convierta en un aut\u00e9ntico desaguisado hist\u00f3rico: \u00bfQu\u00e9 sentido tiene realizar una inversi\u00f3n tan costosa, r\u00edgida e irreversible (m\u00e1s de 500 millones de euros con el rescate incluido), en plena revoluci\u00f3n tecnol\u00f3gica del transporte p\u00fablico? \u00bfCu\u00e1l ser\u00e1 el regreso para el dinero p\u00fablico?\u00a0Si no se rescata la concesi\u00f3n privada actual, se realizar\u00e1 una inversi\u00f3n p\u00fablica para generar negocio privado, agujereando los ingresos de TMB. \u00bfCu\u00e1les ser\u00e1n los impactos reales en una ciudad tan densa como Barcelona (35.000 ha\/km\u00b2 en el \u00e1rea afectada)?\u00a0No existe ning\u00fan modelo de movilidad que permita evaluar estos efectos. \u00bfC\u00f3mo afectar\u00e1 a la movilidad metropolitana?\u00a0Esta obra puede perjudicar gravemente a los municipios colindantes y repetir el error del Consell de Cent, ya condenado por los tribunales. \u00bfD\u00f3nde queda la combinaci\u00f3n de sistemas de transporte?\u00a0El tranv\u00eda aislado es una visi\u00f3n reduccionista: faltan park-and-rides, capilaridad e intermodalidad. \u00bfSe han valorado las externalidades negativas?\u00a0Congesti\u00f3n, contaminaci\u00f3n, desplazamiento del tr\u00e1fico y barreras a la movilidad vertical en el Eixample, entre otros. \u00bfEs realista la previsi\u00f3n de viajeros?\u00a0El servicio actual no est\u00e1 colapsado. Un sistema de buses el\u00e9ctricos bien gestionado ser\u00eda m\u00e1s eficiente y menos costoso. \u00bfQu\u00e9 ocurrir\u00e1 cuando haya una incidencia o accidente?\u00a0El tranv\u00eda colapsar\u00eda toda la Diagonal. Con el bus esto no ocurre. \u00bfSe ha tenido en cuenta la contaminaci\u00f3n global del proyecto?\u00a0No se calcula el impacto por congesti\u00f3n a\u00f1adida. Con menos dinero podr\u00edamos electrificar toda la flota de buses. \u00bfEs esta la prioridad real?\u00a0Solo el 5% de las propuestas recibidas en la consulta ciudadana ped\u00edan el tranv\u00eda. El doble reclamaba cubrir la Ronda de Dalt. En definitiva, este tranv\u00eda no es un proyecto de mejora de la movilidad, sino un arma ideol\u00f3gica contra el uso del veh\u00edculo privado por la v\u00eda del colapso. El Ayuntamiento tiene un deber moral y pol\u00edtico:\u00a0hacer una consulta ciudadana.\u00a0No hacerlo ser\u00eda un fraude democr\u00e1tico de gran magnitud.<\/p>\n","protected":false},"author":78,"featured_media":88915,"comment_status":"open","ping_status":"open","sticky":false,"template":"","format":"standard","meta":{"_FSMCFIC_featured_image_caption":"","_FSMCFIC_featured_image_nocaption":"","_FSMCFIC_featured_image_hide":"","footnotes":""},"categories":[3787,806],"tags":[3207,3776,2812],"class_list":["post-88918","post","type-post","status-publish","format-standard","has-post-thumbnail","hentry","category-expedient-barcelona-es","category-punts-claus-del-dia-es","tag-tramvia-per-la-diagonal-es","tag-tranvia","tag-tranvia-transporte-publico"],"yoast_head":"<!-- This site is optimized with the Yoast SEO plugin v26.8 - https:\/\/yoast.com\/product\/yoast-seo-wordpress\/ -->\n<title>\u00bfPor qu\u00e9 Barcelona debe votar sobre el tranv\u00eda a Francesc Maci\u00e0?<\/title>\n<meta name=\"description\" content=\"La decisi\u00f3n, ahora ya definitiva, de prolongar el tranv\u00eda por la Diagonal hasta Francesc Maci\u00e0, destruyendo la reforma de Xavier Trias\" \/>\n<meta name=\"robots\" content=\"index, follow, max-snippet:-1, max-image-preview:large, max-video-preview:-1\" \/>\n<link rel=\"canonical\" href=\"https:\/\/conversesacatalunya.cat\/es\/tranvia-a-francesc-macia-consulta-ciudadana\/\" \/>\n<meta property=\"og:locale\" content=\"es_ES\" \/>\n<meta property=\"og:type\" content=\"article\" \/>\n<meta property=\"og:title\" content=\"\u00bfPor qu\u00e9 Barcelona debe votar sobre el tranv\u00eda a Francesc Maci\u00e0?\" \/>\n<meta property=\"og:description\" content=\"La decisi\u00f3n, ahora ya definitiva, de prolongar el tranv\u00eda por la Diagonal hasta Francesc Maci\u00e0, destruyendo la reforma de Xavier Trias\" \/>\n<meta property=\"og:url\" content=\"https:\/\/conversesacatalunya.cat\/es\/tranvia-a-francesc-macia-consulta-ciudadana\/\" \/>\n<meta property=\"og:site_name\" content=\"Converses a Catalunya\" \/>\n<meta property=\"article:published_time\" content=\"2025-05-29T09:05:16+00:00\" \/>\n<meta property=\"article:modified_time\" content=\"2025-06-02T10:40:30+00:00\" \/>\n<meta property=\"og:image\" content=\"https:\/\/conversesacatalunya.cat\/wp-content\/uploads\/2025\/05\/Captura-7.jpg\" \/>\n\t<meta property=\"og:image:width\" content=\"631\" \/>\n\t<meta property=\"og:image:height\" content=\"501\" \/>\n\t<meta property=\"og:image:type\" content=\"image\/jpeg\" \/>\n<meta name=\"author\" content=\"Joan Masip\" \/>\n<meta name=\"twitter:card\" content=\"summary_large_image\" \/>\n<meta name=\"twitter:label1\" content=\"Escrito por\" \/>\n\t<meta name=\"twitter:data1\" content=\"Joan Masip\" \/>\n\t<meta name=\"twitter:label2\" content=\"Tiempo de lectura\" \/>\n\t<meta name=\"twitter:data2\" content=\"3 minutos\" \/>\n<script type=\"application\/ld+json\" class=\"yoast-schema-graph\">{\"@context\":\"https:\/\/schema.org\",\"@graph\":[{\"@type\":\"Article\",\"@id\":\"https:\/\/conversesacatalunya.cat\/es\/tranvia-a-francesc-macia-consulta-ciudadana\/#article\",\"isPartOf\":{\"@id\":\"https:\/\/conversesacatalunya.cat\/es\/tranvia-a-francesc-macia-consulta-ciudadana\/\"},\"author\":{\"name\":\"Joan Masip\",\"@id\":\"https:\/\/conversesacatalunya.cat\/#\/schema\/person\/311d0bf53def217d5124c78a7bc42275\"},\"headline\":\"\u00a1El tranv\u00eda hasta Francesc Maci\u00e0! Exigimos una consulta ciudadana\",\"datePublished\":\"2025-05-29T09:05:16+00:00\",\"dateModified\":\"2025-06-02T10:40:30+00:00\",\"mainEntityOfPage\":{\"@id\":\"https:\/\/conversesacatalunya.cat\/es\/tranvia-a-francesc-macia-consulta-ciudadana\/\"},\"wordCount\":633,\"commentCount\":3,\"image\":{\"@id\":\"https:\/\/conversesacatalunya.cat\/es\/tranvia-a-francesc-macia-consulta-ciudadana\/#primaryimage\"},\"thumbnailUrl\":\"https:\/\/conversesacatalunya.cat\/wp-content\/uploads\/2025\/05\/Captura-7.jpg\",\"keywords\":[\"Tramvia per la Diagonal\",\"Tranv\u00eda\",\"Tranv\u00eda. Transporte p\u00fablico\"],\"articleSection\":[\"Expedient Barcelona (ES)\",\"Punts clau del dia (ES)\"],\"inLanguage\":\"es\",\"potentialAction\":[{\"@type\":\"CommentAction\",\"name\":\"Comment\",\"target\":[\"https:\/\/conversesacatalunya.cat\/es\/tranvia-a-francesc-macia-consulta-ciudadana\/#respond\"]}]},{\"@type\":\"WebPage\",\"@id\":\"https:\/\/conversesacatalunya.cat\/es\/tranvia-a-francesc-macia-consulta-ciudadana\/\",\"url\":\"https:\/\/conversesacatalunya.cat\/es\/tranvia-a-francesc-macia-consulta-ciudadana\/\",\"name\":\"\u00bfPor qu\u00e9 Barcelona debe votar sobre el tranv\u00eda a Francesc Maci\u00e0?\",\"isPartOf\":{\"@id\":\"https:\/\/conversesacatalunya.cat\/#website\"},\"primaryImageOfPage\":{\"@id\":\"https:\/\/conversesacatalunya.cat\/es\/tranvia-a-francesc-macia-consulta-ciudadana\/#primaryimage\"},\"image\":{\"@id\":\"https:\/\/conversesacatalunya.cat\/es\/tranvia-a-francesc-macia-consulta-ciudadana\/#primaryimage\"},\"thumbnailUrl\":\"https:\/\/conversesacatalunya.cat\/wp-content\/uploads\/2025\/05\/Captura-7.jpg\",\"datePublished\":\"2025-05-29T09:05:16+00:00\",\"dateModified\":\"2025-06-02T10:40:30+00:00\",\"author\":{\"@id\":\"https:\/\/conversesacatalunya.cat\/#\/schema\/person\/311d0bf53def217d5124c78a7bc42275\"},\"description\":\"La decisi\u00f3n, ahora ya definitiva, de prolongar el tranv\u00eda por la Diagonal hasta Francesc Maci\u00e0, destruyendo la reforma de Xavier Trias\",\"breadcrumb\":{\"@id\":\"https:\/\/conversesacatalunya.cat\/es\/tranvia-a-francesc-macia-consulta-ciudadana\/#breadcrumb\"},\"inLanguage\":\"es\",\"potentialAction\":[{\"@type\":\"ReadAction\",\"target\":[\"https:\/\/conversesacatalunya.cat\/es\/tranvia-a-francesc-macia-consulta-ciudadana\/\"]}]},{\"@type\":\"ImageObject\",\"inLanguage\":\"es\",\"@id\":\"https:\/\/conversesacatalunya.cat\/es\/tranvia-a-francesc-macia-consulta-ciudadana\/#primaryimage\",\"url\":\"https:\/\/conversesacatalunya.cat\/wp-content\/uploads\/2025\/05\/Captura-7.jpg\",\"contentUrl\":\"https:\/\/conversesacatalunya.cat\/wp-content\/uploads\/2025\/05\/Captura-7.jpg\",\"width\":631,\"height\":501,\"caption\":\"Tramvia Francesc Maci\u00e0\"},{\"@type\":\"BreadcrumbList\",\"@id\":\"https:\/\/conversesacatalunya.cat\/es\/tranvia-a-francesc-macia-consulta-ciudadana\/#breadcrumb\",\"itemListElement\":[{\"@type\":\"ListItem\",\"position\":1,\"name\":\"Inici\",\"item\":\"https:\/\/conversesacatalunya.cat\/es\/\"},{\"@type\":\"ListItem\",\"position\":2,\"name\":\"\u00a1El tranv\u00eda hasta Francesc Maci\u00e0! Exigimos una consulta ciudadana\"}]},{\"@type\":\"WebSite\",\"@id\":\"https:\/\/conversesacatalunya.cat\/#website\",\"url\":\"https:\/\/conversesacatalunya.cat\/\",\"name\":\"Converses a Catalunya\",\"description\":\"\",\"potentialAction\":[{\"@type\":\"SearchAction\",\"target\":{\"@type\":\"EntryPoint\",\"urlTemplate\":\"https:\/\/conversesacatalunya.cat\/?s={search_term_string}\"},\"query-input\":{\"@type\":\"PropertyValueSpecification\",\"valueRequired\":true,\"valueName\":\"search_term_string\"}}],\"inLanguage\":\"es\"},{\"@type\":\"Person\",\"@id\":\"https:\/\/conversesacatalunya.cat\/#\/schema\/person\/311d0bf53def217d5124c78a7bc42275\",\"name\":\"Joan Masip\",\"image\":{\"@type\":\"ImageObject\",\"inLanguage\":\"es\",\"@id\":\"https:\/\/conversesacatalunya.cat\/#\/schema\/person\/image\/\",\"url\":\"https:\/\/conversesacatalunya.cat\/wp-content\/litespeed\/avatar\/fa67b994763cff7d443f54b63ec96481.jpg?ver=1776767678\",\"contentUrl\":\"https:\/\/conversesacatalunya.cat\/wp-content\/litespeed\/avatar\/fa67b994763cff7d443f54b63ec96481.jpg?ver=1776767678\",\"caption\":\"Joan Masip\"},\"url\":\"https:\/\/conversesacatalunya.cat\/es\/author\/joan-masip\/\"}]}<\/script>\n<!-- \/ Yoast SEO plugin. -->","yoast_head_json":{"title":"\u00bfPor qu\u00e9 Barcelona debe votar sobre el tranv\u00eda a Francesc Maci\u00e0?","description":"La decisi\u00f3n, ahora ya definitiva, de prolongar el tranv\u00eda por la Diagonal hasta Francesc Maci\u00e0, destruyendo la reforma de Xavier Trias","robots":{"index":"index","follow":"follow","max-snippet":"max-snippet:-1","max-image-preview":"max-image-preview:large","max-video-preview":"max-video-preview:-1"},"canonical":"https:\/\/conversesacatalunya.cat\/es\/tranvia-a-francesc-macia-consulta-ciudadana\/","og_locale":"es_ES","og_type":"article","og_title":"\u00bfPor qu\u00e9 Barcelona debe votar sobre el tranv\u00eda a Francesc Maci\u00e0?","og_description":"La decisi\u00f3n, ahora ya definitiva, de prolongar el tranv\u00eda por la Diagonal hasta Francesc Maci\u00e0, destruyendo la reforma de Xavier Trias","og_url":"https:\/\/conversesacatalunya.cat\/es\/tranvia-a-francesc-macia-consulta-ciudadana\/","og_site_name":"Converses a Catalunya","article_published_time":"2025-05-29T09:05:16+00:00","article_modified_time":"2025-06-02T10:40:30+00:00","og_image":[{"width":631,"height":501,"url":"https:\/\/conversesacatalunya.cat\/wp-content\/uploads\/2025\/05\/Captura-7.jpg","type":"image\/jpeg"}],"author":"Joan Masip","twitter_card":"summary_large_image","twitter_misc":{"Escrito por":"Joan Masip","Tiempo de lectura":"3 minutos"},"schema":{"@context":"https:\/\/schema.org","@graph":[{"@type":"Article","@id":"https:\/\/conversesacatalunya.cat\/es\/tranvia-a-francesc-macia-consulta-ciudadana\/#article","isPartOf":{"@id":"https:\/\/conversesacatalunya.cat\/es\/tranvia-a-francesc-macia-consulta-ciudadana\/"},"author":{"name":"Joan Masip","@id":"https:\/\/conversesacatalunya.cat\/#\/schema\/person\/311d0bf53def217d5124c78a7bc42275"},"headline":"\u00a1El tranv\u00eda hasta Francesc Maci\u00e0! Exigimos una consulta ciudadana","datePublished":"2025-05-29T09:05:16+00:00","dateModified":"2025-06-02T10:40:30+00:00","mainEntityOfPage":{"@id":"https:\/\/conversesacatalunya.cat\/es\/tranvia-a-francesc-macia-consulta-ciudadana\/"},"wordCount":633,"commentCount":3,"image":{"@id":"https:\/\/conversesacatalunya.cat\/es\/tranvia-a-francesc-macia-consulta-ciudadana\/#primaryimage"},"thumbnailUrl":"https:\/\/conversesacatalunya.cat\/wp-content\/uploads\/2025\/05\/Captura-7.jpg","keywords":["Tramvia per la Diagonal","Tranv\u00eda","Tranv\u00eda. Transporte p\u00fablico"],"articleSection":["Expedient Barcelona (ES)","Punts clau del dia (ES)"],"inLanguage":"es","potentialAction":[{"@type":"CommentAction","name":"Comment","target":["https:\/\/conversesacatalunya.cat\/es\/tranvia-a-francesc-macia-consulta-ciudadana\/#respond"]}]},{"@type":"WebPage","@id":"https:\/\/conversesacatalunya.cat\/es\/tranvia-a-francesc-macia-consulta-ciudadana\/","url":"https:\/\/conversesacatalunya.cat\/es\/tranvia-a-francesc-macia-consulta-ciudadana\/","name":"\u00bfPor qu\u00e9 Barcelona debe votar sobre el tranv\u00eda a Francesc Maci\u00e0?","isPartOf":{"@id":"https:\/\/conversesacatalunya.cat\/#website"},"primaryImageOfPage":{"@id":"https:\/\/conversesacatalunya.cat\/es\/tranvia-a-francesc-macia-consulta-ciudadana\/#primaryimage"},"image":{"@id":"https:\/\/conversesacatalunya.cat\/es\/tranvia-a-francesc-macia-consulta-ciudadana\/#primaryimage"},"thumbnailUrl":"https:\/\/conversesacatalunya.cat\/wp-content\/uploads\/2025\/05\/Captura-7.jpg","datePublished":"2025-05-29T09:05:16+00:00","dateModified":"2025-06-02T10:40:30+00:00","author":{"@id":"https:\/\/conversesacatalunya.cat\/#\/schema\/person\/311d0bf53def217d5124c78a7bc42275"},"description":"La decisi\u00f3n, ahora ya definitiva, de prolongar el tranv\u00eda por la Diagonal hasta Francesc Maci\u00e0, destruyendo la reforma de Xavier Trias","breadcrumb":{"@id":"https:\/\/conversesacatalunya.cat\/es\/tranvia-a-francesc-macia-consulta-ciudadana\/#breadcrumb"},"inLanguage":"es","potentialAction":[{"@type":"ReadAction","target":["https:\/\/conversesacatalunya.cat\/es\/tranvia-a-francesc-macia-consulta-ciudadana\/"]}]},{"@type":"ImageObject","inLanguage":"es","@id":"https:\/\/conversesacatalunya.cat\/es\/tranvia-a-francesc-macia-consulta-ciudadana\/#primaryimage","url":"https:\/\/conversesacatalunya.cat\/wp-content\/uploads\/2025\/05\/Captura-7.jpg","contentUrl":"https:\/\/conversesacatalunya.cat\/wp-content\/uploads\/2025\/05\/Captura-7.jpg","width":631,"height":501,"caption":"Tramvia Francesc Maci\u00e0"},{"@type":"BreadcrumbList","@id":"https:\/\/conversesacatalunya.cat\/es\/tranvia-a-francesc-macia-consulta-ciudadana\/#breadcrumb","itemListElement":[{"@type":"ListItem","position":1,"name":"Inici","item":"https:\/\/conversesacatalunya.cat\/es\/"},{"@type":"ListItem","position":2,"name":"\u00a1El tranv\u00eda hasta Francesc Maci\u00e0! Exigimos una consulta ciudadana"}]},{"@type":"WebSite","@id":"https:\/\/conversesacatalunya.cat\/#website","url":"https:\/\/conversesacatalunya.cat\/","name":"Converses a Catalunya","description":"","potentialAction":[{"@type":"SearchAction","target":{"@type":"EntryPoint","urlTemplate":"https:\/\/conversesacatalunya.cat\/?s={search_term_string}"},"query-input":{"@type":"PropertyValueSpecification","valueRequired":true,"valueName":"search_term_string"}}],"inLanguage":"es"},{"@type":"Person","@id":"https:\/\/conversesacatalunya.cat\/#\/schema\/person\/311d0bf53def217d5124c78a7bc42275","name":"Joan Masip","image":{"@type":"ImageObject","inLanguage":"es","@id":"https:\/\/conversesacatalunya.cat\/#\/schema\/person\/image\/","url":"https:\/\/conversesacatalunya.cat\/wp-content\/litespeed\/avatar\/fa67b994763cff7d443f54b63ec96481.jpg?ver=1776767678","contentUrl":"https:\/\/conversesacatalunya.cat\/wp-content\/litespeed\/avatar\/fa67b994763cff7d443f54b63ec96481.jpg?ver=1776767678","caption":"Joan Masip"},"url":"https:\/\/conversesacatalunya.cat\/es\/author\/joan-masip\/"}]}},"wps_subtitle":"Este tranv\u00eda no es un proyecto de mejora de la movilidad, sino un arma ideol\u00f3gica contra el uso del veh\u00edculo privado por la v\u00eda del colapso. El Ayuntamiento tiene un deber moral y pol\u00edtico: realizar una consulta ciudadana. No hacerlo ser\u00eda un fraude democr\u00e1tico de gran magnitud.","_links":{"self":[{"href":"https:\/\/conversesacatalunya.cat\/es\/wp-json\/wp\/v2\/posts\/88918","targetHints":{"allow":["GET"]}}],"collection":[{"href":"https:\/\/conversesacatalunya.cat\/es\/wp-json\/wp\/v2\/posts"}],"about":[{"href":"https:\/\/conversesacatalunya.cat\/es\/wp-json\/wp\/v2\/types\/post"}],"author":[{"embeddable":true,"href":"https:\/\/conversesacatalunya.cat\/es\/wp-json\/wp\/v2\/users\/78"}],"replies":[{"embeddable":true,"href":"https:\/\/conversesacatalunya.cat\/es\/wp-json\/wp\/v2\/comments?post=88918"}],"version-history":[{"count":3,"href":"https:\/\/conversesacatalunya.cat\/es\/wp-json\/wp\/v2\/posts\/88918\/revisions"}],"predecessor-version":[{"id":88919,"href":"https:\/\/conversesacatalunya.cat\/es\/wp-json\/wp\/v2\/posts\/88918\/revisions\/88919"}],"wp:featuredmedia":[{"embeddable":true,"href":"https:\/\/conversesacatalunya.cat\/es\/wp-json\/wp\/v2\/media\/88915"}],"wp:attachment":[{"href":"https:\/\/conversesacatalunya.cat\/es\/wp-json\/wp\/v2\/media?parent=88918"}],"wp:term":[{"taxonomy":"category","embeddable":true,"href":"https:\/\/conversesacatalunya.cat\/es\/wp-json\/wp\/v2\/categories?post=88918"},{"taxonomy":"post_tag","embeddable":true,"href":"https:\/\/conversesacatalunya.cat\/es\/wp-json\/wp\/v2\/tags?post=88918"}],"curies":[{"name":"wp","href":"https:\/\/api.w.org\/{rel}","templated":true}]}}