{"id":88840,"date":"2025-05-28T10:01:36","date_gmt":"2025-05-28T08:01:36","guid":{"rendered":"https:\/\/conversesacatalunya.cat\/?p=88840"},"modified":"2025-05-28T10:32:20","modified_gmt":"2025-05-28T08:32:20","slug":"politica-migratoria-sanchez-esta-destruyendo-espana-cataluna","status":"publish","type":"post","link":"https:\/\/conversesacatalunya.cat\/es\/politica-migratoria-sanchez-esta-destruyendo-espana-cataluna\/","title":{"rendered":"C\u00f3mo la pol\u00edtica migratoria de S\u00e1nchez est\u00e1 destruyendo Espa\u00f1a (y m\u00e1s a\u00fan, Catalu\u00f1a)"},"content":{"rendered":"<p>La profunda crisis de natalidad que sufre Espa\u00f1a hoy se ha utilizado como justificaci\u00f3n para una inmigraci\u00f3n que, por sus caracter\u00edsticas \u2014masiva, intensa y con un bajo nivel de cualificaci\u00f3n\u2014 est\u00e1 generando un conflicto presente y una grave amenaza para el futuro a medio plazo.<\/p>\n<p><strong>Con la inmigraci\u00f3n, est\u00e1 ocurriendo lo mismo que con la vivienda:<\/strong> un problema ignorado durante a\u00f1os y que, al no haber sido abordado con seriedad, se ha convertido en un desaf\u00edo de primera magnitud que afecta a todas las dimensiones de la vida personal y colectiva. Buena parte de esta situaci\u00f3n se debe a una gesti\u00f3n negligente durante los \u00faltimos siete a\u00f1os de gobierno de Pedro S\u00e1nchez, <strong>plagada de promesas incumplidas.<\/strong><\/p>\n<p>La actitud del Gobierno y sus aliados ante la inmigraci\u00f3n ha sido la de no reconocer el problema. Solo se comunican sus supuestas ventajas, algunas ciertas, pero muchas falseadas u ocultadas, <strong>mientras se silencia su impacto negativo.<\/strong><\/p>\n<h4><strong>El origen del problema<\/strong><\/h4>\n<h5><strong>El problema de fondo no nace de la inmigraci\u00f3n en s\u00ed, sino de dos factores estructurales:<\/strong><\/h5>\n<ol>\n<li><strong>La ausencia de una pol\u00edtica familiar eficaz<\/strong>: Espa\u00f1a nunca ha contado con una pol\u00edtica familiar real. Las ayudas actuales son pobres \u2014la mitad de la media europea\u2014 pese a que muchos pa\u00edses con menos recursos dedican mucho m\u00e1s a este \u00e1mbito. Un ejemplo es Hungr\u00eda, que destina el 5% de su PIB a ayudas familiares. Gracias a ello, ha conseguido revertir parcialmente su crisis demogr\u00e1fica, aumentando la tasa de fecundidad, aunque a\u00fan no alcanza el nivel de reemplazo de 2,1 hijos por mujer. Espa\u00f1a, en cambio, apenas llega al 1,12%, lo que significa que<strong> cada generaci\u00f3n reduce la poblaci\u00f3n casi a la mitad<\/strong>. Ante esta perspectiva, es comprensible que <strong>se recurra a la inmigraci\u00f3n como soluci\u00f3n<\/strong>, aunque esto no justifica el volumen actual de entradas desde que S\u00e1nchez est\u00e1 en el poder.<\/li>\n<li><strong>La estructura econ\u00f3mica basada en sectores de bajo valor a\u00f1adido<\/strong>: El turismo y sus actividades colaterales se han convertido en un polo de atracci\u00f3n para mano de obra poco cualificada, debido a sus bajos salarios y escasa productividad. La inmigraci\u00f3n responde a esta demanda, pero perpet\u00faa un modelo econ\u00f3mico fr\u00e1gil y dependiente.<\/li>\n<\/ol>\n<h4><strong>Radiograf\u00eda actual: Catalu\u00f1a en el epicentro<\/strong><\/h4>\n<p>En 2023, Espa\u00f1a super\u00f3 los 8,5 millones de inmigrantes (17,7% de la poblaci\u00f3n total). Catalu\u00f1a concentra m\u00e1s de 2,3 millones (26,2%), y en <strong>Barcelona el porcentaje se eleva al 31%.<\/strong> Se trata de una inmigraci\u00f3n continua, a menudo desregulada, que est\u00e1 provocando efectos estructurales graves:<\/p>\n<ul>\n<li><strong>Vivienda<\/strong>: fuerte aumento de precios y exclusi\u00f3n residencial, especialmente en las grandes ciudades y en los alquileres asequibles.<\/li>\n<li><strong>Sanidad y educaci\u00f3n<\/strong>: saturaci\u00f3n y deterioro de los servicios p\u00fablicos, con incremento de las desigualdades sociales, dado que el aumento de poblaci\u00f3n no se ha acompa\u00f1ado de una dotaci\u00f3n equivalente de recursos.<\/li>\n<li><strong>Econom\u00eda<\/strong>: crecimiento nominal del PIB, pero estancamiento o descenso de la renta per c\u00e1pita, debido a la baja productividad de los sectores donde se emplea mayoritariamente a inmigrantes.<\/li>\n<li><strong>Cultura y lengua<\/strong>: <strong><a href=\"https:\/\/conversesacatalunya.cat\/es\/problema-del-catalan-es-la-natalidad\/\" target=\"_blank\" rel=\"noopener\">el catal\u00e1n retrocede<\/a><\/strong> como lengua habitual y aumenta la segregaci\u00f3n cultural y escolar.<\/li>\n<\/ul>\n<p>La econom\u00eda espa\u00f1ola actual depende en exceso de sectores como el turismo o la agricultura, que requieren mano de obra barata. Esto conlleva una sustituci\u00f3n del capital humano aut\u00f3ctono y cualificado, empobreciendo estructuralmente al pa\u00eds y comprometiendo su sostenibilidad a largo plazo.<\/p>\n<h4><strong>El coste real y oculto<\/strong><\/h4>\n<p>Otro punto clave es el de<strong> la productividad<\/strong>. Espa\u00f1a sigue arrastrando este problema cr\u00f3nico. Los fondos europeos Next Generation deb\u00edan transformar el modelo productivo, pero los resultados han sido decepcionantes: en los \u00faltimos cinco a\u00f1os, la <strong>productividad ha ca\u00eddo un 2%<\/strong>. Una de las causas es que gran parte del nuevo empleo lo ocupan inmigrantes en sectores de baja productividad.<\/p>\n<p>Adem\u00e1s, muchos de estos inmigrantes generar\u00e1n un <strong>d\u00e9ficit fiscal a lo largo de su vida<\/strong>. Desde que una persona nace hasta que muere, recibe del Estado servicios y prestaciones (educaci\u00f3n, sanidad, pensiones&#8230;). Si su ingreso bruto anual est\u00e1 por debajo de los 20.000 euros, el balance fiscal de toda su vida ser\u00e1 negativo. Es decir, otros ciudadanos deber\u00e1n cubrir ese d\u00e9ficit. Esto ya est\u00e1 ocurriendo en pa\u00edses como <strong>Dinamarca<\/strong>, que ha tenido que retrasar a\u00fan m\u00e1s la edad de jubilaci\u00f3n debido al peso del gasto social asociado a la inmigraci\u00f3n.<\/p>\n<h4><strong>Un conflicto intergeneracional en ciernes<\/strong><\/h4>\n<p>Si no se revierte la baja natalidad, el sistema depende enteramente de la inmigraci\u00f3n. Pero esto est\u00e1 generando un conflicto de intereses, no solo econ\u00f3micos, sino tambi\u00e9n pol\u00edticos. Hoy <strong>los jubilados perciben prestaciones muy superiores<\/strong> a las condiciones que rigen la vida econ\u00f3mica de los j\u00f3venes; paro, bajos salarios y provisionalidad, coste de la vivienda, lo cual tiene un efecto desincentivador sobre la natalidad.<\/p>\n<p>Adem\u00e1s, <strong>el sistema de pensiones contin\u00faa desequilibrado<\/strong>, y esta es otra carga que compromete el futuro. De esta manera,<strong> las generaciones j\u00f3venes est\u00e1n doblemente castigadas:<\/strong> primero por las condiciones actuales (salarios bajos, empleo precario, vivienda inaccesible) y despu\u00e9s porque, cuando lleguen a la madurez, deber\u00e1n sostener un sistema social sobrecargado y un modelo migratorio descontrolado que no han elegido.<\/p>\n<p><strong>En Catalu\u00f1a, adem\u00e1s, las consecuencias son tambi\u00e9n culturales y ling\u00fc\u00edsticas<\/strong>. El catal\u00e1n, como lengua de primer uso, ya es minoritario: solo el 36% de la poblaci\u00f3n lo utiliza habitualmente. El cambio ha sido radical y r\u00e1pido, y la gran inc\u00f3gnita es si ser\u00e1 reversible o no, ya que la din\u00e1mica migratoria no se detiene.<\/p>\n<p><strong>Pedro S\u00e1nchez mantiene esta pol\u00edtica porque le permite exhibir un crecimiento del PIB positivo:<\/strong> hay m\u00e1s gente trabajando, aumenta el consumo, crece la tarta. Pero cuando se reparten las porciones, lo que se percibe es que los salarios reales apenas han mejorado, y en algunos sectores incluso han retrocedido desde 2018.<\/p>\n<p>El precio de este espejismo lo pagar\u00e1n, como siempre, las generaciones futuras, y a estas alturas <strong>la \u00fanica soluci\u00f3n posible es declarar una moratoria inmigratoria y armar una pol\u00edtica familiar a la escala de la<a href=\"https:\/\/conversesacatalunya.cat\/es\/francia-natalidad-gobierno-reacciona\/\" target=\"_blank\" rel=\"noopener\"> francesa<\/a> o h\u00fangara.<\/strong> Todo lo que no sea eso, es viajar hacia una gran crisis social, econ\u00f3mica y pol\u00edtica, que acabar de desestructurar a la sociedad y a las instituciones pol\u00edticas.<\/p>\n<span class='bctt-click-to-tweet'><span class='bctt-ctt-text'><a href='https:\/\/twitter.com\/intent\/tweet?url=https%3A%2F%2Fconversesacatalunya.cat%2Fes%2Fpolitica-migratoria-sanchez-esta-destruyendo-espana-cataluna%2F&#038;text=El%20catal%C3%A1n%2C%20como%20lengua%20de%20primer%20uso%2C%20ya%20es%20minoritario%3A%20solo%20el%2036%25%20de%20la%20poblaci%C3%B3n%20lo%20utiliza%20habitualmente&#038;via=conversesacat&#038;related=conversesacat' target='_blank'rel=\"noopener noreferrer\">El catal\u00e1n, como lengua de primer uso, ya es minoritario: solo el 36% de la poblaci\u00f3n lo utiliza habitualmente <\/a><\/span><a href='https:\/\/twitter.com\/intent\/tweet?url=https%3A%2F%2Fconversesacatalunya.cat%2Fes%2Fpolitica-migratoria-sanchez-esta-destruyendo-espana-cataluna%2F&#038;text=El%20catal%C3%A1n%2C%20como%20lengua%20de%20primer%20uso%2C%20ya%20es%20minoritario%3A%20solo%20el%2036%25%20de%20la%20poblaci%C3%B3n%20lo%20utiliza%20habitualmente&#038;via=conversesacat&#038;related=conversesacat' target='_blank' class='bctt-ctt-btn'rel=\"noopener noreferrer\">Compartir en X<\/a><\/span>\n","protected":false},"excerpt":{"rendered":"<p>La profunda crisis de natalidad que sufre Espa\u00f1a hoy se ha utilizado como justificaci\u00f3n para una inmigraci\u00f3n que, por sus caracter\u00edsticas \u2014masiva, intensa y con un bajo nivel de cualificaci\u00f3n\u2014 est\u00e1 generando un conflicto presente y una grave amenaza para el futuro a medio plazo. Con la inmigraci\u00f3n, est\u00e1 ocurriendo lo mismo que con la vivienda: un problema ignorado durante a\u00f1os y que, al no haber sido abordado con seriedad, se ha convertido en un desaf\u00edo de primera magnitud que afecta a todas las dimensiones de la vida personal y colectiva. Buena parte de esta situaci\u00f3n se debe a una gesti\u00f3n negligente durante los \u00faltimos siete a\u00f1os de gobierno de Pedro S\u00e1nchez, plagada de promesas incumplidas. La actitud del Gobierno y sus aliados ante la inmigraci\u00f3n ha sido la de no reconocer el problema. Solo se comunican sus supuestas ventajas, algunas ciertas, pero muchas falseadas u ocultadas, mientras se silencia su impacto negativo. El origen del problema El problema de fondo no nace de la inmigraci\u00f3n en s\u00ed, sino de dos factores estructurales: La ausencia de una pol\u00edtica familiar eficaz: Espa\u00f1a nunca ha contado con una pol\u00edtica familiar real. Las ayudas actuales son pobres \u2014la mitad de la media europea\u2014 pese a que muchos pa\u00edses con menos recursos dedican mucho m\u00e1s a este \u00e1mbito. Un ejemplo es Hungr\u00eda, que destina el 5% de su PIB a ayudas familiares. Gracias a ello, ha conseguido revertir parcialmente su crisis demogr\u00e1fica, aumentando la tasa de fecundidad, aunque a\u00fan no alcanza el nivel de reemplazo de 2,1 hijos por mujer. Espa\u00f1a, en cambio, apenas llega al 1,12%, lo que significa que cada generaci\u00f3n reduce la poblaci\u00f3n casi a la mitad. Ante esta perspectiva, es comprensible que se recurra a la inmigraci\u00f3n como soluci\u00f3n, aunque esto no justifica el volumen actual de entradas desde que S\u00e1nchez est\u00e1 en el poder. La estructura econ\u00f3mica basada en sectores de bajo valor a\u00f1adido: El turismo y sus actividades colaterales se han convertido en un polo de atracci\u00f3n para mano de obra poco cualificada, debido a sus bajos salarios y escasa productividad. La inmigraci\u00f3n responde a esta demanda, pero perpet\u00faa un modelo econ\u00f3mico fr\u00e1gil y dependiente. Radiograf\u00eda actual: Catalu\u00f1a en el epicentro En 2023, Espa\u00f1a super\u00f3 los 8,5 millones de inmigrantes (17,7% de la poblaci\u00f3n total). Catalu\u00f1a concentra m\u00e1s de 2,3 millones (26,2%), y en Barcelona el porcentaje se eleva al 31%. Se trata de una inmigraci\u00f3n continua, a menudo desregulada, que est\u00e1 provocando efectos estructurales graves: Vivienda: fuerte aumento de precios y exclusi\u00f3n residencial, especialmente en las grandes ciudades y en los alquileres asequibles. Sanidad y educaci\u00f3n: saturaci\u00f3n y deterioro de los servicios p\u00fablicos, con incremento de las desigualdades sociales, dado que el aumento de poblaci\u00f3n no se ha acompa\u00f1ado de una dotaci\u00f3n equivalente de recursos. Econom\u00eda: crecimiento nominal del PIB, pero estancamiento o descenso de la renta per c\u00e1pita, debido a la baja productividad de los sectores donde se emplea mayoritariamente a inmigrantes. Cultura y lengua: el catal\u00e1n retrocede como lengua habitual y aumenta la segregaci\u00f3n cultural y escolar. La econom\u00eda espa\u00f1ola actual depende en exceso de sectores como el turismo o la agricultura, que requieren mano de obra barata. Esto conlleva una sustituci\u00f3n del capital humano aut\u00f3ctono y cualificado, empobreciendo estructuralmente al pa\u00eds y comprometiendo su sostenibilidad a largo plazo. El coste real y oculto Otro punto clave es el de la productividad. Espa\u00f1a sigue arrastrando este problema cr\u00f3nico. Los fondos europeos Next Generation deb\u00edan transformar el modelo productivo, pero los resultados han sido decepcionantes: en los \u00faltimos cinco a\u00f1os, la productividad ha ca\u00eddo un 2%. Una de las causas es que gran parte del nuevo empleo lo ocupan inmigrantes en sectores de baja productividad. Adem\u00e1s, muchos de estos inmigrantes generar\u00e1n un d\u00e9ficit fiscal a lo largo de su vida. Desde que una persona nace hasta que muere, recibe del Estado servicios y prestaciones (educaci\u00f3n, sanidad, pensiones&#8230;). Si su ingreso bruto anual est\u00e1 por debajo de los 20.000 euros, el balance fiscal de toda su vida ser\u00e1 negativo. Es decir, otros ciudadanos deber\u00e1n cubrir ese d\u00e9ficit. Esto ya est\u00e1 ocurriendo en pa\u00edses como Dinamarca, que ha tenido que retrasar a\u00fan m\u00e1s la edad de jubilaci\u00f3n debido al peso del gasto social asociado a la inmigraci\u00f3n. Un conflicto intergeneracional en ciernes Si no se revierte la baja natalidad, el sistema depende enteramente de la inmigraci\u00f3n. Pero esto est\u00e1 generando un conflicto de intereses, no solo econ\u00f3micos, sino tambi\u00e9n pol\u00edticos. Hoy los jubilados perciben prestaciones muy superiores a las condiciones que rigen la vida econ\u00f3mica de los j\u00f3venes; paro, bajos salarios y provisionalidad, coste de la vivienda, lo cual tiene un efecto desincentivador sobre la natalidad. Adem\u00e1s, el sistema de pensiones contin\u00faa desequilibrado, y esta es otra carga que compromete el futuro. De esta manera, las generaciones j\u00f3venes est\u00e1n doblemente castigadas: primero por las condiciones actuales (salarios bajos, empleo precario, vivienda inaccesible) y despu\u00e9s porque, cuando lleguen a la madurez, deber\u00e1n sostener un sistema social sobrecargado y un modelo migratorio descontrolado que no han elegido. En Catalu\u00f1a, adem\u00e1s, las consecuencias son tambi\u00e9n culturales y ling\u00fc\u00edsticas. El catal\u00e1n, como lengua de primer uso, ya es minoritario: solo el 36% de la poblaci\u00f3n lo utiliza habitualmente. El cambio ha sido radical y r\u00e1pido, y la gran inc\u00f3gnita es si ser\u00e1 reversible o no, ya que la din\u00e1mica migratoria no se detiene. Pedro S\u00e1nchez mantiene esta pol\u00edtica porque le permite exhibir un crecimiento del PIB positivo: hay m\u00e1s gente trabajando, aumenta el consumo, crece la tarta. Pero cuando se reparten las porciones, lo que se percibe es que los salarios reales apenas han mejorado, y en algunos sectores incluso han retrocedido desde 2018. El precio de este espejismo lo pagar\u00e1n, como siempre, las generaciones futuras, y a estas alturas la \u00fanica soluci\u00f3n posible es declarar una moratoria inmigratoria y armar una pol\u00edtica familiar a la escala de la francesa o h\u00fangara. Todo lo que no sea eso, es viajar hacia una gran crisis social, econ\u00f3mica y pol\u00edtica, que acabar de desestructurar a la sociedad y a las instituciones pol\u00edticas.<\/p>\n","protected":false},"author":77,"featured_media":88862,"comment_status":"open","ping_status":"open","sticky":false,"template":"","format":"standard","meta":{"_FSMCFIC_featured_image_caption":"","_FSMCFIC_featured_image_nocaption":"","_FSMCFIC_featured_image_hide":"","footnotes":""},"categories":[806],"tags":[1678],"class_list":["post-88840","post","type-post","status-publish","format-standard","has-post-thumbnail","hentry","category-punts-claus-del-dia-es","tag-inmigracion"],"yoast_head":"<!-- This site is optimized with the Yoast SEO plugin v26.8 - https:\/\/yoast.com\/product\/yoast-seo-wordpress\/ -->\n<title>Coste de la inmigraci\u00f3n: una bomba para las futuras generaciones<\/title>\n<meta name=\"description\" content=\"La profunda crisis de natalidad que afecta a las futuras generaciones, hoy se ha utilizado como justificaci\u00f3n para una inmigraci\u00f3n\" \/>\n<meta name=\"robots\" content=\"index, follow, max-snippet:-1, max-image-preview:large, max-video-preview:-1\" \/>\n<link rel=\"canonical\" href=\"https:\/\/conversesacatalunya.cat\/es\/politica-migratoria-sanchez-esta-destruyendo-espana-cataluna\/\" \/>\n<meta property=\"og:locale\" content=\"es_ES\" \/>\n<meta property=\"og:type\" content=\"article\" \/>\n<meta property=\"og:title\" content=\"Coste de la inmigraci\u00f3n: una bomba para las futuras generaciones\" \/>\n<meta property=\"og:description\" content=\"La profunda crisis de natalidad que afecta a las futuras generaciones, hoy se ha utilizado como justificaci\u00f3n para una inmigraci\u00f3n\" \/>\n<meta property=\"og:url\" content=\"https:\/\/conversesacatalunya.cat\/es\/politica-migratoria-sanchez-esta-destruyendo-espana-cataluna\/\" \/>\n<meta property=\"og:site_name\" content=\"Converses a Catalunya\" \/>\n<meta property=\"article:published_time\" content=\"2025-05-28T08:01:36+00:00\" \/>\n<meta property=\"article:modified_time\" content=\"2025-05-28T08:32:20+00:00\" \/>\n<meta property=\"og:image\" content=\"https:\/\/conversesacatalunya.cat\/wp-content\/uploads\/2025\/05\/workers-6721726_640.jpg\" \/>\n\t<meta property=\"og:image:width\" content=\"640\" \/>\n\t<meta property=\"og:image:height\" content=\"427\" \/>\n\t<meta property=\"og:image:type\" content=\"image\/jpeg\" \/>\n<meta name=\"author\" content=\"Enric Casanovas\" \/>\n<meta name=\"twitter:card\" content=\"summary_large_image\" \/>\n<meta name=\"twitter:label1\" content=\"Escrito por\" \/>\n\t<meta name=\"twitter:data1\" content=\"Enric Casanovas\" \/>\n\t<meta name=\"twitter:label2\" content=\"Tiempo de lectura\" \/>\n\t<meta name=\"twitter:data2\" content=\"6 minutos\" \/>\n<script type=\"application\/ld+json\" class=\"yoast-schema-graph\">{\"@context\":\"https:\/\/schema.org\",\"@graph\":[{\"@type\":\"Article\",\"@id\":\"https:\/\/conversesacatalunya.cat\/es\/politica-migratoria-sanchez-esta-destruyendo-espana-cataluna\/#article\",\"isPartOf\":{\"@id\":\"https:\/\/conversesacatalunya.cat\/es\/politica-migratoria-sanchez-esta-destruyendo-espana-cataluna\/\"},\"author\":{\"name\":\"Enric Casanovas\",\"@id\":\"https:\/\/conversesacatalunya.cat\/#\/schema\/person\/79bd0577b2f3afc8d6519d207c6e8609\"},\"headline\":\"C\u00f3mo la pol\u00edtica migratoria de S\u00e1nchez est\u00e1 destruyendo Espa\u00f1a (y m\u00e1s a\u00fan, Catalu\u00f1a)\",\"datePublished\":\"2025-05-28T08:01:36+00:00\",\"dateModified\":\"2025-05-28T08:32:20+00:00\",\"mainEntityOfPage\":{\"@id\":\"https:\/\/conversesacatalunya.cat\/es\/politica-migratoria-sanchez-esta-destruyendo-espana-cataluna\/\"},\"wordCount\":1134,\"commentCount\":0,\"image\":{\"@id\":\"https:\/\/conversesacatalunya.cat\/es\/politica-migratoria-sanchez-esta-destruyendo-espana-cataluna\/#primaryimage\"},\"thumbnailUrl\":\"https:\/\/conversesacatalunya.cat\/wp-content\/uploads\/2025\/05\/workers-6721726_640.jpg\",\"keywords\":[\"inmigraci\u00f3n\"],\"articleSection\":[\"Punts clau del dia (ES)\"],\"inLanguage\":\"es\",\"potentialAction\":[{\"@type\":\"CommentAction\",\"name\":\"Comment\",\"target\":[\"https:\/\/conversesacatalunya.cat\/es\/politica-migratoria-sanchez-esta-destruyendo-espana-cataluna\/#respond\"]}]},{\"@type\":\"WebPage\",\"@id\":\"https:\/\/conversesacatalunya.cat\/es\/politica-migratoria-sanchez-esta-destruyendo-espana-cataluna\/\",\"url\":\"https:\/\/conversesacatalunya.cat\/es\/politica-migratoria-sanchez-esta-destruyendo-espana-cataluna\/\",\"name\":\"Coste de la inmigraci\u00f3n: una bomba para las futuras generaciones\",\"isPartOf\":{\"@id\":\"https:\/\/conversesacatalunya.cat\/#website\"},\"primaryImageOfPage\":{\"@id\":\"https:\/\/conversesacatalunya.cat\/es\/politica-migratoria-sanchez-esta-destruyendo-espana-cataluna\/#primaryimage\"},\"image\":{\"@id\":\"https:\/\/conversesacatalunya.cat\/es\/politica-migratoria-sanchez-esta-destruyendo-espana-cataluna\/#primaryimage\"},\"thumbnailUrl\":\"https:\/\/conversesacatalunya.cat\/wp-content\/uploads\/2025\/05\/workers-6721726_640.jpg\",\"datePublished\":\"2025-05-28T08:01:36+00:00\",\"dateModified\":\"2025-05-28T08:32:20+00:00\",\"author\":{\"@id\":\"https:\/\/conversesacatalunya.cat\/#\/schema\/person\/79bd0577b2f3afc8d6519d207c6e8609\"},\"description\":\"La profunda crisis de natalidad que afecta a las futuras generaciones, hoy se ha utilizado como justificaci\u00f3n para una inmigraci\u00f3n\",\"breadcrumb\":{\"@id\":\"https:\/\/conversesacatalunya.cat\/es\/politica-migratoria-sanchez-esta-destruyendo-espana-cataluna\/#breadcrumb\"},\"inLanguage\":\"es\",\"potentialAction\":[{\"@type\":\"ReadAction\",\"target\":[\"https:\/\/conversesacatalunya.cat\/es\/politica-migratoria-sanchez-esta-destruyendo-espana-cataluna\/\"]}]},{\"@type\":\"ImageObject\",\"inLanguage\":\"es\",\"@id\":\"https:\/\/conversesacatalunya.cat\/es\/politica-migratoria-sanchez-esta-destruyendo-espana-cataluna\/#primaryimage\",\"url\":\"https:\/\/conversesacatalunya.cat\/wp-content\/uploads\/2025\/05\/workers-6721726_640.jpg\",\"contentUrl\":\"https:\/\/conversesacatalunya.cat\/wp-content\/uploads\/2025\/05\/workers-6721726_640.jpg\",\"width\":640,\"height\":427,\"caption\":\"natalidad futuras generaciones\"},{\"@type\":\"BreadcrumbList\",\"@id\":\"https:\/\/conversesacatalunya.cat\/es\/politica-migratoria-sanchez-esta-destruyendo-espana-cataluna\/#breadcrumb\",\"itemListElement\":[{\"@type\":\"ListItem\",\"position\":1,\"name\":\"Inici\",\"item\":\"https:\/\/conversesacatalunya.cat\/es\/\"},{\"@type\":\"ListItem\",\"position\":2,\"name\":\"C\u00f3mo la pol\u00edtica migratoria de S\u00e1nchez est\u00e1 destruyendo Espa\u00f1a (y m\u00e1s a\u00fan, Catalu\u00f1a)\"}]},{\"@type\":\"WebSite\",\"@id\":\"https:\/\/conversesacatalunya.cat\/#website\",\"url\":\"https:\/\/conversesacatalunya.cat\/\",\"name\":\"Converses a Catalunya\",\"description\":\"\",\"potentialAction\":[{\"@type\":\"SearchAction\",\"target\":{\"@type\":\"EntryPoint\",\"urlTemplate\":\"https:\/\/conversesacatalunya.cat\/?s={search_term_string}\"},\"query-input\":{\"@type\":\"PropertyValueSpecification\",\"valueRequired\":true,\"valueName\":\"search_term_string\"}}],\"inLanguage\":\"es\"},{\"@type\":\"Person\",\"@id\":\"https:\/\/conversesacatalunya.cat\/#\/schema\/person\/79bd0577b2f3afc8d6519d207c6e8609\",\"name\":\"Enric Casanovas\",\"image\":{\"@type\":\"ImageObject\",\"inLanguage\":\"es\",\"@id\":\"https:\/\/conversesacatalunya.cat\/#\/schema\/person\/image\/\",\"url\":\"https:\/\/conversesacatalunya.cat\/wp-content\/litespeed\/avatar\/7ae4379ad4421ec77820e92afd36dd78.jpg?ver=1777373933\",\"contentUrl\":\"https:\/\/conversesacatalunya.cat\/wp-content\/litespeed\/avatar\/7ae4379ad4421ec77820e92afd36dd78.jpg?ver=1777373933\",\"caption\":\"Enric Casanovas\"},\"url\":\"https:\/\/conversesacatalunya.cat\/es\/author\/enric-casanovas\/\"}]}<\/script>\n<!-- \/ Yoast SEO plugin. -->","yoast_head_json":{"title":"Coste de la inmigraci\u00f3n: una bomba para las futuras generaciones","description":"La profunda crisis de natalidad que afecta a las futuras generaciones, hoy se ha utilizado como justificaci\u00f3n para una inmigraci\u00f3n","robots":{"index":"index","follow":"follow","max-snippet":"max-snippet:-1","max-image-preview":"max-image-preview:large","max-video-preview":"max-video-preview:-1"},"canonical":"https:\/\/conversesacatalunya.cat\/es\/politica-migratoria-sanchez-esta-destruyendo-espana-cataluna\/","og_locale":"es_ES","og_type":"article","og_title":"Coste de la inmigraci\u00f3n: una bomba para las futuras generaciones","og_description":"La profunda crisis de natalidad que afecta a las futuras generaciones, hoy se ha utilizado como justificaci\u00f3n para una inmigraci\u00f3n","og_url":"https:\/\/conversesacatalunya.cat\/es\/politica-migratoria-sanchez-esta-destruyendo-espana-cataluna\/","og_site_name":"Converses a Catalunya","article_published_time":"2025-05-28T08:01:36+00:00","article_modified_time":"2025-05-28T08:32:20+00:00","og_image":[{"width":640,"height":427,"url":"https:\/\/conversesacatalunya.cat\/wp-content\/uploads\/2025\/05\/workers-6721726_640.jpg","type":"image\/jpeg"}],"author":"Enric Casanovas","twitter_card":"summary_large_image","twitter_misc":{"Escrito por":"Enric Casanovas","Tiempo de lectura":"6 minutos"},"schema":{"@context":"https:\/\/schema.org","@graph":[{"@type":"Article","@id":"https:\/\/conversesacatalunya.cat\/es\/politica-migratoria-sanchez-esta-destruyendo-espana-cataluna\/#article","isPartOf":{"@id":"https:\/\/conversesacatalunya.cat\/es\/politica-migratoria-sanchez-esta-destruyendo-espana-cataluna\/"},"author":{"name":"Enric Casanovas","@id":"https:\/\/conversesacatalunya.cat\/#\/schema\/person\/79bd0577b2f3afc8d6519d207c6e8609"},"headline":"C\u00f3mo la pol\u00edtica migratoria de S\u00e1nchez est\u00e1 destruyendo Espa\u00f1a (y m\u00e1s a\u00fan, Catalu\u00f1a)","datePublished":"2025-05-28T08:01:36+00:00","dateModified":"2025-05-28T08:32:20+00:00","mainEntityOfPage":{"@id":"https:\/\/conversesacatalunya.cat\/es\/politica-migratoria-sanchez-esta-destruyendo-espana-cataluna\/"},"wordCount":1134,"commentCount":0,"image":{"@id":"https:\/\/conversesacatalunya.cat\/es\/politica-migratoria-sanchez-esta-destruyendo-espana-cataluna\/#primaryimage"},"thumbnailUrl":"https:\/\/conversesacatalunya.cat\/wp-content\/uploads\/2025\/05\/workers-6721726_640.jpg","keywords":["inmigraci\u00f3n"],"articleSection":["Punts clau del dia (ES)"],"inLanguage":"es","potentialAction":[{"@type":"CommentAction","name":"Comment","target":["https:\/\/conversesacatalunya.cat\/es\/politica-migratoria-sanchez-esta-destruyendo-espana-cataluna\/#respond"]}]},{"@type":"WebPage","@id":"https:\/\/conversesacatalunya.cat\/es\/politica-migratoria-sanchez-esta-destruyendo-espana-cataluna\/","url":"https:\/\/conversesacatalunya.cat\/es\/politica-migratoria-sanchez-esta-destruyendo-espana-cataluna\/","name":"Coste de la inmigraci\u00f3n: una bomba para las futuras generaciones","isPartOf":{"@id":"https:\/\/conversesacatalunya.cat\/#website"},"primaryImageOfPage":{"@id":"https:\/\/conversesacatalunya.cat\/es\/politica-migratoria-sanchez-esta-destruyendo-espana-cataluna\/#primaryimage"},"image":{"@id":"https:\/\/conversesacatalunya.cat\/es\/politica-migratoria-sanchez-esta-destruyendo-espana-cataluna\/#primaryimage"},"thumbnailUrl":"https:\/\/conversesacatalunya.cat\/wp-content\/uploads\/2025\/05\/workers-6721726_640.jpg","datePublished":"2025-05-28T08:01:36+00:00","dateModified":"2025-05-28T08:32:20+00:00","author":{"@id":"https:\/\/conversesacatalunya.cat\/#\/schema\/person\/79bd0577b2f3afc8d6519d207c6e8609"},"description":"La profunda crisis de natalidad que afecta a las futuras generaciones, hoy se ha utilizado como justificaci\u00f3n para una inmigraci\u00f3n","breadcrumb":{"@id":"https:\/\/conversesacatalunya.cat\/es\/politica-migratoria-sanchez-esta-destruyendo-espana-cataluna\/#breadcrumb"},"inLanguage":"es","potentialAction":[{"@type":"ReadAction","target":["https:\/\/conversesacatalunya.cat\/es\/politica-migratoria-sanchez-esta-destruyendo-espana-cataluna\/"]}]},{"@type":"ImageObject","inLanguage":"es","@id":"https:\/\/conversesacatalunya.cat\/es\/politica-migratoria-sanchez-esta-destruyendo-espana-cataluna\/#primaryimage","url":"https:\/\/conversesacatalunya.cat\/wp-content\/uploads\/2025\/05\/workers-6721726_640.jpg","contentUrl":"https:\/\/conversesacatalunya.cat\/wp-content\/uploads\/2025\/05\/workers-6721726_640.jpg","width":640,"height":427,"caption":"natalidad futuras generaciones"},{"@type":"BreadcrumbList","@id":"https:\/\/conversesacatalunya.cat\/es\/politica-migratoria-sanchez-esta-destruyendo-espana-cataluna\/#breadcrumb","itemListElement":[{"@type":"ListItem","position":1,"name":"Inici","item":"https:\/\/conversesacatalunya.cat\/es\/"},{"@type":"ListItem","position":2,"name":"C\u00f3mo la pol\u00edtica migratoria de S\u00e1nchez est\u00e1 destruyendo Espa\u00f1a (y m\u00e1s a\u00fan, Catalu\u00f1a)"}]},{"@type":"WebSite","@id":"https:\/\/conversesacatalunya.cat\/#website","url":"https:\/\/conversesacatalunya.cat\/","name":"Converses a Catalunya","description":"","potentialAction":[{"@type":"SearchAction","target":{"@type":"EntryPoint","urlTemplate":"https:\/\/conversesacatalunya.cat\/?s={search_term_string}"},"query-input":{"@type":"PropertyValueSpecification","valueRequired":true,"valueName":"search_term_string"}}],"inLanguage":"es"},{"@type":"Person","@id":"https:\/\/conversesacatalunya.cat\/#\/schema\/person\/79bd0577b2f3afc8d6519d207c6e8609","name":"Enric Casanovas","image":{"@type":"ImageObject","inLanguage":"es","@id":"https:\/\/conversesacatalunya.cat\/#\/schema\/person\/image\/","url":"https:\/\/conversesacatalunya.cat\/wp-content\/litespeed\/avatar\/7ae4379ad4421ec77820e92afd36dd78.jpg?ver=1777373933","contentUrl":"https:\/\/conversesacatalunya.cat\/wp-content\/litespeed\/avatar\/7ae4379ad4421ec77820e92afd36dd78.jpg?ver=1777373933","caption":"Enric Casanovas"},"url":"https:\/\/conversesacatalunya.cat\/es\/author\/enric-casanovas\/"}]}},"wps_subtitle":"Hoy los jubilados perciben prestaciones muy superiores a las condiciones que rigen la vida econ\u00f3mica de los j\u00f3venes; paro, bajos salarios y provisionalidad, coste de la vivienda, lo cual tiene un efecto desincentivador sobre la natalidad.","_links":{"self":[{"href":"https:\/\/conversesacatalunya.cat\/es\/wp-json\/wp\/v2\/posts\/88840","targetHints":{"allow":["GET"]}}],"collection":[{"href":"https:\/\/conversesacatalunya.cat\/es\/wp-json\/wp\/v2\/posts"}],"about":[{"href":"https:\/\/conversesacatalunya.cat\/es\/wp-json\/wp\/v2\/types\/post"}],"author":[{"embeddable":true,"href":"https:\/\/conversesacatalunya.cat\/es\/wp-json\/wp\/v2\/users\/77"}],"replies":[{"embeddable":true,"href":"https:\/\/conversesacatalunya.cat\/es\/wp-json\/wp\/v2\/comments?post=88840"}],"version-history":[{"count":6,"href":"https:\/\/conversesacatalunya.cat\/es\/wp-json\/wp\/v2\/posts\/88840\/revisions"}],"predecessor-version":[{"id":88864,"href":"https:\/\/conversesacatalunya.cat\/es\/wp-json\/wp\/v2\/posts\/88840\/revisions\/88864"}],"wp:featuredmedia":[{"embeddable":true,"href":"https:\/\/conversesacatalunya.cat\/es\/wp-json\/wp\/v2\/media\/88862"}],"wp:attachment":[{"href":"https:\/\/conversesacatalunya.cat\/es\/wp-json\/wp\/v2\/media?parent=88840"}],"wp:term":[{"taxonomy":"category","embeddable":true,"href":"https:\/\/conversesacatalunya.cat\/es\/wp-json\/wp\/v2\/categories?post=88840"},{"taxonomy":"post_tag","embeddable":true,"href":"https:\/\/conversesacatalunya.cat\/es\/wp-json\/wp\/v2\/tags?post=88840"}],"curies":[{"name":"wp","href":"https:\/\/api.w.org\/{rel}","templated":true}]}}