{"id":88706,"date":"2025-05-23T11:17:54","date_gmt":"2025-05-23T09:17:54","guid":{"rendered":"https:\/\/conversesacatalunya.cat\/?p=88706"},"modified":"2025-05-23T11:39:02","modified_gmt":"2025-05-23T09:39:02","slug":"el-escandalo-de-la-dgaia-agujero-negro-de-corrupcion-y-abusos-que-amenazan-a-la-generalitat","status":"publish","type":"post","link":"https:\/\/conversesacatalunya.cat\/es\/el-escandalo-de-la-dgaia-agujero-negro-de-corrupcion-y-abusos-que-amenazan-a-la-generalitat\/","title":{"rendered":"El esc\u00e1ndalo de la DGAIA: Agujero negro de corrupci\u00f3n y abusos que amenazan a la Generalitat"},"content":{"rendered":"<p>El esc\u00e1ndalo que envuelve a la Direcci\u00f3n General de Atenci\u00f3n a la Infancia y la Adolescencia (DGAIA) de la Generalitat de Catalu\u00f1a, por presunta corrupci\u00f3n sist\u00e9mica y por el caso de la<a href=\"https:\/\/conversesacatalunya.cat\/es\/el-escandalo-de-una-menor-tutelada-victima-de-una-red-de-abusos-sexuales-durante-anos-es-solo-la-punta-de-iceberg\/\" target=\"_blank\" rel=\"noopener\"> violaci\u00f3n de una menor tutelada<\/a> durante dos a\u00f1os sin que se activaran las alarmas, <strong>amenaza con convertirse en un agujero negro que podr\u00eda extender su da\u00f1o al actual gobierno de Salvador Illa<\/strong>.<\/p>\n<p>Este caso tiene como <strong>principales protagonistas<\/strong> a Esquerra Republicana de Catalunya (ERC), Junts per Catalunya (Junts) y, con la colaboraci\u00f3n parlamentaria necesaria de los Comuns, que evitaron que el esc\u00e1ndalo estallara antes.<\/p>\n<p>El informe de la Sindicatura de Cuentas, presentado en el Parlament a inicios de este a\u00f1o, dej\u00f3 constancia de numerosas irregularidades. Se trata del <strong>\u201cInforme de la Sindicatura de Cuentas sobre la contrataci\u00f3n y adjudicaci\u00f3n del servicio de acogida de la infancia y la adolescencia en Catalu\u00f1a, ejercicios 2016-2020\u201d<\/strong>, presentado por la s\u00edndica Maria \u00c0ngels Cabas\u00e9s ante la Comisi\u00f3n de la Sindicatura del Parlament el 21 de noviembre de 2024.<\/p>\n<p><strong>El documento se\u00f1ala<\/strong> irregularidades como la contrataci\u00f3n de 154 centros por el procedimiento de emergencia sin justificaci\u00f3n legal, la pr\u00f3rroga de contratos sin documentaci\u00f3n firmada, el reconocimiento extrajudicial de cr\u00e9ditos por decenas de millones de euros y la adjudicaci\u00f3n de 788 millones de euros a fundaciones privadas del tercer sector entre 2013 y 2020, incumpliendo la ley de contratos. Adem\u00e1s, el informe advierte de indicios de delitos y pr\u00e1cticas irregulares con posibles responsabilidades penales, y ofrece recomendaciones para mejorar los procedimientos de gesti\u00f3n y control.<\/p>\n<p>Lo m\u00e1s grave de la situaci\u00f3n actual es que ERC, PSC y Comuns votaron en contra de una propuesta de resoluci\u00f3n que<strong> instaba a aplicar directamente las recomendaciones de la Sindicatura de Cuentas<\/strong>. Este hecho fue criticado por Junts y otros grupos, que consideran que esta decisi\u00f3n obstaculiza la asunci\u00f3n de responsabilidades y la transparencia en la gesti\u00f3n de la DGAIA.<\/p>\n<p>A esto se suma el caso de la violaci\u00f3n de una menor por una red de pederastas, que podr\u00eda ser solo la punta del iceberg de una serie de abusos sexuales a menores tutelados, sobre los cuales el Departamento y la Generalitat nunca han querido informar.<\/p>\n<h4><strong>Vayamos por partes<\/strong><\/h4>\n<p>Todos los partidos principales est\u00e1n implicados en mayor o menor medida, ya que Junts, ERC y PSC han dirigido el departamento afectado durante la \u00faltima d\u00e9cada, periodo en el que se ha degradado la DGAIA.<\/p>\n<p><strong>Los responsables han sido:<\/strong> Neus Munt\u00e9 (CDC, 2016-2017); Dolors Bassa (ERC, 2017-2018, aunque la Generalitat estuvo intervenida por el Gobierno espa\u00f1ol en ese periodo); Chakir El Homrani (ERC, 2018-2021); Violant Cervera (Junts, 2021-2022); Carles Campuzano (independiente en las filas de ERC, 2022-2024); y, finalmente, M\u00f2nica Mart\u00ednez (PSC, desde 2024).<\/p>\n<p>En pleno debate parlamentario, <strong>Salvador Illa se\u00f1ala a Junts como principal responsable y exculpa a ERC, a pesar de su clara implicaci\u00f3n<\/strong>, porque depende de ellos para aprobar los suplementos de cr\u00e9dito (ya van por el tercero) que le permiten gobernar sin presupuesto. Una muestra de la arbitrariedad del partidismo. Aprobar un presupuesto y rendir cuentas parece haber pasado a la historia, tanto en el Congreso como en el Parlament, lo que equivale a decir que se ha liquidado uno de los fundamentos del sistema parlamentario.<\/p>\n<h5><strong>Ahora todos quieren \u201crefundar\u201d la DGAIA, una forma de echar tierra sobre el agujero negro de su gesti\u00f3n. <\/strong><\/h5>\n<p>Sin embargo, antes de cualquier refundaci\u00f3n,<strong> es imprescindible responder al informe de la Sindicatura de Cuentas<\/strong> y esclarecer los casos de posibles abusos a menores en los \u00e1mbitos de la Generalitat en los \u00faltimos diez a\u00f1os: \u00bfqu\u00e9 expedientes administrativos se abrieron? \u00bfCu\u00e1l fue su resoluci\u00f3n? \u00bfExisten sentencias judiciales? \u00bfCu\u00e1ntas denuncias se han presentado a la polic\u00eda?<\/p>\n<h5><strong>Mientras tanto, se siguen conociendo nuevos detalles que evidencian abusos por parte de la DGAIA, conocidos por los distintos gobiernos y sin soluci\u00f3n. <\/strong><\/h5>\n<p>Por ejemplo, se ha constatado que, <strong>desde la administraci\u00f3n, se retiraba directamente la tutela a los padres sin intervenci\u00f3n de un juez<\/strong>. \u00bfC\u00f3mo es posible que un simple acto administrativo prive del ejercicio de un derecho constitucional sin consecuencias? \u00bfD\u00f3nde est\u00e1 el Estado de derecho? Adem\u00e1s, solo el 16% de los menores tutelados por el sistema de acogida vuelven con sus familias, lo que evidencia un fracaso del sistema.<\/p>\n<p>Tambi\u00e9n se han detectado incumplimientos de obligaciones legales y una disparidad escandalosa: el coste de un menor tutelado en un piso de acogida asciende a <strong>52.000 euros al a\u00f1o,<\/strong> mientras que una familia de acogida recibe solo <strong>6.000 euros.<\/strong><\/p>\n<p>Todo esto configura <strong>un panorama de podredumbre moral<\/strong>, un agujero negro que no se solucionar\u00e1 con refundaciones si antes no se realiza un informe exhaustivo de todos los desmanes.<\/p>\n<p><strong>Illa debe encargar<\/strong> a la Sindicatura de Cuentas un informe ad hoc de control econ\u00f3mico y otro sobre abusos sexuales a la Sindicatura de Greuges. Solo as\u00ed se podr\u00e1 restaurar la credibilidad, que ahora no existe. Las comisiones formadas por quienes hicieron posible el desastre o las \u201crefundaciones\u201d no ser\u00e1n suficientes.<\/p>\n<p><strong>Seguiremos informando sobre el tema.<\/strong><\/p>\n<span class='bctt-click-to-tweet'><span class='bctt-ctt-text'><a href='https:\/\/twitter.com\/intent\/tweet?url=https%3A%2F%2Fconversesacatalunya.cat%2Fes%2Fel-escandalo-de-la-dgaia-agujero-negro-de-corrupcion-y-abusos-que-amenazan-a-la-generalitat%2F&#038;text=Todos%20los%20partidos%20principales%20est%C3%A1n%20implicados%20en%20mayor%20o%20menor%20medida%2C%20ya%20que%20Junts%2C%20ERC%20y%20PSC%20han%20dirigido%20el%20departamento%20afectado%20durante%20la%20%C3%BAltima%20d%C3%A9cada%2C%20periodo%20en%20el%20que%20se%20ha%20degradado%20la%20DGAIA&#038;via=conversesacat&#038;related=conversesacat' target='_blank'rel=\"noopener noreferrer\">Todos los partidos principales est\u00e1n implicados en mayor o menor medida, ya que Junts, ERC y PSC han dirigido el departamento afectado durante la \u00faltima d\u00e9cada, periodo en el que se ha degradado la DGAIA <\/a><\/span><a href='https:\/\/twitter.com\/intent\/tweet?url=https%3A%2F%2Fconversesacatalunya.cat%2Fes%2Fel-escandalo-de-la-dgaia-agujero-negro-de-corrupcion-y-abusos-que-amenazan-a-la-generalitat%2F&#038;text=Todos%20los%20partidos%20principales%20est%C3%A1n%20implicados%20en%20mayor%20o%20menor%20medida%2C%20ya%20que%20Junts%2C%20ERC%20y%20PSC%20han%20dirigido%20el%20departamento%20afectado%20durante%20la%20%C3%BAltima%20d%C3%A9cada%2C%20periodo%20en%20el%20que%20se%20ha%20degradado%20la%20DGAIA&#038;via=conversesacat&#038;related=conversesacat' target='_blank' class='bctt-ctt-btn'rel=\"noopener noreferrer\">Compartir en X<\/a><\/span>\n<div id=\"polls-284\" class=\"wp-polls\">\n\t<form id=\"polls_form_284\" class=\"wp-polls-form\" action=\"\/index.php\" method=\"post\">\n\t\t<p style=\"display: none;\"><input type=\"hidden\" id=\"poll_284_nonce\" name=\"wp-polls-nonce\" value=\"aabb661032\" \/><\/p>\n\t\t<p style=\"display: none;\"><input type=\"hidden\" name=\"poll_id\" value=\"284\" \/><\/p>\n\t\t<p style=\"text-align: center\"><strong>Creus que el govern de la Generalitat de Catalunya t\u00e9 responsabilitat en el cas d'abusos sexuals a una menor tutelada i l'esc\u00e0ndol generat pel mal \u00fas dels recursos p\u00fablics?<\/strong><\/p><div id=\"polls-284-ans\" class=\"wp-polls-ans\"><ul class=\"wp-polls-ul\">\n\t\t<li><input type=\"radio\" id=\"poll-answer-809\" name=\"poll_284\" value=\"809\" \/> <label for=\"poll-answer-809\">S\u00ed<\/label><\/li>\n\t\t<li><input type=\"radio\" id=\"poll-answer-810\" name=\"poll_284\" value=\"810\" \/> <label for=\"poll-answer-810\">No<\/label><\/li>\n\t\t<li><input type=\"radio\" id=\"poll-answer-811\" name=\"poll_284\" value=\"811\" \/> <label for=\"poll-answer-811\">No ho s\u00e9<\/label><\/li>\n\t\t<\/ul><p style=\"text-align: center\"><input type=\"button\" name=\"vote\" value=\"   Vota   \" class=\"Buttons\" onclick=\"poll_vote(284);\" \/><\/p><p style=\"text-align: center\"><a href=\"#ViewPollResults\" onclick=\"poll_result(284); return false;\" title=\"View Results Of This Poll\">Mira els resultats<\/a><\/p><\/div>\n\t<\/form>\n<\/div>\n<div id=\"polls-284-loading\" class=\"wp-polls-loading\"><img decoding=\"async\" data-src=\"https:\/\/conversesacatalunya.cat\/wp-content\/plugins\/wp-polls\/images\/loading.gif\" width=\"16\" height=\"16\" alt=\"Cargando ...\" title=\"Cargando ...\" class=\"wp-polls-image lazyload\" src=\"data:image\/svg+xml;base64,PHN2ZyB3aWR0aD0iMSIgaGVpZ2h0PSIxIiB4bWxucz0iaHR0cDovL3d3dy53My5vcmcvMjAwMC9zdmciPjwvc3ZnPg==\" style=\"--smush-placeholder-width: 16px; --smush-placeholder-aspect-ratio: 16\/16;\" \/>&nbsp;Cargando ...<\/div>\n\n","protected":false},"excerpt":{"rendered":"<p>El esc\u00e1ndalo que envuelve a la Direcci\u00f3n General de Atenci\u00f3n a la Infancia y la Adolescencia (DGAIA) de la Generalitat de Catalu\u00f1a, por presunta corrupci\u00f3n sist\u00e9mica y por el caso de la violaci\u00f3n de una menor tutelada durante dos a\u00f1os sin que se activaran las alarmas, amenaza con convertirse en un agujero negro que podr\u00eda extender su da\u00f1o al actual gobierno de Salvador Illa. Este caso tiene como principales protagonistas a Esquerra Republicana de Catalunya (ERC), Junts per Catalunya (Junts) y, con la colaboraci\u00f3n parlamentaria necesaria de los Comuns, que evitaron que el esc\u00e1ndalo estallara antes. El informe de la Sindicatura de Cuentas, presentado en el Parlament a inicios de este a\u00f1o, dej\u00f3 constancia de numerosas irregularidades. Se trata del \u201cInforme de la Sindicatura de Cuentas sobre la contrataci\u00f3n y adjudicaci\u00f3n del servicio de acogida de la infancia y la adolescencia en Catalu\u00f1a, ejercicios 2016-2020\u201d, presentado por la s\u00edndica Maria \u00c0ngels Cabas\u00e9s ante la Comisi\u00f3n de la Sindicatura del Parlament el 21 de noviembre de 2024. El documento se\u00f1ala irregularidades como la contrataci\u00f3n de 154 centros por el procedimiento de emergencia sin justificaci\u00f3n legal, la pr\u00f3rroga de contratos sin documentaci\u00f3n firmada, el reconocimiento extrajudicial de cr\u00e9ditos por decenas de millones de euros y la adjudicaci\u00f3n de 788 millones de euros a fundaciones privadas del tercer sector entre 2013 y 2020, incumpliendo la ley de contratos. Adem\u00e1s, el informe advierte de indicios de delitos y pr\u00e1cticas irregulares con posibles responsabilidades penales, y ofrece recomendaciones para mejorar los procedimientos de gesti\u00f3n y control. Lo m\u00e1s grave de la situaci\u00f3n actual es que ERC, PSC y Comuns votaron en contra de una propuesta de resoluci\u00f3n que instaba a aplicar directamente las recomendaciones de la Sindicatura de Cuentas. Este hecho fue criticado por Junts y otros grupos, que consideran que esta decisi\u00f3n obstaculiza la asunci\u00f3n de responsabilidades y la transparencia en la gesti\u00f3n de la DGAIA. A esto se suma el caso de la violaci\u00f3n de una menor por una red de pederastas, que podr\u00eda ser solo la punta del iceberg de una serie de abusos sexuales a menores tutelados, sobre los cuales el Departamento y la Generalitat nunca han querido informar. Vayamos por partes Todos los partidos principales est\u00e1n implicados en mayor o menor medida, ya que Junts, ERC y PSC han dirigido el departamento afectado durante la \u00faltima d\u00e9cada, periodo en el que se ha degradado la DGAIA. Los responsables han sido: Neus Munt\u00e9 (CDC, 2016-2017); Dolors Bassa (ERC, 2017-2018, aunque la Generalitat estuvo intervenida por el Gobierno espa\u00f1ol en ese periodo); Chakir El Homrani (ERC, 2018-2021); Violant Cervera (Junts, 2021-2022); Carles Campuzano (independiente en las filas de ERC, 2022-2024); y, finalmente, M\u00f2nica Mart\u00ednez (PSC, desde 2024). En pleno debate parlamentario, Salvador Illa se\u00f1ala a Junts como principal responsable y exculpa a ERC, a pesar de su clara implicaci\u00f3n, porque depende de ellos para aprobar los suplementos de cr\u00e9dito (ya van por el tercero) que le permiten gobernar sin presupuesto. Una muestra de la arbitrariedad del partidismo. Aprobar un presupuesto y rendir cuentas parece haber pasado a la historia, tanto en el Congreso como en el Parlament, lo que equivale a decir que se ha liquidado uno de los fundamentos del sistema parlamentario. Ahora todos quieren \u201crefundar\u201d la DGAIA, una forma de echar tierra sobre el agujero negro de su gesti\u00f3n. Sin embargo, antes de cualquier refundaci\u00f3n, es imprescindible responder al informe de la Sindicatura de Cuentas y esclarecer los casos de posibles abusos a menores en los \u00e1mbitos de la Generalitat en los \u00faltimos diez a\u00f1os: \u00bfqu\u00e9 expedientes administrativos se abrieron? \u00bfCu\u00e1l fue su resoluci\u00f3n? \u00bfExisten sentencias judiciales? \u00bfCu\u00e1ntas denuncias se han presentado a la polic\u00eda? Mientras tanto, se siguen conociendo nuevos detalles que evidencian abusos por parte de la DGAIA, conocidos por los distintos gobiernos y sin soluci\u00f3n. Por ejemplo, se ha constatado que, desde la administraci\u00f3n, se retiraba directamente la tutela a los padres sin intervenci\u00f3n de un juez. \u00bfC\u00f3mo es posible que un simple acto administrativo prive del ejercicio de un derecho constitucional sin consecuencias? \u00bfD\u00f3nde est\u00e1 el Estado de derecho? Adem\u00e1s, solo el 16% de los menores tutelados por el sistema de acogida vuelven con sus familias, lo que evidencia un fracaso del sistema. Tambi\u00e9n se han detectado incumplimientos de obligaciones legales y una disparidad escandalosa: el coste de un menor tutelado en un piso de acogida asciende a 52.000 euros al a\u00f1o, mientras que una familia de acogida recibe solo 6.000 euros. Todo esto configura un panorama de podredumbre moral, un agujero negro que no se solucionar\u00e1 con refundaciones si antes no se realiza un informe exhaustivo de todos los desmanes. Illa debe encargar a la Sindicatura de Cuentas un informe ad hoc de control econ\u00f3mico y otro sobre abusos sexuales a la Sindicatura de Greuges. Solo as\u00ed se podr\u00e1 restaurar la credibilidad, que ahora no existe. Las comisiones formadas por quienes hicieron posible el desastre o las \u201crefundaciones\u201d no ser\u00e1n suficientes. Seguiremos informando sobre el tema.<\/p>\n","protected":false},"author":80,"featured_media":88714,"comment_status":"open","ping_status":"open","sticky":false,"template":"","format":"standard","meta":{"_FSMCFIC_featured_image_caption":"","_FSMCFIC_featured_image_nocaption":"","_FSMCFIC_featured_image_hide":"","footnotes":""},"categories":[806],"tags":[5300],"class_list":["post-88706","post","type-post","status-publish","format-standard","has-post-thumbnail","hentry","category-punts-claus-del-dia-es","tag-dgaia-es"],"yoast_head":"<!-- This site is optimized with the Yoast SEO plugin v26.8 - https:\/\/yoast.com\/product\/yoast-seo-wordpress\/ -->\n<title>El esc\u00e1ndalo de la DGAIA: Agujero negro de corrupci\u00f3n y abusos que amenazan a la Generalitat - Converses a Catalunya<\/title>\n<meta name=\"description\" content=\"Corrupci\u00f3n ERC PSC Junts: han dirigido el departamento afectado durante la \u00faltima d\u00e9cada, periodo en el que se ha degradado la DGAIA.\" \/>\n<meta name=\"robots\" content=\"index, follow, max-snippet:-1, max-image-preview:large, max-video-preview:-1\" \/>\n<link rel=\"canonical\" href=\"https:\/\/conversesacatalunya.cat\/es\/el-escandalo-de-la-dgaia-agujero-negro-de-corrupcion-y-abusos-que-amenazan-a-la-generalitat\/\" \/>\n<meta property=\"og:locale\" content=\"es_ES\" \/>\n<meta property=\"og:type\" content=\"article\" \/>\n<meta property=\"og:title\" content=\"El esc\u00e1ndalo de la DGAIA: Agujero negro de corrupci\u00f3n y abusos que amenazan a la Generalitat - Converses a Catalunya\" \/>\n<meta property=\"og:description\" content=\"Corrupci\u00f3n ERC PSC Junts: han dirigido el departamento afectado durante la \u00faltima d\u00e9cada, periodo en el que se ha degradado la DGAIA.\" \/>\n<meta property=\"og:url\" content=\"https:\/\/conversesacatalunya.cat\/es\/el-escandalo-de-la-dgaia-agujero-negro-de-corrupcion-y-abusos-que-amenazan-a-la-generalitat\/\" \/>\n<meta property=\"og:site_name\" content=\"Converses a Catalunya\" \/>\n<meta property=\"article:published_time\" content=\"2025-05-23T09:17:54+00:00\" \/>\n<meta property=\"article:modified_time\" content=\"2025-05-23T09:39:02+00:00\" \/>\n<meta property=\"og:image\" content=\"https:\/\/conversesacatalunya.cat\/wp-content\/uploads\/2025\/05\/Captura-4.jpg\" \/>\n\t<meta property=\"og:image:width\" content=\"399\" \/>\n\t<meta property=\"og:image:height\" content=\"349\" \/>\n\t<meta property=\"og:image:type\" content=\"image\/jpeg\" \/>\n<meta name=\"author\" content=\"N\u00faria Freixa\" \/>\n<meta name=\"twitter:card\" content=\"summary_large_image\" \/>\n<meta name=\"twitter:label1\" content=\"Escrito por\" \/>\n\t<meta name=\"twitter:data1\" content=\"N\u00faria Freixa\" \/>\n\t<meta name=\"twitter:label2\" content=\"Tiempo de lectura\" \/>\n\t<meta name=\"twitter:data2\" content=\"5 minutos\" \/>\n<script type=\"application\/ld+json\" class=\"yoast-schema-graph\">{\"@context\":\"https:\/\/schema.org\",\"@graph\":[{\"@type\":\"Article\",\"@id\":\"https:\/\/conversesacatalunya.cat\/es\/el-escandalo-de-la-dgaia-agujero-negro-de-corrupcion-y-abusos-que-amenazan-a-la-generalitat\/#article\",\"isPartOf\":{\"@id\":\"https:\/\/conversesacatalunya.cat\/es\/el-escandalo-de-la-dgaia-agujero-negro-de-corrupcion-y-abusos-que-amenazan-a-la-generalitat\/\"},\"author\":{\"name\":\"N\u00faria Freixa\",\"@id\":\"https:\/\/conversesacatalunya.cat\/#\/schema\/person\/b734752c25b328c819a407cbea568c1f\"},\"headline\":\"El esc\u00e1ndalo de la DGAIA: Agujero negro de corrupci\u00f3n y abusos que amenazan a la Generalitat\",\"datePublished\":\"2025-05-23T09:17:54+00:00\",\"dateModified\":\"2025-05-23T09:39:02+00:00\",\"mainEntityOfPage\":{\"@id\":\"https:\/\/conversesacatalunya.cat\/es\/el-escandalo-de-la-dgaia-agujero-negro-de-corrupcion-y-abusos-que-amenazan-a-la-generalitat\/\"},\"wordCount\":934,\"commentCount\":1,\"image\":{\"@id\":\"https:\/\/conversesacatalunya.cat\/es\/el-escandalo-de-la-dgaia-agujero-negro-de-corrupcion-y-abusos-que-amenazan-a-la-generalitat\/#primaryimage\"},\"thumbnailUrl\":\"https:\/\/conversesacatalunya.cat\/wp-content\/uploads\/2025\/05\/Captura-4.jpg\",\"keywords\":[\"DGAIA\"],\"articleSection\":[\"Punts clau del dia (ES)\"],\"inLanguage\":\"es\",\"potentialAction\":[{\"@type\":\"CommentAction\",\"name\":\"Comment\",\"target\":[\"https:\/\/conversesacatalunya.cat\/es\/el-escandalo-de-la-dgaia-agujero-negro-de-corrupcion-y-abusos-que-amenazan-a-la-generalitat\/#respond\"]}]},{\"@type\":\"WebPage\",\"@id\":\"https:\/\/conversesacatalunya.cat\/es\/el-escandalo-de-la-dgaia-agujero-negro-de-corrupcion-y-abusos-que-amenazan-a-la-generalitat\/\",\"url\":\"https:\/\/conversesacatalunya.cat\/es\/el-escandalo-de-la-dgaia-agujero-negro-de-corrupcion-y-abusos-que-amenazan-a-la-generalitat\/\",\"name\":\"El esc\u00e1ndalo de la DGAIA: Agujero negro de corrupci\u00f3n y abusos que amenazan a la Generalitat - Converses a Catalunya\",\"isPartOf\":{\"@id\":\"https:\/\/conversesacatalunya.cat\/#website\"},\"primaryImageOfPage\":{\"@id\":\"https:\/\/conversesacatalunya.cat\/es\/el-escandalo-de-la-dgaia-agujero-negro-de-corrupcion-y-abusos-que-amenazan-a-la-generalitat\/#primaryimage\"},\"image\":{\"@id\":\"https:\/\/conversesacatalunya.cat\/es\/el-escandalo-de-la-dgaia-agujero-negro-de-corrupcion-y-abusos-que-amenazan-a-la-generalitat\/#primaryimage\"},\"thumbnailUrl\":\"https:\/\/conversesacatalunya.cat\/wp-content\/uploads\/2025\/05\/Captura-4.jpg\",\"datePublished\":\"2025-05-23T09:17:54+00:00\",\"dateModified\":\"2025-05-23T09:39:02+00:00\",\"author\":{\"@id\":\"https:\/\/conversesacatalunya.cat\/#\/schema\/person\/b734752c25b328c819a407cbea568c1f\"},\"description\":\"Corrupci\u00f3n ERC PSC Junts: han dirigido el departamento afectado durante la \u00faltima d\u00e9cada, periodo en el que se ha degradado la DGAIA.\",\"breadcrumb\":{\"@id\":\"https:\/\/conversesacatalunya.cat\/es\/el-escandalo-de-la-dgaia-agujero-negro-de-corrupcion-y-abusos-que-amenazan-a-la-generalitat\/#breadcrumb\"},\"inLanguage\":\"es\",\"potentialAction\":[{\"@type\":\"ReadAction\",\"target\":[\"https:\/\/conversesacatalunya.cat\/es\/el-escandalo-de-la-dgaia-agujero-negro-de-corrupcion-y-abusos-que-amenazan-a-la-generalitat\/\"]}]},{\"@type\":\"ImageObject\",\"inLanguage\":\"es\",\"@id\":\"https:\/\/conversesacatalunya.cat\/es\/el-escandalo-de-la-dgaia-agujero-negro-de-corrupcion-y-abusos-que-amenazan-a-la-generalitat\/#primaryimage\",\"url\":\"https:\/\/conversesacatalunya.cat\/wp-content\/uploads\/2025\/05\/Captura-4.jpg\",\"contentUrl\":\"https:\/\/conversesacatalunya.cat\/wp-content\/uploads\/2025\/05\/Captura-4.jpg\",\"width\":399,\"height\":349,\"caption\":\"corrupci\u00f3n ERC PSC Junts DGAIA\"},{\"@type\":\"BreadcrumbList\",\"@id\":\"https:\/\/conversesacatalunya.cat\/es\/el-escandalo-de-la-dgaia-agujero-negro-de-corrupcion-y-abusos-que-amenazan-a-la-generalitat\/#breadcrumb\",\"itemListElement\":[{\"@type\":\"ListItem\",\"position\":1,\"name\":\"Inici\",\"item\":\"https:\/\/conversesacatalunya.cat\/es\/\"},{\"@type\":\"ListItem\",\"position\":2,\"name\":\"El esc\u00e1ndalo de la DGAIA: Agujero negro de corrupci\u00f3n y abusos que amenazan a la Generalitat\"}]},{\"@type\":\"WebSite\",\"@id\":\"https:\/\/conversesacatalunya.cat\/#website\",\"url\":\"https:\/\/conversesacatalunya.cat\/\",\"name\":\"Converses a Catalunya\",\"description\":\"\",\"potentialAction\":[{\"@type\":\"SearchAction\",\"target\":{\"@type\":\"EntryPoint\",\"urlTemplate\":\"https:\/\/conversesacatalunya.cat\/?s={search_term_string}\"},\"query-input\":{\"@type\":\"PropertyValueSpecification\",\"valueRequired\":true,\"valueName\":\"search_term_string\"}}],\"inLanguage\":\"es\"},{\"@type\":\"Person\",\"@id\":\"https:\/\/conversesacatalunya.cat\/#\/schema\/person\/b734752c25b328c819a407cbea568c1f\",\"name\":\"N\u00faria Freixa\",\"image\":{\"@type\":\"ImageObject\",\"inLanguage\":\"es\",\"@id\":\"https:\/\/conversesacatalunya.cat\/#\/schema\/person\/image\/\",\"url\":\"https:\/\/conversesacatalunya.cat\/wp-content\/litespeed\/avatar\/c3686e387186fed249338fe04729c597.jpg?ver=1777289182\",\"contentUrl\":\"https:\/\/conversesacatalunya.cat\/wp-content\/litespeed\/avatar\/c3686e387186fed249338fe04729c597.jpg?ver=1777289182\",\"caption\":\"N\u00faria Freixa\"},\"url\":\"https:\/\/conversesacatalunya.cat\/es\/author\/nuria_freixa\/\"}]}<\/script>\n<!-- \/ Yoast SEO plugin. -->","yoast_head_json":{"title":"El esc\u00e1ndalo de la DGAIA: Agujero negro de corrupci\u00f3n y abusos que amenazan a la Generalitat - Converses a Catalunya","description":"Corrupci\u00f3n ERC PSC Junts: han dirigido el departamento afectado durante la \u00faltima d\u00e9cada, periodo en el que se ha degradado la DGAIA.","robots":{"index":"index","follow":"follow","max-snippet":"max-snippet:-1","max-image-preview":"max-image-preview:large","max-video-preview":"max-video-preview:-1"},"canonical":"https:\/\/conversesacatalunya.cat\/es\/el-escandalo-de-la-dgaia-agujero-negro-de-corrupcion-y-abusos-que-amenazan-a-la-generalitat\/","og_locale":"es_ES","og_type":"article","og_title":"El esc\u00e1ndalo de la DGAIA: Agujero negro de corrupci\u00f3n y abusos que amenazan a la Generalitat - Converses a Catalunya","og_description":"Corrupci\u00f3n ERC PSC Junts: han dirigido el departamento afectado durante la \u00faltima d\u00e9cada, periodo en el que se ha degradado la DGAIA.","og_url":"https:\/\/conversesacatalunya.cat\/es\/el-escandalo-de-la-dgaia-agujero-negro-de-corrupcion-y-abusos-que-amenazan-a-la-generalitat\/","og_site_name":"Converses a Catalunya","article_published_time":"2025-05-23T09:17:54+00:00","article_modified_time":"2025-05-23T09:39:02+00:00","og_image":[{"width":399,"height":349,"url":"https:\/\/conversesacatalunya.cat\/wp-content\/uploads\/2025\/05\/Captura-4.jpg","type":"image\/jpeg"}],"author":"N\u00faria Freixa","twitter_card":"summary_large_image","twitter_misc":{"Escrito por":"N\u00faria Freixa","Tiempo de lectura":"5 minutos"},"schema":{"@context":"https:\/\/schema.org","@graph":[{"@type":"Article","@id":"https:\/\/conversesacatalunya.cat\/es\/el-escandalo-de-la-dgaia-agujero-negro-de-corrupcion-y-abusos-que-amenazan-a-la-generalitat\/#article","isPartOf":{"@id":"https:\/\/conversesacatalunya.cat\/es\/el-escandalo-de-la-dgaia-agujero-negro-de-corrupcion-y-abusos-que-amenazan-a-la-generalitat\/"},"author":{"name":"N\u00faria Freixa","@id":"https:\/\/conversesacatalunya.cat\/#\/schema\/person\/b734752c25b328c819a407cbea568c1f"},"headline":"El esc\u00e1ndalo de la DGAIA: Agujero negro de corrupci\u00f3n y abusos que amenazan a la Generalitat","datePublished":"2025-05-23T09:17:54+00:00","dateModified":"2025-05-23T09:39:02+00:00","mainEntityOfPage":{"@id":"https:\/\/conversesacatalunya.cat\/es\/el-escandalo-de-la-dgaia-agujero-negro-de-corrupcion-y-abusos-que-amenazan-a-la-generalitat\/"},"wordCount":934,"commentCount":1,"image":{"@id":"https:\/\/conversesacatalunya.cat\/es\/el-escandalo-de-la-dgaia-agujero-negro-de-corrupcion-y-abusos-que-amenazan-a-la-generalitat\/#primaryimage"},"thumbnailUrl":"https:\/\/conversesacatalunya.cat\/wp-content\/uploads\/2025\/05\/Captura-4.jpg","keywords":["DGAIA"],"articleSection":["Punts clau del dia (ES)"],"inLanguage":"es","potentialAction":[{"@type":"CommentAction","name":"Comment","target":["https:\/\/conversesacatalunya.cat\/es\/el-escandalo-de-la-dgaia-agujero-negro-de-corrupcion-y-abusos-que-amenazan-a-la-generalitat\/#respond"]}]},{"@type":"WebPage","@id":"https:\/\/conversesacatalunya.cat\/es\/el-escandalo-de-la-dgaia-agujero-negro-de-corrupcion-y-abusos-que-amenazan-a-la-generalitat\/","url":"https:\/\/conversesacatalunya.cat\/es\/el-escandalo-de-la-dgaia-agujero-negro-de-corrupcion-y-abusos-que-amenazan-a-la-generalitat\/","name":"El esc\u00e1ndalo de la DGAIA: Agujero negro de corrupci\u00f3n y abusos que amenazan a la Generalitat - Converses a Catalunya","isPartOf":{"@id":"https:\/\/conversesacatalunya.cat\/#website"},"primaryImageOfPage":{"@id":"https:\/\/conversesacatalunya.cat\/es\/el-escandalo-de-la-dgaia-agujero-negro-de-corrupcion-y-abusos-que-amenazan-a-la-generalitat\/#primaryimage"},"image":{"@id":"https:\/\/conversesacatalunya.cat\/es\/el-escandalo-de-la-dgaia-agujero-negro-de-corrupcion-y-abusos-que-amenazan-a-la-generalitat\/#primaryimage"},"thumbnailUrl":"https:\/\/conversesacatalunya.cat\/wp-content\/uploads\/2025\/05\/Captura-4.jpg","datePublished":"2025-05-23T09:17:54+00:00","dateModified":"2025-05-23T09:39:02+00:00","author":{"@id":"https:\/\/conversesacatalunya.cat\/#\/schema\/person\/b734752c25b328c819a407cbea568c1f"},"description":"Corrupci\u00f3n ERC PSC Junts: han dirigido el departamento afectado durante la \u00faltima d\u00e9cada, periodo en el que se ha degradado la DGAIA.","breadcrumb":{"@id":"https:\/\/conversesacatalunya.cat\/es\/el-escandalo-de-la-dgaia-agujero-negro-de-corrupcion-y-abusos-que-amenazan-a-la-generalitat\/#breadcrumb"},"inLanguage":"es","potentialAction":[{"@type":"ReadAction","target":["https:\/\/conversesacatalunya.cat\/es\/el-escandalo-de-la-dgaia-agujero-negro-de-corrupcion-y-abusos-que-amenazan-a-la-generalitat\/"]}]},{"@type":"ImageObject","inLanguage":"es","@id":"https:\/\/conversesacatalunya.cat\/es\/el-escandalo-de-la-dgaia-agujero-negro-de-corrupcion-y-abusos-que-amenazan-a-la-generalitat\/#primaryimage","url":"https:\/\/conversesacatalunya.cat\/wp-content\/uploads\/2025\/05\/Captura-4.jpg","contentUrl":"https:\/\/conversesacatalunya.cat\/wp-content\/uploads\/2025\/05\/Captura-4.jpg","width":399,"height":349,"caption":"corrupci\u00f3n ERC PSC Junts DGAIA"},{"@type":"BreadcrumbList","@id":"https:\/\/conversesacatalunya.cat\/es\/el-escandalo-de-la-dgaia-agujero-negro-de-corrupcion-y-abusos-que-amenazan-a-la-generalitat\/#breadcrumb","itemListElement":[{"@type":"ListItem","position":1,"name":"Inici","item":"https:\/\/conversesacatalunya.cat\/es\/"},{"@type":"ListItem","position":2,"name":"El esc\u00e1ndalo de la DGAIA: Agujero negro de corrupci\u00f3n y abusos que amenazan a la Generalitat"}]},{"@type":"WebSite","@id":"https:\/\/conversesacatalunya.cat\/#website","url":"https:\/\/conversesacatalunya.cat\/","name":"Converses a Catalunya","description":"","potentialAction":[{"@type":"SearchAction","target":{"@type":"EntryPoint","urlTemplate":"https:\/\/conversesacatalunya.cat\/?s={search_term_string}"},"query-input":{"@type":"PropertyValueSpecification","valueRequired":true,"valueName":"search_term_string"}}],"inLanguage":"es"},{"@type":"Person","@id":"https:\/\/conversesacatalunya.cat\/#\/schema\/person\/b734752c25b328c819a407cbea568c1f","name":"N\u00faria Freixa","image":{"@type":"ImageObject","inLanguage":"es","@id":"https:\/\/conversesacatalunya.cat\/#\/schema\/person\/image\/","url":"https:\/\/conversesacatalunya.cat\/wp-content\/litespeed\/avatar\/c3686e387186fed249338fe04729c597.jpg?ver=1777289182","contentUrl":"https:\/\/conversesacatalunya.cat\/wp-content\/litespeed\/avatar\/c3686e387186fed249338fe04729c597.jpg?ver=1777289182","caption":"N\u00faria Freixa"},"url":"https:\/\/conversesacatalunya.cat\/es\/author\/nuria_freixa\/"}]}},"wps_subtitle":"\u201cInforme de la Sindicatura de Cuentas sobre la contrataci\u00f3n y adjudicaci\u00f3n del servicio de acogida de la infancia y la adolescencia en Catalu\u00f1a, ejercicios 2016-2020\u201d","_links":{"self":[{"href":"https:\/\/conversesacatalunya.cat\/es\/wp-json\/wp\/v2\/posts\/88706","targetHints":{"allow":["GET"]}}],"collection":[{"href":"https:\/\/conversesacatalunya.cat\/es\/wp-json\/wp\/v2\/posts"}],"about":[{"href":"https:\/\/conversesacatalunya.cat\/es\/wp-json\/wp\/v2\/types\/post"}],"author":[{"embeddable":true,"href":"https:\/\/conversesacatalunya.cat\/es\/wp-json\/wp\/v2\/users\/80"}],"replies":[{"embeddable":true,"href":"https:\/\/conversesacatalunya.cat\/es\/wp-json\/wp\/v2\/comments?post=88706"}],"version-history":[{"count":5,"href":"https:\/\/conversesacatalunya.cat\/es\/wp-json\/wp\/v2\/posts\/88706\/revisions"}],"predecessor-version":[{"id":88716,"href":"https:\/\/conversesacatalunya.cat\/es\/wp-json\/wp\/v2\/posts\/88706\/revisions\/88716"}],"wp:featuredmedia":[{"embeddable":true,"href":"https:\/\/conversesacatalunya.cat\/es\/wp-json\/wp\/v2\/media\/88714"}],"wp:attachment":[{"href":"https:\/\/conversesacatalunya.cat\/es\/wp-json\/wp\/v2\/media?parent=88706"}],"wp:term":[{"taxonomy":"category","embeddable":true,"href":"https:\/\/conversesacatalunya.cat\/es\/wp-json\/wp\/v2\/categories?post=88706"},{"taxonomy":"post_tag","embeddable":true,"href":"https:\/\/conversesacatalunya.cat\/es\/wp-json\/wp\/v2\/tags?post=88706"}],"curies":[{"name":"wp","href":"https:\/\/api.w.org\/{rel}","templated":true}]}}