{"id":88588,"date":"2025-05-21T08:17:01","date_gmt":"2025-05-21T06:17:01","guid":{"rendered":"https:\/\/conversesacatalunya.cat\/?p=88588"},"modified":"2025-05-21T08:40:44","modified_gmt":"2025-05-21T06:40:44","slug":"que-pasa-con-los-abusos-sexuales-a-menores-en-cataluna","status":"publish","type":"post","link":"https:\/\/conversesacatalunya.cat\/es\/que-pasa-con-los-abusos-sexuales-a-menores-en-cataluna\/","title":{"rendered":"El esc\u00e1ndalo de la DGAIA: \u00bfqu\u00e9 pasa con los abusos sexuales a menores en Catalu\u00f1a?"},"content":{"rendered":"<p>La Direcci\u00f3n General de Atenci\u00f3n a la Infancia y la Adolescencia (DGAIA) se ha ganado a pulso su reputaci\u00f3n de falta de transparencia y oscurantismo. Los medios de comunicaci\u00f3n lo han denunciado en diversas ocasiones, como vuelve a hacer Enric Sierra en La Vanguardia.<\/p>\n<p>Sab\u00edan\u2014lo explican ellos mismos\u2014que las retiradas de custodia ejecutadas por esta instituci\u00f3n de la Generalitat, separando a hijos de sus padres, <strong>no siempre contaban con orden judicial<\/strong>. Tambi\u00e9n sab\u00edan que <strong>las ayudas a los extutelados eran discrecionales<\/strong>\u2014\u00bfarbitrarias?\u2014y que las contrataciones millonarias se realizaban sin transparencia. Pero nunca se preocuparon por averiguar a qu\u00e9 entidades iban a parar esos fondos, c\u00f3mo se utilizaban, cu\u00e1nto cobraban los directivos, ni por qu\u00e9 <strong>los t\u00e9cnicos sociales que atienden a los menores recib\u00edan salarios bajos y precarios.<\/strong><\/p>\n<p>Ahora, esos mismos medios estallan de indignaci\u00f3n ante el caso de una ni\u00f1a de 12 a\u00f1os violada entre 2020 y 2021 por <strong><a href=\"https:\/\/conversesacatalunya.cat\/es\/el-escandalo-de-una-menor-tutelada-victima-de-una-red-de-abusos-sexuales-durante-anos-es-solo-la-punta-de-iceberg\/\" target=\"_blank\" rel=\"noopener\">una red de explotaci\u00f3n sexual de menores<\/a><\/strong>, sin que nadie en la DGAIA ni en la Generalitat se percatara de ello. Solo la investigaci\u00f3n judicial ha sacado a la luz el esc\u00e1ndalo, y ahora \u00abcorremos todos\u00bb.<\/p>\n<p>Tampoco reaccionaron cuando la Sindicatura de Comptes expuso en sede parlamentaria\u2014con luz y taqu\u00edgrafos\u2014su informe de fiscalizaci\u00f3n del per\u00edodo 2016-2020, donde<strong> se detallaban graves irregularidades, algunas presuntamente penales, cometidas por la DGAIA.<\/strong> Esquerra Republicana lo justific\u00f3 todo, se opuso a cualquier acci\u00f3n y, con la ayuda del PSC y los Comuns, el asunto fue archivado. Ning\u00fan gran medio profundiz\u00f3 en un informe que afectaba millones de euros de dinero p\u00fablico.<\/p>\n<p>Pero el problema no es solo la DGAIA. Tambi\u00e9n lo son <strong>los responsables pol\u00edticos del departamento que la tutela<\/strong> y que cambia de nombre seg\u00fan el gobierno de turno. Hoy es el Departamento de Derechos Sociales e Inclusi\u00f3n. Ayer era simplemente Derechos Sociales. Antes, Trabajo, Asuntos Sociales y Familias. Y en sus inicios, Benestar Social. La responsabilidad pol\u00edtica de lo sucedido recae, como m\u00ednimo, <strong>desde el gobierno de ERC hasta la actualidad<\/strong>.<\/p>\n<p><strong>Lo que ocurre es demasiado grave:<\/strong> una corrupci\u00f3n econ\u00f3mica sist\u00e9mica a gran escala y violencia sexual bajo tutela p\u00fablica. Demasiado grave para que no afecte a quienes han gobernado: Aragon\u00e8s, ahora Illa, y los grupos parlamentarios que han protegido la impunidad: ERC, PSC y Comuns.<\/p>\n<p>El caso de esta ni\u00f1a violada durante dos a\u00f1os lo dice todo. Cuando ten\u00eda 15 a\u00f1os, la DGAIA le permiti\u00f3 irse a vivir con un adulto de 25. Es evidente que el C\u00f3digo Penal proh\u00edbe las relaciones sexuales entre un menor y un adulto, y que ni siquiera un supuesto consentimiento invalida esa norma. No hay excusas.<\/p>\n<h4><strong>Ahora, la estrategia de los c\u00f3mplices pol\u00edticos se articula en tres puntos:<\/strong><\/h4>\n<ol>\n<li><strong>Trasladar toda la culpa a los depredadores sexuales<\/strong> \u2014el violador, la red, las redes sociales, el machismo\u2014y presentar a la DGAIA como v\u00edctima. El argumento es conocido: \u201cCuando una ni\u00f1a sufre una agresi\u00f3n as\u00ed no es culpa suya ni de sus padres, ni tampoco de la Generalitat\u201d. Pero esto es falso. La Generalitat ten\u00eda el deber legal y moral de proteger a esta ni\u00f1a. No lo hizo.<\/li>\n<li><strong>Crear una comisi\u00f3n parlamentaria controlada por los mismos partidos que bloquearon cualquier acci\u00f3n<\/strong> tras el informe de la Sindicatura. Una maniobra de distracci\u00f3n.<\/li>\n<li><strong>Anunciar un \u00abplan de reorganizaci\u00f3n\u00bb de la DGAIA para hacer borr\u00f3n y cuenta nueva<\/strong>, evitando una investigaci\u00f3n a fondo sobre la red corrupta de fundaciones del Tercer Sector con las que se vincula. Una red que el medio Octuvre lleva tiempo denunciando.<\/li>\n<\/ol>\n<h4><strong>Todo esto es un encubrimiento. Lo que realmente se necesita es:<\/strong><\/h4>\n<p>&#8211; Que la Sindicatura de Comptes y la S\u00edndica de Greuges<strong> abran una investigaci\u00f3n<\/strong> a fondo, cada uno en su \u00e1mbito\u2014financiaci\u00f3n y abusos sexuales\u2014y que trasladen todos los posibles delitos a los tribunales.<\/p>\n<p>&#8211; Que <strong>los departamentos de Justicia e Interior<\/strong> elaboren un informe basado en datos judiciales y policiales sobre la violencia sexual contra menores en Catalu\u00f1a, porque el caso de la DGAIA es solo la punta del iceberg.<\/p>\n<h4><strong>Los datos son alarmantes<\/strong><\/h4>\n<p><strong>El esc\u00e1ndalo de la DGAIA y la red de pederastia no es un caso aislado.<\/strong> La Generalitat tutela a 9.000 menores dentro del mill\u00f3n largo de mayores de 3 a\u00f1os que hay en Catalu\u00f1a. Y las cifras son preocupantes.<\/p>\n<p>En 2023, en Catalu\u00f1a se registraron 4.361 delitos contra la libertad sexual, de los cuales 3.210 ocurrieron en la provincia de Barcelona. A nivel nacional, la media espa\u00f1ola es de 4,5 casos por cada 10.000 habitantes, mientras que en Catalu\u00f1a la cifra asciende a 5,5, variando por provincias: 6,2 en Lleida, 5,5 en Barcelona y 5,3 en Girona y Tarragona. <strong>Las cuatro provincias catalanas est\u00e1n entre las diez con mayor incidencia de Espa\u00f1a.<\/strong><\/p>\n<p>Aproximadamente el 44% de estos delitos corresponden a menores, lo que supone unos <strong>2.000 casos anuales\u00a0 en Catalu\u00f1a.<\/strong> Para una poblaci\u00f3n de algo m\u00e1s de un mill\u00f3n de menores, esta cifra es escalofriante\u2014mucho mayor que la registrada en adultos. Mientras que sobre la<strong> violencia de g\u00e9nero en mujeres adultas<\/strong> se realizan campa\u00f1as constantes, en el caso de menores mucho m\u00e1s afectados no existe ninguna iniciativa similar, solo indiferencia.<\/p>\n<p>El libro de reciente publicaci\u00f3n de Josep Mir\u00f3 i Ard\u00e8vol, <a href=\"https:\/\/conversesacatalunya.cat\/es\/democracia-espanola-y-la-pederastia-escandalo-institucional-de-una-verdad-ignorada\/\" target=\"_blank\" rel=\"noopener\"><strong><em>La pederastia en la Iglesia y la sociedad<\/em><\/strong><\/a>, revela por primera vez el enorme esc\u00e1ndalo de este delito y la complicidad pasiva de los poderes p\u00fablicos.<strong> En solo siete a\u00f1os, los casos de abusos se han duplicado.<\/strong><\/p>\n<p>Un an\u00e1lisis estad\u00edstico sobre los datos y la probabilidad de ocurrencia, tomando como referencia los 9.000 menores acogidos por la DGAIA, en relaci\u00f3n con el total de casos en Catalu\u00f1a y Espa\u00f1a, arroja una estimaci\u00f3n de 18 casos de abusos sexuales en 2023. Pero como parte de estos delitos <strong>son cometidos por los propios padres<\/strong>\u2014y esta no es la situaci\u00f3n de los acogidos por la DGAIA\u2014la cifra m\u00e1s ajustada a la realidad se sit\u00faa entre 6 y 9 casos de abusos sexuales potenciales. Esto puede incluir violaciones, tocamientos, exhibicionismo, pornograf\u00eda infantil y acoso en internet.<\/p>\n<p>Este solo dato en un a\u00f1o deber\u00eda encender todas las alarmas y <strong>exigir de la Generalitat un informe sobre la \u00faltima d\u00e9cada<\/strong> en relaci\u00f3n con los delitos de abusos sexuales a menores en Catalu\u00f1a. Ese informe debe basarse en datos judiciales, investigaciones policiales y registros oficiales del departamento al que pertenece la DGAIA, ll\u00e1mese como se llame en cada momento.<\/p>\n<p>Esta es una urgencia para evitar que la comisi\u00f3n parlamentaria se convierta en una mera estrategia de encubrimiento.<\/p>\n<span class='bctt-click-to-tweet'><span class='bctt-ctt-text'><a href='https:\/\/twitter.com\/intent\/tweet?url=https%3A%2F%2Fconversesacatalunya.cat%2Fes%2Fque-pasa-con-los-abusos-sexuales-a-menores-en-cataluna%2F&#038;text=Lo%20que%20ocurre%20es%20demasiado%20grave%3A%20una%20corrupci%C3%B3n%20econ%C3%B3mica%20sist%C3%A9mica%20a%20gran%20escala%20y%20violencia%20sexual%20bajo%20tutela%20p%C3%BAblica.%20Demasiado%20grave%20para%20que%20no%20afecte%20a%20quienes%20han%20gobernado&#038;via=conversesacat&#038;related=conversesacat' target='_blank'rel=\"noopener noreferrer\">Lo que ocurre es demasiado grave: una corrupci\u00f3n econ\u00f3mica sist\u00e9mica a gran escala y violencia sexual bajo tutela p\u00fablica. Demasiado grave para que no afecte a quienes han gobernado <\/a><\/span><a href='https:\/\/twitter.com\/intent\/tweet?url=https%3A%2F%2Fconversesacatalunya.cat%2Fes%2Fque-pasa-con-los-abusos-sexuales-a-menores-en-cataluna%2F&#038;text=Lo%20que%20ocurre%20es%20demasiado%20grave%3A%20una%20corrupci%C3%B3n%20econ%C3%B3mica%20sist%C3%A9mica%20a%20gran%20escala%20y%20violencia%20sexual%20bajo%20tutela%20p%C3%BAblica.%20Demasiado%20grave%20para%20que%20no%20afecte%20a%20quienes%20han%20gobernado&#038;via=conversesacat&#038;related=conversesacat' target='_blank' class='bctt-ctt-btn'rel=\"noopener noreferrer\">Compartir en X<\/a><\/span>\n<div id=\"polls-284\" class=\"wp-polls\">\n\t<form id=\"polls_form_284\" class=\"wp-polls-form\" action=\"\/index.php\" method=\"post\">\n\t\t<p style=\"display: none;\"><input type=\"hidden\" id=\"poll_284_nonce\" name=\"wp-polls-nonce\" value=\"aabb661032\" \/><\/p>\n\t\t<p style=\"display: none;\"><input type=\"hidden\" name=\"poll_id\" value=\"284\" \/><\/p>\n\t\t<p style=\"text-align: center\"><strong>Creus que el govern de la Generalitat de Catalunya t\u00e9 responsabilitat en el cas d'abusos sexuals a una menor tutelada i l'esc\u00e0ndol generat pel mal \u00fas dels recursos p\u00fablics?<\/strong><\/p><div id=\"polls-284-ans\" class=\"wp-polls-ans\"><ul class=\"wp-polls-ul\">\n\t\t<li><input type=\"radio\" id=\"poll-answer-809\" name=\"poll_284\" value=\"809\" \/> <label for=\"poll-answer-809\">S\u00ed<\/label><\/li>\n\t\t<li><input type=\"radio\" id=\"poll-answer-810\" name=\"poll_284\" value=\"810\" \/> <label for=\"poll-answer-810\">No<\/label><\/li>\n\t\t<li><input type=\"radio\" id=\"poll-answer-811\" name=\"poll_284\" value=\"811\" \/> <label for=\"poll-answer-811\">No ho s\u00e9<\/label><\/li>\n\t\t<\/ul><p style=\"text-align: center\"><input type=\"button\" name=\"vote\" value=\"   Vota   \" class=\"Buttons\" onclick=\"poll_vote(284);\" \/><\/p><p style=\"text-align: center\"><a href=\"#ViewPollResults\" onclick=\"poll_result(284); return false;\" title=\"View Results Of This Poll\">Mira els resultats<\/a><\/p><\/div>\n\t<\/form>\n<\/div>\n<div id=\"polls-284-loading\" class=\"wp-polls-loading\"><img decoding=\"async\" data-src=\"https:\/\/conversesacatalunya.cat\/wp-content\/plugins\/wp-polls\/images\/loading.gif\" width=\"16\" height=\"16\" alt=\"Cargando ...\" title=\"Cargando ...\" class=\"wp-polls-image lazyload\" src=\"data:image\/svg+xml;base64,PHN2ZyB3aWR0aD0iMSIgaGVpZ2h0PSIxIiB4bWxucz0iaHR0cDovL3d3dy53My5vcmcvMjAwMC9zdmciPjwvc3ZnPg==\" style=\"--smush-placeholder-width: 16px; --smush-placeholder-aspect-ratio: 16\/16;\" \/>&nbsp;Cargando ...<\/div>\n\n<p>&nbsp;<\/p>\n<p>&nbsp;<\/p>\n<p>&nbsp;<\/p>\n<p>&nbsp;<\/p>\n","protected":false},"excerpt":{"rendered":"<p>La Direcci\u00f3n General de Atenci\u00f3n a la Infancia y la Adolescencia (DGAIA) se ha ganado a pulso su reputaci\u00f3n de falta de transparencia y oscurantismo. Los medios de comunicaci\u00f3n lo han denunciado en diversas ocasiones, como vuelve a hacer Enric Sierra en La Vanguardia. Sab\u00edan\u2014lo explican ellos mismos\u2014que las retiradas de custodia ejecutadas por esta instituci\u00f3n de la Generalitat, separando a hijos de sus padres, no siempre contaban con orden judicial. Tambi\u00e9n sab\u00edan que las ayudas a los extutelados eran discrecionales\u2014\u00bfarbitrarias?\u2014y que las contrataciones millonarias se realizaban sin transparencia. Pero nunca se preocuparon por averiguar a qu\u00e9 entidades iban a parar esos fondos, c\u00f3mo se utilizaban, cu\u00e1nto cobraban los directivos, ni por qu\u00e9 los t\u00e9cnicos sociales que atienden a los menores recib\u00edan salarios bajos y precarios. Ahora, esos mismos medios estallan de indignaci\u00f3n ante el caso de una ni\u00f1a de 12 a\u00f1os violada entre 2020 y 2021 por una red de explotaci\u00f3n sexual de menores, sin que nadie en la DGAIA ni en la Generalitat se percatara de ello. Solo la investigaci\u00f3n judicial ha sacado a la luz el esc\u00e1ndalo, y ahora \u00abcorremos todos\u00bb. Tampoco reaccionaron cuando la Sindicatura de Comptes expuso en sede parlamentaria\u2014con luz y taqu\u00edgrafos\u2014su informe de fiscalizaci\u00f3n del per\u00edodo 2016-2020, donde se detallaban graves irregularidades, algunas presuntamente penales, cometidas por la DGAIA. Esquerra Republicana lo justific\u00f3 todo, se opuso a cualquier acci\u00f3n y, con la ayuda del PSC y los Comuns, el asunto fue archivado. Ning\u00fan gran medio profundiz\u00f3 en un informe que afectaba millones de euros de dinero p\u00fablico. Pero el problema no es solo la DGAIA. Tambi\u00e9n lo son los responsables pol\u00edticos del departamento que la tutela y que cambia de nombre seg\u00fan el gobierno de turno. Hoy es el Departamento de Derechos Sociales e Inclusi\u00f3n. Ayer era simplemente Derechos Sociales. Antes, Trabajo, Asuntos Sociales y Familias. Y en sus inicios, Benestar Social. La responsabilidad pol\u00edtica de lo sucedido recae, como m\u00ednimo, desde el gobierno de ERC hasta la actualidad. Lo que ocurre es demasiado grave: una corrupci\u00f3n econ\u00f3mica sist\u00e9mica a gran escala y violencia sexual bajo tutela p\u00fablica. Demasiado grave para que no afecte a quienes han gobernado: Aragon\u00e8s, ahora Illa, y los grupos parlamentarios que han protegido la impunidad: ERC, PSC y Comuns. El caso de esta ni\u00f1a violada durante dos a\u00f1os lo dice todo. Cuando ten\u00eda 15 a\u00f1os, la DGAIA le permiti\u00f3 irse a vivir con un adulto de 25. Es evidente que el C\u00f3digo Penal proh\u00edbe las relaciones sexuales entre un menor y un adulto, y que ni siquiera un supuesto consentimiento invalida esa norma. No hay excusas. Ahora, la estrategia de los c\u00f3mplices pol\u00edticos se articula en tres puntos: Trasladar toda la culpa a los depredadores sexuales \u2014el violador, la red, las redes sociales, el machismo\u2014y presentar a la DGAIA como v\u00edctima. El argumento es conocido: \u201cCuando una ni\u00f1a sufre una agresi\u00f3n as\u00ed no es culpa suya ni de sus padres, ni tampoco de la Generalitat\u201d. Pero esto es falso. La Generalitat ten\u00eda el deber legal y moral de proteger a esta ni\u00f1a. No lo hizo. Crear una comisi\u00f3n parlamentaria controlada por los mismos partidos que bloquearon cualquier acci\u00f3n tras el informe de la Sindicatura. Una maniobra de distracci\u00f3n. Anunciar un \u00abplan de reorganizaci\u00f3n\u00bb de la DGAIA para hacer borr\u00f3n y cuenta nueva, evitando una investigaci\u00f3n a fondo sobre la red corrupta de fundaciones del Tercer Sector con las que se vincula. Una red que el medio Octuvre lleva tiempo denunciando. Todo esto es un encubrimiento. Lo que realmente se necesita es: &#8211; Que la Sindicatura de Comptes y la S\u00edndica de Greuges abran una investigaci\u00f3n a fondo, cada uno en su \u00e1mbito\u2014financiaci\u00f3n y abusos sexuales\u2014y que trasladen todos los posibles delitos a los tribunales. &#8211; Que los departamentos de Justicia e Interior elaboren un informe basado en datos judiciales y policiales sobre la violencia sexual contra menores en Catalu\u00f1a, porque el caso de la DGAIA es solo la punta del iceberg. Los datos son alarmantes El esc\u00e1ndalo de la DGAIA y la red de pederastia no es un caso aislado. La Generalitat tutela a 9.000 menores dentro del mill\u00f3n largo de mayores de 3 a\u00f1os que hay en Catalu\u00f1a. Y las cifras son preocupantes. En 2023, en Catalu\u00f1a se registraron 4.361 delitos contra la libertad sexual, de los cuales 3.210 ocurrieron en la provincia de Barcelona. A nivel nacional, la media espa\u00f1ola es de 4,5 casos por cada 10.000 habitantes, mientras que en Catalu\u00f1a la cifra asciende a 5,5, variando por provincias: 6,2 en Lleida, 5,5 en Barcelona y 5,3 en Girona y Tarragona. Las cuatro provincias catalanas est\u00e1n entre las diez con mayor incidencia de Espa\u00f1a. Aproximadamente el 44% de estos delitos corresponden a menores, lo que supone unos 2.000 casos anuales\u00a0 en Catalu\u00f1a. Para una poblaci\u00f3n de algo m\u00e1s de un mill\u00f3n de menores, esta cifra es escalofriante\u2014mucho mayor que la registrada en adultos. Mientras que sobre la violencia de g\u00e9nero en mujeres adultas se realizan campa\u00f1as constantes, en el caso de menores mucho m\u00e1s afectados no existe ninguna iniciativa similar, solo indiferencia. El libro de reciente publicaci\u00f3n de Josep Mir\u00f3 i Ard\u00e8vol, La pederastia en la Iglesia y la sociedad, revela por primera vez el enorme esc\u00e1ndalo de este delito y la complicidad pasiva de los poderes p\u00fablicos. En solo siete a\u00f1os, los casos de abusos se han duplicado. Un an\u00e1lisis estad\u00edstico sobre los datos y la probabilidad de ocurrencia, tomando como referencia los 9.000 menores acogidos por la DGAIA, en relaci\u00f3n con el total de casos en Catalu\u00f1a y Espa\u00f1a, arroja una estimaci\u00f3n de 18 casos de abusos sexuales en 2023. Pero como parte de estos delitos son cometidos por los propios padres\u2014y esta no es la situaci\u00f3n de los acogidos por la DGAIA\u2014la cifra m\u00e1s ajustada a la realidad se sit\u00faa entre 6 y 9 casos de abusos sexuales potenciales. Esto puede incluir violaciones, tocamientos, exhibicionismo, pornograf\u00eda infantil y acoso en internet. Este solo dato en un a\u00f1o deber\u00eda encender todas las alarmas y exigir de la Generalitat un informe sobre la&#8230;<\/p>\n","protected":false},"author":80,"featured_media":88597,"comment_status":"open","ping_status":"open","sticky":false,"template":"","format":"standard","meta":{"_FSMCFIC_featured_image_caption":"","_FSMCFIC_featured_image_nocaption":"","_FSMCFIC_featured_image_hide":"","footnotes":""},"categories":[806],"tags":[3607,5300],"class_list":["post-88588","post","type-post","status-publish","format-standard","has-post-thumbnail","hentry","category-punts-claus-del-dia-es","tag-abusos-sexuales","tag-dgaia-es"],"yoast_head":"<!-- This site is optimized with the Yoast SEO plugin v26.8 - https:\/\/yoast.com\/product\/yoast-seo-wordpress\/ -->\n<title>Abusos sexuales a menores en Catalu\u00f1a<\/title>\n<meta name=\"description\" content=\"Exigir de la Generalitat un informe sobre la \u00faltima d\u00e9cada en relaci\u00f3n con los delitos de abusos sexuales a menores en Catalu\u00f1a.\" \/>\n<meta name=\"robots\" content=\"index, follow, max-snippet:-1, max-image-preview:large, max-video-preview:-1\" \/>\n<link rel=\"canonical\" href=\"https:\/\/conversesacatalunya.cat\/es\/que-pasa-con-los-abusos-sexuales-a-menores-en-cataluna\/\" \/>\n<meta property=\"og:locale\" content=\"es_ES\" \/>\n<meta property=\"og:type\" content=\"article\" \/>\n<meta property=\"og:title\" content=\"Abusos sexuales a menores en Catalu\u00f1a\" \/>\n<meta property=\"og:description\" content=\"Exigir de la Generalitat un informe sobre la \u00faltima d\u00e9cada en relaci\u00f3n con los delitos de abusos sexuales a menores en Catalu\u00f1a.\" \/>\n<meta property=\"og:url\" content=\"https:\/\/conversesacatalunya.cat\/es\/que-pasa-con-los-abusos-sexuales-a-menores-en-cataluna\/\" \/>\n<meta property=\"og:site_name\" content=\"Converses a Catalunya\" \/>\n<meta property=\"article:published_time\" content=\"2025-05-21T06:17:01+00:00\" \/>\n<meta property=\"article:modified_time\" content=\"2025-05-21T06:40:44+00:00\" \/>\n<meta property=\"og:image\" content=\"https:\/\/conversesacatalunya.cat\/wp-content\/uploads\/2025\/05\/child-4816851_640.jpg\" \/>\n\t<meta property=\"og:image:width\" content=\"640\" \/>\n\t<meta property=\"og:image:height\" content=\"427\" \/>\n\t<meta property=\"og:image:type\" content=\"image\/jpeg\" \/>\n<meta name=\"author\" content=\"N\u00faria Freixa\" \/>\n<meta name=\"twitter:card\" content=\"summary_large_image\" \/>\n<meta name=\"twitter:label1\" content=\"Escrito por\" \/>\n\t<meta name=\"twitter:data1\" content=\"N\u00faria Freixa\" \/>\n\t<meta name=\"twitter:label2\" content=\"Tiempo de lectura\" \/>\n\t<meta name=\"twitter:data2\" content=\"6 minutos\" \/>\n<script type=\"application\/ld+json\" class=\"yoast-schema-graph\">{\"@context\":\"https:\/\/schema.org\",\"@graph\":[{\"@type\":\"Article\",\"@id\":\"https:\/\/conversesacatalunya.cat\/es\/que-pasa-con-los-abusos-sexuales-a-menores-en-cataluna\/#article\",\"isPartOf\":{\"@id\":\"https:\/\/conversesacatalunya.cat\/es\/que-pasa-con-los-abusos-sexuales-a-menores-en-cataluna\/\"},\"author\":{\"name\":\"N\u00faria Freixa\",\"@id\":\"https:\/\/conversesacatalunya.cat\/#\/schema\/person\/b734752c25b328c819a407cbea568c1f\"},\"headline\":\"El esc\u00e1ndalo de la DGAIA: \u00bfqu\u00e9 pasa con los abusos sexuales a menores en Catalu\u00f1a?\",\"datePublished\":\"2025-05-21T06:17:01+00:00\",\"dateModified\":\"2025-05-21T06:40:44+00:00\",\"mainEntityOfPage\":{\"@id\":\"https:\/\/conversesacatalunya.cat\/es\/que-pasa-con-los-abusos-sexuales-a-menores-en-cataluna\/\"},\"wordCount\":1202,\"commentCount\":0,\"image\":{\"@id\":\"https:\/\/conversesacatalunya.cat\/es\/que-pasa-con-los-abusos-sexuales-a-menores-en-cataluna\/#primaryimage\"},\"thumbnailUrl\":\"https:\/\/conversesacatalunya.cat\/wp-content\/uploads\/2025\/05\/child-4816851_640.jpg\",\"keywords\":[\"Abusos sexuales\",\"DGAIA\"],\"articleSection\":[\"Punts clau del dia (ES)\"],\"inLanguage\":\"es\",\"potentialAction\":[{\"@type\":\"CommentAction\",\"name\":\"Comment\",\"target\":[\"https:\/\/conversesacatalunya.cat\/es\/que-pasa-con-los-abusos-sexuales-a-menores-en-cataluna\/#respond\"]}]},{\"@type\":\"WebPage\",\"@id\":\"https:\/\/conversesacatalunya.cat\/es\/que-pasa-con-los-abusos-sexuales-a-menores-en-cataluna\/\",\"url\":\"https:\/\/conversesacatalunya.cat\/es\/que-pasa-con-los-abusos-sexuales-a-menores-en-cataluna\/\",\"name\":\"Abusos sexuales a menores en Catalu\u00f1a\",\"isPartOf\":{\"@id\":\"https:\/\/conversesacatalunya.cat\/#website\"},\"primaryImageOfPage\":{\"@id\":\"https:\/\/conversesacatalunya.cat\/es\/que-pasa-con-los-abusos-sexuales-a-menores-en-cataluna\/#primaryimage\"},\"image\":{\"@id\":\"https:\/\/conversesacatalunya.cat\/es\/que-pasa-con-los-abusos-sexuales-a-menores-en-cataluna\/#primaryimage\"},\"thumbnailUrl\":\"https:\/\/conversesacatalunya.cat\/wp-content\/uploads\/2025\/05\/child-4816851_640.jpg\",\"datePublished\":\"2025-05-21T06:17:01+00:00\",\"dateModified\":\"2025-05-21T06:40:44+00:00\",\"author\":{\"@id\":\"https:\/\/conversesacatalunya.cat\/#\/schema\/person\/b734752c25b328c819a407cbea568c1f\"},\"description\":\"Exigir de la Generalitat un informe sobre la \u00faltima d\u00e9cada en relaci\u00f3n con los delitos de abusos sexuales a menores en Catalu\u00f1a.\",\"breadcrumb\":{\"@id\":\"https:\/\/conversesacatalunya.cat\/es\/que-pasa-con-los-abusos-sexuales-a-menores-en-cataluna\/#breadcrumb\"},\"inLanguage\":\"es\",\"potentialAction\":[{\"@type\":\"ReadAction\",\"target\":[\"https:\/\/conversesacatalunya.cat\/es\/que-pasa-con-los-abusos-sexuales-a-menores-en-cataluna\/\"]}]},{\"@type\":\"ImageObject\",\"inLanguage\":\"es\",\"@id\":\"https:\/\/conversesacatalunya.cat\/es\/que-pasa-con-los-abusos-sexuales-a-menores-en-cataluna\/#primaryimage\",\"url\":\"https:\/\/conversesacatalunya.cat\/wp-content\/uploads\/2025\/05\/child-4816851_640.jpg\",\"contentUrl\":\"https:\/\/conversesacatalunya.cat\/wp-content\/uploads\/2025\/05\/child-4816851_640.jpg\",\"width\":640,\"height\":427,\"caption\":\"abusos sexuales menores Catalu\u00f1a\"},{\"@type\":\"BreadcrumbList\",\"@id\":\"https:\/\/conversesacatalunya.cat\/es\/que-pasa-con-los-abusos-sexuales-a-menores-en-cataluna\/#breadcrumb\",\"itemListElement\":[{\"@type\":\"ListItem\",\"position\":1,\"name\":\"Inici\",\"item\":\"https:\/\/conversesacatalunya.cat\/es\/\"},{\"@type\":\"ListItem\",\"position\":2,\"name\":\"El esc\u00e1ndalo de la DGAIA: \u00bfqu\u00e9 pasa con los abusos sexuales a menores en Catalu\u00f1a?\"}]},{\"@type\":\"WebSite\",\"@id\":\"https:\/\/conversesacatalunya.cat\/#website\",\"url\":\"https:\/\/conversesacatalunya.cat\/\",\"name\":\"Converses a Catalunya\",\"description\":\"\",\"potentialAction\":[{\"@type\":\"SearchAction\",\"target\":{\"@type\":\"EntryPoint\",\"urlTemplate\":\"https:\/\/conversesacatalunya.cat\/?s={search_term_string}\"},\"query-input\":{\"@type\":\"PropertyValueSpecification\",\"valueRequired\":true,\"valueName\":\"search_term_string\"}}],\"inLanguage\":\"es\"},{\"@type\":\"Person\",\"@id\":\"https:\/\/conversesacatalunya.cat\/#\/schema\/person\/b734752c25b328c819a407cbea568c1f\",\"name\":\"N\u00faria Freixa\",\"image\":{\"@type\":\"ImageObject\",\"inLanguage\":\"es\",\"@id\":\"https:\/\/conversesacatalunya.cat\/#\/schema\/person\/image\/\",\"url\":\"https:\/\/conversesacatalunya.cat\/wp-content\/litespeed\/avatar\/c3686e387186fed249338fe04729c597.jpg?ver=1777289182\",\"contentUrl\":\"https:\/\/conversesacatalunya.cat\/wp-content\/litespeed\/avatar\/c3686e387186fed249338fe04729c597.jpg?ver=1777289182\",\"caption\":\"N\u00faria Freixa\"},\"url\":\"https:\/\/conversesacatalunya.cat\/es\/author\/nuria_freixa\/\"}]}<\/script>\n<!-- \/ Yoast SEO plugin. -->","yoast_head_json":{"title":"Abusos sexuales a menores en Catalu\u00f1a","description":"Exigir de la Generalitat un informe sobre la \u00faltima d\u00e9cada en relaci\u00f3n con los delitos de abusos sexuales a menores en Catalu\u00f1a.","robots":{"index":"index","follow":"follow","max-snippet":"max-snippet:-1","max-image-preview":"max-image-preview:large","max-video-preview":"max-video-preview:-1"},"canonical":"https:\/\/conversesacatalunya.cat\/es\/que-pasa-con-los-abusos-sexuales-a-menores-en-cataluna\/","og_locale":"es_ES","og_type":"article","og_title":"Abusos sexuales a menores en Catalu\u00f1a","og_description":"Exigir de la Generalitat un informe sobre la \u00faltima d\u00e9cada en relaci\u00f3n con los delitos de abusos sexuales a menores en Catalu\u00f1a.","og_url":"https:\/\/conversesacatalunya.cat\/es\/que-pasa-con-los-abusos-sexuales-a-menores-en-cataluna\/","og_site_name":"Converses a Catalunya","article_published_time":"2025-05-21T06:17:01+00:00","article_modified_time":"2025-05-21T06:40:44+00:00","og_image":[{"width":640,"height":427,"url":"https:\/\/conversesacatalunya.cat\/wp-content\/uploads\/2025\/05\/child-4816851_640.jpg","type":"image\/jpeg"}],"author":"N\u00faria Freixa","twitter_card":"summary_large_image","twitter_misc":{"Escrito por":"N\u00faria Freixa","Tiempo de lectura":"6 minutos"},"schema":{"@context":"https:\/\/schema.org","@graph":[{"@type":"Article","@id":"https:\/\/conversesacatalunya.cat\/es\/que-pasa-con-los-abusos-sexuales-a-menores-en-cataluna\/#article","isPartOf":{"@id":"https:\/\/conversesacatalunya.cat\/es\/que-pasa-con-los-abusos-sexuales-a-menores-en-cataluna\/"},"author":{"name":"N\u00faria Freixa","@id":"https:\/\/conversesacatalunya.cat\/#\/schema\/person\/b734752c25b328c819a407cbea568c1f"},"headline":"El esc\u00e1ndalo de la DGAIA: \u00bfqu\u00e9 pasa con los abusos sexuales a menores en Catalu\u00f1a?","datePublished":"2025-05-21T06:17:01+00:00","dateModified":"2025-05-21T06:40:44+00:00","mainEntityOfPage":{"@id":"https:\/\/conversesacatalunya.cat\/es\/que-pasa-con-los-abusos-sexuales-a-menores-en-cataluna\/"},"wordCount":1202,"commentCount":0,"image":{"@id":"https:\/\/conversesacatalunya.cat\/es\/que-pasa-con-los-abusos-sexuales-a-menores-en-cataluna\/#primaryimage"},"thumbnailUrl":"https:\/\/conversesacatalunya.cat\/wp-content\/uploads\/2025\/05\/child-4816851_640.jpg","keywords":["Abusos sexuales","DGAIA"],"articleSection":["Punts clau del dia (ES)"],"inLanguage":"es","potentialAction":[{"@type":"CommentAction","name":"Comment","target":["https:\/\/conversesacatalunya.cat\/es\/que-pasa-con-los-abusos-sexuales-a-menores-en-cataluna\/#respond"]}]},{"@type":"WebPage","@id":"https:\/\/conversesacatalunya.cat\/es\/que-pasa-con-los-abusos-sexuales-a-menores-en-cataluna\/","url":"https:\/\/conversesacatalunya.cat\/es\/que-pasa-con-los-abusos-sexuales-a-menores-en-cataluna\/","name":"Abusos sexuales a menores en Catalu\u00f1a","isPartOf":{"@id":"https:\/\/conversesacatalunya.cat\/#website"},"primaryImageOfPage":{"@id":"https:\/\/conversesacatalunya.cat\/es\/que-pasa-con-los-abusos-sexuales-a-menores-en-cataluna\/#primaryimage"},"image":{"@id":"https:\/\/conversesacatalunya.cat\/es\/que-pasa-con-los-abusos-sexuales-a-menores-en-cataluna\/#primaryimage"},"thumbnailUrl":"https:\/\/conversesacatalunya.cat\/wp-content\/uploads\/2025\/05\/child-4816851_640.jpg","datePublished":"2025-05-21T06:17:01+00:00","dateModified":"2025-05-21T06:40:44+00:00","author":{"@id":"https:\/\/conversesacatalunya.cat\/#\/schema\/person\/b734752c25b328c819a407cbea568c1f"},"description":"Exigir de la Generalitat un informe sobre la \u00faltima d\u00e9cada en relaci\u00f3n con los delitos de abusos sexuales a menores en Catalu\u00f1a.","breadcrumb":{"@id":"https:\/\/conversesacatalunya.cat\/es\/que-pasa-con-los-abusos-sexuales-a-menores-en-cataluna\/#breadcrumb"},"inLanguage":"es","potentialAction":[{"@type":"ReadAction","target":["https:\/\/conversesacatalunya.cat\/es\/que-pasa-con-los-abusos-sexuales-a-menores-en-cataluna\/"]}]},{"@type":"ImageObject","inLanguage":"es","@id":"https:\/\/conversesacatalunya.cat\/es\/que-pasa-con-los-abusos-sexuales-a-menores-en-cataluna\/#primaryimage","url":"https:\/\/conversesacatalunya.cat\/wp-content\/uploads\/2025\/05\/child-4816851_640.jpg","contentUrl":"https:\/\/conversesacatalunya.cat\/wp-content\/uploads\/2025\/05\/child-4816851_640.jpg","width":640,"height":427,"caption":"abusos sexuales menores Catalu\u00f1a"},{"@type":"BreadcrumbList","@id":"https:\/\/conversesacatalunya.cat\/es\/que-pasa-con-los-abusos-sexuales-a-menores-en-cataluna\/#breadcrumb","itemListElement":[{"@type":"ListItem","position":1,"name":"Inici","item":"https:\/\/conversesacatalunya.cat\/es\/"},{"@type":"ListItem","position":2,"name":"El esc\u00e1ndalo de la DGAIA: \u00bfqu\u00e9 pasa con los abusos sexuales a menores en Catalu\u00f1a?"}]},{"@type":"WebSite","@id":"https:\/\/conversesacatalunya.cat\/#website","url":"https:\/\/conversesacatalunya.cat\/","name":"Converses a Catalunya","description":"","potentialAction":[{"@type":"SearchAction","target":{"@type":"EntryPoint","urlTemplate":"https:\/\/conversesacatalunya.cat\/?s={search_term_string}"},"query-input":{"@type":"PropertyValueSpecification","valueRequired":true,"valueName":"search_term_string"}}],"inLanguage":"es"},{"@type":"Person","@id":"https:\/\/conversesacatalunya.cat\/#\/schema\/person\/b734752c25b328c819a407cbea568c1f","name":"N\u00faria Freixa","image":{"@type":"ImageObject","inLanguage":"es","@id":"https:\/\/conversesacatalunya.cat\/#\/schema\/person\/image\/","url":"https:\/\/conversesacatalunya.cat\/wp-content\/litespeed\/avatar\/c3686e387186fed249338fe04729c597.jpg?ver=1777289182","contentUrl":"https:\/\/conversesacatalunya.cat\/wp-content\/litespeed\/avatar\/c3686e387186fed249338fe04729c597.jpg?ver=1777289182","caption":"N\u00faria Freixa"},"url":"https:\/\/conversesacatalunya.cat\/es\/author\/nuria_freixa\/"}]}},"wps_subtitle":"Mientras que sobre la violencia de g\u00e9nero en mujeres adultas se realizan campa\u00f1as constantes, en el caso de menores mucho m\u00e1s afectados no existe ninguna iniciativa similar, solo indiferencia.","_links":{"self":[{"href":"https:\/\/conversesacatalunya.cat\/es\/wp-json\/wp\/v2\/posts\/88588","targetHints":{"allow":["GET"]}}],"collection":[{"href":"https:\/\/conversesacatalunya.cat\/es\/wp-json\/wp\/v2\/posts"}],"about":[{"href":"https:\/\/conversesacatalunya.cat\/es\/wp-json\/wp\/v2\/types\/post"}],"author":[{"embeddable":true,"href":"https:\/\/conversesacatalunya.cat\/es\/wp-json\/wp\/v2\/users\/80"}],"replies":[{"embeddable":true,"href":"https:\/\/conversesacatalunya.cat\/es\/wp-json\/wp\/v2\/comments?post=88588"}],"version-history":[{"count":10,"href":"https:\/\/conversesacatalunya.cat\/es\/wp-json\/wp\/v2\/posts\/88588\/revisions"}],"predecessor-version":[{"id":88606,"href":"https:\/\/conversesacatalunya.cat\/es\/wp-json\/wp\/v2\/posts\/88588\/revisions\/88606"}],"wp:featuredmedia":[{"embeddable":true,"href":"https:\/\/conversesacatalunya.cat\/es\/wp-json\/wp\/v2\/media\/88597"}],"wp:attachment":[{"href":"https:\/\/conversesacatalunya.cat\/es\/wp-json\/wp\/v2\/media?parent=88588"}],"wp:term":[{"taxonomy":"category","embeddable":true,"href":"https:\/\/conversesacatalunya.cat\/es\/wp-json\/wp\/v2\/categories?post=88588"},{"taxonomy":"post_tag","embeddable":true,"href":"https:\/\/conversesacatalunya.cat\/es\/wp-json\/wp\/v2\/tags?post=88588"}],"curies":[{"name":"wp","href":"https:\/\/api.w.org\/{rel}","templated":true}]}}