{"id":88534,"date":"2025-05-19T11:14:23","date_gmt":"2025-05-19T09:14:23","guid":{"rendered":"https:\/\/conversesacatalunya.cat\/?p=88534"},"modified":"2025-05-19T11:34:38","modified_gmt":"2025-05-19T09:34:38","slug":"europa-gira-a-la-derecha-tres-elecciones-un-estudio-voto-joven-masculino","status":"publish","type":"post","link":"https:\/\/conversesacatalunya.cat\/es\/europa-gira-a-la-derecha-tres-elecciones-un-estudio-voto-joven-masculino\/","title":{"rendered":"Europa gira a la derecha: tres elecciones decisivas y un estudio que alerta sobre el voto joven masculino"},"content":{"rendered":"<h4><strong>Polonia: un pulso decisivo para el nuevo eje europeo<\/strong><\/h4>\n<p>Este fin de semana, Polonia celebr\u00f3 la primera vuelta de sus elecciones presidenciales. Como preve\u00edan las encuestas, habr\u00e1 segunda vuelta entre:<\/p>\n<ul>\n<li>El candidato de <strong>Coalici\u00f3n Ciudadana<\/strong>, respaldado por el primer ministro Donald Tusk.<\/li>\n<li>El aspirante del <strong>partido nacionalista Ley y Justicia (PiS)<\/strong>, Karol Nawrocki, sucesor de Andrzej Duda.<\/li>\n<\/ul>\n<p><strong>Resultado ajustado<\/strong>: 30,8% para la coalici\u00f3n de Tusk vs. 29,1% para el PiS.<\/p>\n<p>El desenlace depender\u00e1 en buena parte del voto de la derecha radical, cuyo respaldo combinado alcanza casi un <strong>22%<\/strong> del total, lo que complica seriamente la reelecci\u00f3n de la l\u00ednea europe\u00edsta de Tusk.<\/p>\n<h4><strong>Ruman\u00eda: victoria europe\u00edsta con sabor amargo<\/strong><\/h4>\n<p>En Ruman\u00eda, el <strong>candidato europe\u00edsta Nicu\u0219or Dan<\/strong>, actual alcalde de Bucarest, gan\u00f3 la segunda vuelta con un <strong>54%<\/strong> frente al radical prorruso George Simion (<strong>46%<\/strong>).<\/p>\n<p>La<strong> participaci\u00f3n ha sido elevada<\/strong>: del 47% en primera vuelta se pas\u00f3 al 65%, clave para frenar el avance populista.<\/p>\n<p>La campa\u00f1a estuvo marcada por la suspensi\u00f3n del anterior favorito, un independiente prorruso, por parte del Tribunal Supremo. Aun as\u00ed, el crecimiento del voto a la derecha radical deja una se\u00f1al preocupante.<\/p>\n<h4><strong>Portugal: terremoto pol\u00edtico y fin del bipartidismo<\/strong><\/h4>\n<p>El conservador <strong>Lu\u00eds Montenegro<\/strong>, de la Alianza Democr\u00e1tica (AD), ha ganado las elecciones legislativas con m\u00e1s del <strong>32%<\/strong> de los votos y <strong>89 diputados<\/strong>, aunque sin mayor\u00eda absoluta (116).<\/p>\n<p>La gran sorpresa: <strong>Chega<\/strong>, partido de ultraderecha, empata con el Partido Socialista (PS), con un <strong>22,6%<\/strong> de los votos.<\/p>\n<p>El resultado debilita el tradicional sistema bipartidista portugu\u00e9s y confirma el giro del Parlamento hacia una mayor\u00eda de derechas, con la suma de AD, Chega e Iniciativa Liberal, rozando el <strong>60%<\/strong> del voto.<\/p>\n<h4><strong>Declive socialista: S\u00e1nchez, un l\u00edder sin apoyos en Europa<\/strong><\/h4>\n<p>La socialdemocracia europea sufre una crisis generalizada. No hay trasvase de votos: hay p\u00e9rdida de electorado obrero. Casos notables:<\/p>\n<ul>\n<li><strong>Pedro S\u00e1nchez<\/strong>, cada vez m\u00e1s aislado, <a href=\"https:\/\/conversesacatalunya.cat\/es\/incumplimiento-presupuestos-constitucion-sanchez\/\" target=\"_blank\" rel=\"noopener\">gobierna sin presupuestos<\/a> ni estabilidad parlamentaria.<\/li>\n<li><strong>Mette Frederiksen<\/strong> en Dinamarca, \u00fanica l\u00edder socialdem\u00f3crata relevante, pero gobierna con el centro.<\/li>\n<li>Casos menores: <strong>Eslovenia<\/strong>, <strong>Lituania<\/strong>, <strong>Malta<\/strong> y <strong>Albania<\/strong>.<\/li>\n<li><strong>Robert Fico<\/strong>, en Eslovaquia, es socialista solo en teor\u00eda: su alianza con Orb\u00e1n y su l\u00ednea prorrusa lo alejan del progresismo convencional.<\/li>\n<\/ul>\n<h4><strong>El dato que lo cambia todo: el voto joven masculino<\/strong><\/h4>\n<p>Un estudio del <em>Journal of European Public Policy<\/em> basado en 25.000 encuestas en 27 pa\u00edses revela un fen\u00f3meno de fondo que est\u00e1 sacudiendo Europa:<\/p>\n<ol>\n<li>\n<h5><strong> Brecha de g\u00e9nero creciente<\/strong><\/h5>\n<\/li>\n<\/ol>\n<ul>\n<li><strong>21% de los hombres j\u00f3venes (16-29 a\u00f1os)<\/strong> votaron a la extrema derecha.<\/li>\n<li>Frente a un <strong>14% de las mujeres j\u00f3venes<\/strong>.<\/li>\n<\/ul>\n<p>La c<strong>ausa principal<\/strong>: rechazo a las pol\u00edticas feministas y a una narrativa que los presenta como \u201cculpables por ser hombres\u201d.<\/p>\n<ol start=\"2\">\n<li>\n<h5><strong> Brecha generacional estructural<\/strong><\/h5>\n<\/li>\n<\/ol>\n<ul>\n<li>El voto radical es <strong>doble entre j\u00f3venes<\/strong> que entre adultos mayores.<\/li>\n<li>Espec\u00edfico de <strong>Millennials y Generaci\u00f3n Z<\/strong>.<\/li>\n<\/ul>\n<ol start=\"3\">\n<li>\n<h5><strong> Factores estructurales<\/strong><\/h5>\n<\/li>\n<\/ol>\n<ul>\n<li>Precariedad laboral.<\/li>\n<li>Falta de oportunidades.<\/li>\n<li>Pol\u00edticas de discriminaci\u00f3n positiva que favorecen a mujeres.<\/li>\n<li>Sensaci\u00f3n de exclusi\u00f3n del progreso educativo y econ\u00f3mico.<\/li>\n<\/ul>\n<p>\u201cLa reacci\u00f3n al feminismo insaciable genera una revalorizaci\u00f3n de lo tradicional y seguro: familia, hijos, estabilidad\u201d.<\/p>\n<ol start=\"4\">\n<li>\n<h5><strong> Consecuencias a largo plazo<\/strong><\/h5>\n<\/li>\n<\/ol>\n<p><em>\u00abLas primeras preferencias pol\u00edticas tienden a consolidarse a lo largo de la vida\u00bb,<\/em> advierte el estudio.<\/p>\n<p>Este patr\u00f3n podr\u00eda amplificar la <strong>polarizaci\u00f3n de g\u00e9nero<\/strong>, afectar la <strong>natalidad<\/strong>, las <strong>relaciones de pareja<\/strong> y agudizar la <strong>crisis sociodemogr\u00e1fica europea<\/strong>.<\/p>\n<h4><strong>Conclusi\u00f3n: m\u00e1s que un ciclo electoral, un cambio de \u00e9poca<\/strong><\/h4>\n<p>Las elecciones en Polonia, Ruman\u00eda y Portugal apuntan en la misma direcci\u00f3n: la derecha crece, la izquierda se desmorona, y una generaci\u00f3n masculina joven est\u00e1 reconfigurando el mapa pol\u00edtico con consecuencias potencialmente irreversibles.<\/p>\n<p>Europa entra en una nueva fase. Lo electoral es solo la superficie. Lo profundo est\u00e1 ocurriendo entre los m\u00e1s j\u00f3venes.<\/p>\n<span class='bctt-click-to-tweet'><span class='bctt-ctt-text'><a href='https:\/\/twitter.com\/intent\/tweet?url=https%3A%2F%2Fconversesacatalunya.cat%2Fes%2Feuropa-gira-a-la-derecha-tres-elecciones-un-estudio-voto-joven-masculino%2F&#038;text=Las%20elecciones%20en%20Polonia%2C%20Ruman%C3%ADa%20y%20Portugal%20apuntan%20en%20la%20misma%20direcci%C3%B3n%3A%20la%20derecha%20crece%2C%20la%20izquierda%20se%20desmorona%2C%20y%20una%20generaci%C3%B3n%20masculina%20joven%20est%C3%A1%20reconfigurando%20el%20mapa%20pol%C3%ADtico%20con%20consecuencias%20potencialmente%E2%80%A6&#038;via=conversesacat&#038;related=conversesacat' target='_blank'rel=\"noopener noreferrer\">Las elecciones en Polonia, Ruman\u00eda y Portugal apuntan en la misma direcci\u00f3n: la derecha crece, la izquierda se desmorona, y una generaci\u00f3n masculina joven est\u00e1 reconfigurando el mapa pol\u00edtico con consecuencias potencialmente\u2026 <\/a><\/span><a href='https:\/\/twitter.com\/intent\/tweet?url=https%3A%2F%2Fconversesacatalunya.cat%2Fes%2Feuropa-gira-a-la-derecha-tres-elecciones-un-estudio-voto-joven-masculino%2F&#038;text=Las%20elecciones%20en%20Polonia%2C%20Ruman%C3%ADa%20y%20Portugal%20apuntan%20en%20la%20misma%20direcci%C3%B3n%3A%20la%20derecha%20crece%2C%20la%20izquierda%20se%20desmorona%2C%20y%20una%20generaci%C3%B3n%20masculina%20joven%20est%C3%A1%20reconfigurando%20el%20mapa%20pol%C3%ADtico%20con%20consecuencias%20potencialmente%E2%80%A6&#038;via=conversesacat&#038;related=conversesacat' target='_blank' class='bctt-ctt-btn'rel=\"noopener noreferrer\">Compartir en X<\/a><\/span>\n","protected":false},"excerpt":{"rendered":"<p>Polonia: un pulso decisivo para el nuevo eje europeo Este fin de semana, Polonia celebr\u00f3 la primera vuelta de sus elecciones presidenciales. Como preve\u00edan las encuestas, habr\u00e1 segunda vuelta entre: El candidato de Coalici\u00f3n Ciudadana, respaldado por el primer ministro Donald Tusk. El aspirante del partido nacionalista Ley y Justicia (PiS), Karol Nawrocki, sucesor de Andrzej Duda. Resultado ajustado: 30,8% para la coalici\u00f3n de Tusk vs. 29,1% para el PiS. El desenlace depender\u00e1 en buena parte del voto de la derecha radical, cuyo respaldo combinado alcanza casi un 22% del total, lo que complica seriamente la reelecci\u00f3n de la l\u00ednea europe\u00edsta de Tusk. Ruman\u00eda: victoria europe\u00edsta con sabor amargo En Ruman\u00eda, el candidato europe\u00edsta Nicu\u0219or Dan, actual alcalde de Bucarest, gan\u00f3 la segunda vuelta con un 54% frente al radical prorruso George Simion (46%). La participaci\u00f3n ha sido elevada: del 47% en primera vuelta se pas\u00f3 al 65%, clave para frenar el avance populista. La campa\u00f1a estuvo marcada por la suspensi\u00f3n del anterior favorito, un independiente prorruso, por parte del Tribunal Supremo. Aun as\u00ed, el crecimiento del voto a la derecha radical deja una se\u00f1al preocupante. Portugal: terremoto pol\u00edtico y fin del bipartidismo El conservador Lu\u00eds Montenegro, de la Alianza Democr\u00e1tica (AD), ha ganado las elecciones legislativas con m\u00e1s del 32% de los votos y 89 diputados, aunque sin mayor\u00eda absoluta (116). La gran sorpresa: Chega, partido de ultraderecha, empata con el Partido Socialista (PS), con un 22,6% de los votos. El resultado debilita el tradicional sistema bipartidista portugu\u00e9s y confirma el giro del Parlamento hacia una mayor\u00eda de derechas, con la suma de AD, Chega e Iniciativa Liberal, rozando el 60% del voto. Declive socialista: S\u00e1nchez, un l\u00edder sin apoyos en Europa La socialdemocracia europea sufre una crisis generalizada. No hay trasvase de votos: hay p\u00e9rdida de electorado obrero. Casos notables: Pedro S\u00e1nchez, cada vez m\u00e1s aislado, gobierna sin presupuestos ni estabilidad parlamentaria. Mette Frederiksen en Dinamarca, \u00fanica l\u00edder socialdem\u00f3crata relevante, pero gobierna con el centro. Casos menores: Eslovenia, Lituania, Malta y Albania. Robert Fico, en Eslovaquia, es socialista solo en teor\u00eda: su alianza con Orb\u00e1n y su l\u00ednea prorrusa lo alejan del progresismo convencional. El dato que lo cambia todo: el voto joven masculino Un estudio del Journal of European Public Policy basado en 25.000 encuestas en 27 pa\u00edses revela un fen\u00f3meno de fondo que est\u00e1 sacudiendo Europa: Brecha de g\u00e9nero creciente 21% de los hombres j\u00f3venes (16-29 a\u00f1os) votaron a la extrema derecha. Frente a un 14% de las mujeres j\u00f3venes. La causa principal: rechazo a las pol\u00edticas feministas y a una narrativa que los presenta como \u201cculpables por ser hombres\u201d. Brecha generacional estructural El voto radical es doble entre j\u00f3venes que entre adultos mayores. Espec\u00edfico de Millennials y Generaci\u00f3n Z. Factores estructurales Precariedad laboral. Falta de oportunidades. Pol\u00edticas de discriminaci\u00f3n positiva que favorecen a mujeres. Sensaci\u00f3n de exclusi\u00f3n del progreso educativo y econ\u00f3mico. \u201cLa reacci\u00f3n al feminismo insaciable genera una revalorizaci\u00f3n de lo tradicional y seguro: familia, hijos, estabilidad\u201d. Consecuencias a largo plazo \u00abLas primeras preferencias pol\u00edticas tienden a consolidarse a lo largo de la vida\u00bb, advierte el estudio. Este patr\u00f3n podr\u00eda amplificar la polarizaci\u00f3n de g\u00e9nero, afectar la natalidad, las relaciones de pareja y agudizar la crisis sociodemogr\u00e1fica europea. Conclusi\u00f3n: m\u00e1s que un ciclo electoral, un cambio de \u00e9poca Las elecciones en Polonia, Ruman\u00eda y Portugal apuntan en la misma direcci\u00f3n: la derecha crece, la izquierda se desmorona, y una generaci\u00f3n masculina joven est\u00e1 reconfigurando el mapa pol\u00edtico con consecuencias potencialmente irreversibles. Europa entra en una nueva fase. Lo electoral es solo la superficie. Lo profundo est\u00e1 ocurriendo entre los m\u00e1s j\u00f3venes.<\/p>\n","protected":false},"author":19,"featured_media":88537,"comment_status":"open","ping_status":"open","sticky":false,"template":"","format":"standard","meta":{"_FSMCFIC_featured_image_caption":"","_FSMCFIC_featured_image_nocaption":"","_FSMCFIC_featured_image_hide":"","footnotes":""},"categories":[806],"tags":[2738,4456,5301],"class_list":["post-88534","post","type-post","status-publish","format-standard","has-post-thumbnail","hentry","category-punts-claus-del-dia-es","tag-elecciones-en-polonia","tag-elecciones-portugal","tag-rumania"],"yoast_head":"<!-- This site is optimized with the Yoast SEO plugin v26.8 - https:\/\/yoast.com\/product\/yoast-seo-wordpress\/ -->\n<title>Europa: gira a la derecha: elecciones Polonia, Ruman\u00eda y Portugal<\/title>\n<meta name=\"description\" content=\"Europa: gira a la derecha: elecciones en Polonia, Ruman\u00eda y Portugal, y el voto joven que sacude el continente\" \/>\n<meta name=\"robots\" content=\"index, follow, max-snippet:-1, max-image-preview:large, max-video-preview:-1\" \/>\n<link rel=\"canonical\" href=\"https:\/\/conversesacatalunya.cat\/es\/europa-gira-a-la-derecha-tres-elecciones-un-estudio-voto-joven-masculino\/\" \/>\n<meta property=\"og:locale\" content=\"es_ES\" \/>\n<meta property=\"og:type\" content=\"article\" \/>\n<meta property=\"og:title\" content=\"Europa: gira a la derecha: elecciones Polonia, Ruman\u00eda y Portugal\" \/>\n<meta property=\"og:description\" content=\"Europa: gira a la derecha: elecciones en Polonia, Ruman\u00eda y Portugal, y el voto joven que sacude el continente\" \/>\n<meta property=\"og:url\" content=\"https:\/\/conversesacatalunya.cat\/es\/europa-gira-a-la-derecha-tres-elecciones-un-estudio-voto-joven-masculino\/\" \/>\n<meta property=\"og:site_name\" content=\"Converses a Catalunya\" \/>\n<meta property=\"article:published_time\" content=\"2025-05-19T09:14:23+00:00\" \/>\n<meta property=\"article:modified_time\" content=\"2025-05-19T09:34:38+00:00\" \/>\n<meta property=\"og:image\" content=\"https:\/\/conversesacatalunya.cat\/wp-content\/uploads\/2025\/05\/europe-4583712_640.jpg\" \/>\n\t<meta property=\"og:image:width\" content=\"640\" \/>\n\t<meta property=\"og:image:height\" content=\"427\" \/>\n\t<meta property=\"og:image:type\" content=\"image\/jpeg\" \/>\n<meta name=\"author\" content=\"Josep Mir\u00f3 i Ard\u00e8vol\" \/>\n<meta name=\"twitter:card\" content=\"summary_large_image\" \/>\n<meta name=\"twitter:label1\" content=\"Escrito por\" \/>\n\t<meta name=\"twitter:data1\" content=\"Josep Mir\u00f3 i Ard\u00e8vol\" \/>\n\t<meta name=\"twitter:label2\" content=\"Tiempo de lectura\" \/>\n\t<meta name=\"twitter:data2\" content=\"3 minutos\" \/>\n<script type=\"application\/ld+json\" class=\"yoast-schema-graph\">{\"@context\":\"https:\/\/schema.org\",\"@graph\":[{\"@type\":\"Article\",\"@id\":\"https:\/\/conversesacatalunya.cat\/es\/europa-gira-a-la-derecha-tres-elecciones-un-estudio-voto-joven-masculino\/#article\",\"isPartOf\":{\"@id\":\"https:\/\/conversesacatalunya.cat\/es\/europa-gira-a-la-derecha-tres-elecciones-un-estudio-voto-joven-masculino\/\"},\"author\":{\"name\":\"Josep Mir\u00f3 i Ard\u00e8vol\",\"@id\":\"https:\/\/conversesacatalunya.cat\/#\/schema\/person\/a9598a6786ba7d3d1c5e0de477b79370\"},\"headline\":\"Europa gira a la derecha: tres elecciones decisivas y un estudio que alerta sobre el voto joven masculino\",\"datePublished\":\"2025-05-19T09:14:23+00:00\",\"dateModified\":\"2025-05-19T09:34:38+00:00\",\"mainEntityOfPage\":{\"@id\":\"https:\/\/conversesacatalunya.cat\/es\/europa-gira-a-la-derecha-tres-elecciones-un-estudio-voto-joven-masculino\/\"},\"wordCount\":703,\"commentCount\":0,\"image\":{\"@id\":\"https:\/\/conversesacatalunya.cat\/es\/europa-gira-a-la-derecha-tres-elecciones-un-estudio-voto-joven-masculino\/#primaryimage\"},\"thumbnailUrl\":\"https:\/\/conversesacatalunya.cat\/wp-content\/uploads\/2025\/05\/europe-4583712_640.jpg\",\"keywords\":[\"elecciones en Polonia\",\"elecciones Portugal\",\"Ruman\u00eda\"],\"articleSection\":[\"Punts clau del dia (ES)\"],\"inLanguage\":\"es\",\"potentialAction\":[{\"@type\":\"CommentAction\",\"name\":\"Comment\",\"target\":[\"https:\/\/conversesacatalunya.cat\/es\/europa-gira-a-la-derecha-tres-elecciones-un-estudio-voto-joven-masculino\/#respond\"]}]},{\"@type\":\"WebPage\",\"@id\":\"https:\/\/conversesacatalunya.cat\/es\/europa-gira-a-la-derecha-tres-elecciones-un-estudio-voto-joven-masculino\/\",\"url\":\"https:\/\/conversesacatalunya.cat\/es\/europa-gira-a-la-derecha-tres-elecciones-un-estudio-voto-joven-masculino\/\",\"name\":\"Europa: gira a la derecha: elecciones Polonia, Ruman\u00eda y Portugal\",\"isPartOf\":{\"@id\":\"https:\/\/conversesacatalunya.cat\/#website\"},\"primaryImageOfPage\":{\"@id\":\"https:\/\/conversesacatalunya.cat\/es\/europa-gira-a-la-derecha-tres-elecciones-un-estudio-voto-joven-masculino\/#primaryimage\"},\"image\":{\"@id\":\"https:\/\/conversesacatalunya.cat\/es\/europa-gira-a-la-derecha-tres-elecciones-un-estudio-voto-joven-masculino\/#primaryimage\"},\"thumbnailUrl\":\"https:\/\/conversesacatalunya.cat\/wp-content\/uploads\/2025\/05\/europe-4583712_640.jpg\",\"datePublished\":\"2025-05-19T09:14:23+00:00\",\"dateModified\":\"2025-05-19T09:34:38+00:00\",\"author\":{\"@id\":\"https:\/\/conversesacatalunya.cat\/#\/schema\/person\/a9598a6786ba7d3d1c5e0de477b79370\"},\"description\":\"Europa: gira a la derecha: elecciones en Polonia, Ruman\u00eda y Portugal, y el voto joven que sacude el continente\",\"breadcrumb\":{\"@id\":\"https:\/\/conversesacatalunya.cat\/es\/europa-gira-a-la-derecha-tres-elecciones-un-estudio-voto-joven-masculino\/#breadcrumb\"},\"inLanguage\":\"es\",\"potentialAction\":[{\"@type\":\"ReadAction\",\"target\":[\"https:\/\/conversesacatalunya.cat\/es\/europa-gira-a-la-derecha-tres-elecciones-un-estudio-voto-joven-masculino\/\"]}]},{\"@type\":\"ImageObject\",\"inLanguage\":\"es\",\"@id\":\"https:\/\/conversesacatalunya.cat\/es\/europa-gira-a-la-derecha-tres-elecciones-un-estudio-voto-joven-masculino\/#primaryimage\",\"url\":\"https:\/\/conversesacatalunya.cat\/wp-content\/uploads\/2025\/05\/europe-4583712_640.jpg\",\"contentUrl\":\"https:\/\/conversesacatalunya.cat\/wp-content\/uploads\/2025\/05\/europe-4583712_640.jpg\",\"width\":640,\"height\":427,\"caption\":\"Europa gira a la derecha\"},{\"@type\":\"BreadcrumbList\",\"@id\":\"https:\/\/conversesacatalunya.cat\/es\/europa-gira-a-la-derecha-tres-elecciones-un-estudio-voto-joven-masculino\/#breadcrumb\",\"itemListElement\":[{\"@type\":\"ListItem\",\"position\":1,\"name\":\"Inici\",\"item\":\"https:\/\/conversesacatalunya.cat\/es\/\"},{\"@type\":\"ListItem\",\"position\":2,\"name\":\"Europa gira a la derecha: tres elecciones decisivas y un estudio que alerta sobre el voto joven masculino\"}]},{\"@type\":\"WebSite\",\"@id\":\"https:\/\/conversesacatalunya.cat\/#website\",\"url\":\"https:\/\/conversesacatalunya.cat\/\",\"name\":\"Converses a Catalunya\",\"description\":\"\",\"potentialAction\":[{\"@type\":\"SearchAction\",\"target\":{\"@type\":\"EntryPoint\",\"urlTemplate\":\"https:\/\/conversesacatalunya.cat\/?s={search_term_string}\"},\"query-input\":{\"@type\":\"PropertyValueSpecification\",\"valueRequired\":true,\"valueName\":\"search_term_string\"}}],\"inLanguage\":\"es\"},{\"@type\":\"Person\",\"@id\":\"https:\/\/conversesacatalunya.cat\/#\/schema\/person\/a9598a6786ba7d3d1c5e0de477b79370\",\"name\":\"Josep Mir\u00f3 i Ard\u00e8vol\",\"image\":{\"@type\":\"ImageObject\",\"inLanguage\":\"es\",\"@id\":\"https:\/\/conversesacatalunya.cat\/#\/schema\/person\/image\/\",\"url\":\"https:\/\/conversesacatalunya.cat\/wp-content\/litespeed\/avatar\/c37e3dc881857483d6694cdf98fdedea.jpg?ver=1776665324\",\"contentUrl\":\"https:\/\/conversesacatalunya.cat\/wp-content\/litespeed\/avatar\/c37e3dc881857483d6694cdf98fdedea.jpg?ver=1776665324\",\"caption\":\"Josep Mir\u00f3 i Ard\u00e8vol\"},\"url\":\"https:\/\/conversesacatalunya.cat\/es\/author\/josep-miro-i-ardevol\/\"}]}<\/script>\n<!-- \/ Yoast SEO plugin. -->","yoast_head_json":{"title":"Europa: gira a la derecha: elecciones Polonia, Ruman\u00eda y Portugal","description":"Europa: gira a la derecha: elecciones en Polonia, Ruman\u00eda y Portugal, y el voto joven que sacude el continente","robots":{"index":"index","follow":"follow","max-snippet":"max-snippet:-1","max-image-preview":"max-image-preview:large","max-video-preview":"max-video-preview:-1"},"canonical":"https:\/\/conversesacatalunya.cat\/es\/europa-gira-a-la-derecha-tres-elecciones-un-estudio-voto-joven-masculino\/","og_locale":"es_ES","og_type":"article","og_title":"Europa: gira a la derecha: elecciones Polonia, Ruman\u00eda y Portugal","og_description":"Europa: gira a la derecha: elecciones en Polonia, Ruman\u00eda y Portugal, y el voto joven que sacude el continente","og_url":"https:\/\/conversesacatalunya.cat\/es\/europa-gira-a-la-derecha-tres-elecciones-un-estudio-voto-joven-masculino\/","og_site_name":"Converses a Catalunya","article_published_time":"2025-05-19T09:14:23+00:00","article_modified_time":"2025-05-19T09:34:38+00:00","og_image":[{"width":640,"height":427,"url":"https:\/\/conversesacatalunya.cat\/wp-content\/uploads\/2025\/05\/europe-4583712_640.jpg","type":"image\/jpeg"}],"author":"Josep Mir\u00f3 i Ard\u00e8vol","twitter_card":"summary_large_image","twitter_misc":{"Escrito por":"Josep Mir\u00f3 i Ard\u00e8vol","Tiempo de lectura":"3 minutos"},"schema":{"@context":"https:\/\/schema.org","@graph":[{"@type":"Article","@id":"https:\/\/conversesacatalunya.cat\/es\/europa-gira-a-la-derecha-tres-elecciones-un-estudio-voto-joven-masculino\/#article","isPartOf":{"@id":"https:\/\/conversesacatalunya.cat\/es\/europa-gira-a-la-derecha-tres-elecciones-un-estudio-voto-joven-masculino\/"},"author":{"name":"Josep Mir\u00f3 i Ard\u00e8vol","@id":"https:\/\/conversesacatalunya.cat\/#\/schema\/person\/a9598a6786ba7d3d1c5e0de477b79370"},"headline":"Europa gira a la derecha: tres elecciones decisivas y un estudio que alerta sobre el voto joven masculino","datePublished":"2025-05-19T09:14:23+00:00","dateModified":"2025-05-19T09:34:38+00:00","mainEntityOfPage":{"@id":"https:\/\/conversesacatalunya.cat\/es\/europa-gira-a-la-derecha-tres-elecciones-un-estudio-voto-joven-masculino\/"},"wordCount":703,"commentCount":0,"image":{"@id":"https:\/\/conversesacatalunya.cat\/es\/europa-gira-a-la-derecha-tres-elecciones-un-estudio-voto-joven-masculino\/#primaryimage"},"thumbnailUrl":"https:\/\/conversesacatalunya.cat\/wp-content\/uploads\/2025\/05\/europe-4583712_640.jpg","keywords":["elecciones en Polonia","elecciones Portugal","Ruman\u00eda"],"articleSection":["Punts clau del dia (ES)"],"inLanguage":"es","potentialAction":[{"@type":"CommentAction","name":"Comment","target":["https:\/\/conversesacatalunya.cat\/es\/europa-gira-a-la-derecha-tres-elecciones-un-estudio-voto-joven-masculino\/#respond"]}]},{"@type":"WebPage","@id":"https:\/\/conversesacatalunya.cat\/es\/europa-gira-a-la-derecha-tres-elecciones-un-estudio-voto-joven-masculino\/","url":"https:\/\/conversesacatalunya.cat\/es\/europa-gira-a-la-derecha-tres-elecciones-un-estudio-voto-joven-masculino\/","name":"Europa: gira a la derecha: elecciones Polonia, Ruman\u00eda y Portugal","isPartOf":{"@id":"https:\/\/conversesacatalunya.cat\/#website"},"primaryImageOfPage":{"@id":"https:\/\/conversesacatalunya.cat\/es\/europa-gira-a-la-derecha-tres-elecciones-un-estudio-voto-joven-masculino\/#primaryimage"},"image":{"@id":"https:\/\/conversesacatalunya.cat\/es\/europa-gira-a-la-derecha-tres-elecciones-un-estudio-voto-joven-masculino\/#primaryimage"},"thumbnailUrl":"https:\/\/conversesacatalunya.cat\/wp-content\/uploads\/2025\/05\/europe-4583712_640.jpg","datePublished":"2025-05-19T09:14:23+00:00","dateModified":"2025-05-19T09:34:38+00:00","author":{"@id":"https:\/\/conversesacatalunya.cat\/#\/schema\/person\/a9598a6786ba7d3d1c5e0de477b79370"},"description":"Europa: gira a la derecha: elecciones en Polonia, Ruman\u00eda y Portugal, y el voto joven que sacude el continente","breadcrumb":{"@id":"https:\/\/conversesacatalunya.cat\/es\/europa-gira-a-la-derecha-tres-elecciones-un-estudio-voto-joven-masculino\/#breadcrumb"},"inLanguage":"es","potentialAction":[{"@type":"ReadAction","target":["https:\/\/conversesacatalunya.cat\/es\/europa-gira-a-la-derecha-tres-elecciones-un-estudio-voto-joven-masculino\/"]}]},{"@type":"ImageObject","inLanguage":"es","@id":"https:\/\/conversesacatalunya.cat\/es\/europa-gira-a-la-derecha-tres-elecciones-un-estudio-voto-joven-masculino\/#primaryimage","url":"https:\/\/conversesacatalunya.cat\/wp-content\/uploads\/2025\/05\/europe-4583712_640.jpg","contentUrl":"https:\/\/conversesacatalunya.cat\/wp-content\/uploads\/2025\/05\/europe-4583712_640.jpg","width":640,"height":427,"caption":"Europa gira a la derecha"},{"@type":"BreadcrumbList","@id":"https:\/\/conversesacatalunya.cat\/es\/europa-gira-a-la-derecha-tres-elecciones-un-estudio-voto-joven-masculino\/#breadcrumb","itemListElement":[{"@type":"ListItem","position":1,"name":"Inici","item":"https:\/\/conversesacatalunya.cat\/es\/"},{"@type":"ListItem","position":2,"name":"Europa gira a la derecha: tres elecciones decisivas y un estudio que alerta sobre el voto joven masculino"}]},{"@type":"WebSite","@id":"https:\/\/conversesacatalunya.cat\/#website","url":"https:\/\/conversesacatalunya.cat\/","name":"Converses a Catalunya","description":"","potentialAction":[{"@type":"SearchAction","target":{"@type":"EntryPoint","urlTemplate":"https:\/\/conversesacatalunya.cat\/?s={search_term_string}"},"query-input":{"@type":"PropertyValueSpecification","valueRequired":true,"valueName":"search_term_string"}}],"inLanguage":"es"},{"@type":"Person","@id":"https:\/\/conversesacatalunya.cat\/#\/schema\/person\/a9598a6786ba7d3d1c5e0de477b79370","name":"Josep Mir\u00f3 i Ard\u00e8vol","image":{"@type":"ImageObject","inLanguage":"es","@id":"https:\/\/conversesacatalunya.cat\/#\/schema\/person\/image\/","url":"https:\/\/conversesacatalunya.cat\/wp-content\/litespeed\/avatar\/c37e3dc881857483d6694cdf98fdedea.jpg?ver=1776665324","contentUrl":"https:\/\/conversesacatalunya.cat\/wp-content\/litespeed\/avatar\/c37e3dc881857483d6694cdf98fdedea.jpg?ver=1776665324","caption":"Josep Mir\u00f3 i Ard\u00e8vol"},"url":"https:\/\/conversesacatalunya.cat\/es\/author\/josep-miro-i-ardevol\/"}]}},"wps_subtitle":"Tres pa\u00edses, tres elecciones, y un mismo patr\u00f3n pol\u00edtico: la derecha cl\u00e1sica y radical avanza. Un estudio reciente advierte de un cambio estructural liderado por hombres j\u00f3venes desencantados con el feminismo hegem\u00f3nico.","_links":{"self":[{"href":"https:\/\/conversesacatalunya.cat\/es\/wp-json\/wp\/v2\/posts\/88534","targetHints":{"allow":["GET"]}}],"collection":[{"href":"https:\/\/conversesacatalunya.cat\/es\/wp-json\/wp\/v2\/posts"}],"about":[{"href":"https:\/\/conversesacatalunya.cat\/es\/wp-json\/wp\/v2\/types\/post"}],"author":[{"embeddable":true,"href":"https:\/\/conversesacatalunya.cat\/es\/wp-json\/wp\/v2\/users\/19"}],"replies":[{"embeddable":true,"href":"https:\/\/conversesacatalunya.cat\/es\/wp-json\/wp\/v2\/comments?post=88534"}],"version-history":[{"count":2,"href":"https:\/\/conversesacatalunya.cat\/es\/wp-json\/wp\/v2\/posts\/88534\/revisions"}],"predecessor-version":[{"id":88536,"href":"https:\/\/conversesacatalunya.cat\/es\/wp-json\/wp\/v2\/posts\/88534\/revisions\/88536"}],"wp:featuredmedia":[{"embeddable":true,"href":"https:\/\/conversesacatalunya.cat\/es\/wp-json\/wp\/v2\/media\/88537"}],"wp:attachment":[{"href":"https:\/\/conversesacatalunya.cat\/es\/wp-json\/wp\/v2\/media?parent=88534"}],"wp:term":[{"taxonomy":"category","embeddable":true,"href":"https:\/\/conversesacatalunya.cat\/es\/wp-json\/wp\/v2\/categories?post=88534"},{"taxonomy":"post_tag","embeddable":true,"href":"https:\/\/conversesacatalunya.cat\/es\/wp-json\/wp\/v2\/tags?post=88534"}],"curies":[{"name":"wp","href":"https:\/\/api.w.org\/{rel}","templated":true}]}}