{"id":88526,"date":"2025-05-20T09:00:26","date_gmt":"2025-05-20T07:00:26","guid":{"rendered":"https:\/\/conversesacatalunya.cat\/?p=88526"},"modified":"2025-05-20T11:00:59","modified_gmt":"2025-05-20T09:00:59","slug":"como-quieren-enredarnos-el-caso-del-diario-el-pais","status":"publish","type":"post","link":"https:\/\/conversesacatalunya.cat\/es\/como-quieren-enredarnos-el-caso-del-diario-el-pais\/","title":{"rendered":"C\u00f3mo quieren enredarnos: el caso paradigm\u00e1tico del diario El Pa\u00eds"},"content":{"rendered":"<p><span>El Pa\u00eds se presenta como un diario serio, por encima de las ineficacias informativas, de las fake news y del fango, es decir, lo que en castellano se llama casquer\u00eda. Y es cierto que cuenta con buenas informaciones y buenos colaboradores, pero estos son limitados y muy concretos. La l\u00ednea editorial, en cambio, se ha convertido en una fuente sistem\u00e1tica de adoctrinamiento sectario, tanto como cualquier ideolog\u00eda totalitaria, de la que solo se diferencia porque estas tienen una visi\u00f3n totalizadora, y El Pa\u00eds solo aplica esta l\u00f3gica a sus temas t\u00f3tem y tab\u00fa.<\/span><\/p>\n<h5><strong><span><span class=\"VIpgJd-yAWNEb-VIpgJd-fmcmS-sn54Q\">Vamos a lo concreto:<\/span><\/span><\/strong><\/h5>\n<p><span><span class=\"VIpgJd-yAWNEb-VIpgJd-fmcmS-sn54Q\">Un ejemplo es su campa\u00f1a sistem\u00e1tica contra\u00a0<\/span><\/span><a href=\"https:\/\/conversesacatalunya.cat\/es\/democracia-espanola-y-la-pederastia-escandalo-institucional-de-una-verdad-ignorada\/\" target=\"_blank\" rel=\"noopener\"><span><span class=\"VIpgJd-yAWNEb-VIpgJd-fmcmS-sn54Q\">la Iglesia cat\u00f3lica<\/span><\/span><\/a><span><span class=\"VIpgJd-yAWNEb-VIpgJd-fmcmS-sn54Q\">. Esta se ha construido en gran parte a partir de focalizar en ella los abusos sexuales a menores, a pesar de saber perfectamente que estos casos son marginales en relaci\u00f3n con el total de estos delitos.<\/span><\/span><\/p>\n<p><span>Sin embargo, el diario insisti\u00f3 \u2014y reiter\u00f3\u2014 en que, seg\u00fan el informe del Defensor del Pueblo, hab\u00eda 430.000 personas que hab\u00edan sido abusadas por la Iglesia. Naturalmente,\u00a0<\/span><strong><span>esto es sencillamente mentira<\/span><\/strong><span>.\u00a0No hay nada que se parezca a esta afirmaci\u00f3n en todo el informe del Defensor del Pueblo. Pero da igual.<\/span><\/p>\n<p><span><span class=\"VIpgJd-yAWNEb-VIpgJd-fmcmS-sn54Q\">Otros medios de comunicaci\u00f3n afines a El Pa\u00eds publicaron este dato sin ning\u00fan tipo de verg\u00fcenza. Es el caso de <\/span><\/span><strong><span><span class=\"VIpgJd-yAWNEb-VIpgJd-fmcmS-sn54Q\">La Vanguardia<\/span><\/span><\/strong><span><span class=\"VIpgJd-yAWNEb-VIpgJd-fmcmS-sn54Q\">. Y la falta de desmentido por parte del exdirigente socialista y actual Defensor del Pueblo, \u00c1ngel Gabilondo, contribuye a mantener esa cifra como real.<\/span><\/span><\/p>\n<p><span><span class=\"VIpgJd-yAWNEb-VIpgJd-fmcmS-sn54Q\">En sentido contrario, el presidente de la empresa\u00a0<\/span><\/span><strong><a href=\"https:\/\/www.gad3.com\/\" target=\"_blank\" rel=\"noopener\"><span><span class=\"VIpgJd-yAWNEb-VIpgJd-fmcmS-sn54Q\">GAD3<\/span><\/span><\/a><span><span class=\"VIpgJd-yAWNEb-VIpgJd-fmcmS-sn54Q\">,\u00a0Narciso Mitjavila<\/span><\/span><\/strong><span><span class=\"VIpgJd-yAWNEb-VIpgJd-fmcmS-sn54Q\">\u00a0\u2014que realiz\u00f3 la encuesta para el informe del Defensor del Pueblo\u2014, ya \u200b\u200bdeclar\u00f3 en su momento que\u00a0<\/span><\/span><strong><span><span class=\"VIpgJd-yAWNEb-VIpgJd-fmcmS-sn54Q\">lo que dec\u00eda El Pa\u00eds era un \u201cdelirio estad\u00edstico\u201d<\/span><\/span><\/strong><span><span class=\"VIpgJd-yAWNEb-VIpgJd-fmcmS-sn54Q\">. Y lo es, porque por la misma l\u00f3gica que hablan de 430.000 abusados \u200b\u200bpor personas vinculadas a la Iglesia, se puede afirmar que hay m\u00e1s de 4 millones y medio de personas abusadas por otros protagonistas: parejas, amigos, parientes, padres, profesores, monitores, entrenadores y un se\u00f1or que pasaba por all\u00ed con malas intenciones.<\/span><\/span><\/p>\n<h4><strong>Ahora vuelve su acci\u00f3n adoctrinadora con\u00a0uno de sus temas t\u00f3tem: los grupos LGTBI.\u00a0\u00a0<\/strong><\/h4>\n<p><span>Un <strong>Observatorio de este grupo \u2014que vive de las subvenciones del Estado<\/strong> y que es tan independiente como puede serlo el fiscal general del Estado de Pedro S\u00e1nchez\u2014 ha presentado un informe en el que afirma que las agresiones contra estas personas, sean del tipo que sean, incluidas las verbales y seg\u00fan su propio juicio, \u201cvan como una moto\u201d y alcanzan ya la cifra de 800.000.<\/span><\/p>\n<p><span>En realidad, no existe ning\u00fan informe de estos observatorios \u2014porque hay m\u00e1s de uno\u2014 que no indique a\u00f1o tras a\u00f1o que los casos se multiplican. As\u00ed, en contra de la percepci\u00f3n com\u00fan, parece que el pa\u00eds est\u00e1 invadido por una creciente ola antigais, antitrans, y anti-quien sea. En el caso de los bisexuales, la cosa, por supuesto, queda mucho m\u00e1s discreta.<\/span><\/p>\n<p>Y entonces, aqu\u00ed viene otra vez el vuelo de palomas: afirman que m\u00e1s de 800.000 personas de este grupo han sido agredidas en el \u00faltimo a\u00f1o, del que la editorial de El Pa\u00eds hace bandera.<\/p>\n<p><span><span class=\"VIpgJd-yAWNEb-VIpgJd-fmcmS-sn54Q\">Lo hacen a partir de una encuesta realizada por 40dB \u2014la misma empresa que realiza las encuestas para El Pa\u00eds\u2014 con una muestra v\u00e1lida, pero m\u00e1s bien justita, de 800 entrevistas. Pero nada de eso tiene significaci\u00f3n en relaci\u00f3n con los 800.000. La \u00abchufa\u00bb nace de considerar que los porcentajes que da la encuesta \u2014que siempre son eso, porcentajes\u2014 se aplican a <\/span><\/span><strong><span><span class=\"VIpgJd-yAWNEb-VIpgJd-fmcmS-sn54Q\">una poblaci\u00f3n LGTBI que representar\u00eda m\u00e1s del 11% de la poblaci\u00f3n espa\u00f1ola.<\/span><\/span><\/strong><\/p>\n<p><span>Y, claro, por eso les sale una cifra tan alta. Es necesario decir que este \u201cm\u00e1s del 11%\u201d es absolutamente\u00a0<\/span><strong><span>falso<\/span><\/strong><span>. No existe ning\u00fan dato objetivo ni estad\u00edstico que llegue ni de lejos a esa magnitud. Como mucho, en la mayor hip\u00f3tesis se podr\u00eda situar por debajo del 5%. Pero no importa: <strong>si los grupos de presi\u00f3n LGTBI dicen ser el 11%, pues son el 11%.<\/strong> Y El Pa\u00eds no se toma la molestia de rectificarlo, porque se trata de uno de sus t\u00f3tems, uno de los elementos a los que rinde culto. Por ejemplo, los homosexuales -que son el grupo m\u00e1s numeroso- oscilan entre el 2 y el 3% en la mayor\u00eda de estudios.<\/span><\/p>\n<p><span><span class=\"VIpgJd-yAWNEb-VIpgJd-fmcmS-sn54Q\">Es ese 11% hinchado que les permite hablar de 800.000 personas agredidas en el \u00faltimo a\u00f1o, cuando en realidad, aplicando esta misma l\u00f3gica a una proporci\u00f3n correcta de poblaci\u00f3n LGTBI, <\/span><\/span><strong><span><span class=\"VIpgJd-yAWNEb-VIpgJd-fmcmS-sn54Q\">la cifra quedar\u00eda reducida a unos 300.000, 350.000 como mucho<\/span><\/span><\/strong><span><span class=\"VIpgJd-yAWNEb-VIpgJd-fmcmS-sn54Q\">, en una poblaci\u00f3n como la espa\u00f1ola de 49 millones de habitantes.<\/span><\/span><\/p>\n<h4><strong>El caso Bego\u00f1a G\u00f3mez<\/strong><\/h4>\n<p><span>Pero, sin duda,\u00a0<\/span><strong><span>el ejemplo m\u00e1s impactante de esta forma de desinformar de El Pa\u00eds<\/span><\/strong><span>\u00a0la encontramos el s\u00e1bado 17 de mayo, con la informaci\u00f3n sobre la resoluci\u00f3n de la Audiencia Provincial de Madrid en relaci\u00f3n con la instrucci\u00f3n judicial del magistrado Juan Carlos Peinado, que investiga\u00a0<strong>a <a href=\"https:\/\/conversesacatalunya.cat\/es\/se-complica-el-asunto-begona-gomez-acusaciones-de-partidismo-mediatico\/\" target=\"_blank\" rel=\"noopener\">Bego\u00f1a G\u00f3mez<\/a><\/strong>.<\/span><\/p>\n<p><strong><span><span class=\"VIpgJd-yAWNEb-VIpgJd-fmcmS-sn54Q\">El titular es claro:<\/span><\/span><\/strong><span><span class=\"VIpgJd-yAWNEb-VIpgJd-fmcmS-sn54Q\"> \u201cUn tribunal tumba parte de la causa del juez Peinado contra Bego\u00f1a G\u00f3mez y anula la imputaci\u00f3n del rector de la Complutense y de alguna otra persona\u201d. Ahora bien, tambi\u00e9n permite seguir investigando si existe influencia a cambio de contraprestaciones, que es el tema central de la acci\u00f3n del juez Peinado.<\/span><\/span><\/p>\n<p><span><span class=\"VIpgJd-yAWNEb-VIpgJd-fmcmS-sn54Q\">La informaci\u00f3n, una p\u00e1gina entera, se dedica a dar pelos y se\u00f1ales de\u00a0<\/span><\/span><strong><span><span class=\"VIpgJd-yAWNEb-VIpgJd-fmcmS-sn54Q\">la parte de la resoluci\u00f3n que limita la acci\u00f3n del juez<\/span><\/span><\/strong><span><span class=\"VIpgJd-yAWNEb-VIpgJd-fmcmS-sn54Q\">,\u00a0donde tambi\u00e9n se indica que no investigue el caso de Air Europa y que, si tiene nuevos indicios, lo que debe hacer es abrir una pieza separada.<\/span><\/span><\/p>\n<p><strong><span><span class=\"VIpgJd-yAWNEb-VIpgJd-fmcmS-sn54Q\">Pero de lo que no dice ni una palabra<\/span><\/span><\/strong><span><span class=\"VIpgJd-yAWNEb-VIpgJd-fmcmS-sn54Q\"> la resoluci\u00f3n, es que en el caso de Bego\u00f1a G\u00f3mez, la Audiencia considera que es \u00bbmuy probable que se hubiera valido de su proximidad al poder para conseguir contraprestaciones\u00bb que le permitieran acceder de forma extraordinaria a su cualificaci\u00f3n y vida profesional.<\/span><\/span><\/p>\n<p><strong><span><span class=\"VIpgJd-yAWNEb-VIpgJd-fmcmS-sn54Q\">La censura que practica El Pa\u00eds sobre lo que dice la resoluci\u00f3n es tan escandalosa <\/span><\/span><\/strong><span><span class=\"VIpgJd-yAWNEb-VIpgJd-fmcmS-sn54Q\">que, si hubieras visto el Telenoticias de Antena 3 de la noche anterior, y la informaci\u00f3n dada por Vicente Vall\u00e9s pensar\u00edas que se tratan de dos temas diferentes. Vall\u00e9s cont\u00f3 con pelos y detalles \u2014y puso en pantalla el texto de la resoluci\u00f3n\u2014 que situaba a la esposa del presidente Pedro S\u00e1nchez en una situaci\u00f3n judicial extraordinariamente dif\u00edcil, dando por buenas las presunciones de la instrucci\u00f3n: que realmente\u00a0<\/span><\/span><strong><span><span class=\"VIpgJd-yAWNEb-VIpgJd-fmcmS-sn54Q\">utiliz\u00f3 su situaci\u00f3n en la Moncloa para conseguir ventajas profesionales por ella.<\/span><\/span><\/strong><\/p>\n<p><span>Pero de todo ello, El Pa\u00eds no escribe ni una sola l\u00ednea, por lo que un lector de este diario, en estos momentos, no sabe que la esposa del presidente ha sido seriamente cuestionada y calificada de presuntamente culpable por la propia Audiencia Provincial de Madrid y en relaci\u00f3n con el proceso de instrucci\u00f3n.<\/span><\/p>\n<p><span>Nos enga\u00f1a El Pa\u00eds. Nos enga\u00f1a sistem\u00e1ticamente el gobierno. Lo que est\u00e1 sucediendo con\u00a0<\/span><strong><span>el gran apag\u00f3n<\/span><\/strong><span> es, literalmente, de juzgado de guardia. Nos enga\u00f1an muchos peri\u00f3dicos. Nos enga\u00f1an las televisiones p\u00fablicas, que deber\u00edan ser mod\u00e9licas. Vivimos rodeados de mentira y manipulaci\u00f3n, sobre todo por parte del poder, que es quien tiene m\u00e1s medios para crear un universo paralelo, una realidad falsa con la que nos conformamos.<\/span><\/p>\n<p><strong><span><span class=\"VIpgJd-yAWNEb-VIpgJd-fmcmS-sn54Q\">Cada d\u00eda es m\u00e1s dif\u00edcil ser un ciudadano consciente<\/span><\/span><\/strong><span><span class=\"VIpgJd-yAWNEb-VIpgJd-fmcmS-sn54Q\">. Pero este es un trabajo insustituible. Porque, si queremos vivir con una libertad razonable, una democracia m\u00ednimamente real y en condiciones de conseguir una \u2014cada vez m\u00e1s improbable\u2014 prosperidad, hay que resistir.<\/span><\/span><\/p>\n<span class='bctt-click-to-tweet'><span class='bctt-ctt-text'><a href='https:\/\/twitter.com\/intent\/tweet?url=https%3A%2F%2Fconversesacatalunya.cat%2Fes%2Fcomo-quieren-enredarnos-el-caso-del-diario-el-pais%2F&#038;text=Nos%20enga%C3%B1a%20El%20Pa%C3%ADs.%20Nos%20enga%C3%B1a%20sistem%C3%A1ticamente%20el%20gobierno.%20Lo%20que%20est%C3%A1%20sucediendo%20con%20el%20gran%20apag%C3%B3n%20es%2C%20literalmente%2C%20de%20juzgado%20de%20guardia.%20Nos%20enga%C3%B1an%20muchos%20peri%C3%B3dicos.%20Nos%20enga%C3%B1an%20las%20televisiones%20p%C3%BAblicas&#038;via=conversesacat&#038;related=conversesacat' target='_blank'rel=\"noopener noreferrer\">Nos enga\u00f1a El Pa\u00eds. Nos enga\u00f1a sistem\u00e1ticamente el gobierno. Lo que est\u00e1 sucediendo con el gran apag\u00f3n es, literalmente, de juzgado de guardia. Nos enga\u00f1an muchos peri\u00f3dicos. Nos enga\u00f1an las televisiones p\u00fablicas <\/a><\/span><a href='https:\/\/twitter.com\/intent\/tweet?url=https%3A%2F%2Fconversesacatalunya.cat%2Fes%2Fcomo-quieren-enredarnos-el-caso-del-diario-el-pais%2F&#038;text=Nos%20enga%C3%B1a%20El%20Pa%C3%ADs.%20Nos%20enga%C3%B1a%20sistem%C3%A1ticamente%20el%20gobierno.%20Lo%20que%20est%C3%A1%20sucediendo%20con%20el%20gran%20apag%C3%B3n%20es%2C%20literalmente%2C%20de%20juzgado%20de%20guardia.%20Nos%20enga%C3%B1an%20muchos%20peri%C3%B3dicos.%20Nos%20enga%C3%B1an%20las%20televisiones%20p%C3%BAblicas&#038;via=conversesacat&#038;related=conversesacat' target='_blank' class='bctt-ctt-btn'rel=\"noopener noreferrer\">Compartir en X<\/a><\/span>\n<p>&nbsp;<\/p>\n","protected":false},"excerpt":{"rendered":"<p>El Pa\u00eds se presenta como un diario serio, por encima de las ineficacias informativas, de las fake news y del fango, es decir, lo que en castellano se llama casquer\u00eda. Y es cierto que cuenta con buenas informaciones y buenos colaboradores, pero estos son limitados y muy concretos. La l\u00ednea editorial, en cambio, se ha convertido en una fuente sistem\u00e1tica de adoctrinamiento sectario, tanto como cualquier ideolog\u00eda totalitaria, de la que solo se diferencia porque estas tienen una visi\u00f3n totalizadora, y El Pa\u00eds solo aplica esta l\u00f3gica a sus temas t\u00f3tem y tab\u00fa. Vamos a lo concreto: Un ejemplo es su campa\u00f1a sistem\u00e1tica contra\u00a0la Iglesia cat\u00f3lica. Esta se ha construido en gran parte a partir de focalizar en ella los abusos sexuales a menores, a pesar de saber perfectamente que estos casos son marginales en relaci\u00f3n con el total de estos delitos. Sin embargo, el diario insisti\u00f3 \u2014y reiter\u00f3\u2014 en que, seg\u00fan el informe del Defensor del Pueblo, hab\u00eda 430.000 personas que hab\u00edan sido abusadas por la Iglesia. Naturalmente,\u00a0esto es sencillamente mentira.\u00a0No hay nada que se parezca a esta afirmaci\u00f3n en todo el informe del Defensor del Pueblo. Pero da igual. Otros medios de comunicaci\u00f3n afines a El Pa\u00eds publicaron este dato sin ning\u00fan tipo de verg\u00fcenza. Es el caso de La Vanguardia. Y la falta de desmentido por parte del exdirigente socialista y actual Defensor del Pueblo, \u00c1ngel Gabilondo, contribuye a mantener esa cifra como real. En sentido contrario, el presidente de la empresa\u00a0GAD3,\u00a0Narciso Mitjavila\u00a0\u2014que realiz\u00f3 la encuesta para el informe del Defensor del Pueblo\u2014, ya \u200b\u200bdeclar\u00f3 en su momento que\u00a0lo que dec\u00eda El Pa\u00eds era un \u201cdelirio estad\u00edstico\u201d. Y lo es, porque por la misma l\u00f3gica que hablan de 430.000 abusados \u200b\u200bpor personas vinculadas a la Iglesia, se puede afirmar que hay m\u00e1s de 4 millones y medio de personas abusadas por otros protagonistas: parejas, amigos, parientes, padres, profesores, monitores, entrenadores y un se\u00f1or que pasaba por all\u00ed con malas intenciones. Ahora vuelve su acci\u00f3n adoctrinadora con\u00a0uno de sus temas t\u00f3tem: los grupos LGTBI.\u00a0\u00a0 Un Observatorio de este grupo \u2014que vive de las subvenciones del Estado y que es tan independiente como puede serlo el fiscal general del Estado de Pedro S\u00e1nchez\u2014 ha presentado un informe en el que afirma que las agresiones contra estas personas, sean del tipo que sean, incluidas las verbales y seg\u00fan su propio juicio, \u201cvan como una moto\u201d y alcanzan ya la cifra de 800.000. En realidad, no existe ning\u00fan informe de estos observatorios \u2014porque hay m\u00e1s de uno\u2014 que no indique a\u00f1o tras a\u00f1o que los casos se multiplican. As\u00ed, en contra de la percepci\u00f3n com\u00fan, parece que el pa\u00eds est\u00e1 invadido por una creciente ola antigais, antitrans, y anti-quien sea. En el caso de los bisexuales, la cosa, por supuesto, queda mucho m\u00e1s discreta. Y entonces, aqu\u00ed viene otra vez el vuelo de palomas: afirman que m\u00e1s de 800.000 personas de este grupo han sido agredidas en el \u00faltimo a\u00f1o, del que la editorial de El Pa\u00eds hace bandera. Lo hacen a partir de una encuesta realizada por 40dB \u2014la misma empresa que realiza las encuestas para El Pa\u00eds\u2014 con una muestra v\u00e1lida, pero m\u00e1s bien justita, de 800 entrevistas. Pero nada de eso tiene significaci\u00f3n en relaci\u00f3n con los 800.000. La \u00abchufa\u00bb nace de considerar que los porcentajes que da la encuesta \u2014que siempre son eso, porcentajes\u2014 se aplican a una poblaci\u00f3n LGTBI que representar\u00eda m\u00e1s del 11% de la poblaci\u00f3n espa\u00f1ola. Y, claro, por eso les sale una cifra tan alta. Es necesario decir que este \u201cm\u00e1s del 11%\u201d es absolutamente\u00a0falso. No existe ning\u00fan dato objetivo ni estad\u00edstico que llegue ni de lejos a esa magnitud. Como mucho, en la mayor hip\u00f3tesis se podr\u00eda situar por debajo del 5%. Pero no importa: si los grupos de presi\u00f3n LGTBI dicen ser el 11%, pues son el 11%. Y El Pa\u00eds no se toma la molestia de rectificarlo, porque se trata de uno de sus t\u00f3tems, uno de los elementos a los que rinde culto. Por ejemplo, los homosexuales -que son el grupo m\u00e1s numeroso- oscilan entre el 2 y el 3% en la mayor\u00eda de estudios. Es ese 11% hinchado que les permite hablar de 800.000 personas agredidas en el \u00faltimo a\u00f1o, cuando en realidad, aplicando esta misma l\u00f3gica a una proporci\u00f3n correcta de poblaci\u00f3n LGTBI, la cifra quedar\u00eda reducida a unos 300.000, 350.000 como mucho, en una poblaci\u00f3n como la espa\u00f1ola de 49 millones de habitantes. El caso Bego\u00f1a G\u00f3mez Pero, sin duda,\u00a0el ejemplo m\u00e1s impactante de esta forma de desinformar de El Pa\u00eds\u00a0la encontramos el s\u00e1bado 17 de mayo, con la informaci\u00f3n sobre la resoluci\u00f3n de la Audiencia Provincial de Madrid en relaci\u00f3n con la instrucci\u00f3n judicial del magistrado Juan Carlos Peinado, que investiga\u00a0a Bego\u00f1a G\u00f3mez. El titular es claro: \u201cUn tribunal tumba parte de la causa del juez Peinado contra Bego\u00f1a G\u00f3mez y anula la imputaci\u00f3n del rector de la Complutense y de alguna otra persona\u201d. Ahora bien, tambi\u00e9n permite seguir investigando si existe influencia a cambio de contraprestaciones, que es el tema central de la acci\u00f3n del juez Peinado. La informaci\u00f3n, una p\u00e1gina entera, se dedica a dar pelos y se\u00f1ales de\u00a0la parte de la resoluci\u00f3n que limita la acci\u00f3n del juez,\u00a0donde tambi\u00e9n se indica que no investigue el caso de Air Europa y que, si tiene nuevos indicios, lo que debe hacer es abrir una pieza separada. Pero de lo que no dice ni una palabra la resoluci\u00f3n, es que en el caso de Bego\u00f1a G\u00f3mez, la Audiencia considera que es \u00bbmuy probable que se hubiera valido de su proximidad al poder para conseguir contraprestaciones\u00bb que le permitieran acceder de forma extraordinaria a su cualificaci\u00f3n y vida profesional. La censura que practica El Pa\u00eds sobre lo que dice la resoluci\u00f3n es tan escandalosa que, si hubieras visto el Telenoticias de Antena 3 de la noche anterior, y la informaci\u00f3n dada por Vicente Vall\u00e9s pensar\u00edas que se tratan de dos temas diferentes. Vall\u00e9s cont\u00f3 con pelos y detalles \u2014y puso en pantalla el texto de&#8230;<\/p>\n","protected":false},"author":78,"featured_media":88524,"comment_status":"open","ping_status":"open","sticky":false,"template":"","format":"standard","meta":{"_FSMCFIC_featured_image_caption":"","_FSMCFIC_featured_image_nocaption":"","_FSMCFIC_featured_image_hide":"","footnotes":""},"categories":[806],"tags":[5133],"class_list":["post-88526","post","type-post","status-publish","format-standard","has-post-thumbnail","hentry","category-punts-claus-del-dia-es","tag-begona-gomez-es"],"yoast_head":"<!-- This site is optimized with the Yoast SEO plugin v26.8 - https:\/\/yoast.com\/product\/yoast-seo-wordpress\/ -->\n<title>El diari El Pa\u00eds ens enganya<\/title>\n<meta name=\"description\" content=\"Ens enganya El Pa\u00eds. Ens enganya sistem\u00e0ticament el govern. El que est\u00e0 succeint amb la gran apagada \u00e9s, literalment, de jutjat de gu\u00e0rdia\" \/>\n<meta name=\"robots\" content=\"index, follow, max-snippet:-1, max-image-preview:large, max-video-preview:-1\" \/>\n<link rel=\"canonical\" href=\"https:\/\/conversesacatalunya.cat\/es\/como-quieren-enredarnos-el-caso-del-diario-el-pais\/\" \/>\n<meta property=\"og:locale\" content=\"es_ES\" \/>\n<meta property=\"og:type\" content=\"article\" \/>\n<meta property=\"og:title\" content=\"El diari El Pa\u00eds ens enganya\" \/>\n<meta property=\"og:description\" content=\"Ens enganya El Pa\u00eds. Ens enganya sistem\u00e0ticament el govern. El que est\u00e0 succeint amb la gran apagada \u00e9s, literalment, de jutjat de gu\u00e0rdia\" \/>\n<meta property=\"og:url\" content=\"https:\/\/conversesacatalunya.cat\/es\/como-quieren-enredarnos-el-caso-del-diario-el-pais\/\" \/>\n<meta property=\"og:site_name\" content=\"Converses a Catalunya\" \/>\n<meta property=\"article:published_time\" content=\"2025-05-20T07:00:26+00:00\" \/>\n<meta property=\"article:modified_time\" content=\"2025-05-20T09:00:59+00:00\" \/>\n<meta property=\"og:image\" content=\"https:\/\/conversesacatalunya.cat\/wp-content\/uploads\/2025\/05\/newspaper-2253408_640.jpg\" \/>\n\t<meta property=\"og:image:width\" content=\"640\" \/>\n\t<meta property=\"og:image:height\" content=\"427\" \/>\n\t<meta property=\"og:image:type\" content=\"image\/jpeg\" \/>\n<meta name=\"author\" content=\"Joan Masip\" \/>\n<meta name=\"twitter:card\" content=\"summary_large_image\" \/>\n<meta name=\"twitter:label1\" content=\"Escrito por\" \/>\n\t<meta name=\"twitter:data1\" content=\"Joan Masip\" \/>\n\t<meta name=\"twitter:label2\" content=\"Tiempo de lectura\" \/>\n\t<meta name=\"twitter:data2\" content=\"7 minutos\" \/>\n<script type=\"application\/ld+json\" class=\"yoast-schema-graph\">{\"@context\":\"https:\/\/schema.org\",\"@graph\":[{\"@type\":\"Article\",\"@id\":\"https:\/\/conversesacatalunya.cat\/es\/como-quieren-enredarnos-el-caso-del-diario-el-pais\/#article\",\"isPartOf\":{\"@id\":\"https:\/\/conversesacatalunya.cat\/es\/como-quieren-enredarnos-el-caso-del-diario-el-pais\/\"},\"author\":{\"name\":\"Joan Masip\",\"@id\":\"https:\/\/conversesacatalunya.cat\/#\/schema\/person\/311d0bf53def217d5124c78a7bc42275\"},\"headline\":\"C\u00f3mo quieren enredarnos: el caso paradigm\u00e1tico del diario El Pa\u00eds\",\"datePublished\":\"2025-05-20T07:00:26+00:00\",\"dateModified\":\"2025-05-20T09:00:59+00:00\",\"mainEntityOfPage\":{\"@id\":\"https:\/\/conversesacatalunya.cat\/es\/como-quieren-enredarnos-el-caso-del-diario-el-pais\/\"},\"wordCount\":1381,\"commentCount\":0,\"image\":{\"@id\":\"https:\/\/conversesacatalunya.cat\/es\/como-quieren-enredarnos-el-caso-del-diario-el-pais\/#primaryimage\"},\"thumbnailUrl\":\"https:\/\/conversesacatalunya.cat\/wp-content\/uploads\/2025\/05\/newspaper-2253408_640.jpg\",\"keywords\":[\"Bego\u00f1a G\u00f3mez\"],\"articleSection\":[\"Punts clau del dia (ES)\"],\"inLanguage\":\"es\",\"potentialAction\":[{\"@type\":\"CommentAction\",\"name\":\"Comment\",\"target\":[\"https:\/\/conversesacatalunya.cat\/es\/como-quieren-enredarnos-el-caso-del-diario-el-pais\/#respond\"]}]},{\"@type\":\"WebPage\",\"@id\":\"https:\/\/conversesacatalunya.cat\/es\/como-quieren-enredarnos-el-caso-del-diario-el-pais\/\",\"url\":\"https:\/\/conversesacatalunya.cat\/es\/como-quieren-enredarnos-el-caso-del-diario-el-pais\/\",\"name\":\"El diari El Pa\u00eds ens enganya\",\"isPartOf\":{\"@id\":\"https:\/\/conversesacatalunya.cat\/#website\"},\"primaryImageOfPage\":{\"@id\":\"https:\/\/conversesacatalunya.cat\/es\/como-quieren-enredarnos-el-caso-del-diario-el-pais\/#primaryimage\"},\"image\":{\"@id\":\"https:\/\/conversesacatalunya.cat\/es\/como-quieren-enredarnos-el-caso-del-diario-el-pais\/#primaryimage\"},\"thumbnailUrl\":\"https:\/\/conversesacatalunya.cat\/wp-content\/uploads\/2025\/05\/newspaper-2253408_640.jpg\",\"datePublished\":\"2025-05-20T07:00:26+00:00\",\"dateModified\":\"2025-05-20T09:00:59+00:00\",\"author\":{\"@id\":\"https:\/\/conversesacatalunya.cat\/#\/schema\/person\/311d0bf53def217d5124c78a7bc42275\"},\"description\":\"Ens enganya El Pa\u00eds. Ens enganya sistem\u00e0ticament el govern. El que est\u00e0 succeint amb la gran apagada \u00e9s, literalment, de jutjat de gu\u00e0rdia\",\"breadcrumb\":{\"@id\":\"https:\/\/conversesacatalunya.cat\/es\/como-quieren-enredarnos-el-caso-del-diario-el-pais\/#breadcrumb\"},\"inLanguage\":\"es\",\"potentialAction\":[{\"@type\":\"ReadAction\",\"target\":[\"https:\/\/conversesacatalunya.cat\/es\/como-quieren-enredarnos-el-caso-del-diario-el-pais\/\"]}]},{\"@type\":\"ImageObject\",\"inLanguage\":\"es\",\"@id\":\"https:\/\/conversesacatalunya.cat\/es\/como-quieren-enredarnos-el-caso-del-diario-el-pais\/#primaryimage\",\"url\":\"https:\/\/conversesacatalunya.cat\/wp-content\/uploads\/2025\/05\/newspaper-2253408_640.jpg\",\"contentUrl\":\"https:\/\/conversesacatalunya.cat\/wp-content\/uploads\/2025\/05\/newspaper-2253408_640.jpg\",\"width\":640,\"height\":427,\"caption\":\"El Pa\u00eds enganya\"},{\"@type\":\"BreadcrumbList\",\"@id\":\"https:\/\/conversesacatalunya.cat\/es\/como-quieren-enredarnos-el-caso-del-diario-el-pais\/#breadcrumb\",\"itemListElement\":[{\"@type\":\"ListItem\",\"position\":1,\"name\":\"Inici\",\"item\":\"https:\/\/conversesacatalunya.cat\/es\/\"},{\"@type\":\"ListItem\",\"position\":2,\"name\":\"C\u00f3mo quieren enredarnos: el caso paradigm\u00e1tico del diario El Pa\u00eds\"}]},{\"@type\":\"WebSite\",\"@id\":\"https:\/\/conversesacatalunya.cat\/#website\",\"url\":\"https:\/\/conversesacatalunya.cat\/\",\"name\":\"Converses a Catalunya\",\"description\":\"\",\"potentialAction\":[{\"@type\":\"SearchAction\",\"target\":{\"@type\":\"EntryPoint\",\"urlTemplate\":\"https:\/\/conversesacatalunya.cat\/?s={search_term_string}\"},\"query-input\":{\"@type\":\"PropertyValueSpecification\",\"valueRequired\":true,\"valueName\":\"search_term_string\"}}],\"inLanguage\":\"es\"},{\"@type\":\"Person\",\"@id\":\"https:\/\/conversesacatalunya.cat\/#\/schema\/person\/311d0bf53def217d5124c78a7bc42275\",\"name\":\"Joan Masip\",\"image\":{\"@type\":\"ImageObject\",\"inLanguage\":\"es\",\"@id\":\"https:\/\/conversesacatalunya.cat\/#\/schema\/person\/image\/\",\"url\":\"https:\/\/conversesacatalunya.cat\/wp-content\/litespeed\/avatar\/fa67b994763cff7d443f54b63ec96481.jpg?ver=1777372547\",\"contentUrl\":\"https:\/\/conversesacatalunya.cat\/wp-content\/litespeed\/avatar\/fa67b994763cff7d443f54b63ec96481.jpg?ver=1777372547\",\"caption\":\"Joan Masip\"},\"url\":\"https:\/\/conversesacatalunya.cat\/es\/author\/joan-masip\/\"}]}<\/script>\n<!-- \/ Yoast SEO plugin. -->","yoast_head_json":{"title":"El diari El Pa\u00eds ens enganya","description":"Ens enganya El Pa\u00eds. Ens enganya sistem\u00e0ticament el govern. El que est\u00e0 succeint amb la gran apagada \u00e9s, literalment, de jutjat de gu\u00e0rdia","robots":{"index":"index","follow":"follow","max-snippet":"max-snippet:-1","max-image-preview":"max-image-preview:large","max-video-preview":"max-video-preview:-1"},"canonical":"https:\/\/conversesacatalunya.cat\/es\/como-quieren-enredarnos-el-caso-del-diario-el-pais\/","og_locale":"es_ES","og_type":"article","og_title":"El diari El Pa\u00eds ens enganya","og_description":"Ens enganya El Pa\u00eds. Ens enganya sistem\u00e0ticament el govern. El que est\u00e0 succeint amb la gran apagada \u00e9s, literalment, de jutjat de gu\u00e0rdia","og_url":"https:\/\/conversesacatalunya.cat\/es\/como-quieren-enredarnos-el-caso-del-diario-el-pais\/","og_site_name":"Converses a Catalunya","article_published_time":"2025-05-20T07:00:26+00:00","article_modified_time":"2025-05-20T09:00:59+00:00","og_image":[{"width":640,"height":427,"url":"https:\/\/conversesacatalunya.cat\/wp-content\/uploads\/2025\/05\/newspaper-2253408_640.jpg","type":"image\/jpeg"}],"author":"Joan Masip","twitter_card":"summary_large_image","twitter_misc":{"Escrito por":"Joan Masip","Tiempo de lectura":"7 minutos"},"schema":{"@context":"https:\/\/schema.org","@graph":[{"@type":"Article","@id":"https:\/\/conversesacatalunya.cat\/es\/como-quieren-enredarnos-el-caso-del-diario-el-pais\/#article","isPartOf":{"@id":"https:\/\/conversesacatalunya.cat\/es\/como-quieren-enredarnos-el-caso-del-diario-el-pais\/"},"author":{"name":"Joan Masip","@id":"https:\/\/conversesacatalunya.cat\/#\/schema\/person\/311d0bf53def217d5124c78a7bc42275"},"headline":"C\u00f3mo quieren enredarnos: el caso paradigm\u00e1tico del diario El Pa\u00eds","datePublished":"2025-05-20T07:00:26+00:00","dateModified":"2025-05-20T09:00:59+00:00","mainEntityOfPage":{"@id":"https:\/\/conversesacatalunya.cat\/es\/como-quieren-enredarnos-el-caso-del-diario-el-pais\/"},"wordCount":1381,"commentCount":0,"image":{"@id":"https:\/\/conversesacatalunya.cat\/es\/como-quieren-enredarnos-el-caso-del-diario-el-pais\/#primaryimage"},"thumbnailUrl":"https:\/\/conversesacatalunya.cat\/wp-content\/uploads\/2025\/05\/newspaper-2253408_640.jpg","keywords":["Bego\u00f1a G\u00f3mez"],"articleSection":["Punts clau del dia (ES)"],"inLanguage":"es","potentialAction":[{"@type":"CommentAction","name":"Comment","target":["https:\/\/conversesacatalunya.cat\/es\/como-quieren-enredarnos-el-caso-del-diario-el-pais\/#respond"]}]},{"@type":"WebPage","@id":"https:\/\/conversesacatalunya.cat\/es\/como-quieren-enredarnos-el-caso-del-diario-el-pais\/","url":"https:\/\/conversesacatalunya.cat\/es\/como-quieren-enredarnos-el-caso-del-diario-el-pais\/","name":"El diari El Pa\u00eds ens enganya","isPartOf":{"@id":"https:\/\/conversesacatalunya.cat\/#website"},"primaryImageOfPage":{"@id":"https:\/\/conversesacatalunya.cat\/es\/como-quieren-enredarnos-el-caso-del-diario-el-pais\/#primaryimage"},"image":{"@id":"https:\/\/conversesacatalunya.cat\/es\/como-quieren-enredarnos-el-caso-del-diario-el-pais\/#primaryimage"},"thumbnailUrl":"https:\/\/conversesacatalunya.cat\/wp-content\/uploads\/2025\/05\/newspaper-2253408_640.jpg","datePublished":"2025-05-20T07:00:26+00:00","dateModified":"2025-05-20T09:00:59+00:00","author":{"@id":"https:\/\/conversesacatalunya.cat\/#\/schema\/person\/311d0bf53def217d5124c78a7bc42275"},"description":"Ens enganya El Pa\u00eds. Ens enganya sistem\u00e0ticament el govern. El que est\u00e0 succeint amb la gran apagada \u00e9s, literalment, de jutjat de gu\u00e0rdia","breadcrumb":{"@id":"https:\/\/conversesacatalunya.cat\/es\/como-quieren-enredarnos-el-caso-del-diario-el-pais\/#breadcrumb"},"inLanguage":"es","potentialAction":[{"@type":"ReadAction","target":["https:\/\/conversesacatalunya.cat\/es\/como-quieren-enredarnos-el-caso-del-diario-el-pais\/"]}]},{"@type":"ImageObject","inLanguage":"es","@id":"https:\/\/conversesacatalunya.cat\/es\/como-quieren-enredarnos-el-caso-del-diario-el-pais\/#primaryimage","url":"https:\/\/conversesacatalunya.cat\/wp-content\/uploads\/2025\/05\/newspaper-2253408_640.jpg","contentUrl":"https:\/\/conversesacatalunya.cat\/wp-content\/uploads\/2025\/05\/newspaper-2253408_640.jpg","width":640,"height":427,"caption":"El Pa\u00eds enganya"},{"@type":"BreadcrumbList","@id":"https:\/\/conversesacatalunya.cat\/es\/como-quieren-enredarnos-el-caso-del-diario-el-pais\/#breadcrumb","itemListElement":[{"@type":"ListItem","position":1,"name":"Inici","item":"https:\/\/conversesacatalunya.cat\/es\/"},{"@type":"ListItem","position":2,"name":"C\u00f3mo quieren enredarnos: el caso paradigm\u00e1tico del diario El Pa\u00eds"}]},{"@type":"WebSite","@id":"https:\/\/conversesacatalunya.cat\/#website","url":"https:\/\/conversesacatalunya.cat\/","name":"Converses a Catalunya","description":"","potentialAction":[{"@type":"SearchAction","target":{"@type":"EntryPoint","urlTemplate":"https:\/\/conversesacatalunya.cat\/?s={search_term_string}"},"query-input":{"@type":"PropertyValueSpecification","valueRequired":true,"valueName":"search_term_string"}}],"inLanguage":"es"},{"@type":"Person","@id":"https:\/\/conversesacatalunya.cat\/#\/schema\/person\/311d0bf53def217d5124c78a7bc42275","name":"Joan Masip","image":{"@type":"ImageObject","inLanguage":"es","@id":"https:\/\/conversesacatalunya.cat\/#\/schema\/person\/image\/","url":"https:\/\/conversesacatalunya.cat\/wp-content\/litespeed\/avatar\/fa67b994763cff7d443f54b63ec96481.jpg?ver=1777372547","contentUrl":"https:\/\/conversesacatalunya.cat\/wp-content\/litespeed\/avatar\/fa67b994763cff7d443f54b63ec96481.jpg?ver=1777372547","caption":"Joan Masip"},"url":"https:\/\/conversesacatalunya.cat\/es\/author\/joan-masip\/"}]}},"wps_subtitle":"Nos enga\u00f1a El Pa\u00eds. Nos enga\u00f1a sistem\u00e1ticamente el gobierno. Nos enga\u00f1an muchos peri\u00f3dicos. Nos enga\u00f1an las televisiones p\u00fablicas, que deber\u00edan ser mod\u00e9licas. Vivimos rodeados de mentira y manipulaci\u00f3n, sobre todo por parte del poder, que es quien tiene m\u00e1s medios para crear un universo paralelo, una realidad falsa con la que nos conformamos.","_links":{"self":[{"href":"https:\/\/conversesacatalunya.cat\/es\/wp-json\/wp\/v2\/posts\/88526","targetHints":{"allow":["GET"]}}],"collection":[{"href":"https:\/\/conversesacatalunya.cat\/es\/wp-json\/wp\/v2\/posts"}],"about":[{"href":"https:\/\/conversesacatalunya.cat\/es\/wp-json\/wp\/v2\/types\/post"}],"author":[{"embeddable":true,"href":"https:\/\/conversesacatalunya.cat\/es\/wp-json\/wp\/v2\/users\/78"}],"replies":[{"embeddable":true,"href":"https:\/\/conversesacatalunya.cat\/es\/wp-json\/wp\/v2\/comments?post=88526"}],"version-history":[{"count":6,"href":"https:\/\/conversesacatalunya.cat\/es\/wp-json\/wp\/v2\/posts\/88526\/revisions"}],"predecessor-version":[{"id":88570,"href":"https:\/\/conversesacatalunya.cat\/es\/wp-json\/wp\/v2\/posts\/88526\/revisions\/88570"}],"wp:featuredmedia":[{"embeddable":true,"href":"https:\/\/conversesacatalunya.cat\/es\/wp-json\/wp\/v2\/media\/88524"}],"wp:attachment":[{"href":"https:\/\/conversesacatalunya.cat\/es\/wp-json\/wp\/v2\/media?parent=88526"}],"wp:term":[{"taxonomy":"category","embeddable":true,"href":"https:\/\/conversesacatalunya.cat\/es\/wp-json\/wp\/v2\/categories?post=88526"},{"taxonomy":"post_tag","embeddable":true,"href":"https:\/\/conversesacatalunya.cat\/es\/wp-json\/wp\/v2\/tags?post=88526"}],"curies":[{"name":"wp","href":"https:\/\/api.w.org\/{rel}","templated":true}]}}