{"id":88507,"date":"2025-05-19T08:37:11","date_gmt":"2025-05-19T06:37:11","guid":{"rendered":"https:\/\/conversesacatalunya.cat\/?p=88507"},"modified":"2025-05-19T08:57:26","modified_gmt":"2025-05-19T06:57:26","slug":"union-europea-borrar-el-pacto-verde-del-lenguaje-oficial","status":"publish","type":"post","link":"https:\/\/conversesacatalunya.cat\/es\/union-europea-borrar-el-pacto-verde-del-lenguaje-oficial\/","title":{"rendered":"La Uni\u00f3n Europea comienza a borrar el Pacto Verde de su lenguaje oficial"},"content":{"rendered":"<p><span>La noticia puede resultar anecd\u00f3tica, pero demuestra un cambio radical de rumbo que empieza a dibujarse en Bruselas desde hace unos meses.<\/span><\/p>\n<p><span><span class=\"VIpgJd-yAWNEb-VIpgJd-fmcmS-sn54Q\">El titular en cuesti\u00f3n es que, seg\u00fan fuentes internas\u00a0<\/span><\/span><a href=\"https:\/\/www.politico.eu\/article\/dont-mention-the-green-deal-epp-scrubs-wording-from-parliament-water-report\/\" target=\"_blank\" rel=\"noopener\"><span><span class=\"VIpgJd-yAWNEb-VIpgJd-fmcmS-sn54Q\">consultadas<\/span><\/span><\/a><span><span class=\"VIpgJd-yAWNEb-VIpgJd-fmcmS-sn54Q\">\u00a0por\u00a0<\/span><\/span><em><span><span class=\"VIpgJd-yAWNEb-VIpgJd-fmcmS-sn54Q\">Politico.eu<\/span><\/span><\/em><span><span class=\"VIpgJd-yAWNEb-VIpgJd-fmcmS-sn54Q\">,\u00a0el propio partido de la presidenta de la Comisi\u00f3n Europea Ursula von der Leyen, el\u00a0<\/span><\/span><strong><span><span class=\"VIpgJd-yAWNEb-VIpgJd-fmcmS-sn54Q\">Partido Popular Europeo<\/span><\/span><\/strong><span><span class=\"VIpgJd-yAWNEb-VIpgJd-fmcmS-sn54Q\">,\u00a0pidi\u00f3 que toda menci\u00f3n al Pacto Verde Europeo fuera borrada de un informe parlamentario sobre la resiliencia de los recursos h\u00eddricos.<\/span><\/span><\/p>\n<p><span><span class=\"VIpgJd-yAWNEb-VIpgJd-fmcmS-sn54Q\">Recordemos que el Pacto Verde Europeo deb\u00eda ser el principal legado de Von der Leyen cuando tom\u00f3 las riendas de la Comisi\u00f3n al iniciar su primer mandato, a finales de 2019. En aquel distante pasado, se\u00a0<\/span><\/span><a href=\"https:\/\/conversesacatalunya.cat\/es\/pacto-verde-europeo-o-el-green-deal\/\" target=\"_blank\" rel=\"noopener\"><span><span class=\"VIpgJd-yAWNEb-VIpgJd-fmcmS-sn54Q\">pensaba\u00a0<\/span><\/span><\/a><span><\/span><span><span class=\"VIpgJd-yAWNEb-VIpgJd-fmcmS-sn54Q\">que la prioridad n\u00famero uno de Europa deb\u00eda ser liderar la transici\u00f3n energ\u00e9tica a escala mundial y conseguir una \u201csostenibilidad competitiva\u201d.<\/span><\/span><\/p>\n<p><span><span class=\"VIpgJd-yAWNEb-VIpgJd-fmcmS-sn54Q\">Pero desde entonces, buena parte de las medidas se han demostrado\u00a0<\/span><\/span><strong><span><span class=\"VIpgJd-yAWNEb-VIpgJd-fmcmS-sn54Q\">social y pol\u00edticamente contraproducentes<\/span><\/span><\/strong><span><span class=\"VIpgJd-yAWNEb-VIpgJd-fmcmS-sn54Q\">,\u00a0da\u00f1ando desmesuradamente a las clases con menor poder adquisitivo y alentando las opciones electorales contrarias a los partidos en el poder.<\/span><\/span><\/p>\n<p><span><span class=\"VIpgJd-yAWNEb-VIpgJd-fmcmS-sn54Q\">Ya en 2023, numerosas voces, incluyendo muchas provenientes del mismo c\u00edrculo interior de las \u00e9lites europeas como el presidente franc\u00e9s Emmanuel Macron, <\/span><\/span><a href=\"https:\/\/conversesacatalunya.cat\/es\/pacto-verde-europeo-revision\/\" target=\"_blank\" rel=\"noopener\"><span><span class=\"VIpgJd-yAWNEb-VIpgJd-fmcmS-sn54Q\">exigieron<\/span><\/span><\/a><span><span class=\"VIpgJd-yAWNEb-VIpgJd-fmcmS-sn54Q\">\u00a0\u201cflexibilizar\u201d o \u201cponer en pausa\u201d el Pacto Verde ante la evidencia de que el\u00a0<\/span><\/span><strong><span><span class=\"VIpgJd-yAWNEb-VIpgJd-fmcmS-sn54Q\">marco regulador extremadamente r\u00edgido<\/span><\/span><\/strong><span><span class=\"VIpgJd-yAWNEb-VIpgJd-fmcmS-sn54Q\"> estaba dificultando a\u00fan m\u00e1s la ya decayente competitividad de las empresas europeas<\/span><\/span><\/p>\n<p><span><span class=\"VIpgJd-yAWNEb-VIpgJd-fmcmS-sn54Q\">Pero a medida que han seguido\u00a0<\/span><\/span><strong><span><span class=\"VIpgJd-yAWNEb-VIpgJd-fmcmS-sn54Q\">acumulando los sustos electorales<\/span><\/span><\/strong><span><span class=\"VIpgJd-yAWNEb-VIpgJd-fmcmS-sn54Q\">,\u00a0y sabedores de que son los siguientes que corren el riesgo de sufrir un descalabro en las urnas, los miembros del Partido Popular Europeo van ahora mucho m\u00e1s lejos.<\/span><\/span><\/p>\n<p><span>Los eurodiputados que borraron del informe sobre el agua las referencias a la que pretend\u00eda ser la piedra angular de Von der Leyen, indicaron que el Pacto Verde hab\u00eda tenido\u00a0<\/span><strong><span>efectos nefastos para los agricultores europeos<\/span><\/strong><span>,\u00a0un sector muy minoritario pero a la vez de una inmensa\u00a0<\/span><a href=\"https:\/\/conversesacatalunya.cat\/es\/revuelta-campesina-y-pac\/\" target=\"_blank\" rel=\"noopener\"><span>importancia<\/span><\/a><span>.<\/span><\/p>\n<p><span><span class=\"VIpgJd-yAWNEb-VIpgJd-fmcmS-sn54Q\">El tono del informe en cuesti\u00f3n\u00a0<\/span><\/span><strong><span><span class=\"VIpgJd-yAWNEb-VIpgJd-fmcmS-sn54Q\">cambi\u00f3 radicalmente<\/span><\/span><\/strong><span><span class=\"VIpgJd-yAWNEb-VIpgJd-fmcmS-sn54Q\">\u00a0desde su versi\u00f3n original a la definitiva, sustituyendo los objetivos clave de \u00abmitigar el cambio clim\u00e1tico\u00bb, \u00abdetener la p\u00e9rdida de biodiversidad\u00bb y \u00ablimitar el uso de los recursos\u00bb para garantizar la \u00abcompetitividad\u00bb, \u00abregularidad\u00bb y \u00absoberan\u00eda\u00bb. El \u00fanico t\u00e9rmino com\u00fan entre las dos versiones es el m\u00e1s vago e interpretable de todos, \u201cresiliencia\u201d.<\/span><\/span><\/p>\n<p><span><span class=\"VIpgJd-yAWNEb-VIpgJd-fmcmS-sn54Q\">El cambio general de la \u201csostenibilidad\u201d por la \u201cseguridad\u201d es muy\u00a0<\/span><\/span><strong><span><span class=\"VIpgJd-yAWNEb-VIpgJd-fmcmS-sn54Q\">revelador de las nuevas prioridades de los electores europeos<\/span><\/span><\/strong><span><span class=\"VIpgJd-yAWNEb-VIpgJd-fmcmS-sn54Q\">,\u00a0o al menos de c\u00f3mo las perciben sus pol\u00edticos, y la Comisi\u00f3n Europea, pese a fuertes resistencias internas provenientes de su aparato funcionarial, parece obligada a corregir el rumbo<\/span><\/span><\/p>\n<p><span>Ya a finales de enero aparecieron\u00a0<\/span><a href=\"https:\/\/conversesacatalunya.cat\/es\/europa-carro-desregulacion\/\" target=\"_blank\" rel=\"noopener\"><span>indicios<\/span><\/a><span>\u00a0claros de un cambio de tendencia, cuando un borrador de la Comisi\u00f3n filtrado\u00a0<\/span><span>se\u00f1alaba como prioridad\u00a0<\/span><strong><span>desregular masivamente el Pacto Verde Europeo.\u00a0<\/span><\/strong><\/p>\n<p><span>Desde entonces, adem\u00e1s, ha calado la idea de que es necesario\u00a0<\/span><strong><span>incrementar masivamente los presupuestos de\u00a0<\/span><a href=\"https:\/\/conversesacatalunya.cat\/es\/financiar-defensa-europea-transicion-verde\/\" target=\"_blank\" rel=\"noopener\"><span>defensa<\/span><\/a><\/strong><span>,\u00a0y esta inversi\u00f3n (aunque pretende financiarse esencialmente mediante endeudamiento) est\u00e1 claramente en contradicci\u00f3n con los planes de gastos masivos vinculados a la descarbonizaci\u00f3n de la econom\u00eda.<\/span><\/p>\n<span class='bctt-click-to-tweet'><span class='bctt-ctt-text'><a href='https:\/\/twitter.com\/intent\/tweet?url=https%3A%2F%2Fconversesacatalunya.cat%2Fes%2Funion-europea-borrar-el-pacto-verde-del-lenguaje-oficial%2F&#038;text=Ya%20a%20finales%20de%20enero%20aparecieron%20indicios%20claros%20de%20un%20cambio%20de%20tendencia%2C%20cuando%20un%20borrador%20de%20la%20Comisi%C3%B3n%20filtrado%20se%C3%B1alaba%20como%20prioridad%20desregular%20masivamente%20el%20Pacto%20Verde%20Europeo.%20&#038;via=conversesacat&#038;related=conversesacat' target='_blank'rel=\"noopener noreferrer\">Ya a finales de enero aparecieron indicios claros de un cambio de tendencia, cuando un borrador de la Comisi\u00f3n filtrado se\u00f1alaba como prioridad desregular masivamente el Pacto Verde Europeo.  <\/a><\/span><a href='https:\/\/twitter.com\/intent\/tweet?url=https%3A%2F%2Fconversesacatalunya.cat%2Fes%2Funion-europea-borrar-el-pacto-verde-del-lenguaje-oficial%2F&#038;text=Ya%20a%20finales%20de%20enero%20aparecieron%20indicios%20claros%20de%20un%20cambio%20de%20tendencia%2C%20cuando%20un%20borrador%20de%20la%20Comisi%C3%B3n%20filtrado%20se%C3%B1alaba%20como%20prioridad%20desregular%20masivamente%20el%20Pacto%20Verde%20Europeo.%20&#038;via=conversesacat&#038;related=conversesacat' target='_blank' class='bctt-ctt-btn'rel=\"noopener noreferrer\">Compartir en X<\/a><\/span>\n","protected":false},"excerpt":{"rendered":"<p>La noticia puede resultar anecd\u00f3tica, pero demuestra un cambio radical de rumbo que empieza a dibujarse en Bruselas desde hace unos meses. El titular en cuesti\u00f3n es que, seg\u00fan fuentes internas\u00a0consultadas\u00a0por\u00a0Politico.eu,\u00a0el propio partido de la presidenta de la Comisi\u00f3n Europea Ursula von der Leyen, el\u00a0Partido Popular Europeo,\u00a0pidi\u00f3 que toda menci\u00f3n al Pacto Verde Europeo fuera borrada de un informe parlamentario sobre la resiliencia de los recursos h\u00eddricos. Recordemos que el Pacto Verde Europeo deb\u00eda ser el principal legado de Von der Leyen cuando tom\u00f3 las riendas de la Comisi\u00f3n al iniciar su primer mandato, a finales de 2019. En aquel distante pasado, se\u00a0pensaba\u00a0que la prioridad n\u00famero uno de Europa deb\u00eda ser liderar la transici\u00f3n energ\u00e9tica a escala mundial y conseguir una \u201csostenibilidad competitiva\u201d. Pero desde entonces, buena parte de las medidas se han demostrado\u00a0social y pol\u00edticamente contraproducentes,\u00a0da\u00f1ando desmesuradamente a las clases con menor poder adquisitivo y alentando las opciones electorales contrarias a los partidos en el poder. Ya en 2023, numerosas voces, incluyendo muchas provenientes del mismo c\u00edrculo interior de las \u00e9lites europeas como el presidente franc\u00e9s Emmanuel Macron, exigieron\u00a0\u201cflexibilizar\u201d o \u201cponer en pausa\u201d el Pacto Verde ante la evidencia de que el\u00a0marco regulador extremadamente r\u00edgido estaba dificultando a\u00fan m\u00e1s la ya decayente competitividad de las empresas europeas Pero a medida que han seguido\u00a0acumulando los sustos electorales,\u00a0y sabedores de que son los siguientes que corren el riesgo de sufrir un descalabro en las urnas, los miembros del Partido Popular Europeo van ahora mucho m\u00e1s lejos. Los eurodiputados que borraron del informe sobre el agua las referencias a la que pretend\u00eda ser la piedra angular de Von der Leyen, indicaron que el Pacto Verde hab\u00eda tenido\u00a0efectos nefastos para los agricultores europeos,\u00a0un sector muy minoritario pero a la vez de una inmensa\u00a0importancia. El tono del informe en cuesti\u00f3n\u00a0cambi\u00f3 radicalmente\u00a0desde su versi\u00f3n original a la definitiva, sustituyendo los objetivos clave de \u00abmitigar el cambio clim\u00e1tico\u00bb, \u00abdetener la p\u00e9rdida de biodiversidad\u00bb y \u00ablimitar el uso de los recursos\u00bb para garantizar la \u00abcompetitividad\u00bb, \u00abregularidad\u00bb y \u00absoberan\u00eda\u00bb. El \u00fanico t\u00e9rmino com\u00fan entre las dos versiones es el m\u00e1s vago e interpretable de todos, \u201cresiliencia\u201d. El cambio general de la \u201csostenibilidad\u201d por la \u201cseguridad\u201d es muy\u00a0revelador de las nuevas prioridades de los electores europeos,\u00a0o al menos de c\u00f3mo las perciben sus pol\u00edticos, y la Comisi\u00f3n Europea, pese a fuertes resistencias internas provenientes de su aparato funcionarial, parece obligada a corregir el rumbo Ya a finales de enero aparecieron\u00a0indicios\u00a0claros de un cambio de tendencia, cuando un borrador de la Comisi\u00f3n filtrado\u00a0se\u00f1alaba como prioridad\u00a0desregular masivamente el Pacto Verde Europeo.\u00a0 Desde entonces, adem\u00e1s, ha calado la idea de que es necesario\u00a0incrementar masivamente los presupuestos de\u00a0defensa,\u00a0y esta inversi\u00f3n (aunque pretende financiarse esencialmente mediante endeudamiento) est\u00e1 claramente en contradicci\u00f3n con los planes de gastos masivos vinculados a la descarbonizaci\u00f3n de la econom\u00eda.<\/p>\n","protected":false},"author":75,"featured_media":58378,"comment_status":"open","ping_status":"open","sticky":false,"template":"","format":"standard","meta":{"_FSMCFIC_featured_image_caption":"","_FSMCFIC_featured_image_nocaption":"","_FSMCFIC_featured_image_hide":"","footnotes":""},"categories":[806],"tags":[1057],"class_list":["post-88507","post","type-post","status-publish","format-standard","has-post-thumbnail","hentry","category-punts-claus-del-dia-es","tag-european-green-deal-es"],"yoast_head":"<!-- This site is optimized with the Yoast SEO plugin v26.8 - https:\/\/yoast.com\/product\/yoast-seo-wordpress\/ -->\n<title>La Uni\u00f3n Europea comienza a borrar el Pacto Verde de su lenguaje oficial - Converses a Catalunya<\/title>\n<meta name=\"description\" content=\"El Partido Popular Europeo pidi\u00f3 que toda menci\u00f3n al Pacto Verde Europeo fuese borrado de un informe sobre la resiliencia recursos h\u00eddricos.\" \/>\n<meta name=\"robots\" content=\"index, follow, max-snippet:-1, max-image-preview:large, max-video-preview:-1\" \/>\n<link rel=\"canonical\" href=\"https:\/\/conversesacatalunya.cat\/es\/union-europea-borrar-el-pacto-verde-del-lenguaje-oficial\/\" \/>\n<meta property=\"og:locale\" content=\"es_ES\" \/>\n<meta property=\"og:type\" content=\"article\" \/>\n<meta property=\"og:title\" content=\"La Uni\u00f3n Europea comienza a borrar el Pacto Verde de su lenguaje oficial - Converses a Catalunya\" \/>\n<meta property=\"og:description\" content=\"El Partido Popular Europeo pidi\u00f3 que toda menci\u00f3n al Pacto Verde Europeo fuese borrado de un informe sobre la resiliencia recursos h\u00eddricos.\" \/>\n<meta property=\"og:url\" content=\"https:\/\/conversesacatalunya.cat\/es\/union-europea-borrar-el-pacto-verde-del-lenguaje-oficial\/\" \/>\n<meta property=\"og:site_name\" content=\"Converses a Catalunya\" \/>\n<meta property=\"article:published_time\" content=\"2025-05-19T06:37:11+00:00\" \/>\n<meta property=\"article:modified_time\" content=\"2025-05-19T06:57:26+00:00\" \/>\n<meta property=\"og:image\" content=\"https:\/\/conversesacatalunya.cat\/wp-content\/uploads\/2022\/06\/20190702PHT56063-pl.jpg\" \/>\n\t<meta property=\"og:image:width\" content=\"1156\" \/>\n\t<meta property=\"og:image:height\" content=\"564\" \/>\n\t<meta property=\"og:image:type\" content=\"image\/jpeg\" \/>\n<meta name=\"author\" content=\"Carles L\u00f3pez\" \/>\n<meta name=\"twitter:card\" content=\"summary_large_image\" \/>\n<meta name=\"twitter:label1\" content=\"Escrito por\" \/>\n\t<meta name=\"twitter:data1\" content=\"Carles L\u00f3pez\" \/>\n\t<meta name=\"twitter:label2\" content=\"Tiempo de lectura\" \/>\n\t<meta name=\"twitter:data2\" content=\"3 minutos\" \/>\n<script type=\"application\/ld+json\" class=\"yoast-schema-graph\">{\"@context\":\"https:\/\/schema.org\",\"@graph\":[{\"@type\":\"Article\",\"@id\":\"https:\/\/conversesacatalunya.cat\/es\/union-europea-borrar-el-pacto-verde-del-lenguaje-oficial\/#article\",\"isPartOf\":{\"@id\":\"https:\/\/conversesacatalunya.cat\/es\/union-europea-borrar-el-pacto-verde-del-lenguaje-oficial\/\"},\"author\":{\"name\":\"Carles L\u00f3pez\",\"@id\":\"https:\/\/conversesacatalunya.cat\/#\/schema\/person\/3ce2ab16c0a3803086d80722c7cad56a\"},\"headline\":\"La Uni\u00f3n Europea comienza a borrar el Pacto Verde de su lenguaje oficial\",\"datePublished\":\"2025-05-19T06:37:11+00:00\",\"dateModified\":\"2025-05-19T06:57:26+00:00\",\"mainEntityOfPage\":{\"@id\":\"https:\/\/conversesacatalunya.cat\/es\/union-europea-borrar-el-pacto-verde-del-lenguaje-oficial\/\"},\"wordCount\":576,\"commentCount\":0,\"image\":{\"@id\":\"https:\/\/conversesacatalunya.cat\/es\/union-europea-borrar-el-pacto-verde-del-lenguaje-oficial\/#primaryimage\"},\"thumbnailUrl\":\"https:\/\/conversesacatalunya.cat\/wp-content\/uploads\/2022\/06\/20190702PHT56063-pl.jpg\",\"keywords\":[\"European Green Deal\"],\"articleSection\":[\"Punts clau del dia (ES)\"],\"inLanguage\":\"es\",\"potentialAction\":[{\"@type\":\"CommentAction\",\"name\":\"Comment\",\"target\":[\"https:\/\/conversesacatalunya.cat\/es\/union-europea-borrar-el-pacto-verde-del-lenguaje-oficial\/#respond\"]}]},{\"@type\":\"WebPage\",\"@id\":\"https:\/\/conversesacatalunya.cat\/es\/union-europea-borrar-el-pacto-verde-del-lenguaje-oficial\/\",\"url\":\"https:\/\/conversesacatalunya.cat\/es\/union-europea-borrar-el-pacto-verde-del-lenguaje-oficial\/\",\"name\":\"La Uni\u00f3n Europea comienza a borrar el Pacto Verde de su lenguaje oficial - Converses a Catalunya\",\"isPartOf\":{\"@id\":\"https:\/\/conversesacatalunya.cat\/#website\"},\"primaryImageOfPage\":{\"@id\":\"https:\/\/conversesacatalunya.cat\/es\/union-europea-borrar-el-pacto-verde-del-lenguaje-oficial\/#primaryimage\"},\"image\":{\"@id\":\"https:\/\/conversesacatalunya.cat\/es\/union-europea-borrar-el-pacto-verde-del-lenguaje-oficial\/#primaryimage\"},\"thumbnailUrl\":\"https:\/\/conversesacatalunya.cat\/wp-content\/uploads\/2022\/06\/20190702PHT56063-pl.jpg\",\"datePublished\":\"2025-05-19T06:37:11+00:00\",\"dateModified\":\"2025-05-19T06:57:26+00:00\",\"author\":{\"@id\":\"https:\/\/conversesacatalunya.cat\/#\/schema\/person\/3ce2ab16c0a3803086d80722c7cad56a\"},\"description\":\"El Partido Popular Europeo pidi\u00f3 que toda menci\u00f3n al Pacto Verde Europeo fuese borrado de un informe sobre la resiliencia recursos h\u00eddricos.\",\"breadcrumb\":{\"@id\":\"https:\/\/conversesacatalunya.cat\/es\/union-europea-borrar-el-pacto-verde-del-lenguaje-oficial\/#breadcrumb\"},\"inLanguage\":\"es\",\"potentialAction\":[{\"@type\":\"ReadAction\",\"target\":[\"https:\/\/conversesacatalunya.cat\/es\/union-europea-borrar-el-pacto-verde-del-lenguaje-oficial\/\"]}]},{\"@type\":\"ImageObject\",\"inLanguage\":\"es\",\"@id\":\"https:\/\/conversesacatalunya.cat\/es\/union-europea-borrar-el-pacto-verde-del-lenguaje-oficial\/#primaryimage\",\"url\":\"https:\/\/conversesacatalunya.cat\/wp-content\/uploads\/2022\/06\/20190702PHT56063-pl.jpg\",\"contentUrl\":\"https:\/\/conversesacatalunya.cat\/wp-content\/uploads\/2022\/06\/20190702PHT56063-pl.jpg\",\"width\":1156,\"height\":564,\"caption\":\"Pacto Verde borrado\"},{\"@type\":\"BreadcrumbList\",\"@id\":\"https:\/\/conversesacatalunya.cat\/es\/union-europea-borrar-el-pacto-verde-del-lenguaje-oficial\/#breadcrumb\",\"itemListElement\":[{\"@type\":\"ListItem\",\"position\":1,\"name\":\"Inici\",\"item\":\"https:\/\/conversesacatalunya.cat\/es\/\"},{\"@type\":\"ListItem\",\"position\":2,\"name\":\"La Uni\u00f3n Europea comienza a borrar el Pacto Verde de su lenguaje oficial\"}]},{\"@type\":\"WebSite\",\"@id\":\"https:\/\/conversesacatalunya.cat\/#website\",\"url\":\"https:\/\/conversesacatalunya.cat\/\",\"name\":\"Converses a Catalunya\",\"description\":\"\",\"potentialAction\":[{\"@type\":\"SearchAction\",\"target\":{\"@type\":\"EntryPoint\",\"urlTemplate\":\"https:\/\/conversesacatalunya.cat\/?s={search_term_string}\"},\"query-input\":{\"@type\":\"PropertyValueSpecification\",\"valueRequired\":true,\"valueName\":\"search_term_string\"}}],\"inLanguage\":\"es\"},{\"@type\":\"Person\",\"@id\":\"https:\/\/conversesacatalunya.cat\/#\/schema\/person\/3ce2ab16c0a3803086d80722c7cad56a\",\"name\":\"Carles L\u00f3pez\",\"image\":{\"@type\":\"ImageObject\",\"inLanguage\":\"es\",\"@id\":\"https:\/\/conversesacatalunya.cat\/#\/schema\/person\/image\/\",\"url\":\"https:\/\/conversesacatalunya.cat\/wp-content\/litespeed\/avatar\/4891585caf2896e97846ab77f06edcf2.jpg?ver=1777091173\",\"contentUrl\":\"https:\/\/conversesacatalunya.cat\/wp-content\/litespeed\/avatar\/4891585caf2896e97846ab77f06edcf2.jpg?ver=1777091173\",\"caption\":\"Carles L\u00f3pez\"},\"url\":\"https:\/\/conversesacatalunya.cat\/es\/author\/carles-lopez\/\"}]}<\/script>\n<!-- \/ Yoast SEO plugin. -->","yoast_head_json":{"title":"La Uni\u00f3n Europea comienza a borrar el Pacto Verde de su lenguaje oficial - Converses a Catalunya","description":"El Partido Popular Europeo pidi\u00f3 que toda menci\u00f3n al Pacto Verde Europeo fuese borrado de un informe sobre la resiliencia recursos h\u00eddricos.","robots":{"index":"index","follow":"follow","max-snippet":"max-snippet:-1","max-image-preview":"max-image-preview:large","max-video-preview":"max-video-preview:-1"},"canonical":"https:\/\/conversesacatalunya.cat\/es\/union-europea-borrar-el-pacto-verde-del-lenguaje-oficial\/","og_locale":"es_ES","og_type":"article","og_title":"La Uni\u00f3n Europea comienza a borrar el Pacto Verde de su lenguaje oficial - Converses a Catalunya","og_description":"El Partido Popular Europeo pidi\u00f3 que toda menci\u00f3n al Pacto Verde Europeo fuese borrado de un informe sobre la resiliencia recursos h\u00eddricos.","og_url":"https:\/\/conversesacatalunya.cat\/es\/union-europea-borrar-el-pacto-verde-del-lenguaje-oficial\/","og_site_name":"Converses a Catalunya","article_published_time":"2025-05-19T06:37:11+00:00","article_modified_time":"2025-05-19T06:57:26+00:00","og_image":[{"width":1156,"height":564,"url":"https:\/\/conversesacatalunya.cat\/wp-content\/uploads\/2022\/06\/20190702PHT56063-pl.jpg","type":"image\/jpeg"}],"author":"Carles L\u00f3pez","twitter_card":"summary_large_image","twitter_misc":{"Escrito por":"Carles L\u00f3pez","Tiempo de lectura":"3 minutos"},"schema":{"@context":"https:\/\/schema.org","@graph":[{"@type":"Article","@id":"https:\/\/conversesacatalunya.cat\/es\/union-europea-borrar-el-pacto-verde-del-lenguaje-oficial\/#article","isPartOf":{"@id":"https:\/\/conversesacatalunya.cat\/es\/union-europea-borrar-el-pacto-verde-del-lenguaje-oficial\/"},"author":{"name":"Carles L\u00f3pez","@id":"https:\/\/conversesacatalunya.cat\/#\/schema\/person\/3ce2ab16c0a3803086d80722c7cad56a"},"headline":"La Uni\u00f3n Europea comienza a borrar el Pacto Verde de su lenguaje oficial","datePublished":"2025-05-19T06:37:11+00:00","dateModified":"2025-05-19T06:57:26+00:00","mainEntityOfPage":{"@id":"https:\/\/conversesacatalunya.cat\/es\/union-europea-borrar-el-pacto-verde-del-lenguaje-oficial\/"},"wordCount":576,"commentCount":0,"image":{"@id":"https:\/\/conversesacatalunya.cat\/es\/union-europea-borrar-el-pacto-verde-del-lenguaje-oficial\/#primaryimage"},"thumbnailUrl":"https:\/\/conversesacatalunya.cat\/wp-content\/uploads\/2022\/06\/20190702PHT56063-pl.jpg","keywords":["European Green Deal"],"articleSection":["Punts clau del dia (ES)"],"inLanguage":"es","potentialAction":[{"@type":"CommentAction","name":"Comment","target":["https:\/\/conversesacatalunya.cat\/es\/union-europea-borrar-el-pacto-verde-del-lenguaje-oficial\/#respond"]}]},{"@type":"WebPage","@id":"https:\/\/conversesacatalunya.cat\/es\/union-europea-borrar-el-pacto-verde-del-lenguaje-oficial\/","url":"https:\/\/conversesacatalunya.cat\/es\/union-europea-borrar-el-pacto-verde-del-lenguaje-oficial\/","name":"La Uni\u00f3n Europea comienza a borrar el Pacto Verde de su lenguaje oficial - Converses a Catalunya","isPartOf":{"@id":"https:\/\/conversesacatalunya.cat\/#website"},"primaryImageOfPage":{"@id":"https:\/\/conversesacatalunya.cat\/es\/union-europea-borrar-el-pacto-verde-del-lenguaje-oficial\/#primaryimage"},"image":{"@id":"https:\/\/conversesacatalunya.cat\/es\/union-europea-borrar-el-pacto-verde-del-lenguaje-oficial\/#primaryimage"},"thumbnailUrl":"https:\/\/conversesacatalunya.cat\/wp-content\/uploads\/2022\/06\/20190702PHT56063-pl.jpg","datePublished":"2025-05-19T06:37:11+00:00","dateModified":"2025-05-19T06:57:26+00:00","author":{"@id":"https:\/\/conversesacatalunya.cat\/#\/schema\/person\/3ce2ab16c0a3803086d80722c7cad56a"},"description":"El Partido Popular Europeo pidi\u00f3 que toda menci\u00f3n al Pacto Verde Europeo fuese borrado de un informe sobre la resiliencia recursos h\u00eddricos.","breadcrumb":{"@id":"https:\/\/conversesacatalunya.cat\/es\/union-europea-borrar-el-pacto-verde-del-lenguaje-oficial\/#breadcrumb"},"inLanguage":"es","potentialAction":[{"@type":"ReadAction","target":["https:\/\/conversesacatalunya.cat\/es\/union-europea-borrar-el-pacto-verde-del-lenguaje-oficial\/"]}]},{"@type":"ImageObject","inLanguage":"es","@id":"https:\/\/conversesacatalunya.cat\/es\/union-europea-borrar-el-pacto-verde-del-lenguaje-oficial\/#primaryimage","url":"https:\/\/conversesacatalunya.cat\/wp-content\/uploads\/2022\/06\/20190702PHT56063-pl.jpg","contentUrl":"https:\/\/conversesacatalunya.cat\/wp-content\/uploads\/2022\/06\/20190702PHT56063-pl.jpg","width":1156,"height":564,"caption":"Pacto Verde borrado"},{"@type":"BreadcrumbList","@id":"https:\/\/conversesacatalunya.cat\/es\/union-europea-borrar-el-pacto-verde-del-lenguaje-oficial\/#breadcrumb","itemListElement":[{"@type":"ListItem","position":1,"name":"Inici","item":"https:\/\/conversesacatalunya.cat\/es\/"},{"@type":"ListItem","position":2,"name":"La Uni\u00f3n Europea comienza a borrar el Pacto Verde de su lenguaje oficial"}]},{"@type":"WebSite","@id":"https:\/\/conversesacatalunya.cat\/#website","url":"https:\/\/conversesacatalunya.cat\/","name":"Converses a Catalunya","description":"","potentialAction":[{"@type":"SearchAction","target":{"@type":"EntryPoint","urlTemplate":"https:\/\/conversesacatalunya.cat\/?s={search_term_string}"},"query-input":{"@type":"PropertyValueSpecification","valueRequired":true,"valueName":"search_term_string"}}],"inLanguage":"es"},{"@type":"Person","@id":"https:\/\/conversesacatalunya.cat\/#\/schema\/person\/3ce2ab16c0a3803086d80722c7cad56a","name":"Carles L\u00f3pez","image":{"@type":"ImageObject","inLanguage":"es","@id":"https:\/\/conversesacatalunya.cat\/#\/schema\/person\/image\/","url":"https:\/\/conversesacatalunya.cat\/wp-content\/litespeed\/avatar\/4891585caf2896e97846ab77f06edcf2.jpg?ver=1777091173","contentUrl":"https:\/\/conversesacatalunya.cat\/wp-content\/litespeed\/avatar\/4891585caf2896e97846ab77f06edcf2.jpg?ver=1777091173","caption":"Carles L\u00f3pez"},"url":"https:\/\/conversesacatalunya.cat\/es\/author\/carles-lopez\/"}]}},"wps_subtitle":"El cambio de la \"sostenibilidad\" por la \"seguridad\" es muy revelador de las nuevas prioridades de los electores europeos","_links":{"self":[{"href":"https:\/\/conversesacatalunya.cat\/es\/wp-json\/wp\/v2\/posts\/88507","targetHints":{"allow":["GET"]}}],"collection":[{"href":"https:\/\/conversesacatalunya.cat\/es\/wp-json\/wp\/v2\/posts"}],"about":[{"href":"https:\/\/conversesacatalunya.cat\/es\/wp-json\/wp\/v2\/types\/post"}],"author":[{"embeddable":true,"href":"https:\/\/conversesacatalunya.cat\/es\/wp-json\/wp\/v2\/users\/75"}],"replies":[{"embeddable":true,"href":"https:\/\/conversesacatalunya.cat\/es\/wp-json\/wp\/v2\/comments?post=88507"}],"version-history":[{"count":5,"href":"https:\/\/conversesacatalunya.cat\/es\/wp-json\/wp\/v2\/posts\/88507\/revisions"}],"predecessor-version":[{"id":88508,"href":"https:\/\/conversesacatalunya.cat\/es\/wp-json\/wp\/v2\/posts\/88507\/revisions\/88508"}],"wp:featuredmedia":[{"embeddable":true,"href":"https:\/\/conversesacatalunya.cat\/es\/wp-json\/wp\/v2\/media\/58378"}],"wp:attachment":[{"href":"https:\/\/conversesacatalunya.cat\/es\/wp-json\/wp\/v2\/media?parent=88507"}],"wp:term":[{"taxonomy":"category","embeddable":true,"href":"https:\/\/conversesacatalunya.cat\/es\/wp-json\/wp\/v2\/categories?post=88507"},{"taxonomy":"post_tag","embeddable":true,"href":"https:\/\/conversesacatalunya.cat\/es\/wp-json\/wp\/v2\/tags?post=88507"}],"curies":[{"name":"wp","href":"https:\/\/api.w.org\/{rel}","templated":true}]}}