{"id":88267,"date":"2025-05-09T12:09:01","date_gmt":"2025-05-09T10:09:01","guid":{"rendered":"https:\/\/conversesacatalunya.cat\/?p=88267"},"modified":"2025-05-09T12:30:52","modified_gmt":"2025-05-09T10:30:52","slug":"el-padre-nuestro-de-jordi-pujol","status":"publish","type":"post","link":"https:\/\/conversesacatalunya.cat\/es\/el-padre-nuestro-de-jordi-pujol\/","title":{"rendered":"El \u201cPare Nostre\u201d de Jordi Pujol"},"content":{"rendered":"<p><em><span>Pare Nostre<\/span><\/em><span>\u00a0es\u00a0<\/span><strong><span>una pel\u00edcula valiente<\/span><\/strong><span>.\u00a0No porque haga ninguna gran denuncia, ni porque revele ninguna verdad oculta, sino porque se\u00a0<\/span><span>atreve<\/span><span>\u00a0a mirar de cara a un personaje que, durante d\u00e9cadas, ha sido el nervio de\u00a0<\/span><span>un<\/span><span>\u00a0pa\u00eds y, al mismo tiempo, su espejo m\u00e1s inc\u00f3modo: Jordi Pujol.<\/span><\/p>\n<p><span><span class=\"\">La excusa\u00a0<\/span><\/span><span><span class=\"\">narrativa<\/span><\/span><span><span class=\"\">\u00a0es conocida: la declaraci\u00f3n que el propio Pujol hizo p\u00fablica el 25 de julio de 2014, confesando la\u00a0<\/span><\/span><span><span class=\"\">existencia<\/span><\/span><span><span class=\"\">\u00a0de\u00a0<\/span><\/span><span><span class=\"\">un<\/span><\/span><span><span class=\"\">\u00a0dinero no declarado en Andorra, heredado de su padre y nunca regularizado.\u00a0<\/span><\/span><strong><span><span class=\"\">Sin embargo, la pel\u00edcula no se limita al esc\u00e1ndalo. Trata de comprenderlo. Y esto la dignifica.<\/span><\/span><\/strong><\/p>\n<p><span>La\u00a0<\/span><span>obra<\/span><span>\u00a0se centra en los d\u00edas previos y posteriores a la confesi\u00f3n, pero utiliza con acierto el recurso del\u00a0<\/span><em><span>flashback<\/span><\/em><span>\u00a0para ir m\u00e1s atr\u00e1s: la infancia, la juventud, la militancia antifranquista, el\u00a0<\/span><span>ideario<\/span><span>\u00a0de pa\u00eds.\u00a0<\/span><strong><span>Es en esa voluntad de contextualizaci\u00f3n donde la pel\u00edcula se hace fuerte.<\/span><\/strong><span>\u00a0Si se\u00a0<\/span><span>hubiera<\/span><span>\u00a0limitado a reconstruir el\u00a0<\/span><span>esc\u00e1ndalo<\/span><span>,\u00a0habr\u00eda sido una caricatura, quiz\u00e1s bien interpretada, pero superficial. En cambio, intenta hacer lo que toda narraci\u00f3n seria deber\u00eda hacer: comprender al\u00a0<\/span><span>hombre<\/span><span>\u00a0dentro de su tiempo.<\/span><\/p>\n<p><span><span class=\"VIpgJd-yAWNEb-VIpgJd-fmcmS-sn54Q\">Este esfuerzo\u00a0<\/span><\/span><strong><span><span class=\"VIpgJd-yAWNEb-VIpgJd-fmcmS-sn54Q\">ha sido visto por algunos como una forma de blanqueo,<\/span><\/span><\/strong><span><span class=\"VIpgJd-yAWNEb-VIpgJd-fmcmS-sn54Q\">\u00a0como si narrar con matices fuese justificar. Pero no se trata de\u00a0<\/span><\/span><span><span class=\"VIpgJd-yAWNEb-VIpgJd-fmcmS-sn54Q\">esto<\/span><\/span><span><span class=\"VIpgJd-yAWNEb-VIpgJd-fmcmS-sn54Q\">.\u00a0Se trata, simplemente, de\u00a0<\/span><\/span><span><span class=\"VIpgJd-yAWNEb-VIpgJd-fmcmS-sn54Q\">explicar<\/span><\/span><span><span class=\"VIpgJd-yAWNEb-VIpgJd-fmcmS-sn54Q\">\u00a0bien una figura que\u00a0<\/span><\/span><a href=\"https:\/\/conversesacatalunya.cat\/es\/jordi-pujol-la-unidad-somos-un-solo-pueblo\/\" target=\"_blank\" rel=\"noopener\"><strong><span class=\"VIpgJd-yAWNEb-VIpgJd-fmcmS-sn54Q\">ha marcado la historia contempor\u00e1nea de Catalu\u00f1a<\/span><\/strong><\/a><span><span class=\"VIpgJd-yAWNEb-VIpgJd-fmcmS-sn54Q\">.\u00a0Y no se puede explicar bien si no se\u00a0<\/span><\/span><span><span class=\"VIpgJd-yAWNEb-VIpgJd-fmcmS-sn54Q\">entiende<\/span><\/span><span><span class=\"VIpgJd-yAWNEb-VIpgJd-fmcmS-sn54Q\">\u00a0su evoluci\u00f3n, su pensamiento y su acci\u00f3n dentro del contexto concreto en el que se fragu\u00f3.<\/span><\/span><\/p>\n<p><span><span class=\"VIpgJd-yAWNEb-VIpgJd-fmcmS-sn54Q\">La confesi\u00f3n de Pujol fue, evidentemente, un terremoto. Pero la\u00a0<\/span><\/span><span><span class=\"VIpgJd-yAWNEb-VIpgJd-fmcmS-sn54Q\">pel\u00edcula<\/span><\/span><span><span class=\"VIpgJd-yAWNEb-VIpgJd-fmcmS-sn54Q\">\u00a0tiene el\u00a0<\/span><\/span><span><span class=\"VIpgJd-yAWNEb-VIpgJd-fmcmS-sn54Q\">acierto<\/span><\/span><span><span class=\"VIpgJd-yAWNEb-VIpgJd-fmcmS-sn54Q\">\u00a0de no quedarse atrapada en ese episodio.\u00a0<\/span><\/span><strong><span><span class=\"VIpgJd-yAWNEb-VIpgJd-fmcmS-sn54Q\">Lo trata con la gravedad que merece, pero le pone en perspectiva.<\/span><\/span><\/strong><span><span class=\"VIpgJd-yAWNEb-VIpgJd-fmcmS-sn54Q\">\u00a0No por restarle importancia, sino por evitar el reduccionismo. Pujol fue mucho m\u00e1s que un dinero en Andorra.<\/span><\/span><\/p>\n<p><span><span class=\"\">\u00c9l mismo denunci\u00f3, sin ambig\u00fcedades, que el trato recibido a partir de su confesi\u00f3n fue profundamente injusto. No se le\u00a0<\/span><\/span><span><span class=\"\">juzg\u00f3<\/span><\/span><span><span class=\"\">\u00a0por lo que admiti\u00f3, sino por todo lo que no hab\u00eda dicho.\u00a0<\/span><\/span><strong><span><span class=\"\">Se aplic\u00f3 sobre \u00e9l una presunci\u00f3n de culpabilidad devastadora<\/span><\/span><\/strong><span><span class=\"\">, donde se mezclaban las actuaciones de los hijos y de su mujer con la propia biograf\u00eda, <\/span><\/span><strong><span><span class=\"\">convirti\u00e9ndole en s\u00edmbolo del pecado original de un pa\u00eds entero.<\/span><\/span><\/strong><\/p>\n<p><span><span class=\"VIpgJd-yAWNEb-VIpgJd-fmcmS-sn54Q\">Este maltrato cabe decirlo, no vino solo de la\u00a0<\/span><\/span><span><span class=\"VIpgJd-yAWNEb-VIpgJd-fmcmS-sn54Q\">oposici\u00f3n<\/span><\/span><span><span class=\"VIpgJd-yAWNEb-VIpgJd-fmcmS-sn54Q\">\u00a0o de los medios de Madrid. <\/span><\/span><strong><span><span class=\"VIpgJd-yAWNEb-VIpgJd-fmcmS-sn54Q\">Fue especialmente feroz dentro de su propia casa pol\u00edtica<\/span><\/span><\/strong><span><span class=\"VIpgJd-yAWNEb-VIpgJd-fmcmS-sn54Q\">.\u00a0Los dirigentes de Converg\u00e8ncia\u00a0<\/span><\/span><span><span class=\"VIpgJd-yAWNEb-VIpgJd-fmcmS-sn54Q\">\u2014comenzando<\/span><\/span><span><span class=\"VIpgJd-yAWNEb-VIpgJd-fmcmS-sn54Q\">\u00a0por Artur Mas\u2014\u00a0<\/span><\/span><span><span class=\"VIpgJd-yAWNEb-VIpgJd-fmcmS-sn54Q\">se<\/span><\/span><span><span class=\"VIpgJd-yAWNEb-VIpgJd-fmcmS-sn54Q\">\u00a0apresuraron a marcar distancias, invocando una supuesta exigencia de\u00a0<\/span><\/span><span><span class=\"VIpgJd-yAWNEb-VIpgJd-fmcmS-sn54Q\">ejemplaridad<\/span><\/span><span><span class=\"VIpgJd-yAWNEb-VIpgJd-fmcmS-sn54Q\">,\u00a0pero escondiendo un p\u00e1nico mal disimulado. Vieron c\u00f3mo el\u00a0<\/span><\/span><em><span><span class=\"VIpgJd-yAWNEb-VIpgJd-fmcmS-sn54Q\">caso Pujol<\/span><\/span><\/em><span><span class=\"VIpgJd-yAWNEb-VIpgJd-fmcmS-sn54Q\">\u00a0pod\u00eda hundirlos pol\u00edticamente, y reaccionaron como se hace en estos casos: huyendo. Con cobard\u00eda y sin ninguna muestra de gratitud.<\/span><\/span><\/p>\n<p><span><span class=\"VIpgJd-yAWNEb-VIpgJd-fmcmS-sn54Q\">La jugada, adem\u00e1s, les sali\u00f3 mal. Ni salvaron al partido, ni al legado, ni a la presidencia.\u00a0<\/span><\/span><strong><span><span class=\"VIpgJd-yAWNEb-VIpgJd-fmcmS-sn54Q\">Fracasaron moralmente, estrat\u00e9gica y pol\u00edticamente<\/span><\/span><\/strong><span><span class=\"VIpgJd-yAWNEb-VIpgJd-fmcmS-sn54Q\">.\u00a0Habr\u00eda sido mucho m\u00e1s honesto hacer algo tan sencillo como decir:\u00a0<\/span><\/span><span><span class=\"VIpgJd-yAWNEb-VIpgJd-fmcmS-sn54Q\">\u00ab<\/span><\/span><em><span><span class=\"VIpgJd-yAWNEb-VIpgJd-fmcmS-sn54Q\">Esto es lo que ha declarado Jordi Pujol. Esto es lo que sabemos. Y hasta que no se demuestre lo contrario, mantenemos la presunci\u00f3n de\u00a0<\/span><\/span><span><span class=\"VIpgJd-yAWNEb-VIpgJd-fmcmS-sn54Q\">inocencia<\/span><\/span><span><span class=\"VIpgJd-yAWNEb-VIpgJd-fmcmS-sn54Q\">. No solo porque se trata de\u00a0<\/span><\/span><span><span class=\"VIpgJd-yAWNEb-VIpgJd-fmcmS-sn54Q\">un<\/span><\/span><span><span class=\"VIpgJd-yAWNEb-VIpgJd-fmcmS-sn54Q\">\u00a0expresidente con una trayectoria insobornable, sino porque todo ciudadano tiene derecho a ello\u00bb<\/span><\/span><\/em><span><span class=\"VIpgJd-yAWNEb-VIpgJd-fmcmS-sn54Q\">\u00a0.<\/span><\/span><\/p>\n<p><span><span class=\"VIpgJd-yAWNEb-VIpgJd-fmcmS-sn54Q\">Pujol habr\u00eda podido seguir siendo tratado con respeto institucional. Y sus herederos, pol\u00edticos y culturales, habr\u00edan demostrado una m\u00ednima altura. Pero no. Y de ese\u00a0 <\/span><\/span><span><span class=\"VIpgJd-yAWNEb-VIpgJd-fmcmS-sn54Q\">miedo\u00a0<\/span><span class=\"VIpgJd-yAWNEb-VIpgJd-fmcmS-sn54Q\">ha quedado una devastaci\u00f3n todav\u00eda visible.<\/span><\/span><\/p>\n<p><strong><span>La pel\u00edcula retrata todo esto con sensibilidad e inteligencia<\/span><\/strong><span>. Los actores que encarnan a Jordi Pujol y Marta Ferrusola hacen un trabajo espl\u00e9ndido. Para quienes han conocido y tratado al personaje,\u00a0<\/span><strong><span>la interpretaci\u00f3n de Pou<\/span><\/strong><span>, a pesar de la distancia f\u00edsica con el retratado, transmite muchos de sus gestos, tics y actitudes. La ambientaci\u00f3n tambi\u00e9n es notable, sobre todo los interiores de la discreta casa familiar <\/span><span>y las escenas dom\u00e9sticas.<\/span><\/p>\n<p><strong><span><span class=\"VIpgJd-yAWNEb-VIpgJd-fmcmS-sn54Q\">Donde la pel\u00edcula flaquea es en el retrato de sus hijos.<\/span><\/span><\/strong><span><span class=\"VIpgJd-yAWNEb-VIpgJd-fmcmS-sn54Q\">\u00a0Aqu\u00ed el guion cae en la caricatura, en el trazo gordo, en el\u00a0<\/span><\/span><span><span class=\"VIpgJd-yAWNEb-VIpgJd-fmcmS-sn54Q\">estereotipo<\/span><\/span><span><span class=\"VIpgJd-yAWNEb-VIpgJd-fmcmS-sn54Q\">.\u00a0Parece como si, agotados por la\u00a0<\/span><\/span><span><span class=\"VIpgJd-yAWNEb-VIpgJd-fmcmS-sn54Q\">exigencia<\/span><\/span><span><span class=\"VIpgJd-yAWNEb-VIpgJd-fmcmS-sn54Q\">\u00a0de retratar con justeza a Pujol y su entorno m\u00e1s inmediato, los autores hubieran decidido resolver esta parte con prisas y brocha gruesa.<\/span><\/span><\/p>\n<p><span><span class=\"VIpgJd-yAWNEb-VIpgJd-fmcmS-sn54Q\">Sin embargo,\u00a0<\/span><\/span><strong><em><span><span class=\"VIpgJd-yAWNEb-VIpgJd-fmcmS-sn54Q\">Pare Nostre<\/span><\/span><\/em><span><span class=\"VIpgJd-yAWNEb-VIpgJd-fmcmS-sn54Q\">\u00a0es una obra que vale la pena<\/span><\/span><\/strong><span><span class=\"VIpgJd-yAWNEb-VIpgJd-fmcmS-sn54Q\">.\u00a0Tiene ritmo, tiene intenci\u00f3n y tiene oficio. Une una narrativa propia del buen cine con una hondura que no es habitual en las producciones del pa\u00eds.\u00a0<\/span><\/span><strong><span><span class=\"VIpgJd-yAWNEb-VIpgJd-fmcmS-sn54Q\">Junto a\u00a0<\/span><\/span><em><span><span class=\"VIpgJd-yAWNEb-VIpgJd-fmcmS-sn54Q\">El 47<\/span><\/span><\/em><span><span class=\"VIpgJd-yAWNEb-VIpgJd-fmcmS-sn54Q\">,\u00a0constituye una muestra de la madurez del cine catal\u00e1n y del talento extraordinario de nuestros int\u00e9rpretes.<\/span><\/span><\/strong><\/p>\n<span class='bctt-click-to-tweet'><span class='bctt-ctt-text'><a href='https:\/\/twitter.com\/intent\/tweet?url=https%3A%2F%2Fconversesacatalunya.cat%2Fes%2Fel-padre-nuestro-de-jordi-pujol%2F&#038;text=Pare%20Nostre%20es%20una%20obra%20que%20vale%20la%20pena.%20Tiene%20ritmo%2C%20tiene%20intenci%C3%B3n%20y%20tiene%20oficio.%20Une%20una%20narrativa%20propia%20del%20buen%20cine%20con%20una%20hondura%20que%20no%20es%20habitual%20en%20las%20producciones%20del%20pa%C3%ADs&#038;via=conversesacat&#038;related=conversesacat' target='_blank'rel=\"noopener noreferrer\">Pare Nostre es una obra que vale la pena. Tiene ritmo, tiene intenci\u00f3n y tiene oficio. Une una narrativa propia del buen cine con una hondura que no es habitual en las producciones del pa\u00eds <\/a><\/span><a href='https:\/\/twitter.com\/intent\/tweet?url=https%3A%2F%2Fconversesacatalunya.cat%2Fes%2Fel-padre-nuestro-de-jordi-pujol%2F&#038;text=Pare%20Nostre%20es%20una%20obra%20que%20vale%20la%20pena.%20Tiene%20ritmo%2C%20tiene%20intenci%C3%B3n%20y%20tiene%20oficio.%20Une%20una%20narrativa%20propia%20del%20buen%20cine%20con%20una%20hondura%20que%20no%20es%20habitual%20en%20las%20producciones%20del%20pa%C3%ADs&#038;via=conversesacat&#038;related=conversesacat' target='_blank' class='bctt-ctt-btn'rel=\"noopener noreferrer\">Compartir en X<\/a><\/span>\n<div id=\"polls-282\" class=\"wp-polls\">\n\t<form id=\"polls_form_282\" class=\"wp-polls-form\" action=\"\/index.php\" method=\"post\">\n\t\t<p style=\"display: none;\"><input type=\"hidden\" id=\"poll_282_nonce\" name=\"wp-polls-nonce\" value=\"5d5147c351\" \/><\/p>\n\t\t<p style=\"display: none;\"><input type=\"hidden\" name=\"poll_id\" value=\"282\" \/><\/p>\n\t\t<p style=\"text-align: center\"><strong>Creus que el govern S\u00e1nchez \u00e9s responsable mediat o immediat de la gran apagada del 28 d\u2019abril?<\/strong><\/p><div id=\"polls-282-ans\" class=\"wp-polls-ans\"><ul class=\"wp-polls-ul\">\n\t\t<li><input type=\"radio\" id=\"poll-answer-797\" name=\"poll_282\" value=\"797\" \/> <label for=\"poll-answer-797\">S\u00ed<\/label><\/li>\n\t\t<li><input type=\"radio\" id=\"poll-answer-798\" name=\"poll_282\" value=\"798\" \/> <label for=\"poll-answer-798\">No<\/label><\/li>\n\t\t<li><input type=\"radio\" id=\"poll-answer-799\" name=\"poll_282\" value=\"799\" \/> <label for=\"poll-answer-799\">No ho s\u00e9<\/label><\/li>\n\t\t<\/ul><p style=\"text-align: center\"><input type=\"button\" name=\"vote\" value=\"   Vota   \" class=\"Buttons\" onclick=\"poll_vote(282);\" \/><\/p><p style=\"text-align: center\"><a href=\"#ViewPollResults\" onclick=\"poll_result(282); return false;\" title=\"View Results Of This Poll\">Mira els resultats<\/a><\/p><\/div>\n\t<\/form>\n<\/div>\n<div id=\"polls-282-loading\" class=\"wp-polls-loading\"><img decoding=\"async\" data-src=\"https:\/\/conversesacatalunya.cat\/wp-content\/plugins\/wp-polls\/images\/loading.gif\" width=\"16\" height=\"16\" alt=\"Cargando ...\" title=\"Cargando ...\" class=\"wp-polls-image lazyload\" src=\"data:image\/svg+xml;base64,PHN2ZyB3aWR0aD0iMSIgaGVpZ2h0PSIxIiB4bWxucz0iaHR0cDovL3d3dy53My5vcmcvMjAwMC9zdmciPjwvc3ZnPg==\" style=\"--smush-placeholder-width: 16px; --smush-placeholder-aspect-ratio: 16\/16;\" \/>&nbsp;Cargando ...<\/div>\n\n","protected":false},"excerpt":{"rendered":"<p>Pare Nostre\u00a0es\u00a0una pel\u00edcula valiente.\u00a0No porque haga ninguna gran denuncia, ni porque revele ninguna verdad oculta, sino porque se\u00a0atreve\u00a0a mirar de cara a un personaje que, durante d\u00e9cadas, ha sido el nervio de\u00a0un\u00a0pa\u00eds y, al mismo tiempo, su espejo m\u00e1s inc\u00f3modo: Jordi Pujol. La excusa\u00a0narrativa\u00a0es conocida: la declaraci\u00f3n que el propio Pujol hizo p\u00fablica el 25 de julio de 2014, confesando la\u00a0existencia\u00a0de\u00a0un\u00a0dinero no declarado en Andorra, heredado de su padre y nunca regularizado.\u00a0Sin embargo, la pel\u00edcula no se limita al esc\u00e1ndalo. Trata de comprenderlo. Y esto la dignifica. La\u00a0obra\u00a0se centra en los d\u00edas previos y posteriores a la confesi\u00f3n, pero utiliza con acierto el recurso del\u00a0flashback\u00a0para ir m\u00e1s atr\u00e1s: la infancia, la juventud, la militancia antifranquista, el\u00a0ideario\u00a0de pa\u00eds.\u00a0Es en esa voluntad de contextualizaci\u00f3n donde la pel\u00edcula se hace fuerte.\u00a0Si se\u00a0hubiera\u00a0limitado a reconstruir el\u00a0esc\u00e1ndalo,\u00a0habr\u00eda sido una caricatura, quiz\u00e1s bien interpretada, pero superficial. En cambio, intenta hacer lo que toda narraci\u00f3n seria deber\u00eda hacer: comprender al\u00a0hombre\u00a0dentro de su tiempo. Este esfuerzo\u00a0ha sido visto por algunos como una forma de blanqueo,\u00a0como si narrar con matices fuese justificar. Pero no se trata de\u00a0esto.\u00a0Se trata, simplemente, de\u00a0explicar\u00a0bien una figura que\u00a0ha marcado la historia contempor\u00e1nea de Catalu\u00f1a.\u00a0Y no se puede explicar bien si no se\u00a0entiende\u00a0su evoluci\u00f3n, su pensamiento y su acci\u00f3n dentro del contexto concreto en el que se fragu\u00f3. La confesi\u00f3n de Pujol fue, evidentemente, un terremoto. Pero la\u00a0pel\u00edcula\u00a0tiene el\u00a0acierto\u00a0de no quedarse atrapada en ese episodio.\u00a0Lo trata con la gravedad que merece, pero le pone en perspectiva.\u00a0No por restarle importancia, sino por evitar el reduccionismo. Pujol fue mucho m\u00e1s que un dinero en Andorra. \u00c9l mismo denunci\u00f3, sin ambig\u00fcedades, que el trato recibido a partir de su confesi\u00f3n fue profundamente injusto. No se le\u00a0juzg\u00f3\u00a0por lo que admiti\u00f3, sino por todo lo que no hab\u00eda dicho.\u00a0Se aplic\u00f3 sobre \u00e9l una presunci\u00f3n de culpabilidad devastadora, donde se mezclaban las actuaciones de los hijos y de su mujer con la propia biograf\u00eda, convirti\u00e9ndole en s\u00edmbolo del pecado original de un pa\u00eds entero. Este maltrato cabe decirlo, no vino solo de la\u00a0oposici\u00f3n\u00a0o de los medios de Madrid. Fue especialmente feroz dentro de su propia casa pol\u00edtica.\u00a0Los dirigentes de Converg\u00e8ncia\u00a0\u2014comenzando\u00a0por Artur Mas\u2014\u00a0se\u00a0apresuraron a marcar distancias, invocando una supuesta exigencia de\u00a0ejemplaridad,\u00a0pero escondiendo un p\u00e1nico mal disimulado. Vieron c\u00f3mo el\u00a0caso Pujol\u00a0pod\u00eda hundirlos pol\u00edticamente, y reaccionaron como se hace en estos casos: huyendo. Con cobard\u00eda y sin ninguna muestra de gratitud. La jugada, adem\u00e1s, les sali\u00f3 mal. Ni salvaron al partido, ni al legado, ni a la presidencia.\u00a0Fracasaron moralmente, estrat\u00e9gica y pol\u00edticamente.\u00a0Habr\u00eda sido mucho m\u00e1s honesto hacer algo tan sencillo como decir:\u00a0\u00abEsto es lo que ha declarado Jordi Pujol. Esto es lo que sabemos. Y hasta que no se demuestre lo contrario, mantenemos la presunci\u00f3n de\u00a0inocencia. No solo porque se trata de\u00a0un\u00a0expresidente con una trayectoria insobornable, sino porque todo ciudadano tiene derecho a ello\u00bb\u00a0. Pujol habr\u00eda podido seguir siendo tratado con respeto institucional. Y sus herederos, pol\u00edticos y culturales, habr\u00edan demostrado una m\u00ednima altura. Pero no. Y de ese\u00a0 miedo\u00a0ha quedado una devastaci\u00f3n todav\u00eda visible. La pel\u00edcula retrata todo esto con sensibilidad e inteligencia. Los actores que encarnan a Jordi Pujol y Marta Ferrusola hacen un trabajo espl\u00e9ndido. Para quienes han conocido y tratado al personaje,\u00a0la interpretaci\u00f3n de Pou, a pesar de la distancia f\u00edsica con el retratado, transmite muchos de sus gestos, tics y actitudes. La ambientaci\u00f3n tambi\u00e9n es notable, sobre todo los interiores de la discreta casa familiar y las escenas dom\u00e9sticas. Donde la pel\u00edcula flaquea es en el retrato de sus hijos.\u00a0Aqu\u00ed el guion cae en la caricatura, en el trazo gordo, en el\u00a0estereotipo.\u00a0Parece como si, agotados por la\u00a0exigencia\u00a0de retratar con justeza a Pujol y su entorno m\u00e1s inmediato, los autores hubieran decidido resolver esta parte con prisas y brocha gruesa. Sin embargo,\u00a0Pare Nostre\u00a0es una obra que vale la pena.\u00a0Tiene ritmo, tiene intenci\u00f3n y tiene oficio. Une una narrativa propia del buen cine con una hondura que no es habitual en las producciones del pa\u00eds.\u00a0Junto a\u00a0El 47,\u00a0constituye una muestra de la madurez del cine catal\u00e1n y del talento extraordinario de nuestros int\u00e9rpretes.<\/p>\n","protected":false},"author":81,"featured_media":88260,"comment_status":"open","ping_status":"open","sticky":false,"template":"","format":"standard","meta":{"_FSMCFIC_featured_image_caption":"","_FSMCFIC_featured_image_nocaption":"","_FSMCFIC_featured_image_hide":"","footnotes":""},"categories":[806],"tags":[843],"class_list":["post-88267","post","type-post","status-publish","format-standard","has-post-thumbnail","hentry","category-punts-claus-del-dia-es","tag-jordi-pujol-es"],"yoast_head":"<!-- This site is optimized with the Yoast SEO plugin v26.8 - https:\/\/yoast.com\/product\/yoast-seo-wordpress\/ -->\n<title>El \u201cPare Nostre\u201d de Jordi Pujol - Converses a Catalunya<\/title>\n<meta name=\"description\" content=\"Pare nostre valoraci\u00f3n: es una obra que vale la pena. Tiene ritmo, tiene intenci\u00f3n y tiene oficio. Une una narrativa propia del buen cine\" \/>\n<meta name=\"robots\" content=\"index, follow, max-snippet:-1, max-image-preview:large, max-video-preview:-1\" \/>\n<link rel=\"canonical\" href=\"https:\/\/conversesacatalunya.cat\/es\/el-padre-nuestro-de-jordi-pujol\/\" \/>\n<meta property=\"og:locale\" content=\"es_ES\" \/>\n<meta property=\"og:type\" content=\"article\" \/>\n<meta property=\"og:title\" content=\"El \u201cPare Nostre\u201d de Jordi Pujol - Converses a Catalunya\" \/>\n<meta property=\"og:description\" content=\"Pare nostre valoraci\u00f3n: es una obra que vale la pena. Tiene ritmo, tiene intenci\u00f3n y tiene oficio. Une una narrativa propia del buen cine\" \/>\n<meta property=\"og:url\" content=\"https:\/\/conversesacatalunya.cat\/es\/el-padre-nuestro-de-jordi-pujol\/\" \/>\n<meta property=\"og:site_name\" content=\"Converses a Catalunya\" \/>\n<meta property=\"article:published_time\" content=\"2025-05-09T10:09:01+00:00\" \/>\n<meta property=\"article:modified_time\" content=\"2025-05-09T10:30:52+00:00\" \/>\n<meta property=\"og:image\" content=\"https:\/\/conversesacatalunya.cat\/wp-content\/uploads\/2025\/05\/Captura.jpg\" \/>\n\t<meta property=\"og:image:width\" content=\"864\" \/>\n\t<meta property=\"og:image:height\" content=\"495\" \/>\n\t<meta property=\"og:image:type\" content=\"image\/jpeg\" \/>\n<meta name=\"author\" content=\"Emili Clos\" \/>\n<meta name=\"twitter:card\" content=\"summary_large_image\" \/>\n<meta name=\"twitter:label1\" content=\"Escrito por\" \/>\n\t<meta name=\"twitter:data1\" content=\"Emili Clos\" \/>\n\t<meta name=\"twitter:label2\" content=\"Tiempo de lectura\" \/>\n\t<meta name=\"twitter:data2\" content=\"4 minutos\" \/>\n<script type=\"application\/ld+json\" class=\"yoast-schema-graph\">{\"@context\":\"https:\/\/schema.org\",\"@graph\":[{\"@type\":\"Article\",\"@id\":\"https:\/\/conversesacatalunya.cat\/es\/el-padre-nuestro-de-jordi-pujol\/#article\",\"isPartOf\":{\"@id\":\"https:\/\/conversesacatalunya.cat\/es\/el-padre-nuestro-de-jordi-pujol\/\"},\"author\":{\"name\":\"Emili Clos\",\"@id\":\"https:\/\/conversesacatalunya.cat\/#\/schema\/person\/46306de4129bccb959ed5e1720c4e3e7\"},\"headline\":\"El \u201cPare Nostre\u201d de Jordi Pujol\",\"datePublished\":\"2025-05-09T10:09:01+00:00\",\"dateModified\":\"2025-05-09T10:30:52+00:00\",\"mainEntityOfPage\":{\"@id\":\"https:\/\/conversesacatalunya.cat\/es\/el-padre-nuestro-de-jordi-pujol\/\"},\"wordCount\":853,\"commentCount\":0,\"image\":{\"@id\":\"https:\/\/conversesacatalunya.cat\/es\/el-padre-nuestro-de-jordi-pujol\/#primaryimage\"},\"thumbnailUrl\":\"https:\/\/conversesacatalunya.cat\/wp-content\/uploads\/2025\/05\/Captura.jpg\",\"keywords\":[\"Jordi Pujol\"],\"articleSection\":[\"Punts clau del dia (ES)\"],\"inLanguage\":\"es\",\"potentialAction\":[{\"@type\":\"CommentAction\",\"name\":\"Comment\",\"target\":[\"https:\/\/conversesacatalunya.cat\/es\/el-padre-nuestro-de-jordi-pujol\/#respond\"]}]},{\"@type\":\"WebPage\",\"@id\":\"https:\/\/conversesacatalunya.cat\/es\/el-padre-nuestro-de-jordi-pujol\/\",\"url\":\"https:\/\/conversesacatalunya.cat\/es\/el-padre-nuestro-de-jordi-pujol\/\",\"name\":\"El \u201cPare Nostre\u201d de Jordi Pujol - Converses a Catalunya\",\"isPartOf\":{\"@id\":\"https:\/\/conversesacatalunya.cat\/#website\"},\"primaryImageOfPage\":{\"@id\":\"https:\/\/conversesacatalunya.cat\/es\/el-padre-nuestro-de-jordi-pujol\/#primaryimage\"},\"image\":{\"@id\":\"https:\/\/conversesacatalunya.cat\/es\/el-padre-nuestro-de-jordi-pujol\/#primaryimage\"},\"thumbnailUrl\":\"https:\/\/conversesacatalunya.cat\/wp-content\/uploads\/2025\/05\/Captura.jpg\",\"datePublished\":\"2025-05-09T10:09:01+00:00\",\"dateModified\":\"2025-05-09T10:30:52+00:00\",\"author\":{\"@id\":\"https:\/\/conversesacatalunya.cat\/#\/schema\/person\/46306de4129bccb959ed5e1720c4e3e7\"},\"description\":\"Pare nostre valoraci\u00f3n: es una obra que vale la pena. Tiene ritmo, tiene intenci\u00f3n y tiene oficio. Une una narrativa propia del buen cine\",\"breadcrumb\":{\"@id\":\"https:\/\/conversesacatalunya.cat\/es\/el-padre-nuestro-de-jordi-pujol\/#breadcrumb\"},\"inLanguage\":\"es\",\"potentialAction\":[{\"@type\":\"ReadAction\",\"target\":[\"https:\/\/conversesacatalunya.cat\/es\/el-padre-nuestro-de-jordi-pujol\/\"]}]},{\"@type\":\"ImageObject\",\"inLanguage\":\"es\",\"@id\":\"https:\/\/conversesacatalunya.cat\/es\/el-padre-nuestro-de-jordi-pujol\/#primaryimage\",\"url\":\"https:\/\/conversesacatalunya.cat\/wp-content\/uploads\/2025\/05\/Captura.jpg\",\"contentUrl\":\"https:\/\/conversesacatalunya.cat\/wp-content\/uploads\/2025\/05\/Captura.jpg\",\"width\":864,\"height\":495,\"caption\":\"Pare nostre valoraci\u00f3n\"},{\"@type\":\"BreadcrumbList\",\"@id\":\"https:\/\/conversesacatalunya.cat\/es\/el-padre-nuestro-de-jordi-pujol\/#breadcrumb\",\"itemListElement\":[{\"@type\":\"ListItem\",\"position\":1,\"name\":\"Inici\",\"item\":\"https:\/\/conversesacatalunya.cat\/es\/\"},{\"@type\":\"ListItem\",\"position\":2,\"name\":\"El \u201cPare Nostre\u201d de Jordi Pujol\"}]},{\"@type\":\"WebSite\",\"@id\":\"https:\/\/conversesacatalunya.cat\/#website\",\"url\":\"https:\/\/conversesacatalunya.cat\/\",\"name\":\"Converses a Catalunya\",\"description\":\"\",\"potentialAction\":[{\"@type\":\"SearchAction\",\"target\":{\"@type\":\"EntryPoint\",\"urlTemplate\":\"https:\/\/conversesacatalunya.cat\/?s={search_term_string}\"},\"query-input\":{\"@type\":\"PropertyValueSpecification\",\"valueRequired\":true,\"valueName\":\"search_term_string\"}}],\"inLanguage\":\"es\"},{\"@type\":\"Person\",\"@id\":\"https:\/\/conversesacatalunya.cat\/#\/schema\/person\/46306de4129bccb959ed5e1720c4e3e7\",\"name\":\"Emili Clos\",\"image\":{\"@type\":\"ImageObject\",\"inLanguage\":\"es\",\"@id\":\"https:\/\/conversesacatalunya.cat\/#\/schema\/person\/image\/\",\"url\":\"https:\/\/conversesacatalunya.cat\/wp-content\/litespeed\/avatar\/a9a662bd802eed79498de818aef91cc9.jpg?ver=1777096184\",\"contentUrl\":\"https:\/\/conversesacatalunya.cat\/wp-content\/litespeed\/avatar\/a9a662bd802eed79498de818aef91cc9.jpg?ver=1777096184\",\"caption\":\"Emili Clos\"},\"url\":\"https:\/\/conversesacatalunya.cat\/es\/author\/emili_clos\/\"}]}<\/script>\n<!-- \/ Yoast SEO plugin. -->","yoast_head_json":{"title":"El \u201cPare Nostre\u201d de Jordi Pujol - Converses a Catalunya","description":"Pare nostre valoraci\u00f3n: es una obra que vale la pena. Tiene ritmo, tiene intenci\u00f3n y tiene oficio. Une una narrativa propia del buen cine","robots":{"index":"index","follow":"follow","max-snippet":"max-snippet:-1","max-image-preview":"max-image-preview:large","max-video-preview":"max-video-preview:-1"},"canonical":"https:\/\/conversesacatalunya.cat\/es\/el-padre-nuestro-de-jordi-pujol\/","og_locale":"es_ES","og_type":"article","og_title":"El \u201cPare Nostre\u201d de Jordi Pujol - Converses a Catalunya","og_description":"Pare nostre valoraci\u00f3n: es una obra que vale la pena. Tiene ritmo, tiene intenci\u00f3n y tiene oficio. Une una narrativa propia del buen cine","og_url":"https:\/\/conversesacatalunya.cat\/es\/el-padre-nuestro-de-jordi-pujol\/","og_site_name":"Converses a Catalunya","article_published_time":"2025-05-09T10:09:01+00:00","article_modified_time":"2025-05-09T10:30:52+00:00","og_image":[{"width":864,"height":495,"url":"https:\/\/conversesacatalunya.cat\/wp-content\/uploads\/2025\/05\/Captura.jpg","type":"image\/jpeg"}],"author":"Emili Clos","twitter_card":"summary_large_image","twitter_misc":{"Escrito por":"Emili Clos","Tiempo de lectura":"4 minutos"},"schema":{"@context":"https:\/\/schema.org","@graph":[{"@type":"Article","@id":"https:\/\/conversesacatalunya.cat\/es\/el-padre-nuestro-de-jordi-pujol\/#article","isPartOf":{"@id":"https:\/\/conversesacatalunya.cat\/es\/el-padre-nuestro-de-jordi-pujol\/"},"author":{"name":"Emili Clos","@id":"https:\/\/conversesacatalunya.cat\/#\/schema\/person\/46306de4129bccb959ed5e1720c4e3e7"},"headline":"El \u201cPare Nostre\u201d de Jordi Pujol","datePublished":"2025-05-09T10:09:01+00:00","dateModified":"2025-05-09T10:30:52+00:00","mainEntityOfPage":{"@id":"https:\/\/conversesacatalunya.cat\/es\/el-padre-nuestro-de-jordi-pujol\/"},"wordCount":853,"commentCount":0,"image":{"@id":"https:\/\/conversesacatalunya.cat\/es\/el-padre-nuestro-de-jordi-pujol\/#primaryimage"},"thumbnailUrl":"https:\/\/conversesacatalunya.cat\/wp-content\/uploads\/2025\/05\/Captura.jpg","keywords":["Jordi Pujol"],"articleSection":["Punts clau del dia (ES)"],"inLanguage":"es","potentialAction":[{"@type":"CommentAction","name":"Comment","target":["https:\/\/conversesacatalunya.cat\/es\/el-padre-nuestro-de-jordi-pujol\/#respond"]}]},{"@type":"WebPage","@id":"https:\/\/conversesacatalunya.cat\/es\/el-padre-nuestro-de-jordi-pujol\/","url":"https:\/\/conversesacatalunya.cat\/es\/el-padre-nuestro-de-jordi-pujol\/","name":"El \u201cPare Nostre\u201d de Jordi Pujol - Converses a Catalunya","isPartOf":{"@id":"https:\/\/conversesacatalunya.cat\/#website"},"primaryImageOfPage":{"@id":"https:\/\/conversesacatalunya.cat\/es\/el-padre-nuestro-de-jordi-pujol\/#primaryimage"},"image":{"@id":"https:\/\/conversesacatalunya.cat\/es\/el-padre-nuestro-de-jordi-pujol\/#primaryimage"},"thumbnailUrl":"https:\/\/conversesacatalunya.cat\/wp-content\/uploads\/2025\/05\/Captura.jpg","datePublished":"2025-05-09T10:09:01+00:00","dateModified":"2025-05-09T10:30:52+00:00","author":{"@id":"https:\/\/conversesacatalunya.cat\/#\/schema\/person\/46306de4129bccb959ed5e1720c4e3e7"},"description":"Pare nostre valoraci\u00f3n: es una obra que vale la pena. Tiene ritmo, tiene intenci\u00f3n y tiene oficio. Une una narrativa propia del buen cine","breadcrumb":{"@id":"https:\/\/conversesacatalunya.cat\/es\/el-padre-nuestro-de-jordi-pujol\/#breadcrumb"},"inLanguage":"es","potentialAction":[{"@type":"ReadAction","target":["https:\/\/conversesacatalunya.cat\/es\/el-padre-nuestro-de-jordi-pujol\/"]}]},{"@type":"ImageObject","inLanguage":"es","@id":"https:\/\/conversesacatalunya.cat\/es\/el-padre-nuestro-de-jordi-pujol\/#primaryimage","url":"https:\/\/conversesacatalunya.cat\/wp-content\/uploads\/2025\/05\/Captura.jpg","contentUrl":"https:\/\/conversesacatalunya.cat\/wp-content\/uploads\/2025\/05\/Captura.jpg","width":864,"height":495,"caption":"Pare nostre valoraci\u00f3n"},{"@type":"BreadcrumbList","@id":"https:\/\/conversesacatalunya.cat\/es\/el-padre-nuestro-de-jordi-pujol\/#breadcrumb","itemListElement":[{"@type":"ListItem","position":1,"name":"Inici","item":"https:\/\/conversesacatalunya.cat\/es\/"},{"@type":"ListItem","position":2,"name":"El \u201cPare Nostre\u201d de Jordi Pujol"}]},{"@type":"WebSite","@id":"https:\/\/conversesacatalunya.cat\/#website","url":"https:\/\/conversesacatalunya.cat\/","name":"Converses a Catalunya","description":"","potentialAction":[{"@type":"SearchAction","target":{"@type":"EntryPoint","urlTemplate":"https:\/\/conversesacatalunya.cat\/?s={search_term_string}"},"query-input":{"@type":"PropertyValueSpecification","valueRequired":true,"valueName":"search_term_string"}}],"inLanguage":"es"},{"@type":"Person","@id":"https:\/\/conversesacatalunya.cat\/#\/schema\/person\/46306de4129bccb959ed5e1720c4e3e7","name":"Emili Clos","image":{"@type":"ImageObject","inLanguage":"es","@id":"https:\/\/conversesacatalunya.cat\/#\/schema\/person\/image\/","url":"https:\/\/conversesacatalunya.cat\/wp-content\/litespeed\/avatar\/a9a662bd802eed79498de818aef91cc9.jpg?ver=1777096184","contentUrl":"https:\/\/conversesacatalunya.cat\/wp-content\/litespeed\/avatar\/a9a662bd802eed79498de818aef91cc9.jpg?ver=1777096184","caption":"Emili Clos"},"url":"https:\/\/conversesacatalunya.cat\/es\/author\/emili_clos\/"}]}},"wps_subtitle":"Pare Nostre es una pel\u00edcula valiente. No porque haga ninguna gran denuncia, ni porque revele ninguna verdad oculta, sino porque se atreve a mirar de cara a un personaje que, durante d\u00e9cadas, ha sido el nervio de un pa\u00eds y, al mismo tiempo, su espejo m\u00e1s inc\u00f3modo: Jordi Pujol.","_links":{"self":[{"href":"https:\/\/conversesacatalunya.cat\/es\/wp-json\/wp\/v2\/posts\/88267","targetHints":{"allow":["GET"]}}],"collection":[{"href":"https:\/\/conversesacatalunya.cat\/es\/wp-json\/wp\/v2\/posts"}],"about":[{"href":"https:\/\/conversesacatalunya.cat\/es\/wp-json\/wp\/v2\/types\/post"}],"author":[{"embeddable":true,"href":"https:\/\/conversesacatalunya.cat\/es\/wp-json\/wp\/v2\/users\/81"}],"replies":[{"embeddable":true,"href":"https:\/\/conversesacatalunya.cat\/es\/wp-json\/wp\/v2\/comments?post=88267"}],"version-history":[{"count":5,"href":"https:\/\/conversesacatalunya.cat\/es\/wp-json\/wp\/v2\/posts\/88267\/revisions"}],"predecessor-version":[{"id":88269,"href":"https:\/\/conversesacatalunya.cat\/es\/wp-json\/wp\/v2\/posts\/88267\/revisions\/88269"}],"wp:featuredmedia":[{"embeddable":true,"href":"https:\/\/conversesacatalunya.cat\/es\/wp-json\/wp\/v2\/media\/88260"}],"wp:attachment":[{"href":"https:\/\/conversesacatalunya.cat\/es\/wp-json\/wp\/v2\/media?parent=88267"}],"wp:term":[{"taxonomy":"category","embeddable":true,"href":"https:\/\/conversesacatalunya.cat\/es\/wp-json\/wp\/v2\/categories?post=88267"},{"taxonomy":"post_tag","embeddable":true,"href":"https:\/\/conversesacatalunya.cat\/es\/wp-json\/wp\/v2\/tags?post=88267"}],"curies":[{"name":"wp","href":"https:\/\/api.w.org\/{rel}","templated":true}]}}