{"id":88235,"date":"2025-05-09T09:48:28","date_gmt":"2025-05-09T07:48:28","guid":{"rendered":"https:\/\/conversesacatalunya.cat\/?p=88235"},"modified":"2025-05-20T08:14:49","modified_gmt":"2025-05-20T06:14:49","slug":"converses-a-catalunya-se-integra-en-la-fundacion-para-el-desarrollo-humano-y-social","status":"publish","type":"post","link":"https:\/\/conversesacatalunya.cat\/es\/converses-a-catalunya-se-integra-en-la-fundacion-para-el-desarrollo-humano-y-social\/","title":{"rendered":"Nueva etapa para la regeneraci\u00f3n c\u00edvica y social: Converses a Catalunya se integra en la Fundaci\u00f3n para el Desarrollo Humano y Social"},"content":{"rendered":"<p>El<em> Grupo de Opini\u00f3n Converses a Catalunya<\/em> se integra plenamente en la<strong><em><a href=\"https:\/\/www.fundsocial.org\/\" target=\"_blank\" rel=\"noopener\"> Fundaci\u00f3n para el Desarrollo Humano y Social<\/a>,<\/em><\/strong> fortaleciendo as\u00ed una trayectoria com\u00fan orientada a la regeneraci\u00f3n de la vida c\u00edvica y pol\u00edtica del pa\u00eds. Esta integraci\u00f3n nace de una profunda coincidencia en los objetivos y en la visi\u00f3n de fondo: afrontar la degradaci\u00f3n de nuestro estado de derecho y de la pr\u00e1ctica democr\u00e1tica a trav\u00e9s de la reflexi\u00f3n, la comunicaci\u00f3n y, sobre todo, la conversaci\u00f3n.<\/p>\n<p><span>El\u00a0<em>Grupo de Opini\u00f3n Converses a Catalunya<\/em>,\u00a0fiel a su vocaci\u00f3n, se propone\u00a0<a href=\"https:\/\/conversesacatalunya.cat\/es\/107-objetivos-para-regenerar-renovar-transformar-y-levantar-cataluna-accion-politica\/\" target=\"_blank\" rel=\"noopener\"><strong>regenerar, reparar y transformar<\/strong><\/a>\u00a0el tejido institucional del pa\u00eds, convencido de que existe un problema estructural que deteriora gravemente la calidad democr\u00e1tica. En este sentido, el entendimiento con la\u00a0<em>Fundaci\u00f3n para el Desarrollo Humano y Social<\/em>\u00a0es natural, dado que \u00e9sta trabaja por objetivos muy parecidos, por no decir id\u00e9nticos.<\/span><span>\u00a0<\/span><a href=\"https:\/\/conversesacatalunya-cat.translate.goog\/107-objectius-per-regenerar-renovar-transformar-i-aixecar-catalunya-accio-politica\/?_x_tr_sl=ca&amp;_x_tr_tl=es&amp;_x_tr_hl=es&amp;_x_tr_pto=wapp\" target=\"_blank\" rel=\"noopener\"><span>\u00a0<\/span><\/a><\/p>\n<p style=\"font-weight: 400;\"><span><span class=\"\">La\u00a0<\/span><em><span class=\"\">Fundaci\u00f3n para el Desarrollo Humano y Social<\/span><\/em><span class=\"\">\u00a0tiene como finalidades la promoci\u00f3n y difusi\u00f3n de los valores y derechos fundamentales de las personas y familias, de acuerdo con la Constituci\u00f3n y con los derechos humanos. Tambi\u00e9n fomenta valores morales que favorezcan el crecimiento del capital social y la preservaci\u00f3n y desarrollo de las instituciones socialmente relevantes. En paralelo, impulsa el conocimiento de las causas sociales y culturales que afectan negativamente a estos objetivos y trabaja para aportar soluciones.<\/span><\/span><span>\u00a0<\/span><span>\u00a0<\/span><\/p>\n<p style=\"font-weight: 400;\"><span><span class=\"VIpgJd-yAWNEb-VIpgJd-fmcmS-sn54Q\">Un \u00e1mbito central de la actividad de la Fundaci\u00f3n ha sido el estudio de los problemas estructurales de la sociedad espa\u00f1ola, especialmente en lo que se refiere a la gobernanza, y la propuesta de mejoras concretas. Desde 2014, ha dedicado un esfuerzo destacado a la atenci\u00f3n de los j\u00f3venes que ni estudian ni trabajan (<\/span><\/span><em><span><span class=\"VIpgJd-yAWNEb-VIpgJd-fmcmS-sn54Q\">ninis<\/span><\/span><\/em><span><span class=\"VIpgJd-yAWNEb-VIpgJd-fmcmS-sn54Q\">)\u00a0y de los adolescentes m\u00e1s vulnerables con reiteradas repeticiones escolares, a trav\u00e9s de una\u00a0<\/span><\/span><strong><span><span class=\"VIpgJd-yAWNEb-VIpgJd-fmcmS-sn54Q\">metodolog\u00eda propia dise\u00f1ada para su recuperaci\u00f3n personal y social<\/span><\/span><\/strong><span><span class=\"VIpgJd-yAWNEb-VIpgJd-fmcmS-sn54Q\">. Este es uno de los grandes desaf\u00edos de nuestro tiempo, ya que afecta al futuro de muchas vidas y, por extensi\u00f3n, al futuro del pa\u00eds.<\/span><\/span><\/p>\n<p style=\"font-weight: 400;\"><span>Adem\u00e1s de esta acci\u00f3n educativa y social, la Fundaci\u00f3n ha desarrollado otras iniciativas de acuerdo a sus fines fundacionales, tanto directamente como colaborando con asociaciones afines que trabajan en proyectos concretos con objetivos compartidos.<\/span><\/p>\n<p style=\"font-weight: 400;\"><span><span class=\"VIpgJd-yAWNEb-VIpgJd-fmcmS-sn54Q\">Con la nueva etapa que ahora comienza, tanto\u00a0<\/span><em><span class=\"VIpgJd-yAWNEb-VIpgJd-fmcmS-sn54Q\">Converses a Catalunya<\/span><\/em><span class=\"VIpgJd-yAWNEb-VIpgJd-fmcmS-sn54Q\">\u00a0como la\u00a0<\/span><em><span class=\"VIpgJd-yAWNEb-VIpgJd-fmcmS-sn54Q\">Fundaci\u00f3n para el Desarrollo Humano y Social<\/span><\/em><span class=\"VIpgJd-yAWNEb-VIpgJd-fmcmS-sn54Q\">\u00a0se ven fortalecidas por esta integraci\u00f3n. El nuevo patronato que asumir\u00e1 la direcci\u00f3n estar\u00e1 compuesto por:\u00a0<\/span><strong><span class=\"VIpgJd-yAWNEb-VIpgJd-fmcmS-sn54Q\">Josep Vila Bassas<\/span><\/strong><span class=\"VIpgJd-yAWNEb-VIpgJd-fmcmS-sn54Q\">\u00a0(presidente),\u00a0<\/span><strong><span class=\"VIpgJd-yAWNEb-VIpgJd-fmcmS-sn54Q\">Jaume Grego<\/span><\/strong><span class=\"VIpgJd-yAWNEb-VIpgJd-fmcmS-sn54Q\">,\u00a0<\/span><strong><span class=\"VIpgJd-yAWNEb-VIpgJd-fmcmS-sn54Q\">Borja Garc\u00eda-Nieto<\/span><\/strong><span class=\"VIpgJd-yAWNEb-VIpgJd-fmcmS-sn54Q\">,\u00a0<\/span><strong><span class=\"VIpgJd-yAWNEb-VIpgJd-fmcmS-sn54Q\">Manuel Silva, Ricardo Fern\u00e1ndez Deu<\/span><\/strong><span class=\"VIpgJd-yAWNEb-VIpgJd-fmcmS-sn54Q\">,\u00a0<\/span><strong><span class=\"VIpgJd-yAWNEb-VIpgJd-fmcmS-sn54Q\">Juan Jos\u00e9 Folchi<\/span><\/strong><span class=\"VIpgJd-yAWNEb-VIpgJd-fmcmS-sn54Q\">,\u00a0<\/span><strong><span class=\"VIpgJd-yAWNEb-VIpgJd-fmcmS-sn54Q\">Eugenio Gay<\/span><\/strong><span class=\"VIpgJd-yAWNEb-VIpgJd-fmcmS-sn54Q\">,\u00a0<\/span><strong><span class=\"VIpgJd-yAWNEb-VIpgJd-fmcmS-sn54Q\">Remei\u00a0<\/span><span class=\"VIpgJd-yAWNEb-VIpgJd-fmcmS-sn54Q\">G\u00f3mez<\/span><\/strong><span class=\"VIpgJd-yAWNEb-VIpgJd-fmcmS-sn54Q\">,\u00a0<\/span><strong><span class=\"VIpgJd-yAWNEb-VIpgJd-fmcmS-sn54Q\">Juan Jos\u00e9 L\u00f3pez Burniol<\/span><\/strong><span class=\"VIpgJd-yAWNEb-VIpgJd-fmcmS-sn54Q\">,\u00a0<\/span><strong><span class=\"VIpgJd-yAWNEb-VIpgJd-fmcmS-sn54Q\">Javier Mirallas,<\/span><\/strong><span class=\"VIpgJd-yAWNEb-VIpgJd-fmcmS-sn54Q\"><strong>\u00a0Josep<\/strong>\u00a0<\/span><strong><span class=\"VIpgJd-yAWNEb-VIpgJd-fmcmS-sn54Q\">Mir\u00f3<\/span><\/strong><span class=\"VIpgJd-yAWNEb-VIpgJd-fmcmS-sn54Q\"> i\u00a0<\/span><strong><span class=\"VIpgJd-yAWNEb-VIpgJd-fmcmS-sn54Q\">Ard\u00e8vol, <\/span><\/strong><strong><span class=\"VIpgJd-yAWNEb-VIpgJd-fmcmS-sn54Q\">Montserrat Nebrera, S\u00edlvia Requena y Montserrat Vedaguer.<\/span><\/strong><\/span><\/p>\n<p style=\"font-weight: 400;\"><span><span class=\"VIpgJd-yAWNEb-VIpgJd-fmcmS-sn54Q\">Adem\u00e1s, como se aprob\u00f3 en la reuni\u00f3n constitutiva del nuevo patronato, se crea el\u00a0<\/span><strong><em><span class=\"VIpgJd-yAWNEb-VIpgJd-fmcmS-sn54Q\">Consejo Asesor de la Fundaci\u00f3n<\/span><\/em><\/strong><strong><span class=\"VIpgJd-yAWNEb-VIpgJd-fmcmS-sn54Q\">,<\/span><\/strong><span class=\"VIpgJd-yAWNEb-VIpgJd-fmcmS-sn54Q\">\u00a0que integrar\u00e1 al resto de miembros del\u00a0<\/span><em><span class=\"VIpgJd-yAWNEb-VIpgJd-fmcmS-sn54Q\">Grupo de Opini\u00f3n Converses a Catalunya<\/span><\/em><span class=\"VIpgJd-yAWNEb-VIpgJd-fmcmS-sn54Q\">.\u00a0Este consejo actuar\u00e1 como marco de debate y participaci\u00f3n continua.<\/span><\/span><span>\u00a0<\/span><\/p>\n<p style=\"font-weight: 400;\"><span><span class=\"VIpgJd-yAWNEb-VIpgJd-fmcmS-sn54Q\">La principal misi\u00f3n del patronato y del Consejo Asesor, en esta nueva etapa, ser\u00e1 la elaboraci\u00f3n del programa de actuaci\u00f3n para lo que resta del a\u00f1o 2025, dentro del marco de los objetivos fundacionales. Esta tarea estar\u00e1 presidida por\u00a0<\/span><\/span><strong><span><span class=\"VIpgJd-yAWNEb-VIpgJd-fmcmS-sn54Q\">el objetivo com\u00fan<\/span><\/span><\/strong><span><span class=\"VIpgJd-yAWNEb-VIpgJd-fmcmS-sn54Q\">\u00a0de contribuir a regenerar, reparar y transformar las instituciones, la vida pol\u00edtica y la forma en que se practica la democracia en nuestro pa\u00eds.<\/span><\/span><\/p>\n<p style=\"font-weight: 400;\"><span class='bctt-click-to-tweet'><span class='bctt-ctt-text'><a href='https:\/\/twitter.com\/intent\/tweet?url=https%3A%2F%2Fconversesacatalunya.cat%2Fes%2Fconverses-a-catalunya-se-integra-en-la-fundacion-para-el-desarrollo-humano-y-social%2F&#038;text=El%20objetivo%20com%C3%BAn%20de%20contribuir%20a%20regenerar%2C%20reparar%20y%20transformar%20las%20instituciones%2C%20la%20vida%20pol%C3%ADtica%20y%20la%20forma%20en%20que%20se%20practica%20la%20democracia%20en%20nuestro%20pa%C3%ADs&#038;via=conversesacat&#038;related=conversesacat' target='_blank'rel=\"noopener noreferrer\">El objetivo com\u00fan de contribuir a regenerar, reparar y transformar las instituciones, la vida pol\u00edtica y la forma en que se practica la democracia en nuestro pa\u00eds <\/a><\/span><a href='https:\/\/twitter.com\/intent\/tweet?url=https%3A%2F%2Fconversesacatalunya.cat%2Fes%2Fconverses-a-catalunya-se-integra-en-la-fundacion-para-el-desarrollo-humano-y-social%2F&#038;text=El%20objetivo%20com%C3%BAn%20de%20contribuir%20a%20regenerar%2C%20reparar%20y%20transformar%20las%20instituciones%2C%20la%20vida%20pol%C3%ADtica%20y%20la%20forma%20en%20que%20se%20practica%20la%20democracia%20en%20nuestro%20pa%C3%ADs&#038;via=conversesacat&#038;related=conversesacat' target='_blank' class='bctt-ctt-btn'rel=\"noopener noreferrer\">Compartir en X<\/a><\/span>\n<p style=\"font-weight: 400;\">\n","protected":false},"excerpt":{"rendered":"<p>El Grupo de Opini\u00f3n Converses a Catalunya se integra plenamente en la Fundaci\u00f3n para el Desarrollo Humano y Social, fortaleciendo as\u00ed una trayectoria com\u00fan orientada a la regeneraci\u00f3n de la vida c\u00edvica y pol\u00edtica del pa\u00eds. Esta integraci\u00f3n nace de una profunda coincidencia en los objetivos y en la visi\u00f3n de fondo: afrontar la degradaci\u00f3n de nuestro estado de derecho y de la pr\u00e1ctica democr\u00e1tica a trav\u00e9s de la reflexi\u00f3n, la comunicaci\u00f3n y, sobre todo, la conversaci\u00f3n. El\u00a0Grupo de Opini\u00f3n Converses a Catalunya,\u00a0fiel a su vocaci\u00f3n, se propone\u00a0regenerar, reparar y transformar\u00a0el tejido institucional del pa\u00eds, convencido de que existe un problema estructural que deteriora gravemente la calidad democr\u00e1tica. En este sentido, el entendimiento con la\u00a0Fundaci\u00f3n para el Desarrollo Humano y Social\u00a0es natural, dado que \u00e9sta trabaja por objetivos muy parecidos, por no decir id\u00e9nticos.\u00a0\u00a0 La\u00a0Fundaci\u00f3n para el Desarrollo Humano y Social\u00a0tiene como finalidades la promoci\u00f3n y difusi\u00f3n de los valores y derechos fundamentales de las personas y familias, de acuerdo con la Constituci\u00f3n y con los derechos humanos. Tambi\u00e9n fomenta valores morales que favorezcan el crecimiento del capital social y la preservaci\u00f3n y desarrollo de las instituciones socialmente relevantes. En paralelo, impulsa el conocimiento de las causas sociales y culturales que afectan negativamente a estos objetivos y trabaja para aportar soluciones.\u00a0\u00a0 Un \u00e1mbito central de la actividad de la Fundaci\u00f3n ha sido el estudio de los problemas estructurales de la sociedad espa\u00f1ola, especialmente en lo que se refiere a la gobernanza, y la propuesta de mejoras concretas. Desde 2014, ha dedicado un esfuerzo destacado a la atenci\u00f3n de los j\u00f3venes que ni estudian ni trabajan (ninis)\u00a0y de los adolescentes m\u00e1s vulnerables con reiteradas repeticiones escolares, a trav\u00e9s de una\u00a0metodolog\u00eda propia dise\u00f1ada para su recuperaci\u00f3n personal y social. Este es uno de los grandes desaf\u00edos de nuestro tiempo, ya que afecta al futuro de muchas vidas y, por extensi\u00f3n, al futuro del pa\u00eds. Adem\u00e1s de esta acci\u00f3n educativa y social, la Fundaci\u00f3n ha desarrollado otras iniciativas de acuerdo a sus fines fundacionales, tanto directamente como colaborando con asociaciones afines que trabajan en proyectos concretos con objetivos compartidos. Con la nueva etapa que ahora comienza, tanto\u00a0Converses a Catalunya\u00a0como la\u00a0Fundaci\u00f3n para el Desarrollo Humano y Social\u00a0se ven fortalecidas por esta integraci\u00f3n. El nuevo patronato que asumir\u00e1 la direcci\u00f3n estar\u00e1 compuesto por:\u00a0Josep Vila Bassas\u00a0(presidente),\u00a0Jaume Grego,\u00a0Borja Garc\u00eda-Nieto,\u00a0Manuel Silva, Ricardo Fern\u00e1ndez Deu,\u00a0Juan Jos\u00e9 Folchi,\u00a0Eugenio Gay,\u00a0Remei\u00a0G\u00f3mez,\u00a0Juan Jos\u00e9 L\u00f3pez Burniol,\u00a0Javier Mirallas,\u00a0Josep\u00a0Mir\u00f3 i\u00a0Ard\u00e8vol, Montserrat Nebrera, S\u00edlvia Requena y Montserrat Vedaguer. Adem\u00e1s, como se aprob\u00f3 en la reuni\u00f3n constitutiva del nuevo patronato, se crea el\u00a0Consejo Asesor de la Fundaci\u00f3n,\u00a0que integrar\u00e1 al resto de miembros del\u00a0Grupo de Opini\u00f3n Converses a Catalunya.\u00a0Este consejo actuar\u00e1 como marco de debate y participaci\u00f3n continua.\u00a0 La principal misi\u00f3n del patronato y del Consejo Asesor, en esta nueva etapa, ser\u00e1 la elaboraci\u00f3n del programa de actuaci\u00f3n para lo que resta del a\u00f1o 2025, dentro del marco de los objetivos fundacionales. Esta tarea estar\u00e1 presidida por\u00a0el objetivo com\u00fan\u00a0de contribuir a regenerar, reparar y transformar las instituciones, la vida pol\u00edtica y la forma en que se practica la democracia en nuestro pa\u00eds.<\/p>\n","protected":false},"author":3,"featured_media":88229,"comment_status":"open","ping_status":"open","sticky":false,"template":"","format":"standard","meta":{"_FSMCFIC_featured_image_caption":"","_FSMCFIC_featured_image_nocaption":"","_FSMCFIC_featured_image_hide":"","footnotes":""},"categories":[806],"tags":[4821,4822],"class_list":["post-88235","post","type-post","status-publish","format-standard","has-post-thumbnail","hentry","category-punts-claus-del-dia-es","tag-objectius-catalunya-es","tag-objetivos-cataluna"],"yoast_head":"<!-- This site is optimized with the Yoast SEO plugin v26.8 - https:\/\/yoast.com\/product\/yoast-seo-wordpress\/ -->\n<title>Nueva etapa para la regeneraci\u00f3n c\u00edvica y social: Converses a Catalunya se integra en la Fundaci\u00f3n para el Desarrollo Humano y Social - Converses a Catalunya<\/title>\n<meta name=\"description\" content=\"Grupo de Opini\u00f3n Converses a Catalunya se integra en la Fundaci\u00f3n para el Desarrollo Humano y Social, fortaleciendo as\u00ed una trayectoria com\u00fan\" \/>\n<meta name=\"robots\" content=\"index, follow, max-snippet:-1, max-image-preview:large, max-video-preview:-1\" \/>\n<link rel=\"canonical\" href=\"https:\/\/conversesacatalunya.cat\/es\/converses-a-catalunya-se-integra-en-la-fundacion-para-el-desarrollo-humano-y-social\/\" \/>\n<meta property=\"og:locale\" content=\"es_ES\" \/>\n<meta property=\"og:type\" content=\"article\" \/>\n<meta property=\"og:title\" content=\"Nueva etapa para la regeneraci\u00f3n c\u00edvica y social: Converses a Catalunya se integra en la Fundaci\u00f3n para el Desarrollo Humano y Social - Converses a Catalunya\" \/>\n<meta property=\"og:description\" content=\"Grupo de Opini\u00f3n Converses a Catalunya se integra en la Fundaci\u00f3n para el Desarrollo Humano y Social, fortaleciendo as\u00ed una trayectoria com\u00fan\" \/>\n<meta property=\"og:url\" content=\"https:\/\/conversesacatalunya.cat\/es\/converses-a-catalunya-se-integra-en-la-fundacion-para-el-desarrollo-humano-y-social\/\" \/>\n<meta property=\"og:site_name\" content=\"Converses a Catalunya\" \/>\n<meta property=\"article:published_time\" content=\"2025-05-09T07:48:28+00:00\" \/>\n<meta property=\"article:modified_time\" content=\"2025-05-20T06:14:49+00:00\" \/>\n<meta property=\"og:image\" content=\"https:\/\/conversesacatalunya.cat\/wp-content\/uploads\/2025\/05\/LOGO-CAMISETA-3.jpg\" \/>\n\t<meta property=\"og:image:width\" content=\"1600\" \/>\n\t<meta property=\"og:image:height\" content=\"884\" \/>\n\t<meta property=\"og:image:type\" content=\"image\/jpeg\" \/>\n<meta name=\"author\" content=\"conversesacatalunya\" \/>\n<meta name=\"twitter:card\" content=\"summary_large_image\" \/>\n<meta name=\"twitter:label1\" content=\"Escrito por\" \/>\n\t<meta name=\"twitter:data1\" content=\"conversesacatalunya\" \/>\n\t<meta name=\"twitter:label2\" content=\"Tiempo de lectura\" \/>\n\t<meta name=\"twitter:data2\" content=\"3 minutos\" \/>\n<script type=\"application\/ld+json\" class=\"yoast-schema-graph\">{\"@context\":\"https:\/\/schema.org\",\"@graph\":[{\"@type\":\"Article\",\"@id\":\"https:\/\/conversesacatalunya.cat\/es\/converses-a-catalunya-se-integra-en-la-fundacion-para-el-desarrollo-humano-y-social\/#article\",\"isPartOf\":{\"@id\":\"https:\/\/conversesacatalunya.cat\/es\/converses-a-catalunya-se-integra-en-la-fundacion-para-el-desarrollo-humano-y-social\/\"},\"author\":{\"name\":\"conversesacatalunya\",\"@id\":\"https:\/\/conversesacatalunya.cat\/#\/schema\/person\/982274792508d804a0821b413c9ac076\"},\"headline\":\"Nueva etapa para la regeneraci\u00f3n c\u00edvica y social: Converses a Catalunya se integra en la Fundaci\u00f3n para el Desarrollo Humano y Social\",\"datePublished\":\"2025-05-09T07:48:28+00:00\",\"dateModified\":\"2025-05-20T06:14:49+00:00\",\"mainEntityOfPage\":{\"@id\":\"https:\/\/conversesacatalunya.cat\/es\/converses-a-catalunya-se-integra-en-la-fundacion-para-el-desarrollo-humano-y-social\/\"},\"wordCount\":658,\"commentCount\":0,\"image\":{\"@id\":\"https:\/\/conversesacatalunya.cat\/es\/converses-a-catalunya-se-integra-en-la-fundacion-para-el-desarrollo-humano-y-social\/#primaryimage\"},\"thumbnailUrl\":\"https:\/\/conversesacatalunya.cat\/wp-content\/uploads\/2025\/05\/LOGO-CAMISETA-3.jpg\",\"keywords\":[\"objectius Catalunya\",\"objetivos Catalu\u00f1a\"],\"articleSection\":[\"Punts clau del dia (ES)\"],\"inLanguage\":\"es\",\"potentialAction\":[{\"@type\":\"CommentAction\",\"name\":\"Comment\",\"target\":[\"https:\/\/conversesacatalunya.cat\/es\/converses-a-catalunya-se-integra-en-la-fundacion-para-el-desarrollo-humano-y-social\/#respond\"]}]},{\"@type\":\"WebPage\",\"@id\":\"https:\/\/conversesacatalunya.cat\/es\/converses-a-catalunya-se-integra-en-la-fundacion-para-el-desarrollo-humano-y-social\/\",\"url\":\"https:\/\/conversesacatalunya.cat\/es\/converses-a-catalunya-se-integra-en-la-fundacion-para-el-desarrollo-humano-y-social\/\",\"name\":\"Nueva etapa para la regeneraci\u00f3n c\u00edvica y social: Converses a Catalunya se integra en la Fundaci\u00f3n para el Desarrollo Humano y Social - Converses a Catalunya\",\"isPartOf\":{\"@id\":\"https:\/\/conversesacatalunya.cat\/#website\"},\"primaryImageOfPage\":{\"@id\":\"https:\/\/conversesacatalunya.cat\/es\/converses-a-catalunya-se-integra-en-la-fundacion-para-el-desarrollo-humano-y-social\/#primaryimage\"},\"image\":{\"@id\":\"https:\/\/conversesacatalunya.cat\/es\/converses-a-catalunya-se-integra-en-la-fundacion-para-el-desarrollo-humano-y-social\/#primaryimage\"},\"thumbnailUrl\":\"https:\/\/conversesacatalunya.cat\/wp-content\/uploads\/2025\/05\/LOGO-CAMISETA-3.jpg\",\"datePublished\":\"2025-05-09T07:48:28+00:00\",\"dateModified\":\"2025-05-20T06:14:49+00:00\",\"author\":{\"@id\":\"https:\/\/conversesacatalunya.cat\/#\/schema\/person\/982274792508d804a0821b413c9ac076\"},\"description\":\"Grupo de Opini\u00f3n Converses a Catalunya se integra en la Fundaci\u00f3n para el Desarrollo Humano y Social, fortaleciendo as\u00ed una trayectoria com\u00fan\",\"breadcrumb\":{\"@id\":\"https:\/\/conversesacatalunya.cat\/es\/converses-a-catalunya-se-integra-en-la-fundacion-para-el-desarrollo-humano-y-social\/#breadcrumb\"},\"inLanguage\":\"es\",\"potentialAction\":[{\"@type\":\"ReadAction\",\"target\":[\"https:\/\/conversesacatalunya.cat\/es\/converses-a-catalunya-se-integra-en-la-fundacion-para-el-desarrollo-humano-y-social\/\"]}]},{\"@type\":\"ImageObject\",\"inLanguage\":\"es\",\"@id\":\"https:\/\/conversesacatalunya.cat\/es\/converses-a-catalunya-se-integra-en-la-fundacion-para-el-desarrollo-humano-y-social\/#primaryimage\",\"url\":\"https:\/\/conversesacatalunya.cat\/wp-content\/uploads\/2025\/05\/LOGO-CAMISETA-3.jpg\",\"contentUrl\":\"https:\/\/conversesacatalunya.cat\/wp-content\/uploads\/2025\/05\/LOGO-CAMISETA-3.jpg\",\"width\":1600,\"height\":884,\"caption\":\"Grupo de Opini\u00f3n\u00a0Converses a Catalunya\u00a0\"},{\"@type\":\"BreadcrumbList\",\"@id\":\"https:\/\/conversesacatalunya.cat\/es\/converses-a-catalunya-se-integra-en-la-fundacion-para-el-desarrollo-humano-y-social\/#breadcrumb\",\"itemListElement\":[{\"@type\":\"ListItem\",\"position\":1,\"name\":\"Inici\",\"item\":\"https:\/\/conversesacatalunya.cat\/es\/\"},{\"@type\":\"ListItem\",\"position\":2,\"name\":\"Nueva etapa para la regeneraci\u00f3n c\u00edvica y social: Converses a Catalunya se integra en la Fundaci\u00f3n para el Desarrollo Humano y Social\"}]},{\"@type\":\"WebSite\",\"@id\":\"https:\/\/conversesacatalunya.cat\/#website\",\"url\":\"https:\/\/conversesacatalunya.cat\/\",\"name\":\"Converses a Catalunya\",\"description\":\"\",\"potentialAction\":[{\"@type\":\"SearchAction\",\"target\":{\"@type\":\"EntryPoint\",\"urlTemplate\":\"https:\/\/conversesacatalunya.cat\/?s={search_term_string}\"},\"query-input\":{\"@type\":\"PropertyValueSpecification\",\"valueRequired\":true,\"valueName\":\"search_term_string\"}}],\"inLanguage\":\"es\"},{\"@type\":\"Person\",\"@id\":\"https:\/\/conversesacatalunya.cat\/#\/schema\/person\/982274792508d804a0821b413c9ac076\",\"name\":\"conversesacatalunya\",\"image\":{\"@type\":\"ImageObject\",\"inLanguage\":\"es\",\"@id\":\"https:\/\/conversesacatalunya.cat\/#\/schema\/person\/image\/\",\"url\":\"https:\/\/conversesacatalunya.cat\/wp-content\/litespeed\/avatar\/f04b47eeffd9637c7cf7869e217fb9ec.jpg?ver=1777370077\",\"contentUrl\":\"https:\/\/conversesacatalunya.cat\/wp-content\/litespeed\/avatar\/f04b47eeffd9637c7cf7869e217fb9ec.jpg?ver=1777370077\",\"caption\":\"conversesacatalunya\"},\"url\":\"https:\/\/conversesacatalunya.cat\/es\/author\/muntsa_escola\/\"}]}<\/script>\n<!-- \/ Yoast SEO plugin. -->","yoast_head_json":{"title":"Nueva etapa para la regeneraci\u00f3n c\u00edvica y social: Converses a Catalunya se integra en la Fundaci\u00f3n para el Desarrollo Humano y Social - Converses a Catalunya","description":"Grupo de Opini\u00f3n Converses a Catalunya se integra en la Fundaci\u00f3n para el Desarrollo Humano y Social, fortaleciendo as\u00ed una trayectoria com\u00fan","robots":{"index":"index","follow":"follow","max-snippet":"max-snippet:-1","max-image-preview":"max-image-preview:large","max-video-preview":"max-video-preview:-1"},"canonical":"https:\/\/conversesacatalunya.cat\/es\/converses-a-catalunya-se-integra-en-la-fundacion-para-el-desarrollo-humano-y-social\/","og_locale":"es_ES","og_type":"article","og_title":"Nueva etapa para la regeneraci\u00f3n c\u00edvica y social: Converses a Catalunya se integra en la Fundaci\u00f3n para el Desarrollo Humano y Social - Converses a Catalunya","og_description":"Grupo de Opini\u00f3n Converses a Catalunya se integra en la Fundaci\u00f3n para el Desarrollo Humano y Social, fortaleciendo as\u00ed una trayectoria com\u00fan","og_url":"https:\/\/conversesacatalunya.cat\/es\/converses-a-catalunya-se-integra-en-la-fundacion-para-el-desarrollo-humano-y-social\/","og_site_name":"Converses a Catalunya","article_published_time":"2025-05-09T07:48:28+00:00","article_modified_time":"2025-05-20T06:14:49+00:00","og_image":[{"width":1600,"height":884,"url":"https:\/\/conversesacatalunya.cat\/wp-content\/uploads\/2025\/05\/LOGO-CAMISETA-3.jpg","type":"image\/jpeg"}],"author":"conversesacatalunya","twitter_card":"summary_large_image","twitter_misc":{"Escrito por":"conversesacatalunya","Tiempo de lectura":"3 minutos"},"schema":{"@context":"https:\/\/schema.org","@graph":[{"@type":"Article","@id":"https:\/\/conversesacatalunya.cat\/es\/converses-a-catalunya-se-integra-en-la-fundacion-para-el-desarrollo-humano-y-social\/#article","isPartOf":{"@id":"https:\/\/conversesacatalunya.cat\/es\/converses-a-catalunya-se-integra-en-la-fundacion-para-el-desarrollo-humano-y-social\/"},"author":{"name":"conversesacatalunya","@id":"https:\/\/conversesacatalunya.cat\/#\/schema\/person\/982274792508d804a0821b413c9ac076"},"headline":"Nueva etapa para la regeneraci\u00f3n c\u00edvica y social: Converses a Catalunya se integra en la Fundaci\u00f3n para el Desarrollo Humano y Social","datePublished":"2025-05-09T07:48:28+00:00","dateModified":"2025-05-20T06:14:49+00:00","mainEntityOfPage":{"@id":"https:\/\/conversesacatalunya.cat\/es\/converses-a-catalunya-se-integra-en-la-fundacion-para-el-desarrollo-humano-y-social\/"},"wordCount":658,"commentCount":0,"image":{"@id":"https:\/\/conversesacatalunya.cat\/es\/converses-a-catalunya-se-integra-en-la-fundacion-para-el-desarrollo-humano-y-social\/#primaryimage"},"thumbnailUrl":"https:\/\/conversesacatalunya.cat\/wp-content\/uploads\/2025\/05\/LOGO-CAMISETA-3.jpg","keywords":["objectius Catalunya","objetivos Catalu\u00f1a"],"articleSection":["Punts clau del dia (ES)"],"inLanguage":"es","potentialAction":[{"@type":"CommentAction","name":"Comment","target":["https:\/\/conversesacatalunya.cat\/es\/converses-a-catalunya-se-integra-en-la-fundacion-para-el-desarrollo-humano-y-social\/#respond"]}]},{"@type":"WebPage","@id":"https:\/\/conversesacatalunya.cat\/es\/converses-a-catalunya-se-integra-en-la-fundacion-para-el-desarrollo-humano-y-social\/","url":"https:\/\/conversesacatalunya.cat\/es\/converses-a-catalunya-se-integra-en-la-fundacion-para-el-desarrollo-humano-y-social\/","name":"Nueva etapa para la regeneraci\u00f3n c\u00edvica y social: Converses a Catalunya se integra en la Fundaci\u00f3n para el Desarrollo Humano y Social - Converses a Catalunya","isPartOf":{"@id":"https:\/\/conversesacatalunya.cat\/#website"},"primaryImageOfPage":{"@id":"https:\/\/conversesacatalunya.cat\/es\/converses-a-catalunya-se-integra-en-la-fundacion-para-el-desarrollo-humano-y-social\/#primaryimage"},"image":{"@id":"https:\/\/conversesacatalunya.cat\/es\/converses-a-catalunya-se-integra-en-la-fundacion-para-el-desarrollo-humano-y-social\/#primaryimage"},"thumbnailUrl":"https:\/\/conversesacatalunya.cat\/wp-content\/uploads\/2025\/05\/LOGO-CAMISETA-3.jpg","datePublished":"2025-05-09T07:48:28+00:00","dateModified":"2025-05-20T06:14:49+00:00","author":{"@id":"https:\/\/conversesacatalunya.cat\/#\/schema\/person\/982274792508d804a0821b413c9ac076"},"description":"Grupo de Opini\u00f3n Converses a Catalunya se integra en la Fundaci\u00f3n para el Desarrollo Humano y Social, fortaleciendo as\u00ed una trayectoria com\u00fan","breadcrumb":{"@id":"https:\/\/conversesacatalunya.cat\/es\/converses-a-catalunya-se-integra-en-la-fundacion-para-el-desarrollo-humano-y-social\/#breadcrumb"},"inLanguage":"es","potentialAction":[{"@type":"ReadAction","target":["https:\/\/conversesacatalunya.cat\/es\/converses-a-catalunya-se-integra-en-la-fundacion-para-el-desarrollo-humano-y-social\/"]}]},{"@type":"ImageObject","inLanguage":"es","@id":"https:\/\/conversesacatalunya.cat\/es\/converses-a-catalunya-se-integra-en-la-fundacion-para-el-desarrollo-humano-y-social\/#primaryimage","url":"https:\/\/conversesacatalunya.cat\/wp-content\/uploads\/2025\/05\/LOGO-CAMISETA-3.jpg","contentUrl":"https:\/\/conversesacatalunya.cat\/wp-content\/uploads\/2025\/05\/LOGO-CAMISETA-3.jpg","width":1600,"height":884,"caption":"Grupo de Opini\u00f3n\u00a0Converses a Catalunya\u00a0"},{"@type":"BreadcrumbList","@id":"https:\/\/conversesacatalunya.cat\/es\/converses-a-catalunya-se-integra-en-la-fundacion-para-el-desarrollo-humano-y-social\/#breadcrumb","itemListElement":[{"@type":"ListItem","position":1,"name":"Inici","item":"https:\/\/conversesacatalunya.cat\/es\/"},{"@type":"ListItem","position":2,"name":"Nueva etapa para la regeneraci\u00f3n c\u00edvica y social: Converses a Catalunya se integra en la Fundaci\u00f3n para el Desarrollo Humano y Social"}]},{"@type":"WebSite","@id":"https:\/\/conversesacatalunya.cat\/#website","url":"https:\/\/conversesacatalunya.cat\/","name":"Converses a Catalunya","description":"","potentialAction":[{"@type":"SearchAction","target":{"@type":"EntryPoint","urlTemplate":"https:\/\/conversesacatalunya.cat\/?s={search_term_string}"},"query-input":{"@type":"PropertyValueSpecification","valueRequired":true,"valueName":"search_term_string"}}],"inLanguage":"es"},{"@type":"Person","@id":"https:\/\/conversesacatalunya.cat\/#\/schema\/person\/982274792508d804a0821b413c9ac076","name":"conversesacatalunya","image":{"@type":"ImageObject","inLanguage":"es","@id":"https:\/\/conversesacatalunya.cat\/#\/schema\/person\/image\/","url":"https:\/\/conversesacatalunya.cat\/wp-content\/litespeed\/avatar\/f04b47eeffd9637c7cf7869e217fb9ec.jpg?ver=1777370077","contentUrl":"https:\/\/conversesacatalunya.cat\/wp-content\/litespeed\/avatar\/f04b47eeffd9637c7cf7869e217fb9ec.jpg?ver=1777370077","caption":"conversesacatalunya"},"url":"https:\/\/conversesacatalunya.cat\/es\/author\/muntsa_escola\/"}]}},"wps_subtitle":"Esta integraci\u00f3n nace de una profunda coincidencia en los objetivos y en la visi\u00f3n de fondo: afrontar la degradaci\u00f3n de nuestro estado de derecho y de la pr\u00e1ctica democr\u00e1tica a trav\u00e9s de la reflexi\u00f3n, la comunicaci\u00f3n y, sobre todo, la conversaci\u00f3n.","_links":{"self":[{"href":"https:\/\/conversesacatalunya.cat\/es\/wp-json\/wp\/v2\/posts\/88235","targetHints":{"allow":["GET"]}}],"collection":[{"href":"https:\/\/conversesacatalunya.cat\/es\/wp-json\/wp\/v2\/posts"}],"about":[{"href":"https:\/\/conversesacatalunya.cat\/es\/wp-json\/wp\/v2\/types\/post"}],"author":[{"embeddable":true,"href":"https:\/\/conversesacatalunya.cat\/es\/wp-json\/wp\/v2\/users\/3"}],"replies":[{"embeddable":true,"href":"https:\/\/conversesacatalunya.cat\/es\/wp-json\/wp\/v2\/comments?post=88235"}],"version-history":[{"count":7,"href":"https:\/\/conversesacatalunya.cat\/es\/wp-json\/wp\/v2\/posts\/88235\/revisions"}],"predecessor-version":[{"id":88566,"href":"https:\/\/conversesacatalunya.cat\/es\/wp-json\/wp\/v2\/posts\/88235\/revisions\/88566"}],"wp:featuredmedia":[{"embeddable":true,"href":"https:\/\/conversesacatalunya.cat\/es\/wp-json\/wp\/v2\/media\/88229"}],"wp:attachment":[{"href":"https:\/\/conversesacatalunya.cat\/es\/wp-json\/wp\/v2\/media?parent=88235"}],"wp:term":[{"taxonomy":"category","embeddable":true,"href":"https:\/\/conversesacatalunya.cat\/es\/wp-json\/wp\/v2\/categories?post=88235"},{"taxonomy":"post_tag","embeddable":true,"href":"https:\/\/conversesacatalunya.cat\/es\/wp-json\/wp\/v2\/tags?post=88235"}],"curies":[{"name":"wp","href":"https:\/\/api.w.org\/{rel}","templated":true}]}}