{"id":88148,"date":"2025-05-07T09:56:57","date_gmt":"2025-05-07T07:56:57","guid":{"rendered":"https:\/\/conversesacatalunya.cat\/?p=88148"},"modified":"2025-05-07T10:23:44","modified_gmt":"2025-05-07T08:23:44","slug":"sanchez-hundimiento-de-un-gobierno-populismo","status":"publish","type":"post","link":"https:\/\/conversesacatalunya.cat\/es\/sanchez-hundimiento-de-un-gobierno-populismo\/","title":{"rendered":"S\u00e1nchez: el hundimiento de un gobierno que juega y abusa de nosotros, los ciudadanos"},"content":{"rendered":"<p><span><span class=\"VIpgJd-yAWNEb-VIpgJd-fmcmS-sn54Q\">En solo unos d\u00edas, el gobierno de Pedro S\u00e1nchez ha logrado un hito dif\u00edcil de igualar: desbordar la paciencia de cualquier ciudadano con un m\u00ednimo sentido cr\u00edtico. Su estilo, marcado por el enga\u00f1o, la manipulaci\u00f3n y una soberbia que roza el caricaturesco, ha alcanzado niveles que <\/span><\/span><strong><span><span class=\"VIpgJd-yAWNEb-VIpgJd-fmcmS-sn54Q\">solo pueden tolerar aquellos que se benefician directamente de sus favores<\/span><\/span><\/strong><span><span class=\"VIpgJd-yAWNEb-VIpgJd-fmcmS-sn54Q\">\u00a0o aquellos que ven la pol\u00edtica como un partido de f\u00fatbol, \u200b\u200bdonde lo \u00fanico que vale es que \u201csu equipo\u201d gane, sin importar c\u00f3mo ni a qu\u00e9 precio.<\/span><\/span><\/p>\n<p><span><span class=\"VIpgJd-yAWNEb-VIpgJd-fmcmS-sn54Q\">Primero, el gran apag\u00f3n el\u00e9ctrico, un desastre sin precedentes en Europa. Vidas perdidas, da\u00f1os econ\u00f3micos incalculables y una reputaci\u00f3n colectiva por tierra.\u00a0<\/span><\/span><strong><span><span class=\"VIpgJd-yAWNEb-VIpgJd-fmcmS-sn54Q\">\u00bfUn accidente? Claro, cualquiera puede tener uno. Pero no de esa magnitud, <\/span><\/span><\/strong><span><span class=\"VIpgJd-yAWNEb-VIpgJd-fmcmS-sn54Q\">especialmente cuando los informes de Red El\u00e9ctrica advert\u00edan desde hace tiempo que la producci\u00f3n masiva de energ\u00eda solar y e\u00f3lica, sin un sistema de almacenamiento adecuado, pon\u00eda en jaque la estabilidad de la red el\u00e9ctrica.<\/span><\/span><\/p>\n<p style=\"font-weight: 400;\"><span>Estas fuentes renovables, tan aplaudidas en discursos grandilocuentes, no son tan predecibles como otras, y su integraci\u00f3n masiva sin medidas complementarias es una receta para el caos. \u00bfY qu\u00e9 hizo el gobierno? Ignor\u00f3 los avisos,\u00a0<\/span><strong><span>prioriz\u00f3 las subvenciones a las renovables para lucir su halo verde<\/span><\/strong><span>\u00a0y dej\u00f3 la red a merced de un colapso anunciado.<\/span><\/p>\n<h5><strong><span><span class=\"VIpgJd-yAWNEb-VIpgJd-fmcmS-sn54Q\">Pero lo peor no fue la negligencia t\u00e9cnica, sino la respuesta pol\u00edtica.<\/span><\/span><\/strong><\/h5>\n<p style=\"font-weight: 400;\">S\u00e1nchez guard\u00f3 silencio hasta las seis de la tarde, dejando a la poblaci\u00f3n en un limbo de incertidumbre. En sus<strong> tres comparecencias posteriores<\/strong>, incluida una al d\u00eda siguiente, afirm\u00f3 no tener \u201cninguna causa concreta\u201d para explicar el apag\u00f3n, pero \u2014\u00a1sorpresa!\u2014 descart\u00f3 inmediatamente cualquier responsabilidad de las energ\u00edas renovables, mientras cargaba contra la nuclear con afirmaciones falsas y se\u00f1alaba a las empresas como las grandes malas. \u00bfUn ciberataque? No lo descart\u00f3, aunque Red El\u00e9ctrica lo hab\u00eda negado categ\u00f3ricamente horas antes.<\/p>\n<p style=\"font-weight: 400;\"><span><span class=\"VIpgJd-yAWNEb-VIpgJd-fmcmS-sn54Q\">La ministra y la presidenta de Red El\u00e9ctrica, una destacada militante socialista con un sueldo astron\u00f3mico y nula preparaci\u00f3n t\u00e9cnica para el cargo, brillaron por su ausencia, reapareciendo solo en entrevistas manipuladas en medios afines, donde pudieron soltar su guion sin enfrentarse a preguntas inc\u00f3modas. As\u00ed, con esta\u00a0<\/span><\/span><strong><span><span class=\"VIpgJd-yAWNEb-VIpgJd-fmcmS-sn54Q\">mezcla de opacidad y descaro<\/span><\/span><\/strong><span><span class=\"VIpgJd-yAWNEb-VIpgJd-fmcmS-sn54Q\">,\u00a0tratan a los ciudadanos: como peones en su juego de poder.<\/span><\/span><\/p>\n<h5><strong><span>Y como si eso no fuera suficiente, solo unos d\u00edas despu\u00e9s, otro fiasco: un colapso ferroviario en la l\u00ednea Madrid-Andaluc\u00eda que afect\u00f3 a decenas de miles de personas.<\/span><\/strong><\/h5>\n<p style=\"font-weight: 400;\"><span>Trenes parados en medio de la nada, sin luz, sin agua, sin asistencia, con pasajeros forzados a bajar para hacer sus necesidades en condiciones dantescas. \u00bfLa causa? Una aver\u00eda, un robo de cables de cobre \u2014delito, por cierto, demasiado habitual\u2014 y una respuesta tard\u00eda que dej\u00f3 un tren de Renfe parado durante cuatro horas.<\/span><\/p>\n<p style=\"font-weight: 400;\"><span><span class=\"VIpgJd-yAWNEb-VIpgJd-fmcmS-sn54Q\">Este es el octavo incidente grave en los ferrocarriles desde que\u00a0<\/span><\/span><strong><span><span class=\"VIpgJd-yAWNEb-VIpgJd-fmcmS-sn54Q\">\u00d3scar Puente<\/span><\/span><\/strong><span><span class=\"VIpgJd-yAWNEb-VIpgJd-fmcmS-sn54Q\">\u00a0asumi\u00f3 el Ministerio de Transportes, un cargo que parece usar m\u00e1s para lanzar dardos a la oposici\u00f3n que para gestionar su cartera. \u00bfY cu\u00e1l fue su reacci\u00f3n? Echar la culpa a un supuesto \u201csabotaje deliberado\u201d, sin prueba ni investigaci\u00f3n en curso que lo apoyara. La Guardia Civil, por su parte, se limita a investigar el robo de cables, pero para Puente cualquier excusa es buena para no asumir responsabilidades.<\/span><\/span><\/p>\n<h5><strong><span>El colof\u00f3n lleg\u00f3 con la intervenci\u00f3n de S\u00e1nchez en Barcelona, \u200b\u200banunciando con pompa una \u201cconsulta p\u00fablica\u201d sobre la OPA de BBVA al Banco Sabadell.<\/span><\/strong><\/h5>\n<p style=\"font-weight: 400;\"><span>Una decisi\u00f3n t\u00e9cnica, ya aprobada por la Comisi\u00f3n Nacional de los Mercados y la Competencia, que el gobierno puede aceptar o rechazar por \u00abinter\u00e9s general\u00bb. Pero S\u00e1nchez, siempre dispuesto a vender humo, present\u00f3 esta consulta como un ejercicio de \u00abdemocracia participativa\u00bb.<\/span><\/p>\n<p style=\"font-weight: 400;\"><span><span class=\"VIpgJd-yAWNEb-VIpgJd-fmcmS-sn54Q\">\u00bfEl mismo S\u00e1nchez que se niega a someter al Congreso un aumento de m\u00e1s de 10.000 millones de euros en gasto militar? \u00bfLo mismo que elude debates y votaciones en el Parlamento para decisiones de enorme trascendencia? Es dif\u00edcil no re\u00edrse frente al cinismo: populismo de manual con la fusi\u00f3n de dos bancos, pero secretismo y autoritarismo cuando se trata de armas y ej\u00e9rcito.<\/span><\/span><\/p>\n<p style=\"font-weight: 400;\"><strong><span><span class=\"VIpgJd-yAWNEb-VIpgJd-fmcmS-sn54Q\">Si Europa quiere hablar de populismo, que mire primero a Espa\u00f1a<\/span><\/span><\/strong><span><span class=\"VIpgJd-yAWNEb-VIpgJd-fmcmS-sn54Q\">. Este Gobierno S\u00e1nchez ha perfeccionado el arte de culpar a los dem\u00e1s \u2014empresas, saboteadores, ciberataques, la oposici\u00f3n, el universo entero\u2014 mientras\u00a0<\/span><\/span><a href=\"https:\/\/conversesacatalunya.cat\/es\/el-gran-apagon-sanchez-las-causas-reales\/\" target=\"_blank\" rel=\"noopener\"><strong><span><span class=\"VIpgJd-yAWNEb-VIpgJd-fmcmS-sn54Q\">esquiva cualquier atisbo de responsabilidad<\/span><\/span><\/strong><\/a><span><span class=\"VIpgJd-yAWNEb-VIpgJd-fmcmS-sn54Q\">.\u00a0Los ciudadanos, mientras, somos tratados como meros instrumentos para mantenerlos en el poder, no como personas con necesidades y derechos.<\/span><\/span><\/p>\n<p style=\"font-weight: 400;\"><span><span class=\"VIpgJd-yAWNEb-VIpgJd-fmcmS-sn54Q\"><strong>La lecci\u00f3n es clara:<\/strong> necesitamos un sistema donde las decisiones importantes se debatan de forma abierta y transparente, con\u00a0<\/span><\/span><strong><span><span class=\"VIpgJd-yAWNEb-VIpgJd-fmcmS-sn54Q\">un Congreso que ejerza su funci\u00f3n de control y no sea una mera comparsa<\/span><\/span><\/strong><span><span class=\"VIpgJd-yAWNEb-VIpgJd-fmcmS-sn54Q\">. Las consultas p\u00fablicas, si se realizan, deben ser claras, frecuentes y vinculantes, no un truco m\u00e1s en la chistera de S\u00e1nchez. Porque, si algo demuestran estos desastres, es que estamos en manos de un grupo de personajes cuya \u00fanica prioridad es mantenerse en el poder, cueste lo que cueste. Y eso, queridos lectores, es tan peligroso como suena.<\/span><\/span><\/p>\n<p style=\"font-weight: 400;\"><span class='bctt-click-to-tweet'><span class='bctt-ctt-text'><a href='https:\/\/twitter.com\/intent\/tweet?url=https%3A%2F%2Fconversesacatalunya.cat%2Fes%2Fsanchez-hundimiento-de-un-gobierno-populismo%2F&#038;text=Es%20dif%C3%ADcil%20no%20re%C3%ADrse%20frente%20al%20cinismo%3A%20populismo%20de%20manual%20con%20la%20fusi%C3%B3n%20de%20dos%20bancos%2C%20pero%20secretismo%20y%20autoritarismo%20cuando%20se%20trata%20de%20armas%20y%20ej%C3%A9rcito&#038;via=conversesacat&#038;related=conversesacat' target='_blank'rel=\"noopener noreferrer\">Es dif\u00edcil no re\u00edrse frente al cinismo: populismo de manual con la fusi\u00f3n de dos bancos, pero secretismo y autoritarismo cuando se trata de armas y ej\u00e9rcito <\/a><\/span><a href='https:\/\/twitter.com\/intent\/tweet?url=https%3A%2F%2Fconversesacatalunya.cat%2Fes%2Fsanchez-hundimiento-de-un-gobierno-populismo%2F&#038;text=Es%20dif%C3%ADcil%20no%20re%C3%ADrse%20frente%20al%20cinismo%3A%20populismo%20de%20manual%20con%20la%20fusi%C3%B3n%20de%20dos%20bancos%2C%20pero%20secretismo%20y%20autoritarismo%20cuando%20se%20trata%20de%20armas%20y%20ej%C3%A9rcito&#038;via=conversesacat&#038;related=conversesacat' target='_blank' class='bctt-ctt-btn'rel=\"noopener noreferrer\">Compartir en X<\/a><\/span>\n<div id=\"polls-282\" class=\"wp-polls\">\n\t<form id=\"polls_form_282\" class=\"wp-polls-form\" action=\"\/index.php\" method=\"post\">\n\t\t<p style=\"display: none;\"><input type=\"hidden\" id=\"poll_282_nonce\" name=\"wp-polls-nonce\" value=\"5d5147c351\" \/><\/p>\n\t\t<p style=\"display: none;\"><input type=\"hidden\" name=\"poll_id\" value=\"282\" \/><\/p>\n\t\t<p style=\"text-align: center\"><strong>Creus que el govern S\u00e1nchez \u00e9s responsable mediat o immediat de la gran apagada del 28 d\u2019abril?<\/strong><\/p><div id=\"polls-282-ans\" class=\"wp-polls-ans\"><ul class=\"wp-polls-ul\">\n\t\t<li><input type=\"radio\" id=\"poll-answer-797\" name=\"poll_282\" value=\"797\" \/> <label for=\"poll-answer-797\">S\u00ed<\/label><\/li>\n\t\t<li><input type=\"radio\" id=\"poll-answer-798\" name=\"poll_282\" value=\"798\" \/> <label for=\"poll-answer-798\">No<\/label><\/li>\n\t\t<li><input type=\"radio\" id=\"poll-answer-799\" name=\"poll_282\" value=\"799\" \/> <label for=\"poll-answer-799\">No ho s\u00e9<\/label><\/li>\n\t\t<\/ul><p style=\"text-align: center\"><input type=\"button\" name=\"vote\" value=\"   Vota   \" class=\"Buttons\" onclick=\"poll_vote(282);\" \/><\/p><p style=\"text-align: center\"><a href=\"#ViewPollResults\" onclick=\"poll_result(282); return false;\" title=\"View Results Of This Poll\">Mira els resultats<\/a><\/p><\/div>\n\t<\/form>\n<\/div>\n<div id=\"polls-282-loading\" class=\"wp-polls-loading\"><img decoding=\"async\" data-src=\"https:\/\/conversesacatalunya.cat\/wp-content\/plugins\/wp-polls\/images\/loading.gif\" width=\"16\" height=\"16\" alt=\"Cargando ...\" title=\"Cargando ...\" class=\"wp-polls-image lazyload\" src=\"data:image\/svg+xml;base64,PHN2ZyB3aWR0aD0iMSIgaGVpZ2h0PSIxIiB4bWxucz0iaHR0cDovL3d3dy53My5vcmcvMjAwMC9zdmciPjwvc3ZnPg==\" style=\"--smush-placeholder-width: 16px; --smush-placeholder-aspect-ratio: 16\/16;\" \/>&nbsp;Cargando ...<\/div>\n\n","protected":false},"excerpt":{"rendered":"<p>En solo unos d\u00edas, el gobierno de Pedro S\u00e1nchez ha logrado un hito dif\u00edcil de igualar: desbordar la paciencia de cualquier ciudadano con un m\u00ednimo sentido cr\u00edtico. Su estilo, marcado por el enga\u00f1o, la manipulaci\u00f3n y una soberbia que roza el caricaturesco, ha alcanzado niveles que solo pueden tolerar aquellos que se benefician directamente de sus favores\u00a0o aquellos que ven la pol\u00edtica como un partido de f\u00fatbol, \u200b\u200bdonde lo \u00fanico que vale es que \u201csu equipo\u201d gane, sin importar c\u00f3mo ni a qu\u00e9 precio. Primero, el gran apag\u00f3n el\u00e9ctrico, un desastre sin precedentes en Europa. Vidas perdidas, da\u00f1os econ\u00f3micos incalculables y una reputaci\u00f3n colectiva por tierra.\u00a0\u00bfUn accidente? Claro, cualquiera puede tener uno. Pero no de esa magnitud, especialmente cuando los informes de Red El\u00e9ctrica advert\u00edan desde hace tiempo que la producci\u00f3n masiva de energ\u00eda solar y e\u00f3lica, sin un sistema de almacenamiento adecuado, pon\u00eda en jaque la estabilidad de la red el\u00e9ctrica. Estas fuentes renovables, tan aplaudidas en discursos grandilocuentes, no son tan predecibles como otras, y su integraci\u00f3n masiva sin medidas complementarias es una receta para el caos. \u00bfY qu\u00e9 hizo el gobierno? Ignor\u00f3 los avisos,\u00a0prioriz\u00f3 las subvenciones a las renovables para lucir su halo verde\u00a0y dej\u00f3 la red a merced de un colapso anunciado. Pero lo peor no fue la negligencia t\u00e9cnica, sino la respuesta pol\u00edtica. S\u00e1nchez guard\u00f3 silencio hasta las seis de la tarde, dejando a la poblaci\u00f3n en un limbo de incertidumbre. En sus tres comparecencias posteriores, incluida una al d\u00eda siguiente, afirm\u00f3 no tener \u201cninguna causa concreta\u201d para explicar el apag\u00f3n, pero \u2014\u00a1sorpresa!\u2014 descart\u00f3 inmediatamente cualquier responsabilidad de las energ\u00edas renovables, mientras cargaba contra la nuclear con afirmaciones falsas y se\u00f1alaba a las empresas como las grandes malas. \u00bfUn ciberataque? No lo descart\u00f3, aunque Red El\u00e9ctrica lo hab\u00eda negado categ\u00f3ricamente horas antes. La ministra y la presidenta de Red El\u00e9ctrica, una destacada militante socialista con un sueldo astron\u00f3mico y nula preparaci\u00f3n t\u00e9cnica para el cargo, brillaron por su ausencia, reapareciendo solo en entrevistas manipuladas en medios afines, donde pudieron soltar su guion sin enfrentarse a preguntas inc\u00f3modas. As\u00ed, con esta\u00a0mezcla de opacidad y descaro,\u00a0tratan a los ciudadanos: como peones en su juego de poder. Y como si eso no fuera suficiente, solo unos d\u00edas despu\u00e9s, otro fiasco: un colapso ferroviario en la l\u00ednea Madrid-Andaluc\u00eda que afect\u00f3 a decenas de miles de personas. Trenes parados en medio de la nada, sin luz, sin agua, sin asistencia, con pasajeros forzados a bajar para hacer sus necesidades en condiciones dantescas. \u00bfLa causa? Una aver\u00eda, un robo de cables de cobre \u2014delito, por cierto, demasiado habitual\u2014 y una respuesta tard\u00eda que dej\u00f3 un tren de Renfe parado durante cuatro horas. Este es el octavo incidente grave en los ferrocarriles desde que\u00a0\u00d3scar Puente\u00a0asumi\u00f3 el Ministerio de Transportes, un cargo que parece usar m\u00e1s para lanzar dardos a la oposici\u00f3n que para gestionar su cartera. \u00bfY cu\u00e1l fue su reacci\u00f3n? Echar la culpa a un supuesto \u201csabotaje deliberado\u201d, sin prueba ni investigaci\u00f3n en curso que lo apoyara. La Guardia Civil, por su parte, se limita a investigar el robo de cables, pero para Puente cualquier excusa es buena para no asumir responsabilidades. El colof\u00f3n lleg\u00f3 con la intervenci\u00f3n de S\u00e1nchez en Barcelona, \u200b\u200banunciando con pompa una \u201cconsulta p\u00fablica\u201d sobre la OPA de BBVA al Banco Sabadell. Una decisi\u00f3n t\u00e9cnica, ya aprobada por la Comisi\u00f3n Nacional de los Mercados y la Competencia, que el gobierno puede aceptar o rechazar por \u00abinter\u00e9s general\u00bb. Pero S\u00e1nchez, siempre dispuesto a vender humo, present\u00f3 esta consulta como un ejercicio de \u00abdemocracia participativa\u00bb. \u00bfEl mismo S\u00e1nchez que se niega a someter al Congreso un aumento de m\u00e1s de 10.000 millones de euros en gasto militar? \u00bfLo mismo que elude debates y votaciones en el Parlamento para decisiones de enorme trascendencia? Es dif\u00edcil no re\u00edrse frente al cinismo: populismo de manual con la fusi\u00f3n de dos bancos, pero secretismo y autoritarismo cuando se trata de armas y ej\u00e9rcito. Si Europa quiere hablar de populismo, que mire primero a Espa\u00f1a. Este Gobierno S\u00e1nchez ha perfeccionado el arte de culpar a los dem\u00e1s \u2014empresas, saboteadores, ciberataques, la oposici\u00f3n, el universo entero\u2014 mientras\u00a0esquiva cualquier atisbo de responsabilidad.\u00a0Los ciudadanos, mientras, somos tratados como meros instrumentos para mantenerlos en el poder, no como personas con necesidades y derechos. La lecci\u00f3n es clara: necesitamos un sistema donde las decisiones importantes se debatan de forma abierta y transparente, con\u00a0un Congreso que ejerza su funci\u00f3n de control y no sea una mera comparsa. Las consultas p\u00fablicas, si se realizan, deben ser claras, frecuentes y vinculantes, no un truco m\u00e1s en la chistera de S\u00e1nchez. Porque, si algo demuestran estos desastres, es que estamos en manos de un grupo de personajes cuya \u00fanica prioridad es mantenerse en el poder, cueste lo que cueste. Y eso, queridos lectores, es tan peligroso como suena.<\/p>\n","protected":false},"author":80,"featured_media":88146,"comment_status":"open","ping_status":"open","sticky":false,"template":"","format":"standard","meta":{"_FSMCFIC_featured_image_caption":"","_FSMCFIC_featured_image_nocaption":"","_FSMCFIC_featured_image_hide":"","footnotes":""},"categories":[806],"tags":[5283,5288,1375,1373],"class_list":["post-88148","post","type-post","status-publish","format-standard","has-post-thumbnail","hentry","category-punts-claus-del-dia-es","tag-apagada-es","tag-apagon","tag-gobierno-sanchez","tag-govern-sanchez-es"],"yoast_head":"<!-- This site is optimized with the Yoast SEO plugin v26.8 - https:\/\/yoast.com\/product\/yoast-seo-wordpress\/ -->\n<title>S\u00e1nchez y el caos: Apagones, trenes parados y populismo<\/title>\n<meta name=\"description\" content=\"Si Europa quiere hablar de populismo, que mire primero al gobierno S\u00e1nchez. \u00c9ste ha perfeccionado el arte de culpar a los dem\u00e1s\" \/>\n<meta name=\"robots\" content=\"index, follow, max-snippet:-1, max-image-preview:large, max-video-preview:-1\" \/>\n<link rel=\"canonical\" href=\"https:\/\/conversesacatalunya.cat\/es\/sanchez-hundimiento-de-un-gobierno-populismo\/\" \/>\n<meta property=\"og:locale\" content=\"es_ES\" \/>\n<meta property=\"og:type\" content=\"article\" \/>\n<meta property=\"og:title\" content=\"S\u00e1nchez y el caos: Apagones, trenes parados y populismo\" \/>\n<meta property=\"og:description\" content=\"Si Europa quiere hablar de populismo, que mire primero al gobierno S\u00e1nchez. \u00c9ste ha perfeccionado el arte de culpar a los dem\u00e1s\" \/>\n<meta property=\"og:url\" content=\"https:\/\/conversesacatalunya.cat\/es\/sanchez-hundimiento-de-un-gobierno-populismo\/\" \/>\n<meta property=\"og:site_name\" content=\"Converses a Catalunya\" \/>\n<meta property=\"article:published_time\" content=\"2025-05-07T07:56:57+00:00\" \/>\n<meta property=\"article:modified_time\" content=\"2025-05-07T08:23:44+00:00\" \/>\n<meta property=\"og:image\" content=\"https:\/\/conversesacatalunya.cat\/wp-content\/uploads\/2025\/05\/railroad-8245483_640.jpg\" \/>\n\t<meta property=\"og:image:width\" content=\"640\" \/>\n\t<meta property=\"og:image:height\" content=\"427\" \/>\n\t<meta property=\"og:image:type\" content=\"image\/jpeg\" \/>\n<meta name=\"author\" content=\"N\u00faria Freixa\" \/>\n<meta name=\"twitter:card\" content=\"summary_large_image\" \/>\n<meta name=\"twitter:label1\" content=\"Escrito por\" \/>\n\t<meta name=\"twitter:data1\" content=\"N\u00faria Freixa\" \/>\n\t<meta name=\"twitter:label2\" content=\"Tiempo de lectura\" \/>\n\t<meta name=\"twitter:data2\" content=\"5 minutos\" \/>\n<script type=\"application\/ld+json\" class=\"yoast-schema-graph\">{\"@context\":\"https:\/\/schema.org\",\"@graph\":[{\"@type\":\"Article\",\"@id\":\"https:\/\/conversesacatalunya.cat\/es\/sanchez-hundimiento-de-un-gobierno-populismo\/#article\",\"isPartOf\":{\"@id\":\"https:\/\/conversesacatalunya.cat\/es\/sanchez-hundimiento-de-un-gobierno-populismo\/\"},\"author\":{\"name\":\"N\u00faria Freixa\",\"@id\":\"https:\/\/conversesacatalunya.cat\/#\/schema\/person\/b734752c25b328c819a407cbea568c1f\"},\"headline\":\"S\u00e1nchez: el hundimiento de un gobierno que juega y abusa de nosotros, los ciudadanos\",\"datePublished\":\"2025-05-07T07:56:57+00:00\",\"dateModified\":\"2025-05-07T08:23:44+00:00\",\"mainEntityOfPage\":{\"@id\":\"https:\/\/conversesacatalunya.cat\/es\/sanchez-hundimiento-de-un-gobierno-populismo\/\"},\"wordCount\":931,\"commentCount\":0,\"image\":{\"@id\":\"https:\/\/conversesacatalunya.cat\/es\/sanchez-hundimiento-de-un-gobierno-populismo\/#primaryimage\"},\"thumbnailUrl\":\"https:\/\/conversesacatalunya.cat\/wp-content\/uploads\/2025\/05\/railroad-8245483_640.jpg\",\"keywords\":[\"apagada\",\"apag\u00f3n\",\"Gobierno S\u00e1nchez\",\"Govern S\u00e1nchez\"],\"articleSection\":[\"Punts clau del dia (ES)\"],\"inLanguage\":\"es\",\"potentialAction\":[{\"@type\":\"CommentAction\",\"name\":\"Comment\",\"target\":[\"https:\/\/conversesacatalunya.cat\/es\/sanchez-hundimiento-de-un-gobierno-populismo\/#respond\"]}]},{\"@type\":\"WebPage\",\"@id\":\"https:\/\/conversesacatalunya.cat\/es\/sanchez-hundimiento-de-un-gobierno-populismo\/\",\"url\":\"https:\/\/conversesacatalunya.cat\/es\/sanchez-hundimiento-de-un-gobierno-populismo\/\",\"name\":\"S\u00e1nchez y el caos: Apagones, trenes parados y populismo\",\"isPartOf\":{\"@id\":\"https:\/\/conversesacatalunya.cat\/#website\"},\"primaryImageOfPage\":{\"@id\":\"https:\/\/conversesacatalunya.cat\/es\/sanchez-hundimiento-de-un-gobierno-populismo\/#primaryimage\"},\"image\":{\"@id\":\"https:\/\/conversesacatalunya.cat\/es\/sanchez-hundimiento-de-un-gobierno-populismo\/#primaryimage\"},\"thumbnailUrl\":\"https:\/\/conversesacatalunya.cat\/wp-content\/uploads\/2025\/05\/railroad-8245483_640.jpg\",\"datePublished\":\"2025-05-07T07:56:57+00:00\",\"dateModified\":\"2025-05-07T08:23:44+00:00\",\"author\":{\"@id\":\"https:\/\/conversesacatalunya.cat\/#\/schema\/person\/b734752c25b328c819a407cbea568c1f\"},\"description\":\"Si Europa quiere hablar de populismo, que mire primero al gobierno S\u00e1nchez. \u00c9ste ha perfeccionado el arte de culpar a los dem\u00e1s\",\"breadcrumb\":{\"@id\":\"https:\/\/conversesacatalunya.cat\/es\/sanchez-hundimiento-de-un-gobierno-populismo\/#breadcrumb\"},\"inLanguage\":\"es\",\"potentialAction\":[{\"@type\":\"ReadAction\",\"target\":[\"https:\/\/conversesacatalunya.cat\/es\/sanchez-hundimiento-de-un-gobierno-populismo\/\"]}]},{\"@type\":\"ImageObject\",\"inLanguage\":\"es\",\"@id\":\"https:\/\/conversesacatalunya.cat\/es\/sanchez-hundimiento-de-un-gobierno-populismo\/#primaryimage\",\"url\":\"https:\/\/conversesacatalunya.cat\/wp-content\/uploads\/2025\/05\/railroad-8245483_640.jpg\",\"contentUrl\":\"https:\/\/conversesacatalunya.cat\/wp-content\/uploads\/2025\/05\/railroad-8245483_640.jpg\",\"width\":640,\"height\":427,\"caption\":\"S\u00e1nchez populismo\"},{\"@type\":\"BreadcrumbList\",\"@id\":\"https:\/\/conversesacatalunya.cat\/es\/sanchez-hundimiento-de-un-gobierno-populismo\/#breadcrumb\",\"itemListElement\":[{\"@type\":\"ListItem\",\"position\":1,\"name\":\"Inici\",\"item\":\"https:\/\/conversesacatalunya.cat\/es\/\"},{\"@type\":\"ListItem\",\"position\":2,\"name\":\"S\u00e1nchez: el hundimiento de un gobierno que juega y abusa de nosotros, los ciudadanos\"}]},{\"@type\":\"WebSite\",\"@id\":\"https:\/\/conversesacatalunya.cat\/#website\",\"url\":\"https:\/\/conversesacatalunya.cat\/\",\"name\":\"Converses a Catalunya\",\"description\":\"\",\"potentialAction\":[{\"@type\":\"SearchAction\",\"target\":{\"@type\":\"EntryPoint\",\"urlTemplate\":\"https:\/\/conversesacatalunya.cat\/?s={search_term_string}\"},\"query-input\":{\"@type\":\"PropertyValueSpecification\",\"valueRequired\":true,\"valueName\":\"search_term_string\"}}],\"inLanguage\":\"es\"},{\"@type\":\"Person\",\"@id\":\"https:\/\/conversesacatalunya.cat\/#\/schema\/person\/b734752c25b328c819a407cbea568c1f\",\"name\":\"N\u00faria Freixa\",\"image\":{\"@type\":\"ImageObject\",\"inLanguage\":\"es\",\"@id\":\"https:\/\/conversesacatalunya.cat\/#\/schema\/person\/image\/\",\"url\":\"https:\/\/conversesacatalunya.cat\/wp-content\/litespeed\/avatar\/c3686e387186fed249338fe04729c597.jpg?ver=1777289182\",\"contentUrl\":\"https:\/\/conversesacatalunya.cat\/wp-content\/litespeed\/avatar\/c3686e387186fed249338fe04729c597.jpg?ver=1777289182\",\"caption\":\"N\u00faria Freixa\"},\"url\":\"https:\/\/conversesacatalunya.cat\/es\/author\/nuria_freixa\/\"}]}<\/script>\n<!-- \/ Yoast SEO plugin. -->","yoast_head_json":{"title":"S\u00e1nchez y el caos: Apagones, trenes parados y populismo","description":"Si Europa quiere hablar de populismo, que mire primero al gobierno S\u00e1nchez. \u00c9ste ha perfeccionado el arte de culpar a los dem\u00e1s","robots":{"index":"index","follow":"follow","max-snippet":"max-snippet:-1","max-image-preview":"max-image-preview:large","max-video-preview":"max-video-preview:-1"},"canonical":"https:\/\/conversesacatalunya.cat\/es\/sanchez-hundimiento-de-un-gobierno-populismo\/","og_locale":"es_ES","og_type":"article","og_title":"S\u00e1nchez y el caos: Apagones, trenes parados y populismo","og_description":"Si Europa quiere hablar de populismo, que mire primero al gobierno S\u00e1nchez. \u00c9ste ha perfeccionado el arte de culpar a los dem\u00e1s","og_url":"https:\/\/conversesacatalunya.cat\/es\/sanchez-hundimiento-de-un-gobierno-populismo\/","og_site_name":"Converses a Catalunya","article_published_time":"2025-05-07T07:56:57+00:00","article_modified_time":"2025-05-07T08:23:44+00:00","og_image":[{"width":640,"height":427,"url":"https:\/\/conversesacatalunya.cat\/wp-content\/uploads\/2025\/05\/railroad-8245483_640.jpg","type":"image\/jpeg"}],"author":"N\u00faria Freixa","twitter_card":"summary_large_image","twitter_misc":{"Escrito por":"N\u00faria Freixa","Tiempo de lectura":"5 minutos"},"schema":{"@context":"https:\/\/schema.org","@graph":[{"@type":"Article","@id":"https:\/\/conversesacatalunya.cat\/es\/sanchez-hundimiento-de-un-gobierno-populismo\/#article","isPartOf":{"@id":"https:\/\/conversesacatalunya.cat\/es\/sanchez-hundimiento-de-un-gobierno-populismo\/"},"author":{"name":"N\u00faria Freixa","@id":"https:\/\/conversesacatalunya.cat\/#\/schema\/person\/b734752c25b328c819a407cbea568c1f"},"headline":"S\u00e1nchez: el hundimiento de un gobierno que juega y abusa de nosotros, los ciudadanos","datePublished":"2025-05-07T07:56:57+00:00","dateModified":"2025-05-07T08:23:44+00:00","mainEntityOfPage":{"@id":"https:\/\/conversesacatalunya.cat\/es\/sanchez-hundimiento-de-un-gobierno-populismo\/"},"wordCount":931,"commentCount":0,"image":{"@id":"https:\/\/conversesacatalunya.cat\/es\/sanchez-hundimiento-de-un-gobierno-populismo\/#primaryimage"},"thumbnailUrl":"https:\/\/conversesacatalunya.cat\/wp-content\/uploads\/2025\/05\/railroad-8245483_640.jpg","keywords":["apagada","apag\u00f3n","Gobierno S\u00e1nchez","Govern S\u00e1nchez"],"articleSection":["Punts clau del dia (ES)"],"inLanguage":"es","potentialAction":[{"@type":"CommentAction","name":"Comment","target":["https:\/\/conversesacatalunya.cat\/es\/sanchez-hundimiento-de-un-gobierno-populismo\/#respond"]}]},{"@type":"WebPage","@id":"https:\/\/conversesacatalunya.cat\/es\/sanchez-hundimiento-de-un-gobierno-populismo\/","url":"https:\/\/conversesacatalunya.cat\/es\/sanchez-hundimiento-de-un-gobierno-populismo\/","name":"S\u00e1nchez y el caos: Apagones, trenes parados y populismo","isPartOf":{"@id":"https:\/\/conversesacatalunya.cat\/#website"},"primaryImageOfPage":{"@id":"https:\/\/conversesacatalunya.cat\/es\/sanchez-hundimiento-de-un-gobierno-populismo\/#primaryimage"},"image":{"@id":"https:\/\/conversesacatalunya.cat\/es\/sanchez-hundimiento-de-un-gobierno-populismo\/#primaryimage"},"thumbnailUrl":"https:\/\/conversesacatalunya.cat\/wp-content\/uploads\/2025\/05\/railroad-8245483_640.jpg","datePublished":"2025-05-07T07:56:57+00:00","dateModified":"2025-05-07T08:23:44+00:00","author":{"@id":"https:\/\/conversesacatalunya.cat\/#\/schema\/person\/b734752c25b328c819a407cbea568c1f"},"description":"Si Europa quiere hablar de populismo, que mire primero al gobierno S\u00e1nchez. \u00c9ste ha perfeccionado el arte de culpar a los dem\u00e1s","breadcrumb":{"@id":"https:\/\/conversesacatalunya.cat\/es\/sanchez-hundimiento-de-un-gobierno-populismo\/#breadcrumb"},"inLanguage":"es","potentialAction":[{"@type":"ReadAction","target":["https:\/\/conversesacatalunya.cat\/es\/sanchez-hundimiento-de-un-gobierno-populismo\/"]}]},{"@type":"ImageObject","inLanguage":"es","@id":"https:\/\/conversesacatalunya.cat\/es\/sanchez-hundimiento-de-un-gobierno-populismo\/#primaryimage","url":"https:\/\/conversesacatalunya.cat\/wp-content\/uploads\/2025\/05\/railroad-8245483_640.jpg","contentUrl":"https:\/\/conversesacatalunya.cat\/wp-content\/uploads\/2025\/05\/railroad-8245483_640.jpg","width":640,"height":427,"caption":"S\u00e1nchez populismo"},{"@type":"BreadcrumbList","@id":"https:\/\/conversesacatalunya.cat\/es\/sanchez-hundimiento-de-un-gobierno-populismo\/#breadcrumb","itemListElement":[{"@type":"ListItem","position":1,"name":"Inici","item":"https:\/\/conversesacatalunya.cat\/es\/"},{"@type":"ListItem","position":2,"name":"S\u00e1nchez: el hundimiento de un gobierno que juega y abusa de nosotros, los ciudadanos"}]},{"@type":"WebSite","@id":"https:\/\/conversesacatalunya.cat\/#website","url":"https:\/\/conversesacatalunya.cat\/","name":"Converses a Catalunya","description":"","potentialAction":[{"@type":"SearchAction","target":{"@type":"EntryPoint","urlTemplate":"https:\/\/conversesacatalunya.cat\/?s={search_term_string}"},"query-input":{"@type":"PropertyValueSpecification","valueRequired":true,"valueName":"search_term_string"}}],"inLanguage":"es"},{"@type":"Person","@id":"https:\/\/conversesacatalunya.cat\/#\/schema\/person\/b734752c25b328c819a407cbea568c1f","name":"N\u00faria Freixa","image":{"@type":"ImageObject","inLanguage":"es","@id":"https:\/\/conversesacatalunya.cat\/#\/schema\/person\/image\/","url":"https:\/\/conversesacatalunya.cat\/wp-content\/litespeed\/avatar\/c3686e387186fed249338fe04729c597.jpg?ver=1777289182","contentUrl":"https:\/\/conversesacatalunya.cat\/wp-content\/litespeed\/avatar\/c3686e387186fed249338fe04729c597.jpg?ver=1777289182","caption":"N\u00faria Freixa"},"url":"https:\/\/conversesacatalunya.cat\/es\/author\/nuria_freixa\/"}]}},"wps_subtitle":"Este gobierno ha perfeccionado el arte de culpar a los dem\u00e1s \u2014empresas, saboteadores, ciberataques, la oposici\u00f3n, el universo entero\u2014 mientras esquiva cualquier atisbo de responsabilidad.","_links":{"self":[{"href":"https:\/\/conversesacatalunya.cat\/es\/wp-json\/wp\/v2\/posts\/88148","targetHints":{"allow":["GET"]}}],"collection":[{"href":"https:\/\/conversesacatalunya.cat\/es\/wp-json\/wp\/v2\/posts"}],"about":[{"href":"https:\/\/conversesacatalunya.cat\/es\/wp-json\/wp\/v2\/types\/post"}],"author":[{"embeddable":true,"href":"https:\/\/conversesacatalunya.cat\/es\/wp-json\/wp\/v2\/users\/80"}],"replies":[{"embeddable":true,"href":"https:\/\/conversesacatalunya.cat\/es\/wp-json\/wp\/v2\/comments?post=88148"}],"version-history":[{"count":5,"href":"https:\/\/conversesacatalunya.cat\/es\/wp-json\/wp\/v2\/posts\/88148\/revisions"}],"predecessor-version":[{"id":88154,"href":"https:\/\/conversesacatalunya.cat\/es\/wp-json\/wp\/v2\/posts\/88148\/revisions\/88154"}],"wp:featuredmedia":[{"embeddable":true,"href":"https:\/\/conversesacatalunya.cat\/es\/wp-json\/wp\/v2\/media\/88146"}],"wp:attachment":[{"href":"https:\/\/conversesacatalunya.cat\/es\/wp-json\/wp\/v2\/media?parent=88148"}],"wp:term":[{"taxonomy":"category","embeddable":true,"href":"https:\/\/conversesacatalunya.cat\/es\/wp-json\/wp\/v2\/categories?post=88148"},{"taxonomy":"post_tag","embeddable":true,"href":"https:\/\/conversesacatalunya.cat\/es\/wp-json\/wp\/v2\/tags?post=88148"}],"curies":[{"name":"wp","href":"https:\/\/api.w.org\/{rel}","templated":true}]}}