{"id":87975,"date":"2025-04-30T13:00:02","date_gmt":"2025-04-30T11:00:02","guid":{"rendered":"https:\/\/conversesacatalunya.cat\/?p=87975"},"modified":"2025-04-30T13:18:57","modified_gmt":"2025-04-30T11:18:57","slug":"apagon-electrico-hipotesis-y-lo-que-si-ya-sabemos","status":"publish","type":"post","link":"https:\/\/conversesacatalunya.cat\/es\/apagon-electrico-hipotesis-y-lo-que-si-ya-sabemos\/","title":{"rendered":"El apag\u00f3n, lo que s\u00ed ya sabemos o por qu\u00e9 S\u00e1nchez es peligroso para todos nosotros (I)"},"content":{"rendered":"<p><span>El 28 de abril del 2025, Espa\u00f1a sufri\u00f3 el mayor apag\u00f3n el\u00e9ctrico de su historia, que afect\u00f3 a toda la pen\u00ednsula Ib\u00e9rica y partes de Francia y Andorra.<\/span><\/p>\n<p>Sus efectos negativos van m\u00e1s all\u00e1 del d\u00eda de los hechos, <strong>tienen secuelas t\u00e9cnicas y en los servicios ferroviarios, digitales; costes econ\u00f3micos, y sobre todo un gran da\u00f1o reputacional<\/strong>, el mayor que ha sufrido Espa\u00f1a, al menos desde la crisis econ\u00f3mica con Zapatero, porque, y eso ha alarmado a los socios europeos y la Comisi\u00f3n, <strong>toda Europa parece haber estado a segundos de sufrir un apag\u00f3n<\/strong> continental.<\/p>\n<p><span><span class=\"VIpgJd-yAWNEb-VIpgJd-fmcmS-sn54Q\">La frecuencia de la red el\u00e9ctrica en toda Europa continental cay\u00f3 hasta 49,85 hercios,\u00a0<\/span><\/span><strong><span><span class=\"VIpgJd-yAWNEb-VIpgJd-fmcmS-sn54Q\">solo algo por encima del umbral del colapso<\/span><\/span><\/strong><span><span class=\"VIpgJd-yAWNEb-VIpgJd-fmcmS-sn54Q\">\u00a0de la l\u00ednea roja. La frecuencia de funcionamiento normal de la red el\u00e9ctrica europea es de 50,00 Hz, con un margen extremadamente estrecho de \u00b10,1 Hz. Cualquier valor fuera de \u00b10,2 Hz desencadena importantes acciones de emergencia. Si la frecuencia hubiera\u00a0<\/span><\/span><strong><span><span class=\"VIpgJd-yAWNEb-VIpgJd-fmcmS-sn54Q\">ca\u00eddo solo 0,3 Hz m\u00e1s<\/span><\/span><\/strong><span><span class=\"VIpgJd-yAWNEb-VIpgJd-fmcmS-sn54Q\">\u00a0(por debajo de 49,5 Hz),\u00a0<\/span><\/span><strong><span><span class=\"VIpgJd-yAWNEb-VIpgJd-fmcmS-sn54Q\">Europa podr\u00eda haber sufrido un apag\u00f3n en cascada<\/span><\/span><\/strong><span><span class=\"VIpgJd-yAWNEb-VIpgJd-fmcmS-sn54Q\">\u00a0que afectar\u00eda a todo el sistema.<\/span><\/span><\/p>\n<p><span><span class=\"VIpgJd-yAWNEb-VIpgJd-fmcmS-sn54Q\">En este umbral, los rel\u00e9s de protecci\u00f3n autom\u00e1ticos desconectan las principales centrales el\u00e9ctricas y el colapso se acelera. Y es inquietantemente f\u00e1cil imaginar m\u00faltiples escenarios en los que esto podr\u00eda haber ocurrido. Y la causa est\u00e1 en Espa\u00f1a, Portugal ya la ha sufrido, y\u00a0<\/span><\/span><strong><span><span class=\"VIpgJd-yAWNEb-VIpgJd-fmcmS-sn54Q\">tal y como aseguran los expertos puede repetirse.<\/span><\/span><\/strong><span><span class=\"VIpgJd-yAWNEb-VIpgJd-fmcmS-sn54Q\">\u00a0Esta es la gran cuesti\u00f3n.<\/span><\/span><\/p>\n<p><span><span class=\"VIpgJd-yAWNEb-VIpgJd-fmcmS-sn54Q\">Por ello, la\u00a0<\/span><\/span><strong><span><span class=\"VIpgJd-yAWNEb-VIpgJd-fmcmS-sn54Q\">Comisi\u00f3n Europea<\/span><\/span><\/strong><span><span class=\"VIpgJd-yAWNEb-VIpgJd-fmcmS-sn54Q\">\u00a0ha solicitado un informe de lo ocurrido y ha dado un plazo de 3 meses al gobierno para que lo presente, pero al mismo tiempo ella misma realiza otro informe en paralelo, lo que demuestra la poca confianza que inspira S\u00e1nchez.<\/span><\/span><\/p>\n<h4><strong><span><span class=\"VIpgJd-yAWNEb-VIpgJd-fmcmS-sn54Q\">C\u00f3mo funciona el sistema el\u00e9ctrico espa\u00f1ol<\/span><\/span><\/strong><\/h4>\n<p><span><span class=\"VIpgJd-yAWNEb-VIpgJd-fmcmS-sn54Q\">La electricidad se genera mediante recursos renovables \u2013que son intermitentes y variables\u2013 con plantas t\u00e9rmicas de distintos tipos\u2013 y energ\u00eda nuclear. A esta complejidad de origen de caracter\u00edsticas distintas; las renovables no hidr\u00e1ulicas no son modulables en cuanto a su aporte de energ\u00eda, se a\u00f1ade la necesidad de que la producci\u00f3n debe encajar exactamente con la demanda pr\u00e1cticamente en el segundo, y los precios de cada tipo son muy diferentes; muy bajos para las renovables; los m\u00e1s caros los de la energ\u00eda t\u00e9rmica, la mayor\u00eda de fuel y gas;\u00a0<\/span><\/span><strong><span><span class=\"VIpgJd-yAWNEb-VIpgJd-fmcmS-sn54Q\">existen previsiones, pero tambi\u00e9n hay imprevistos.<\/span><\/span><\/strong><\/p>\n<p><span>Por otra parte, la red debe administrar flujos de energ\u00eda en ambos sentidos debido a los vertidos excedentarios de los peque\u00f1os productores de renovables (hogares en su mayor\u00eda), lo que supone un esfuerzo extra de la red.<\/span><\/p>\n<h5><strong><span><span class=\"VIpgJd-yAWNEb-VIpgJd-fmcmS-sn54Q\">Todo esto dota de gran complejidad al sistema.<\/span><\/span><\/strong><\/h5>\n<p><a href=\"https:\/\/www.redeia.com\/es\" target=\"_blank\" rel=\"noopener\"><span><span class=\"VIpgJd-yAWNEb-VIpgJd-fmcmS-sn54Q\">REDEIA<\/span><\/span><\/a><span><span class=\"VIpgJd-yAWNEb-VIpgJd-fmcmS-sn54Q\">\u00a0(la antigua Red El\u00e9ctrica de Espa\u00f1a) es la responsable de la distribuci\u00f3n de la energ\u00eda generada.<\/span><\/span><\/p>\n<p><span><span class=\"VIpgJd-yAWNEb-VIpgJd-fmcmS-sn54Q\">El\u00a0<\/span><\/span><strong><span><span class=\"VIpgJd-yAWNEb-VIpgJd-fmcmS-sn54Q\">gran aumento de\u00a0<\/span><\/span><a href=\"https:\/\/www.fiap.gob.es\/blog_fiiapp\/las-energias-renovables-y-su-relacion-con-el-cambio-climatico\/\" target=\"_blank\" rel=\"noopener\"><span><span class=\"VIpgJd-yAWNEb-VIpgJd-fmcmS-sn54Q\">energ\u00eda renovable<\/span><\/span><\/a><\/strong><span><span class=\"VIpgJd-yAWNEb-VIpgJd-fmcmS-sn54Q\">\u00a0est\u00e1 provocando una desestabilizaci\u00f3n del sistema, dada su importancia, representa, en promedio, m\u00e1s de la mitad de la generaci\u00f3n total y cuando se produjo el fallo sist\u00e9mico entraba en la red el\u00e9ctrica en una proporci\u00f3n del 70%.<\/span><\/span><\/p>\n<p><span><span class=\"VIpgJd-yAWNEb-VIpgJd-fmcmS-sn54Q\">Las plantas de generaci\u00f3n con\u00a0<\/span><\/span><strong><span><span class=\"VIpgJd-yAWNEb-VIpgJd-fmcmS-sn54Q\">recursos f\u00f3siles<\/span><\/span><\/strong><span><span class=\"VIpgJd-yAWNEb-VIpgJd-fmcmS-sn54Q\">\u00a0son necesarias por su flexibilidad para cubrir situaciones que no abarcan las renovables a causa de las horas sin sol, o demandas imprevistas; por eso deben ser remuneradas en todo momento, lo que contribuye a elevar sustancialmente el precio de mercado.<\/span><\/span><\/p>\n<p><span><span class=\"VIpgJd-yAWNEb-VIpgJd-fmcmS-sn54Q\">La aportaci\u00f3n masiva de energ\u00eda fotovoltaica y e\u00f3lica vertida a la\u00a0<\/span><\/span><strong><span><span class=\"VIpgJd-yAWNEb-VIpgJd-fmcmS-sn54Q\">red puede provocar<\/span><\/span><\/strong><span><span class=\"VIpgJd-yAWNEb-VIpgJd-fmcmS-sn54Q\">\u00a0oscilaciones severas de energ\u00eda en las redes actuales, que\u00a0<\/span><\/span><strong><span><span class=\"VIpgJd-yAWNEb-VIpgJd-fmcmS-sn54Q\">no est\u00e1n preparadas<\/span><\/span><\/strong><span><span class=\"VIpgJd-yAWNEb-VIpgJd-fmcmS-sn54Q\">\u00a0para transportar cantidades desmedidas de energ\u00eda de forma puntual (una de las causas que se consideran como causa del apag\u00f3n).<\/span><\/span><\/p>\n<p><strong><span>El gran interrogante:<\/span><\/strong><span>\u00a0\u00bfpuede el sistema de generaci\u00f3n actual satisfacer las necesidades de una demanda cada vez m\u00e1s \u00e1vida y fluctuante?\u00a0<\/span><strong><span>La respuesta es no<\/span><\/strong><span>. Porque no solo la demanda de electricidad es cada vez m\u00e1s din\u00e1mica y fluctuante, sino que la generaci\u00f3n de electricidad tambi\u00e9n es m\u00e1s diversa en su composici\u00f3n y origen.<\/span><\/p>\n<h4><strong><span><span class=\"VIpgJd-yAWNEb-VIpgJd-fmcmS-sn54Q\">Diagn\u00f3stico: \u00bfqu\u00e9 pas\u00f3 y por qu\u00e9?<\/span><\/span><\/strong><\/h4>\n<p><span><span class=\"VIpgJd-yAWNEb-VIpgJd-fmcmS-sn54Q\">La cuesti\u00f3n clave es qu\u00e9 ocurri\u00f3 y por qu\u00e9. A estas alturas,\u00a0<\/span><\/span><strong><span><span class=\"VIpgJd-yAWNEb-VIpgJd-fmcmS-sn54Q\">S\u00e1nchez, el \u00fanico que habla por el gobierno<\/span><\/span><\/strong><span><span class=\"VIpgJd-yAWNEb-VIpgJd-fmcmS-sn54Q\">, porque los tres ministerios concernidos, Transici\u00f3n Energ\u00e9tica, Industria y Transportes est\u00e1n desaparecidos, no solo dice\u00a0<\/span><\/span><a href=\"https:\/\/conversesacatalunya.cat\/es\/el-gran-apagon-sanchez-las-causas-reales\/\" target=\"_blank\" rel=\"noopener\"><strong><span><span class=\"VIpgJd-yAWNEb-VIpgJd-fmcmS-sn54Q\">desconocer las causas<\/span><\/span><\/strong><\/a><span><span class=\"VIpgJd-yAWNEb-VIpgJd-fmcmS-sn54Q\"> sino que su \u00faltima intervenci\u00f3n desmiente la explicaci\u00f3n t\u00e9cnica aportada por REDEIA, que sit\u00faa el foco del problema en las renovables no hidr\u00e1ulicas, aunque puede que haya mucho m\u00e1s en cuesti\u00f3n.<\/span><\/span><\/p>\n<p><strong><span><span class=\"VIpgJd-yAWNEb-VIpgJd-fmcmS-sn54Q\">Los hechos son conocidos:<\/span><\/span><\/strong><span><span class=\"VIpgJd-yAWNEb-VIpgJd-fmcmS-sn54Q\">\u00a0A las 12:33 horas, se produjo una p\u00e9rdida repentina de 15.000 megavatios (MW) de potencia, equivalente al 60% de la demanda el\u00e9ctrica nacional, en apenas cinco segundos. Este fen\u00f3meno, conocido como \u201ccero energ\u00e9tico\u201d, provoc\u00f3 la desconexi\u00f3n autom\u00e1tica de Espa\u00f1a del sistema el\u00e9ctrico europeo, dejando sin suministro a millones de personas.<\/span><\/span><\/p>\n<h5><strong><span><span class=\"VIpgJd-yAWNEb-VIpgJd-fmcmS-sn54Q\">Las causas exactas todav\u00eda est\u00e1n bajo investigaci\u00f3n, pero hay tres hip\u00f3tesis b\u00e1sicas sobre el apag\u00f3n el\u00e9ctrico:<\/span><\/span><\/strong><\/h5>\n<ul>\n<li><strong><span><span class=\"VIpgJd-yAWNEb-VIpgJd-fmcmS-sn54Q\">Desajuste entre generaci\u00f3n y demanda:<\/span><\/span><\/strong><span><span class=\"VIpgJd-yAWNEb-VIpgJd-fmcmS-sn54Q\"> La alta penetraci\u00f3n de energ\u00edas renovables intermitentes (solar y e\u00f3lica) sin suficiente capacidad de almacenamiento o soporte s\u00edncrono podr\u00eda haber generado oscilaciones de tensi\u00f3n y frecuencia, desestabilizando la red. Esta es la conclusi\u00f3n que asumen los t\u00e9cnicos y que S\u00e1nchez rechaza, porque significa reconocer que algo muy grave hace tiempo que se hace mal. Con la agravante de que en\u00a0<\/span><\/span><strong><span><span class=\"VIpgJd-yAWNEb-VIpgJd-fmcmS-sn54Q\">2024 se produjeron cinco incidentes<\/span><\/span><\/strong><span><span class=\"VIpgJd-yAWNEb-VIpgJd-fmcmS-sn54Q\">\u00a0similares al actual, pero que fueron controlados para evitar el \u201ccero<\/span><\/span><strong><span><span class=\"VIpgJd-yAWNEb-VIpgJd-fmcmS-sn54Q\"> energ\u00e9tico\u201d<\/span><\/span><\/strong><span><span class=\"VIpgJd-yAWNEb-VIpgJd-fmcmS-sn54Q\">\u00a0que ahora se ha producido.<\/span><\/span><\/li>\n<\/ul>\n<p><span><span class=\"VIpgJd-yAWNEb-VIpgJd-fmcmS-sn54Q\">La misma empresa controlada mayoritariamente por el gobierno afirmaba en su informe anual publicado en\u00a0<\/span><\/span><strong><span><span class=\"VIpgJd-yAWNEb-VIpgJd-fmcmS-sn54Q\">febrero de este a\u00f1o<\/span><\/span><\/strong><span><span class=\"VIpgJd-yAWNEb-VIpgJd-fmcmS-sn54Q\">\u00a0\u00ab<em>l<\/em><\/span><\/span><em><span><span class=\"VIpgJd-yAWNEb-VIpgJd-fmcmS-sn54Q\">as desconexiones de generaci\u00f3n por la penetraci\u00f3n de las renovables<\/span><\/span><\/em><span><span class=\"VIpgJd-yAWNEb-VIpgJd-fmcmS-sn54Q\">\u00a0\u00bb y \u00ab<\/span><\/span><em><span><span class=\"VIpgJd-yAWNEb-VIpgJd-fmcmS-sn54Q\">una mayor dificultad de operaci\u00f3n del sistema, lo que repercute en un mayor riesgo de accidentes\u00bb<\/span><\/span><\/em><span><span class=\"VIpgJd-yAWNEb-VIpgJd-fmcmS-sn54Q\">. Una advertencia similar hab\u00eda sido realizada\u00a0<\/span><\/span><strong><span><span class=\"VIpgJd-yAWNEb-VIpgJd-fmcmS-sn54Q\">formalmente hace cinco a\u00f1os<\/span><\/span><\/strong><span><span class=\"VIpgJd-yAWNEb-VIpgJd-fmcmS-sn54Q\">.\u00a0De hecho, entre los t\u00e9cnicos existe un gran consenso sobre dos cuestiones: el problema que ocasiona la gran dimensi\u00f3n de la aportaci\u00f3n renovable\u00a0<\/span><\/span><strong><span><span class=\"VIpgJd-yAWNEb-VIpgJd-fmcmS-sn54Q\">sin haber adoptado las medidas pertinentes<\/span><\/span><\/strong><span><span class=\"VIpgJd-yAWNEb-VIpgJd-fmcmS-sn54Q\">,\u00a0y la insuficiencia de la red el\u00e9ctrica por una inversi\u00f3n inferior a la prevista en los \u00faltimos cinco a\u00f1os.<\/span><\/span><\/p>\n<ul>\n<li><strong><span>Una segunda hip\u00f3tesis ha sido la del Fallo en las interconexiones con Francia:<\/span><\/strong><span>\u00a0Se especula que un incendio en el sur de Francia podr\u00eda haber afectado a una l\u00ednea de alta tensi\u00f3n, aunque esta versi\u00f3n ha sido desmentida por las autoridades francesas.<\/span><\/li>\n<li><strong><span><span class=\"VIpgJd-yAWNEb-VIpgJd-fmcmS-sn54Q\">Ciberataque:<\/span><\/span><\/strong><span><span class=\"VIpgJd-yAWNEb-VIpgJd-fmcmS-sn54Q\">\u00a0El Centro Criptol\u00f3gico Nacional detect\u00f3 actividad inusual procedente del norte de \u00c1frica d\u00edas antes del apag\u00f3n, pero hasta ahora no hay evidencia concluyente de un ataque cibern\u00e9tico. Y la propia REDEIA en su \u00faltima versi\u00f3n lo descarta por completo, as\u00ed como la Comisi\u00f3n Europea.<\/span><\/span><\/li>\n<\/ul>\n","protected":false},"excerpt":{"rendered":"<p>El 28 de abril del 2025, Espa\u00f1a sufri\u00f3 el mayor apag\u00f3n el\u00e9ctrico de su historia, que afect\u00f3 a toda la pen\u00ednsula Ib\u00e9rica y partes de Francia y Andorra. Sus efectos negativos van m\u00e1s all\u00e1 del d\u00eda de los hechos, tienen secuelas t\u00e9cnicas y en los servicios ferroviarios, digitales; costes econ\u00f3micos, y sobre todo un gran da\u00f1o reputacional, el mayor que ha sufrido Espa\u00f1a, al menos desde la crisis econ\u00f3mica con Zapatero, porque, y eso ha alarmado a los socios europeos y la Comisi\u00f3n, toda Europa parece haber estado a segundos de sufrir un apag\u00f3n continental. La frecuencia de la red el\u00e9ctrica en toda Europa continental cay\u00f3 hasta 49,85 hercios,\u00a0solo algo por encima del umbral del colapso\u00a0de la l\u00ednea roja. La frecuencia de funcionamiento normal de la red el\u00e9ctrica europea es de 50,00 Hz, con un margen extremadamente estrecho de \u00b10,1 Hz. Cualquier valor fuera de \u00b10,2 Hz desencadena importantes acciones de emergencia. Si la frecuencia hubiera\u00a0ca\u00eddo solo 0,3 Hz m\u00e1s\u00a0(por debajo de 49,5 Hz),\u00a0Europa podr\u00eda haber sufrido un apag\u00f3n en cascada\u00a0que afectar\u00eda a todo el sistema. En este umbral, los rel\u00e9s de protecci\u00f3n autom\u00e1ticos desconectan las principales centrales el\u00e9ctricas y el colapso se acelera. Y es inquietantemente f\u00e1cil imaginar m\u00faltiples escenarios en los que esto podr\u00eda haber ocurrido. Y la causa est\u00e1 en Espa\u00f1a, Portugal ya la ha sufrido, y\u00a0tal y como aseguran los expertos puede repetirse.\u00a0Esta es la gran cuesti\u00f3n. Por ello, la\u00a0Comisi\u00f3n Europea\u00a0ha solicitado un informe de lo ocurrido y ha dado un plazo de 3 meses al gobierno para que lo presente, pero al mismo tiempo ella misma realiza otro informe en paralelo, lo que demuestra la poca confianza que inspira S\u00e1nchez. C\u00f3mo funciona el sistema el\u00e9ctrico espa\u00f1ol La electricidad se genera mediante recursos renovables \u2013que son intermitentes y variables\u2013 con plantas t\u00e9rmicas de distintos tipos\u2013 y energ\u00eda nuclear. A esta complejidad de origen de caracter\u00edsticas distintas; las renovables no hidr\u00e1ulicas no son modulables en cuanto a su aporte de energ\u00eda, se a\u00f1ade la necesidad de que la producci\u00f3n debe encajar exactamente con la demanda pr\u00e1cticamente en el segundo, y los precios de cada tipo son muy diferentes; muy bajos para las renovables; los m\u00e1s caros los de la energ\u00eda t\u00e9rmica, la mayor\u00eda de fuel y gas;\u00a0existen previsiones, pero tambi\u00e9n hay imprevistos. Por otra parte, la red debe administrar flujos de energ\u00eda en ambos sentidos debido a los vertidos excedentarios de los peque\u00f1os productores de renovables (hogares en su mayor\u00eda), lo que supone un esfuerzo extra de la red. Todo esto dota de gran complejidad al sistema. REDEIA\u00a0(la antigua Red El\u00e9ctrica de Espa\u00f1a) es la responsable de la distribuci\u00f3n de la energ\u00eda generada. El\u00a0gran aumento de\u00a0energ\u00eda renovable\u00a0est\u00e1 provocando una desestabilizaci\u00f3n del sistema, dada su importancia, representa, en promedio, m\u00e1s de la mitad de la generaci\u00f3n total y cuando se produjo el fallo sist\u00e9mico entraba en la red el\u00e9ctrica en una proporci\u00f3n del 70%. Las plantas de generaci\u00f3n con\u00a0recursos f\u00f3siles\u00a0son necesarias por su flexibilidad para cubrir situaciones que no abarcan las renovables a causa de las horas sin sol, o demandas imprevistas; por eso deben ser remuneradas en todo momento, lo que contribuye a elevar sustancialmente el precio de mercado. La aportaci\u00f3n masiva de energ\u00eda fotovoltaica y e\u00f3lica vertida a la\u00a0red puede provocar\u00a0oscilaciones severas de energ\u00eda en las redes actuales, que\u00a0no est\u00e1n preparadas\u00a0para transportar cantidades desmedidas de energ\u00eda de forma puntual (una de las causas que se consideran como causa del apag\u00f3n). El gran interrogante:\u00a0\u00bfpuede el sistema de generaci\u00f3n actual satisfacer las necesidades de una demanda cada vez m\u00e1s \u00e1vida y fluctuante?\u00a0La respuesta es no. Porque no solo la demanda de electricidad es cada vez m\u00e1s din\u00e1mica y fluctuante, sino que la generaci\u00f3n de electricidad tambi\u00e9n es m\u00e1s diversa en su composici\u00f3n y origen. Diagn\u00f3stico: \u00bfqu\u00e9 pas\u00f3 y por qu\u00e9? La cuesti\u00f3n clave es qu\u00e9 ocurri\u00f3 y por qu\u00e9. A estas alturas,\u00a0S\u00e1nchez, el \u00fanico que habla por el gobierno, porque los tres ministerios concernidos, Transici\u00f3n Energ\u00e9tica, Industria y Transportes est\u00e1n desaparecidos, no solo dice\u00a0desconocer las causas sino que su \u00faltima intervenci\u00f3n desmiente la explicaci\u00f3n t\u00e9cnica aportada por REDEIA, que sit\u00faa el foco del problema en las renovables no hidr\u00e1ulicas, aunque puede que haya mucho m\u00e1s en cuesti\u00f3n. Los hechos son conocidos:\u00a0A las 12:33 horas, se produjo una p\u00e9rdida repentina de 15.000 megavatios (MW) de potencia, equivalente al 60% de la demanda el\u00e9ctrica nacional, en apenas cinco segundos. Este fen\u00f3meno, conocido como \u201ccero energ\u00e9tico\u201d, provoc\u00f3 la desconexi\u00f3n autom\u00e1tica de Espa\u00f1a del sistema el\u00e9ctrico europeo, dejando sin suministro a millones de personas. Las causas exactas todav\u00eda est\u00e1n bajo investigaci\u00f3n, pero hay tres hip\u00f3tesis b\u00e1sicas sobre el apag\u00f3n el\u00e9ctrico: Desajuste entre generaci\u00f3n y demanda: La alta penetraci\u00f3n de energ\u00edas renovables intermitentes (solar y e\u00f3lica) sin suficiente capacidad de almacenamiento o soporte s\u00edncrono podr\u00eda haber generado oscilaciones de tensi\u00f3n y frecuencia, desestabilizando la red. Esta es la conclusi\u00f3n que asumen los t\u00e9cnicos y que S\u00e1nchez rechaza, porque significa reconocer que algo muy grave hace tiempo que se hace mal. Con la agravante de que en\u00a02024 se produjeron cinco incidentes\u00a0similares al actual, pero que fueron controlados para evitar el \u201ccero energ\u00e9tico\u201d\u00a0que ahora se ha producido. La misma empresa controlada mayoritariamente por el gobierno afirmaba en su informe anual publicado en\u00a0febrero de este a\u00f1o\u00a0\u00ablas desconexiones de generaci\u00f3n por la penetraci\u00f3n de las renovables\u00a0\u00bb y \u00abuna mayor dificultad de operaci\u00f3n del sistema, lo que repercute en un mayor riesgo de accidentes\u00bb. Una advertencia similar hab\u00eda sido realizada\u00a0formalmente hace cinco a\u00f1os.\u00a0De hecho, entre los t\u00e9cnicos existe un gran consenso sobre dos cuestiones: el problema que ocasiona la gran dimensi\u00f3n de la aportaci\u00f3n renovable\u00a0sin haber adoptado las medidas pertinentes,\u00a0y la insuficiencia de la red el\u00e9ctrica por una inversi\u00f3n inferior a la prevista en los \u00faltimos cinco a\u00f1os. Una segunda hip\u00f3tesis ha sido la del Fallo en las interconexiones con Francia:\u00a0Se especula que un incendio en el sur de Francia podr\u00eda haber afectado a una l\u00ednea de alta tensi\u00f3n, aunque esta versi\u00f3n ha sido desmentida por las autoridades francesas. Ciberataque:\u00a0El Centro Criptol\u00f3gico Nacional detect\u00f3 actividad inusual procedente del norte de \u00c1frica d\u00edas antes del apag\u00f3n, pero hasta&#8230;<\/p>\n","protected":false},"author":80,"featured_media":87972,"comment_status":"open","ping_status":"open","sticky":false,"template":"","format":"standard","meta":{"_FSMCFIC_featured_image_caption":"","_FSMCFIC_featured_image_nocaption":"","_FSMCFIC_featured_image_hide":"","footnotes":""},"categories":[806],"tags":[5283,3370],"class_list":["post-87975","post","type-post","status-publish","format-standard","has-post-thumbnail","hentry","category-punts-claus-del-dia-es","tag-apagada-es","tag-electricitat-es"],"yoast_head":"<!-- This site is optimized with the Yoast SEO plugin v26.8 - https:\/\/yoast.com\/product\/yoast-seo-wordpress\/ -->\n<title>El apag\u00f3n, lo que s\u00ed ya sabemos o por qu\u00e9 S\u00e1nchez es peligroso para todos nosotros (I) - Converses a Catalunya<\/title>\n<meta name=\"description\" content=\"Las causas exactas todav\u00eda est\u00e1n bajo investigaci\u00f3n, pero hay tres hip\u00f3tesis b\u00e1sicas sobre el apag\u00f3n el\u00e9ctrico\" \/>\n<meta name=\"robots\" content=\"index, follow, max-snippet:-1, max-image-preview:large, max-video-preview:-1\" \/>\n<link rel=\"canonical\" href=\"https:\/\/conversesacatalunya.cat\/es\/apagon-electrico-hipotesis-y-lo-que-si-ya-sabemos\/\" \/>\n<meta property=\"og:locale\" content=\"es_ES\" \/>\n<meta property=\"og:type\" content=\"article\" \/>\n<meta property=\"og:title\" content=\"El apag\u00f3n, lo que s\u00ed ya sabemos o por qu\u00e9 S\u00e1nchez es peligroso para todos nosotros (I) - Converses a Catalunya\" \/>\n<meta property=\"og:description\" content=\"Las causas exactas todav\u00eda est\u00e1n bajo investigaci\u00f3n, pero hay tres hip\u00f3tesis b\u00e1sicas sobre el apag\u00f3n el\u00e9ctrico\" \/>\n<meta property=\"og:url\" content=\"https:\/\/conversesacatalunya.cat\/es\/apagon-electrico-hipotesis-y-lo-que-si-ya-sabemos\/\" \/>\n<meta property=\"og:site_name\" content=\"Converses a Catalunya\" \/>\n<meta property=\"article:published_time\" content=\"2025-04-30T11:00:02+00:00\" \/>\n<meta property=\"article:modified_time\" content=\"2025-04-30T11:18:57+00:00\" \/>\n<meta property=\"og:image\" content=\"https:\/\/conversesacatalunya.cat\/wp-content\/uploads\/2025\/04\/power-station-2802612_640.jpg\" \/>\n\t<meta property=\"og:image:width\" content=\"640\" \/>\n\t<meta property=\"og:image:height\" content=\"427\" \/>\n\t<meta property=\"og:image:type\" content=\"image\/jpeg\" \/>\n<meta name=\"author\" content=\"N\u00faria Freixa\" \/>\n<meta name=\"twitter:card\" content=\"summary_large_image\" \/>\n<meta name=\"twitter:label1\" content=\"Escrito por\" \/>\n\t<meta name=\"twitter:data1\" content=\"N\u00faria Freixa\" \/>\n\t<meta name=\"twitter:label2\" content=\"Tiempo de lectura\" \/>\n\t<meta name=\"twitter:data2\" content=\"6 minutos\" \/>\n<script type=\"application\/ld+json\" class=\"yoast-schema-graph\">{\"@context\":\"https:\/\/schema.org\",\"@graph\":[{\"@type\":\"Article\",\"@id\":\"https:\/\/conversesacatalunya.cat\/es\/apagon-electrico-hipotesis-y-lo-que-si-ya-sabemos\/#article\",\"isPartOf\":{\"@id\":\"https:\/\/conversesacatalunya.cat\/es\/apagon-electrico-hipotesis-y-lo-que-si-ya-sabemos\/\"},\"author\":{\"name\":\"N\u00faria Freixa\",\"@id\":\"https:\/\/conversesacatalunya.cat\/#\/schema\/person\/b734752c25b328c819a407cbea568c1f\"},\"headline\":\"El apag\u00f3n, lo que s\u00ed ya sabemos o por qu\u00e9 S\u00e1nchez es peligroso para todos nosotros (I)\",\"datePublished\":\"2025-04-30T11:00:02+00:00\",\"dateModified\":\"2025-04-30T11:18:57+00:00\",\"mainEntityOfPage\":{\"@id\":\"https:\/\/conversesacatalunya.cat\/es\/apagon-electrico-hipotesis-y-lo-que-si-ya-sabemos\/\"},\"wordCount\":1210,\"commentCount\":0,\"image\":{\"@id\":\"https:\/\/conversesacatalunya.cat\/es\/apagon-electrico-hipotesis-y-lo-que-si-ya-sabemos\/#primaryimage\"},\"thumbnailUrl\":\"https:\/\/conversesacatalunya.cat\/wp-content\/uploads\/2025\/04\/power-station-2802612_640.jpg\",\"keywords\":[\"apagada\",\"Electricitat\"],\"articleSection\":[\"Punts clau del dia (ES)\"],\"inLanguage\":\"es\",\"potentialAction\":[{\"@type\":\"CommentAction\",\"name\":\"Comment\",\"target\":[\"https:\/\/conversesacatalunya.cat\/es\/apagon-electrico-hipotesis-y-lo-que-si-ya-sabemos\/#respond\"]}]},{\"@type\":\"WebPage\",\"@id\":\"https:\/\/conversesacatalunya.cat\/es\/apagon-electrico-hipotesis-y-lo-que-si-ya-sabemos\/\",\"url\":\"https:\/\/conversesacatalunya.cat\/es\/apagon-electrico-hipotesis-y-lo-que-si-ya-sabemos\/\",\"name\":\"El apag\u00f3n, lo que s\u00ed ya sabemos o por qu\u00e9 S\u00e1nchez es peligroso para todos nosotros (I) - Converses a Catalunya\",\"isPartOf\":{\"@id\":\"https:\/\/conversesacatalunya.cat\/#website\"},\"primaryImageOfPage\":{\"@id\":\"https:\/\/conversesacatalunya.cat\/es\/apagon-electrico-hipotesis-y-lo-que-si-ya-sabemos\/#primaryimage\"},\"image\":{\"@id\":\"https:\/\/conversesacatalunya.cat\/es\/apagon-electrico-hipotesis-y-lo-que-si-ya-sabemos\/#primaryimage\"},\"thumbnailUrl\":\"https:\/\/conversesacatalunya.cat\/wp-content\/uploads\/2025\/04\/power-station-2802612_640.jpg\",\"datePublished\":\"2025-04-30T11:00:02+00:00\",\"dateModified\":\"2025-04-30T11:18:57+00:00\",\"author\":{\"@id\":\"https:\/\/conversesacatalunya.cat\/#\/schema\/person\/b734752c25b328c819a407cbea568c1f\"},\"description\":\"Las causas exactas todav\u00eda est\u00e1n bajo investigaci\u00f3n, pero hay tres hip\u00f3tesis b\u00e1sicas sobre el apag\u00f3n el\u00e9ctrico\",\"breadcrumb\":{\"@id\":\"https:\/\/conversesacatalunya.cat\/es\/apagon-electrico-hipotesis-y-lo-que-si-ya-sabemos\/#breadcrumb\"},\"inLanguage\":\"es\",\"potentialAction\":[{\"@type\":\"ReadAction\",\"target\":[\"https:\/\/conversesacatalunya.cat\/es\/apagon-electrico-hipotesis-y-lo-que-si-ya-sabemos\/\"]}]},{\"@type\":\"ImageObject\",\"inLanguage\":\"es\",\"@id\":\"https:\/\/conversesacatalunya.cat\/es\/apagon-electrico-hipotesis-y-lo-que-si-ya-sabemos\/#primaryimage\",\"url\":\"https:\/\/conversesacatalunya.cat\/wp-content\/uploads\/2025\/04\/power-station-2802612_640.jpg\",\"contentUrl\":\"https:\/\/conversesacatalunya.cat\/wp-content\/uploads\/2025\/04\/power-station-2802612_640.jpg\",\"width\":640,\"height\":427,\"caption\":\"apag\u00f3n el\u00e9ctrico hip\u00f3tesis\"},{\"@type\":\"BreadcrumbList\",\"@id\":\"https:\/\/conversesacatalunya.cat\/es\/apagon-electrico-hipotesis-y-lo-que-si-ya-sabemos\/#breadcrumb\",\"itemListElement\":[{\"@type\":\"ListItem\",\"position\":1,\"name\":\"Inici\",\"item\":\"https:\/\/conversesacatalunya.cat\/es\/\"},{\"@type\":\"ListItem\",\"position\":2,\"name\":\"El apag\u00f3n, lo que s\u00ed ya sabemos o por qu\u00e9 S\u00e1nchez es peligroso para todos nosotros (I)\"}]},{\"@type\":\"WebSite\",\"@id\":\"https:\/\/conversesacatalunya.cat\/#website\",\"url\":\"https:\/\/conversesacatalunya.cat\/\",\"name\":\"Converses a Catalunya\",\"description\":\"\",\"potentialAction\":[{\"@type\":\"SearchAction\",\"target\":{\"@type\":\"EntryPoint\",\"urlTemplate\":\"https:\/\/conversesacatalunya.cat\/?s={search_term_string}\"},\"query-input\":{\"@type\":\"PropertyValueSpecification\",\"valueRequired\":true,\"valueName\":\"search_term_string\"}}],\"inLanguage\":\"es\"},{\"@type\":\"Person\",\"@id\":\"https:\/\/conversesacatalunya.cat\/#\/schema\/person\/b734752c25b328c819a407cbea568c1f\",\"name\":\"N\u00faria Freixa\",\"image\":{\"@type\":\"ImageObject\",\"inLanguage\":\"es\",\"@id\":\"https:\/\/conversesacatalunya.cat\/#\/schema\/person\/image\/\",\"url\":\"https:\/\/conversesacatalunya.cat\/wp-content\/litespeed\/avatar\/c3686e387186fed249338fe04729c597.jpg?ver=1777289182\",\"contentUrl\":\"https:\/\/conversesacatalunya.cat\/wp-content\/litespeed\/avatar\/c3686e387186fed249338fe04729c597.jpg?ver=1777289182\",\"caption\":\"N\u00faria Freixa\"},\"url\":\"https:\/\/conversesacatalunya.cat\/es\/author\/nuria_freixa\/\"}]}<\/script>\n<!-- \/ Yoast SEO plugin. -->","yoast_head_json":{"title":"El apag\u00f3n, lo que s\u00ed ya sabemos o por qu\u00e9 S\u00e1nchez es peligroso para todos nosotros (I) - Converses a Catalunya","description":"Las causas exactas todav\u00eda est\u00e1n bajo investigaci\u00f3n, pero hay tres hip\u00f3tesis b\u00e1sicas sobre el apag\u00f3n el\u00e9ctrico","robots":{"index":"index","follow":"follow","max-snippet":"max-snippet:-1","max-image-preview":"max-image-preview:large","max-video-preview":"max-video-preview:-1"},"canonical":"https:\/\/conversesacatalunya.cat\/es\/apagon-electrico-hipotesis-y-lo-que-si-ya-sabemos\/","og_locale":"es_ES","og_type":"article","og_title":"El apag\u00f3n, lo que s\u00ed ya sabemos o por qu\u00e9 S\u00e1nchez es peligroso para todos nosotros (I) - Converses a Catalunya","og_description":"Las causas exactas todav\u00eda est\u00e1n bajo investigaci\u00f3n, pero hay tres hip\u00f3tesis b\u00e1sicas sobre el apag\u00f3n el\u00e9ctrico","og_url":"https:\/\/conversesacatalunya.cat\/es\/apagon-electrico-hipotesis-y-lo-que-si-ya-sabemos\/","og_site_name":"Converses a Catalunya","article_published_time":"2025-04-30T11:00:02+00:00","article_modified_time":"2025-04-30T11:18:57+00:00","og_image":[{"width":640,"height":427,"url":"https:\/\/conversesacatalunya.cat\/wp-content\/uploads\/2025\/04\/power-station-2802612_640.jpg","type":"image\/jpeg"}],"author":"N\u00faria Freixa","twitter_card":"summary_large_image","twitter_misc":{"Escrito por":"N\u00faria Freixa","Tiempo de lectura":"6 minutos"},"schema":{"@context":"https:\/\/schema.org","@graph":[{"@type":"Article","@id":"https:\/\/conversesacatalunya.cat\/es\/apagon-electrico-hipotesis-y-lo-que-si-ya-sabemos\/#article","isPartOf":{"@id":"https:\/\/conversesacatalunya.cat\/es\/apagon-electrico-hipotesis-y-lo-que-si-ya-sabemos\/"},"author":{"name":"N\u00faria Freixa","@id":"https:\/\/conversesacatalunya.cat\/#\/schema\/person\/b734752c25b328c819a407cbea568c1f"},"headline":"El apag\u00f3n, lo que s\u00ed ya sabemos o por qu\u00e9 S\u00e1nchez es peligroso para todos nosotros (I)","datePublished":"2025-04-30T11:00:02+00:00","dateModified":"2025-04-30T11:18:57+00:00","mainEntityOfPage":{"@id":"https:\/\/conversesacatalunya.cat\/es\/apagon-electrico-hipotesis-y-lo-que-si-ya-sabemos\/"},"wordCount":1210,"commentCount":0,"image":{"@id":"https:\/\/conversesacatalunya.cat\/es\/apagon-electrico-hipotesis-y-lo-que-si-ya-sabemos\/#primaryimage"},"thumbnailUrl":"https:\/\/conversesacatalunya.cat\/wp-content\/uploads\/2025\/04\/power-station-2802612_640.jpg","keywords":["apagada","Electricitat"],"articleSection":["Punts clau del dia (ES)"],"inLanguage":"es","potentialAction":[{"@type":"CommentAction","name":"Comment","target":["https:\/\/conversesacatalunya.cat\/es\/apagon-electrico-hipotesis-y-lo-que-si-ya-sabemos\/#respond"]}]},{"@type":"WebPage","@id":"https:\/\/conversesacatalunya.cat\/es\/apagon-electrico-hipotesis-y-lo-que-si-ya-sabemos\/","url":"https:\/\/conversesacatalunya.cat\/es\/apagon-electrico-hipotesis-y-lo-que-si-ya-sabemos\/","name":"El apag\u00f3n, lo que s\u00ed ya sabemos o por qu\u00e9 S\u00e1nchez es peligroso para todos nosotros (I) - Converses a Catalunya","isPartOf":{"@id":"https:\/\/conversesacatalunya.cat\/#website"},"primaryImageOfPage":{"@id":"https:\/\/conversesacatalunya.cat\/es\/apagon-electrico-hipotesis-y-lo-que-si-ya-sabemos\/#primaryimage"},"image":{"@id":"https:\/\/conversesacatalunya.cat\/es\/apagon-electrico-hipotesis-y-lo-que-si-ya-sabemos\/#primaryimage"},"thumbnailUrl":"https:\/\/conversesacatalunya.cat\/wp-content\/uploads\/2025\/04\/power-station-2802612_640.jpg","datePublished":"2025-04-30T11:00:02+00:00","dateModified":"2025-04-30T11:18:57+00:00","author":{"@id":"https:\/\/conversesacatalunya.cat\/#\/schema\/person\/b734752c25b328c819a407cbea568c1f"},"description":"Las causas exactas todav\u00eda est\u00e1n bajo investigaci\u00f3n, pero hay tres hip\u00f3tesis b\u00e1sicas sobre el apag\u00f3n el\u00e9ctrico","breadcrumb":{"@id":"https:\/\/conversesacatalunya.cat\/es\/apagon-electrico-hipotesis-y-lo-que-si-ya-sabemos\/#breadcrumb"},"inLanguage":"es","potentialAction":[{"@type":"ReadAction","target":["https:\/\/conversesacatalunya.cat\/es\/apagon-electrico-hipotesis-y-lo-que-si-ya-sabemos\/"]}]},{"@type":"ImageObject","inLanguage":"es","@id":"https:\/\/conversesacatalunya.cat\/es\/apagon-electrico-hipotesis-y-lo-que-si-ya-sabemos\/#primaryimage","url":"https:\/\/conversesacatalunya.cat\/wp-content\/uploads\/2025\/04\/power-station-2802612_640.jpg","contentUrl":"https:\/\/conversesacatalunya.cat\/wp-content\/uploads\/2025\/04\/power-station-2802612_640.jpg","width":640,"height":427,"caption":"apag\u00f3n el\u00e9ctrico hip\u00f3tesis"},{"@type":"BreadcrumbList","@id":"https:\/\/conversesacatalunya.cat\/es\/apagon-electrico-hipotesis-y-lo-que-si-ya-sabemos\/#breadcrumb","itemListElement":[{"@type":"ListItem","position":1,"name":"Inici","item":"https:\/\/conversesacatalunya.cat\/es\/"},{"@type":"ListItem","position":2,"name":"El apag\u00f3n, lo que s\u00ed ya sabemos o por qu\u00e9 S\u00e1nchez es peligroso para todos nosotros (I)"}]},{"@type":"WebSite","@id":"https:\/\/conversesacatalunya.cat\/#website","url":"https:\/\/conversesacatalunya.cat\/","name":"Converses a Catalunya","description":"","potentialAction":[{"@type":"SearchAction","target":{"@type":"EntryPoint","urlTemplate":"https:\/\/conversesacatalunya.cat\/?s={search_term_string}"},"query-input":{"@type":"PropertyValueSpecification","valueRequired":true,"valueName":"search_term_string"}}],"inLanguage":"es"},{"@type":"Person","@id":"https:\/\/conversesacatalunya.cat\/#\/schema\/person\/b734752c25b328c819a407cbea568c1f","name":"N\u00faria Freixa","image":{"@type":"ImageObject","inLanguage":"es","@id":"https:\/\/conversesacatalunya.cat\/#\/schema\/person\/image\/","url":"https:\/\/conversesacatalunya.cat\/wp-content\/litespeed\/avatar\/c3686e387186fed249338fe04729c597.jpg?ver=1777289182","contentUrl":"https:\/\/conversesacatalunya.cat\/wp-content\/litespeed\/avatar\/c3686e387186fed249338fe04729c597.jpg?ver=1777289182","caption":"N\u00faria Freixa"},"url":"https:\/\/conversesacatalunya.cat\/es\/author\/nuria_freixa\/"}]}},"wps_subtitle":"Entre los t\u00e9cnicos existe un gran consenso sobre dos cuestiones: el problema que ocasiona la gran dimensi\u00f3n de la aportaci\u00f3n renovable sin haber adoptado las medidas pertinentes, y la insuficiencia de la red el\u00e9ctrica por una inversi\u00f3n inferior a la prevista en los \u00faltimos cinco a\u00f1os.","_links":{"self":[{"href":"https:\/\/conversesacatalunya.cat\/es\/wp-json\/wp\/v2\/posts\/87975","targetHints":{"allow":["GET"]}}],"collection":[{"href":"https:\/\/conversesacatalunya.cat\/es\/wp-json\/wp\/v2\/posts"}],"about":[{"href":"https:\/\/conversesacatalunya.cat\/es\/wp-json\/wp\/v2\/types\/post"}],"author":[{"embeddable":true,"href":"https:\/\/conversesacatalunya.cat\/es\/wp-json\/wp\/v2\/users\/80"}],"replies":[{"embeddable":true,"href":"https:\/\/conversesacatalunya.cat\/es\/wp-json\/wp\/v2\/comments?post=87975"}],"version-history":[{"count":7,"href":"https:\/\/conversesacatalunya.cat\/es\/wp-json\/wp\/v2\/posts\/87975\/revisions"}],"predecessor-version":[{"id":87976,"href":"https:\/\/conversesacatalunya.cat\/es\/wp-json\/wp\/v2\/posts\/87975\/revisions\/87976"}],"wp:featuredmedia":[{"embeddable":true,"href":"https:\/\/conversesacatalunya.cat\/es\/wp-json\/wp\/v2\/media\/87972"}],"wp:attachment":[{"href":"https:\/\/conversesacatalunya.cat\/es\/wp-json\/wp\/v2\/media?parent=87975"}],"wp:term":[{"taxonomy":"category","embeddable":true,"href":"https:\/\/conversesacatalunya.cat\/es\/wp-json\/wp\/v2\/categories?post=87975"},{"taxonomy":"post_tag","embeddable":true,"href":"https:\/\/conversesacatalunya.cat\/es\/wp-json\/wp\/v2\/tags?post=87975"}],"curies":[{"name":"wp","href":"https:\/\/api.w.org\/{rel}","templated":true}]}}