{"id":87960,"date":"2025-04-30T13:15:10","date_gmt":"2025-04-30T11:15:10","guid":{"rendered":"https:\/\/conversesacatalunya.cat\/?p=87960"},"modified":"2025-04-30T13:30:00","modified_gmt":"2025-04-30T11:30:00","slug":"epa-turismo-paro-salarios-bajos","status":"publish","type":"post","link":"https:\/\/conversesacatalunya.cat\/es\/epa-turismo-paro-salarios-bajos\/","title":{"rendered":"Lo que nos dice la EPA: Turismo, paro y salarios bajos: la trampa circular de la econom\u00eda espa\u00f1ola"},"content":{"rendered":"<p><span>Los datos macroecon\u00f3micos parecen positivos: crecimiento del PIB, buenas cifras de empleo, pero bajo la superficie, la econom\u00eda espa\u00f1ola se sostiene sobre un\u00a0<\/span><strong><span>modelo fr\u00e1gil y dopado por el turismo.<\/span><\/strong><\/p>\n<p><strong><span><span class=\"VIpgJd-yAWNEb-VIpgJd-fmcmS-sn54Q\">La Encuesta de Poblaci\u00f3n Activa (EPA)<\/span><\/span><\/strong><span><span class=\"VIpgJd-yAWNEb-VIpgJd-fmcmS-sn54Q\">\u00a0del primer trimestre ha puesto de nuevo en evidencia un problema estructural: la dependencia extrema del turismo. Este a\u00f1o se prev\u00e9 superar los\u00a0<\/span><\/span><strong><span><span class=\"VIpgJd-yAWNEb-VIpgJd-fmcmS-sn54Q\">94 millones de visitantes<\/span><\/span><\/strong><span><span class=\"VIpgJd-yAWNEb-VIpgJd-fmcmS-sn54Q\">,\u00a0lo que genera una abundante creaci\u00f3n de empleo, pero de baja productividad y, por tanto, de salario bajo. Esta f\u00f3rmula, lejos de corregirse, se ha afianzado.<\/span><\/span><\/p>\n<p><span><span class=\"VIpgJd-yAWNEb-VIpgJd-fmcmS-sn54Q\">En este escenario,\u00a0<\/span><\/span><strong><span><span class=\"VIpgJd-yAWNEb-VIpgJd-fmcmS-sn54Q\">la econom\u00eda entra en un c\u00edrculo vicioso:<\/span><\/span><\/strong><span><span class=\"VIpgJd-yAWNEb-VIpgJd-fmcmS-sn54Q\">\u00a0el turismo crea puestos de trabajo precarios, que atraen a inmigraci\u00f3n masiva por la facilidad de inserci\u00f3n, lo que incrementa el PIB sin mejorar la renta per c\u00e1pita. Lo que crece es la cantidad de trabajo, no su calidad ni su eficiencia.<\/span><\/span><\/p>\n<p><span><span class=\"VIpgJd-yAWNEb-VIpgJd-fmcmS-sn54Q\">Adem\u00e1s,\u00a0<\/span><\/span><strong><span><span class=\"VIpgJd-yAWNEb-VIpgJd-fmcmS-sn54Q\">este modelo externaliza costes que nunca se contabilizan, pero<\/span><\/span><\/strong><span><span class=\"VIpgJd-yAWNEb-VIpgJd-fmcmS-sn54Q\">\u00a0que son muy reales: sobrecarga de los servicios sanitarios, presi\u00f3n sobre la vivienda, deterioro de los recursos naturales y del patrimonio ambiental. Son consecuencias estructurales de una econom\u00eda m\u00e1s enfocada a contar visitantes que a construir valor.<\/span><\/span><\/p>\n<p><strong><span>La EPA tambi\u00e9n alerta sobre los efectos\u00a0<\/span><span>a <a href=\"https:\/\/conversesacatalunya.cat\/es\/el-turismo-es-un-mal-negocio-para-sus-trabajadores\/\" target=\"_blank\" rel=\"noopener\">corto plazo<\/a><\/span><\/strong><span>.\u00a0Como la Semana Santa cay\u00f3 este a\u00f1o en abril, fuera del primer trimestre, los datos reflejan el peor inicio de a\u00f1o en una d\u00e9cada: 200.000 parados m\u00e1s, con una tasa de paro que sube hasta el 11,4% frente al 10,6% de finales de 2024, de estos. la hosteler\u00eda y el comercio.<\/span><\/p>\n<p><span><span class=\"VIpgJd-yAWNEb-VIpgJd-fmcmS-sn54Q\">Y hay m\u00e1s: disminuye el n\u00famero de ocupados (-92.500 personas), 1,4 millones de trabajadores desean ampliar su jornada y no pueden hacerlo, y la tasa de paro juvenil alcanza el 26,5%.\u00a0<\/span><\/span><strong><span><span class=\"VIpgJd-yAWNEb-VIpgJd-fmcmS-sn54Q\">Conseguir un trabajo digno sigue siendo un reto<\/span><\/span><\/strong><span><span class=\"VIpgJd-yAWNEb-VIpgJd-fmcmS-sn54Q\">,\u00a0sobre todo para los j\u00f3venes, que cuando encuentran uno lo hacen en condiciones muy inferiores a la media europea.<\/span><\/span><\/p>\n<p><span>La econom\u00eda espa\u00f1ola crece, s\u00ed. Pero lo hace por el gran n\u00famero de turistas, sostenida por trabajos precarios y erosionada por un modelo que ha sustituido el valor a\u00f1adido por la dependencia estructural.<\/span><\/p>\n<span class='bctt-click-to-tweet'><span class='bctt-ctt-text'><a href='https:\/\/twitter.com\/intent\/tweet?url=https%3A%2F%2Fconversesacatalunya.cat%2Fes%2Fepa-turismo-paro-salarios-bajos%2F&#038;text=Como%20la%20Semana%20Santa%20cay%C3%B3%20este%20a%C3%B1o%20en%20abril%2C%20fuera%20del%20primer%20trimestre%2C%20los%20datos%20reflejan%20el%20peor%20inicio%20de%20a%C3%B1o%20en%20una%20d%C3%A9cada&#038;via=conversesacat&#038;related=conversesacat' target='_blank'rel=\"noopener noreferrer\">Como la Semana Santa cay\u00f3 este a\u00f1o en abril, fuera del primer trimestre, los datos reflejan el peor inicio de a\u00f1o en una d\u00e9cada <\/a><\/span><a href='https:\/\/twitter.com\/intent\/tweet?url=https%3A%2F%2Fconversesacatalunya.cat%2Fes%2Fepa-turismo-paro-salarios-bajos%2F&#038;text=Como%20la%20Semana%20Santa%20cay%C3%B3%20este%20a%C3%B1o%20en%20abril%2C%20fuera%20del%20primer%20trimestre%2C%20los%20datos%20reflejan%20el%20peor%20inicio%20de%20a%C3%B1o%20en%20una%20d%C3%A9cada&#038;via=conversesacat&#038;related=conversesacat' target='_blank' class='bctt-ctt-btn'rel=\"noopener noreferrer\">Compartir en X<\/a><\/span>\n<p>&nbsp;<\/p>\n","protected":false},"excerpt":{"rendered":"<p>Los datos macroecon\u00f3micos parecen positivos: crecimiento del PIB, buenas cifras de empleo, pero bajo la superficie, la econom\u00eda espa\u00f1ola se sostiene sobre un\u00a0modelo fr\u00e1gil y dopado por el turismo. La Encuesta de Poblaci\u00f3n Activa (EPA)\u00a0del primer trimestre ha puesto de nuevo en evidencia un problema estructural: la dependencia extrema del turismo. Este a\u00f1o se prev\u00e9 superar los\u00a094 millones de visitantes,\u00a0lo que genera una abundante creaci\u00f3n de empleo, pero de baja productividad y, por tanto, de salario bajo. Esta f\u00f3rmula, lejos de corregirse, se ha afianzado. En este escenario,\u00a0la econom\u00eda entra en un c\u00edrculo vicioso:\u00a0el turismo crea puestos de trabajo precarios, que atraen a inmigraci\u00f3n masiva por la facilidad de inserci\u00f3n, lo que incrementa el PIB sin mejorar la renta per c\u00e1pita. Lo que crece es la cantidad de trabajo, no su calidad ni su eficiencia. Adem\u00e1s,\u00a0este modelo externaliza costes que nunca se contabilizan, pero\u00a0que son muy reales: sobrecarga de los servicios sanitarios, presi\u00f3n sobre la vivienda, deterioro de los recursos naturales y del patrimonio ambiental. Son consecuencias estructurales de una econom\u00eda m\u00e1s enfocada a contar visitantes que a construir valor. La EPA tambi\u00e9n alerta sobre los efectos\u00a0a corto plazo.\u00a0Como la Semana Santa cay\u00f3 este a\u00f1o en abril, fuera del primer trimestre, los datos reflejan el peor inicio de a\u00f1o en una d\u00e9cada: 200.000 parados m\u00e1s, con una tasa de paro que sube hasta el 11,4% frente al 10,6% de finales de 2024, de estos. la hosteler\u00eda y el comercio. Y hay m\u00e1s: disminuye el n\u00famero de ocupados (-92.500 personas), 1,4 millones de trabajadores desean ampliar su jornada y no pueden hacerlo, y la tasa de paro juvenil alcanza el 26,5%.\u00a0Conseguir un trabajo digno sigue siendo un reto,\u00a0sobre todo para los j\u00f3venes, que cuando encuentran uno lo hacen en condiciones muy inferiores a la media europea. La econom\u00eda espa\u00f1ola crece, s\u00ed. Pero lo hace por el gran n\u00famero de turistas, sostenida por trabajos precarios y erosionada por un modelo que ha sustituido el valor a\u00f1adido por la dependencia estructural. &nbsp;<\/p>\n","protected":false},"author":78,"featured_media":87956,"comment_status":"open","ping_status":"open","sticky":false,"template":"","format":"standard","meta":{"_FSMCFIC_featured_image_caption":"","_FSMCFIC_featured_image_nocaption":"","_FSMCFIC_featured_image_hide":"","footnotes":""},"categories":[806],"tags":[1135,1579,848,2231],"class_list":["post-87960","post","type-post","status-publish","format-standard","has-post-thumbnail","hentry","category-punts-claus-del-dia-es","tag-atur-es","tag-paro","tag-turisme-es","tag-turismo"],"yoast_head":"<!-- This site is optimized with the Yoast SEO plugin v26.8 - https:\/\/yoast.com\/product\/yoast-seo-wordpress\/ -->\n<title>El que ens diu l\u2019EPA: Turisme, atur i salaris baixos<\/title>\n<meta name=\"description\" content=\"La Encuesta de Poblaci\u00f3n Activa EPA del primer trimestre ha vuelto a poner en evidencia un problema estructural: la dependencia del turismo\" \/>\n<meta name=\"robots\" content=\"index, follow, max-snippet:-1, max-image-preview:large, max-video-preview:-1\" \/>\n<link rel=\"canonical\" href=\"https:\/\/conversesacatalunya.cat\/es\/epa-turismo-paro-salarios-bajos\/\" \/>\n<meta property=\"og:locale\" content=\"es_ES\" \/>\n<meta property=\"og:type\" content=\"article\" \/>\n<meta property=\"og:title\" content=\"El que ens diu l\u2019EPA: Turisme, atur i salaris baixos\" \/>\n<meta property=\"og:description\" content=\"La Encuesta de Poblaci\u00f3n Activa EPA del primer trimestre ha vuelto a poner en evidencia un problema estructural: la dependencia del turismo\" \/>\n<meta property=\"og:url\" content=\"https:\/\/conversesacatalunya.cat\/es\/epa-turismo-paro-salarios-bajos\/\" \/>\n<meta property=\"og:site_name\" content=\"Converses a Catalunya\" \/>\n<meta property=\"article:published_time\" content=\"2025-04-30T11:15:10+00:00\" \/>\n<meta property=\"article:modified_time\" content=\"2025-04-30T11:30:00+00:00\" \/>\n<meta property=\"og:image\" content=\"https:\/\/conversesacatalunya.cat\/wp-content\/uploads\/2025\/04\/travel-4861440_640.jpg\" \/>\n\t<meta property=\"og:image:width\" content=\"640\" \/>\n\t<meta property=\"og:image:height\" content=\"427\" \/>\n\t<meta property=\"og:image:type\" content=\"image\/jpeg\" \/>\n<meta name=\"author\" content=\"Joan Masip\" \/>\n<meta name=\"twitter:card\" content=\"summary_large_image\" \/>\n<meta name=\"twitter:label1\" content=\"Escrito por\" \/>\n\t<meta name=\"twitter:data1\" content=\"Joan Masip\" \/>\n\t<meta name=\"twitter:label2\" content=\"Tiempo de lectura\" \/>\n\t<meta name=\"twitter:data2\" content=\"2 minutos\" \/>\n<script type=\"application\/ld+json\" class=\"yoast-schema-graph\">{\"@context\":\"https:\/\/schema.org\",\"@graph\":[{\"@type\":\"Article\",\"@id\":\"https:\/\/conversesacatalunya.cat\/es\/epa-turismo-paro-salarios-bajos\/#article\",\"isPartOf\":{\"@id\":\"https:\/\/conversesacatalunya.cat\/es\/epa-turismo-paro-salarios-bajos\/\"},\"author\":{\"name\":\"Joan Masip\",\"@id\":\"https:\/\/conversesacatalunya.cat\/#\/schema\/person\/311d0bf53def217d5124c78a7bc42275\"},\"headline\":\"Lo que nos dice la EPA: Turismo, paro y salarios bajos: la trampa circular de la econom\u00eda espa\u00f1ola\",\"datePublished\":\"2025-04-30T11:15:10+00:00\",\"dateModified\":\"2025-04-30T11:30:00+00:00\",\"mainEntityOfPage\":{\"@id\":\"https:\/\/conversesacatalunya.cat\/es\/epa-turismo-paro-salarios-bajos\/\"},\"wordCount\":415,\"commentCount\":0,\"image\":{\"@id\":\"https:\/\/conversesacatalunya.cat\/es\/epa-turismo-paro-salarios-bajos\/#primaryimage\"},\"thumbnailUrl\":\"https:\/\/conversesacatalunya.cat\/wp-content\/uploads\/2025\/04\/travel-4861440_640.jpg\",\"keywords\":[\"atur\",\"Paro\",\"Turisme\",\"Turismo\"],\"articleSection\":[\"Punts clau del dia (ES)\"],\"inLanguage\":\"es\",\"potentialAction\":[{\"@type\":\"CommentAction\",\"name\":\"Comment\",\"target\":[\"https:\/\/conversesacatalunya.cat\/es\/epa-turismo-paro-salarios-bajos\/#respond\"]}]},{\"@type\":\"WebPage\",\"@id\":\"https:\/\/conversesacatalunya.cat\/es\/epa-turismo-paro-salarios-bajos\/\",\"url\":\"https:\/\/conversesacatalunya.cat\/es\/epa-turismo-paro-salarios-bajos\/\",\"name\":\"El que ens diu l\u2019EPA: Turisme, atur i salaris baixos\",\"isPartOf\":{\"@id\":\"https:\/\/conversesacatalunya.cat\/#website\"},\"primaryImageOfPage\":{\"@id\":\"https:\/\/conversesacatalunya.cat\/es\/epa-turismo-paro-salarios-bajos\/#primaryimage\"},\"image\":{\"@id\":\"https:\/\/conversesacatalunya.cat\/es\/epa-turismo-paro-salarios-bajos\/#primaryimage\"},\"thumbnailUrl\":\"https:\/\/conversesacatalunya.cat\/wp-content\/uploads\/2025\/04\/travel-4861440_640.jpg\",\"datePublished\":\"2025-04-30T11:15:10+00:00\",\"dateModified\":\"2025-04-30T11:30:00+00:00\",\"author\":{\"@id\":\"https:\/\/conversesacatalunya.cat\/#\/schema\/person\/311d0bf53def217d5124c78a7bc42275\"},\"description\":\"La Encuesta de Poblaci\u00f3n Activa EPA del primer trimestre ha vuelto a poner en evidencia un problema estructural: la dependencia del turismo\",\"breadcrumb\":{\"@id\":\"https:\/\/conversesacatalunya.cat\/es\/epa-turismo-paro-salarios-bajos\/#breadcrumb\"},\"inLanguage\":\"es\",\"potentialAction\":[{\"@type\":\"ReadAction\",\"target\":[\"https:\/\/conversesacatalunya.cat\/es\/epa-turismo-paro-salarios-bajos\/\"]}]},{\"@type\":\"ImageObject\",\"inLanguage\":\"es\",\"@id\":\"https:\/\/conversesacatalunya.cat\/es\/epa-turismo-paro-salarios-bajos\/#primaryimage\",\"url\":\"https:\/\/conversesacatalunya.cat\/wp-content\/uploads\/2025\/04\/travel-4861440_640.jpg\",\"contentUrl\":\"https:\/\/conversesacatalunya.cat\/wp-content\/uploads\/2025\/04\/travel-4861440_640.jpg\",\"width\":640,\"height\":427,\"caption\":\"EPA turismo\"},{\"@type\":\"BreadcrumbList\",\"@id\":\"https:\/\/conversesacatalunya.cat\/es\/epa-turismo-paro-salarios-bajos\/#breadcrumb\",\"itemListElement\":[{\"@type\":\"ListItem\",\"position\":1,\"name\":\"Inici\",\"item\":\"https:\/\/conversesacatalunya.cat\/es\/\"},{\"@type\":\"ListItem\",\"position\":2,\"name\":\"Lo que nos dice la EPA: Turismo, paro y salarios bajos: la trampa circular de la econom\u00eda espa\u00f1ola\"}]},{\"@type\":\"WebSite\",\"@id\":\"https:\/\/conversesacatalunya.cat\/#website\",\"url\":\"https:\/\/conversesacatalunya.cat\/\",\"name\":\"Converses a Catalunya\",\"description\":\"\",\"potentialAction\":[{\"@type\":\"SearchAction\",\"target\":{\"@type\":\"EntryPoint\",\"urlTemplate\":\"https:\/\/conversesacatalunya.cat\/?s={search_term_string}\"},\"query-input\":{\"@type\":\"PropertyValueSpecification\",\"valueRequired\":true,\"valueName\":\"search_term_string\"}}],\"inLanguage\":\"es\"},{\"@type\":\"Person\",\"@id\":\"https:\/\/conversesacatalunya.cat\/#\/schema\/person\/311d0bf53def217d5124c78a7bc42275\",\"name\":\"Joan Masip\",\"image\":{\"@type\":\"ImageObject\",\"inLanguage\":\"es\",\"@id\":\"https:\/\/conversesacatalunya.cat\/#\/schema\/person\/image\/\",\"url\":\"https:\/\/conversesacatalunya.cat\/wp-content\/litespeed\/avatar\/fa67b994763cff7d443f54b63ec96481.jpg?ver=1777372547\",\"contentUrl\":\"https:\/\/conversesacatalunya.cat\/wp-content\/litespeed\/avatar\/fa67b994763cff7d443f54b63ec96481.jpg?ver=1777372547\",\"caption\":\"Joan Masip\"},\"url\":\"https:\/\/conversesacatalunya.cat\/es\/author\/joan-masip\/\"}]}<\/script>\n<!-- \/ Yoast SEO plugin. -->","yoast_head_json":{"title":"El que ens diu l\u2019EPA: Turisme, atur i salaris baixos","description":"La Encuesta de Poblaci\u00f3n Activa EPA del primer trimestre ha vuelto a poner en evidencia un problema estructural: la dependencia del turismo","robots":{"index":"index","follow":"follow","max-snippet":"max-snippet:-1","max-image-preview":"max-image-preview:large","max-video-preview":"max-video-preview:-1"},"canonical":"https:\/\/conversesacatalunya.cat\/es\/epa-turismo-paro-salarios-bajos\/","og_locale":"es_ES","og_type":"article","og_title":"El que ens diu l\u2019EPA: Turisme, atur i salaris baixos","og_description":"La Encuesta de Poblaci\u00f3n Activa EPA del primer trimestre ha vuelto a poner en evidencia un problema estructural: la dependencia del turismo","og_url":"https:\/\/conversesacatalunya.cat\/es\/epa-turismo-paro-salarios-bajos\/","og_site_name":"Converses a Catalunya","article_published_time":"2025-04-30T11:15:10+00:00","article_modified_time":"2025-04-30T11:30:00+00:00","og_image":[{"width":640,"height":427,"url":"https:\/\/conversesacatalunya.cat\/wp-content\/uploads\/2025\/04\/travel-4861440_640.jpg","type":"image\/jpeg"}],"author":"Joan Masip","twitter_card":"summary_large_image","twitter_misc":{"Escrito por":"Joan Masip","Tiempo de lectura":"2 minutos"},"schema":{"@context":"https:\/\/schema.org","@graph":[{"@type":"Article","@id":"https:\/\/conversesacatalunya.cat\/es\/epa-turismo-paro-salarios-bajos\/#article","isPartOf":{"@id":"https:\/\/conversesacatalunya.cat\/es\/epa-turismo-paro-salarios-bajos\/"},"author":{"name":"Joan Masip","@id":"https:\/\/conversesacatalunya.cat\/#\/schema\/person\/311d0bf53def217d5124c78a7bc42275"},"headline":"Lo que nos dice la EPA: Turismo, paro y salarios bajos: la trampa circular de la econom\u00eda espa\u00f1ola","datePublished":"2025-04-30T11:15:10+00:00","dateModified":"2025-04-30T11:30:00+00:00","mainEntityOfPage":{"@id":"https:\/\/conversesacatalunya.cat\/es\/epa-turismo-paro-salarios-bajos\/"},"wordCount":415,"commentCount":0,"image":{"@id":"https:\/\/conversesacatalunya.cat\/es\/epa-turismo-paro-salarios-bajos\/#primaryimage"},"thumbnailUrl":"https:\/\/conversesacatalunya.cat\/wp-content\/uploads\/2025\/04\/travel-4861440_640.jpg","keywords":["atur","Paro","Turisme","Turismo"],"articleSection":["Punts clau del dia (ES)"],"inLanguage":"es","potentialAction":[{"@type":"CommentAction","name":"Comment","target":["https:\/\/conversesacatalunya.cat\/es\/epa-turismo-paro-salarios-bajos\/#respond"]}]},{"@type":"WebPage","@id":"https:\/\/conversesacatalunya.cat\/es\/epa-turismo-paro-salarios-bajos\/","url":"https:\/\/conversesacatalunya.cat\/es\/epa-turismo-paro-salarios-bajos\/","name":"El que ens diu l\u2019EPA: Turisme, atur i salaris baixos","isPartOf":{"@id":"https:\/\/conversesacatalunya.cat\/#website"},"primaryImageOfPage":{"@id":"https:\/\/conversesacatalunya.cat\/es\/epa-turismo-paro-salarios-bajos\/#primaryimage"},"image":{"@id":"https:\/\/conversesacatalunya.cat\/es\/epa-turismo-paro-salarios-bajos\/#primaryimage"},"thumbnailUrl":"https:\/\/conversesacatalunya.cat\/wp-content\/uploads\/2025\/04\/travel-4861440_640.jpg","datePublished":"2025-04-30T11:15:10+00:00","dateModified":"2025-04-30T11:30:00+00:00","author":{"@id":"https:\/\/conversesacatalunya.cat\/#\/schema\/person\/311d0bf53def217d5124c78a7bc42275"},"description":"La Encuesta de Poblaci\u00f3n Activa EPA del primer trimestre ha vuelto a poner en evidencia un problema estructural: la dependencia del turismo","breadcrumb":{"@id":"https:\/\/conversesacatalunya.cat\/es\/epa-turismo-paro-salarios-bajos\/#breadcrumb"},"inLanguage":"es","potentialAction":[{"@type":"ReadAction","target":["https:\/\/conversesacatalunya.cat\/es\/epa-turismo-paro-salarios-bajos\/"]}]},{"@type":"ImageObject","inLanguage":"es","@id":"https:\/\/conversesacatalunya.cat\/es\/epa-turismo-paro-salarios-bajos\/#primaryimage","url":"https:\/\/conversesacatalunya.cat\/wp-content\/uploads\/2025\/04\/travel-4861440_640.jpg","contentUrl":"https:\/\/conversesacatalunya.cat\/wp-content\/uploads\/2025\/04\/travel-4861440_640.jpg","width":640,"height":427,"caption":"EPA turismo"},{"@type":"BreadcrumbList","@id":"https:\/\/conversesacatalunya.cat\/es\/epa-turismo-paro-salarios-bajos\/#breadcrumb","itemListElement":[{"@type":"ListItem","position":1,"name":"Inici","item":"https:\/\/conversesacatalunya.cat\/es\/"},{"@type":"ListItem","position":2,"name":"Lo que nos dice la EPA: Turismo, paro y salarios bajos: la trampa circular de la econom\u00eda espa\u00f1ola"}]},{"@type":"WebSite","@id":"https:\/\/conversesacatalunya.cat\/#website","url":"https:\/\/conversesacatalunya.cat\/","name":"Converses a Catalunya","description":"","potentialAction":[{"@type":"SearchAction","target":{"@type":"EntryPoint","urlTemplate":"https:\/\/conversesacatalunya.cat\/?s={search_term_string}"},"query-input":{"@type":"PropertyValueSpecification","valueRequired":true,"valueName":"search_term_string"}}],"inLanguage":"es"},{"@type":"Person","@id":"https:\/\/conversesacatalunya.cat\/#\/schema\/person\/311d0bf53def217d5124c78a7bc42275","name":"Joan Masip","image":{"@type":"ImageObject","inLanguage":"es","@id":"https:\/\/conversesacatalunya.cat\/#\/schema\/person\/image\/","url":"https:\/\/conversesacatalunya.cat\/wp-content\/litespeed\/avatar\/fa67b994763cff7d443f54b63ec96481.jpg?ver=1777372547","contentUrl":"https:\/\/conversesacatalunya.cat\/wp-content\/litespeed\/avatar\/fa67b994763cff7d443f54b63ec96481.jpg?ver=1777372547","caption":"Joan Masip"},"url":"https:\/\/conversesacatalunya.cat\/es\/author\/joan-masip\/"}]}},"wps_subtitle":"La econom\u00eda espa\u00f1ola crece, s\u00ed. Pero lo hace por el gran n\u00famero de turistas, sostenida por trabajos precarios y erosionada por un modelo que ha sustituido el valor a\u00f1adido por la dependencia estructural.","_links":{"self":[{"href":"https:\/\/conversesacatalunya.cat\/es\/wp-json\/wp\/v2\/posts\/87960","targetHints":{"allow":["GET"]}}],"collection":[{"href":"https:\/\/conversesacatalunya.cat\/es\/wp-json\/wp\/v2\/posts"}],"about":[{"href":"https:\/\/conversesacatalunya.cat\/es\/wp-json\/wp\/v2\/types\/post"}],"author":[{"embeddable":true,"href":"https:\/\/conversesacatalunya.cat\/es\/wp-json\/wp\/v2\/users\/78"}],"replies":[{"embeddable":true,"href":"https:\/\/conversesacatalunya.cat\/es\/wp-json\/wp\/v2\/comments?post=87960"}],"version-history":[{"count":4,"href":"https:\/\/conversesacatalunya.cat\/es\/wp-json\/wp\/v2\/posts\/87960\/revisions"}],"predecessor-version":[{"id":87961,"href":"https:\/\/conversesacatalunya.cat\/es\/wp-json\/wp\/v2\/posts\/87960\/revisions\/87961"}],"wp:featuredmedia":[{"embeddable":true,"href":"https:\/\/conversesacatalunya.cat\/es\/wp-json\/wp\/v2\/media\/87956"}],"wp:attachment":[{"href":"https:\/\/conversesacatalunya.cat\/es\/wp-json\/wp\/v2\/media?parent=87960"}],"wp:term":[{"taxonomy":"category","embeddable":true,"href":"https:\/\/conversesacatalunya.cat\/es\/wp-json\/wp\/v2\/categories?post=87960"},{"taxonomy":"post_tag","embeddable":true,"href":"https:\/\/conversesacatalunya.cat\/es\/wp-json\/wp\/v2\/tags?post=87960"}],"curies":[{"name":"wp","href":"https:\/\/api.w.org\/{rel}","templated":true}]}}