{"id":87911,"date":"2025-04-29T10:00:35","date_gmt":"2025-04-29T08:00:35","guid":{"rendered":"https:\/\/conversesacatalunya.cat\/?p=87911"},"modified":"2025-04-30T12:18:16","modified_gmt":"2025-04-30T10:18:16","slug":"el-gran-apagon-sanchez-las-causas-reales","status":"publish","type":"post","link":"https:\/\/conversesacatalunya.cat\/es\/el-gran-apagon-sanchez-las-causas-reales\/","title":{"rendered":"El gran apag\u00f3n es la DANA de S\u00e1nchez: las causas reales y el silencio del Gobierno"},"content":{"rendered":"<p><span>\u00bfCu\u00e1l es la causa de un hist\u00f3rico \u201ccero absoluto\u201d en el suministro de energ\u00eda el\u00e9ctrica a la red? \u00bfPor qu\u00e9 el Gobierno ha mantenido un riguroso silencio cuando, habitualmente, es tan charlat\u00e1n? \u00bfPor qu\u00e9 S\u00e1nchez no apareci\u00f3 hasta pasadas las seis de la tarde cuando el apag\u00f3n se produjo a las 12:32 h, y adem\u00e1s para no decir nada? \u00bfPor qu\u00e9 sigue el silencio oficial?<\/span><\/p>\n<h5><strong><span><span class=\"VIpgJd-yAWNEb-VIpgJd-fmcmS-sn54Q\">La causa y el silencio est\u00e1n estrechamente entrelazados por varias razones:<\/span><\/span><\/strong><\/h5>\n<ol>\n<li><span>Muestran la vulnerabilidad del sistema el\u00e9ctrico espa\u00f1ol y, como veremos, sus graves desequilibrios.<\/span><\/li>\n<li><span><span class=\"VIpgJd-yAWNEb-VIpgJd-fmcmS-sn54Q\">Porque los da\u00f1os extraordinarios que se han producido tienen una contrapartida econ\u00f3mica que puede ser legalmente reclamada si la causa radica en una deficiencia de funcionamiento del sistema, deficiencia adem\u00e1s conocida y anunciada.<\/span><\/span><\/li>\n<li><span>Alertan peligrosamente a los grandes inversores de que en Espa\u00f1a existe un riesgo de crisis el\u00e9ctricas por causas inexistentes en el resto de Europa (Portugal, por su interconexi\u00f3n y dependencia de Espa\u00f1a, ha sufrido las consecuencias, y su gobierno ha tomado buena nota).<\/span><\/li>\n<\/ol>\n<p><span><span class=\"VIpgJd-yAWNEb-VIpgJd-fmcmS-sn54Q\">Por eso S\u00e1nchez calla y solo\u00a0<\/span><\/span><strong><span><span class=\"VIpgJd-yAWNEb-VIpgJd-fmcmS-sn54Q\">nos someti\u00f3 a diez minutos de vaguedades:<\/span><\/span><\/strong><span><span class=\"VIpgJd-yAWNEb-VIpgJd-fmcmS-sn54Q\"> lo de \u201ctodas las opciones est\u00e1n abiertas\u201d, cuando la agencia oficial EFE ya hab\u00eda lanzado la noticia de que se trataba de \u201cuna aver\u00eda\u201d.<\/span><\/span><\/p>\n<p><span><span class=\"VIpgJd-yAWNEb-VIpgJd-fmcmS-sn54Q\">S\u00e1nchez, como manda su librito,\u00a0<\/span><\/span><strong><span><span class=\"VIpgJd-yAWNEb-VIpgJd-fmcmS-sn54Q\">alert\u00f3 contra los bulos. Pero la mejor fuente de todos ellos es precisamente la ausencia de informaci\u00f3n oficial.<\/span><\/span><\/strong><span><span class=\"VIpgJd-yAWNEb-VIpgJd-fmcmS-sn54Q\">\u00a0Si, seg\u00fan el presidente, \u00abtodas las opciones est\u00e1n abiertas\u00bb, los \u00abbulos\u00bb -que en su mayor\u00eda son interpretaciones personales de la cat\u00e1strofe- no tienen l\u00edmites: que si un ciberataque (de Putin, por supuesto), que si un fen\u00f3meno atmosf\u00e9rico desconocido, que si una \u00abtormenta perfecta\u00bb por la acumulaci\u00f3n de causas diferentes, que si una vibraci\u00f3n el\u00e9ctrica inducida (esta made in Portugal).<\/span><\/span><\/p>\n<p><span><span class=\"VIpgJd-yAWNEb-VIpgJd-fmcmS-sn54Q\">La realidad es que a las 22:00 solo estaba restablecido el 30% del servicio. No se sab\u00eda cu\u00e1ndo se producir\u00eda la recuperaci\u00f3n total, y el Gobierno segu\u00eda guardando silencio. No solo S\u00e1nchez, sino tambi\u00e9n la ministra del ramo \u2014Transici\u00f3n Ecol\u00f3gica y Reto Demogr\u00e1fico\u2014,\u00a0<\/span><\/span><strong><span><span class=\"VIpgJd-yAWNEb-VIpgJd-fmcmS-sn54Q\">la clandestina <a href=\"https:\/\/es.wikipedia.org\/wiki\/Sara_Aagesen\" target=\"_blank\" rel=\"noopener\">Sara Aagesen<\/a><\/span><\/span><\/strong><span><span class=\"VIpgJd-yAWNEb-VIpgJd-fmcmS-sn54Q\">. Si ahora no aparece \u2014\u00bfno sabe nada?\u2014, \u00bfde qu\u00e9 nos sirve ella y su ministerio? Cabe recordar que Aagesen fue secretaria de Estado para este \u00e1mbito con Teresa Ribera, hoy vicepresidenta de la Comisi\u00f3n Europea.<\/span><\/span><\/p>\n<h4><strong><span><span class=\"\">Responsabilidades pol\u00edticas<\/span><\/span><\/strong><\/h4>\n<p><span>A las 21:30 h,\u00a0<\/span><strong><span>Red El\u00e9ctrica Espa\u00f1ola<\/span><\/strong><span>,\u00a0la empresa p\u00fablica responsable de la distribuci\u00f3n, emiti\u00f3 un comunicado en el que se\u00f1alaba que una \u00abfuerte oscilaci\u00f3n del flujo de potencia\u00bb hab\u00eda generado una desconexi\u00f3n que tambi\u00e9n afect\u00f3 a la conexi\u00f3n con Europa.<\/span><\/p>\n<p><span>En su segunda intervenci\u00f3n, pasadas las 23:00 h, S\u00e1nchez continu\u00f3 se\u00f1alando que no descartaba ninguna hip\u00f3tesis, sin ofrecer ninguna explicaci\u00f3n. \u00bfC\u00f3mo casa esta no explicaci\u00f3n con la versi\u00f3n oficial dada una hora y media antes por la empresa p\u00fablica responsable o con la versi\u00f3n difundida por la agencia EFE?<\/span><\/p>\n<p><span>Mientras S\u00e1nchez se empe\u00f1aba en alimentar la intriga de \u00abtodas las hip\u00f3tesis abiertas\u00bb, hac\u00eda ya horas que Bruselas hab\u00eda descartado el ciberataque. O sea, que no todas las hip\u00f3tesis segu\u00edan abiertas.<\/span><\/p>\n<h5><strong><span><span class=\"VIpgJd-yAWNEb-VIpgJd-fmcmS-sn54Q\">\u00bfPor qu\u00e9 este empe\u00f1o en mantener la confusi\u00f3n?<\/span><\/span><\/strong><\/h5>\n<p><span><span class=\"VIpgJd-yAWNEb-VIpgJd-fmcmS-sn54Q\">La respuesta es clara:\u00a0<\/span><\/span><strong><span><span class=\"VIpgJd-yAWNEb-VIpgJd-fmcmS-sn54Q\">La Moncloa est\u00e1 construyendo un relato que le excluya del esc\u00e1ndalo, minimice las reclamaciones econ\u00f3micas y no erosionen a\u00fan m\u00e1s la confianza en el sistema el\u00e9ctrico espa\u00f1ol<\/span><\/span><\/strong><span><span class=\"VIpgJd-yAWNEb-VIpgJd-fmcmS-sn54Q\">.\u00a0La cuadratura del c\u00edrculo, vaya. Y en eso est\u00e1n\u2026<\/span><\/span><\/p>\n<p><span>Sin embargo, la realidad es que la magnitud del desastre ha puesto en riesgo la vida de muchas personas \u2014especialmente electrodependientes, cuya \u00fanica soluci\u00f3n era acudir a un hospital, si lo ten\u00edan cerca\u2014 y su causa es bien concreta.<\/span><\/p>\n<p><strong>El funcionamiento de la red el\u00e9ctrica<\/strong> depende del ajuste segundo a segundo entre producci\u00f3n y demanda, porque la electricidad, una vez producida, no se puede almacenar. Lo que ocurri\u00f3 el lunes por la ma\u00f1ana fue un exceso de producci\u00f3n: gran aporte de renovables, ayer entre un 60 y 70% de la producci\u00f3n eran\u00a0 renovables, hubo una fluctuaci\u00f3n, cosa nada infrecuente y\u00a0 cay\u00f3 toda la aportaci\u00f3n de renovables, porque su producci\u00f3n carece de sistemas de estabilizaci\u00f3n que\u00a0 requiere una inversi\u00f3n adicional.<\/p>\n<p><strong><span>Hace tiempo que los expertos advierten que el \u00e9xito de las renovables no ha ido acompa\u00f1ado de la\u00a0<\/span><a href=\"https:\/\/conversesacatalunya.cat\/es\/electricidad-inteligencia-artificial-y-cambio-climatico\/\" target=\"_blank\" rel=\"noopener\"><span>necesaria mejora<\/span><\/a><\/strong><span>\u00a0en la red de distribuci\u00f3n, que canaliza la electricidad producida y limita la que puede distribuirse y que incorpora el riesgo de superar la demanda en determinadas condiciones nada improbables.<\/span><\/p>\n<p><span>Con condiciones ambientales moderadas (ni fr\u00edo ni calor), las renovables alcanzan m\u00e1ximos,\u00a0<\/span><strong><span>lo que explica que haya habido d\u00edas y horas con coste cero<\/span><\/strong><span>\u00a0(impuestos y tasas aparte).<\/span><\/p>\n<p><span>En la ra\u00edz de lo ocurrido hay una grave responsabilidad pol\u00edtica, que salpica directamente a la actual vicepresidenta de la Comisi\u00f3n Europea \u2014 \u00a1<strong>qu\u00e9<\/strong><\/span><strong><span>\u00a0hallazgo, se\u00f1ora Von der Leyen!<\/span><\/strong><span>\u00a0\u2014, la ministra Sara Aagesen y, naturalmente, Pedro S\u00e1nchez, quien ha permitido este desbarajuste: un desfase entre la capacidad de producci\u00f3n, una distribuci\u00f3n inadecuada y la falta de adaptaci\u00f3n constante a la demanda.<\/span><\/p>\n<p><span>Pero, c\u00f3mo no, como Maz\u00f3n con la DANA, el presidente no est\u00e1 por estas cosas.<\/span><\/p>\n<span class='bctt-click-to-tweet'><span class='bctt-ctt-text'><a href='https:\/\/twitter.com\/intent\/tweet?url=https%3A%2F%2Fconversesacatalunya.cat%2Fes%2Fel-gran-apagon-sanchez-las-causas-reales%2F&#038;text=La%20Moncloa%20est%C3%A1%20construyendo%20un%20relato%20que%20le%20excluya%20del%20esc%C3%A1ndalo%2C%20minimice%20las%20reclamaciones%20econ%C3%B3micas%20y%20no%20erosionen%20a%C3%BAn%20m%C3%A1s%20la%20confianza%20en%20el%20sistema%20el%C3%A9ctrico%20espa%C3%B1ol&#038;via=conversesacat&#038;related=conversesacat' target='_blank'rel=\"noopener noreferrer\">La Moncloa est\u00e1 construyendo un relato que le excluya del esc\u00e1ndalo, minimice las reclamaciones econ\u00f3micas y no erosionen a\u00fan m\u00e1s la confianza en el sistema el\u00e9ctrico espa\u00f1ol <\/a><\/span><a href='https:\/\/twitter.com\/intent\/tweet?url=https%3A%2F%2Fconversesacatalunya.cat%2Fes%2Fel-gran-apagon-sanchez-las-causas-reales%2F&#038;text=La%20Moncloa%20est%C3%A1%20construyendo%20un%20relato%20que%20le%20excluya%20del%20esc%C3%A1ndalo%2C%20minimice%20las%20reclamaciones%20econ%C3%B3micas%20y%20no%20erosionen%20a%C3%BAn%20m%C3%A1s%20la%20confianza%20en%20el%20sistema%20el%C3%A9ctrico%20espa%C3%B1ol&#038;via=conversesacat&#038;related=conversesacat' target='_blank' class='bctt-ctt-btn'rel=\"noopener noreferrer\">Compartir en X<\/a><\/span>\n<p>&nbsp;<\/p>\n","protected":false},"excerpt":{"rendered":"<p>\u00bfCu\u00e1l es la causa de un hist\u00f3rico \u201ccero absoluto\u201d en el suministro de energ\u00eda el\u00e9ctrica a la red? \u00bfPor qu\u00e9 el Gobierno ha mantenido un riguroso silencio cuando, habitualmente, es tan charlat\u00e1n? \u00bfPor qu\u00e9 S\u00e1nchez no apareci\u00f3 hasta pasadas las seis de la tarde cuando el apag\u00f3n se produjo a las 12:32 h, y adem\u00e1s para no decir nada? \u00bfPor qu\u00e9 sigue el silencio oficial? La causa y el silencio est\u00e1n estrechamente entrelazados por varias razones: Muestran la vulnerabilidad del sistema el\u00e9ctrico espa\u00f1ol y, como veremos, sus graves desequilibrios. Porque los da\u00f1os extraordinarios que se han producido tienen una contrapartida econ\u00f3mica que puede ser legalmente reclamada si la causa radica en una deficiencia de funcionamiento del sistema, deficiencia adem\u00e1s conocida y anunciada. Alertan peligrosamente a los grandes inversores de que en Espa\u00f1a existe un riesgo de crisis el\u00e9ctricas por causas inexistentes en el resto de Europa (Portugal, por su interconexi\u00f3n y dependencia de Espa\u00f1a, ha sufrido las consecuencias, y su gobierno ha tomado buena nota). Por eso S\u00e1nchez calla y solo\u00a0nos someti\u00f3 a diez minutos de vaguedades: lo de \u201ctodas las opciones est\u00e1n abiertas\u201d, cuando la agencia oficial EFE ya hab\u00eda lanzado la noticia de que se trataba de \u201cuna aver\u00eda\u201d. S\u00e1nchez, como manda su librito,\u00a0alert\u00f3 contra los bulos. Pero la mejor fuente de todos ellos es precisamente la ausencia de informaci\u00f3n oficial.\u00a0Si, seg\u00fan el presidente, \u00abtodas las opciones est\u00e1n abiertas\u00bb, los \u00abbulos\u00bb -que en su mayor\u00eda son interpretaciones personales de la cat\u00e1strofe- no tienen l\u00edmites: que si un ciberataque (de Putin, por supuesto), que si un fen\u00f3meno atmosf\u00e9rico desconocido, que si una \u00abtormenta perfecta\u00bb por la acumulaci\u00f3n de causas diferentes, que si una vibraci\u00f3n el\u00e9ctrica inducida (esta made in Portugal). La realidad es que a las 22:00 solo estaba restablecido el 30% del servicio. No se sab\u00eda cu\u00e1ndo se producir\u00eda la recuperaci\u00f3n total, y el Gobierno segu\u00eda guardando silencio. No solo S\u00e1nchez, sino tambi\u00e9n la ministra del ramo \u2014Transici\u00f3n Ecol\u00f3gica y Reto Demogr\u00e1fico\u2014,\u00a0la clandestina Sara Aagesen. Si ahora no aparece \u2014\u00bfno sabe nada?\u2014, \u00bfde qu\u00e9 nos sirve ella y su ministerio? Cabe recordar que Aagesen fue secretaria de Estado para este \u00e1mbito con Teresa Ribera, hoy vicepresidenta de la Comisi\u00f3n Europea. Responsabilidades pol\u00edticas A las 21:30 h,\u00a0Red El\u00e9ctrica Espa\u00f1ola,\u00a0la empresa p\u00fablica responsable de la distribuci\u00f3n, emiti\u00f3 un comunicado en el que se\u00f1alaba que una \u00abfuerte oscilaci\u00f3n del flujo de potencia\u00bb hab\u00eda generado una desconexi\u00f3n que tambi\u00e9n afect\u00f3 a la conexi\u00f3n con Europa. En su segunda intervenci\u00f3n, pasadas las 23:00 h, S\u00e1nchez continu\u00f3 se\u00f1alando que no descartaba ninguna hip\u00f3tesis, sin ofrecer ninguna explicaci\u00f3n. \u00bfC\u00f3mo casa esta no explicaci\u00f3n con la versi\u00f3n oficial dada una hora y media antes por la empresa p\u00fablica responsable o con la versi\u00f3n difundida por la agencia EFE? Mientras S\u00e1nchez se empe\u00f1aba en alimentar la intriga de \u00abtodas las hip\u00f3tesis abiertas\u00bb, hac\u00eda ya horas que Bruselas hab\u00eda descartado el ciberataque. O sea, que no todas las hip\u00f3tesis segu\u00edan abiertas. \u00bfPor qu\u00e9 este empe\u00f1o en mantener la confusi\u00f3n? La respuesta es clara:\u00a0La Moncloa est\u00e1 construyendo un relato que le excluya del esc\u00e1ndalo, minimice las reclamaciones econ\u00f3micas y no erosionen a\u00fan m\u00e1s la confianza en el sistema el\u00e9ctrico espa\u00f1ol.\u00a0La cuadratura del c\u00edrculo, vaya. Y en eso est\u00e1n\u2026 Sin embargo, la realidad es que la magnitud del desastre ha puesto en riesgo la vida de muchas personas \u2014especialmente electrodependientes, cuya \u00fanica soluci\u00f3n era acudir a un hospital, si lo ten\u00edan cerca\u2014 y su causa es bien concreta. El funcionamiento de la red el\u00e9ctrica depende del ajuste segundo a segundo entre producci\u00f3n y demanda, porque la electricidad, una vez producida, no se puede almacenar. Lo que ocurri\u00f3 el lunes por la ma\u00f1ana fue un exceso de producci\u00f3n: gran aporte de renovables, ayer entre un 60 y 70% de la producci\u00f3n eran\u00a0 renovables, hubo una fluctuaci\u00f3n, cosa nada infrecuente y\u00a0 cay\u00f3 toda la aportaci\u00f3n de renovables, porque su producci\u00f3n carece de sistemas de estabilizaci\u00f3n que\u00a0 requiere una inversi\u00f3n adicional. Hace tiempo que los expertos advierten que el \u00e9xito de las renovables no ha ido acompa\u00f1ado de la\u00a0necesaria mejora\u00a0en la red de distribuci\u00f3n, que canaliza la electricidad producida y limita la que puede distribuirse y que incorpora el riesgo de superar la demanda en determinadas condiciones nada improbables. Con condiciones ambientales moderadas (ni fr\u00edo ni calor), las renovables alcanzan m\u00e1ximos,\u00a0lo que explica que haya habido d\u00edas y horas con coste cero\u00a0(impuestos y tasas aparte). En la ra\u00edz de lo ocurrido hay una grave responsabilidad pol\u00edtica, que salpica directamente a la actual vicepresidenta de la Comisi\u00f3n Europea \u2014 \u00a1qu\u00e9\u00a0hallazgo, se\u00f1ora Von der Leyen!\u00a0\u2014, la ministra Sara Aagesen y, naturalmente, Pedro S\u00e1nchez, quien ha permitido este desbarajuste: un desfase entre la capacidad de producci\u00f3n, una distribuci\u00f3n inadecuada y la falta de adaptaci\u00f3n constante a la demanda. Pero, c\u00f3mo no, como Maz\u00f3n con la DANA, el presidente no est\u00e1 por estas cosas. &nbsp;<\/p>\n","protected":false},"author":80,"featured_media":87907,"comment_status":"open","ping_status":"open","sticky":false,"template":"","format":"standard","meta":{"_FSMCFIC_featured_image_caption":"","_FSMCFIC_featured_image_nocaption":"","_FSMCFIC_featured_image_hide":"","footnotes":""},"categories":[806],"tags":[3372,3370],"class_list":["post-87911","post","type-post","status-publish","format-standard","has-post-thumbnail","hentry","category-punts-claus-del-dia-es","tag-electricidad","tag-electricitat-es"],"yoast_head":"<!-- This site is optimized with the Yoast SEO plugin v26.8 - https:\/\/yoast.com\/product\/yoast-seo-wordpress\/ -->\n<title>Apag\u00f3n en Espa\u00f1a: S\u00e1nchez, renovables y crisis de confianza<\/title>\n<meta name=\"description\" content=\"\u00bfPor qu\u00e9 S\u00e1nchez no apareci\u00f3 hasta pasadas las seis de la tarde cuando el apag\u00f3n se produjo a las 12:32 h, y adem\u00e1s para no decir nada?\" \/>\n<meta name=\"robots\" content=\"index, follow, max-snippet:-1, max-image-preview:large, max-video-preview:-1\" \/>\n<link rel=\"canonical\" href=\"https:\/\/conversesacatalunya.cat\/es\/el-gran-apagon-sanchez-las-causas-reales\/\" \/>\n<meta property=\"og:locale\" content=\"es_ES\" \/>\n<meta property=\"og:type\" content=\"article\" \/>\n<meta property=\"og:title\" content=\"Apag\u00f3n en Espa\u00f1a: S\u00e1nchez, renovables y crisis de confianza\" \/>\n<meta property=\"og:description\" content=\"\u00bfPor qu\u00e9 S\u00e1nchez no apareci\u00f3 hasta pasadas las seis de la tarde cuando el apag\u00f3n se produjo a las 12:32 h, y adem\u00e1s para no decir nada?\" \/>\n<meta property=\"og:url\" content=\"https:\/\/conversesacatalunya.cat\/es\/el-gran-apagon-sanchez-las-causas-reales\/\" \/>\n<meta property=\"og:site_name\" content=\"Converses a Catalunya\" \/>\n<meta property=\"article:published_time\" content=\"2025-04-29T08:00:35+00:00\" \/>\n<meta property=\"article:modified_time\" content=\"2025-04-30T10:18:16+00:00\" \/>\n<meta property=\"og:image\" content=\"https:\/\/conversesacatalunya.cat\/wp-content\/uploads\/2025\/04\/man-1253004_1280.jpg\" \/>\n\t<meta property=\"og:image:width\" content=\"1280\" \/>\n\t<meta property=\"og:image:height\" content=\"853\" \/>\n\t<meta property=\"og:image:type\" content=\"image\/jpeg\" \/>\n<meta name=\"author\" content=\"N\u00faria Freixa\" \/>\n<meta name=\"twitter:card\" content=\"summary_large_image\" \/>\n<meta name=\"twitter:label1\" content=\"Escrito por\" \/>\n\t<meta name=\"twitter:data1\" content=\"N\u00faria Freixa\" \/>\n\t<meta name=\"twitter:label2\" content=\"Tiempo de lectura\" \/>\n\t<meta name=\"twitter:data2\" content=\"5 minutos\" \/>\n<script type=\"application\/ld+json\" class=\"yoast-schema-graph\">{\"@context\":\"https:\/\/schema.org\",\"@graph\":[{\"@type\":\"Article\",\"@id\":\"https:\/\/conversesacatalunya.cat\/es\/el-gran-apagon-sanchez-las-causas-reales\/#article\",\"isPartOf\":{\"@id\":\"https:\/\/conversesacatalunya.cat\/es\/el-gran-apagon-sanchez-las-causas-reales\/\"},\"author\":{\"name\":\"N\u00faria Freixa\",\"@id\":\"https:\/\/conversesacatalunya.cat\/#\/schema\/person\/b734752c25b328c819a407cbea568c1f\"},\"headline\":\"El gran apag\u00f3n es la DANA de S\u00e1nchez: las causas reales y el silencio del Gobierno\",\"datePublished\":\"2025-04-29T08:00:35+00:00\",\"dateModified\":\"2025-04-30T10:18:16+00:00\",\"mainEntityOfPage\":{\"@id\":\"https:\/\/conversesacatalunya.cat\/es\/el-gran-apagon-sanchez-las-causas-reales\/\"},\"wordCount\":968,\"commentCount\":0,\"image\":{\"@id\":\"https:\/\/conversesacatalunya.cat\/es\/el-gran-apagon-sanchez-las-causas-reales\/#primaryimage\"},\"thumbnailUrl\":\"https:\/\/conversesacatalunya.cat\/wp-content\/uploads\/2025\/04\/man-1253004_1280.jpg\",\"keywords\":[\"Electricidad\",\"Electricitat\"],\"articleSection\":[\"Punts clau del dia (ES)\"],\"inLanguage\":\"es\",\"potentialAction\":[{\"@type\":\"CommentAction\",\"name\":\"Comment\",\"target\":[\"https:\/\/conversesacatalunya.cat\/es\/el-gran-apagon-sanchez-las-causas-reales\/#respond\"]}]},{\"@type\":\"WebPage\",\"@id\":\"https:\/\/conversesacatalunya.cat\/es\/el-gran-apagon-sanchez-las-causas-reales\/\",\"url\":\"https:\/\/conversesacatalunya.cat\/es\/el-gran-apagon-sanchez-las-causas-reales\/\",\"name\":\"Apag\u00f3n en Espa\u00f1a: S\u00e1nchez, renovables y crisis de confianza\",\"isPartOf\":{\"@id\":\"https:\/\/conversesacatalunya.cat\/#website\"},\"primaryImageOfPage\":{\"@id\":\"https:\/\/conversesacatalunya.cat\/es\/el-gran-apagon-sanchez-las-causas-reales\/#primaryimage\"},\"image\":{\"@id\":\"https:\/\/conversesacatalunya.cat\/es\/el-gran-apagon-sanchez-las-causas-reales\/#primaryimage\"},\"thumbnailUrl\":\"https:\/\/conversesacatalunya.cat\/wp-content\/uploads\/2025\/04\/man-1253004_1280.jpg\",\"datePublished\":\"2025-04-29T08:00:35+00:00\",\"dateModified\":\"2025-04-30T10:18:16+00:00\",\"author\":{\"@id\":\"https:\/\/conversesacatalunya.cat\/#\/schema\/person\/b734752c25b328c819a407cbea568c1f\"},\"description\":\"\u00bfPor qu\u00e9 S\u00e1nchez no apareci\u00f3 hasta pasadas las seis de la tarde cuando el apag\u00f3n se produjo a las 12:32 h, y adem\u00e1s para no decir nada?\",\"breadcrumb\":{\"@id\":\"https:\/\/conversesacatalunya.cat\/es\/el-gran-apagon-sanchez-las-causas-reales\/#breadcrumb\"},\"inLanguage\":\"es\",\"potentialAction\":[{\"@type\":\"ReadAction\",\"target\":[\"https:\/\/conversesacatalunya.cat\/es\/el-gran-apagon-sanchez-las-causas-reales\/\"]}]},{\"@type\":\"ImageObject\",\"inLanguage\":\"es\",\"@id\":\"https:\/\/conversesacatalunya.cat\/es\/el-gran-apagon-sanchez-las-causas-reales\/#primaryimage\",\"url\":\"https:\/\/conversesacatalunya.cat\/wp-content\/uploads\/2025\/04\/man-1253004_1280.jpg\",\"contentUrl\":\"https:\/\/conversesacatalunya.cat\/wp-content\/uploads\/2025\/04\/man-1253004_1280.jpg\",\"width\":1280,\"height\":853,\"caption\":\"S\u00e1nchez apagada\"},{\"@type\":\"BreadcrumbList\",\"@id\":\"https:\/\/conversesacatalunya.cat\/es\/el-gran-apagon-sanchez-las-causas-reales\/#breadcrumb\",\"itemListElement\":[{\"@type\":\"ListItem\",\"position\":1,\"name\":\"Inici\",\"item\":\"https:\/\/conversesacatalunya.cat\/es\/\"},{\"@type\":\"ListItem\",\"position\":2,\"name\":\"El gran apag\u00f3n es la DANA de S\u00e1nchez: las causas reales y el silencio del Gobierno\"}]},{\"@type\":\"WebSite\",\"@id\":\"https:\/\/conversesacatalunya.cat\/#website\",\"url\":\"https:\/\/conversesacatalunya.cat\/\",\"name\":\"Converses a Catalunya\",\"description\":\"\",\"potentialAction\":[{\"@type\":\"SearchAction\",\"target\":{\"@type\":\"EntryPoint\",\"urlTemplate\":\"https:\/\/conversesacatalunya.cat\/?s={search_term_string}\"},\"query-input\":{\"@type\":\"PropertyValueSpecification\",\"valueRequired\":true,\"valueName\":\"search_term_string\"}}],\"inLanguage\":\"es\"},{\"@type\":\"Person\",\"@id\":\"https:\/\/conversesacatalunya.cat\/#\/schema\/person\/b734752c25b328c819a407cbea568c1f\",\"name\":\"N\u00faria Freixa\",\"image\":{\"@type\":\"ImageObject\",\"inLanguage\":\"es\",\"@id\":\"https:\/\/conversesacatalunya.cat\/#\/schema\/person\/image\/\",\"url\":\"https:\/\/conversesacatalunya.cat\/wp-content\/litespeed\/avatar\/c3686e387186fed249338fe04729c597.jpg?ver=1777289182\",\"contentUrl\":\"https:\/\/conversesacatalunya.cat\/wp-content\/litespeed\/avatar\/c3686e387186fed249338fe04729c597.jpg?ver=1777289182\",\"caption\":\"N\u00faria Freixa\"},\"url\":\"https:\/\/conversesacatalunya.cat\/es\/author\/nuria_freixa\/\"}]}<\/script>\n<!-- \/ Yoast SEO plugin. -->","yoast_head_json":{"title":"Apag\u00f3n en Espa\u00f1a: S\u00e1nchez, renovables y crisis de confianza","description":"\u00bfPor qu\u00e9 S\u00e1nchez no apareci\u00f3 hasta pasadas las seis de la tarde cuando el apag\u00f3n se produjo a las 12:32 h, y adem\u00e1s para no decir nada?","robots":{"index":"index","follow":"follow","max-snippet":"max-snippet:-1","max-image-preview":"max-image-preview:large","max-video-preview":"max-video-preview:-1"},"canonical":"https:\/\/conversesacatalunya.cat\/es\/el-gran-apagon-sanchez-las-causas-reales\/","og_locale":"es_ES","og_type":"article","og_title":"Apag\u00f3n en Espa\u00f1a: S\u00e1nchez, renovables y crisis de confianza","og_description":"\u00bfPor qu\u00e9 S\u00e1nchez no apareci\u00f3 hasta pasadas las seis de la tarde cuando el apag\u00f3n se produjo a las 12:32 h, y adem\u00e1s para no decir nada?","og_url":"https:\/\/conversesacatalunya.cat\/es\/el-gran-apagon-sanchez-las-causas-reales\/","og_site_name":"Converses a Catalunya","article_published_time":"2025-04-29T08:00:35+00:00","article_modified_time":"2025-04-30T10:18:16+00:00","og_image":[{"width":1280,"height":853,"url":"https:\/\/conversesacatalunya.cat\/wp-content\/uploads\/2025\/04\/man-1253004_1280.jpg","type":"image\/jpeg"}],"author":"N\u00faria Freixa","twitter_card":"summary_large_image","twitter_misc":{"Escrito por":"N\u00faria Freixa","Tiempo de lectura":"5 minutos"},"schema":{"@context":"https:\/\/schema.org","@graph":[{"@type":"Article","@id":"https:\/\/conversesacatalunya.cat\/es\/el-gran-apagon-sanchez-las-causas-reales\/#article","isPartOf":{"@id":"https:\/\/conversesacatalunya.cat\/es\/el-gran-apagon-sanchez-las-causas-reales\/"},"author":{"name":"N\u00faria Freixa","@id":"https:\/\/conversesacatalunya.cat\/#\/schema\/person\/b734752c25b328c819a407cbea568c1f"},"headline":"El gran apag\u00f3n es la DANA de S\u00e1nchez: las causas reales y el silencio del Gobierno","datePublished":"2025-04-29T08:00:35+00:00","dateModified":"2025-04-30T10:18:16+00:00","mainEntityOfPage":{"@id":"https:\/\/conversesacatalunya.cat\/es\/el-gran-apagon-sanchez-las-causas-reales\/"},"wordCount":968,"commentCount":0,"image":{"@id":"https:\/\/conversesacatalunya.cat\/es\/el-gran-apagon-sanchez-las-causas-reales\/#primaryimage"},"thumbnailUrl":"https:\/\/conversesacatalunya.cat\/wp-content\/uploads\/2025\/04\/man-1253004_1280.jpg","keywords":["Electricidad","Electricitat"],"articleSection":["Punts clau del dia (ES)"],"inLanguage":"es","potentialAction":[{"@type":"CommentAction","name":"Comment","target":["https:\/\/conversesacatalunya.cat\/es\/el-gran-apagon-sanchez-las-causas-reales\/#respond"]}]},{"@type":"WebPage","@id":"https:\/\/conversesacatalunya.cat\/es\/el-gran-apagon-sanchez-las-causas-reales\/","url":"https:\/\/conversesacatalunya.cat\/es\/el-gran-apagon-sanchez-las-causas-reales\/","name":"Apag\u00f3n en Espa\u00f1a: S\u00e1nchez, renovables y crisis de confianza","isPartOf":{"@id":"https:\/\/conversesacatalunya.cat\/#website"},"primaryImageOfPage":{"@id":"https:\/\/conversesacatalunya.cat\/es\/el-gran-apagon-sanchez-las-causas-reales\/#primaryimage"},"image":{"@id":"https:\/\/conversesacatalunya.cat\/es\/el-gran-apagon-sanchez-las-causas-reales\/#primaryimage"},"thumbnailUrl":"https:\/\/conversesacatalunya.cat\/wp-content\/uploads\/2025\/04\/man-1253004_1280.jpg","datePublished":"2025-04-29T08:00:35+00:00","dateModified":"2025-04-30T10:18:16+00:00","author":{"@id":"https:\/\/conversesacatalunya.cat\/#\/schema\/person\/b734752c25b328c819a407cbea568c1f"},"description":"\u00bfPor qu\u00e9 S\u00e1nchez no apareci\u00f3 hasta pasadas las seis de la tarde cuando el apag\u00f3n se produjo a las 12:32 h, y adem\u00e1s para no decir nada?","breadcrumb":{"@id":"https:\/\/conversesacatalunya.cat\/es\/el-gran-apagon-sanchez-las-causas-reales\/#breadcrumb"},"inLanguage":"es","potentialAction":[{"@type":"ReadAction","target":["https:\/\/conversesacatalunya.cat\/es\/el-gran-apagon-sanchez-las-causas-reales\/"]}]},{"@type":"ImageObject","inLanguage":"es","@id":"https:\/\/conversesacatalunya.cat\/es\/el-gran-apagon-sanchez-las-causas-reales\/#primaryimage","url":"https:\/\/conversesacatalunya.cat\/wp-content\/uploads\/2025\/04\/man-1253004_1280.jpg","contentUrl":"https:\/\/conversesacatalunya.cat\/wp-content\/uploads\/2025\/04\/man-1253004_1280.jpg","width":1280,"height":853,"caption":"S\u00e1nchez apagada"},{"@type":"BreadcrumbList","@id":"https:\/\/conversesacatalunya.cat\/es\/el-gran-apagon-sanchez-las-causas-reales\/#breadcrumb","itemListElement":[{"@type":"ListItem","position":1,"name":"Inici","item":"https:\/\/conversesacatalunya.cat\/es\/"},{"@type":"ListItem","position":2,"name":"El gran apag\u00f3n es la DANA de S\u00e1nchez: las causas reales y el silencio del Gobierno"}]},{"@type":"WebSite","@id":"https:\/\/conversesacatalunya.cat\/#website","url":"https:\/\/conversesacatalunya.cat\/","name":"Converses a Catalunya","description":"","potentialAction":[{"@type":"SearchAction","target":{"@type":"EntryPoint","urlTemplate":"https:\/\/conversesacatalunya.cat\/?s={search_term_string}"},"query-input":{"@type":"PropertyValueSpecification","valueRequired":true,"valueName":"search_term_string"}}],"inLanguage":"es"},{"@type":"Person","@id":"https:\/\/conversesacatalunya.cat\/#\/schema\/person\/b734752c25b328c819a407cbea568c1f","name":"N\u00faria Freixa","image":{"@type":"ImageObject","inLanguage":"es","@id":"https:\/\/conversesacatalunya.cat\/#\/schema\/person\/image\/","url":"https:\/\/conversesacatalunya.cat\/wp-content\/litespeed\/avatar\/c3686e387186fed249338fe04729c597.jpg?ver=1777289182","contentUrl":"https:\/\/conversesacatalunya.cat\/wp-content\/litespeed\/avatar\/c3686e387186fed249338fe04729c597.jpg?ver=1777289182","caption":"N\u00faria Freixa"},"url":"https:\/\/conversesacatalunya.cat\/es\/author\/nuria_freixa\/"}]}},"wps_subtitle":"Hace tiempo que los expertos advierten que el \u00e9xito de las renovables no ha ido acompa\u00f1ado de la mejora necesaria en la red de distribuci\u00f3n, que canaliza la electricidad producida y limita la que puede distribuirse.","_links":{"self":[{"href":"https:\/\/conversesacatalunya.cat\/es\/wp-json\/wp\/v2\/posts\/87911","targetHints":{"allow":["GET"]}}],"collection":[{"href":"https:\/\/conversesacatalunya.cat\/es\/wp-json\/wp\/v2\/posts"}],"about":[{"href":"https:\/\/conversesacatalunya.cat\/es\/wp-json\/wp\/v2\/types\/post"}],"author":[{"embeddable":true,"href":"https:\/\/conversesacatalunya.cat\/es\/wp-json\/wp\/v2\/users\/80"}],"replies":[{"embeddable":true,"href":"https:\/\/conversesacatalunya.cat\/es\/wp-json\/wp\/v2\/comments?post=87911"}],"version-history":[{"count":7,"href":"https:\/\/conversesacatalunya.cat\/es\/wp-json\/wp\/v2\/posts\/87911\/revisions"}],"predecessor-version":[{"id":87921,"href":"https:\/\/conversesacatalunya.cat\/es\/wp-json\/wp\/v2\/posts\/87911\/revisions\/87921"}],"wp:featuredmedia":[{"embeddable":true,"href":"https:\/\/conversesacatalunya.cat\/es\/wp-json\/wp\/v2\/media\/87907"}],"wp:attachment":[{"href":"https:\/\/conversesacatalunya.cat\/es\/wp-json\/wp\/v2\/media?parent=87911"}],"wp:term":[{"taxonomy":"category","embeddable":true,"href":"https:\/\/conversesacatalunya.cat\/es\/wp-json\/wp\/v2\/categories?post=87911"},{"taxonomy":"post_tag","embeddable":true,"href":"https:\/\/conversesacatalunya.cat\/es\/wp-json\/wp\/v2\/tags?post=87911"}],"curies":[{"name":"wp","href":"https:\/\/api.w.org\/{rel}","templated":true}]}}