{"id":87887,"date":"2025-04-28T11:18:09","date_gmt":"2025-04-28T09:18:09","guid":{"rendered":"https:\/\/conversesacatalunya.cat\/?p=87887"},"modified":"2025-04-28T11:34:18","modified_gmt":"2025-04-28T09:34:18","slug":"la-copa-del-rei-mas-amarga-para-real-madrid","status":"publish","type":"post","link":"https:\/\/conversesacatalunya.cat\/es\/la-copa-del-rei-mas-amarga-para-real-madrid\/","title":{"rendered":"Entre llantos, expulsiones y esc\u00e1ndalos: la Copa del Rey m\u00e1s amarga para el Real Madrid"},"content":{"rendered":"<p><span>La final de la Copa del Rey en Valencia entre el FC Barcelona y el Real Madrid ha dejado al descubierto el grado de degradaci\u00f3n alcanzado<strong> por\u00a0<\/strong><\/span><a href=\"https:\/\/conversesacatalunya.cat\/es\/el-futbol-esta-roto-que-entre-el-rugby\/\" target=\"_blank\" rel=\"noopener\"><strong>el f\u00fatbol<\/strong><\/a><span>, \u200b\u200btanto en el \u00e1mbito administrativo como, en algunos casos, en el mismo juego.<\/span><\/p>\n<p><span><span class=\"VIpgJd-yAWNEb-VIpgJd-fmcmS-sn54Q\">A lo largo de la temporada, el Real Madrid ha llevado a cabo una\u00a0<\/span><\/span><strong><span><span class=\"VIpgJd-yAWNEb-VIpgJd-fmcmS-sn54Q\">campa\u00f1a sistem\u00e1tica de ataques contra el estamento arbitral<\/span><\/span><\/strong><span><span class=\"VIpgJd-yAWNEb-VIpgJd-fmcmS-sn54Q\">,\u00a0acus\u00e1ndole de perjudicar al club. Esta ofensiva se ha materializado en declaraciones p\u00fablicas, reportajes en televisi\u00f3n oficial del club y una intensa amplificaci\u00f3n en las redes sociales.<\/span><\/span><\/p>\n<p><span><span class=\"VIpgJd-yAWNEb-VIpgJd-fmcmS-sn54Q\">En los d\u00edas previos a la final,\u00a0<\/span><\/span><strong><span><span class=\"VIpgJd-yAWNEb-VIpgJd-fmcmS-sn54Q\">un ins\u00f3lito reportaje cuestionaba abiertamente la imparcialidad de los \u00e1rbitros<\/span><\/span><\/strong><span><span class=\"VIpgJd-yAWNEb-VIpgJd-fmcmS-sn54Q\">\u00a0designados: Ricardo de Burgos Bengoetxea (\u00e1rbitro de campo) y Pablo Gonz\u00e1lez Fuertes (VAR). La presi\u00f3n fue tal que ambos \u00e1rbitros ofrecieron una rueda de prensa in\u00e9dita, donde denunciaron el acoso y las amenazas recibidas.<\/span><\/span><\/p>\n<p><strong><span><span class=\"VIpgJd-yAWNEb-VIpgJd-fmcmS-sn54Q\">De Burgos Bengoetxea<\/span><\/span><\/strong><span><span class=\"VIpgJd-yAWNEb-VIpgJd-fmcmS-sn54Q\">,\u00a0visiblemente emocionado, acab\u00f3 entre l\u00e1grimas. Aunque sus palabras no mencionaron expl\u00edcitamente al Real Madrid, era evidente que respond\u00edan al clima generado por el v\u00eddeo cr\u00edtico emitido por la televisi\u00f3n del club.<\/span><\/span><\/p>\n<p><span><span class=\"VIpgJd-yAWNEb-VIpgJd-fmcmS-sn54Q\">La reacci\u00f3n del presidente madridista,\u00a0<\/span><\/span><strong><span><span class=\"VIpgJd-yAWNEb-VIpgJd-fmcmS-sn54Q\">Florentino P\u00e9rez<\/span><\/span><\/strong><span><span class=\"VIpgJd-yAWNEb-VIpgJd-fmcmS-sn54Q\">,\u00a0no se hizo esperar: emiti\u00f3 un comunicado en el que cuestionaba la idoneidad de los \u00e1rbitros y dejaba en el aire la participaci\u00f3n del club en la final. Adem\u00e1s, anunci\u00f3 que ni \u00e9l ni la directiva asistir\u00edan a los actos protocolarios previos, como la rueda de prensa, las fotos oficiales y la tradicional cena de directivas.<\/span><\/span><\/p>\n<p><span>Como consecuencia, los jugadores del\u00a0<\/span><strong><span>FC Barcelona<\/span><\/strong><span>\u00a0esperaron en vano la llegada de la expedici\u00f3n madridista al estadio. El desprecio hacia los \u00e1rbitros se extendi\u00f3 as\u00ed tambi\u00e9n a los jugadores rivales, completamente ajenos a la pol\u00e9mica.<\/span><\/p>\n<p><span><span class=\"VIpgJd-yAWNEb-VIpgJd-fmcmS-sn54Q\">Este episodio, que no es aislado en la historia reciente del club blanco, coincide con su progresivo declive futbol\u00edstico y su p\u00e9rdida de influencia institucional, como demuestra el reciente fiasco de\u00a0<\/span><\/span><strong><span><span class=\"VIpgJd-yAWNEb-VIpgJd-fmcmS-sn54Q\">la candidatura de Vinicius para el Bal\u00f3n de Oro<\/span><\/span><\/strong><span><span class=\"VIpgJd-yAWNEb-VIpgJd-fmcmS-sn54Q\">,\u00a0que el club daba por segura. Desde el entorno madridista, este hecho tambi\u00e9n se achac\u00f3 a supuestas conspiraciones contra el Real Madrid.<\/span><\/span><\/p>\n<p><span>Finalmente, se disput\u00f3 la gran final -la primera entre ambos clubes en diez a\u00f1os-, con el resultado ya conocido: la victoria en los \u00faltimos minutos de la pr\u00f3rroga del FC Barcelona.\u00a0<\/span><strong><span>La desolaci\u00f3n en el Real Madrid fue palpable<\/span><\/strong><span>,\u00a0especialmente porque, tras lograr el 1-2 poco antes de la finalizaci\u00f3n del tiempo reglamentario, daban el partido por ganado.<\/span><\/p>\n<p><span><span class=\"VIpgJd-yAWNEb-VIpgJd-fmcmS-sn54Q\">Al finalizar el partido, y a\u00fan con jugadores y \u00e1rbitros en el terreno de juego, se produjeron\u00a0<\/span><\/span><strong><span><span class=\"VIpgJd-yAWNEb-VIpgJd-fmcmS-sn54Q\">graves incidentes<\/span><\/span><\/strong><span><span class=\"VIpgJd-yAWNEb-VIpgJd-fmcmS-sn54Q\">\u00a0que provocaron la expulsi\u00f3n de tres futbolistas del Real Madrid. El caso\u00a0<\/span><\/span><strong><span><span class=\"VIpgJd-yAWNEb-VIpgJd-fmcmS-sn54Q\">m\u00e1s grave fue el de R\u00fcdiger,<\/span><\/span><\/strong><span><span class=\"VIpgJd-yAWNEb-VIpgJd-fmcmS-sn54Q\">\u00a0que arroj\u00f3 una botella contra el \u00e1rbitro y tuvo que ser contenido para no agredirle f\u00edsicamente. Es posible que, dada la gravedad de su conducta, la sanci\u00f3n se aplique tambi\u00e9n a los partidos de Liga.<\/span><\/span><\/p>\n<p><span><span class=\"VIpgJd-yAWNEb-VIpgJd-fmcmS-sn54Q\">M\u00e1s leve fue\u00a0<\/span><\/span><strong><span><span class=\"VIpgJd-yAWNEb-VIpgJd-fmcmS-sn54Q\">la expulsi\u00f3n de Lucas V\u00e1zquez<\/span><\/span><\/strong><span><span class=\"VIpgJd-yAWNEb-VIpgJd-fmcmS-sn54Q\">,\u00a0cuya sanci\u00f3n afectar\u00eda \u00fanicamente a la pr\u00f3xima edici\u00f3n de la Copa del Rey, mientras que la situaci\u00f3n de\u00a0<\/span><\/span><strong><span><span class=\"VIpgJd-yAWNEb-VIpgJd-fmcmS-sn54Q\">Bellingham<\/span><\/span><\/strong><span><span class=\"VIpgJd-yAWNEb-VIpgJd-fmcmS-sn54Q\">\u00a0se sit\u00faa en un punto intermedio de gravedad, y est\u00e1 por ver si la sanci\u00f3n le puede afectar en lo que resta de Liga o quedar\u00e1 solo para la pr\u00f3xima confrontaci\u00f3n copera.<\/span><\/span><\/p>\n<p><strong><span><span class=\"VIpgJd-yAWNEb-VIpgJd-fmcmS-sn54Q\">Resulta ins\u00f3lito que tres jugadores de un mismo club adopten un comportamiento tan antideportivo despu\u00e9s de una final de Copa, neg\u00e1ndose a aceptar con deportividad el resultado.<\/span><\/span><\/strong><\/p>\n<p><span>Pero, adem\u00e1s, de forma objetiva, cabe se\u00f1alar que los \u00e1rbitros\u00a0<\/span><strong><span>mostraron durante el partido una notable condescendencia hacia el Real Madrid<\/span><\/strong><span>,\u00a0sobre todo en la primera parte: permitieron un juego duro, en algunos casos peligroso, y aplicaron de forma incorrecta la ventaja, lo que perjudic\u00f3 al FC Barcelona al dejar sin sanci\u00f3n merecedoras acciones.<\/span><\/p>\n<p><span>Asimismo, aunque el \u00e1rbitro acert\u00f3 al rectificar el penalti inicialmente se\u00f1alado en\u00a0<\/span><strong><span>Raphinha<\/span><\/strong><span>\u00a0a favor del Barcelona en los minutos finales, dej\u00f3 sin sancionar previamente un claro penalti cometido sobre\u00a0<\/span><strong><span>Ferran Torres<\/span><\/strong><span>\u00a0en el \u00e1rea del Real Madrid.<\/span><\/p>\n<p><span>Todo ello demuestra que, como era de esperar,<strong> las presiones sobre el arbitraje acaban surtiendo efecto<\/strong>. Si los \u00f3rganos competentes \u2014empezando por la Secretar\u00eda General del Deporte y siguiendo por las instancias federativas implicadas\u2014 no adoptan medidas firmes ante estos acontecimientos y el comportamiento del Real Madrid, el f\u00fatbol espa\u00f1ol corre el riesgo de quedar definitivamente contaminado, desplazando el juego limpio de los campos hacia campa\u00f1as medi\u00e1ticas y guerras de agotamiento en las redes sociales.<\/span><\/p>\n<span class='bctt-click-to-tweet'><span class='bctt-ctt-text'><a href='https:\/\/twitter.com\/intent\/tweet?url=https%3A%2F%2Fconversesacatalunya.cat%2Fes%2Fla-copa-del-rei-mas-amarga-para-real-madrid%2F&#038;text=Si%20los%20%C3%B3rganos%20competentes%20no%20adoptan%20medidas%20firmes%20ante%20estos%20acontecimientos%20y%20el%20comportamiento%20del%20Real%20Madrid%2C%20el%20f%C3%BAtbol%20espa%C3%B1ol%20corre%20el%20riesgo%20de%20quedar%20definitivamente%20contaminado&#038;via=conversesacat&#038;related=conversesacat' target='_blank'rel=\"noopener noreferrer\">Si los \u00f3rganos competentes no adoptan medidas firmes ante estos acontecimientos y el comportamiento del Real Madrid, el f\u00fatbol espa\u00f1ol corre el riesgo de quedar definitivamente contaminado <\/a><\/span><a href='https:\/\/twitter.com\/intent\/tweet?url=https%3A%2F%2Fconversesacatalunya.cat%2Fes%2Fla-copa-del-rei-mas-amarga-para-real-madrid%2F&#038;text=Si%20los%20%C3%B3rganos%20competentes%20no%20adoptan%20medidas%20firmes%20ante%20estos%20acontecimientos%20y%20el%20comportamiento%20del%20Real%20Madrid%2C%20el%20f%C3%BAtbol%20espa%C3%B1ol%20corre%20el%20riesgo%20de%20quedar%20definitivamente%20contaminado&#038;via=conversesacat&#038;related=conversesacat' target='_blank' class='bctt-ctt-btn'rel=\"noopener noreferrer\">Compartir en X<\/a><\/span>\n<p>&nbsp;<\/p>\n","protected":false},"excerpt":{"rendered":"<p>La final de la Copa del Rey en Valencia entre el FC Barcelona y el Real Madrid ha dejado al descubierto el grado de degradaci\u00f3n alcanzado por\u00a0el f\u00fatbol, \u200b\u200btanto en el \u00e1mbito administrativo como, en algunos casos, en el mismo juego. A lo largo de la temporada, el Real Madrid ha llevado a cabo una\u00a0campa\u00f1a sistem\u00e1tica de ataques contra el estamento arbitral,\u00a0acus\u00e1ndole de perjudicar al club. Esta ofensiva se ha materializado en declaraciones p\u00fablicas, reportajes en televisi\u00f3n oficial del club y una intensa amplificaci\u00f3n en las redes sociales. En los d\u00edas previos a la final,\u00a0un ins\u00f3lito reportaje cuestionaba abiertamente la imparcialidad de los \u00e1rbitros\u00a0designados: Ricardo de Burgos Bengoetxea (\u00e1rbitro de campo) y Pablo Gonz\u00e1lez Fuertes (VAR). La presi\u00f3n fue tal que ambos \u00e1rbitros ofrecieron una rueda de prensa in\u00e9dita, donde denunciaron el acoso y las amenazas recibidas. De Burgos Bengoetxea,\u00a0visiblemente emocionado, acab\u00f3 entre l\u00e1grimas. Aunque sus palabras no mencionaron expl\u00edcitamente al Real Madrid, era evidente que respond\u00edan al clima generado por el v\u00eddeo cr\u00edtico emitido por la televisi\u00f3n del club. La reacci\u00f3n del presidente madridista,\u00a0Florentino P\u00e9rez,\u00a0no se hizo esperar: emiti\u00f3 un comunicado en el que cuestionaba la idoneidad de los \u00e1rbitros y dejaba en el aire la participaci\u00f3n del club en la final. Adem\u00e1s, anunci\u00f3 que ni \u00e9l ni la directiva asistir\u00edan a los actos protocolarios previos, como la rueda de prensa, las fotos oficiales y la tradicional cena de directivas. Como consecuencia, los jugadores del\u00a0FC Barcelona\u00a0esperaron en vano la llegada de la expedici\u00f3n madridista al estadio. El desprecio hacia los \u00e1rbitros se extendi\u00f3 as\u00ed tambi\u00e9n a los jugadores rivales, completamente ajenos a la pol\u00e9mica. Este episodio, que no es aislado en la historia reciente del club blanco, coincide con su progresivo declive futbol\u00edstico y su p\u00e9rdida de influencia institucional, como demuestra el reciente fiasco de\u00a0la candidatura de Vinicius para el Bal\u00f3n de Oro,\u00a0que el club daba por segura. Desde el entorno madridista, este hecho tambi\u00e9n se achac\u00f3 a supuestas conspiraciones contra el Real Madrid. Finalmente, se disput\u00f3 la gran final -la primera entre ambos clubes en diez a\u00f1os-, con el resultado ya conocido: la victoria en los \u00faltimos minutos de la pr\u00f3rroga del FC Barcelona.\u00a0La desolaci\u00f3n en el Real Madrid fue palpable,\u00a0especialmente porque, tras lograr el 1-2 poco antes de la finalizaci\u00f3n del tiempo reglamentario, daban el partido por ganado. Al finalizar el partido, y a\u00fan con jugadores y \u00e1rbitros en el terreno de juego, se produjeron\u00a0graves incidentes\u00a0que provocaron la expulsi\u00f3n de tres futbolistas del Real Madrid. El caso\u00a0m\u00e1s grave fue el de R\u00fcdiger,\u00a0que arroj\u00f3 una botella contra el \u00e1rbitro y tuvo que ser contenido para no agredirle f\u00edsicamente. Es posible que, dada la gravedad de su conducta, la sanci\u00f3n se aplique tambi\u00e9n a los partidos de Liga. M\u00e1s leve fue\u00a0la expulsi\u00f3n de Lucas V\u00e1zquez,\u00a0cuya sanci\u00f3n afectar\u00eda \u00fanicamente a la pr\u00f3xima edici\u00f3n de la Copa del Rey, mientras que la situaci\u00f3n de\u00a0Bellingham\u00a0se sit\u00faa en un punto intermedio de gravedad, y est\u00e1 por ver si la sanci\u00f3n le puede afectar en lo que resta de Liga o quedar\u00e1 solo para la pr\u00f3xima confrontaci\u00f3n copera. Resulta ins\u00f3lito que tres jugadores de un mismo club adopten un comportamiento tan antideportivo despu\u00e9s de una final de Copa, neg\u00e1ndose a aceptar con deportividad el resultado. Pero, adem\u00e1s, de forma objetiva, cabe se\u00f1alar que los \u00e1rbitros\u00a0mostraron durante el partido una notable condescendencia hacia el Real Madrid,\u00a0sobre todo en la primera parte: permitieron un juego duro, en algunos casos peligroso, y aplicaron de forma incorrecta la ventaja, lo que perjudic\u00f3 al FC Barcelona al dejar sin sanci\u00f3n merecedoras acciones. Asimismo, aunque el \u00e1rbitro acert\u00f3 al rectificar el penalti inicialmente se\u00f1alado en\u00a0Raphinha\u00a0a favor del Barcelona en los minutos finales, dej\u00f3 sin sancionar previamente un claro penalti cometido sobre\u00a0Ferran Torres\u00a0en el \u00e1rea del Real Madrid. Todo ello demuestra que, como era de esperar, las presiones sobre el arbitraje acaban surtiendo efecto. Si los \u00f3rganos competentes \u2014empezando por la Secretar\u00eda General del Deporte y siguiendo por las instancias federativas implicadas\u2014 no adoptan medidas firmes ante estos acontecimientos y el comportamiento del Real Madrid, el f\u00fatbol espa\u00f1ol corre el riesgo de quedar definitivamente contaminado, desplazando el juego limpio de los campos hacia campa\u00f1as medi\u00e1ticas y guerras de agotamiento en las redes sociales. &nbsp;<\/p>\n","protected":false},"author":81,"featured_media":87884,"comment_status":"open","ping_status":"open","sticky":false,"template":"","format":"standard","meta":{"_FSMCFIC_featured_image_caption":"","_FSMCFIC_featured_image_nocaption":"","_FSMCFIC_featured_image_hide":"","footnotes":""},"categories":[806],"tags":[5035,2238,5269],"class_list":["post-87887","post","type-post","status-publish","format-standard","has-post-thumbnail","hentry","category-punts-claus-del-dia-es","tag-futbol-es","tag-rugbi-es","tag-rugby"],"yoast_head":"<!-- This site is optimized with the Yoast SEO plugin v26.8 - https:\/\/yoast.com\/product\/yoast-seo-wordpress\/ -->\n<title>Derrota del Real Madrid en una campa\u00f1a de ataques<\/title>\n<meta name=\"description\" content=\"Pol\u00e9mica, presiones arbitrales y graves incidentes marcan la derrota del Real Madrid frente al Barcelona en una campa\u00f1a de ataques.\" \/>\n<meta name=\"robots\" content=\"index, follow, max-snippet:-1, max-image-preview:large, max-video-preview:-1\" \/>\n<link rel=\"canonical\" href=\"https:\/\/conversesacatalunya.cat\/es\/la-copa-del-rei-mas-amarga-para-real-madrid\/\" \/>\n<meta property=\"og:locale\" content=\"es_ES\" \/>\n<meta property=\"og:type\" content=\"article\" \/>\n<meta property=\"og:title\" content=\"Derrota del Real Madrid en una campa\u00f1a de ataques\" \/>\n<meta property=\"og:description\" content=\"Pol\u00e9mica, presiones arbitrales y graves incidentes marcan la derrota del Real Madrid frente al Barcelona en una campa\u00f1a de ataques.\" \/>\n<meta property=\"og:url\" content=\"https:\/\/conversesacatalunya.cat\/es\/la-copa-del-rei-mas-amarga-para-real-madrid\/\" \/>\n<meta property=\"og:site_name\" content=\"Converses a Catalunya\" \/>\n<meta property=\"article:published_time\" content=\"2025-04-28T09:18:09+00:00\" \/>\n<meta property=\"article:modified_time\" content=\"2025-04-28T09:34:18+00:00\" \/>\n<meta property=\"og:image\" content=\"https:\/\/conversesacatalunya.cat\/wp-content\/uploads\/2025\/04\/bernabeu-3714922_640.jpg\" \/>\n\t<meta property=\"og:image:width\" content=\"640\" \/>\n\t<meta property=\"og:image:height\" content=\"427\" \/>\n\t<meta property=\"og:image:type\" content=\"image\/jpeg\" \/>\n<meta name=\"author\" content=\"Emili Clos\" \/>\n<meta name=\"twitter:card\" content=\"summary_large_image\" \/>\n<meta name=\"twitter:label1\" content=\"Escrito por\" \/>\n\t<meta name=\"twitter:data1\" content=\"Emili Clos\" \/>\n\t<meta name=\"twitter:label2\" content=\"Tiempo de lectura\" \/>\n\t<meta name=\"twitter:data2\" content=\"4 minutos\" \/>\n<script type=\"application\/ld+json\" class=\"yoast-schema-graph\">{\"@context\":\"https:\/\/schema.org\",\"@graph\":[{\"@type\":\"Article\",\"@id\":\"https:\/\/conversesacatalunya.cat\/es\/la-copa-del-rei-mas-amarga-para-real-madrid\/#article\",\"isPartOf\":{\"@id\":\"https:\/\/conversesacatalunya.cat\/es\/la-copa-del-rei-mas-amarga-para-real-madrid\/\"},\"author\":{\"name\":\"Emili Clos\",\"@id\":\"https:\/\/conversesacatalunya.cat\/#\/schema\/person\/46306de4129bccb959ed5e1720c4e3e7\"},\"headline\":\"Entre llantos, expulsiones y esc\u00e1ndalos: la Copa del Rey m\u00e1s amarga para el Real Madrid\",\"datePublished\":\"2025-04-28T09:18:09+00:00\",\"dateModified\":\"2025-04-28T09:34:18+00:00\",\"mainEntityOfPage\":{\"@id\":\"https:\/\/conversesacatalunya.cat\/es\/la-copa-del-rei-mas-amarga-para-real-madrid\/\"},\"wordCount\":837,\"commentCount\":0,\"image\":{\"@id\":\"https:\/\/conversesacatalunya.cat\/es\/la-copa-del-rei-mas-amarga-para-real-madrid\/#primaryimage\"},\"thumbnailUrl\":\"https:\/\/conversesacatalunya.cat\/wp-content\/uploads\/2025\/04\/bernabeu-3714922_640.jpg\",\"keywords\":[\"Futbol\",\"Rugbi\",\"rugby\"],\"articleSection\":[\"Punts clau del dia (ES)\"],\"inLanguage\":\"es\",\"potentialAction\":[{\"@type\":\"CommentAction\",\"name\":\"Comment\",\"target\":[\"https:\/\/conversesacatalunya.cat\/es\/la-copa-del-rei-mas-amarga-para-real-madrid\/#respond\"]}]},{\"@type\":\"WebPage\",\"@id\":\"https:\/\/conversesacatalunya.cat\/es\/la-copa-del-rei-mas-amarga-para-real-madrid\/\",\"url\":\"https:\/\/conversesacatalunya.cat\/es\/la-copa-del-rei-mas-amarga-para-real-madrid\/\",\"name\":\"Derrota del Real Madrid en una campa\u00f1a de ataques\",\"isPartOf\":{\"@id\":\"https:\/\/conversesacatalunya.cat\/#website\"},\"primaryImageOfPage\":{\"@id\":\"https:\/\/conversesacatalunya.cat\/es\/la-copa-del-rei-mas-amarga-para-real-madrid\/#primaryimage\"},\"image\":{\"@id\":\"https:\/\/conversesacatalunya.cat\/es\/la-copa-del-rei-mas-amarga-para-real-madrid\/#primaryimage\"},\"thumbnailUrl\":\"https:\/\/conversesacatalunya.cat\/wp-content\/uploads\/2025\/04\/bernabeu-3714922_640.jpg\",\"datePublished\":\"2025-04-28T09:18:09+00:00\",\"dateModified\":\"2025-04-28T09:34:18+00:00\",\"author\":{\"@id\":\"https:\/\/conversesacatalunya.cat\/#\/schema\/person\/46306de4129bccb959ed5e1720c4e3e7\"},\"description\":\"Pol\u00e9mica, presiones arbitrales y graves incidentes marcan la derrota del Real Madrid frente al Barcelona en una campa\u00f1a de ataques.\",\"breadcrumb\":{\"@id\":\"https:\/\/conversesacatalunya.cat\/es\/la-copa-del-rei-mas-amarga-para-real-madrid\/#breadcrumb\"},\"inLanguage\":\"es\",\"potentialAction\":[{\"@type\":\"ReadAction\",\"target\":[\"https:\/\/conversesacatalunya.cat\/es\/la-copa-del-rei-mas-amarga-para-real-madrid\/\"]}]},{\"@type\":\"ImageObject\",\"inLanguage\":\"es\",\"@id\":\"https:\/\/conversesacatalunya.cat\/es\/la-copa-del-rei-mas-amarga-para-real-madrid\/#primaryimage\",\"url\":\"https:\/\/conversesacatalunya.cat\/wp-content\/uploads\/2025\/04\/bernabeu-3714922_640.jpg\",\"contentUrl\":\"https:\/\/conversesacatalunya.cat\/wp-content\/uploads\/2025\/04\/bernabeu-3714922_640.jpg\",\"width\":640,\"height\":427,\"caption\":\"Real Madrid campa\u00f1a ataques\"},{\"@type\":\"BreadcrumbList\",\"@id\":\"https:\/\/conversesacatalunya.cat\/es\/la-copa-del-rei-mas-amarga-para-real-madrid\/#breadcrumb\",\"itemListElement\":[{\"@type\":\"ListItem\",\"position\":1,\"name\":\"Inici\",\"item\":\"https:\/\/conversesacatalunya.cat\/es\/\"},{\"@type\":\"ListItem\",\"position\":2,\"name\":\"Entre llantos, expulsiones y esc\u00e1ndalos: la Copa del Rey m\u00e1s amarga para el Real Madrid\"}]},{\"@type\":\"WebSite\",\"@id\":\"https:\/\/conversesacatalunya.cat\/#website\",\"url\":\"https:\/\/conversesacatalunya.cat\/\",\"name\":\"Converses a Catalunya\",\"description\":\"\",\"potentialAction\":[{\"@type\":\"SearchAction\",\"target\":{\"@type\":\"EntryPoint\",\"urlTemplate\":\"https:\/\/conversesacatalunya.cat\/?s={search_term_string}\"},\"query-input\":{\"@type\":\"PropertyValueSpecification\",\"valueRequired\":true,\"valueName\":\"search_term_string\"}}],\"inLanguage\":\"es\"},{\"@type\":\"Person\",\"@id\":\"https:\/\/conversesacatalunya.cat\/#\/schema\/person\/46306de4129bccb959ed5e1720c4e3e7\",\"name\":\"Emili Clos\",\"image\":{\"@type\":\"ImageObject\",\"inLanguage\":\"es\",\"@id\":\"https:\/\/conversesacatalunya.cat\/#\/schema\/person\/image\/\",\"url\":\"https:\/\/conversesacatalunya.cat\/wp-content\/litespeed\/avatar\/a9a662bd802eed79498de818aef91cc9.jpg?ver=1777096184\",\"contentUrl\":\"https:\/\/conversesacatalunya.cat\/wp-content\/litespeed\/avatar\/a9a662bd802eed79498de818aef91cc9.jpg?ver=1777096184\",\"caption\":\"Emili Clos\"},\"url\":\"https:\/\/conversesacatalunya.cat\/es\/author\/emili_clos\/\"}]}<\/script>\n<!-- \/ Yoast SEO plugin. -->","yoast_head_json":{"title":"Derrota del Real Madrid en una campa\u00f1a de ataques","description":"Pol\u00e9mica, presiones arbitrales y graves incidentes marcan la derrota del Real Madrid frente al Barcelona en una campa\u00f1a de ataques.","robots":{"index":"index","follow":"follow","max-snippet":"max-snippet:-1","max-image-preview":"max-image-preview:large","max-video-preview":"max-video-preview:-1"},"canonical":"https:\/\/conversesacatalunya.cat\/es\/la-copa-del-rei-mas-amarga-para-real-madrid\/","og_locale":"es_ES","og_type":"article","og_title":"Derrota del Real Madrid en una campa\u00f1a de ataques","og_description":"Pol\u00e9mica, presiones arbitrales y graves incidentes marcan la derrota del Real Madrid frente al Barcelona en una campa\u00f1a de ataques.","og_url":"https:\/\/conversesacatalunya.cat\/es\/la-copa-del-rei-mas-amarga-para-real-madrid\/","og_site_name":"Converses a Catalunya","article_published_time":"2025-04-28T09:18:09+00:00","article_modified_time":"2025-04-28T09:34:18+00:00","og_image":[{"width":640,"height":427,"url":"https:\/\/conversesacatalunya.cat\/wp-content\/uploads\/2025\/04\/bernabeu-3714922_640.jpg","type":"image\/jpeg"}],"author":"Emili Clos","twitter_card":"summary_large_image","twitter_misc":{"Escrito por":"Emili Clos","Tiempo de lectura":"4 minutos"},"schema":{"@context":"https:\/\/schema.org","@graph":[{"@type":"Article","@id":"https:\/\/conversesacatalunya.cat\/es\/la-copa-del-rei-mas-amarga-para-real-madrid\/#article","isPartOf":{"@id":"https:\/\/conversesacatalunya.cat\/es\/la-copa-del-rei-mas-amarga-para-real-madrid\/"},"author":{"name":"Emili Clos","@id":"https:\/\/conversesacatalunya.cat\/#\/schema\/person\/46306de4129bccb959ed5e1720c4e3e7"},"headline":"Entre llantos, expulsiones y esc\u00e1ndalos: la Copa del Rey m\u00e1s amarga para el Real Madrid","datePublished":"2025-04-28T09:18:09+00:00","dateModified":"2025-04-28T09:34:18+00:00","mainEntityOfPage":{"@id":"https:\/\/conversesacatalunya.cat\/es\/la-copa-del-rei-mas-amarga-para-real-madrid\/"},"wordCount":837,"commentCount":0,"image":{"@id":"https:\/\/conversesacatalunya.cat\/es\/la-copa-del-rei-mas-amarga-para-real-madrid\/#primaryimage"},"thumbnailUrl":"https:\/\/conversesacatalunya.cat\/wp-content\/uploads\/2025\/04\/bernabeu-3714922_640.jpg","keywords":["Futbol","Rugbi","rugby"],"articleSection":["Punts clau del dia (ES)"],"inLanguage":"es","potentialAction":[{"@type":"CommentAction","name":"Comment","target":["https:\/\/conversesacatalunya.cat\/es\/la-copa-del-rei-mas-amarga-para-real-madrid\/#respond"]}]},{"@type":"WebPage","@id":"https:\/\/conversesacatalunya.cat\/es\/la-copa-del-rei-mas-amarga-para-real-madrid\/","url":"https:\/\/conversesacatalunya.cat\/es\/la-copa-del-rei-mas-amarga-para-real-madrid\/","name":"Derrota del Real Madrid en una campa\u00f1a de ataques","isPartOf":{"@id":"https:\/\/conversesacatalunya.cat\/#website"},"primaryImageOfPage":{"@id":"https:\/\/conversesacatalunya.cat\/es\/la-copa-del-rei-mas-amarga-para-real-madrid\/#primaryimage"},"image":{"@id":"https:\/\/conversesacatalunya.cat\/es\/la-copa-del-rei-mas-amarga-para-real-madrid\/#primaryimage"},"thumbnailUrl":"https:\/\/conversesacatalunya.cat\/wp-content\/uploads\/2025\/04\/bernabeu-3714922_640.jpg","datePublished":"2025-04-28T09:18:09+00:00","dateModified":"2025-04-28T09:34:18+00:00","author":{"@id":"https:\/\/conversesacatalunya.cat\/#\/schema\/person\/46306de4129bccb959ed5e1720c4e3e7"},"description":"Pol\u00e9mica, presiones arbitrales y graves incidentes marcan la derrota del Real Madrid frente al Barcelona en una campa\u00f1a de ataques.","breadcrumb":{"@id":"https:\/\/conversesacatalunya.cat\/es\/la-copa-del-rei-mas-amarga-para-real-madrid\/#breadcrumb"},"inLanguage":"es","potentialAction":[{"@type":"ReadAction","target":["https:\/\/conversesacatalunya.cat\/es\/la-copa-del-rei-mas-amarga-para-real-madrid\/"]}]},{"@type":"ImageObject","inLanguage":"es","@id":"https:\/\/conversesacatalunya.cat\/es\/la-copa-del-rei-mas-amarga-para-real-madrid\/#primaryimage","url":"https:\/\/conversesacatalunya.cat\/wp-content\/uploads\/2025\/04\/bernabeu-3714922_640.jpg","contentUrl":"https:\/\/conversesacatalunya.cat\/wp-content\/uploads\/2025\/04\/bernabeu-3714922_640.jpg","width":640,"height":427,"caption":"Real Madrid campa\u00f1a ataques"},{"@type":"BreadcrumbList","@id":"https:\/\/conversesacatalunya.cat\/es\/la-copa-del-rei-mas-amarga-para-real-madrid\/#breadcrumb","itemListElement":[{"@type":"ListItem","position":1,"name":"Inici","item":"https:\/\/conversesacatalunya.cat\/es\/"},{"@type":"ListItem","position":2,"name":"Entre llantos, expulsiones y esc\u00e1ndalos: la Copa del Rey m\u00e1s amarga para el Real Madrid"}]},{"@type":"WebSite","@id":"https:\/\/conversesacatalunya.cat\/#website","url":"https:\/\/conversesacatalunya.cat\/","name":"Converses a Catalunya","description":"","potentialAction":[{"@type":"SearchAction","target":{"@type":"EntryPoint","urlTemplate":"https:\/\/conversesacatalunya.cat\/?s={search_term_string}"},"query-input":{"@type":"PropertyValueSpecification","valueRequired":true,"valueName":"search_term_string"}}],"inLanguage":"es"},{"@type":"Person","@id":"https:\/\/conversesacatalunya.cat\/#\/schema\/person\/46306de4129bccb959ed5e1720c4e3e7","name":"Emili Clos","image":{"@type":"ImageObject","inLanguage":"es","@id":"https:\/\/conversesacatalunya.cat\/#\/schema\/person\/image\/","url":"https:\/\/conversesacatalunya.cat\/wp-content\/litespeed\/avatar\/a9a662bd802eed79498de818aef91cc9.jpg?ver=1777096184","contentUrl":"https:\/\/conversesacatalunya.cat\/wp-content\/litespeed\/avatar\/a9a662bd802eed79498de818aef91cc9.jpg?ver=1777096184","caption":"Emili Clos"},"url":"https:\/\/conversesacatalunya.cat\/es\/author\/emili_clos\/"}]}},"wps_subtitle":"Resulta ins\u00f3lito que tres jugadores de un mismo club adopten un comportamiento tan antideportivo despu\u00e9s de una final de Copa, neg\u00e1ndose a aceptar con deportividad el resultado.","_links":{"self":[{"href":"https:\/\/conversesacatalunya.cat\/es\/wp-json\/wp\/v2\/posts\/87887","targetHints":{"allow":["GET"]}}],"collection":[{"href":"https:\/\/conversesacatalunya.cat\/es\/wp-json\/wp\/v2\/posts"}],"about":[{"href":"https:\/\/conversesacatalunya.cat\/es\/wp-json\/wp\/v2\/types\/post"}],"author":[{"embeddable":true,"href":"https:\/\/conversesacatalunya.cat\/es\/wp-json\/wp\/v2\/users\/81"}],"replies":[{"embeddable":true,"href":"https:\/\/conversesacatalunya.cat\/es\/wp-json\/wp\/v2\/comments?post=87887"}],"version-history":[{"count":3,"href":"https:\/\/conversesacatalunya.cat\/es\/wp-json\/wp\/v2\/posts\/87887\/revisions"}],"predecessor-version":[{"id":87888,"href":"https:\/\/conversesacatalunya.cat\/es\/wp-json\/wp\/v2\/posts\/87887\/revisions\/87888"}],"wp:featuredmedia":[{"embeddable":true,"href":"https:\/\/conversesacatalunya.cat\/es\/wp-json\/wp\/v2\/media\/87884"}],"wp:attachment":[{"href":"https:\/\/conversesacatalunya.cat\/es\/wp-json\/wp\/v2\/media?parent=87887"}],"wp:term":[{"taxonomy":"category","embeddable":true,"href":"https:\/\/conversesacatalunya.cat\/es\/wp-json\/wp\/v2\/categories?post=87887"},{"taxonomy":"post_tag","embeddable":true,"href":"https:\/\/conversesacatalunya.cat\/es\/wp-json\/wp\/v2\/tags?post=87887"}],"curies":[{"name":"wp","href":"https:\/\/api.w.org\/{rel}","templated":true}]}}