{"id":87797,"date":"2025-04-24T08:32:04","date_gmt":"2025-04-24T06:32:04","guid":{"rendered":"https:\/\/conversesacatalunya.cat\/?p=87797"},"modified":"2025-04-25T06:15:08","modified_gmt":"2025-04-25T04:15:08","slug":"por-que-domina-la-izquierda-en-cataluna-y-no-hay-alternativa","status":"publish","type":"post","link":"https:\/\/conversesacatalunya.cat\/es\/por-que-domina-la-izquierda-en-cataluna-y-no-hay-alternativa\/","title":{"rendered":"Diagn\u00f3stico pol\u00edtico de la sociedad catalana (y VI). \u00bfPor qu\u00e9 domina la izquierda? \u00bfY por qu\u00e9 no hay alternativa?"},"content":{"rendered":"<p><span>El panorama pol\u00edtico catal\u00e1n est\u00e1 marcado por un hecho indiscutible: la hegemon\u00eda de la izquierda en Catalu\u00f1a, tanto en t\u00e9rminos electorales como culturales. Esta situaci\u00f3n no se explica \u00fanicamente por la coyuntura pol\u00edtica o estrategias partidistas, sino por una combinaci\u00f3n de factores hist\u00f3ricos, sociol\u00f3gicos y, sobre todo, culturales.<\/span><\/p>\n<p style=\"font-weight: 400;\"><span>Pero hay algo m\u00e1s preocupante:\u00a0<strong>la ausencia de una alternativa fuerte, coherente y diferenciada<\/strong>.\u00a0Una alternativa que no sea simplemente una versi\u00f3n moderada del discurso dominante, sino que se fundamente en principios propios y en una visi\u00f3n distinta del ser humano, la sociedad y el bien com\u00fan.<\/span><span>\u00a0<\/span><\/p>\n<h4><strong><span><span class=\"VIpgJd-yAWNEb-VIpgJd-fmcmS-sn54Q\">Un pasado que define el presente<\/span><\/span><\/strong><\/h4>\n<p style=\"font-weight: 400;\"><span><span class=\"VIpgJd-yAWNEb-VIpgJd-fmcmS-sn54Q\">Catalu\u00f1a arrastra una memoria hist\u00f3rica\u00a0<\/span><\/span><strong><span><span class=\"VIpgJd-yAWNEb-VIpgJd-fmcmS-sn54Q\">muy vinculada al antifranquismo<\/span><\/span><\/strong><span><span class=\"VIpgJd-yAWNEb-VIpgJd-fmcmS-sn54Q\">,\u00a0donde la derecha qued\u00f3 asociada al centralismo autoritario y al nacionalcatolicismo. Esta herencia empuj\u00f3\u00a0<\/span><\/span><strong><span><span class=\"VIpgJd-yAWNEb-VIpgJd-fmcmS-sn54Q\">a buena parte del catalanismo democr\u00e1tico hacia la izquierda, <\/span><\/span><\/strong><span><span class=\"VIpgJd-yAWNEb-VIpgJd-fmcmS-sn54Q\">identificando valores como la pluralidad, la democracia o la defensa de la identidad catalana con este espectro ideol\u00f3gico.<\/span><\/span><\/p>\n<p style=\"font-weight: 400;\"><strong><span><span class=\"VIpgJd-yAWNEb-VIpgJd-fmcmS-sn54Q\">Tras la Transici\u00f3n, el PSC<\/span><\/span><\/strong><span><span class=\"VIpgJd-yAWNEb-VIpgJd-fmcmS-sn54Q\">\u00a0y otras fuerzas progresistas supieron ocupar ese espacio, mientras que la derecha, fuera espa\u00f1olista o catalanista, no logr\u00f3 construir un imaginario potente ni una propuesta cultural alternativa.\u00a0<\/span><\/span><strong><span><span class=\"VIpgJd-yAWNEb-VIpgJd-fmcmS-sn54Q\">El pujolismo<\/span><\/span><\/strong><span><span class=\"VIpgJd-yAWNEb-VIpgJd-fmcmS-sn54Q\">\u00a0represent\u00f3 una etapa de afirmaci\u00f3n nacional y de orden, pero nunca se propuso disputar el marco cultural progresista dominante.<\/span><\/span><\/p>\n<h4><strong><span><span class=\"VIpgJd-yAWNEb-VIpgJd-fmcmS-sn54Q\">Una sociolog\u00eda urbana, obrera y secularizada<\/span><\/span><\/strong><\/h4>\n<p style=\"font-weight: 400;\"><span><span class=\"VIpgJd-yAWNEb-VIpgJd-fmcmS-sn54Q\">La estructura social catalana -industrial, urbanizada y con una fuerte presencia de clase trabajadora- facilit\u00f3 el arraigo de una cultura de izquierdas. La inmigraci\u00f3n interior del siglo XX pobl\u00f3 el cintur\u00f3n de Barcelona de votantes socialistas y sindicalistas. Hoy en d\u00eda,\u00a0<\/span><\/span><strong><span><span class=\"VIpgJd-yAWNEb-VIpgJd-fmcmS-sn54Q\">sus descendientes siguen vinculados al PSC o a los Comunes<\/span><\/span><\/strong><span><span class=\"VIpgJd-yAWNEb-VIpgJd-fmcmS-sn54Q\">.\u00a0Mientras,\u00a0<\/span><\/span><strong><span><span class=\"VIpgJd-yAWNEb-VIpgJd-fmcmS-sn54Q\">la derecha<\/span><\/span><\/strong><span><span class=\"VIpgJd-yAWNEb-VIpgJd-fmcmS-sn54Q\">\u00a0\u2014fragmentada, acomplejada o radicalizada\u2014 no ha logrado conectar con estos sectores populares ni ofrecerles una visi\u00f3n distinta del progreso.<\/span><\/span><\/p>\n<h4><strong><span><span class=\"VIpgJd-yAWNEb-VIpgJd-fmcmS-sn54Q\">La izquierda coloniza tanto el catalanismo como el unionismo<\/span><\/span><\/strong><\/h4>\n<p style=\"font-weight: 400;\"><span><span class=\"VIpgJd-yAWNEb-VIpgJd-fmcmS-sn54Q\">Tanto el independentismo como el constitucionalismo tienen hoy por l\u00edderes principales partidos de izquierda:\u00a0<\/span><\/span><strong><span><span class=\"VIpgJd-yAWNEb-VIpgJd-fmcmS-sn54Q\">ERC y PSC<\/span><\/span><\/strong><span><span class=\"VIpgJd-yAWNEb-VIpgJd-fmcmS-sn54Q\">.\u00a0<\/span><\/span><strong><span><span class=\"VIpgJd-yAWNEb-VIpgJd-fmcmS-sn54Q\">Junts<\/span><\/span><\/strong><span><span class=\"VIpgJd-yAWNEb-VIpgJd-fmcmS-sn54Q\">\u00a0no ha logrado articular un proyecto ilusionante fuera del proc\u00e9s, y el\u00a0<\/span><\/span><strong><span><span class=\"VIpgJd-yAWNEb-VIpgJd-fmcmS-sn54Q\">PP\/Vox<\/span><\/span><\/strong><span><span class=\"VIpgJd-yAWNEb-VIpgJd-fmcmS-sn54Q\">\u00a0siguen atrapados en un discurso reactivo, ajeno a la realidad catalana. El resultado es una doble hegemon\u00eda progresista: en lo nacional y lo ideol\u00f3gico.\u00a0<\/span><\/span><strong><span><span class=\"VIpgJd-yAWNEb-VIpgJd-fmcmS-sn54Q\">El espacio de centroderecha<\/span><\/span><\/strong><span><span class=\"VIpgJd-yAWNEb-VIpgJd-fmcmS-sn54Q\">\u00a0-sea catalanista o espa\u00f1olista- est\u00e1 desdibujado, sin liderazgo, sin un proyecto claro y sin una narrativa alternativa.<\/span><\/span><\/p>\n<h4><strong><span><span class=\"VIpgJd-yAWNEb-VIpgJd-fmcmS-sn54Q\">Una derecha sin proyecto cultural<\/span><\/span><\/strong><\/h4>\n<p><span>M\u00e1s all\u00e1 de los errores estrat\u00e9gicos y divisiones internas, el gran vac\u00edo se encuentra en el plano cultural.\u00a0<strong>No existe hoy en Catalu\u00f1a una alternativa s\u00f3lida a la visi\u00f3n progresista del ser humano<\/strong>\u00a0impuesta desde las instituciones: feminismo de g\u00e9nero, ideolog\u00eda de las identidades sexuales, concepci\u00f3n \u201cwoke\u201d del espacio p\u00fablico y un laicismo excluyente que margina la presencia del cristianismo, no solo como religi\u00f3n, sino como cultura c\u00edvica y fuente de valores compartidos.\u00a0<strong>Las derechas han renunciado a disputar ese terreno, dejando a la izquierda el monopolio del relato, de los medios, de la escuela, de la universidad y de la cultura.<\/strong><\/span><span>\u00a0<\/span><span>\u00a0<\/span><\/p>\n<h4><strong><span><span class=\"VIpgJd-yAWNEb-VIpgJd-fmcmS-sn54Q\">Catalu\u00f1a: un laboratorio progresista sin contrapeso<\/span><\/span><\/strong><\/h4>\n<p style=\"font-weight: 400;\"><span>Catalu\u00f1a es hoy, m\u00e1s que nunca, un laboratorio ideol\u00f3gico de la izquierda: socialdem\u00f3crata, ecologista, feminista, postnacional y secular. Ante esto, todav\u00eda no\u00a0<\/span><strong><span>\u00a0se percibe una propuesta pol\u00edtica que ofrezca una concepci\u00f3n distinta del bien com\u00fan<\/span><\/strong><span>,\u00a0del ser humano y de la convivencia. Una propuesta que reivindique la libertad ante la ingenier\u00eda social, la justicia ante la ideolog\u00eda, y la trascendencia ante el nihilismo cultural.<\/span><\/p>\n<p><span>Mientras no surja esta alternativa, Catalu\u00f1a\u00a0<\/span><strong><span>seguir\u00e1 siendo un feudo ideol\u00f3gico de la izquierda, no por convicci\u00f3n masiva, sino por falta de competencia real<\/span><\/strong><span>.<\/span><\/p>\n<p><a href=\"https:\/\/conversesacatalunya.cat\/es\/encuestas-opinion-votantes-de-derecha-cataluna\/\" target=\"_blank\" rel=\"noopener\"><strong><span><span class=\"VIpgJd-yAWNEb-VIpgJd-fmcmS-sn54Q\">Diagn\u00f3stico pol\u00edtico de la sociedad catalana seg\u00fan encuestas de opini\u00f3n pol\u00edtica (V). Votantes de derecha<\/span><\/span><\/strong><\/a><\/p>\n<span class='bctt-click-to-tweet'><span class='bctt-ctt-text'><a href='https:\/\/twitter.com\/intent\/tweet?url=https%3A%2F%2Fconversesacatalunya.cat%2Fes%2Fpor-que-domina-la-izquierda-en-cataluna-y-no-hay-alternativa%2F&#038;text=Catalu%C3%B1a%20es%20hoy%2C%20m%C3%A1s%20que%20nunca%2C%20un%20laboratorio%20ideol%C3%B3gico%20de%20la%20izquierda%3A%20socialdem%C3%B3crata%2C%20ecologista%2C%20feminista%2C%20postnacional%20y%20secular&#038;via=conversesacat&#038;related=conversesacat' target='_blank'rel=\"noopener noreferrer\">Catalu\u00f1a es hoy, m\u00e1s que nunca, un laboratorio ideol\u00f3gico de la izquierda: socialdem\u00f3crata, ecologista, feminista, postnacional y secular <\/a><\/span><a href='https:\/\/twitter.com\/intent\/tweet?url=https%3A%2F%2Fconversesacatalunya.cat%2Fes%2Fpor-que-domina-la-izquierda-en-cataluna-y-no-hay-alternativa%2F&#038;text=Catalu%C3%B1a%20es%20hoy%2C%20m%C3%A1s%20que%20nunca%2C%20un%20laboratorio%20ideol%C3%B3gico%20de%20la%20izquierda%3A%20socialdem%C3%B3crata%2C%20ecologista%2C%20feminista%2C%20postnacional%20y%20secular&#038;via=conversesacat&#038;related=conversesacat' target='_blank' class='bctt-ctt-btn'rel=\"noopener noreferrer\">Compartir en X<\/a><\/span>\n<div id=\"polls-281\" class=\"wp-polls\">\n\t<form id=\"polls_form_281\" class=\"wp-polls-form\" action=\"\/index.php\" method=\"post\">\n\t\t<p style=\"display: none;\"><input type=\"hidden\" id=\"poll_281_nonce\" name=\"wp-polls-nonce\" value=\"fca0613399\" \/><\/p>\n\t\t<p style=\"display: none;\"><input type=\"hidden\" name=\"poll_id\" value=\"281\" \/><\/p>\n\t\t<p style=\"text-align: center\"><strong>Creus que el pr\u00f2xim Papa ha de seguir la l\u00ednia de Francesc o b\u00e9 ha de significar un canvi?<\/strong><\/p><div id=\"polls-281-ans\" class=\"wp-polls-ans\"><ul class=\"wp-polls-ul\">\n\t\t<li><input type=\"radio\" id=\"poll-answer-794\" name=\"poll_281\" value=\"794\" \/> <label for=\"poll-answer-794\">Seguir la l\u00ednia de Francesc<\/label><\/li>\n\t\t<li><input type=\"radio\" id=\"poll-answer-795\" name=\"poll_281\" value=\"795\" \/> <label for=\"poll-answer-795\">Ha de significar un canvi<\/label><\/li>\n\t\t<li><input type=\"radio\" id=\"poll-answer-796\" name=\"poll_281\" value=\"796\" \/> <label for=\"poll-answer-796\">No ho s\u00e9<\/label><\/li>\n\t\t<\/ul><p style=\"text-align: center\"><input type=\"button\" name=\"vote\" value=\"   Vota   \" class=\"Buttons\" onclick=\"poll_vote(281);\" \/><\/p><p style=\"text-align: center\"><a href=\"#ViewPollResults\" onclick=\"poll_result(281); return false;\" title=\"View Results Of This Poll\">Mira els resultats<\/a><\/p><\/div>\n\t<\/form>\n<\/div>\n<div id=\"polls-281-loading\" class=\"wp-polls-loading\"><img decoding=\"async\" data-src=\"https:\/\/conversesacatalunya.cat\/wp-content\/plugins\/wp-polls\/images\/loading.gif\" width=\"16\" height=\"16\" alt=\"Cargando ...\" title=\"Cargando ...\" class=\"wp-polls-image lazyload\" src=\"data:image\/svg+xml;base64,PHN2ZyB3aWR0aD0iMSIgaGVpZ2h0PSIxIiB4bWxucz0iaHR0cDovL3d3dy53My5vcmcvMjAwMC9zdmciPjwvc3ZnPg==\" style=\"--smush-placeholder-width: 16px; --smush-placeholder-aspect-ratio: 16\/16;\" \/>&nbsp;Cargando ...<\/div>\n\n","protected":false},"excerpt":{"rendered":"<p>El panorama pol\u00edtico catal\u00e1n est\u00e1 marcado por un hecho indiscutible: la hegemon\u00eda de la izquierda en Catalu\u00f1a, tanto en t\u00e9rminos electorales como culturales. Esta situaci\u00f3n no se explica \u00fanicamente por la coyuntura pol\u00edtica o estrategias partidistas, sino por una combinaci\u00f3n de factores hist\u00f3ricos, sociol\u00f3gicos y, sobre todo, culturales. Pero hay algo m\u00e1s preocupante:\u00a0la ausencia de una alternativa fuerte, coherente y diferenciada.\u00a0Una alternativa que no sea simplemente una versi\u00f3n moderada del discurso dominante, sino que se fundamente en principios propios y en una visi\u00f3n distinta del ser humano, la sociedad y el bien com\u00fan.\u00a0 Un pasado que define el presente Catalu\u00f1a arrastra una memoria hist\u00f3rica\u00a0muy vinculada al antifranquismo,\u00a0donde la derecha qued\u00f3 asociada al centralismo autoritario y al nacionalcatolicismo. Esta herencia empuj\u00f3\u00a0a buena parte del catalanismo democr\u00e1tico hacia la izquierda, identificando valores como la pluralidad, la democracia o la defensa de la identidad catalana con este espectro ideol\u00f3gico. Tras la Transici\u00f3n, el PSC\u00a0y otras fuerzas progresistas supieron ocupar ese espacio, mientras que la derecha, fuera espa\u00f1olista o catalanista, no logr\u00f3 construir un imaginario potente ni una propuesta cultural alternativa.\u00a0El pujolismo\u00a0represent\u00f3 una etapa de afirmaci\u00f3n nacional y de orden, pero nunca se propuso disputar el marco cultural progresista dominante. Una sociolog\u00eda urbana, obrera y secularizada La estructura social catalana -industrial, urbanizada y con una fuerte presencia de clase trabajadora- facilit\u00f3 el arraigo de una cultura de izquierdas. La inmigraci\u00f3n interior del siglo XX pobl\u00f3 el cintur\u00f3n de Barcelona de votantes socialistas y sindicalistas. Hoy en d\u00eda,\u00a0sus descendientes siguen vinculados al PSC o a los Comunes.\u00a0Mientras,\u00a0la derecha\u00a0\u2014fragmentada, acomplejada o radicalizada\u2014 no ha logrado conectar con estos sectores populares ni ofrecerles una visi\u00f3n distinta del progreso. La izquierda coloniza tanto el catalanismo como el unionismo Tanto el independentismo como el constitucionalismo tienen hoy por l\u00edderes principales partidos de izquierda:\u00a0ERC y PSC.\u00a0Junts\u00a0no ha logrado articular un proyecto ilusionante fuera del proc\u00e9s, y el\u00a0PP\/Vox\u00a0siguen atrapados en un discurso reactivo, ajeno a la realidad catalana. El resultado es una doble hegemon\u00eda progresista: en lo nacional y lo ideol\u00f3gico.\u00a0El espacio de centroderecha\u00a0-sea catalanista o espa\u00f1olista- est\u00e1 desdibujado, sin liderazgo, sin un proyecto claro y sin una narrativa alternativa. Una derecha sin proyecto cultural M\u00e1s all\u00e1 de los errores estrat\u00e9gicos y divisiones internas, el gran vac\u00edo se encuentra en el plano cultural.\u00a0No existe hoy en Catalu\u00f1a una alternativa s\u00f3lida a la visi\u00f3n progresista del ser humano\u00a0impuesta desde las instituciones: feminismo de g\u00e9nero, ideolog\u00eda de las identidades sexuales, concepci\u00f3n \u201cwoke\u201d del espacio p\u00fablico y un laicismo excluyente que margina la presencia del cristianismo, no solo como religi\u00f3n, sino como cultura c\u00edvica y fuente de valores compartidos.\u00a0Las derechas han renunciado a disputar ese terreno, dejando a la izquierda el monopolio del relato, de los medios, de la escuela, de la universidad y de la cultura.\u00a0\u00a0 Catalu\u00f1a: un laboratorio progresista sin contrapeso Catalu\u00f1a es hoy, m\u00e1s que nunca, un laboratorio ideol\u00f3gico de la izquierda: socialdem\u00f3crata, ecologista, feminista, postnacional y secular. Ante esto, todav\u00eda no\u00a0\u00a0se percibe una propuesta pol\u00edtica que ofrezca una concepci\u00f3n distinta del bien com\u00fan,\u00a0del ser humano y de la convivencia. Una propuesta que reivindique la libertad ante la ingenier\u00eda social, la justicia ante la ideolog\u00eda, y la trascendencia ante el nihilismo cultural. Mientras no surja esta alternativa, Catalu\u00f1a\u00a0seguir\u00e1 siendo un feudo ideol\u00f3gico de la izquierda, no por convicci\u00f3n masiva, sino por falta de competencia real. Diagn\u00f3stico pol\u00edtico de la sociedad catalana seg\u00fan encuestas de opini\u00f3n pol\u00edtica (V). Votantes de derecha<\/p>\n","protected":false},"author":19,"featured_media":87794,"comment_status":"open","ping_status":"open","sticky":false,"template":"","format":"standard","meta":{"_FSMCFIC_featured_image_caption":"","_FSMCFIC_featured_image_nocaption":"","_FSMCFIC_featured_image_hide":"","footnotes":""},"categories":[806],"tags":[2561,2563,1723,1722],"class_list":["post-87797","post","type-post","status-publish","format-standard","has-post-thumbnail","hentry","category-punts-claus-del-dia-es","tag-esquerres-es","tag-izquierdas","tag-partidos-politicos","tag-partits-politics-es"],"yoast_head":"<!-- This site is optimized with the Yoast SEO plugin v26.8 - https:\/\/yoast.com\/product\/yoast-seo-wordpress\/ -->\n<title>\u00bfPor qu\u00e9 domina la izquierda en Catalu\u00f1a y no hay alternativa?<\/title>\n<meta name=\"description\" content=\"El panorama pol\u00edtico est\u00e1 marcado por un hecho: la hegemon\u00eda de la izquierda en Catalu\u00f1a, tanto en t\u00e9rminos electorales como culturales\" \/>\n<meta name=\"robots\" content=\"index, follow, max-snippet:-1, max-image-preview:large, max-video-preview:-1\" \/>\n<link rel=\"canonical\" href=\"https:\/\/conversesacatalunya.cat\/es\/por-que-domina-la-izquierda-en-cataluna-y-no-hay-alternativa\/\" \/>\n<meta property=\"og:locale\" content=\"es_ES\" \/>\n<meta property=\"og:type\" content=\"article\" \/>\n<meta property=\"og:title\" content=\"\u00bfPor qu\u00e9 domina la izquierda en Catalu\u00f1a y no hay alternativa?\" \/>\n<meta property=\"og:description\" content=\"El panorama pol\u00edtico est\u00e1 marcado por un hecho: la hegemon\u00eda de la izquierda en Catalu\u00f1a, tanto en t\u00e9rminos electorales como culturales\" \/>\n<meta property=\"og:url\" content=\"https:\/\/conversesacatalunya.cat\/es\/por-que-domina-la-izquierda-en-cataluna-y-no-hay-alternativa\/\" \/>\n<meta property=\"og:site_name\" content=\"Converses a Catalunya\" \/>\n<meta property=\"article:published_time\" content=\"2025-04-24T06:32:04+00:00\" \/>\n<meta property=\"article:modified_time\" content=\"2025-04-25T04:15:08+00:00\" \/>\n<meta property=\"og:image\" content=\"https:\/\/conversesacatalunya.cat\/wp-content\/uploads\/2025\/04\/Esquerres-Catalunya.jpg\" \/>\n\t<meta property=\"og:image:width\" content=\"791\" \/>\n\t<meta property=\"og:image:height\" content=\"566\" \/>\n\t<meta property=\"og:image:type\" content=\"image\/jpeg\" \/>\n<meta name=\"author\" content=\"Josep Mir\u00f3 i Ard\u00e8vol\" \/>\n<meta name=\"twitter:card\" content=\"summary_large_image\" \/>\n<meta name=\"twitter:label1\" content=\"Escrito por\" \/>\n\t<meta name=\"twitter:data1\" content=\"Josep Mir\u00f3 i Ard\u00e8vol\" \/>\n\t<meta name=\"twitter:label2\" content=\"Tiempo de lectura\" \/>\n\t<meta name=\"twitter:data2\" content=\"3 minutos\" \/>\n<script type=\"application\/ld+json\" class=\"yoast-schema-graph\">{\"@context\":\"https:\/\/schema.org\",\"@graph\":[{\"@type\":\"Article\",\"@id\":\"https:\/\/conversesacatalunya.cat\/es\/por-que-domina-la-izquierda-en-cataluna-y-no-hay-alternativa\/#article\",\"isPartOf\":{\"@id\":\"https:\/\/conversesacatalunya.cat\/es\/por-que-domina-la-izquierda-en-cataluna-y-no-hay-alternativa\/\"},\"author\":{\"name\":\"Josep Mir\u00f3 i Ard\u00e8vol\",\"@id\":\"https:\/\/conversesacatalunya.cat\/#\/schema\/person\/a9598a6786ba7d3d1c5e0de477b79370\"},\"headline\":\"Diagn\u00f3stico pol\u00edtico de la sociedad catalana (y VI). \u00bfPor qu\u00e9 domina la izquierda? \u00bfY por qu\u00e9 no hay alternativa?\",\"datePublished\":\"2025-04-24T06:32:04+00:00\",\"dateModified\":\"2025-04-25T04:15:08+00:00\",\"mainEntityOfPage\":{\"@id\":\"https:\/\/conversesacatalunya.cat\/es\/por-que-domina-la-izquierda-en-cataluna-y-no-hay-alternativa\/\"},\"wordCount\":696,\"commentCount\":0,\"image\":{\"@id\":\"https:\/\/conversesacatalunya.cat\/es\/por-que-domina-la-izquierda-en-cataluna-y-no-hay-alternativa\/#primaryimage\"},\"thumbnailUrl\":\"https:\/\/conversesacatalunya.cat\/wp-content\/uploads\/2025\/04\/Esquerres-Catalunya.jpg\",\"keywords\":[\"Esquerres\",\"izquierdas\",\"partidos pol\u00edticos\",\"Partits pol\u00edtics\"],\"articleSection\":[\"Punts clau del dia (ES)\"],\"inLanguage\":\"es\",\"potentialAction\":[{\"@type\":\"CommentAction\",\"name\":\"Comment\",\"target\":[\"https:\/\/conversesacatalunya.cat\/es\/por-que-domina-la-izquierda-en-cataluna-y-no-hay-alternativa\/#respond\"]}]},{\"@type\":\"WebPage\",\"@id\":\"https:\/\/conversesacatalunya.cat\/es\/por-que-domina-la-izquierda-en-cataluna-y-no-hay-alternativa\/\",\"url\":\"https:\/\/conversesacatalunya.cat\/es\/por-que-domina-la-izquierda-en-cataluna-y-no-hay-alternativa\/\",\"name\":\"\u00bfPor qu\u00e9 domina la izquierda en Catalu\u00f1a y no hay alternativa?\",\"isPartOf\":{\"@id\":\"https:\/\/conversesacatalunya.cat\/#website\"},\"primaryImageOfPage\":{\"@id\":\"https:\/\/conversesacatalunya.cat\/es\/por-que-domina-la-izquierda-en-cataluna-y-no-hay-alternativa\/#primaryimage\"},\"image\":{\"@id\":\"https:\/\/conversesacatalunya.cat\/es\/por-que-domina-la-izquierda-en-cataluna-y-no-hay-alternativa\/#primaryimage\"},\"thumbnailUrl\":\"https:\/\/conversesacatalunya.cat\/wp-content\/uploads\/2025\/04\/Esquerres-Catalunya.jpg\",\"datePublished\":\"2025-04-24T06:32:04+00:00\",\"dateModified\":\"2025-04-25T04:15:08+00:00\",\"author\":{\"@id\":\"https:\/\/conversesacatalunya.cat\/#\/schema\/person\/a9598a6786ba7d3d1c5e0de477b79370\"},\"description\":\"El panorama pol\u00edtico est\u00e1 marcado por un hecho: la hegemon\u00eda de la izquierda en Catalu\u00f1a, tanto en t\u00e9rminos electorales como culturales\",\"breadcrumb\":{\"@id\":\"https:\/\/conversesacatalunya.cat\/es\/por-que-domina-la-izquierda-en-cataluna-y-no-hay-alternativa\/#breadcrumb\"},\"inLanguage\":\"es\",\"potentialAction\":[{\"@type\":\"ReadAction\",\"target\":[\"https:\/\/conversesacatalunya.cat\/es\/por-que-domina-la-izquierda-en-cataluna-y-no-hay-alternativa\/\"]}]},{\"@type\":\"ImageObject\",\"inLanguage\":\"es\",\"@id\":\"https:\/\/conversesacatalunya.cat\/es\/por-que-domina-la-izquierda-en-cataluna-y-no-hay-alternativa\/#primaryimage\",\"url\":\"https:\/\/conversesacatalunya.cat\/wp-content\/uploads\/2025\/04\/Esquerres-Catalunya.jpg\",\"contentUrl\":\"https:\/\/conversesacatalunya.cat\/wp-content\/uploads\/2025\/04\/Esquerres-Catalunya.jpg\",\"width\":791,\"height\":566,\"caption\":\"izquierda Catalu\u00f1a\"},{\"@type\":\"BreadcrumbList\",\"@id\":\"https:\/\/conversesacatalunya.cat\/es\/por-que-domina-la-izquierda-en-cataluna-y-no-hay-alternativa\/#breadcrumb\",\"itemListElement\":[{\"@type\":\"ListItem\",\"position\":1,\"name\":\"Inici\",\"item\":\"https:\/\/conversesacatalunya.cat\/es\/\"},{\"@type\":\"ListItem\",\"position\":2,\"name\":\"Diagn\u00f3stico pol\u00edtico de la sociedad catalana (y VI). \u00bfPor qu\u00e9 domina la izquierda? \u00bfY por qu\u00e9 no hay alternativa?\"}]},{\"@type\":\"WebSite\",\"@id\":\"https:\/\/conversesacatalunya.cat\/#website\",\"url\":\"https:\/\/conversesacatalunya.cat\/\",\"name\":\"Converses a Catalunya\",\"description\":\"\",\"potentialAction\":[{\"@type\":\"SearchAction\",\"target\":{\"@type\":\"EntryPoint\",\"urlTemplate\":\"https:\/\/conversesacatalunya.cat\/?s={search_term_string}\"},\"query-input\":{\"@type\":\"PropertyValueSpecification\",\"valueRequired\":true,\"valueName\":\"search_term_string\"}}],\"inLanguage\":\"es\"},{\"@type\":\"Person\",\"@id\":\"https:\/\/conversesacatalunya.cat\/#\/schema\/person\/a9598a6786ba7d3d1c5e0de477b79370\",\"name\":\"Josep Mir\u00f3 i Ard\u00e8vol\",\"image\":{\"@type\":\"ImageObject\",\"inLanguage\":\"es\",\"@id\":\"https:\/\/conversesacatalunya.cat\/#\/schema\/person\/image\/\",\"url\":\"https:\/\/conversesacatalunya.cat\/wp-content\/litespeed\/avatar\/c37e3dc881857483d6694cdf98fdedea.jpg?ver=1777270381\",\"contentUrl\":\"https:\/\/conversesacatalunya.cat\/wp-content\/litespeed\/avatar\/c37e3dc881857483d6694cdf98fdedea.jpg?ver=1777270381\",\"caption\":\"Josep Mir\u00f3 i Ard\u00e8vol\"},\"url\":\"https:\/\/conversesacatalunya.cat\/es\/author\/josep-miro-i-ardevol\/\"}]}<\/script>\n<!-- \/ Yoast SEO plugin. -->","yoast_head_json":{"title":"\u00bfPor qu\u00e9 domina la izquierda en Catalu\u00f1a y no hay alternativa?","description":"El panorama pol\u00edtico est\u00e1 marcado por un hecho: la hegemon\u00eda de la izquierda en Catalu\u00f1a, tanto en t\u00e9rminos electorales como culturales","robots":{"index":"index","follow":"follow","max-snippet":"max-snippet:-1","max-image-preview":"max-image-preview:large","max-video-preview":"max-video-preview:-1"},"canonical":"https:\/\/conversesacatalunya.cat\/es\/por-que-domina-la-izquierda-en-cataluna-y-no-hay-alternativa\/","og_locale":"es_ES","og_type":"article","og_title":"\u00bfPor qu\u00e9 domina la izquierda en Catalu\u00f1a y no hay alternativa?","og_description":"El panorama pol\u00edtico est\u00e1 marcado por un hecho: la hegemon\u00eda de la izquierda en Catalu\u00f1a, tanto en t\u00e9rminos electorales como culturales","og_url":"https:\/\/conversesacatalunya.cat\/es\/por-que-domina-la-izquierda-en-cataluna-y-no-hay-alternativa\/","og_site_name":"Converses a Catalunya","article_published_time":"2025-04-24T06:32:04+00:00","article_modified_time":"2025-04-25T04:15:08+00:00","og_image":[{"width":791,"height":566,"url":"https:\/\/conversesacatalunya.cat\/wp-content\/uploads\/2025\/04\/Esquerres-Catalunya.jpg","type":"image\/jpeg"}],"author":"Josep Mir\u00f3 i Ard\u00e8vol","twitter_card":"summary_large_image","twitter_misc":{"Escrito por":"Josep Mir\u00f3 i Ard\u00e8vol","Tiempo de lectura":"3 minutos"},"schema":{"@context":"https:\/\/schema.org","@graph":[{"@type":"Article","@id":"https:\/\/conversesacatalunya.cat\/es\/por-que-domina-la-izquierda-en-cataluna-y-no-hay-alternativa\/#article","isPartOf":{"@id":"https:\/\/conversesacatalunya.cat\/es\/por-que-domina-la-izquierda-en-cataluna-y-no-hay-alternativa\/"},"author":{"name":"Josep Mir\u00f3 i Ard\u00e8vol","@id":"https:\/\/conversesacatalunya.cat\/#\/schema\/person\/a9598a6786ba7d3d1c5e0de477b79370"},"headline":"Diagn\u00f3stico pol\u00edtico de la sociedad catalana (y VI). \u00bfPor qu\u00e9 domina la izquierda? \u00bfY por qu\u00e9 no hay alternativa?","datePublished":"2025-04-24T06:32:04+00:00","dateModified":"2025-04-25T04:15:08+00:00","mainEntityOfPage":{"@id":"https:\/\/conversesacatalunya.cat\/es\/por-que-domina-la-izquierda-en-cataluna-y-no-hay-alternativa\/"},"wordCount":696,"commentCount":0,"image":{"@id":"https:\/\/conversesacatalunya.cat\/es\/por-que-domina-la-izquierda-en-cataluna-y-no-hay-alternativa\/#primaryimage"},"thumbnailUrl":"https:\/\/conversesacatalunya.cat\/wp-content\/uploads\/2025\/04\/Esquerres-Catalunya.jpg","keywords":["Esquerres","izquierdas","partidos pol\u00edticos","Partits pol\u00edtics"],"articleSection":["Punts clau del dia (ES)"],"inLanguage":"es","potentialAction":[{"@type":"CommentAction","name":"Comment","target":["https:\/\/conversesacatalunya.cat\/es\/por-que-domina-la-izquierda-en-cataluna-y-no-hay-alternativa\/#respond"]}]},{"@type":"WebPage","@id":"https:\/\/conversesacatalunya.cat\/es\/por-que-domina-la-izquierda-en-cataluna-y-no-hay-alternativa\/","url":"https:\/\/conversesacatalunya.cat\/es\/por-que-domina-la-izquierda-en-cataluna-y-no-hay-alternativa\/","name":"\u00bfPor qu\u00e9 domina la izquierda en Catalu\u00f1a y no hay alternativa?","isPartOf":{"@id":"https:\/\/conversesacatalunya.cat\/#website"},"primaryImageOfPage":{"@id":"https:\/\/conversesacatalunya.cat\/es\/por-que-domina-la-izquierda-en-cataluna-y-no-hay-alternativa\/#primaryimage"},"image":{"@id":"https:\/\/conversesacatalunya.cat\/es\/por-que-domina-la-izquierda-en-cataluna-y-no-hay-alternativa\/#primaryimage"},"thumbnailUrl":"https:\/\/conversesacatalunya.cat\/wp-content\/uploads\/2025\/04\/Esquerres-Catalunya.jpg","datePublished":"2025-04-24T06:32:04+00:00","dateModified":"2025-04-25T04:15:08+00:00","author":{"@id":"https:\/\/conversesacatalunya.cat\/#\/schema\/person\/a9598a6786ba7d3d1c5e0de477b79370"},"description":"El panorama pol\u00edtico est\u00e1 marcado por un hecho: la hegemon\u00eda de la izquierda en Catalu\u00f1a, tanto en t\u00e9rminos electorales como culturales","breadcrumb":{"@id":"https:\/\/conversesacatalunya.cat\/es\/por-que-domina-la-izquierda-en-cataluna-y-no-hay-alternativa\/#breadcrumb"},"inLanguage":"es","potentialAction":[{"@type":"ReadAction","target":["https:\/\/conversesacatalunya.cat\/es\/por-que-domina-la-izquierda-en-cataluna-y-no-hay-alternativa\/"]}]},{"@type":"ImageObject","inLanguage":"es","@id":"https:\/\/conversesacatalunya.cat\/es\/por-que-domina-la-izquierda-en-cataluna-y-no-hay-alternativa\/#primaryimage","url":"https:\/\/conversesacatalunya.cat\/wp-content\/uploads\/2025\/04\/Esquerres-Catalunya.jpg","contentUrl":"https:\/\/conversesacatalunya.cat\/wp-content\/uploads\/2025\/04\/Esquerres-Catalunya.jpg","width":791,"height":566,"caption":"izquierda Catalu\u00f1a"},{"@type":"BreadcrumbList","@id":"https:\/\/conversesacatalunya.cat\/es\/por-que-domina-la-izquierda-en-cataluna-y-no-hay-alternativa\/#breadcrumb","itemListElement":[{"@type":"ListItem","position":1,"name":"Inici","item":"https:\/\/conversesacatalunya.cat\/es\/"},{"@type":"ListItem","position":2,"name":"Diagn\u00f3stico pol\u00edtico de la sociedad catalana (y VI). \u00bfPor qu\u00e9 domina la izquierda? \u00bfY por qu\u00e9 no hay alternativa?"}]},{"@type":"WebSite","@id":"https:\/\/conversesacatalunya.cat\/#website","url":"https:\/\/conversesacatalunya.cat\/","name":"Converses a Catalunya","description":"","potentialAction":[{"@type":"SearchAction","target":{"@type":"EntryPoint","urlTemplate":"https:\/\/conversesacatalunya.cat\/?s={search_term_string}"},"query-input":{"@type":"PropertyValueSpecification","valueRequired":true,"valueName":"search_term_string"}}],"inLanguage":"es"},{"@type":"Person","@id":"https:\/\/conversesacatalunya.cat\/#\/schema\/person\/a9598a6786ba7d3d1c5e0de477b79370","name":"Josep Mir\u00f3 i Ard\u00e8vol","image":{"@type":"ImageObject","inLanguage":"es","@id":"https:\/\/conversesacatalunya.cat\/#\/schema\/person\/image\/","url":"https:\/\/conversesacatalunya.cat\/wp-content\/litespeed\/avatar\/c37e3dc881857483d6694cdf98fdedea.jpg?ver=1777270381","contentUrl":"https:\/\/conversesacatalunya.cat\/wp-content\/litespeed\/avatar\/c37e3dc881857483d6694cdf98fdedea.jpg?ver=1777270381","caption":"Josep Mir\u00f3 i Ard\u00e8vol"},"url":"https:\/\/conversesacatalunya.cat\/es\/author\/josep-miro-i-ardevol\/"}]}},"wps_subtitle":"El pujolismo\u00a0represent\u00f3 una etapa de afirmaci\u00f3n nacional y de orden, pero nunca se propuso disputar el marco cultural progresista dominante.","_links":{"self":[{"href":"https:\/\/conversesacatalunya.cat\/es\/wp-json\/wp\/v2\/posts\/87797","targetHints":{"allow":["GET"]}}],"collection":[{"href":"https:\/\/conversesacatalunya.cat\/es\/wp-json\/wp\/v2\/posts"}],"about":[{"href":"https:\/\/conversesacatalunya.cat\/es\/wp-json\/wp\/v2\/types\/post"}],"author":[{"embeddable":true,"href":"https:\/\/conversesacatalunya.cat\/es\/wp-json\/wp\/v2\/users\/19"}],"replies":[{"embeddable":true,"href":"https:\/\/conversesacatalunya.cat\/es\/wp-json\/wp\/v2\/comments?post=87797"}],"version-history":[{"count":5,"href":"https:\/\/conversesacatalunya.cat\/es\/wp-json\/wp\/v2\/posts\/87797\/revisions"}],"predecessor-version":[{"id":87804,"href":"https:\/\/conversesacatalunya.cat\/es\/wp-json\/wp\/v2\/posts\/87797\/revisions\/87804"}],"wp:featuredmedia":[{"embeddable":true,"href":"https:\/\/conversesacatalunya.cat\/es\/wp-json\/wp\/v2\/media\/87794"}],"wp:attachment":[{"href":"https:\/\/conversesacatalunya.cat\/es\/wp-json\/wp\/v2\/media?parent=87797"}],"wp:term":[{"taxonomy":"category","embeddable":true,"href":"https:\/\/conversesacatalunya.cat\/es\/wp-json\/wp\/v2\/categories?post=87797"},{"taxonomy":"post_tag","embeddable":true,"href":"https:\/\/conversesacatalunya.cat\/es\/wp-json\/wp\/v2\/tags?post=87797"}],"curies":[{"name":"wp","href":"https:\/\/api.w.org\/{rel}","templated":true}]}}