{"id":87760,"date":"2025-04-24T09:00:40","date_gmt":"2025-04-24T07:00:40","guid":{"rendered":"https:\/\/conversesacatalunya.cat\/?p=87760"},"modified":"2025-04-24T06:25:45","modified_gmt":"2025-04-24T04:25:45","slug":"financiacion-europea-oeneges","status":"publish","type":"post","link":"https:\/\/conversesacatalunya.cat\/es\/financiacion-europea-oeneges\/","title":{"rendered":"La opaca financiaci\u00f3n europea de las oeneg\u00e9s"},"content":{"rendered":"<p><span>En un episodio que se est\u00e1 mediatizando poco en nuestro pa\u00eds, el\u00a0<\/span><strong><span>Tribunal de Cuentas Europeo<\/span><\/strong><span>\u00a0ha publicado un\u00a0<\/span><a href=\"https:\/\/www.politico.eu\/article\/brussels-eu-must-overhaul-opaque-funding-ngos-auditors-court-report\/\" target=\"_blank\" rel=\"noopener\"><span>informe<\/span><\/a><span>\u00a0muy duro sobre la gesti\u00f3n de los fondos p\u00fablicos destinados a las organizaciones no gubernamentales, informalmente conocidas como ONG u oeneg\u00e9s.<\/span><\/p>\n<p><span><span class=\"VIpgJd-yAWNEb-VIpgJd-fmcmS-sn54Q\">La instituci\u00f3n que debe velar por la buena gesti\u00f3n de los fondos p\u00fablicos de la UE y, por tanto, de todos los ciudadanos europeos, ha denunciado la\u00a0<\/span><\/span><strong><span><span class=\"VIpgJd-yAWNEb-VIpgJd-fmcmS-sn54Q\">gesti\u00f3n opaca de las subvenciones<\/span><\/span><\/strong><span><span class=\"VIpgJd-yAWNEb-VIpgJd-fmcmS-sn54Q\">\u00a0destinadas a estos organismos tanto de la Comisi\u00f3n Europea como de los gobiernos de los Estados miembros.<\/span><\/span><\/p>\n<p style=\"text-align: left;\"><span><span class=\"VIpgJd-yAWNEb-VIpgJd-fmcmS-sn54Q\">Menci\u00f3n especial merece en el informe la situaci\u00f3n irregular de las entidades que realizan\u00a0<\/span><\/span><strong><span><span class=\"VIpgJd-yAWNEb-VIpgJd-fmcmS-sn54Q\">actividades de\u00a0<\/span><\/span><em><span><span class=\"VIpgJd-yAWNEb-VIpgJd-fmcmS-sn54Q\">lobbying<\/span><\/span><\/em><span><span class=\"VIpgJd-yAWNEb-VIpgJd-fmcmS-sn54Q\">\u00a0pol\u00edtico<\/span><\/span><\/strong><span><span class=\"VIpgJd-yAWNEb-VIpgJd-fmcmS-sn54Q\">,\u00a0tildando las informaciones facilitadas por los donantes de \u201cni fiables ni transparentes\u201d.<\/span><\/span><\/p>\n<p><span>El documento oficial se\u00f1ala que en menos de tres a\u00f1os (de 2021 a 2023), 12.000 organizaciones han recibido 7.400 millones de euros, de los que 4.800 provienen de las instituciones de Bruselas y el resto de los Estados miembros.<\/span><\/p>\n<p class=\"fig-paragraph\"><span>Seg\u00fan datos\u00a0<\/span><a href=\"https:\/\/www.politico.eu\/article\/europes-ngos-fear-trump-style-funding-cuts-are-coming\/\" target=\"_blank\" rel=\"noopener\"><span>recopilados<\/span><\/a><span>\u00a0por\u00a0<\/span><em><span>Politico.eu<\/span><\/em><span>, varias oeneg\u00e9s centradas en el medio ambiente, como <\/span><em><span>Bankwatch<\/span><\/em><span>\u00a0y\u00a0<\/span><span><em>Health and Environment Alliance<\/em>,\u00a0dependen en m\u00e1s del 50% de financiaci\u00f3n p\u00fablica (europea y nacional combinada).<\/span><\/p>\n<p><span>Estas transferencias monetarias est\u00e1n condicionadas a \u00abdesarrollar las pol\u00edticas internas\u00bb de la UE.<\/span><\/p>\n<p><span><span class=\"VIpgJd-yAWNEb-VIpgJd-fmcmS-sn54Q\">El problema es el\u00a0<\/span><\/span><strong><span><span class=\"VIpgJd-yAWNEb-VIpgJd-fmcmS-sn54Q\">sesgo ideol\u00f3gico<\/span><\/span><\/strong><span><span class=\"VIpgJd-yAWNEb-VIpgJd-fmcmS-sn54Q\">\u00a0que puede existir tanto en estas mismas pol\u00edticas como en la interpretaci\u00f3n de su contenido. Este es particularmente manifiesto en materia de transici\u00f3n verde y ecolog\u00eda en general, donde las oeneg\u00e9s suelen defender posturas maximalistas, especialmente impopulares entre los electores de derechas actualmente mayoritarios de acuerdo con la composici\u00f3n del Parlamento Europeo.<\/span><\/span><\/p>\n<p><span><span class=\"VIpgJd-yAWNEb-VIpgJd-fmcmS-sn54Q\">De hecho, las cr\u00edticas m\u00e1s feroces al actual sistema de subvenciones provienen de los miembros conservadores del parlamento, que acusan a la Comisi\u00f3n de\u00a0<\/span><\/span><strong><span><span class=\"VIpgJd-yAWNEb-VIpgJd-fmcmS-sn54Q\">desviar dinero de los contribuyentes para hacer presi\u00f3n en favor de sus propias pol\u00edticas<\/span><\/span><\/strong><span><span class=\"VIpgJd-yAWNEb-VIpgJd-fmcmS-sn54Q\">\u00a0a trav\u00e9s de las oeneg\u00e9s.<\/span><\/span><\/p>\n<p><span><span class=\"VIpgJd-yAWNEb-VIpgJd-fmcmS-sn54Q\">Y es que\u00a0<\/span><\/span><strong><span><span class=\"VIpgJd-yAWNEb-VIpgJd-fmcmS-sn54Q\">las organizaciones no gubernamentales mantienen a sueldo al segundo grupo de lobbistas m\u00e1s numeroso en la capital de la UE<\/span><\/span><\/strong><span><span class=\"VIpgJd-yAWNEb-VIpgJd-fmcmS-sn54Q\">, solo por detr\u00e1s de las empresas.<\/span><\/span><\/p>\n<p><span><span class=\"VIpgJd-yAWNEb-VIpgJd-fmcmS-sn54Q\">En el curso de los \u00faltimos meses, la presi\u00f3n sobre el actual sistema de financiaci\u00f3n se ha ido incrementando, en parte debido a que\u00a0<\/span><\/span><strong><span><span class=\"VIpgJd-yAWNEb-VIpgJd-fmcmS-sn54Q\">el nuevo Europarlamento est\u00e1 m\u00e1s escorado a la derecha<\/span><\/span><\/strong><span><span class=\"VIpgJd-yAWNEb-VIpgJd-fmcmS-sn54Q\">\u00a0que el anterior.<\/span><\/span><\/p>\n<p><span><span class=\"VIpgJd-yAWNEb-VIpgJd-fmcmS-sn54Q\">Tambi\u00e9n juega un papel muy importante la\u00a0<\/span><\/span><strong><span><span class=\"VIpgJd-yAWNEb-VIpgJd-fmcmS-sn54Q\">toma de conciencia de los partidos del arco pol\u00edtico que comienza en el centroderecha de la importancia del combate cultural<\/span><\/span><\/strong><span><span class=\"VIpgJd-yAWNEb-VIpgJd-fmcmS-sn54Q\">.\u00a0Un \u00e1mbito en el que los progresistas han sabido hacerse fuertes desde mediados del siglo pasado, estableciendo la hegemon\u00eda que todav\u00eda perdura.<\/span><\/span><\/p>\n<p><span>Mientras, desde posiciones favorables al actual sistema se ha hecho uso del\u00a0<\/span><span>recurso<\/span><span> de advertir que Europa podr\u00eda sufrir \u00ab<\/span><strong><span>pol\u00edticas de recortes al estilo Trump<\/span><\/strong><span>\u00bb extremadamente peligrosas para la \u00absociedad civil\u00bb.<\/span><\/p>\n<p><span>El problema es que hablar de sociedad civil cuando esta es financiada por entidades gubernamentales es una figura que se acerca mucho al ox\u00edmoron.<\/span><\/p>\n<p><span><span class=\"VIpgJd-yAWNEb-VIpgJd-fmcmS-sn54Q\">La primera ronda de negociaciones de los nuevos presupuestos europeos, conocidos como Marco Financiero Plurianual (MFP), ya indica que los fondos para la investigaci\u00f3n y la acci\u00f3n clim\u00e1tica podr\u00edan orientarse en parte hacia las nuevas prioridades de la UE, como\u00a0<\/span><\/span><strong><span><span class=\"VIpgJd-yAWNEb-VIpgJd-fmcmS-sn54Q\">la defensa y el crecimiento industrial<\/span><\/span><\/strong><span><span class=\"VIpgJd-yAWNEb-VIpgJd-fmcmS-sn54Q\">.<\/span><\/span><\/p>\n<span class='bctt-click-to-tweet'><span class='bctt-ctt-text'><a href='https:\/\/twitter.com\/intent\/tweet?url=https%3A%2F%2Fconversesacatalunya.cat%2Fes%2Ffinanciacion-europea-oeneges%2F&#038;text=El%20Tribunal%20de%20Cuentas%20Europeo%20ha%20publicado%20un%20informe%20muy%20duro%20sobre%20la%20gesti%C3%B3n%20de%20los%20fondos%20p%C3%BAblicos%20destinados%20a%20las%20organizaciones%20no%20gubernamentales%20%28ONG%29&#038;via=conversesacat&#038;related=conversesacat' target='_blank'rel=\"noopener noreferrer\">El Tribunal de Cuentas Europeo ha publicado un informe muy duro sobre la gesti\u00f3n de los fondos p\u00fablicos destinados a las organizaciones no gubernamentales (ONG) <\/a><\/span><a href='https:\/\/twitter.com\/intent\/tweet?url=https%3A%2F%2Fconversesacatalunya.cat%2Fes%2Ffinanciacion-europea-oeneges%2F&#038;text=El%20Tribunal%20de%20Cuentas%20Europeo%20ha%20publicado%20un%20informe%20muy%20duro%20sobre%20la%20gesti%C3%B3n%20de%20los%20fondos%20p%C3%BAblicos%20destinados%20a%20las%20organizaciones%20no%20gubernamentales%20%28ONG%29&#038;via=conversesacat&#038;related=conversesacat' target='_blank' class='bctt-ctt-btn'rel=\"noopener noreferrer\">Compartir en X<\/a><\/span>\n<div id=\"polls-281\" class=\"wp-polls\">\n\t<form id=\"polls_form_281\" class=\"wp-polls-form\" action=\"\/index.php\" method=\"post\">\n\t\t<p style=\"display: none;\"><input type=\"hidden\" id=\"poll_281_nonce\" name=\"wp-polls-nonce\" value=\"9e8cb3b857\" \/><\/p>\n\t\t<p style=\"display: none;\"><input type=\"hidden\" name=\"poll_id\" value=\"281\" \/><\/p>\n\t\t<p style=\"text-align: center\"><strong>Creus que el pr\u00f2xim Papa ha de seguir la l\u00ednia de Francesc o b\u00e9 ha de significar un canvi?<\/strong><\/p><div id=\"polls-281-ans\" class=\"wp-polls-ans\"><ul class=\"wp-polls-ul\">\n\t\t<li><input type=\"radio\" id=\"poll-answer-794\" name=\"poll_281\" value=\"794\" \/> <label for=\"poll-answer-794\">Seguir la l\u00ednia de Francesc<\/label><\/li>\n\t\t<li><input type=\"radio\" id=\"poll-answer-795\" name=\"poll_281\" value=\"795\" \/> <label for=\"poll-answer-795\">Ha de significar un canvi<\/label><\/li>\n\t\t<li><input type=\"radio\" id=\"poll-answer-796\" name=\"poll_281\" value=\"796\" \/> <label for=\"poll-answer-796\">No ho s\u00e9<\/label><\/li>\n\t\t<\/ul><p style=\"text-align: center\"><input type=\"button\" name=\"vote\" value=\"   Vota   \" class=\"Buttons\" onclick=\"poll_vote(281);\" \/><\/p><p style=\"text-align: center\"><a href=\"#ViewPollResults\" onclick=\"poll_result(281); return false;\" title=\"View Results Of This Poll\">Mira els resultats<\/a><\/p><\/div>\n\t<\/form>\n<\/div>\n<div id=\"polls-281-loading\" class=\"wp-polls-loading\"><img decoding=\"async\" data-src=\"https:\/\/conversesacatalunya.cat\/wp-content\/plugins\/wp-polls\/images\/loading.gif\" width=\"16\" height=\"16\" alt=\"Cargando ...\" title=\"Cargando ...\" class=\"wp-polls-image lazyload\" src=\"data:image\/svg+xml;base64,PHN2ZyB3aWR0aD0iMSIgaGVpZ2h0PSIxIiB4bWxucz0iaHR0cDovL3d3dy53My5vcmcvMjAwMC9zdmciPjwvc3ZnPg==\" style=\"--smush-placeholder-width: 16px; --smush-placeholder-aspect-ratio: 16\/16;\" \/>&nbsp;Cargando ...<\/div>\n\n","protected":false},"excerpt":{"rendered":"<p>En un episodio que se est\u00e1 mediatizando poco en nuestro pa\u00eds, el\u00a0Tribunal de Cuentas Europeo\u00a0ha publicado un\u00a0informe\u00a0muy duro sobre la gesti\u00f3n de los fondos p\u00fablicos destinados a las organizaciones no gubernamentales, informalmente conocidas como ONG u oeneg\u00e9s. La instituci\u00f3n que debe velar por la buena gesti\u00f3n de los fondos p\u00fablicos de la UE y, por tanto, de todos los ciudadanos europeos, ha denunciado la\u00a0gesti\u00f3n opaca de las subvenciones\u00a0destinadas a estos organismos tanto de la Comisi\u00f3n Europea como de los gobiernos de los Estados miembros. Menci\u00f3n especial merece en el informe la situaci\u00f3n irregular de las entidades que realizan\u00a0actividades de\u00a0lobbying\u00a0pol\u00edtico,\u00a0tildando las informaciones facilitadas por los donantes de \u201cni fiables ni transparentes\u201d. El documento oficial se\u00f1ala que en menos de tres a\u00f1os (de 2021 a 2023), 12.000 organizaciones han recibido 7.400 millones de euros, de los que 4.800 provienen de las instituciones de Bruselas y el resto de los Estados miembros. Seg\u00fan datos\u00a0recopilados\u00a0por\u00a0Politico.eu, varias oeneg\u00e9s centradas en el medio ambiente, como Bankwatch\u00a0y\u00a0Health and Environment Alliance,\u00a0dependen en m\u00e1s del 50% de financiaci\u00f3n p\u00fablica (europea y nacional combinada). Estas transferencias monetarias est\u00e1n condicionadas a \u00abdesarrollar las pol\u00edticas internas\u00bb de la UE. El problema es el\u00a0sesgo ideol\u00f3gico\u00a0que puede existir tanto en estas mismas pol\u00edticas como en la interpretaci\u00f3n de su contenido. Este es particularmente manifiesto en materia de transici\u00f3n verde y ecolog\u00eda en general, donde las oeneg\u00e9s suelen defender posturas maximalistas, especialmente impopulares entre los electores de derechas actualmente mayoritarios de acuerdo con la composici\u00f3n del Parlamento Europeo. De hecho, las cr\u00edticas m\u00e1s feroces al actual sistema de subvenciones provienen de los miembros conservadores del parlamento, que acusan a la Comisi\u00f3n de\u00a0desviar dinero de los contribuyentes para hacer presi\u00f3n en favor de sus propias pol\u00edticas\u00a0a trav\u00e9s de las oeneg\u00e9s. Y es que\u00a0las organizaciones no gubernamentales mantienen a sueldo al segundo grupo de lobbistas m\u00e1s numeroso en la capital de la UE, solo por detr\u00e1s de las empresas. En el curso de los \u00faltimos meses, la presi\u00f3n sobre el actual sistema de financiaci\u00f3n se ha ido incrementando, en parte debido a que\u00a0el nuevo Europarlamento est\u00e1 m\u00e1s escorado a la derecha\u00a0que el anterior. Tambi\u00e9n juega un papel muy importante la\u00a0toma de conciencia de los partidos del arco pol\u00edtico que comienza en el centroderecha de la importancia del combate cultural.\u00a0Un \u00e1mbito en el que los progresistas han sabido hacerse fuertes desde mediados del siglo pasado, estableciendo la hegemon\u00eda que todav\u00eda perdura. Mientras, desde posiciones favorables al actual sistema se ha hecho uso del\u00a0recurso de advertir que Europa podr\u00eda sufrir \u00abpol\u00edticas de recortes al estilo Trump\u00bb extremadamente peligrosas para la \u00absociedad civil\u00bb. El problema es que hablar de sociedad civil cuando esta es financiada por entidades gubernamentales es una figura que se acerca mucho al ox\u00edmoron. La primera ronda de negociaciones de los nuevos presupuestos europeos, conocidos como Marco Financiero Plurianual (MFP), ya indica que los fondos para la investigaci\u00f3n y la acci\u00f3n clim\u00e1tica podr\u00edan orientarse en parte hacia las nuevas prioridades de la UE, como\u00a0la defensa y el crecimiento industrial.<\/p>\n","protected":false},"author":75,"featured_media":87608,"comment_status":"open","ping_status":"open","sticky":false,"template":"","format":"standard","meta":{"_FSMCFIC_featured_image_caption":"","_FSMCFIC_featured_image_nocaption":"","_FSMCFIC_featured_image_hide":"","footnotes":""},"categories":[806],"tags":[1683,1056,1214,1416],"class_list":["post-87760","post","type-post","status-publish","format-standard","has-post-thumbnail","hentry","category-punts-claus-del-dia-es","tag-comision-europea-es","tag-comissio-europea-es","tag-parlament-europeu-es","tag-parlamento-europeo"],"yoast_head":"<!-- This site is optimized with the Yoast SEO plugin v26.8 - https:\/\/yoast.com\/product\/yoast-seo-wordpress\/ -->\n<title>La opaca financiaci\u00f3n europea de las oeneg\u00e9s - Converses a Catalunya<\/title>\n<meta name=\"description\" content=\"Financiaci\u00f3n europea oeneg\u00e9s. Tribunal de Cuentas Europeo ha publicado un informe muy duro sobre la gesti\u00f3n de los fondos p\u00fablicos.\" \/>\n<meta name=\"robots\" content=\"index, follow, max-snippet:-1, max-image-preview:large, max-video-preview:-1\" \/>\n<link rel=\"canonical\" href=\"https:\/\/conversesacatalunya.cat\/?p=87605\" \/>\n<meta property=\"og:locale\" content=\"es_ES\" \/>\n<meta property=\"og:type\" content=\"article\" \/>\n<meta property=\"og:title\" content=\"La opaca financiaci\u00f3n europea de las oeneg\u00e9s - Converses a Catalunya\" \/>\n<meta property=\"og:description\" content=\"Financiaci\u00f3n europea oeneg\u00e9s. Tribunal de Cuentas Europeo ha publicado un informe muy duro sobre la gesti\u00f3n de los fondos p\u00fablicos.\" \/>\n<meta property=\"og:url\" content=\"https:\/\/conversesacatalunya.cat\/?p=87605\" \/>\n<meta property=\"og:site_name\" content=\"Converses a Catalunya\" \/>\n<meta property=\"article:published_time\" content=\"2025-04-24T07:00:40+00:00\" \/>\n<meta property=\"og:image\" content=\"https:\/\/conversesacatalunya.cat\/wp-content\/uploads\/2025\/04\/c6f9772f-eca.jpg\" \/>\n\t<meta property=\"og:image:width\" content=\"672\" \/>\n\t<meta property=\"og:image:height\" content=\"449\" \/>\n\t<meta property=\"og:image:type\" content=\"image\/jpeg\" \/>\n<meta name=\"author\" content=\"Carles L\u00f3pez\" \/>\n<meta name=\"twitter:card\" content=\"summary_large_image\" \/>\n<meta name=\"twitter:label1\" content=\"Escrito por\" \/>\n\t<meta name=\"twitter:data1\" content=\"Carles L\u00f3pez\" \/>\n\t<meta name=\"twitter:label2\" content=\"Tiempo de lectura\" \/>\n\t<meta name=\"twitter:data2\" content=\"3 minutos\" \/>\n<script type=\"application\/ld+json\" class=\"yoast-schema-graph\">{\"@context\":\"https:\/\/schema.org\",\"@graph\":[{\"@type\":\"Article\",\"@id\":\"https:\/\/conversesacatalunya.cat\/?p=87605#article\",\"isPartOf\":{\"@id\":\"https:\/\/conversesacatalunya.cat\/?p=87605\"},\"author\":{\"name\":\"Carles L\u00f3pez\",\"@id\":\"https:\/\/conversesacatalunya.cat\/#\/schema\/person\/3ce2ab16c0a3803086d80722c7cad56a\"},\"headline\":\"La opaca financiaci\u00f3n europea de las oeneg\u00e9s\",\"datePublished\":\"2025-04-24T07:00:40+00:00\",\"mainEntityOfPage\":{\"@id\":\"https:\/\/conversesacatalunya.cat\/?p=87605\"},\"wordCount\":607,\"commentCount\":0,\"image\":{\"@id\":\"https:\/\/conversesacatalunya.cat\/?p=87605#primaryimage\"},\"thumbnailUrl\":\"https:\/\/conversesacatalunya.cat\/wp-content\/uploads\/2025\/04\/c6f9772f-eca.jpg\",\"keywords\":[\"comisi\u00f3n europea\",\"Comissi\u00f3 europea\",\"Parlament Europeu\",\"Parlamento Europeo\"],\"articleSection\":[\"Punts clau del dia (ES)\"],\"inLanguage\":\"es\",\"potentialAction\":[{\"@type\":\"CommentAction\",\"name\":\"Comment\",\"target\":[\"https:\/\/conversesacatalunya.cat\/?p=87605#respond\"]}]},{\"@type\":\"WebPage\",\"@id\":\"https:\/\/conversesacatalunya.cat\/?p=87605\",\"url\":\"https:\/\/conversesacatalunya.cat\/?p=87605\",\"name\":\"La opaca financiaci\u00f3n europea de las oeneg\u00e9s - Converses a Catalunya\",\"isPartOf\":{\"@id\":\"https:\/\/conversesacatalunya.cat\/#website\"},\"primaryImageOfPage\":{\"@id\":\"https:\/\/conversesacatalunya.cat\/?p=87605#primaryimage\"},\"image\":{\"@id\":\"https:\/\/conversesacatalunya.cat\/?p=87605#primaryimage\"},\"thumbnailUrl\":\"https:\/\/conversesacatalunya.cat\/wp-content\/uploads\/2025\/04\/c6f9772f-eca.jpg\",\"datePublished\":\"2025-04-24T07:00:40+00:00\",\"author\":{\"@id\":\"https:\/\/conversesacatalunya.cat\/#\/schema\/person\/3ce2ab16c0a3803086d80722c7cad56a\"},\"description\":\"Financiaci\u00f3n europea oeneg\u00e9s. Tribunal de Cuentas Europeo ha publicado un informe muy duro sobre la gesti\u00f3n de los fondos p\u00fablicos.\",\"breadcrumb\":{\"@id\":\"https:\/\/conversesacatalunya.cat\/?p=87605#breadcrumb\"},\"inLanguage\":\"es\",\"potentialAction\":[{\"@type\":\"ReadAction\",\"target\":[\"https:\/\/conversesacatalunya.cat\/?p=87605\"]}]},{\"@type\":\"ImageObject\",\"inLanguage\":\"es\",\"@id\":\"https:\/\/conversesacatalunya.cat\/?p=87605#primaryimage\",\"url\":\"https:\/\/conversesacatalunya.cat\/wp-content\/uploads\/2025\/04\/c6f9772f-eca.jpg\",\"contentUrl\":\"https:\/\/conversesacatalunya.cat\/wp-content\/uploads\/2025\/04\/c6f9772f-eca.jpg\",\"width\":672,\"height\":449,\"caption\":\"finan\u00e7ament europeu oneg\u00e9s\"},{\"@type\":\"BreadcrumbList\",\"@id\":\"https:\/\/conversesacatalunya.cat\/?p=87605#breadcrumb\",\"itemListElement\":[{\"@type\":\"ListItem\",\"position\":1,\"name\":\"Inici\",\"item\":\"https:\/\/conversesacatalunya.cat\/es\/\"},{\"@type\":\"ListItem\",\"position\":2,\"name\":\"La opaca financiaci\u00f3n europea de las oeneg\u00e9s\"}]},{\"@type\":\"WebSite\",\"@id\":\"https:\/\/conversesacatalunya.cat\/#website\",\"url\":\"https:\/\/conversesacatalunya.cat\/\",\"name\":\"Converses a Catalunya\",\"description\":\"\",\"potentialAction\":[{\"@type\":\"SearchAction\",\"target\":{\"@type\":\"EntryPoint\",\"urlTemplate\":\"https:\/\/conversesacatalunya.cat\/?s={search_term_string}\"},\"query-input\":{\"@type\":\"PropertyValueSpecification\",\"valueRequired\":true,\"valueName\":\"search_term_string\"}}],\"inLanguage\":\"es\"},{\"@type\":\"Person\",\"@id\":\"https:\/\/conversesacatalunya.cat\/#\/schema\/person\/3ce2ab16c0a3803086d80722c7cad56a\",\"name\":\"Carles L\u00f3pez\",\"image\":{\"@type\":\"ImageObject\",\"inLanguage\":\"es\",\"@id\":\"https:\/\/conversesacatalunya.cat\/#\/schema\/person\/image\/\",\"url\":\"https:\/\/conversesacatalunya.cat\/wp-content\/litespeed\/avatar\/4891585caf2896e97846ab77f06edcf2.jpg?ver=1777091173\",\"contentUrl\":\"https:\/\/conversesacatalunya.cat\/wp-content\/litespeed\/avatar\/4891585caf2896e97846ab77f06edcf2.jpg?ver=1777091173\",\"caption\":\"Carles L\u00f3pez\"},\"url\":\"https:\/\/conversesacatalunya.cat\/es\/author\/carles-lopez\/\"}]}<\/script>\n<!-- \/ Yoast SEO plugin. -->","yoast_head_json":{"title":"La opaca financiaci\u00f3n europea de las oeneg\u00e9s - Converses a Catalunya","description":"Financiaci\u00f3n europea oeneg\u00e9s. Tribunal de Cuentas Europeo ha publicado un informe muy duro sobre la gesti\u00f3n de los fondos p\u00fablicos.","robots":{"index":"index","follow":"follow","max-snippet":"max-snippet:-1","max-image-preview":"max-image-preview:large","max-video-preview":"max-video-preview:-1"},"canonical":"https:\/\/conversesacatalunya.cat\/?p=87605","og_locale":"es_ES","og_type":"article","og_title":"La opaca financiaci\u00f3n europea de las oeneg\u00e9s - Converses a Catalunya","og_description":"Financiaci\u00f3n europea oeneg\u00e9s. Tribunal de Cuentas Europeo ha publicado un informe muy duro sobre la gesti\u00f3n de los fondos p\u00fablicos.","og_url":"https:\/\/conversesacatalunya.cat\/?p=87605","og_site_name":"Converses a Catalunya","article_published_time":"2025-04-24T07:00:40+00:00","og_image":[{"width":672,"height":449,"url":"https:\/\/conversesacatalunya.cat\/wp-content\/uploads\/2025\/04\/c6f9772f-eca.jpg","type":"image\/jpeg"}],"author":"Carles L\u00f3pez","twitter_card":"summary_large_image","twitter_misc":{"Escrito por":"Carles L\u00f3pez","Tiempo de lectura":"3 minutos"},"schema":{"@context":"https:\/\/schema.org","@graph":[{"@type":"Article","@id":"https:\/\/conversesacatalunya.cat\/?p=87605#article","isPartOf":{"@id":"https:\/\/conversesacatalunya.cat\/?p=87605"},"author":{"name":"Carles L\u00f3pez","@id":"https:\/\/conversesacatalunya.cat\/#\/schema\/person\/3ce2ab16c0a3803086d80722c7cad56a"},"headline":"La opaca financiaci\u00f3n europea de las oeneg\u00e9s","datePublished":"2025-04-24T07:00:40+00:00","mainEntityOfPage":{"@id":"https:\/\/conversesacatalunya.cat\/?p=87605"},"wordCount":607,"commentCount":0,"image":{"@id":"https:\/\/conversesacatalunya.cat\/?p=87605#primaryimage"},"thumbnailUrl":"https:\/\/conversesacatalunya.cat\/wp-content\/uploads\/2025\/04\/c6f9772f-eca.jpg","keywords":["comisi\u00f3n europea","Comissi\u00f3 europea","Parlament Europeu","Parlamento Europeo"],"articleSection":["Punts clau del dia (ES)"],"inLanguage":"es","potentialAction":[{"@type":"CommentAction","name":"Comment","target":["https:\/\/conversesacatalunya.cat\/?p=87605#respond"]}]},{"@type":"WebPage","@id":"https:\/\/conversesacatalunya.cat\/?p=87605","url":"https:\/\/conversesacatalunya.cat\/?p=87605","name":"La opaca financiaci\u00f3n europea de las oeneg\u00e9s - Converses a Catalunya","isPartOf":{"@id":"https:\/\/conversesacatalunya.cat\/#website"},"primaryImageOfPage":{"@id":"https:\/\/conversesacatalunya.cat\/?p=87605#primaryimage"},"image":{"@id":"https:\/\/conversesacatalunya.cat\/?p=87605#primaryimage"},"thumbnailUrl":"https:\/\/conversesacatalunya.cat\/wp-content\/uploads\/2025\/04\/c6f9772f-eca.jpg","datePublished":"2025-04-24T07:00:40+00:00","author":{"@id":"https:\/\/conversesacatalunya.cat\/#\/schema\/person\/3ce2ab16c0a3803086d80722c7cad56a"},"description":"Financiaci\u00f3n europea oeneg\u00e9s. Tribunal de Cuentas Europeo ha publicado un informe muy duro sobre la gesti\u00f3n de los fondos p\u00fablicos.","breadcrumb":{"@id":"https:\/\/conversesacatalunya.cat\/?p=87605#breadcrumb"},"inLanguage":"es","potentialAction":[{"@type":"ReadAction","target":["https:\/\/conversesacatalunya.cat\/?p=87605"]}]},{"@type":"ImageObject","inLanguage":"es","@id":"https:\/\/conversesacatalunya.cat\/?p=87605#primaryimage","url":"https:\/\/conversesacatalunya.cat\/wp-content\/uploads\/2025\/04\/c6f9772f-eca.jpg","contentUrl":"https:\/\/conversesacatalunya.cat\/wp-content\/uploads\/2025\/04\/c6f9772f-eca.jpg","width":672,"height":449,"caption":"finan\u00e7ament europeu oneg\u00e9s"},{"@type":"BreadcrumbList","@id":"https:\/\/conversesacatalunya.cat\/?p=87605#breadcrumb","itemListElement":[{"@type":"ListItem","position":1,"name":"Inici","item":"https:\/\/conversesacatalunya.cat\/es\/"},{"@type":"ListItem","position":2,"name":"La opaca financiaci\u00f3n europea de las oeneg\u00e9s"}]},{"@type":"WebSite","@id":"https:\/\/conversesacatalunya.cat\/#website","url":"https:\/\/conversesacatalunya.cat\/","name":"Converses a Catalunya","description":"","potentialAction":[{"@type":"SearchAction","target":{"@type":"EntryPoint","urlTemplate":"https:\/\/conversesacatalunya.cat\/?s={search_term_string}"},"query-input":{"@type":"PropertyValueSpecification","valueRequired":true,"valueName":"search_term_string"}}],"inLanguage":"es"},{"@type":"Person","@id":"https:\/\/conversesacatalunya.cat\/#\/schema\/person\/3ce2ab16c0a3803086d80722c7cad56a","name":"Carles L\u00f3pez","image":{"@type":"ImageObject","inLanguage":"es","@id":"https:\/\/conversesacatalunya.cat\/#\/schema\/person\/image\/","url":"https:\/\/conversesacatalunya.cat\/wp-content\/litespeed\/avatar\/4891585caf2896e97846ab77f06edcf2.jpg?ver=1777091173","contentUrl":"https:\/\/conversesacatalunya.cat\/wp-content\/litespeed\/avatar\/4891585caf2896e97846ab77f06edcf2.jpg?ver=1777091173","caption":"Carles L\u00f3pez"},"url":"https:\/\/conversesacatalunya.cat\/es\/author\/carles-lopez\/"}]}},"wps_subtitle":"El\u00a0Tribunal de Cuentas Europeo\u00a0ha publicado un\u00a0informe\u00a0muy duro sobre la gesti\u00f3n de los fondos p\u00fablicos destinados a las organizaciones no gubernamentales, informalmente conocidas como ONG u oeneg\u00e9s.","_links":{"self":[{"href":"https:\/\/conversesacatalunya.cat\/es\/wp-json\/wp\/v2\/posts\/87760","targetHints":{"allow":["GET"]}}],"collection":[{"href":"https:\/\/conversesacatalunya.cat\/es\/wp-json\/wp\/v2\/posts"}],"about":[{"href":"https:\/\/conversesacatalunya.cat\/es\/wp-json\/wp\/v2\/types\/post"}],"author":[{"embeddable":true,"href":"https:\/\/conversesacatalunya.cat\/es\/wp-json\/wp\/v2\/users\/75"}],"replies":[{"embeddable":true,"href":"https:\/\/conversesacatalunya.cat\/es\/wp-json\/wp\/v2\/comments?post=87760"}],"version-history":[{"count":6,"href":"https:\/\/conversesacatalunya.cat\/es\/wp-json\/wp\/v2\/posts\/87760\/revisions"}],"predecessor-version":[{"id":87761,"href":"https:\/\/conversesacatalunya.cat\/es\/wp-json\/wp\/v2\/posts\/87760\/revisions\/87761"}],"wp:featuredmedia":[{"embeddable":true,"href":"https:\/\/conversesacatalunya.cat\/es\/wp-json\/wp\/v2\/media\/87608"}],"wp:attachment":[{"href":"https:\/\/conversesacatalunya.cat\/es\/wp-json\/wp\/v2\/media?parent=87760"}],"wp:term":[{"taxonomy":"category","embeddable":true,"href":"https:\/\/conversesacatalunya.cat\/es\/wp-json\/wp\/v2\/categories?post=87760"},{"taxonomy":"post_tag","embeddable":true,"href":"https:\/\/conversesacatalunya.cat\/es\/wp-json\/wp\/v2\/tags?post=87760"}],"curies":[{"name":"wp","href":"https:\/\/api.w.org\/{rel}","templated":true}]}}