{"id":87746,"date":"2025-04-23T12:33:49","date_gmt":"2025-04-23T10:33:49","guid":{"rendered":"https:\/\/conversesacatalunya.cat\/?p=87746"},"modified":"2025-04-23T12:33:37","modified_gmt":"2025-04-23T10:33:37","slug":"rearme-sin-consenso-el-giro-militar-de-sanchez-divide-al-gobierno-y-golpea-las-rentas-bajas","status":"publish","type":"post","link":"https:\/\/conversesacatalunya.cat\/es\/rearme-sin-consenso-el-giro-militar-de-sanchez-divide-al-gobierno-y-golpea-las-rentas-bajas\/","title":{"rendered":"Rearme sin consenso: el giro militar de S\u00e1nchez divide al Gobierno y golpea las rentas bajas"},"content":{"rendered":"<p><strong><span>Pedro S\u00e1nchez afirm\u00f3 en una sede socialista que pod\u00eda gobernar sin el Parlamento.<\/span><\/strong><span>\u00a0Lo dijo sin rubor alguno, y lo est\u00e1 cumpliendo con creces. Una afirmaci\u00f3n que, en boca de un dem\u00f3crata, sonar\u00eda como un resbal\u00f3n; en la suya, parece un programa de gobierno. Y lo practica, ciertamente. Y no lo hace en un tema menor, sino en el gasto de defensa.<\/span><\/p>\n<p><span><span class=\"VIpgJd-yAWNEb-VIpgJd-fmcmS-sn54Q\">El incremento que deb\u00eda producirse progresivamente\u00a0<\/span><\/span><strong><span><span class=\"VIpgJd-yAWNEb-VIpgJd-fmcmS-sn54Q\">hasta el a\u00f1o 2029<\/span><\/span><\/strong><span><span class=\"VIpgJd-yAWNEb-VIpgJd-fmcmS-sn54Q\">\u00a0se har\u00e1 ahora, de repente,\u00a0<\/span><\/span><strong><span><span class=\"VIpgJd-yAWNEb-VIpgJd-fmcmS-sn54Q\">para este mismo a\u00f1o 2025<\/span><\/span><\/strong><span><span class=\"VIpgJd-yAWNEb-VIpgJd-fmcmS-sn54Q\">,\u00a0a fin de pasar del actual 1,5% de gasto militar en relaci\u00f3n con el PIB hasta el comprometido\u00a0<\/span><\/span><strong><span><span class=\"VIpgJd-yAWNEb-VIpgJd-fmcmS-sn54Q\">2%<\/span><\/span><\/strong><span><span class=\"VIpgJd-yAWNEb-VIpgJd-fmcmS-sn54Q\">.\u00a0Lo que significa incorporar para este mismo ejercicio\u00a0<\/span><\/span><strong><span><span class=\"VIpgJd-yAWNEb-VIpgJd-fmcmS-sn54Q\">10.500 millones de euros adicionales<\/span><\/span><\/strong><span><span class=\"VIpgJd-yAWNEb-VIpgJd-fmcmS-sn54Q\">.\u00a0Se alcanzar\u00e1 as\u00ed una cifra que, en estos momentos, la OTAN y el propio Trump ya dan por insuficiente, y que adem\u00e1s deber\u00e1\u00a0<\/span><\/span><strong><span><span class=\"VIpgJd-yAWNEb-VIpgJd-fmcmS-sn54Q\">mantenerse a\u00f1o tras a\u00f1o<\/span><\/span><\/strong><span><span class=\"VIpgJd-yAWNEb-VIpgJd-fmcmS-sn54Q\">.<\/span><\/span><\/p>\n<p><span><span class=\"VIpgJd-yAWNEb-VIpgJd-fmcmS-sn54Q\">Lo grave de esta decisi\u00f3n es que\u00a0<\/span><\/span><strong><span><span class=\"VIpgJd-yAWNEb-VIpgJd-fmcmS-sn54Q\">se har\u00e1 sin presupuesto para 2025<\/span><\/span><\/strong><span><span class=\"VIpgJd-yAWNEb-VIpgJd-fmcmS-sn54Q\">\u00a0y sin pasar por una votaci\u00f3n en el Congreso. Si hay una pr\u00e1ctica alejada del sentido de la democracia, esta es una.<\/span><\/span><\/p>\n<blockquote><p><strong><span><span class=\"VIpgJd-yAWNEb-VIpgJd-fmcmS-sn54Q\">esta medida no comportar\u00e1 un aumento de los impuestos, ni generar\u00e1 un mayor d\u00e9ficit, ni afectar\u00e1 en modo alguno a las partidas que componen el sistema de bienestar espa\u00f1ol<\/span><\/span><\/strong><\/p><\/blockquote>\n<p><span>Porque la cuesti\u00f3n es que S\u00e1nchez, junto con el aumento tan extraordinario del gasto que ha anunciado, ha asegurado que esta medida no comportar\u00e1 un aumento de los impuestos, ni generar\u00e1 un mayor d\u00e9ficit, ni afectar\u00e1 en modo alguno a las partidas que componen el sistema de bienestar espa\u00f1ol.<\/span><\/p>\n<p><span>Estos tres compromisos, que se producen adem\u00e1s sobre el texto de un presupuesto prorrogado por segunda vez y que corresponde en su versi\u00f3n original al a\u00f1o 2023,\u00a0<\/span><strong><span>ofrecen much\u00edsimas dudas<\/span><\/strong><span>.\u00a0De ah\u00ed que sea evidente la exigencia de\u00a0<\/span><strong><span>llevar al Parlamento la memoria econ\u00f3mica<\/span><\/strong><span>\u00a0que explique con claridad c\u00f3mo se pueden gastar otros 10.500 millones cumpliendo las tres condiciones que ha se\u00f1alado S\u00e1nchez.<\/span><\/p>\n<blockquote><p><strong><span><span class=\"VIpgJd-yAWNEb-VIpgJd-fmcmS-sn54Q\">La estructura del anunciado aumento de gasto indica que, en realidad, poco m\u00e1s de la mitad de esa cifra ser\u00e1 gasto militar efectivo<\/span><\/span><\/strong><\/p><\/blockquote>\n<p><span><span class=\"VIpgJd-yAWNEb-VIpgJd-fmcmS-sn54Q\">La estructura del anunciado aumento de gasto indica que, en realidad, poco m\u00e1s de la mitad de esa cifra ser\u00e1 gasto militar efectivo. A esta corresponde el 19% que se agrupa bajo el concepto de\u00a0<\/span><\/span><strong><span><span class=\"VIpgJd-yAWNEb-VIpgJd-fmcmS-sn54Q\">disuasi\u00f3n<\/span><\/span><\/strong><span><span class=\"VIpgJd-yAWNEb-VIpgJd-fmcmS-sn54Q\">\u00a0y otro 34% que corresponde al ep\u00edgrafe\u00a0<\/span><\/span><strong><span><span class=\"VIpgJd-yAWNEb-VIpgJd-fmcmS-sn54Q\">de equipamiento<\/span><\/span><\/strong><span><span class=\"VIpgJd-yAWNEb-VIpgJd-fmcmS-sn54Q\">.\u00a0Esto es poco m\u00e1s de la mitad, y hay que ver si la OTAN considera que efectivamente\u00a0<\/span><\/span><strong><span><span class=\"VIpgJd-yAWNEb-VIpgJd-fmcmS-sn54Q\">es gasto militar el 47% restante<\/span><\/span><\/strong><span><span class=\"VIpgJd-yAWNEb-VIpgJd-fmcmS-sn54Q\">,\u00a0dado que una parte se aplica a ciberseguridad, que es la partida de mayor envergadura, y tambi\u00e9n a la Unidad Militar de Emergencias (UME), que poco tiene que ver con el gasto militar.<\/span><\/span><\/p>\n<p><span><span class=\"VIpgJd-yAWNEb-VIpgJd-fmcmS-sn54Q\">En cualquier caso, es un tema que se ver\u00e1 en las pr\u00f3ximas semanas. Lo que s\u00ed resulta evidente es la prontitud con la que\u00a0<\/span><\/span><strong><span><span class=\"VIpgJd-yAWNEb-VIpgJd-fmcmS-sn54Q\">S\u00e1nchez ha cumplido las instrucciones que llegaron de la administraci\u00f3n Trump<\/span><\/span><\/strong><span><span class=\"VIpgJd-yAWNEb-VIpgJd-fmcmS-sn54Q\">\u00a0en el sentido de que deb\u00eda aumentar de forma inmediata el gasto militar.<\/span><\/span><\/p>\n<p><span><span class=\"VIpgJd-yAWNEb-VIpgJd-fmcmS-sn54Q\">Es inexcusable que S\u00e1nchez lleve estas importantes modificaciones presupuestarias al Congreso,\u00a0<\/span><span class=\"VIpgJd-yAWNEb-VIpgJd-fmcmS-sn54Q\">pero\u00a0<\/span><strong><span class=\"VIpgJd-yAWNEb-VIpgJd-fmcmS-sn54Q\">se\u00a0<\/span><\/strong><\/span><strong><span><span class=\"VIpgJd-yAWNEb-VIpgJd-fmcmS-sn54Q\">resistir\u00e1<\/span><\/span><\/strong><span><span class=\"VIpgJd-yAWNEb-VIpgJd-fmcmS-sn54Q\">\u00a0a\u00a0<\/span><strong><span class=\"VIpgJd-yAWNEb-VIpgJd-fmcmS-sn54Q\">hacerlo<\/span><\/strong><span class=\"VIpgJd-yAWNEb-VIpgJd-fmcmS-sn54Q\">. No tanto porque pueda ser derrotado -porque sin duda contar\u00e1 con los votos del Partido Popular-, como porque pondr\u00e1 en evidencia que sus socios parlamentarios de gobierno, en una medida importante, no est\u00e1n de acuerdo y votar\u00e1n en contra. Por supuesto, ahora<strong> Podemos<\/strong>. Tambi\u00e9n <strong>Esquerra Republicana<\/strong> ya se ha pronunciado en el mismo sentido, y posiblemente lo har\u00e1 <strong>Bildu<\/strong>. Queda la inc\u00f3gnita de <strong>Junts<\/strong>, se puede contar con el voto del <strong>Partido Nacionalista Vasco<\/strong>, y tambi\u00e9n contar\u00e1 con la oposici\u00f3n f\u00e9rrea de Podemos.<\/span><\/span><\/p>\n<p><span><span class=\"VIpgJd-yAWNEb-VIpgJd-fmcmS-sn54Q\">Y este es uno de los principales temores de la coalici\u00f3n de gobierno, porque Podemos es el ariete que abre brecha en la parte m\u00e1s d\u00e9bil de la coalici\u00f3n, la que dirige la vicepresidenta del gobierno \u2014ponle t\u00fa el nombre, que no me acuerdo\u2014 y que ya ha manifestado su oposici\u00f3n a este gasto, lo que da lugar a un\u00a0<\/span><\/span><strong><span><span class=\"VIpgJd-yAWNEb-VIpgJd-fmcmS-sn54Q\">escenario ins\u00f3lito en cualquier democracia europea.<\/span><\/span><\/strong><\/p>\n<p><span><span class=\"VIpgJd-yAWNEb-VIpgJd-fmcmS-sn54Q\">Por una parte, el partido mayoritario del gobierno,\u00a0<\/span><\/span><strong><span><span class=\"VIpgJd-yAWNEb-VIpgJd-fmcmS-sn54Q\">el PSOE<\/span><\/span><\/strong><span><span class=\"VIpgJd-yAWNEb-VIpgJd-fmcmS-sn54Q\">, toma una decisi\u00f3n tan trascendente como es la del rearme, contando con la oposici\u00f3n de una parte determinante de aquellos que apoyan al gobierno en el Congreso, que hacen posible su existencia. Pero no solo eso: la parte minoritaria del gobierno,\u00a0<\/span><\/span><strong><span><span class=\"VIpgJd-yAWNEb-VIpgJd-fmcmS-sn54Q\">Sumar de Yolanda D\u00edaz, tambi\u00e9n mantiene una total discrepancia con la medida.<\/span><\/span><\/strong><\/p>\n<blockquote><p><strong><span><span class=\"VIpgJd-yAWNEb-VIpgJd-fmcmS-sn54Q\">si uno de los partidos que lo forman discrepa de una forma tan sustancial como es el caso de Sumar, lo que hace es abandonar el gobierno<\/span><\/span><\/strong><\/p><\/blockquote>\n<p><strong><span><span class=\"VIpgJd-yAWNEb-VIpgJd-fmcmS-sn54Q\">Y aqu\u00ed comienza una dimensi\u00f3n esperp\u00e9ntica de la escenograf\u00eda pol\u00edtica espa\u00f1ola<\/span><\/span><\/strong><span><span class=\"VIpgJd-yAWNEb-VIpgJd-fmcmS-sn54Q\">, porque en una cuesti\u00f3n tan importante, en cualquier gobierno democr\u00e1tico, si uno de los partidos que lo forman discrepa de forma tan sustancial como es el caso de Sumar, lo que hace es abandonar el gobierno. Pero no: la alfombra del poder, las retribuciones y atribuciones de este son tan grandes que convierten a Sumar en un simple \u201cparip\u00e9\u201d pol\u00edtico que gasta toda su fuerza en palabras, pero que a la hora de la verdad no hay ning\u00fan hecho que las acompa\u00f1e.<\/span><\/span><\/p>\n<p><span><span class=\"VIpgJd-yAWNEb-VIpgJd-fmcmS-sn54Q\">Claro que, pese a funcionar con presupuestos prorrogados de 2023,\u00a0<\/span><\/span><strong><span><span class=\"VIpgJd-yAWNEb-VIpgJd-fmcmS-sn54Q\">el Gobierno dispone de abundancia de dinero debido al fen\u00f3meno de la inflaci\u00f3n<\/span><\/span><\/strong><span><span class=\"VIpgJd-yAWNEb-VIpgJd-fmcmS-sn54Q\">.\u00a0Al no actualizar la tarifa del impuesto sobre la renta, el IRPF, la inflaci\u00f3n funciona como un aumento de la presi\u00f3n fiscal, y no ha sido peque\u00f1o.<\/span><\/span><\/p>\n<blockquote><p><strong><span><span class=\"VIpgJd-yAWNEb-VIpgJd-fmcmS-sn54Q\">a lo largo de la \u00faltima d\u00e9cada, 2015-2024, la presi\u00f3n fiscal en Espa\u00f1a ha crecido un 30%<\/span><\/span><\/strong><\/p><\/blockquote>\n<p><span><span class=\"VIpgJd-yAWNEb-VIpgJd-fmcmS-sn54Q\">Los c\u00e1lculos de la Fundaci\u00f3n de Estudios de Econom\u00eda Aplicada, FEDEA, se\u00f1alan que, en el transcurso de la \u00faltima d\u00e9cada, 2015-2024, la presi\u00f3n fiscal en Espa\u00f1a ha crecido un 30%, que es una cifra extraordinaria. Si en lugar de la presi\u00f3n fiscal utiliz\u00e1ramos otro indicador mucho m\u00e1s expresivo de lo que paga cada ciudadano, como es el esfuerzo o sacrificio fiscal, que relaciona el aumento no con el incremento del PIB, sino con el de los ingresos de cada familia, entonces <strong>el incremento ser\u00eda a\u00fan superior,<\/strong> porque es bien sabido que, debido a la inmigraci\u00f3n, el crecimiento notable del PIB espa\u00f1ol no tiene un equivalente en el comportamiento del aumento de la renta per c\u00e1pita, que es mucho menor.<\/span><\/span><\/p>\n<p><span>Tanto es as\u00ed que\u00a0<\/span><strong><span>las arcas p\u00fablicas ingresaron en el 2024 casi 300.000 millones de euros<\/span><\/strong><span>,\u00a0una cifra hist\u00f3rica por su desmesura. Este efecto de la inflaci\u00f3n en el IRPF\u00a0<\/span><strong><span>afecta en mayor medida a las rentas m\u00e1s bajas<\/span><\/strong><span>.\u00a0De ah\u00ed que el Ministerio de Hacienda deber\u00eda impulsar una reforma para actualizar el m\u00ednimo personal y familiar exento y el tramo general del impuesto. Pero\u00a0<\/span><strong><span>el Gobierno de S\u00e1nchez se ha negado.<\/span><\/strong><\/p>\n<blockquote><p><strong><span><span class=\"VIpgJd-yAWNEb-VIpgJd-fmcmS-sn54Q\">el mayor gasto militar se pagar\u00e1 en mayor medida a base de exprimir a\u00fan m\u00e1s el bolsillo de aquellos que reciben menos ingresos<\/span><\/span><\/strong><\/p><\/blockquote>\n<p><span><span class=\"VIpgJd-yAWNEb-VIpgJd-fmcmS-sn54Q\">En otras palabras, el mayor gasto militar se pagar\u00e1 en mayor medida a base de exprimir a\u00fan m\u00e1s el bolsillo de aquellos que reciben menos ingresos. Es una pol\u00edtica que poco tiene que ver con el compromiso socialista de atender mejor a las personas afectadas por unas\u00a0<\/span><\/span><a href=\"https:\/\/conversesacatalunya.cat\/es\/la-fiscalidad-espanola-castiga-mas-a-las-rentas-bajas\/\" target=\"_blank\" rel=\"noopener\"><strong><span><span class=\"VIpgJd-yAWNEb-VIpgJd-fmcmS-sn54Q\">rentas m\u00e1s bajas<\/span><\/span><\/strong><span><span class=\"VIpgJd-yAWNEb-VIpgJd-fmcmS-sn54Q\">.<\/span><\/span><\/a><\/p>\n<p><span>Por si fuera poco, y por encima de todo esto, flota otro incumplimiento flagrante. El Gobierno de S\u00e1nchez ha manifestado formalmente\u00a0<\/span><strong><span>su identificaci\u00f3n con la doctrina del papa Francisco recientemente traspasado y, para mostrarlo, ha declarado tres d\u00edas de luto<\/span><\/strong><span>.\u00a0Pues bien, el Papa, en su \u00faltima intervenci\u00f3n p\u00fablica y en un texto le\u00eddo \u2014escrito por \u00e9l\u2014 el pasado Domingo de Ramos en la plaza de Sant Pere y ante los miles de fieles que escuchaban la palabra,\u00a0<\/span><strong><span>se opuso rotundamente al rearme europeo<\/span><\/strong><span>.\u00a0Ahora S\u00e1nchez, sin esperar siquiera a que finalicen estos tres d\u00edas de luto, declara que aumentar\u00e1 el gasto militar en una cifra astron\u00f3mica y de golpe.<\/span><\/p>\n<p><span>La pregunta es por qu\u00e9 no ha respetado estos tres d\u00edas y ha esperado a que transcurrieran para hacer una afirmaci\u00f3n tan contundente. \u00bfCu\u00e1l es el problema que le imped\u00eda esperar hasta el pr\u00f3ximo Consejo de Ministros de la semana siguiente? Esta es otra de las explicaciones que tiene pendiente S\u00e1nchez. \u00bfA qu\u00e9 viene tanta urgencia que constituye una afronta a la voluntad del Papa en plena jornada de luto decretada por el propio gobierno?<\/span><\/p>\n<span class='bctt-click-to-tweet'><span class='bctt-ctt-text'><a href='https:\/\/twitter.com\/intent\/tweet?url=https%3A%2F%2Fconversesacatalunya.cat%2Fes%2Frearme-sin-consenso-el-giro-militar-de-sanchez-divide-al-gobierno-y-golpea-las-rentas-bajas%2F&#038;text=S%C3%A1nchez%20afirm%C3%B3%20que%20pod%C3%ADa%20gobernar%20sin%20el%20Parlamento.%20Lo%20dijo%20sin%20rubor%20alguno%2C%20y%20lo%20est%C3%A1%20cumpliendo%20con%20creces.%20Una%20afirmaci%C3%B3n%20que%2C%20en%20boca%20de%20un%20dem%C3%B3crata%2C%20sonar%C3%ADa%20como%20un%20resbal%C3%B3n%3B%20en%20la%20suya%2C%20parece%20un%20programa%20de%20gobierno&#038;via=conversesacat&#038;related=conversesacat' target='_blank'rel=\"noopener noreferrer\">S\u00e1nchez afirm\u00f3 que pod\u00eda gobernar sin el Parlamento. Lo dijo sin rubor alguno, y lo est\u00e1 cumpliendo con creces. Una afirmaci\u00f3n que, en boca de un dem\u00f3crata, sonar\u00eda como un resbal\u00f3n; en la suya, parece un programa de gobierno <\/a><\/span><a href='https:\/\/twitter.com\/intent\/tweet?url=https%3A%2F%2Fconversesacatalunya.cat%2Fes%2Frearme-sin-consenso-el-giro-militar-de-sanchez-divide-al-gobierno-y-golpea-las-rentas-bajas%2F&#038;text=S%C3%A1nchez%20afirm%C3%B3%20que%20pod%C3%ADa%20gobernar%20sin%20el%20Parlamento.%20Lo%20dijo%20sin%20rubor%20alguno%2C%20y%20lo%20est%C3%A1%20cumpliendo%20con%20creces.%20Una%20afirmaci%C3%B3n%20que%2C%20en%20boca%20de%20un%20dem%C3%B3crata%2C%20sonar%C3%ADa%20como%20un%20resbal%C3%B3n%3B%20en%20la%20suya%2C%20parece%20un%20programa%20de%20gobierno&#038;via=conversesacat&#038;related=conversesacat' target='_blank' class='bctt-ctt-btn'rel=\"noopener noreferrer\">Compartir en X<\/a><\/span>\n<div id=\"polls-281\" class=\"wp-polls\">\n\t<form id=\"polls_form_281\" class=\"wp-polls-form\" action=\"\/index.php\" method=\"post\">\n\t\t<p style=\"display: none;\"><input type=\"hidden\" id=\"poll_281_nonce\" name=\"wp-polls-nonce\" value=\"3d02476bf0\" \/><\/p>\n\t\t<p style=\"display: none;\"><input type=\"hidden\" name=\"poll_id\" value=\"281\" \/><\/p>\n\t\t<p style=\"text-align: center\"><strong>Creus que el pr\u00f2xim Papa ha de seguir la l\u00ednia de Francesc o b\u00e9 ha de significar un canvi?<\/strong><\/p><div id=\"polls-281-ans\" class=\"wp-polls-ans\"><ul class=\"wp-polls-ul\">\n\t\t<li><input type=\"radio\" id=\"poll-answer-794\" name=\"poll_281\" value=\"794\" \/> <label for=\"poll-answer-794\">Seguir la l\u00ednia de Francesc<\/label><\/li>\n\t\t<li><input type=\"radio\" id=\"poll-answer-795\" name=\"poll_281\" value=\"795\" \/> <label for=\"poll-answer-795\">Ha de significar un canvi<\/label><\/li>\n\t\t<li><input type=\"radio\" id=\"poll-answer-796\" name=\"poll_281\" value=\"796\" \/> <label for=\"poll-answer-796\">No ho s\u00e9<\/label><\/li>\n\t\t<\/ul><p style=\"text-align: center\"><input type=\"button\" name=\"vote\" value=\"   Vota   \" class=\"Buttons\" onclick=\"poll_vote(281);\" \/><\/p><p style=\"text-align: center\"><a href=\"#ViewPollResults\" onclick=\"poll_result(281); return false;\" title=\"View Results Of This Poll\">Mira els resultats<\/a><\/p><\/div>\n\t<\/form>\n<\/div>\n<div id=\"polls-281-loading\" class=\"wp-polls-loading\"><img decoding=\"async\" data-src=\"https:\/\/conversesacatalunya.cat\/wp-content\/plugins\/wp-polls\/images\/loading.gif\" width=\"16\" height=\"16\" alt=\"Cargando ...\" title=\"Cargando ...\" class=\"wp-polls-image lazyload\" src=\"data:image\/svg+xml;base64,PHN2ZyB3aWR0aD0iMSIgaGVpZ2h0PSIxIiB4bWxucz0iaHR0cDovL3d3dy53My5vcmcvMjAwMC9zdmciPjwvc3ZnPg==\" style=\"--smush-placeholder-width: 16px; --smush-placeholder-aspect-ratio: 16\/16;\" \/>&nbsp;Cargando ...<\/div>\n\n<p>&nbsp;<\/p>\n<p>&nbsp;<\/p>\n","protected":false},"excerpt":{"rendered":"<p>Pedro S\u00e1nchez afirm\u00f3 en una sede socialista que pod\u00eda gobernar sin el Parlamento.\u00a0Lo dijo sin rubor alguno, y lo est\u00e1 cumpliendo con creces. Una afirmaci\u00f3n que, en boca de un dem\u00f3crata, sonar\u00eda como un resbal\u00f3n; en la suya, parece un programa de gobierno. Y lo practica, ciertamente. Y no lo hace en un tema menor, sino en el gasto de defensa. El incremento que deb\u00eda producirse progresivamente\u00a0hasta el a\u00f1o 2029\u00a0se har\u00e1 ahora, de repente,\u00a0para este mismo a\u00f1o 2025,\u00a0a fin de pasar del actual 1,5% de gasto militar en relaci\u00f3n con el PIB hasta el comprometido\u00a02%.\u00a0Lo que significa incorporar para este mismo ejercicio\u00a010.500 millones de euros adicionales.\u00a0Se alcanzar\u00e1 as\u00ed una cifra que, en estos momentos, la OTAN y el propio Trump ya dan por insuficiente, y que adem\u00e1s deber\u00e1\u00a0mantenerse a\u00f1o tras a\u00f1o. Lo grave de esta decisi\u00f3n es que\u00a0se har\u00e1 sin presupuesto para 2025\u00a0y sin pasar por una votaci\u00f3n en el Congreso. Si hay una pr\u00e1ctica alejada del sentido de la democracia, esta es una. esta medida no comportar\u00e1 un aumento de los impuestos, ni generar\u00e1 un mayor d\u00e9ficit, ni afectar\u00e1 en modo alguno a las partidas que componen el sistema de bienestar espa\u00f1ol Porque la cuesti\u00f3n es que S\u00e1nchez, junto con el aumento tan extraordinario del gasto que ha anunciado, ha asegurado que esta medida no comportar\u00e1 un aumento de los impuestos, ni generar\u00e1 un mayor d\u00e9ficit, ni afectar\u00e1 en modo alguno a las partidas que componen el sistema de bienestar espa\u00f1ol. Estos tres compromisos, que se producen adem\u00e1s sobre el texto de un presupuesto prorrogado por segunda vez y que corresponde en su versi\u00f3n original al a\u00f1o 2023,\u00a0ofrecen much\u00edsimas dudas.\u00a0De ah\u00ed que sea evidente la exigencia de\u00a0llevar al Parlamento la memoria econ\u00f3mica\u00a0que explique con claridad c\u00f3mo se pueden gastar otros 10.500 millones cumpliendo las tres condiciones que ha se\u00f1alado S\u00e1nchez. La estructura del anunciado aumento de gasto indica que, en realidad, poco m\u00e1s de la mitad de esa cifra ser\u00e1 gasto militar efectivo La estructura del anunciado aumento de gasto indica que, en realidad, poco m\u00e1s de la mitad de esa cifra ser\u00e1 gasto militar efectivo. A esta corresponde el 19% que se agrupa bajo el concepto de\u00a0disuasi\u00f3n\u00a0y otro 34% que corresponde al ep\u00edgrafe\u00a0de equipamiento.\u00a0Esto es poco m\u00e1s de la mitad, y hay que ver si la OTAN considera que efectivamente\u00a0es gasto militar el 47% restante,\u00a0dado que una parte se aplica a ciberseguridad, que es la partida de mayor envergadura, y tambi\u00e9n a la Unidad Militar de Emergencias (UME), que poco tiene que ver con el gasto militar. En cualquier caso, es un tema que se ver\u00e1 en las pr\u00f3ximas semanas. Lo que s\u00ed resulta evidente es la prontitud con la que\u00a0S\u00e1nchez ha cumplido las instrucciones que llegaron de la administraci\u00f3n Trump\u00a0en el sentido de que deb\u00eda aumentar de forma inmediata el gasto militar. Es inexcusable que S\u00e1nchez lleve estas importantes modificaciones presupuestarias al Congreso,\u00a0pero\u00a0se\u00a0resistir\u00e1\u00a0a\u00a0hacerlo. No tanto porque pueda ser derrotado -porque sin duda contar\u00e1 con los votos del Partido Popular-, como porque pondr\u00e1 en evidencia que sus socios parlamentarios de gobierno, en una medida importante, no est\u00e1n de acuerdo y votar\u00e1n en contra. Por supuesto, ahora Podemos. Tambi\u00e9n Esquerra Republicana ya se ha pronunciado en el mismo sentido, y posiblemente lo har\u00e1 Bildu. Queda la inc\u00f3gnita de Junts, se puede contar con el voto del Partido Nacionalista Vasco, y tambi\u00e9n contar\u00e1 con la oposici\u00f3n f\u00e9rrea de Podemos. Y este es uno de los principales temores de la coalici\u00f3n de gobierno, porque Podemos es el ariete que abre brecha en la parte m\u00e1s d\u00e9bil de la coalici\u00f3n, la que dirige la vicepresidenta del gobierno \u2014ponle t\u00fa el nombre, que no me acuerdo\u2014 y que ya ha manifestado su oposici\u00f3n a este gasto, lo que da lugar a un\u00a0escenario ins\u00f3lito en cualquier democracia europea. Por una parte, el partido mayoritario del gobierno,\u00a0el PSOE, toma una decisi\u00f3n tan trascendente como es la del rearme, contando con la oposici\u00f3n de una parte determinante de aquellos que apoyan al gobierno en el Congreso, que hacen posible su existencia. Pero no solo eso: la parte minoritaria del gobierno,\u00a0Sumar de Yolanda D\u00edaz, tambi\u00e9n mantiene una total discrepancia con la medida. si uno de los partidos que lo forman discrepa de una forma tan sustancial como es el caso de Sumar, lo que hace es abandonar el gobierno Y aqu\u00ed comienza una dimensi\u00f3n esperp\u00e9ntica de la escenograf\u00eda pol\u00edtica espa\u00f1ola, porque en una cuesti\u00f3n tan importante, en cualquier gobierno democr\u00e1tico, si uno de los partidos que lo forman discrepa de forma tan sustancial como es el caso de Sumar, lo que hace es abandonar el gobierno. Pero no: la alfombra del poder, las retribuciones y atribuciones de este son tan grandes que convierten a Sumar en un simple \u201cparip\u00e9\u201d pol\u00edtico que gasta toda su fuerza en palabras, pero que a la hora de la verdad no hay ning\u00fan hecho que las acompa\u00f1e. Claro que, pese a funcionar con presupuestos prorrogados de 2023,\u00a0el Gobierno dispone de abundancia de dinero debido al fen\u00f3meno de la inflaci\u00f3n.\u00a0Al no actualizar la tarifa del impuesto sobre la renta, el IRPF, la inflaci\u00f3n funciona como un aumento de la presi\u00f3n fiscal, y no ha sido peque\u00f1o. a lo largo de la \u00faltima d\u00e9cada, 2015-2024, la presi\u00f3n fiscal en Espa\u00f1a ha crecido un 30% Los c\u00e1lculos de la Fundaci\u00f3n de Estudios de Econom\u00eda Aplicada, FEDEA, se\u00f1alan que, en el transcurso de la \u00faltima d\u00e9cada, 2015-2024, la presi\u00f3n fiscal en Espa\u00f1a ha crecido un 30%, que es una cifra extraordinaria. Si en lugar de la presi\u00f3n fiscal utiliz\u00e1ramos otro indicador mucho m\u00e1s expresivo de lo que paga cada ciudadano, como es el esfuerzo o sacrificio fiscal, que relaciona el aumento no con el incremento del PIB, sino con el de los ingresos de cada familia, entonces el incremento ser\u00eda a\u00fan superior, porque es bien sabido que, debido a la inmigraci\u00f3n, el crecimiento notable del PIB espa\u00f1ol no tiene un equivalente en el comportamiento del aumento de la renta per c\u00e1pita, que es mucho menor. Tanto es as\u00ed que\u00a0las arcas p\u00fablicas ingresaron en el 2024&#8230;<\/p>\n","protected":false},"author":78,"featured_media":87743,"comment_status":"open","ping_status":"open","sticky":false,"template":"","format":"standard","meta":{"_FSMCFIC_featured_image_caption":"","_FSMCFIC_featured_image_nocaption":"","_FSMCFIC_featured_image_hide":"","footnotes":""},"categories":[806],"tags":[1089,1117,3574],"class_list":["post-87746","post","type-post","status-publish","format-standard","has-post-thumbnail","hentry","category-punts-claus-del-dia-es","tag-defensa-es","tag-sanchez-es","tag-sanchez-es-2"],"yoast_head":"<!-- This site is optimized with the Yoast SEO plugin v26.8 - https:\/\/yoast.com\/product\/yoast-seo-wordpress\/ -->\n<title>Rearme sin consenso: el giro militar de S\u00e1nchez divide al Gobierno y golpea las rentas bajas - Converses a Catalunya<\/title>\n<meta name=\"description\" content=\"Pedro S\u00e1nchez afirm\u00f3 en una sede socialista que pod\u00eda gobernar sin el Parlamento. Lo dijo sin rubor alguno, y lo est\u00e1 cumpliendo\" \/>\n<meta name=\"robots\" content=\"index, follow, max-snippet:-1, max-image-preview:large, max-video-preview:-1\" \/>\n<link rel=\"canonical\" href=\"https:\/\/conversesacatalunya.cat\/es\/rearme-sin-consenso-el-giro-militar-de-sanchez-divide-al-gobierno-y-golpea-las-rentas-bajas\/\" \/>\n<meta property=\"og:locale\" content=\"es_ES\" \/>\n<meta property=\"og:type\" content=\"article\" \/>\n<meta property=\"og:title\" content=\"Rearme sin consenso: el giro militar de S\u00e1nchez divide al Gobierno y golpea las rentas bajas - Converses a Catalunya\" \/>\n<meta property=\"og:description\" content=\"Pedro S\u00e1nchez afirm\u00f3 en una sede socialista que pod\u00eda gobernar sin el Parlamento. Lo dijo sin rubor alguno, y lo est\u00e1 cumpliendo\" \/>\n<meta property=\"og:url\" content=\"https:\/\/conversesacatalunya.cat\/es\/rearme-sin-consenso-el-giro-militar-de-sanchez-divide-al-gobierno-y-golpea-las-rentas-bajas\/\" \/>\n<meta property=\"og:site_name\" content=\"Converses a Catalunya\" \/>\n<meta property=\"article:published_time\" content=\"2025-04-23T10:33:49+00:00\" \/>\n<meta property=\"og:image\" content=\"https:\/\/conversesacatalunya.cat\/wp-content\/uploads\/2025\/04\/armament-848277_640.jpg\" \/>\n\t<meta property=\"og:image:width\" content=\"640\" \/>\n\t<meta property=\"og:image:height\" content=\"427\" \/>\n\t<meta property=\"og:image:type\" content=\"image\/jpeg\" \/>\n<meta name=\"author\" content=\"Joan Masip\" \/>\n<meta name=\"twitter:card\" content=\"summary_large_image\" \/>\n<meta name=\"twitter:label1\" content=\"Escrito por\" \/>\n\t<meta name=\"twitter:data1\" content=\"Joan Masip\" \/>\n\t<meta name=\"twitter:label2\" content=\"Tiempo de lectura\" \/>\n\t<meta name=\"twitter:data2\" content=\"8 minutos\" \/>\n<script type=\"application\/ld+json\" class=\"yoast-schema-graph\">{\"@context\":\"https:\/\/schema.org\",\"@graph\":[{\"@type\":\"Article\",\"@id\":\"https:\/\/conversesacatalunya.cat\/es\/rearme-sin-consenso-el-giro-militar-de-sanchez-divide-al-gobierno-y-golpea-las-rentas-bajas\/#article\",\"isPartOf\":{\"@id\":\"https:\/\/conversesacatalunya.cat\/es\/rearme-sin-consenso-el-giro-militar-de-sanchez-divide-al-gobierno-y-golpea-las-rentas-bajas\/\"},\"author\":{\"name\":\"Joan Masip\",\"@id\":\"https:\/\/conversesacatalunya.cat\/#\/schema\/person\/311d0bf53def217d5124c78a7bc42275\"},\"headline\":\"Rearme sin consenso: el giro militar de S\u00e1nchez divide al Gobierno y golpea las rentas bajas\",\"datePublished\":\"2025-04-23T10:33:49+00:00\",\"mainEntityOfPage\":{\"@id\":\"https:\/\/conversesacatalunya.cat\/es\/rearme-sin-consenso-el-giro-militar-de-sanchez-divide-al-gobierno-y-golpea-las-rentas-bajas\/\"},\"wordCount\":1526,\"commentCount\":0,\"image\":{\"@id\":\"https:\/\/conversesacatalunya.cat\/es\/rearme-sin-consenso-el-giro-militar-de-sanchez-divide-al-gobierno-y-golpea-las-rentas-bajas\/#primaryimage\"},\"thumbnailUrl\":\"https:\/\/conversesacatalunya.cat\/wp-content\/uploads\/2025\/04\/armament-848277_640.jpg\",\"keywords\":[\"defensa\",\"S\u00e1nchez\",\"S\u00e1nchez\"],\"articleSection\":[\"Punts clau del dia (ES)\"],\"inLanguage\":\"es\",\"potentialAction\":[{\"@type\":\"CommentAction\",\"name\":\"Comment\",\"target\":[\"https:\/\/conversesacatalunya.cat\/es\/rearme-sin-consenso-el-giro-militar-de-sanchez-divide-al-gobierno-y-golpea-las-rentas-bajas\/#respond\"]}]},{\"@type\":\"WebPage\",\"@id\":\"https:\/\/conversesacatalunya.cat\/es\/rearme-sin-consenso-el-giro-militar-de-sanchez-divide-al-gobierno-y-golpea-las-rentas-bajas\/\",\"url\":\"https:\/\/conversesacatalunya.cat\/es\/rearme-sin-consenso-el-giro-militar-de-sanchez-divide-al-gobierno-y-golpea-las-rentas-bajas\/\",\"name\":\"Rearme sin consenso: el giro militar de S\u00e1nchez divide al Gobierno y golpea las rentas bajas - Converses a Catalunya\",\"isPartOf\":{\"@id\":\"https:\/\/conversesacatalunya.cat\/#website\"},\"primaryImageOfPage\":{\"@id\":\"https:\/\/conversesacatalunya.cat\/es\/rearme-sin-consenso-el-giro-militar-de-sanchez-divide-al-gobierno-y-golpea-las-rentas-bajas\/#primaryimage\"},\"image\":{\"@id\":\"https:\/\/conversesacatalunya.cat\/es\/rearme-sin-consenso-el-giro-militar-de-sanchez-divide-al-gobierno-y-golpea-las-rentas-bajas\/#primaryimage\"},\"thumbnailUrl\":\"https:\/\/conversesacatalunya.cat\/wp-content\/uploads\/2025\/04\/armament-848277_640.jpg\",\"datePublished\":\"2025-04-23T10:33:49+00:00\",\"author\":{\"@id\":\"https:\/\/conversesacatalunya.cat\/#\/schema\/person\/311d0bf53def217d5124c78a7bc42275\"},\"description\":\"Pedro S\u00e1nchez afirm\u00f3 en una sede socialista que pod\u00eda gobernar sin el Parlamento. Lo dijo sin rubor alguno, y lo est\u00e1 cumpliendo\",\"breadcrumb\":{\"@id\":\"https:\/\/conversesacatalunya.cat\/es\/rearme-sin-consenso-el-giro-militar-de-sanchez-divide-al-gobierno-y-golpea-las-rentas-bajas\/#breadcrumb\"},\"inLanguage\":\"es\",\"potentialAction\":[{\"@type\":\"ReadAction\",\"target\":[\"https:\/\/conversesacatalunya.cat\/es\/rearme-sin-consenso-el-giro-militar-de-sanchez-divide-al-gobierno-y-golpea-las-rentas-bajas\/\"]}]},{\"@type\":\"ImageObject\",\"inLanguage\":\"es\",\"@id\":\"https:\/\/conversesacatalunya.cat\/es\/rearme-sin-consenso-el-giro-militar-de-sanchez-divide-al-gobierno-y-golpea-las-rentas-bajas\/#primaryimage\",\"url\":\"https:\/\/conversesacatalunya.cat\/wp-content\/uploads\/2025\/04\/armament-848277_640.jpg\",\"contentUrl\":\"https:\/\/conversesacatalunya.cat\/wp-content\/uploads\/2025\/04\/armament-848277_640.jpg\",\"width\":640,\"height\":427,\"caption\":\"gobernar sin Parlamento\"},{\"@type\":\"BreadcrumbList\",\"@id\":\"https:\/\/conversesacatalunya.cat\/es\/rearme-sin-consenso-el-giro-militar-de-sanchez-divide-al-gobierno-y-golpea-las-rentas-bajas\/#breadcrumb\",\"itemListElement\":[{\"@type\":\"ListItem\",\"position\":1,\"name\":\"Inici\",\"item\":\"https:\/\/conversesacatalunya.cat\/es\/\"},{\"@type\":\"ListItem\",\"position\":2,\"name\":\"Rearme sin consenso: el giro militar de S\u00e1nchez divide al Gobierno y golpea las rentas bajas\"}]},{\"@type\":\"WebSite\",\"@id\":\"https:\/\/conversesacatalunya.cat\/#website\",\"url\":\"https:\/\/conversesacatalunya.cat\/\",\"name\":\"Converses a Catalunya\",\"description\":\"\",\"potentialAction\":[{\"@type\":\"SearchAction\",\"target\":{\"@type\":\"EntryPoint\",\"urlTemplate\":\"https:\/\/conversesacatalunya.cat\/?s={search_term_string}\"},\"query-input\":{\"@type\":\"PropertyValueSpecification\",\"valueRequired\":true,\"valueName\":\"search_term_string\"}}],\"inLanguage\":\"es\"},{\"@type\":\"Person\",\"@id\":\"https:\/\/conversesacatalunya.cat\/#\/schema\/person\/311d0bf53def217d5124c78a7bc42275\",\"name\":\"Joan Masip\",\"image\":{\"@type\":\"ImageObject\",\"inLanguage\":\"es\",\"@id\":\"https:\/\/conversesacatalunya.cat\/#\/schema\/person\/image\/\",\"url\":\"https:\/\/conversesacatalunya.cat\/wp-content\/litespeed\/avatar\/fa67b994763cff7d443f54b63ec96481.jpg?ver=1777372547\",\"contentUrl\":\"https:\/\/conversesacatalunya.cat\/wp-content\/litespeed\/avatar\/fa67b994763cff7d443f54b63ec96481.jpg?ver=1777372547\",\"caption\":\"Joan Masip\"},\"url\":\"https:\/\/conversesacatalunya.cat\/es\/author\/joan-masip\/\"}]}<\/script>\n<!-- \/ Yoast SEO plugin. -->","yoast_head_json":{"title":"Rearme sin consenso: el giro militar de S\u00e1nchez divide al Gobierno y golpea las rentas bajas - Converses a Catalunya","description":"Pedro S\u00e1nchez afirm\u00f3 en una sede socialista que pod\u00eda gobernar sin el Parlamento. Lo dijo sin rubor alguno, y lo est\u00e1 cumpliendo","robots":{"index":"index","follow":"follow","max-snippet":"max-snippet:-1","max-image-preview":"max-image-preview:large","max-video-preview":"max-video-preview:-1"},"canonical":"https:\/\/conversesacatalunya.cat\/es\/rearme-sin-consenso-el-giro-militar-de-sanchez-divide-al-gobierno-y-golpea-las-rentas-bajas\/","og_locale":"es_ES","og_type":"article","og_title":"Rearme sin consenso: el giro militar de S\u00e1nchez divide al Gobierno y golpea las rentas bajas - Converses a Catalunya","og_description":"Pedro S\u00e1nchez afirm\u00f3 en una sede socialista que pod\u00eda gobernar sin el Parlamento. Lo dijo sin rubor alguno, y lo est\u00e1 cumpliendo","og_url":"https:\/\/conversesacatalunya.cat\/es\/rearme-sin-consenso-el-giro-militar-de-sanchez-divide-al-gobierno-y-golpea-las-rentas-bajas\/","og_site_name":"Converses a Catalunya","article_published_time":"2025-04-23T10:33:49+00:00","og_image":[{"width":640,"height":427,"url":"https:\/\/conversesacatalunya.cat\/wp-content\/uploads\/2025\/04\/armament-848277_640.jpg","type":"image\/jpeg"}],"author":"Joan Masip","twitter_card":"summary_large_image","twitter_misc":{"Escrito por":"Joan Masip","Tiempo de lectura":"8 minutos"},"schema":{"@context":"https:\/\/schema.org","@graph":[{"@type":"Article","@id":"https:\/\/conversesacatalunya.cat\/es\/rearme-sin-consenso-el-giro-militar-de-sanchez-divide-al-gobierno-y-golpea-las-rentas-bajas\/#article","isPartOf":{"@id":"https:\/\/conversesacatalunya.cat\/es\/rearme-sin-consenso-el-giro-militar-de-sanchez-divide-al-gobierno-y-golpea-las-rentas-bajas\/"},"author":{"name":"Joan Masip","@id":"https:\/\/conversesacatalunya.cat\/#\/schema\/person\/311d0bf53def217d5124c78a7bc42275"},"headline":"Rearme sin consenso: el giro militar de S\u00e1nchez divide al Gobierno y golpea las rentas bajas","datePublished":"2025-04-23T10:33:49+00:00","mainEntityOfPage":{"@id":"https:\/\/conversesacatalunya.cat\/es\/rearme-sin-consenso-el-giro-militar-de-sanchez-divide-al-gobierno-y-golpea-las-rentas-bajas\/"},"wordCount":1526,"commentCount":0,"image":{"@id":"https:\/\/conversesacatalunya.cat\/es\/rearme-sin-consenso-el-giro-militar-de-sanchez-divide-al-gobierno-y-golpea-las-rentas-bajas\/#primaryimage"},"thumbnailUrl":"https:\/\/conversesacatalunya.cat\/wp-content\/uploads\/2025\/04\/armament-848277_640.jpg","keywords":["defensa","S\u00e1nchez","S\u00e1nchez"],"articleSection":["Punts clau del dia (ES)"],"inLanguage":"es","potentialAction":[{"@type":"CommentAction","name":"Comment","target":["https:\/\/conversesacatalunya.cat\/es\/rearme-sin-consenso-el-giro-militar-de-sanchez-divide-al-gobierno-y-golpea-las-rentas-bajas\/#respond"]}]},{"@type":"WebPage","@id":"https:\/\/conversesacatalunya.cat\/es\/rearme-sin-consenso-el-giro-militar-de-sanchez-divide-al-gobierno-y-golpea-las-rentas-bajas\/","url":"https:\/\/conversesacatalunya.cat\/es\/rearme-sin-consenso-el-giro-militar-de-sanchez-divide-al-gobierno-y-golpea-las-rentas-bajas\/","name":"Rearme sin consenso: el giro militar de S\u00e1nchez divide al Gobierno y golpea las rentas bajas - Converses a Catalunya","isPartOf":{"@id":"https:\/\/conversesacatalunya.cat\/#website"},"primaryImageOfPage":{"@id":"https:\/\/conversesacatalunya.cat\/es\/rearme-sin-consenso-el-giro-militar-de-sanchez-divide-al-gobierno-y-golpea-las-rentas-bajas\/#primaryimage"},"image":{"@id":"https:\/\/conversesacatalunya.cat\/es\/rearme-sin-consenso-el-giro-militar-de-sanchez-divide-al-gobierno-y-golpea-las-rentas-bajas\/#primaryimage"},"thumbnailUrl":"https:\/\/conversesacatalunya.cat\/wp-content\/uploads\/2025\/04\/armament-848277_640.jpg","datePublished":"2025-04-23T10:33:49+00:00","author":{"@id":"https:\/\/conversesacatalunya.cat\/#\/schema\/person\/311d0bf53def217d5124c78a7bc42275"},"description":"Pedro S\u00e1nchez afirm\u00f3 en una sede socialista que pod\u00eda gobernar sin el Parlamento. Lo dijo sin rubor alguno, y lo est\u00e1 cumpliendo","breadcrumb":{"@id":"https:\/\/conversesacatalunya.cat\/es\/rearme-sin-consenso-el-giro-militar-de-sanchez-divide-al-gobierno-y-golpea-las-rentas-bajas\/#breadcrumb"},"inLanguage":"es","potentialAction":[{"@type":"ReadAction","target":["https:\/\/conversesacatalunya.cat\/es\/rearme-sin-consenso-el-giro-militar-de-sanchez-divide-al-gobierno-y-golpea-las-rentas-bajas\/"]}]},{"@type":"ImageObject","inLanguage":"es","@id":"https:\/\/conversesacatalunya.cat\/es\/rearme-sin-consenso-el-giro-militar-de-sanchez-divide-al-gobierno-y-golpea-las-rentas-bajas\/#primaryimage","url":"https:\/\/conversesacatalunya.cat\/wp-content\/uploads\/2025\/04\/armament-848277_640.jpg","contentUrl":"https:\/\/conversesacatalunya.cat\/wp-content\/uploads\/2025\/04\/armament-848277_640.jpg","width":640,"height":427,"caption":"gobernar sin Parlamento"},{"@type":"BreadcrumbList","@id":"https:\/\/conversesacatalunya.cat\/es\/rearme-sin-consenso-el-giro-militar-de-sanchez-divide-al-gobierno-y-golpea-las-rentas-bajas\/#breadcrumb","itemListElement":[{"@type":"ListItem","position":1,"name":"Inici","item":"https:\/\/conversesacatalunya.cat\/es\/"},{"@type":"ListItem","position":2,"name":"Rearme sin consenso: el giro militar de S\u00e1nchez divide al Gobierno y golpea las rentas bajas"}]},{"@type":"WebSite","@id":"https:\/\/conversesacatalunya.cat\/#website","url":"https:\/\/conversesacatalunya.cat\/","name":"Converses a Catalunya","description":"","potentialAction":[{"@type":"SearchAction","target":{"@type":"EntryPoint","urlTemplate":"https:\/\/conversesacatalunya.cat\/?s={search_term_string}"},"query-input":{"@type":"PropertyValueSpecification","valueRequired":true,"valueName":"search_term_string"}}],"inLanguage":"es"},{"@type":"Person","@id":"https:\/\/conversesacatalunya.cat\/#\/schema\/person\/311d0bf53def217d5124c78a7bc42275","name":"Joan Masip","image":{"@type":"ImageObject","inLanguage":"es","@id":"https:\/\/conversesacatalunya.cat\/#\/schema\/person\/image\/","url":"https:\/\/conversesacatalunya.cat\/wp-content\/litespeed\/avatar\/fa67b994763cff7d443f54b63ec96481.jpg?ver=1777372547","contentUrl":"https:\/\/conversesacatalunya.cat\/wp-content\/litespeed\/avatar\/fa67b994763cff7d443f54b63ec96481.jpg?ver=1777372547","caption":"Joan Masip"},"url":"https:\/\/conversesacatalunya.cat\/es\/author\/joan-masip\/"}]}},"wps_subtitle":"S\u00e1nchez afirm\u00f3 que pod\u00eda gobernar sin el Parlamento.\u00a0Lo dijo sin rubor alguno, y lo est\u00e1 cumpliendo con creces. Una afirmaci\u00f3n que, en boca de un dem\u00f3crata, sonar\u00eda como un resbal\u00f3n; en la suya, parece un programa de gobierno.","_links":{"self":[{"href":"https:\/\/conversesacatalunya.cat\/es\/wp-json\/wp\/v2\/posts\/87746","targetHints":{"allow":["GET"]}}],"collection":[{"href":"https:\/\/conversesacatalunya.cat\/es\/wp-json\/wp\/v2\/posts"}],"about":[{"href":"https:\/\/conversesacatalunya.cat\/es\/wp-json\/wp\/v2\/types\/post"}],"author":[{"embeddable":true,"href":"https:\/\/conversesacatalunya.cat\/es\/wp-json\/wp\/v2\/users\/78"}],"replies":[{"embeddable":true,"href":"https:\/\/conversesacatalunya.cat\/es\/wp-json\/wp\/v2\/comments?post=87746"}],"version-history":[{"count":5,"href":"https:\/\/conversesacatalunya.cat\/es\/wp-json\/wp\/v2\/posts\/87746\/revisions"}],"predecessor-version":[{"id":87747,"href":"https:\/\/conversesacatalunya.cat\/es\/wp-json\/wp\/v2\/posts\/87746\/revisions\/87747"}],"wp:featuredmedia":[{"embeddable":true,"href":"https:\/\/conversesacatalunya.cat\/es\/wp-json\/wp\/v2\/media\/87743"}],"wp:attachment":[{"href":"https:\/\/conversesacatalunya.cat\/es\/wp-json\/wp\/v2\/media?parent=87746"}],"wp:term":[{"taxonomy":"category","embeddable":true,"href":"https:\/\/conversesacatalunya.cat\/es\/wp-json\/wp\/v2\/categories?post=87746"},{"taxonomy":"post_tag","embeddable":true,"href":"https:\/\/conversesacatalunya.cat\/es\/wp-json\/wp\/v2\/tags?post=87746"}],"curies":[{"name":"wp","href":"https:\/\/api.w.org\/{rel}","templated":true}]}}