{"id":87678,"date":"2025-04-23T09:05:25","date_gmt":"2025-04-23T07:05:25","guid":{"rendered":"https:\/\/conversesacatalunya.cat\/?p=87678"},"modified":"2025-04-23T09:08:46","modified_gmt":"2025-04-23T07:08:46","slug":"cataluna-desequilibrio-demografico-conclusion","status":"publish","type":"post","link":"https:\/\/conversesacatalunya.cat\/es\/cataluna-desequilibrio-demografico-conclusion\/","title":{"rendered":"Catalu\u00f1a, desastre demogr\u00e1fico. La Generalitat impasible el gesto (y 6). Conclusi\u00f3n"},"content":{"rendered":"<p><span><span class=\"VIpgJd-yAWNEb-VIpgJd-fmcmS-sn54Q\">El panorama demogr\u00e1fico de Catalu\u00f1a desde 2010 es el de una\u00a0<\/span><\/span><strong><span><span class=\"VIpgJd-yAWNEb-VIpgJd-fmcmS-sn54Q\">sociedad que envejece y encoge por falta de nacimientos<\/span><\/span><\/strong><span><span class=\"VIpgJd-yAWNEb-VIpgJd-fmcmS-sn54Q\">, sostenida en su crecimiento \u00fanicamente por la inmigraci\u00f3n. El\u00a0<\/span><\/span><strong><span><span class=\"VIpgJd-yAWNEb-VIpgJd-fmcmS-sn54Q\">diagn\u00f3stico es preocupante<\/span><\/span><\/strong><span><span class=\"VIpgJd-yAWNEb-VIpgJd-fmcmS-sn54Q\">: la natalidad lleva m\u00e1s de una d\u00e9cada en ca\u00edda libre, la fecundidad se encuentra en niveles baj\u00edsimos, y el crecimiento natural es negativo desde 2018. Mientras tanto, cada a\u00f1o aumenta el peso de las personas mayores y muy mayores, planteando retos de sostenibilidad social.<\/span><\/span><\/p>\n<h5><strong><span><span class=\"VIpgJd-yAWNEb-VIpgJd-fmcmS-sn54Q\">En palabras simples, Catalu\u00f1a se enfrenta a un desequilibrio demogr\u00e1fico: muchos abuelos, pocos nietos.<\/span><\/span><\/strong><\/h5>\n<p><span>La gravedad de la situaci\u00f3n reside en su\u00a0<\/span><strong><span>car\u00e1cter estructural<\/span><\/strong><span>. No se trata de una situaci\u00f3n c\u00edclica, sino de tendencias de fondo que, si persisten, anticipan un\u00a0<\/span><strong><span>estancamiento o incluso declive poblacional<\/span><\/strong><span>,\u00a0con todas las implicaciones econ\u00f3micas (menos poblaci\u00f3n activa, m\u00e1s gasto en pensiones y sanidad) y sociales (desequilibrios intergeneracionales) que ello conlleva.<\/span><\/p>\n<blockquote><p><strong>formar <span><span class=\"VIpgJd-yAWNEb-VIpgJd-fmcmS-sn54Q\">una familia aqu\u00ed supone a menudo un mayor coste o sacrificio que en lugares con mejor conciliaci\u00f3n y apoyos.<\/span><\/span><\/strong><\/p><\/blockquote>\n<p><span><span class=\"\">Este escenario se ve agravado por la\u00a0<\/span><\/span><strong><span><span class=\"\">falta de pol\u00edticas eficaces para favorecer a la familia y la natalidad<\/span><\/span><\/strong><span><span class=\"\">.\u00a0Hist\u00f3ricamente, Catalu\u00f1a y Espa\u00f1a han dedicado menos recursos a ayudas familiares que otros pa\u00edses europeos. La consecuencia es que formar una familia aqu\u00ed supone a menudo un mayor coste o sacrificio que en lugares con mejor conciliaci\u00f3n y apoyos.<\/span><\/span><\/p>\n<p><span>Los expertos se\u00f1alan que para revertir \u2013o al menos aliviar\u2013 esta crisis demogr\u00e1fica har\u00eda falta un\u00a0<\/span><strong><span>conjunto de pol\u00edticas familiares integrales:<\/span><\/strong><span> incentivos econ\u00f3micos por hijo (como los cheques beb\u00e9 o desgravaciones), expansi\u00f3n de la red de guarder\u00edas p\u00fablicas de 0-3 a\u00f1os, horarios laborales m\u00e1s compatibles con la vida familiar, permisos de maternidad y paternidad m\u00e1s generosos (y coparentalidad real en las curas), facilidades en la vivienda para j\u00f3venes y familias con ni\u00f1os, entre otras medidas.<\/span><\/p>\n<p><span><span class=\"VIpgJd-yAWNEb-VIpgJd-fmcmS-sn54Q\">Pa\u00edses que han aplicado pol\u00edticas de este tipo (por ejemplo,\u00a0<\/span><\/span><strong><span><span class=\"VIpgJd-yAWNEb-VIpgJd-fmcmS-sn54Q\">Francia, los pa\u00edses n\u00f3rdicos y de modo especial la singular recuperaci\u00f3n h\u00fangara<\/span><\/span><\/strong><span><span class=\"VIpgJd-yAWNEb-VIpgJd-fmcmS-sn54Q\">)\u00a0mantienen tasas de natalidad m\u00e1s altas que la nuestra incluso en contextos modernos.<\/span><\/span><\/p>\n<p><span>En Catalu\u00f1a, algunas iniciativas puntuales (como ampliar los permisos parentales o ayudas a familias numerosas) no han logrado por s\u00ed solas invertir la tendencia, ya que\u00a0<\/span><strong><span>no han sido suficientemente amplias ni sostenidas en el tiempo<\/span><\/strong><span>.\u00a0Por ejemplo, la prestaci\u00f3n por hijo a cargo es limitada y la inversi\u00f3n en educaci\u00f3n infantil temprana todav\u00eda no cubre la demanda existente.<\/span><\/p>\n<p><span><span class=\"VIpgJd-yAWNEb-VIpgJd-fmcmS-sn54Q\">En conclusi\u00f3n, Catalu\u00f1a se encuentra en un\u00a0<\/span><\/span><strong><span><span class=\"VIpgJd-yAWNEb-VIpgJd-fmcmS-sn54Q\">cruce demogr\u00e1fico<\/span><\/span><\/strong><span><span class=\"VIpgJd-yAWNEb-VIpgJd-fmcmS-sn54Q\">.\u00a0Los datos muestran una tendencia clara de envejecimiento y baja natalidad desde 2010, que, de prolongarse, comprometer\u00e1 el relevo generacional y el dinamismo de la sociedad catalana.<\/span><\/span><\/p>\n<p><span>Se ha roto la tendencia de una productividad catalana superior a la espa\u00f1ola y esta tendencia tendr\u00e1 vientos contrarios en los pr\u00f3ximos a\u00f1os y d\u00e9cadas en la estructura envejecida de la poblaci\u00f3n y una inmigraci\u00f3n de reducido capital humano, que acentuar\u00e1 las dificultades cr\u00f3nicas del modelo econ\u00f3mico catal\u00e1n m\u00e1s reciente, que ha sustituido, a grandes rasgos, a la industria por el turismo.<\/span><\/p>\n<p><span><span class=\"VIpgJd-yAWNEb-VIpgJd-fmcmS-sn54Q\">La inmigraci\u00f3n seguir\u00e1 siendo un apoyo importante, pero no puede ser la \u00fanica respuesta: <\/span><\/span><strong><span><span class=\"VIpgJd-yAWNEb-VIpgJd-fmcmS-sn54Q\">fomentar que nazcan m\u00e1s ni\u00f1os<\/span><\/span><\/strong><span><span class=\"VIpgJd-yAWNEb-VIpgJd-fmcmS-sn54Q\">\u00a0(y que las familias que lo deseen puedan tener sin obst\u00e1culos insalvables) es crucial para el futuro. Abordar este reto requerir\u00e1 voluntad pol\u00edtica y consenso social para implementar\u00a0<\/span><\/span><strong><span><span class=\"VIpgJd-yAWNEb-VIpgJd-fmcmS-sn54Q\">pol\u00edticas familiares eficaces<\/span><\/span><\/strong><span><span class=\"VIpgJd-yAWNEb-VIpgJd-fmcmS-sn54Q\">, apoy\u00e1ndose en las lecciones de los pa\u00edses europeos con mejores indicadores de natalidad. Solo as\u00ed Catalu\u00f1a podr\u00e1 aspirar a equilibrar su pir\u00e1mide poblacional y garantizar un desarrollo sostenible de su poblaci\u00f3n en las pr\u00f3ximas d\u00e9cadas.<\/span><\/span><\/p>\n<p><a href=\"https:\/\/conversesacatalunya.cat\/es\/cataluna-desastre-demografico-la-inmigracion\/\" target=\"_blank\" rel=\"noopener\"><strong><span><span class=\"VIpgJd-yAWNEb-VIpgJd-fmcmS-sn54Q\">Catalu\u00f1a, desastre demogr\u00e1fico. La Generalitat impasible el gesto (5)<\/span><\/span><\/strong><\/a><\/p>\n<span class='bctt-click-to-tweet'><span class='bctt-ctt-text'><a href='https:\/\/twitter.com\/intent\/tweet?url=https%3A%2F%2Fconversesacatalunya.cat%2Fes%2Fcataluna-desequilibrio-demografico-conclusion%2F&#038;text=Catalu%C3%B1a%20se%20encuentra%20en%20un%20cruce%20demogr%C3%A1fico.%20Los%20datos%20muestran%20una%20tendencia%20clara%20de%20envejecimiento%20y%20baja%20natalidad%20desde%202010%2C%20que%2C%20de%20prolongarse%2C%20comprometer%C3%A1%20el%20relevo%20generacional%20y%20el%20dinamismo%20de%20la%20sociedad%20catalana&#038;via=conversesacat&#038;related=conversesacat' target='_blank'rel=\"noopener noreferrer\">Catalu\u00f1a se encuentra en un cruce demogr\u00e1fico. Los datos muestran una tendencia clara de envejecimiento y baja natalidad desde 2010, que, de prolongarse, comprometer\u00e1 el relevo generacional y el dinamismo de la sociedad catalana <\/a><\/span><a href='https:\/\/twitter.com\/intent\/tweet?url=https%3A%2F%2Fconversesacatalunya.cat%2Fes%2Fcataluna-desequilibrio-demografico-conclusion%2F&#038;text=Catalu%C3%B1a%20se%20encuentra%20en%20un%20cruce%20demogr%C3%A1fico.%20Los%20datos%20muestran%20una%20tendencia%20clara%20de%20envejecimiento%20y%20baja%20natalidad%20desde%202010%2C%20que%2C%20de%20prolongarse%2C%20comprometer%C3%A1%20el%20relevo%20generacional%20y%20el%20dinamismo%20de%20la%20sociedad%20catalana&#038;via=conversesacat&#038;related=conversesacat' target='_blank' class='bctt-ctt-btn'rel=\"noopener noreferrer\">Compartir en X<\/a><\/span>\n","protected":false},"excerpt":{"rendered":"<p>El panorama demogr\u00e1fico de Catalu\u00f1a desde 2010 es el de una\u00a0sociedad que envejece y encoge por falta de nacimientos, sostenida en su crecimiento \u00fanicamente por la inmigraci\u00f3n. El\u00a0diagn\u00f3stico es preocupante: la natalidad lleva m\u00e1s de una d\u00e9cada en ca\u00edda libre, la fecundidad se encuentra en niveles baj\u00edsimos, y el crecimiento natural es negativo desde 2018. Mientras tanto, cada a\u00f1o aumenta el peso de las personas mayores y muy mayores, planteando retos de sostenibilidad social. En palabras simples, Catalu\u00f1a se enfrenta a un desequilibrio demogr\u00e1fico: muchos abuelos, pocos nietos. La gravedad de la situaci\u00f3n reside en su\u00a0car\u00e1cter estructural. No se trata de una situaci\u00f3n c\u00edclica, sino de tendencias de fondo que, si persisten, anticipan un\u00a0estancamiento o incluso declive poblacional,\u00a0con todas las implicaciones econ\u00f3micas (menos poblaci\u00f3n activa, m\u00e1s gasto en pensiones y sanidad) y sociales (desequilibrios intergeneracionales) que ello conlleva. formar una familia aqu\u00ed supone a menudo un mayor coste o sacrificio que en lugares con mejor conciliaci\u00f3n y apoyos. Este escenario se ve agravado por la\u00a0falta de pol\u00edticas eficaces para favorecer a la familia y la natalidad.\u00a0Hist\u00f3ricamente, Catalu\u00f1a y Espa\u00f1a han dedicado menos recursos a ayudas familiares que otros pa\u00edses europeos. La consecuencia es que formar una familia aqu\u00ed supone a menudo un mayor coste o sacrificio que en lugares con mejor conciliaci\u00f3n y apoyos. Los expertos se\u00f1alan que para revertir \u2013o al menos aliviar\u2013 esta crisis demogr\u00e1fica har\u00eda falta un\u00a0conjunto de pol\u00edticas familiares integrales: incentivos econ\u00f3micos por hijo (como los cheques beb\u00e9 o desgravaciones), expansi\u00f3n de la red de guarder\u00edas p\u00fablicas de 0-3 a\u00f1os, horarios laborales m\u00e1s compatibles con la vida familiar, permisos de maternidad y paternidad m\u00e1s generosos (y coparentalidad real en las curas), facilidades en la vivienda para j\u00f3venes y familias con ni\u00f1os, entre otras medidas. Pa\u00edses que han aplicado pol\u00edticas de este tipo (por ejemplo,\u00a0Francia, los pa\u00edses n\u00f3rdicos y de modo especial la singular recuperaci\u00f3n h\u00fangara)\u00a0mantienen tasas de natalidad m\u00e1s altas que la nuestra incluso en contextos modernos. En Catalu\u00f1a, algunas iniciativas puntuales (como ampliar los permisos parentales o ayudas a familias numerosas) no han logrado por s\u00ed solas invertir la tendencia, ya que\u00a0no han sido suficientemente amplias ni sostenidas en el tiempo.\u00a0Por ejemplo, la prestaci\u00f3n por hijo a cargo es limitada y la inversi\u00f3n en educaci\u00f3n infantil temprana todav\u00eda no cubre la demanda existente. En conclusi\u00f3n, Catalu\u00f1a se encuentra en un\u00a0cruce demogr\u00e1fico.\u00a0Los datos muestran una tendencia clara de envejecimiento y baja natalidad desde 2010, que, de prolongarse, comprometer\u00e1 el relevo generacional y el dinamismo de la sociedad catalana. Se ha roto la tendencia de una productividad catalana superior a la espa\u00f1ola y esta tendencia tendr\u00e1 vientos contrarios en los pr\u00f3ximos a\u00f1os y d\u00e9cadas en la estructura envejecida de la poblaci\u00f3n y una inmigraci\u00f3n de reducido capital humano, que acentuar\u00e1 las dificultades cr\u00f3nicas del modelo econ\u00f3mico catal\u00e1n m\u00e1s reciente, que ha sustituido, a grandes rasgos, a la industria por el turismo. La inmigraci\u00f3n seguir\u00e1 siendo un apoyo importante, pero no puede ser la \u00fanica respuesta: fomentar que nazcan m\u00e1s ni\u00f1os\u00a0(y que las familias que lo deseen puedan tener sin obst\u00e1culos insalvables) es crucial para el futuro. Abordar este reto requerir\u00e1 voluntad pol\u00edtica y consenso social para implementar\u00a0pol\u00edticas familiares eficaces, apoy\u00e1ndose en las lecciones de los pa\u00edses europeos con mejores indicadores de natalidad. Solo as\u00ed Catalu\u00f1a podr\u00e1 aspirar a equilibrar su pir\u00e1mide poblacional y garantizar un desarrollo sostenible de su poblaci\u00f3n en las pr\u00f3ximas d\u00e9cadas. Catalu\u00f1a, desastre demogr\u00e1fico. La Generalitat impasible el gesto (5)<\/p>\n","protected":false},"author":81,"featured_media":87633,"comment_status":"open","ping_status":"open","sticky":false,"template":"","format":"standard","meta":{"_FSMCFIC_featured_image_caption":"","_FSMCFIC_featured_image_nocaption":"","_FSMCFIC_featured_image_hide":"","footnotes":""},"categories":[806],"tags":[1339,1604],"class_list":["post-87678","post","type-post","status-publish","format-standard","has-post-thumbnail","hentry","category-punts-claus-del-dia-es","tag-conciliacion-familiar","tag-familia-es"],"yoast_head":"<!-- This site is optimized with the Yoast SEO plugin v26.8 - https:\/\/yoast.com\/product\/yoast-seo-wordpress\/ -->\n<title>Catalu\u00f1a, desequilibrio demogr\u00e1fico<\/title>\n<meta name=\"description\" content=\"Catalu\u00f1a se enfrenta a un desequilibrio demogr\u00e1fico: muchos abuelos, pocos nietos. La gravedad de la situaci\u00f3n reside en su estructura\" \/>\n<meta name=\"robots\" content=\"index, follow, max-snippet:-1, max-image-preview:large, max-video-preview:-1\" \/>\n<link rel=\"canonical\" href=\"https:\/\/conversesacatalunya.cat\/es\/cataluna-desequilibrio-demografico-conclusion\/\" \/>\n<meta property=\"og:locale\" content=\"es_ES\" \/>\n<meta property=\"og:type\" content=\"article\" \/>\n<meta property=\"og:title\" content=\"Catalu\u00f1a, desequilibrio demogr\u00e1fico\" \/>\n<meta property=\"og:description\" content=\"Catalu\u00f1a se enfrenta a un desequilibrio demogr\u00e1fico: muchos abuelos, pocos nietos. La gravedad de la situaci\u00f3n reside en su estructura\" \/>\n<meta property=\"og:url\" content=\"https:\/\/conversesacatalunya.cat\/es\/cataluna-desequilibrio-demografico-conclusion\/\" \/>\n<meta property=\"og:site_name\" content=\"Converses a Catalunya\" \/>\n<meta property=\"article:published_time\" content=\"2025-04-23T07:05:25+00:00\" \/>\n<meta property=\"article:modified_time\" content=\"2025-04-23T07:08:46+00:00\" \/>\n<meta property=\"og:image\" content=\"https:\/\/conversesacatalunya.cat\/wp-content\/uploads\/2025\/04\/girl-1641215_640.jpg\" \/>\n\t<meta property=\"og:image:width\" content=\"640\" \/>\n\t<meta property=\"og:image:height\" content=\"427\" \/>\n\t<meta property=\"og:image:type\" content=\"image\/jpeg\" \/>\n<meta name=\"author\" content=\"Emili Clos\" \/>\n<meta name=\"twitter:card\" content=\"summary_large_image\" \/>\n<meta name=\"twitter:label1\" content=\"Escrito por\" \/>\n\t<meta name=\"twitter:data1\" content=\"Emili Clos\" \/>\n\t<meta name=\"twitter:label2\" content=\"Tiempo de lectura\" \/>\n\t<meta name=\"twitter:data2\" content=\"3 minutos\" \/>\n<script type=\"application\/ld+json\" class=\"yoast-schema-graph\">{\"@context\":\"https:\/\/schema.org\",\"@graph\":[{\"@type\":\"Article\",\"@id\":\"https:\/\/conversesacatalunya.cat\/es\/cataluna-desequilibrio-demografico-conclusion\/#article\",\"isPartOf\":{\"@id\":\"https:\/\/conversesacatalunya.cat\/es\/cataluna-desequilibrio-demografico-conclusion\/\"},\"author\":{\"name\":\"Emili Clos\",\"@id\":\"https:\/\/conversesacatalunya.cat\/#\/schema\/person\/46306de4129bccb959ed5e1720c4e3e7\"},\"headline\":\"Catalu\u00f1a, desastre demogr\u00e1fico. La Generalitat impasible el gesto (y 6). Conclusi\u00f3n\",\"datePublished\":\"2025-04-23T07:05:25+00:00\",\"dateModified\":\"2025-04-23T07:08:46+00:00\",\"mainEntityOfPage\":{\"@id\":\"https:\/\/conversesacatalunya.cat\/es\/cataluna-desequilibrio-demografico-conclusion\/\"},\"wordCount\":708,\"commentCount\":0,\"image\":{\"@id\":\"https:\/\/conversesacatalunya.cat\/es\/cataluna-desequilibrio-demografico-conclusion\/#primaryimage\"},\"thumbnailUrl\":\"https:\/\/conversesacatalunya.cat\/wp-content\/uploads\/2025\/04\/girl-1641215_640.jpg\",\"keywords\":[\"Conciliaci\u00f3n familiar\",\"Fam\u00edlia\"],\"articleSection\":[\"Punts clau del dia (ES)\"],\"inLanguage\":\"es\",\"potentialAction\":[{\"@type\":\"CommentAction\",\"name\":\"Comment\",\"target\":[\"https:\/\/conversesacatalunya.cat\/es\/cataluna-desequilibrio-demografico-conclusion\/#respond\"]}]},{\"@type\":\"WebPage\",\"@id\":\"https:\/\/conversesacatalunya.cat\/es\/cataluna-desequilibrio-demografico-conclusion\/\",\"url\":\"https:\/\/conversesacatalunya.cat\/es\/cataluna-desequilibrio-demografico-conclusion\/\",\"name\":\"Catalu\u00f1a, desequilibrio demogr\u00e1fico\",\"isPartOf\":{\"@id\":\"https:\/\/conversesacatalunya.cat\/#website\"},\"primaryImageOfPage\":{\"@id\":\"https:\/\/conversesacatalunya.cat\/es\/cataluna-desequilibrio-demografico-conclusion\/#primaryimage\"},\"image\":{\"@id\":\"https:\/\/conversesacatalunya.cat\/es\/cataluna-desequilibrio-demografico-conclusion\/#primaryimage\"},\"thumbnailUrl\":\"https:\/\/conversesacatalunya.cat\/wp-content\/uploads\/2025\/04\/girl-1641215_640.jpg\",\"datePublished\":\"2025-04-23T07:05:25+00:00\",\"dateModified\":\"2025-04-23T07:08:46+00:00\",\"author\":{\"@id\":\"https:\/\/conversesacatalunya.cat\/#\/schema\/person\/46306de4129bccb959ed5e1720c4e3e7\"},\"description\":\"Catalu\u00f1a se enfrenta a un desequilibrio demogr\u00e1fico: muchos abuelos, pocos nietos. La gravedad de la situaci\u00f3n reside en su estructura\",\"breadcrumb\":{\"@id\":\"https:\/\/conversesacatalunya.cat\/es\/cataluna-desequilibrio-demografico-conclusion\/#breadcrumb\"},\"inLanguage\":\"es\",\"potentialAction\":[{\"@type\":\"ReadAction\",\"target\":[\"https:\/\/conversesacatalunya.cat\/es\/cataluna-desequilibrio-demografico-conclusion\/\"]}]},{\"@type\":\"ImageObject\",\"inLanguage\":\"es\",\"@id\":\"https:\/\/conversesacatalunya.cat\/es\/cataluna-desequilibrio-demografico-conclusion\/#primaryimage\",\"url\":\"https:\/\/conversesacatalunya.cat\/wp-content\/uploads\/2025\/04\/girl-1641215_640.jpg\",\"contentUrl\":\"https:\/\/conversesacatalunya.cat\/wp-content\/uploads\/2025\/04\/girl-1641215_640.jpg\",\"width\":640,\"height\":427,\"caption\":\"Catalu\u00f1a desequilibrio demogr\u00e1fico\"},{\"@type\":\"BreadcrumbList\",\"@id\":\"https:\/\/conversesacatalunya.cat\/es\/cataluna-desequilibrio-demografico-conclusion\/#breadcrumb\",\"itemListElement\":[{\"@type\":\"ListItem\",\"position\":1,\"name\":\"Inici\",\"item\":\"https:\/\/conversesacatalunya.cat\/es\/\"},{\"@type\":\"ListItem\",\"position\":2,\"name\":\"Catalu\u00f1a, desastre demogr\u00e1fico. La Generalitat impasible el gesto (y 6). Conclusi\u00f3n\"}]},{\"@type\":\"WebSite\",\"@id\":\"https:\/\/conversesacatalunya.cat\/#website\",\"url\":\"https:\/\/conversesacatalunya.cat\/\",\"name\":\"Converses a Catalunya\",\"description\":\"\",\"potentialAction\":[{\"@type\":\"SearchAction\",\"target\":{\"@type\":\"EntryPoint\",\"urlTemplate\":\"https:\/\/conversesacatalunya.cat\/?s={search_term_string}\"},\"query-input\":{\"@type\":\"PropertyValueSpecification\",\"valueRequired\":true,\"valueName\":\"search_term_string\"}}],\"inLanguage\":\"es\"},{\"@type\":\"Person\",\"@id\":\"https:\/\/conversesacatalunya.cat\/#\/schema\/person\/46306de4129bccb959ed5e1720c4e3e7\",\"name\":\"Emili Clos\",\"image\":{\"@type\":\"ImageObject\",\"inLanguage\":\"es\",\"@id\":\"https:\/\/conversesacatalunya.cat\/#\/schema\/person\/image\/\",\"url\":\"https:\/\/conversesacatalunya.cat\/wp-content\/litespeed\/avatar\/a9a662bd802eed79498de818aef91cc9.jpg?ver=1777096184\",\"contentUrl\":\"https:\/\/conversesacatalunya.cat\/wp-content\/litespeed\/avatar\/a9a662bd802eed79498de818aef91cc9.jpg?ver=1777096184\",\"caption\":\"Emili Clos\"},\"url\":\"https:\/\/conversesacatalunya.cat\/es\/author\/emili_clos\/\"}]}<\/script>\n<!-- \/ Yoast SEO plugin. -->","yoast_head_json":{"title":"Catalu\u00f1a, desequilibrio demogr\u00e1fico","description":"Catalu\u00f1a se enfrenta a un desequilibrio demogr\u00e1fico: muchos abuelos, pocos nietos. La gravedad de la situaci\u00f3n reside en su estructura","robots":{"index":"index","follow":"follow","max-snippet":"max-snippet:-1","max-image-preview":"max-image-preview:large","max-video-preview":"max-video-preview:-1"},"canonical":"https:\/\/conversesacatalunya.cat\/es\/cataluna-desequilibrio-demografico-conclusion\/","og_locale":"es_ES","og_type":"article","og_title":"Catalu\u00f1a, desequilibrio demogr\u00e1fico","og_description":"Catalu\u00f1a se enfrenta a un desequilibrio demogr\u00e1fico: muchos abuelos, pocos nietos. La gravedad de la situaci\u00f3n reside en su estructura","og_url":"https:\/\/conversesacatalunya.cat\/es\/cataluna-desequilibrio-demografico-conclusion\/","og_site_name":"Converses a Catalunya","article_published_time":"2025-04-23T07:05:25+00:00","article_modified_time":"2025-04-23T07:08:46+00:00","og_image":[{"width":640,"height":427,"url":"https:\/\/conversesacatalunya.cat\/wp-content\/uploads\/2025\/04\/girl-1641215_640.jpg","type":"image\/jpeg"}],"author":"Emili Clos","twitter_card":"summary_large_image","twitter_misc":{"Escrito por":"Emili Clos","Tiempo de lectura":"3 minutos"},"schema":{"@context":"https:\/\/schema.org","@graph":[{"@type":"Article","@id":"https:\/\/conversesacatalunya.cat\/es\/cataluna-desequilibrio-demografico-conclusion\/#article","isPartOf":{"@id":"https:\/\/conversesacatalunya.cat\/es\/cataluna-desequilibrio-demografico-conclusion\/"},"author":{"name":"Emili Clos","@id":"https:\/\/conversesacatalunya.cat\/#\/schema\/person\/46306de4129bccb959ed5e1720c4e3e7"},"headline":"Catalu\u00f1a, desastre demogr\u00e1fico. La Generalitat impasible el gesto (y 6). Conclusi\u00f3n","datePublished":"2025-04-23T07:05:25+00:00","dateModified":"2025-04-23T07:08:46+00:00","mainEntityOfPage":{"@id":"https:\/\/conversesacatalunya.cat\/es\/cataluna-desequilibrio-demografico-conclusion\/"},"wordCount":708,"commentCount":0,"image":{"@id":"https:\/\/conversesacatalunya.cat\/es\/cataluna-desequilibrio-demografico-conclusion\/#primaryimage"},"thumbnailUrl":"https:\/\/conversesacatalunya.cat\/wp-content\/uploads\/2025\/04\/girl-1641215_640.jpg","keywords":["Conciliaci\u00f3n familiar","Fam\u00edlia"],"articleSection":["Punts clau del dia (ES)"],"inLanguage":"es","potentialAction":[{"@type":"CommentAction","name":"Comment","target":["https:\/\/conversesacatalunya.cat\/es\/cataluna-desequilibrio-demografico-conclusion\/#respond"]}]},{"@type":"WebPage","@id":"https:\/\/conversesacatalunya.cat\/es\/cataluna-desequilibrio-demografico-conclusion\/","url":"https:\/\/conversesacatalunya.cat\/es\/cataluna-desequilibrio-demografico-conclusion\/","name":"Catalu\u00f1a, desequilibrio demogr\u00e1fico","isPartOf":{"@id":"https:\/\/conversesacatalunya.cat\/#website"},"primaryImageOfPage":{"@id":"https:\/\/conversesacatalunya.cat\/es\/cataluna-desequilibrio-demografico-conclusion\/#primaryimage"},"image":{"@id":"https:\/\/conversesacatalunya.cat\/es\/cataluna-desequilibrio-demografico-conclusion\/#primaryimage"},"thumbnailUrl":"https:\/\/conversesacatalunya.cat\/wp-content\/uploads\/2025\/04\/girl-1641215_640.jpg","datePublished":"2025-04-23T07:05:25+00:00","dateModified":"2025-04-23T07:08:46+00:00","author":{"@id":"https:\/\/conversesacatalunya.cat\/#\/schema\/person\/46306de4129bccb959ed5e1720c4e3e7"},"description":"Catalu\u00f1a se enfrenta a un desequilibrio demogr\u00e1fico: muchos abuelos, pocos nietos. La gravedad de la situaci\u00f3n reside en su estructura","breadcrumb":{"@id":"https:\/\/conversesacatalunya.cat\/es\/cataluna-desequilibrio-demografico-conclusion\/#breadcrumb"},"inLanguage":"es","potentialAction":[{"@type":"ReadAction","target":["https:\/\/conversesacatalunya.cat\/es\/cataluna-desequilibrio-demografico-conclusion\/"]}]},{"@type":"ImageObject","inLanguage":"es","@id":"https:\/\/conversesacatalunya.cat\/es\/cataluna-desequilibrio-demografico-conclusion\/#primaryimage","url":"https:\/\/conversesacatalunya.cat\/wp-content\/uploads\/2025\/04\/girl-1641215_640.jpg","contentUrl":"https:\/\/conversesacatalunya.cat\/wp-content\/uploads\/2025\/04\/girl-1641215_640.jpg","width":640,"height":427,"caption":"Catalu\u00f1a desequilibrio demogr\u00e1fico"},{"@type":"BreadcrumbList","@id":"https:\/\/conversesacatalunya.cat\/es\/cataluna-desequilibrio-demografico-conclusion\/#breadcrumb","itemListElement":[{"@type":"ListItem","position":1,"name":"Inici","item":"https:\/\/conversesacatalunya.cat\/es\/"},{"@type":"ListItem","position":2,"name":"Catalu\u00f1a, desastre demogr\u00e1fico. La Generalitat impasible el gesto (y 6). Conclusi\u00f3n"}]},{"@type":"WebSite","@id":"https:\/\/conversesacatalunya.cat\/#website","url":"https:\/\/conversesacatalunya.cat\/","name":"Converses a Catalunya","description":"","potentialAction":[{"@type":"SearchAction","target":{"@type":"EntryPoint","urlTemplate":"https:\/\/conversesacatalunya.cat\/?s={search_term_string}"},"query-input":{"@type":"PropertyValueSpecification","valueRequired":true,"valueName":"search_term_string"}}],"inLanguage":"es"},{"@type":"Person","@id":"https:\/\/conversesacatalunya.cat\/#\/schema\/person\/46306de4129bccb959ed5e1720c4e3e7","name":"Emili Clos","image":{"@type":"ImageObject","inLanguage":"es","@id":"https:\/\/conversesacatalunya.cat\/#\/schema\/person\/image\/","url":"https:\/\/conversesacatalunya.cat\/wp-content\/litespeed\/avatar\/a9a662bd802eed79498de818aef91cc9.jpg?ver=1777096184","contentUrl":"https:\/\/conversesacatalunya.cat\/wp-content\/litespeed\/avatar\/a9a662bd802eed79498de818aef91cc9.jpg?ver=1777096184","caption":"Emili Clos"},"url":"https:\/\/conversesacatalunya.cat\/es\/author\/emili_clos\/"}]}},"wps_subtitle":"Un reto demogr\u00e1fico que exige pol\u00edticas familiares eficaces.","_links":{"self":[{"href":"https:\/\/conversesacatalunya.cat\/es\/wp-json\/wp\/v2\/posts\/87678","targetHints":{"allow":["GET"]}}],"collection":[{"href":"https:\/\/conversesacatalunya.cat\/es\/wp-json\/wp\/v2\/posts"}],"about":[{"href":"https:\/\/conversesacatalunya.cat\/es\/wp-json\/wp\/v2\/types\/post"}],"author":[{"embeddable":true,"href":"https:\/\/conversesacatalunya.cat\/es\/wp-json\/wp\/v2\/users\/81"}],"replies":[{"embeddable":true,"href":"https:\/\/conversesacatalunya.cat\/es\/wp-json\/wp\/v2\/comments?post=87678"}],"version-history":[{"count":5,"href":"https:\/\/conversesacatalunya.cat\/es\/wp-json\/wp\/v2\/posts\/87678\/revisions"}],"predecessor-version":[{"id":87684,"href":"https:\/\/conversesacatalunya.cat\/es\/wp-json\/wp\/v2\/posts\/87678\/revisions\/87684"}],"wp:featuredmedia":[{"embeddable":true,"href":"https:\/\/conversesacatalunya.cat\/es\/wp-json\/wp\/v2\/media\/87633"}],"wp:attachment":[{"href":"https:\/\/conversesacatalunya.cat\/es\/wp-json\/wp\/v2\/media?parent=87678"}],"wp:term":[{"taxonomy":"category","embeddable":true,"href":"https:\/\/conversesacatalunya.cat\/es\/wp-json\/wp\/v2\/categories?post=87678"},{"taxonomy":"post_tag","embeddable":true,"href":"https:\/\/conversesacatalunya.cat\/es\/wp-json\/wp\/v2\/tags?post=87678"}],"curies":[{"name":"wp","href":"https:\/\/api.w.org\/{rel}","templated":true}]}}