{"id":87646,"date":"2025-04-21T09:00:59","date_gmt":"2025-04-21T07:00:59","guid":{"rendered":"https:\/\/conversesacatalunya.cat\/?p=87646"},"modified":"2025-04-21T06:38:46","modified_gmt":"2025-04-21T04:38:46","slug":"encuestas-opinion-votantes-de-derecha-cataluna","status":"publish","type":"post","link":"https:\/\/conversesacatalunya.cat\/es\/encuestas-opinion-votantes-de-derecha-cataluna\/","title":{"rendered":"Diagn\u00f3stico pol\u00edtico de la sociedad catalana seg\u00fan las encuestas de opini\u00f3n pol\u00edtica (V). Votantes de derecha"},"content":{"rendered":"<p><strong><span><span class=\"VIpgJd-yAWNEb-VIpgJd-fmcmS-sn54Q\">A pesar de ser minoritarios en proporci\u00f3n, los votantes de centroderecha y derecha en Catalu\u00f1a constituyen un grupo significativo<\/span><\/span><\/strong><span><span class=\"VIpgJd-yAWNEb-VIpgJd-fmcmS-sn54Q\">\u00a0que incluye tanto a la derecha catalanista (por ejemplo, algunos votantes de Junts per Catalunya, tradicionalmente de la antigua Convergencia) como a la derecha constitucionalista espa\u00f1ola (votantes del PP, Vox y anteriormente Cs). Estos subgrupos difieren en el eje nacional, pero comparten ciertas prioridades cl\u00e1sicas de la derecha.<\/span><\/span><span>\u00a0<\/span><\/p>\n<h4 style=\"font-weight: 400;\"><b>Derecha espa\u00f1olista<\/b><\/h4>\n<p><strong><span><span class=\"VIpgJd-yAWNEb-VIpgJd-fmcmS-sn54Q\">Un tema central para los votantes de derecha espa\u00f1olista es la unidad de Espa\u00f1a y la estabilidad institucional<\/span><\/span><\/strong><span><span class=\"VIpgJd-yAWNEb-VIpgJd-fmcmS-sn54Q\">. Tienden a apoyar enfoques duros contra el independentismo y valoran la defensa de la Constituci\u00f3n y el orden legal. Mensajes de ley y orden, apoyo a las fuerzas de seguridad del Estado y rechazo a concesiones al separatismo les resultan movilizadores.<\/span><\/span><\/p>\n<p style=\"font-weight: 400;\"><span><span class=\"VIpgJd-yAWNEb-VIpgJd-fmcmS-sn54Q\">As\u00ed pues, para este segmento las cuestiones identitarias patri\u00f3ticas (bandera, lengua espa\u00f1ola, rechazo a los privilegios regionales) son fundamentales. Asimismo, suelen preocuparse por la\u00a0<\/span><strong><span class=\"VIpgJd-yAWNEb-VIpgJd-fmcmS-sn54Q\">seguridad ciudadana y la inmigraci\u00f3n<\/span><\/strong><span class=\"VIpgJd-yAWNEb-VIpgJd-fmcmS-sn54Q\">\u00a0en mayor medida que la media de los catalanes; partidos de derecha explotaron temas como la ocupaci\u00f3n ilegal de viviendas, la delincuencia urbana o la gesti\u00f3n de la inmigraci\u00f3n para ganar apoyos en barrios populares.<\/span><\/span><span>\u00a0<\/span><span>\u00a0<\/span><\/p>\n<h4 style=\"font-weight: 400;\"><strong>Derecha catalanista<\/strong><\/h4>\n<p><span>Por otra parte, los\u00a0<strong>votantes de la derecha catalanista<\/strong>\u00a0(una franja tradicional asociada a la antigua CiU, de perfil m\u00e1s conservador en el \u00e1mbito econ\u00f3mico pero catalanista en el identitario) priorizan\u00a0<strong>temas como la econom\u00eda, la empresa y la gesti\u00f3n eficiente<\/strong>, junto con un deseo de ampliar el autogobierno, pero sin estridencias que perjudiquen a la econom\u00eda.<\/span><span>\u00a0<\/span><\/p>\n<p><span><span class=\"VIpgJd-yAWNEb-VIpgJd-fmcmS-sn54Q\">Suelen ser partidarios de pol\u00edticas liberales (bajar impuestos, atraer inversi\u00f3n, infraestructuras) y reclaman estabilidad para los negocios. Este perfil, que podr\u00eda englobar a ciertos votantes de Junts, quiere preservar la identidad catalana (lengua, competencias) pero al mismo tiempo mantener buenas relaciones comerciales con el resto de Espa\u00f1a y Europa. Por eso, un\u00a0<\/span><strong><span class=\"VIpgJd-yAWNEb-VIpgJd-fmcmS-sn54Q\">enfoque exitoso hacia la derecha catalanista<\/span><\/strong><span class=\"VIpgJd-yAWNEb-VIpgJd-fmcmS-sn54Q\">\u00a0combinar\u00eda el mensaje de \u201cCatalu\u00f1a fuerte econ\u00f3micamente\u201d con reivindicaciones de mayor financiaci\u00f3n\/autonom\u00eda dentro de la legalidad. En contraste, la derecha espa\u00f1olista prioriza \u00ab<\/span><em><span class=\"VIpgJd-yAWNEb-VIpgJd-fmcmS-sn54Q\">Catalu\u00f1a integrada en Espa\u00f1a<\/span><\/em><span class=\"VIpgJd-yAWNEb-VIpgJd-fmcmS-sn54Q\">\u00a0\u00bb por encima de cualquier diferencial econ\u00f3mico.<\/span><\/span><span>\u00a0<\/span><span>\u00a0<\/span><\/p>\n<h4 style=\"font-weight: 400;\"><strong>Puntos en com\u00fan<\/strong><\/h4>\n<p><span><span class=\"VIpgJd-yAWNEb-VIpgJd-fmcmS-sn54Q\">Sin embargo, hay puntos en com\u00fan:\u00a0<\/span><strong><span class=\"VIpgJd-yAWNEb-VIpgJd-fmcmS-sn54Q\">ambos sectores de derecha valoran el orden, la estabilidad y la reactivaci\u00f3n econ\u00f3mica mediante la empresa privada<\/span><\/strong><span class=\"VIpgJd-yAWNEb-VIpgJd-fmcmS-sn54Q\">. Temas con tirada aqu\u00ed incluyen la reducci\u00f3n de impuestos y burocracia, el apoyo a emprendedores, la seguridad jur\u00eddica para las inversiones y un mayor peso del sector privado en \u00e1mbitos como educaci\u00f3n o sanidad.<\/span><\/span><span>\u00a0<\/span><\/p>\n<p style=\"font-weight: 400;\"><span><span class=\"VIpgJd-yAWNEb-VIpgJd-fmcmS-sn54Q\">De hecho, un<a href=\"https:\/\/www.europapress.es\/sociedad\/noticia-sacerdotes-politicos-banqueros-profesionales-peor-valorados-catalanes-ceo-20200124125625.html#google_vignette\" target=\"_blank\" rel=\"noopener\">\u00a0<\/a><\/span><span class=\"VIpgJd-yAWNEb-VIpgJd-fmcmS-sn54Q\">19,1% de catalanes<\/span><span class=\"VIpgJd-yAWNEb-VIpgJd-fmcmS-sn54Q\">\u00a0(no s\u00f3lo de derechas) cree que los servicios p\u00fablicos funcionar\u00edan mejor gestionados por empresas privadas, pero esta idea cala especialmente en votantes de derecha liberal. Tambi\u00e9n hay sinton\u00eda en la cr\u00edtica a ciertas pol\u00edticas de la izquierda: los votantes de derecha suelen oponerse a las cuotas ling\u00fc\u00edsticas en comercio o audiovisuales, a las ocupaciones ilegales, y ven con malos ojos la llamada \u201cingenier\u00eda social\u201d del progresismo (por ejemplo, leyes de memoria hist\u00f3rica o algunas iniciativas LGTB+).<\/span><\/span><span>\u00a0<\/span><span>\u00a0<\/span><\/p>\n<p style=\"font-weight: 400;\"><span><span class=\"VIpgJd-yAWNEb-VIpgJd-fmcmS-sn54Q\">Por tanto,\u00a0<\/span><strong><span class=\"VIpgJd-yAWNEb-VIpgJd-fmcmS-sn54Q\">mensajes de defensa de la libertad individual frente a imposiciones ideol\u00f3gicas, apoyo a la familia tradicional y a los cuerpos de seguridad, y mano dura contra el crimen y la corrupci\u00f3n<\/span><\/strong><span class=\"VIpgJd-yAWNEb-VIpgJd-fmcmS-sn54Q\">\u00a0son eficaces en este caladero.<\/span><\/span><span>\u00a0<\/span><span>\u00a0<\/span><\/p>\n<h5><strong><span><span class=\"VIpgJd-yAWNEb-VIpgJd-fmcmS-sn54Q\">En resumen, para atraer al votante de derecha en Catalu\u00f1a se necesitan enfoques diferenciados seg\u00fan su sensibilidad nacional:<\/span><\/span><\/strong><\/h5>\n<p style=\"font-weight: 400;\"><span>Al espa\u00f1olista, hablarle de unidad nacional, firmeza frente al independentismo y orden p\u00fablico; al catalanista, poner \u00e9nfasis en la buena gesti\u00f3n, el pragmatismo econ\u00f3mico y un catalanismo moderado (pactista) que no comprometa la prosperidad. Ambos apreciar\u00e1n promesas de estabilidad, rebajas fiscales y cr\u00edtica al \u00abizquierdismo\u00bb del Gobierno.<\/span><\/p>\n<p style=\"font-weight: 400;\"><span><span class=\"VIpgJd-yAWNEb-VIpgJd-fmcmS-sn54Q\">Sin embargo,\u00a0<\/span><\/span><strong><span><span class=\"VIpgJd-yAWNEb-VIpgJd-fmcmS-sn54Q\">cabe recordar que este grupo es limitado:<\/span><\/span><\/strong><span><span class=\"VIpgJd-yAWNEb-VIpgJd-fmcmS-sn54Q\">\u00a0s\u00f3lo aproximadamente uno de cada diez catalanes se sit\u00faa a la derecha ideol\u00f3gica, as\u00ed que su peso electoral es menor, concentr\u00e1ndose principalmente en determinadas zonas de Barcelona ciudad y el \u00e1rea metropolitana con mayor poblaci\u00f3n originaria de otras partes de Espa\u00f1a.<\/span><\/span><\/p>\n<h4><strong><span><span class=\"VIpgJd-yAWNEb-VIpgJd-fmcmS-sn54Q\">Enfoques en el eje catalanismo-espa\u00f1olismo (autonomistas e independentistas moderados)<\/span><\/span><\/strong><\/h4>\n<p style=\"font-weight: 400;\"><span>El otro gran eje de la pol\u00edtica catalana es el\u00a0<strong>nacional: entre el catalanismo y el espa\u00f1olismo<\/strong>. Aqu\u00ed conviene distinguir a los electores claramente\u00a0<strong>independentistas o unionistas \u201cduros\u201d<\/strong>\u00a0de aquellos que podr\u00edamos llamar\u00a0<strong><em>autonomistas e independentistas moderados<\/em><\/strong>, que representan posiciones m\u00e1s centradas y numerosas. Estos \u00faltimos incluyen a quienes desean m\u00e1s autogobierno (e incluso un Estado federal) dentro de Espa\u00f1a y quienes, simpatizando con la idea de un Estado catal\u00e1n, prefieren v\u00edas graduales, pactadas y sin rupturas unilaterales.<\/span><span>\u00a0<\/span><span>\u00a0<\/span><\/p>\n<p style=\"font-weight: 400;\"><span><span class=\"VIpgJd-yAWNEb-VIpgJd-fmcmS-sn54Q\">Actualmente, despu\u00e9s de los choques del 2017,\u00a0<\/span><strong><span class=\"VIpgJd-yAWNEb-VIpgJd-fmcmS-sn54Q\">parece que el votante medio catalanista se ha desplazado hacia la moderaci\u00f3n<\/span><\/strong><span class=\"VIpgJd-yAWNEb-VIpgJd-fmcmS-sn54Q\">, valorando la necesidad de di\u00e1logo con Madrid. Paralelamente, muchos catalanes no independentistas aceptan que debe haber un mayor reconocimiento de la identidad catalana. As\u00ed,\u00a0<\/span><strong><span class=\"VIpgJd-yAWNEb-VIpgJd-fmcmS-sn54Q\">los enfoques que m\u00e1s \u00e9xito pueden tener en este eje nacional son los que apelan al entendimiento y a soluciones intermedias<\/span><\/strong><span class=\"VIpgJd-yAWNEb-VIpgJd-fmcmS-sn54Q\">.<\/span><\/span><span>\u00a0<\/span><span>\u00a0<\/span><\/p>\n<p style=\"font-weight: 400;\"><span><span class=\"VIpgJd-yAWNEb-VIpgJd-fmcmS-sn54Q\">Para el segmento\u00a0<\/span><strong><span class=\"VIpgJd-yAWNEb-VIpgJd-fmcmS-sn54Q\">autonomista\/federalista<\/span><\/strong><span class=\"VIpgJd-yAWNEb-VIpgJd-fmcmS-sn54Q\">\u00a0(vinculado en gran parte al PSC y a espacios como En Com\u00fa Podem), los mensajes ganadores son aquellos de\u00a0<\/span><strong><span class=\"VIpgJd-yAWNEb-VIpgJd-fmcmS-sn54Q\">conciliaci\u00f3n y mejora del autogobierno sin ruptura<\/span><\/strong><span class=\"VIpgJd-yAWNEb-VIpgJd-fmcmS-sn54Q\">. Por ejemplo, propuestas de\u00a0<\/span><strong><span class=\"VIpgJd-yAWNEb-VIpgJd-fmcmS-sn54Q\">reformas constitucionales que mejor reconozcan la realidad plurinacional<\/span><\/strong><span class=\"VIpgJd-yAWNEb-VIpgJd-fmcmS-sn54Q\">\u00a0de Espa\u00f1a, una\u00a0<\/span><strong><span class=\"VIpgJd-yAWNEb-VIpgJd-fmcmS-sn54Q\">mejor financiaci\u00f3n para Catalu\u00f1a<\/span><\/strong><span class=\"VIpgJd-yAWNEb-VIpgJd-fmcmS-sn54Q\">, la\u00a0<\/span><strong><span class=\"VIpgJd-yAWNEb-VIpgJd-fmcmS-sn54Q\">protecci\u00f3n de la lengua catalana<\/span><\/strong><span class=\"VIpgJd-yAWNEb-VIpgJd-fmcmS-sn54Q\">\u00a0dentro de un marco biling\u00fce, y en general un trato respetuoso hacia Catalu\u00f1a por parte del Estado.<\/span><\/span><span>\u00a0<\/span><span>\u00a0<\/span><span>\u00a0<\/span><\/p>\n<p style=\"font-weight: 400;\"><span><span class=\"VIpgJd-yAWNEb-VIpgJd-fmcmS-sn54Q\">Estos votantes rechazan la independencia, pero muchos apoyar\u00edan un referendo acordado para cerrar el tema democr\u00e1ticamente. Por tanto, un enfoque de \u201c<\/span><\/span><strong><span><span class=\"VIpgJd-yAWNEb-VIpgJd-fmcmS-sn54Q\">m\u00e1s autonom\u00eda y pacto<\/span><\/span><\/strong><span><span class=\"VIpgJd-yAWNEb-VIpgJd-fmcmS-sn54Q\">\u201d \u2013similar al esp\u00edritu del nuevo Estatut que se intent\u00f3 en el 2006\u2013 puede atraerlos.<\/span><\/span><\/p>\n<p style=\"font-weight: 400;\"><span>Adem\u00e1s, valoran la estabilidad: despu\u00e9s de a\u00f1os de conflicto, priorizan volver a la normalidad institucional en la que Generalitat y Gobierno central colaboren.\u00a0<\/span><strong><span>El PSC ha capitalizado este sentimiento<\/span><\/strong><span>\u00a0con su discurso de \u00abpasar p\u00e1gina\u00bb del proceso y centrarse en \u00ablo que une\u00bb: econom\u00eda, servicios p\u00fablicos, etc., manteniendo al mismo tiempo una afirmaci\u00f3n de la identidad catalana (por ejemplo, defendiendo la inmersi\u00f3n ling\u00fc\u00edstica pero sin buscar la secesi\u00f3n).<\/span><\/p>\n<p><span><span class=\"VIpgJd-yAWNEb-VIpgJd-fmcmS-sn54Q\">Por su parte, los\u00a0<\/span><strong><span class=\"VIpgJd-yAWNEb-VIpgJd-fmcmS-sn54Q\">independentistas moderados<\/span><\/strong><span class=\"VIpgJd-yAWNEb-VIpgJd-fmcmS-sn54Q\">\u00a0(que podemos identificar mayoritariamente con votantes de ERC y una parte de Junts) aspiran a la independencia, pero\u00a0<\/span><strong><span class=\"VIpgJd-yAWNEb-VIpgJd-fmcmS-sn54Q\">han aprendido la importancia de la v\u00eda dialogada y de ampliar la base<\/span><\/strong><span class=\"VIpgJd-yAWNEb-VIpgJd-fmcmS-sn54Q\">. Para ellos, resultan convincentes los enfoques que prometen\u00a0<\/span><strong><span class=\"VIpgJd-yAWNEb-VIpgJd-fmcmS-sn54Q\">avances reales pero graduales hacia la soberan\u00eda<\/span><\/strong><span class=\"VIpgJd-yAWNEb-VIpgJd-fmcmS-sn54Q\">, evitando aventuras unilaterales abocadas al fracaso. Temas como\u00a0<\/span><strong><span class=\"VIpgJd-yAWNEb-VIpgJd-fmcmS-sn54Q\">la amnist\u00eda o indultos para los encausados \u200b\u200bdel 1-O, la negociaci\u00f3n de un referendo pactado a largo plazo, o pactos concretos en materia de financiaci\u00f3n, infraestructuras y competencias<\/span><\/strong><span class=\"VIpgJd-yAWNEb-VIpgJd-fmcmS-sn54Q\">\u00a0son bien vistos.<\/span><\/span><span>\u00a0<\/span><span>\u00a0<\/span><span>\u00a0<\/span><strong><span>\u00a0<\/span><\/strong><\/p>\n<p style=\"font-weight: 400;\"><span><span class=\"VIpgJd-yAWNEb-VIpgJd-fmcmS-sn54Q\">La llamada v\u00eda escocesa (refer\u00e9ndum acordado) sigue siendo un ideal para muchos, aunque entienden las dificultades. Mientras tanto,\u00a0<\/span><strong><span class=\"VIpgJd-yAWNEb-VIpgJd-fmcmS-sn54Q\">poner \u00e9nfasis en la mejora de la vida de la gente<\/span><\/strong><span class=\"VIpgJd-yAWNEb-VIpgJd-fmcmS-sn54Q\">\u00a0(el lema de ERC de \u00ab<\/span><em><span class=\"VIpgJd-yAWNEb-VIpgJd-fmcmS-sn54Q\">mejorar la vida de la ciudadan\u00eda<\/span><\/em><span class=\"VIpgJd-yAWNEb-VIpgJd-fmcmS-sn54Q\">\u00a0\u00ab) mientras se trabaja por la independencia es crucial.<\/span><\/span><span>\u00a0<\/span><\/p>\n<p><span><span class=\"VIpgJd-yAWNEb-VIpgJd-fmcmS-sn54Q\">Esta facci\u00f3n quiere demostrar que el independentismo gobierna para todos y que ser independentista no est\u00e1 re\u00f1ido con gestionar bien la sanidad o la econom\u00eda. Por eso, aplauden un relato que combine pragmatismo y determinaci\u00f3n: por ejemplo,\u00a0<\/span><strong><span class=\"VIpgJd-yAWNEb-VIpgJd-fmcmS-sn54Q\">exigir competencias fiscales para Catalu\u00f1a<\/span><\/strong><span class=\"VIpgJd-yAWNEb-VIpgJd-fmcmS-sn54Q\">\u00a0(un concierto econ\u00f3mico similar al vasco) como paso intermedio, o\u00a0<\/span><strong><span class=\"VIpgJd-yAWNEb-VIpgJd-fmcmS-sn54Q\">impulsar una consulta popular no vinculante<\/span><\/strong><span class=\"VIpgJd-yAWNEb-VIpgJd-fmcmS-sn54Q\">\u00a0para conocer la opini\u00f3n actual, pero sin declarar la independencia de inmediato.<\/span><\/span><span>\u00a0<\/span><span>\u00a0<\/span><span>\u00a0<\/span><\/p>\n<h5><strong><span><span class=\"VIpgJd-yAWNEb-VIpgJd-fmcmS-sn54Q\">Cualquier enfoque de negociaci\u00f3n con el Estado que arranque concesiones concretas (ya sea inversiones o cesiones de poder) suele presentarse como un \u00e9xito del catalanismo moderado.<\/span><\/span><\/strong><\/h5>\n<p style=\"font-weight: 400;\"><strong><span><span class=\"\">En el extremo opuesto<\/span><\/span><\/strong><span><span class=\"\">, cabe mencionar que fuera de las categor\u00edas \u201cmoderadas\u201d hay tanto independentistas duros (que quieren una declaraci\u00f3n unilateral inmediata, ahora representados por sectores de Junts o la CUP, e incluso la emergente\u00a0<\/span><\/span><strong><span><span class=\"\">Alian\u00e7a Catalana<\/span><\/span><\/strong><span><span class=\"\"> de ultraderecha independentista) como espa\u00f1olistas duros (votantes de Vox\/PP que niegan cualquier singularidad catalana y piden recentralizar).. Estos grupos requieren enfoques totalmente distintos (confrontaci\u00f3n abierta, discurso duro).<\/span><\/span><\/p>\n<p><span>Sin embargo, electoralmente los moderados suman m\u00e1s:\u00a0<strong>la mayor\u00eda de los catalanes (alrededor del 70%) rechaza las posiciones extremas<\/strong>\u00a0y se sit\u00faa en f\u00f3rmulas intermedias (ya sea un catalanismo pactista o un unionismo reformista).<\/span><span>\u00a0<\/span><span>\u00a0<\/span><\/p>\n<p style=\"font-weight: 400;\"><span><span class=\"VIpgJd-yAWNEb-VIpgJd-fmcmS-sn54Q\">Muestra de ello es que, seg\u00fan un sondeo de 2025, el apoyo a la independencia se ha reducido al 38-40%, mientras que el\u00a0<\/span><strong><span class=\"VIpgJd-yAWNEb-VIpgJd-fmcmS-sn54Q\">54% est\u00e1 en contra<\/span><\/strong><span class=\"VIpgJd-yAWNEb-VIpgJd-fmcmS-sn54Q\">, pero entre estos contrarios muchos aceptan m\u00e1s autogobierno. Asimismo, hasta un\u00a0<\/span><a href=\"https:\/\/www.publico.es\/politica\/apoyo-republica-arrasaria-monarquia-catalunya-referendum-estatal.html#:~:text=monarqu%C3%ADa%2C%20mientras%20que%20en%20el,conjunto%20del%20Estado%20obtiene\" target=\"_blank\" rel=\"noopener\"><strong><span class=\"VIpgJd-yAWNEb-VIpgJd-fmcmS-sn54Q\">71% de los catalanes dice preferir una rep\u00fablica<\/span><\/strong><\/a><strong><span class=\"VIpgJd-yAWNEb-VIpgJd-fmcmS-sn54Q\">\u00a0como forma de Estado<\/span><\/strong><span class=\"VIpgJd-yAWNEb-VIpgJd-fmcmS-sn54Q\">\u00a0<strong>frente a la monarqu\u00eda<\/strong>, lo que sugiere que incluso muchos no independentistas comparten valores republicanos (anti-mon\u00e1rquicos) que pueden canalizarse.<\/span><\/span><span>\u00a0<\/span><span>\u00a0<\/span><\/p>\n<p style=\"font-weight: 400;\"><span><span class=\"VIpgJd-yAWNEb-VIpgJd-fmcmS-sn54Q\">Un\u00a0<\/span><strong><span class=\"VIpgJd-yAWNEb-VIpgJd-fmcmS-sn54Q\">mensaje de futuro compartido<\/span><\/strong><span class=\"VIpgJd-yAWNEb-VIpgJd-fmcmS-sn54Q\">\u00a0podr\u00eda ser eficaz: por ejemplo, plantear una\u00a0<\/span><strong><span class=\"VIpgJd-yAWNEb-VIpgJd-fmcmS-sn54Q\">Espa\u00f1a federal en la que Catalu\u00f1a sea reconocida como naci\u00f3n<\/span><\/strong><span class=\"VIpgJd-yAWNEb-VIpgJd-fmcmS-sn54Q\">, con un encaje singular (algo que puedan aceptar autonomistas e incluso algunos independentistas moderados como mal menor).<\/span><\/span><span>\u00a0<\/span><span>\u00a0<\/span><span>\u00a0<\/span><\/p>\n<p style=\"font-weight: 400;\"><span><span class=\"VIpgJd-yAWNEb-VIpgJd-fmcmS-sn54Q\">Resumiendo, los enfoques con\u00a0<\/span><strong><span class=\"VIpgJd-yAWNEb-VIpgJd-fmcmS-sn54Q\">mayor potencial en el eje nacional hoy son aquellos que huyen del inmovilismo y la unilateralidad<\/span><\/strong><span class=\"VIpgJd-yAWNEb-VIpgJd-fmcmS-sn54Q\">, buscando terceras v\u00edas. Prometer\u00a0<\/span><strong><span class=\"VIpgJd-yAWNEb-VIpgJd-fmcmS-sn54Q\">di\u00e1logo, refer\u00e9ndum pactado o acuerdos de mayor autonom\u00eda<\/span><\/strong><span class=\"VIpgJd-yAWNEb-VIpgJd-fmcmS-sn54Q\">\u00a0atraer\u00e1 a muchos catalanistas moderados.<\/span><\/span><span>\u00a0<\/span><span>\u00a0<\/span><\/p>\n<p style=\"font-weight: 400;\"><span><span class=\"VIpgJd-yAWNEb-VIpgJd-fmcmS-sn54Q\">Por otra parte, garantizar\u00a0<\/span><strong><span class=\"VIpgJd-yAWNEb-VIpgJd-fmcmS-sn54Q\">estabilidad, respeto al biling\u00fcismo y mejora econ\u00f3mica<\/span><\/strong><span class=\"VIpgJd-yAWNEb-VIpgJd-fmcmS-sn54Q\">\u00a0dentro de Espa\u00f1a tranquilizar\u00e1 a los autonomistas no independentistas. La clave est\u00e1 en percibir empat\u00eda hacia ambas identidades: una fuerza pol\u00edtica que combine sensibilidad catalanista (defensa de la cultura y las instituciones catalanas) con lealtad a un proyecto com\u00fan espa\u00f1ol tiene opciones de \u00e9xito entre la gran franja central del electorado.<\/span><\/span><span>\u00a0<\/span><span>\u00a0<\/span><\/p>\n<p style=\"font-weight: 400;\"><a href=\"https:\/\/conversesacatalunya.cat\/es\/los-perfiles-electorales-de-la-poblacion-catalana\/\" target=\"_blank\" rel=\"noopener\"><strong><span><span class=\"VIpgJd-yAWNEb-VIpgJd-fmcmS-sn54Q\">Diagn\u00f3stico pol\u00edtico de la sociedad catalana seg\u00fan encuestas de opini\u00f3n pol\u00edtica (IV). Los perfiles electorales de la poblaci\u00f3n catalana<\/span><\/span><\/strong><\/a><\/p>\n<span class='bctt-click-to-tweet'><span class='bctt-ctt-text'><a href='https:\/\/twitter.com\/intent\/tweet?url=https%3A%2F%2Fconversesacatalunya.cat%2Fes%2Fencuestas-opinion-votantes-de-derecha-cataluna%2F&#038;text=Los%20enfoques%20con%20mayor%20potencial%20en%20el%20eje%20nacional%20hoy%20son%20aquellos%20que%20huyen%20del%20inmovilismo%20y%20la%20unilateralidad%2C%20buscando%20terceras%20v%C3%ADas&#038;via=conversesacat&#038;related=conversesacat' target='_blank'rel=\"noopener noreferrer\">Los enfoques con mayor potencial en el eje nacional hoy son aquellos que huyen del inmovilismo y la unilateralidad, buscando terceras v\u00edas <\/a><\/span><a href='https:\/\/twitter.com\/intent\/tweet?url=https%3A%2F%2Fconversesacatalunya.cat%2Fes%2Fencuestas-opinion-votantes-de-derecha-cataluna%2F&#038;text=Los%20enfoques%20con%20mayor%20potencial%20en%20el%20eje%20nacional%20hoy%20son%20aquellos%20que%20huyen%20del%20inmovilismo%20y%20la%20unilateralidad%2C%20buscando%20terceras%20v%C3%ADas&#038;via=conversesacat&#038;related=conversesacat' target='_blank' class='bctt-ctt-btn'rel=\"noopener noreferrer\">Compartir en X<\/a><\/span>\n","protected":false},"excerpt":{"rendered":"<p>A pesar de ser minoritarios en proporci\u00f3n, los votantes de centroderecha y derecha en Catalu\u00f1a constituyen un grupo significativo\u00a0que incluye tanto a la derecha catalanista (por ejemplo, algunos votantes de Junts per Catalunya, tradicionalmente de la antigua Convergencia) como a la derecha constitucionalista espa\u00f1ola (votantes del PP, Vox y anteriormente Cs). Estos subgrupos difieren en el eje nacional, pero comparten ciertas prioridades cl\u00e1sicas de la derecha.\u00a0 Derecha espa\u00f1olista Un tema central para los votantes de derecha espa\u00f1olista es la unidad de Espa\u00f1a y la estabilidad institucional. Tienden a apoyar enfoques duros contra el independentismo y valoran la defensa de la Constituci\u00f3n y el orden legal. Mensajes de ley y orden, apoyo a las fuerzas de seguridad del Estado y rechazo a concesiones al separatismo les resultan movilizadores. As\u00ed pues, para este segmento las cuestiones identitarias patri\u00f3ticas (bandera, lengua espa\u00f1ola, rechazo a los privilegios regionales) son fundamentales. Asimismo, suelen preocuparse por la\u00a0seguridad ciudadana y la inmigraci\u00f3n\u00a0en mayor medida que la media de los catalanes; partidos de derecha explotaron temas como la ocupaci\u00f3n ilegal de viviendas, la delincuencia urbana o la gesti\u00f3n de la inmigraci\u00f3n para ganar apoyos en barrios populares.\u00a0\u00a0 Derecha catalanista Por otra parte, los\u00a0votantes de la derecha catalanista\u00a0(una franja tradicional asociada a la antigua CiU, de perfil m\u00e1s conservador en el \u00e1mbito econ\u00f3mico pero catalanista en el identitario) priorizan\u00a0temas como la econom\u00eda, la empresa y la gesti\u00f3n eficiente, junto con un deseo de ampliar el autogobierno, pero sin estridencias que perjudiquen a la econom\u00eda.\u00a0 Suelen ser partidarios de pol\u00edticas liberales (bajar impuestos, atraer inversi\u00f3n, infraestructuras) y reclaman estabilidad para los negocios. Este perfil, que podr\u00eda englobar a ciertos votantes de Junts, quiere preservar la identidad catalana (lengua, competencias) pero al mismo tiempo mantener buenas relaciones comerciales con el resto de Espa\u00f1a y Europa. Por eso, un\u00a0enfoque exitoso hacia la derecha catalanista\u00a0combinar\u00eda el mensaje de \u201cCatalu\u00f1a fuerte econ\u00f3micamente\u201d con reivindicaciones de mayor financiaci\u00f3n\/autonom\u00eda dentro de la legalidad. En contraste, la derecha espa\u00f1olista prioriza \u00abCatalu\u00f1a integrada en Espa\u00f1a\u00a0\u00bb por encima de cualquier diferencial econ\u00f3mico.\u00a0\u00a0 Puntos en com\u00fan Sin embargo, hay puntos en com\u00fan:\u00a0ambos sectores de derecha valoran el orden, la estabilidad y la reactivaci\u00f3n econ\u00f3mica mediante la empresa privada. Temas con tirada aqu\u00ed incluyen la reducci\u00f3n de impuestos y burocracia, el apoyo a emprendedores, la seguridad jur\u00eddica para las inversiones y un mayor peso del sector privado en \u00e1mbitos como educaci\u00f3n o sanidad.\u00a0 De hecho, un\u00a019,1% de catalanes\u00a0(no s\u00f3lo de derechas) cree que los servicios p\u00fablicos funcionar\u00edan mejor gestionados por empresas privadas, pero esta idea cala especialmente en votantes de derecha liberal. Tambi\u00e9n hay sinton\u00eda en la cr\u00edtica a ciertas pol\u00edticas de la izquierda: los votantes de derecha suelen oponerse a las cuotas ling\u00fc\u00edsticas en comercio o audiovisuales, a las ocupaciones ilegales, y ven con malos ojos la llamada \u201cingenier\u00eda social\u201d del progresismo (por ejemplo, leyes de memoria hist\u00f3rica o algunas iniciativas LGTB+).\u00a0\u00a0 Por tanto,\u00a0mensajes de defensa de la libertad individual frente a imposiciones ideol\u00f3gicas, apoyo a la familia tradicional y a los cuerpos de seguridad, y mano dura contra el crimen y la corrupci\u00f3n\u00a0son eficaces en este caladero.\u00a0\u00a0 En resumen, para atraer al votante de derecha en Catalu\u00f1a se necesitan enfoques diferenciados seg\u00fan su sensibilidad nacional: Al espa\u00f1olista, hablarle de unidad nacional, firmeza frente al independentismo y orden p\u00fablico; al catalanista, poner \u00e9nfasis en la buena gesti\u00f3n, el pragmatismo econ\u00f3mico y un catalanismo moderado (pactista) que no comprometa la prosperidad. Ambos apreciar\u00e1n promesas de estabilidad, rebajas fiscales y cr\u00edtica al \u00abizquierdismo\u00bb del Gobierno. Sin embargo,\u00a0cabe recordar que este grupo es limitado:\u00a0s\u00f3lo aproximadamente uno de cada diez catalanes se sit\u00faa a la derecha ideol\u00f3gica, as\u00ed que su peso electoral es menor, concentr\u00e1ndose principalmente en determinadas zonas de Barcelona ciudad y el \u00e1rea metropolitana con mayor poblaci\u00f3n originaria de otras partes de Espa\u00f1a. Enfoques en el eje catalanismo-espa\u00f1olismo (autonomistas e independentistas moderados) El otro gran eje de la pol\u00edtica catalana es el\u00a0nacional: entre el catalanismo y el espa\u00f1olismo. Aqu\u00ed conviene distinguir a los electores claramente\u00a0independentistas o unionistas \u201cduros\u201d\u00a0de aquellos que podr\u00edamos llamar\u00a0autonomistas e independentistas moderados, que representan posiciones m\u00e1s centradas y numerosas. Estos \u00faltimos incluyen a quienes desean m\u00e1s autogobierno (e incluso un Estado federal) dentro de Espa\u00f1a y quienes, simpatizando con la idea de un Estado catal\u00e1n, prefieren v\u00edas graduales, pactadas y sin rupturas unilaterales.\u00a0\u00a0 Actualmente, despu\u00e9s de los choques del 2017,\u00a0parece que el votante medio catalanista se ha desplazado hacia la moderaci\u00f3n, valorando la necesidad de di\u00e1logo con Madrid. Paralelamente, muchos catalanes no independentistas aceptan que debe haber un mayor reconocimiento de la identidad catalana. As\u00ed,\u00a0los enfoques que m\u00e1s \u00e9xito pueden tener en este eje nacional son los que apelan al entendimiento y a soluciones intermedias.\u00a0\u00a0 Para el segmento\u00a0autonomista\/federalista\u00a0(vinculado en gran parte al PSC y a espacios como En Com\u00fa Podem), los mensajes ganadores son aquellos de\u00a0conciliaci\u00f3n y mejora del autogobierno sin ruptura. Por ejemplo, propuestas de\u00a0reformas constitucionales que mejor reconozcan la realidad plurinacional\u00a0de Espa\u00f1a, una\u00a0mejor financiaci\u00f3n para Catalu\u00f1a, la\u00a0protecci\u00f3n de la lengua catalana\u00a0dentro de un marco biling\u00fce, y en general un trato respetuoso hacia Catalu\u00f1a por parte del Estado.\u00a0\u00a0\u00a0 Estos votantes rechazan la independencia, pero muchos apoyar\u00edan un referendo acordado para cerrar el tema democr\u00e1ticamente. Por tanto, un enfoque de \u201cm\u00e1s autonom\u00eda y pacto\u201d \u2013similar al esp\u00edritu del nuevo Estatut que se intent\u00f3 en el 2006\u2013 puede atraerlos. Adem\u00e1s, valoran la estabilidad: despu\u00e9s de a\u00f1os de conflicto, priorizan volver a la normalidad institucional en la que Generalitat y Gobierno central colaboren.\u00a0El PSC ha capitalizado este sentimiento\u00a0con su discurso de \u00abpasar p\u00e1gina\u00bb del proceso y centrarse en \u00ablo que une\u00bb: econom\u00eda, servicios p\u00fablicos, etc., manteniendo al mismo tiempo una afirmaci\u00f3n de la identidad catalana (por ejemplo, defendiendo la inmersi\u00f3n ling\u00fc\u00edstica pero sin buscar la secesi\u00f3n). Por su parte, los\u00a0independentistas moderados\u00a0(que podemos identificar mayoritariamente con votantes de ERC y una parte de Junts) aspiran a la independencia, pero\u00a0han aprendido la importancia de la v\u00eda dialogada y de ampliar la base. Para ellos, resultan convincentes los enfoques que prometen\u00a0avances reales pero graduales hacia la soberan\u00eda, evitando aventuras unilaterales abocadas al fracaso. Temas como\u00a0la amnist\u00eda o indultos para los encausados \u200b\u200bdel 1-O,&#8230;<\/p>\n","protected":false},"author":19,"featured_media":87642,"comment_status":"open","ping_status":"open","sticky":false,"template":"","format":"standard","meta":{"_FSMCFIC_featured_image_caption":"","_FSMCFIC_featured_image_nocaption":"","_FSMCFIC_featured_image_hide":"","footnotes":""},"categories":[806],"tags":[1065,5204],"class_list":["post-87646","post","type-post","status-publish","format-standard","has-post-thumbnail","hentry","category-punts-claus-del-dia-es","tag-encuestas","tag-enquestes-catalunya-es"],"yoast_head":"<!-- This site is optimized with the Yoast SEO plugin v26.8 - https:\/\/yoast.com\/product\/yoast-seo-wordpress\/ -->\n<title>Diagn\u00f3stico pol\u00edtico de la sociedad catalana seg\u00fan las encuestas de opini\u00f3n pol\u00edtica (V). Votantes de derecha - Converses a Catalunya<\/title>\n<meta name=\"description\" content=\"Pese a ser minoritarios en proporci\u00f3n, los votantes de centroderecha y derecha en Catalu\u00f1a constituyen un grupo significativo\" \/>\n<meta name=\"robots\" content=\"index, follow, max-snippet:-1, max-image-preview:large, max-video-preview:-1\" \/>\n<link rel=\"canonical\" href=\"https:\/\/conversesacatalunya.cat\/?p=87520\" \/>\n<meta property=\"og:locale\" content=\"es_ES\" \/>\n<meta property=\"og:type\" content=\"article\" \/>\n<meta property=\"og:title\" content=\"Diagn\u00f3stico pol\u00edtico de la sociedad catalana seg\u00fan las encuestas de opini\u00f3n pol\u00edtica (V). Votantes de derecha - Converses a Catalunya\" \/>\n<meta property=\"og:description\" content=\"Pese a ser minoritarios en proporci\u00f3n, los votantes de centroderecha y derecha en Catalu\u00f1a constituyen un grupo significativo\" \/>\n<meta property=\"og:url\" content=\"https:\/\/conversesacatalunya.cat\/?p=87520\" \/>\n<meta property=\"og:site_name\" content=\"Converses a Catalunya\" \/>\n<meta property=\"article:published_time\" content=\"2025-04-21T07:00:59+00:00\" \/>\n<meta property=\"og:image\" content=\"https:\/\/conversesacatalunya.cat\/wp-content\/uploads\/2025\/04\/spain-4682980_640.jpg\" \/>\n\t<meta property=\"og:image:width\" content=\"640\" \/>\n\t<meta property=\"og:image:height\" content=\"427\" \/>\n\t<meta property=\"og:image:type\" content=\"image\/jpeg\" \/>\n<meta name=\"author\" content=\"Josep Mir\u00f3 i Ard\u00e8vol\" \/>\n<meta name=\"twitter:card\" content=\"summary_large_image\" \/>\n<meta name=\"twitter:label1\" content=\"Escrito por\" \/>\n\t<meta name=\"twitter:data1\" content=\"Josep Mir\u00f3 i Ard\u00e8vol\" \/>\n\t<meta name=\"twitter:label2\" content=\"Tiempo de lectura\" \/>\n\t<meta name=\"twitter:data2\" content=\"8 minutos\" \/>\n<script type=\"application\/ld+json\" class=\"yoast-schema-graph\">{\"@context\":\"https:\/\/schema.org\",\"@graph\":[{\"@type\":\"Article\",\"@id\":\"https:\/\/conversesacatalunya.cat\/?p=87520#article\",\"isPartOf\":{\"@id\":\"https:\/\/conversesacatalunya.cat\/?p=87520\"},\"author\":{\"name\":\"Josep Mir\u00f3 i Ard\u00e8vol\",\"@id\":\"https:\/\/conversesacatalunya.cat\/#\/schema\/person\/a9598a6786ba7d3d1c5e0de477b79370\"},\"headline\":\"Diagn\u00f3stico pol\u00edtico de la sociedad catalana seg\u00fan las encuestas de opini\u00f3n pol\u00edtica (V). Votantes de derecha\",\"datePublished\":\"2025-04-21T07:00:59+00:00\",\"mainEntityOfPage\":{\"@id\":\"https:\/\/conversesacatalunya.cat\/?p=87520\"},\"wordCount\":1720,\"commentCount\":1,\"image\":{\"@id\":\"https:\/\/conversesacatalunya.cat\/?p=87520#primaryimage\"},\"thumbnailUrl\":\"https:\/\/conversesacatalunya.cat\/wp-content\/uploads\/2025\/04\/spain-4682980_640.jpg\",\"keywords\":[\"Encuestas\",\"enquestes catalunya\"],\"articleSection\":[\"Punts clau del dia (ES)\"],\"inLanguage\":\"es\",\"potentialAction\":[{\"@type\":\"CommentAction\",\"name\":\"Comment\",\"target\":[\"https:\/\/conversesacatalunya.cat\/?p=87520#respond\"]}]},{\"@type\":\"WebPage\",\"@id\":\"https:\/\/conversesacatalunya.cat\/?p=87520\",\"url\":\"https:\/\/conversesacatalunya.cat\/?p=87520\",\"name\":\"Diagn\u00f3stico pol\u00edtico de la sociedad catalana seg\u00fan las encuestas de opini\u00f3n pol\u00edtica (V). Votantes de derecha - Converses a Catalunya\",\"isPartOf\":{\"@id\":\"https:\/\/conversesacatalunya.cat\/#website\"},\"primaryImageOfPage\":{\"@id\":\"https:\/\/conversesacatalunya.cat\/?p=87520#primaryimage\"},\"image\":{\"@id\":\"https:\/\/conversesacatalunya.cat\/?p=87520#primaryimage\"},\"thumbnailUrl\":\"https:\/\/conversesacatalunya.cat\/wp-content\/uploads\/2025\/04\/spain-4682980_640.jpg\",\"datePublished\":\"2025-04-21T07:00:59+00:00\",\"author\":{\"@id\":\"https:\/\/conversesacatalunya.cat\/#\/schema\/person\/a9598a6786ba7d3d1c5e0de477b79370\"},\"description\":\"Pese a ser minoritarios en proporci\u00f3n, los votantes de centroderecha y derecha en Catalu\u00f1a constituyen un grupo significativo\",\"breadcrumb\":{\"@id\":\"https:\/\/conversesacatalunya.cat\/?p=87520#breadcrumb\"},\"inLanguage\":\"es\",\"potentialAction\":[{\"@type\":\"ReadAction\",\"target\":[\"https:\/\/conversesacatalunya.cat\/?p=87520\"]}]},{\"@type\":\"ImageObject\",\"inLanguage\":\"es\",\"@id\":\"https:\/\/conversesacatalunya.cat\/?p=87520#primaryimage\",\"url\":\"https:\/\/conversesacatalunya.cat\/wp-content\/uploads\/2025\/04\/spain-4682980_640.jpg\",\"contentUrl\":\"https:\/\/conversesacatalunya.cat\/wp-content\/uploads\/2025\/04\/spain-4682980_640.jpg\",\"width\":640,\"height\":427,\"caption\":\"votantes derecha Catalu\u00f1a\"},{\"@type\":\"BreadcrumbList\",\"@id\":\"https:\/\/conversesacatalunya.cat\/?p=87520#breadcrumb\",\"itemListElement\":[{\"@type\":\"ListItem\",\"position\":1,\"name\":\"Inici\",\"item\":\"https:\/\/conversesacatalunya.cat\/es\/\"},{\"@type\":\"ListItem\",\"position\":2,\"name\":\"Diagn\u00f3stico pol\u00edtico de la sociedad catalana seg\u00fan las encuestas de opini\u00f3n pol\u00edtica (V). Votantes de derecha\"}]},{\"@type\":\"WebSite\",\"@id\":\"https:\/\/conversesacatalunya.cat\/#website\",\"url\":\"https:\/\/conversesacatalunya.cat\/\",\"name\":\"Converses a Catalunya\",\"description\":\"\",\"potentialAction\":[{\"@type\":\"SearchAction\",\"target\":{\"@type\":\"EntryPoint\",\"urlTemplate\":\"https:\/\/conversesacatalunya.cat\/?s={search_term_string}\"},\"query-input\":{\"@type\":\"PropertyValueSpecification\",\"valueRequired\":true,\"valueName\":\"search_term_string\"}}],\"inLanguage\":\"es\"},{\"@type\":\"Person\",\"@id\":\"https:\/\/conversesacatalunya.cat\/#\/schema\/person\/a9598a6786ba7d3d1c5e0de477b79370\",\"name\":\"Josep Mir\u00f3 i Ard\u00e8vol\",\"image\":{\"@type\":\"ImageObject\",\"inLanguage\":\"es\",\"@id\":\"https:\/\/conversesacatalunya.cat\/#\/schema\/person\/image\/\",\"url\":\"https:\/\/conversesacatalunya.cat\/wp-content\/litespeed\/avatar\/c37e3dc881857483d6694cdf98fdedea.jpg?ver=1776665324\",\"contentUrl\":\"https:\/\/conversesacatalunya.cat\/wp-content\/litespeed\/avatar\/c37e3dc881857483d6694cdf98fdedea.jpg?ver=1776665324\",\"caption\":\"Josep Mir\u00f3 i Ard\u00e8vol\"},\"url\":\"https:\/\/conversesacatalunya.cat\/es\/author\/josep-miro-i-ardevol\/\"}]}<\/script>\n<!-- \/ Yoast SEO plugin. -->","yoast_head_json":{"title":"Diagn\u00f3stico pol\u00edtico de la sociedad catalana seg\u00fan las encuestas de opini\u00f3n pol\u00edtica (V). Votantes de derecha - Converses a Catalunya","description":"Pese a ser minoritarios en proporci\u00f3n, los votantes de centroderecha y derecha en Catalu\u00f1a constituyen un grupo significativo","robots":{"index":"index","follow":"follow","max-snippet":"max-snippet:-1","max-image-preview":"max-image-preview:large","max-video-preview":"max-video-preview:-1"},"canonical":"https:\/\/conversesacatalunya.cat\/?p=87520","og_locale":"es_ES","og_type":"article","og_title":"Diagn\u00f3stico pol\u00edtico de la sociedad catalana seg\u00fan las encuestas de opini\u00f3n pol\u00edtica (V). Votantes de derecha - Converses a Catalunya","og_description":"Pese a ser minoritarios en proporci\u00f3n, los votantes de centroderecha y derecha en Catalu\u00f1a constituyen un grupo significativo","og_url":"https:\/\/conversesacatalunya.cat\/?p=87520","og_site_name":"Converses a Catalunya","article_published_time":"2025-04-21T07:00:59+00:00","og_image":[{"width":640,"height":427,"url":"https:\/\/conversesacatalunya.cat\/wp-content\/uploads\/2025\/04\/spain-4682980_640.jpg","type":"image\/jpeg"}],"author":"Josep Mir\u00f3 i Ard\u00e8vol","twitter_card":"summary_large_image","twitter_misc":{"Escrito por":"Josep Mir\u00f3 i Ard\u00e8vol","Tiempo de lectura":"8 minutos"},"schema":{"@context":"https:\/\/schema.org","@graph":[{"@type":"Article","@id":"https:\/\/conversesacatalunya.cat\/?p=87520#article","isPartOf":{"@id":"https:\/\/conversesacatalunya.cat\/?p=87520"},"author":{"name":"Josep Mir\u00f3 i Ard\u00e8vol","@id":"https:\/\/conversesacatalunya.cat\/#\/schema\/person\/a9598a6786ba7d3d1c5e0de477b79370"},"headline":"Diagn\u00f3stico pol\u00edtico de la sociedad catalana seg\u00fan las encuestas de opini\u00f3n pol\u00edtica (V). Votantes de derecha","datePublished":"2025-04-21T07:00:59+00:00","mainEntityOfPage":{"@id":"https:\/\/conversesacatalunya.cat\/?p=87520"},"wordCount":1720,"commentCount":1,"image":{"@id":"https:\/\/conversesacatalunya.cat\/?p=87520#primaryimage"},"thumbnailUrl":"https:\/\/conversesacatalunya.cat\/wp-content\/uploads\/2025\/04\/spain-4682980_640.jpg","keywords":["Encuestas","enquestes catalunya"],"articleSection":["Punts clau del dia (ES)"],"inLanguage":"es","potentialAction":[{"@type":"CommentAction","name":"Comment","target":["https:\/\/conversesacatalunya.cat\/?p=87520#respond"]}]},{"@type":"WebPage","@id":"https:\/\/conversesacatalunya.cat\/?p=87520","url":"https:\/\/conversesacatalunya.cat\/?p=87520","name":"Diagn\u00f3stico pol\u00edtico de la sociedad catalana seg\u00fan las encuestas de opini\u00f3n pol\u00edtica (V). Votantes de derecha - Converses a Catalunya","isPartOf":{"@id":"https:\/\/conversesacatalunya.cat\/#website"},"primaryImageOfPage":{"@id":"https:\/\/conversesacatalunya.cat\/?p=87520#primaryimage"},"image":{"@id":"https:\/\/conversesacatalunya.cat\/?p=87520#primaryimage"},"thumbnailUrl":"https:\/\/conversesacatalunya.cat\/wp-content\/uploads\/2025\/04\/spain-4682980_640.jpg","datePublished":"2025-04-21T07:00:59+00:00","author":{"@id":"https:\/\/conversesacatalunya.cat\/#\/schema\/person\/a9598a6786ba7d3d1c5e0de477b79370"},"description":"Pese a ser minoritarios en proporci\u00f3n, los votantes de centroderecha y derecha en Catalu\u00f1a constituyen un grupo significativo","breadcrumb":{"@id":"https:\/\/conversesacatalunya.cat\/?p=87520#breadcrumb"},"inLanguage":"es","potentialAction":[{"@type":"ReadAction","target":["https:\/\/conversesacatalunya.cat\/?p=87520"]}]},{"@type":"ImageObject","inLanguage":"es","@id":"https:\/\/conversesacatalunya.cat\/?p=87520#primaryimage","url":"https:\/\/conversesacatalunya.cat\/wp-content\/uploads\/2025\/04\/spain-4682980_640.jpg","contentUrl":"https:\/\/conversesacatalunya.cat\/wp-content\/uploads\/2025\/04\/spain-4682980_640.jpg","width":640,"height":427,"caption":"votantes derecha Catalu\u00f1a"},{"@type":"BreadcrumbList","@id":"https:\/\/conversesacatalunya.cat\/?p=87520#breadcrumb","itemListElement":[{"@type":"ListItem","position":1,"name":"Inici","item":"https:\/\/conversesacatalunya.cat\/es\/"},{"@type":"ListItem","position":2,"name":"Diagn\u00f3stico pol\u00edtico de la sociedad catalana seg\u00fan las encuestas de opini\u00f3n pol\u00edtica (V). Votantes de derecha"}]},{"@type":"WebSite","@id":"https:\/\/conversesacatalunya.cat\/#website","url":"https:\/\/conversesacatalunya.cat\/","name":"Converses a Catalunya","description":"","potentialAction":[{"@type":"SearchAction","target":{"@type":"EntryPoint","urlTemplate":"https:\/\/conversesacatalunya.cat\/?s={search_term_string}"},"query-input":{"@type":"PropertyValueSpecification","valueRequired":true,"valueName":"search_term_string"}}],"inLanguage":"es"},{"@type":"Person","@id":"https:\/\/conversesacatalunya.cat\/#\/schema\/person\/a9598a6786ba7d3d1c5e0de477b79370","name":"Josep Mir\u00f3 i Ard\u00e8vol","image":{"@type":"ImageObject","inLanguage":"es","@id":"https:\/\/conversesacatalunya.cat\/#\/schema\/person\/image\/","url":"https:\/\/conversesacatalunya.cat\/wp-content\/litespeed\/avatar\/c37e3dc881857483d6694cdf98fdedea.jpg?ver=1776665324","contentUrl":"https:\/\/conversesacatalunya.cat\/wp-content\/litespeed\/avatar\/c37e3dc881857483d6694cdf98fdedea.jpg?ver=1776665324","caption":"Josep Mir\u00f3 i Ard\u00e8vol"},"url":"https:\/\/conversesacatalunya.cat\/es\/author\/josep-miro-i-ardevol\/"}]}},"wps_subtitle":"Electoralmente los moderados suman m\u00e1s: la mayor\u00eda de los catalanes (alrededor del 70%) rechaza las posiciones extremas y se sit\u00faa en f\u00f3rmulas intermedias (ya sea un catalanismo pactista o un unionismo reformista)","_links":{"self":[{"href":"https:\/\/conversesacatalunya.cat\/es\/wp-json\/wp\/v2\/posts\/87646","targetHints":{"allow":["GET"]}}],"collection":[{"href":"https:\/\/conversesacatalunya.cat\/es\/wp-json\/wp\/v2\/posts"}],"about":[{"href":"https:\/\/conversesacatalunya.cat\/es\/wp-json\/wp\/v2\/types\/post"}],"author":[{"embeddable":true,"href":"https:\/\/conversesacatalunya.cat\/es\/wp-json\/wp\/v2\/users\/19"}],"replies":[{"embeddable":true,"href":"https:\/\/conversesacatalunya.cat\/es\/wp-json\/wp\/v2\/comments?post=87646"}],"version-history":[{"count":7,"href":"https:\/\/conversesacatalunya.cat\/es\/wp-json\/wp\/v2\/posts\/87646\/revisions"}],"predecessor-version":[{"id":87647,"href":"https:\/\/conversesacatalunya.cat\/es\/wp-json\/wp\/v2\/posts\/87646\/revisions\/87647"}],"wp:featuredmedia":[{"embeddable":true,"href":"https:\/\/conversesacatalunya.cat\/es\/wp-json\/wp\/v2\/media\/87642"}],"wp:attachment":[{"href":"https:\/\/conversesacatalunya.cat\/es\/wp-json\/wp\/v2\/media?parent=87646"}],"wp:term":[{"taxonomy":"category","embeddable":true,"href":"https:\/\/conversesacatalunya.cat\/es\/wp-json\/wp\/v2\/categories?post=87646"},{"taxonomy":"post_tag","embeddable":true,"href":"https:\/\/conversesacatalunya.cat\/es\/wp-json\/wp\/v2\/tags?post=87646"}],"curies":[{"name":"wp","href":"https:\/\/api.w.org\/{rel}","templated":true}]}}