{"id":87578,"date":"2025-04-17T10:34:38","date_gmt":"2025-04-17T08:34:38","guid":{"rendered":"https:\/\/conversesacatalunya.cat\/?p=87578"},"modified":"2025-04-17T10:52:28","modified_gmt":"2025-04-17T08:52:28","slug":"dana-incompetencia-politica-y-tecnica","status":"publish","type":"post","link":"https:\/\/conversesacatalunya.cat\/es\/dana-incompetencia-politica-y-tecnica\/","title":{"rendered":"DANA en el Pa\u00eds Valenciano: la tormenta perfecta de incompetencia pol\u00edtica y t\u00e9cnica"},"content":{"rendered":"<p><span><span class=\"VIpgJd-yAWNEb-VIpgJd-fmcmS-sn54Q\">Lo que ha pasado con la DANA en el Pa\u00eds Valenciano deber\u00eda alertarnos porque revela un problema creciente de nuestras administraciones p\u00fablicas: su degradaci\u00f3n por la combinaci\u00f3n de la incompetencia pol\u00edtica y t\u00e9cnica, en una din\u00e1mica donde\u00a0<\/span><\/span><strong><span><span class=\"VIpgJd-yAWNEb-VIpgJd-fmcmS-sn54Q\">los problemas de las personas son simplemente munici\u00f3n en manos de los partidos pol\u00edticos para da\u00f1arse unos a otros.<\/span><\/span><\/strong><\/p>\n<p><span><span class=\"VIpgJd-yAWNEb-VIpgJd-fmcmS-sn54Q\">La tragedia humana y material provocada por la DANA que azot\u00f3 la Comunidad Valenciana en octubre de 2024 dej\u00f3 un rastro de devastaci\u00f3n: 227 personas fallecidas, un desaparecido, barrios arrasados \u200b\u200bpor el agua y una sociedad conmocionada. Pero m\u00e1s all\u00e1 de las im\u00e1genes del desastre, el episodio ha puesto al descubierto un problema estructural mucho m\u00e1s profundo:\u00a0<\/span><\/span><strong><span><span class=\"VIpgJd-yAWNEb-VIpgJd-fmcmS-sn54Q\">la ineficacia de las administraciones p\u00fablicas<\/span><\/span><\/strong><span><span class=\"VIpgJd-yAWNEb-VIpgJd-fmcmS-sn54Q\">\u00a0y una preocupante cadena de errores pol\u00edticos, t\u00e9cnicos y de comunicaci\u00f3n que ha amplificado la cat\u00e1strofe hasta l\u00edmites insoportables.<\/span><\/span><\/p>\n<p><span>En el centro del hurac\u00e1n pol\u00edtico se encuentra el presidente de la Generalitat,\u00a0<\/span><strong><span>Carlos Maz\u00f3n<\/span><\/strong><span>,\u00a0cuya gesti\u00f3n ha sido duramente cuestionada. En pleno despliegue de la emergencia por lluvias torrenciales, mientras la situaci\u00f3n empeoraba hora tras hora, Maz\u00f3n no estaba supervisando la respuesta institucional ni coordinando recursos.<\/span><\/p>\n<p><span><span class=\"VIpgJd-yAWNEb-VIpgJd-fmcmS-sn54Q\">Seg\u00fan sus propias declaraciones, dedic\u00f3 una parte cr\u00edtica de aquella jornada a un almuerzo con la periodista Maribel Vilaplana, en un intento de convencerla para asumir la direcci\u00f3n de \u00c0 Punt, la televisi\u00f3n p\u00fablica valenciana. No era imprescindible que el presidente estuviera f\u00edsicamente en la sala de operaciones, pero s\u00ed era fundamental que\u00a0<\/span><\/span><strong><span><span class=\"VIpgJd-yAWNEb-VIpgJd-fmcmS-sn54Q\">mostrara control y seguimiento directo del drama<\/span><\/span><\/strong><span><span class=\"VIpgJd-yAWNEb-VIpgJd-fmcmS-sn54Q\">\u00a0que se desarrollaba sobre el territorio. No lo hizo.<\/span><\/span><\/p>\n<p><span>Quien s\u00ed ten\u00eda que estar \u2014y tampoco lo estuvo debidamente\u2014 era la consejera de Justicia e Interior y m\u00e1xima responsable de Protecci\u00f3n Civil,\u00a0<\/span><strong><span>Salom\u00e9 Pradas<\/span><\/strong><span>. Su gesti\u00f3n ha sido tan nefasta que no solo fue destituida semanas despu\u00e9s, sino que actualmente est\u00e1 imputada por homicidio y lesiones por imprudencia.<\/span><\/p>\n<p><span>Pradas reconoci\u00f3 ante la jueza instructora que\u00a0<\/span><strong><span>no ten\u00eda formaci\u00f3n ni preparaci\u00f3n para el cargo<\/span><\/strong><span>, y cuyo nombramiento fue una decisi\u00f3n directa de Maz\u00f3n. Durante las horas cr\u00edticas del 29 de octubre, intent\u00f3 sin \u00e9xito contactar con el presidente mientras el barranco del Pollo se desbordaba, arrasando viviendas y causando numerosas v\u00edctimas, especialmente en Paiporta y otras localidades de l&#8217;Horta Sud.<\/span><\/p>\n<p><span><span class=\"VIpgJd-yAWNEb-VIpgJd-fmcmS-sn54Q\">Pero los errores garrafales del Consell no agotan la magnitud del desastre ni deben\u00a0<\/span><\/span><strong><span><span class=\"VIpgJd-yAWNEb-VIpgJd-fmcmS-sn54Q\">servir de coartada por el papel jugado por el Gobierno<\/span><\/span><\/strong><span><span class=\"VIpgJd-yAWNEb-VIpgJd-fmcmS-sn54Q\">,\u00a0que ha actuado con una\u00a0<\/span><\/span><strong><span><span class=\"VIpgJd-yAWNEb-VIpgJd-fmcmS-sn54Q\">doble irresponsabilidad<\/span><\/span><\/strong><span><span class=\"VIpgJd-yAWNEb-VIpgJd-fmcmS-sn54Q\">.\u00a0Por un lado, ha intentado convertir la tragedia en un arma electoral, cargando toda la responsabilidad en la Generalitat, adversario pol\u00edtico del PSOE. Por otro, ha ocultado su propia negligencia. Durante m\u00e1s de seis a\u00f1os,\u00a0<\/span><\/span><strong><span><span class=\"VIpgJd-yAWNEb-VIpgJd-fmcmS-sn54Q\">el Ejecutivo\u00a0<\/span><\/span><a href=\"https:\/\/conversesacatalunya.cat\/es\/a-proposito-de-la-tragedia-valenciana-la-declaracion-de-la-corriente-social-cristiana\/\" target=\"_blank\" rel=\"noopener\"><span><span class=\"VIpgJd-yAWNEb-VIpgJd-fmcmS-sn54Q\">paraliz\u00f3 las obras hidr\u00e1ulicas<\/span><\/span><\/a><span><span class=\"VIpgJd-yAWNEb-VIpgJd-fmcmS-sn54Q\">\u00a0previstas para prevenir inundaciones en la zona<\/span><\/span><\/strong><span><span class=\"VIpgJd-yAWNEb-VIpgJd-fmcmS-sn54Q\">.\u00a0Obras que, de haberse ejecutado, podr\u00edan haber evitado muchas de las muertes que ahora se lamentan.<\/span><\/span><\/p>\n<p><span>Tras la tragedia,<strong> la actitud del Gobierno fue de una mezquindad notable en la coordinaci\u00f3n y el apoyo<\/strong>. Y lo m\u00e1s grave: durante la jornada del desastre, el Centro de Coordinaci\u00f3n Operativa Integrada (CECOPI), encargado de dirigir la respuesta institucional, no fue informado del desbordamiento de los barrancos ni del riesgo extremo que se avecinaba. As\u00ed lo revel\u00f3 la delegada del Gobierno en la Comunidad Valenciana, Pilar Bernab\u00e9, ante el Juzgado de Instrucci\u00f3n n\u00famero 3 de Catarroja. Su testimonio dej\u00f3 claro que\u00a0<\/span><strong><span>en el centro neur\u00e1lgico de la emergencia se desconoc\u00eda el origen real del peligro:<\/span><\/strong><span>\u00a0las riadas provocadas por el desbordamiento del barranco del Pollo.<\/span><\/p>\n<p><span><span class=\"VIpgJd-yAWNEb-VIpgJd-fmcmS-sn54Q\">La raz\u00f3n de este error cr\u00edtico fue, seg\u00fan todas las evidencias, la inoperancia de la\u00a0<\/span><strong><span class=\"VIpgJd-yAWNEb-VIpgJd-fmcmS-sn54Q\">Confederaci\u00f3n\u00a0<\/span><\/strong><\/span><strong><span><span class=\"VIpgJd-yAWNEb-VIpgJd-fmcmS-sn54Q\">Hidrogr\u00e1fica del J\u00facar<\/span><\/span><\/strong><span><span class=\"VIpgJd-yAWNEb-VIpgJd-fmcmS-sn54Q\">,\u00a0organismo estatal encargado de supervisar los cursos de agua.<\/span><span class=\"VIpgJd-yAWNEb-VIpgJd-fmcmS-sn54Q\"> No solo no alert\u00f3 a tiempo, sino que probablemente ni siquiera contaba con informaci\u00f3n precisa de lo que estaba ocurriendo. Y aqu\u00ed se destapa un problema sist\u00e9mico: pol\u00edticos mal preparados, ocupando cargos para los que carecen de formaci\u00f3n, y una estructura t\u00e9cnica incapaz de ofrecer datos fiables en tiempo real.<\/span><\/span><\/p>\n<h4><strong><span><span class=\"VIpgJd-yAWNEb-VIpgJd-fmcmS-sn54Q\">En una emergencia de esta magnitud existen dos niveles de informaci\u00f3n clave.<\/span><\/span><\/strong><\/h4>\n<p><strong><span><span class=\"VIpgJd-yAWNEb-VIpgJd-fmcmS-sn54Q\">El primero tiene que ver con la protecci\u00f3n civil:<\/span><\/span><\/strong><span><span class=\"VIpgJd-yAWNEb-VIpgJd-fmcmS-sn54Q\">\u00a0alertas a la poblaci\u00f3n, medidas preventivas, coordinaci\u00f3n de recursos. Aqu\u00ed fall\u00f3 estrepitosamente el gobierno auton\u00f3mico. Pero\u00a0<\/span><\/span><strong><span><span class=\"VIpgJd-yAWNEb-VIpgJd-fmcmS-sn54Q\">el segundo nivel<\/span><\/span><\/strong><span><span class=\"VIpgJd-yAWNEb-VIpgJd-fmcmS-sn54Q\">, a\u00fan m\u00e1s b\u00e1sico, es el que deb\u00eda proveer la Confederaci\u00f3n: una\u00a0<\/span><\/span><strong><span><span class=\"VIpgJd-yAWNEb-VIpgJd-fmcmS-sn54Q\">informaci\u00f3n clara, en tiempo y forma, sobre el riesgo de desbordamientos<\/span><\/span><\/strong><span><span class=\"VIpgJd-yAWNEb-VIpgJd-fmcmS-sn54Q\">.\u00a0Sin estos datos, cualquier estrategia de protecci\u00f3n civil carece de fundamento.<\/span><\/span><\/p>\n<p><strong><span><span class=\"VIpgJd-yAWNEb-VIpgJd-fmcmS-sn54Q\">Si el CECOPI hubiera recibido alertas adecuadas sobre el desbordamiento del barranco del Pollo<\/span><\/span><\/strong><span><span class=\"VIpgJd-yAWNEb-VIpgJd-fmcmS-sn54Q\">, la respuesta habr\u00eda sido, si no perfecta, al menos mucho m\u00e1s eficaz. Pero ni eso. El resultado ha sido una tragedia que evidencia el colapso de un sistema: una administraci\u00f3n en la que los pol\u00edticos carecen de visi\u00f3n y formaci\u00f3n, y los t\u00e9cnicos no est\u00e1n en condiciones de cumplir con su deber m\u00e1s elemental.<\/span><\/span><\/p>\n<p><span><span class=\"VIpgJd-yAWNEb-VIpgJd-fmcmS-sn54Q\">La DANA de Valencia no fue solo una cat\u00e1strofe natural. Fue tambi\u00e9n \u2014y sobre todo\u2014\u00a0<\/span><\/span><strong><span><span class=\"VIpgJd-yAWNEb-VIpgJd-fmcmS-sn54Q\">un naufragio institucional<\/span><\/span><\/strong><span><span class=\"VIpgJd-yAWNEb-VIpgJd-fmcmS-sn54Q\">.\u00a0Un aviso de que, si no se produce una regeneraci\u00f3n profunda de c\u00f3mo se gobierna y gestiona el p\u00fablico, las pr\u00f3ximas lluvias volver\u00e1n a convertirse en funerales.<\/span><\/span><\/p>\n<span class='bctt-click-to-tweet'><span class='bctt-ctt-text'><a href='https:\/\/twitter.com\/intent\/tweet?url=https%3A%2F%2Fconversesacatalunya.cat%2Fes%2Fdana-incompetencia-politica-y-tecnica%2F&#038;text=Degradaci%C3%B3n%20por%20la%20combinaci%C3%B3n%20de%20la%20incompetencia%20pol%C3%ADtica%20y%20t%C3%A9cnica%2C%20en%20una%20din%C3%A1mica%20donde%20los%20problemas%20de%20las%20personas%20son%20simplemente%20munici%C3%B3n%20en%20manos%20de%20los%20partidos%20pol%C3%ADticos%20para%20da%C3%B1arse%20unos%20a%20otros&#038;via=conversesacat&#038;related=conversesacat' target='_blank'rel=\"noopener noreferrer\">Degradaci\u00f3n por la combinaci\u00f3n de la incompetencia pol\u00edtica y t\u00e9cnica, en una din\u00e1mica donde los problemas de las personas son simplemente munici\u00f3n en manos de los partidos pol\u00edticos para da\u00f1arse unos a otros <\/a><\/span><a href='https:\/\/twitter.com\/intent\/tweet?url=https%3A%2F%2Fconversesacatalunya.cat%2Fes%2Fdana-incompetencia-politica-y-tecnica%2F&#038;text=Degradaci%C3%B3n%20por%20la%20combinaci%C3%B3n%20de%20la%20incompetencia%20pol%C3%ADtica%20y%20t%C3%A9cnica%2C%20en%20una%20din%C3%A1mica%20donde%20los%20problemas%20de%20las%20personas%20son%20simplemente%20munici%C3%B3n%20en%20manos%20de%20los%20partidos%20pol%C3%ADticos%20para%20da%C3%B1arse%20unos%20a%20otros&#038;via=conversesacat&#038;related=conversesacat' target='_blank' class='bctt-ctt-btn'rel=\"noopener noreferrer\">Compartir en X<\/a><\/span>\n","protected":false},"excerpt":{"rendered":"<p>Lo que ha pasado con la DANA en el Pa\u00eds Valenciano deber\u00eda alertarnos porque revela un problema creciente de nuestras administraciones p\u00fablicas: su degradaci\u00f3n por la combinaci\u00f3n de la incompetencia pol\u00edtica y t\u00e9cnica, en una din\u00e1mica donde\u00a0los problemas de las personas son simplemente munici\u00f3n en manos de los partidos pol\u00edticos para da\u00f1arse unos a otros. La tragedia humana y material provocada por la DANA que azot\u00f3 la Comunidad Valenciana en octubre de 2024 dej\u00f3 un rastro de devastaci\u00f3n: 227 personas fallecidas, un desaparecido, barrios arrasados \u200b\u200bpor el agua y una sociedad conmocionada. Pero m\u00e1s all\u00e1 de las im\u00e1genes del desastre, el episodio ha puesto al descubierto un problema estructural mucho m\u00e1s profundo:\u00a0la ineficacia de las administraciones p\u00fablicas\u00a0y una preocupante cadena de errores pol\u00edticos, t\u00e9cnicos y de comunicaci\u00f3n que ha amplificado la cat\u00e1strofe hasta l\u00edmites insoportables. En el centro del hurac\u00e1n pol\u00edtico se encuentra el presidente de la Generalitat,\u00a0Carlos Maz\u00f3n,\u00a0cuya gesti\u00f3n ha sido duramente cuestionada. En pleno despliegue de la emergencia por lluvias torrenciales, mientras la situaci\u00f3n empeoraba hora tras hora, Maz\u00f3n no estaba supervisando la respuesta institucional ni coordinando recursos. Seg\u00fan sus propias declaraciones, dedic\u00f3 una parte cr\u00edtica de aquella jornada a un almuerzo con la periodista Maribel Vilaplana, en un intento de convencerla para asumir la direcci\u00f3n de \u00c0 Punt, la televisi\u00f3n p\u00fablica valenciana. No era imprescindible que el presidente estuviera f\u00edsicamente en la sala de operaciones, pero s\u00ed era fundamental que\u00a0mostrara control y seguimiento directo del drama\u00a0que se desarrollaba sobre el territorio. No lo hizo. Quien s\u00ed ten\u00eda que estar \u2014y tampoco lo estuvo debidamente\u2014 era la consejera de Justicia e Interior y m\u00e1xima responsable de Protecci\u00f3n Civil,\u00a0Salom\u00e9 Pradas. Su gesti\u00f3n ha sido tan nefasta que no solo fue destituida semanas despu\u00e9s, sino que actualmente est\u00e1 imputada por homicidio y lesiones por imprudencia. Pradas reconoci\u00f3 ante la jueza instructora que\u00a0no ten\u00eda formaci\u00f3n ni preparaci\u00f3n para el cargo, y cuyo nombramiento fue una decisi\u00f3n directa de Maz\u00f3n. Durante las horas cr\u00edticas del 29 de octubre, intent\u00f3 sin \u00e9xito contactar con el presidente mientras el barranco del Pollo se desbordaba, arrasando viviendas y causando numerosas v\u00edctimas, especialmente en Paiporta y otras localidades de l&#8217;Horta Sud. Pero los errores garrafales del Consell no agotan la magnitud del desastre ni deben\u00a0servir de coartada por el papel jugado por el Gobierno,\u00a0que ha actuado con una\u00a0doble irresponsabilidad.\u00a0Por un lado, ha intentado convertir la tragedia en un arma electoral, cargando toda la responsabilidad en la Generalitat, adversario pol\u00edtico del PSOE. Por otro, ha ocultado su propia negligencia. Durante m\u00e1s de seis a\u00f1os,\u00a0el Ejecutivo\u00a0paraliz\u00f3 las obras hidr\u00e1ulicas\u00a0previstas para prevenir inundaciones en la zona.\u00a0Obras que, de haberse ejecutado, podr\u00edan haber evitado muchas de las muertes que ahora se lamentan. Tras la tragedia, la actitud del Gobierno fue de una mezquindad notable en la coordinaci\u00f3n y el apoyo. Y lo m\u00e1s grave: durante la jornada del desastre, el Centro de Coordinaci\u00f3n Operativa Integrada (CECOPI), encargado de dirigir la respuesta institucional, no fue informado del desbordamiento de los barrancos ni del riesgo extremo que se avecinaba. As\u00ed lo revel\u00f3 la delegada del Gobierno en la Comunidad Valenciana, Pilar Bernab\u00e9, ante el Juzgado de Instrucci\u00f3n n\u00famero 3 de Catarroja. Su testimonio dej\u00f3 claro que\u00a0en el centro neur\u00e1lgico de la emergencia se desconoc\u00eda el origen real del peligro:\u00a0las riadas provocadas por el desbordamiento del barranco del Pollo. La raz\u00f3n de este error cr\u00edtico fue, seg\u00fan todas las evidencias, la inoperancia de la\u00a0Confederaci\u00f3n\u00a0Hidrogr\u00e1fica del J\u00facar,\u00a0organismo estatal encargado de supervisar los cursos de agua. No solo no alert\u00f3 a tiempo, sino que probablemente ni siquiera contaba con informaci\u00f3n precisa de lo que estaba ocurriendo. Y aqu\u00ed se destapa un problema sist\u00e9mico: pol\u00edticos mal preparados, ocupando cargos para los que carecen de formaci\u00f3n, y una estructura t\u00e9cnica incapaz de ofrecer datos fiables en tiempo real. En una emergencia de esta magnitud existen dos niveles de informaci\u00f3n clave. El primero tiene que ver con la protecci\u00f3n civil:\u00a0alertas a la poblaci\u00f3n, medidas preventivas, coordinaci\u00f3n de recursos. Aqu\u00ed fall\u00f3 estrepitosamente el gobierno auton\u00f3mico. Pero\u00a0el segundo nivel, a\u00fan m\u00e1s b\u00e1sico, es el que deb\u00eda proveer la Confederaci\u00f3n: una\u00a0informaci\u00f3n clara, en tiempo y forma, sobre el riesgo de desbordamientos.\u00a0Sin estos datos, cualquier estrategia de protecci\u00f3n civil carece de fundamento. Si el CECOPI hubiera recibido alertas adecuadas sobre el desbordamiento del barranco del Pollo, la respuesta habr\u00eda sido, si no perfecta, al menos mucho m\u00e1s eficaz. Pero ni eso. El resultado ha sido una tragedia que evidencia el colapso de un sistema: una administraci\u00f3n en la que los pol\u00edticos carecen de visi\u00f3n y formaci\u00f3n, y los t\u00e9cnicos no est\u00e1n en condiciones de cumplir con su deber m\u00e1s elemental. La DANA de Valencia no fue solo una cat\u00e1strofe natural. Fue tambi\u00e9n \u2014y sobre todo\u2014\u00a0un naufragio institucional.\u00a0Un aviso de que, si no se produce una regeneraci\u00f3n profunda de c\u00f3mo se gobierna y gestiona el p\u00fablico, las pr\u00f3ximas lluvias volver\u00e1n a convertirse en funerales.<\/p>\n","protected":false},"author":78,"featured_media":87575,"comment_status":"open","ping_status":"open","sticky":false,"template":"","format":"standard","meta":{"_FSMCFIC_featured_image_caption":"","_FSMCFIC_featured_image_nocaption":"","_FSMCFIC_featured_image_hide":"","footnotes":""},"categories":[806],"tags":[5212],"class_list":["post-87578","post","type-post","status-publish","format-standard","has-post-thumbnail","hentry","category-punts-claus-del-dia-es","tag-dana-es"],"yoast_head":"<!-- This site is optimized with the Yoast SEO plugin v26.8 - https:\/\/yoast.com\/product\/yoast-seo-wordpress\/ -->\n<title>DANA en el Pa\u00eds Valenciano: la tormenta perfecta de incompetencia pol\u00edtica y t\u00e9cnica - Converses a Catalunya<\/title>\n<meta name=\"description\" content=\"DANA combinaci\u00f3n de la incompetencia pol\u00edtica y t\u00e9cnica, donde los problemas de las personas son munici\u00f3n en manos de los partidos pol\u00edticos\" \/>\n<meta name=\"robots\" content=\"index, follow, max-snippet:-1, max-image-preview:large, max-video-preview:-1\" \/>\n<link rel=\"canonical\" href=\"https:\/\/conversesacatalunya.cat\/es\/dana-incompetencia-politica-y-tecnica\/\" \/>\n<meta property=\"og:locale\" content=\"es_ES\" \/>\n<meta property=\"og:type\" content=\"article\" \/>\n<meta property=\"og:title\" content=\"DANA en el Pa\u00eds Valenciano: la tormenta perfecta de incompetencia pol\u00edtica y t\u00e9cnica - Converses a Catalunya\" \/>\n<meta property=\"og:description\" content=\"DANA combinaci\u00f3n de la incompetencia pol\u00edtica y t\u00e9cnica, donde los problemas de las personas son munici\u00f3n en manos de los partidos pol\u00edticos\" \/>\n<meta property=\"og:url\" content=\"https:\/\/conversesacatalunya.cat\/es\/dana-incompetencia-politica-y-tecnica\/\" \/>\n<meta property=\"og:site_name\" content=\"Converses a Catalunya\" \/>\n<meta property=\"article:published_time\" content=\"2025-04-17T08:34:38+00:00\" \/>\n<meta property=\"article:modified_time\" content=\"2025-04-17T08:52:28+00:00\" \/>\n<meta property=\"og:image\" content=\"https:\/\/conversesacatalunya.cat\/wp-content\/uploads\/2025\/04\/flooded-5330617_640.jpg\" \/>\n\t<meta property=\"og:image:width\" content=\"640\" \/>\n\t<meta property=\"og:image:height\" content=\"427\" \/>\n\t<meta property=\"og:image:type\" content=\"image\/jpeg\" \/>\n<meta name=\"author\" content=\"Joan Masip\" \/>\n<meta name=\"twitter:card\" content=\"summary_large_image\" \/>\n<meta name=\"twitter:label1\" content=\"Escrito por\" \/>\n\t<meta name=\"twitter:data1\" content=\"Joan Masip\" \/>\n\t<meta name=\"twitter:label2\" content=\"Tiempo de lectura\" \/>\n\t<meta name=\"twitter:data2\" content=\"5 minutos\" \/>\n<script type=\"application\/ld+json\" class=\"yoast-schema-graph\">{\"@context\":\"https:\/\/schema.org\",\"@graph\":[{\"@type\":\"Article\",\"@id\":\"https:\/\/conversesacatalunya.cat\/es\/dana-incompetencia-politica-y-tecnica\/#article\",\"isPartOf\":{\"@id\":\"https:\/\/conversesacatalunya.cat\/es\/dana-incompetencia-politica-y-tecnica\/\"},\"author\":{\"name\":\"Joan Masip\",\"@id\":\"https:\/\/conversesacatalunya.cat\/#\/schema\/person\/311d0bf53def217d5124c78a7bc42275\"},\"headline\":\"DANA en el Pa\u00eds Valenciano: la tormenta perfecta de incompetencia pol\u00edtica y t\u00e9cnica\",\"datePublished\":\"2025-04-17T08:34:38+00:00\",\"dateModified\":\"2025-04-17T08:52:28+00:00\",\"mainEntityOfPage\":{\"@id\":\"https:\/\/conversesacatalunya.cat\/es\/dana-incompetencia-politica-y-tecnica\/\"},\"wordCount\":982,\"commentCount\":0,\"image\":{\"@id\":\"https:\/\/conversesacatalunya.cat\/es\/dana-incompetencia-politica-y-tecnica\/#primaryimage\"},\"thumbnailUrl\":\"https:\/\/conversesacatalunya.cat\/wp-content\/uploads\/2025\/04\/flooded-5330617_640.jpg\",\"keywords\":[\"DANA\"],\"articleSection\":[\"Punts clau del dia (ES)\"],\"inLanguage\":\"es\",\"potentialAction\":[{\"@type\":\"CommentAction\",\"name\":\"Comment\",\"target\":[\"https:\/\/conversesacatalunya.cat\/es\/dana-incompetencia-politica-y-tecnica\/#respond\"]}]},{\"@type\":\"WebPage\",\"@id\":\"https:\/\/conversesacatalunya.cat\/es\/dana-incompetencia-politica-y-tecnica\/\",\"url\":\"https:\/\/conversesacatalunya.cat\/es\/dana-incompetencia-politica-y-tecnica\/\",\"name\":\"DANA en el Pa\u00eds Valenciano: la tormenta perfecta de incompetencia pol\u00edtica y t\u00e9cnica - Converses a Catalunya\",\"isPartOf\":{\"@id\":\"https:\/\/conversesacatalunya.cat\/#website\"},\"primaryImageOfPage\":{\"@id\":\"https:\/\/conversesacatalunya.cat\/es\/dana-incompetencia-politica-y-tecnica\/#primaryimage\"},\"image\":{\"@id\":\"https:\/\/conversesacatalunya.cat\/es\/dana-incompetencia-politica-y-tecnica\/#primaryimage\"},\"thumbnailUrl\":\"https:\/\/conversesacatalunya.cat\/wp-content\/uploads\/2025\/04\/flooded-5330617_640.jpg\",\"datePublished\":\"2025-04-17T08:34:38+00:00\",\"dateModified\":\"2025-04-17T08:52:28+00:00\",\"author\":{\"@id\":\"https:\/\/conversesacatalunya.cat\/#\/schema\/person\/311d0bf53def217d5124c78a7bc42275\"},\"description\":\"DANA combinaci\u00f3n de la incompetencia pol\u00edtica y t\u00e9cnica, donde los problemas de las personas son munici\u00f3n en manos de los partidos pol\u00edticos\",\"breadcrumb\":{\"@id\":\"https:\/\/conversesacatalunya.cat\/es\/dana-incompetencia-politica-y-tecnica\/#breadcrumb\"},\"inLanguage\":\"es\",\"potentialAction\":[{\"@type\":\"ReadAction\",\"target\":[\"https:\/\/conversesacatalunya.cat\/es\/dana-incompetencia-politica-y-tecnica\/\"]}]},{\"@type\":\"ImageObject\",\"inLanguage\":\"es\",\"@id\":\"https:\/\/conversesacatalunya.cat\/es\/dana-incompetencia-politica-y-tecnica\/#primaryimage\",\"url\":\"https:\/\/conversesacatalunya.cat\/wp-content\/uploads\/2025\/04\/flooded-5330617_640.jpg\",\"contentUrl\":\"https:\/\/conversesacatalunya.cat\/wp-content\/uploads\/2025\/04\/flooded-5330617_640.jpg\",\"width\":640,\"height\":427,\"caption\":\"DANA incompetencia pol\u00edtica y t\u00e9cnica\"},{\"@type\":\"BreadcrumbList\",\"@id\":\"https:\/\/conversesacatalunya.cat\/es\/dana-incompetencia-politica-y-tecnica\/#breadcrumb\",\"itemListElement\":[{\"@type\":\"ListItem\",\"position\":1,\"name\":\"Inici\",\"item\":\"https:\/\/conversesacatalunya.cat\/es\/\"},{\"@type\":\"ListItem\",\"position\":2,\"name\":\"DANA en el Pa\u00eds Valenciano: la tormenta perfecta de incompetencia pol\u00edtica y t\u00e9cnica\"}]},{\"@type\":\"WebSite\",\"@id\":\"https:\/\/conversesacatalunya.cat\/#website\",\"url\":\"https:\/\/conversesacatalunya.cat\/\",\"name\":\"Converses a Catalunya\",\"description\":\"\",\"potentialAction\":[{\"@type\":\"SearchAction\",\"target\":{\"@type\":\"EntryPoint\",\"urlTemplate\":\"https:\/\/conversesacatalunya.cat\/?s={search_term_string}\"},\"query-input\":{\"@type\":\"PropertyValueSpecification\",\"valueRequired\":true,\"valueName\":\"search_term_string\"}}],\"inLanguage\":\"es\"},{\"@type\":\"Person\",\"@id\":\"https:\/\/conversesacatalunya.cat\/#\/schema\/person\/311d0bf53def217d5124c78a7bc42275\",\"name\":\"Joan Masip\",\"image\":{\"@type\":\"ImageObject\",\"inLanguage\":\"es\",\"@id\":\"https:\/\/conversesacatalunya.cat\/#\/schema\/person\/image\/\",\"url\":\"https:\/\/conversesacatalunya.cat\/wp-content\/litespeed\/avatar\/fa67b994763cff7d443f54b63ec96481.jpg?ver=1777372547\",\"contentUrl\":\"https:\/\/conversesacatalunya.cat\/wp-content\/litespeed\/avatar\/fa67b994763cff7d443f54b63ec96481.jpg?ver=1777372547\",\"caption\":\"Joan Masip\"},\"url\":\"https:\/\/conversesacatalunya.cat\/es\/author\/joan-masip\/\"}]}<\/script>\n<!-- \/ Yoast SEO plugin. -->","yoast_head_json":{"title":"DANA en el Pa\u00eds Valenciano: la tormenta perfecta de incompetencia pol\u00edtica y t\u00e9cnica - Converses a Catalunya","description":"DANA combinaci\u00f3n de la incompetencia pol\u00edtica y t\u00e9cnica, donde los problemas de las personas son munici\u00f3n en manos de los partidos pol\u00edticos","robots":{"index":"index","follow":"follow","max-snippet":"max-snippet:-1","max-image-preview":"max-image-preview:large","max-video-preview":"max-video-preview:-1"},"canonical":"https:\/\/conversesacatalunya.cat\/es\/dana-incompetencia-politica-y-tecnica\/","og_locale":"es_ES","og_type":"article","og_title":"DANA en el Pa\u00eds Valenciano: la tormenta perfecta de incompetencia pol\u00edtica y t\u00e9cnica - Converses a Catalunya","og_description":"DANA combinaci\u00f3n de la incompetencia pol\u00edtica y t\u00e9cnica, donde los problemas de las personas son munici\u00f3n en manos de los partidos pol\u00edticos","og_url":"https:\/\/conversesacatalunya.cat\/es\/dana-incompetencia-politica-y-tecnica\/","og_site_name":"Converses a Catalunya","article_published_time":"2025-04-17T08:34:38+00:00","article_modified_time":"2025-04-17T08:52:28+00:00","og_image":[{"width":640,"height":427,"url":"https:\/\/conversesacatalunya.cat\/wp-content\/uploads\/2025\/04\/flooded-5330617_640.jpg","type":"image\/jpeg"}],"author":"Joan Masip","twitter_card":"summary_large_image","twitter_misc":{"Escrito por":"Joan Masip","Tiempo de lectura":"5 minutos"},"schema":{"@context":"https:\/\/schema.org","@graph":[{"@type":"Article","@id":"https:\/\/conversesacatalunya.cat\/es\/dana-incompetencia-politica-y-tecnica\/#article","isPartOf":{"@id":"https:\/\/conversesacatalunya.cat\/es\/dana-incompetencia-politica-y-tecnica\/"},"author":{"name":"Joan Masip","@id":"https:\/\/conversesacatalunya.cat\/#\/schema\/person\/311d0bf53def217d5124c78a7bc42275"},"headline":"DANA en el Pa\u00eds Valenciano: la tormenta perfecta de incompetencia pol\u00edtica y t\u00e9cnica","datePublished":"2025-04-17T08:34:38+00:00","dateModified":"2025-04-17T08:52:28+00:00","mainEntityOfPage":{"@id":"https:\/\/conversesacatalunya.cat\/es\/dana-incompetencia-politica-y-tecnica\/"},"wordCount":982,"commentCount":0,"image":{"@id":"https:\/\/conversesacatalunya.cat\/es\/dana-incompetencia-politica-y-tecnica\/#primaryimage"},"thumbnailUrl":"https:\/\/conversesacatalunya.cat\/wp-content\/uploads\/2025\/04\/flooded-5330617_640.jpg","keywords":["DANA"],"articleSection":["Punts clau del dia (ES)"],"inLanguage":"es","potentialAction":[{"@type":"CommentAction","name":"Comment","target":["https:\/\/conversesacatalunya.cat\/es\/dana-incompetencia-politica-y-tecnica\/#respond"]}]},{"@type":"WebPage","@id":"https:\/\/conversesacatalunya.cat\/es\/dana-incompetencia-politica-y-tecnica\/","url":"https:\/\/conversesacatalunya.cat\/es\/dana-incompetencia-politica-y-tecnica\/","name":"DANA en el Pa\u00eds Valenciano: la tormenta perfecta de incompetencia pol\u00edtica y t\u00e9cnica - Converses a Catalunya","isPartOf":{"@id":"https:\/\/conversesacatalunya.cat\/#website"},"primaryImageOfPage":{"@id":"https:\/\/conversesacatalunya.cat\/es\/dana-incompetencia-politica-y-tecnica\/#primaryimage"},"image":{"@id":"https:\/\/conversesacatalunya.cat\/es\/dana-incompetencia-politica-y-tecnica\/#primaryimage"},"thumbnailUrl":"https:\/\/conversesacatalunya.cat\/wp-content\/uploads\/2025\/04\/flooded-5330617_640.jpg","datePublished":"2025-04-17T08:34:38+00:00","dateModified":"2025-04-17T08:52:28+00:00","author":{"@id":"https:\/\/conversesacatalunya.cat\/#\/schema\/person\/311d0bf53def217d5124c78a7bc42275"},"description":"DANA combinaci\u00f3n de la incompetencia pol\u00edtica y t\u00e9cnica, donde los problemas de las personas son munici\u00f3n en manos de los partidos pol\u00edticos","breadcrumb":{"@id":"https:\/\/conversesacatalunya.cat\/es\/dana-incompetencia-politica-y-tecnica\/#breadcrumb"},"inLanguage":"es","potentialAction":[{"@type":"ReadAction","target":["https:\/\/conversesacatalunya.cat\/es\/dana-incompetencia-politica-y-tecnica\/"]}]},{"@type":"ImageObject","inLanguage":"es","@id":"https:\/\/conversesacatalunya.cat\/es\/dana-incompetencia-politica-y-tecnica\/#primaryimage","url":"https:\/\/conversesacatalunya.cat\/wp-content\/uploads\/2025\/04\/flooded-5330617_640.jpg","contentUrl":"https:\/\/conversesacatalunya.cat\/wp-content\/uploads\/2025\/04\/flooded-5330617_640.jpg","width":640,"height":427,"caption":"DANA incompetencia pol\u00edtica y t\u00e9cnica"},{"@type":"BreadcrumbList","@id":"https:\/\/conversesacatalunya.cat\/es\/dana-incompetencia-politica-y-tecnica\/#breadcrumb","itemListElement":[{"@type":"ListItem","position":1,"name":"Inici","item":"https:\/\/conversesacatalunya.cat\/es\/"},{"@type":"ListItem","position":2,"name":"DANA en el Pa\u00eds Valenciano: la tormenta perfecta de incompetencia pol\u00edtica y t\u00e9cnica"}]},{"@type":"WebSite","@id":"https:\/\/conversesacatalunya.cat\/#website","url":"https:\/\/conversesacatalunya.cat\/","name":"Converses a Catalunya","description":"","potentialAction":[{"@type":"SearchAction","target":{"@type":"EntryPoint","urlTemplate":"https:\/\/conversesacatalunya.cat\/?s={search_term_string}"},"query-input":{"@type":"PropertyValueSpecification","valueRequired":true,"valueName":"search_term_string"}}],"inLanguage":"es"},{"@type":"Person","@id":"https:\/\/conversesacatalunya.cat\/#\/schema\/person\/311d0bf53def217d5124c78a7bc42275","name":"Joan Masip","image":{"@type":"ImageObject","inLanguage":"es","@id":"https:\/\/conversesacatalunya.cat\/#\/schema\/person\/image\/","url":"https:\/\/conversesacatalunya.cat\/wp-content\/litespeed\/avatar\/fa67b994763cff7d443f54b63ec96481.jpg?ver=1777372547","contentUrl":"https:\/\/conversesacatalunya.cat\/wp-content\/litespeed\/avatar\/fa67b994763cff7d443f54b63ec96481.jpg?ver=1777372547","caption":"Joan Masip"},"url":"https:\/\/conversesacatalunya.cat\/es\/author\/joan-masip\/"}]}},"wps_subtitle":"La DANA de Valencia no fue s\u00f3lo una cat\u00e1strofe natural. Fue tambi\u00e9n \u2013y sobre todo\u2013 un naufragio institucional. Un aviso de que, si no se produce una regeneraci\u00f3n profunda de c\u00f3mo se gobierna y gestiona lo p\u00fablico, las pr\u00f3ximas lluvias volver\u00e1n a convertirse en funerales.","_links":{"self":[{"href":"https:\/\/conversesacatalunya.cat\/es\/wp-json\/wp\/v2\/posts\/87578","targetHints":{"allow":["GET"]}}],"collection":[{"href":"https:\/\/conversesacatalunya.cat\/es\/wp-json\/wp\/v2\/posts"}],"about":[{"href":"https:\/\/conversesacatalunya.cat\/es\/wp-json\/wp\/v2\/types\/post"}],"author":[{"embeddable":true,"href":"https:\/\/conversesacatalunya.cat\/es\/wp-json\/wp\/v2\/users\/78"}],"replies":[{"embeddable":true,"href":"https:\/\/conversesacatalunya.cat\/es\/wp-json\/wp\/v2\/comments?post=87578"}],"version-history":[{"count":5,"href":"https:\/\/conversesacatalunya.cat\/es\/wp-json\/wp\/v2\/posts\/87578\/revisions"}],"predecessor-version":[{"id":87579,"href":"https:\/\/conversesacatalunya.cat\/es\/wp-json\/wp\/v2\/posts\/87578\/revisions\/87579"}],"wp:featuredmedia":[{"embeddable":true,"href":"https:\/\/conversesacatalunya.cat\/es\/wp-json\/wp\/v2\/media\/87575"}],"wp:attachment":[{"href":"https:\/\/conversesacatalunya.cat\/es\/wp-json\/wp\/v2\/media?parent=87578"}],"wp:term":[{"taxonomy":"category","embeddable":true,"href":"https:\/\/conversesacatalunya.cat\/es\/wp-json\/wp\/v2\/categories?post=87578"},{"taxonomy":"post_tag","embeddable":true,"href":"https:\/\/conversesacatalunya.cat\/es\/wp-json\/wp\/v2\/tags?post=87578"}],"curies":[{"name":"wp","href":"https:\/\/api.w.org\/{rel}","templated":true}]}}