{"id":87546,"date":"2025-04-16T19:06:21","date_gmt":"2025-04-16T17:06:21","guid":{"rendered":"https:\/\/conversesacatalunya.cat\/?p=87546"},"modified":"2025-04-16T20:01:27","modified_gmt":"2025-04-16T18:01:27","slug":"los-perfiles-electorales-de-la-poblacion-catalana","status":"publish","type":"post","link":"https:\/\/conversesacatalunya.cat\/es\/los-perfiles-electorales-de-la-poblacion-catalana\/","title":{"rendered":"Diagn\u00f3stico pol\u00edtico de la sociedad catalana seg\u00fan encuestas de opini\u00f3n pol\u00edtica (IV). Los perfiles electorales de la poblaci\u00f3n catalana"},"content":{"rendered":"<p><span>La mayor\u00eda de los catalanes presenta identidad dual o predominantemente catalana, con una minor\u00eda claramente espa\u00f1olista. Ideol\u00f3gicamente, la sociedad est\u00e1 fuertemente escorada a la izquierda: m\u00e1s del doble de personas se sit\u00faan a la izquierda que a la derecha. (Fuente: CEO y GESOP, 2016) (<\/span><a href=\"https:\/\/www.20minutos.es\/noticia\/2939015\/0\/catalanes-de-izquierda-espanoles-y-catalanes-estudio-generalitat\/#:~:text=El%2059,CEO%29%20de%20la%20Generalitat\" target=\"_blank\" rel=\"noopener\"><span>El 59% de catalanes dice ser de izquierdas y el 39% se siente espa\u00f1ol y catal\u00e1n<\/span><\/a><span>)<\/span><\/p>\n<p><span>Tabla: Distribuci\u00f3n de identidad nacional y eje ideol\u00f3gico en Catalu\u00f1a (porcentaje de personas)<\/span><\/p>\n<table style=\"height: 432px;\" width=\"557\">\n<tbody>\n<tr>\n<td><strong>Identidad nacional declarada<\/strong><\/td>\n<td><strong>% de poblaci\u00f3n (CEO 2016)<\/strong><\/td>\n<\/tr>\n<tr>\n<td>Tanto catal\u00e1n(a) como espa\u00f1ol(a)<\/td>\n<td>39,7%<\/td>\n<\/tr>\n<tr>\n<td>Solo catal\u00e1n(a)<\/td>\n<td>24,9%<\/td>\n<\/tr>\n<tr>\n<td>Mas catal\u00e1n(a) que espa\u00f1ol(a)<\/td>\n<td>23,2%<\/td>\n<\/tr>\n<tr>\n<td>Mas espa\u00f1ol(a) que catal\u00e1n(a)<\/td>\n<td>3,6%<\/td>\n<\/tr>\n<tr>\n<td>Solo espa\u00f1ol(a)<\/td>\n<td>5,4%<\/td>\n<\/tr>\n<tr>\n<td><em>Otros\/ No lo s\u00e9<\/em><\/td>\n<td><em>\u2248<\/em><em>3%<\/em> (resta)<\/td>\n<\/tr>\n<\/tbody>\n<\/table>\n<p>&nbsp;<\/p>\n<table>\n<tbody>\n<tr>\n<td width=\"318\"><strong>Ubicaci\u00f3n ideol\u00f3gica<\/strong><\/td>\n<td width=\"243\"><strong>% de poblaci\u00f3n (CEO 2016)<\/strong><\/td>\n<\/tr>\n<tr>\n<td width=\"318\">Izquierda (0-2 en escala 0-10)<\/td>\n<td width=\"243\">42,2%<\/td>\n<\/tr>\n<tr>\n<td width=\"318\">Centroizquierda (3-4 en escala)<\/td>\n<td width=\"243\">17,4%<\/td>\n<\/tr>\n<tr>\n<td width=\"318\">Centro (5 en escala)<\/td>\n<td width=\"243\">13,4%<\/td>\n<\/tr>\n<tr>\n<td width=\"318\">Centroderecha (6-7 en escala)<\/td>\n<td width=\"243\">6,9%<\/td>\n<\/tr>\n<tr>\n<td width=\"318\">Derecha (8-10 en escala)<\/td>\n<td width=\"243\">3,6%<\/td>\n<\/tr>\n<tr>\n<td width=\"318\">Extrema izquierda (especialmente 0)<\/td>\n<td width=\"243\">1,4%<\/td>\n<\/tr>\n<tr>\n<td width=\"318\"><em>No se ubica \/ NS<\/em><\/td>\n<td width=\"243\"><em>El resto hasta 100%<\/em><\/td>\n<\/tr>\n<\/tbody>\n<\/table>\n<h5><strong>Interpretaci\u00f3n:\u00a0<\/strong><\/h5>\n<p><span><span class=\"VIpgJd-yAWNEb-VIpgJd-fmcmS-sn54Q\">Una vez dibujado el perfil social, se pueden identificar qu\u00e9 temas y mensajes pol\u00edticos tienen m\u00e1s potencial de atraer a diferentes segmentos del electorado catal\u00e1n. Es importante distinguir entre\u00a0<\/span><\/span><strong><span><span class=\"VIpgJd-yAWNEb-VIpgJd-fmcmS-sn54Q\">clivajes ideol\u00f3gicos (izquierda vs. derecha) y el clivaje nacional (catalanismo vs. espa\u00f1olismo)<\/span><\/span><\/strong><span><span class=\"VIpgJd-yAWNEb-VIpgJd-fmcmS-sn54Q\">,\u00a0ya que estructuran las preferencias electorales de manera transversal. A continuaci\u00f3n, se analiza por separado:<\/span><\/span><\/p>\n<h3><strong><span><span class=\"VIpgJd-yAWNEb-VIpgJd-fmcmS-sn54Q\">Prioridades de los votantes de izquierda en Catalu\u00f1a<\/span><\/span><\/strong><\/h3>\n<p><span>Los votantes de izquierda en Catalu\u00f1a conforman el bloque m\u00e1s amplio y diverso, incluyendo desde la izquierda moderada (socialdem\u00f3cratas del PSC, catalanistas de ERC) hasta la izquierda alternativa (En Com\u00fa Podem, CUP). Pese a sus diferencias, comparten ciertas preocupaciones clave de \u00edndole socioecon\u00f3mica.<\/span><\/p>\n<p><strong><span><span class=\"VIpgJd-yAWNEb-VIpgJd-fmcmS-sn54Q\">Las encuestas recientes indican que la agenda material ha pasado al primer plano:<\/span><\/span><\/strong><span><span class=\"VIpgJd-yAWNEb-VIpgJd-fmcmS-sn54Q\">\u00a0asuntos como la\u00a0<\/span><\/span><a href=\"https:\/\/agendapublica.es\/noticia\/19304\/catalunya-cambia-chip#:~:text=muestran%20unas%20prioridades%20m%C3%A1s%20materiales,desigualdades%20y%20en%20la%20econom%C3%ADa\" target=\"_blank\" rel=\"noopener\"><strong><span><span class=\"VIpgJd-yAWNEb-VIpgJd-fmcmS-sn54Q\">vivienda asequible, la calidad del empleo, la mejora de la sanidad y la educaci\u00f3n p\u00fablicas, y la lucha contra la desigualdad<\/span><\/span><\/strong><\/a><span><span class=\"VIpgJd-yAWNEb-VIpgJd-fmcmS-sn54Q\">\u00a0son prioritarios para el electorado de izquierdas.<\/span><\/span><\/p>\n<p><span><span class=\"VIpgJd-yAWNEb-VIpgJd-fmcmS-sn54Q\">En el \u00faltimo<a href=\"https:\/\/www.elperiodico.com\/es\/politica\/20241127\/encuesta-ceo-vivienda-independencia-catalunya-112093995\" target=\"_blank\" rel=\"noopener\">\u00a0<\/a><\/span><\/span><span><span class=\"VIpgJd-yAWNEb-VIpgJd-fmcmS-sn54Q\">Bar\u00f3metro del CEO (2024)<\/span><\/span><span><span class=\"VIpgJd-yAWNEb-VIpgJd-fmcmS-sn54Q\">,\u00a0<\/span><\/span><strong><span><span class=\"VIpgJd-yAWNEb-VIpgJd-fmcmS-sn54Q\">el acceso a la vivienda emergi\u00f3 como el primer problema de Catalu\u00f1a<\/span><\/span><\/strong><span><span class=\"VIpgJd-yAWNEb-VIpgJd-fmcmS-sn54Q\">\u00a0seg\u00fan los ciudadanos, desplazando incluso el debate territorial. Esta preocupaci\u00f3n es especialmente fuerte entre los j\u00f3venes, un segmento mayoritariamente de izquierdas: la vivienda es el principal problema se\u00f1alado por los menores de 64 a\u00f1os en general y por m\u00e1s de un tercio de la gente de 25 a 34 a\u00f1os.<\/span><\/span><\/p>\n<p><span>Por tanto,\u00a0<\/span><strong><span>un enfoque electoral exitoso hacia la izquierda<\/span><\/strong><span>\u00a0debe poner el acento en propuestas para afrontar estos problemas sociales: planes de vivienda social, control de alquileres, creaci\u00f3n de empleo de calidad, refuerzo del estado del bienestar (sanidad, servicios sociales) y pol\u00edticas redistributivas que reduzcan brechas econ\u00f3micas.<\/span><\/p>\n<p><span>La\u00a0<\/span><strong><span>lucha contra las desigualdades<\/span><\/strong><span>\u00a0y la justicia social resuenan fuertemente en este electorado (Catalu\u00f1a cambia de chip). Tambi\u00e9n son bien recibidas las medidas medioambientales y de combate en el cambio clim\u00e1tico. Asimismo, ideolog\u00edas como\u00a0<\/span><strong><span>el feminismo y los derechos LGTBI+<\/span><\/strong><span>\u00a0son pr\u00e1cticamente transversales en la izquierda catalana; defender la igualdad de g\u00e9nero y los derechos de las minor\u00edas sexuales.<\/span><\/p>\n<p><span><span class=\"VIpgJd-yAWNEb-VIpgJd-fmcmS-sn54Q\">En cuanto a\u00a0<\/span><\/span><strong><span><span class=\"VIpgJd-yAWNEb-VIpgJd-fmcmS-sn54Q\">la cuesti\u00f3n nacional<\/span><\/span><\/strong><span><span class=\"VIpgJd-yAWNEb-VIpgJd-fmcmS-sn54Q\">,\u00a0los votantes de izquierda est\u00e1n divididos entre independentistas (ERC, CUP) y federalistas\/autonomistas (PSC, En Com\u00fa), pero comparten el deseo de destensar el conflicto territorial y priorizar pol\u00edticas sociales. Muchas encuestas y analistas se\u00f1alan que\u00a0<\/span><\/span><strong><span><span class=\"VIpgJd-yAWNEb-VIpgJd-fmcmS-sn54Q\">la \u201cagenda material\u201d ha superado la \u201cagenda nacional\u201d en importancia<\/span><\/span><\/strong><span><span class=\"VIpgJd-yAWNEb-VIpgJd-fmcmS-sn54Q\">.\u00a0Por eso, incluso los partidos de izquierda independentista han moderado el tono, combinando su aspiraci\u00f3n nacional con mensajes de reconstrucci\u00f3n social\u00a0<\/span><\/span><em><span><span class=\"VIpgJd-yAWNEb-VIpgJd-fmcmS-sn54Q\">(\u201chacer rep\u00fablica\u201d tambi\u00e9n en la vertiente social<\/span><\/span><\/em><span><span class=\"VIpgJd-yAWNEb-VIpgJd-fmcmS-sn54Q\">).<\/span><\/span><\/p>\n<p><span><span class=\"VIpgJd-yAWNEb-VIpgJd-fmcmS-sn54Q\">En definitiva,\u00a0<\/span><\/span><strong><span><span class=\"VIpgJd-yAWNEb-VIpgJd-fmcmS-sn54Q\">los temas con mayor potencial entre la izquierda catalana hoy son los de car\u00e1cter socioecon\u00f3mico y calidad de gobierno:<\/span><\/span><\/strong><span><span class=\"VIpgJd-yAWNEb-VIpgJd-fmcmS-sn54Q\">\u00a0mejorar la vida cotidiana de la gente com\u00fan. Un nuevo gobierno catal\u00e1n que se centre en la lucha contra la desigualdad y en revitalizar la econom\u00eda ser\u00eda exactamente lo que la mayor\u00eda de los votantes de izquierda \u00abpiden\u00bb, seg\u00fan interpretaciones de los sondeos.<\/span><\/span><\/p>\n<p><strong><span><span class=\"VIpgJd-yAWNEb-VIpgJd-fmcmS-sn54Q\">La insatisfacci\u00f3n con la pol\u00edtica<\/span><\/span><\/strong><span><span class=\"VIpgJd-yAWNEb-VIpgJd-fmcmS-sn54Q\">\u00a0(<\/span><\/span><em><span><span class=\"VIpgJd-yAWNEb-VIpgJd-fmcmS-sn54Q\">cansancio<\/span><\/span><\/em><span><span class=\"VIpgJd-yAWNEb-VIpgJd-fmcmS-sn54Q\">\u00a0despu\u00e9s de a\u00f1os de proceso y par\u00e1lisis) es otro sentimiento por canalizar: la izquierda valora mensajes de regeneraci\u00f3n democr\u00e1tica, participaci\u00f3n ciudadana y honradez en la gesti\u00f3n p\u00fablica.<\/span><\/span><\/p>\n<p><a href=\"https:\/\/conversesacatalunya.cat\/es\/cataluna-encuestas-religion-secularizacion\/\" target=\"_blank\" rel=\"noopener\"><strong><span>Diagn\u00f3stico pol\u00edtico de la sociedad catalana seg\u00fan encuestas de opini\u00f3n pol\u00edtica (III). Religi\u00f3n y secularizaci\u00f3n<\/span><\/strong><\/a><\/p>\n<span class='bctt-click-to-tweet'><span class='bctt-ctt-text'><a href='https:\/\/twitter.com\/intent\/tweet?url=https%3A%2F%2Fconversesacatalunya.cat%2Fes%2Flos-perfiles-electorales-de-la-poblacion-catalana%2F&#038;text=Los%20temas%20con%20mayor%20potencial%20entre%20la%20izquierda%20catalana%20hoy%20son%20los%20de%20car%C3%A1cter%20socioecon%C3%B3mico%20y%20calidad%20de%20gobierno&#038;via=conversesacat&#038;related=conversesacat' target='_blank'rel=\"noopener noreferrer\">Los temas con mayor potencial entre la izquierda catalana hoy son los de car\u00e1cter socioecon\u00f3mico y calidad de gobierno <\/a><\/span><a href='https:\/\/twitter.com\/intent\/tweet?url=https%3A%2F%2Fconversesacatalunya.cat%2Fes%2Flos-perfiles-electorales-de-la-poblacion-catalana%2F&#038;text=Los%20temas%20con%20mayor%20potencial%20entre%20la%20izquierda%20catalana%20hoy%20son%20los%20de%20car%C3%A1cter%20socioecon%C3%B3mico%20y%20calidad%20de%20gobierno&#038;via=conversesacat&#038;related=conversesacat' target='_blank' class='bctt-ctt-btn'rel=\"noopener noreferrer\">Compartir en X<\/a><\/span>\n<div id=\"polls-280\" class=\"wp-polls\">\n\t<form id=\"polls_form_280\" class=\"wp-polls-form\" action=\"\/index.php\" method=\"post\">\n\t\t<p style=\"display: none;\"><input type=\"hidden\" id=\"poll_280_nonce\" name=\"wp-polls-nonce\" value=\"edd00343ef\" \/><\/p>\n\t\t<p style=\"display: none;\"><input type=\"hidden\" name=\"poll_id\" value=\"280\" \/><\/p>\n\t\t<p style=\"text-align: center\"><strong>Creus que l'esfor\u00e7 fiscal a Espanya \u00e9s massa elevat en el context europeu i pel que fa a les prestacions que es reben?<\/strong><\/p><div id=\"polls-280-ans\" class=\"wp-polls-ans\"><ul class=\"wp-polls-ul\">\n\t\t<li><input type=\"radio\" id=\"poll-answer-791\" name=\"poll_280\" value=\"791\" \/> <label for=\"poll-answer-791\">S\u00ed<\/label><\/li>\n\t\t<li><input type=\"radio\" id=\"poll-answer-792\" name=\"poll_280\" value=\"792\" \/> <label for=\"poll-answer-792\">No<\/label><\/li>\n\t\t<li><input type=\"radio\" id=\"poll-answer-793\" name=\"poll_280\" value=\"793\" \/> <label for=\"poll-answer-793\">No ho s\u00e9<\/label><\/li>\n\t\t<\/ul><p style=\"text-align: center\"><input type=\"button\" name=\"vote\" value=\"   Vota   \" class=\"Buttons\" onclick=\"poll_vote(280);\" \/><\/p><p style=\"text-align: center\"><a href=\"#ViewPollResults\" onclick=\"poll_result(280); return false;\" title=\"View Results Of This Poll\">Mira els resultats<\/a><\/p><\/div>\n\t<\/form>\n<\/div>\n<div id=\"polls-280-loading\" class=\"wp-polls-loading\"><img decoding=\"async\" data-src=\"https:\/\/conversesacatalunya.cat\/wp-content\/plugins\/wp-polls\/images\/loading.gif\" width=\"16\" height=\"16\" alt=\"Cargando ...\" title=\"Cargando ...\" class=\"wp-polls-image lazyload\" src=\"data:image\/svg+xml;base64,PHN2ZyB3aWR0aD0iMSIgaGVpZ2h0PSIxIiB4bWxucz0iaHR0cDovL3d3dy53My5vcmcvMjAwMC9zdmciPjwvc3ZnPg==\" style=\"--smush-placeholder-width: 16px; --smush-placeholder-aspect-ratio: 16\/16;\" \/>&nbsp;Cargando ...<\/div>\n\n","protected":false},"excerpt":{"rendered":"<p>La mayor\u00eda de los catalanes presenta identidad dual o predominantemente catalana, con una minor\u00eda claramente espa\u00f1olista. Ideol\u00f3gicamente, la sociedad est\u00e1 fuertemente escorada a la izquierda: m\u00e1s del doble de personas se sit\u00faan a la izquierda que a la derecha. (Fuente: CEO y GESOP, 2016) (El 59% de catalanes dice ser de izquierdas y el 39% se siente espa\u00f1ol y catal\u00e1n) Tabla: Distribuci\u00f3n de identidad nacional y eje ideol\u00f3gico en Catalu\u00f1a (porcentaje de personas) Identidad nacional declarada % de poblaci\u00f3n (CEO 2016) Tanto catal\u00e1n(a) como espa\u00f1ol(a) 39,7% Solo catal\u00e1n(a) 24,9% Mas catal\u00e1n(a) que espa\u00f1ol(a) 23,2% Mas espa\u00f1ol(a) que catal\u00e1n(a) 3,6% Solo espa\u00f1ol(a) 5,4% Otros\/ No lo s\u00e9 \u22483% (resta) &nbsp; Ubicaci\u00f3n ideol\u00f3gica % de poblaci\u00f3n (CEO 2016) Izquierda (0-2 en escala 0-10) 42,2% Centroizquierda (3-4 en escala) 17,4% Centro (5 en escala) 13,4% Centroderecha (6-7 en escala) 6,9% Derecha (8-10 en escala) 3,6% Extrema izquierda (especialmente 0) 1,4% No se ubica \/ NS El resto hasta 100% Interpretaci\u00f3n:\u00a0 Una vez dibujado el perfil social, se pueden identificar qu\u00e9 temas y mensajes pol\u00edticos tienen m\u00e1s potencial de atraer a diferentes segmentos del electorado catal\u00e1n. Es importante distinguir entre\u00a0clivajes ideol\u00f3gicos (izquierda vs. derecha) y el clivaje nacional (catalanismo vs. espa\u00f1olismo),\u00a0ya que estructuran las preferencias electorales de manera transversal. A continuaci\u00f3n, se analiza por separado: Prioridades de los votantes de izquierda en Catalu\u00f1a Los votantes de izquierda en Catalu\u00f1a conforman el bloque m\u00e1s amplio y diverso, incluyendo desde la izquierda moderada (socialdem\u00f3cratas del PSC, catalanistas de ERC) hasta la izquierda alternativa (En Com\u00fa Podem, CUP). Pese a sus diferencias, comparten ciertas preocupaciones clave de \u00edndole socioecon\u00f3mica. Las encuestas recientes indican que la agenda material ha pasado al primer plano:\u00a0asuntos como la\u00a0vivienda asequible, la calidad del empleo, la mejora de la sanidad y la educaci\u00f3n p\u00fablicas, y la lucha contra la desigualdad\u00a0son prioritarios para el electorado de izquierdas. En el \u00faltimo\u00a0Bar\u00f3metro del CEO (2024),\u00a0el acceso a la vivienda emergi\u00f3 como el primer problema de Catalu\u00f1a\u00a0seg\u00fan los ciudadanos, desplazando incluso el debate territorial. Esta preocupaci\u00f3n es especialmente fuerte entre los j\u00f3venes, un segmento mayoritariamente de izquierdas: la vivienda es el principal problema se\u00f1alado por los menores de 64 a\u00f1os en general y por m\u00e1s de un tercio de la gente de 25 a 34 a\u00f1os. Por tanto,\u00a0un enfoque electoral exitoso hacia la izquierda\u00a0debe poner el acento en propuestas para afrontar estos problemas sociales: planes de vivienda social, control de alquileres, creaci\u00f3n de empleo de calidad, refuerzo del estado del bienestar (sanidad, servicios sociales) y pol\u00edticas redistributivas que reduzcan brechas econ\u00f3micas. La\u00a0lucha contra las desigualdades\u00a0y la justicia social resuenan fuertemente en este electorado (Catalu\u00f1a cambia de chip). Tambi\u00e9n son bien recibidas las medidas medioambientales y de combate en el cambio clim\u00e1tico. Asimismo, ideolog\u00edas como\u00a0el feminismo y los derechos LGTBI+\u00a0son pr\u00e1cticamente transversales en la izquierda catalana; defender la igualdad de g\u00e9nero y los derechos de las minor\u00edas sexuales. En cuanto a\u00a0la cuesti\u00f3n nacional,\u00a0los votantes de izquierda est\u00e1n divididos entre independentistas (ERC, CUP) y federalistas\/autonomistas (PSC, En Com\u00fa), pero comparten el deseo de destensar el conflicto territorial y priorizar pol\u00edticas sociales. Muchas encuestas y analistas se\u00f1alan que\u00a0la \u201cagenda material\u201d ha superado la \u201cagenda nacional\u201d en importancia.\u00a0Por eso, incluso los partidos de izquierda independentista han moderado el tono, combinando su aspiraci\u00f3n nacional con mensajes de reconstrucci\u00f3n social\u00a0(\u201chacer rep\u00fablica\u201d tambi\u00e9n en la vertiente social). En definitiva,\u00a0los temas con mayor potencial entre la izquierda catalana hoy son los de car\u00e1cter socioecon\u00f3mico y calidad de gobierno:\u00a0mejorar la vida cotidiana de la gente com\u00fan. Un nuevo gobierno catal\u00e1n que se centre en la lucha contra la desigualdad y en revitalizar la econom\u00eda ser\u00eda exactamente lo que la mayor\u00eda de los votantes de izquierda \u00abpiden\u00bb, seg\u00fan interpretaciones de los sondeos. La insatisfacci\u00f3n con la pol\u00edtica\u00a0(cansancio\u00a0despu\u00e9s de a\u00f1os de proceso y par\u00e1lisis) es otro sentimiento por canalizar: la izquierda valora mensajes de regeneraci\u00f3n democr\u00e1tica, participaci\u00f3n ciudadana y honradez en la gesti\u00f3n p\u00fablica. Diagn\u00f3stico pol\u00edtico de la sociedad catalana seg\u00fan encuestas de opini\u00f3n pol\u00edtica (III). Religi\u00f3n y secularizaci\u00f3n<\/p>\n","protected":false},"author":19,"featured_media":87536,"comment_status":"open","ping_status":"open","sticky":false,"template":"","format":"standard","meta":{"_FSMCFIC_featured_image_caption":"","_FSMCFIC_featured_image_nocaption":"","_FSMCFIC_featured_image_hide":"","footnotes":""},"categories":[806],"tags":[1065,1063,5204],"class_list":["post-87546","post","type-post","status-publish","format-standard","has-post-thumbnail","hentry","category-punts-claus-del-dia-es","tag-encuestas","tag-enquestes-es","tag-enquestes-catalunya-es"],"yoast_head":"<!-- This site is optimized with the Yoast SEO plugin v26.8 - https:\/\/yoast.com\/product\/yoast-seo-wordpress\/ -->\n<title>Diagn\u00f3stico pol\u00edtico de la sociedad catalana seg\u00fan encuestas de opini\u00f3n pol\u00edtica (IV). Los perfiles electorales de la poblaci\u00f3n catalana - Converses a Catalunya<\/title>\n<meta name=\"description\" content=\"Los votantes de izquierda en Catalu\u00f1a conforman el bloque m\u00e1s amplio y diverso, incluyendo la izquierda moderada a la izquierda alternativa\" \/>\n<meta name=\"robots\" content=\"index, follow, max-snippet:-1, max-image-preview:large, max-video-preview:-1\" \/>\n<link rel=\"canonical\" href=\"https:\/\/conversesacatalunya.cat\/es\/los-perfiles-electorales-de-la-poblacion-catalana\/\" \/>\n<meta property=\"og:locale\" content=\"es_ES\" \/>\n<meta property=\"og:type\" content=\"article\" \/>\n<meta property=\"og:title\" content=\"Diagn\u00f3stico pol\u00edtico de la sociedad catalana seg\u00fan encuestas de opini\u00f3n pol\u00edtica (IV). Los perfiles electorales de la poblaci\u00f3n catalana - Converses a Catalunya\" \/>\n<meta property=\"og:description\" content=\"Los votantes de izquierda en Catalu\u00f1a conforman el bloque m\u00e1s amplio y diverso, incluyendo la izquierda moderada a la izquierda alternativa\" \/>\n<meta property=\"og:url\" content=\"https:\/\/conversesacatalunya.cat\/es\/los-perfiles-electorales-de-la-poblacion-catalana\/\" \/>\n<meta property=\"og:site_name\" content=\"Converses a Catalunya\" \/>\n<meta property=\"article:published_time\" content=\"2025-04-16T17:06:21+00:00\" \/>\n<meta property=\"article:modified_time\" content=\"2025-04-16T18:01:27+00:00\" \/>\n<meta property=\"og:image\" content=\"https:\/\/conversesacatalunya.cat\/wp-content\/uploads\/2025\/04\/inequality-4074203_640.jpg\" \/>\n\t<meta property=\"og:image:width\" content=\"640\" \/>\n\t<meta property=\"og:image:height\" content=\"427\" \/>\n\t<meta property=\"og:image:type\" content=\"image\/jpeg\" \/>\n<meta name=\"author\" content=\"Josep Mir\u00f3 i Ard\u00e8vol\" \/>\n<meta name=\"twitter:card\" content=\"summary_large_image\" \/>\n<meta name=\"twitter:label1\" content=\"Escrito por\" \/>\n\t<meta name=\"twitter:data1\" content=\"Josep Mir\u00f3 i Ard\u00e8vol\" \/>\n\t<meta name=\"twitter:label2\" content=\"Tiempo de lectura\" \/>\n\t<meta name=\"twitter:data2\" content=\"4 minutos\" \/>\n<script type=\"application\/ld+json\" class=\"yoast-schema-graph\">{\"@context\":\"https:\/\/schema.org\",\"@graph\":[{\"@type\":\"Article\",\"@id\":\"https:\/\/conversesacatalunya.cat\/es\/los-perfiles-electorales-de-la-poblacion-catalana\/#article\",\"isPartOf\":{\"@id\":\"https:\/\/conversesacatalunya.cat\/es\/los-perfiles-electorales-de-la-poblacion-catalana\/\"},\"author\":{\"name\":\"Josep Mir\u00f3 i Ard\u00e8vol\",\"@id\":\"https:\/\/conversesacatalunya.cat\/#\/schema\/person\/a9598a6786ba7d3d1c5e0de477b79370\"},\"headline\":\"Diagn\u00f3stico pol\u00edtico de la sociedad catalana seg\u00fan encuestas de opini\u00f3n pol\u00edtica (IV). Los perfiles electorales de la poblaci\u00f3n catalana\",\"datePublished\":\"2025-04-16T17:06:21+00:00\",\"dateModified\":\"2025-04-16T18:01:27+00:00\",\"mainEntityOfPage\":{\"@id\":\"https:\/\/conversesacatalunya.cat\/es\/los-perfiles-electorales-de-la-poblacion-catalana\/\"},\"wordCount\":797,\"commentCount\":0,\"image\":{\"@id\":\"https:\/\/conversesacatalunya.cat\/es\/los-perfiles-electorales-de-la-poblacion-catalana\/#primaryimage\"},\"thumbnailUrl\":\"https:\/\/conversesacatalunya.cat\/wp-content\/uploads\/2025\/04\/inequality-4074203_640.jpg\",\"keywords\":[\"Encuestas\",\"Enquestes\",\"enquestes catalunya\"],\"articleSection\":[\"Punts clau del dia (ES)\"],\"inLanguage\":\"es\",\"potentialAction\":[{\"@type\":\"CommentAction\",\"name\":\"Comment\",\"target\":[\"https:\/\/conversesacatalunya.cat\/es\/los-perfiles-electorales-de-la-poblacion-catalana\/#respond\"]}]},{\"@type\":\"WebPage\",\"@id\":\"https:\/\/conversesacatalunya.cat\/es\/los-perfiles-electorales-de-la-poblacion-catalana\/\",\"url\":\"https:\/\/conversesacatalunya.cat\/es\/los-perfiles-electorales-de-la-poblacion-catalana\/\",\"name\":\"Diagn\u00f3stico pol\u00edtico de la sociedad catalana seg\u00fan encuestas de opini\u00f3n pol\u00edtica (IV). Los perfiles electorales de la poblaci\u00f3n catalana - Converses a Catalunya\",\"isPartOf\":{\"@id\":\"https:\/\/conversesacatalunya.cat\/#website\"},\"primaryImageOfPage\":{\"@id\":\"https:\/\/conversesacatalunya.cat\/es\/los-perfiles-electorales-de-la-poblacion-catalana\/#primaryimage\"},\"image\":{\"@id\":\"https:\/\/conversesacatalunya.cat\/es\/los-perfiles-electorales-de-la-poblacion-catalana\/#primaryimage\"},\"thumbnailUrl\":\"https:\/\/conversesacatalunya.cat\/wp-content\/uploads\/2025\/04\/inequality-4074203_640.jpg\",\"datePublished\":\"2025-04-16T17:06:21+00:00\",\"dateModified\":\"2025-04-16T18:01:27+00:00\",\"author\":{\"@id\":\"https:\/\/conversesacatalunya.cat\/#\/schema\/person\/a9598a6786ba7d3d1c5e0de477b79370\"},\"description\":\"Los votantes de izquierda en Catalu\u00f1a conforman el bloque m\u00e1s amplio y diverso, incluyendo la izquierda moderada a la izquierda alternativa\",\"breadcrumb\":{\"@id\":\"https:\/\/conversesacatalunya.cat\/es\/los-perfiles-electorales-de-la-poblacion-catalana\/#breadcrumb\"},\"inLanguage\":\"es\",\"potentialAction\":[{\"@type\":\"ReadAction\",\"target\":[\"https:\/\/conversesacatalunya.cat\/es\/los-perfiles-electorales-de-la-poblacion-catalana\/\"]}]},{\"@type\":\"ImageObject\",\"inLanguage\":\"es\",\"@id\":\"https:\/\/conversesacatalunya.cat\/es\/los-perfiles-electorales-de-la-poblacion-catalana\/#primaryimage\",\"url\":\"https:\/\/conversesacatalunya.cat\/wp-content\/uploads\/2025\/04\/inequality-4074203_640.jpg\",\"contentUrl\":\"https:\/\/conversesacatalunya.cat\/wp-content\/uploads\/2025\/04\/inequality-4074203_640.jpg\",\"width\":640,\"height\":427,\"caption\":\"votantes de izquierda en Catalu\u00f1a\"},{\"@type\":\"BreadcrumbList\",\"@id\":\"https:\/\/conversesacatalunya.cat\/es\/los-perfiles-electorales-de-la-poblacion-catalana\/#breadcrumb\",\"itemListElement\":[{\"@type\":\"ListItem\",\"position\":1,\"name\":\"Inici\",\"item\":\"https:\/\/conversesacatalunya.cat\/es\/\"},{\"@type\":\"ListItem\",\"position\":2,\"name\":\"Diagn\u00f3stico pol\u00edtico de la sociedad catalana seg\u00fan encuestas de opini\u00f3n pol\u00edtica (IV). Los perfiles electorales de la poblaci\u00f3n catalana\"}]},{\"@type\":\"WebSite\",\"@id\":\"https:\/\/conversesacatalunya.cat\/#website\",\"url\":\"https:\/\/conversesacatalunya.cat\/\",\"name\":\"Converses a Catalunya\",\"description\":\"\",\"potentialAction\":[{\"@type\":\"SearchAction\",\"target\":{\"@type\":\"EntryPoint\",\"urlTemplate\":\"https:\/\/conversesacatalunya.cat\/?s={search_term_string}\"},\"query-input\":{\"@type\":\"PropertyValueSpecification\",\"valueRequired\":true,\"valueName\":\"search_term_string\"}}],\"inLanguage\":\"es\"},{\"@type\":\"Person\",\"@id\":\"https:\/\/conversesacatalunya.cat\/#\/schema\/person\/a9598a6786ba7d3d1c5e0de477b79370\",\"name\":\"Josep Mir\u00f3 i Ard\u00e8vol\",\"image\":{\"@type\":\"ImageObject\",\"inLanguage\":\"es\",\"@id\":\"https:\/\/conversesacatalunya.cat\/#\/schema\/person\/image\/\",\"url\":\"https:\/\/conversesacatalunya.cat\/wp-content\/litespeed\/avatar\/c37e3dc881857483d6694cdf98fdedea.jpg?ver=1776665324\",\"contentUrl\":\"https:\/\/conversesacatalunya.cat\/wp-content\/litespeed\/avatar\/c37e3dc881857483d6694cdf98fdedea.jpg?ver=1776665324\",\"caption\":\"Josep Mir\u00f3 i Ard\u00e8vol\"},\"url\":\"https:\/\/conversesacatalunya.cat\/es\/author\/josep-miro-i-ardevol\/\"}]}<\/script>\n<!-- \/ Yoast SEO plugin. -->","yoast_head_json":{"title":"Diagn\u00f3stico pol\u00edtico de la sociedad catalana seg\u00fan encuestas de opini\u00f3n pol\u00edtica (IV). Los perfiles electorales de la poblaci\u00f3n catalana - Converses a Catalunya","description":"Los votantes de izquierda en Catalu\u00f1a conforman el bloque m\u00e1s amplio y diverso, incluyendo la izquierda moderada a la izquierda alternativa","robots":{"index":"index","follow":"follow","max-snippet":"max-snippet:-1","max-image-preview":"max-image-preview:large","max-video-preview":"max-video-preview:-1"},"canonical":"https:\/\/conversesacatalunya.cat\/es\/los-perfiles-electorales-de-la-poblacion-catalana\/","og_locale":"es_ES","og_type":"article","og_title":"Diagn\u00f3stico pol\u00edtico de la sociedad catalana seg\u00fan encuestas de opini\u00f3n pol\u00edtica (IV). Los perfiles electorales de la poblaci\u00f3n catalana - Converses a Catalunya","og_description":"Los votantes de izquierda en Catalu\u00f1a conforman el bloque m\u00e1s amplio y diverso, incluyendo la izquierda moderada a la izquierda alternativa","og_url":"https:\/\/conversesacatalunya.cat\/es\/los-perfiles-electorales-de-la-poblacion-catalana\/","og_site_name":"Converses a Catalunya","article_published_time":"2025-04-16T17:06:21+00:00","article_modified_time":"2025-04-16T18:01:27+00:00","og_image":[{"width":640,"height":427,"url":"https:\/\/conversesacatalunya.cat\/wp-content\/uploads\/2025\/04\/inequality-4074203_640.jpg","type":"image\/jpeg"}],"author":"Josep Mir\u00f3 i Ard\u00e8vol","twitter_card":"summary_large_image","twitter_misc":{"Escrito por":"Josep Mir\u00f3 i Ard\u00e8vol","Tiempo de lectura":"4 minutos"},"schema":{"@context":"https:\/\/schema.org","@graph":[{"@type":"Article","@id":"https:\/\/conversesacatalunya.cat\/es\/los-perfiles-electorales-de-la-poblacion-catalana\/#article","isPartOf":{"@id":"https:\/\/conversesacatalunya.cat\/es\/los-perfiles-electorales-de-la-poblacion-catalana\/"},"author":{"name":"Josep Mir\u00f3 i Ard\u00e8vol","@id":"https:\/\/conversesacatalunya.cat\/#\/schema\/person\/a9598a6786ba7d3d1c5e0de477b79370"},"headline":"Diagn\u00f3stico pol\u00edtico de la sociedad catalana seg\u00fan encuestas de opini\u00f3n pol\u00edtica (IV). Los perfiles electorales de la poblaci\u00f3n catalana","datePublished":"2025-04-16T17:06:21+00:00","dateModified":"2025-04-16T18:01:27+00:00","mainEntityOfPage":{"@id":"https:\/\/conversesacatalunya.cat\/es\/los-perfiles-electorales-de-la-poblacion-catalana\/"},"wordCount":797,"commentCount":0,"image":{"@id":"https:\/\/conversesacatalunya.cat\/es\/los-perfiles-electorales-de-la-poblacion-catalana\/#primaryimage"},"thumbnailUrl":"https:\/\/conversesacatalunya.cat\/wp-content\/uploads\/2025\/04\/inequality-4074203_640.jpg","keywords":["Encuestas","Enquestes","enquestes catalunya"],"articleSection":["Punts clau del dia (ES)"],"inLanguage":"es","potentialAction":[{"@type":"CommentAction","name":"Comment","target":["https:\/\/conversesacatalunya.cat\/es\/los-perfiles-electorales-de-la-poblacion-catalana\/#respond"]}]},{"@type":"WebPage","@id":"https:\/\/conversesacatalunya.cat\/es\/los-perfiles-electorales-de-la-poblacion-catalana\/","url":"https:\/\/conversesacatalunya.cat\/es\/los-perfiles-electorales-de-la-poblacion-catalana\/","name":"Diagn\u00f3stico pol\u00edtico de la sociedad catalana seg\u00fan encuestas de opini\u00f3n pol\u00edtica (IV). Los perfiles electorales de la poblaci\u00f3n catalana - Converses a Catalunya","isPartOf":{"@id":"https:\/\/conversesacatalunya.cat\/#website"},"primaryImageOfPage":{"@id":"https:\/\/conversesacatalunya.cat\/es\/los-perfiles-electorales-de-la-poblacion-catalana\/#primaryimage"},"image":{"@id":"https:\/\/conversesacatalunya.cat\/es\/los-perfiles-electorales-de-la-poblacion-catalana\/#primaryimage"},"thumbnailUrl":"https:\/\/conversesacatalunya.cat\/wp-content\/uploads\/2025\/04\/inequality-4074203_640.jpg","datePublished":"2025-04-16T17:06:21+00:00","dateModified":"2025-04-16T18:01:27+00:00","author":{"@id":"https:\/\/conversesacatalunya.cat\/#\/schema\/person\/a9598a6786ba7d3d1c5e0de477b79370"},"description":"Los votantes de izquierda en Catalu\u00f1a conforman el bloque m\u00e1s amplio y diverso, incluyendo la izquierda moderada a la izquierda alternativa","breadcrumb":{"@id":"https:\/\/conversesacatalunya.cat\/es\/los-perfiles-electorales-de-la-poblacion-catalana\/#breadcrumb"},"inLanguage":"es","potentialAction":[{"@type":"ReadAction","target":["https:\/\/conversesacatalunya.cat\/es\/los-perfiles-electorales-de-la-poblacion-catalana\/"]}]},{"@type":"ImageObject","inLanguage":"es","@id":"https:\/\/conversesacatalunya.cat\/es\/los-perfiles-electorales-de-la-poblacion-catalana\/#primaryimage","url":"https:\/\/conversesacatalunya.cat\/wp-content\/uploads\/2025\/04\/inequality-4074203_640.jpg","contentUrl":"https:\/\/conversesacatalunya.cat\/wp-content\/uploads\/2025\/04\/inequality-4074203_640.jpg","width":640,"height":427,"caption":"votantes de izquierda en Catalu\u00f1a"},{"@type":"BreadcrumbList","@id":"https:\/\/conversesacatalunya.cat\/es\/los-perfiles-electorales-de-la-poblacion-catalana\/#breadcrumb","itemListElement":[{"@type":"ListItem","position":1,"name":"Inici","item":"https:\/\/conversesacatalunya.cat\/es\/"},{"@type":"ListItem","position":2,"name":"Diagn\u00f3stico pol\u00edtico de la sociedad catalana seg\u00fan encuestas de opini\u00f3n pol\u00edtica (IV). Los perfiles electorales de la poblaci\u00f3n catalana"}]},{"@type":"WebSite","@id":"https:\/\/conversesacatalunya.cat\/#website","url":"https:\/\/conversesacatalunya.cat\/","name":"Converses a Catalunya","description":"","potentialAction":[{"@type":"SearchAction","target":{"@type":"EntryPoint","urlTemplate":"https:\/\/conversesacatalunya.cat\/?s={search_term_string}"},"query-input":{"@type":"PropertyValueSpecification","valueRequired":true,"valueName":"search_term_string"}}],"inLanguage":"es"},{"@type":"Person","@id":"https:\/\/conversesacatalunya.cat\/#\/schema\/person\/a9598a6786ba7d3d1c5e0de477b79370","name":"Josep Mir\u00f3 i Ard\u00e8vol","image":{"@type":"ImageObject","inLanguage":"es","@id":"https:\/\/conversesacatalunya.cat\/#\/schema\/person\/image\/","url":"https:\/\/conversesacatalunya.cat\/wp-content\/litespeed\/avatar\/c37e3dc881857483d6694cdf98fdedea.jpg?ver=1776665324","contentUrl":"https:\/\/conversesacatalunya.cat\/wp-content\/litespeed\/avatar\/c37e3dc881857483d6694cdf98fdedea.jpg?ver=1776665324","caption":"Josep Mir\u00f3 i Ard\u00e8vol"},"url":"https:\/\/conversesacatalunya.cat\/es\/author\/josep-miro-i-ardevol\/"}]}},"wps_subtitle":"Prioridades de los votantes de izquierda en Catalu\u00f1a","_links":{"self":[{"href":"https:\/\/conversesacatalunya.cat\/es\/wp-json\/wp\/v2\/posts\/87546","targetHints":{"allow":["GET"]}}],"collection":[{"href":"https:\/\/conversesacatalunya.cat\/es\/wp-json\/wp\/v2\/posts"}],"about":[{"href":"https:\/\/conversesacatalunya.cat\/es\/wp-json\/wp\/v2\/types\/post"}],"author":[{"embeddable":true,"href":"https:\/\/conversesacatalunya.cat\/es\/wp-json\/wp\/v2\/users\/19"}],"replies":[{"embeddable":true,"href":"https:\/\/conversesacatalunya.cat\/es\/wp-json\/wp\/v2\/comments?post=87546"}],"version-history":[{"count":3,"href":"https:\/\/conversesacatalunya.cat\/es\/wp-json\/wp\/v2\/posts\/87546\/revisions"}],"predecessor-version":[{"id":87551,"href":"https:\/\/conversesacatalunya.cat\/es\/wp-json\/wp\/v2\/posts\/87546\/revisions\/87551"}],"wp:featuredmedia":[{"embeddable":true,"href":"https:\/\/conversesacatalunya.cat\/es\/wp-json\/wp\/v2\/media\/87536"}],"wp:attachment":[{"href":"https:\/\/conversesacatalunya.cat\/es\/wp-json\/wp\/v2\/media?parent=87546"}],"wp:term":[{"taxonomy":"category","embeddable":true,"href":"https:\/\/conversesacatalunya.cat\/es\/wp-json\/wp\/v2\/categories?post=87546"},{"taxonomy":"post_tag","embeddable":true,"href":"https:\/\/conversesacatalunya.cat\/es\/wp-json\/wp\/v2\/tags?post=87546"}],"curies":[{"name":"wp","href":"https:\/\/api.w.org\/{rel}","templated":true}]}}