{"id":87455,"date":"2025-04-15T10:06:34","date_gmt":"2025-04-15T08:06:34","guid":{"rendered":"https:\/\/conversesacatalunya.cat\/?p=87455"},"modified":"2025-04-15T10:31:25","modified_gmt":"2025-04-15T08:31:25","slug":"europa-escoger-entre-estados-unidos-y-china","status":"publish","type":"post","link":"https:\/\/conversesacatalunya.cat\/es\/europa-escoger-entre-estados-unidos-y-china\/","title":{"rendered":"Europa debe escoger entre Estados Unidos y China"},"content":{"rendered":"<p><span>Es la peor pesadilla que una organizaci\u00f3n como la Uni\u00f3n Europea, construida sobre las reducciones en las barreras comerciales, podr\u00eda imaginar.<\/span><\/p>\n<p><span><span class=\"VIpgJd-yAWNEb-VIpgJd-fmcmS-sn54Q\">El presidente de Estados Unidos Donald Trump se ha propuesto\u00a0<\/span><\/span><a href=\"https:\/\/conversesacatalunya.cat\/es\/claves-para-interpretar-consecuencias-aranceles-trump\/\" target=\"_blank\" rel=\"noopener\"><span><span class=\"VIpgJd-yAWNEb-VIpgJd-fmcmS-sn54Q\">derruir<\/span><\/span><\/a><span><span class=\"VIpgJd-yAWNEb-VIpgJd-fmcmS-sn54Q\">\u00a0el sistema econ\u00f3mico internacional que su pa\u00eds construy\u00f3 a finales de la Segunda Guerra Mundial sobre el d\u00f3lar y las fuerzas armadas estadounidenses, y que ha derivado en\u00a0<\/span><\/span><span><span class=\"VIpgJd-yAWNEb-VIpgJd-fmcmS-sn54Q\">la financieraizaci\u00f3n de la econom\u00eda y una globalizaci\u00f3n desequilibrada.<\/span><\/span><\/p>\n<p><span><span class=\"VIpgJd-yAWNEb-VIpgJd-fmcmS-sn54Q\">El pensamiento de fondo que conduce las acciones de la Administraci\u00f3n Trump,\u00a0<\/span><\/span><a href=\"https:\/\/www.ft.com\/content\/70294411-3738-45cd-b582-c60c238593d1\" target=\"_blank\" rel=\"noopener\"><span><span class=\"VIpgJd-yAWNEb-VIpgJd-fmcmS-sn54Q\">se\u00f1ala<\/span><\/span><\/a><span><span class=\"VIpgJd-yAWNEb-VIpgJd-fmcmS-sn54Q\">\u00a0<strong>Oren Cass<\/strong>,\u00a0<\/span><\/span><span><span class=\"VIpgJd-yAWNEb-VIpgJd-fmcmS-sn54Q\">director del instituto\u00a0<\/span><\/span><i><span><span class=\"VIpgJd-yAWNEb-VIpgJd-fmcmS-sn54Q\">American Compass,<\/span><\/span><\/i><span><span class=\"VIpgJd-yAWNEb-VIpgJd-fmcmS-sn54Q\">\u00a0es que\u00a0<\/span><\/span><strong><span><span class=\"VIpgJd-yAWNEb-VIpgJd-fmcmS-sn54Q\">el \u201cmomento unipolar\u201d<\/span><\/span><\/strong><span><span class=\"VIpgJd-yAWNEb-VIpgJd-fmcmS-sn54Q\">\u00a0del que gozaron los Estados Unidos tras vencer en la Guerra Fr\u00eda era una anomal\u00eda hist\u00f3rica, y ya es cosa del pasado.<\/span><\/span><\/p>\n<p><span>Seg\u00fan Elbridge Colby, recientemente nombrado jefe de pol\u00edticas p\u00fablicas del Pent\u00e1gono, por sus aliados, \u00abla tutela estadounidense era f\u00e1cil de llevar, especialmente comparada con la de otros aspirantes hist\u00f3ricos\u00bb. Pero \u00abaquellos d\u00edas pertenecen al pasado\u00bb.<\/span><\/p>\n<p><span><span class=\"VIpgJd-yAWNEb-VIpgJd-fmcmS-sn54Q\">Seg\u00fan Cass, en el\u00a0<\/span><\/span><strong><span><span class=\"VIpgJd-yAWNEb-VIpgJd-fmcmS-sn54Q\">mundo multipolar<\/span><\/span><\/strong><span><span class=\"VIpgJd-yAWNEb-VIpgJd-fmcmS-sn54Q\">\u00a0que emerger\u00e1 de los restos del orden liberal mundial, Estados Unidos liderar\u00e1 una alianza econ\u00f3mica y de seguridad construida en torno a las\u00a0<\/span><\/span><strong><span><span class=\"VIpgJd-yAWNEb-VIpgJd-fmcmS-sn54Q\">econom\u00edas de mercado democr\u00e1ticas<\/span><\/span><\/strong><span><span class=\"VIpgJd-yAWNEb-VIpgJd-fmcmS-sn54Q\">,\u00a0mientras se conceder\u00e1 a China su propia esfera.<\/span><\/span><\/p>\n<h4><strong><span><span class=\"VIpgJd-yAWNEb-VIpgJd-fmcmS-sn54Q\">La participaci\u00f3n en el bloque estadounidense exigir\u00e1 respetar al menos tres reglas.<\/span><\/span><\/strong><\/h4>\n<p><span><span class=\"VIpgJd-yAWNEb-VIpgJd-fmcmS-sn54Q\">La primera, unas\u00a0<\/span><\/span><strong><span><span class=\"VIpgJd-yAWNEb-VIpgJd-fmcmS-sn54Q\">relaciones comerciales equilibradas<\/span><\/span><\/strong><span><span class=\"VIpgJd-yAWNEb-VIpgJd-fmcmS-sn54Q\">,\u00a0sin que ning\u00fan pa\u00eds mantenga un d\u00e9ficit o super\u00e1vit excesivo hacia otro.<\/span><\/span><\/p>\n<p><span><span class=\"VIpgJd-yAWNEb-VIpgJd-fmcmS-sn54Q\">La segunda, que cada pa\u00eds miembro de la alianza\u00a0<\/span><\/span><strong><span><span class=\"VIpgJd-yAWNEb-VIpgJd-fmcmS-sn54Q\">asuma el papel de l\u00edder y garante principal de su propia seguridad<\/span><\/span><\/strong><span><span class=\"VIpgJd-yAWNEb-VIpgJd-fmcmS-sn54Q\">.<\/span><\/span><\/p>\n<p><span><span class=\"VIpgJd-yAWNEb-VIpgJd-fmcmS-sn54Q\">Y la tercera,\u00a0<\/span><\/span><strong><span><span class=\"VIpgJd-yAWNEb-VIpgJd-fmcmS-sn54Q\">excluir a China<\/span><\/span><\/strong><span><span class=\"VIpgJd-yAWNEb-VIpgJd-fmcmS-sn54Q\">\u00a0de los mercados de sus miembros.<\/span><\/span><\/p>\n<p><span>Cass apunta a que\u00a0<\/span><strong><span>Canad\u00e1 y M\u00e9xico<\/span><\/strong><span>,\u00a0tras adoptar una postura beligerante, est\u00e1n negociando fren\u00e9ticamente con Estados Unidos. <strong>Jap\u00f3n <\/strong><\/span><strong><span>e India<\/span><\/strong><span>\u00a0tambi\u00e9n han iniciado negociaciones con Washington, ya que recelan de Pek\u00edn por encima de todo.<\/span><\/p>\n<h4><strong><span><span class=\"VIpgJd-yAWNEb-VIpgJd-fmcmS-sn54Q\">Para Europa, la situaci\u00f3n es mucho m\u00e1s delicada por varios motivos.<\/span><\/span><\/strong><\/h4>\n<p><span><span class=\"VIpgJd-yAWNEb-VIpgJd-fmcmS-sn54Q\">En primer lugar, pa\u00edses como\u00a0<\/span><\/span><strong><span><span class=\"VIpgJd-yAWNEb-VIpgJd-fmcmS-sn54Q\">Alemania<\/span><\/span><\/strong><span><span class=\"VIpgJd-yAWNEb-VIpgJd-fmcmS-sn54Q\">\u00a0son fuertemente dependientes tanto de las exportaciones al gigante asi\u00e1tico como de las actividades industriales de sus empresas en ese pa\u00eds. Adem\u00e1s, los aranceles de Trump afectan especialmente a las econom\u00edas industriales europeas, centradas en la exportaci\u00f3n.<\/span><\/span><\/p>\n<p><span>En segundo lugar, se espera que, debido al muro arancelario estadounidense,\u00a0<\/span><strong><span>los productos chinos se desv\u00eden e inunden los mercados europeos a precios imbatibles<\/span><\/strong><span>\u00a0por la industria local.<\/span><\/p>\n<p><span>En tercer lugar,\u00a0<\/span><strong><span>los bur\u00f3cratas europeos est\u00e1n animados por un fuerte sentimiento ideol\u00f3gico antitrumpista<\/span><\/strong><span>. Curiosamente, este tiende a desaparecer con la dictadura de Pek\u00edn, a pesar de compartir muchos menos valores y que China haya destrozado sectores industriales europeos clave como el de las energ\u00edas renovables.<\/span><\/p>\n<p><span><span class=\"VIpgJd-yAWNEb-VIpgJd-fmcmS-sn54Q\">De hecho, la semana pasada Bruselas inici\u00f3\u00a0<\/span><\/span><a href=\"https:\/\/www.reuters.com\/business\/autos-transportation\/eu-china-start-talks-lifting-eu-tariffs-chinese-electric-vehicles-handelsblatt-2025-04-10\/\" target=\"_blank\" rel=\"noopener\"><span><span class=\"VIpgJd-yAWNEb-VIpgJd-fmcmS-sn54Q\">negociaciones<\/span><\/span><\/a><span><span class=\"VIpgJd-yAWNEb-VIpgJd-fmcmS-sn54Q\">\u00a0con Pek\u00edn para rebajar las barreras a los veh\u00edculos el\u00e9ctricos provenientes de China.<\/span><\/span><\/p>\n<p><span><span class=\"VIpgJd-yAWNEb-VIpgJd-fmcmS-sn54Q\">Un reforzamiento de las relaciones comerciales UE-China ser\u00eda catastr\u00f3fico para la industria del Viejo Continente, ya que a diferencia de la posici\u00f3n de exportador neto frente a Estados Unidos, la balanza es claramente\u00a0<\/span><\/span><a href=\"https:\/\/policy.trade.ec.europa.eu\/eu-trade-relationships-country-and-region\/countries-and-regions\/china_en\" target=\"_blank\" rel=\"noopener\"><span><span class=\"VIpgJd-yAWNEb-VIpgJd-fmcmS-sn54Q\">negativa<\/span><\/span><\/a><span><span class=\"VIpgJd-yAWNEb-VIpgJd-fmcmS-sn54Q\">\u00a0hacia China.<\/span><\/span><\/p>\n<p><span><span class=\"VIpgJd-yAWNEb-VIpgJd-fmcmS-sn54Q\">Sin embargo, acostumbrados como estamos a las\u00a0<\/span><\/span><strong><span><span class=\"VIpgJd-yAWNEb-VIpgJd-fmcmS-sn54Q\">derrotas autoinfligidas de la Comisi\u00f3n Europea<\/span><\/span><\/strong><span><span class=\"VIpgJd-yAWNEb-VIpgJd-fmcmS-sn54Q\">, no deber\u00eda extra\u00f1arnos que este sea el camino que asume Bruselas. Y es que la lista es larga y no deja de aumentar: rechazo de la energ\u00eda nuclear, sanciones al gas y petr\u00f3leo rusos, prohibici\u00f3n de los veh\u00edculos de combusti\u00f3n nuevos en 2035, sobreregulaci\u00f3n de la IA, subsidios a las renovables que benefician a la producci\u00f3n extranjera, desprotecci\u00f3n de los agricultores europeos, endeudamiento como motor de crecimiento, etc.<\/span><\/span><\/p>\n<p><strong><span>Europa se va vaciando poco a poco de su valor estrat\u00e9gico,<\/span><\/strong><span>\u00a0y quiz\u00e1s su exclusi\u00f3n del bloque estadounidense no acabe siendo un problema importante para Washington. Pero para nosotros, el resultado ser\u00eda escalofriante: convertirse en una colonia econ\u00f3mica, y seguramente tambi\u00e9n pol\u00edtica, de China.<\/span><\/p>\n<span class='bctt-click-to-tweet'><span class='bctt-ctt-text'><a href='https:\/\/twitter.com\/intent\/tweet?url=https%3A%2F%2Fconversesacatalunya.cat%2Fes%2Feuropa-escoger-entre-estados-unidos-y-china%2F&#038;text=Un%20reforzamiento%20de%20las%20relaciones%20comerciales%20UE-China%20ser%C3%ADa%20catastr%C3%B3fico%20para%20la%20industria%20del%20Viejo%20Continente&#038;via=conversesacat&#038;related=conversesacat' target='_blank'rel=\"noopener noreferrer\">Un reforzamiento de las relaciones comerciales UE-China ser\u00eda catastr\u00f3fico para la industria del Viejo Continente <\/a><\/span><a href='https:\/\/twitter.com\/intent\/tweet?url=https%3A%2F%2Fconversesacatalunya.cat%2Fes%2Feuropa-escoger-entre-estados-unidos-y-china%2F&#038;text=Un%20reforzamiento%20de%20las%20relaciones%20comerciales%20UE-China%20ser%C3%ADa%20catastr%C3%B3fico%20para%20la%20industria%20del%20Viejo%20Continente&#038;via=conversesacat&#038;related=conversesacat' target='_blank' class='bctt-ctt-btn'rel=\"noopener noreferrer\">Compartir en X<\/a><\/span>\n<div id=\"polls-280\" class=\"wp-polls\">\n\t<form id=\"polls_form_280\" class=\"wp-polls-form\" action=\"\/index.php\" method=\"post\">\n\t\t<p style=\"display: none;\"><input type=\"hidden\" id=\"poll_280_nonce\" name=\"wp-polls-nonce\" value=\"9b095e372b\" \/><\/p>\n\t\t<p style=\"display: none;\"><input type=\"hidden\" name=\"poll_id\" value=\"280\" \/><\/p>\n\t\t<p style=\"text-align: center\"><strong>Creus que l'esfor\u00e7 fiscal a Espanya \u00e9s massa elevat en el context europeu i pel que fa a les prestacions que es reben?<\/strong><\/p><div id=\"polls-280-ans\" class=\"wp-polls-ans\"><ul class=\"wp-polls-ul\">\n\t\t<li><input type=\"radio\" id=\"poll-answer-791\" name=\"poll_280\" value=\"791\" \/> <label for=\"poll-answer-791\">S\u00ed<\/label><\/li>\n\t\t<li><input type=\"radio\" id=\"poll-answer-792\" name=\"poll_280\" value=\"792\" \/> <label for=\"poll-answer-792\">No<\/label><\/li>\n\t\t<li><input type=\"radio\" id=\"poll-answer-793\" name=\"poll_280\" value=\"793\" \/> <label for=\"poll-answer-793\">No ho s\u00e9<\/label><\/li>\n\t\t<\/ul><p style=\"text-align: center\"><input type=\"button\" name=\"vote\" value=\"   Vota   \" class=\"Buttons\" onclick=\"poll_vote(280);\" \/><\/p><p style=\"text-align: center\"><a href=\"#ViewPollResults\" onclick=\"poll_result(280); return false;\" title=\"View Results Of This Poll\">Mira els resultats<\/a><\/p><\/div>\n\t<\/form>\n<\/div>\n<div id=\"polls-280-loading\" class=\"wp-polls-loading\"><img decoding=\"async\" data-src=\"https:\/\/conversesacatalunya.cat\/wp-content\/plugins\/wp-polls\/images\/loading.gif\" width=\"16\" height=\"16\" alt=\"Cargando ...\" title=\"Cargando ...\" class=\"wp-polls-image lazyload\" src=\"data:image\/svg+xml;base64,PHN2ZyB3aWR0aD0iMSIgaGVpZ2h0PSIxIiB4bWxucz0iaHR0cDovL3d3dy53My5vcmcvMjAwMC9zdmciPjwvc3ZnPg==\" style=\"--smush-placeholder-width: 16px; --smush-placeholder-aspect-ratio: 16\/16;\" \/>&nbsp;Cargando ...<\/div>\n\n","protected":false},"excerpt":{"rendered":"<p>Es la peor pesadilla que una organizaci\u00f3n como la Uni\u00f3n Europea, construida sobre las reducciones en las barreras comerciales, podr\u00eda imaginar. El presidente de Estados Unidos Donald Trump se ha propuesto\u00a0derruir\u00a0el sistema econ\u00f3mico internacional que su pa\u00eds construy\u00f3 a finales de la Segunda Guerra Mundial sobre el d\u00f3lar y las fuerzas armadas estadounidenses, y que ha derivado en\u00a0la financieraizaci\u00f3n de la econom\u00eda y una globalizaci\u00f3n desequilibrada. El pensamiento de fondo que conduce las acciones de la Administraci\u00f3n Trump,\u00a0se\u00f1ala\u00a0Oren Cass,\u00a0director del instituto\u00a0American Compass,\u00a0es que\u00a0el \u201cmomento unipolar\u201d\u00a0del que gozaron los Estados Unidos tras vencer en la Guerra Fr\u00eda era una anomal\u00eda hist\u00f3rica, y ya es cosa del pasado. Seg\u00fan Elbridge Colby, recientemente nombrado jefe de pol\u00edticas p\u00fablicas del Pent\u00e1gono, por sus aliados, \u00abla tutela estadounidense era f\u00e1cil de llevar, especialmente comparada con la de otros aspirantes hist\u00f3ricos\u00bb. Pero \u00abaquellos d\u00edas pertenecen al pasado\u00bb. Seg\u00fan Cass, en el\u00a0mundo multipolar\u00a0que emerger\u00e1 de los restos del orden liberal mundial, Estados Unidos liderar\u00e1 una alianza econ\u00f3mica y de seguridad construida en torno a las\u00a0econom\u00edas de mercado democr\u00e1ticas,\u00a0mientras se conceder\u00e1 a China su propia esfera. La participaci\u00f3n en el bloque estadounidense exigir\u00e1 respetar al menos tres reglas. La primera, unas\u00a0relaciones comerciales equilibradas,\u00a0sin que ning\u00fan pa\u00eds mantenga un d\u00e9ficit o super\u00e1vit excesivo hacia otro. La segunda, que cada pa\u00eds miembro de la alianza\u00a0asuma el papel de l\u00edder y garante principal de su propia seguridad. Y la tercera,\u00a0excluir a China\u00a0de los mercados de sus miembros. Cass apunta a que\u00a0Canad\u00e1 y M\u00e9xico,\u00a0tras adoptar una postura beligerante, est\u00e1n negociando fren\u00e9ticamente con Estados Unidos. Jap\u00f3n e India\u00a0tambi\u00e9n han iniciado negociaciones con Washington, ya que recelan de Pek\u00edn por encima de todo. Para Europa, la situaci\u00f3n es mucho m\u00e1s delicada por varios motivos. En primer lugar, pa\u00edses como\u00a0Alemania\u00a0son fuertemente dependientes tanto de las exportaciones al gigante asi\u00e1tico como de las actividades industriales de sus empresas en ese pa\u00eds. Adem\u00e1s, los aranceles de Trump afectan especialmente a las econom\u00edas industriales europeas, centradas en la exportaci\u00f3n. En segundo lugar, se espera que, debido al muro arancelario estadounidense,\u00a0los productos chinos se desv\u00eden e inunden los mercados europeos a precios imbatibles\u00a0por la industria local. En tercer lugar,\u00a0los bur\u00f3cratas europeos est\u00e1n animados por un fuerte sentimiento ideol\u00f3gico antitrumpista. Curiosamente, este tiende a desaparecer con la dictadura de Pek\u00edn, a pesar de compartir muchos menos valores y que China haya destrozado sectores industriales europeos clave como el de las energ\u00edas renovables. De hecho, la semana pasada Bruselas inici\u00f3\u00a0negociaciones\u00a0con Pek\u00edn para rebajar las barreras a los veh\u00edculos el\u00e9ctricos provenientes de China. Un reforzamiento de las relaciones comerciales UE-China ser\u00eda catastr\u00f3fico para la industria del Viejo Continente, ya que a diferencia de la posici\u00f3n de exportador neto frente a Estados Unidos, la balanza es claramente\u00a0negativa\u00a0hacia China. Sin embargo, acostumbrados como estamos a las\u00a0derrotas autoinfligidas de la Comisi\u00f3n Europea, no deber\u00eda extra\u00f1arnos que este sea el camino que asume Bruselas. Y es que la lista es larga y no deja de aumentar: rechazo de la energ\u00eda nuclear, sanciones al gas y petr\u00f3leo rusos, prohibici\u00f3n de los veh\u00edculos de combusti\u00f3n nuevos en 2035, sobreregulaci\u00f3n de la IA, subsidios a las renovables que benefician a la producci\u00f3n extranjera, desprotecci\u00f3n de los agricultores europeos, endeudamiento como motor de crecimiento, etc. Europa se va vaciando poco a poco de su valor estrat\u00e9gico,\u00a0y quiz\u00e1s su exclusi\u00f3n del bloque estadounidense no acabe siendo un problema importante para Washington. Pero para nosotros, el resultado ser\u00eda escalofriante: convertirse en una colonia econ\u00f3mica, y seguramente tambi\u00e9n pol\u00edtica, de China.<\/p>\n","protected":false},"author":75,"featured_media":87384,"comment_status":"open","ping_status":"open","sticky":false,"template":"","format":"standard","meta":{"_FSMCFIC_featured_image_caption":"","_FSMCFIC_featured_image_nocaption":"","_FSMCFIC_featured_image_hide":"","footnotes":""},"categories":[806],"tags":[5247,5264,1346,1850,998,1371,964,875,1162,1198],"class_list":["post-87455","post","type-post","status-publish","format-standard","has-post-thumbnail","hentry","category-punts-claus-del-dia-es","tag-aranceles","tag-aranzels-es","tag-china","tag-comerc-es","tag-comercio","tag-estados-unidos","tag-estats-units-es","tag-europa-es","tag-europa-es-2","tag-xina-es"],"yoast_head":"<!-- This site is optimized with the Yoast SEO plugin v26.8 - https:\/\/yoast.com\/product\/yoast-seo-wordpress\/ -->\n<title>Europa debe escoger entre Estados Unidos y China - Converses a Catalunya<\/title>\n<meta name=\"description\" content=\"Europa debe escoger entre Estados Unidos y China: Es la peor pesadilla que una organizaci\u00f3n como la UE podr\u00eda imaginar\" \/>\n<meta name=\"robots\" content=\"index, follow, max-snippet:-1, max-image-preview:large, max-video-preview:-1\" \/>\n<link rel=\"canonical\" href=\"https:\/\/conversesacatalunya.cat\/es\/europa-escoger-entre-estados-unidos-y-china\/\" \/>\n<meta property=\"og:locale\" content=\"es_ES\" \/>\n<meta property=\"og:type\" content=\"article\" \/>\n<meta property=\"og:title\" content=\"Europa debe escoger entre Estados Unidos y China - Converses a Catalunya\" \/>\n<meta property=\"og:description\" content=\"Europa debe escoger entre Estados Unidos y China: Es la peor pesadilla que una organizaci\u00f3n como la UE podr\u00eda imaginar\" \/>\n<meta property=\"og:url\" content=\"https:\/\/conversesacatalunya.cat\/es\/europa-escoger-entre-estados-unidos-y-china\/\" \/>\n<meta property=\"og:site_name\" content=\"Converses a Catalunya\" \/>\n<meta property=\"article:published_time\" content=\"2025-04-15T08:06:34+00:00\" \/>\n<meta property=\"article:modified_time\" content=\"2025-04-15T08:31:25+00:00\" \/>\n<meta property=\"og:image\" content=\"https:\/\/conversesacatalunya.cat\/wp-content\/uploads\/2025\/04\/EU-US-China-scaled-1.jpeg\" \/>\n\t<meta property=\"og:image:width\" content=\"2560\" \/>\n\t<meta property=\"og:image:height\" content=\"1440\" \/>\n\t<meta property=\"og:image:type\" content=\"image\/jpeg\" \/>\n<meta name=\"author\" content=\"Carles L\u00f3pez\" \/>\n<meta name=\"twitter:card\" content=\"summary_large_image\" \/>\n<meta name=\"twitter:label1\" content=\"Escrito por\" \/>\n\t<meta name=\"twitter:data1\" content=\"Carles L\u00f3pez\" \/>\n\t<meta name=\"twitter:label2\" content=\"Tiempo de lectura\" \/>\n\t<meta name=\"twitter:data2\" content=\"3 minutos\" \/>\n<script type=\"application\/ld+json\" class=\"yoast-schema-graph\">{\"@context\":\"https:\/\/schema.org\",\"@graph\":[{\"@type\":\"Article\",\"@id\":\"https:\/\/conversesacatalunya.cat\/es\/europa-escoger-entre-estados-unidos-y-china\/#article\",\"isPartOf\":{\"@id\":\"https:\/\/conversesacatalunya.cat\/es\/europa-escoger-entre-estados-unidos-y-china\/\"},\"author\":{\"name\":\"Carles L\u00f3pez\",\"@id\":\"https:\/\/conversesacatalunya.cat\/#\/schema\/person\/3ce2ab16c0a3803086d80722c7cad56a\"},\"headline\":\"Europa debe escoger entre Estados Unidos y China\",\"datePublished\":\"2025-04-15T08:06:34+00:00\",\"dateModified\":\"2025-04-15T08:31:25+00:00\",\"mainEntityOfPage\":{\"@id\":\"https:\/\/conversesacatalunya.cat\/es\/europa-escoger-entre-estados-unidos-y-china\/\"},\"wordCount\":707,\"commentCount\":0,\"image\":{\"@id\":\"https:\/\/conversesacatalunya.cat\/es\/europa-escoger-entre-estados-unidos-y-china\/#primaryimage\"},\"thumbnailUrl\":\"https:\/\/conversesacatalunya.cat\/wp-content\/uploads\/2025\/04\/EU-US-China-scaled-1.jpeg\",\"keywords\":[\"aranceles\",\"aranzels\",\"China\",\"Comer\u00e7\",\"comercio\",\"Estados Unidos\",\"Estats Units\",\"Europa\",\"Europa\",\"Xina\"],\"articleSection\":[\"Punts clau del dia (ES)\"],\"inLanguage\":\"es\",\"potentialAction\":[{\"@type\":\"CommentAction\",\"name\":\"Comment\",\"target\":[\"https:\/\/conversesacatalunya.cat\/es\/europa-escoger-entre-estados-unidos-y-china\/#respond\"]}]},{\"@type\":\"WebPage\",\"@id\":\"https:\/\/conversesacatalunya.cat\/es\/europa-escoger-entre-estados-unidos-y-china\/\",\"url\":\"https:\/\/conversesacatalunya.cat\/es\/europa-escoger-entre-estados-unidos-y-china\/\",\"name\":\"Europa debe escoger entre Estados Unidos y China - Converses a Catalunya\",\"isPartOf\":{\"@id\":\"https:\/\/conversesacatalunya.cat\/#website\"},\"primaryImageOfPage\":{\"@id\":\"https:\/\/conversesacatalunya.cat\/es\/europa-escoger-entre-estados-unidos-y-china\/#primaryimage\"},\"image\":{\"@id\":\"https:\/\/conversesacatalunya.cat\/es\/europa-escoger-entre-estados-unidos-y-china\/#primaryimage\"},\"thumbnailUrl\":\"https:\/\/conversesacatalunya.cat\/wp-content\/uploads\/2025\/04\/EU-US-China-scaled-1.jpeg\",\"datePublished\":\"2025-04-15T08:06:34+00:00\",\"dateModified\":\"2025-04-15T08:31:25+00:00\",\"author\":{\"@id\":\"https:\/\/conversesacatalunya.cat\/#\/schema\/person\/3ce2ab16c0a3803086d80722c7cad56a\"},\"description\":\"Europa debe escoger entre Estados Unidos y China: Es la peor pesadilla que una organizaci\u00f3n como la UE podr\u00eda imaginar\",\"breadcrumb\":{\"@id\":\"https:\/\/conversesacatalunya.cat\/es\/europa-escoger-entre-estados-unidos-y-china\/#breadcrumb\"},\"inLanguage\":\"es\",\"potentialAction\":[{\"@type\":\"ReadAction\",\"target\":[\"https:\/\/conversesacatalunya.cat\/es\/europa-escoger-entre-estados-unidos-y-china\/\"]}]},{\"@type\":\"ImageObject\",\"inLanguage\":\"es\",\"@id\":\"https:\/\/conversesacatalunya.cat\/es\/europa-escoger-entre-estados-unidos-y-china\/#primaryimage\",\"url\":\"https:\/\/conversesacatalunya.cat\/wp-content\/uploads\/2025\/04\/EU-US-China-scaled-1.jpeg\",\"contentUrl\":\"https:\/\/conversesacatalunya.cat\/wp-content\/uploads\/2025\/04\/EU-US-China-scaled-1.jpeg\",\"width\":2560,\"height\":1440,\"caption\":\"Europa Estados Unidos China\"},{\"@type\":\"BreadcrumbList\",\"@id\":\"https:\/\/conversesacatalunya.cat\/es\/europa-escoger-entre-estados-unidos-y-china\/#breadcrumb\",\"itemListElement\":[{\"@type\":\"ListItem\",\"position\":1,\"name\":\"Inici\",\"item\":\"https:\/\/conversesacatalunya.cat\/es\/\"},{\"@type\":\"ListItem\",\"position\":2,\"name\":\"Europa debe escoger entre Estados Unidos y China\"}]},{\"@type\":\"WebSite\",\"@id\":\"https:\/\/conversesacatalunya.cat\/#website\",\"url\":\"https:\/\/conversesacatalunya.cat\/\",\"name\":\"Converses a Catalunya\",\"description\":\"\",\"potentialAction\":[{\"@type\":\"SearchAction\",\"target\":{\"@type\":\"EntryPoint\",\"urlTemplate\":\"https:\/\/conversesacatalunya.cat\/?s={search_term_string}\"},\"query-input\":{\"@type\":\"PropertyValueSpecification\",\"valueRequired\":true,\"valueName\":\"search_term_string\"}}],\"inLanguage\":\"es\"},{\"@type\":\"Person\",\"@id\":\"https:\/\/conversesacatalunya.cat\/#\/schema\/person\/3ce2ab16c0a3803086d80722c7cad56a\",\"name\":\"Carles L\u00f3pez\",\"image\":{\"@type\":\"ImageObject\",\"inLanguage\":\"es\",\"@id\":\"https:\/\/conversesacatalunya.cat\/#\/schema\/person\/image\/\",\"url\":\"https:\/\/conversesacatalunya.cat\/wp-content\/litespeed\/avatar\/4891585caf2896e97846ab77f06edcf2.jpg?ver=1777091173\",\"contentUrl\":\"https:\/\/conversesacatalunya.cat\/wp-content\/litespeed\/avatar\/4891585caf2896e97846ab77f06edcf2.jpg?ver=1777091173\",\"caption\":\"Carles L\u00f3pez\"},\"url\":\"https:\/\/conversesacatalunya.cat\/es\/author\/carles-lopez\/\"}]}<\/script>\n<!-- \/ Yoast SEO plugin. -->","yoast_head_json":{"title":"Europa debe escoger entre Estados Unidos y China - Converses a Catalunya","description":"Europa debe escoger entre Estados Unidos y China: Es la peor pesadilla que una organizaci\u00f3n como la UE podr\u00eda imaginar","robots":{"index":"index","follow":"follow","max-snippet":"max-snippet:-1","max-image-preview":"max-image-preview:large","max-video-preview":"max-video-preview:-1"},"canonical":"https:\/\/conversesacatalunya.cat\/es\/europa-escoger-entre-estados-unidos-y-china\/","og_locale":"es_ES","og_type":"article","og_title":"Europa debe escoger entre Estados Unidos y China - Converses a Catalunya","og_description":"Europa debe escoger entre Estados Unidos y China: Es la peor pesadilla que una organizaci\u00f3n como la UE podr\u00eda imaginar","og_url":"https:\/\/conversesacatalunya.cat\/es\/europa-escoger-entre-estados-unidos-y-china\/","og_site_name":"Converses a Catalunya","article_published_time":"2025-04-15T08:06:34+00:00","article_modified_time":"2025-04-15T08:31:25+00:00","og_image":[{"width":2560,"height":1440,"url":"https:\/\/conversesacatalunya.cat\/wp-content\/uploads\/2025\/04\/EU-US-China-scaled-1.jpeg","type":"image\/jpeg"}],"author":"Carles L\u00f3pez","twitter_card":"summary_large_image","twitter_misc":{"Escrito por":"Carles L\u00f3pez","Tiempo de lectura":"3 minutos"},"schema":{"@context":"https:\/\/schema.org","@graph":[{"@type":"Article","@id":"https:\/\/conversesacatalunya.cat\/es\/europa-escoger-entre-estados-unidos-y-china\/#article","isPartOf":{"@id":"https:\/\/conversesacatalunya.cat\/es\/europa-escoger-entre-estados-unidos-y-china\/"},"author":{"name":"Carles L\u00f3pez","@id":"https:\/\/conversesacatalunya.cat\/#\/schema\/person\/3ce2ab16c0a3803086d80722c7cad56a"},"headline":"Europa debe escoger entre Estados Unidos y China","datePublished":"2025-04-15T08:06:34+00:00","dateModified":"2025-04-15T08:31:25+00:00","mainEntityOfPage":{"@id":"https:\/\/conversesacatalunya.cat\/es\/europa-escoger-entre-estados-unidos-y-china\/"},"wordCount":707,"commentCount":0,"image":{"@id":"https:\/\/conversesacatalunya.cat\/es\/europa-escoger-entre-estados-unidos-y-china\/#primaryimage"},"thumbnailUrl":"https:\/\/conversesacatalunya.cat\/wp-content\/uploads\/2025\/04\/EU-US-China-scaled-1.jpeg","keywords":["aranceles","aranzels","China","Comer\u00e7","comercio","Estados Unidos","Estats Units","Europa","Europa","Xina"],"articleSection":["Punts clau del dia (ES)"],"inLanguage":"es","potentialAction":[{"@type":"CommentAction","name":"Comment","target":["https:\/\/conversesacatalunya.cat\/es\/europa-escoger-entre-estados-unidos-y-china\/#respond"]}]},{"@type":"WebPage","@id":"https:\/\/conversesacatalunya.cat\/es\/europa-escoger-entre-estados-unidos-y-china\/","url":"https:\/\/conversesacatalunya.cat\/es\/europa-escoger-entre-estados-unidos-y-china\/","name":"Europa debe escoger entre Estados Unidos y China - Converses a Catalunya","isPartOf":{"@id":"https:\/\/conversesacatalunya.cat\/#website"},"primaryImageOfPage":{"@id":"https:\/\/conversesacatalunya.cat\/es\/europa-escoger-entre-estados-unidos-y-china\/#primaryimage"},"image":{"@id":"https:\/\/conversesacatalunya.cat\/es\/europa-escoger-entre-estados-unidos-y-china\/#primaryimage"},"thumbnailUrl":"https:\/\/conversesacatalunya.cat\/wp-content\/uploads\/2025\/04\/EU-US-China-scaled-1.jpeg","datePublished":"2025-04-15T08:06:34+00:00","dateModified":"2025-04-15T08:31:25+00:00","author":{"@id":"https:\/\/conversesacatalunya.cat\/#\/schema\/person\/3ce2ab16c0a3803086d80722c7cad56a"},"description":"Europa debe escoger entre Estados Unidos y China: Es la peor pesadilla que una organizaci\u00f3n como la UE podr\u00eda imaginar","breadcrumb":{"@id":"https:\/\/conversesacatalunya.cat\/es\/europa-escoger-entre-estados-unidos-y-china\/#breadcrumb"},"inLanguage":"es","potentialAction":[{"@type":"ReadAction","target":["https:\/\/conversesacatalunya.cat\/es\/europa-escoger-entre-estados-unidos-y-china\/"]}]},{"@type":"ImageObject","inLanguage":"es","@id":"https:\/\/conversesacatalunya.cat\/es\/europa-escoger-entre-estados-unidos-y-china\/#primaryimage","url":"https:\/\/conversesacatalunya.cat\/wp-content\/uploads\/2025\/04\/EU-US-China-scaled-1.jpeg","contentUrl":"https:\/\/conversesacatalunya.cat\/wp-content\/uploads\/2025\/04\/EU-US-China-scaled-1.jpeg","width":2560,"height":1440,"caption":"Europa Estados Unidos China"},{"@type":"BreadcrumbList","@id":"https:\/\/conversesacatalunya.cat\/es\/europa-escoger-entre-estados-unidos-y-china\/#breadcrumb","itemListElement":[{"@type":"ListItem","position":1,"name":"Inici","item":"https:\/\/conversesacatalunya.cat\/es\/"},{"@type":"ListItem","position":2,"name":"Europa debe escoger entre Estados Unidos y China"}]},{"@type":"WebSite","@id":"https:\/\/conversesacatalunya.cat\/#website","url":"https:\/\/conversesacatalunya.cat\/","name":"Converses a Catalunya","description":"","potentialAction":[{"@type":"SearchAction","target":{"@type":"EntryPoint","urlTemplate":"https:\/\/conversesacatalunya.cat\/?s={search_term_string}"},"query-input":{"@type":"PropertyValueSpecification","valueRequired":true,"valueName":"search_term_string"}}],"inLanguage":"es"},{"@type":"Person","@id":"https:\/\/conversesacatalunya.cat\/#\/schema\/person\/3ce2ab16c0a3803086d80722c7cad56a","name":"Carles L\u00f3pez","image":{"@type":"ImageObject","inLanguage":"es","@id":"https:\/\/conversesacatalunya.cat\/#\/schema\/person\/image\/","url":"https:\/\/conversesacatalunya.cat\/wp-content\/litespeed\/avatar\/4891585caf2896e97846ab77f06edcf2.jpg?ver=1777091173","contentUrl":"https:\/\/conversesacatalunya.cat\/wp-content\/litespeed\/avatar\/4891585caf2896e97846ab77f06edcf2.jpg?ver=1777091173","caption":"Carles L\u00f3pez"},"url":"https:\/\/conversesacatalunya.cat\/es\/author\/carles-lopez\/"}]}},"wps_subtitle":"Un reforzamiento de las relaciones comerciales UE-China ser\u00eda catastr\u00f3fico para la industria del Viejo Continente","_links":{"self":[{"href":"https:\/\/conversesacatalunya.cat\/es\/wp-json\/wp\/v2\/posts\/87455","targetHints":{"allow":["GET"]}}],"collection":[{"href":"https:\/\/conversesacatalunya.cat\/es\/wp-json\/wp\/v2\/posts"}],"about":[{"href":"https:\/\/conversesacatalunya.cat\/es\/wp-json\/wp\/v2\/types\/post"}],"author":[{"embeddable":true,"href":"https:\/\/conversesacatalunya.cat\/es\/wp-json\/wp\/v2\/users\/75"}],"replies":[{"embeddable":true,"href":"https:\/\/conversesacatalunya.cat\/es\/wp-json\/wp\/v2\/comments?post=87455"}],"version-history":[{"count":6,"href":"https:\/\/conversesacatalunya.cat\/es\/wp-json\/wp\/v2\/posts\/87455\/revisions"}],"predecessor-version":[{"id":87456,"href":"https:\/\/conversesacatalunya.cat\/es\/wp-json\/wp\/v2\/posts\/87455\/revisions\/87456"}],"wp:featuredmedia":[{"embeddable":true,"href":"https:\/\/conversesacatalunya.cat\/es\/wp-json\/wp\/v2\/media\/87384"}],"wp:attachment":[{"href":"https:\/\/conversesacatalunya.cat\/es\/wp-json\/wp\/v2\/media?parent=87455"}],"wp:term":[{"taxonomy":"category","embeddable":true,"href":"https:\/\/conversesacatalunya.cat\/es\/wp-json\/wp\/v2\/categories?post=87455"},{"taxonomy":"post_tag","embeddable":true,"href":"https:\/\/conversesacatalunya.cat\/es\/wp-json\/wp\/v2\/tags?post=87455"}],"curies":[{"name":"wp","href":"https:\/\/api.w.org\/{rel}","templated":true}]}}