{"id":87409,"date":"2025-04-14T08:51:29","date_gmt":"2025-04-14T06:51:29","guid":{"rendered":"https:\/\/conversesacatalunya.cat\/?p=87409"},"modified":"2025-04-13T19:41:45","modified_gmt":"2025-04-13T17:41:45","slug":"alemania-partidos-tradicionales-gobierno-salvacion","status":"publish","type":"post","link":"https:\/\/conversesacatalunya.cat\/es\/alemania-partidos-tradicionales-gobierno-salvacion\/","title":{"rendered":"Alemania: los partidos tradicionales forman un gobierno para su salvaci\u00f3n"},"content":{"rendered":"<p><span><span class=\"VIpgJd-yAWNEb-VIpgJd-fmcmS-sn54Q\">Lo que ya\u00a0<\/span><\/span><a href=\"https:\/\/conversesacatalunya.cat\/es\/alemanya-riscos-govern-centrista\/\" target=\"_blank\" rel=\"noopener\"><span><span class=\"VIpgJd-yAWNEb-VIpgJd-fmcmS-sn54Q\">anunciamos<\/span><\/span><\/a><span><span class=\"VIpgJd-yAWNEb-VIpgJd-fmcmS-sn54Q\">\u00a0hace un mes ha terminado materializ\u00e1ndose el pasado 9 de abril: las dos principales fuerzas pol\u00edticas tradicionales de Alemania, los\u00a0<\/span><\/span><span><span class=\"VIpgJd-yAWNEb-VIpgJd-fmcmS-sn54Q\">democristianos de la CDU-CSU y los socialdem\u00f3cratas del SPD concluyeron un acuerdo de coalici\u00f3n para gobernar el pa\u00eds.<\/span><\/span><\/p>\n<p><span><span class=\"VIpgJd-yAWNEb-VIpgJd-fmcmS-sn54Q\">Sin embargo, esta combinaci\u00f3n est\u00e1 en buena parte\u00a0<\/span><\/span><strong><span><span class=\"VIpgJd-yAWNEb-VIpgJd-fmcmS-sn54Q\">desprovista de su sustancia hist\u00f3rica<\/span><\/span><\/strong><span><span class=\"VIpgJd-yAWNEb-VIpgJd-fmcmS-sn54Q\">, cuando se conoc\u00eda como \u00abgran coalici\u00f3n\u00bb. Si bien en los a\u00f1os 60 la uni\u00f3n de los dos principales partidos logr\u00f3 controlar aproximadamente el 90% del parlamento federal,\u00a0<\/span><\/span><strong><span><span class=\"VIpgJd-yAWNEb-VIpgJd-fmcmS-sn54Q\">este a\u00f1o supera apenas el 50% de los esca\u00f1os<\/span><\/span><\/strong><span><span class=\"VIpgJd-yAWNEb-VIpgJd-fmcmS-sn54Q\">.<\/span><\/span><\/p>\n<p><span><span class=\"VIpgJd-yAWNEb-VIpgJd-fmcmS-sn54Q\">Su ventaja legislativa es tan magra que hace unas semanas los l\u00edderes de ambos partidos se unieron con la otra fuerza pol\u00edtica tradicional superviviente, los\u00a0<\/span><\/span><strong><span><span class=\"VIpgJd-yAWNEb-VIpgJd-fmcmS-sn54Q\">ecologistas<\/span><\/span><\/strong><span><span class=\"VIpgJd-yAWNEb-VIpgJd-fmcmS-sn54Q\">\u00a0(los\u00a0<\/span><\/span><strong><span><span class=\"VIpgJd-yAWNEb-VIpgJd-fmcmS-sn54Q\">liberales<\/span><\/span><\/strong><span><span class=\"VIpgJd-yAWNEb-VIpgJd-fmcmS-sn54Q\">,\u00a0la habitual bisagra parlamentaria, han literalmente desaparecido del mapa legislativo). El objetivo, aprobar a toda prisa una\u00a0<\/span><\/span><a href=\"https:\/\/conversesacatalunya.cat\/es\/el-fin-de-la-excepcion-alemana\/\" target=\"_blank\" rel=\"noopener\"><span><span class=\"VIpgJd-yAWNEb-VIpgJd-fmcmS-sn54Q\">enmienda constitucional<\/span><\/span><\/a><span><span class=\"VIpgJd-yAWNEb-VIpgJd-fmcmS-sn54Q\">\u00a0que debe permitir un gigantesco plan de endeudamiento.<\/span><\/span><\/p>\n<p><span><span class=\"VIpgJd-yAWNEb-VIpgJd-fmcmS-sn54Q\">Hab\u00eda que votar la medida r\u00e1pido, antes de que se estrene la nueva legislatura, en la que las fuerzas pol\u00edticas que est\u00e1n a favor\u00a0<\/span><\/span><strong><span><span class=\"VIpgJd-yAWNEb-VIpgJd-fmcmS-sn54Q\">ya no re\u00fanen a las dos terceras partes de los esca\u00f1os necesarios<\/span><\/span><\/strong><span><span class=\"VIpgJd-yAWNEb-VIpgJd-fmcmS-sn54Q\">.<\/span><\/span><\/p>\n<p><span>Se espera que Merz sea nombrado canciller de Alemania a principios de mayo.<\/span><\/p>\n<p><span><span class=\"VIpgJd-yAWNEb-VIpgJd-fmcmS-sn54Q\">Cabe apuntar que el candidato a canciller y l\u00edder democristiano\u00a0<\/span><\/span><strong><span><span class=\"VIpgJd-yAWNEb-VIpgJd-fmcmS-sn54Q\">Friedrich Merz<\/span><\/span><\/strong><span><span class=\"VIpgJd-yAWNEb-VIpgJd-fmcmS-sn54Q\">\u00a0ha logrado un acuerdo de coalici\u00f3n de forma inhabitualmente r\u00e1pida por los est\u00e1ndares alemanes. Esto ser\u00eda debido a la\u00a0<\/span><\/span><strong><span><span class=\"VIpgJd-yAWNEb-VIpgJd-fmcmS-sn54Q\">tensa situaci\u00f3n internacional<\/span><\/span><\/strong><span><span class=\"VIpgJd-yAWNEb-VIpgJd-fmcmS-sn54Q\">, marcada por la guerra comercial lanzada desde Estados Unidos por el presidente Donald Trump, y por la amenaza que supone la Rusia de Vlad\u00edmir Putin.<\/span><\/span><\/p>\n<p><span><span class=\"VIpgJd-yAWNEb-VIpgJd-fmcmS-sn54Q\">El programa del gobierno de coalici\u00f3n pactado entre cristianodem\u00f3cratas y socialdem\u00f3cratas prev\u00e9\u00a0<\/span><\/span><strong><span><span class=\"VIpgJd-yAWNEb-VIpgJd-fmcmS-sn54Q\">recortes de impuestos para empresas, incentivos a la inversi\u00f3n y una rebaja del coste de la electricidad<\/span><\/span><\/strong><span><span class=\"VIpgJd-yAWNEb-VIpgJd-fmcmS-sn54Q\">.<\/span><\/span><\/p>\n<p><strong><span><span class=\"VIpgJd-yAWNEb-VIpgJd-fmcmS-sn54Q\">En materia de inmigraci\u00f3n, la CDU-CSU se ha desdicho de sus promesas m\u00e1s ambiciosas<\/span><\/span><\/strong><span><span class=\"VIpgJd-yAWNEb-VIpgJd-fmcmS-sn54Q\">\u00a0ante la negativa del SPD, limit\u00e1ndose a \u00abreducir en buena parte la inmigraci\u00f3n ilegal\u00bb, aunque se ha comprometido a lanzar una \u00abofensiva de repatriaciones\u00bb y suspender la reunificaci\u00f3n familiar. Sin embargo, el acuerdo mantiene el estatus de Alemania como un \u00abpa\u00eds de inmigraci\u00f3n\u00bb.<\/span><\/span><\/p>\n<p><span><span class=\"VIpgJd-yAWNEb-VIpgJd-fmcmS-sn54Q\">Por otra parte, en\u00a0<\/span><\/span><a href=\"https:\/\/www.politico.eu\/article\/germany-friedrich-merz-coalition-deal-under-us-donald-trump-pressure\/\" target=\"_blank\" rel=\"noopener\"><span><span class=\"VIpgJd-yAWNEb-VIpgJd-fmcmS-sn54Q\">declaraciones<\/span><\/span><\/a><span><span class=\"VIpgJd-yAWNEb-VIpgJd-fmcmS-sn54Q\">\u00a0a la prensa,\u00a0<\/span><\/span><strong><span><span class=\"VIpgJd-yAWNEb-VIpgJd-fmcmS-sn54Q\">Merz se mostr\u00f3 muy prudente hacia Estados Unidos<\/span><\/span><\/strong><span><span class=\"VIpgJd-yAWNEb-VIpgJd-fmcmS-sn54Q\">,\u00a0presentando a Alemania como un socio firme, e insistiendo en que cumplir\u00eda sus obligaciones en materia de defensa e incrementar\u00eda su competitividad.<\/span><\/span><\/p>\n<p><span><span class=\"VIpgJd-yAWNEb-VIpgJd-fmcmS-sn54Q\">La letra peque\u00f1a del acuerdo es el uso del endeudamiento como principal instrumento de gobierno, deshaciendo una de las escasas ventajas competitivas que todav\u00eda conservaba Alemania.\u00a0<\/span><\/span><span><span class=\"VIpgJd-yAWNEb-VIpgJd-fmcmS-sn54Q\">El gobierno abrir\u00e1 un\u00a0<\/span><\/span><strong><span><span class=\"VIpgJd-yAWNEb-VIpgJd-fmcmS-sn54Q\">fondo especial de 500.000 millones de euros fuera de control presupuestario ordinario.<\/span><\/span><\/strong><\/p>\n<p><span>La gran coalici\u00f3n de Merz basar\u00e1 el crecimiento econ\u00f3mico en el endeudamiento masivo. No deja de ser una extensi\u00f3n de la\u00a0<\/span><strong><span>serie de rescates camuflados en planes de recuperaci\u00f3n<\/span><\/strong><span>\u00a0que las instituciones europeas y los gobiernos de los Estados miembros han empleado desde la pandemia para evitar la depresi\u00f3n econ\u00f3mica.<\/span><\/p>\n<p><span><span class=\"VIpgJd-yAWNEb-VIpgJd-fmcmS-sn54Q\">As\u00ed pues, en \u00faltimo t\u00e9rmino, el plan de gobierno de Merz est\u00e1 concebido para prolongar y acentuar una situaci\u00f3n que es a la larga insostenible, y que beneficia m\u00e1s a los partidos tradicionales que buscan mantenerse en el poder a todo precio ante el auge de los extremos.\u00a0<\/span><\/span><strong><span><span class=\"VIpgJd-yAWNEb-VIpgJd-fmcmS-sn54Q\">La nueva gran coalici\u00f3n es, al fin y al cabo, un gobierno de salvaci\u00f3n, pero de salvaci\u00f3n propia, no de Alemania.<\/span><\/span><\/strong><\/p>\n<span class='bctt-click-to-tweet'><span class='bctt-ctt-text'><a href='https:\/\/twitter.com\/intent\/tweet?url=https%3A%2F%2Fconversesacatalunya.cat%2Fes%2Falemania-partidos-tradicionales-gobierno-salvacion%2F&#038;text=La%20nueva%20gran%20coalici%C3%B3n%20es%2C%20al%20fin%20y%20al%20cabo%2C%20un%20gobierno%20de%20salvaci%C3%B3n%2C%20pero%20de%20salvaci%C3%B3n%20propia%2C%20no%20de%20Alemania&#038;via=conversesacat&#038;related=conversesacat' target='_blank'rel=\"noopener noreferrer\">La nueva gran coalici\u00f3n es, al fin y al cabo, un gobierno de salvaci\u00f3n, pero de salvaci\u00f3n propia, no de Alemania <\/a><\/span><a href='https:\/\/twitter.com\/intent\/tweet?url=https%3A%2F%2Fconversesacatalunya.cat%2Fes%2Falemania-partidos-tradicionales-gobierno-salvacion%2F&#038;text=La%20nueva%20gran%20coalici%C3%B3n%20es%2C%20al%20fin%20y%20al%20cabo%2C%20un%20gobierno%20de%20salvaci%C3%B3n%2C%20pero%20de%20salvaci%C3%B3n%20propia%2C%20no%20de%20Alemania&#038;via=conversesacat&#038;related=conversesacat' target='_blank' class='bctt-ctt-btn'rel=\"noopener noreferrer\">Compartir en X<\/a><\/span>\n<p>&nbsp;<\/p>\n","protected":false},"excerpt":{"rendered":"<p>Lo que ya\u00a0anunciamos\u00a0hace un mes ha terminado materializ\u00e1ndose el pasado 9 de abril: las dos principales fuerzas pol\u00edticas tradicionales de Alemania, los\u00a0democristianos de la CDU-CSU y los socialdem\u00f3cratas del SPD concluyeron un acuerdo de coalici\u00f3n para gobernar el pa\u00eds. Sin embargo, esta combinaci\u00f3n est\u00e1 en buena parte\u00a0desprovista de su sustancia hist\u00f3rica, cuando se conoc\u00eda como \u00abgran coalici\u00f3n\u00bb. Si bien en los a\u00f1os 60 la uni\u00f3n de los dos principales partidos logr\u00f3 controlar aproximadamente el 90% del parlamento federal,\u00a0este a\u00f1o supera apenas el 50% de los esca\u00f1os. Su ventaja legislativa es tan magra que hace unas semanas los l\u00edderes de ambos partidos se unieron con la otra fuerza pol\u00edtica tradicional superviviente, los\u00a0ecologistas\u00a0(los\u00a0liberales,\u00a0la habitual bisagra parlamentaria, han literalmente desaparecido del mapa legislativo). El objetivo, aprobar a toda prisa una\u00a0enmienda constitucional\u00a0que debe permitir un gigantesco plan de endeudamiento. Hab\u00eda que votar la medida r\u00e1pido, antes de que se estrene la nueva legislatura, en la que las fuerzas pol\u00edticas que est\u00e1n a favor\u00a0ya no re\u00fanen a las dos terceras partes de los esca\u00f1os necesarios. Se espera que Merz sea nombrado canciller de Alemania a principios de mayo. Cabe apuntar que el candidato a canciller y l\u00edder democristiano\u00a0Friedrich Merz\u00a0ha logrado un acuerdo de coalici\u00f3n de forma inhabitualmente r\u00e1pida por los est\u00e1ndares alemanes. Esto ser\u00eda debido a la\u00a0tensa situaci\u00f3n internacional, marcada por la guerra comercial lanzada desde Estados Unidos por el presidente Donald Trump, y por la amenaza que supone la Rusia de Vlad\u00edmir Putin. El programa del gobierno de coalici\u00f3n pactado entre cristianodem\u00f3cratas y socialdem\u00f3cratas prev\u00e9\u00a0recortes de impuestos para empresas, incentivos a la inversi\u00f3n y una rebaja del coste de la electricidad. En materia de inmigraci\u00f3n, la CDU-CSU se ha desdicho de sus promesas m\u00e1s ambiciosas\u00a0ante la negativa del SPD, limit\u00e1ndose a \u00abreducir en buena parte la inmigraci\u00f3n ilegal\u00bb, aunque se ha comprometido a lanzar una \u00abofensiva de repatriaciones\u00bb y suspender la reunificaci\u00f3n familiar. Sin embargo, el acuerdo mantiene el estatus de Alemania como un \u00abpa\u00eds de inmigraci\u00f3n\u00bb. Por otra parte, en\u00a0declaraciones\u00a0a la prensa,\u00a0Merz se mostr\u00f3 muy prudente hacia Estados Unidos,\u00a0presentando a Alemania como un socio firme, e insistiendo en que cumplir\u00eda sus obligaciones en materia de defensa e incrementar\u00eda su competitividad. La letra peque\u00f1a del acuerdo es el uso del endeudamiento como principal instrumento de gobierno, deshaciendo una de las escasas ventajas competitivas que todav\u00eda conservaba Alemania.\u00a0El gobierno abrir\u00e1 un\u00a0fondo especial de 500.000 millones de euros fuera de control presupuestario ordinario. La gran coalici\u00f3n de Merz basar\u00e1 el crecimiento econ\u00f3mico en el endeudamiento masivo. No deja de ser una extensi\u00f3n de la\u00a0serie de rescates camuflados en planes de recuperaci\u00f3n\u00a0que las instituciones europeas y los gobiernos de los Estados miembros han empleado desde la pandemia para evitar la depresi\u00f3n econ\u00f3mica. As\u00ed pues, en \u00faltimo t\u00e9rmino, el plan de gobierno de Merz est\u00e1 concebido para prolongar y acentuar una situaci\u00f3n que es a la larga insostenible, y que beneficia m\u00e1s a los partidos tradicionales que buscan mantenerse en el poder a todo precio ante el auge de los extremos.\u00a0La nueva gran coalici\u00f3n es, al fin y al cabo, un gobierno de salvaci\u00f3n, pero de salvaci\u00f3n propia, no de Alemania. &nbsp;<\/p>\n","protected":false},"author":75,"featured_media":50687,"comment_status":"open","ping_status":"open","sticky":false,"template":"","format":"standard","meta":{"_FSMCFIC_featured_image_caption":"","_FSMCFIC_featured_image_nocaption":"","_FSMCFIC_featured_image_hide":"","footnotes":""},"categories":[806],"tags":[1587,1586,3430,2392,5267],"class_list":["post-87409","post","type-post","status-publish","format-standard","has-post-thumbnail","hentry","category-punts-claus-del-dia-es","tag-alemania","tag-alemanya-es","tag-endeutament-es","tag-endeutamiento","tag-friedrich-merz-es"],"yoast_head":"<!-- This site is optimized with the Yoast SEO plugin v26.8 - https:\/\/yoast.com\/product\/yoast-seo-wordpress\/ -->\n<title>Alemania: los partidos tradicionales forman un gobierno para su salvaci\u00f3n - Converses a Catalunya<\/title>\n<meta name=\"description\" content=\"Uso del endeudamiento como principal instrumento de gobierno, deshaciendo una de las ventajas competitivas que todav\u00eda conservaba Alemania\" \/>\n<meta name=\"robots\" content=\"index, follow, max-snippet:-1, max-image-preview:large, max-video-preview:-1\" \/>\n<link rel=\"canonical\" href=\"https:\/\/conversesacatalunya.cat\/alemanya-partits-tradicionals-govern-salvacio\/\" \/>\n<meta property=\"og:locale\" content=\"es_ES\" \/>\n<meta property=\"og:type\" content=\"article\" \/>\n<meta property=\"og:title\" content=\"Alemania: los partidos tradicionales forman un gobierno para su salvaci\u00f3n - Converses a Catalunya\" \/>\n<meta property=\"og:description\" content=\"Uso del endeudamiento como principal instrumento de gobierno, deshaciendo una de las ventajas competitivas que todav\u00eda conservaba Alemania\" \/>\n<meta property=\"og:url\" content=\"https:\/\/conversesacatalunya.cat\/alemanya-partits-tradicionals-govern-salvacio\/\" \/>\n<meta property=\"og:site_name\" content=\"Converses a Catalunya\" \/>\n<meta property=\"article:published_time\" content=\"2025-04-14T06:51:29+00:00\" \/>\n<meta property=\"og:image\" content=\"https:\/\/conversesacatalunya.cat\/wp-content\/uploads\/2021\/09\/bundestag.jpg\" \/>\n\t<meta property=\"og:image:width\" content=\"750\" \/>\n\t<meta property=\"og:image:height\" content=\"422\" \/>\n\t<meta property=\"og:image:type\" content=\"image\/jpeg\" \/>\n<meta name=\"author\" content=\"Carles L\u00f3pez\" \/>\n<meta name=\"twitter:card\" content=\"summary_large_image\" \/>\n<meta name=\"twitter:label1\" content=\"Escrito por\" \/>\n\t<meta name=\"twitter:data1\" content=\"Carles L\u00f3pez\" \/>\n\t<meta name=\"twitter:label2\" content=\"Tiempo de lectura\" \/>\n\t<meta name=\"twitter:data2\" content=\"3 minutos\" \/>\n<script type=\"application\/ld+json\" class=\"yoast-schema-graph\">{\"@context\":\"https:\/\/schema.org\",\"@graph\":[{\"@type\":\"Article\",\"@id\":\"https:\/\/conversesacatalunya.cat\/alemanya-partits-tradicionals-govern-salvacio\/#article\",\"isPartOf\":{\"@id\":\"https:\/\/conversesacatalunya.cat\/alemanya-partits-tradicionals-govern-salvacio\/\"},\"author\":{\"name\":\"Carles L\u00f3pez\",\"@id\":\"https:\/\/conversesacatalunya.cat\/#\/schema\/person\/3ce2ab16c0a3803086d80722c7cad56a\"},\"headline\":\"Alemania: los partidos tradicionales forman un gobierno para su salvaci\u00f3n\",\"datePublished\":\"2025-04-14T06:51:29+00:00\",\"mainEntityOfPage\":{\"@id\":\"https:\/\/conversesacatalunya.cat\/alemanya-partits-tradicionals-govern-salvacio\/\"},\"wordCount\":629,\"commentCount\":0,\"image\":{\"@id\":\"https:\/\/conversesacatalunya.cat\/alemanya-partits-tradicionals-govern-salvacio\/#primaryimage\"},\"thumbnailUrl\":\"https:\/\/conversesacatalunya.cat\/wp-content\/uploads\/2021\/09\/bundestag.jpg\",\"keywords\":[\"Alemania\",\"Alemanya\",\"endeutament\",\"endeutamiento\",\"Friedrich Merz\"],\"articleSection\":[\"Punts clau del dia (ES)\"],\"inLanguage\":\"es\",\"potentialAction\":[{\"@type\":\"CommentAction\",\"name\":\"Comment\",\"target\":[\"https:\/\/conversesacatalunya.cat\/alemanya-partits-tradicionals-govern-salvacio\/#respond\"]}]},{\"@type\":\"WebPage\",\"@id\":\"https:\/\/conversesacatalunya.cat\/alemanya-partits-tradicionals-govern-salvacio\/\",\"url\":\"https:\/\/conversesacatalunya.cat\/alemanya-partits-tradicionals-govern-salvacio\/\",\"name\":\"Alemania: los partidos tradicionales forman un gobierno para su salvaci\u00f3n - Converses a Catalunya\",\"isPartOf\":{\"@id\":\"https:\/\/conversesacatalunya.cat\/#website\"},\"primaryImageOfPage\":{\"@id\":\"https:\/\/conversesacatalunya.cat\/alemanya-partits-tradicionals-govern-salvacio\/#primaryimage\"},\"image\":{\"@id\":\"https:\/\/conversesacatalunya.cat\/alemanya-partits-tradicionals-govern-salvacio\/#primaryimage\"},\"thumbnailUrl\":\"https:\/\/conversesacatalunya.cat\/wp-content\/uploads\/2021\/09\/bundestag.jpg\",\"datePublished\":\"2025-04-14T06:51:29+00:00\",\"author\":{\"@id\":\"https:\/\/conversesacatalunya.cat\/#\/schema\/person\/3ce2ab16c0a3803086d80722c7cad56a\"},\"description\":\"Uso del endeudamiento como principal instrumento de gobierno, deshaciendo una de las ventajas competitivas que todav\u00eda conservaba Alemania\",\"breadcrumb\":{\"@id\":\"https:\/\/conversesacatalunya.cat\/alemanya-partits-tradicionals-govern-salvacio\/#breadcrumb\"},\"inLanguage\":\"es\",\"potentialAction\":[{\"@type\":\"ReadAction\",\"target\":[\"https:\/\/conversesacatalunya.cat\/alemanya-partits-tradicionals-govern-salvacio\/\"]}]},{\"@type\":\"ImageObject\",\"inLanguage\":\"es\",\"@id\":\"https:\/\/conversesacatalunya.cat\/alemanya-partits-tradicionals-govern-salvacio\/#primaryimage\",\"url\":\"https:\/\/conversesacatalunya.cat\/wp-content\/uploads\/2021\/09\/bundestag.jpg\",\"contentUrl\":\"https:\/\/conversesacatalunya.cat\/wp-content\/uploads\/2021\/09\/bundestag.jpg\",\"width\":750,\"height\":422,\"caption\":\"Alemania endeudamiento\"},{\"@type\":\"BreadcrumbList\",\"@id\":\"https:\/\/conversesacatalunya.cat\/alemanya-partits-tradicionals-govern-salvacio\/#breadcrumb\",\"itemListElement\":[{\"@type\":\"ListItem\",\"position\":1,\"name\":\"Inici\",\"item\":\"https:\/\/conversesacatalunya.cat\/es\/\"},{\"@type\":\"ListItem\",\"position\":2,\"name\":\"Alemania: los partidos tradicionales forman un gobierno para su salvaci\u00f3n\"}]},{\"@type\":\"WebSite\",\"@id\":\"https:\/\/conversesacatalunya.cat\/#website\",\"url\":\"https:\/\/conversesacatalunya.cat\/\",\"name\":\"Converses a Catalunya\",\"description\":\"\",\"potentialAction\":[{\"@type\":\"SearchAction\",\"target\":{\"@type\":\"EntryPoint\",\"urlTemplate\":\"https:\/\/conversesacatalunya.cat\/?s={search_term_string}\"},\"query-input\":{\"@type\":\"PropertyValueSpecification\",\"valueRequired\":true,\"valueName\":\"search_term_string\"}}],\"inLanguage\":\"es\"},{\"@type\":\"Person\",\"@id\":\"https:\/\/conversesacatalunya.cat\/#\/schema\/person\/3ce2ab16c0a3803086d80722c7cad56a\",\"name\":\"Carles L\u00f3pez\",\"image\":{\"@type\":\"ImageObject\",\"inLanguage\":\"es\",\"@id\":\"https:\/\/conversesacatalunya.cat\/#\/schema\/person\/image\/\",\"url\":\"https:\/\/conversesacatalunya.cat\/wp-content\/litespeed\/avatar\/4891585caf2896e97846ab77f06edcf2.jpg?ver=1777091173\",\"contentUrl\":\"https:\/\/conversesacatalunya.cat\/wp-content\/litespeed\/avatar\/4891585caf2896e97846ab77f06edcf2.jpg?ver=1777091173\",\"caption\":\"Carles L\u00f3pez\"},\"url\":\"https:\/\/conversesacatalunya.cat\/es\/author\/carles-lopez\/\"}]}<\/script>\n<!-- \/ Yoast SEO plugin. -->","yoast_head_json":{"title":"Alemania: los partidos tradicionales forman un gobierno para su salvaci\u00f3n - Converses a Catalunya","description":"Uso del endeudamiento como principal instrumento de gobierno, deshaciendo una de las ventajas competitivas que todav\u00eda conservaba Alemania","robots":{"index":"index","follow":"follow","max-snippet":"max-snippet:-1","max-image-preview":"max-image-preview:large","max-video-preview":"max-video-preview:-1"},"canonical":"https:\/\/conversesacatalunya.cat\/alemanya-partits-tradicionals-govern-salvacio\/","og_locale":"es_ES","og_type":"article","og_title":"Alemania: los partidos tradicionales forman un gobierno para su salvaci\u00f3n - Converses a Catalunya","og_description":"Uso del endeudamiento como principal instrumento de gobierno, deshaciendo una de las ventajas competitivas que todav\u00eda conservaba Alemania","og_url":"https:\/\/conversesacatalunya.cat\/alemanya-partits-tradicionals-govern-salvacio\/","og_site_name":"Converses a Catalunya","article_published_time":"2025-04-14T06:51:29+00:00","og_image":[{"width":750,"height":422,"url":"https:\/\/conversesacatalunya.cat\/wp-content\/uploads\/2021\/09\/bundestag.jpg","type":"image\/jpeg"}],"author":"Carles L\u00f3pez","twitter_card":"summary_large_image","twitter_misc":{"Escrito por":"Carles L\u00f3pez","Tiempo de lectura":"3 minutos"},"schema":{"@context":"https:\/\/schema.org","@graph":[{"@type":"Article","@id":"https:\/\/conversesacatalunya.cat\/alemanya-partits-tradicionals-govern-salvacio\/#article","isPartOf":{"@id":"https:\/\/conversesacatalunya.cat\/alemanya-partits-tradicionals-govern-salvacio\/"},"author":{"name":"Carles L\u00f3pez","@id":"https:\/\/conversesacatalunya.cat\/#\/schema\/person\/3ce2ab16c0a3803086d80722c7cad56a"},"headline":"Alemania: los partidos tradicionales forman un gobierno para su salvaci\u00f3n","datePublished":"2025-04-14T06:51:29+00:00","mainEntityOfPage":{"@id":"https:\/\/conversesacatalunya.cat\/alemanya-partits-tradicionals-govern-salvacio\/"},"wordCount":629,"commentCount":0,"image":{"@id":"https:\/\/conversesacatalunya.cat\/alemanya-partits-tradicionals-govern-salvacio\/#primaryimage"},"thumbnailUrl":"https:\/\/conversesacatalunya.cat\/wp-content\/uploads\/2021\/09\/bundestag.jpg","keywords":["Alemania","Alemanya","endeutament","endeutamiento","Friedrich Merz"],"articleSection":["Punts clau del dia (ES)"],"inLanguage":"es","potentialAction":[{"@type":"CommentAction","name":"Comment","target":["https:\/\/conversesacatalunya.cat\/alemanya-partits-tradicionals-govern-salvacio\/#respond"]}]},{"@type":"WebPage","@id":"https:\/\/conversesacatalunya.cat\/alemanya-partits-tradicionals-govern-salvacio\/","url":"https:\/\/conversesacatalunya.cat\/alemanya-partits-tradicionals-govern-salvacio\/","name":"Alemania: los partidos tradicionales forman un gobierno para su salvaci\u00f3n - Converses a Catalunya","isPartOf":{"@id":"https:\/\/conversesacatalunya.cat\/#website"},"primaryImageOfPage":{"@id":"https:\/\/conversesacatalunya.cat\/alemanya-partits-tradicionals-govern-salvacio\/#primaryimage"},"image":{"@id":"https:\/\/conversesacatalunya.cat\/alemanya-partits-tradicionals-govern-salvacio\/#primaryimage"},"thumbnailUrl":"https:\/\/conversesacatalunya.cat\/wp-content\/uploads\/2021\/09\/bundestag.jpg","datePublished":"2025-04-14T06:51:29+00:00","author":{"@id":"https:\/\/conversesacatalunya.cat\/#\/schema\/person\/3ce2ab16c0a3803086d80722c7cad56a"},"description":"Uso del endeudamiento como principal instrumento de gobierno, deshaciendo una de las ventajas competitivas que todav\u00eda conservaba Alemania","breadcrumb":{"@id":"https:\/\/conversesacatalunya.cat\/alemanya-partits-tradicionals-govern-salvacio\/#breadcrumb"},"inLanguage":"es","potentialAction":[{"@type":"ReadAction","target":["https:\/\/conversesacatalunya.cat\/alemanya-partits-tradicionals-govern-salvacio\/"]}]},{"@type":"ImageObject","inLanguage":"es","@id":"https:\/\/conversesacatalunya.cat\/alemanya-partits-tradicionals-govern-salvacio\/#primaryimage","url":"https:\/\/conversesacatalunya.cat\/wp-content\/uploads\/2021\/09\/bundestag.jpg","contentUrl":"https:\/\/conversesacatalunya.cat\/wp-content\/uploads\/2021\/09\/bundestag.jpg","width":750,"height":422,"caption":"Alemania endeudamiento"},{"@type":"BreadcrumbList","@id":"https:\/\/conversesacatalunya.cat\/alemanya-partits-tradicionals-govern-salvacio\/#breadcrumb","itemListElement":[{"@type":"ListItem","position":1,"name":"Inici","item":"https:\/\/conversesacatalunya.cat\/es\/"},{"@type":"ListItem","position":2,"name":"Alemania: los partidos tradicionales forman un gobierno para su salvaci\u00f3n"}]},{"@type":"WebSite","@id":"https:\/\/conversesacatalunya.cat\/#website","url":"https:\/\/conversesacatalunya.cat\/","name":"Converses a Catalunya","description":"","potentialAction":[{"@type":"SearchAction","target":{"@type":"EntryPoint","urlTemplate":"https:\/\/conversesacatalunya.cat\/?s={search_term_string}"},"query-input":{"@type":"PropertyValueSpecification","valueRequired":true,"valueName":"search_term_string"}}],"inLanguage":"es"},{"@type":"Person","@id":"https:\/\/conversesacatalunya.cat\/#\/schema\/person\/3ce2ab16c0a3803086d80722c7cad56a","name":"Carles L\u00f3pez","image":{"@type":"ImageObject","inLanguage":"es","@id":"https:\/\/conversesacatalunya.cat\/#\/schema\/person\/image\/","url":"https:\/\/conversesacatalunya.cat\/wp-content\/litespeed\/avatar\/4891585caf2896e97846ab77f06edcf2.jpg?ver=1777091173","contentUrl":"https:\/\/conversesacatalunya.cat\/wp-content\/litespeed\/avatar\/4891585caf2896e97846ab77f06edcf2.jpg?ver=1777091173","caption":"Carles L\u00f3pez"},"url":"https:\/\/conversesacatalunya.cat\/es\/author\/carles-lopez\/"}]}},"wps_subtitle":"El plan de gobierno de Merz est\u00e1 concebido para prolongar y acentuar una situaci\u00f3n de endeudamiento a la larga insostenible.","_links":{"self":[{"href":"https:\/\/conversesacatalunya.cat\/es\/wp-json\/wp\/v2\/posts\/87409","targetHints":{"allow":["GET"]}}],"collection":[{"href":"https:\/\/conversesacatalunya.cat\/es\/wp-json\/wp\/v2\/posts"}],"about":[{"href":"https:\/\/conversesacatalunya.cat\/es\/wp-json\/wp\/v2\/types\/post"}],"author":[{"embeddable":true,"href":"https:\/\/conversesacatalunya.cat\/es\/wp-json\/wp\/v2\/users\/75"}],"replies":[{"embeddable":true,"href":"https:\/\/conversesacatalunya.cat\/es\/wp-json\/wp\/v2\/comments?post=87409"}],"version-history":[{"count":4,"href":"https:\/\/conversesacatalunya.cat\/es\/wp-json\/wp\/v2\/posts\/87409\/revisions"}],"predecessor-version":[{"id":87410,"href":"https:\/\/conversesacatalunya.cat\/es\/wp-json\/wp\/v2\/posts\/87409\/revisions\/87410"}],"wp:featuredmedia":[{"embeddable":true,"href":"https:\/\/conversesacatalunya.cat\/es\/wp-json\/wp\/v2\/media\/50687"}],"wp:attachment":[{"href":"https:\/\/conversesacatalunya.cat\/es\/wp-json\/wp\/v2\/media?parent=87409"}],"wp:term":[{"taxonomy":"category","embeddable":true,"href":"https:\/\/conversesacatalunya.cat\/es\/wp-json\/wp\/v2\/categories?post=87409"},{"taxonomy":"post_tag","embeddable":true,"href":"https:\/\/conversesacatalunya.cat\/es\/wp-json\/wp\/v2\/tags?post=87409"}],"curies":[{"name":"wp","href":"https:\/\/api.w.org\/{rel}","templated":true}]}}