{"id":87396,"date":"2025-04-14T09:05:21","date_gmt":"2025-04-14T07:05:21","guid":{"rendered":"https:\/\/conversesacatalunya.cat\/?p=87396"},"modified":"2025-04-13T21:18:31","modified_gmt":"2025-04-13T19:18:31","slug":"barcelona-caos-urbanistico-era-colau-collboni","status":"publish","type":"post","link":"https:\/\/conversesacatalunya.cat\/es\/barcelona-caos-urbanistico-era-colau-collboni\/","title":{"rendered":"Barcelona caos urban\u00edstico de la era Colau-Collboni"},"content":{"rendered":"<p><span>Barcelona se enorgullece de tener m\u00e1s de 93.000 locales comerciales, pero la realidad es que muchos de estos\u00a0<\/span><a href=\"https:\/\/conversesacatalunya.cat\/es\/la-gran-crisis-de-barcelona\/\" target=\"_blank\" rel=\"noopener\"><strong><span>establecimientos en los barrios<\/span><\/strong><\/a><span>\u00a0tradicionales est\u00e1n en declive a causa de la\u00a0<\/span><strong><span>competencia del comercio electr\u00f3nico<\/span><\/strong><span>. A excepci\u00f3n de aquellos situados en zonas tur\u00edsticas, muchos parecen condenados a cerrar, lo que pone de manifiesto que, m\u00e1s all\u00e1 del turismo, el consistorio no ha aportado soluciones efectivas.<\/span><\/p>\n<p><span><span class=\"VIpgJd-yAWNEb-VIpgJd-fmcmS-sn54Q\">Seg\u00fan el catastro, en\u00a0<\/span><\/span><strong><span><span class=\"VIpgJd-yAWNEb-VIpgJd-fmcmS-sn54Q\">los \u00faltimos 15 a\u00f1os<\/span><\/span><\/strong><span><span class=\"VIpgJd-yAWNEb-VIpgJd-fmcmS-sn54Q\">, Barcelona ha experimentado un modesto crecimiento del 10% en el n\u00famero total de locales, pero m\u00e1s de la mitad corresponde exclusivamente a la hosteler\u00eda y servicios tur\u00edsticos. El resto apenas ha crecido un p\u00edrrico 5%, una cifra que, lejos de mejorar, ha empezado a retroceder, ya que los nuevos h\u00e1bitos de consumo\u00a0<\/span><\/span><strong><span><span class=\"VIpgJd-yAWNEb-VIpgJd-fmcmS-sn54Q\">prefieren el f\u00e1cil clic al paseo por el barrio.<\/span><\/span><\/strong><\/p>\n<p><span><span class=\"\">Mientras, la paradoja reina en la ciudad. Barcelona, \u200b\u200bque sol\u00eda ejercer con naturalidad su capitalidad sobre Catalu\u00f1a, se est\u00e1 convirtiendo progresivamente en una urbe incomunicada, con dificultades de movilidad crecientes. Es m\u00e1s f\u00e1cil llegar a Barcelona desde cualquier capital europea que desde algunos puntos de Catalu\u00f1a, gracias al embotellamiento circulatorio provocado por la\u00a0<\/span><\/span><strong><span><span class=\"\">peculiar visi\u00f3n urban\u00edstica del t\u00e1ndem Colau-Collboni<\/span><\/span><\/strong><span><span class=\"\">.<\/span><\/span><\/p>\n<blockquote><p><strong><span><span class=\"VIpgJd-yAWNEb-VIpgJd-fmcmS-sn54Q\">Y qu\u00e9 decir del tranv\u00eda: una soluci\u00f3n del siglo XIX para problemas del siglo XXI, creando m\u00e1s barreras que conexiones efectivas<\/span><\/span><\/strong><\/p><\/blockquote>\n<p><span><span class=\"VIpgJd-yAWNEb-VIpgJd-fmcmS-sn54Q\">Estos casi doce a\u00f1os de gobierno de Colau y Collboni pueden resumirse en una m\u00e1xima: \u201cmenos coches, m\u00e1s embotellamientos\u201d. La gesti\u00f3n del tr\u00e1fico se asemeja a una tragicomedia urbana, con inversiones fara\u00f3nicas como el<strong>\u00a0<\/strong><\/span><\/span><a href=\"https:\/\/conversesacatalunya.cat\/es\/barcelona-tunel-de-les-glories\/\" target=\"_blank\" rel=\"noopener\"><span><span class=\"VIpgJd-yAWNEb-VIpgJd-fmcmS-sn54Q\"><strong>t\u00fanel de Gl\u00f2ries<\/strong>,<\/span><\/span><\/a><span><span class=\"VIpgJd-yAWNEb-VIpgJd-fmcmS-sn54Q\"> que no solo no ha mejorado la circulaci\u00f3n, sino que ha empeorado el tr\u00e1fico de la zona. Y qu\u00e9 decir del tranv\u00eda: una soluci\u00f3n del siglo XIX para problemas del siglo XXI, creando m\u00e1s barreras que conexiones efectivas. Otros experimentos fallidos incluyen la reconversi\u00f3n de Via Laietana y la surrealista transformaci\u00f3n de la calle Consell de Cent.<\/span><\/span><\/p>\n<p><span>Mientras, Madrid observa desde la distancia con cierto alivio. Su modelo, aunque con problemas, apuesta por facilitar tanto la movilidad p\u00fablica como la privada, algo que en Barcelona parece un anatema. La capital catalana ha logrado la proeza de reducir el uso del coche privado y, al mismo tiempo, mantener las calles y los accesos colapsados.<\/span><\/p>\n<p><span>La ausencia de un verdadero modelo alternativo de transporte p\u00fablico, esencial antes de cualquier dr\u00e1stica restricci\u00f3n, subraya la gesti\u00f3n ideol\u00f3gica y poco pragm\u00e1tica del consistorio barcelon\u00e9s. El resultado es evidente: una ciudad excesivamente dependiente del turismo, una actividad de baja productividad que maquilla cifras econ\u00f3micas, pero que no genera un tejido s\u00f3lido ni sostenible.<\/span><\/p>\n<p><span>Para empeorar la situaci\u00f3n, los j\u00f3venes barceloneses son expulsados \u200b\u200bprogresivamente de la ciudad a causa de la inacci\u00f3n municipal en materia de vivienda, lo que aumenta la gentrificaci\u00f3n y deteriora el capital social<\/span><\/p>\n<h5><strong><span>Hoy, Barcelona tiene barrios centrales en decadencia, periferias marginadas, residentes envejecidos y expatriados que transforman su identidad sin arraigarse.<\/span><\/strong><\/h5>\n<p><span><span class=\"VIpgJd-yAWNEb-VIpgJd-fmcmS-sn54Q\">Urge una transformaci\u00f3n radical que convierta a Barcelona en un modelo de ciudad sostenible del siglo XXI, regenerando su patrimonio arquitect\u00f3nico y aplicando tecnolog\u00edas innovadoras, desde energ\u00edas renovables hasta inteligencia artificial, para resolver los problemas de movilidad. Y, sobre todo, es imprescindible poner fin a la creciente verg\u00fcenza de\u00a0<\/span><\/span><strong><span><span class=\"VIpgJd-yAWNEb-VIpgJd-fmcmS-sn54Q\">m\u00e1s de 1.384 personas viviendo en la calle.<\/span><\/span><\/strong><\/p>\n<span class='bctt-click-to-tweet'><span class='bctt-ctt-text'><a href='https:\/\/twitter.com\/intent\/tweet?url=https%3A%2F%2Fconversesacatalunya.cat%2Fes%2Fbarcelona-caos-urbanistico-era-colau-collboni%2F&#038;text=La%20capital%20catalana%20ha%20logrado%20la%20proeza%20de%20reducir%20el%20uso%20del%20coche%20privado%20y%2C%20al%20mismo%20tiempo%2C%20mantener%20las%20calles%20y%20los%20accesos%20colapsados&#038;via=conversesacat&#038;related=conversesacat' target='_blank'rel=\"noopener noreferrer\">La capital catalana ha logrado la proeza de reducir el uso del coche privado y, al mismo tiempo, mantener las calles y los accesos colapsados <\/a><\/span><a href='https:\/\/twitter.com\/intent\/tweet?url=https%3A%2F%2Fconversesacatalunya.cat%2Fes%2Fbarcelona-caos-urbanistico-era-colau-collboni%2F&#038;text=La%20capital%20catalana%20ha%20logrado%20la%20proeza%20de%20reducir%20el%20uso%20del%20coche%20privado%20y%2C%20al%20mismo%20tiempo%2C%20mantener%20las%20calles%20y%20los%20accesos%20colapsados&#038;via=conversesacat&#038;related=conversesacat' target='_blank' class='bctt-ctt-btn'rel=\"noopener noreferrer\">Compartir en X<\/a><\/span>\n","protected":false},"excerpt":{"rendered":"<p>Barcelona se enorgullece de tener m\u00e1s de 93.000 locales comerciales, pero la realidad es que muchos de estos\u00a0establecimientos en los barrios\u00a0tradicionales est\u00e1n en declive a causa de la\u00a0competencia del comercio electr\u00f3nico. A excepci\u00f3n de aquellos situados en zonas tur\u00edsticas, muchos parecen condenados a cerrar, lo que pone de manifiesto que, m\u00e1s all\u00e1 del turismo, el consistorio no ha aportado soluciones efectivas. Seg\u00fan el catastro, en\u00a0los \u00faltimos 15 a\u00f1os, Barcelona ha experimentado un modesto crecimiento del 10% en el n\u00famero total de locales, pero m\u00e1s de la mitad corresponde exclusivamente a la hosteler\u00eda y servicios tur\u00edsticos. El resto apenas ha crecido un p\u00edrrico 5%, una cifra que, lejos de mejorar, ha empezado a retroceder, ya que los nuevos h\u00e1bitos de consumo\u00a0prefieren el f\u00e1cil clic al paseo por el barrio. Mientras, la paradoja reina en la ciudad. Barcelona, \u200b\u200bque sol\u00eda ejercer con naturalidad su capitalidad sobre Catalu\u00f1a, se est\u00e1 convirtiendo progresivamente en una urbe incomunicada, con dificultades de movilidad crecientes. Es m\u00e1s f\u00e1cil llegar a Barcelona desde cualquier capital europea que desde algunos puntos de Catalu\u00f1a, gracias al embotellamiento circulatorio provocado por la\u00a0peculiar visi\u00f3n urban\u00edstica del t\u00e1ndem Colau-Collboni. Y qu\u00e9 decir del tranv\u00eda: una soluci\u00f3n del siglo XIX para problemas del siglo XXI, creando m\u00e1s barreras que conexiones efectivas Estos casi doce a\u00f1os de gobierno de Colau y Collboni pueden resumirse en una m\u00e1xima: \u201cmenos coches, m\u00e1s embotellamientos\u201d. La gesti\u00f3n del tr\u00e1fico se asemeja a una tragicomedia urbana, con inversiones fara\u00f3nicas como el\u00a0t\u00fanel de Gl\u00f2ries, que no solo no ha mejorado la circulaci\u00f3n, sino que ha empeorado el tr\u00e1fico de la zona. Y qu\u00e9 decir del tranv\u00eda: una soluci\u00f3n del siglo XIX para problemas del siglo XXI, creando m\u00e1s barreras que conexiones efectivas. Otros experimentos fallidos incluyen la reconversi\u00f3n de Via Laietana y la surrealista transformaci\u00f3n de la calle Consell de Cent. Mientras, Madrid observa desde la distancia con cierto alivio. Su modelo, aunque con problemas, apuesta por facilitar tanto la movilidad p\u00fablica como la privada, algo que en Barcelona parece un anatema. La capital catalana ha logrado la proeza de reducir el uso del coche privado y, al mismo tiempo, mantener las calles y los accesos colapsados. La ausencia de un verdadero modelo alternativo de transporte p\u00fablico, esencial antes de cualquier dr\u00e1stica restricci\u00f3n, subraya la gesti\u00f3n ideol\u00f3gica y poco pragm\u00e1tica del consistorio barcelon\u00e9s. El resultado es evidente: una ciudad excesivamente dependiente del turismo, una actividad de baja productividad que maquilla cifras econ\u00f3micas, pero que no genera un tejido s\u00f3lido ni sostenible. Para empeorar la situaci\u00f3n, los j\u00f3venes barceloneses son expulsados \u200b\u200bprogresivamente de la ciudad a causa de la inacci\u00f3n municipal en materia de vivienda, lo que aumenta la gentrificaci\u00f3n y deteriora el capital social Hoy, Barcelona tiene barrios centrales en decadencia, periferias marginadas, residentes envejecidos y expatriados que transforman su identidad sin arraigarse. Urge una transformaci\u00f3n radical que convierta a Barcelona en un modelo de ciudad sostenible del siglo XXI, regenerando su patrimonio arquitect\u00f3nico y aplicando tecnolog\u00edas innovadoras, desde energ\u00edas renovables hasta inteligencia artificial, para resolver los problemas de movilidad. Y, sobre todo, es imprescindible poner fin a la creciente verg\u00fcenza de\u00a0m\u00e1s de 1.384 personas viviendo en la calle.<\/p>\n","protected":false},"author":80,"featured_media":87393,"comment_status":"open","ping_status":"open","sticky":false,"template":"","format":"standard","meta":{"_FSMCFIC_featured_image_caption":"","_FSMCFIC_featured_image_nocaption":"","_FSMCFIC_featured_image_hide":"","footnotes":""},"categories":[806],"tags":[948,903,5262,5265],"class_list":["post-87396","post","type-post","status-publish","format-standard","has-post-thumbnail","hentry","category-punts-claus-del-dia-es","tag-ajuntament-de-barcelona-es","tag-ayuntamiento-de-barcelona","tag-calles-barcelona","tag-carrers-barcelona-es"],"yoast_head":"<!-- This site is optimized with the Yoast SEO plugin v26.8 - https:\/\/yoast.com\/product\/yoast-seo-wordpress\/ -->\n<title>Barcelona caos urban\u00edstico de la era Colau-Collboni - Converses a Catalunya<\/title>\n<meta name=\"description\" content=\"Barcelona caos urban\u00edstico. Tiene barrios centrales en decadencia, periferias marginadas, residentes envejecidos y expatriados sin arraigo\" \/>\n<meta name=\"robots\" content=\"index, follow, max-snippet:-1, max-image-preview:large, max-video-preview:-1\" \/>\n<link rel=\"canonical\" href=\"https:\/\/conversesacatalunya.cat\/?p=87366\" \/>\n<meta property=\"og:locale\" content=\"es_ES\" \/>\n<meta property=\"og:type\" content=\"article\" \/>\n<meta property=\"og:title\" content=\"Barcelona caos urban\u00edstico de la era Colau-Collboni - Converses a Catalunya\" \/>\n<meta property=\"og:description\" content=\"Barcelona caos urban\u00edstico. Tiene barrios centrales en decadencia, periferias marginadas, residentes envejecidos y expatriados sin arraigo\" \/>\n<meta property=\"og:url\" content=\"https:\/\/conversesacatalunya.cat\/?p=87366\" \/>\n<meta property=\"og:site_name\" content=\"Converses a Catalunya\" \/>\n<meta property=\"article:published_time\" content=\"2025-04-14T07:05:21+00:00\" \/>\n<meta property=\"og:image\" content=\"https:\/\/conversesacatalunya.cat\/wp-content\/uploads\/2025\/04\/gaudi-1285294_640.jpg\" \/>\n\t<meta property=\"og:image:width\" content=\"640\" \/>\n\t<meta property=\"og:image:height\" content=\"428\" \/>\n\t<meta property=\"og:image:type\" content=\"image\/jpeg\" \/>\n<meta name=\"author\" content=\"N\u00faria Freixa\" \/>\n<meta name=\"twitter:card\" content=\"summary_large_image\" \/>\n<meta name=\"twitter:label1\" content=\"Escrito por\" \/>\n\t<meta name=\"twitter:data1\" content=\"N\u00faria Freixa\" \/>\n\t<meta name=\"twitter:label2\" content=\"Tiempo de lectura\" \/>\n\t<meta name=\"twitter:data2\" content=\"3 minutos\" \/>\n<script type=\"application\/ld+json\" class=\"yoast-schema-graph\">{\"@context\":\"https:\/\/schema.org\",\"@graph\":[{\"@type\":\"Article\",\"@id\":\"https:\/\/conversesacatalunya.cat\/?p=87366#article\",\"isPartOf\":{\"@id\":\"https:\/\/conversesacatalunya.cat\/?p=87366\"},\"author\":{\"name\":\"N\u00faria Freixa\",\"@id\":\"https:\/\/conversesacatalunya.cat\/#\/schema\/person\/b734752c25b328c819a407cbea568c1f\"},\"headline\":\"Barcelona caos urban\u00edstico de la era Colau-Collboni\",\"datePublished\":\"2025-04-14T07:05:21+00:00\",\"mainEntityOfPage\":{\"@id\":\"https:\/\/conversesacatalunya.cat\/?p=87366\"},\"wordCount\":619,\"commentCount\":0,\"image\":{\"@id\":\"https:\/\/conversesacatalunya.cat\/?p=87366#primaryimage\"},\"thumbnailUrl\":\"https:\/\/conversesacatalunya.cat\/wp-content\/uploads\/2025\/04\/gaudi-1285294_640.jpg\",\"keywords\":[\"Ajuntament de Barcelona\",\"Ayuntamiento de Barcelona\",\"calles Barcelona\",\"carrers Barcelona\"],\"articleSection\":[\"Punts clau del dia (ES)\"],\"inLanguage\":\"es\",\"potentialAction\":[{\"@type\":\"CommentAction\",\"name\":\"Comment\",\"target\":[\"https:\/\/conversesacatalunya.cat\/?p=87366#respond\"]}]},{\"@type\":\"WebPage\",\"@id\":\"https:\/\/conversesacatalunya.cat\/?p=87366\",\"url\":\"https:\/\/conversesacatalunya.cat\/?p=87366\",\"name\":\"Barcelona caos urban\u00edstico de la era Colau-Collboni - Converses a Catalunya\",\"isPartOf\":{\"@id\":\"https:\/\/conversesacatalunya.cat\/#website\"},\"primaryImageOfPage\":{\"@id\":\"https:\/\/conversesacatalunya.cat\/?p=87366#primaryimage\"},\"image\":{\"@id\":\"https:\/\/conversesacatalunya.cat\/?p=87366#primaryimage\"},\"thumbnailUrl\":\"https:\/\/conversesacatalunya.cat\/wp-content\/uploads\/2025\/04\/gaudi-1285294_640.jpg\",\"datePublished\":\"2025-04-14T07:05:21+00:00\",\"author\":{\"@id\":\"https:\/\/conversesacatalunya.cat\/#\/schema\/person\/b734752c25b328c819a407cbea568c1f\"},\"description\":\"Barcelona caos urban\u00edstico. Tiene barrios centrales en decadencia, periferias marginadas, residentes envejecidos y expatriados sin arraigo\",\"breadcrumb\":{\"@id\":\"https:\/\/conversesacatalunya.cat\/?p=87366#breadcrumb\"},\"inLanguage\":\"es\",\"potentialAction\":[{\"@type\":\"ReadAction\",\"target\":[\"https:\/\/conversesacatalunya.cat\/?p=87366\"]}]},{\"@type\":\"ImageObject\",\"inLanguage\":\"es\",\"@id\":\"https:\/\/conversesacatalunya.cat\/?p=87366#primaryimage\",\"url\":\"https:\/\/conversesacatalunya.cat\/wp-content\/uploads\/2025\/04\/gaudi-1285294_640.jpg\",\"contentUrl\":\"https:\/\/conversesacatalunya.cat\/wp-content\/uploads\/2025\/04\/gaudi-1285294_640.jpg\",\"width\":640,\"height\":428,\"caption\":\"Barcelona caos urban\u00edstic\"},{\"@type\":\"BreadcrumbList\",\"@id\":\"https:\/\/conversesacatalunya.cat\/?p=87366#breadcrumb\",\"itemListElement\":[{\"@type\":\"ListItem\",\"position\":1,\"name\":\"Inici\",\"item\":\"https:\/\/conversesacatalunya.cat\/es\/\"},{\"@type\":\"ListItem\",\"position\":2,\"name\":\"Barcelona caos urban\u00edstico de la era Colau-Collboni\"}]},{\"@type\":\"WebSite\",\"@id\":\"https:\/\/conversesacatalunya.cat\/#website\",\"url\":\"https:\/\/conversesacatalunya.cat\/\",\"name\":\"Converses a Catalunya\",\"description\":\"\",\"potentialAction\":[{\"@type\":\"SearchAction\",\"target\":{\"@type\":\"EntryPoint\",\"urlTemplate\":\"https:\/\/conversesacatalunya.cat\/?s={search_term_string}\"},\"query-input\":{\"@type\":\"PropertyValueSpecification\",\"valueRequired\":true,\"valueName\":\"search_term_string\"}}],\"inLanguage\":\"es\"},{\"@type\":\"Person\",\"@id\":\"https:\/\/conversesacatalunya.cat\/#\/schema\/person\/b734752c25b328c819a407cbea568c1f\",\"name\":\"N\u00faria Freixa\",\"image\":{\"@type\":\"ImageObject\",\"inLanguage\":\"es\",\"@id\":\"https:\/\/conversesacatalunya.cat\/#\/schema\/person\/image\/\",\"url\":\"https:\/\/conversesacatalunya.cat\/wp-content\/litespeed\/avatar\/c3686e387186fed249338fe04729c597.jpg?ver=1777289182\",\"contentUrl\":\"https:\/\/conversesacatalunya.cat\/wp-content\/litespeed\/avatar\/c3686e387186fed249338fe04729c597.jpg?ver=1777289182\",\"caption\":\"N\u00faria Freixa\"},\"url\":\"https:\/\/conversesacatalunya.cat\/es\/author\/nuria_freixa\/\"}]}<\/script>\n<!-- \/ Yoast SEO plugin. -->","yoast_head_json":{"title":"Barcelona caos urban\u00edstico de la era Colau-Collboni - Converses a Catalunya","description":"Barcelona caos urban\u00edstico. Tiene barrios centrales en decadencia, periferias marginadas, residentes envejecidos y expatriados sin arraigo","robots":{"index":"index","follow":"follow","max-snippet":"max-snippet:-1","max-image-preview":"max-image-preview:large","max-video-preview":"max-video-preview:-1"},"canonical":"https:\/\/conversesacatalunya.cat\/?p=87366","og_locale":"es_ES","og_type":"article","og_title":"Barcelona caos urban\u00edstico de la era Colau-Collboni - Converses a Catalunya","og_description":"Barcelona caos urban\u00edstico. Tiene barrios centrales en decadencia, periferias marginadas, residentes envejecidos y expatriados sin arraigo","og_url":"https:\/\/conversesacatalunya.cat\/?p=87366","og_site_name":"Converses a Catalunya","article_published_time":"2025-04-14T07:05:21+00:00","og_image":[{"width":640,"height":428,"url":"https:\/\/conversesacatalunya.cat\/wp-content\/uploads\/2025\/04\/gaudi-1285294_640.jpg","type":"image\/jpeg"}],"author":"N\u00faria Freixa","twitter_card":"summary_large_image","twitter_misc":{"Escrito por":"N\u00faria Freixa","Tiempo de lectura":"3 minutos"},"schema":{"@context":"https:\/\/schema.org","@graph":[{"@type":"Article","@id":"https:\/\/conversesacatalunya.cat\/?p=87366#article","isPartOf":{"@id":"https:\/\/conversesacatalunya.cat\/?p=87366"},"author":{"name":"N\u00faria Freixa","@id":"https:\/\/conversesacatalunya.cat\/#\/schema\/person\/b734752c25b328c819a407cbea568c1f"},"headline":"Barcelona caos urban\u00edstico de la era Colau-Collboni","datePublished":"2025-04-14T07:05:21+00:00","mainEntityOfPage":{"@id":"https:\/\/conversesacatalunya.cat\/?p=87366"},"wordCount":619,"commentCount":0,"image":{"@id":"https:\/\/conversesacatalunya.cat\/?p=87366#primaryimage"},"thumbnailUrl":"https:\/\/conversesacatalunya.cat\/wp-content\/uploads\/2025\/04\/gaudi-1285294_640.jpg","keywords":["Ajuntament de Barcelona","Ayuntamiento de Barcelona","calles Barcelona","carrers Barcelona"],"articleSection":["Punts clau del dia (ES)"],"inLanguage":"es","potentialAction":[{"@type":"CommentAction","name":"Comment","target":["https:\/\/conversesacatalunya.cat\/?p=87366#respond"]}]},{"@type":"WebPage","@id":"https:\/\/conversesacatalunya.cat\/?p=87366","url":"https:\/\/conversesacatalunya.cat\/?p=87366","name":"Barcelona caos urban\u00edstico de la era Colau-Collboni - Converses a Catalunya","isPartOf":{"@id":"https:\/\/conversesacatalunya.cat\/#website"},"primaryImageOfPage":{"@id":"https:\/\/conversesacatalunya.cat\/?p=87366#primaryimage"},"image":{"@id":"https:\/\/conversesacatalunya.cat\/?p=87366#primaryimage"},"thumbnailUrl":"https:\/\/conversesacatalunya.cat\/wp-content\/uploads\/2025\/04\/gaudi-1285294_640.jpg","datePublished":"2025-04-14T07:05:21+00:00","author":{"@id":"https:\/\/conversesacatalunya.cat\/#\/schema\/person\/b734752c25b328c819a407cbea568c1f"},"description":"Barcelona caos urban\u00edstico. Tiene barrios centrales en decadencia, periferias marginadas, residentes envejecidos y expatriados sin arraigo","breadcrumb":{"@id":"https:\/\/conversesacatalunya.cat\/?p=87366#breadcrumb"},"inLanguage":"es","potentialAction":[{"@type":"ReadAction","target":["https:\/\/conversesacatalunya.cat\/?p=87366"]}]},{"@type":"ImageObject","inLanguage":"es","@id":"https:\/\/conversesacatalunya.cat\/?p=87366#primaryimage","url":"https:\/\/conversesacatalunya.cat\/wp-content\/uploads\/2025\/04\/gaudi-1285294_640.jpg","contentUrl":"https:\/\/conversesacatalunya.cat\/wp-content\/uploads\/2025\/04\/gaudi-1285294_640.jpg","width":640,"height":428,"caption":"Barcelona caos urban\u00edstic"},{"@type":"BreadcrumbList","@id":"https:\/\/conversesacatalunya.cat\/?p=87366#breadcrumb","itemListElement":[{"@type":"ListItem","position":1,"name":"Inici","item":"https:\/\/conversesacatalunya.cat\/es\/"},{"@type":"ListItem","position":2,"name":"Barcelona caos urban\u00edstico de la era Colau-Collboni"}]},{"@type":"WebSite","@id":"https:\/\/conversesacatalunya.cat\/#website","url":"https:\/\/conversesacatalunya.cat\/","name":"Converses a Catalunya","description":"","potentialAction":[{"@type":"SearchAction","target":{"@type":"EntryPoint","urlTemplate":"https:\/\/conversesacatalunya.cat\/?s={search_term_string}"},"query-input":{"@type":"PropertyValueSpecification","valueRequired":true,"valueName":"search_term_string"}}],"inLanguage":"es"},{"@type":"Person","@id":"https:\/\/conversesacatalunya.cat\/#\/schema\/person\/b734752c25b328c819a407cbea568c1f","name":"N\u00faria Freixa","image":{"@type":"ImageObject","inLanguage":"es","@id":"https:\/\/conversesacatalunya.cat\/#\/schema\/person\/image\/","url":"https:\/\/conversesacatalunya.cat\/wp-content\/litespeed\/avatar\/c3686e387186fed249338fe04729c597.jpg?ver=1777289182","contentUrl":"https:\/\/conversesacatalunya.cat\/wp-content\/litespeed\/avatar\/c3686e387186fed249338fe04729c597.jpg?ver=1777289182","caption":"N\u00faria Freixa"},"url":"https:\/\/conversesacatalunya.cat\/es\/author\/nuria_freixa\/"}]}},"wps_subtitle":"Hoy, Barcelona tiene barrios centrales en decadencia, periferias marginadas, residentes envejecidos y expatriados que transforman su identidad sin arraigarse.","_links":{"self":[{"href":"https:\/\/conversesacatalunya.cat\/es\/wp-json\/wp\/v2\/posts\/87396","targetHints":{"allow":["GET"]}}],"collection":[{"href":"https:\/\/conversesacatalunya.cat\/es\/wp-json\/wp\/v2\/posts"}],"about":[{"href":"https:\/\/conversesacatalunya.cat\/es\/wp-json\/wp\/v2\/types\/post"}],"author":[{"embeddable":true,"href":"https:\/\/conversesacatalunya.cat\/es\/wp-json\/wp\/v2\/users\/80"}],"replies":[{"embeddable":true,"href":"https:\/\/conversesacatalunya.cat\/es\/wp-json\/wp\/v2\/comments?post=87396"}],"version-history":[{"count":6,"href":"https:\/\/conversesacatalunya.cat\/es\/wp-json\/wp\/v2\/posts\/87396\/revisions"}],"predecessor-version":[{"id":87405,"href":"https:\/\/conversesacatalunya.cat\/es\/wp-json\/wp\/v2\/posts\/87396\/revisions\/87405"}],"wp:featuredmedia":[{"embeddable":true,"href":"https:\/\/conversesacatalunya.cat\/es\/wp-json\/wp\/v2\/media\/87393"}],"wp:attachment":[{"href":"https:\/\/conversesacatalunya.cat\/es\/wp-json\/wp\/v2\/media?parent=87396"}],"wp:term":[{"taxonomy":"category","embeddable":true,"href":"https:\/\/conversesacatalunya.cat\/es\/wp-json\/wp\/v2\/categories?post=87396"},{"taxonomy":"post_tag","embeddable":true,"href":"https:\/\/conversesacatalunya.cat\/es\/wp-json\/wp\/v2\/tags?post=87396"}],"curies":[{"name":"wp","href":"https:\/\/api.w.org\/{rel}","templated":true}]}}