{"id":87359,"date":"2025-04-11T10:00:52","date_gmt":"2025-04-11T08:00:52","guid":{"rendered":"https:\/\/conversesacatalunya.cat\/?p=87359"},"modified":"2025-04-11T10:24:48","modified_gmt":"2025-04-11T08:24:48","slug":"europa-y-su-crisis-moral-o-como-perder-el-alma-y-no-darse-cuenta","status":"publish","type":"post","link":"https:\/\/conversesacatalunya.cat\/es\/europa-y-su-crisis-moral-o-como-perder-el-alma-y-no-darse-cuenta\/","title":{"rendered":"Europa y su crisis moral: o c\u00f3mo perder el alma y no darse cuenta"},"content":{"rendered":"<p><span><span class=\"VIpgJd-yAWNEb-VIpgJd-fmcmS-sn54Q\">Nos empe\u00f1amos en pensar que Europa est\u00e1 en crisis porque la inflaci\u00f3n sube, porque Putin juega al Risk con Ucrania o porque no sabemos si las IA nos sacar\u00e1n el trabajo o nos har\u00e1n la declaraci\u00f3n de la renta. Pero la madre de todas las crisis nada tiene que ver con los bancos centrales ni con la OTAN. Tiene que ver con algo mucho m\u00e1s \u00edntimo y, a la vez, colectivo:\u00a0<\/span><strong><span class=\"VIpgJd-yAWNEb-VIpgJd-fmcmS-sn54Q\">la crisis moral de Europa<\/span><\/strong><span class=\"VIpgJd-yAWNEb-VIpgJd-fmcmS-sn54Q\">.<\/span><\/span><span>\u00a0<\/span><\/p>\n<p><span><span class=\"VIpgJd-yAWNEb-VIpgJd-fmcmS-sn54Q\">S\u00ed, moral. Esta palabra\u00a0<\/span><\/span><strong><span><span class=\"VIpgJd-yAWNEb-VIpgJd-fmcmS-sn54Q\">que suena a serm\u00f3n de cura viejo o a libro olvidado de filosof\u00eda de bachillerato<\/span><\/span><\/strong><span><span class=\"VIpgJd-yAWNEb-VIpgJd-fmcmS-sn54Q\">\u00a0es, de hecho, lo que se nos ha escapado por el fregadero mientras mir\u00e1bamos tiktoks y aprob\u00e1bamos resoluciones sobre derechos y m\u00e1s derechos sin ni preguntarnos de d\u00f3nde ven\u00edan.<\/span><\/span><\/p>\n<p><a href=\"https:\/\/conversesacatalunya.cat\/es\/el-fin-del-nuevo-viejo-regimen\/\" target=\"_blank\" rel=\"noopener\"><strong><span><span class=\"VIpgJd-yAWNEb-VIpgJd-fmcmS-sn54Q\">Europa ha perdido el norte<\/span><\/span><\/strong><\/a><span><span class=\"VIpgJd-yAWNEb-VIpgJd-fmcmS-sn54Q\">.\u00a0Pero no el geogr\u00e1fico. Ha perdido<\/span><strong><span class=\"VIpgJd-yAWNEb-VIpgJd-fmcmS-sn54Q\">\u00a0el norte moral<\/span><\/strong><span class=\"VIpgJd-yAWNEb-VIpgJd-fmcmS-sn54Q\">.\u00a0Ya no sabe qu\u00e9 est\u00e1 bien y qu\u00e9 est\u00e1 mal, y lo que es peor: le da igual. Lo que antes dec\u00edamos el<\/span><em><span class=\"VIpgJd-yAWNEb-VIpgJd-fmcmS-sn54Q\">\u00a0bien com\u00fan<\/span><\/em><span class=\"VIpgJd-yAWNEb-VIpgJd-fmcmS-sn54Q\">\u00a0ha sido secuestrado por discursos vac\u00edos como un perfil de LinkedIn de community manager.<\/span><\/span><span>\u00a0<\/span><span>\u00a0<\/span><\/p>\n<p><span>Como dec\u00eda ese escoc\u00e9s con cara de fil\u00f3sofo cansado,\u00a0<strong>Alasdair MacIntyre<\/strong>,\u00a0en\u00a0<em>Tras la virtud<\/em>,\u00a0una sociedad entra en crisis moral cuando ya no tiene un lenguaje compartido para discutir qu\u00e9 est\u00e1 bien y qu\u00e9 est\u00e1 mal. Nos entendemos, pero no nos comprendemos. Todo el mundo habla de \u00e9tica, pero nadie sabe exactamente de lo que habla. Hemos olvidado a Arist\u00f3teles y abrazado el coaching.<\/span><span>\u00a0<\/span><span>\u00a0<\/span><\/p>\n<p><span><span class=\"VIpgJd-yAWNEb-VIpgJd-fmcmS-sn54Q\">Y claro, sin virtudes ni\u00a0<\/span><a href=\"https:\/\/es.wikipedia.org\/wiki\/Telos\" target=\"_blank\" rel=\"noopener\"><strong><em><span class=\"VIpgJd-yAWNEb-VIpgJd-fmcmS-sn54Q\">telos<\/span><\/em><\/strong><\/a><span class=\"VIpgJd-yAWNEb-VIpgJd-fmcmS-sn54Q\">, sin fines compartidos, todo se convierte en un campo de batalla de opiniones donde lo m\u00e1s llamativo gana.\u00a0<\/span><strong><span class=\"VIpgJd-yAWNEb-VIpgJd-fmcmS-sn54Q\">\u00bfLa justicia? Un concepto &#8216;vintage&#8217;. \u00bfLa responsabilidad colectiva? Cosas de boomers<\/span><\/strong><span class=\"VIpgJd-yAWNEb-VIpgJd-fmcmS-sn54Q\">.\u00a0Ahora todo va de deseos individuales, como si fuera una carta a los Reyes que nunca llega.<\/span><\/span><span>\u00a0<\/span><\/p>\n<p><strong><span><span class=\"VIpgJd-yAWNEb-VIpgJd-fmcmS-sn54Q\">Charles Taylor<\/span><\/span><\/strong><span><span class=\"VIpgJd-yAWNEb-VIpgJd-fmcmS-sn54Q\">,\u00a0otro que tambi\u00e9n tiene pinta de no haber re\u00eddo mucho desde los a\u00f1os noventa, lo dijo claro: sin trascendencia, sin comunidad, todo se derrumba. El sujeto moderno vive para expresarse, no para construir nada con nadie.\u00a0<\/span><\/span><strong><span><span class=\"VIpgJd-yAWNEb-VIpgJd-fmcmS-sn54Q\">Y eso, por muy bonito que suene en Instagram, es el principio del colapso.<\/span><\/span><\/strong><\/p>\n<p><span><span class=\"\">Mientras tanto, nosotros, europeos, fachendas, miramos a China y decimos \u201c\u00a1qu\u00e9 horror!\u201d. Pero ellos tienen una idea clara \u2014acertada o no\u2014 de lo que quieren ser. Nosotros no. Ni siquiera sabemos si queremos ser. Rusia recupera la ortodoxia eslava para dar sentido a su futuro. La India hace equilibrios con su espiritualidad ancestral. \u00bfY Europa?\u00a0<\/span><\/span><strong><span><span class=\"\">Europa da conferencias sobre \u201cidentidades l\u00edquidas\u201d y celebra el d\u00eda del orgullo de cualquier cosa.<\/span><\/span><\/strong><\/p>\n<h4><strong><span><span class=\"\">Nos creemos muy modernos, pero en realidad estamos vac\u00edos.\u00a0<\/span><\/span><\/strong><\/h4>\n<p><strong><span><span class=\"VIpgJd-yAWNEb-VIpgJd-fmcmS-sn54Q\">Christopher Dawson<\/span><\/span><\/strong><span><span class=\"VIpgJd-yAWNEb-VIpgJd-fmcmS-sn54Q\">,\u00a0uno de esos historiadores que le\u00eda m\u00e1s que t\u00fa y yo juntos, ya avisaba en 1952 de que ninguna gran civilizaci\u00f3n puede sobrevivir sin una herencia espiritual viva. Y Europa, que un d\u00eda tuvo una \u2014el\u00a0<\/span><\/span><strong><span><span class=\"VIpgJd-yAWNEb-VIpgJd-fmcmS-sn54Q\">cristianismo, s\u00ed, aquel que ahora nos da verg\u00fcenza recordar\u2014<\/span><\/span><\/strong><span><span class=\"VIpgJd-yAWNEb-VIpgJd-fmcmS-sn54Q\">,\u00a0la ha tirado por la ventana como quien lanza una vieja enciclopedia. Ahora preferimos Netflix.<\/span><\/span><\/p>\n<p><span><span class=\"VIpgJd-yAWNEb-VIpgJd-fmcmS-sn54Q\">Pero cuidado: no basta con eliminar la fe; tambi\u00e9n es necesario sustituirla. Y as\u00ed, en nombre del progreso,\u00a0<\/span><strong><span class=\"VIpgJd-yAWNEb-VIpgJd-fmcmS-sn54Q\">hemos convertido el aborto en el nuevo sacramento<\/span><\/strong><span class=\"VIpgJd-yAWNEb-VIpgJd-fmcmS-sn54Q\">,\u00a0la bandera\u00a0<\/span><em><span class=\"VIpgJd-yAWNEb-VIpgJd-fmcmS-sn54Q\">trans<\/span><\/em><span class=\"VIpgJd-yAWNEb-VIpgJd-fmcmS-sn54Q\">\u00a0en la nueva cruz, y quienes rezan frente a una cl\u00ednica en los nuevos herejes perseguidos. Donde antes hab\u00eda piedad, ahora existe protocolo policial. Donde hab\u00eda debate, ahora hay censura. \u00bfY el derecho de manifestaci\u00f3n? Solo si dices lo que toca.<\/span><\/span><span>\u00a0<\/span><span>\u00a0<\/span><span>\u00a0<\/span><\/p>\n<p><span>Es el gran giro de guion de la cultura europea: lo que antes era\u00a0<strong>el coraz\u00f3n del sistema<\/strong>\u00a0\u2014el cristianismo como fundamento moral y cultural\u2014\u00a0<strong>es ahora el enemigo del sistema<\/strong>. Un sistema que habla de libertad, pero vigila con c\u00e1maras. Que habla de tolerancia, pero criminaliza la disidencia. Que dice defender derechos, pero ha olvidado lo que es un deber.<\/span><span>\u00a0<\/span><span>\u00a0<\/span><\/p>\n<p><span><span class=\"VIpgJd-yAWNEb-VIpgJd-fmcmS-sn54Q\">Por eso tenemos esa sensaci\u00f3n persistente de que\u00a0<\/span><strong><span class=\"VIpgJd-yAWNEb-VIpgJd-fmcmS-sn54Q\">nada funciona<\/span><\/strong><span class=\"VIpgJd-yAWNEb-VIpgJd-fmcmS-sn54Q\">,\u00a0pero no sabemos muy bien por qu\u00e9. Y los s\u00edntomas son claros: desconexi\u00f3n c\u00edvica, polarizaci\u00f3n cr\u00f3nica, pol\u00edtica espect\u00e1culo, liderazgos infantiles y una sensaci\u00f3n de fondo que todo est\u00e1 un poco \u2014o mucho\u2014 podrido.\u00a0<\/span><strong><span class=\"VIpgJd-yAWNEb-VIpgJd-fmcmS-sn54Q\">Pero tranquilos, tenemos el Mobile World Congress.<\/span><\/strong><\/span><span>\u00a0<\/span><\/p>\n<p><span>Las reacciones que aparecen en toda Europa \u2014las que algunos llaman iliberales o populistas\u2014 no son m\u00e1s que gritos de auxilio de una sociedad que ya no se reconoce en sus propias instituciones ni en las \u00e9lites que la gobiernan. No es odio; es desconcierto. No es extremismo; es orfandad.<\/span><\/p>\n<p><span>En realidad, vivimos\u00a0<strong>una versi\u00f3n europea del \u00abmalestar de la cultura\u00bb<\/strong>. Pero no solo es cultural, es moral. Hemos perdido el criterio. Hemos perdido el norte. Y lo que es peor:\u00a0<strong>nos da pereza buscarlo<\/strong>.<\/span><span>\u00a0<\/span><span>\u00a0<\/span><\/p>\n<p><span><span class=\"VIpgJd-yAWNEb-VIpgJd-fmcmS-sn54Q\">Y as\u00ed vamos, como una vieja nave sin tim\u00f3n, navegando a trompicones por un mar cada vez m\u00e1s oscuro,\u00a0<\/span><\/span><strong><span><span class=\"VIpgJd-yAWNEb-VIpgJd-fmcmS-sn54Q\">mientras los capitanes celebran congresos sobre \u201cresiliencia emocional\u201d<\/span><\/span><\/strong><span><span class=\"VIpgJd-yAWNEb-VIpgJd-fmcmS-sn54Q\">\u00a0y los marineros se distraen con memes.<\/span><\/span><\/p>\n<p><span><span class=\"VIpgJd-yAWNEb-VIpgJd-fmcmS-sn54Q\">Pero quiz\u00e1s todav\u00eda estamos a tiempo. Si recuperamos la memoria de lo que nos hizo grandes \u2014no solo en t\u00e9rminos materiales, sino espirituales y morales\u2014, quiz\u00e1s podremos reconstruir algo parecido a una civilizaci\u00f3n.\u00a0<\/span><\/span><strong><span><span class=\"VIpgJd-yAWNEb-VIpgJd-fmcmS-sn54Q\">Y si no\u2026 siempre nos quedar\u00e1 Ikea.<\/span><\/span><\/strong><\/p>\n<span class='bctt-click-to-tweet'><span class='bctt-ctt-text'><a href='https:\/\/twitter.com\/intent\/tweet?url=https%3A%2F%2Fconversesacatalunya.cat%2Fes%2Feuropa-y-su-crisis-moral-o-como-perder-el-alma-y-no-darse-cuenta%2F&#038;text=S%C3%AD%2C%20moral.%20Esta%20palabra%20que%20suena%20a%20serm%C3%B3n%20de%20cura%20viejo%20o%20a%20libro%20olvidado%20de%20filosof%C3%ADa%20de%20bachillerato%20es%2C%20de%20hecho%2C%20lo%20que%20se%20nos%20ha%20escapado%20por%20el%20fregadero%20mientras%20mir%C3%A1bamos%20tiktoks&#038;via=conversesacat&#038;related=conversesacat' target='_blank'rel=\"noopener noreferrer\">S\u00ed, moral. Esta palabra que suena a serm\u00f3n de cura viejo o a libro olvidado de filosof\u00eda de bachillerato es, de hecho, lo que se nos ha escapado por el fregadero mientras mir\u00e1bamos tiktoks <\/a><\/span><a href='https:\/\/twitter.com\/intent\/tweet?url=https%3A%2F%2Fconversesacatalunya.cat%2Fes%2Feuropa-y-su-crisis-moral-o-como-perder-el-alma-y-no-darse-cuenta%2F&#038;text=S%C3%AD%2C%20moral.%20Esta%20palabra%20que%20suena%20a%20serm%C3%B3n%20de%20cura%20viejo%20o%20a%20libro%20olvidado%20de%20filosof%C3%ADa%20de%20bachillerato%20es%2C%20de%20hecho%2C%20lo%20que%20se%20nos%20ha%20escapado%20por%20el%20fregadero%20mientras%20mir%C3%A1bamos%20tiktoks&#038;via=conversesacat&#038;related=conversesacat' target='_blank' class='bctt-ctt-btn'rel=\"noopener noreferrer\">Compartir en X<\/a><\/span>\n<p>&nbsp;<\/p>\n<p style=\"font-weight: 400;\">\n","protected":false},"excerpt":{"rendered":"<p>Nos empe\u00f1amos en pensar que Europa est\u00e1 en crisis porque la inflaci\u00f3n sube, porque Putin juega al Risk con Ucrania o porque no sabemos si las IA nos sacar\u00e1n el trabajo o nos har\u00e1n la declaraci\u00f3n de la renta. Pero la madre de todas las crisis nada tiene que ver con los bancos centrales ni con la OTAN. Tiene que ver con algo mucho m\u00e1s \u00edntimo y, a la vez, colectivo:\u00a0la crisis moral de Europa.\u00a0 S\u00ed, moral. Esta palabra\u00a0que suena a serm\u00f3n de cura viejo o a libro olvidado de filosof\u00eda de bachillerato\u00a0es, de hecho, lo que se nos ha escapado por el fregadero mientras mir\u00e1bamos tiktoks y aprob\u00e1bamos resoluciones sobre derechos y m\u00e1s derechos sin ni preguntarnos de d\u00f3nde ven\u00edan. Europa ha perdido el norte.\u00a0Pero no el geogr\u00e1fico. Ha perdido\u00a0el norte moral.\u00a0Ya no sabe qu\u00e9 est\u00e1 bien y qu\u00e9 est\u00e1 mal, y lo que es peor: le da igual. Lo que antes dec\u00edamos el\u00a0bien com\u00fan\u00a0ha sido secuestrado por discursos vac\u00edos como un perfil de LinkedIn de community manager.\u00a0\u00a0 Como dec\u00eda ese escoc\u00e9s con cara de fil\u00f3sofo cansado,\u00a0Alasdair MacIntyre,\u00a0en\u00a0Tras la virtud,\u00a0una sociedad entra en crisis moral cuando ya no tiene un lenguaje compartido para discutir qu\u00e9 est\u00e1 bien y qu\u00e9 est\u00e1 mal. Nos entendemos, pero no nos comprendemos. Todo el mundo habla de \u00e9tica, pero nadie sabe exactamente de lo que habla. Hemos olvidado a Arist\u00f3teles y abrazado el coaching.\u00a0\u00a0 Y claro, sin virtudes ni\u00a0telos, sin fines compartidos, todo se convierte en un campo de batalla de opiniones donde lo m\u00e1s llamativo gana.\u00a0\u00bfLa justicia? Un concepto &#8216;vintage&#8217;. \u00bfLa responsabilidad colectiva? Cosas de boomers.\u00a0Ahora todo va de deseos individuales, como si fuera una carta a los Reyes que nunca llega.\u00a0 Charles Taylor,\u00a0otro que tambi\u00e9n tiene pinta de no haber re\u00eddo mucho desde los a\u00f1os noventa, lo dijo claro: sin trascendencia, sin comunidad, todo se derrumba. El sujeto moderno vive para expresarse, no para construir nada con nadie.\u00a0Y eso, por muy bonito que suene en Instagram, es el principio del colapso. Mientras tanto, nosotros, europeos, fachendas, miramos a China y decimos \u201c\u00a1qu\u00e9 horror!\u201d. Pero ellos tienen una idea clara \u2014acertada o no\u2014 de lo que quieren ser. Nosotros no. Ni siquiera sabemos si queremos ser. Rusia recupera la ortodoxia eslava para dar sentido a su futuro. La India hace equilibrios con su espiritualidad ancestral. \u00bfY Europa?\u00a0Europa da conferencias sobre \u201cidentidades l\u00edquidas\u201d y celebra el d\u00eda del orgullo de cualquier cosa. Nos creemos muy modernos, pero en realidad estamos vac\u00edos.\u00a0 Christopher Dawson,\u00a0uno de esos historiadores que le\u00eda m\u00e1s que t\u00fa y yo juntos, ya avisaba en 1952 de que ninguna gran civilizaci\u00f3n puede sobrevivir sin una herencia espiritual viva. Y Europa, que un d\u00eda tuvo una \u2014el\u00a0cristianismo, s\u00ed, aquel que ahora nos da verg\u00fcenza recordar\u2014,\u00a0la ha tirado por la ventana como quien lanza una vieja enciclopedia. Ahora preferimos Netflix. Pero cuidado: no basta con eliminar la fe; tambi\u00e9n es necesario sustituirla. Y as\u00ed, en nombre del progreso,\u00a0hemos convertido el aborto en el nuevo sacramento,\u00a0la bandera\u00a0trans\u00a0en la nueva cruz, y quienes rezan frente a una cl\u00ednica en los nuevos herejes perseguidos. Donde antes hab\u00eda piedad, ahora existe protocolo policial. Donde hab\u00eda debate, ahora hay censura. \u00bfY el derecho de manifestaci\u00f3n? Solo si dices lo que toca.\u00a0\u00a0\u00a0 Es el gran giro de guion de la cultura europea: lo que antes era\u00a0el coraz\u00f3n del sistema\u00a0\u2014el cristianismo como fundamento moral y cultural\u2014\u00a0es ahora el enemigo del sistema. Un sistema que habla de libertad, pero vigila con c\u00e1maras. Que habla de tolerancia, pero criminaliza la disidencia. Que dice defender derechos, pero ha olvidado lo que es un deber.\u00a0\u00a0 Por eso tenemos esa sensaci\u00f3n persistente de que\u00a0nada funciona,\u00a0pero no sabemos muy bien por qu\u00e9. Y los s\u00edntomas son claros: desconexi\u00f3n c\u00edvica, polarizaci\u00f3n cr\u00f3nica, pol\u00edtica espect\u00e1culo, liderazgos infantiles y una sensaci\u00f3n de fondo que todo est\u00e1 un poco \u2014o mucho\u2014 podrido.\u00a0Pero tranquilos, tenemos el Mobile World Congress.\u00a0 Las reacciones que aparecen en toda Europa \u2014las que algunos llaman iliberales o populistas\u2014 no son m\u00e1s que gritos de auxilio de una sociedad que ya no se reconoce en sus propias instituciones ni en las \u00e9lites que la gobiernan. No es odio; es desconcierto. No es extremismo; es orfandad. En realidad, vivimos\u00a0una versi\u00f3n europea del \u00abmalestar de la cultura\u00bb. Pero no solo es cultural, es moral. Hemos perdido el criterio. Hemos perdido el norte. Y lo que es peor:\u00a0nos da pereza buscarlo.\u00a0\u00a0 Y as\u00ed vamos, como una vieja nave sin tim\u00f3n, navegando a trompicones por un mar cada vez m\u00e1s oscuro,\u00a0mientras los capitanes celebran congresos sobre \u201cresiliencia emocional\u201d\u00a0y los marineros se distraen con memes. Pero quiz\u00e1s todav\u00eda estamos a tiempo. Si recuperamos la memoria de lo que nos hizo grandes \u2014no solo en t\u00e9rminos materiales, sino espirituales y morales\u2014, quiz\u00e1s podremos reconstruir algo parecido a una civilizaci\u00f3n.\u00a0Y si no\u2026 siempre nos quedar\u00e1 Ikea. &nbsp;<\/p>\n","protected":false},"author":19,"featured_media":87357,"comment_status":"open","ping_status":"open","sticky":false,"template":"","format":"standard","meta":{"_FSMCFIC_featured_image_caption":"","_FSMCFIC_featured_image_nocaption":"","_FSMCFIC_featured_image_hide":"","footnotes":""},"categories":[796,806],"tags":[3749,4565],"class_list":["post-87359","post","type-post","status-publish","format-standard","has-post-thumbnail","hentry","category-el-blog-de-josep-miro-i-ardevol-es","category-punts-claus-del-dia-es","tag-crisi-europea-es","tag-crisis-europea"],"yoast_head":"<!-- This site is optimized with the Yoast SEO plugin v26.8 - https:\/\/yoast.com\/product\/yoast-seo-wordpress\/ -->\n<title>Europa y su crisis moral: o c\u00f3mo perder el alma y no darse cuenta - Converses a Catalunya<\/title>\n<meta name=\"description\" content=\"La madre de todas las crisis nada tiene que ver con los bancos centrales ni con la OTAN. Tiene que ver con una crisis moral de Europa\" \/>\n<meta name=\"robots\" content=\"index, follow, max-snippet:-1, max-image-preview:large, max-video-preview:-1\" \/>\n<link rel=\"canonical\" href=\"https:\/\/conversesacatalunya.cat\/es\/europa-y-su-crisis-moral-o-como-perder-el-alma-y-no-darse-cuenta\/\" \/>\n<meta property=\"og:locale\" content=\"es_ES\" \/>\n<meta property=\"og:type\" content=\"article\" \/>\n<meta property=\"og:title\" content=\"Europa y su crisis moral: o c\u00f3mo perder el alma y no darse cuenta - Converses a Catalunya\" \/>\n<meta property=\"og:description\" content=\"La madre de todas las crisis nada tiene que ver con los bancos centrales ni con la OTAN. Tiene que ver con una crisis moral de Europa\" \/>\n<meta property=\"og:url\" content=\"https:\/\/conversesacatalunya.cat\/es\/europa-y-su-crisis-moral-o-como-perder-el-alma-y-no-darse-cuenta\/\" \/>\n<meta property=\"og:site_name\" content=\"Converses a Catalunya\" \/>\n<meta property=\"article:published_time\" content=\"2025-04-11T08:00:52+00:00\" \/>\n<meta property=\"article:modified_time\" content=\"2025-04-11T08:24:48+00:00\" \/>\n<meta property=\"og:image\" content=\"https:\/\/conversesacatalunya.cat\/wp-content\/uploads\/2025\/04\/Europa-crisi-moral.jpg\" \/>\n\t<meta property=\"og:image:width\" content=\"640\" \/>\n\t<meta property=\"og:image:height\" content=\"427\" \/>\n\t<meta property=\"og:image:type\" content=\"image\/jpeg\" \/>\n<meta name=\"author\" content=\"Josep Mir\u00f3 i Ard\u00e8vol\" \/>\n<meta name=\"twitter:card\" content=\"summary_large_image\" \/>\n<meta name=\"twitter:label1\" content=\"Escrito por\" \/>\n\t<meta name=\"twitter:data1\" content=\"Josep Mir\u00f3 i Ard\u00e8vol\" \/>\n\t<meta name=\"twitter:label2\" content=\"Tiempo de lectura\" \/>\n\t<meta name=\"twitter:data2\" content=\"5 minutos\" \/>\n<script type=\"application\/ld+json\" class=\"yoast-schema-graph\">{\"@context\":\"https:\/\/schema.org\",\"@graph\":[{\"@type\":\"Article\",\"@id\":\"https:\/\/conversesacatalunya.cat\/es\/europa-y-su-crisis-moral-o-como-perder-el-alma-y-no-darse-cuenta\/#article\",\"isPartOf\":{\"@id\":\"https:\/\/conversesacatalunya.cat\/es\/europa-y-su-crisis-moral-o-como-perder-el-alma-y-no-darse-cuenta\/\"},\"author\":{\"name\":\"Josep Mir\u00f3 i Ard\u00e8vol\",\"@id\":\"https:\/\/conversesacatalunya.cat\/#\/schema\/person\/a9598a6786ba7d3d1c5e0de477b79370\"},\"headline\":\"Europa y su crisis moral: o c\u00f3mo perder el alma y no darse cuenta\",\"datePublished\":\"2025-04-11T08:00:52+00:00\",\"dateModified\":\"2025-04-11T08:24:48+00:00\",\"mainEntityOfPage\":{\"@id\":\"https:\/\/conversesacatalunya.cat\/es\/europa-y-su-crisis-moral-o-como-perder-el-alma-y-no-darse-cuenta\/\"},\"wordCount\":941,\"commentCount\":0,\"image\":{\"@id\":\"https:\/\/conversesacatalunya.cat\/es\/europa-y-su-crisis-moral-o-como-perder-el-alma-y-no-darse-cuenta\/#primaryimage\"},\"thumbnailUrl\":\"https:\/\/conversesacatalunya.cat\/wp-content\/uploads\/2025\/04\/Europa-crisi-moral.jpg\",\"keywords\":[\"crisi europea\",\"crisis europea\"],\"articleSection\":[\"El Blog de Josep Mir\u00f3 i Ard\u00e8vol (ES)\",\"Punts clau del dia (ES)\"],\"inLanguage\":\"es\",\"potentialAction\":[{\"@type\":\"CommentAction\",\"name\":\"Comment\",\"target\":[\"https:\/\/conversesacatalunya.cat\/es\/europa-y-su-crisis-moral-o-como-perder-el-alma-y-no-darse-cuenta\/#respond\"]}]},{\"@type\":\"WebPage\",\"@id\":\"https:\/\/conversesacatalunya.cat\/es\/europa-y-su-crisis-moral-o-como-perder-el-alma-y-no-darse-cuenta\/\",\"url\":\"https:\/\/conversesacatalunya.cat\/es\/europa-y-su-crisis-moral-o-como-perder-el-alma-y-no-darse-cuenta\/\",\"name\":\"Europa y su crisis moral: o c\u00f3mo perder el alma y no darse cuenta - Converses a Catalunya\",\"isPartOf\":{\"@id\":\"https:\/\/conversesacatalunya.cat\/#website\"},\"primaryImageOfPage\":{\"@id\":\"https:\/\/conversesacatalunya.cat\/es\/europa-y-su-crisis-moral-o-como-perder-el-alma-y-no-darse-cuenta\/#primaryimage\"},\"image\":{\"@id\":\"https:\/\/conversesacatalunya.cat\/es\/europa-y-su-crisis-moral-o-como-perder-el-alma-y-no-darse-cuenta\/#primaryimage\"},\"thumbnailUrl\":\"https:\/\/conversesacatalunya.cat\/wp-content\/uploads\/2025\/04\/Europa-crisi-moral.jpg\",\"datePublished\":\"2025-04-11T08:00:52+00:00\",\"dateModified\":\"2025-04-11T08:24:48+00:00\",\"author\":{\"@id\":\"https:\/\/conversesacatalunya.cat\/#\/schema\/person\/a9598a6786ba7d3d1c5e0de477b79370\"},\"description\":\"La madre de todas las crisis nada tiene que ver con los bancos centrales ni con la OTAN. Tiene que ver con una crisis moral de Europa\",\"breadcrumb\":{\"@id\":\"https:\/\/conversesacatalunya.cat\/es\/europa-y-su-crisis-moral-o-como-perder-el-alma-y-no-darse-cuenta\/#breadcrumb\"},\"inLanguage\":\"es\",\"potentialAction\":[{\"@type\":\"ReadAction\",\"target\":[\"https:\/\/conversesacatalunya.cat\/es\/europa-y-su-crisis-moral-o-como-perder-el-alma-y-no-darse-cuenta\/\"]}]},{\"@type\":\"ImageObject\",\"inLanguage\":\"es\",\"@id\":\"https:\/\/conversesacatalunya.cat\/es\/europa-y-su-crisis-moral-o-como-perder-el-alma-y-no-darse-cuenta\/#primaryimage\",\"url\":\"https:\/\/conversesacatalunya.cat\/wp-content\/uploads\/2025\/04\/Europa-crisi-moral.jpg\",\"contentUrl\":\"https:\/\/conversesacatalunya.cat\/wp-content\/uploads\/2025\/04\/Europa-crisi-moral.jpg\",\"width\":640,\"height\":427,\"caption\":\"Europa crisis moral\"},{\"@type\":\"BreadcrumbList\",\"@id\":\"https:\/\/conversesacatalunya.cat\/es\/europa-y-su-crisis-moral-o-como-perder-el-alma-y-no-darse-cuenta\/#breadcrumb\",\"itemListElement\":[{\"@type\":\"ListItem\",\"position\":1,\"name\":\"Inici\",\"item\":\"https:\/\/conversesacatalunya.cat\/es\/\"},{\"@type\":\"ListItem\",\"position\":2,\"name\":\"Europa y su crisis moral: o c\u00f3mo perder el alma y no darse cuenta\"}]},{\"@type\":\"WebSite\",\"@id\":\"https:\/\/conversesacatalunya.cat\/#website\",\"url\":\"https:\/\/conversesacatalunya.cat\/\",\"name\":\"Converses a Catalunya\",\"description\":\"\",\"potentialAction\":[{\"@type\":\"SearchAction\",\"target\":{\"@type\":\"EntryPoint\",\"urlTemplate\":\"https:\/\/conversesacatalunya.cat\/?s={search_term_string}\"},\"query-input\":{\"@type\":\"PropertyValueSpecification\",\"valueRequired\":true,\"valueName\":\"search_term_string\"}}],\"inLanguage\":\"es\"},{\"@type\":\"Person\",\"@id\":\"https:\/\/conversesacatalunya.cat\/#\/schema\/person\/a9598a6786ba7d3d1c5e0de477b79370\",\"name\":\"Josep Mir\u00f3 i Ard\u00e8vol\",\"image\":{\"@type\":\"ImageObject\",\"inLanguage\":\"es\",\"@id\":\"https:\/\/conversesacatalunya.cat\/#\/schema\/person\/image\/\",\"url\":\"https:\/\/conversesacatalunya.cat\/wp-content\/litespeed\/avatar\/c37e3dc881857483d6694cdf98fdedea.jpg?ver=1777270381\",\"contentUrl\":\"https:\/\/conversesacatalunya.cat\/wp-content\/litespeed\/avatar\/c37e3dc881857483d6694cdf98fdedea.jpg?ver=1777270381\",\"caption\":\"Josep Mir\u00f3 i Ard\u00e8vol\"},\"url\":\"https:\/\/conversesacatalunya.cat\/es\/author\/josep-miro-i-ardevol\/\"}]}<\/script>\n<!-- \/ Yoast SEO plugin. -->","yoast_head_json":{"title":"Europa y su crisis moral: o c\u00f3mo perder el alma y no darse cuenta - Converses a Catalunya","description":"La madre de todas las crisis nada tiene que ver con los bancos centrales ni con la OTAN. Tiene que ver con una crisis moral de Europa","robots":{"index":"index","follow":"follow","max-snippet":"max-snippet:-1","max-image-preview":"max-image-preview:large","max-video-preview":"max-video-preview:-1"},"canonical":"https:\/\/conversesacatalunya.cat\/es\/europa-y-su-crisis-moral-o-como-perder-el-alma-y-no-darse-cuenta\/","og_locale":"es_ES","og_type":"article","og_title":"Europa y su crisis moral: o c\u00f3mo perder el alma y no darse cuenta - Converses a Catalunya","og_description":"La madre de todas las crisis nada tiene que ver con los bancos centrales ni con la OTAN. Tiene que ver con una crisis moral de Europa","og_url":"https:\/\/conversesacatalunya.cat\/es\/europa-y-su-crisis-moral-o-como-perder-el-alma-y-no-darse-cuenta\/","og_site_name":"Converses a Catalunya","article_published_time":"2025-04-11T08:00:52+00:00","article_modified_time":"2025-04-11T08:24:48+00:00","og_image":[{"width":640,"height":427,"url":"https:\/\/conversesacatalunya.cat\/wp-content\/uploads\/2025\/04\/Europa-crisi-moral.jpg","type":"image\/jpeg"}],"author":"Josep Mir\u00f3 i Ard\u00e8vol","twitter_card":"summary_large_image","twitter_misc":{"Escrito por":"Josep Mir\u00f3 i Ard\u00e8vol","Tiempo de lectura":"5 minutos"},"schema":{"@context":"https:\/\/schema.org","@graph":[{"@type":"Article","@id":"https:\/\/conversesacatalunya.cat\/es\/europa-y-su-crisis-moral-o-como-perder-el-alma-y-no-darse-cuenta\/#article","isPartOf":{"@id":"https:\/\/conversesacatalunya.cat\/es\/europa-y-su-crisis-moral-o-como-perder-el-alma-y-no-darse-cuenta\/"},"author":{"name":"Josep Mir\u00f3 i Ard\u00e8vol","@id":"https:\/\/conversesacatalunya.cat\/#\/schema\/person\/a9598a6786ba7d3d1c5e0de477b79370"},"headline":"Europa y su crisis moral: o c\u00f3mo perder el alma y no darse cuenta","datePublished":"2025-04-11T08:00:52+00:00","dateModified":"2025-04-11T08:24:48+00:00","mainEntityOfPage":{"@id":"https:\/\/conversesacatalunya.cat\/es\/europa-y-su-crisis-moral-o-como-perder-el-alma-y-no-darse-cuenta\/"},"wordCount":941,"commentCount":0,"image":{"@id":"https:\/\/conversesacatalunya.cat\/es\/europa-y-su-crisis-moral-o-como-perder-el-alma-y-no-darse-cuenta\/#primaryimage"},"thumbnailUrl":"https:\/\/conversesacatalunya.cat\/wp-content\/uploads\/2025\/04\/Europa-crisi-moral.jpg","keywords":["crisi europea","crisis europea"],"articleSection":["El Blog de Josep Mir\u00f3 i Ard\u00e8vol (ES)","Punts clau del dia (ES)"],"inLanguage":"es","potentialAction":[{"@type":"CommentAction","name":"Comment","target":["https:\/\/conversesacatalunya.cat\/es\/europa-y-su-crisis-moral-o-como-perder-el-alma-y-no-darse-cuenta\/#respond"]}]},{"@type":"WebPage","@id":"https:\/\/conversesacatalunya.cat\/es\/europa-y-su-crisis-moral-o-como-perder-el-alma-y-no-darse-cuenta\/","url":"https:\/\/conversesacatalunya.cat\/es\/europa-y-su-crisis-moral-o-como-perder-el-alma-y-no-darse-cuenta\/","name":"Europa y su crisis moral: o c\u00f3mo perder el alma y no darse cuenta - Converses a Catalunya","isPartOf":{"@id":"https:\/\/conversesacatalunya.cat\/#website"},"primaryImageOfPage":{"@id":"https:\/\/conversesacatalunya.cat\/es\/europa-y-su-crisis-moral-o-como-perder-el-alma-y-no-darse-cuenta\/#primaryimage"},"image":{"@id":"https:\/\/conversesacatalunya.cat\/es\/europa-y-su-crisis-moral-o-como-perder-el-alma-y-no-darse-cuenta\/#primaryimage"},"thumbnailUrl":"https:\/\/conversesacatalunya.cat\/wp-content\/uploads\/2025\/04\/Europa-crisi-moral.jpg","datePublished":"2025-04-11T08:00:52+00:00","dateModified":"2025-04-11T08:24:48+00:00","author":{"@id":"https:\/\/conversesacatalunya.cat\/#\/schema\/person\/a9598a6786ba7d3d1c5e0de477b79370"},"description":"La madre de todas las crisis nada tiene que ver con los bancos centrales ni con la OTAN. Tiene que ver con una crisis moral de Europa","breadcrumb":{"@id":"https:\/\/conversesacatalunya.cat\/es\/europa-y-su-crisis-moral-o-como-perder-el-alma-y-no-darse-cuenta\/#breadcrumb"},"inLanguage":"es","potentialAction":[{"@type":"ReadAction","target":["https:\/\/conversesacatalunya.cat\/es\/europa-y-su-crisis-moral-o-como-perder-el-alma-y-no-darse-cuenta\/"]}]},{"@type":"ImageObject","inLanguage":"es","@id":"https:\/\/conversesacatalunya.cat\/es\/europa-y-su-crisis-moral-o-como-perder-el-alma-y-no-darse-cuenta\/#primaryimage","url":"https:\/\/conversesacatalunya.cat\/wp-content\/uploads\/2025\/04\/Europa-crisi-moral.jpg","contentUrl":"https:\/\/conversesacatalunya.cat\/wp-content\/uploads\/2025\/04\/Europa-crisi-moral.jpg","width":640,"height":427,"caption":"Europa crisis moral"},{"@type":"BreadcrumbList","@id":"https:\/\/conversesacatalunya.cat\/es\/europa-y-su-crisis-moral-o-como-perder-el-alma-y-no-darse-cuenta\/#breadcrumb","itemListElement":[{"@type":"ListItem","position":1,"name":"Inici","item":"https:\/\/conversesacatalunya.cat\/es\/"},{"@type":"ListItem","position":2,"name":"Europa y su crisis moral: o c\u00f3mo perder el alma y no darse cuenta"}]},{"@type":"WebSite","@id":"https:\/\/conversesacatalunya.cat\/#website","url":"https:\/\/conversesacatalunya.cat\/","name":"Converses a Catalunya","description":"","potentialAction":[{"@type":"SearchAction","target":{"@type":"EntryPoint","urlTemplate":"https:\/\/conversesacatalunya.cat\/?s={search_term_string}"},"query-input":{"@type":"PropertyValueSpecification","valueRequired":true,"valueName":"search_term_string"}}],"inLanguage":"es"},{"@type":"Person","@id":"https:\/\/conversesacatalunya.cat\/#\/schema\/person\/a9598a6786ba7d3d1c5e0de477b79370","name":"Josep Mir\u00f3 i Ard\u00e8vol","image":{"@type":"ImageObject","inLanguage":"es","@id":"https:\/\/conversesacatalunya.cat\/#\/schema\/person\/image\/","url":"https:\/\/conversesacatalunya.cat\/wp-content\/litespeed\/avatar\/c37e3dc881857483d6694cdf98fdedea.jpg?ver=1777270381","contentUrl":"https:\/\/conversesacatalunya.cat\/wp-content\/litespeed\/avatar\/c37e3dc881857483d6694cdf98fdedea.jpg?ver=1777270381","caption":"Josep Mir\u00f3 i Ard\u00e8vol"},"url":"https:\/\/conversesacatalunya.cat\/es\/author\/josep-miro-i-ardevol\/"}]}},"wps_subtitle":"S\u00ed, moral. Esta palabra que suena a serm\u00f3n de cura viejo o a libro olvidado de filosof\u00eda de bachillerato es, de hecho, lo que se nos ha escapado por el fregadero mientras mir\u00e1bamos tiktoks y aprob\u00e1bamos resoluciones sobre derechos y m\u00e1s derechos sin ni preguntarnos de d\u00f3nde ven\u00edan.","_links":{"self":[{"href":"https:\/\/conversesacatalunya.cat\/es\/wp-json\/wp\/v2\/posts\/87359","targetHints":{"allow":["GET"]}}],"collection":[{"href":"https:\/\/conversesacatalunya.cat\/es\/wp-json\/wp\/v2\/posts"}],"about":[{"href":"https:\/\/conversesacatalunya.cat\/es\/wp-json\/wp\/v2\/types\/post"}],"author":[{"embeddable":true,"href":"https:\/\/conversesacatalunya.cat\/es\/wp-json\/wp\/v2\/users\/19"}],"replies":[{"embeddable":true,"href":"https:\/\/conversesacatalunya.cat\/es\/wp-json\/wp\/v2\/comments?post=87359"}],"version-history":[{"count":4,"href":"https:\/\/conversesacatalunya.cat\/es\/wp-json\/wp\/v2\/posts\/87359\/revisions"}],"predecessor-version":[{"id":87364,"href":"https:\/\/conversesacatalunya.cat\/es\/wp-json\/wp\/v2\/posts\/87359\/revisions\/87364"}],"wp:featuredmedia":[{"embeddable":true,"href":"https:\/\/conversesacatalunya.cat\/es\/wp-json\/wp\/v2\/media\/87357"}],"wp:attachment":[{"href":"https:\/\/conversesacatalunya.cat\/es\/wp-json\/wp\/v2\/media?parent=87359"}],"wp:term":[{"taxonomy":"category","embeddable":true,"href":"https:\/\/conversesacatalunya.cat\/es\/wp-json\/wp\/v2\/categories?post=87359"},{"taxonomy":"post_tag","embeddable":true,"href":"https:\/\/conversesacatalunya.cat\/es\/wp-json\/wp\/v2\/tags?post=87359"}],"curies":[{"name":"wp","href":"https:\/\/api.w.org\/{rel}","templated":true}]}}