{"id":87311,"date":"2025-04-10T14:00:12","date_gmt":"2025-04-10T12:00:12","guid":{"rendered":"https:\/\/conversesacatalunya.cat\/?p=87311"},"modified":"2025-04-10T14:17:06","modified_gmt":"2025-04-10T12:17:06","slug":"pedro-sanchez-al-limite-su-gobierno-ya-no-puede-sostenerse","status":"publish","type":"post","link":"https:\/\/conversesacatalunya.cat\/es\/pedro-sanchez-al-limite-su-gobierno-ya-no-puede-sostenerse\/","title":{"rendered":"Pedro S\u00e1nchez al l\u00edmite: por qu\u00e9 su Gobierno ya no puede sostenerse"},"content":{"rendered":"<p><span><span class=\"VIpgJd-yAWNEb-VIpgJd-fmcmS-sn54Q\">Pedro S\u00e1nchez se aferra al poder, pero los s\u00edntomas de agotamiento de su Gobierno son ya imposibles de disimular. La situaci\u00f3n recuerda cada vez m\u00e1s al final del largo mandato de\u00a0<\/span><\/span><strong><span><span class=\"VIpgJd-yAWNEb-VIpgJd-fmcmS-sn54Q\">Felipe Gonz\u00e1lez<\/span><\/span><\/strong><span><span class=\"VIpgJd-yAWNEb-VIpgJd-fmcmS-sn54Q\">: un Ejecutivo que ya no gobierna, que apenas resiste el d\u00eda a d\u00eda, sostenido \u00fanicamente por las peculiaridades del sistema institucional espa\u00f1ol.<\/span><\/span><\/p>\n<p><span><span class=\"VIpgJd-yAWNEb-VIpgJd-fmcmS-sn54Q\">En Espa\u00f1a, a diferencia de otras democracias parlamentarias, no existe una moci\u00f3n de censura dirigida simplemente a derribar al Gobierno en ejercicio. Aqu\u00ed,\u00a0<\/span><\/span><strong><span><span class=\"VIpgJd-yAWNEb-VIpgJd-fmcmS-sn54Q\">para censurar al presidente, es obligatorio presentar a un candidato alternativo con mayor\u00eda parlamentaria<\/span><\/span><\/strong><span><span class=\"VIpgJd-yAWNEb-VIpgJd-fmcmS-sn54Q\">, lo que convierte la operaci\u00f3n en una tarea mucho m\u00e1s compleja.<\/span><\/span><\/p>\n<p><span><span class=\"VIpgJd-yAWNEb-VIpgJd-fmcmS-sn54Q\">Tampoco existe la\u00a0<\/span><\/span><strong><span><span class=\"VIpgJd-yAWNEb-VIpgJd-fmcmS-sn54Q\">moci\u00f3n de confianza<\/span><\/span><\/strong><span><span class=\"VIpgJd-yAWNEb-VIpgJd-fmcmS-sn54Q\">\u00a0como herramienta activa del Ejecutivo para legitimarse ante el Parlamento, ni los ministros reprobados est\u00e1n obligados a dimitir. Todo queda en manos del presidente del Gobierno,\u00a0<\/span><\/span><strong><span><span class=\"VIpgJd-yAWNEb-VIpgJd-fmcmS-sn54Q\">una anomal\u00eda que tiene sus ra\u00edces en la Transici\u00f3n,<\/span><\/span><\/strong><span><span class=\"VIpgJd-yAWNEb-VIpgJd-fmcmS-sn54Q\">\u00a0cuando el objetivo era blindar la estabilidad del sistema frente a partidos todav\u00eda d\u00e9biles.<\/span><\/span><\/p>\n<p><span><span class=\"VIpgJd-yAWNEb-VIpgJd-fmcmS-sn54Q\">El resultado, d\u00e9cadas despu\u00e9s,\u00a0<\/span><\/span><strong><span><span class=\"VIpgJd-yAWNEb-VIpgJd-fmcmS-sn54Q\">es un sistema cada vez m\u00e1s alejado de los principios de la democracia representativa<\/span><\/span><\/strong><span><span class=\"VIpgJd-yAWNEb-VIpgJd-fmcmS-sn54Q\">.\u00a0Espa\u00f1a se ha convertido en una partitocracia en la que el Ejecutivo puede mantenerse sin tener en cuenta el Congreso ni el Senado. Y S\u00e1nchez parece decidido a agotar su mandato, confiando en que el paso del tiempo le devuelva una correlaci\u00f3n de fuerzas m\u00e1s favorable.<\/span><\/span><\/p>\n<p><span>Pero la realidad lo desmiente. No hay gobierno viable cuando la mayor\u00eda parlamentaria est\u00e1 fracturada en lo esencial:\u00a0<\/span><strong><span>la pol\u00edtica exterior y de defensa<\/span><\/strong><span>.\u00a0En cualquier otro pa\u00eds europeo ser\u00eda impensable que un Gobierno no pudiera presentar presupuestos de defensa \u2014por segundo a\u00f1o consecutivo\u2014 y recurriera a trapicheos financieros para sortear el Parlamento. En las actuales condiciones,\u00a0<\/span><strong><span>S\u00e1nchez no puede cumplir con los compromisos adquiridos con la OTAN ni con la Uni\u00f3n Europea.<\/span><\/strong><\/p>\n<h4><strong><span><span class=\"VIpgJd-yAWNEb-VIpgJd-fmcmS-sn54Q\">La situaci\u00f3n se agrava por la deriva internacional del presidente<\/span><\/span><\/strong><\/h4>\n<p><span>En su reciente\u00a0<\/span><strong><span>viaje a China<\/span><\/strong><span>,\u00a0S\u00e1nchez pretend\u00eda reforzar su perfil exterior. Pero en lugar de proyectar liderazgo, ha quedado retratado por la\u00a0<\/span><strong><span>desconfianza que genera entre las canciller\u00edas europeas<\/span><\/strong><span>\u00a0y la firme advertencia que le lanz\u00f3 el secretario del Tesoro de Estados Unidos: explorar alternativas comerciales a Washington, dijo, ser\u00eda \u201cc\u00f3mo cortarse el propio cuello\u201d.<\/span><\/p>\n<p><span><span class=\"VIpgJd-yAWNEb-VIpgJd-fmcmS-sn54Q\">A esto\u00a0<\/span><\/span><strong><span><span class=\"VIpgJd-yAWNEb-VIpgJd-fmcmS-sn54Q\">se a\u00f1aden\u00a0<\/span><\/span><span><span class=\"VIpgJd-yAWNEb-VIpgJd-fmcmS-sn54Q\"><a href=\"https:\/\/conversesacatalunya.cat\/es\/los-desordenes-de-sanchez\/\" target=\"_blank\" rel=\"noopener\">tensiones institucionales de alto voltaje<\/a>:<\/span><\/span><\/strong><span><span class=\"VIpgJd-yAWNEb-VIpgJd-fmcmS-sn54Q\">\u00a0choques entre Congreso y Senado, enfrentamientos entre el Supremo y el Constitucional, una Fiscal\u00eda cuestionada, y un clima pol\u00edtico en el que cada decisi\u00f3n del Ejecutivo se basa m\u00e1s en el trapicheo parlamentario que en una estrategia de gobierno.<\/span><\/span><\/p>\n<p><span><span class=\"VIpgJd-yAWNEb-VIpgJd-fmcmS-sn54Q\">Mientras,\u00a0<\/span><\/span><strong><span><span class=\"VIpgJd-yAWNEb-VIpgJd-fmcmS-sn54Q\">los grandes problemas nacionales siguen sin respuesta:<\/span><\/span><\/strong><span><span class=\"VIpgJd-yAWNEb-VIpgJd-fmcmS-sn54Q\">\u00a0pol\u00edtica migratoria, natalidad, vivienda, financiaci\u00f3n auton\u00f3mica, la precariedad juvenil o el estancamiento de la renta per c\u00e1pita. Cada d\u00eda perdido por sostener un Ejecutivo agotado es un d\u00eda que Espa\u00f1a deja de avanzar.<\/span><\/span><\/p>\n<p><strong><span>S\u00e1nchez puede intentar resistir, pero ya no gobierna<\/span><\/strong><span>.\u00a0Y el pa\u00eds ya no puede permitirse simplemente aguantar.<\/span><\/p>\n<span class='bctt-click-to-tweet'><span class='bctt-ctt-text'><a href='https:\/\/twitter.com\/intent\/tweet?url=https%3A%2F%2Fconversesacatalunya.cat%2Fes%2Fpedro-sanchez-al-limite-su-gobierno-ya-no-puede-sostenerse%2F&#038;text=La%20situaci%C3%B3n%20recuerda%20cada%20vez%20m%C3%A1s%20al%20final%20del%20largo%20mandato%20de%20Felipe%20Gonz%C3%A1lez%3A%20un%20Ejecutivo%20que%20ya%20no%20gobierna%2C%20que%20apenas%20resiste%20el%20d%C3%ADa%20a%20d%C3%ADa%2C%20sostenido%20%C3%BAnicamente%20por%20las%20peculiaridades%20del%20sistema%20institucional%20espa%C3%B1ol&#038;via=conversesacat&#038;related=conversesacat' target='_blank'rel=\"noopener noreferrer\">La situaci\u00f3n recuerda cada vez m\u00e1s al final del largo mandato de Felipe Gonz\u00e1lez: un Ejecutivo que ya no gobierna, que apenas resiste el d\u00eda a d\u00eda, sostenido \u00fanicamente por las peculiaridades del sistema institucional espa\u00f1ol <\/a><\/span><a href='https:\/\/twitter.com\/intent\/tweet?url=https%3A%2F%2Fconversesacatalunya.cat%2Fes%2Fpedro-sanchez-al-limite-su-gobierno-ya-no-puede-sostenerse%2F&#038;text=La%20situaci%C3%B3n%20recuerda%20cada%20vez%20m%C3%A1s%20al%20final%20del%20largo%20mandato%20de%20Felipe%20Gonz%C3%A1lez%3A%20un%20Ejecutivo%20que%20ya%20no%20gobierna%2C%20que%20apenas%20resiste%20el%20d%C3%ADa%20a%20d%C3%ADa%2C%20sostenido%20%C3%BAnicamente%20por%20las%20peculiaridades%20del%20sistema%20institucional%20espa%C3%B1ol&#038;via=conversesacat&#038;related=conversesacat' target='_blank' class='bctt-ctt-btn'rel=\"noopener noreferrer\">Compartir en X<\/a><\/span>\n<div id=\"polls-279\" class=\"wp-polls\">\n\t<form id=\"polls_form_279\" class=\"wp-polls-form\" action=\"\/index.php\" method=\"post\">\n\t\t<p style=\"display: none;\"><input type=\"hidden\" id=\"poll_279_nonce\" name=\"wp-polls-nonce\" value=\"e5b0250c61\" \/><\/p>\n\t\t<p style=\"display: none;\"><input type=\"hidden\" name=\"poll_id\" value=\"279\" \/><\/p>\n\t\t<p style=\"text-align: center\"><strong>Creus que des del punt de vista dels Estats Units est\u00e0 justificada la nova pol\u00edtica d'aranzels?<\/strong><\/p><div id=\"polls-279-ans\" class=\"wp-polls-ans\"><ul class=\"wp-polls-ul\">\n\t\t<li><input type=\"radio\" id=\"poll-answer-788\" name=\"poll_279\" value=\"788\" \/> <label for=\"poll-answer-788\">S\u00ed<\/label><\/li>\n\t\t<li><input type=\"radio\" id=\"poll-answer-789\" name=\"poll_279\" value=\"789\" \/> <label for=\"poll-answer-789\">No<\/label><\/li>\n\t\t<li><input type=\"radio\" id=\"poll-answer-790\" name=\"poll_279\" value=\"790\" \/> <label for=\"poll-answer-790\">No ho s\u00e9<\/label><\/li>\n\t\t<\/ul><p style=\"text-align: center\"><input type=\"button\" name=\"vote\" value=\"   Vota   \" class=\"Buttons\" onclick=\"poll_vote(279);\" \/><\/p><p style=\"text-align: center\"><a href=\"#ViewPollResults\" onclick=\"poll_result(279); return false;\" title=\"View Results Of This Poll\">Mira els resultats<\/a><\/p><\/div>\n\t<\/form>\n<\/div>\n<div id=\"polls-279-loading\" class=\"wp-polls-loading\"><img decoding=\"async\" data-src=\"https:\/\/conversesacatalunya.cat\/wp-content\/plugins\/wp-polls\/images\/loading.gif\" width=\"16\" height=\"16\" alt=\"Cargando ...\" title=\"Cargando ...\" class=\"wp-polls-image lazyload\" src=\"data:image\/svg+xml;base64,PHN2ZyB3aWR0aD0iMSIgaGVpZ2h0PSIxIiB4bWxucz0iaHR0cDovL3d3dy53My5vcmcvMjAwMC9zdmciPjwvc3ZnPg==\" style=\"--smush-placeholder-width: 16px; --smush-placeholder-aspect-ratio: 16\/16;\" \/>&nbsp;Cargando ...<\/div>\n\n","protected":false},"excerpt":{"rendered":"<p>Pedro S\u00e1nchez se aferra al poder, pero los s\u00edntomas de agotamiento de su Gobierno son ya imposibles de disimular. La situaci\u00f3n recuerda cada vez m\u00e1s al final del largo mandato de\u00a0Felipe Gonz\u00e1lez: un Ejecutivo que ya no gobierna, que apenas resiste el d\u00eda a d\u00eda, sostenido \u00fanicamente por las peculiaridades del sistema institucional espa\u00f1ol. En Espa\u00f1a, a diferencia de otras democracias parlamentarias, no existe una moci\u00f3n de censura dirigida simplemente a derribar al Gobierno en ejercicio. Aqu\u00ed,\u00a0para censurar al presidente, es obligatorio presentar a un candidato alternativo con mayor\u00eda parlamentaria, lo que convierte la operaci\u00f3n en una tarea mucho m\u00e1s compleja. Tampoco existe la\u00a0moci\u00f3n de confianza\u00a0como herramienta activa del Ejecutivo para legitimarse ante el Parlamento, ni los ministros reprobados est\u00e1n obligados a dimitir. Todo queda en manos del presidente del Gobierno,\u00a0una anomal\u00eda que tiene sus ra\u00edces en la Transici\u00f3n,\u00a0cuando el objetivo era blindar la estabilidad del sistema frente a partidos todav\u00eda d\u00e9biles. El resultado, d\u00e9cadas despu\u00e9s,\u00a0es un sistema cada vez m\u00e1s alejado de los principios de la democracia representativa.\u00a0Espa\u00f1a se ha convertido en una partitocracia en la que el Ejecutivo puede mantenerse sin tener en cuenta el Congreso ni el Senado. Y S\u00e1nchez parece decidido a agotar su mandato, confiando en que el paso del tiempo le devuelva una correlaci\u00f3n de fuerzas m\u00e1s favorable. Pero la realidad lo desmiente. No hay gobierno viable cuando la mayor\u00eda parlamentaria est\u00e1 fracturada en lo esencial:\u00a0la pol\u00edtica exterior y de defensa.\u00a0En cualquier otro pa\u00eds europeo ser\u00eda impensable que un Gobierno no pudiera presentar presupuestos de defensa \u2014por segundo a\u00f1o consecutivo\u2014 y recurriera a trapicheos financieros para sortear el Parlamento. En las actuales condiciones,\u00a0S\u00e1nchez no puede cumplir con los compromisos adquiridos con la OTAN ni con la Uni\u00f3n Europea. La situaci\u00f3n se agrava por la deriva internacional del presidente En su reciente\u00a0viaje a China,\u00a0S\u00e1nchez pretend\u00eda reforzar su perfil exterior. Pero en lugar de proyectar liderazgo, ha quedado retratado por la\u00a0desconfianza que genera entre las canciller\u00edas europeas\u00a0y la firme advertencia que le lanz\u00f3 el secretario del Tesoro de Estados Unidos: explorar alternativas comerciales a Washington, dijo, ser\u00eda \u201cc\u00f3mo cortarse el propio cuello\u201d. A esto\u00a0se a\u00f1aden\u00a0tensiones institucionales de alto voltaje:\u00a0choques entre Congreso y Senado, enfrentamientos entre el Supremo y el Constitucional, una Fiscal\u00eda cuestionada, y un clima pol\u00edtico en el que cada decisi\u00f3n del Ejecutivo se basa m\u00e1s en el trapicheo parlamentario que en una estrategia de gobierno. Mientras,\u00a0los grandes problemas nacionales siguen sin respuesta:\u00a0pol\u00edtica migratoria, natalidad, vivienda, financiaci\u00f3n auton\u00f3mica, la precariedad juvenil o el estancamiento de la renta per c\u00e1pita. Cada d\u00eda perdido por sostener un Ejecutivo agotado es un d\u00eda que Espa\u00f1a deja de avanzar. S\u00e1nchez puede intentar resistir, pero ya no gobierna.\u00a0Y el pa\u00eds ya no puede permitirse simplemente aguantar.<\/p>\n","protected":false},"author":77,"featured_media":87308,"comment_status":"open","ping_status":"open","sticky":false,"template":"","format":"standard","meta":{"_FSMCFIC_featured_image_caption":"","_FSMCFIC_featured_image_nocaption":"","_FSMCFIC_featured_image_hide":"","footnotes":""},"categories":[806],"tags":[1375,1373,1117,3574],"class_list":["post-87311","post","type-post","status-publish","format-standard","has-post-thumbnail","hentry","category-punts-claus-del-dia-es","tag-gobierno-sanchez","tag-govern-sanchez-es","tag-sanchez-es","tag-sanchez-es-2"],"yoast_head":"<!-- This site is optimized with the Yoast SEO plugin v26.8 - https:\/\/yoast.com\/product\/yoast-seo-wordpress\/ -->\n<title>Pedro S\u00e1nchez al l\u00edmite: por qu\u00e9 su Gobierno ya no puede sostenerse - Converses a Catalunya<\/title>\n<meta name=\"description\" content=\"S\u00e1nchez se aferra al poder, pero los s\u00edntomas de agotamiento del Gobierno son ya imposibles de disimular. La situaci\u00f3n recuerda F. Gonz\u00e1lez\" \/>\n<meta name=\"robots\" content=\"index, follow, max-snippet:-1, max-image-preview:large, max-video-preview:-1\" \/>\n<link rel=\"canonical\" href=\"https:\/\/conversesacatalunya.cat\/es\/pedro-sanchez-al-limite-su-gobierno-ya-no-puede-sostenerse\/\" \/>\n<meta property=\"og:locale\" content=\"es_ES\" \/>\n<meta property=\"og:type\" content=\"article\" \/>\n<meta property=\"og:title\" content=\"Pedro S\u00e1nchez al l\u00edmite: por qu\u00e9 su Gobierno ya no puede sostenerse - Converses a Catalunya\" \/>\n<meta property=\"og:description\" content=\"S\u00e1nchez se aferra al poder, pero los s\u00edntomas de agotamiento del Gobierno son ya imposibles de disimular. La situaci\u00f3n recuerda F. Gonz\u00e1lez\" \/>\n<meta property=\"og:url\" content=\"https:\/\/conversesacatalunya.cat\/es\/pedro-sanchez-al-limite-su-gobierno-ya-no-puede-sostenerse\/\" \/>\n<meta property=\"og:site_name\" content=\"Converses a Catalunya\" \/>\n<meta property=\"article:published_time\" content=\"2025-04-10T12:00:12+00:00\" \/>\n<meta property=\"article:modified_time\" content=\"2025-04-10T12:17:06+00:00\" \/>\n<meta property=\"og:image\" content=\"https:\/\/conversesacatalunya.cat\/wp-content\/uploads\/2025\/04\/lady-justice-2388500_640.jpg\" \/>\n\t<meta property=\"og:image:width\" content=\"640\" \/>\n\t<meta property=\"og:image:height\" content=\"480\" \/>\n\t<meta property=\"og:image:type\" content=\"image\/jpeg\" \/>\n<meta name=\"author\" content=\"Enric Casanovas\" \/>\n<meta name=\"twitter:card\" content=\"summary_large_image\" \/>\n<meta name=\"twitter:label1\" content=\"Escrito por\" \/>\n\t<meta name=\"twitter:data1\" content=\"Enric Casanovas\" \/>\n\t<meta name=\"twitter:label2\" content=\"Tiempo de lectura\" \/>\n\t<meta name=\"twitter:data2\" content=\"3 minutos\" \/>\n<script type=\"application\/ld+json\" class=\"yoast-schema-graph\">{\"@context\":\"https:\/\/schema.org\",\"@graph\":[{\"@type\":\"Article\",\"@id\":\"https:\/\/conversesacatalunya.cat\/es\/pedro-sanchez-al-limite-su-gobierno-ya-no-puede-sostenerse\/#article\",\"isPartOf\":{\"@id\":\"https:\/\/conversesacatalunya.cat\/es\/pedro-sanchez-al-limite-su-gobierno-ya-no-puede-sostenerse\/\"},\"author\":{\"name\":\"Enric Casanovas\",\"@id\":\"https:\/\/conversesacatalunya.cat\/#\/schema\/person\/79bd0577b2f3afc8d6519d207c6e8609\"},\"headline\":\"Pedro S\u00e1nchez al l\u00edmite: por qu\u00e9 su Gobierno ya no puede sostenerse\",\"datePublished\":\"2025-04-10T12:00:12+00:00\",\"dateModified\":\"2025-04-10T12:17:06+00:00\",\"mainEntityOfPage\":{\"@id\":\"https:\/\/conversesacatalunya.cat\/es\/pedro-sanchez-al-limite-su-gobierno-ya-no-puede-sostenerse\/\"},\"wordCount\":583,\"commentCount\":0,\"image\":{\"@id\":\"https:\/\/conversesacatalunya.cat\/es\/pedro-sanchez-al-limite-su-gobierno-ya-no-puede-sostenerse\/#primaryimage\"},\"thumbnailUrl\":\"https:\/\/conversesacatalunya.cat\/wp-content\/uploads\/2025\/04\/lady-justice-2388500_640.jpg\",\"keywords\":[\"Gobierno S\u00e1nchez\",\"Govern S\u00e1nchez\",\"S\u00e1nchez\",\"S\u00e1nchez\"],\"articleSection\":[\"Punts clau del dia (ES)\"],\"inLanguage\":\"es\",\"potentialAction\":[{\"@type\":\"CommentAction\",\"name\":\"Comment\",\"target\":[\"https:\/\/conversesacatalunya.cat\/es\/pedro-sanchez-al-limite-su-gobierno-ya-no-puede-sostenerse\/#respond\"]}]},{\"@type\":\"WebPage\",\"@id\":\"https:\/\/conversesacatalunya.cat\/es\/pedro-sanchez-al-limite-su-gobierno-ya-no-puede-sostenerse\/\",\"url\":\"https:\/\/conversesacatalunya.cat\/es\/pedro-sanchez-al-limite-su-gobierno-ya-no-puede-sostenerse\/\",\"name\":\"Pedro S\u00e1nchez al l\u00edmite: por qu\u00e9 su Gobierno ya no puede sostenerse - Converses a Catalunya\",\"isPartOf\":{\"@id\":\"https:\/\/conversesacatalunya.cat\/#website\"},\"primaryImageOfPage\":{\"@id\":\"https:\/\/conversesacatalunya.cat\/es\/pedro-sanchez-al-limite-su-gobierno-ya-no-puede-sostenerse\/#primaryimage\"},\"image\":{\"@id\":\"https:\/\/conversesacatalunya.cat\/es\/pedro-sanchez-al-limite-su-gobierno-ya-no-puede-sostenerse\/#primaryimage\"},\"thumbnailUrl\":\"https:\/\/conversesacatalunya.cat\/wp-content\/uploads\/2025\/04\/lady-justice-2388500_640.jpg\",\"datePublished\":\"2025-04-10T12:00:12+00:00\",\"dateModified\":\"2025-04-10T12:17:06+00:00\",\"author\":{\"@id\":\"https:\/\/conversesacatalunya.cat\/#\/schema\/person\/79bd0577b2f3afc8d6519d207c6e8609\"},\"description\":\"S\u00e1nchez se aferra al poder, pero los s\u00edntomas de agotamiento del Gobierno son ya imposibles de disimular. La situaci\u00f3n recuerda F. Gonz\u00e1lez\",\"breadcrumb\":{\"@id\":\"https:\/\/conversesacatalunya.cat\/es\/pedro-sanchez-al-limite-su-gobierno-ya-no-puede-sostenerse\/#breadcrumb\"},\"inLanguage\":\"es\",\"potentialAction\":[{\"@type\":\"ReadAction\",\"target\":[\"https:\/\/conversesacatalunya.cat\/es\/pedro-sanchez-al-limite-su-gobierno-ya-no-puede-sostenerse\/\"]}]},{\"@type\":\"ImageObject\",\"inLanguage\":\"es\",\"@id\":\"https:\/\/conversesacatalunya.cat\/es\/pedro-sanchez-al-limite-su-gobierno-ya-no-puede-sostenerse\/#primaryimage\",\"url\":\"https:\/\/conversesacatalunya.cat\/wp-content\/uploads\/2025\/04\/lady-justice-2388500_640.jpg\",\"contentUrl\":\"https:\/\/conversesacatalunya.cat\/wp-content\/uploads\/2025\/04\/lady-justice-2388500_640.jpg\",\"width\":640,\"height\":480,\"caption\":\"S\u00e1nchez agotamiento gobierno\"},{\"@type\":\"BreadcrumbList\",\"@id\":\"https:\/\/conversesacatalunya.cat\/es\/pedro-sanchez-al-limite-su-gobierno-ya-no-puede-sostenerse\/#breadcrumb\",\"itemListElement\":[{\"@type\":\"ListItem\",\"position\":1,\"name\":\"Inici\",\"item\":\"https:\/\/conversesacatalunya.cat\/es\/\"},{\"@type\":\"ListItem\",\"position\":2,\"name\":\"Pedro S\u00e1nchez al l\u00edmite: por qu\u00e9 su Gobierno ya no puede sostenerse\"}]},{\"@type\":\"WebSite\",\"@id\":\"https:\/\/conversesacatalunya.cat\/#website\",\"url\":\"https:\/\/conversesacatalunya.cat\/\",\"name\":\"Converses a Catalunya\",\"description\":\"\",\"potentialAction\":[{\"@type\":\"SearchAction\",\"target\":{\"@type\":\"EntryPoint\",\"urlTemplate\":\"https:\/\/conversesacatalunya.cat\/?s={search_term_string}\"},\"query-input\":{\"@type\":\"PropertyValueSpecification\",\"valueRequired\":true,\"valueName\":\"search_term_string\"}}],\"inLanguage\":\"es\"},{\"@type\":\"Person\",\"@id\":\"https:\/\/conversesacatalunya.cat\/#\/schema\/person\/79bd0577b2f3afc8d6519d207c6e8609\",\"name\":\"Enric Casanovas\",\"image\":{\"@type\":\"ImageObject\",\"inLanguage\":\"es\",\"@id\":\"https:\/\/conversesacatalunya.cat\/#\/schema\/person\/image\/\",\"url\":\"https:\/\/conversesacatalunya.cat\/wp-content\/litespeed\/avatar\/7ae4379ad4421ec77820e92afd36dd78.jpg?ver=1777373933\",\"contentUrl\":\"https:\/\/conversesacatalunya.cat\/wp-content\/litespeed\/avatar\/7ae4379ad4421ec77820e92afd36dd78.jpg?ver=1777373933\",\"caption\":\"Enric Casanovas\"},\"url\":\"https:\/\/conversesacatalunya.cat\/es\/author\/enric-casanovas\/\"}]}<\/script>\n<!-- \/ Yoast SEO plugin. -->","yoast_head_json":{"title":"Pedro S\u00e1nchez al l\u00edmite: por qu\u00e9 su Gobierno ya no puede sostenerse - Converses a Catalunya","description":"S\u00e1nchez se aferra al poder, pero los s\u00edntomas de agotamiento del Gobierno son ya imposibles de disimular. La situaci\u00f3n recuerda F. Gonz\u00e1lez","robots":{"index":"index","follow":"follow","max-snippet":"max-snippet:-1","max-image-preview":"max-image-preview:large","max-video-preview":"max-video-preview:-1"},"canonical":"https:\/\/conversesacatalunya.cat\/es\/pedro-sanchez-al-limite-su-gobierno-ya-no-puede-sostenerse\/","og_locale":"es_ES","og_type":"article","og_title":"Pedro S\u00e1nchez al l\u00edmite: por qu\u00e9 su Gobierno ya no puede sostenerse - Converses a Catalunya","og_description":"S\u00e1nchez se aferra al poder, pero los s\u00edntomas de agotamiento del Gobierno son ya imposibles de disimular. La situaci\u00f3n recuerda F. Gonz\u00e1lez","og_url":"https:\/\/conversesacatalunya.cat\/es\/pedro-sanchez-al-limite-su-gobierno-ya-no-puede-sostenerse\/","og_site_name":"Converses a Catalunya","article_published_time":"2025-04-10T12:00:12+00:00","article_modified_time":"2025-04-10T12:17:06+00:00","og_image":[{"width":640,"height":480,"url":"https:\/\/conversesacatalunya.cat\/wp-content\/uploads\/2025\/04\/lady-justice-2388500_640.jpg","type":"image\/jpeg"}],"author":"Enric Casanovas","twitter_card":"summary_large_image","twitter_misc":{"Escrito por":"Enric Casanovas","Tiempo de lectura":"3 minutos"},"schema":{"@context":"https:\/\/schema.org","@graph":[{"@type":"Article","@id":"https:\/\/conversesacatalunya.cat\/es\/pedro-sanchez-al-limite-su-gobierno-ya-no-puede-sostenerse\/#article","isPartOf":{"@id":"https:\/\/conversesacatalunya.cat\/es\/pedro-sanchez-al-limite-su-gobierno-ya-no-puede-sostenerse\/"},"author":{"name":"Enric Casanovas","@id":"https:\/\/conversesacatalunya.cat\/#\/schema\/person\/79bd0577b2f3afc8d6519d207c6e8609"},"headline":"Pedro S\u00e1nchez al l\u00edmite: por qu\u00e9 su Gobierno ya no puede sostenerse","datePublished":"2025-04-10T12:00:12+00:00","dateModified":"2025-04-10T12:17:06+00:00","mainEntityOfPage":{"@id":"https:\/\/conversesacatalunya.cat\/es\/pedro-sanchez-al-limite-su-gobierno-ya-no-puede-sostenerse\/"},"wordCount":583,"commentCount":0,"image":{"@id":"https:\/\/conversesacatalunya.cat\/es\/pedro-sanchez-al-limite-su-gobierno-ya-no-puede-sostenerse\/#primaryimage"},"thumbnailUrl":"https:\/\/conversesacatalunya.cat\/wp-content\/uploads\/2025\/04\/lady-justice-2388500_640.jpg","keywords":["Gobierno S\u00e1nchez","Govern S\u00e1nchez","S\u00e1nchez","S\u00e1nchez"],"articleSection":["Punts clau del dia (ES)"],"inLanguage":"es","potentialAction":[{"@type":"CommentAction","name":"Comment","target":["https:\/\/conversesacatalunya.cat\/es\/pedro-sanchez-al-limite-su-gobierno-ya-no-puede-sostenerse\/#respond"]}]},{"@type":"WebPage","@id":"https:\/\/conversesacatalunya.cat\/es\/pedro-sanchez-al-limite-su-gobierno-ya-no-puede-sostenerse\/","url":"https:\/\/conversesacatalunya.cat\/es\/pedro-sanchez-al-limite-su-gobierno-ya-no-puede-sostenerse\/","name":"Pedro S\u00e1nchez al l\u00edmite: por qu\u00e9 su Gobierno ya no puede sostenerse - Converses a Catalunya","isPartOf":{"@id":"https:\/\/conversesacatalunya.cat\/#website"},"primaryImageOfPage":{"@id":"https:\/\/conversesacatalunya.cat\/es\/pedro-sanchez-al-limite-su-gobierno-ya-no-puede-sostenerse\/#primaryimage"},"image":{"@id":"https:\/\/conversesacatalunya.cat\/es\/pedro-sanchez-al-limite-su-gobierno-ya-no-puede-sostenerse\/#primaryimage"},"thumbnailUrl":"https:\/\/conversesacatalunya.cat\/wp-content\/uploads\/2025\/04\/lady-justice-2388500_640.jpg","datePublished":"2025-04-10T12:00:12+00:00","dateModified":"2025-04-10T12:17:06+00:00","author":{"@id":"https:\/\/conversesacatalunya.cat\/#\/schema\/person\/79bd0577b2f3afc8d6519d207c6e8609"},"description":"S\u00e1nchez se aferra al poder, pero los s\u00edntomas de agotamiento del Gobierno son ya imposibles de disimular. La situaci\u00f3n recuerda F. Gonz\u00e1lez","breadcrumb":{"@id":"https:\/\/conversesacatalunya.cat\/es\/pedro-sanchez-al-limite-su-gobierno-ya-no-puede-sostenerse\/#breadcrumb"},"inLanguage":"es","potentialAction":[{"@type":"ReadAction","target":["https:\/\/conversesacatalunya.cat\/es\/pedro-sanchez-al-limite-su-gobierno-ya-no-puede-sostenerse\/"]}]},{"@type":"ImageObject","inLanguage":"es","@id":"https:\/\/conversesacatalunya.cat\/es\/pedro-sanchez-al-limite-su-gobierno-ya-no-puede-sostenerse\/#primaryimage","url":"https:\/\/conversesacatalunya.cat\/wp-content\/uploads\/2025\/04\/lady-justice-2388500_640.jpg","contentUrl":"https:\/\/conversesacatalunya.cat\/wp-content\/uploads\/2025\/04\/lady-justice-2388500_640.jpg","width":640,"height":480,"caption":"S\u00e1nchez agotamiento gobierno"},{"@type":"BreadcrumbList","@id":"https:\/\/conversesacatalunya.cat\/es\/pedro-sanchez-al-limite-su-gobierno-ya-no-puede-sostenerse\/#breadcrumb","itemListElement":[{"@type":"ListItem","position":1,"name":"Inici","item":"https:\/\/conversesacatalunya.cat\/es\/"},{"@type":"ListItem","position":2,"name":"Pedro S\u00e1nchez al l\u00edmite: por qu\u00e9 su Gobierno ya no puede sostenerse"}]},{"@type":"WebSite","@id":"https:\/\/conversesacatalunya.cat\/#website","url":"https:\/\/conversesacatalunya.cat\/","name":"Converses a Catalunya","description":"","potentialAction":[{"@type":"SearchAction","target":{"@type":"EntryPoint","urlTemplate":"https:\/\/conversesacatalunya.cat\/?s={search_term_string}"},"query-input":{"@type":"PropertyValueSpecification","valueRequired":true,"valueName":"search_term_string"}}],"inLanguage":"es"},{"@type":"Person","@id":"https:\/\/conversesacatalunya.cat\/#\/schema\/person\/79bd0577b2f3afc8d6519d207c6e8609","name":"Enric Casanovas","image":{"@type":"ImageObject","inLanguage":"es","@id":"https:\/\/conversesacatalunya.cat\/#\/schema\/person\/image\/","url":"https:\/\/conversesacatalunya.cat\/wp-content\/litespeed\/avatar\/7ae4379ad4421ec77820e92afd36dd78.jpg?ver=1777373933","contentUrl":"https:\/\/conversesacatalunya.cat\/wp-content\/litespeed\/avatar\/7ae4379ad4421ec77820e92afd36dd78.jpg?ver=1777373933","caption":"Enric Casanovas"},"url":"https:\/\/conversesacatalunya.cat\/es\/author\/enric-casanovas\/"}]}},"wps_subtitle":"En su reciente viaje a China, S\u00e1nchez pretend\u00eda reforzar su perfil exterior. Pero en lugar de proyectar liderazgo, ha quedado retratado por la desconfianza que genera entre las canciller\u00edas europeas y la firme advertencia que le lanz\u00f3 el secretario del Tesoro de Estados Unidos.","_links":{"self":[{"href":"https:\/\/conversesacatalunya.cat\/es\/wp-json\/wp\/v2\/posts\/87311","targetHints":{"allow":["GET"]}}],"collection":[{"href":"https:\/\/conversesacatalunya.cat\/es\/wp-json\/wp\/v2\/posts"}],"about":[{"href":"https:\/\/conversesacatalunya.cat\/es\/wp-json\/wp\/v2\/types\/post"}],"author":[{"embeddable":true,"href":"https:\/\/conversesacatalunya.cat\/es\/wp-json\/wp\/v2\/users\/77"}],"replies":[{"embeddable":true,"href":"https:\/\/conversesacatalunya.cat\/es\/wp-json\/wp\/v2\/comments?post=87311"}],"version-history":[{"count":3,"href":"https:\/\/conversesacatalunya.cat\/es\/wp-json\/wp\/v2\/posts\/87311\/revisions"}],"predecessor-version":[{"id":87312,"href":"https:\/\/conversesacatalunya.cat\/es\/wp-json\/wp\/v2\/posts\/87311\/revisions\/87312"}],"wp:featuredmedia":[{"embeddable":true,"href":"https:\/\/conversesacatalunya.cat\/es\/wp-json\/wp\/v2\/media\/87308"}],"wp:attachment":[{"href":"https:\/\/conversesacatalunya.cat\/es\/wp-json\/wp\/v2\/media?parent=87311"}],"wp:term":[{"taxonomy":"category","embeddable":true,"href":"https:\/\/conversesacatalunya.cat\/es\/wp-json\/wp\/v2\/categories?post=87311"},{"taxonomy":"post_tag","embeddable":true,"href":"https:\/\/conversesacatalunya.cat\/es\/wp-json\/wp\/v2\/tags?post=87311"}],"curies":[{"name":"wp","href":"https:\/\/api.w.org\/{rel}","templated":true}]}}