{"id":87260,"date":"2025-04-10T09:00:07","date_gmt":"2025-04-10T07:00:07","guid":{"rendered":"https:\/\/conversesacatalunya.cat\/?p=87260"},"modified":"2025-04-10T05:45:19","modified_gmt":"2025-04-10T03:45:19","slug":"ideologos-detras-de-putin-y-trump","status":"publish","type":"post","link":"https:\/\/conversesacatalunya.cat\/es\/ideologos-detras-de-putin-y-trump\/","title":{"rendered":"Ide\u00f3logos detr\u00e1s de Putin y Trump"},"content":{"rendered":"<h3><strong><span><span class=\"VIpgJd-yAWNEb-VIpgJd-fmcmS-sn54Q\">El putinismo<\/span><\/span><\/strong><\/h3>\n<p><strong><span><span class=\"VIpgJd-yAWNEb-VIpgJd-fmcmS-sn54Q\">Tras 25 a\u00f1os en el poder, Putin est\u00e1 dejando un legado incomparable en la historia rusa, tanto en t\u00e9rminos de duraci\u00f3n personal al frente del poder m\u00e1ximo del pa\u00eds como de articulaci\u00f3n de un nuevo modelo de estado, el putinismo.\u00a0 \u00a0<\/span><\/span><\/strong><\/p>\n<p><strong><span><span class=\"VIpgJd-yAWNEb-VIpgJd-fmcmS-sn54Q\">El putinismo es un modelo pol\u00edtico muy nacionalista, con sue\u00f1os imperiales,<\/span><\/span><\/strong><span><span class=\"VIpgJd-yAWNEb-VIpgJd-fmcmS-sn54Q\">\u00a0enterrador del comunismo, defensor de un liberalismo econ\u00f3mico que pasa por la connivencia con oligarcas, autocr\u00e1tico, intervencionista, que reclama para Rusia un estatus de gran potencia mundial. Es una autocracia particular con estructuras de estado s\u00f3lidas, bajo el f\u00e9rreo control de Putin, que funcionan con automatismo.\u00a0<\/span><\/span><strong><span><span class=\"VIpgJd-yAWNEb-VIpgJd-fmcmS-sn54Q\">Por encima de todo, es\u00a0<\/span><\/span><\/strong><span><\/span><strong><span><span class=\"VIpgJd-yAWNEb-VIpgJd-fmcmS-sn54Q\">una f\u00f3rmula genuinamente rusa y en clave rusa. Expertos independientes indican que buena parte de la sociedad rusa se siente identificada.<\/span><\/span><\/strong><\/p>\n<p><strong><span><span class=\"VIpgJd-yAWNEb-VIpgJd-fmcmS-sn54Q\">El putinismo tiene un importante contenido religioso. La Iglesia Ortodoxa Rusa bendice el putinismo.<\/span><\/span><\/strong><span><span class=\"VIpgJd-yAWNEb-VIpgJd-fmcmS-sn54Q\">\u00a0Kiril<\/span><\/span><strong><span><span class=\"VIpgJd-yAWNEb-VIpgJd-fmcmS-sn54Q\">, <\/span><\/span><\/strong><span><span class=\"VIpgJd-yAWNEb-VIpgJd-fmcmS-sn54Q\">Patriarca de Mosc\u00fa y primate de la Iglesia Ortodoxa Rusa, ha sido durante mucho tiempo un oficial del KGB, la temida agencia de seguridad de la extinta URSS, al igual que Putin. Son amigos \u00edntimos. Putin es una persona religiosa. Bajo el liderazgo de Kiril, la Iglesia\u00a0<\/span><\/span><strong><span><span class=\"VIpgJd-yAWNEb-VIpgJd-fmcmS-sn54Q\">Ortodoxa Rusa ha apoyado muchas de las pol\u00edticas del Kremlin, incluyendo la anexi\u00f3n de Crimea (2014) y la invasi\u00f3n de Ucrania (2022), que\u00a0<\/span><\/span><\/strong><strong><span><span class=\"VIpgJd-yAWNEb-VIpgJd-fmcmS-sn54Q\">Kiril califica de \u00abguerra santa\u00bb.<\/span><\/span><\/strong><\/p>\n<h5><strong><span>La rivalidad entre el Patriarca Kiril de Mosc\u00fa y el Patriarca de Kiev forma parte del conflicto entre Rusia y Ucrania.<\/span><\/strong><\/h5>\n<p><span>Durante siglos, la Iglesia Ortodoxa Ucraniana estuvo bajo la jurisdicci\u00f3n del Patriarcado de Mosc\u00fa. Despu\u00e9s de la independencia de Ucrania en 1991, surgieron movimientos para establecer una iglesia ortodoxa ucraniana completamente separada de Rusia. En 2018 el Patriarca Ecum\u00e9nico de Constantinopla, Bartolom\u00e9 I, concedi\u00f3 la autocefalia a la Iglesia Ortodoxa de Ucrania, reconoci\u00e9ndola como independiente del Patriarcado de Mosc\u00fa. Esto supuso un fuerte golpe para Kiril y para el Kremlin, ya que significaba la p\u00e9rdida de control religioso sobre Ucrania.<\/span><\/p>\n<p><strong><span>En 1991 la URSS dej\u00f3 de existir. Seg\u00fan Putin, \u00abel derrumbe de la URSS es el evento m\u00e1s desastroso del siglo veinte\u00bb.<\/span><\/strong><span>\u00a0Esta frase le define. El putinismo nace de la humillaci\u00f3n sufrida por Rusia durante la d\u00e9cada de los a\u00f1os noventa del siglo pasado, posteriores a 1991. Aqu\u00ed se encuentra un claro paralelismo con China. La China moderna es tambi\u00e9n una reacci\u00f3n en el siglo de humillaci\u00f3n que sufri\u00f3 por parte de occidentales y japoneses entre 1839 y 1949, a\u00f1o de creaci\u00f3n de la Rep\u00fablica Popular China.<\/span><\/p>\n<p><span><span class=\"VIpgJd-yAWNEb-VIpgJd-fmcmS-sn54Q\">Putin ten\u00eda 39 a\u00f1os en 1991 y se sent\u00eda hu\u00e9rfano de la URSS. Entonces se dijo a s\u00ed mismo que nunca m\u00e1s deber\u00edan repetirse aquellos a\u00f1os de humillaci\u00f3n de la d\u00e9cada de los noventa, llenos de miseria, caos, mafias, privatizaciones fraudulentas y oligarcas aprovechados provenientes de la\u00a0<\/span><\/span><em><span><span class=\"VIpgJd-yAWNEb-VIpgJd-fmcmS-sn54Q\">nomenklatura<\/span><\/span><\/em><span><span class=\"VIpgJd-yAWNEb-VIpgJd-fmcmS-sn54Q\">\u00a0sovi\u00e9tica. Hab\u00eda que construir un nuevo estado y una nueva ciudadan\u00eda.<\/span><\/span><\/p>\n<p><span>Putin supo, primero, situarse como miembro de la administraci\u00f3n de la Rusia independiente. Despu\u00e9s jug\u00f3 la carta de superar el pasado del comunismo sovi\u00e9tico, as\u00ed como del posterior caos y descontrol propios de la \u00e9poca de Yeltsin. Resultado: mirada hacia un recuerdo edulcorado de la etapa imperial zarista, mezclada con el patriotismo de la Gran Guerra Patria 1941-45, y adaptada al modelo liberal capitalista globalizado. Con dos guindas: control personalista de todo el sistema y recuperaci\u00f3n del orgullo de potencia mundial.<\/span><\/p>\n<h3><strong><span>Los art\u00edfices del putinismo<\/span><\/strong><\/h3>\n<h4><strong><span><span class=\"VIpgJd-yAWNEb-VIpgJd-fmcmS-sn54Q\">Vladislav Surkov<\/span><\/span><\/strong><\/h4>\n<p><strong><span><span class=\"VIpgJd-yAWNEb-VIpgJd-fmcmS-sn54Q\">Vladislav Surkov, nacido en 1964, pol\u00edtico y empresario ruso al que muchos denominan el \u00abcardenal gris del putinismo\u00bb, es considerado una de las figuras pol\u00edticas rusas m\u00e1s influyentes de las \u00faltimas d\u00e9cadas y principal art\u00edfice y verdadero \u00abarquitecto\u00bb del putinismo. El sistema est\u00e1 construido sobre el concepto de \u201cdemocracia soberana\u201d,\u00a0<\/span><\/span><a href=\"https:\/\/conversesacatalunya.cat\/es\/dos-inspiradores-de-putin-surkov-y-duguin\/\" target=\"_blank\" rel=\"noopener\"><span><span class=\"VIpgJd-yAWNEb-VIpgJd-fmcmS-sn54Q\">elaborado por Surkov<\/span><\/span><\/a><span><span class=\"VIpgJd-yAWNEb-VIpgJd-fmcmS-sn54Q\">, de car\u00e1cter al mismo tiempo \u201cdemocr\u00e1tico y autoritario\u201d.<\/span><\/span><\/strong><span><span class=\"VIpgJd-yAWNEb-VIpgJd-fmcmS-sn54Q\"> Se celebran elecciones, pero son controladas por la \u201cvertical de poder\u201d, concepto tambi\u00e9n inventado por Surkov, que significa estructura centralizada frente a la que se sit\u00faa Putin. Ha sido tambi\u00e9n el creador de la idea de \u00abmundo ruso\u00bb como articulaci\u00f3n contempor\u00e1nea del imperialismo ruso. As\u00ed expresaba su visi\u00f3n, asumida por el Kremlin, de cu\u00e1l debe ser el papel de Rusia en el arena internacional. Surkov pertenece al partido Rusia Unida, el partido de Putin.<\/span><\/span><\/p>\n<h4><strong>Ivan Ilyin<\/strong><\/h4>\n<p><strong><span>Antes de Surkov, el pol\u00edtico y fil\u00f3sofo ruso Ivan Ilyin (1883-1954) era considerado el pensador ruso que m\u00e1s hab\u00eda inspirado a Putin sobre el poder, la patria rusa y su lugar en el mundo.<\/span><\/strong><span>\u00a0Ilyin ha sido el pilar sobre el que se ha sustentado la deriva mesi\u00e1nica de Putin tras la ca\u00edda de la URSS en 1991. Escribi\u00f3 un libro titulado \u201cNuestras tareas\u201d, donde se encuentra una exhortaci\u00f3n m\u00edstica en el destino imperial de Rusia y una severa cr\u00edtica a Occidente, al que considera \u00abresponsable de haber exportado el virus anticristiano a Rusia\u00bb, un Occidente que \u00abse gu\u00eda por un plan de odio y lujuria de poder\u00bb, <strong>Ilyin, como Putin, consideran que Ucrania no es una naci\u00f3n, sino una parte de la gran Rusia.<\/strong><\/span><\/p>\n<h4><strong><span><span class=\"VIpgJd-yAWNEb-VIpgJd-fmcmS-sn54Q\">Alejandro Duguin<\/span><\/span><\/strong><\/h4>\n<p><strong><span><span class=\"VIpgJd-yAWNEb-VIpgJd-fmcmS-sn54Q\">Una tercera personalidad que tambi\u00e9n ejerce una influencia notable sobre Putin es el fil\u00f3sofo pol\u00edtico e historiador de las religiones, Alejandro Duguin, nacido en 1962 en Mosc\u00fa.<\/span><\/span><\/strong><span><span class=\"VIpgJd-yAWNEb-VIpgJd-fmcmS-sn54Q\">\u00a0Afirma que Rusia tiene el deber hist\u00f3rico de unir el imperio eurasi\u00e1tico, de lo que Duguin ha escrito que \u00abes capaz de luchar con \u00e9xito contra el mundo occidental dirigido por Estados Unidos\u00bb. Cree que Eurasia y el mundo necesitan un l\u00edder autoritario post democr\u00e1tico que supere el choque de civilizaciones y represente la tercera v\u00eda entre Occidente liberal y Oriente iliberal. \u00abNosotros los conservadores queremos un Estado fuerte y s\u00f3lido, queremos orden y una familia sana, valores positivos, el refuerzo de la importancia de la religi\u00f3n y de la iglesia en la sociedad\u00bb.<\/span><\/span><\/p>\n<h3><strong><span><span class=\"VIpgJd-yAWNEb-VIpgJd-fmcmS-sn54Q\">El trumpismo y sus art\u00edfices<\/span><\/span><\/strong><\/h3>\n<h4><strong>Curtis Yarvin i Nick Land<\/strong><\/h4>\n<p><strong><span>Uno de los intelectuales y pol\u00edticos m\u00e1s influyentes del trumpismo es el ingeniero computacional estadounidense, Curtis Yarvin.\u00a0<\/span><\/strong><strong><span>\u00c9<\/span><\/strong>l cree que debe superarse la democracia actual de Estados Unidos y que s\u00f3lo la figura de un monarca o de un CEO (<em>Chief Executive Officer)\u00a0 <\/em>nacional puede salvar al pa\u00eds. Yarvin forma pareja de pensamientos con el fil\u00f3sofo ingl\u00e9s <strong>Nick Land.<\/strong> Son las dos eminencias de un movimiento llamado \u201cneoreacci\u00f3n\u201d o \u201cIlustraci\u00f3n Oscura\u201d, contrario a la democracia liberal.<\/p>\n<p><strong><span>Ambos personajes se consideran fuentes intelectuales de una revoluci\u00f3n cultural antiwoke<\/span><\/strong><span>. Detr\u00e1s de argumentaciones hist\u00f3ricas atrevidas, Yarvin imagina una sociedad en la que los empresarios digitales reinen como due\u00f1os absolutos de los destinos del mundo. El \u201ctecnomonarquismo\u201d de Yarvin justifica el poder ilimitado de los oligarcas digitales<\/span><strong><span>.<\/span><\/strong><span>\u00a0Nick Land ha escrito un libro titulado\u00a0<\/span><em><span>The<\/span><\/em><span>\u00a0Dark <em>Ilustration<\/em> (La Ilustraci\u00f3n Oscura) donde se defiende la tesis de que la democracia debe desmantelarse y las estructuras gubernamentales deben reducirse al m\u00ednimo.\u00a0<\/span><strong><span>Yarvin y Land creen que el estado ideal deber\u00eda funcionar como una empresa, donde los ciudadanos ser\u00edan clientes.<\/span><\/strong><\/p>\n<h4><strong>Peter Thiel<\/strong><\/h4>\n<p><strong><span><span class=\"VIpgJd-yAWNEb-VIpgJd-fmcmS-sn54Q\">Peter Thiel, gran empresario tecnol\u00f3gico, colabora estrechamente con la pareja anterior.<\/span><\/span><\/strong><span><span class=\"VIpgJd-yAWNEb-VIpgJd-fmcmS-sn54Q\"> Ha declarado que el mundo occidental necesita un <em>hard reboot<\/em> (reinicio completo) que incluya el desmantelamiento de la democracia y la adopci\u00f3n de reg\u00edmenes autoritarios y eficientes como el creado en 1959 en Singapur por Lee Kuan Yew o el creado en 1978 en China tras el rechazo del comunismo y la adopci\u00f3n de la econom\u00eda de mercado, un nuevo modelo de capitalismo de estado.<\/span><\/span><\/p>\n<h4><strong>Heritage Foundation<\/strong><\/h4>\n<p><strong><span>Detr\u00e1s de Trump existen varios\u00a0<\/span><em><span>think tanks<\/span><\/em><span>\u00a0que le apoyan. El caso m\u00e1s notorio es el de la\u00a0<\/span><a href=\"https:\/\/es.wikipedia.org\/wiki\/Fundaci%C3%B3n_Heritage\" target=\"_blank\" rel=\"noopener\"><em><span>Heritage Foundation<\/span><\/em><\/a><\/strong><span>,\u00a0<\/span><strong><span>autora del\u00a0<\/span><em><span>Project 2025<\/span><\/em><span>, un conjunto extenso de recomendaciones para la acci\u00f3n pol\u00edtica de Trump.<\/span><\/strong><\/p>\n<h4><strong>J.D. Vance<\/strong><\/h4>\n<p><strong><span>De todos los miembros principales de la actual administraci\u00f3n Trump, uno de los m\u00e1s influyentes es el vicepresidente JD Vance, autor de un libro clave para entender al electorado trumpista, titulado \u201cHillbilly\u00a0<\/span><em><span>Elegy<\/span><\/em><span> \u201d (\u201cUna familia americana\u201d, en versi\u00f3n castellana).<\/span><\/strong><span>\u00a0El libro cuenta al mundo la historia de tres generaciones de\u00a0<\/span><em><span>hillbillies<\/span><\/em><span>,\u00a0<\/span><em><span>rednecks<\/span><\/em><span>\u00a0o\u00a0<\/span><em><span>escoria blanca<\/span><\/em><span>, que para Vance son vecinos, familia y amigos. Se trata de gente blanca, pobre y de clase trabajadora castigada severamente por la desindustrializaci\u00f3n. Personas desmoralizadas, resentidas y radicalizadas, adictas a la desesperanza. Son los que hicieron presidente a Trump.<\/span><\/p>\n<p><strong><span><span class=\"VIpgJd-yAWNEb-VIpgJd-fmcmS-sn54Q\">Vance no es un vicepresidente t\u00edpico americano, con poco protagonismo.<\/span><\/span><\/strong><span><span class=\"VIpgJd-yAWNEb-VIpgJd-fmcmS-sn54Q\"> Al contrario, ya se ha visto en poco tiempo en el cargo como abuchea al l\u00edder de un pa\u00eds aliado en el despacho oval de la Casa Blanca, va a Europa para alertar de que su amenaza no es Rusia sino \u201cel enemigo interior\u201d, critica las decisiones del presidente en un chat con otros altos cargos del Gobierno, visitando Groenlandia para justificar la ambici\u00f3n expansionista de su jefe contra la soberan\u00eda de un miembro de la OTAN, etc.<\/span><\/span><\/p>\n<p><strong><span><span class=\"VIpgJd-yAWNEb-VIpgJd-fmcmS-sn54Q\">Si Trump no se presenta a las elecciones en 2028 -lo que ha sugerido repetidamente que har\u00e1, pese a que la Constituci\u00f3n proh\u00edbe un tercer mandato- Vance podr\u00eda dar un paso adelante y tomar las riendas del movimiento MAGA (<\/span><\/span><em><span><span class=\"VIpgJd-yAWNEb-VIpgJd-fmcmS-sn54Q\">Make America Great Again<\/span><\/span><\/em><span><span class=\"VIpgJd-yAWNEb-VIpgJd-fmcmS-sn54Q\">)<\/span><\/span><\/strong><span><span class=\"VIpgJd-yAWNEb-VIpgJd-fmcmS-sn54Q\">. Se ha convertido en el perfil polarizador y combativo que adoran las bases republicanas.<\/span><\/span><\/p>\n<p><span><span class=\"VIpgJd-yAWNEb-VIpgJd-fmcmS-sn54Q\">Cat\u00f3lico y ultraconservador, nacido en un peque\u00f1o pueblo de Ohio y autoerigido en representante del sue\u00f1o americano. Pese a ser un\u00a0<\/span><\/span><em><span><span class=\"VIpgJd-yAWNEb-VIpgJd-fmcmS-sn54Q\">hillbilly<\/span><\/span><\/em><span><span class=\"VIpgJd-yAWNEb-VIpgJd-fmcmS-sn54Q\">\u00a0t\u00edpico, ha sabido ser capaz de subir de escalera social y graduarse en la prestigiosa Universidad Yale.\u00a0<\/span><\/span><strong><span><span class=\"VIpgJd-yAWNEb-VIpgJd-fmcmS-sn54Q\">Vance se autodefine como un miembro de la derecha postliberal que aboga por el conservadurismo social y los valores de la familia tradicional<\/span><\/span><\/strong><span><span class=\"VIpgJd-yAWNEb-VIpgJd-fmcmS-sn54Q\"> . Est\u00e1 en contra del aborto, le gustar\u00eda que fuera ilegal en todo el pa\u00eds. Se opone al matrimonio homosexual, a la \u201clocura transg\u00e9nero\u201d y a la \u201ctiran\u00eda\u00a0<\/span><\/span><em><span><span class=\"VIpgJd-yAWNEb-VIpgJd-fmcmS-sn54Q\">woke\u201d<\/span><\/span><\/em><span><span class=\"VIpgJd-yAWNEb-VIpgJd-fmcmS-sn54Q\">\u00a0. Defiende por todos los medios el derecho a llevar armas y cree que no deber\u00edan estar reguladas.<\/span><\/span><\/p>\n<span class='bctt-click-to-tweet'><span class='bctt-ctt-text'><a href='https:\/\/twitter.com\/intent\/tweet?url=https%3A%2F%2Fconversesacatalunya.cat%2Fes%2Fideologos-detras-de-putin-y-trump%2F&#038;text=La%20rivalidad%20entre%20el%20Patriarca%20Kiril%20de%20Mosc%C3%BA%20y%20el%20Patriarca%20de%20Kiev%20forma%20parte%20del%20conflicto%20entre%20Rusia%20y%20Ucrania.&#038;via=conversesacat&#038;related=conversesacat' target='_blank'rel=\"noopener noreferrer\">La rivalidad entre el Patriarca Kiril de Mosc\u00fa y el Patriarca de Kiev forma parte del conflicto entre Rusia y Ucrania. <\/a><\/span><a href='https:\/\/twitter.com\/intent\/tweet?url=https%3A%2F%2Fconversesacatalunya.cat%2Fes%2Fideologos-detras-de-putin-y-trump%2F&#038;text=La%20rivalidad%20entre%20el%20Patriarca%20Kiril%20de%20Mosc%C3%BA%20y%20el%20Patriarca%20de%20Kiev%20forma%20parte%20del%20conflicto%20entre%20Rusia%20y%20Ucrania.&#038;via=conversesacat&#038;related=conversesacat' target='_blank' class='bctt-ctt-btn'rel=\"noopener noreferrer\">Compartir en X<\/a><\/span>\n<div id=\"polls-279\" class=\"wp-polls\">\n\t<form id=\"polls_form_279\" class=\"wp-polls-form\" action=\"\/index.php\" method=\"post\">\n\t\t<p style=\"display: none;\"><input type=\"hidden\" id=\"poll_279_nonce\" name=\"wp-polls-nonce\" value=\"61bf0455bb\" \/><\/p>\n\t\t<p style=\"display: none;\"><input type=\"hidden\" name=\"poll_id\" value=\"279\" \/><\/p>\n\t\t<p style=\"text-align: center\"><strong>Creus que des del punt de vista dels Estats Units est\u00e0 justificada la nova pol\u00edtica d'aranzels?<\/strong><\/p><div id=\"polls-279-ans\" class=\"wp-polls-ans\"><ul class=\"wp-polls-ul\">\n\t\t<li><input type=\"radio\" id=\"poll-answer-788\" name=\"poll_279\" value=\"788\" \/> <label for=\"poll-answer-788\">S\u00ed<\/label><\/li>\n\t\t<li><input type=\"radio\" id=\"poll-answer-789\" name=\"poll_279\" value=\"789\" \/> <label for=\"poll-answer-789\">No<\/label><\/li>\n\t\t<li><input type=\"radio\" id=\"poll-answer-790\" name=\"poll_279\" value=\"790\" \/> <label for=\"poll-answer-790\">No ho s\u00e9<\/label><\/li>\n\t\t<\/ul><p style=\"text-align: center\"><input type=\"button\" name=\"vote\" value=\"   Vota   \" class=\"Buttons\" onclick=\"poll_vote(279);\" \/><\/p><p style=\"text-align: center\"><a href=\"#ViewPollResults\" onclick=\"poll_result(279); return false;\" title=\"View Results Of This Poll\">Mira els resultats<\/a><\/p><\/div>\n\t<\/form>\n<\/div>\n<div id=\"polls-279-loading\" class=\"wp-polls-loading\"><img decoding=\"async\" data-src=\"https:\/\/conversesacatalunya.cat\/wp-content\/plugins\/wp-polls\/images\/loading.gif\" width=\"16\" height=\"16\" alt=\"Cargando ...\" title=\"Cargando ...\" class=\"wp-polls-image lazyload\" src=\"data:image\/svg+xml;base64,PHN2ZyB3aWR0aD0iMSIgaGVpZ2h0PSIxIiB4bWxucz0iaHR0cDovL3d3dy53My5vcmcvMjAwMC9zdmciPjwvc3ZnPg==\" style=\"--smush-placeholder-width: 16px; --smush-placeholder-aspect-ratio: 16\/16;\" \/>&nbsp;Cargando ...<\/div>\n\n","protected":false},"excerpt":{"rendered":"<p>El putinismo Tras 25 a\u00f1os en el poder, Putin est\u00e1 dejando un legado incomparable en la historia rusa, tanto en t\u00e9rminos de duraci\u00f3n personal al frente del poder m\u00e1ximo del pa\u00eds como de articulaci\u00f3n de un nuevo modelo de estado, el putinismo.\u00a0 \u00a0 El putinismo es un modelo pol\u00edtico muy nacionalista, con sue\u00f1os imperiales,\u00a0enterrador del comunismo, defensor de un liberalismo econ\u00f3mico que pasa por la connivencia con oligarcas, autocr\u00e1tico, intervencionista, que reclama para Rusia un estatus de gran potencia mundial. Es una autocracia particular con estructuras de estado s\u00f3lidas, bajo el f\u00e9rreo control de Putin, que funcionan con automatismo.\u00a0Por encima de todo, es\u00a0una f\u00f3rmula genuinamente rusa y en clave rusa. Expertos independientes indican que buena parte de la sociedad rusa se siente identificada. El putinismo tiene un importante contenido religioso. La Iglesia Ortodoxa Rusa bendice el putinismo.\u00a0Kiril, Patriarca de Mosc\u00fa y primate de la Iglesia Ortodoxa Rusa, ha sido durante mucho tiempo un oficial del KGB, la temida agencia de seguridad de la extinta URSS, al igual que Putin. Son amigos \u00edntimos. Putin es una persona religiosa. Bajo el liderazgo de Kiril, la Iglesia\u00a0Ortodoxa Rusa ha apoyado muchas de las pol\u00edticas del Kremlin, incluyendo la anexi\u00f3n de Crimea (2014) y la invasi\u00f3n de Ucrania (2022), que\u00a0Kiril califica de \u00abguerra santa\u00bb. La rivalidad entre el Patriarca Kiril de Mosc\u00fa y el Patriarca de Kiev forma parte del conflicto entre Rusia y Ucrania. Durante siglos, la Iglesia Ortodoxa Ucraniana estuvo bajo la jurisdicci\u00f3n del Patriarcado de Mosc\u00fa. Despu\u00e9s de la independencia de Ucrania en 1991, surgieron movimientos para establecer una iglesia ortodoxa ucraniana completamente separada de Rusia. En 2018 el Patriarca Ecum\u00e9nico de Constantinopla, Bartolom\u00e9 I, concedi\u00f3 la autocefalia a la Iglesia Ortodoxa de Ucrania, reconoci\u00e9ndola como independiente del Patriarcado de Mosc\u00fa. Esto supuso un fuerte golpe para Kiril y para el Kremlin, ya que significaba la p\u00e9rdida de control religioso sobre Ucrania. En 1991 la URSS dej\u00f3 de existir. Seg\u00fan Putin, \u00abel derrumbe de la URSS es el evento m\u00e1s desastroso del siglo veinte\u00bb.\u00a0Esta frase le define. El putinismo nace de la humillaci\u00f3n sufrida por Rusia durante la d\u00e9cada de los a\u00f1os noventa del siglo pasado, posteriores a 1991. Aqu\u00ed se encuentra un claro paralelismo con China. La China moderna es tambi\u00e9n una reacci\u00f3n en el siglo de humillaci\u00f3n que sufri\u00f3 por parte de occidentales y japoneses entre 1839 y 1949, a\u00f1o de creaci\u00f3n de la Rep\u00fablica Popular China. Putin ten\u00eda 39 a\u00f1os en 1991 y se sent\u00eda hu\u00e9rfano de la URSS. Entonces se dijo a s\u00ed mismo que nunca m\u00e1s deber\u00edan repetirse aquellos a\u00f1os de humillaci\u00f3n de la d\u00e9cada de los noventa, llenos de miseria, caos, mafias, privatizaciones fraudulentas y oligarcas aprovechados provenientes de la\u00a0nomenklatura\u00a0sovi\u00e9tica. Hab\u00eda que construir un nuevo estado y una nueva ciudadan\u00eda. Putin supo, primero, situarse como miembro de la administraci\u00f3n de la Rusia independiente. Despu\u00e9s jug\u00f3 la carta de superar el pasado del comunismo sovi\u00e9tico, as\u00ed como del posterior caos y descontrol propios de la \u00e9poca de Yeltsin. Resultado: mirada hacia un recuerdo edulcorado de la etapa imperial zarista, mezclada con el patriotismo de la Gran Guerra Patria 1941-45, y adaptada al modelo liberal capitalista globalizado. Con dos guindas: control personalista de todo el sistema y recuperaci\u00f3n del orgullo de potencia mundial. Los art\u00edfices del putinismo Vladislav Surkov Vladislav Surkov, nacido en 1964, pol\u00edtico y empresario ruso al que muchos denominan el \u00abcardenal gris del putinismo\u00bb, es considerado una de las figuras pol\u00edticas rusas m\u00e1s influyentes de las \u00faltimas d\u00e9cadas y principal art\u00edfice y verdadero \u00abarquitecto\u00bb del putinismo. El sistema est\u00e1 construido sobre el concepto de \u201cdemocracia soberana\u201d,\u00a0elaborado por Surkov, de car\u00e1cter al mismo tiempo \u201cdemocr\u00e1tico y autoritario\u201d. Se celebran elecciones, pero son controladas por la \u201cvertical de poder\u201d, concepto tambi\u00e9n inventado por Surkov, que significa estructura centralizada frente a la que se sit\u00faa Putin. Ha sido tambi\u00e9n el creador de la idea de \u00abmundo ruso\u00bb como articulaci\u00f3n contempor\u00e1nea del imperialismo ruso. As\u00ed expresaba su visi\u00f3n, asumida por el Kremlin, de cu\u00e1l debe ser el papel de Rusia en el arena internacional. Surkov pertenece al partido Rusia Unida, el partido de Putin. Ivan Ilyin Antes de Surkov, el pol\u00edtico y fil\u00f3sofo ruso Ivan Ilyin (1883-1954) era considerado el pensador ruso que m\u00e1s hab\u00eda inspirado a Putin sobre el poder, la patria rusa y su lugar en el mundo.\u00a0Ilyin ha sido el pilar sobre el que se ha sustentado la deriva mesi\u00e1nica de Putin tras la ca\u00edda de la URSS en 1991. Escribi\u00f3 un libro titulado \u201cNuestras tareas\u201d, donde se encuentra una exhortaci\u00f3n m\u00edstica en el destino imperial de Rusia y una severa cr\u00edtica a Occidente, al que considera \u00abresponsable de haber exportado el virus anticristiano a Rusia\u00bb, un Occidente que \u00abse gu\u00eda por un plan de odio y lujuria de poder\u00bb, Ilyin, como Putin, consideran que Ucrania no es una naci\u00f3n, sino una parte de la gran Rusia. Alejandro Duguin Una tercera personalidad que tambi\u00e9n ejerce una influencia notable sobre Putin es el fil\u00f3sofo pol\u00edtico e historiador de las religiones, Alejandro Duguin, nacido en 1962 en Mosc\u00fa.\u00a0Afirma que Rusia tiene el deber hist\u00f3rico de unir el imperio eurasi\u00e1tico, de lo que Duguin ha escrito que \u00abes capaz de luchar con \u00e9xito contra el mundo occidental dirigido por Estados Unidos\u00bb. Cree que Eurasia y el mundo necesitan un l\u00edder autoritario post democr\u00e1tico que supere el choque de civilizaciones y represente la tercera v\u00eda entre Occidente liberal y Oriente iliberal. \u00abNosotros los conservadores queremos un Estado fuerte y s\u00f3lido, queremos orden y una familia sana, valores positivos, el refuerzo de la importancia de la religi\u00f3n y de la iglesia en la sociedad\u00bb. El trumpismo y sus art\u00edfices Curtis Yarvin i Nick Land Uno de los intelectuales y pol\u00edticos m\u00e1s influyentes del trumpismo es el ingeniero computacional estadounidense, Curtis Yarvin.\u00a0\u00c9l cree que debe superarse la democracia actual de Estados Unidos y que s\u00f3lo la figura de un monarca o de un CEO (Chief Executive Officer)\u00a0 nacional puede salvar al pa\u00eds. Yarvin forma pareja de pensamientos con el fil\u00f3sofo ingl\u00e9s Nick Land. Son las dos eminencias de un movimiento&#8230;<\/p>\n","protected":false},"author":38,"featured_media":87232,"comment_status":"open","ping_status":"open","sticky":false,"template":"","format":"standard","meta":{"_FSMCFIC_featured_image_caption":"","_FSMCFIC_featured_image_nocaption":"","_FSMCFIC_featured_image_hide":"","footnotes":""},"categories":[798],"tags":[5172,2649,3169],"class_list":["post-87260","post","type-post","status-publish","format-standard","has-post-thumbnail","hentry","category-pro-europa-es","tag-jd-vance-es","tag-putin-es","tag-vladimir-putin-es"],"yoast_head":"<!-- This site is optimized with the Yoast SEO plugin v26.8 - https:\/\/yoast.com\/product\/yoast-seo-wordpress\/ -->\n<title>Ide\u00f3logos detr\u00e1s de Putin y Trump - Converses a Catalunya<\/title>\n<meta name=\"description\" content=\"El putinismo es un modelo pol\u00edtico muy nacionalista, con sue\u00f1os imperiales,\u00a0enterrador del comunismo, defensor de un liberalismo econ\u00f3mico\" \/>\n<meta name=\"robots\" content=\"index, follow, max-snippet:-1, max-image-preview:large, max-video-preview:-1\" \/>\n<link rel=\"canonical\" href=\"https:\/\/conversesacatalunya.cat\/?p=87219\" \/>\n<meta property=\"og:locale\" content=\"es_ES\" \/>\n<meta property=\"og:type\" content=\"article\" \/>\n<meta property=\"og:title\" content=\"Ide\u00f3logos detr\u00e1s de Putin y Trump - Converses a Catalunya\" \/>\n<meta property=\"og:description\" content=\"El putinismo es un modelo pol\u00edtico muy nacionalista, con sue\u00f1os imperiales,\u00a0enterrador del comunismo, defensor de un liberalismo econ\u00f3mico\" \/>\n<meta property=\"og:url\" content=\"https:\/\/conversesacatalunya.cat\/?p=87219\" \/>\n<meta property=\"og:site_name\" content=\"Converses a Catalunya\" \/>\n<meta property=\"article:published_time\" content=\"2025-04-10T07:00:07+00:00\" \/>\n<meta property=\"og:image\" content=\"https:\/\/conversesacatalunya.cat\/wp-content\/uploads\/2025\/04\/selfie-898367_640.jpg\" \/>\n\t<meta property=\"og:image:width\" content=\"640\" \/>\n\t<meta property=\"og:image:height\" content=\"459\" \/>\n\t<meta property=\"og:image:type\" content=\"image\/jpeg\" \/>\n<meta name=\"author\" content=\"Victor Pou\" \/>\n<meta name=\"twitter:card\" content=\"summary_large_image\" \/>\n<meta name=\"twitter:label1\" content=\"Escrito por\" \/>\n\t<meta name=\"twitter:data1\" content=\"Victor Pou\" \/>\n\t<meta name=\"twitter:label2\" content=\"Tiempo de lectura\" \/>\n\t<meta name=\"twitter:data2\" content=\"9 minutos\" \/>\n<script type=\"application\/ld+json\" class=\"yoast-schema-graph\">{\"@context\":\"https:\/\/schema.org\",\"@graph\":[{\"@type\":\"Article\",\"@id\":\"https:\/\/conversesacatalunya.cat\/?p=87219#article\",\"isPartOf\":{\"@id\":\"https:\/\/conversesacatalunya.cat\/?p=87219\"},\"author\":{\"name\":\"Victor Pou\",\"@id\":\"https:\/\/conversesacatalunya.cat\/#\/schema\/person\/1b0082ee920b837be791bee630d460b2\"},\"headline\":\"Ide\u00f3logos detr\u00e1s de Putin y Trump\",\"datePublished\":\"2025-04-10T07:00:07+00:00\",\"mainEntityOfPage\":{\"@id\":\"https:\/\/conversesacatalunya.cat\/?p=87219\"},\"wordCount\":1730,\"commentCount\":0,\"image\":{\"@id\":\"https:\/\/conversesacatalunya.cat\/?p=87219#primaryimage\"},\"thumbnailUrl\":\"https:\/\/conversesacatalunya.cat\/wp-content\/uploads\/2025\/04\/selfie-898367_640.jpg\",\"keywords\":[\"JD Vance\",\"Putin\",\"Vladimir Putin\"],\"articleSection\":[\"Pro Europa (ES)\"],\"inLanguage\":\"es\",\"potentialAction\":[{\"@type\":\"CommentAction\",\"name\":\"Comment\",\"target\":[\"https:\/\/conversesacatalunya.cat\/?p=87219#respond\"]}]},{\"@type\":\"WebPage\",\"@id\":\"https:\/\/conversesacatalunya.cat\/?p=87219\",\"url\":\"https:\/\/conversesacatalunya.cat\/?p=87219\",\"name\":\"Ide\u00f3logos detr\u00e1s de Putin y Trump - Converses a Catalunya\",\"isPartOf\":{\"@id\":\"https:\/\/conversesacatalunya.cat\/#website\"},\"primaryImageOfPage\":{\"@id\":\"https:\/\/conversesacatalunya.cat\/?p=87219#primaryimage\"},\"image\":{\"@id\":\"https:\/\/conversesacatalunya.cat\/?p=87219#primaryimage\"},\"thumbnailUrl\":\"https:\/\/conversesacatalunya.cat\/wp-content\/uploads\/2025\/04\/selfie-898367_640.jpg\",\"datePublished\":\"2025-04-10T07:00:07+00:00\",\"author\":{\"@id\":\"https:\/\/conversesacatalunya.cat\/#\/schema\/person\/1b0082ee920b837be791bee630d460b2\"},\"description\":\"El putinismo es un modelo pol\u00edtico muy nacionalista, con sue\u00f1os imperiales,\u00a0enterrador del comunismo, defensor de un liberalismo econ\u00f3mico\",\"breadcrumb\":{\"@id\":\"https:\/\/conversesacatalunya.cat\/?p=87219#breadcrumb\"},\"inLanguage\":\"es\",\"potentialAction\":[{\"@type\":\"ReadAction\",\"target\":[\"https:\/\/conversesacatalunya.cat\/?p=87219\"]}]},{\"@type\":\"ImageObject\",\"inLanguage\":\"es\",\"@id\":\"https:\/\/conversesacatalunya.cat\/?p=87219#primaryimage\",\"url\":\"https:\/\/conversesacatalunya.cat\/wp-content\/uploads\/2025\/04\/selfie-898367_640.jpg\",\"contentUrl\":\"https:\/\/conversesacatalunya.cat\/wp-content\/uploads\/2025\/04\/selfie-898367_640.jpg\",\"width\":640,\"height\":459,\"caption\":\"putinisme\"},{\"@type\":\"BreadcrumbList\",\"@id\":\"https:\/\/conversesacatalunya.cat\/?p=87219#breadcrumb\",\"itemListElement\":[{\"@type\":\"ListItem\",\"position\":1,\"name\":\"Inici\",\"item\":\"https:\/\/conversesacatalunya.cat\/es\/\"},{\"@type\":\"ListItem\",\"position\":2,\"name\":\"Ide\u00f3logos detr\u00e1s de Putin y Trump\"}]},{\"@type\":\"WebSite\",\"@id\":\"https:\/\/conversesacatalunya.cat\/#website\",\"url\":\"https:\/\/conversesacatalunya.cat\/\",\"name\":\"Converses a Catalunya\",\"description\":\"\",\"potentialAction\":[{\"@type\":\"SearchAction\",\"target\":{\"@type\":\"EntryPoint\",\"urlTemplate\":\"https:\/\/conversesacatalunya.cat\/?s={search_term_string}\"},\"query-input\":{\"@type\":\"PropertyValueSpecification\",\"valueRequired\":true,\"valueName\":\"search_term_string\"}}],\"inLanguage\":\"es\"},{\"@type\":\"Person\",\"@id\":\"https:\/\/conversesacatalunya.cat\/#\/schema\/person\/1b0082ee920b837be791bee630d460b2\",\"name\":\"Victor Pou\",\"image\":{\"@type\":\"ImageObject\",\"inLanguage\":\"es\",\"@id\":\"https:\/\/conversesacatalunya.cat\/#\/schema\/person\/image\/\",\"url\":\"https:\/\/conversesacatalunya.cat\/wp-content\/litespeed\/avatar\/b9b32a5f987117ce72836d050f735d2b.jpg?ver=1777366285\",\"contentUrl\":\"https:\/\/conversesacatalunya.cat\/wp-content\/litespeed\/avatar\/b9b32a5f987117ce72836d050f735d2b.jpg?ver=1777366285\",\"caption\":\"Victor Pou\"},\"url\":\"https:\/\/conversesacatalunya.cat\/es\/author\/victor_pou\/\"}]}<\/script>\n<!-- \/ Yoast SEO plugin. -->","yoast_head_json":{"title":"Ide\u00f3logos detr\u00e1s de Putin y Trump - Converses a Catalunya","description":"El putinismo es un modelo pol\u00edtico muy nacionalista, con sue\u00f1os imperiales,\u00a0enterrador del comunismo, defensor de un liberalismo econ\u00f3mico","robots":{"index":"index","follow":"follow","max-snippet":"max-snippet:-1","max-image-preview":"max-image-preview:large","max-video-preview":"max-video-preview:-1"},"canonical":"https:\/\/conversesacatalunya.cat\/?p=87219","og_locale":"es_ES","og_type":"article","og_title":"Ide\u00f3logos detr\u00e1s de Putin y Trump - Converses a Catalunya","og_description":"El putinismo es un modelo pol\u00edtico muy nacionalista, con sue\u00f1os imperiales,\u00a0enterrador del comunismo, defensor de un liberalismo econ\u00f3mico","og_url":"https:\/\/conversesacatalunya.cat\/?p=87219","og_site_name":"Converses a Catalunya","article_published_time":"2025-04-10T07:00:07+00:00","og_image":[{"width":640,"height":459,"url":"https:\/\/conversesacatalunya.cat\/wp-content\/uploads\/2025\/04\/selfie-898367_640.jpg","type":"image\/jpeg"}],"author":"Victor Pou","twitter_card":"summary_large_image","twitter_misc":{"Escrito por":"Victor Pou","Tiempo de lectura":"9 minutos"},"schema":{"@context":"https:\/\/schema.org","@graph":[{"@type":"Article","@id":"https:\/\/conversesacatalunya.cat\/?p=87219#article","isPartOf":{"@id":"https:\/\/conversesacatalunya.cat\/?p=87219"},"author":{"name":"Victor Pou","@id":"https:\/\/conversesacatalunya.cat\/#\/schema\/person\/1b0082ee920b837be791bee630d460b2"},"headline":"Ide\u00f3logos detr\u00e1s de Putin y Trump","datePublished":"2025-04-10T07:00:07+00:00","mainEntityOfPage":{"@id":"https:\/\/conversesacatalunya.cat\/?p=87219"},"wordCount":1730,"commentCount":0,"image":{"@id":"https:\/\/conversesacatalunya.cat\/?p=87219#primaryimage"},"thumbnailUrl":"https:\/\/conversesacatalunya.cat\/wp-content\/uploads\/2025\/04\/selfie-898367_640.jpg","keywords":["JD Vance","Putin","Vladimir Putin"],"articleSection":["Pro Europa (ES)"],"inLanguage":"es","potentialAction":[{"@type":"CommentAction","name":"Comment","target":["https:\/\/conversesacatalunya.cat\/?p=87219#respond"]}]},{"@type":"WebPage","@id":"https:\/\/conversesacatalunya.cat\/?p=87219","url":"https:\/\/conversesacatalunya.cat\/?p=87219","name":"Ide\u00f3logos detr\u00e1s de Putin y Trump - Converses a Catalunya","isPartOf":{"@id":"https:\/\/conversesacatalunya.cat\/#website"},"primaryImageOfPage":{"@id":"https:\/\/conversesacatalunya.cat\/?p=87219#primaryimage"},"image":{"@id":"https:\/\/conversesacatalunya.cat\/?p=87219#primaryimage"},"thumbnailUrl":"https:\/\/conversesacatalunya.cat\/wp-content\/uploads\/2025\/04\/selfie-898367_640.jpg","datePublished":"2025-04-10T07:00:07+00:00","author":{"@id":"https:\/\/conversesacatalunya.cat\/#\/schema\/person\/1b0082ee920b837be791bee630d460b2"},"description":"El putinismo es un modelo pol\u00edtico muy nacionalista, con sue\u00f1os imperiales,\u00a0enterrador del comunismo, defensor de un liberalismo econ\u00f3mico","breadcrumb":{"@id":"https:\/\/conversesacatalunya.cat\/?p=87219#breadcrumb"},"inLanguage":"es","potentialAction":[{"@type":"ReadAction","target":["https:\/\/conversesacatalunya.cat\/?p=87219"]}]},{"@type":"ImageObject","inLanguage":"es","@id":"https:\/\/conversesacatalunya.cat\/?p=87219#primaryimage","url":"https:\/\/conversesacatalunya.cat\/wp-content\/uploads\/2025\/04\/selfie-898367_640.jpg","contentUrl":"https:\/\/conversesacatalunya.cat\/wp-content\/uploads\/2025\/04\/selfie-898367_640.jpg","width":640,"height":459,"caption":"putinisme"},{"@type":"BreadcrumbList","@id":"https:\/\/conversesacatalunya.cat\/?p=87219#breadcrumb","itemListElement":[{"@type":"ListItem","position":1,"name":"Inici","item":"https:\/\/conversesacatalunya.cat\/es\/"},{"@type":"ListItem","position":2,"name":"Ide\u00f3logos detr\u00e1s de Putin y Trump"}]},{"@type":"WebSite","@id":"https:\/\/conversesacatalunya.cat\/#website","url":"https:\/\/conversesacatalunya.cat\/","name":"Converses a Catalunya","description":"","potentialAction":[{"@type":"SearchAction","target":{"@type":"EntryPoint","urlTemplate":"https:\/\/conversesacatalunya.cat\/?s={search_term_string}"},"query-input":{"@type":"PropertyValueSpecification","valueRequired":true,"valueName":"search_term_string"}}],"inLanguage":"es"},{"@type":"Person","@id":"https:\/\/conversesacatalunya.cat\/#\/schema\/person\/1b0082ee920b837be791bee630d460b2","name":"Victor Pou","image":{"@type":"ImageObject","inLanguage":"es","@id":"https:\/\/conversesacatalunya.cat\/#\/schema\/person\/image\/","url":"https:\/\/conversesacatalunya.cat\/wp-content\/litespeed\/avatar\/b9b32a5f987117ce72836d050f735d2b.jpg?ver=1777366285","contentUrl":"https:\/\/conversesacatalunya.cat\/wp-content\/litespeed\/avatar\/b9b32a5f987117ce72836d050f735d2b.jpg?ver=1777366285","caption":"Victor Pou"},"url":"https:\/\/conversesacatalunya.cat\/es\/author\/victor_pou\/"}]}},"wps_subtitle":"Putin supo, primero, situarse como miembro de la administraci\u00f3n de la Rusia independiente. Despu\u00e9s jug\u00f3 la carta de superar el pasado del comunismo sovi\u00e9tico, as\u00ed como del posterior caos y descontrol propios de la \u00e9poca de Yeltsin.","_links":{"self":[{"href":"https:\/\/conversesacatalunya.cat\/es\/wp-json\/wp\/v2\/posts\/87260","targetHints":{"allow":["GET"]}}],"collection":[{"href":"https:\/\/conversesacatalunya.cat\/es\/wp-json\/wp\/v2\/posts"}],"about":[{"href":"https:\/\/conversesacatalunya.cat\/es\/wp-json\/wp\/v2\/types\/post"}],"author":[{"embeddable":true,"href":"https:\/\/conversesacatalunya.cat\/es\/wp-json\/wp\/v2\/users\/38"}],"replies":[{"embeddable":true,"href":"https:\/\/conversesacatalunya.cat\/es\/wp-json\/wp\/v2\/comments?post=87260"}],"version-history":[{"count":9,"href":"https:\/\/conversesacatalunya.cat\/es\/wp-json\/wp\/v2\/posts\/87260\/revisions"}],"predecessor-version":[{"id":87261,"href":"https:\/\/conversesacatalunya.cat\/es\/wp-json\/wp\/v2\/posts\/87260\/revisions\/87261"}],"wp:featuredmedia":[{"embeddable":true,"href":"https:\/\/conversesacatalunya.cat\/es\/wp-json\/wp\/v2\/media\/87232"}],"wp:attachment":[{"href":"https:\/\/conversesacatalunya.cat\/es\/wp-json\/wp\/v2\/media?parent=87260"}],"wp:term":[{"taxonomy":"category","embeddable":true,"href":"https:\/\/conversesacatalunya.cat\/es\/wp-json\/wp\/v2\/categories?post=87260"},{"taxonomy":"post_tag","embeddable":true,"href":"https:\/\/conversesacatalunya.cat\/es\/wp-json\/wp\/v2\/tags?post=87260"}],"curies":[{"name":"wp","href":"https:\/\/api.w.org\/{rel}","templated":true}]}}