{"id":87151,"date":"2025-04-08T11:10:19","date_gmt":"2025-04-08T09:10:19","guid":{"rendered":"https:\/\/conversesacatalunya.cat\/?p=87151"},"modified":"2025-04-09T08:48:34","modified_gmt":"2025-04-09T06:48:34","slug":"cataluna-desastre-demografico-la-inmigracion","status":"publish","type":"post","link":"https:\/\/conversesacatalunya.cat\/es\/cataluna-desastre-demografico-la-inmigracion\/","title":{"rendered":"Catalu\u00f1a, desastre demogr\u00e1fico. La Generalitat impasible el gesto (5)"},"content":{"rendered":"<p><span><span class=\"VIpgJd-yAWNEb-VIpgJd-fmcmS-sn54Q\">Ante el estancamiento natural, la\u00a0<\/span><\/span><strong><span><span class=\"VIpgJd-yAWNEb-VIpgJd-fmcmS-sn54Q\">inmigraci\u00f3n<\/span><\/span><\/strong><span><span class=\"VIpgJd-yAWNEb-VIpgJd-fmcmS-sn54Q\">\u00a0ha sido el factor que ha permitido que la poblaci\u00f3n catalana siga creciendo (o al menos no disminuya) desde 2010. Catalu\u00f1a ha recibido importantes\u00a0<\/span><\/span><strong><span><span class=\"VIpgJd-yAWNEb-VIpgJd-fmcmS-sn54Q\">flujos migratorios<\/span><\/span><\/strong><span><span class=\"VIpgJd-yAWNEb-VIpgJd-fmcmS-sn54Q\">\u00a0en las \u00faltimas d\u00e9cadas, con dos grandes oleadas: una antes de la crisis de 2008 y otra a partir de mediados de la d\u00e9cada de 2010.<\/span><\/span><\/p>\n<p><span>En la primera d\u00e9cada del siglo XXI, llegaron m\u00e1s de\u00a0<\/span><strong><span>un mill\u00f3n de inmigrantes<\/span><\/strong><span>\u00a0a Catalu\u00f1a, contribuyendo a aproximadamente el 92% del crecimiento poblacional de esos a\u00f1os. Tras un par\u00e9ntesis durante la Gran Recesi\u00f3n (cuando incluso hubo emigraci\u00f3n limpia algunos a\u00f1os, como en el 2013, con un saldo migratorio de \u201353.000 personas), la inmigraci\u00f3n internacional volvi\u00f3 con fuerza.<\/span><\/p>\n<p><span><span class=\"VIpgJd-yAWNEb-VIpgJd-fmcmS-sn54Q\">Desde 2015, la comunidad gana poblaci\u00f3n gracias a saldos migratorios positivos: por ejemplo, en\u00a0<\/span><\/span><strong><span><span class=\"VIpgJd-yAWNEb-VIpgJd-fmcmS-sn54Q\">2018 el saldo migratorio fue de +79.204 personas<\/span><\/span><\/strong><span><span class=\"VIpgJd-yAWNEb-VIpgJd-fmcmS-sn54Q\">\u00a0y en\u00a0<\/span><\/span><strong><span><span class=\"VIpgJd-yAWNEb-VIpgJd-fmcmS-sn54Q\">2019 alcanz\u00f3 +105.866<\/span><\/span><\/strong><span><span class=\"VIpgJd-yAWNEb-VIpgJd-fmcmS-sn54Q\">,\u00a0impulsando el crecimiento total a pesar del saldo natural negativo. Incluso despu\u00e9s de la interrupci\u00f3n de la pandemia (que fren\u00f3 las llegadas en el 2020-2021), en el\u00a0<\/span><\/span><strong><span><span class=\"VIpgJd-yAWNEb-VIpgJd-fmcmS-sn54Q\">2022 Catalu\u00f1a recibi\u00f3 un r\u00e9cord de +152.681 migrantes netos<\/span><\/span><\/strong><span><span class=\"VIpgJd-yAWNEb-VIpgJd-fmcmS-sn54Q\">\u00a0(entradas menos salidas), explicando pr\u00e1cticamente todo el crecimiento poblacional de ese a\u00f1o.<\/span><\/span><\/p>\n<h5><strong><span>Gracias a la inmigraci\u00f3n, Catalu\u00f1a super\u00f3 los 8 millones de habitantes en el 2023, marcando un nuevo m\u00e1ximo hist\u00f3rico, lo que no habr\u00eda ocurrido solo con la din\u00e1mica natural.<\/span><\/strong><\/h5>\n<p><span>La\u00a0<\/span><a href=\"https:\/\/conversesacatalunya.cat\/es\/futuro-de-cataluna-iii-la-inmigracion\/\" target=\"_blank\" rel=\"noopener\"><strong><span>magnitud de la inmigraci\u00f3n<\/span><\/strong><\/a><span>\u00a0se refleja en la composici\u00f3n de la actual sociedad catalana. Hoy, m\u00e1s del\u00a0<\/span><strong><span>16% de la poblaci\u00f3n<\/span><\/strong><span>\u00a0de Catalu\u00f1a tiene nacionalidad extranjera, y si contamos tambi\u00e9n los ya nacionalizados, un\u00a0<\/span><strong><span>23% de los residentes nacieron fuera de Espa\u00f1a<\/span><\/strong><span>.\u00a0Estas cifras contrastan fuertemente con las de una generaci\u00f3n atr\u00e1s (a inicios de los 90, los nacidos en el extranjero eran menos del 2% de la poblaci\u00f3n).<\/span><\/p>\n<p><span><span class=\"VIpgJd-yAWNEb-VIpgJd-fmcmS-sn54Q\">Tambi\u00e9n\u00a0<\/span><\/span><strong><span><span class=\"VIpgJd-yAWNEb-VIpgJd-fmcmS-sn54Q\">1 de cada 3 nacimientos en Catalu\u00f1a es actualmente de madre extranjera<\/span><\/span><\/strong><span><span class=\"VIpgJd-yAWNEb-VIpgJd-fmcmS-sn54Q\">,\u00a0lo que indica que la poblaci\u00f3n inmigrante joven contribuye notablemente a los nacimientos que s\u00ed se producen. En municipios como Salt o algunos de la costa, la mayor\u00eda de nuevos beb\u00e9s son de padres for\u00e1neos. Sin el aporte de la inmigraci\u00f3n joven, el declive de los nacimientos ser\u00eda a\u00fan m\u00e1s acusado y el envejecimiento m\u00e1s pronunciado. En este sentido, la inmigraci\u00f3n ha\u00a0<\/span><\/span><strong><span><span class=\"VIpgJd-yAWNEb-VIpgJd-fmcmS-sn54Q\">mitigado parcialmente el envejecimiento<\/span><\/span><\/strong><span><span class=\"VIpgJd-yAWNEb-VIpgJd-fmcmS-sn54Q\">\u00a0(solo el 5% de los extranjeros residentes tiene m\u00e1s de 65 a\u00f1os, frente al 19% en el conjunto de la poblaci\u00f3n) y ha aportado mano de obra a la econom\u00eda.<\/span><\/span><\/p>\n<h5><strong><span><span class=\"VIpgJd-yAWNEb-VIpgJd-fmcmS-sn54Q\">Sin embargo, estos beneficios demogr\u00e1ficos vienen acompa\u00f1ados de desaf\u00edos en t\u00e9rminos de inclusi\u00f3n social y servicios p\u00fablicos.<\/span><\/span><\/strong><\/h5>\n<p><span><span class=\"VIpgJd-yAWNEb-VIpgJd-fmcmS-sn54Q\">La llegada masiva de poblaci\u00f3n for\u00e1nea\u00a0<\/span><\/span><strong><span><span class=\"VIpgJd-yAWNEb-VIpgJd-fmcmS-sn54Q\">plantea retos de integraci\u00f3n<\/span><\/span><\/strong><span><span class=\"VIpgJd-yAWNEb-VIpgJd-fmcmS-sn54Q\">\u00a0cultural y ling\u00fc\u00edstica: Catalu\u00f1a \u00abya es diversa hoy\u00bb y debe afrontar la convivencia de personas de or\u00edgenes muy diferentes.<\/span><\/span><\/p>\n<p><span><span class=\"VIpgJd-yAWNEb-VIpgJd-fmcmS-sn54Q\">Por ejemplo, muchos reci\u00e9n llegados desconocen la lengua catalana, lo que exige un esfuerzo extra de las escuelas y de la Generalitat por facilitar su integraci\u00f3n ling\u00fc\u00edstica.\u00a0<\/span><\/span><strong><span><span class=\"VIpgJd-yAWNEb-VIpgJd-fmcmS-sn54Q\">En educaci\u00f3n<\/span><\/span><\/strong><span><span class=\"VIpgJd-yAWNEb-VIpgJd-fmcmS-sn54Q\">,\u00a0la\u00a0<\/span><\/span><strong><span><span class=\"VIpgJd-yAWNEb-VIpgJd-fmcmS-sn54Q\">matr\u00edcula escolar<\/span><\/span><\/strong><span><span class=\"VIpgJd-yAWNEb-VIpgJd-fmcmS-sn54Q\">\u00a0debe adaptarse a barrios con un alto porcentaje de hijos de inmigrantes, asegurando recursos para alumnos que quiz\u00e1s no hablan la lengua local en casa.\u00a0<\/span><\/span><strong><span><span class=\"VIpgJd-yAWNEb-VIpgJd-fmcmS-sn54Q\">En sanidad<\/span><\/span><\/strong><span><span class=\"VIpgJd-yAWNEb-VIpgJd-fmcmS-sn54Q\">, el aumento r\u00e1pido de poblaci\u00f3n presiona la capacidad de los ambulatorios y hospitales, que deben atender a m\u00e1s usuarios y a veces con necesidades espec\u00edficas (como mediadores culturales, etc.).<\/span><\/span><\/p>\n<p><span><span class=\"VIpgJd-yAWNEb-VIpgJd-fmcmS-sn54Q\">Asimismo, el\u00a0<\/span><\/span><strong><span><span class=\"VIpgJd-yAWNEb-VIpgJd-fmcmS-sn54Q\">acceso a la vivienda<\/span><\/span><\/strong><span><span class=\"VIpgJd-yAWNEb-VIpgJd-fmcmS-sn54Q\">\u00a0se ha vuelto cr\u00edtico: la demanda a\u00f1adida de pisos de alquiler por parte de nuevos residentes ha tensado el mercado inmobiliario, sobre todo en el \u00e1rea de Barcelona. J\u00f3venes locales e inmigrantes compiten por alquileres limitados, lo que hace subir los precios y dificulta la emancipaci\u00f3n. Sin suficientes pol\u00edticas de vivienda asequible, la elevada inmigraci\u00f3n puede agravar los problemas de alojamiento precario o de hacinamiento para familias trabajadoras.<\/span><\/span><\/p>\n<p><strong><span><span class=\"VIpgJd-yAWNEb-VIpgJd-fmcmS-sn54Q\">En t\u00e9rminos de empleo y productividad, integrar plenamente a los inmigrantes es clave:<\/span><\/span><\/strong><span><span class=\"VIpgJd-yAWNEb-VIpgJd-fmcmS-sn54Q\">\u00a0muchos llegan en edad laboral y pueden contribuir al crecimiento econ\u00f3mico, pero a menudo se encuentran con trabajos de baja cualificaci\u00f3n o informalidad.<\/span><\/span><\/p>\n<p><span>La\u00a0<\/span><strong><span>productividad futura<\/span><\/strong><span>\u00a0de Catalu\u00f1a depender\u00e1 en parte de c\u00f3mo se capacite y se incorpore dignamente esta mano de obra inmigrante. Si quedan relegados a trabajos poco cualificados, la econom\u00eda desperdiciar\u00e1 su potencial; pero si\u00a0<\/span><strong><span>se invierte en su formaci\u00f3n e inserci\u00f3n,<\/span><\/strong><span>\u00a0pueden paliar el declive de la fuerza laboral nativa por envejecimiento.<\/span><\/p>\n<p><span><span class=\"VIpgJd-yAWNEb-VIpgJd-fmcmS-sn54Q\">El mal estado del sistema educativo de Catalu\u00f1a, unido a la escasez de ayudas a las familias con hijos, tiene como consecuencia que el ascensor social no funciona, y esto, unido al problema estructural de la vivienda, hace dif\u00edcil que\u00a0<\/span><\/span><strong><span><span class=\"VIpgJd-yAWNEb-VIpgJd-fmcmS-sn54Q\">los hijos de la inmigraci\u00f3n nacidos en Catalu\u00f1a<\/span><\/span><\/strong><span><span class=\"VIpgJd-yAWNEb-VIpgJd-fmcmS-sn54Q\">\u00a0puedan mejorar sustancialmente su capital humano y alcanzar mayores niveles de productividad y renta.<\/span><\/span><\/p>\n<p><span>En resumen, la inmigraci\u00f3n desde 2010 ha sido una\u00a0<\/span><strong><span>burbuja de ox\u00edgeno demogr\u00e1fico<\/span><\/strong><span>\u00a0para Catalu\u00f1a \u2013compensando el d\u00e9ficit de nacimientos y rejuveneciendo un poco la poblaci\u00f3n\u2013, pero conlleva\u00a0<\/span><strong><span>importantes retos sociales, que no solo no est\u00e1n resueltos, sino que se acent\u00faan cr\u00edticamente, <\/span><\/strong>y que, si no se resuelven, pueden dar lugar a la <em>guetizaci\u00f3n<\/em> de determinados barrios y a la expansi\u00f3n del crimen organizado, como ya ha ocurrido <strong><span>en Francia, en los Pa\u00edses Bajos con la Mocro Mafia y en Suecia, <\/span><\/strong>a pesar de disponer de estados de bienestar mucho m\u00e1s robustos que el catal\u00e1n.<\/p>\n<p><span>El equilibrio entre aprovechar la aportaci\u00f3n de poblaci\u00f3n joven extranjera y garantizar su plena integraci\u00f3n (en lengua, educaci\u00f3n, ocupaci\u00f3n y acceso a servicios) es uno de los desaf\u00edos de planificaci\u00f3n m\u00e1s urgentes para las autoridades catalanas.<\/span><\/p>\n<h5><a href=\"https:\/\/conversesacatalunya.cat\/es\/cataluna-desastre-demografico-envejecimiento-sobreenvejecimiento\/\" target=\"_blank\" rel=\"noopener\"><strong>Catalu\u00f1a, desastre demogr\u00e1fico. La Generalitat impasible el gesto (4)<\/strong><\/a><\/h5>\n<span class='bctt-click-to-tweet'><span class='bctt-ctt-text'><a href='https:\/\/twitter.com\/intent\/tweet?url=https%3A%2F%2Fconversesacatalunya.cat%2Fes%2Fcataluna-desastre-demografico-la-inmigracion%2F&#038;text=El%20equilibrio%20entre%20aprovechar%20la%20aportaci%C3%B3n%20de%20poblaci%C3%B3n%20joven%20extranjera%20y%20garantizar%20su%20plena%20integraci%C3%B3n%20es%20uno%20de%20los%20desaf%C3%ADos%20de%20planificaci%C3%B3n%20m%C3%A1s%20urgentes%20para%20las%20autoridades%20catalanas&#038;via=conversesacat&#038;related=conversesacat' target='_blank'rel=\"noopener noreferrer\">El equilibrio entre aprovechar la aportaci\u00f3n de poblaci\u00f3n joven extranjera y garantizar su plena integraci\u00f3n es uno de los desaf\u00edos de planificaci\u00f3n m\u00e1s urgentes para las autoridades catalanas <\/a><\/span><a href='https:\/\/twitter.com\/intent\/tweet?url=https%3A%2F%2Fconversesacatalunya.cat%2Fes%2Fcataluna-desastre-demografico-la-inmigracion%2F&#038;text=El%20equilibrio%20entre%20aprovechar%20la%20aportaci%C3%B3n%20de%20poblaci%C3%B3n%20joven%20extranjera%20y%20garantizar%20su%20plena%20integraci%C3%B3n%20es%20uno%20de%20los%20desaf%C3%ADos%20de%20planificaci%C3%B3n%20m%C3%A1s%20urgentes%20para%20las%20autoridades%20catalanas&#038;via=conversesacat&#038;related=conversesacat' target='_blank' class='bctt-ctt-btn'rel=\"noopener noreferrer\">Compartir en X<\/a><\/span>\n<div id=\"polls-279\" class=\"wp-polls\">\n\t<form id=\"polls_form_279\" class=\"wp-polls-form\" action=\"\/index.php\" method=\"post\">\n\t\t<p style=\"display: none;\"><input type=\"hidden\" id=\"poll_279_nonce\" name=\"wp-polls-nonce\" value=\"e5b0250c61\" \/><\/p>\n\t\t<p style=\"display: none;\"><input type=\"hidden\" name=\"poll_id\" value=\"279\" \/><\/p>\n\t\t<p style=\"text-align: center\"><strong>Creus que des del punt de vista dels Estats Units est\u00e0 justificada la nova pol\u00edtica d'aranzels?<\/strong><\/p><div id=\"polls-279-ans\" class=\"wp-polls-ans\"><ul class=\"wp-polls-ul\">\n\t\t<li><input type=\"radio\" id=\"poll-answer-788\" name=\"poll_279\" value=\"788\" \/> <label for=\"poll-answer-788\">S\u00ed<\/label><\/li>\n\t\t<li><input type=\"radio\" id=\"poll-answer-789\" name=\"poll_279\" value=\"789\" \/> <label for=\"poll-answer-789\">No<\/label><\/li>\n\t\t<li><input type=\"radio\" id=\"poll-answer-790\" name=\"poll_279\" value=\"790\" \/> <label for=\"poll-answer-790\">No ho s\u00e9<\/label><\/li>\n\t\t<\/ul><p style=\"text-align: center\"><input type=\"button\" name=\"vote\" value=\"   Vota   \" class=\"Buttons\" onclick=\"poll_vote(279);\" \/><\/p><p style=\"text-align: center\"><a href=\"#ViewPollResults\" onclick=\"poll_result(279); return false;\" title=\"View Results Of This Poll\">Mira els resultats<\/a><\/p><\/div>\n\t<\/form>\n<\/div>\n<div id=\"polls-279-loading\" class=\"wp-polls-loading\"><img decoding=\"async\" data-src=\"https:\/\/conversesacatalunya.cat\/wp-content\/plugins\/wp-polls\/images\/loading.gif\" width=\"16\" height=\"16\" alt=\"Cargando ...\" title=\"Cargando ...\" class=\"wp-polls-image lazyload\" src=\"data:image\/svg+xml;base64,PHN2ZyB3aWR0aD0iMSIgaGVpZ2h0PSIxIiB4bWxucz0iaHR0cDovL3d3dy53My5vcmcvMjAwMC9zdmciPjwvc3ZnPg==\" style=\"--smush-placeholder-width: 16px; --smush-placeholder-aspect-ratio: 16\/16;\" \/>&nbsp;Cargando ...<\/div>\n\n","protected":false},"excerpt":{"rendered":"<p>Ante el estancamiento natural, la\u00a0inmigraci\u00f3n\u00a0ha sido el factor que ha permitido que la poblaci\u00f3n catalana siga creciendo (o al menos no disminuya) desde 2010. Catalu\u00f1a ha recibido importantes\u00a0flujos migratorios\u00a0en las \u00faltimas d\u00e9cadas, con dos grandes oleadas: una antes de la crisis de 2008 y otra a partir de mediados de la d\u00e9cada de 2010. En la primera d\u00e9cada del siglo XXI, llegaron m\u00e1s de\u00a0un mill\u00f3n de inmigrantes\u00a0a Catalu\u00f1a, contribuyendo a aproximadamente el 92% del crecimiento poblacional de esos a\u00f1os. Tras un par\u00e9ntesis durante la Gran Recesi\u00f3n (cuando incluso hubo emigraci\u00f3n limpia algunos a\u00f1os, como en el 2013, con un saldo migratorio de \u201353.000 personas), la inmigraci\u00f3n internacional volvi\u00f3 con fuerza. Desde 2015, la comunidad gana poblaci\u00f3n gracias a saldos migratorios positivos: por ejemplo, en\u00a02018 el saldo migratorio fue de +79.204 personas\u00a0y en\u00a02019 alcanz\u00f3 +105.866,\u00a0impulsando el crecimiento total a pesar del saldo natural negativo. Incluso despu\u00e9s de la interrupci\u00f3n de la pandemia (que fren\u00f3 las llegadas en el 2020-2021), en el\u00a02022 Catalu\u00f1a recibi\u00f3 un r\u00e9cord de +152.681 migrantes netos\u00a0(entradas menos salidas), explicando pr\u00e1cticamente todo el crecimiento poblacional de ese a\u00f1o. Gracias a la inmigraci\u00f3n, Catalu\u00f1a super\u00f3 los 8 millones de habitantes en el 2023, marcando un nuevo m\u00e1ximo hist\u00f3rico, lo que no habr\u00eda ocurrido solo con la din\u00e1mica natural. La\u00a0magnitud de la inmigraci\u00f3n\u00a0se refleja en la composici\u00f3n de la actual sociedad catalana. Hoy, m\u00e1s del\u00a016% de la poblaci\u00f3n\u00a0de Catalu\u00f1a tiene nacionalidad extranjera, y si contamos tambi\u00e9n los ya nacionalizados, un\u00a023% de los residentes nacieron fuera de Espa\u00f1a.\u00a0Estas cifras contrastan fuertemente con las de una generaci\u00f3n atr\u00e1s (a inicios de los 90, los nacidos en el extranjero eran menos del 2% de la poblaci\u00f3n). Tambi\u00e9n\u00a01 de cada 3 nacimientos en Catalu\u00f1a es actualmente de madre extranjera,\u00a0lo que indica que la poblaci\u00f3n inmigrante joven contribuye notablemente a los nacimientos que s\u00ed se producen. En municipios como Salt o algunos de la costa, la mayor\u00eda de nuevos beb\u00e9s son de padres for\u00e1neos. Sin el aporte de la inmigraci\u00f3n joven, el declive de los nacimientos ser\u00eda a\u00fan m\u00e1s acusado y el envejecimiento m\u00e1s pronunciado. En este sentido, la inmigraci\u00f3n ha\u00a0mitigado parcialmente el envejecimiento\u00a0(solo el 5% de los extranjeros residentes tiene m\u00e1s de 65 a\u00f1os, frente al 19% en el conjunto de la poblaci\u00f3n) y ha aportado mano de obra a la econom\u00eda. Sin embargo, estos beneficios demogr\u00e1ficos vienen acompa\u00f1ados de desaf\u00edos en t\u00e9rminos de inclusi\u00f3n social y servicios p\u00fablicos. La llegada masiva de poblaci\u00f3n for\u00e1nea\u00a0plantea retos de integraci\u00f3n\u00a0cultural y ling\u00fc\u00edstica: Catalu\u00f1a \u00abya es diversa hoy\u00bb y debe afrontar la convivencia de personas de or\u00edgenes muy diferentes. Por ejemplo, muchos reci\u00e9n llegados desconocen la lengua catalana, lo que exige un esfuerzo extra de las escuelas y de la Generalitat por facilitar su integraci\u00f3n ling\u00fc\u00edstica.\u00a0En educaci\u00f3n,\u00a0la\u00a0matr\u00edcula escolar\u00a0debe adaptarse a barrios con un alto porcentaje de hijos de inmigrantes, asegurando recursos para alumnos que quiz\u00e1s no hablan la lengua local en casa.\u00a0En sanidad, el aumento r\u00e1pido de poblaci\u00f3n presiona la capacidad de los ambulatorios y hospitales, que deben atender a m\u00e1s usuarios y a veces con necesidades espec\u00edficas (como mediadores culturales, etc.). Asimismo, el\u00a0acceso a la vivienda\u00a0se ha vuelto cr\u00edtico: la demanda a\u00f1adida de pisos de alquiler por parte de nuevos residentes ha tensado el mercado inmobiliario, sobre todo en el \u00e1rea de Barcelona. J\u00f3venes locales e inmigrantes compiten por alquileres limitados, lo que hace subir los precios y dificulta la emancipaci\u00f3n. Sin suficientes pol\u00edticas de vivienda asequible, la elevada inmigraci\u00f3n puede agravar los problemas de alojamiento precario o de hacinamiento para familias trabajadoras. En t\u00e9rminos de empleo y productividad, integrar plenamente a los inmigrantes es clave:\u00a0muchos llegan en edad laboral y pueden contribuir al crecimiento econ\u00f3mico, pero a menudo se encuentran con trabajos de baja cualificaci\u00f3n o informalidad. La\u00a0productividad futura\u00a0de Catalu\u00f1a depender\u00e1 en parte de c\u00f3mo se capacite y se incorpore dignamente esta mano de obra inmigrante. Si quedan relegados a trabajos poco cualificados, la econom\u00eda desperdiciar\u00e1 su potencial; pero si\u00a0se invierte en su formaci\u00f3n e inserci\u00f3n,\u00a0pueden paliar el declive de la fuerza laboral nativa por envejecimiento. El mal estado del sistema educativo de Catalu\u00f1a, unido a la escasez de ayudas a las familias con hijos, tiene como consecuencia que el ascensor social no funciona, y esto, unido al problema estructural de la vivienda, hace dif\u00edcil que\u00a0los hijos de la inmigraci\u00f3n nacidos en Catalu\u00f1a\u00a0puedan mejorar sustancialmente su capital humano y alcanzar mayores niveles de productividad y renta. En resumen, la inmigraci\u00f3n desde 2010 ha sido una\u00a0burbuja de ox\u00edgeno demogr\u00e1fico\u00a0para Catalu\u00f1a \u2013compensando el d\u00e9ficit de nacimientos y rejuveneciendo un poco la poblaci\u00f3n\u2013, pero conlleva\u00a0importantes retos sociales, que no solo no est\u00e1n resueltos, sino que se acent\u00faan cr\u00edticamente, y que, si no se resuelven, pueden dar lugar a la guetizaci\u00f3n de determinados barrios y a la expansi\u00f3n del crimen organizado, como ya ha ocurrido en Francia, en los Pa\u00edses Bajos con la Mocro Mafia y en Suecia, a pesar de disponer de estados de bienestar mucho m\u00e1s robustos que el catal\u00e1n. El equilibrio entre aprovechar la aportaci\u00f3n de poblaci\u00f3n joven extranjera y garantizar su plena integraci\u00f3n (en lengua, educaci\u00f3n, ocupaci\u00f3n y acceso a servicios) es uno de los desaf\u00edos de planificaci\u00f3n m\u00e1s urgentes para las autoridades catalanas. Catalu\u00f1a, desastre demogr\u00e1fico. La Generalitat impasible el gesto (4)<\/p>\n","protected":false},"author":81,"featured_media":87149,"comment_status":"open","ping_status":"open","sticky":false,"template":"","format":"standard","meta":{"_FSMCFIC_featured_image_caption":"","_FSMCFIC_featured_image_nocaption":"","_FSMCFIC_featured_image_hide":"","footnotes":""},"categories":[806],"tags":[1677,1678],"class_list":["post-87151","post","type-post","status-publish","format-standard","has-post-thumbnail","hentry","category-punts-claus-del-dia-es","tag-immigracio-es","tag-inmigracion"],"yoast_head":"<!-- This site is optimized with the Yoast SEO plugin v26.8 - https:\/\/yoast.com\/product\/yoast-seo-wordpress\/ -->\n<title>Catalu\u00f1a, desastre demogr\u00e1fico. La Generalitat impasible el gesto (5) - Converses a Catalunya<\/title>\n<meta name=\"description\" content=\"Ante el estancamiento natural, la inmigraci\u00f3n ha sido el factor que ha permitido que la poblaci\u00f3n catalana siga creciendo desde 2010\" \/>\n<meta name=\"robots\" content=\"index, follow, max-snippet:-1, max-image-preview:large, max-video-preview:-1\" \/>\n<link rel=\"canonical\" href=\"https:\/\/conversesacatalunya.cat\/es\/cataluna-desastre-demografico-la-inmigracion\/\" \/>\n<meta property=\"og:locale\" content=\"es_ES\" \/>\n<meta property=\"og:type\" content=\"article\" \/>\n<meta property=\"og:title\" content=\"Catalu\u00f1a, desastre demogr\u00e1fico. La Generalitat impasible el gesto (5) - Converses a Catalunya\" \/>\n<meta property=\"og:description\" content=\"Ante el estancamiento natural, la inmigraci\u00f3n ha sido el factor que ha permitido que la poblaci\u00f3n catalana siga creciendo desde 2010\" \/>\n<meta property=\"og:url\" content=\"https:\/\/conversesacatalunya.cat\/es\/cataluna-desastre-demografico-la-inmigracion\/\" \/>\n<meta property=\"og:site_name\" content=\"Converses a Catalunya\" \/>\n<meta property=\"article:published_time\" content=\"2025-04-08T09:10:19+00:00\" \/>\n<meta property=\"article:modified_time\" content=\"2025-04-09T06:48:34+00:00\" \/>\n<meta property=\"og:image\" content=\"https:\/\/conversesacatalunya.cat\/wp-content\/uploads\/2025\/04\/madrid-4338051_640.jpg\" \/>\n\t<meta property=\"og:image:width\" content=\"640\" \/>\n\t<meta property=\"og:image:height\" content=\"328\" \/>\n\t<meta property=\"og:image:type\" content=\"image\/jpeg\" \/>\n<meta name=\"author\" content=\"Emili Clos\" \/>\n<meta name=\"twitter:card\" content=\"summary_large_image\" \/>\n<meta name=\"twitter:label1\" content=\"Escrito por\" \/>\n\t<meta name=\"twitter:data1\" content=\"Emili Clos\" \/>\n\t<meta name=\"twitter:label2\" content=\"Tiempo de lectura\" \/>\n\t<meta name=\"twitter:data2\" content=\"5 minutos\" \/>\n<script type=\"application\/ld+json\" class=\"yoast-schema-graph\">{\"@context\":\"https:\/\/schema.org\",\"@graph\":[{\"@type\":\"Article\",\"@id\":\"https:\/\/conversesacatalunya.cat\/es\/cataluna-desastre-demografico-la-inmigracion\/#article\",\"isPartOf\":{\"@id\":\"https:\/\/conversesacatalunya.cat\/es\/cataluna-desastre-demografico-la-inmigracion\/\"},\"author\":{\"name\":\"Emili Clos\",\"@id\":\"https:\/\/conversesacatalunya.cat\/#\/schema\/person\/46306de4129bccb959ed5e1720c4e3e7\"},\"headline\":\"Catalu\u00f1a, desastre demogr\u00e1fico. La Generalitat impasible el gesto (5)\",\"datePublished\":\"2025-04-08T09:10:19+00:00\",\"dateModified\":\"2025-04-09T06:48:34+00:00\",\"mainEntityOfPage\":{\"@id\":\"https:\/\/conversesacatalunya.cat\/es\/cataluna-desastre-demografico-la-inmigracion\/\"},\"wordCount\":1040,\"commentCount\":0,\"image\":{\"@id\":\"https:\/\/conversesacatalunya.cat\/es\/cataluna-desastre-demografico-la-inmigracion\/#primaryimage\"},\"thumbnailUrl\":\"https:\/\/conversesacatalunya.cat\/wp-content\/uploads\/2025\/04\/madrid-4338051_640.jpg\",\"keywords\":[\"Immigraci\u00f3\",\"inmigraci\u00f3n\"],\"articleSection\":[\"Punts clau del dia (ES)\"],\"inLanguage\":\"es\",\"potentialAction\":[{\"@type\":\"CommentAction\",\"name\":\"Comment\",\"target\":[\"https:\/\/conversesacatalunya.cat\/es\/cataluna-desastre-demografico-la-inmigracion\/#respond\"]}]},{\"@type\":\"WebPage\",\"@id\":\"https:\/\/conversesacatalunya.cat\/es\/cataluna-desastre-demografico-la-inmigracion\/\",\"url\":\"https:\/\/conversesacatalunya.cat\/es\/cataluna-desastre-demografico-la-inmigracion\/\",\"name\":\"Catalu\u00f1a, desastre demogr\u00e1fico. La Generalitat impasible el gesto (5) - Converses a Catalunya\",\"isPartOf\":{\"@id\":\"https:\/\/conversesacatalunya.cat\/#website\"},\"primaryImageOfPage\":{\"@id\":\"https:\/\/conversesacatalunya.cat\/es\/cataluna-desastre-demografico-la-inmigracion\/#primaryimage\"},\"image\":{\"@id\":\"https:\/\/conversesacatalunya.cat\/es\/cataluna-desastre-demografico-la-inmigracion\/#primaryimage\"},\"thumbnailUrl\":\"https:\/\/conversesacatalunya.cat\/wp-content\/uploads\/2025\/04\/madrid-4338051_640.jpg\",\"datePublished\":\"2025-04-08T09:10:19+00:00\",\"dateModified\":\"2025-04-09T06:48:34+00:00\",\"author\":{\"@id\":\"https:\/\/conversesacatalunya.cat\/#\/schema\/person\/46306de4129bccb959ed5e1720c4e3e7\"},\"description\":\"Ante el estancamiento natural, la inmigraci\u00f3n ha sido el factor que ha permitido que la poblaci\u00f3n catalana siga creciendo desde 2010\",\"breadcrumb\":{\"@id\":\"https:\/\/conversesacatalunya.cat\/es\/cataluna-desastre-demografico-la-inmigracion\/#breadcrumb\"},\"inLanguage\":\"es\",\"potentialAction\":[{\"@type\":\"ReadAction\",\"target\":[\"https:\/\/conversesacatalunya.cat\/es\/cataluna-desastre-demografico-la-inmigracion\/\"]}]},{\"@type\":\"ImageObject\",\"inLanguage\":\"es\",\"@id\":\"https:\/\/conversesacatalunya.cat\/es\/cataluna-desastre-demografico-la-inmigracion\/#primaryimage\",\"url\":\"https:\/\/conversesacatalunya.cat\/wp-content\/uploads\/2025\/04\/madrid-4338051_640.jpg\",\"contentUrl\":\"https:\/\/conversesacatalunya.cat\/wp-content\/uploads\/2025\/04\/madrid-4338051_640.jpg\",\"width\":640,\"height\":328,\"caption\":\"inmigraci\u00f3n poblaci\u00f3n catalana\"},{\"@type\":\"BreadcrumbList\",\"@id\":\"https:\/\/conversesacatalunya.cat\/es\/cataluna-desastre-demografico-la-inmigracion\/#breadcrumb\",\"itemListElement\":[{\"@type\":\"ListItem\",\"position\":1,\"name\":\"Inici\",\"item\":\"https:\/\/conversesacatalunya.cat\/es\/\"},{\"@type\":\"ListItem\",\"position\":2,\"name\":\"Catalu\u00f1a, desastre demogr\u00e1fico. La Generalitat impasible el gesto (5)\"}]},{\"@type\":\"WebSite\",\"@id\":\"https:\/\/conversesacatalunya.cat\/#website\",\"url\":\"https:\/\/conversesacatalunya.cat\/\",\"name\":\"Converses a Catalunya\",\"description\":\"\",\"potentialAction\":[{\"@type\":\"SearchAction\",\"target\":{\"@type\":\"EntryPoint\",\"urlTemplate\":\"https:\/\/conversesacatalunya.cat\/?s={search_term_string}\"},\"query-input\":{\"@type\":\"PropertyValueSpecification\",\"valueRequired\":true,\"valueName\":\"search_term_string\"}}],\"inLanguage\":\"es\"},{\"@type\":\"Person\",\"@id\":\"https:\/\/conversesacatalunya.cat\/#\/schema\/person\/46306de4129bccb959ed5e1720c4e3e7\",\"name\":\"Emili Clos\",\"image\":{\"@type\":\"ImageObject\",\"inLanguage\":\"es\",\"@id\":\"https:\/\/conversesacatalunya.cat\/#\/schema\/person\/image\/\",\"url\":\"https:\/\/conversesacatalunya.cat\/wp-content\/litespeed\/avatar\/a9a662bd802eed79498de818aef91cc9.jpg?ver=1777096184\",\"contentUrl\":\"https:\/\/conversesacatalunya.cat\/wp-content\/litespeed\/avatar\/a9a662bd802eed79498de818aef91cc9.jpg?ver=1777096184\",\"caption\":\"Emili Clos\"},\"url\":\"https:\/\/conversesacatalunya.cat\/es\/author\/emili_clos\/\"}]}<\/script>\n<!-- \/ Yoast SEO plugin. -->","yoast_head_json":{"title":"Catalu\u00f1a, desastre demogr\u00e1fico. La Generalitat impasible el gesto (5) - Converses a Catalunya","description":"Ante el estancamiento natural, la inmigraci\u00f3n ha sido el factor que ha permitido que la poblaci\u00f3n catalana siga creciendo desde 2010","robots":{"index":"index","follow":"follow","max-snippet":"max-snippet:-1","max-image-preview":"max-image-preview:large","max-video-preview":"max-video-preview:-1"},"canonical":"https:\/\/conversesacatalunya.cat\/es\/cataluna-desastre-demografico-la-inmigracion\/","og_locale":"es_ES","og_type":"article","og_title":"Catalu\u00f1a, desastre demogr\u00e1fico. La Generalitat impasible el gesto (5) - Converses a Catalunya","og_description":"Ante el estancamiento natural, la inmigraci\u00f3n ha sido el factor que ha permitido que la poblaci\u00f3n catalana siga creciendo desde 2010","og_url":"https:\/\/conversesacatalunya.cat\/es\/cataluna-desastre-demografico-la-inmigracion\/","og_site_name":"Converses a Catalunya","article_published_time":"2025-04-08T09:10:19+00:00","article_modified_time":"2025-04-09T06:48:34+00:00","og_image":[{"width":640,"height":328,"url":"https:\/\/conversesacatalunya.cat\/wp-content\/uploads\/2025\/04\/madrid-4338051_640.jpg","type":"image\/jpeg"}],"author":"Emili Clos","twitter_card":"summary_large_image","twitter_misc":{"Escrito por":"Emili Clos","Tiempo de lectura":"5 minutos"},"schema":{"@context":"https:\/\/schema.org","@graph":[{"@type":"Article","@id":"https:\/\/conversesacatalunya.cat\/es\/cataluna-desastre-demografico-la-inmigracion\/#article","isPartOf":{"@id":"https:\/\/conversesacatalunya.cat\/es\/cataluna-desastre-demografico-la-inmigracion\/"},"author":{"name":"Emili Clos","@id":"https:\/\/conversesacatalunya.cat\/#\/schema\/person\/46306de4129bccb959ed5e1720c4e3e7"},"headline":"Catalu\u00f1a, desastre demogr\u00e1fico. La Generalitat impasible el gesto (5)","datePublished":"2025-04-08T09:10:19+00:00","dateModified":"2025-04-09T06:48:34+00:00","mainEntityOfPage":{"@id":"https:\/\/conversesacatalunya.cat\/es\/cataluna-desastre-demografico-la-inmigracion\/"},"wordCount":1040,"commentCount":0,"image":{"@id":"https:\/\/conversesacatalunya.cat\/es\/cataluna-desastre-demografico-la-inmigracion\/#primaryimage"},"thumbnailUrl":"https:\/\/conversesacatalunya.cat\/wp-content\/uploads\/2025\/04\/madrid-4338051_640.jpg","keywords":["Immigraci\u00f3","inmigraci\u00f3n"],"articleSection":["Punts clau del dia (ES)"],"inLanguage":"es","potentialAction":[{"@type":"CommentAction","name":"Comment","target":["https:\/\/conversesacatalunya.cat\/es\/cataluna-desastre-demografico-la-inmigracion\/#respond"]}]},{"@type":"WebPage","@id":"https:\/\/conversesacatalunya.cat\/es\/cataluna-desastre-demografico-la-inmigracion\/","url":"https:\/\/conversesacatalunya.cat\/es\/cataluna-desastre-demografico-la-inmigracion\/","name":"Catalu\u00f1a, desastre demogr\u00e1fico. La Generalitat impasible el gesto (5) - Converses a Catalunya","isPartOf":{"@id":"https:\/\/conversesacatalunya.cat\/#website"},"primaryImageOfPage":{"@id":"https:\/\/conversesacatalunya.cat\/es\/cataluna-desastre-demografico-la-inmigracion\/#primaryimage"},"image":{"@id":"https:\/\/conversesacatalunya.cat\/es\/cataluna-desastre-demografico-la-inmigracion\/#primaryimage"},"thumbnailUrl":"https:\/\/conversesacatalunya.cat\/wp-content\/uploads\/2025\/04\/madrid-4338051_640.jpg","datePublished":"2025-04-08T09:10:19+00:00","dateModified":"2025-04-09T06:48:34+00:00","author":{"@id":"https:\/\/conversesacatalunya.cat\/#\/schema\/person\/46306de4129bccb959ed5e1720c4e3e7"},"description":"Ante el estancamiento natural, la inmigraci\u00f3n ha sido el factor que ha permitido que la poblaci\u00f3n catalana siga creciendo desde 2010","breadcrumb":{"@id":"https:\/\/conversesacatalunya.cat\/es\/cataluna-desastre-demografico-la-inmigracion\/#breadcrumb"},"inLanguage":"es","potentialAction":[{"@type":"ReadAction","target":["https:\/\/conversesacatalunya.cat\/es\/cataluna-desastre-demografico-la-inmigracion\/"]}]},{"@type":"ImageObject","inLanguage":"es","@id":"https:\/\/conversesacatalunya.cat\/es\/cataluna-desastre-demografico-la-inmigracion\/#primaryimage","url":"https:\/\/conversesacatalunya.cat\/wp-content\/uploads\/2025\/04\/madrid-4338051_640.jpg","contentUrl":"https:\/\/conversesacatalunya.cat\/wp-content\/uploads\/2025\/04\/madrid-4338051_640.jpg","width":640,"height":328,"caption":"inmigraci\u00f3n poblaci\u00f3n catalana"},{"@type":"BreadcrumbList","@id":"https:\/\/conversesacatalunya.cat\/es\/cataluna-desastre-demografico-la-inmigracion\/#breadcrumb","itemListElement":[{"@type":"ListItem","position":1,"name":"Inici","item":"https:\/\/conversesacatalunya.cat\/es\/"},{"@type":"ListItem","position":2,"name":"Catalu\u00f1a, desastre demogr\u00e1fico. La Generalitat impasible el gesto (5)"}]},{"@type":"WebSite","@id":"https:\/\/conversesacatalunya.cat\/#website","url":"https:\/\/conversesacatalunya.cat\/","name":"Converses a Catalunya","description":"","potentialAction":[{"@type":"SearchAction","target":{"@type":"EntryPoint","urlTemplate":"https:\/\/conversesacatalunya.cat\/?s={search_term_string}"},"query-input":{"@type":"PropertyValueSpecification","valueRequired":true,"valueName":"search_term_string"}}],"inLanguage":"es"},{"@type":"Person","@id":"https:\/\/conversesacatalunya.cat\/#\/schema\/person\/46306de4129bccb959ed5e1720c4e3e7","name":"Emili Clos","image":{"@type":"ImageObject","inLanguage":"es","@id":"https:\/\/conversesacatalunya.cat\/#\/schema\/person\/image\/","url":"https:\/\/conversesacatalunya.cat\/wp-content\/litespeed\/avatar\/a9a662bd802eed79498de818aef91cc9.jpg?ver=1777096184","contentUrl":"https:\/\/conversesacatalunya.cat\/wp-content\/litespeed\/avatar\/a9a662bd802eed79498de818aef91cc9.jpg?ver=1777096184","caption":"Emili Clos"},"url":"https:\/\/conversesacatalunya.cat\/es\/author\/emili_clos\/"}]}},"wps_subtitle":"La inmigraci\u00f3n: soporte demogr\u00e1fico con desaf\u00edos de integraci\u00f3n.","_links":{"self":[{"href":"https:\/\/conversesacatalunya.cat\/es\/wp-json\/wp\/v2\/posts\/87151","targetHints":{"allow":["GET"]}}],"collection":[{"href":"https:\/\/conversesacatalunya.cat\/es\/wp-json\/wp\/v2\/posts"}],"about":[{"href":"https:\/\/conversesacatalunya.cat\/es\/wp-json\/wp\/v2\/types\/post"}],"author":[{"embeddable":true,"href":"https:\/\/conversesacatalunya.cat\/es\/wp-json\/wp\/v2\/users\/81"}],"replies":[{"embeddable":true,"href":"https:\/\/conversesacatalunya.cat\/es\/wp-json\/wp\/v2\/comments?post=87151"}],"version-history":[{"count":5,"href":"https:\/\/conversesacatalunya.cat\/es\/wp-json\/wp\/v2\/posts\/87151\/revisions"}],"predecessor-version":[{"id":87157,"href":"https:\/\/conversesacatalunya.cat\/es\/wp-json\/wp\/v2\/posts\/87151\/revisions\/87157"}],"wp:featuredmedia":[{"embeddable":true,"href":"https:\/\/conversesacatalunya.cat\/es\/wp-json\/wp\/v2\/media\/87149"}],"wp:attachment":[{"href":"https:\/\/conversesacatalunya.cat\/es\/wp-json\/wp\/v2\/media?parent=87151"}],"wp:term":[{"taxonomy":"category","embeddable":true,"href":"https:\/\/conversesacatalunya.cat\/es\/wp-json\/wp\/v2\/categories?post=87151"},{"taxonomy":"post_tag","embeddable":true,"href":"https:\/\/conversesacatalunya.cat\/es\/wp-json\/wp\/v2\/tags?post=87151"}],"curies":[{"name":"wp","href":"https:\/\/api.w.org\/{rel}","templated":true}]}}