{"id":87083,"date":"2025-04-07T09:43:26","date_gmt":"2025-04-07T07:43:26","guid":{"rendered":"https:\/\/conversesacatalunya.cat\/?p=87083"},"modified":"2025-04-07T12:31:07","modified_gmt":"2025-04-07T10:31:07","slug":"no-hay-forma-de-hacer-politica-europea-de-defensa","status":"publish","type":"post","link":"https:\/\/conversesacatalunya.cat\/es\/no-hay-forma-de-hacer-politica-europea-de-defensa\/","title":{"rendered":"No hay forma de hacer pol\u00edtica europea de defensa"},"content":{"rendered":"<p><span><span class=\"VIpgJd-yAWNEb-VIpgJd-fmcmS-sn54Q\">La\u00a0<\/span><\/span><strong><span><span class=\"VIpgJd-yAWNEb-VIpgJd-fmcmS-sn54Q\">invasi\u00f3n rusa de Ucrania en 2022<\/span><\/span><\/strong><span><span class=\"VIpgJd-yAWNEb-VIpgJd-fmcmS-sn54Q\">\u00a0deb\u00eda despertar las conciencias del Viejo Continente sobre la importancia y urgencia de definir una verdadera pol\u00edtica europea de defensa. Pero no ocurri\u00f3 nada.<\/span><\/span><\/p>\n<p><span>La\u00a0<\/span><strong><span>segunda elecci\u00f3n de Donald Trump<\/span><\/strong><span>\u00a0como presidente de Estados Unidos a finales de 2024 deb\u00eda ser otro \u00abmomento de la verdad\u00bb para que los 27 estados miembro trabajaran para unificar y mejorar sus fuerzas militares.<\/span><\/p>\n<p><span>Pero una vez m\u00e1s se va por mal camino. Los pa\u00edses europeos siguen sin una visi\u00f3n coherente de lo que debe ser una pol\u00edtica europea de defensa.<\/span><\/p>\n<h4><strong><span><span class=\"VIpgJd-yAWNEb-VIpgJd-fmcmS-sn54Q\">Planes industriales pero no militares<\/span><\/span><\/strong><\/h4>\n<p><span>La Comisi\u00f3n Europea anunci\u00f3 en marzo un<a href=\"https:\/\/conversesacatalunya.cat\/es\/financiar-defensa-europea-transicion-verde\/\" target=\"_blank\" rel=\"noopener\"><strong>\u00a0<\/strong><\/a><\/span><strong>plan de rearme<\/strong><span>\u00a0por un valor de 800.000 millones de euros, pero este se centra \u00fanicamente en las capacidades industriales, sin tocar la cuesti\u00f3n verdaderamente clave, que es la organizaci\u00f3n de las fuerzas armadas de los 27 estados miembro.<\/span><\/p>\n<p><span>Siendo la defensa la prerrogativa m\u00e1s esencial que define a un estado, muchos pa\u00edses europeos ven tradicionalmente con reticencia cualquier actuaci\u00f3n de las instituciones europeas en el \u00e1mbito militar.<\/span><\/p>\n<p><span><span class=\"VIpgJd-yAWNEb-VIpgJd-fmcmS-sn54Q\">Si bien existe un\u00a0\u00a0<\/span><\/span><b><span><span class=\"VIpgJd-yAWNEb-VIpgJd-fmcmS-sn54Q\">Estado Mayor de la Uni\u00f3n Europea,<\/span><\/span><\/b><span><span class=\"VIpgJd-yAWNEb-VIpgJd-fmcmS-sn54Q\"> en realidad se trata de un min\u00fasculo departamento emplazado bajo el Alto Representante (<\/span><a href=\"https:\/\/conversesacatalunya.cat\/es\/kallas-diplomacia-europea-polemicas-motivos\/\" target=\"_blank\" rel=\"noopener\"><span class=\"VIpgJd-yAWNEb-VIpgJd-fmcmS-sn54Q\">Kaja Kallas<\/span><\/a><span class=\"VIpgJd-yAWNEb-VIpgJd-fmcmS-sn54Q\">\u00a0actualmente) que gestiona las misiones de entrenamiento militar conjuntas de la UE. La otra entidad existente hoy en d\u00eda, el\u00a0<\/span><b><span class=\"VIpgJd-yAWNEb-VIpgJd-fmcmS-sn54Q\">Comit\u00e9 Militar de la Uni\u00f3n Europea<\/span><\/b><span class=\"VIpgJd-yAWNEb-VIpgJd-fmcmS-sn54Q\">, representa a los jefes de Estado Mayor de los 27, con un papel esencialmente consultivo<\/span><\/span><span><span class=\"VIpgJd-yAWNEb-VIpgJd-fmcmS-sn54Q\">.<\/span><\/span><\/p>\n<p><span><span class=\"VIpgJd-yAWNEb-VIpgJd-fmcmS-sn54Q\">En realidad, la\u00a0<\/span><\/span><strong><span><span class=\"VIpgJd-yAWNEb-VIpgJd-fmcmS-sn54Q\">disparidad de formas organizativas<\/span><\/span><\/strong><span><span class=\"VIpgJd-yAWNEb-VIpgJd-fmcmS-sn54Q\">,\u00a0de equipamiento y condiciones de mantenimiento y entrenamiento de las diferentes fuerzas armadas europeas (sin hablar del problema de la lengua), imposibilitan que Europa pueda sacar el m\u00e1ximo rendimiento de su gasto militar.<\/span><\/span><\/p>\n<h4><strong>Desacuerdos pol\u00edticos<\/strong><\/h4>\n<p>Pero es que incluso avanzar sobre el cap\u00edtulo industrial es un verdadero v\u00eda crucis, como ya anticipan desde hace a\u00f1os los retrasos de programas de armamento multinacionales como el\u00a0<a href=\"https:\/\/conversesacatalunya.cat\/es\/programa-defensa-europeo\/\" target=\"_blank\" rel=\"noopener\">FCAS<\/a>.<\/p>\n<p><span><span class=\"VIpgJd-yAWNEb-VIpgJd-fmcmS-sn54Q\">Recientemente,\u00a0<\/span><\/span><strong><span><span class=\"VIpgJd-yAWNEb-VIpgJd-fmcmS-sn54Q\">Alemania<\/span><\/span><\/strong><span><span class=\"VIpgJd-yAWNEb-VIpgJd-fmcmS-sn54Q\">\u00a0se ha sacado de la chistera una propuesta para que los 150.000 millones de euros del plan que la UE debe facilitar en forma de pr\u00e9stamos para financiar las inversiones en defensa se puedan extender a\u00a0<\/span><\/span><strong><span><span class=\"VIpgJd-yAWNEb-VIpgJd-fmcmS-sn54Q\">Reino Unido<\/span><\/span><\/strong><span><span class=\"VIpgJd-yAWNEb-VIpgJd-fmcmS-sn54Q\">\u00a0y\u00a0<\/span><\/span><strong><span><span class=\"VIpgJd-yAWNEb-VIpgJd-fmcmS-sn54Q\">Canad\u00e1<\/span><\/span><\/strong><span><span class=\"VIpgJd-yAWNEb-VIpgJd-fmcmS-sn54Q\">. Dos pa\u00edses que, pese a la presidencia de Trump est\u00e1n fuertemente condicionados por su proximidad con Washington.<\/span><\/span><\/p>\n<p><span><span class=\"VIpgJd-yAWNEb-VIpgJd-fmcmS-sn54Q\">Como era de esperar,\u00a0<\/span><\/span><strong><span><span class=\"VIpgJd-yAWNEb-VIpgJd-fmcmS-sn54Q\">Francia<\/span><\/span><\/strong><span><span class=\"VIpgJd-yAWNEb-VIpgJd-fmcmS-sn54Q\">, que siempre se ha imaginado como el l\u00edder de la UE en las cuestiones de defensa, se indign\u00f3 ante la propuesta, advirtiendo que \u201ccausar\u00eda retrasos\u201d en el programa SAFE (\u201cSecurity<\/span><\/span><span><span class=\"VIpgJd-yAWNEb-VIpgJd-fmcmS-sn54Q\">\u00a0Action For Europe\u201d \u2013<\/span><\/span><span><span class=\"VIpgJd-yAWNEb-VIpgJd-fmcmS-sn54Q\"> encontrar acr\u00f3nimos ocurrentes es una de las tareas que desempe\u00f1an los genios burocr\u00e1ticos de Bruselas).<\/span><\/span><\/p>\n<p><span><span class=\"VIpgJd-yAWNEb-VIpgJd-fmcmS-sn54Q\">Alemania intenta borrar los efectos del Brexit e inventar una nueva alianza transatl\u00e1ntica amputada de su miembro clave, sin duda para\u00a0<\/span><\/span><strong><span><span class=\"VIpgJd-yAWNEb-VIpgJd-fmcmS-sn54Q\">intentar reducir el peso de Francia<\/span><\/span><\/strong><span><span class=\"VIpgJd-yAWNEb-VIpgJd-fmcmS-sn54Q\">,\u00a0que cuenta especialmente con industria militar. Una decena de pa\u00edses, entre ellos Suecia y Pa\u00edses Bajos, se mostr\u00f3 a favor de la medida germ\u00e1nica.<\/span><\/span><\/p>\n<span class='bctt-click-to-tweet'><span class='bctt-ctt-text'><a href='https:\/\/twitter.com\/intent\/tweet?url=https%3A%2F%2Fconversesacatalunya.cat%2Fes%2Fno-hay-forma-de-hacer-politica-europea-de-defensa%2F&#038;text=Programa%20SAFE%20%28%E2%80%9CSecurity%20Action%20For%20Europe%E2%80%9D%20%E2%80%93%20encontrar%20acr%C3%B3nimos%20ocurrentes%20es%20una%20de%20las%20tareas%20que%20desempe%C3%B1an%20los%20genios%20burocr%C3%A1ticos%20de%20Bruselas%29&#038;via=conversesacat&#038;related=conversesacat' target='_blank'rel=\"noopener noreferrer\">Programa SAFE (\u201cSecurity Action For Europe\u201d \u2013 encontrar acr\u00f3nimos ocurrentes es una de las tareas que desempe\u00f1an los genios burocr\u00e1ticos de Bruselas) <\/a><\/span><a href='https:\/\/twitter.com\/intent\/tweet?url=https%3A%2F%2Fconversesacatalunya.cat%2Fes%2Fno-hay-forma-de-hacer-politica-europea-de-defensa%2F&#038;text=Programa%20SAFE%20%28%E2%80%9CSecurity%20Action%20For%20Europe%E2%80%9D%20%E2%80%93%20encontrar%20acr%C3%B3nimos%20ocurrentes%20es%20una%20de%20las%20tareas%20que%20desempe%C3%B1an%20los%20genios%20burocr%C3%A1ticos%20de%20Bruselas%29&#038;via=conversesacat&#038;related=conversesacat' target='_blank' class='bctt-ctt-btn'rel=\"noopener noreferrer\">Compartir en X<\/a><\/span>\n<div id=\"polls-279\" class=\"wp-polls\">\n\t<form id=\"polls_form_279\" class=\"wp-polls-form\" action=\"\/index.php\" method=\"post\">\n\t\t<p style=\"display: none;\"><input type=\"hidden\" id=\"poll_279_nonce\" name=\"wp-polls-nonce\" value=\"e5b0250c61\" \/><\/p>\n\t\t<p style=\"display: none;\"><input type=\"hidden\" name=\"poll_id\" value=\"279\" \/><\/p>\n\t\t<p style=\"text-align: center\"><strong>Creus que des del punt de vista dels Estats Units est\u00e0 justificada la nova pol\u00edtica d'aranzels?<\/strong><\/p><div id=\"polls-279-ans\" class=\"wp-polls-ans\"><ul class=\"wp-polls-ul\">\n\t\t<li><input type=\"radio\" id=\"poll-answer-788\" name=\"poll_279\" value=\"788\" \/> <label for=\"poll-answer-788\">S\u00ed<\/label><\/li>\n\t\t<li><input type=\"radio\" id=\"poll-answer-789\" name=\"poll_279\" value=\"789\" \/> <label for=\"poll-answer-789\">No<\/label><\/li>\n\t\t<li><input type=\"radio\" id=\"poll-answer-790\" name=\"poll_279\" value=\"790\" \/> <label for=\"poll-answer-790\">No ho s\u00e9<\/label><\/li>\n\t\t<\/ul><p style=\"text-align: center\"><input type=\"button\" name=\"vote\" value=\"   Vota   \" class=\"Buttons\" onclick=\"poll_vote(279);\" \/><\/p><p style=\"text-align: center\"><a href=\"#ViewPollResults\" onclick=\"poll_result(279); return false;\" title=\"View Results Of This Poll\">Mira els resultats<\/a><\/p><\/div>\n\t<\/form>\n<\/div>\n<div id=\"polls-279-loading\" class=\"wp-polls-loading\"><img decoding=\"async\" data-src=\"https:\/\/conversesacatalunya.cat\/wp-content\/plugins\/wp-polls\/images\/loading.gif\" width=\"16\" height=\"16\" alt=\"Cargando ...\" title=\"Cargando ...\" class=\"wp-polls-image lazyload\" src=\"data:image\/svg+xml;base64,PHN2ZyB3aWR0aD0iMSIgaGVpZ2h0PSIxIiB4bWxucz0iaHR0cDovL3d3dy53My5vcmcvMjAwMC9zdmciPjwvc3ZnPg==\" style=\"--smush-placeholder-width: 16px; --smush-placeholder-aspect-ratio: 16\/16;\" \/>&nbsp;Cargando ...<\/div>\n\n<p>&nbsp;<\/p>\n","protected":false},"excerpt":{"rendered":"<p>La\u00a0invasi\u00f3n rusa de Ucrania en 2022\u00a0deb\u00eda despertar las conciencias del Viejo Continente sobre la importancia y urgencia de definir una verdadera pol\u00edtica europea de defensa. Pero no ocurri\u00f3 nada. La\u00a0segunda elecci\u00f3n de Donald Trump\u00a0como presidente de Estados Unidos a finales de 2024 deb\u00eda ser otro \u00abmomento de la verdad\u00bb para que los 27 estados miembro trabajaran para unificar y mejorar sus fuerzas militares. Pero una vez m\u00e1s se va por mal camino. Los pa\u00edses europeos siguen sin una visi\u00f3n coherente de lo que debe ser una pol\u00edtica europea de defensa. Planes industriales pero no militares La Comisi\u00f3n Europea anunci\u00f3 en marzo un\u00a0plan de rearme\u00a0por un valor de 800.000 millones de euros, pero este se centra \u00fanicamente en las capacidades industriales, sin tocar la cuesti\u00f3n verdaderamente clave, que es la organizaci\u00f3n de las fuerzas armadas de los 27 estados miembro. Siendo la defensa la prerrogativa m\u00e1s esencial que define a un estado, muchos pa\u00edses europeos ven tradicionalmente con reticencia cualquier actuaci\u00f3n de las instituciones europeas en el \u00e1mbito militar. Si bien existe un\u00a0\u00a0Estado Mayor de la Uni\u00f3n Europea, en realidad se trata de un min\u00fasculo departamento emplazado bajo el Alto Representante (Kaja Kallas\u00a0actualmente) que gestiona las misiones de entrenamiento militar conjuntas de la UE. La otra entidad existente hoy en d\u00eda, el\u00a0Comit\u00e9 Militar de la Uni\u00f3n Europea, representa a los jefes de Estado Mayor de los 27, con un papel esencialmente consultivo. En realidad, la\u00a0disparidad de formas organizativas,\u00a0de equipamiento y condiciones de mantenimiento y entrenamiento de las diferentes fuerzas armadas europeas (sin hablar del problema de la lengua), imposibilitan que Europa pueda sacar el m\u00e1ximo rendimiento de su gasto militar. Desacuerdos pol\u00edticos Pero es que incluso avanzar sobre el cap\u00edtulo industrial es un verdadero v\u00eda crucis, como ya anticipan desde hace a\u00f1os los retrasos de programas de armamento multinacionales como el\u00a0FCAS. Recientemente,\u00a0Alemania\u00a0se ha sacado de la chistera una propuesta para que los 150.000 millones de euros del plan que la UE debe facilitar en forma de pr\u00e9stamos para financiar las inversiones en defensa se puedan extender a\u00a0Reino Unido\u00a0y\u00a0Canad\u00e1. Dos pa\u00edses que, pese a la presidencia de Trump est\u00e1n fuertemente condicionados por su proximidad con Washington. Como era de esperar,\u00a0Francia, que siempre se ha imaginado como el l\u00edder de la UE en las cuestiones de defensa, se indign\u00f3 ante la propuesta, advirtiendo que \u201ccausar\u00eda retrasos\u201d en el programa SAFE (\u201cSecurity\u00a0Action For Europe\u201d \u2013 encontrar acr\u00f3nimos ocurrentes es una de las tareas que desempe\u00f1an los genios burocr\u00e1ticos de Bruselas). Alemania intenta borrar los efectos del Brexit e inventar una nueva alianza transatl\u00e1ntica amputada de su miembro clave, sin duda para\u00a0intentar reducir el peso de Francia,\u00a0que cuenta especialmente con industria militar. Una decena de pa\u00edses, entre ellos Suecia y Pa\u00edses Bajos, se mostr\u00f3 a favor de la medida germ\u00e1nica. &nbsp;<\/p>\n","protected":false},"author":75,"featured_media":87058,"comment_status":"open","ping_status":"open","sticky":false,"template":"","format":"standard","meta":{"_FSMCFIC_featured_image_caption":"","_FSMCFIC_featured_image_nocaption":"","_FSMCFIC_featured_image_hide":"","footnotes":""},"categories":[806],"tags":[1089,2471,4397,1060,1334],"class_list":["post-87083","post","type-post","status-publish","format-standard","has-post-thumbnail","hentry","category-punts-claus-del-dia-es","tag-defensa-es","tag-despesa-militar-es","tag-gasto-militar","tag-unio-europea-es","tag-union-europea"],"yoast_head":"<!-- This site is optimized with the Yoast SEO plugin v26.8 - https:\/\/yoast.com\/product\/yoast-seo-wordpress\/ -->\n<title>No hay forma de hacer pol\u00edtica europea de defensa - Converses a Catalunya<\/title>\n<meta name=\"description\" content=\"Pero una vez m\u00e1s se va por mal camino. Los pa\u00edses europeos siguen sin una visi\u00f3n coherente de lo que debe ser una pol\u00edtica europea de defensa\" \/>\n<meta name=\"robots\" content=\"index, follow, max-snippet:-1, max-image-preview:large, max-video-preview:-1\" \/>\n<link rel=\"canonical\" href=\"https:\/\/conversesacatalunya.cat\/es\/no-hay-forma-de-hacer-politica-europea-de-defensa\/\" \/>\n<meta property=\"og:locale\" content=\"es_ES\" \/>\n<meta property=\"og:type\" content=\"article\" \/>\n<meta property=\"og:title\" content=\"No hay forma de hacer pol\u00edtica europea de defensa - Converses a Catalunya\" \/>\n<meta property=\"og:description\" content=\"Pero una vez m\u00e1s se va por mal camino. Los pa\u00edses europeos siguen sin una visi\u00f3n coherente de lo que debe ser una pol\u00edtica europea de defensa\" \/>\n<meta property=\"og:url\" content=\"https:\/\/conversesacatalunya.cat\/es\/no-hay-forma-de-hacer-politica-europea-de-defensa\/\" \/>\n<meta property=\"og:site_name\" content=\"Converses a Catalunya\" \/>\n<meta property=\"article:published_time\" content=\"2025-04-07T07:43:26+00:00\" \/>\n<meta property=\"article:modified_time\" content=\"2025-04-07T10:31:07+00:00\" \/>\n<meta property=\"og:image\" content=\"https:\/\/conversesacatalunya.cat\/wp-content\/uploads\/2025\/04\/GettyImages-473127956-cropped.jpg.webp\" \/>\n\t<meta property=\"og:image:width\" content=\"1040\" \/>\n\t<meta property=\"og:image:height\" content=\"694\" \/>\n\t<meta property=\"og:image:type\" content=\"image\/webp\" \/>\n<meta name=\"author\" content=\"Carles L\u00f3pez\" \/>\n<meta name=\"twitter:card\" content=\"summary_large_image\" \/>\n<meta name=\"twitter:label1\" content=\"Escrito por\" \/>\n\t<meta name=\"twitter:data1\" content=\"Carles L\u00f3pez\" \/>\n\t<meta name=\"twitter:label2\" content=\"Tiempo de lectura\" \/>\n\t<meta name=\"twitter:data2\" content=\"3 minutos\" \/>\n<script type=\"application\/ld+json\" class=\"yoast-schema-graph\">{\"@context\":\"https:\/\/schema.org\",\"@graph\":[{\"@type\":\"Article\",\"@id\":\"https:\/\/conversesacatalunya.cat\/es\/no-hay-forma-de-hacer-politica-europea-de-defensa\/#article\",\"isPartOf\":{\"@id\":\"https:\/\/conversesacatalunya.cat\/es\/no-hay-forma-de-hacer-politica-europea-de-defensa\/\"},\"author\":{\"name\":\"Carles L\u00f3pez\",\"@id\":\"https:\/\/conversesacatalunya.cat\/#\/schema\/person\/3ce2ab16c0a3803086d80722c7cad56a\"},\"headline\":\"No hay forma de hacer pol\u00edtica europea de defensa\",\"datePublished\":\"2025-04-07T07:43:26+00:00\",\"dateModified\":\"2025-04-07T10:31:07+00:00\",\"mainEntityOfPage\":{\"@id\":\"https:\/\/conversesacatalunya.cat\/es\/no-hay-forma-de-hacer-politica-europea-de-defensa\/\"},\"wordCount\":545,\"commentCount\":0,\"image\":{\"@id\":\"https:\/\/conversesacatalunya.cat\/es\/no-hay-forma-de-hacer-politica-europea-de-defensa\/#primaryimage\"},\"thumbnailUrl\":\"https:\/\/conversesacatalunya.cat\/wp-content\/uploads\/2025\/04\/GettyImages-473127956-cropped.jpg.webp\",\"keywords\":[\"defensa\",\"despesa militar\",\"gasto militar\",\"Uni\u00f3 Europea\",\"Uni\u00f3n Europea\"],\"articleSection\":[\"Punts clau del dia (ES)\"],\"inLanguage\":\"es\",\"potentialAction\":[{\"@type\":\"CommentAction\",\"name\":\"Comment\",\"target\":[\"https:\/\/conversesacatalunya.cat\/es\/no-hay-forma-de-hacer-politica-europea-de-defensa\/#respond\"]}]},{\"@type\":\"WebPage\",\"@id\":\"https:\/\/conversesacatalunya.cat\/es\/no-hay-forma-de-hacer-politica-europea-de-defensa\/\",\"url\":\"https:\/\/conversesacatalunya.cat\/es\/no-hay-forma-de-hacer-politica-europea-de-defensa\/\",\"name\":\"No hay forma de hacer pol\u00edtica europea de defensa - Converses a Catalunya\",\"isPartOf\":{\"@id\":\"https:\/\/conversesacatalunya.cat\/#website\"},\"primaryImageOfPage\":{\"@id\":\"https:\/\/conversesacatalunya.cat\/es\/no-hay-forma-de-hacer-politica-europea-de-defensa\/#primaryimage\"},\"image\":{\"@id\":\"https:\/\/conversesacatalunya.cat\/es\/no-hay-forma-de-hacer-politica-europea-de-defensa\/#primaryimage\"},\"thumbnailUrl\":\"https:\/\/conversesacatalunya.cat\/wp-content\/uploads\/2025\/04\/GettyImages-473127956-cropped.jpg.webp\",\"datePublished\":\"2025-04-07T07:43:26+00:00\",\"dateModified\":\"2025-04-07T10:31:07+00:00\",\"author\":{\"@id\":\"https:\/\/conversesacatalunya.cat\/#\/schema\/person\/3ce2ab16c0a3803086d80722c7cad56a\"},\"description\":\"Pero una vez m\u00e1s se va por mal camino. Los pa\u00edses europeos siguen sin una visi\u00f3n coherente de lo que debe ser una pol\u00edtica europea de defensa\",\"breadcrumb\":{\"@id\":\"https:\/\/conversesacatalunya.cat\/es\/no-hay-forma-de-hacer-politica-europea-de-defensa\/#breadcrumb\"},\"inLanguage\":\"es\",\"potentialAction\":[{\"@type\":\"ReadAction\",\"target\":[\"https:\/\/conversesacatalunya.cat\/es\/no-hay-forma-de-hacer-politica-europea-de-defensa\/\"]}]},{\"@type\":\"ImageObject\",\"inLanguage\":\"es\",\"@id\":\"https:\/\/conversesacatalunya.cat\/es\/no-hay-forma-de-hacer-politica-europea-de-defensa\/#primaryimage\",\"url\":\"https:\/\/conversesacatalunya.cat\/wp-content\/uploads\/2025\/04\/GettyImages-473127956-cropped.jpg.webp\",\"contentUrl\":\"https:\/\/conversesacatalunya.cat\/wp-content\/uploads\/2025\/04\/GettyImages-473127956-cropped.jpg.webp\",\"width\":1040,\"height\":694,\"caption\":\"pol\u00edtica europea de defensa\"},{\"@type\":\"BreadcrumbList\",\"@id\":\"https:\/\/conversesacatalunya.cat\/es\/no-hay-forma-de-hacer-politica-europea-de-defensa\/#breadcrumb\",\"itemListElement\":[{\"@type\":\"ListItem\",\"position\":1,\"name\":\"Inici\",\"item\":\"https:\/\/conversesacatalunya.cat\/es\/\"},{\"@type\":\"ListItem\",\"position\":2,\"name\":\"No hay forma de hacer pol\u00edtica europea de defensa\"}]},{\"@type\":\"WebSite\",\"@id\":\"https:\/\/conversesacatalunya.cat\/#website\",\"url\":\"https:\/\/conversesacatalunya.cat\/\",\"name\":\"Converses a Catalunya\",\"description\":\"\",\"potentialAction\":[{\"@type\":\"SearchAction\",\"target\":{\"@type\":\"EntryPoint\",\"urlTemplate\":\"https:\/\/conversesacatalunya.cat\/?s={search_term_string}\"},\"query-input\":{\"@type\":\"PropertyValueSpecification\",\"valueRequired\":true,\"valueName\":\"search_term_string\"}}],\"inLanguage\":\"es\"},{\"@type\":\"Person\",\"@id\":\"https:\/\/conversesacatalunya.cat\/#\/schema\/person\/3ce2ab16c0a3803086d80722c7cad56a\",\"name\":\"Carles L\u00f3pez\",\"image\":{\"@type\":\"ImageObject\",\"inLanguage\":\"es\",\"@id\":\"https:\/\/conversesacatalunya.cat\/#\/schema\/person\/image\/\",\"url\":\"https:\/\/conversesacatalunya.cat\/wp-content\/litespeed\/avatar\/4891585caf2896e97846ab77f06edcf2.jpg?ver=1777091173\",\"contentUrl\":\"https:\/\/conversesacatalunya.cat\/wp-content\/litespeed\/avatar\/4891585caf2896e97846ab77f06edcf2.jpg?ver=1777091173\",\"caption\":\"Carles L\u00f3pez\"},\"url\":\"https:\/\/conversesacatalunya.cat\/es\/author\/carles-lopez\/\"}]}<\/script>\n<!-- \/ Yoast SEO plugin. -->","yoast_head_json":{"title":"No hay forma de hacer pol\u00edtica europea de defensa - Converses a Catalunya","description":"Pero una vez m\u00e1s se va por mal camino. Los pa\u00edses europeos siguen sin una visi\u00f3n coherente de lo que debe ser una pol\u00edtica europea de defensa","robots":{"index":"index","follow":"follow","max-snippet":"max-snippet:-1","max-image-preview":"max-image-preview:large","max-video-preview":"max-video-preview:-1"},"canonical":"https:\/\/conversesacatalunya.cat\/es\/no-hay-forma-de-hacer-politica-europea-de-defensa\/","og_locale":"es_ES","og_type":"article","og_title":"No hay forma de hacer pol\u00edtica europea de defensa - Converses a Catalunya","og_description":"Pero una vez m\u00e1s se va por mal camino. Los pa\u00edses europeos siguen sin una visi\u00f3n coherente de lo que debe ser una pol\u00edtica europea de defensa","og_url":"https:\/\/conversesacatalunya.cat\/es\/no-hay-forma-de-hacer-politica-europea-de-defensa\/","og_site_name":"Converses a Catalunya","article_published_time":"2025-04-07T07:43:26+00:00","article_modified_time":"2025-04-07T10:31:07+00:00","og_image":[{"width":1040,"height":694,"url":"https:\/\/conversesacatalunya.cat\/wp-content\/uploads\/2025\/04\/GettyImages-473127956-cropped.jpg.webp","type":"image\/webp"}],"author":"Carles L\u00f3pez","twitter_card":"summary_large_image","twitter_misc":{"Escrito por":"Carles L\u00f3pez","Tiempo de lectura":"3 minutos"},"schema":{"@context":"https:\/\/schema.org","@graph":[{"@type":"Article","@id":"https:\/\/conversesacatalunya.cat\/es\/no-hay-forma-de-hacer-politica-europea-de-defensa\/#article","isPartOf":{"@id":"https:\/\/conversesacatalunya.cat\/es\/no-hay-forma-de-hacer-politica-europea-de-defensa\/"},"author":{"name":"Carles L\u00f3pez","@id":"https:\/\/conversesacatalunya.cat\/#\/schema\/person\/3ce2ab16c0a3803086d80722c7cad56a"},"headline":"No hay forma de hacer pol\u00edtica europea de defensa","datePublished":"2025-04-07T07:43:26+00:00","dateModified":"2025-04-07T10:31:07+00:00","mainEntityOfPage":{"@id":"https:\/\/conversesacatalunya.cat\/es\/no-hay-forma-de-hacer-politica-europea-de-defensa\/"},"wordCount":545,"commentCount":0,"image":{"@id":"https:\/\/conversesacatalunya.cat\/es\/no-hay-forma-de-hacer-politica-europea-de-defensa\/#primaryimage"},"thumbnailUrl":"https:\/\/conversesacatalunya.cat\/wp-content\/uploads\/2025\/04\/GettyImages-473127956-cropped.jpg.webp","keywords":["defensa","despesa militar","gasto militar","Uni\u00f3 Europea","Uni\u00f3n Europea"],"articleSection":["Punts clau del dia (ES)"],"inLanguage":"es","potentialAction":[{"@type":"CommentAction","name":"Comment","target":["https:\/\/conversesacatalunya.cat\/es\/no-hay-forma-de-hacer-politica-europea-de-defensa\/#respond"]}]},{"@type":"WebPage","@id":"https:\/\/conversesacatalunya.cat\/es\/no-hay-forma-de-hacer-politica-europea-de-defensa\/","url":"https:\/\/conversesacatalunya.cat\/es\/no-hay-forma-de-hacer-politica-europea-de-defensa\/","name":"No hay forma de hacer pol\u00edtica europea de defensa - Converses a Catalunya","isPartOf":{"@id":"https:\/\/conversesacatalunya.cat\/#website"},"primaryImageOfPage":{"@id":"https:\/\/conversesacatalunya.cat\/es\/no-hay-forma-de-hacer-politica-europea-de-defensa\/#primaryimage"},"image":{"@id":"https:\/\/conversesacatalunya.cat\/es\/no-hay-forma-de-hacer-politica-europea-de-defensa\/#primaryimage"},"thumbnailUrl":"https:\/\/conversesacatalunya.cat\/wp-content\/uploads\/2025\/04\/GettyImages-473127956-cropped.jpg.webp","datePublished":"2025-04-07T07:43:26+00:00","dateModified":"2025-04-07T10:31:07+00:00","author":{"@id":"https:\/\/conversesacatalunya.cat\/#\/schema\/person\/3ce2ab16c0a3803086d80722c7cad56a"},"description":"Pero una vez m\u00e1s se va por mal camino. Los pa\u00edses europeos siguen sin una visi\u00f3n coherente de lo que debe ser una pol\u00edtica europea de defensa","breadcrumb":{"@id":"https:\/\/conversesacatalunya.cat\/es\/no-hay-forma-de-hacer-politica-europea-de-defensa\/#breadcrumb"},"inLanguage":"es","potentialAction":[{"@type":"ReadAction","target":["https:\/\/conversesacatalunya.cat\/es\/no-hay-forma-de-hacer-politica-europea-de-defensa\/"]}]},{"@type":"ImageObject","inLanguage":"es","@id":"https:\/\/conversesacatalunya.cat\/es\/no-hay-forma-de-hacer-politica-europea-de-defensa\/#primaryimage","url":"https:\/\/conversesacatalunya.cat\/wp-content\/uploads\/2025\/04\/GettyImages-473127956-cropped.jpg.webp","contentUrl":"https:\/\/conversesacatalunya.cat\/wp-content\/uploads\/2025\/04\/GettyImages-473127956-cropped.jpg.webp","width":1040,"height":694,"caption":"pol\u00edtica europea de defensa"},{"@type":"BreadcrumbList","@id":"https:\/\/conversesacatalunya.cat\/es\/no-hay-forma-de-hacer-politica-europea-de-defensa\/#breadcrumb","itemListElement":[{"@type":"ListItem","position":1,"name":"Inici","item":"https:\/\/conversesacatalunya.cat\/es\/"},{"@type":"ListItem","position":2,"name":"No hay forma de hacer pol\u00edtica europea de defensa"}]},{"@type":"WebSite","@id":"https:\/\/conversesacatalunya.cat\/#website","url":"https:\/\/conversesacatalunya.cat\/","name":"Converses a Catalunya","description":"","potentialAction":[{"@type":"SearchAction","target":{"@type":"EntryPoint","urlTemplate":"https:\/\/conversesacatalunya.cat\/?s={search_term_string}"},"query-input":{"@type":"PropertyValueSpecification","valueRequired":true,"valueName":"search_term_string"}}],"inLanguage":"es"},{"@type":"Person","@id":"https:\/\/conversesacatalunya.cat\/#\/schema\/person\/3ce2ab16c0a3803086d80722c7cad56a","name":"Carles L\u00f3pez","image":{"@type":"ImageObject","inLanguage":"es","@id":"https:\/\/conversesacatalunya.cat\/#\/schema\/person\/image\/","url":"https:\/\/conversesacatalunya.cat\/wp-content\/litespeed\/avatar\/4891585caf2896e97846ab77f06edcf2.jpg?ver=1777091173","contentUrl":"https:\/\/conversesacatalunya.cat\/wp-content\/litespeed\/avatar\/4891585caf2896e97846ab77f06edcf2.jpg?ver=1777091173","caption":"Carles L\u00f3pez"},"url":"https:\/\/conversesacatalunya.cat\/es\/author\/carles-lopez\/"}]}},"wps_subtitle":"Alemania intenta borrar los efectos del Brexit e inventar una nueva alianza transatl\u00e1ntica amputada de su miembro clave, sin duda para intentar reducir el peso de Francia, que cuenta especialmente con industria militar.","_links":{"self":[{"href":"https:\/\/conversesacatalunya.cat\/es\/wp-json\/wp\/v2\/posts\/87083","targetHints":{"allow":["GET"]}}],"collection":[{"href":"https:\/\/conversesacatalunya.cat\/es\/wp-json\/wp\/v2\/posts"}],"about":[{"href":"https:\/\/conversesacatalunya.cat\/es\/wp-json\/wp\/v2\/types\/post"}],"author":[{"embeddable":true,"href":"https:\/\/conversesacatalunya.cat\/es\/wp-json\/wp\/v2\/users\/75"}],"replies":[{"embeddable":true,"href":"https:\/\/conversesacatalunya.cat\/es\/wp-json\/wp\/v2\/comments?post=87083"}],"version-history":[{"count":6,"href":"https:\/\/conversesacatalunya.cat\/es\/wp-json\/wp\/v2\/posts\/87083\/revisions"}],"predecessor-version":[{"id":87117,"href":"https:\/\/conversesacatalunya.cat\/es\/wp-json\/wp\/v2\/posts\/87083\/revisions\/87117"}],"wp:featuredmedia":[{"embeddable":true,"href":"https:\/\/conversesacatalunya.cat\/es\/wp-json\/wp\/v2\/media\/87058"}],"wp:attachment":[{"href":"https:\/\/conversesacatalunya.cat\/es\/wp-json\/wp\/v2\/media?parent=87083"}],"wp:term":[{"taxonomy":"category","embeddable":true,"href":"https:\/\/conversesacatalunya.cat\/es\/wp-json\/wp\/v2\/categories?post=87083"},{"taxonomy":"post_tag","embeddable":true,"href":"https:\/\/conversesacatalunya.cat\/es\/wp-json\/wp\/v2\/tags?post=87083"}],"curies":[{"name":"wp","href":"https:\/\/api.w.org\/{rel}","templated":true}]}}