{"id":87065,"date":"2025-04-07T09:45:54","date_gmt":"2025-04-07T07:45:54","guid":{"rendered":"https:\/\/conversesacatalunya.cat\/?p=87065"},"modified":"2025-04-07T12:31:39","modified_gmt":"2025-04-07T10:31:39","slug":"diagnostico-politico-societat-catalana-segun-encuestas-opinion-politica","status":"publish","type":"post","link":"https:\/\/conversesacatalunya.cat\/es\/diagnostico-politico-societat-catalana-segun-encuestas-opinion-politica\/","title":{"rendered":"Diagn\u00f3stico pol\u00edtico de la sociedad catalana seg\u00fan las encuestas de opini\u00f3n pol\u00edtica (I)"},"content":{"rendered":"<p><span>A partir de los datos del Centro de Estudios de Opini\u00f3n (CEO) de la Generalitat Bar\u00f3metro de Opini\u00f3n Pol\u00edtica, primera 2025 de marzo y complement\u00e1ndolo con otras fuentes recientes, se presenta un diagn\u00f3stico integrado de la sociedad catalana.<\/span><\/p>\n<p style=\"font-weight: 400;\"><span>Se examinan los grupos mayoritarios seg\u00fan edad, ideolog\u00eda, identidad nacional, territorio, lengua y pr\u00e1ctica religiosa, poniendo especial atenci\u00f3n en los j\u00f3venes y votantes del \u00e1rea central (Barcelona y su entorno metropolitano). Asimismo, se identifican los temas y enfoques con mayor potencial de \u00e9xito electoral diferenciando entre votantes de izquierda, de derecha y seg\u00fan el eje nacional (catalanismo-espa\u00f1olismo, incluyendo autonomistas e independentistas moderados).<\/span><\/p>\n<p style=\"font-weight: 400;\"><span>Por \u00faltimo, se plantean hip\u00f3tesis razonadas sobre dos cuestiones destacadas: las causas de la baja valoraci\u00f3n de la Iglesia cat\u00f3lica en Catalu\u00f1a y por qu\u00e9 el electorado catal\u00e1n se decanta tanto hacia la izquierda.<\/span><\/p>\n<h3><strong><span><span class=\"VIpgJd-yAWNEb-VIpgJd-fmcmS-sn54Q\">Perfil de los grupos mayoritarios en Catalu\u00f1a<\/span><\/span><\/strong><\/h3>\n<h4><strong><span><span class=\"VIpgJd-yAWNEb-VIpgJd-fmcmS-sn54Q\">Distribuci\u00f3n por edad y el protagonismo de la juventud<\/span><\/span><\/strong><\/h4>\n<p style=\"font-weight: 400;\"><span>Catalu\u00f1a tiene una poblaci\u00f3n envejecida, aunque los j\u00f3venes (menores de 35 a\u00f1os) siguen siendo un segmento importante. En los estudios del CEO, los milenios y la Generaci\u00f3n Z representan aproximadamente un 20-25% de la muestra electoral. Este grupo juvenil se caracteriza por actitudes m\u00e1s secularizadas y cosmopolitas que sus mayores.<\/span><\/p>\n<p style=\"font-weight: 400;\"><span>Por ejemplo, solo alrededor del\u00a0<strong>33-39% de los j\u00f3venes se consideran religiosos, frente a casi el 47% de los mayores de 65 a\u00f1os<\/strong>\u00a0(<a href=\"https:\/\/translate.google.com\/website?sl=ca&amp;tl=es&amp;hl=es&amp;client=webapp&amp;u=https:\/\/upceo.ceo.gencat.cat\/wsceop\/9088\/Taules%2520estad%25C3%25ADstiques_1078.pdf%23:~:text%3D65,29%252C2%252036%252C3%252035%252C6%2520%253E47%252C2\" target=\"_blank\" rel=\"noopener\" data-saferedirecturl=\"https:\/\/www.google.com\/url?q=https:\/\/upceo.ceo.gencat.cat\/wsceop\/9088\/Taules%2520estad%25C3%25ADstiques_1078.pdf%23:~:text%3D65,29%252C2%252036%252C3%252035%252C6%2520%253E47%252C2&amp;source=gmail&amp;ust=1743914609542000&amp;usg=AOvVaw0RuuS0-Kanci_QILFFHlT4\">CEO. Encuesta sobre valores en Catalu\u00f1a. 2023. Tablas estad\u00edsticas<\/a>). Asimismo, los j\u00f3venes catalanes tienden a ser m\u00e1s progresistas en valores sociales (como derechos LGTBI+, igualdad de g\u00e9nero, ecologismo) y a participar menos frecuentemente en pr\u00e1cticas tradicionales como la asistencia a oficios religiosos (m\u00e1s del 60% de los menores de 35\u00a0<strong>\u201cnunca o casi nunca\u201d van a misa o al templo<\/strong>, un porcentaje significativamente mayor que en cohortes de mayor edad).<\/span><span>\u00a0<\/span><span>\u00a0<\/span><\/p>\n<p><span>Pero ese diagn\u00f3stico sobre el grupo de 18-35 a\u00f1os no revela una excepci\u00f3n muy importante que se produce en los chicos m\u00e1s j\u00f3venes; hasta los 25 a\u00f1os:<\/span><\/p>\n<p style=\"font-weight: 400;\"><span><span class=\"VIpgJd-yAWNEb-VIpgJd-fmcmS-sn54Q\">Aunque la tendencia general de los j\u00f3venes en Catalu\u00f1a suele se\u00f1alar actitudes progresistas, los datos desagregados indican que en el subgrupo de\u00a0<\/span><strong><span class=\"VIpgJd-yAWNEb-VIpgJd-fmcmS-sn54Q\">18-25 a\u00f1os<\/span><\/strong><span class=\"VIpgJd-yAWNEb-VIpgJd-fmcmS-sn54Q\">\u00a0pueden apreciarse diferencias marcadas entre hombres y mujeres.<\/span><\/span><span>\u00a0<\/span><span>\u00a0<\/span><\/p>\n<h5><strong><span><span class=\"VIpgJd-yAWNEb-VIpgJd-fmcmS-sn54Q\">Concretamente, varios an\u00e1lisis de la \u201cEncuesta sobre valores en Catalu\u00f1a\u201d (CEO, 2023) y estudios complementarios sugieren que:<\/span><\/span><\/strong><\/h5>\n<ul>\n<li><strong><span><span class=\"VIpgJd-yAWNEb-VIpgJd-fmcmS-sn54Q\">Las mujeres j\u00f3venes (18-25 a\u00f1os)<\/span><\/span><\/strong><span><span class=\"VIpgJd-yAWNEb-VIpgJd-fmcmS-sn54Q\">\u00a0mantienen, de forma consistente, posiciones propias de la progres\u00eda en cuestiones sociales y culturales, reforzando la tendencia general del grupo.<\/span><\/span><\/li>\n<li><strong><span>Los hombres j\u00f3venes (18-25 a\u00f1os)<\/span><\/strong><span>,\u00a0en cambio, muestran en ciertos \u00e1mbitos -especialmente en actitudes relacionadas con la identidad, las preferencias pol\u00edticas, la pr\u00e1ctica religiosa y algunos aspectos de orden y tradici\u00f3n- una inclinaci\u00f3n hacia posturas m\u00e1s conservadoras en comparaci\u00f3n con generaciones anteriores.<\/span><\/li>\n<\/ul>\n<p><span>Esto implica que la generalizaci\u00f3n que se\u00f1ala \u201clos j\u00f3venes catalanes\u201d como uniformemente progresistas\u00a0<\/span><strong><span>es una visi\u00f3n simplificada:<\/span><\/strong><span> la realidad muestra una heterogeneidad interna, donde la diferencia, seg\u00fan sea su sexo, hombres o mujeres, es significativa. En el an\u00e1lisis global debe matizarse que la progres\u00eda est\u00e1 especialmente marcada en las mujeres j\u00f3venes, mientras que los hombres del mismo grupo presentan, en algunos indicadores, un giro hacia la derecha en ciertos temas.<\/span><\/p>\n<p style=\"font-weight: 400;\"><span>En cuanto a\u00a0<\/span><strong><span>actitudes pol\u00edticas<\/span><\/strong><span>,\u00a0los j\u00f3venes han mostrado en recientes encuestas una relativamente\u00a0<\/span><strong><span>mayor simpat\u00eda hacia el independentismo<\/span><\/strong><span> <\/span><span>en comparaci\u00f3n con sus padres, aunque la diferencia generacional se ha atenuado \u00faltimamente.<\/span><\/p>\n<p style=\"font-weight: 400;\"><span><span class=\"VIpgJd-yAWNEb-VIpgJd-fmcmS-sn54Q\">Tras el\u00a0<\/span><\/span><strong><span><span class=\"VIpgJd-yAWNEb-VIpgJd-fmcmS-sn54Q\">ciclo del <\/span><\/span><em><span><span class=\"VIpgJd-yAWNEb-VIpgJd-fmcmS-sn54Q\">Proc\u00e9s <\/span><\/span><\/em><span><span class=\"VIpgJd-yAWNEb-VIpgJd-fmcmS-sn54Q\">(2012-2017)<\/span><\/span><\/strong><span><span class=\"VIpgJd-yAWNEb-VIpgJd-fmcmS-sn54Q\">,\u00a0el apoyo a la secesi\u00f3n subi\u00f3 entre los m\u00e1s j\u00f3venes, pero desde 2019 se observa cierto descenso en todos los grupos de edad a medida que las prioridades se desplazan hacia problemas m\u00e1s cotidianos. Aun as\u00ed,\u00a0<\/span><strong><span class=\"VIpgJd-yAWNEb-VIpgJd-fmcmS-sn54Q\">la franja de 18-34 a\u00f1os mantiene un apoyo considerable a opciones soberanistas<\/span><\/strong><span class=\"VIpgJd-yAWNEb-VIpgJd-fmcmS-sn54Q\">,\u00a0a la vez que expresa una\u00a0<\/span><strong><span class=\"VIpgJd-yAWNEb-VIpgJd-fmcmS-sn54Q\">fuerte insatisfacci\u00f3n con la pol\u00edtica en general<\/span><\/strong><span class=\"VIpgJd-yAWNEb-VIpgJd-fmcmS-sn54Q\">.<\/span><\/span><span>\u00a0<\/span><span>\u00a0<\/span><\/p>\n<p style=\"font-weight: 400;\"><span><span class=\"VIpgJd-yAWNEb-VIpgJd-fmcmS-sn54Q\">Los j\u00f3venes tambi\u00e9n sufren especialmente problemas materiales como\u00a0<\/span><\/span><a href=\"https:\/\/conversesacatalunya.cat\/es\/sanchez-crisis-de-vivienda\/\" target=\"_blank\" rel=\"noopener\"><strong><span><span class=\"VIpgJd-yAWNEb-VIpgJd-fmcmS-sn54Q\">el acceso a la vivienda<\/span><\/span><\/strong><\/a><span><span class=\"VIpgJd-yAWNEb-VIpgJd-fmcmS-sn54Q\">\u00a0y la ocupaci\u00f3n precaria, lo que influye en sus preocupaciones pol\u00edticas actuales. De hecho, la vivienda ha emergido como el\u00a0<\/span><strong><span class=\"VIpgJd-yAWNEb-VIpgJd-fmcmS-sn54Q\">principal problema para el 36% de los catalanes entre 25 y 34 a\u00f1os<\/span><\/strong><span class=\"VIpgJd-yAWNEb-VIpgJd-fmcmS-sn54Q\">,\u00a0muy por encima de otras cuestiones (<\/span><a href=\"https:\/\/www.elperiodico.com\/es\/politica\/20241127\/encuesta-ceo-vivienda-independencia-catalunya-112093995\" target=\"_blank\" rel=\"noopener\"><span class=\"VIpgJd-yAWNEb-VIpgJd-fmcmS-sn54Q\">Encuesta CEO: La vivienda se convierte en el primer problema de los catalanes y el no a la independencia de Catalu\u00f1a bate r\u00e9cords<\/span><\/a><span class=\"VIpgJd-yAWNEb-VIpgJd-fmcmS-sn54Q\">).<\/span><\/span><span>\u00a0<\/span><\/p>\n<h4><strong><span><span class=\"VIpgJd-yAWNEb-VIpgJd-fmcmS-sn54Q\">Ideolog\u00eda pol\u00edtica predominante<\/span><\/span><\/strong><\/h4>\n<p style=\"font-weight: 400;\"><span><span class=\"VIpgJd-yAWNEb-VIpgJd-fmcmS-sn54Q\">Uno de los rasgos m\u00e1s distintivos de la sociedad catalana es su marcada inclinaci\u00f3n ideol\u00f3gica hacia\u00a0<\/span><strong><span class=\"VIpgJd-yAWNEb-VIpgJd-fmcmS-sn54Q\">la izquierda<\/span><\/strong><span class=\"VIpgJd-yAWNEb-VIpgJd-fmcmS-sn54Q\">.\u00a0Los datos lo muestran consistentemente:\u00a0<\/span><strong><span class=\"VIpgJd-yAWNEb-VIpgJd-fmcmS-sn54Q\">m\u00e1s de la mitad de los catalanes se sit\u00faan en posiciones de izquierda o centroizquierda<\/span><\/strong><span class=\"VIpgJd-yAWNEb-VIpgJd-fmcmS-sn54Q\">,\u00a0mientras que una minor\u00eda muy reducida se identifica abiertamente con la derecha.<\/span><\/span><span>\u00a0<\/span><span>\u00a0<\/span><\/p>\n<p style=\"font-weight: 400;\"><span>Por ejemplo, en un estudio demosc\u00f3pico del CEO, un\u00a0<strong>59% de catalanes se defin\u00eda de izquierdas<\/strong>\u00a0(incluyendo centroizquierda) y casi\u00a0<strong>un 10% se situaba a la derecha o centroderecha<\/strong>, quedando el resto en el centro (<a href=\"https:\/\/www.20minutos.es\/noticia\/2939015\/0\/catalanes-de-izquierda-espanoles-y-catalanes-estudio-generalitat\/\" target=\"_blank\" rel=\"noopener\">El 59% de catalanes dice\u00a0ser de izquierdas y el 39% se siente espa\u00f1ol y catal\u00e1n<\/a>).<\/span><span>\u00a0<\/span><span>\u00a0<\/span><\/p>\n<p><span><span class=\"VIpgJd-yAWNEb-VIpgJd-fmcmS-sn54Q\">Otra forma de verlo es mediante la escala 0-10: ampliando las categor\u00edas, un an\u00e1lisis de 2017 mostr\u00f3 que\u00a0<\/span><strong><span class=\"VIpgJd-yAWNEb-VIpgJd-fmcmS-sn54Q\">el 50,2% de los catalanes se coloca entre 0 y 4 (izquierda hasta el centroizquierda), contra solo un 11% que se coloca del 6 al 10 (centroderecha a derecha<\/span><\/strong><span class=\"VIpgJd-yAWNEb-VIpgJd-fmcmS-sn54Q\">)<\/span><\/span><\/p>\n<p><span>Esta distribuci\u00f3n\u00a0<\/span><strong><span>contrasta con la media espa\u00f1ola<\/span><\/strong><span>, donde aproximadamente un 22,5% de la poblaci\u00f3n se sit\u00faa a la derecha \u2013el doble que en Catalu\u00f1a\u2013 y el peso de la izquierda es menor (38,6% en el conjunto de Espa\u00f1a). Es decir, Catalu\u00f1a exhibe un perfil ideol\u00f3gico netamente desplazado hacia la izquierda, m\u00e1s que la media estatal, en unos\u00a0<strong>30 puntos porcentuales de diferencia a favor de la izquierda<\/strong>.<\/span><span>\u00a0<\/span><\/p>\n<p style=\"font-weight: 400;\"><span><span class=\"VIpgJd-yAWNEb-VIpgJd-fmcmS-sn54Q\">Las implicaciones de este \u201cproceso de izquierdizaci\u00f3n\u201d (<\/span><\/span><a href=\"https:\/\/www.libremercado.com\/2017-09-07\/cataluna-paraiso-socialista-el-apoyo-a-la-izquierda-es-un-30-superior-al-resto-de-espana-1276605318\/#:~:text=Para%20entenderlo%20mejor%2C%20agrupamos%20las,derecha%20y%20la%20extrema%20derecha\" target=\"_blank\" rel=\"noopener\"><strong><span class=\"VIpgJd-yAWNEb-VIpgJd-fmcmS-sn54Q\">Catalu\u00f1a, &#8216;para\u00edso socialista&#8217;:<\/span><\/strong><\/a><span><span class=\"VIpgJd-yAWNEb-VIpgJd-fmcmS-sn54Q\"><strong>\u00a0el apoyo a la izquierda es un 30% superior al resto de Espa\u00f1a \u2013 Libre Mercado<\/strong>) son claras: los valores progresistas (defensa de los servicios p\u00fablicos, estado del bienestar, igualdad social, ambientalismo, etc.) gozan de una amplia aceptaci\u00f3n social, conservan una amplia aceptaci\u00f3n social. Incluso muchos votantes catalanes de centro o de corte liberal tienden a evitar la etiqueta de \u201cderecha\u201d.<\/span><\/span><\/p>\n<p><span><span class=\"VIpgJd-yAWNEb-VIpgJd-fmcmS-sn54Q\">En consecuencia,\u00a0<\/span><strong><span class=\"VIpgJd-yAWNEb-VIpgJd-fmcmS-sn54Q\">el espectro pol\u00edtico catal\u00e1n se ha movido en torno a debates entre diferentes tonalidades de izquierda y centro, m\u00e1s que entre derecha e izquierda<\/span><\/strong><span class=\"VIpgJd-yAWNEb-VIpgJd-fmcmS-sn54Q\">\u00a0en el sentido cl\u00e1sico. Solo en a\u00f1os recientes han aparecido partidos de derecha m\u00e1s visibles (como Vox a nivel espa\u00f1olista o fuerzas independentistas m\u00e1s conservadoras como Junts cada vez m\u00e1s en evoluci\u00f3n en este sentido, y sobre todo Alian\u00e7a Catalana), pero siguen siendo minoritarios en comparaci\u00f3n con la hegemon\u00eda de izquierdas.<\/span><\/span><span>\u00a0<\/span><span>\u00a0<\/span><\/p>\n<p><span>Una anotaci\u00f3n m\u00e1s. En Catalu\u00f1a la utilizaci\u00f3n del marco de referencia habitual, derecha-izquierda, progres\u00eda conservadurismo, ya beneficia a los primeros y no recoge del todo bien la caracterizaci\u00f3n pol\u00edtica de la sociedad catalana. Otras variables como estatistas-liberales-comunitarios, vida y familia-aborto, feminismo o las posiciones en torno a la emigraci\u00f3n definen mejor la caracterizaci\u00f3n pol\u00edtica donde\u00a0<\/span><strong><span>la cuesti\u00f3n del modo de vida ha suplido la del modo de producci\u00f3n<\/span><\/strong><span>\u00a0caracter\u00edstico de la izquierda en el siglo XIX y XX.<\/span><\/p>\n<span class='bctt-click-to-tweet'><span class='bctt-ctt-text'><a href='https:\/\/twitter.com\/intent\/tweet?url=https%3A%2F%2Fconversesacatalunya.cat%2Fes%2Fdiagnostico-politico-societat-catalana-segun-encuestas-opinion-politica%2F&#038;text=Catalu%C3%B1a%20exhibe%20un%20perfil%20ideol%C3%B3gico%20netamente%20desplazado%20hacia%20la%20izquierda%2C%20m%C3%A1s%20que%20la%20media%20estatal%20en%20unos%2030%20puntos%20porcentuales%20de%20diferencia%20a%20favor%20de%20la%20izquierda&#038;via=conversesacat&#038;related=conversesacat' target='_blank'rel=\"noopener noreferrer\">Catalu\u00f1a exhibe un perfil ideol\u00f3gico netamente desplazado hacia la izquierda, m\u00e1s que la media estatal en unos 30 puntos porcentuales de diferencia a favor de la izquierda <\/a><\/span><a href='https:\/\/twitter.com\/intent\/tweet?url=https%3A%2F%2Fconversesacatalunya.cat%2Fes%2Fdiagnostico-politico-societat-catalana-segun-encuestas-opinion-politica%2F&#038;text=Catalu%C3%B1a%20exhibe%20un%20perfil%20ideol%C3%B3gico%20netamente%20desplazado%20hacia%20la%20izquierda%2C%20m%C3%A1s%20que%20la%20media%20estatal%20en%20unos%2030%20puntos%20porcentuales%20de%20diferencia%20a%20favor%20de%20la%20izquierda&#038;via=conversesacat&#038;related=conversesacat' target='_blank' class='bctt-ctt-btn'rel=\"noopener noreferrer\">Compartir en X<\/a><\/span>\n<div id=\"polls-279\" class=\"wp-polls\">\n\t<form id=\"polls_form_279\" class=\"wp-polls-form\" action=\"\/index.php\" method=\"post\">\n\t\t<p style=\"display: none;\"><input type=\"hidden\" id=\"poll_279_nonce\" name=\"wp-polls-nonce\" value=\"7574c9c0ef\" \/><\/p>\n\t\t<p style=\"display: none;\"><input type=\"hidden\" name=\"poll_id\" value=\"279\" \/><\/p>\n\t\t<p style=\"text-align: center\"><strong>Creus que des del punt de vista dels Estats Units est\u00e0 justificada la nova pol\u00edtica d'aranzels?<\/strong><\/p><div id=\"polls-279-ans\" class=\"wp-polls-ans\"><ul class=\"wp-polls-ul\">\n\t\t<li><input type=\"radio\" id=\"poll-answer-788\" name=\"poll_279\" value=\"788\" \/> <label for=\"poll-answer-788\">S\u00ed<\/label><\/li>\n\t\t<li><input type=\"radio\" id=\"poll-answer-789\" name=\"poll_279\" value=\"789\" \/> <label for=\"poll-answer-789\">No<\/label><\/li>\n\t\t<li><input type=\"radio\" id=\"poll-answer-790\" name=\"poll_279\" value=\"790\" \/> <label for=\"poll-answer-790\">No ho s\u00e9<\/label><\/li>\n\t\t<\/ul><p style=\"text-align: center\"><input type=\"button\" name=\"vote\" value=\"   Vota   \" class=\"Buttons\" onclick=\"poll_vote(279);\" \/><\/p><p style=\"text-align: center\"><a href=\"#ViewPollResults\" onclick=\"poll_result(279); return false;\" title=\"View Results Of This Poll\">Mira els resultats<\/a><\/p><\/div>\n\t<\/form>\n<\/div>\n<div id=\"polls-279-loading\" class=\"wp-polls-loading\"><img decoding=\"async\" data-src=\"https:\/\/conversesacatalunya.cat\/wp-content\/plugins\/wp-polls\/images\/loading.gif\" width=\"16\" height=\"16\" alt=\"Cargando ...\" title=\"Cargando ...\" class=\"wp-polls-image lazyload\" src=\"data:image\/svg+xml;base64,PHN2ZyB3aWR0aD0iMSIgaGVpZ2h0PSIxIiB4bWxucz0iaHR0cDovL3d3dy53My5vcmcvMjAwMC9zdmciPjwvc3ZnPg==\" style=\"--smush-placeholder-width: 16px; --smush-placeholder-aspect-ratio: 16\/16;\" \/>&nbsp;Cargando ...<\/div>\n\n","protected":false},"excerpt":{"rendered":"<p>A partir de los datos del Centro de Estudios de Opini\u00f3n (CEO) de la Generalitat Bar\u00f3metro de Opini\u00f3n Pol\u00edtica, primera 2025 de marzo y complement\u00e1ndolo con otras fuentes recientes, se presenta un diagn\u00f3stico integrado de la sociedad catalana. Se examinan los grupos mayoritarios seg\u00fan edad, ideolog\u00eda, identidad nacional, territorio, lengua y pr\u00e1ctica religiosa, poniendo especial atenci\u00f3n en los j\u00f3venes y votantes del \u00e1rea central (Barcelona y su entorno metropolitano). Asimismo, se identifican los temas y enfoques con mayor potencial de \u00e9xito electoral diferenciando entre votantes de izquierda, de derecha y seg\u00fan el eje nacional (catalanismo-espa\u00f1olismo, incluyendo autonomistas e independentistas moderados). Por \u00faltimo, se plantean hip\u00f3tesis razonadas sobre dos cuestiones destacadas: las causas de la baja valoraci\u00f3n de la Iglesia cat\u00f3lica en Catalu\u00f1a y por qu\u00e9 el electorado catal\u00e1n se decanta tanto hacia la izquierda. Perfil de los grupos mayoritarios en Catalu\u00f1a Distribuci\u00f3n por edad y el protagonismo de la juventud Catalu\u00f1a tiene una poblaci\u00f3n envejecida, aunque los j\u00f3venes (menores de 35 a\u00f1os) siguen siendo un segmento importante. En los estudios del CEO, los milenios y la Generaci\u00f3n Z representan aproximadamente un 20-25% de la muestra electoral. Este grupo juvenil se caracteriza por actitudes m\u00e1s secularizadas y cosmopolitas que sus mayores. Por ejemplo, solo alrededor del\u00a033-39% de los j\u00f3venes se consideran religiosos, frente a casi el 47% de los mayores de 65 a\u00f1os\u00a0(CEO. Encuesta sobre valores en Catalu\u00f1a. 2023. Tablas estad\u00edsticas). Asimismo, los j\u00f3venes catalanes tienden a ser m\u00e1s progresistas en valores sociales (como derechos LGTBI+, igualdad de g\u00e9nero, ecologismo) y a participar menos frecuentemente en pr\u00e1cticas tradicionales como la asistencia a oficios religiosos (m\u00e1s del 60% de los menores de 35\u00a0\u201cnunca o casi nunca\u201d van a misa o al templo, un porcentaje significativamente mayor que en cohortes de mayor edad).\u00a0\u00a0 Pero ese diagn\u00f3stico sobre el grupo de 18-35 a\u00f1os no revela una excepci\u00f3n muy importante que se produce en los chicos m\u00e1s j\u00f3venes; hasta los 25 a\u00f1os: Aunque la tendencia general de los j\u00f3venes en Catalu\u00f1a suele se\u00f1alar actitudes progresistas, los datos desagregados indican que en el subgrupo de\u00a018-25 a\u00f1os\u00a0pueden apreciarse diferencias marcadas entre hombres y mujeres.\u00a0\u00a0 Concretamente, varios an\u00e1lisis de la \u201cEncuesta sobre valores en Catalu\u00f1a\u201d (CEO, 2023) y estudios complementarios sugieren que: Las mujeres j\u00f3venes (18-25 a\u00f1os)\u00a0mantienen, de forma consistente, posiciones propias de la progres\u00eda en cuestiones sociales y culturales, reforzando la tendencia general del grupo. Los hombres j\u00f3venes (18-25 a\u00f1os),\u00a0en cambio, muestran en ciertos \u00e1mbitos -especialmente en actitudes relacionadas con la identidad, las preferencias pol\u00edticas, la pr\u00e1ctica religiosa y algunos aspectos de orden y tradici\u00f3n- una inclinaci\u00f3n hacia posturas m\u00e1s conservadoras en comparaci\u00f3n con generaciones anteriores. Esto implica que la generalizaci\u00f3n que se\u00f1ala \u201clos j\u00f3venes catalanes\u201d como uniformemente progresistas\u00a0es una visi\u00f3n simplificada: la realidad muestra una heterogeneidad interna, donde la diferencia, seg\u00fan sea su sexo, hombres o mujeres, es significativa. En el an\u00e1lisis global debe matizarse que la progres\u00eda est\u00e1 especialmente marcada en las mujeres j\u00f3venes, mientras que los hombres del mismo grupo presentan, en algunos indicadores, un giro hacia la derecha en ciertos temas. En cuanto a\u00a0actitudes pol\u00edticas,\u00a0los j\u00f3venes han mostrado en recientes encuestas una relativamente\u00a0mayor simpat\u00eda hacia el independentismo en comparaci\u00f3n con sus padres, aunque la diferencia generacional se ha atenuado \u00faltimamente. Tras el\u00a0ciclo del Proc\u00e9s (2012-2017),\u00a0el apoyo a la secesi\u00f3n subi\u00f3 entre los m\u00e1s j\u00f3venes, pero desde 2019 se observa cierto descenso en todos los grupos de edad a medida que las prioridades se desplazan hacia problemas m\u00e1s cotidianos. Aun as\u00ed,\u00a0la franja de 18-34 a\u00f1os mantiene un apoyo considerable a opciones soberanistas,\u00a0a la vez que expresa una\u00a0fuerte insatisfacci\u00f3n con la pol\u00edtica en general.\u00a0\u00a0 Los j\u00f3venes tambi\u00e9n sufren especialmente problemas materiales como\u00a0el acceso a la vivienda\u00a0y la ocupaci\u00f3n precaria, lo que influye en sus preocupaciones pol\u00edticas actuales. De hecho, la vivienda ha emergido como el\u00a0principal problema para el 36% de los catalanes entre 25 y 34 a\u00f1os,\u00a0muy por encima de otras cuestiones (Encuesta CEO: La vivienda se convierte en el primer problema de los catalanes y el no a la independencia de Catalu\u00f1a bate r\u00e9cords).\u00a0 Ideolog\u00eda pol\u00edtica predominante Uno de los rasgos m\u00e1s distintivos de la sociedad catalana es su marcada inclinaci\u00f3n ideol\u00f3gica hacia\u00a0la izquierda.\u00a0Los datos lo muestran consistentemente:\u00a0m\u00e1s de la mitad de los catalanes se sit\u00faan en posiciones de izquierda o centroizquierda,\u00a0mientras que una minor\u00eda muy reducida se identifica abiertamente con la derecha.\u00a0\u00a0 Por ejemplo, en un estudio demosc\u00f3pico del CEO, un\u00a059% de catalanes se defin\u00eda de izquierdas\u00a0(incluyendo centroizquierda) y casi\u00a0un 10% se situaba a la derecha o centroderecha, quedando el resto en el centro (El 59% de catalanes dice\u00a0ser de izquierdas y el 39% se siente espa\u00f1ol y catal\u00e1n).\u00a0\u00a0 Otra forma de verlo es mediante la escala 0-10: ampliando las categor\u00edas, un an\u00e1lisis de 2017 mostr\u00f3 que\u00a0el 50,2% de los catalanes se coloca entre 0 y 4 (izquierda hasta el centroizquierda), contra solo un 11% que se coloca del 6 al 10 (centroderecha a derecha) Esta distribuci\u00f3n\u00a0contrasta con la media espa\u00f1ola, donde aproximadamente un 22,5% de la poblaci\u00f3n se sit\u00faa a la derecha \u2013el doble que en Catalu\u00f1a\u2013 y el peso de la izquierda es menor (38,6% en el conjunto de Espa\u00f1a). Es decir, Catalu\u00f1a exhibe un perfil ideol\u00f3gico netamente desplazado hacia la izquierda, m\u00e1s que la media estatal, en unos\u00a030 puntos porcentuales de diferencia a favor de la izquierda.\u00a0 Las implicaciones de este \u201cproceso de izquierdizaci\u00f3n\u201d (Catalu\u00f1a, &#8216;para\u00edso socialista&#8217;:\u00a0el apoyo a la izquierda es un 30% superior al resto de Espa\u00f1a \u2013 Libre Mercado) son claras: los valores progresistas (defensa de los servicios p\u00fablicos, estado del bienestar, igualdad social, ambientalismo, etc.) gozan de una amplia aceptaci\u00f3n social, conservan una amplia aceptaci\u00f3n social. Incluso muchos votantes catalanes de centro o de corte liberal tienden a evitar la etiqueta de \u201cderecha\u201d. En consecuencia,\u00a0el espectro pol\u00edtico catal\u00e1n se ha movido en torno a debates entre diferentes tonalidades de izquierda y centro, m\u00e1s que entre derecha e izquierda\u00a0en el sentido cl\u00e1sico. Solo en a\u00f1os recientes han aparecido partidos de derecha m\u00e1s visibles (como Vox a nivel espa\u00f1olista o fuerzas independentistas m\u00e1s conservadoras como Junts cada vez m\u00e1s en evoluci\u00f3n en este sentido, y sobre todo&#8230;<\/p>\n","protected":false},"author":19,"featured_media":87063,"comment_status":"open","ping_status":"open","sticky":false,"template":"","format":"standard","meta":{"_FSMCFIC_featured_image_caption":"","_FSMCFIC_featured_image_nocaption":"","_FSMCFIC_featured_image_hide":"","footnotes":""},"categories":[806],"tags":[1156],"class_list":["post-87065","post","type-post","status-publish","format-standard","has-post-thumbnail","hentry","category-punts-claus-del-dia-es","tag-politica-catalana-es"],"yoast_head":"<!-- This site is optimized with the Yoast SEO plugin v26.8 - https:\/\/yoast.com\/product\/yoast-seo-wordpress\/ -->\n<title>Diagn\u00f3stico pol\u00edtico de la sociedad catalana seg\u00fan las encuestas de opini\u00f3n pol\u00edtica (I) - Converses a Catalunya<\/title>\n<meta name=\"description\" content=\"A partir de los datos CEO de la Generalitat Bar\u00f3metro de Opini\u00f3n Pol\u00edtica, se presenta un diagn\u00f3stico integrado de la sociedad catalana.\" \/>\n<meta name=\"robots\" content=\"index, follow, max-snippet:-1, max-image-preview:large, max-video-preview:-1\" \/>\n<link rel=\"canonical\" href=\"https:\/\/conversesacatalunya.cat\/es\/diagnostico-politico-societat-catalana-segun-encuestas-opinion-politica\/\" \/>\n<meta property=\"og:locale\" content=\"es_ES\" \/>\n<meta property=\"og:type\" content=\"article\" \/>\n<meta property=\"og:title\" content=\"Diagn\u00f3stico pol\u00edtico de la sociedad catalana seg\u00fan las encuestas de opini\u00f3n pol\u00edtica (I) - Converses a Catalunya\" \/>\n<meta property=\"og:description\" content=\"A partir de los datos CEO de la Generalitat Bar\u00f3metro de Opini\u00f3n Pol\u00edtica, se presenta un diagn\u00f3stico integrado de la sociedad catalana.\" \/>\n<meta property=\"og:url\" content=\"https:\/\/conversesacatalunya.cat\/es\/diagnostico-politico-societat-catalana-segun-encuestas-opinion-politica\/\" \/>\n<meta property=\"og:site_name\" content=\"Converses a Catalunya\" \/>\n<meta property=\"article:published_time\" content=\"2025-04-07T07:45:54+00:00\" \/>\n<meta property=\"article:modified_time\" content=\"2025-04-07T10:31:39+00:00\" \/>\n<meta property=\"og:image\" content=\"https:\/\/conversesacatalunya.cat\/wp-content\/uploads\/2025\/04\/flag-2123796_640.jpg\" \/>\n\t<meta property=\"og:image:width\" content=\"640\" \/>\n\t<meta property=\"og:image:height\" content=\"480\" \/>\n\t<meta property=\"og:image:type\" content=\"image\/jpeg\" \/>\n<meta name=\"author\" content=\"Josep Mir\u00f3 i Ard\u00e8vol\" \/>\n<meta name=\"twitter:card\" content=\"summary_large_image\" \/>\n<meta name=\"twitter:label1\" content=\"Escrito por\" \/>\n\t<meta name=\"twitter:data1\" content=\"Josep Mir\u00f3 i Ard\u00e8vol\" \/>\n\t<meta name=\"twitter:label2\" content=\"Tiempo de lectura\" \/>\n\t<meta name=\"twitter:data2\" content=\"6 minutos\" \/>\n<script type=\"application\/ld+json\" class=\"yoast-schema-graph\">{\"@context\":\"https:\/\/schema.org\",\"@graph\":[{\"@type\":\"Article\",\"@id\":\"https:\/\/conversesacatalunya.cat\/es\/diagnostico-politico-societat-catalana-segun-encuestas-opinion-politica\/#article\",\"isPartOf\":{\"@id\":\"https:\/\/conversesacatalunya.cat\/es\/diagnostico-politico-societat-catalana-segun-encuestas-opinion-politica\/\"},\"author\":{\"name\":\"Josep Mir\u00f3 i Ard\u00e8vol\",\"@id\":\"https:\/\/conversesacatalunya.cat\/#\/schema\/person\/a9598a6786ba7d3d1c5e0de477b79370\"},\"headline\":\"Diagn\u00f3stico pol\u00edtico de la sociedad catalana seg\u00fan las encuestas de opini\u00f3n pol\u00edtica (I)\",\"datePublished\":\"2025-04-07T07:45:54+00:00\",\"dateModified\":\"2025-04-07T10:31:39+00:00\",\"mainEntityOfPage\":{\"@id\":\"https:\/\/conversesacatalunya.cat\/es\/diagnostico-politico-societat-catalana-segun-encuestas-opinion-politica\/\"},\"wordCount\":1289,\"commentCount\":0,\"image\":{\"@id\":\"https:\/\/conversesacatalunya.cat\/es\/diagnostico-politico-societat-catalana-segun-encuestas-opinion-politica\/#primaryimage\"},\"thumbnailUrl\":\"https:\/\/conversesacatalunya.cat\/wp-content\/uploads\/2025\/04\/flag-2123796_640.jpg\",\"keywords\":[\"Pol\u00edtica catalana\"],\"articleSection\":[\"Punts clau del dia (ES)\"],\"inLanguage\":\"es\",\"potentialAction\":[{\"@type\":\"CommentAction\",\"name\":\"Comment\",\"target\":[\"https:\/\/conversesacatalunya.cat\/es\/diagnostico-politico-societat-catalana-segun-encuestas-opinion-politica\/#respond\"]}]},{\"@type\":\"WebPage\",\"@id\":\"https:\/\/conversesacatalunya.cat\/es\/diagnostico-politico-societat-catalana-segun-encuestas-opinion-politica\/\",\"url\":\"https:\/\/conversesacatalunya.cat\/es\/diagnostico-politico-societat-catalana-segun-encuestas-opinion-politica\/\",\"name\":\"Diagn\u00f3stico pol\u00edtico de la sociedad catalana seg\u00fan las encuestas de opini\u00f3n pol\u00edtica (I) - Converses a Catalunya\",\"isPartOf\":{\"@id\":\"https:\/\/conversesacatalunya.cat\/#website\"},\"primaryImageOfPage\":{\"@id\":\"https:\/\/conversesacatalunya.cat\/es\/diagnostico-politico-societat-catalana-segun-encuestas-opinion-politica\/#primaryimage\"},\"image\":{\"@id\":\"https:\/\/conversesacatalunya.cat\/es\/diagnostico-politico-societat-catalana-segun-encuestas-opinion-politica\/#primaryimage\"},\"thumbnailUrl\":\"https:\/\/conversesacatalunya.cat\/wp-content\/uploads\/2025\/04\/flag-2123796_640.jpg\",\"datePublished\":\"2025-04-07T07:45:54+00:00\",\"dateModified\":\"2025-04-07T10:31:39+00:00\",\"author\":{\"@id\":\"https:\/\/conversesacatalunya.cat\/#\/schema\/person\/a9598a6786ba7d3d1c5e0de477b79370\"},\"description\":\"A partir de los datos CEO de la Generalitat Bar\u00f3metro de Opini\u00f3n Pol\u00edtica, se presenta un diagn\u00f3stico integrado de la sociedad catalana.\",\"breadcrumb\":{\"@id\":\"https:\/\/conversesacatalunya.cat\/es\/diagnostico-politico-societat-catalana-segun-encuestas-opinion-politica\/#breadcrumb\"},\"inLanguage\":\"es\",\"potentialAction\":[{\"@type\":\"ReadAction\",\"target\":[\"https:\/\/conversesacatalunya.cat\/es\/diagnostico-politico-societat-catalana-segun-encuestas-opinion-politica\/\"]}]},{\"@type\":\"ImageObject\",\"inLanguage\":\"es\",\"@id\":\"https:\/\/conversesacatalunya.cat\/es\/diagnostico-politico-societat-catalana-segun-encuestas-opinion-politica\/#primaryimage\",\"url\":\"https:\/\/conversesacatalunya.cat\/wp-content\/uploads\/2025\/04\/flag-2123796_640.jpg\",\"contentUrl\":\"https:\/\/conversesacatalunya.cat\/wp-content\/uploads\/2025\/04\/flag-2123796_640.jpg\",\"width\":640,\"height\":480,\"caption\":\"sociedad catalana pol\u00edtica\"},{\"@type\":\"BreadcrumbList\",\"@id\":\"https:\/\/conversesacatalunya.cat\/es\/diagnostico-politico-societat-catalana-segun-encuestas-opinion-politica\/#breadcrumb\",\"itemListElement\":[{\"@type\":\"ListItem\",\"position\":1,\"name\":\"Inici\",\"item\":\"https:\/\/conversesacatalunya.cat\/es\/\"},{\"@type\":\"ListItem\",\"position\":2,\"name\":\"Diagn\u00f3stico pol\u00edtico de la sociedad catalana seg\u00fan las encuestas de opini\u00f3n pol\u00edtica (I)\"}]},{\"@type\":\"WebSite\",\"@id\":\"https:\/\/conversesacatalunya.cat\/#website\",\"url\":\"https:\/\/conversesacatalunya.cat\/\",\"name\":\"Converses a Catalunya\",\"description\":\"\",\"potentialAction\":[{\"@type\":\"SearchAction\",\"target\":{\"@type\":\"EntryPoint\",\"urlTemplate\":\"https:\/\/conversesacatalunya.cat\/?s={search_term_string}\"},\"query-input\":{\"@type\":\"PropertyValueSpecification\",\"valueRequired\":true,\"valueName\":\"search_term_string\"}}],\"inLanguage\":\"es\"},{\"@type\":\"Person\",\"@id\":\"https:\/\/conversesacatalunya.cat\/#\/schema\/person\/a9598a6786ba7d3d1c5e0de477b79370\",\"name\":\"Josep Mir\u00f3 i Ard\u00e8vol\",\"image\":{\"@type\":\"ImageObject\",\"inLanguage\":\"es\",\"@id\":\"https:\/\/conversesacatalunya.cat\/#\/schema\/person\/image\/\",\"url\":\"https:\/\/conversesacatalunya.cat\/wp-content\/litespeed\/avatar\/c37e3dc881857483d6694cdf98fdedea.jpg?ver=1777270381\",\"contentUrl\":\"https:\/\/conversesacatalunya.cat\/wp-content\/litespeed\/avatar\/c37e3dc881857483d6694cdf98fdedea.jpg?ver=1777270381\",\"caption\":\"Josep Mir\u00f3 i Ard\u00e8vol\"},\"url\":\"https:\/\/conversesacatalunya.cat\/es\/author\/josep-miro-i-ardevol\/\"}]}<\/script>\n<!-- \/ Yoast SEO plugin. -->","yoast_head_json":{"title":"Diagn\u00f3stico pol\u00edtico de la sociedad catalana seg\u00fan las encuestas de opini\u00f3n pol\u00edtica (I) - Converses a Catalunya","description":"A partir de los datos CEO de la Generalitat Bar\u00f3metro de Opini\u00f3n Pol\u00edtica, se presenta un diagn\u00f3stico integrado de la sociedad catalana.","robots":{"index":"index","follow":"follow","max-snippet":"max-snippet:-1","max-image-preview":"max-image-preview:large","max-video-preview":"max-video-preview:-1"},"canonical":"https:\/\/conversesacatalunya.cat\/es\/diagnostico-politico-societat-catalana-segun-encuestas-opinion-politica\/","og_locale":"es_ES","og_type":"article","og_title":"Diagn\u00f3stico pol\u00edtico de la sociedad catalana seg\u00fan las encuestas de opini\u00f3n pol\u00edtica (I) - Converses a Catalunya","og_description":"A partir de los datos CEO de la Generalitat Bar\u00f3metro de Opini\u00f3n Pol\u00edtica, se presenta un diagn\u00f3stico integrado de la sociedad catalana.","og_url":"https:\/\/conversesacatalunya.cat\/es\/diagnostico-politico-societat-catalana-segun-encuestas-opinion-politica\/","og_site_name":"Converses a Catalunya","article_published_time":"2025-04-07T07:45:54+00:00","article_modified_time":"2025-04-07T10:31:39+00:00","og_image":[{"width":640,"height":480,"url":"https:\/\/conversesacatalunya.cat\/wp-content\/uploads\/2025\/04\/flag-2123796_640.jpg","type":"image\/jpeg"}],"author":"Josep Mir\u00f3 i Ard\u00e8vol","twitter_card":"summary_large_image","twitter_misc":{"Escrito por":"Josep Mir\u00f3 i Ard\u00e8vol","Tiempo de lectura":"6 minutos"},"schema":{"@context":"https:\/\/schema.org","@graph":[{"@type":"Article","@id":"https:\/\/conversesacatalunya.cat\/es\/diagnostico-politico-societat-catalana-segun-encuestas-opinion-politica\/#article","isPartOf":{"@id":"https:\/\/conversesacatalunya.cat\/es\/diagnostico-politico-societat-catalana-segun-encuestas-opinion-politica\/"},"author":{"name":"Josep Mir\u00f3 i Ard\u00e8vol","@id":"https:\/\/conversesacatalunya.cat\/#\/schema\/person\/a9598a6786ba7d3d1c5e0de477b79370"},"headline":"Diagn\u00f3stico pol\u00edtico de la sociedad catalana seg\u00fan las encuestas de opini\u00f3n pol\u00edtica (I)","datePublished":"2025-04-07T07:45:54+00:00","dateModified":"2025-04-07T10:31:39+00:00","mainEntityOfPage":{"@id":"https:\/\/conversesacatalunya.cat\/es\/diagnostico-politico-societat-catalana-segun-encuestas-opinion-politica\/"},"wordCount":1289,"commentCount":0,"image":{"@id":"https:\/\/conversesacatalunya.cat\/es\/diagnostico-politico-societat-catalana-segun-encuestas-opinion-politica\/#primaryimage"},"thumbnailUrl":"https:\/\/conversesacatalunya.cat\/wp-content\/uploads\/2025\/04\/flag-2123796_640.jpg","keywords":["Pol\u00edtica catalana"],"articleSection":["Punts clau del dia (ES)"],"inLanguage":"es","potentialAction":[{"@type":"CommentAction","name":"Comment","target":["https:\/\/conversesacatalunya.cat\/es\/diagnostico-politico-societat-catalana-segun-encuestas-opinion-politica\/#respond"]}]},{"@type":"WebPage","@id":"https:\/\/conversesacatalunya.cat\/es\/diagnostico-politico-societat-catalana-segun-encuestas-opinion-politica\/","url":"https:\/\/conversesacatalunya.cat\/es\/diagnostico-politico-societat-catalana-segun-encuestas-opinion-politica\/","name":"Diagn\u00f3stico pol\u00edtico de la sociedad catalana seg\u00fan las encuestas de opini\u00f3n pol\u00edtica (I) - Converses a Catalunya","isPartOf":{"@id":"https:\/\/conversesacatalunya.cat\/#website"},"primaryImageOfPage":{"@id":"https:\/\/conversesacatalunya.cat\/es\/diagnostico-politico-societat-catalana-segun-encuestas-opinion-politica\/#primaryimage"},"image":{"@id":"https:\/\/conversesacatalunya.cat\/es\/diagnostico-politico-societat-catalana-segun-encuestas-opinion-politica\/#primaryimage"},"thumbnailUrl":"https:\/\/conversesacatalunya.cat\/wp-content\/uploads\/2025\/04\/flag-2123796_640.jpg","datePublished":"2025-04-07T07:45:54+00:00","dateModified":"2025-04-07T10:31:39+00:00","author":{"@id":"https:\/\/conversesacatalunya.cat\/#\/schema\/person\/a9598a6786ba7d3d1c5e0de477b79370"},"description":"A partir de los datos CEO de la Generalitat Bar\u00f3metro de Opini\u00f3n Pol\u00edtica, se presenta un diagn\u00f3stico integrado de la sociedad catalana.","breadcrumb":{"@id":"https:\/\/conversesacatalunya.cat\/es\/diagnostico-politico-societat-catalana-segun-encuestas-opinion-politica\/#breadcrumb"},"inLanguage":"es","potentialAction":[{"@type":"ReadAction","target":["https:\/\/conversesacatalunya.cat\/es\/diagnostico-politico-societat-catalana-segun-encuestas-opinion-politica\/"]}]},{"@type":"ImageObject","inLanguage":"es","@id":"https:\/\/conversesacatalunya.cat\/es\/diagnostico-politico-societat-catalana-segun-encuestas-opinion-politica\/#primaryimage","url":"https:\/\/conversesacatalunya.cat\/wp-content\/uploads\/2025\/04\/flag-2123796_640.jpg","contentUrl":"https:\/\/conversesacatalunya.cat\/wp-content\/uploads\/2025\/04\/flag-2123796_640.jpg","width":640,"height":480,"caption":"sociedad catalana pol\u00edtica"},{"@type":"BreadcrumbList","@id":"https:\/\/conversesacatalunya.cat\/es\/diagnostico-politico-societat-catalana-segun-encuestas-opinion-politica\/#breadcrumb","itemListElement":[{"@type":"ListItem","position":1,"name":"Inici","item":"https:\/\/conversesacatalunya.cat\/es\/"},{"@type":"ListItem","position":2,"name":"Diagn\u00f3stico pol\u00edtico de la sociedad catalana seg\u00fan las encuestas de opini\u00f3n pol\u00edtica (I)"}]},{"@type":"WebSite","@id":"https:\/\/conversesacatalunya.cat\/#website","url":"https:\/\/conversesacatalunya.cat\/","name":"Converses a Catalunya","description":"","potentialAction":[{"@type":"SearchAction","target":{"@type":"EntryPoint","urlTemplate":"https:\/\/conversesacatalunya.cat\/?s={search_term_string}"},"query-input":{"@type":"PropertyValueSpecification","valueRequired":true,"valueName":"search_term_string"}}],"inLanguage":"es"},{"@type":"Person","@id":"https:\/\/conversesacatalunya.cat\/#\/schema\/person\/a9598a6786ba7d3d1c5e0de477b79370","name":"Josep Mir\u00f3 i Ard\u00e8vol","image":{"@type":"ImageObject","inLanguage":"es","@id":"https:\/\/conversesacatalunya.cat\/#\/schema\/person\/image\/","url":"https:\/\/conversesacatalunya.cat\/wp-content\/litespeed\/avatar\/c37e3dc881857483d6694cdf98fdedea.jpg?ver=1777270381","contentUrl":"https:\/\/conversesacatalunya.cat\/wp-content\/litespeed\/avatar\/c37e3dc881857483d6694cdf98fdedea.jpg?ver=1777270381","caption":"Josep Mir\u00f3 i Ard\u00e8vol"},"url":"https:\/\/conversesacatalunya.cat\/es\/author\/josep-miro-i-ardevol\/"}]}},"wps_subtitle":"Catalu\u00f1a exhibe un perfil ideol\u00f3gico netamente desplazado hacia la izquierda, m\u00e1s que la media estatal en unos 30 puntos porcentuales de diferencia a favor de la izquierda.","_links":{"self":[{"href":"https:\/\/conversesacatalunya.cat\/es\/wp-json\/wp\/v2\/posts\/87065","targetHints":{"allow":["GET"]}}],"collection":[{"href":"https:\/\/conversesacatalunya.cat\/es\/wp-json\/wp\/v2\/posts"}],"about":[{"href":"https:\/\/conversesacatalunya.cat\/es\/wp-json\/wp\/v2\/types\/post"}],"author":[{"embeddable":true,"href":"https:\/\/conversesacatalunya.cat\/es\/wp-json\/wp\/v2\/users\/19"}],"replies":[{"embeddable":true,"href":"https:\/\/conversesacatalunya.cat\/es\/wp-json\/wp\/v2\/comments?post=87065"}],"version-history":[{"count":7,"href":"https:\/\/conversesacatalunya.cat\/es\/wp-json\/wp\/v2\/posts\/87065\/revisions"}],"predecessor-version":[{"id":87118,"href":"https:\/\/conversesacatalunya.cat\/es\/wp-json\/wp\/v2\/posts\/87065\/revisions\/87118"}],"wp:featuredmedia":[{"embeddable":true,"href":"https:\/\/conversesacatalunya.cat\/es\/wp-json\/wp\/v2\/media\/87063"}],"wp:attachment":[{"href":"https:\/\/conversesacatalunya.cat\/es\/wp-json\/wp\/v2\/media?parent=87065"}],"wp:term":[{"taxonomy":"category","embeddable":true,"href":"https:\/\/conversesacatalunya.cat\/es\/wp-json\/wp\/v2\/categories?post=87065"},{"taxonomy":"post_tag","embeddable":true,"href":"https:\/\/conversesacatalunya.cat\/es\/wp-json\/wp\/v2\/tags?post=87065"}],"curies":[{"name":"wp","href":"https:\/\/api.w.org\/{rel}","templated":true}]}}