{"id":86972,"date":"2025-04-02T13:53:11","date_gmt":"2025-04-02T11:53:11","guid":{"rendered":"https:\/\/conversesacatalunya.cat\/?p=86972"},"modified":"2025-04-04T13:29:13","modified_gmt":"2025-04-04T11:29:13","slug":"collboni-mosen-cinto-verdaguer","status":"publish","type":"post","link":"https:\/\/conversesacatalunya.cat\/es\/collboni-mosen-cinto-verdaguer\/","title":{"rendered":"Collboni y la eliminaci\u00f3n de la memoria religiosa en Barcelona. Ahora toca mos\u00e9n Cinto Verdaguer"},"content":{"rendered":"<p><span>Mos\u00e9n Cinto Verdaguer, conocido como\u00a0<\/span><strong><span>uno de los mayores poetas en lengua catalana<\/span><\/strong><span>\u00a0y el m\u00e1s popular de todos ellos, fue despedido en 1902 en una de las mayores manifestaciones de masas que ha vivido Catalu\u00f1a. Sin embargo, hoy en d\u00eda,\u00a0<\/span><strong><span>si se refieren a \u00e9l como Jacint Verdaguer, muchos no lo asociar\u00e1n al poeta<\/span><\/strong><span>, ya que no es la expresi\u00f3n popular con la que se le designa.<\/span><\/p>\n<p style=\"font-weight: 400;\"><span><span class=\"VIpgJd-yAWNEb-VIpgJd-fmcmS-sn54Q\">Sin embargo,\u00a0<\/span><\/span><strong><span><span class=\"VIpgJd-yAWNEb-VIpgJd-fmcmS-sn54Q\">los socialistas que gobiernan en Barcelona, \u200b\u200bcon Collboni a la cabeza, <\/span><\/span><\/strong><span><span class=\"VIpgJd-yAWNEb-VIpgJd-fmcmS-sn54Q\">acompa\u00f1ados por Esquerra Republicana, Comuns y Junts, han decidido cambiar el nombre de unos conocidos jardines en el parque de Montju\u00efc dedicados a Verdaguer, de su denominaci\u00f3n habitual a otra menos conocida, Jacint Verdaguer. En definitiva,<a href=\"https:\/\/www.elpuntavui.cat\/opinio\/article\/23-lectorescriu\/2524287-el-canvi-de-nom-dels-jardins-de-mossen-cinto.html\" target=\"_blank\" rel=\"noopener\">\u00a0<\/a><\/span><\/span><strong><span><span class=\"VIpgJd-yAWNEb-VIpgJd-fmcmS-sn54Q\">lo han despojado de su condici\u00f3n sacerdotal, una caracter\u00edstica central del personaje<\/span><\/span><\/strong><span><span class=\"VIpgJd-yAWNEb-VIpgJd-fmcmS-sn54Q\">.<\/span><\/span><\/p>\n<p style=\"font-weight: 400;\"><span>Barcelona parece no poder tener en su nomencl\u00e1tor referencia alguna que incluya alguna dimensi\u00f3n religiosa, ni siquiera en el caso de mos\u00e9n Cinto Verdaguer. No es la primera vez que ocurre.\u00a0<\/span><a href=\"https:\/\/conversesacatalunya.cat\/es\/collboni-no-quiere-nombres-de-santos-y-santas-calles-barcelona\/\" target=\"_blank\" rel=\"noopener\"><strong><span>Tres calles del barrio de\u00a0 Gr\u00e0cia<\/span><\/strong><\/a><span>,\u00a0que llevaban el nombre de tres santas de largo recorrido hist\u00f3rico (Santa \u00c1gata, Santa Magdalena y Santa Rosa), fueron cambiadas tambi\u00e9n por iniciativa de Collboni\u00a0<\/span><strong><span>por tres mujeres del barrio que llevaban el mismo nombre<\/span><\/strong><span>.\u00a0La tradici\u00f3n y costumbre de los barceloneses no importaban; se trataba de cancelar la memoria religiosa de la ciudad.<\/span><\/p>\n<p><span><span class=\"VIpgJd-yAWNEb-VIpgJd-fmcmS-sn54Q\">Si la misma atenci\u00f3n que dirige a estas cuestiones la destinara a liderar una respuesta ciudadana al problema de\u00a0<\/span><\/span><strong><span><span class=\"VIpgJd-yAWNEb-VIpgJd-fmcmS-sn54Q\">Cercan\u00edas de Renfe<\/span><\/span><\/strong><span><span class=\"VIpgJd-yAWNEb-VIpgJd-fmcmS-sn54Q\">,\u00a0sobre el que guarda un religioso silencio, impropio del defensor de los intereses de Barcelona, \u200b\u200btodo ir\u00eda mucho mejor.<\/span><\/span><\/p>\n<p style=\"font-weight: 400;\"><span>Collboni tambi\u00e9n es el primer alcalde que suprime con gran pol\u00e9mica\u00a0<\/span><a href=\"https:\/\/conversesacatalunya.cat\/es\/barcelona-desdibuja-la-navidad-estrella-sant-jaume\/\" target=\"_blank\" rel=\"noopener\"><strong><span>el pesebre municipal habitual en la plaza de Sant Jaume<\/span><\/strong><\/a><span>, como sucedi\u00f3 en las pasadas Navidades. Ni siquiera Ada Colau se atrevi\u00f3 a eliminarlo; impuls\u00f3 dise\u00f1os extra\u00f1os para que nadie lo asociara a la tradici\u00f3n, pero el pesebre se mantuvo. Collboni lo retir\u00f3, provocando una fuerte reacci\u00f3n ciudadana que dio lugar a una colocaci\u00f3n popular de belenes en la plaza por iniciativa de los propios habitantes de Barcelona.<\/span><\/p>\n<p><span><span class=\"VIpgJd-yAWNEb-VIpgJd-fmcmS-sn54Q\">De los alcaldes que ha tenido Barcelona, \u200b\u200bla mayor\u00eda de izquierdas y del Partido Socialista,\u00a0 <\/span><\/span><strong><span><span class=\"VIpgJd-yAWNEb-VIpgJd-fmcmS-sn54Q\">Collboni destaca<\/span><\/span><\/strong><span><span class=\"VIpgJd-yAWNEb-VIpgJd-fmcmS-sn54Q\">\u00a0por su celo a la hora de excluir de la memoria de la ciudad toda referencia cristiana.<\/span><\/span><\/p>\n<p style=\"font-weight: 400;\"><span><span class=\"VIpgJd-yAWNEb-VIpgJd-fmcmS-sn54Q\">Sorprende el silencio de la di\u00f3cesis afectada, que recibe, nada menos, que por parte de un cardenal con la confianza y el acceso frecuente al Papa Francisco. Si las principales autoridades eclesi\u00e1sticas no tienen nada que decir ante esta \u201climpieza\u201d de denominaciones y costumbres cristianas de la ciudad, Collboni puede seguir con esta tarea hasta que\u00a0<\/span><\/span><strong><span><span class=\"VIpgJd-yAWNEb-VIpgJd-fmcmS-sn54Q\">no quede el menor signo de lo que son fundamentos de nuestra historia, cultura y tradici\u00f3n.<\/span><\/span><\/strong><\/p>\n<p style=\"font-weight: 400;\"><span><span class=\"VIpgJd-yAWNEb-VIpgJd-fmcmS-sn54Q\">Mientras,\u00a0<\/span><\/span><strong><span><span class=\"VIpgJd-yAWNEb-VIpgJd-fmcmS-sn54Q\">el caos urbano de la ciudad crece y se multiplica hasta l\u00edmites nunca alcanzados.<\/span><\/span><\/strong><span><span class=\"VIpgJd-yAWNEb-VIpgJd-fmcmS-sn54Q\">\u00a0A pesar de ser una ciudad con buen dise\u00f1o urbano y registrar un menor uso de desplazamientos en veh\u00edculo privado en relaci\u00f3n con el conjunto de la movilidad, Barcelona presenta m\u00e1s problemas para circular. Con Colau y sus ejes verdes, la situaci\u00f3n empeor\u00f3, pero con Collboni, que adem\u00e1s mantiene los ejes verdes declarados ilegales por la justicia, todo ha ido a peor.<\/span><\/span><\/p>\n<p style=\"font-weight: 400;\"><span>Todo esto es amenizado por un gobierno que\u00a0<\/span><strong><span>solo dispone de 10 concejales sobre un total de 41.<\/span><\/strong><span>\u00a0Con esta p\u00edrrica minor\u00eda de gobierno, hace y deshace a su antojo, sobre todo lo segundo.<\/span><\/p>\n<p style=\"font-weight: 400;\"><span class='bctt-click-to-tweet'><span class='bctt-ctt-text'><a href='https:\/\/twitter.com\/intent\/tweet?url=https%3A%2F%2Fconversesacatalunya.cat%2Fes%2Fcollboni-mosen-cinto-verdaguer%2F&#038;text=Si%20se%20refieren%20a%20%C3%A9l%20como%20Jacint%20Verdaguer%2C%20muchos%20no%20lo%20asociar%C3%A1n%20al%20poeta%2C%20ya%20que%20no%20es%20la%20expresi%C3%B3n%20popular%20con%20la%20que%20se%20le%20designa%2C%20que%20es%20mos%C3%A9n%20Cinto%20Verdaguer&#038;via=conversesacat&#038;related=conversesacat' target='_blank'rel=\"noopener noreferrer\">Si se refieren a \u00e9l como Jacint Verdaguer, muchos no lo asociar\u00e1n al poeta, ya que no es la expresi\u00f3n popular con la que se le designa, que es mos\u00e9n Cinto Verdaguer <\/a><\/span><a href='https:\/\/twitter.com\/intent\/tweet?url=https%3A%2F%2Fconversesacatalunya.cat%2Fes%2Fcollboni-mosen-cinto-verdaguer%2F&#038;text=Si%20se%20refieren%20a%20%C3%A9l%20como%20Jacint%20Verdaguer%2C%20muchos%20no%20lo%20asociar%C3%A1n%20al%20poeta%2C%20ya%20que%20no%20es%20la%20expresi%C3%B3n%20popular%20con%20la%20que%20se%20le%20designa%2C%20que%20es%20mos%C3%A9n%20Cinto%20Verdaguer&#038;via=conversesacat&#038;related=conversesacat' target='_blank' class='bctt-ctt-btn'rel=\"noopener noreferrer\">Compartir en X<\/a><\/span>\n<p style=\"font-weight: 400;\">\n","protected":false},"excerpt":{"rendered":"<p>Mos\u00e9n Cinto Verdaguer, conocido como\u00a0uno de los mayores poetas en lengua catalana\u00a0y el m\u00e1s popular de todos ellos, fue despedido en 1902 en una de las mayores manifestaciones de masas que ha vivido Catalu\u00f1a. Sin embargo, hoy en d\u00eda,\u00a0si se refieren a \u00e9l como Jacint Verdaguer, muchos no lo asociar\u00e1n al poeta, ya que no es la expresi\u00f3n popular con la que se le designa. Sin embargo,\u00a0los socialistas que gobiernan en Barcelona, \u200b\u200bcon Collboni a la cabeza, acompa\u00f1ados por Esquerra Republicana, Comuns y Junts, han decidido cambiar el nombre de unos conocidos jardines en el parque de Montju\u00efc dedicados a Verdaguer, de su denominaci\u00f3n habitual a otra menos conocida, Jacint Verdaguer. En definitiva,\u00a0lo han despojado de su condici\u00f3n sacerdotal, una caracter\u00edstica central del personaje. Barcelona parece no poder tener en su nomencl\u00e1tor referencia alguna que incluya alguna dimensi\u00f3n religiosa, ni siquiera en el caso de mos\u00e9n Cinto Verdaguer. No es la primera vez que ocurre.\u00a0Tres calles del barrio de\u00a0 Gr\u00e0cia,\u00a0que llevaban el nombre de tres santas de largo recorrido hist\u00f3rico (Santa \u00c1gata, Santa Magdalena y Santa Rosa), fueron cambiadas tambi\u00e9n por iniciativa de Collboni\u00a0por tres mujeres del barrio que llevaban el mismo nombre.\u00a0La tradici\u00f3n y costumbre de los barceloneses no importaban; se trataba de cancelar la memoria religiosa de la ciudad. Si la misma atenci\u00f3n que dirige a estas cuestiones la destinara a liderar una respuesta ciudadana al problema de\u00a0Cercan\u00edas de Renfe,\u00a0sobre el que guarda un religioso silencio, impropio del defensor de los intereses de Barcelona, \u200b\u200btodo ir\u00eda mucho mejor. Collboni tambi\u00e9n es el primer alcalde que suprime con gran pol\u00e9mica\u00a0el pesebre municipal habitual en la plaza de Sant Jaume, como sucedi\u00f3 en las pasadas Navidades. Ni siquiera Ada Colau se atrevi\u00f3 a eliminarlo; impuls\u00f3 dise\u00f1os extra\u00f1os para que nadie lo asociara a la tradici\u00f3n, pero el pesebre se mantuvo. Collboni lo retir\u00f3, provocando una fuerte reacci\u00f3n ciudadana que dio lugar a una colocaci\u00f3n popular de belenes en la plaza por iniciativa de los propios habitantes de Barcelona. De los alcaldes que ha tenido Barcelona, \u200b\u200bla mayor\u00eda de izquierdas y del Partido Socialista,\u00a0 Collboni destaca\u00a0por su celo a la hora de excluir de la memoria de la ciudad toda referencia cristiana. Sorprende el silencio de la di\u00f3cesis afectada, que recibe, nada menos, que por parte de un cardenal con la confianza y el acceso frecuente al Papa Francisco. Si las principales autoridades eclesi\u00e1sticas no tienen nada que decir ante esta \u201climpieza\u201d de denominaciones y costumbres cristianas de la ciudad, Collboni puede seguir con esta tarea hasta que\u00a0no quede el menor signo de lo que son fundamentos de nuestra historia, cultura y tradici\u00f3n. Mientras,\u00a0el caos urbano de la ciudad crece y se multiplica hasta l\u00edmites nunca alcanzados.\u00a0A pesar de ser una ciudad con buen dise\u00f1o urbano y registrar un menor uso de desplazamientos en veh\u00edculo privado en relaci\u00f3n con el conjunto de la movilidad, Barcelona presenta m\u00e1s problemas para circular. Con Colau y sus ejes verdes, la situaci\u00f3n empeor\u00f3, pero con Collboni, que adem\u00e1s mantiene los ejes verdes declarados ilegales por la justicia, todo ha ido a peor. Todo esto es amenizado por un gobierno que\u00a0solo dispone de 10 concejales sobre un total de 41.\u00a0Con esta p\u00edrrica minor\u00eda de gobierno, hace y deshace a su antojo, sobre todo lo segundo.<\/p>\n","protected":false},"author":77,"featured_media":86968,"comment_status":"open","ping_status":"open","sticky":false,"template":"","format":"standard","meta":{"_FSMCFIC_featured_image_caption":"Jardins de moss\u00e8n Cinto Verdaguer","_FSMCFIC_featured_image_nocaption":"","_FSMCFIC_featured_image_hide":"","footnotes":""},"categories":[806],"tags":[5262,3707,4730],"class_list":["post-86972","post","type-post","status-publish","format-standard","has-post-thumbnail","hentry","category-punts-claus-del-dia-es","tag-calles-barcelona","tag-collboni-es","tag-jaume-collboni-es"],"yoast_head":"<!-- This site is optimized with the Yoast SEO plugin v26.8 - https:\/\/yoast.com\/product\/yoast-seo-wordpress\/ -->\n<title>Collboni y la eliminaci\u00f3n de la memoria religiosa en Barcelona. Ahora toca mos\u00e9n Cinto Verdaguer - Converses a Catalunya<\/title>\n<meta name=\"description\" content=\"Con Collboni al frente, han decidido cambiar el nombre de unos conocidos jardines de su denominaci\u00f3n habitual a otro Jacint Verdaguer\" \/>\n<meta name=\"robots\" content=\"index, follow, max-snippet:-1, max-image-preview:large, max-video-preview:-1\" \/>\n<link rel=\"canonical\" href=\"https:\/\/conversesacatalunya.cat\/es\/collboni-mosen-cinto-verdaguer\/\" \/>\n<meta property=\"og:locale\" content=\"es_ES\" \/>\n<meta property=\"og:type\" content=\"article\" \/>\n<meta property=\"og:title\" content=\"Collboni y la eliminaci\u00f3n de la memoria religiosa en Barcelona. Ahora toca mos\u00e9n Cinto Verdaguer - Converses a Catalunya\" \/>\n<meta property=\"og:description\" content=\"Con Collboni al frente, han decidido cambiar el nombre de unos conocidos jardines de su denominaci\u00f3n habitual a otro Jacint Verdaguer\" \/>\n<meta property=\"og:url\" content=\"https:\/\/conversesacatalunya.cat\/es\/collboni-mosen-cinto-verdaguer\/\" \/>\n<meta property=\"og:site_name\" content=\"Converses a Catalunya\" \/>\n<meta property=\"article:published_time\" content=\"2025-04-02T11:53:11+00:00\" \/>\n<meta property=\"article:modified_time\" content=\"2025-04-04T11:29:13+00:00\" \/>\n<meta property=\"og:image\" content=\"https:\/\/conversesacatalunya.cat\/wp-content\/uploads\/2025\/04\/jardins-mossen-cinto-1.jpg\" \/>\n\t<meta property=\"og:image:width\" content=\"900\" \/>\n\t<meta property=\"og:image:height\" content=\"511\" \/>\n\t<meta property=\"og:image:type\" content=\"image\/jpeg\" \/>\n<meta name=\"author\" content=\"Enric Casanovas\" \/>\n<meta name=\"twitter:card\" content=\"summary_large_image\" \/>\n<meta name=\"twitter:label1\" content=\"Escrito por\" \/>\n\t<meta name=\"twitter:data1\" content=\"Enric Casanovas\" \/>\n\t<meta name=\"twitter:label2\" content=\"Tiempo de lectura\" \/>\n\t<meta name=\"twitter:data2\" content=\"3 minutos\" \/>\n<script type=\"application\/ld+json\" class=\"yoast-schema-graph\">{\"@context\":\"https:\/\/schema.org\",\"@graph\":[{\"@type\":\"Article\",\"@id\":\"https:\/\/conversesacatalunya.cat\/es\/collboni-mosen-cinto-verdaguer\/#article\",\"isPartOf\":{\"@id\":\"https:\/\/conversesacatalunya.cat\/es\/collboni-mosen-cinto-verdaguer\/\"},\"author\":{\"name\":\"Enric Casanovas\",\"@id\":\"https:\/\/conversesacatalunya.cat\/#\/schema\/person\/79bd0577b2f3afc8d6519d207c6e8609\"},\"headline\":\"Collboni y la eliminaci\u00f3n de la memoria religiosa en Barcelona. Ahora toca mos\u00e9n Cinto Verdaguer\",\"datePublished\":\"2025-04-02T11:53:11+00:00\",\"dateModified\":\"2025-04-04T11:29:13+00:00\",\"mainEntityOfPage\":{\"@id\":\"https:\/\/conversesacatalunya.cat\/es\/collboni-mosen-cinto-verdaguer\/\"},\"wordCount\":651,\"commentCount\":0,\"image\":{\"@id\":\"https:\/\/conversesacatalunya.cat\/es\/collboni-mosen-cinto-verdaguer\/#primaryimage\"},\"thumbnailUrl\":\"https:\/\/conversesacatalunya.cat\/wp-content\/uploads\/2025\/04\/jardins-mossen-cinto-1.jpg\",\"keywords\":[\"calles Barcelona\",\"Collboni\",\"Jaume Collboni\"],\"articleSection\":[\"Punts clau del dia (ES)\"],\"inLanguage\":\"es\",\"potentialAction\":[{\"@type\":\"CommentAction\",\"name\":\"Comment\",\"target\":[\"https:\/\/conversesacatalunya.cat\/es\/collboni-mosen-cinto-verdaguer\/#respond\"]}]},{\"@type\":\"WebPage\",\"@id\":\"https:\/\/conversesacatalunya.cat\/es\/collboni-mosen-cinto-verdaguer\/\",\"url\":\"https:\/\/conversesacatalunya.cat\/es\/collboni-mosen-cinto-verdaguer\/\",\"name\":\"Collboni y la eliminaci\u00f3n de la memoria religiosa en Barcelona. Ahora toca mos\u00e9n Cinto Verdaguer - Converses a Catalunya\",\"isPartOf\":{\"@id\":\"https:\/\/conversesacatalunya.cat\/#website\"},\"primaryImageOfPage\":{\"@id\":\"https:\/\/conversesacatalunya.cat\/es\/collboni-mosen-cinto-verdaguer\/#primaryimage\"},\"image\":{\"@id\":\"https:\/\/conversesacatalunya.cat\/es\/collboni-mosen-cinto-verdaguer\/#primaryimage\"},\"thumbnailUrl\":\"https:\/\/conversesacatalunya.cat\/wp-content\/uploads\/2025\/04\/jardins-mossen-cinto-1.jpg\",\"datePublished\":\"2025-04-02T11:53:11+00:00\",\"dateModified\":\"2025-04-04T11:29:13+00:00\",\"author\":{\"@id\":\"https:\/\/conversesacatalunya.cat\/#\/schema\/person\/79bd0577b2f3afc8d6519d207c6e8609\"},\"description\":\"Con Collboni al frente, han decidido cambiar el nombre de unos conocidos jardines de su denominaci\u00f3n habitual a otro Jacint Verdaguer\",\"breadcrumb\":{\"@id\":\"https:\/\/conversesacatalunya.cat\/es\/collboni-mosen-cinto-verdaguer\/#breadcrumb\"},\"inLanguage\":\"es\",\"potentialAction\":[{\"@type\":\"ReadAction\",\"target\":[\"https:\/\/conversesacatalunya.cat\/es\/collboni-mosen-cinto-verdaguer\/\"]}]},{\"@type\":\"ImageObject\",\"inLanguage\":\"es\",\"@id\":\"https:\/\/conversesacatalunya.cat\/es\/collboni-mosen-cinto-verdaguer\/#primaryimage\",\"url\":\"https:\/\/conversesacatalunya.cat\/wp-content\/uploads\/2025\/04\/jardins-mossen-cinto-1.jpg\",\"contentUrl\":\"https:\/\/conversesacatalunya.cat\/wp-content\/uploads\/2025\/04\/jardins-mossen-cinto-1.jpg\",\"width\":900,\"height\":511,\"caption\":\"Collboni Jacint Verdaguer\"},{\"@type\":\"BreadcrumbList\",\"@id\":\"https:\/\/conversesacatalunya.cat\/es\/collboni-mosen-cinto-verdaguer\/#breadcrumb\",\"itemListElement\":[{\"@type\":\"ListItem\",\"position\":1,\"name\":\"Inici\",\"item\":\"https:\/\/conversesacatalunya.cat\/es\/\"},{\"@type\":\"ListItem\",\"position\":2,\"name\":\"Collboni y la eliminaci\u00f3n de la memoria religiosa en Barcelona. Ahora toca mos\u00e9n Cinto Verdaguer\"}]},{\"@type\":\"WebSite\",\"@id\":\"https:\/\/conversesacatalunya.cat\/#website\",\"url\":\"https:\/\/conversesacatalunya.cat\/\",\"name\":\"Converses a Catalunya\",\"description\":\"\",\"potentialAction\":[{\"@type\":\"SearchAction\",\"target\":{\"@type\":\"EntryPoint\",\"urlTemplate\":\"https:\/\/conversesacatalunya.cat\/?s={search_term_string}\"},\"query-input\":{\"@type\":\"PropertyValueSpecification\",\"valueRequired\":true,\"valueName\":\"search_term_string\"}}],\"inLanguage\":\"es\"},{\"@type\":\"Person\",\"@id\":\"https:\/\/conversesacatalunya.cat\/#\/schema\/person\/79bd0577b2f3afc8d6519d207c6e8609\",\"name\":\"Enric Casanovas\",\"image\":{\"@type\":\"ImageObject\",\"inLanguage\":\"es\",\"@id\":\"https:\/\/conversesacatalunya.cat\/#\/schema\/person\/image\/\",\"url\":\"https:\/\/conversesacatalunya.cat\/wp-content\/litespeed\/avatar\/7ae4379ad4421ec77820e92afd36dd78.jpg?ver=1777373933\",\"contentUrl\":\"https:\/\/conversesacatalunya.cat\/wp-content\/litespeed\/avatar\/7ae4379ad4421ec77820e92afd36dd78.jpg?ver=1777373933\",\"caption\":\"Enric Casanovas\"},\"url\":\"https:\/\/conversesacatalunya.cat\/es\/author\/enric-casanovas\/\"}]}<\/script>\n<!-- \/ Yoast SEO plugin. -->","yoast_head_json":{"title":"Collboni y la eliminaci\u00f3n de la memoria religiosa en Barcelona. Ahora toca mos\u00e9n Cinto Verdaguer - Converses a Catalunya","description":"Con Collboni al frente, han decidido cambiar el nombre de unos conocidos jardines de su denominaci\u00f3n habitual a otro Jacint Verdaguer","robots":{"index":"index","follow":"follow","max-snippet":"max-snippet:-1","max-image-preview":"max-image-preview:large","max-video-preview":"max-video-preview:-1"},"canonical":"https:\/\/conversesacatalunya.cat\/es\/collboni-mosen-cinto-verdaguer\/","og_locale":"es_ES","og_type":"article","og_title":"Collboni y la eliminaci\u00f3n de la memoria religiosa en Barcelona. Ahora toca mos\u00e9n Cinto Verdaguer - Converses a Catalunya","og_description":"Con Collboni al frente, han decidido cambiar el nombre de unos conocidos jardines de su denominaci\u00f3n habitual a otro Jacint Verdaguer","og_url":"https:\/\/conversesacatalunya.cat\/es\/collboni-mosen-cinto-verdaguer\/","og_site_name":"Converses a Catalunya","article_published_time":"2025-04-02T11:53:11+00:00","article_modified_time":"2025-04-04T11:29:13+00:00","og_image":[{"width":900,"height":511,"url":"https:\/\/conversesacatalunya.cat\/wp-content\/uploads\/2025\/04\/jardins-mossen-cinto-1.jpg","type":"image\/jpeg"}],"author":"Enric Casanovas","twitter_card":"summary_large_image","twitter_misc":{"Escrito por":"Enric Casanovas","Tiempo de lectura":"3 minutos"},"schema":{"@context":"https:\/\/schema.org","@graph":[{"@type":"Article","@id":"https:\/\/conversesacatalunya.cat\/es\/collboni-mosen-cinto-verdaguer\/#article","isPartOf":{"@id":"https:\/\/conversesacatalunya.cat\/es\/collboni-mosen-cinto-verdaguer\/"},"author":{"name":"Enric Casanovas","@id":"https:\/\/conversesacatalunya.cat\/#\/schema\/person\/79bd0577b2f3afc8d6519d207c6e8609"},"headline":"Collboni y la eliminaci\u00f3n de la memoria religiosa en Barcelona. Ahora toca mos\u00e9n Cinto Verdaguer","datePublished":"2025-04-02T11:53:11+00:00","dateModified":"2025-04-04T11:29:13+00:00","mainEntityOfPage":{"@id":"https:\/\/conversesacatalunya.cat\/es\/collboni-mosen-cinto-verdaguer\/"},"wordCount":651,"commentCount":0,"image":{"@id":"https:\/\/conversesacatalunya.cat\/es\/collboni-mosen-cinto-verdaguer\/#primaryimage"},"thumbnailUrl":"https:\/\/conversesacatalunya.cat\/wp-content\/uploads\/2025\/04\/jardins-mossen-cinto-1.jpg","keywords":["calles Barcelona","Collboni","Jaume Collboni"],"articleSection":["Punts clau del dia (ES)"],"inLanguage":"es","potentialAction":[{"@type":"CommentAction","name":"Comment","target":["https:\/\/conversesacatalunya.cat\/es\/collboni-mosen-cinto-verdaguer\/#respond"]}]},{"@type":"WebPage","@id":"https:\/\/conversesacatalunya.cat\/es\/collboni-mosen-cinto-verdaguer\/","url":"https:\/\/conversesacatalunya.cat\/es\/collboni-mosen-cinto-verdaguer\/","name":"Collboni y la eliminaci\u00f3n de la memoria religiosa en Barcelona. Ahora toca mos\u00e9n Cinto Verdaguer - Converses a Catalunya","isPartOf":{"@id":"https:\/\/conversesacatalunya.cat\/#website"},"primaryImageOfPage":{"@id":"https:\/\/conversesacatalunya.cat\/es\/collboni-mosen-cinto-verdaguer\/#primaryimage"},"image":{"@id":"https:\/\/conversesacatalunya.cat\/es\/collboni-mosen-cinto-verdaguer\/#primaryimage"},"thumbnailUrl":"https:\/\/conversesacatalunya.cat\/wp-content\/uploads\/2025\/04\/jardins-mossen-cinto-1.jpg","datePublished":"2025-04-02T11:53:11+00:00","dateModified":"2025-04-04T11:29:13+00:00","author":{"@id":"https:\/\/conversesacatalunya.cat\/#\/schema\/person\/79bd0577b2f3afc8d6519d207c6e8609"},"description":"Con Collboni al frente, han decidido cambiar el nombre de unos conocidos jardines de su denominaci\u00f3n habitual a otro Jacint Verdaguer","breadcrumb":{"@id":"https:\/\/conversesacatalunya.cat\/es\/collboni-mosen-cinto-verdaguer\/#breadcrumb"},"inLanguage":"es","potentialAction":[{"@type":"ReadAction","target":["https:\/\/conversesacatalunya.cat\/es\/collboni-mosen-cinto-verdaguer\/"]}]},{"@type":"ImageObject","inLanguage":"es","@id":"https:\/\/conversesacatalunya.cat\/es\/collboni-mosen-cinto-verdaguer\/#primaryimage","url":"https:\/\/conversesacatalunya.cat\/wp-content\/uploads\/2025\/04\/jardins-mossen-cinto-1.jpg","contentUrl":"https:\/\/conversesacatalunya.cat\/wp-content\/uploads\/2025\/04\/jardins-mossen-cinto-1.jpg","width":900,"height":511,"caption":"Collboni Jacint Verdaguer"},{"@type":"BreadcrumbList","@id":"https:\/\/conversesacatalunya.cat\/es\/collboni-mosen-cinto-verdaguer\/#breadcrumb","itemListElement":[{"@type":"ListItem","position":1,"name":"Inici","item":"https:\/\/conversesacatalunya.cat\/es\/"},{"@type":"ListItem","position":2,"name":"Collboni y la eliminaci\u00f3n de la memoria religiosa en Barcelona. Ahora toca mos\u00e9n Cinto Verdaguer"}]},{"@type":"WebSite","@id":"https:\/\/conversesacatalunya.cat\/#website","url":"https:\/\/conversesacatalunya.cat\/","name":"Converses a Catalunya","description":"","potentialAction":[{"@type":"SearchAction","target":{"@type":"EntryPoint","urlTemplate":"https:\/\/conversesacatalunya.cat\/?s={search_term_string}"},"query-input":{"@type":"PropertyValueSpecification","valueRequired":true,"valueName":"search_term_string"}}],"inLanguage":"es"},{"@type":"Person","@id":"https:\/\/conversesacatalunya.cat\/#\/schema\/person\/79bd0577b2f3afc8d6519d207c6e8609","name":"Enric Casanovas","image":{"@type":"ImageObject","inLanguage":"es","@id":"https:\/\/conversesacatalunya.cat\/#\/schema\/person\/image\/","url":"https:\/\/conversesacatalunya.cat\/wp-content\/litespeed\/avatar\/7ae4379ad4421ec77820e92afd36dd78.jpg?ver=1777373933","contentUrl":"https:\/\/conversesacatalunya.cat\/wp-content\/litespeed\/avatar\/7ae4379ad4421ec77820e92afd36dd78.jpg?ver=1777373933","caption":"Enric Casanovas"},"url":"https:\/\/conversesacatalunya.cat\/es\/author\/enric-casanovas\/"}]}},"wps_subtitle":"Barcelona parece no poder tener en su nomencl\u00e1tor referencia alguna que incluya alguna dimensi\u00f3n religiosa, ni siquiera en el caso de mos\u00e9n Cinto Verdaguer.","_links":{"self":[{"href":"https:\/\/conversesacatalunya.cat\/es\/wp-json\/wp\/v2\/posts\/86972","targetHints":{"allow":["GET"]}}],"collection":[{"href":"https:\/\/conversesacatalunya.cat\/es\/wp-json\/wp\/v2\/posts"}],"about":[{"href":"https:\/\/conversesacatalunya.cat\/es\/wp-json\/wp\/v2\/types\/post"}],"author":[{"embeddable":true,"href":"https:\/\/conversesacatalunya.cat\/es\/wp-json\/wp\/v2\/users\/77"}],"replies":[{"embeddable":true,"href":"https:\/\/conversesacatalunya.cat\/es\/wp-json\/wp\/v2\/comments?post=86972"}],"version-history":[{"count":7,"href":"https:\/\/conversesacatalunya.cat\/es\/wp-json\/wp\/v2\/posts\/86972\/revisions"}],"predecessor-version":[{"id":87043,"href":"https:\/\/conversesacatalunya.cat\/es\/wp-json\/wp\/v2\/posts\/86972\/revisions\/87043"}],"wp:featuredmedia":[{"embeddable":true,"href":"https:\/\/conversesacatalunya.cat\/es\/wp-json\/wp\/v2\/media\/86968"}],"wp:attachment":[{"href":"https:\/\/conversesacatalunya.cat\/es\/wp-json\/wp\/v2\/media?parent=86972"}],"wp:term":[{"taxonomy":"category","embeddable":true,"href":"https:\/\/conversesacatalunya.cat\/es\/wp-json\/wp\/v2\/categories?post=86972"},{"taxonomy":"post_tag","embeddable":true,"href":"https:\/\/conversesacatalunya.cat\/es\/wp-json\/wp\/v2\/tags?post=86972"}],"curies":[{"name":"wp","href":"https:\/\/api.w.org\/{rel}","templated":true}]}}