{"id":86896,"date":"2025-04-01T12:00:04","date_gmt":"2025-04-01T10:00:04","guid":{"rendered":"https:\/\/conversesacatalunya.cat\/?p=86896"},"modified":"2025-04-01T13:03:49","modified_gmt":"2025-04-01T11:03:49","slug":"generalitat-de-catalunya-un-gobierno-subalterno-algunas-claves-de-ultima-encuesta-del-ceo","status":"publish","type":"post","link":"https:\/\/conversesacatalunya.cat\/es\/generalitat-de-catalunya-un-gobierno-subalterno-algunas-claves-de-ultima-encuesta-del-ceo\/","title":{"rendered":"Generalitat de Catalunya, un gobierno subalterno. Algunas claves de la \u00faltima encuesta del CEO"},"content":{"rendered":"<div><span><span class=\"VIpgJd-yAWNEb-VIpgJd-fmcmS-sn54Q\">El \u00faltimo bar\u00f3metro del CEO (Centro de Estudios de Opini\u00f3n de la Generalitat), el primero de este a\u00f1o 2025, ha tenido una amplia difusi\u00f3n en los medios de comunicaci\u00f3n, especialmente en lo que se refiere a sus\u00a0<\/span><\/span><strong><span><span class=\"VIpgJd-yAWNEb-VIpgJd-fmcmS-sn54Q\">predicciones electorales<\/span><\/span><\/strong><span><span class=\"VIpgJd-yAWNEb-VIpgJd-fmcmS-sn54Q\">\u00a0<\/span><\/span><\/div>\n<div><\/div>\n<div><\/div>\n<div><\/div>\n<div class=\"ssba-modern-2 ssba ssbp-wrap aligncenter ssbp--theme-1\"><span><span class=\"VIpgJd-yAWNEb-VIpgJd-fmcmS-sn54Q\">El \u00faltimo bar\u00f3metro del CEO (Centro de Estudios de Opini\u00f3n de la Generalitat), el primero de este a\u00f1o 2025, ha tenido una amplia difusi\u00f3n en los medios de comunicaci\u00f3n, especialmente en lo que se refiere a sus\u00a0<\/span><\/span><strong><span><span class=\"VIpgJd-yAWNEb-VIpgJd-fmcmS-sn54Q\">predicciones electorales.<\/span><\/span><\/strong><\/div>\n<p><span><span class=\"VIpgJd-yAWNEb-VIpgJd-fmcmS-sn54Q\">Sin embargo, por otra parte,\u00a0<\/span><\/span><strong><span><span class=\"VIpgJd-yAWNEb-VIpgJd-fmcmS-sn54Q\">han pasado por alto algunos elementos clave en la interpretaci\u00f3n<\/span><\/span><\/strong><span><span class=\"VIpgJd-yAWNEb-VIpgJd-fmcmS-sn54Q\">\u00a0de cu\u00e1l es la realidad de este momento pol\u00edtico.<\/span><\/span><\/p>\n<h4><strong><span><span class=\"VIpgJd-yAWNEb-VIpgJd-fmcmS-sn54Q\">Algunas claves de la \u00faltima encuesta del CEO<\/span><\/span><\/strong><\/h4>\n<p><span><span class=\"VIpgJd-yAWNEb-VIpgJd-fmcmS-sn54Q\">En las preferencias por ser presidente de la Generalitat,\u00a0<\/span><\/span><strong><span><span class=\"VIpgJd-yAWNEb-VIpgJd-fmcmS-sn54Q\">Salvador Illa no es la primera opci\u00f3n como han establecido varios medios de comunicaci\u00f3n, sino la tercera<\/span><\/span><\/strong><span><span class=\"VIpgJd-yAWNEb-VIpgJd-fmcmS-sn54Q\">, porque la primera preferencia, y es muy significativa, con el\u00a0<\/span><\/span><strong><span><span class=\"VIpgJd-yAWNEb-VIpgJd-fmcmS-sn54Q\">27% de las opiniones, es \u201cnadie\u201d;<\/span><\/span><\/strong><span><span class=\"VIpgJd-yAWNEb-VIpgJd-fmcmS-sn54Q\">\u00a0en otras palabras, m\u00e1s de 1\/4 de los electores consideran que, de los candidatos conocidos y entre ellos el propio presidente actual de la\u00a0<\/span><\/span><strong><span><span class=\"VIpgJd-yAWNEb-VIpgJd-fmcmS-sn54Q\">Generalitat, ninguno merece su preferencia<\/span><\/span><\/strong><span><span class=\"VIpgJd-yAWNEb-VIpgJd-fmcmS-sn54Q\">.<\/span><\/span><\/p>\n<p><strong><span><span class=\"VIpgJd-yAWNEb-VIpgJd-fmcmS-sn54Q\">La segunda opci\u00f3n es el \u00abno sabe, no contesta\u00bb<\/span><\/span><\/strong><span><span class=\"VIpgJd-yAWNEb-VIpgJd-fmcmS-sn54Q\">, con un 23%. Tambi\u00e9n en este caso, cerca de 1 de cada cuatro catalanes no sabr\u00eda qui\u00e9n elegir, lo que significa que o bien no tiene conocimiento de los que existen, entre ellos el propio presidente de la Generalitat, o no tiene un criterio definido para elegirlo.<\/span><\/span><\/p>\n<p><span><span class=\"VIpgJd-yAWNEb-VIpgJd-fmcmS-sn54Q\">Con\u00a0<\/span><\/span><strong><span><span class=\"VIpgJd-yAWNEb-VIpgJd-fmcmS-sn54Q\">el 22% de las preferencias aparece Salvador Illa<\/span><\/span><\/strong><span><span class=\"VIpgJd-yAWNEb-VIpgJd-fmcmS-sn54Q\">, lo que significa que tenemos un presidente que solo es visto como tal por algo m\u00e1s de 1 de cada 5 catalanes. Esto demuestra que se trata de una presidencia muy d\u00e9bil,\u00a0<\/span><\/span><strong><span><span class=\"VIpgJd-yAWNEb-VIpgJd-fmcmS-sn54Q\">con escaso reconocimiento<\/span><\/span><\/strong><span><span class=\"VIpgJd-yAWNEb-VIpgJd-fmcmS-sn54Q\">.<\/span><\/span><\/p>\n<p>&nbsp;<\/p>\n<blockquote><p><span>Con estas cifras, en un sistema democr\u00e1tico no se podr\u00eda gobernar y deber\u00edan forjarse alianzas para conseguir un asentimiento m\u00e1s amplio<\/span><\/p><\/blockquote>\n<p><span>Con estas cifras, en un sistema democr\u00e1tico no se podr\u00eda gobernar y deber\u00edan forjarse alianzas para conseguir un asentimiento m\u00e1s amplio, pero no es as\u00ed y gobierna 41 diputados sobre un total de 135; es decir, gobierna con algo m\u00e1s del 30% de los esca\u00f1os, ni siquiera llega a la tercera parte, lo que constituye otra debilidad democr\u00e1tica que <strong>no existe en ning\u00fan otro lugar de Europa<\/strong>.<\/span><\/p>\n<h5><span>Constituye la gran anomal\u00eda catalana de que tengamos un presidente que cuenta hoy con el\u00a0<\/span><strong><span>22%<\/span><\/strong><span>\u00a0de las preferencias y un partido que tiene el 30% de la gente de los votos, que traducido sobre la base total del censo electoral significa solo el\u00a0<\/span><strong><span>18%<\/span><\/strong><span>. Esta es la representatividad real de quien nos gobierna.<\/span><\/h5>\n<p><span><span class=\"VIpgJd-yAWNEb-VIpgJd-fmcmS-sn54Q\">Seg\u00fan la encuesta del CEO, s\u00f3lo dos partidos mejoran. Uno de ellos, de forma extraordinaria, es\u00a0<\/span><\/span><strong><span><span class=\"VIpgJd-yAWNEb-VIpgJd-fmcmS-sn54Q\">Alian\u00e7a Catalana (AC)<\/span><\/span><\/strong><span><span class=\"VIpgJd-yAWNEb-VIpgJd-fmcmS-sn54Q\">,\u00a0que crece entre un 300% y un 400%, est\u00e1 claro que lo hace desde el nivel m\u00ednimo de 2 diputados. El otro partido que crece es\u00a0<\/span><\/span><strong><span><span class=\"VIpgJd-yAWNEb-VIpgJd-fmcmS-sn54Q\">ERC<\/span><\/span><\/strong><span><span class=\"VIpgJd-yAWNEb-VIpgJd-fmcmS-sn54Q\">, aproximadamente un 10%, que en t\u00e9rminos absolutos m\u00e1s que dobla a Alian\u00e7a Catalana.<\/span><\/span><\/p>\n<p><strong><span><span class=\"VIpgJd-yAWNEb-VIpgJd-fmcmS-sn54Q\">Un solo partido retrocede significativamente. Se trata de Junts<\/span><\/span><\/strong><span><span class=\"VIpgJd-yAWNEb-VIpgJd-fmcmS-sn54Q\">,\u00a0que disminuye un 20% el n\u00famero de esca\u00f1os. Es una p\u00e9rdida importante que beneficia a AC sobre todo y en grado m\u00e1s bajo a ERC.<\/span><\/span><\/p>\n<p>&nbsp;<\/p>\n<blockquote><p><strong><span>Cada vez es m\u00e1s evidente que Junts y sus liderazgos son incapaces de avanzar hacia la hegemon\u00eda que en su momento posey\u00f3 CDC<\/span><\/strong><\/p><\/blockquote>\n<p><span><span class=\"VIpgJd-yAWNEb-VIpgJd-fmcmS-sn54Q\">Cada vez es m\u00e1s evidente que\u00a0<\/span><\/span><strong><span><span class=\"VIpgJd-yAWNEb-VIpgJd-fmcmS-sn54Q\">Junts y sus liderazgos son incapaces de avanzar hacia la hegemon\u00eda<\/span><\/span><\/strong><span><span class=\"VIpgJd-yAWNEb-VIpgJd-fmcmS-sn54Q\">\u00a0que en su d\u00eda posey\u00f3 CDC; son una fuerza secundaria y aislada, incapaz de construir una oposici\u00f3n digna de tal nombre a una mayor\u00eda tan pobre como la de Illa. En realidad, este\u00a0<\/span><\/span><strong><span><span class=\"VIpgJd-yAWNEb-VIpgJd-fmcmS-sn54Q\">gobierna en estos t\u00e9rminos m\u00e1s por incapacidad de la oposici\u00f3n que por la fuerza de sus votos<\/span><\/span><\/strong><span><span class=\"VIpgJd-yAWNEb-VIpgJd-fmcmS-sn54Q\">. Junts tiene un rendimiento tan pobre, adem\u00e1s, porque no posee una figura que lidere sobre el conjunto de la sociedad, a lo que se a\u00f1ade que, en estos momentos, no est\u00e1 nada claro cu\u00e1l es realmente la caracterizaci\u00f3n pol\u00edtica de esta opci\u00f3n.<\/span><\/span><\/p>\n<p><span>Los resultados de la encuesta del CEO se\u00f1alan a una sociedad catalana muy escorada a la izquierda, tanto es as\u00ed que puede ofrecer dudas sobre si la muestra es suficientemente representativa o bien presenta un sesgo favorable al electorado de aquella orientaci\u00f3n pol\u00edtica.<\/span><\/p>\n<p><span>Un factor de duda puede aumentar esta impresi\u00f3n:\u00a0<\/span><strong><span>la elevada preferencia que muestran los catalanes por el presidente S\u00e1nchez, un 31%<\/span><\/strong><span>, por tan solo un\u00a0<\/span><strong><span>3% hacia N\u00fa\u00f1ez Feij\u00f3o.<\/span><\/strong><span>\u00a0Su preferencia es tan baja para ser presidente del Gobierno de Espa\u00f1a que se ve incluso\u00a0<\/span><strong><span>superado por Santiago Abascal,\u00a0<\/span><\/strong><span><\/span><strong><span>que alcanza el 4%<\/span><\/strong><span>,\u00a0aunque esta diferencia, dado el error de la muestra, no tenga significaci\u00f3n.<\/span><\/p>\n<p><span>Pero s\u00ed la tiene, y muy fuerte, la enorme distancia entre ambos en Catalu\u00f1a, que no parece responder bien a las preferencias electorales, sobre todo hacia los populares, en unas elecciones generales que en otras encuestas aparecen con cifras claramente superiores.<\/span><\/p>\n<p><span><span class=\"VIpgJd-yAWNEb-VIpgJd-fmcmS-sn54Q\">En cualquier caso, las \u00f3rdenes de magnitud de la encuesta se\u00f1alan un resultado francamente contrario para una concepci\u00f3n,\u00a0<\/span><\/span><a href=\"https:\/\/conversesacatalunya.cat\/es\/els-partits-independentistes-o-lengany-com-a-sistema\/\" target=\"_blank\" rel=\"noopener\"><strong><span><span class=\"VIpgJd-yAWNEb-VIpgJd-fmcmS-sn54Q\">no ya independentista<\/span><\/span><\/strong><\/a><span><span class=\"VIpgJd-yAWNEb-VIpgJd-fmcmS-sn54Q\">,\u00a0sino simplemente catalanista y partidaria del hecho diferencial catal\u00e1n, porque resulta que tenemos un presidente del Gobierno espa\u00f1ol que es abrumadoramente preferido en comparaci\u00f3n con el presidente de la Generalitat.<\/span><\/span><\/p>\n<p><span>Si a esto se le suma la sujeci\u00f3n org\u00e1nica de Illa a S\u00e1nchez, y del PSC al PSOE, de quien en la pr\u00e1ctica es una simple federaci\u00f3n, deberemos reconocer que\u00a0<\/span><strong><span>desde la recuperaci\u00f3n de la autonom\u00eda en Catalu\u00f1a nunca hab\u00eda existido en la Generalitat un gobierno m\u00e1s subalterno al Gobierno espa\u00f1ol que el actual.<\/span><\/strong><span>\u00a0Bien mirado, no deja de ser una de las grandes paradojas del Proc\u00e9s: la derrota no ya del independentismo, sino del catalanismo.<\/span><\/p>\n<p><span>\u00bfQuiz\u00e1s este ser\u00e1 el estado definitivo de Catalu\u00f1a?<\/span><\/p>\n<span class='bctt-click-to-tweet'><span class='bctt-ctt-text'><a href='https:\/\/twitter.com\/intent\/tweet?url=https%3A%2F%2Fconversesacatalunya.cat%2Fes%2Fgeneralitat-de-catalunya-un-gobierno-subalterno-algunas-claves-de-ultima-encuesta-del-ceo%2F&#038;text=Las%20%C3%B3rdenes%20de%20magnitud%20de%20la%20encuesta%20se%C3%B1alan%20un%20resultado%20francamente%20contrario%20para%20una%20concepci%C3%B3n%2C%20no%20ya%20independentista%2C%20sino%20simplemente%20catalanista%20y%20partidaria%20del%20hecho%20diferencial%20catal%C3%A1n&#038;via=conversesacat&#038;related=conversesacat' target='_blank'rel=\"noopener noreferrer\">Las \u00f3rdenes de magnitud de la encuesta se\u00f1alan un resultado francamente contrario para una concepci\u00f3n, no ya independentista, sino simplemente catalanista y partidaria del hecho diferencial catal\u00e1n <\/a><\/span><a href='https:\/\/twitter.com\/intent\/tweet?url=https%3A%2F%2Fconversesacatalunya.cat%2Fes%2Fgeneralitat-de-catalunya-un-gobierno-subalterno-algunas-claves-de-ultima-encuesta-del-ceo%2F&#038;text=Las%20%C3%B3rdenes%20de%20magnitud%20de%20la%20encuesta%20se%C3%B1alan%20un%20resultado%20francamente%20contrario%20para%20una%20concepci%C3%B3n%2C%20no%20ya%20independentista%2C%20sino%20simplemente%20catalanista%20y%20partidaria%20del%20hecho%20diferencial%20catal%C3%A1n&#038;via=conversesacat&#038;related=conversesacat' target='_blank' class='bctt-ctt-btn'rel=\"noopener noreferrer\">Compartir en X<\/a><\/span>\n<p>&nbsp;<\/p>\n<p>&nbsp;<\/p>\n","protected":false},"excerpt":{"rendered":"<p>El \u00faltimo bar\u00f3metro del CEO (Centro de Estudios de Opini\u00f3n de la Generalitat), el primero de este a\u00f1o 2025, ha tenido una amplia difusi\u00f3n en los medios de comunicaci\u00f3n, especialmente en lo que se refiere a sus\u00a0predicciones electorales\u00a0 El \u00faltimo bar\u00f3metro del CEO (Centro de Estudios de Opini\u00f3n de la Generalitat), el primero de este a\u00f1o 2025, ha tenido una amplia difusi\u00f3n en los medios de comunicaci\u00f3n, especialmente en lo que se refiere a sus\u00a0predicciones electorales. Sin embargo, por otra parte,\u00a0han pasado por alto algunos elementos clave en la interpretaci\u00f3n\u00a0de cu\u00e1l es la realidad de este momento pol\u00edtico. Algunas claves de la \u00faltima encuesta del CEO En las preferencias por ser presidente de la Generalitat,\u00a0Salvador Illa no es la primera opci\u00f3n como han establecido varios medios de comunicaci\u00f3n, sino la tercera, porque la primera preferencia, y es muy significativa, con el\u00a027% de las opiniones, es \u201cnadie\u201d;\u00a0en otras palabras, m\u00e1s de 1\/4 de los electores consideran que, de los candidatos conocidos y entre ellos el propio presidente actual de la\u00a0Generalitat, ninguno merece su preferencia. La segunda opci\u00f3n es el \u00abno sabe, no contesta\u00bb, con un 23%. Tambi\u00e9n en este caso, cerca de 1 de cada cuatro catalanes no sabr\u00eda qui\u00e9n elegir, lo que significa que o bien no tiene conocimiento de los que existen, entre ellos el propio presidente de la Generalitat, o no tiene un criterio definido para elegirlo. Con\u00a0el 22% de las preferencias aparece Salvador Illa, lo que significa que tenemos un presidente que solo es visto como tal por algo m\u00e1s de 1 de cada 5 catalanes. Esto demuestra que se trata de una presidencia muy d\u00e9bil,\u00a0con escaso reconocimiento. &nbsp; Con estas cifras, en un sistema democr\u00e1tico no se podr\u00eda gobernar y deber\u00edan forjarse alianzas para conseguir un asentimiento m\u00e1s amplio Con estas cifras, en un sistema democr\u00e1tico no se podr\u00eda gobernar y deber\u00edan forjarse alianzas para conseguir un asentimiento m\u00e1s amplio, pero no es as\u00ed y gobierna 41 diputados sobre un total de 135; es decir, gobierna con algo m\u00e1s del 30% de los esca\u00f1os, ni siquiera llega a la tercera parte, lo que constituye otra debilidad democr\u00e1tica que no existe en ning\u00fan otro lugar de Europa. Constituye la gran anomal\u00eda catalana de que tengamos un presidente que cuenta hoy con el\u00a022%\u00a0de las preferencias y un partido que tiene el 30% de la gente de los votos, que traducido sobre la base total del censo electoral significa solo el\u00a018%. Esta es la representatividad real de quien nos gobierna. Seg\u00fan la encuesta del CEO, s\u00f3lo dos partidos mejoran. Uno de ellos, de forma extraordinaria, es\u00a0Alian\u00e7a Catalana (AC),\u00a0que crece entre un 300% y un 400%, est\u00e1 claro que lo hace desde el nivel m\u00ednimo de 2 diputados. El otro partido que crece es\u00a0ERC, aproximadamente un 10%, que en t\u00e9rminos absolutos m\u00e1s que dobla a Alian\u00e7a Catalana. Un solo partido retrocede significativamente. Se trata de Junts,\u00a0que disminuye un 20% el n\u00famero de esca\u00f1os. Es una p\u00e9rdida importante que beneficia a AC sobre todo y en grado m\u00e1s bajo a ERC. &nbsp; Cada vez es m\u00e1s evidente que Junts y sus liderazgos son incapaces de avanzar hacia la hegemon\u00eda que en su momento posey\u00f3 CDC Cada vez es m\u00e1s evidente que\u00a0Junts y sus liderazgos son incapaces de avanzar hacia la hegemon\u00eda\u00a0que en su d\u00eda posey\u00f3 CDC; son una fuerza secundaria y aislada, incapaz de construir una oposici\u00f3n digna de tal nombre a una mayor\u00eda tan pobre como la de Illa. En realidad, este\u00a0gobierna en estos t\u00e9rminos m\u00e1s por incapacidad de la oposici\u00f3n que por la fuerza de sus votos. Junts tiene un rendimiento tan pobre, adem\u00e1s, porque no posee una figura que lidere sobre el conjunto de la sociedad, a lo que se a\u00f1ade que, en estos momentos, no est\u00e1 nada claro cu\u00e1l es realmente la caracterizaci\u00f3n pol\u00edtica de esta opci\u00f3n. Los resultados de la encuesta del CEO se\u00f1alan a una sociedad catalana muy escorada a la izquierda, tanto es as\u00ed que puede ofrecer dudas sobre si la muestra es suficientemente representativa o bien presenta un sesgo favorable al electorado de aquella orientaci\u00f3n pol\u00edtica. Un factor de duda puede aumentar esta impresi\u00f3n:\u00a0la elevada preferencia que muestran los catalanes por el presidente S\u00e1nchez, un 31%, por tan solo un\u00a03% hacia N\u00fa\u00f1ez Feij\u00f3o.\u00a0Su preferencia es tan baja para ser presidente del Gobierno de Espa\u00f1a que se ve incluso\u00a0superado por Santiago Abascal,\u00a0que alcanza el 4%,\u00a0aunque esta diferencia, dado el error de la muestra, no tenga significaci\u00f3n. Pero s\u00ed la tiene, y muy fuerte, la enorme distancia entre ambos en Catalu\u00f1a, que no parece responder bien a las preferencias electorales, sobre todo hacia los populares, en unas elecciones generales que en otras encuestas aparecen con cifras claramente superiores. En cualquier caso, las \u00f3rdenes de magnitud de la encuesta se\u00f1alan un resultado francamente contrario para una concepci\u00f3n,\u00a0no ya independentista,\u00a0sino simplemente catalanista y partidaria del hecho diferencial catal\u00e1n, porque resulta que tenemos un presidente del Gobierno espa\u00f1ol que es abrumadoramente preferido en comparaci\u00f3n con el presidente de la Generalitat. Si a esto se le suma la sujeci\u00f3n org\u00e1nica de Illa a S\u00e1nchez, y del PSC al PSOE, de quien en la pr\u00e1ctica es una simple federaci\u00f3n, deberemos reconocer que\u00a0desde la recuperaci\u00f3n de la autonom\u00eda en Catalu\u00f1a nunca hab\u00eda existido en la Generalitat un gobierno m\u00e1s subalterno al Gobierno espa\u00f1ol que el actual.\u00a0Bien mirado, no deja de ser una de las grandes paradojas del Proc\u00e9s: la derrota no ya del independentismo, sino del catalanismo. \u00bfQuiz\u00e1s este ser\u00e1 el estado definitivo de Catalu\u00f1a? &nbsp; &nbsp;<\/p>\n","protected":false},"author":78,"featured_media":86894,"comment_status":"open","ping_status":"open","sticky":false,"template":"","format":"standard","meta":{"_FSMCFIC_featured_image_caption":"","_FSMCFIC_featured_image_nocaption":"","_FSMCFIC_featured_image_hide":"","footnotes":""},"categories":[806],"tags":[4677,3079],"class_list":["post-86896","post","type-post","status-publish","format-standard","has-post-thumbnail","hentry","category-punts-claus-del-dia-es","tag-juntsxcat-es","tag-salvador-illa"],"yoast_head":"<!-- This site is optimized with the Yoast SEO plugin v26.8 - https:\/\/yoast.com\/product\/yoast-seo-wordpress\/ -->\n<title>Generalitat de Catalunya, un gobierno subalterno. Algunas claves de la \u00faltima encuesta del CEO - Converses a Catalunya<\/title>\n<meta name=\"description\" content=\"Claves \u00faltima encuesta del CEO En las preferencias puede se presidente de la Generalitat, Illa no es la primera opci\u00f3n como han establecido\" \/>\n<meta name=\"robots\" content=\"index, follow, max-snippet:-1, max-image-preview:large, max-video-preview:-1\" \/>\n<link rel=\"canonical\" href=\"https:\/\/conversesacatalunya.cat\/es\/generalitat-de-catalunya-un-gobierno-subalterno-algunas-claves-de-ultima-encuesta-del-ceo\/\" \/>\n<meta property=\"og:locale\" content=\"es_ES\" \/>\n<meta property=\"og:type\" content=\"article\" \/>\n<meta property=\"og:title\" content=\"Generalitat de Catalunya, un gobierno subalterno. Algunas claves de la \u00faltima encuesta del CEO - Converses a Catalunya\" \/>\n<meta property=\"og:description\" content=\"Claves \u00faltima encuesta del CEO En las preferencias puede se presidente de la Generalitat, Illa no es la primera opci\u00f3n como han establecido\" \/>\n<meta property=\"og:url\" content=\"https:\/\/conversesacatalunya.cat\/es\/generalitat-de-catalunya-un-gobierno-subalterno-algunas-claves-de-ultima-encuesta-del-ceo\/\" \/>\n<meta property=\"og:site_name\" content=\"Converses a Catalunya\" \/>\n<meta property=\"article:published_time\" content=\"2025-04-01T10:00:04+00:00\" \/>\n<meta property=\"article:modified_time\" content=\"2025-04-01T11:03:49+00:00\" \/>\n<meta property=\"og:image\" content=\"https:\/\/conversesacatalunya.cat\/wp-content\/uploads\/2025\/04\/feedback-3709752_640.jpg\" \/>\n\t<meta property=\"og:image:width\" content=\"640\" \/>\n\t<meta property=\"og:image:height\" content=\"428\" \/>\n\t<meta property=\"og:image:type\" content=\"image\/jpeg\" \/>\n<meta name=\"author\" content=\"Joan Masip\" \/>\n<meta name=\"twitter:card\" content=\"summary_large_image\" \/>\n<meta name=\"twitter:label1\" content=\"Escrito por\" \/>\n\t<meta name=\"twitter:data1\" content=\"Joan Masip\" \/>\n\t<meta name=\"twitter:label2\" content=\"Tiempo de lectura\" \/>\n\t<meta name=\"twitter:data2\" content=\"5 minutos\" \/>\n<script type=\"application\/ld+json\" class=\"yoast-schema-graph\">{\"@context\":\"https:\/\/schema.org\",\"@graph\":[{\"@type\":\"Article\",\"@id\":\"https:\/\/conversesacatalunya.cat\/es\/generalitat-de-catalunya-un-gobierno-subalterno-algunas-claves-de-ultima-encuesta-del-ceo\/#article\",\"isPartOf\":{\"@id\":\"https:\/\/conversesacatalunya.cat\/es\/generalitat-de-catalunya-un-gobierno-subalterno-algunas-claves-de-ultima-encuesta-del-ceo\/\"},\"author\":{\"name\":\"Joan Masip\",\"@id\":\"https:\/\/conversesacatalunya.cat\/#\/schema\/person\/311d0bf53def217d5124c78a7bc42275\"},\"headline\":\"Generalitat de Catalunya, un gobierno subalterno. Algunas claves de la \u00faltima encuesta del CEO\",\"datePublished\":\"2025-04-01T10:00:04+00:00\",\"dateModified\":\"2025-04-01T11:03:49+00:00\",\"mainEntityOfPage\":{\"@id\":\"https:\/\/conversesacatalunya.cat\/es\/generalitat-de-catalunya-un-gobierno-subalterno-algunas-claves-de-ultima-encuesta-del-ceo\/\"},\"wordCount\":1052,\"commentCount\":0,\"image\":{\"@id\":\"https:\/\/conversesacatalunya.cat\/es\/generalitat-de-catalunya-un-gobierno-subalterno-algunas-claves-de-ultima-encuesta-del-ceo\/#primaryimage\"},\"thumbnailUrl\":\"https:\/\/conversesacatalunya.cat\/wp-content\/uploads\/2025\/04\/feedback-3709752_640.jpg\",\"keywords\":[\"JuntsxCat\",\"Salvador Illa\"],\"articleSection\":[\"Punts clau del dia (ES)\"],\"inLanguage\":\"es\",\"potentialAction\":[{\"@type\":\"CommentAction\",\"name\":\"Comment\",\"target\":[\"https:\/\/conversesacatalunya.cat\/es\/generalitat-de-catalunya-un-gobierno-subalterno-algunas-claves-de-ultima-encuesta-del-ceo\/#respond\"]}]},{\"@type\":\"WebPage\",\"@id\":\"https:\/\/conversesacatalunya.cat\/es\/generalitat-de-catalunya-un-gobierno-subalterno-algunas-claves-de-ultima-encuesta-del-ceo\/\",\"url\":\"https:\/\/conversesacatalunya.cat\/es\/generalitat-de-catalunya-un-gobierno-subalterno-algunas-claves-de-ultima-encuesta-del-ceo\/\",\"name\":\"Generalitat de Catalunya, un gobierno subalterno. Algunas claves de la \u00faltima encuesta del CEO - Converses a Catalunya\",\"isPartOf\":{\"@id\":\"https:\/\/conversesacatalunya.cat\/#website\"},\"primaryImageOfPage\":{\"@id\":\"https:\/\/conversesacatalunya.cat\/es\/generalitat-de-catalunya-un-gobierno-subalterno-algunas-claves-de-ultima-encuesta-del-ceo\/#primaryimage\"},\"image\":{\"@id\":\"https:\/\/conversesacatalunya.cat\/es\/generalitat-de-catalunya-un-gobierno-subalterno-algunas-claves-de-ultima-encuesta-del-ceo\/#primaryimage\"},\"thumbnailUrl\":\"https:\/\/conversesacatalunya.cat\/wp-content\/uploads\/2025\/04\/feedback-3709752_640.jpg\",\"datePublished\":\"2025-04-01T10:00:04+00:00\",\"dateModified\":\"2025-04-01T11:03:49+00:00\",\"author\":{\"@id\":\"https:\/\/conversesacatalunya.cat\/#\/schema\/person\/311d0bf53def217d5124c78a7bc42275\"},\"description\":\"Claves \u00faltima encuesta del CEO En las preferencias puede se presidente de la Generalitat, Illa no es la primera opci\u00f3n como han establecido\",\"breadcrumb\":{\"@id\":\"https:\/\/conversesacatalunya.cat\/es\/generalitat-de-catalunya-un-gobierno-subalterno-algunas-claves-de-ultima-encuesta-del-ceo\/#breadcrumb\"},\"inLanguage\":\"es\",\"potentialAction\":[{\"@type\":\"ReadAction\",\"target\":[\"https:\/\/conversesacatalunya.cat\/es\/generalitat-de-catalunya-un-gobierno-subalterno-algunas-claves-de-ultima-encuesta-del-ceo\/\"]}]},{\"@type\":\"ImageObject\",\"inLanguage\":\"es\",\"@id\":\"https:\/\/conversesacatalunya.cat\/es\/generalitat-de-catalunya-un-gobierno-subalterno-algunas-claves-de-ultima-encuesta-del-ceo\/#primaryimage\",\"url\":\"https:\/\/conversesacatalunya.cat\/wp-content\/uploads\/2025\/04\/feedback-3709752_640.jpg\",\"contentUrl\":\"https:\/\/conversesacatalunya.cat\/wp-content\/uploads\/2025\/04\/feedback-3709752_640.jpg\",\"width\":640,\"height\":428,\"caption\":\"claves \u00faltima encuesta CEO\"},{\"@type\":\"BreadcrumbList\",\"@id\":\"https:\/\/conversesacatalunya.cat\/es\/generalitat-de-catalunya-un-gobierno-subalterno-algunas-claves-de-ultima-encuesta-del-ceo\/#breadcrumb\",\"itemListElement\":[{\"@type\":\"ListItem\",\"position\":1,\"name\":\"Inici\",\"item\":\"https:\/\/conversesacatalunya.cat\/es\/\"},{\"@type\":\"ListItem\",\"position\":2,\"name\":\"Generalitat de Catalunya, un gobierno subalterno. Algunas claves de la \u00faltima encuesta del CEO\"}]},{\"@type\":\"WebSite\",\"@id\":\"https:\/\/conversesacatalunya.cat\/#website\",\"url\":\"https:\/\/conversesacatalunya.cat\/\",\"name\":\"Converses a Catalunya\",\"description\":\"\",\"potentialAction\":[{\"@type\":\"SearchAction\",\"target\":{\"@type\":\"EntryPoint\",\"urlTemplate\":\"https:\/\/conversesacatalunya.cat\/?s={search_term_string}\"},\"query-input\":{\"@type\":\"PropertyValueSpecification\",\"valueRequired\":true,\"valueName\":\"search_term_string\"}}],\"inLanguage\":\"es\"},{\"@type\":\"Person\",\"@id\":\"https:\/\/conversesacatalunya.cat\/#\/schema\/person\/311d0bf53def217d5124c78a7bc42275\",\"name\":\"Joan Masip\",\"image\":{\"@type\":\"ImageObject\",\"inLanguage\":\"es\",\"@id\":\"https:\/\/conversesacatalunya.cat\/#\/schema\/person\/image\/\",\"url\":\"https:\/\/conversesacatalunya.cat\/wp-content\/litespeed\/avatar\/fa67b994763cff7d443f54b63ec96481.jpg?ver=1776767678\",\"contentUrl\":\"https:\/\/conversesacatalunya.cat\/wp-content\/litespeed\/avatar\/fa67b994763cff7d443f54b63ec96481.jpg?ver=1776767678\",\"caption\":\"Joan Masip\"},\"url\":\"https:\/\/conversesacatalunya.cat\/es\/author\/joan-masip\/\"}]}<\/script>\n<!-- \/ Yoast SEO plugin. -->","yoast_head_json":{"title":"Generalitat de Catalunya, un gobierno subalterno. Algunas claves de la \u00faltima encuesta del CEO - Converses a Catalunya","description":"Claves \u00faltima encuesta del CEO En las preferencias puede se presidente de la Generalitat, Illa no es la primera opci\u00f3n como han establecido","robots":{"index":"index","follow":"follow","max-snippet":"max-snippet:-1","max-image-preview":"max-image-preview:large","max-video-preview":"max-video-preview:-1"},"canonical":"https:\/\/conversesacatalunya.cat\/es\/generalitat-de-catalunya-un-gobierno-subalterno-algunas-claves-de-ultima-encuesta-del-ceo\/","og_locale":"es_ES","og_type":"article","og_title":"Generalitat de Catalunya, un gobierno subalterno. Algunas claves de la \u00faltima encuesta del CEO - Converses a Catalunya","og_description":"Claves \u00faltima encuesta del CEO En las preferencias puede se presidente de la Generalitat, Illa no es la primera opci\u00f3n como han establecido","og_url":"https:\/\/conversesacatalunya.cat\/es\/generalitat-de-catalunya-un-gobierno-subalterno-algunas-claves-de-ultima-encuesta-del-ceo\/","og_site_name":"Converses a Catalunya","article_published_time":"2025-04-01T10:00:04+00:00","article_modified_time":"2025-04-01T11:03:49+00:00","og_image":[{"width":640,"height":428,"url":"https:\/\/conversesacatalunya.cat\/wp-content\/uploads\/2025\/04\/feedback-3709752_640.jpg","type":"image\/jpeg"}],"author":"Joan Masip","twitter_card":"summary_large_image","twitter_misc":{"Escrito por":"Joan Masip","Tiempo de lectura":"5 minutos"},"schema":{"@context":"https:\/\/schema.org","@graph":[{"@type":"Article","@id":"https:\/\/conversesacatalunya.cat\/es\/generalitat-de-catalunya-un-gobierno-subalterno-algunas-claves-de-ultima-encuesta-del-ceo\/#article","isPartOf":{"@id":"https:\/\/conversesacatalunya.cat\/es\/generalitat-de-catalunya-un-gobierno-subalterno-algunas-claves-de-ultima-encuesta-del-ceo\/"},"author":{"name":"Joan Masip","@id":"https:\/\/conversesacatalunya.cat\/#\/schema\/person\/311d0bf53def217d5124c78a7bc42275"},"headline":"Generalitat de Catalunya, un gobierno subalterno. Algunas claves de la \u00faltima encuesta del CEO","datePublished":"2025-04-01T10:00:04+00:00","dateModified":"2025-04-01T11:03:49+00:00","mainEntityOfPage":{"@id":"https:\/\/conversesacatalunya.cat\/es\/generalitat-de-catalunya-un-gobierno-subalterno-algunas-claves-de-ultima-encuesta-del-ceo\/"},"wordCount":1052,"commentCount":0,"image":{"@id":"https:\/\/conversesacatalunya.cat\/es\/generalitat-de-catalunya-un-gobierno-subalterno-algunas-claves-de-ultima-encuesta-del-ceo\/#primaryimage"},"thumbnailUrl":"https:\/\/conversesacatalunya.cat\/wp-content\/uploads\/2025\/04\/feedback-3709752_640.jpg","keywords":["JuntsxCat","Salvador Illa"],"articleSection":["Punts clau del dia (ES)"],"inLanguage":"es","potentialAction":[{"@type":"CommentAction","name":"Comment","target":["https:\/\/conversesacatalunya.cat\/es\/generalitat-de-catalunya-un-gobierno-subalterno-algunas-claves-de-ultima-encuesta-del-ceo\/#respond"]}]},{"@type":"WebPage","@id":"https:\/\/conversesacatalunya.cat\/es\/generalitat-de-catalunya-un-gobierno-subalterno-algunas-claves-de-ultima-encuesta-del-ceo\/","url":"https:\/\/conversesacatalunya.cat\/es\/generalitat-de-catalunya-un-gobierno-subalterno-algunas-claves-de-ultima-encuesta-del-ceo\/","name":"Generalitat de Catalunya, un gobierno subalterno. Algunas claves de la \u00faltima encuesta del CEO - Converses a Catalunya","isPartOf":{"@id":"https:\/\/conversesacatalunya.cat\/#website"},"primaryImageOfPage":{"@id":"https:\/\/conversesacatalunya.cat\/es\/generalitat-de-catalunya-un-gobierno-subalterno-algunas-claves-de-ultima-encuesta-del-ceo\/#primaryimage"},"image":{"@id":"https:\/\/conversesacatalunya.cat\/es\/generalitat-de-catalunya-un-gobierno-subalterno-algunas-claves-de-ultima-encuesta-del-ceo\/#primaryimage"},"thumbnailUrl":"https:\/\/conversesacatalunya.cat\/wp-content\/uploads\/2025\/04\/feedback-3709752_640.jpg","datePublished":"2025-04-01T10:00:04+00:00","dateModified":"2025-04-01T11:03:49+00:00","author":{"@id":"https:\/\/conversesacatalunya.cat\/#\/schema\/person\/311d0bf53def217d5124c78a7bc42275"},"description":"Claves \u00faltima encuesta del CEO En las preferencias puede se presidente de la Generalitat, Illa no es la primera opci\u00f3n como han establecido","breadcrumb":{"@id":"https:\/\/conversesacatalunya.cat\/es\/generalitat-de-catalunya-un-gobierno-subalterno-algunas-claves-de-ultima-encuesta-del-ceo\/#breadcrumb"},"inLanguage":"es","potentialAction":[{"@type":"ReadAction","target":["https:\/\/conversesacatalunya.cat\/es\/generalitat-de-catalunya-un-gobierno-subalterno-algunas-claves-de-ultima-encuesta-del-ceo\/"]}]},{"@type":"ImageObject","inLanguage":"es","@id":"https:\/\/conversesacatalunya.cat\/es\/generalitat-de-catalunya-un-gobierno-subalterno-algunas-claves-de-ultima-encuesta-del-ceo\/#primaryimage","url":"https:\/\/conversesacatalunya.cat\/wp-content\/uploads\/2025\/04\/feedback-3709752_640.jpg","contentUrl":"https:\/\/conversesacatalunya.cat\/wp-content\/uploads\/2025\/04\/feedback-3709752_640.jpg","width":640,"height":428,"caption":"claves \u00faltima encuesta CEO"},{"@type":"BreadcrumbList","@id":"https:\/\/conversesacatalunya.cat\/es\/generalitat-de-catalunya-un-gobierno-subalterno-algunas-claves-de-ultima-encuesta-del-ceo\/#breadcrumb","itemListElement":[{"@type":"ListItem","position":1,"name":"Inici","item":"https:\/\/conversesacatalunya.cat\/es\/"},{"@type":"ListItem","position":2,"name":"Generalitat de Catalunya, un gobierno subalterno. Algunas claves de la \u00faltima encuesta del CEO"}]},{"@type":"WebSite","@id":"https:\/\/conversesacatalunya.cat\/#website","url":"https:\/\/conversesacatalunya.cat\/","name":"Converses a Catalunya","description":"","potentialAction":[{"@type":"SearchAction","target":{"@type":"EntryPoint","urlTemplate":"https:\/\/conversesacatalunya.cat\/?s={search_term_string}"},"query-input":{"@type":"PropertyValueSpecification","valueRequired":true,"valueName":"search_term_string"}}],"inLanguage":"es"},{"@type":"Person","@id":"https:\/\/conversesacatalunya.cat\/#\/schema\/person\/311d0bf53def217d5124c78a7bc42275","name":"Joan Masip","image":{"@type":"ImageObject","inLanguage":"es","@id":"https:\/\/conversesacatalunya.cat\/#\/schema\/person\/image\/","url":"https:\/\/conversesacatalunya.cat\/wp-content\/litespeed\/avatar\/fa67b994763cff7d443f54b63ec96481.jpg?ver=1776767678","contentUrl":"https:\/\/conversesacatalunya.cat\/wp-content\/litespeed\/avatar\/fa67b994763cff7d443f54b63ec96481.jpg?ver=1776767678","caption":"Joan Masip"},"url":"https:\/\/conversesacatalunya.cat\/es\/author\/joan-masip\/"}]}},"wps_subtitle":"Deberemos reconocer que desde la recuperaci\u00f3n de la autonom\u00eda en Catalu\u00f1a nunca hab\u00eda existido en la Generalitat un gobierno m\u00e1s subalterno del Gobierno espa\u00f1ol que el actual.","_links":{"self":[{"href":"https:\/\/conversesacatalunya.cat\/es\/wp-json\/wp\/v2\/posts\/86896","targetHints":{"allow":["GET"]}}],"collection":[{"href":"https:\/\/conversesacatalunya.cat\/es\/wp-json\/wp\/v2\/posts"}],"about":[{"href":"https:\/\/conversesacatalunya.cat\/es\/wp-json\/wp\/v2\/types\/post"}],"author":[{"embeddable":true,"href":"https:\/\/conversesacatalunya.cat\/es\/wp-json\/wp\/v2\/users\/78"}],"replies":[{"embeddable":true,"href":"https:\/\/conversesacatalunya.cat\/es\/wp-json\/wp\/v2\/comments?post=86896"}],"version-history":[{"count":16,"href":"https:\/\/conversesacatalunya.cat\/es\/wp-json\/wp\/v2\/posts\/86896\/revisions"}],"predecessor-version":[{"id":86897,"href":"https:\/\/conversesacatalunya.cat\/es\/wp-json\/wp\/v2\/posts\/86896\/revisions\/86897"}],"wp:featuredmedia":[{"embeddable":true,"href":"https:\/\/conversesacatalunya.cat\/es\/wp-json\/wp\/v2\/media\/86894"}],"wp:attachment":[{"href":"https:\/\/conversesacatalunya.cat\/es\/wp-json\/wp\/v2\/media?parent=86896"}],"wp:term":[{"taxonomy":"category","embeddable":true,"href":"https:\/\/conversesacatalunya.cat\/es\/wp-json\/wp\/v2\/categories?post=86896"},{"taxonomy":"post_tag","embeddable":true,"href":"https:\/\/conversesacatalunya.cat\/es\/wp-json\/wp\/v2\/tags?post=86896"}],"curies":[{"name":"wp","href":"https:\/\/api.w.org\/{rel}","templated":true}]}}