{"id":86867,"date":"2025-04-01T08:50:14","date_gmt":"2025-04-01T06:50:14","guid":{"rendered":"https:\/\/conversesacatalunya.cat\/?p=86867"},"modified":"2025-04-01T06:12:21","modified_gmt":"2025-04-01T04:12:21","slug":"polonia-sociedad-contemporanea-guerra","status":"publish","type":"post","link":"https:\/\/conversesacatalunya.cat\/es\/polonia-sociedad-contemporanea-guerra\/","title":{"rendered":"Polonia: preparar una sociedad contempor\u00e1nea para la guerra"},"content":{"rendered":"<p><span><span class=\"VIpgJd-yAWNEb-VIpgJd-fmcmS-sn54Q\">Polonia es el alumno aventajado de la Alianza Atl\u00e1ntica en gasto militar. El a\u00f1o pasado, el pa\u00eds\u00a0 <a href=\"https:\/\/www.nato.int\/nato_static_fl2014\/assets\/pdf\/2024\/6\/pdf\/240617-def-exp-2024-en.pdf\" target=\"_blank\" rel=\"noopener\">gast\u00f3<\/a> \u00a0 <\/span><\/span><span><span class=\"VIpgJd-yAWNEb-VIpgJd-fmcmS-sn54Q\">en torno al 4,12% de su Producto Interior Bruto en defensa, situ\u00e1ndose cerca de un punto porcentual por encima de Estonia y Estados Unidos, ambos pa\u00edses completan el podio.<\/span><\/span><\/p>\n<p><span><span class=\"VIpgJd-yAWNEb-VIpgJd-fmcmS-sn54Q\">Pero incluso estas cifras no son suficientes, y las dos principales fuerzas pol\u00edticas polacas est\u00e1n de acuerdo. El primer ministro liberal Donald Tusk y el presidente conservador Andrzej Duda, enemigos jurados en pol\u00edtica general, comparten el objetivo de situar el gasto militar a un nivel inaudito en Europa y pr\u00e1cticamente en todo el mundo,\u00a0<\/span><\/span><strong><span><span class=\"VIpgJd-yAWNEb-VIpgJd-fmcmS-sn54Q\">hasta cerca del 5% del PIB<\/span><\/span><\/strong><span><span class=\"VIpgJd-yAWNEb-VIpgJd-fmcmS-sn54Q\">.<\/span><\/span><\/p>\n<p><span><span class=\"VIpgJd-yAWNEb-VIpgJd-fmcmS-sn54Q\">Lejos de matizar la pol\u00edtica promilitar del gobierno conservador antecesor, Tusk anunci\u00f3 el 7 de marzo una etapa completamente nueva,\u00a0<\/span><\/span><strong><span><span class=\"VIpgJd-yAWNEb-VIpgJd-fmcmS-sn54Q\">pasando del objetivo precedente de alcanzar los 300.000 soldados en 2035 a medio mill\u00f3n<\/span><\/span><\/strong><span><span class=\"VIpgJd-yAWNEb-VIpgJd-fmcmS-sn54Q\">.<\/span><\/span><\/p>\n<p><span><span class=\"VIpgJd-yAWNEb-VIpgJd-fmcmS-sn54Q\">El primer ministro tambi\u00e9n declar\u00f3\u00a0<\/span><\/span><strong><span><span class=\"VIpgJd-yAWNEb-VIpgJd-fmcmS-sn54Q\">estudiar el acceso a armamento nuclear<\/span><\/span><\/strong><span><span class=\"VIpgJd-yAWNEb-VIpgJd-fmcmS-sn54Q\">,\u00a0evocando el ejemplo de Ucrania, quien cedi\u00f3 sus armas at\u00f3micas a Rusia al terminar la Guerra Fr\u00eda, y tres d\u00e9cadas m\u00e1s tarde fue invadida por su vecino.<\/span><\/span><\/p>\n<h5><strong><span><span class=\"VIpgJd-yAWNEb-VIpgJd-fmcmS-sn54Q\">Pero la cosa no termina ah\u00ed. Y es que Tusk piensa completar ese rearme con un cambio de mentalidad del conjunto de la poblaci\u00f3n polaca.<\/span><\/span><\/strong><\/h5>\n<p><span>La idea inicial del gobierno es disponer de millones de reservistas que puedan engrosar a\u00fan m\u00e1s las filas.<\/span><\/p>\n<p><span><span class=\"VIpgJd-yAWNEb-VIpgJd-fmcmS-sn54Q\">As\u00ed, Tusk anunci\u00f3 un nuevo \u00abmodelo\u00bb social, en el que \u00abcada<a href=\"https:\/\/conversesacatalunya.cat\/es\/polonia-alemania-potencia-militar-europa\/\" target=\"_blank\" rel=\"noopener\"> hombre adulto en\u00a0<\/a><\/span><\/span><span><span class=\"VIpgJd-yAWNEb-VIpgJd-fmcmS-sn54Q\">Polonia<\/span><\/span><span><span class=\"VIpgJd-yAWNEb-VIpgJd-fmcmS-sn54Q\">\u00a0est\u00e9 entrenado para la guerra\u00bb. Asimismo, el primer ministro quiso enfatizar que esto no equivaldr\u00eda a devolver al impopular servicio militar, que termin\u00f3 en 2008.<\/span><\/span><\/p>\n<h5><strong><span><span class=\"VIpgJd-yAWNEb-VIpgJd-fmcmS-sn54Q\">\u00bfPero c\u00f3mo hacer compatible esta movilizaci\u00f3n masiva de reservistas sin pasar por reinstaurar la \u201cmili\u201d?<\/span><\/span><\/strong><\/h5>\n<p><span><span class=\"VIpgJd-yAWNEb-VIpgJd-fmcmS-sn54Q\">La respuesta parece encontrarse en los\u00a0<\/span><\/span><strong><span><span class=\"VIpgJd-yAWNEb-VIpgJd-fmcmS-sn54Q\">incentivos<\/span><\/span><\/strong><span><span class=\"VIpgJd-yAWNEb-VIpgJd-fmcmS-sn54Q\">.\u00a0Tusk prometi\u00f3 un excitante programa de entrenamiento militar, equiparando las capacidades que se podr\u00edan\u00a0<\/span><\/span><a href=\"https:\/\/www.politico.eu\/article\/poland-military-training-war-defense-russia-belarus\/\" target=\"_blank\" rel=\"noopener\"><span><span class=\"VIpgJd-yAWNEb-VIpgJd-fmcmS-sn54Q\">adquirir<\/span><\/span><\/a><span><span class=\"VIpgJd-yAWNEb-VIpgJd-fmcmS-sn54Q\">\u00a0con las de\u00a0<\/span><\/span><strong><span><span class=\"VIpgJd-yAWNEb-VIpgJd-fmcmS-sn54Q\">\u201cJames Bond\u201d.<\/span><\/span><\/strong><\/p>\n<p><span><span class=\"VIpgJd-yAWNEb-VIpgJd-fmcmS-sn54Q\">Analistas polacos tambi\u00e9n destacaron la pertinencia de presentar las competencias adquiridas durante los cursos militares como\u00a0<\/span><\/span><strong><span><span class=\"VIpgJd-yAWNEb-VIpgJd-fmcmS-sn54Q\">\u00fatiles para el mundo civil profesional<\/span><\/span><\/strong><span><span class=\"VIpgJd-yAWNEb-VIpgJd-fmcmS-sn54Q\">,\u00a0citando los primeros auxilios, la ciberseguridad, la mec\u00e1nica o el pilotaje de drones. Los incentivos financieros, como exoneraciones de impuestos o complementos de sueldo, ser\u00edan tambi\u00e9n claves.<\/span><\/span><\/p>\n<p><span><span class=\"VIpgJd-yAWNEb-VIpgJd-fmcmS-sn54Q\">Las\u00a0<\/span><\/span><strong><span><span class=\"VIpgJd-yAWNEb-VIpgJd-fmcmS-sn54Q\">escuelas<\/span><\/span><\/strong><span><span class=\"VIpgJd-yAWNEb-VIpgJd-fmcmS-sn54Q\">\u00a0tambi\u00e9n est\u00e1n implicadas en el esfuerzo, y el gobierno trabaja en expandir un plan ya en vigor llamado \u201ceducaci\u00f3n con el ej\u00e9rcito\u201d a partir del pr\u00f3ximo curso.<\/span><\/span><\/p>\n<p><span><span class=\"VIpgJd-yAWNEb-VIpgJd-fmcmS-sn54Q\">Parece plausible que en una\u00a0<\/span><\/span><strong><span><span class=\"VIpgJd-yAWNEb-VIpgJd-fmcmS-sn54Q\">sociedad tan marcada por el dolor causado por las ocupaciones rusas y alemanas<\/span><\/span><\/strong><span><span class=\"VIpgJd-yAWNEb-VIpgJd-fmcmS-sn54Q\">,\u00a0Polonia encuentre a numerosos voluntarios j\u00f3venes que quieran inscribirse en los cursos, de diversas duraciones y formatos, que el ministerio de defensa est\u00e1 preparando.<\/span><\/span><\/p>\n<h5><strong><span><span class=\"VIpgJd-yAWNEb-VIpgJd-fmcmS-sn54Q\">Sin embargo, tambi\u00e9n debe considerarse que la reserva militar de Polonia hoy en d\u00eda est\u00e1 envejecida (media de edad de 45 a\u00f1os) y desentrenada.<\/span><\/span><\/strong><\/h5>\n<p><span>Tambi\u00e9n hay voces que lamentan la mentalidad \u00abconsumista\u00bb y de habituaci\u00f3n a las \u00abalegr\u00edas de la democracia\u00bb que ha impregnado a los esp\u00edritus polacos desde el fin de la Guerra Fr\u00eda.<\/span><\/p>\n<p><span>De hecho, seg\u00fan los primeros estudios de opini\u00f3n, el apoyo a los anuncios de Donald Tusk es mitigado. Solo la mitad de los polacos apoyan la iniciativa, mientras que un 39% declara querer participar.<\/span><\/p>\n<p><span>Si en una sociedad europea de \u201cprimera l\u00ednea\u201d, como es Polonia, la acogida de estos preparativos para la guerra es tan tibia, \u00bf<\/span><strong><span>c\u00f3mo ser\u00eda en los pa\u00edses de Europa occidental<\/span><\/strong><span>,\u00a0con sociedades m\u00e1s acomodadas desde hace mucho m\u00e1s tiempo y con una percepci\u00f3n mucho menos tensa hacia la amenaza rusa?<\/span><\/p>\n<span class='bctt-click-to-tweet'><span class='bctt-ctt-text'><a href='https:\/\/twitter.com\/intent\/tweet?url=https%3A%2F%2Fconversesacatalunya.cat%2Fes%2Fpolonia-sociedad-contemporanea-guerra%2F&#038;text=Tusk%20prometi%C3%B3%20un%20excitante%20programa%20de%20entrenamiento%20militar%2C%20equiparando%20las%20capacidades%20que%20se%20podr%C3%ADan%20adquirir%20con%20las%20de%20James%20Bond&#038;via=conversesacat&#038;related=conversesacat' target='_blank'rel=\"noopener noreferrer\">Tusk prometi\u00f3 un excitante programa de entrenamiento militar, equiparando las capacidades que se podr\u00edan adquirir con las de James Bond <\/a><\/span><a href='https:\/\/twitter.com\/intent\/tweet?url=https%3A%2F%2Fconversesacatalunya.cat%2Fes%2Fpolonia-sociedad-contemporanea-guerra%2F&#038;text=Tusk%20prometi%C3%B3%20un%20excitante%20programa%20de%20entrenamiento%20militar%2C%20equiparando%20las%20capacidades%20que%20se%20podr%C3%ADan%20adquirir%20con%20las%20de%20James%20Bond&#038;via=conversesacat&#038;related=conversesacat' target='_blank' class='bctt-ctt-btn'rel=\"noopener noreferrer\">Compartir en X<\/a><\/span>\n<p>&nbsp;<\/p>\n","protected":false},"excerpt":{"rendered":"<p>Polonia es el alumno aventajado de la Alianza Atl\u00e1ntica en gasto militar. El a\u00f1o pasado, el pa\u00eds\u00a0 gast\u00f3 \u00a0 en torno al 4,12% de su Producto Interior Bruto en defensa, situ\u00e1ndose cerca de un punto porcentual por encima de Estonia y Estados Unidos, ambos pa\u00edses completan el podio. Pero incluso estas cifras no son suficientes, y las dos principales fuerzas pol\u00edticas polacas est\u00e1n de acuerdo. El primer ministro liberal Donald Tusk y el presidente conservador Andrzej Duda, enemigos jurados en pol\u00edtica general, comparten el objetivo de situar el gasto militar a un nivel inaudito en Europa y pr\u00e1cticamente en todo el mundo,\u00a0hasta cerca del 5% del PIB. Lejos de matizar la pol\u00edtica promilitar del gobierno conservador antecesor, Tusk anunci\u00f3 el 7 de marzo una etapa completamente nueva,\u00a0pasando del objetivo precedente de alcanzar los 300.000 soldados en 2035 a medio mill\u00f3n. El primer ministro tambi\u00e9n declar\u00f3\u00a0estudiar el acceso a armamento nuclear,\u00a0evocando el ejemplo de Ucrania, quien cedi\u00f3 sus armas at\u00f3micas a Rusia al terminar la Guerra Fr\u00eda, y tres d\u00e9cadas m\u00e1s tarde fue invadida por su vecino. Pero la cosa no termina ah\u00ed. Y es que Tusk piensa completar ese rearme con un cambio de mentalidad del conjunto de la poblaci\u00f3n polaca. La idea inicial del gobierno es disponer de millones de reservistas que puedan engrosar a\u00fan m\u00e1s las filas. As\u00ed, Tusk anunci\u00f3 un nuevo \u00abmodelo\u00bb social, en el que \u00abcada hombre adulto en\u00a0Polonia\u00a0est\u00e9 entrenado para la guerra\u00bb. Asimismo, el primer ministro quiso enfatizar que esto no equivaldr\u00eda a devolver al impopular servicio militar, que termin\u00f3 en 2008. \u00bfPero c\u00f3mo hacer compatible esta movilizaci\u00f3n masiva de reservistas sin pasar por reinstaurar la \u201cmili\u201d? La respuesta parece encontrarse en los\u00a0incentivos.\u00a0Tusk prometi\u00f3 un excitante programa de entrenamiento militar, equiparando las capacidades que se podr\u00edan\u00a0adquirir\u00a0con las de\u00a0\u201cJames Bond\u201d. Analistas polacos tambi\u00e9n destacaron la pertinencia de presentar las competencias adquiridas durante los cursos militares como\u00a0\u00fatiles para el mundo civil profesional,\u00a0citando los primeros auxilios, la ciberseguridad, la mec\u00e1nica o el pilotaje de drones. Los incentivos financieros, como exoneraciones de impuestos o complementos de sueldo, ser\u00edan tambi\u00e9n claves. Las\u00a0escuelas\u00a0tambi\u00e9n est\u00e1n implicadas en el esfuerzo, y el gobierno trabaja en expandir un plan ya en vigor llamado \u201ceducaci\u00f3n con el ej\u00e9rcito\u201d a partir del pr\u00f3ximo curso. Parece plausible que en una\u00a0sociedad tan marcada por el dolor causado por las ocupaciones rusas y alemanas,\u00a0Polonia encuentre a numerosos voluntarios j\u00f3venes que quieran inscribirse en los cursos, de diversas duraciones y formatos, que el ministerio de defensa est\u00e1 preparando. Sin embargo, tambi\u00e9n debe considerarse que la reserva militar de Polonia hoy en d\u00eda est\u00e1 envejecida (media de edad de 45 a\u00f1os) y desentrenada. Tambi\u00e9n hay voces que lamentan la mentalidad \u00abconsumista\u00bb y de habituaci\u00f3n a las \u00abalegr\u00edas de la democracia\u00bb que ha impregnado a los esp\u00edritus polacos desde el fin de la Guerra Fr\u00eda. De hecho, seg\u00fan los primeros estudios de opini\u00f3n, el apoyo a los anuncios de Donald Tusk es mitigado. Solo la mitad de los polacos apoyan la iniciativa, mientras que un 39% declara querer participar. Si en una sociedad europea de \u201cprimera l\u00ednea\u201d, como es Polonia, la acogida de estos preparativos para la guerra es tan tibia, \u00bfc\u00f3mo ser\u00eda en los pa\u00edses de Europa occidental,\u00a0con sociedades m\u00e1s acomodadas desde hace mucho m\u00e1s tiempo y con una percepci\u00f3n mucho menos tensa hacia la amenaza rusa? &nbsp;<\/p>\n","protected":false},"author":75,"featured_media":86827,"comment_status":"open","ping_status":"open","sticky":false,"template":"","format":"standard","meta":{"_FSMCFIC_featured_image_caption":"","_FSMCFIC_featured_image_nocaption":"","_FSMCFIC_featured_image_hide":"","footnotes":""},"categories":[806],"tags":[3189,1409,1092,1306],"class_list":["post-86867","post","type-post","status-publish","format-standard","has-post-thumbnail","hentry","category-punts-claus-del-dia-es","tag-guerra-es","tag-polonia-es","tag-russia-es","tag-ucraina-es"],"yoast_head":"<!-- This site is optimized with the Yoast SEO plugin v26.8 - https:\/\/yoast.com\/product\/yoast-seo-wordpress\/ -->\n<title>Polonia: preparar una sociedad contempor\u00e1nea para la guerra - Converses a Catalunya<\/title>\n<meta name=\"description\" content=\"Si en una sociedad europea de &quot;primera l\u00ednea&quot;, como es Polonia, la acogida de estos preparativos para la guerra es tan tibia, como ser\u00eda\" \/>\n<meta name=\"robots\" content=\"index, follow, max-snippet:-1, max-image-preview:large, max-video-preview:-1\" \/>\n<link rel=\"canonical\" href=\"https:\/\/conversesacatalunya.cat\/?p=86799\" \/>\n<meta property=\"og:locale\" content=\"es_ES\" \/>\n<meta property=\"og:type\" content=\"article\" \/>\n<meta property=\"og:title\" content=\"Polonia: preparar una sociedad contempor\u00e1nea para la guerra - Converses a Catalunya\" \/>\n<meta property=\"og:description\" content=\"Si en una sociedad europea de &quot;primera l\u00ednea&quot;, como es Polonia, la acogida de estos preparativos para la guerra es tan tibia, como ser\u00eda\" \/>\n<meta property=\"og:url\" content=\"https:\/\/conversesacatalunya.cat\/?p=86799\" \/>\n<meta property=\"og:site_name\" content=\"Converses a Catalunya\" \/>\n<meta property=\"article:published_time\" content=\"2025-04-01T06:50:14+00:00\" \/>\n<meta property=\"og:image\" content=\"https:\/\/conversesacatalunya.cat\/wp-content\/uploads\/2025\/03\/0wp699z3EmOR87vbtSeM8B8J8iP72fy-zVGWRnMMTIM.jpg.webp\" \/>\n\t<meta property=\"og:image:width\" content=\"640\" \/>\n\t<meta property=\"og:image:height\" content=\"426\" \/>\n\t<meta property=\"og:image:type\" content=\"image\/webp\" \/>\n<meta name=\"author\" content=\"Carles L\u00f3pez\" \/>\n<meta name=\"twitter:card\" content=\"summary_large_image\" \/>\n<meta name=\"twitter:label1\" content=\"Escrito por\" \/>\n\t<meta name=\"twitter:data1\" content=\"Carles L\u00f3pez\" \/>\n\t<meta name=\"twitter:label2\" content=\"Tiempo de lectura\" \/>\n\t<meta name=\"twitter:data2\" content=\"3 minutos\" \/>\n<script type=\"application\/ld+json\" class=\"yoast-schema-graph\">{\"@context\":\"https:\/\/schema.org\",\"@graph\":[{\"@type\":\"Article\",\"@id\":\"https:\/\/conversesacatalunya.cat\/?p=86799#article\",\"isPartOf\":{\"@id\":\"https:\/\/conversesacatalunya.cat\/?p=86799\"},\"author\":{\"name\":\"Carles L\u00f3pez\",\"@id\":\"https:\/\/conversesacatalunya.cat\/#\/schema\/person\/3ce2ab16c0a3803086d80722c7cad56a\"},\"headline\":\"Polonia: preparar una sociedad contempor\u00e1nea para la guerra\",\"datePublished\":\"2025-04-01T06:50:14+00:00\",\"mainEntityOfPage\":{\"@id\":\"https:\/\/conversesacatalunya.cat\/?p=86799\"},\"wordCount\":640,\"commentCount\":0,\"image\":{\"@id\":\"https:\/\/conversesacatalunya.cat\/?p=86799#primaryimage\"},\"thumbnailUrl\":\"https:\/\/conversesacatalunya.cat\/wp-content\/uploads\/2025\/03\/0wp699z3EmOR87vbtSeM8B8J8iP72fy-zVGWRnMMTIM.jpg.webp\",\"keywords\":[\"guerra\",\"Pol\u00f2nia\",\"R\u00fassia\",\"Ucra\u00efna\"],\"articleSection\":[\"Punts clau del dia (ES)\"],\"inLanguage\":\"es\",\"potentialAction\":[{\"@type\":\"CommentAction\",\"name\":\"Comment\",\"target\":[\"https:\/\/conversesacatalunya.cat\/?p=86799#respond\"]}]},{\"@type\":\"WebPage\",\"@id\":\"https:\/\/conversesacatalunya.cat\/?p=86799\",\"url\":\"https:\/\/conversesacatalunya.cat\/?p=86799\",\"name\":\"Polonia: preparar una sociedad contempor\u00e1nea para la guerra - Converses a Catalunya\",\"isPartOf\":{\"@id\":\"https:\/\/conversesacatalunya.cat\/#website\"},\"primaryImageOfPage\":{\"@id\":\"https:\/\/conversesacatalunya.cat\/?p=86799#primaryimage\"},\"image\":{\"@id\":\"https:\/\/conversesacatalunya.cat\/?p=86799#primaryimage\"},\"thumbnailUrl\":\"https:\/\/conversesacatalunya.cat\/wp-content\/uploads\/2025\/03\/0wp699z3EmOR87vbtSeM8B8J8iP72fy-zVGWRnMMTIM.jpg.webp\",\"datePublished\":\"2025-04-01T06:50:14+00:00\",\"author\":{\"@id\":\"https:\/\/conversesacatalunya.cat\/#\/schema\/person\/3ce2ab16c0a3803086d80722c7cad56a\"},\"description\":\"Si en una sociedad europea de \\\"primera l\u00ednea\\\", como es Polonia, la acogida de estos preparativos para la guerra es tan tibia, como ser\u00eda\",\"breadcrumb\":{\"@id\":\"https:\/\/conversesacatalunya.cat\/?p=86799#breadcrumb\"},\"inLanguage\":\"es\",\"potentialAction\":[{\"@type\":\"ReadAction\",\"target\":[\"https:\/\/conversesacatalunya.cat\/?p=86799\"]}]},{\"@type\":\"ImageObject\",\"inLanguage\":\"es\",\"@id\":\"https:\/\/conversesacatalunya.cat\/?p=86799#primaryimage\",\"url\":\"https:\/\/conversesacatalunya.cat\/wp-content\/uploads\/2025\/03\/0wp699z3EmOR87vbtSeM8B8J8iP72fy-zVGWRnMMTIM.jpg.webp\",\"contentUrl\":\"https:\/\/conversesacatalunya.cat\/wp-content\/uploads\/2025\/03\/0wp699z3EmOR87vbtSeM8B8J8iP72fy-zVGWRnMMTIM.jpg.webp\",\"width\":640,\"height\":426,\"caption\":\"Polonia guerra\"},{\"@type\":\"BreadcrumbList\",\"@id\":\"https:\/\/conversesacatalunya.cat\/?p=86799#breadcrumb\",\"itemListElement\":[{\"@type\":\"ListItem\",\"position\":1,\"name\":\"Inici\",\"item\":\"https:\/\/conversesacatalunya.cat\/es\/\"},{\"@type\":\"ListItem\",\"position\":2,\"name\":\"Polonia: preparar una sociedad contempor\u00e1nea para la guerra\"}]},{\"@type\":\"WebSite\",\"@id\":\"https:\/\/conversesacatalunya.cat\/#website\",\"url\":\"https:\/\/conversesacatalunya.cat\/\",\"name\":\"Converses a Catalunya\",\"description\":\"\",\"potentialAction\":[{\"@type\":\"SearchAction\",\"target\":{\"@type\":\"EntryPoint\",\"urlTemplate\":\"https:\/\/conversesacatalunya.cat\/?s={search_term_string}\"},\"query-input\":{\"@type\":\"PropertyValueSpecification\",\"valueRequired\":true,\"valueName\":\"search_term_string\"}}],\"inLanguage\":\"es\"},{\"@type\":\"Person\",\"@id\":\"https:\/\/conversesacatalunya.cat\/#\/schema\/person\/3ce2ab16c0a3803086d80722c7cad56a\",\"name\":\"Carles L\u00f3pez\",\"image\":{\"@type\":\"ImageObject\",\"inLanguage\":\"es\",\"@id\":\"https:\/\/conversesacatalunya.cat\/#\/schema\/person\/image\/\",\"url\":\"https:\/\/conversesacatalunya.cat\/wp-content\/litespeed\/avatar\/4891585caf2896e97846ab77f06edcf2.jpg?ver=1777091173\",\"contentUrl\":\"https:\/\/conversesacatalunya.cat\/wp-content\/litespeed\/avatar\/4891585caf2896e97846ab77f06edcf2.jpg?ver=1777091173\",\"caption\":\"Carles L\u00f3pez\"},\"url\":\"https:\/\/conversesacatalunya.cat\/es\/author\/carles-lopez\/\"}]}<\/script>\n<!-- \/ Yoast SEO plugin. -->","yoast_head_json":{"title":"Polonia: preparar una sociedad contempor\u00e1nea para la guerra - Converses a Catalunya","description":"Si en una sociedad europea de \"primera l\u00ednea\", como es Polonia, la acogida de estos preparativos para la guerra es tan tibia, como ser\u00eda","robots":{"index":"index","follow":"follow","max-snippet":"max-snippet:-1","max-image-preview":"max-image-preview:large","max-video-preview":"max-video-preview:-1"},"canonical":"https:\/\/conversesacatalunya.cat\/?p=86799","og_locale":"es_ES","og_type":"article","og_title":"Polonia: preparar una sociedad contempor\u00e1nea para la guerra - Converses a Catalunya","og_description":"Si en una sociedad europea de \"primera l\u00ednea\", como es Polonia, la acogida de estos preparativos para la guerra es tan tibia, como ser\u00eda","og_url":"https:\/\/conversesacatalunya.cat\/?p=86799","og_site_name":"Converses a Catalunya","article_published_time":"2025-04-01T06:50:14+00:00","og_image":[{"width":640,"height":426,"url":"https:\/\/conversesacatalunya.cat\/wp-content\/uploads\/2025\/03\/0wp699z3EmOR87vbtSeM8B8J8iP72fy-zVGWRnMMTIM.jpg.webp","type":"image\/webp"}],"author":"Carles L\u00f3pez","twitter_card":"summary_large_image","twitter_misc":{"Escrito por":"Carles L\u00f3pez","Tiempo de lectura":"3 minutos"},"schema":{"@context":"https:\/\/schema.org","@graph":[{"@type":"Article","@id":"https:\/\/conversesacatalunya.cat\/?p=86799#article","isPartOf":{"@id":"https:\/\/conversesacatalunya.cat\/?p=86799"},"author":{"name":"Carles L\u00f3pez","@id":"https:\/\/conversesacatalunya.cat\/#\/schema\/person\/3ce2ab16c0a3803086d80722c7cad56a"},"headline":"Polonia: preparar una sociedad contempor\u00e1nea para la guerra","datePublished":"2025-04-01T06:50:14+00:00","mainEntityOfPage":{"@id":"https:\/\/conversesacatalunya.cat\/?p=86799"},"wordCount":640,"commentCount":0,"image":{"@id":"https:\/\/conversesacatalunya.cat\/?p=86799#primaryimage"},"thumbnailUrl":"https:\/\/conversesacatalunya.cat\/wp-content\/uploads\/2025\/03\/0wp699z3EmOR87vbtSeM8B8J8iP72fy-zVGWRnMMTIM.jpg.webp","keywords":["guerra","Pol\u00f2nia","R\u00fassia","Ucra\u00efna"],"articleSection":["Punts clau del dia (ES)"],"inLanguage":"es","potentialAction":[{"@type":"CommentAction","name":"Comment","target":["https:\/\/conversesacatalunya.cat\/?p=86799#respond"]}]},{"@type":"WebPage","@id":"https:\/\/conversesacatalunya.cat\/?p=86799","url":"https:\/\/conversesacatalunya.cat\/?p=86799","name":"Polonia: preparar una sociedad contempor\u00e1nea para la guerra - Converses a Catalunya","isPartOf":{"@id":"https:\/\/conversesacatalunya.cat\/#website"},"primaryImageOfPage":{"@id":"https:\/\/conversesacatalunya.cat\/?p=86799#primaryimage"},"image":{"@id":"https:\/\/conversesacatalunya.cat\/?p=86799#primaryimage"},"thumbnailUrl":"https:\/\/conversesacatalunya.cat\/wp-content\/uploads\/2025\/03\/0wp699z3EmOR87vbtSeM8B8J8iP72fy-zVGWRnMMTIM.jpg.webp","datePublished":"2025-04-01T06:50:14+00:00","author":{"@id":"https:\/\/conversesacatalunya.cat\/#\/schema\/person\/3ce2ab16c0a3803086d80722c7cad56a"},"description":"Si en una sociedad europea de \"primera l\u00ednea\", como es Polonia, la acogida de estos preparativos para la guerra es tan tibia, como ser\u00eda","breadcrumb":{"@id":"https:\/\/conversesacatalunya.cat\/?p=86799#breadcrumb"},"inLanguage":"es","potentialAction":[{"@type":"ReadAction","target":["https:\/\/conversesacatalunya.cat\/?p=86799"]}]},{"@type":"ImageObject","inLanguage":"es","@id":"https:\/\/conversesacatalunya.cat\/?p=86799#primaryimage","url":"https:\/\/conversesacatalunya.cat\/wp-content\/uploads\/2025\/03\/0wp699z3EmOR87vbtSeM8B8J8iP72fy-zVGWRnMMTIM.jpg.webp","contentUrl":"https:\/\/conversesacatalunya.cat\/wp-content\/uploads\/2025\/03\/0wp699z3EmOR87vbtSeM8B8J8iP72fy-zVGWRnMMTIM.jpg.webp","width":640,"height":426,"caption":"Polonia guerra"},{"@type":"BreadcrumbList","@id":"https:\/\/conversesacatalunya.cat\/?p=86799#breadcrumb","itemListElement":[{"@type":"ListItem","position":1,"name":"Inici","item":"https:\/\/conversesacatalunya.cat\/es\/"},{"@type":"ListItem","position":2,"name":"Polonia: preparar una sociedad contempor\u00e1nea para la guerra"}]},{"@type":"WebSite","@id":"https:\/\/conversesacatalunya.cat\/#website","url":"https:\/\/conversesacatalunya.cat\/","name":"Converses a Catalunya","description":"","potentialAction":[{"@type":"SearchAction","target":{"@type":"EntryPoint","urlTemplate":"https:\/\/conversesacatalunya.cat\/?s={search_term_string}"},"query-input":{"@type":"PropertyValueSpecification","valueRequired":true,"valueName":"search_term_string"}}],"inLanguage":"es"},{"@type":"Person","@id":"https:\/\/conversesacatalunya.cat\/#\/schema\/person\/3ce2ab16c0a3803086d80722c7cad56a","name":"Carles L\u00f3pez","image":{"@type":"ImageObject","inLanguage":"es","@id":"https:\/\/conversesacatalunya.cat\/#\/schema\/person\/image\/","url":"https:\/\/conversesacatalunya.cat\/wp-content\/litespeed\/avatar\/4891585caf2896e97846ab77f06edcf2.jpg?ver=1777091173","contentUrl":"https:\/\/conversesacatalunya.cat\/wp-content\/litespeed\/avatar\/4891585caf2896e97846ab77f06edcf2.jpg?ver=1777091173","caption":"Carles L\u00f3pez"},"url":"https:\/\/conversesacatalunya.cat\/es\/author\/carles-lopez\/"}]}},"wps_subtitle":"Tusk prometi\u00f3 un excitante programa de entrenamiento militar, equiparando las capacidades que se podr\u00edan adquirir con las de \u201cJames Bond\u201d.","_links":{"self":[{"href":"https:\/\/conversesacatalunya.cat\/es\/wp-json\/wp\/v2\/posts\/86867","targetHints":{"allow":["GET"]}}],"collection":[{"href":"https:\/\/conversesacatalunya.cat\/es\/wp-json\/wp\/v2\/posts"}],"about":[{"href":"https:\/\/conversesacatalunya.cat\/es\/wp-json\/wp\/v2\/types\/post"}],"author":[{"embeddable":true,"href":"https:\/\/conversesacatalunya.cat\/es\/wp-json\/wp\/v2\/users\/75"}],"replies":[{"embeddable":true,"href":"https:\/\/conversesacatalunya.cat\/es\/wp-json\/wp\/v2\/comments?post=86867"}],"version-history":[{"count":4,"href":"https:\/\/conversesacatalunya.cat\/es\/wp-json\/wp\/v2\/posts\/86867\/revisions"}],"predecessor-version":[{"id":86868,"href":"https:\/\/conversesacatalunya.cat\/es\/wp-json\/wp\/v2\/posts\/86867\/revisions\/86868"}],"wp:featuredmedia":[{"embeddable":true,"href":"https:\/\/conversesacatalunya.cat\/es\/wp-json\/wp\/v2\/media\/86827"}],"wp:attachment":[{"href":"https:\/\/conversesacatalunya.cat\/es\/wp-json\/wp\/v2\/media?parent=86867"}],"wp:term":[{"taxonomy":"category","embeddable":true,"href":"https:\/\/conversesacatalunya.cat\/es\/wp-json\/wp\/v2\/categories?post=86867"},{"taxonomy":"post_tag","embeddable":true,"href":"https:\/\/conversesacatalunya.cat\/es\/wp-json\/wp\/v2\/tags?post=86867"}],"curies":[{"name":"wp","href":"https:\/\/api.w.org\/{rel}","templated":true}]}}